{"id":36821,"date":"2019-02-12T14:05:58","date_gmt":"2019-02-12T13:05:58","guid":{"rendered":"https:\/\/www.sotrender.com\/blog\/?p=36821\/"},"modified":"2019-02-12T14:11:02","modified_gmt":"2019-02-12T13:11:02","slug":"nowe-raporty-dla-instagrama-w-sotrenderze","status":"publish","type":"post","link":"https:\/\/www.sotrender.com\/blog\/pl\/2019\/02\/nowe-raporty-dla-instagrama-w-sotrenderze\/","title":{"rendered":"Nowe raporty dla Instagrama w Sotrenderze"},"content":{"rendered":"<p><span style=\"font-weight: 400;\">Od listopada ubieg\u0142ego roku mo\u017cecie w Sotrenderze analizowa\u0107 instagramowe konta biznesowe. Analiza tego typu profili daje du\u017co wi\u0119ksze mo\u017cliwo\u015bci interpretacji danych oraz wypracowania odpowiedniej strategii komunikacji na Instagramie, kt\u00f3ry staje si\u0119 coraz wa\u017cniejszym kana\u0142em marketingowym.<\/span><!--more--><\/p>\n<h2><span style=\"font-weight: 400;\">Dlaczego zmieni\u0142y si\u0119 nasze raporty dla Instagrama<\/span><\/h2>\n<p><b>Z ko\u0144cem 2018 roku Facebook wy\u0142\u0105czy\u0142 stare API Instagrama<\/b><span style=\"font-weight: 400;\">, pozwalaj\u0105ce analizowa\u0107 profile osobiste. Jednak wystarczy przej\u015b\u0107 na konto biznesowe (<\/span><a href=\"https:\/\/www.sotrender.com\/blog\/pl\/2018\/10\/instagram-biznes-sotrender\/\"><span style=\"font-weight: 400;\">jak to zrobi\u0107, mo\u017cecie dowiedzie\u0107 si\u0119 tutaj<\/span><\/a><span style=\"font-weight: 400;\">), by cieszy\u0107 si\u0119 <\/span><a href=\"https:\/\/www.sotrender.com\/blog\/pl\/2018\/11\/analizuj-konta-biznesowe-na-instagramie-od-teraz-w-sotrenderze\/\"><span style=\"font-weight: 400;\">mo\u017cliwo\u015bci\u0105 dok\u0142adnej analizy efektywno\u015bci komunikacji<\/span><\/a><span style=\"font-weight: 400;\"> swojego profilu na Instagramie. <\/span><\/p>\n<p><span style=\"font-weight: 400;\">Wraz ze zmian\u0105 API, zmieni\u0142y si\u0119 tak\u017ce nasze raporty dost\u0119pne w narz\u0119dziu (j<\/span><a href=\"https:\/\/www.sotrender.com\/blog\/pl\/2016\/02\/automatyczne-raporty-instagram\/\"><span style=\"font-weight: 400;\">ak je wygenerowa\u0107 za pomoc\u0105 kilku klikni\u0119\u0107 dowiecie si\u0119 tutaj<\/span><\/a><span style=\"font-weight: 400;\">). Nowy raport, podobnie, jak jego poprzednia wersja podzielony jest na sekcje tematyczne. Jak jednak zobaczycie, <\/span><b>w nowej wersji mo\u017cecie analizowa\u0107 o wiele wi\u0119cej danych.<\/b><span style=\"font-weight: 400;\"> Wszystko po to, \u017ceby obraz waszej dzia\u0142alno\u015bci na Instagramie by\u0142 jak najpe\u0142niejszy. Taki raport zadowoli i Was, i Waszych klient\u00f3w.<\/span><\/p>\n<p><span style=\"font-weight: 400;\">Nowe raporty Instagramowe, tak, jak i raporty dla pozosta\u0142ych czterech kana\u0142\u00f3w spo\u0142eczno\u015bciowych <\/span><b>mo\u017cecie dostosowa\u0107 do w\u0142asnych potrzeb<\/b><span style=\"font-weight: 400;\"> pod wzgl\u0119dem zawarto\u015bci (wybieraj\u0105c odpowiednie sekcje, kt\u00f3re maj\u0105 pojawi\u0107 si\u0119 w raporcie), okresu (macie tutaj zupe\u0142n\u0105 dowolno\u015b\u0107), obecno\u015bci waszego logo. Mo\u017cecie tak\u017ce wys\u0142a\u0107 raport bezpo\u015brednio na podany adres e-mailowy.<\/span><\/p>\n<p><span id=\"hs-cta-wrapper-e7a602aa-acd1-4637-9dfe-8b0c4101cc3b\" class=\"hs-cta-wrapper\"><span id=\"hs-cta-e7a602aa-acd1-4637-9dfe-8b0c4101cc3b\" class=\"hs-cta-node hs-cta-e7a602aa-acd1-4637-9dfe-8b0c4101cc3b\"><a href=\"https:\/\/cta-redirect.hubspot.com\/cta\/redirect\/3842881\/e7a602aa-acd1-4637-9dfe-8b0c4101cc3b\" target=\"_blank\" rel=\"noopener\"><img decoding=\"async\" id=\"hs-cta-img-e7a602aa-acd1-4637-9dfe-8b0c4101cc3b\" class=\"hs-cta-img aligncenter\" src=\"https:\/\/no-cache.hubspot.com\/cta\/default\/3842881\/e7a602aa-acd1-4637-9dfe-8b0c4101cc3b.png\" alt=\"Analizuj Instagram w Sotrenderze\" \/><\/a><\/span><\/span><\/p>\n<h2><span style=\"font-weight: 400;\">Co zmieni\u0142o si\u0119 w nowych raportach Instagrama<\/span><\/h2>\n<p><span style=\"font-weight: 400;\">Nowe API pozwala nam pobiera\u0107 wi\u0119cej danych do profil, do kt\u00f3rych macie dost\u0119p insightowy. Zmieni\u0142a si\u0119 ka\u017cda sekcja od zasi\u0119gu przez aktywno\u015bci marki a\u017c do tre\u015bci. Na czym polegaj\u0105 zmiany i czego mo\u017cecie si\u0119 teraz dowiedzie\u0107 z raport\u00f3w Instagrama dost\u0119pnych w Sotrenderze? <\/span><\/p>\n<p><img loading=\"lazy\" decoding=\"async\" class=\"aligncenter size-full wp-image-36823\" src=\"https:\/\/www.sotrender.com\/blog\/wp-content\/uploads\/2019\/02\/Zasi\u0119g-dni-tygodnia.png\" alt=\"\" width=\"937\" height=\"708\" srcset=\"https:\/\/www.sotrender.com\/blog\/wp-content\/uploads\/2019\/02\/Zasi\u0119g-dni-tygodnia.png 937w, https:\/\/www.sotrender.com\/blog\/wp-content\/uploads\/2019\/02\/Zasi\u0119g-dni-tygodnia-475x359.png 475w, https:\/\/www.sotrender.com\/blog\/wp-content\/uploads\/2019\/02\/Zasi\u0119g-dni-tygodnia-768x580.png 768w\" sizes=\"(max-width: 937px) 100vw, 937px\" \/><\/p>\n<p><span style=\"font-weight: 400;\">W starej wersji raportu, jedyn\u0105 dost\u0119pn\u0105 dan\u0105 dotycz\u0105c\u0105 zasi\u0119gu by\u0142a liczba obserwuj\u0105cych. Niewiele, prawda? Teraz poznacie tak\u017ce: <\/span><\/p>\n<ul>\n<li style=\"font-weight: 400;\"><span style=\"font-weight: 400;\">\u015bredni i ca\u0142kowity przyrost obserwuj\u0105cych, <\/span><\/li>\n<li style=\"font-weight: 400;\"><span style=\"font-weight: 400;\">estymowany zasi\u0119g w analizowanym okresie (<\/span><i><span style=\"font-weight: 400;\">estymowany, poniewa\u017c Facebook podaje zasi\u0119g w interwa\u0142ach siedmio- i dwudziestoo\u015bmiodniowych, a w naszych raportach mo\u017cecie wybra\u0107 dowolny okres do analizy<\/span><\/i><span style=\"font-weight: 400;\">), <\/span><\/li>\n<li style=\"font-weight: 400;\"><span style=\"font-weight: 400;\">\u015bredni zasi\u0119g dzienny, <\/span><\/li>\n<li style=\"font-weight: 400;\"><span style=\"font-weight: 400;\">zasi\u0119g z podzia\u0142em na dni tygodnia<\/span><\/li>\n<li style=\"font-weight: 400;\"><span style=\"font-weight: 400;\">\u0142\u0105czn\u0105 i \u015bredni\u0105 liczb\u0119 wy\u015bwietle\u0144 z podzia\u0142em na dni tygodnia. <\/span><\/li>\n<\/ul>\n<p><b>To ju\u017c robi wra\u017cenie.<\/b><\/p>\n<p><img loading=\"lazy\" decoding=\"async\" class=\"aligncenter size-full wp-image-36825\" src=\"https:\/\/www.sotrender.com\/blog\/wp-content\/uploads\/2019\/02\/Aktywno\u015bci-u\u017cytkownik\u00f3w.png\" alt=\"\" width=\"959\" height=\"623\" srcset=\"https:\/\/www.sotrender.com\/blog\/wp-content\/uploads\/2019\/02\/Aktywno\u015bci-u\u017cytkownik\u00f3w.png 959w, https:\/\/www.sotrender.com\/blog\/wp-content\/uploads\/2019\/02\/Aktywno\u015bci-u\u017cytkownik\u00f3w-475x309.png 475w, https:\/\/www.sotrender.com\/blog\/wp-content\/uploads\/2019\/02\/Aktywno\u015bci-u\u017cytkownik\u00f3w-768x499.png 768w, https:\/\/www.sotrender.com\/blog\/wp-content\/uploads\/2019\/02\/Aktywno\u015bci-u\u017cytkownik\u00f3w-950x617.png 950w\" sizes=\"(max-width: 959px) 100vw, 959px\" \/><\/p>\n<p><span style=\"font-weight: 400;\">Jeszcze wi\u0119kszemu przeobra\u017ceniu uleg\u0142a sekcja Zaanga\u017cowanie. W Aktywno\u015bciach u\u017cytkownik\u00f3w znajdziecie nast\u0119puj\u0105ce wska\u017aniki: <\/span><\/p>\n<ul>\n<li style=\"font-weight: 400;\"><span style=\"font-weight: 400;\">\u0141\u0105czna i \u015brednia liczba aktywno\u015bci w badanym okresie, <\/span><\/li>\n<li style=\"font-weight: 400;\"><span style=\"font-weight: 400;\">Activity Index (nasz autorski wska\u017anik, tutaj dowiecie si\u0119, jak go liczymy), <\/span><\/li>\n<li style=\"font-weight: 400;\"><span style=\"font-weight: 400;\">Wy\u015bwietlenia profilu, <\/span><\/li>\n<li style=\"font-weight: 400;\"><span style=\"font-weight: 400;\">Komentarze, <\/span><\/li>\n<li style=\"font-weight: 400;\"><span style=\"font-weight: 400;\">Polubienia, <\/span><\/li>\n<li style=\"font-weight: 400;\"><span style=\"font-weight: 400;\">Odpowiedzi, <\/span><\/li>\n<li style=\"font-weight: 400;\"><span style=\"font-weight: 400;\">Zapisane, <\/span><\/li>\n<li style=\"font-weight: 400;\"><span style=\"font-weight: 400;\">Aktywno\u015bci w podziale dni tygodnia (najlepszy\/najgorszy dzie\u0144). <\/span><\/li>\n<\/ul>\n<p><span style=\"font-weight: 400;\">Pami\u0119tajcie, \u017ce nowe API bierze pod uwag\u0119 jedynie <\/span><b>aktywno\u015bci pod postami organicznymi<\/b><span style=\"font-weight: 400;\"> (bez sponsorowanych). <\/span><\/p>\n<p><img loading=\"lazy\" decoding=\"async\" class=\"aligncenter size-full wp-image-36827\" src=\"https:\/\/www.sotrender.com\/blog\/wp-content\/uploads\/2019\/02\/Rodzaje-klikni\u0119\u0107.png\" alt=\"\" width=\"958\" height=\"489\" srcset=\"https:\/\/www.sotrender.com\/blog\/wp-content\/uploads\/2019\/02\/Rodzaje-klikni\u0119\u0107.png 958w, https:\/\/www.sotrender.com\/blog\/wp-content\/uploads\/2019\/02\/Rodzaje-klikni\u0119\u0107-475x242.png 475w, https:\/\/www.sotrender.com\/blog\/wp-content\/uploads\/2019\/02\/Rodzaje-klikni\u0119\u0107-768x392.png 768w, https:\/\/www.sotrender.com\/blog\/wp-content\/uploads\/2019\/02\/Rodzaje-klikni\u0119\u0107-950x485.png 950w\" sizes=\"(max-width: 958px) 100vw, 958px\" \/><\/p>\n<p><span style=\"font-weight: 400;\">Mo\u017cecie tak\u017ce jeszcze dok\u0142adniej monitorowa\u0107 zaanga\u017cowanie u\u017cytkownik\u00f3w w prowadzon\u0105 komunikacj\u0119. Dowiecie si\u0119 tak\u017ce, <\/span><b>ile razy i gdzie klikaj\u0105 w obszarze profilu<\/b><span style=\"font-weight: 400;\">.<\/span><\/p>\n<p><img loading=\"lazy\" decoding=\"async\" class=\"aligncenter size-full wp-image-36833\" src=\"https:\/\/www.sotrender.com\/blog\/wp-content\/uploads\/2019\/02\/Aktywno\u015bci-marki-nowy-Instagram.png\" alt=\"\" width=\"964\" height=\"525\" srcset=\"https:\/\/www.sotrender.com\/blog\/wp-content\/uploads\/2019\/02\/Aktywno\u015bci-marki-nowy-Instagram.png 964w, https:\/\/www.sotrender.com\/blog\/wp-content\/uploads\/2019\/02\/Aktywno\u015bci-marki-nowy-Instagram-475x259.png 475w, https:\/\/www.sotrender.com\/blog\/wp-content\/uploads\/2019\/02\/Aktywno\u015bci-marki-nowy-Instagram-768x418.png 768w, https:\/\/www.sotrender.com\/blog\/wp-content\/uploads\/2019\/02\/Aktywno\u015bci-marki-nowy-Instagram-950x517.png 950w\" sizes=\"(max-width: 964px) 100vw, 964px\" \/><\/p>\n<p><span style=\"font-weight: 400;\">Sekcja Aktywno\u015bci marki obecnie sk\u0142ada si\u0119 z nast\u0119puj\u0105cych wska\u017anik\u00f3w: <\/span><\/p>\n<ul>\n<li style=\"font-weight: 400;\"><span style=\"font-weight: 400;\">Liczba post\u00f3w, <\/span><\/li>\n<li style=\"font-weight: 400;\"><span style=\"font-weight: 400;\">Liczba Story, <\/span><\/li>\n<li style=\"font-weight: 400;\"><span style=\"font-weight: 400;\">Liczba komentarzy profilu<\/span><\/li>\n<li style=\"font-weight: 400;\"><span style=\"font-weight: 400;\">Podzia\u0142 aktywno\u015bci na dni tygodnia i godziny, dzi\u0119ki czemu dowiecie si\u0119, kiedy marka jest najaktywniejsza na Instagramie. <\/span><\/li>\n<\/ul>\n<p><img loading=\"lazy\" decoding=\"async\" class=\"aligncenter size-full wp-image-36835\" src=\"https:\/\/www.sotrender.com\/blog\/wp-content\/uploads\/2019\/02\/Aktywni-obserwuj\u0105cy-heatmapa.png\" alt=\"\" width=\"969\" height=\"617\" srcset=\"https:\/\/www.sotrender.com\/blog\/wp-content\/uploads\/2019\/02\/Aktywni-obserwuj\u0105cy-heatmapa.png 969w, https:\/\/www.sotrender.com\/blog\/wp-content\/uploads\/2019\/02\/Aktywni-obserwuj\u0105cy-heatmapa-475x302.png 475w, https:\/\/www.sotrender.com\/blog\/wp-content\/uploads\/2019\/02\/Aktywni-obserwuj\u0105cy-heatmapa-768x489.png 768w, https:\/\/www.sotrender.com\/blog\/wp-content\/uploads\/2019\/02\/Aktywni-obserwuj\u0105cy-heatmapa-950x605.png 950w\" sizes=\"(max-width: 969px) 100vw, 969px\" \/><\/p>\n<p><span style=\"font-weight: 400;\">Ta wiedza przyda si\u0119 wam, analizuj\u0105c odbiorc\u00f3w, co zrobicie w zupe\u0142nie nowej sekcji raportu &#8211; Odbiorcy. Znajduj\u0105 si\u0119 tam nast\u0119puj\u0105ce wska\u017aniki: <\/span><\/p>\n<ul>\n<li style=\"font-weight: 400;\"><span style=\"font-weight: 400;\">Aktywni obserwuj\u0105cy godzinowo, <\/span><\/li>\n<li style=\"font-weight: 400;\"><span style=\"font-weight: 400;\">Aktywni obserwuj\u0105cy tygodniowo\/godzinowo (w formie heatmapy, por\u00f3wnuj\u0105c j\u0105 z godzinami i dniami aktywno\u015bci marki na Instagramie, <\/span><b>dowiecie si\u0119, czy jeste\u015bcie aktywni na Instagramie w tym samym czasie, co wasi obserwuj\u0105cy<\/b><span style=\"font-weight: 400;\">), <\/span><\/li>\n<li style=\"font-weight: 400;\"><span style=\"font-weight: 400;\">Demografia, <\/span><\/li>\n<li style=\"font-weight: 400;\"><span style=\"font-weight: 400;\">Liczba obserwuj\u0105cych w poszczeg\u00f3lnych krajach <\/span><\/li>\n<li style=\"font-weight: 400;\"><span style=\"font-weight: 400;\">J\u0119zyki obserwuj\u0105cych<\/span><\/li>\n<\/ul>\n<p><span style=\"font-weight: 400;\">W sekcji <strong>Tre\u015bci<\/strong> pojawi\u0142a si\u0119 jedna, ale bardzo wa\u017cna nowo\u015b\u0107: <strong>Stories<\/strong>. Tak, mo\u017cecie w Sotrenderze analizowa\u0107 relacje na Instagramie. To obecnie najskuteczniejszy i najbardziej anga\u017cuj\u0105cy rodzaj tre\u015bci na platformie. Sekcja Rodzaj zaanga\u017cowania zosta\u0142a r\u00f3wnie\u017c rozszerzona o Zapisane.<\/span><\/p>\n<p><span id=\"hs-cta-wrapper-e7a602aa-acd1-4637-9dfe-8b0c4101cc3b\" class=\"hs-cta-wrapper\"><span id=\"hs-cta-e7a602aa-acd1-4637-9dfe-8b0c4101cc3b\" class=\"hs-cta-node hs-cta-e7a602aa-acd1-4637-9dfe-8b0c4101cc3b\"><a href=\"https:\/\/cta-redirect.hubspot.com\/cta\/redirect\/3842881\/e7a602aa-acd1-4637-9dfe-8b0c4101cc3b\" target=\"_blank\" rel=\"noopener\"><img decoding=\"async\" id=\"hs-cta-img-e7a602aa-acd1-4637-9dfe-8b0c4101cc3b\" class=\"hs-cta-img aligncenter\" src=\"https:\/\/no-cache.hubspot.com\/cta\/default\/3842881\/e7a602aa-acd1-4637-9dfe-8b0c4101cc3b.png\" alt=\"Analizuj Instagram w Sotrenderze\" \/><\/a><\/span><\/span><\/p>\n<p><span style=\"font-weight: 400;\">Niestety, obecnie nie mo\u017cemy analizowa\u0107 hashtag\u00f3w, dlatego ze smutkiem po\u017cegnali\u015bmy t\u0119 sekcj\u0119 z raport\u00f3w. Mamy jednak nadziej\u0119, \u017ce nowo\u015bci os\u0142odz\u0105 t\u0119 strat\u0119. <\/span><\/p>\n<p><span style=\"font-weight: 400;\">Jak pewnie zauwa\u017cyli\u015bcie, <strong>obecna wersja raportu jest wi\u0119c idealnym odzwierciedleniem wykres\u00f3w oraz danych, jakie dost\u0119pne s\u0105 w narz\u0119dziu<\/strong>. <\/span><a href=\"https:\/\/www.sotrender.com\/blog\/2018\/11\/complete-guide-to-sotrenders-instagram-business-analysis\/\"><span style=\"font-weight: 400;\">W naszym przewodniku<\/span><\/a><span style=\"font-weight: 400;\"> krok po kroku om\u00f3wili\u015bmy ka\u017cdy ze znajduj\u0105cych obecnie w narz\u0119dziu wykres\u00f3w. Zach\u0119camy do zapoznania si\u0119 z nim, a analityka Instagrama w Sotrenderze nie b\u0119dzie mia\u0142a przed Wami tajemnic.<\/span><\/p>\n<p>&nbsp;<\/p>\n","protected":false},"excerpt":{"rendered":"<p>Od listopada ubieg\u0142ego roku mo\u017cecie w Sotrenderze analizowa\u0107 instagramowe konta biznesowe. Analiza tego typu profili daje du\u017co wi\u0119ksze mo\u017cliwo\u015bci interpretacji danych oraz wypracowania odpowiedniej strategii komunikacji na Instagramie, kt\u00f3ry staje si\u0119 coraz wa\u017cniejszym kana\u0142em marketingowym.<\/p>\n","protected":false},"author":49,"featured_media":36563,"comment_status":"open","ping_status":"open","sticky":false,"template":"","format":"standard","meta":{"inline_featured_image":false,"footnotes":""},"categories":[1795,1803],"tags":[615,723,1607,2913,25,225],"yoast_head":"<!-- This site is optimized with the Yoast SEO plugin v22.4 - https:\/\/yoast.com\/wordpress\/plugins\/seo\/ -->\n<title>Nowe raporty dla Instagrama w Sotrenderze \u2013 Sotrender Blog \u2013 Analyze, Benchmark &amp; Report Your Social Media Performance<\/title>\n<meta name=\"description\" content=\"Od listopada ubieg\u0142ego roku mo\u017cecie w Sotrenderze analizowa\u0107 instagramowe konta biznesowe. Analiza tego typu profili daje du\u017co wi\u0119ksze mo\u017cliwo\u015bci Social Media Marketing &amp; Analytics Blog.\" \/>\n<meta name=\"robots\" content=\"index, follow, max-snippet:-1, max-image-preview:large, max-video-preview:-1\" \/>\n<link rel=\"canonical\" href=\"https:\/\/www.sotrender.com\/blog\/pl\/2019\/02\/nowe-raporty-dla-instagrama-w-sotrenderze\/\" \/>\n<meta property=\"og:locale\" content=\"pl_PL\" \/>\n<meta property=\"og:type\" content=\"article\" \/>\n<meta property=\"og:title\" content=\"Nowe raporty dla Instagrama w Sotrenderze \u2013 Sotrender Blog \u2013 Analyze, Benchmark &amp; Report Your Social Media Performance\" \/>\n<meta property=\"og:description\" content=\"Od listopada ubieg\u0142ego roku mo\u017cecie w Sotrenderze analizowa\u0107 instagramowe konta biznesowe. Analiza tego typu profili daje du\u017co wi\u0119ksze mo\u017cliwo\u015bci Social Media Marketing &amp; Analytics Blog.\" \/>\n<meta property=\"og:url\" content=\"https:\/\/www.sotrender.com\/blog\/pl\/2019\/02\/nowe-raporty-dla-instagrama-w-sotrenderze\/\" \/>\n<meta property=\"og:site_name\" content=\"Sotrender Blog\" \/>\n<meta property=\"article:publisher\" content=\"https:\/\/www.facebook.com\/Sotrender\" \/>\n<meta property=\"article:published_time\" content=\"2019-02-12T13:05:58+00:00\" \/>\n<meta property=\"article:modified_time\" content=\"2019-02-12T13:11:02+00:00\" \/>\n<meta property=\"og:image\" content=\"https:\/\/www.sotrender.com\/blog\/wp-content\/uploads\/2019\/01\/le-buzz-568597-unsplash.jpg\" \/>\n\t<meta property=\"og:image:width\" content=\"2000\" \/>\n\t<meta property=\"og:image:height\" content=\"1333\" \/>\n\t<meta property=\"og:image:type\" content=\"image\/jpeg\" \/>\n<meta name=\"author\" content=\"Micha\u0142 Wieczorek\" \/>\n<meta name=\"twitter:card\" content=\"summary_large_image\" \/>\n<meta name=\"twitter:creator\" content=\"@http:\/\/twitter.com\/eveningo\" \/>\n<meta name=\"twitter:site\" content=\"@Sotrender\" \/>\n<meta name=\"twitter:label1\" content=\"Written by\" \/>\n\t<meta name=\"twitter:data1\" content=\"Micha\u0142 Wieczorek\" \/>\n\t<meta name=\"twitter:label2\" content=\"Est. reading time\" \/>\n\t<meta name=\"twitter:data2\" content=\"4 minutes\" \/>\n<script type=\"application\/ld+json\" class=\"yoast-schema-graph\">{\"@context\":\"https:\/\/schema.org\",\"@graph\":[{\"@type\":\"WebPage\",\"@id\":\"https:\/\/www.sotrender.com\/blog\/pl\/2019\/02\/nowe-raporty-dla-instagrama-w-sotrenderze\/\",\"url\":\"https:\/\/www.sotrender.com\/blog\/pl\/2019\/02\/nowe-raporty-dla-instagrama-w-sotrenderze\/\",\"name\":\"Nowe raporty dla Instagrama w Sotrenderze \u2013 Sotrender Blog \u2013 Analyze, Benchmark & Report Your Social Media Performance\",\"isPartOf\":{\"@id\":\"https:\/\/www.sotrender.com\/blog\/#website\"},\"primaryImageOfPage\":{\"@id\":\"https:\/\/www.sotrender.com\/blog\/pl\/2019\/02\/nowe-raporty-dla-instagrama-w-sotrenderze\/#primaryimage\"},\"image\":{\"@id\":\"https:\/\/www.sotrender.com\/blog\/pl\/2019\/02\/nowe-raporty-dla-instagrama-w-sotrenderze\/#primaryimage\"},\"thumbnailUrl\":\"https:\/\/www.sotrender.com\/blog\/wp-content\/uploads\/2019\/01\/le-buzz-568597-unsplash.jpg\",\"datePublished\":\"2019-02-12T13:05:58+00:00\",\"dateModified\":\"2019-02-12T13:11:02+00:00\",\"author\":{\"@id\":\"https:\/\/www.sotrender.com\/blog\/#\/schema\/person\/48ed6f8ff39863778de8dd32f58467f5\"},\"description\":\"Od listopada ubieg\u0142ego roku mo\u017cecie w Sotrenderze analizowa\u0107 instagramowe konta biznesowe. Analiza tego typu profili daje du\u017co wi\u0119ksze mo\u017cliwo\u015bci Social Media Marketing & Analytics Blog.\",\"breadcrumb\":{\"@id\":\"https:\/\/www.sotrender.com\/blog\/pl\/2019\/02\/nowe-raporty-dla-instagrama-w-sotrenderze\/#breadcrumb\"},\"inLanguage\":\"pl-PL\",\"potentialAction\":[{\"@type\":\"ReadAction\",\"target\":[\"https:\/\/www.sotrender.com\/blog\/pl\/2019\/02\/nowe-raporty-dla-instagrama-w-sotrenderze\/\"]}]},{\"@type\":\"ImageObject\",\"inLanguage\":\"pl-PL\",\"@id\":\"https:\/\/www.sotrender.com\/blog\/pl\/2019\/02\/nowe-raporty-dla-instagrama-w-sotrenderze\/#primaryimage\",\"url\":\"https:\/\/www.sotrender.com\/blog\/wp-content\/uploads\/2019\/01\/le-buzz-568597-unsplash.jpg\",\"contentUrl\":\"https:\/\/www.sotrender.com\/blog\/wp-content\/uploads\/2019\/01\/le-buzz-568597-unsplash.jpg\",\"width\":2000,\"height\":1333,\"caption\":\"instagram stories\"},{\"@type\":\"BreadcrumbList\",\"@id\":\"https:\/\/www.sotrender.com\/blog\/pl\/2019\/02\/nowe-raporty-dla-instagrama-w-sotrenderze\/#breadcrumb\",\"itemListElement\":[{\"@type\":\"ListItem\",\"position\":1,\"name\":\"Home\",\"item\":\"https:\/\/www.sotrender.com\/blog\/\"},{\"@type\":\"ListItem\",\"position\":2,\"name\":\"Nowe raporty dla Instagrama w Sotrenderze\"}]},{\"@type\":\"WebSite\",\"@id\":\"https:\/\/www.sotrender.com\/blog\/#website\",\"url\":\"https:\/\/www.sotrender.com\/blog\/\",\"name\":\"Sotrender Blog\",\"description\":\"\",\"potentialAction\":[{\"@type\":\"SearchAction\",\"target\":{\"@type\":\"EntryPoint\",\"urlTemplate\":\"https:\/\/www.sotrender.com\/blog\/?s={search_term_string}\"},\"query-input\":\"required name=search_term_string\"}],\"inLanguage\":\"pl-PL\"},{\"@type\":\"Person\",\"@id\":\"https:\/\/www.sotrender.com\/blog\/#\/schema\/person\/48ed6f8ff39863778de8dd32f58467f5\",\"name\":\"Micha\u0142 Wieczorek\",\"image\":{\"@type\":\"ImageObject\",\"inLanguage\":\"pl-PL\",\"@id\":\"https:\/\/www.sotrender.com\/blog\/#\/schema\/person\/image\/\",\"url\":\"https:\/\/secure.gravatar.com\/avatar\/65ceb2020aa2338488b9c5f33c10137f?s=96&d=mm&r=g\",\"contentUrl\":\"https:\/\/secure.gravatar.com\/avatar\/65ceb2020aa2338488b9c5f33c10137f?s=96&d=mm&r=g\",\"caption\":\"Micha\u0142 Wieczorek\"},\"description\":\"Baltic linguist, marketer, and music journalist in his free time. A big fan of good food and even better music.\",\"sameAs\":[\"https:\/\/www.linkedin.com\/in\/michaldwieczorek\",\"https:\/\/twitter.com\/http:\/\/twitter.com\/eveningo\"],\"url\":\"https:\/\/www.sotrender.com\/blog\/pl\/author\/micha_wieczorek\/\"}]}<\/script>\n<!-- \/ Yoast SEO plugin. -->","yoast_head_json":{"title":"Nowe raporty dla Instagrama w Sotrenderze \u2013 Sotrender Blog \u2013 Analyze, Benchmark & Report Your Social Media Performance","description":"Od listopada ubieg\u0142ego roku mo\u017cecie w Sotrenderze analizowa\u0107 instagramowe konta biznesowe. Analiza tego typu profili daje du\u017co wi\u0119ksze mo\u017cliwo\u015bci Social Media Marketing & Analytics Blog.","robots":{"index":"index","follow":"follow","max-snippet":"max-snippet:-1","max-image-preview":"max-image-preview:large","max-video-preview":"max-video-preview:-1"},"canonical":"https:\/\/www.sotrender.com\/blog\/pl\/2019\/02\/nowe-raporty-dla-instagrama-w-sotrenderze\/","og_locale":"pl_PL","og_type":"article","og_title":"Nowe raporty dla Instagrama w Sotrenderze \u2013 Sotrender Blog \u2013 Analyze, Benchmark & Report Your Social Media Performance","og_description":"Od listopada ubieg\u0142ego roku mo\u017cecie w Sotrenderze analizowa\u0107 instagramowe konta biznesowe. Analiza tego typu profili daje du\u017co wi\u0119ksze mo\u017cliwo\u015bci Social Media Marketing & Analytics Blog.","og_url":"https:\/\/www.sotrender.com\/blog\/pl\/2019\/02\/nowe-raporty-dla-instagrama-w-sotrenderze\/","og_site_name":"Sotrender Blog","article_publisher":"https:\/\/www.facebook.com\/Sotrender","article_published_time":"2019-02-12T13:05:58+00:00","article_modified_time":"2019-02-12T13:11:02+00:00","og_image":[{"width":2000,"height":1333,"url":"https:\/\/www.sotrender.com\/blog\/wp-content\/uploads\/2019\/01\/le-buzz-568597-unsplash.jpg","type":"image\/jpeg"}],"author":"Micha\u0142 Wieczorek","twitter_card":"summary_large_image","twitter_creator":"@http:\/\/twitter.com\/eveningo","twitter_site":"@Sotrender","twitter_misc":{"Written by":"Micha\u0142 Wieczorek","Est. reading time":"4 minutes"},"schema":{"@context":"https:\/\/schema.org","@graph":[{"@type":"WebPage","@id":"https:\/\/www.sotrender.com\/blog\/pl\/2019\/02\/nowe-raporty-dla-instagrama-w-sotrenderze\/","url":"https:\/\/www.sotrender.com\/blog\/pl\/2019\/02\/nowe-raporty-dla-instagrama-w-sotrenderze\/","name":"Nowe raporty dla Instagrama w Sotrenderze \u2013 Sotrender Blog \u2013 Analyze, Benchmark & Report Your Social Media Performance","isPartOf":{"@id":"https:\/\/www.sotrender.com\/blog\/#website"},"primaryImageOfPage":{"@id":"https:\/\/www.sotrender.com\/blog\/pl\/2019\/02\/nowe-raporty-dla-instagrama-w-sotrenderze\/#primaryimage"},"image":{"@id":"https:\/\/www.sotrender.com\/blog\/pl\/2019\/02\/nowe-raporty-dla-instagrama-w-sotrenderze\/#primaryimage"},"thumbnailUrl":"https:\/\/www.sotrender.com\/blog\/wp-content\/uploads\/2019\/01\/le-buzz-568597-unsplash.jpg","datePublished":"2019-02-12T13:05:58+00:00","dateModified":"2019-02-12T13:11:02+00:00","author":{"@id":"https:\/\/www.sotrender.com\/blog\/#\/schema\/person\/48ed6f8ff39863778de8dd32f58467f5"},"description":"Od listopada ubieg\u0142ego roku mo\u017cecie w Sotrenderze analizowa\u0107 instagramowe konta biznesowe. Analiza tego typu profili daje du\u017co wi\u0119ksze mo\u017cliwo\u015bci Social Media Marketing & Analytics Blog.","breadcrumb":{"@id":"https:\/\/www.sotrender.com\/blog\/pl\/2019\/02\/nowe-raporty-dla-instagrama-w-sotrenderze\/#breadcrumb"},"inLanguage":"pl-PL","potentialAction":[{"@type":"ReadAction","target":["https:\/\/www.sotrender.com\/blog\/pl\/2019\/02\/nowe-raporty-dla-instagrama-w-sotrenderze\/"]}]},{"@type":"ImageObject","inLanguage":"pl-PL","@id":"https:\/\/www.sotrender.com\/blog\/pl\/2019\/02\/nowe-raporty-dla-instagrama-w-sotrenderze\/#primaryimage","url":"https:\/\/www.sotrender.com\/blog\/wp-content\/uploads\/2019\/01\/le-buzz-568597-unsplash.jpg","contentUrl":"https:\/\/www.sotrender.com\/blog\/wp-content\/uploads\/2019\/01\/le-buzz-568597-unsplash.jpg","width":2000,"height":1333,"caption":"instagram stories"},{"@type":"BreadcrumbList","@id":"https:\/\/www.sotrender.com\/blog\/pl\/2019\/02\/nowe-raporty-dla-instagrama-w-sotrenderze\/#breadcrumb","itemListElement":[{"@type":"ListItem","position":1,"name":"Home","item":"https:\/\/www.sotrender.com\/blog\/"},{"@type":"ListItem","position":2,"name":"Nowe raporty dla Instagrama w Sotrenderze"}]},{"@type":"WebSite","@id":"https:\/\/www.sotrender.com\/blog\/#website","url":"https:\/\/www.sotrender.com\/blog\/","name":"Sotrender Blog","description":"","potentialAction":[{"@type":"SearchAction","target":{"@type":"EntryPoint","urlTemplate":"https:\/\/www.sotrender.com\/blog\/?s={search_term_string}"},"query-input":"required name=search_term_string"}],"inLanguage":"pl-PL"},{"@type":"Person","@id":"https:\/\/www.sotrender.com\/blog\/#\/schema\/person\/48ed6f8ff39863778de8dd32f58467f5","name":"Micha\u0142 Wieczorek","image":{"@type":"ImageObject","inLanguage":"pl-PL","@id":"https:\/\/www.sotrender.com\/blog\/#\/schema\/person\/image\/","url":"https:\/\/secure.gravatar.com\/avatar\/65ceb2020aa2338488b9c5f33c10137f?s=96&d=mm&r=g","contentUrl":"https:\/\/secure.gravatar.com\/avatar\/65ceb2020aa2338488b9c5f33c10137f?s=96&d=mm&r=g","caption":"Micha\u0142 Wieczorek"},"description":"Baltic linguist, marketer, and music journalist in his free time. A big fan of good food and even better music.","sameAs":["https:\/\/www.linkedin.com\/in\/michaldwieczorek","https:\/\/twitter.com\/http:\/\/twitter.com\/eveningo"],"url":"https:\/\/www.sotrender.com\/blog\/pl\/author\/micha_wieczorek\/"}]}},"_links":{"self":[{"href":"https:\/\/www.sotrender.com\/blog\/pl\/wp-json\/wp\/v2\/posts\/36821"}],"collection":[{"href":"https:\/\/www.sotrender.com\/blog\/pl\/wp-json\/wp\/v2\/posts"}],"about":[{"href":"https:\/\/www.sotrender.com\/blog\/pl\/wp-json\/wp\/v2\/types\/post"}],"author":[{"embeddable":true,"href":"https:\/\/www.sotrender.com\/blog\/pl\/wp-json\/wp\/v2\/users\/49"}],"replies":[{"embeddable":true,"href":"https:\/\/www.sotrender.com\/blog\/pl\/wp-json\/wp\/v2\/comments?post=36821"}],"version-history":[{"count":6,"href":"https:\/\/www.sotrender.com\/blog\/pl\/wp-json\/wp\/v2\/posts\/36821\/revisions"}],"predecessor-version":[{"id":36845,"href":"https:\/\/www.sotrender.com\/blog\/pl\/wp-json\/wp\/v2\/posts\/36821\/revisions\/36845"}],"wp:featuredmedia":[{"embeddable":true,"href":"https:\/\/www.sotrender.com\/blog\/pl\/wp-json\/wp\/v2\/media\/36563"}],"wp:attachment":[{"href":"https:\/\/www.sotrender.com\/blog\/pl\/wp-json\/wp\/v2\/media?parent=36821"}],"wp:term":[{"taxonomy":"category","embeddable":true,"href":"https:\/\/www.sotrender.com\/blog\/pl\/wp-json\/wp\/v2\/categories?post=36821"},{"taxonomy":"post_tag","embeddable":true,"href":"https:\/\/www.sotrender.com\/blog\/pl\/wp-json\/wp\/v2\/tags?post=36821"}],"curies":[{"name":"wp","href":"https:\/\/api.w.org\/{rel}","templated":true}]}}