{"id":36765,"date":"2019-02-08T12:30:27","date_gmt":"2019-02-08T11:30:27","guid":{"rendered":"https:\/\/www.sotrender.com\/blog\/?p=36765\/"},"modified":"2019-02-08T12:30:27","modified_gmt":"2019-02-08T11:30:27","slug":"facebook-w-polsce-podsumowanie-2018-roku-infografika","status":"publish","type":"post","link":"https:\/\/www.sotrender.com\/blog\/pl\/2019\/02\/facebook-w-polsce-podsumowanie-2018-roku-infografika\/","title":{"rendered":"Facebook w Polsce &#8211; podsumowanie 2018 roku [INFOGRAFIKA]"},"content":{"rendered":"<p><span style=\"font-weight: 400;\">Min\u0105\u0142 kolejny rok na Facebooku, dzia\u0142o si\u0119 jak zwykle du\u017co, u\u017cytkownicy interesowali si\u0119 rozmaitymi tematami, ale liderzy naszych zestawie\u0144 pozostali ci sami. Kto by\u0142 najpopularniejszy na Facebooku w 2018 roku? Dowiecie si\u0119 tego z naszej infografiki!<\/span><!--more--><\/p>\n<p><span style=\"font-weight: 400;\">Przegl\u0105d najwi\u0119kszych stron na polskim Facebooku nie pozostawia w\u0105tpliwo\u015bci &#8211; pi\u0142karze s\u0105 kr\u00f3lami Polski, je\u015bli chodzi o popularno\u015b\u0107. Robert Lewandowski, Wojciech Szcz\u0119sny i Jakub B\u0142aszczykowski &#8211; to tr\u00f3jka najpopularniejszych Polak\u00f3w na Facebooku. W\u015br\u00f3d najwi\u0119kszych znalaz\u0142y si\u0119 tak\u017ce strony pierwszej trenerki Rzeczypospolitej, Ewy Chodakowskiej, najpopularniejszych marek, jak Allegro, Play czy medi\u00f3w, jak Radio ESKA.<\/span><\/p>\n<p><span style=\"font-weight: 400;\">A\u017c pi\u0119ciokrotnie w ci\u0105gu ostatniego roku uros\u0142a strona Kreskoweczki.pl i na koniec 2018 roku mia\u0142a ponad 332 tysi\u0105ce fan\u00f3w. Najszybciej na posty u\u017cytkownik\u00f3w odpowiada\u0142y tradycyjnie telekomy &#8211; Orange, Plus, Play, T-Mobile, a tak\u017ce Allegro. <\/span><\/p>\n<p><span style=\"font-weight: 400;\">U\u017cytkownicy Facebooka najcz\u0119\u015bciej anga\u017cowali si\u0119 na stronach z memami i \u015bmiesznymi obrazkami, co nie dziwi, bo to rzeczy, kt\u00f3re s\u0105 udost\u0119pniane najcz\u0119\u015bciej na platformie. Na czele? LOL Mania i Besty, dobrze trzymaj\u0105 si\u0119 tak\u017ce Demotywatory, kt\u00f3re uplasowa\u0142y si\u0119 na czwartym miejscu.<\/span><\/p>\n<p><span style=\"font-weight: 400;\">W najlepszych postach dominuje za to r\u00f3\u017cnorodno\u015b\u0107 &#8211; od akcji charytatywnych, przez ciekawe wideo, kontrowersje, quiz o popularnym serialu &#8211; wszystko to, co sprawia, \u017ce chcemy skomentowa\u0107, udost\u0119pni\u0107 lub zareagowa\u0107.<\/span><\/p>\n<p><img loading=\"lazy\" decoding=\"async\" class=\"aligncenter size-full wp-image-36767\" src=\"https:\/\/www.sotrender.com\/blog\/wp-content\/uploads\/2019\/02\/facebook_2018-1.png\" alt=\"\" width=\"900\" height=\"7376\" srcset=\"https:\/\/www.sotrender.com\/blog\/wp-content\/uploads\/2019\/02\/facebook_2018-1.png 900w, https:\/\/www.sotrender.com\/blog\/wp-content\/uploads\/2019\/02\/facebook_2018-1-475x3893.png 475w, https:\/\/www.sotrender.com\/blog\/wp-content\/uploads\/2019\/02\/facebook_2018-1-768x6294.png 768w\" sizes=\"(max-width: 900px) 100vw, 900px\" \/><\/p>\n","protected":false},"excerpt":{"rendered":"<p>Min\u0105\u0142 kolejny rok na Facebooku, dzia\u0142o si\u0119 jak zwykle du\u017co, u\u017cytkownicy interesowali si\u0119 rozmaitymi tematami, ale liderzy naszych zestawie\u0144 pozostali ci sami. Kto by\u0142 najpopularniejszy na Facebooku w 2018 roku? Dowiecie si\u0119 tego z naszej infografiki!<\/p>\n","protected":false},"author":49,"featured_media":36359,"comment_status":"open","ping_status":"open","sticky":false,"template":"","format":"standard","meta":{"inline_featured_image":false,"footnotes":""},"categories":[1791,1797,2125],"tags":[],"yoast_head":"<!-- This site is optimized with the Yoast SEO plugin v22.4 - https:\/\/yoast.com\/wordpress\/plugins\/seo\/ -->\n<title>Facebook w Polsce - podsumowanie 2018 roku [INFOGRAFIKA] \u2013 Sotrender Blog \u2013 Analyze, Benchmark &amp; Report Your Social Media Performance<\/title>\n<meta name=\"description\" content=\"Min\u0105\u0142 kolejny rok na Facebooku, dzia\u0142o si\u0119 jak zwykle du\u017co, u\u017cytkownicy interesowali si\u0119 rozmaitymi tematami, ale liderzy naszych zestawie\u0144 pozostali ci Social Media Marketing &amp; Analytics Blog.\" \/>\n<meta name=\"robots\" content=\"index, follow, max-snippet:-1, max-image-preview:large, max-video-preview:-1\" \/>\n<link rel=\"canonical\" href=\"https:\/\/www.sotrender.com\/blog\/pl\/2019\/02\/facebook-w-polsce-podsumowanie-2018-roku-infografika\/\" \/>\n<meta property=\"og:locale\" content=\"pl_PL\" \/>\n<meta property=\"og:type\" content=\"article\" \/>\n<meta property=\"og:title\" content=\"Facebook w Polsce - podsumowanie 2018 roku [INFOGRAFIKA] \u2013 Sotrender Blog \u2013 Analyze, Benchmark &amp; Report Your Social Media Performance\" \/>\n<meta property=\"og:description\" content=\"Min\u0105\u0142 kolejny rok na Facebooku, dzia\u0142o si\u0119 jak zwykle du\u017co, u\u017cytkownicy interesowali si\u0119 rozmaitymi tematami, ale liderzy naszych zestawie\u0144 pozostali ci Social Media Marketing &amp; Analytics Blog.\" \/>\n<meta property=\"og:url\" content=\"https:\/\/www.sotrender.com\/blog\/pl\/2019\/02\/facebook-w-polsce-podsumowanie-2018-roku-infografika\/\" \/>\n<meta property=\"og:site_name\" content=\"Sotrender Blog\" \/>\n<meta property=\"article:publisher\" content=\"https:\/\/www.facebook.com\/Sotrender\" \/>\n<meta property=\"article:published_time\" content=\"2019-02-08T11:30:27+00:00\" \/>\n<meta property=\"og:image\" content=\"https:\/\/www.sotrender.com\/blog\/wp-content\/uploads\/2018\/11\/fitness2.jpg\" \/>\n\t<meta property=\"og:image:width\" content=\"1197\" \/>\n\t<meta property=\"og:image:height\" content=\"844\" \/>\n\t<meta property=\"og:image:type\" content=\"image\/jpeg\" \/>\n<meta name=\"author\" content=\"Micha\u0142 Wieczorek\" \/>\n<meta name=\"twitter:card\" content=\"summary_large_image\" \/>\n<meta name=\"twitter:creator\" content=\"@http:\/\/twitter.com\/eveningo\" \/>\n<meta name=\"twitter:site\" content=\"@Sotrender\" \/>\n<meta name=\"twitter:label1\" content=\"Written by\" \/>\n\t<meta name=\"twitter:data1\" content=\"Micha\u0142 Wieczorek\" \/>\n\t<meta name=\"twitter:label2\" content=\"Est. reading time\" \/>\n\t<meta name=\"twitter:data2\" content=\"1 minute\" \/>\n<script type=\"application\/ld+json\" class=\"yoast-schema-graph\">{\"@context\":\"https:\/\/schema.org\",\"@graph\":[{\"@type\":\"WebPage\",\"@id\":\"https:\/\/www.sotrender.com\/blog\/pl\/2019\/02\/facebook-w-polsce-podsumowanie-2018-roku-infografika\/\",\"url\":\"https:\/\/www.sotrender.com\/blog\/pl\/2019\/02\/facebook-w-polsce-podsumowanie-2018-roku-infografika\/\",\"name\":\"Facebook w Polsce - podsumowanie 2018 roku [INFOGRAFIKA] \u2013 Sotrender Blog \u2013 Analyze, Benchmark & Report Your Social Media Performance\",\"isPartOf\":{\"@id\":\"https:\/\/www.sotrender.com\/blog\/#website\"},\"primaryImageOfPage\":{\"@id\":\"https:\/\/www.sotrender.com\/blog\/pl\/2019\/02\/facebook-w-polsce-podsumowanie-2018-roku-infografika\/#primaryimage\"},\"image\":{\"@id\":\"https:\/\/www.sotrender.com\/blog\/pl\/2019\/02\/facebook-w-polsce-podsumowanie-2018-roku-infografika\/#primaryimage\"},\"thumbnailUrl\":\"https:\/\/www.sotrender.com\/blog\/wp-content\/uploads\/2018\/11\/fitness2.jpg\",\"datePublished\":\"2019-02-08T11:30:27+00:00\",\"dateModified\":\"2019-02-08T11:30:27+00:00\",\"author\":{\"@id\":\"https:\/\/www.sotrender.com\/blog\/#\/schema\/person\/48ed6f8ff39863778de8dd32f58467f5\"},\"description\":\"Min\u0105\u0142 kolejny rok na Facebooku, dzia\u0142o si\u0119 jak zwykle du\u017co, u\u017cytkownicy interesowali si\u0119 rozmaitymi tematami, ale liderzy naszych zestawie\u0144 pozostali ci Social Media Marketing & Analytics Blog.\",\"breadcrumb\":{\"@id\":\"https:\/\/www.sotrender.com\/blog\/pl\/2019\/02\/facebook-w-polsce-podsumowanie-2018-roku-infografika\/#breadcrumb\"},\"inLanguage\":\"pl-PL\",\"potentialAction\":[{\"@type\":\"ReadAction\",\"target\":[\"https:\/\/www.sotrender.com\/blog\/pl\/2019\/02\/facebook-w-polsce-podsumowanie-2018-roku-infografika\/\"]}]},{\"@type\":\"ImageObject\",\"inLanguage\":\"pl-PL\",\"@id\":\"https:\/\/www.sotrender.com\/blog\/pl\/2019\/02\/facebook-w-polsce-podsumowanie-2018-roku-infografika\/#primaryimage\",\"url\":\"https:\/\/www.sotrender.com\/blog\/wp-content\/uploads\/2018\/11\/fitness2.jpg\",\"contentUrl\":\"https:\/\/www.sotrender.com\/blog\/wp-content\/uploads\/2018\/11\/fitness2.jpg\",\"width\":1197,\"height\":844,\"caption\":\"How Social Media Has Redefined the Fitness Industry\"},{\"@type\":\"BreadcrumbList\",\"@id\":\"https:\/\/www.sotrender.com\/blog\/pl\/2019\/02\/facebook-w-polsce-podsumowanie-2018-roku-infografika\/#breadcrumb\",\"itemListElement\":[{\"@type\":\"ListItem\",\"position\":1,\"name\":\"Home\",\"item\":\"https:\/\/www.sotrender.com\/blog\/\"},{\"@type\":\"ListItem\",\"position\":2,\"name\":\"Facebook w Polsce &#8211; podsumowanie 2018 roku [INFOGRAFIKA]\"}]},{\"@type\":\"WebSite\",\"@id\":\"https:\/\/www.sotrender.com\/blog\/#website\",\"url\":\"https:\/\/www.sotrender.com\/blog\/\",\"name\":\"Sotrender Blog\",\"description\":\"\",\"potentialAction\":[{\"@type\":\"SearchAction\",\"target\":{\"@type\":\"EntryPoint\",\"urlTemplate\":\"https:\/\/www.sotrender.com\/blog\/?s={search_term_string}\"},\"query-input\":\"required name=search_term_string\"}],\"inLanguage\":\"pl-PL\"},{\"@type\":\"Person\",\"@id\":\"https:\/\/www.sotrender.com\/blog\/#\/schema\/person\/48ed6f8ff39863778de8dd32f58467f5\",\"name\":\"Micha\u0142 Wieczorek\",\"image\":{\"@type\":\"ImageObject\",\"inLanguage\":\"pl-PL\",\"@id\":\"https:\/\/www.sotrender.com\/blog\/#\/schema\/person\/image\/\",\"url\":\"https:\/\/secure.gravatar.com\/avatar\/65ceb2020aa2338488b9c5f33c10137f?s=96&d=mm&r=g\",\"contentUrl\":\"https:\/\/secure.gravatar.com\/avatar\/65ceb2020aa2338488b9c5f33c10137f?s=96&d=mm&r=g\",\"caption\":\"Micha\u0142 Wieczorek\"},\"description\":\"Baltic linguist, marketer, and music journalist in his free time. A big fan of good food and even better music.\",\"sameAs\":[\"https:\/\/www.linkedin.com\/in\/michaldwieczorek\",\"https:\/\/twitter.com\/http:\/\/twitter.com\/eveningo\"],\"url\":\"https:\/\/www.sotrender.com\/blog\/pl\/author\/micha_wieczorek\/\"}]}<\/script>\n<!-- \/ Yoast SEO plugin. -->","yoast_head_json":{"title":"Facebook w Polsce - podsumowanie 2018 roku [INFOGRAFIKA] \u2013 Sotrender Blog \u2013 Analyze, Benchmark & Report Your Social Media Performance","description":"Min\u0105\u0142 kolejny rok na Facebooku, dzia\u0142o si\u0119 jak zwykle du\u017co, u\u017cytkownicy interesowali si\u0119 rozmaitymi tematami, ale liderzy naszych zestawie\u0144 pozostali ci Social Media Marketing & Analytics Blog.","robots":{"index":"index","follow":"follow","max-snippet":"max-snippet:-1","max-image-preview":"max-image-preview:large","max-video-preview":"max-video-preview:-1"},"canonical":"https:\/\/www.sotrender.com\/blog\/pl\/2019\/02\/facebook-w-polsce-podsumowanie-2018-roku-infografika\/","og_locale":"pl_PL","og_type":"article","og_title":"Facebook w Polsce - podsumowanie 2018 roku [INFOGRAFIKA] \u2013 Sotrender Blog \u2013 Analyze, Benchmark & Report Your Social Media Performance","og_description":"Min\u0105\u0142 kolejny rok na Facebooku, dzia\u0142o si\u0119 jak zwykle du\u017co, u\u017cytkownicy interesowali si\u0119 rozmaitymi tematami, ale liderzy naszych zestawie\u0144 pozostali ci Social Media Marketing & Analytics Blog.","og_url":"https:\/\/www.sotrender.com\/blog\/pl\/2019\/02\/facebook-w-polsce-podsumowanie-2018-roku-infografika\/","og_site_name":"Sotrender Blog","article_publisher":"https:\/\/www.facebook.com\/Sotrender","article_published_time":"2019-02-08T11:30:27+00:00","og_image":[{"width":1197,"height":844,"url":"https:\/\/www.sotrender.com\/blog\/wp-content\/uploads\/2018\/11\/fitness2.jpg","type":"image\/jpeg"}],"author":"Micha\u0142 Wieczorek","twitter_card":"summary_large_image","twitter_creator":"@http:\/\/twitter.com\/eveningo","twitter_site":"@Sotrender","twitter_misc":{"Written by":"Micha\u0142 Wieczorek","Est. reading time":"1 minute"},"schema":{"@context":"https:\/\/schema.org","@graph":[{"@type":"WebPage","@id":"https:\/\/www.sotrender.com\/blog\/pl\/2019\/02\/facebook-w-polsce-podsumowanie-2018-roku-infografika\/","url":"https:\/\/www.sotrender.com\/blog\/pl\/2019\/02\/facebook-w-polsce-podsumowanie-2018-roku-infografika\/","name":"Facebook w Polsce - podsumowanie 2018 roku [INFOGRAFIKA] \u2013 Sotrender Blog \u2013 Analyze, Benchmark & Report Your Social Media Performance","isPartOf":{"@id":"https:\/\/www.sotrender.com\/blog\/#website"},"primaryImageOfPage":{"@id":"https:\/\/www.sotrender.com\/blog\/pl\/2019\/02\/facebook-w-polsce-podsumowanie-2018-roku-infografika\/#primaryimage"},"image":{"@id":"https:\/\/www.sotrender.com\/blog\/pl\/2019\/02\/facebook-w-polsce-podsumowanie-2018-roku-infografika\/#primaryimage"},"thumbnailUrl":"https:\/\/www.sotrender.com\/blog\/wp-content\/uploads\/2018\/11\/fitness2.jpg","datePublished":"2019-02-08T11:30:27+00:00","dateModified":"2019-02-08T11:30:27+00:00","author":{"@id":"https:\/\/www.sotrender.com\/blog\/#\/schema\/person\/48ed6f8ff39863778de8dd32f58467f5"},"description":"Min\u0105\u0142 kolejny rok na Facebooku, dzia\u0142o si\u0119 jak zwykle du\u017co, u\u017cytkownicy interesowali si\u0119 rozmaitymi tematami, ale liderzy naszych zestawie\u0144 pozostali ci Social Media Marketing & Analytics Blog.","breadcrumb":{"@id":"https:\/\/www.sotrender.com\/blog\/pl\/2019\/02\/facebook-w-polsce-podsumowanie-2018-roku-infografika\/#breadcrumb"},"inLanguage":"pl-PL","potentialAction":[{"@type":"ReadAction","target":["https:\/\/www.sotrender.com\/blog\/pl\/2019\/02\/facebook-w-polsce-podsumowanie-2018-roku-infografika\/"]}]},{"@type":"ImageObject","inLanguage":"pl-PL","@id":"https:\/\/www.sotrender.com\/blog\/pl\/2019\/02\/facebook-w-polsce-podsumowanie-2018-roku-infografika\/#primaryimage","url":"https:\/\/www.sotrender.com\/blog\/wp-content\/uploads\/2018\/11\/fitness2.jpg","contentUrl":"https:\/\/www.sotrender.com\/blog\/wp-content\/uploads\/2018\/11\/fitness2.jpg","width":1197,"height":844,"caption":"How Social Media Has Redefined the Fitness Industry"},{"@type":"BreadcrumbList","@id":"https:\/\/www.sotrender.com\/blog\/pl\/2019\/02\/facebook-w-polsce-podsumowanie-2018-roku-infografika\/#breadcrumb","itemListElement":[{"@type":"ListItem","position":1,"name":"Home","item":"https:\/\/www.sotrender.com\/blog\/"},{"@type":"ListItem","position":2,"name":"Facebook w Polsce &#8211; podsumowanie 2018 roku [INFOGRAFIKA]"}]},{"@type":"WebSite","@id":"https:\/\/www.sotrender.com\/blog\/#website","url":"https:\/\/www.sotrender.com\/blog\/","name":"Sotrender Blog","description":"","potentialAction":[{"@type":"SearchAction","target":{"@type":"EntryPoint","urlTemplate":"https:\/\/www.sotrender.com\/blog\/?s={search_term_string}"},"query-input":"required name=search_term_string"}],"inLanguage":"pl-PL"},{"@type":"Person","@id":"https:\/\/www.sotrender.com\/blog\/#\/schema\/person\/48ed6f8ff39863778de8dd32f58467f5","name":"Micha\u0142 Wieczorek","image":{"@type":"ImageObject","inLanguage":"pl-PL","@id":"https:\/\/www.sotrender.com\/blog\/#\/schema\/person\/image\/","url":"https:\/\/secure.gravatar.com\/avatar\/65ceb2020aa2338488b9c5f33c10137f?s=96&d=mm&r=g","contentUrl":"https:\/\/secure.gravatar.com\/avatar\/65ceb2020aa2338488b9c5f33c10137f?s=96&d=mm&r=g","caption":"Micha\u0142 Wieczorek"},"description":"Baltic linguist, marketer, and music journalist in his free time. A big fan of good food and even better music.","sameAs":["https:\/\/www.linkedin.com\/in\/michaldwieczorek","https:\/\/twitter.com\/http:\/\/twitter.com\/eveningo"],"url":"https:\/\/www.sotrender.com\/blog\/pl\/author\/micha_wieczorek\/"}]}},"_links":{"self":[{"href":"https:\/\/www.sotrender.com\/blog\/pl\/wp-json\/wp\/v2\/posts\/36765"}],"collection":[{"href":"https:\/\/www.sotrender.com\/blog\/pl\/wp-json\/wp\/v2\/posts"}],"about":[{"href":"https:\/\/www.sotrender.com\/blog\/pl\/wp-json\/wp\/v2\/types\/post"}],"author":[{"embeddable":true,"href":"https:\/\/www.sotrender.com\/blog\/pl\/wp-json\/wp\/v2\/users\/49"}],"replies":[{"embeddable":true,"href":"https:\/\/www.sotrender.com\/blog\/pl\/wp-json\/wp\/v2\/comments?post=36765"}],"version-history":[{"count":2,"href":"https:\/\/www.sotrender.com\/blog\/pl\/wp-json\/wp\/v2\/posts\/36765\/revisions"}],"predecessor-version":[{"id":36775,"href":"https:\/\/www.sotrender.com\/blog\/pl\/wp-json\/wp\/v2\/posts\/36765\/revisions\/36775"}],"wp:featuredmedia":[{"embeddable":true,"href":"https:\/\/www.sotrender.com\/blog\/pl\/wp-json\/wp\/v2\/media\/36359"}],"wp:attachment":[{"href":"https:\/\/www.sotrender.com\/blog\/pl\/wp-json\/wp\/v2\/media?parent=36765"}],"wp:term":[{"taxonomy":"category","embeddable":true,"href":"https:\/\/www.sotrender.com\/blog\/pl\/wp-json\/wp\/v2\/categories?post=36765"},{"taxonomy":"post_tag","embeddable":true,"href":"https:\/\/www.sotrender.com\/blog\/pl\/wp-json\/wp\/v2\/tags?post=36765"}],"curies":[{"name":"wp","href":"https:\/\/api.w.org\/{rel}","templated":true}]}}