{"id":3651,"date":"2012-11-23T10:53:14","date_gmt":"2012-11-23T09:53:14","guid":{"rendered":"http:\/\/blog.sotrender.com\/?p=3651"},"modified":"2017-04-05T09:39:47","modified_gmt":"2017-04-05T07:39:47","slug":"social-media-dla-miast-najwieksze-profile-na-facebooku-i-nk-pl","status":"publish","type":"post","link":"https:\/\/www.sotrender.com\/blog\/pl\/2012\/11\/social-media-dla-miast-najwieksze-profile-na-facebooku-i-nk-pl\/","title":{"rendered":"Social media dla miast &#8211; najwi\u0119ksze profile na Facebooku i NK.pl"},"content":{"rendered":"<p>Wczoraj, na konferencji <strong>Smart City<\/strong> w ramach programu<a href=\"http:\/\/amsdlamiast.pl\/\"> AMS dla Miast<\/a>, m\u00f3wili\u015bmy o tym, <strong>po co miastom social media<\/strong>. W\u00a0prezentacji m\u00f3wimy o r\u00f3\u017cnych aspektach obecno\u015bci miast w mediach spo\u0142eczno\u015bciowych. Poza oficjalnymi profilami promocyjnymi, omawiamy tak\u017ce dzia\u0142ania organizacji pozarz\u0105dowych, protesty mieszka\u0144c\u00f3w, itd. Przy okazji przeanalizowali\u015bmy <strong>najwi\u0119ksze i najbardziej anga\u017cuj\u0105ce profile zwi\u0105zane z miastami na Facebooku i na NK.pl.<\/strong><\/p>\n<p><!--more--><\/p>\n<p>Tak wygl\u0105da\u0142a nasza prezentacja &#8211; ju<span style=\"font-size: 14px; line-height: 21px; text-align: justify; background-color: #ffffff;\">\u017c<\/span> wkr\u00f3tce na blogu i nie tylko b\u0119dzie d\u0142u\u017cszy tekst na ten temat.<\/p>\n<p>https:\/\/www.slideshare.net\/slideshow\/embed_code\/15296882<\/p>\n<p>&nbsp;<\/p>\n<p>Polskie miasta obecne s\u0105 na Facebooku za po\u015brednictwem profili oficjalnych oraz i nieoficjalnych. Dlatego w naszych analizach obecno\u015bci na Facebooku uwzgl\u0119dnili\u015bmy oba typy fanpage&#8217;\u00f3w.\u00a0Okazuje si\u0119, \u017ce strony nieoficjalne potrafi\u0105 zbiera\u0107 fan\u00f3w miast tak samo dobrze, a nawet lepiej ni\u017c oficjalne profile promocyjne. Poni\u017csze wykresy pokazuj\u0105 ilu fan\u00f3w posiadaj\u0105 najwi\u0119ksze oficjalne i nieoficjalne polskoj\u0119zyczne fanpage \u00a0miast na Facebooku:<a href=\"https:\/\/www.sotrender.com\/blog\/wp-content\/uploads\/2012\/11\/miasta1.png\"><img loading=\"lazy\" decoding=\"async\" class=\"aligncenter wp-image-3671\" title=\"Sotrender: najpopularniejsze oficjalne strony miast na Faceboku\" src=\"https:\/\/www.sotrender.com\/blog\/wp-content\/uploads\/2012\/11\/miasta1-240x300.png\" width=\"350\" height=\"438\" \/><\/a><a href=\"https:\/\/www.sotrender.com\/blog\/wp-content\/uploads\/2012\/11\/miastanieofi1.png\"><img loading=\"lazy\" decoding=\"async\" class=\"aligncenter wp-image-3673\" title=\"Sotrender: najpopularniejsze nieoficjalne strony miast na Faceboku\" src=\"https:\/\/www.sotrender.com\/blog\/wp-content\/uploads\/2012\/11\/miastanieofi1-240x300.png\" width=\"350\" height=\"438\" \/><\/a><\/p>\n<address>(kliknij w ikon\u0119, aby powi\u0119kszy\u0107)<\/address>\n<p>Najwi\u0119kszym oficjalnym profilem na Facebooku mo\u017ce pochwali\u0107 si\u0119 <strong>Wroc\u0142aw<\/strong> (profil <a href=\"http:\/\/www.facebook.com\/wroclaw.wroclove?fref=ts\">Wroclove<\/a>), kt\u00f3ry posiada ponad 76 tysi\u0119cy fan\u00f3w. Drugi wynik \u00a0nale<span style=\"font-size: 14px; line-height: 21px; text-align: justify; background-color: #ffffff;\">\u017cy do<\/span>\u00a0<strong>Poznania<\/strong> (<a href=\"http:\/\/www.facebook.com\/Poznan?fref=ts\">City of Pozna\u0144<\/a> &#8211; ponad 50 tysi\u0119cy fan\u00f3w) a trzecim oficjalny <strong>profil stolicy<\/strong> (<a href=\"http:\/\/www.facebook.com\/warszawa?fref=ts\">Warszawa<\/a> &#8211; ponad 35 tysi\u0119cy fan\u00f3w). Ponad 25 tysi\u0119cy fan\u00f3w uda\u0142o si\u0119 jeszcze zgromadzi\u0107 na stronie <strong><a href=\"http:\/\/www.facebook.com\/MiastoGdansk?fref=ts\">Miasto Gda\u0144sk<\/a><\/strong>.<\/p>\n<p>O wiele bardziej popularne s\u0105 4 najwi\u0119ksze nieoficjalne profile miast. Zdecydowanym liderem jest dobrze znana strona <strong><a href=\"http:\/\/www.facebook.com\/WarszawaNieznana?fref=ts\">Warszawa Nieznana<\/a><\/strong>\u00a0(127 tysi\u0119cy fan\u00f3w), publikuj\u0105ca atrakcyjne zdj\u0119cia stolicy. Blisko 100 tysi\u0119cy s\u0105 tak\u017ce <strong>nieoficjalne fanpage Wroc\u0142awia i Poznania<\/strong>, maj\u0105ce ponad 95 tysi\u0119cy fan\u00f3w. Na 4tym miejscu znajduje si\u0119 kolejny profil po\u015bwi\u0119cony stolicy:\u00a0<strong><a href=\"http:\/\/www.facebook.com\/pages\/Warsaw-Warszawa-Varsovie-Warschau\/76298170716?fref=ts\">Warsaw \/ Warszawa \/ Varsovie \/ Warschau<\/a><\/strong>, kt\u00f3ry polubi\u0142o 56 tysi\u0119cy os\u00f3b.<\/p>\n<p><a href=\"https:\/\/www.sotrender.com\/blog\/wp-content\/uploads\/2012\/11\/miastazaanga1.png\"><img loading=\"lazy\" decoding=\"async\" class=\"aligncenter wp-image-3679\" title=\"Sotrender: najlepiej anga\u017cuj\u0105ce oficjalne strony miast na Faceboku\" src=\"https:\/\/www.sotrender.com\/blog\/wp-content\/uploads\/2012\/11\/miastazaanga1-240x300.png\" width=\"300\" height=\"375\" \/><\/a><a href=\"https:\/\/www.sotrender.com\/blog\/wp-content\/uploads\/2012\/11\/miastazaanganieofi1.png\"><img loading=\"lazy\" decoding=\"async\" class=\"aligncenter wp-image-3681\" title=\"Sotrender: najlepiej anga\u017cuj\u0105ce nieoficjalne strony miast na Faceboku\" src=\"https:\/\/www.sotrender.com\/blog\/wp-content\/uploads\/2012\/11\/miastazaanganieofi1-240x300.png\" width=\"300\" height=\"375\" \/><\/a><\/p>\n<address style=\"margin-bottom: 5px;\">(kliknij w ikon\u0119, aby powi\u0119kszy\u0107)<\/address>\n<p>Podobnie wygl\u0105da sytuacja, je\u015bli por\u00f3wnamy zaanga\u017cowanie fan\u00f3w. Najwi\u0119ksze profile nieoficjalne lepiej anga\u017cuj\u0105 fan\u00f3w ni\u017c profile oficjalne. Wspomniana wy\u017cej <strong>Warszawa Nieznana<\/strong> anga\u017cuje ponad 110 tysi\u0119cy os\u00f3b, czyli wi\u0119cej ni\u017c 90 proc. swojej niema\u0142ej liczby fan\u00f3w. Tak\u017ce <a title=\"Pozna\u0144\" href=\"https:\/\/www.facebook.com\/pages\/Pozna%C5%84\/119761718126\" target=\"_blank\"><strong>nieoficjalny profil Poznania<\/strong><\/a>\u00a0(prowadzony przez agencj\u0119 <a title=\"plodni.com\" href=\"http:\/\/plodni.com\/\" target=\"_blank\">p\u0142odni.com<\/a>) wyr\u00f3\u017cnia si\u0119 w tek kategorii, osi\u0105gaj\u0105c wynik ponad 3krotnie lepszy ni\u017c oficjalna <strong>strona na Facebooku Poznania<\/strong>. Jedynie <strong>oficjalny profil Wroc\u0142awia<\/strong> jest w stanie zaanga\u017cowa\u0107 wi\u0119cej ni\u017c fanpage nieoficjalny.<\/p>\n<p>Cho\u0107 wi\u0119kszo\u015b\u0107 miast g\u0142\u00f3wnych nacisk k\u0142adzie obecnie na Facebooka, to nie jest to jedyna platforma ich obecno\u015bci w social media. Dzi\u0119ki uprzejmo\u015bci Ma\u0142gorzaty Rzymskiej i Krzysztofa Sobieszka z <strong>NK.pl<\/strong> przeanalizowali\u015bmy tak\u017ce najwi\u0119ksze <strong>oficjalne grupy miast na NK.pl<\/strong>.<\/p>\n<p><a href=\"https:\/\/www.sotrender.com\/blog\/wp-content\/uploads\/2012\/11\/naszaklasa1.png\"><img loading=\"lazy\" decoding=\"async\" class=\"aligncenter wp-image-3689\" title=\"Sotrender: najpopularniejsze grupy dla miast na NK.pl\" src=\"https:\/\/www.sotrender.com\/blog\/wp-content\/uploads\/2012\/11\/naszaklasa1-240x300.png\" width=\"300\" height=\"375\" \/><\/a><\/p>\n<p>(kliknij w ikon\u0119, aby powi\u0119kszy\u0107)<\/p>\n<p>Zdecydowanie najwi\u0119cej u\u017cytkownik\u00f3w (ponad 88 tysi\u0119cy) posiada grupa<strong> Wroc\u0142awia<\/strong>. Co ciekawe, spo\u015br\u00f3d najwi\u0119kszych polskich miast w pierwszej dziesi\u0105tce znajdziemy jeszcze tylko<strong> Warszaw\u0119<\/strong> (na 7mym miejscu), pozosta\u0142e strony to przewa\u017cnie niedu\u017ce, ale znane miejscowo\u015bci, tak\u017ce turystyczne. Na drugim miejscu znajduje si\u0119 <strong>Cz\u0119stochowa<\/strong>, ale w 10 najlepszych stronach znajdziemy tak\u017ce grupy <strong>Zakopanego, Ko\u0142obrzegu oraz Jeleniej G\u00f3ry. <\/strong>Warto wspomnie\u0107 tak\u017ce o grupie miasta<strong><a href=\"http:\/\/www.paczkow.pl\/\"> Paczk\u00f3w<\/a><\/strong>, kt\u00f3ra zajmuje \u00f3sme miejsce z ponad 27 tysi\u0105cami u\u017cytkownik\u00f3w. Grupa na NK.pl posiada 2 razy wi\u0119cej cz\u0142onk\u00f3w ni\u017c liczba mieszka\u0144c\u00f3w gminy (ponad 13 tysi\u0119cy)! Okazuje si\u0119 zatem, \u017ce profile miast w mediach spo\u0142eczno\u015bciowych mog\u0105 by\u0107 atrakcyjne nie tylko dla mieszka\u0144c\u00f3w danej miejscowo\u015bci, ale tak\u017ce wszystkich tych, kt\u00f3rzy dan\u0105 miejscowo\u015b\u0107 lubi\u0105, lub te\u017c czuj\u0105 z ni\u0105 wi\u0119\u017a.<\/p>\n<p>To tylko wst\u0119pna analiza &#8211; wkr\u00f3tce przedstawimy bardziej rozbudowany raport o <strong>obecno\u015bci miast w mediach spo\u0142eczno\u015bciowych<\/strong>. Opiszemy w nim mi\u0119dzy innymi jak miasta mog\u0105 wykorzystywa\u0107 social media do konsultacji spo\u0142ecznych. Powiemy tak\u017ce kto i dlaczego zak\u0142ada nieoficjalne profile na Facebooku zwi\u0105zane z miastami i w jaki spos\u00f3b przyczyniaj\u0105 si\u0119 one do<strong> promocji miast\u00a0<\/strong>w sieci. Zapiszcie si\u0119 na nasz newsletter (<a href=\"http:\/\/www.sotrender.com\/pl\/\">na stronie g\u0142\u00f3wnej<\/a>), a tak\u017ce \u015bled\u017acie nasze profile na <a href=\"http:\/\/www.facebook.com\/Sotrender?fref=ts\">Facebooku<\/a> i <a href=\"https:\/\/twitter.com\/sotrender\">Twitterze<\/a>, aby mie\u0107 pewno\u015b\u0107, \u017ce niczego nie przegapicie.<\/p>\n<p><em>Autor: <em>dr Jan Zaj\u0105c (CEO)<\/em>, wsp\u00f3\u0142praca: Adam Piotr Zaj\u0105c, Daria Kuczmara (Analityczka).<\/em><\/p>\n","protected":false},"excerpt":{"rendered":"<p>Wczoraj, na konferencji Smart City w ramach programu AMS dla Miast, m\u00f3wili\u015bmy o tym, po co miastom social media. W\u00a0prezentacji m\u00f3wimy o r\u00f3\u017cnych aspektach obecno\u015bci miast w mediach spo\u0142eczno\u015bciowych. Poza oficjalnymi profilami promocyjnymi, omawiamy tak\u017ce dzia\u0142ania organizacji pozarz\u0105dowych, protesty mieszka\u0144c\u00f3w, itd. Przy okazji przeanalizowali\u015bmy najwi\u0119ksze i najbardziej anga\u017cuj\u0105ce profile zwi\u0105zane z miastami na Facebooku i [&hellip;]<\/p>\n","protected":false},"author":2,"featured_media":0,"comment_status":"open","ping_status":"open","sticky":false,"template":"","format":"standard","meta":{"inline_featured_image":false,"footnotes":""},"categories":[1793,1797],"tags":[7,25,45,303,315],"yoast_head":"<!-- This site is optimized with the Yoast SEO plugin v22.4 - https:\/\/yoast.com\/wordpress\/plugins\/seo\/ -->\n<title>Social media dla miast - najwi\u0119ksze profile na Facebooku i NK.pl<\/title>\n<meta name=\"description\" content=\"Zobacz nasz\u0105 analiz\u0119, kt\u00f3re spo\u015br\u00f3d polskich miast s\u0105 najlepiej widoczne na Facebooku i NK.pl. Prezentujemy raport Sotrendera z konferencji AMS Smart City.\" \/>\n<meta name=\"robots\" content=\"index, follow, max-snippet:-1, max-image-preview:large, max-video-preview:-1\" \/>\n<link rel=\"canonical\" href=\"https:\/\/www.sotrender.com\/blog\/pl\/2012\/11\/social-media-dla-miast-najwieksze-profile-na-facebooku-i-nk-pl\/\" \/>\n<meta property=\"og:locale\" content=\"pl_PL\" \/>\n<meta property=\"og:type\" content=\"article\" \/>\n<meta property=\"og:title\" content=\"Social media dla miast - najwi\u0119ksze profile na Facebooku i NK.pl\" \/>\n<meta property=\"og:description\" content=\"Zobacz nasz\u0105 analiz\u0119, kt\u00f3re spo\u015br\u00f3d polskich miast s\u0105 najlepiej widoczne na Facebooku i NK.pl. Prezentujemy raport Sotrendera z konferencji AMS Smart City.\" \/>\n<meta property=\"og:url\" content=\"https:\/\/www.sotrender.com\/blog\/pl\/2012\/11\/social-media-dla-miast-najwieksze-profile-na-facebooku-i-nk-pl\/\" \/>\n<meta property=\"og:site_name\" content=\"Sotrender Blog\" \/>\n<meta property=\"article:publisher\" content=\"https:\/\/www.facebook.com\/Sotrender\" \/>\n<meta property=\"article:author\" content=\"https:\/\/www.facebook.com\/jan.zajac.75?fref=ts\" \/>\n<meta property=\"article:published_time\" content=\"2012-11-23T09:53:14+00:00\" \/>\n<meta property=\"article:modified_time\" content=\"2017-04-05T07:39:47+00:00\" \/>\n<meta property=\"og:image\" content=\"https:\/\/www.sotrender.com\/blog\/wp-content\/uploads\/2012\/11\/miasta1-240x300.png\" \/>\n<meta name=\"author\" content=\"Jan Zaj\u0105c\" \/>\n<meta name=\"twitter:card\" content=\"summary_large_image\" \/>\n<meta name=\"twitter:creator\" content=\"@http:\/\/twitter.com\/janekzajac\" \/>\n<meta name=\"twitter:site\" content=\"@Sotrender\" \/>\n<meta name=\"twitter:label1\" content=\"Written by\" \/>\n\t<meta name=\"twitter:data1\" content=\"Jan Zaj\u0105c\" \/>\n\t<meta name=\"twitter:label2\" content=\"Est. reading time\" \/>\n\t<meta name=\"twitter:data2\" content=\"4 minutes\" \/>\n<script type=\"application\/ld+json\" class=\"yoast-schema-graph\">{\"@context\":\"https:\/\/schema.org\",\"@graph\":[{\"@type\":\"WebPage\",\"@id\":\"https:\/\/www.sotrender.com\/blog\/pl\/2012\/11\/social-media-dla-miast-najwieksze-profile-na-facebooku-i-nk-pl\/\",\"url\":\"https:\/\/www.sotrender.com\/blog\/pl\/2012\/11\/social-media-dla-miast-najwieksze-profile-na-facebooku-i-nk-pl\/\",\"name\":\"Social media dla miast - najwi\u0119ksze profile na Facebooku i NK.pl\",\"isPartOf\":{\"@id\":\"https:\/\/www.sotrender.com\/blog\/#website\"},\"primaryImageOfPage\":{\"@id\":\"https:\/\/www.sotrender.com\/blog\/pl\/2012\/11\/social-media-dla-miast-najwieksze-profile-na-facebooku-i-nk-pl\/#primaryimage\"},\"image\":{\"@id\":\"https:\/\/www.sotrender.com\/blog\/pl\/2012\/11\/social-media-dla-miast-najwieksze-profile-na-facebooku-i-nk-pl\/#primaryimage\"},\"thumbnailUrl\":\"https:\/\/www.sotrender.com\/blog\/wp-content\/uploads\/2012\/11\/miasta1-240x300.png\",\"datePublished\":\"2012-11-23T09:53:14+00:00\",\"dateModified\":\"2017-04-05T07:39:47+00:00\",\"author\":{\"@id\":\"https:\/\/www.sotrender.com\/blog\/#\/schema\/person\/15d4db3ba9c4e61b1cb96099300e7c51\"},\"description\":\"Zobacz nasz\u0105 analiz\u0119, kt\u00f3re spo\u015br\u00f3d polskich miast s\u0105 najlepiej widoczne na Facebooku i NK.pl. Prezentujemy raport Sotrendera z konferencji AMS Smart City.\",\"breadcrumb\":{\"@id\":\"https:\/\/www.sotrender.com\/blog\/pl\/2012\/11\/social-media-dla-miast-najwieksze-profile-na-facebooku-i-nk-pl\/#breadcrumb\"},\"inLanguage\":\"pl-PL\",\"potentialAction\":[{\"@type\":\"ReadAction\",\"target\":[\"https:\/\/www.sotrender.com\/blog\/pl\/2012\/11\/social-media-dla-miast-najwieksze-profile-na-facebooku-i-nk-pl\/\"]}]},{\"@type\":\"ImageObject\",\"inLanguage\":\"pl-PL\",\"@id\":\"https:\/\/www.sotrender.com\/blog\/pl\/2012\/11\/social-media-dla-miast-najwieksze-profile-na-facebooku-i-nk-pl\/#primaryimage\",\"url\":\"https:\/\/www.sotrender.com\/blog\/wp-content\/uploads\/2012\/11\/miasta1-240x300.png\",\"contentUrl\":\"https:\/\/www.sotrender.com\/blog\/wp-content\/uploads\/2012\/11\/miasta1-240x300.png\"},{\"@type\":\"BreadcrumbList\",\"@id\":\"https:\/\/www.sotrender.com\/blog\/pl\/2012\/11\/social-media-dla-miast-najwieksze-profile-na-facebooku-i-nk-pl\/#breadcrumb\",\"itemListElement\":[{\"@type\":\"ListItem\",\"position\":1,\"name\":\"Home\",\"item\":\"https:\/\/www.sotrender.com\/blog\/\"},{\"@type\":\"ListItem\",\"position\":2,\"name\":\"Social media dla miast &#8211; najwi\u0119ksze profile na Facebooku i NK.pl\"}]},{\"@type\":\"WebSite\",\"@id\":\"https:\/\/www.sotrender.com\/blog\/#website\",\"url\":\"https:\/\/www.sotrender.com\/blog\/\",\"name\":\"Sotrender Blog\",\"description\":\"\",\"potentialAction\":[{\"@type\":\"SearchAction\",\"target\":{\"@type\":\"EntryPoint\",\"urlTemplate\":\"https:\/\/www.sotrender.com\/blog\/?s={search_term_string}\"},\"query-input\":\"required name=search_term_string\"}],\"inLanguage\":\"pl-PL\"},{\"@type\":\"Person\",\"@id\":\"https:\/\/www.sotrender.com\/blog\/#\/schema\/person\/15d4db3ba9c4e61b1cb96099300e7c51\",\"name\":\"Jan Zaj\u0105c\",\"image\":{\"@type\":\"ImageObject\",\"inLanguage\":\"pl-PL\",\"@id\":\"https:\/\/www.sotrender.com\/blog\/#\/schema\/person\/image\/\",\"url\":\"https:\/\/secure.gravatar.com\/avatar\/330c70ea205c5402148d7c7d8927d81d?s=96&d=mm&r=g\",\"contentUrl\":\"https:\/\/secure.gravatar.com\/avatar\/330c70ea205c5402148d7c7d8927d81d?s=96&d=mm&r=g\",\"caption\":\"Jan Zaj\u0105c\"},\"description\":\"Psychologist &amp; economist, experienced consultant &amp; researcher, who speaks 6 languages and has cycled around 17 countries.\",\"sameAs\":[\"https:\/\/www.facebook.com\/jan.zajac.75?fref=ts\",\"https:\/\/www.linkedin.com\/in\/janekzajac\",\"https:\/\/twitter.com\/http:\/\/twitter.com\/janekzajac\"],\"url\":\"https:\/\/www.sotrender.com\/blog\/pl\/author\/jan_zajc\/\"}]}<\/script>\n<!-- \/ Yoast SEO plugin. -->","yoast_head_json":{"title":"Social media dla miast - najwi\u0119ksze profile na Facebooku i NK.pl","description":"Zobacz nasz\u0105 analiz\u0119, kt\u00f3re spo\u015br\u00f3d polskich miast s\u0105 najlepiej widoczne na Facebooku i NK.pl. Prezentujemy raport Sotrendera z konferencji AMS Smart City.","robots":{"index":"index","follow":"follow","max-snippet":"max-snippet:-1","max-image-preview":"max-image-preview:large","max-video-preview":"max-video-preview:-1"},"canonical":"https:\/\/www.sotrender.com\/blog\/pl\/2012\/11\/social-media-dla-miast-najwieksze-profile-na-facebooku-i-nk-pl\/","og_locale":"pl_PL","og_type":"article","og_title":"Social media dla miast - najwi\u0119ksze profile na Facebooku i NK.pl","og_description":"Zobacz nasz\u0105 analiz\u0119, kt\u00f3re spo\u015br\u00f3d polskich miast s\u0105 najlepiej widoczne na Facebooku i NK.pl. Prezentujemy raport Sotrendera z konferencji AMS Smart City.","og_url":"https:\/\/www.sotrender.com\/blog\/pl\/2012\/11\/social-media-dla-miast-najwieksze-profile-na-facebooku-i-nk-pl\/","og_site_name":"Sotrender Blog","article_publisher":"https:\/\/www.facebook.com\/Sotrender","article_author":"https:\/\/www.facebook.com\/jan.zajac.75?fref=ts","article_published_time":"2012-11-23T09:53:14+00:00","article_modified_time":"2017-04-05T07:39:47+00:00","og_image":[{"url":"https:\/\/www.sotrender.com\/blog\/wp-content\/uploads\/2012\/11\/miasta1-240x300.png"}],"author":"Jan Zaj\u0105c","twitter_card":"summary_large_image","twitter_creator":"@http:\/\/twitter.com\/janekzajac","twitter_site":"@Sotrender","twitter_misc":{"Written by":"Jan Zaj\u0105c","Est. reading time":"4 minutes"},"schema":{"@context":"https:\/\/schema.org","@graph":[{"@type":"WebPage","@id":"https:\/\/www.sotrender.com\/blog\/pl\/2012\/11\/social-media-dla-miast-najwieksze-profile-na-facebooku-i-nk-pl\/","url":"https:\/\/www.sotrender.com\/blog\/pl\/2012\/11\/social-media-dla-miast-najwieksze-profile-na-facebooku-i-nk-pl\/","name":"Social media dla miast - najwi\u0119ksze profile na Facebooku i NK.pl","isPartOf":{"@id":"https:\/\/www.sotrender.com\/blog\/#website"},"primaryImageOfPage":{"@id":"https:\/\/www.sotrender.com\/blog\/pl\/2012\/11\/social-media-dla-miast-najwieksze-profile-na-facebooku-i-nk-pl\/#primaryimage"},"image":{"@id":"https:\/\/www.sotrender.com\/blog\/pl\/2012\/11\/social-media-dla-miast-najwieksze-profile-na-facebooku-i-nk-pl\/#primaryimage"},"thumbnailUrl":"https:\/\/www.sotrender.com\/blog\/wp-content\/uploads\/2012\/11\/miasta1-240x300.png","datePublished":"2012-11-23T09:53:14+00:00","dateModified":"2017-04-05T07:39:47+00:00","author":{"@id":"https:\/\/www.sotrender.com\/blog\/#\/schema\/person\/15d4db3ba9c4e61b1cb96099300e7c51"},"description":"Zobacz nasz\u0105 analiz\u0119, kt\u00f3re spo\u015br\u00f3d polskich miast s\u0105 najlepiej widoczne na Facebooku i NK.pl. Prezentujemy raport Sotrendera z konferencji AMS Smart City.","breadcrumb":{"@id":"https:\/\/www.sotrender.com\/blog\/pl\/2012\/11\/social-media-dla-miast-najwieksze-profile-na-facebooku-i-nk-pl\/#breadcrumb"},"inLanguage":"pl-PL","potentialAction":[{"@type":"ReadAction","target":["https:\/\/www.sotrender.com\/blog\/pl\/2012\/11\/social-media-dla-miast-najwieksze-profile-na-facebooku-i-nk-pl\/"]}]},{"@type":"ImageObject","inLanguage":"pl-PL","@id":"https:\/\/www.sotrender.com\/blog\/pl\/2012\/11\/social-media-dla-miast-najwieksze-profile-na-facebooku-i-nk-pl\/#primaryimage","url":"https:\/\/www.sotrender.com\/blog\/wp-content\/uploads\/2012\/11\/miasta1-240x300.png","contentUrl":"https:\/\/www.sotrender.com\/blog\/wp-content\/uploads\/2012\/11\/miasta1-240x300.png"},{"@type":"BreadcrumbList","@id":"https:\/\/www.sotrender.com\/blog\/pl\/2012\/11\/social-media-dla-miast-najwieksze-profile-na-facebooku-i-nk-pl\/#breadcrumb","itemListElement":[{"@type":"ListItem","position":1,"name":"Home","item":"https:\/\/www.sotrender.com\/blog\/"},{"@type":"ListItem","position":2,"name":"Social media dla miast &#8211; najwi\u0119ksze profile na Facebooku i NK.pl"}]},{"@type":"WebSite","@id":"https:\/\/www.sotrender.com\/blog\/#website","url":"https:\/\/www.sotrender.com\/blog\/","name":"Sotrender Blog","description":"","potentialAction":[{"@type":"SearchAction","target":{"@type":"EntryPoint","urlTemplate":"https:\/\/www.sotrender.com\/blog\/?s={search_term_string}"},"query-input":"required name=search_term_string"}],"inLanguage":"pl-PL"},{"@type":"Person","@id":"https:\/\/www.sotrender.com\/blog\/#\/schema\/person\/15d4db3ba9c4e61b1cb96099300e7c51","name":"Jan Zaj\u0105c","image":{"@type":"ImageObject","inLanguage":"pl-PL","@id":"https:\/\/www.sotrender.com\/blog\/#\/schema\/person\/image\/","url":"https:\/\/secure.gravatar.com\/avatar\/330c70ea205c5402148d7c7d8927d81d?s=96&d=mm&r=g","contentUrl":"https:\/\/secure.gravatar.com\/avatar\/330c70ea205c5402148d7c7d8927d81d?s=96&d=mm&r=g","caption":"Jan Zaj\u0105c"},"description":"Psychologist &amp; economist, experienced consultant &amp; researcher, who speaks 6 languages and has cycled around 17 countries.","sameAs":["https:\/\/www.facebook.com\/jan.zajac.75?fref=ts","https:\/\/www.linkedin.com\/in\/janekzajac","https:\/\/twitter.com\/http:\/\/twitter.com\/janekzajac"],"url":"https:\/\/www.sotrender.com\/blog\/pl\/author\/jan_zajc\/"}]}},"_links":{"self":[{"href":"https:\/\/www.sotrender.com\/blog\/pl\/wp-json\/wp\/v2\/posts\/3651"}],"collection":[{"href":"https:\/\/www.sotrender.com\/blog\/pl\/wp-json\/wp\/v2\/posts"}],"about":[{"href":"https:\/\/www.sotrender.com\/blog\/pl\/wp-json\/wp\/v2\/types\/post"}],"author":[{"embeddable":true,"href":"https:\/\/www.sotrender.com\/blog\/pl\/wp-json\/wp\/v2\/users\/2"}],"replies":[{"embeddable":true,"href":"https:\/\/www.sotrender.com\/blog\/pl\/wp-json\/wp\/v2\/comments?post=3651"}],"version-history":[{"count":22,"href":"https:\/\/www.sotrender.com\/blog\/pl\/wp-json\/wp\/v2\/posts\/3651\/revisions"}],"predecessor-version":[{"id":26167,"href":"https:\/\/www.sotrender.com\/blog\/pl\/wp-json\/wp\/v2\/posts\/3651\/revisions\/26167"}],"wp:attachment":[{"href":"https:\/\/www.sotrender.com\/blog\/pl\/wp-json\/wp\/v2\/media?parent=3651"}],"wp:term":[{"taxonomy":"category","embeddable":true,"href":"https:\/\/www.sotrender.com\/blog\/pl\/wp-json\/wp\/v2\/categories?post=3651"},{"taxonomy":"post_tag","embeddable":true,"href":"https:\/\/www.sotrender.com\/blog\/pl\/wp-json\/wp\/v2\/tags?post=3651"}],"curies":[{"name":"wp","href":"https:\/\/api.w.org\/{rel}","templated":true}]}}