{"id":36449,"date":"2018-12-12T10:56:21","date_gmt":"2018-12-12T09:56:21","guid":{"rendered":"https:\/\/www.sotrender.com\/blog\/?p=36449\/"},"modified":"2018-12-12T13:54:57","modified_gmt":"2018-12-12T12:54:57","slug":"facebook-trends-listopad-2018","status":"publish","type":"post","link":"https:\/\/www.sotrender.com\/blog\/pl\/2018\/12\/facebook-trends-listopad-2018\/","title":{"rendered":"Facebook Trends listopad 2018 &#8211; czy to ju\u017c \u015bwi\u0119ta?"},"content":{"rendered":"<p><span style=\"font-weight: 400;\">Cho\u0107 dla niekt\u00f3rych jest to nie do przyj\u0119cia, w listopadzie \u015bwi\u0119ta na dobre zago\u015bci\u0142y nie tylko w sklepach, ale r\u00f3wnie\u017c w mediach spo\u0142eczno\u015bciowych. Przy\u0107mi\u0142y nie tylko 11 listopada, ale r\u00f3wnie\u017c m.in. drug\u0105 tur\u0119 wybor\u00f3w samorz\u0105dowych. <\/span><\/p>\n<p><!--more--><\/p>\n<p><span style=\"font-weight: 400;\">O czym wi\u0119c by\u0142o g\u0142o\u015bno na Facebooku w listopadzie? Sprawdzamy w comiesi\u0119cznym <a href=\"https:\/\/www.sotrender.com\/trends\/facebook\/poland\/201811\">raporcie Facebook Trends<\/a>! <\/span><\/p>\n<h2><span style=\"font-weight: 400;\"><strong>\u015awi\u0119ta pe\u0142n\u0105 par\u0105<\/strong> <\/span><\/h2>\n<p><span style=\"font-weight: 400;\">Jak \u015bwi\u0119ta to\u2026 Szlachetna Paczka, jedna z akcji uto\u017csamianych z okresem przed\u015bwi\u0105tecznym. Cho\u0107 punkt kulminacyjny akcji przypada na po\u0142ow\u0119 grudnia, ju\u017c w listopadzie profil Szlachetnej Paczki awansowa\u0142 o 29 pozycji w kategorii Zaanga\u017cowanie.<\/span><\/p>\n<div id=\"attachment_36471\" style=\"width: 893px\" class=\"wp-caption aligncenter\"><img loading=\"lazy\" decoding=\"async\" aria-describedby=\"caption-attachment-36471\" class=\"size-full wp-image-36471\" src=\"https:\/\/www.sotrender.com\/blog\/wp-content\/uploads\/2018\/12\/Zrzut-ekranu-2018-12-12-o-10.25.27.png\" alt=\"Profile o najwi\u0119kszym zaanga\u017cowaniu w kategorii NGO, listopad 2018\" width=\"883\" height=\"281\" srcset=\"https:\/\/www.sotrender.com\/blog\/wp-content\/uploads\/2018\/12\/Zrzut-ekranu-2018-12-12-o-10.25.27.png 883w, https:\/\/www.sotrender.com\/blog\/wp-content\/uploads\/2018\/12\/Zrzut-ekranu-2018-12-12-o-10.25.27-475x151.png 475w, https:\/\/www.sotrender.com\/blog\/wp-content\/uploads\/2018\/12\/Zrzut-ekranu-2018-12-12-o-10.25.27-768x244.png 768w\" sizes=\"(max-width: 883px) 100vw, 883px\" \/><p id=\"caption-attachment-36471\" class=\"wp-caption-text\">Profile o najwi\u0119kszym zaanga\u017cowaniu w <a href=\"https:\/\/www.sotrender.com\/trends\/facebook\/poland\/201811\/ngo\">kategorii NGO<\/a>, listopad 2018<\/p><\/div>\n<p><span style=\"font-weight: 400;\">\u015awi\u0119ta niezmiennie kojarz\u0105 si\u0119 r\u00f3wnie\u017c wszystkim ze \u015bwi\u0105teczn\u0105 ci\u0119\u017car\u00f3wk\u0105 Coca-Coli. <a href=\"https:\/\/www.sotrender.com\/trends\/facebook\/poland\/201811\/fmcg\">W kategorii FMCG<\/a> Coca-Cola uplasowa\u0142a si\u0119 na dw\u00f3ch pierwszych miejscach pod wzgl\u0119dem najlepszych post\u00f3w&#8230;<\/span><\/p>\n<div id=\"attachment_36473\" style=\"width: 885px\" class=\"wp-caption aligncenter\"><img loading=\"lazy\" decoding=\"async\" aria-describedby=\"caption-attachment-36473\" class=\"size-full wp-image-36473\" src=\"https:\/\/www.sotrender.com\/blog\/wp-content\/uploads\/2018\/12\/Zrzut-ekranu-2018-12-12-o-10.26.37.png\" alt=\"Najlepsze posty w kategorii FMCG, listopad 2018\" width=\"875\" height=\"418\" srcset=\"https:\/\/www.sotrender.com\/blog\/wp-content\/uploads\/2018\/12\/Zrzut-ekranu-2018-12-12-o-10.26.37.png 875w, https:\/\/www.sotrender.com\/blog\/wp-content\/uploads\/2018\/12\/Zrzut-ekranu-2018-12-12-o-10.26.37-475x227.png 475w, https:\/\/www.sotrender.com\/blog\/wp-content\/uploads\/2018\/12\/Zrzut-ekranu-2018-12-12-o-10.26.37-768x367.png 768w\" sizes=\"(max-width: 875px) 100vw, 875px\" \/><p id=\"caption-attachment-36473\" class=\"wp-caption-text\">Najlepsze posty w kategorii FMCG, listopad 2018<\/p><\/div>\n<p><span style=\"font-weight: 400;\">\u2026 oraz odnotowa\u0142a znaczne awanse w kategorii Zaanga\u017cowania oraz Aktywnych u\u017cytkownik\u00f3w. <\/span><\/p>\n<div id=\"attachment_36475\" style=\"width: 890px\" class=\"wp-caption aligncenter\"><img loading=\"lazy\" decoding=\"async\" aria-describedby=\"caption-attachment-36475\" class=\"size-full wp-image-36475\" src=\"https:\/\/www.sotrender.com\/blog\/wp-content\/uploads\/2018\/12\/Zrzut-ekranu-2018-12-12-o-10.28.50.png\" alt=\"Profile o najwi\u0119kszym zaanga\u017cowaniu w listopadzie na Facebooku w kategorii FMCG\" width=\"880\" height=\"195\" srcset=\"https:\/\/www.sotrender.com\/blog\/wp-content\/uploads\/2018\/12\/Zrzut-ekranu-2018-12-12-o-10.28.50.png 880w, https:\/\/www.sotrender.com\/blog\/wp-content\/uploads\/2018\/12\/Zrzut-ekranu-2018-12-12-o-10.28.50-475x105.png 475w, https:\/\/www.sotrender.com\/blog\/wp-content\/uploads\/2018\/12\/Zrzut-ekranu-2018-12-12-o-10.28.50-768x170.png 768w\" sizes=\"(max-width: 880px) 100vw, 880px\" \/><p id=\"caption-attachment-36475\" class=\"wp-caption-text\">Profile o najwi\u0119kszym zaanga\u017cowaniu w listopadzie na Facebooku w kategorii FMCG<\/p><\/div>\n<p>Co ciekawe, w\u015br\u00f3d 12 najlepszych post\u00f3w miesi\u0105ca w kategorii FMCG nie znalaz\u0142o si\u0119 wideo z najnowsz\u0105 wersj\u0105 &#8220;Coraz bli\u017cej \u015bwi\u0119ta&#8221; w wykonaniu Katarzyny Nosowskiej. Czy\u017cby nie przypad\u0142a internautom do gustu?<\/p>\n<p><iframe loading=\"lazy\" style=\"border: none; overflow: hidden;\" src=\"https:\/\/www.facebook.com\/plugins\/video.php?href=https%3A%2F%2Fwww.facebook.com%2Fcocacolapoland%2Fvideos%2F1954547038183756%2F&amp;show_text=0&amp;width=560\" width=\"560\" height=\"315\" frameborder=\"0\" scrolling=\"no\" allowfullscreen=\"allowfullscreen\"><\/iframe><\/p>\n<h2><span style=\"font-weight: 400;\"><strong>Wielki powr\u00f3t mistrza<\/strong> <\/span><\/h2>\n<p><span style=\"font-weight: 400;\">Robert Kubica wraca do gry\u2026 a raczej na tor. W listopadzie \u015bwiat obieg\u0142a informacja, \u017ce Kubic\u0119 b\u0119dziemy mogli ponownie podziwia\u0107 w Formule 1. <\/span><\/p>\n<p><span style=\"font-weight: 400;\">Cho\u0107 sam Kubica nie powr\u00f3ci\u0142 jeszcze do swojej aktywno\u015bci na Facebooku, z<\/span><span style=\"font-weight: 400;\">naczny wzrost w liczbie aktywnych u\u017cytkownik\u00f3w odnotowa\u0142 profil <a href=\"https:\/\/www.facebook.com\/powrotrobertablogspotcom\/\">Robert Kubica &#8211; powrotroberta.blogspot.com<\/a>. Jest on prowadzony przez fana Roberta, gdzie umieszcza on informacje dot. \u017cycia sportowca. <\/span><\/p>\n<div id=\"attachment_36467\" style=\"width: 884px\" class=\"wp-caption aligncenter\"><img loading=\"lazy\" decoding=\"async\" aria-describedby=\"caption-attachment-36467\" class=\"size-full wp-image-36467\" src=\"https:\/\/www.sotrender.com\/blog\/wp-content\/uploads\/2018\/12\/Zrzut-ekranu-2018-12-12-o-10.22.27.png\" alt=\"Aktywni u\u017cytkownicy w kategorii blogi i vlogi, listopad 2018\" width=\"874\" height=\"531\" srcset=\"https:\/\/www.sotrender.com\/blog\/wp-content\/uploads\/2018\/12\/Zrzut-ekranu-2018-12-12-o-10.22.27.png 874w, https:\/\/www.sotrender.com\/blog\/wp-content\/uploads\/2018\/12\/Zrzut-ekranu-2018-12-12-o-10.22.27-475x289.png 475w, https:\/\/www.sotrender.com\/blog\/wp-content\/uploads\/2018\/12\/Zrzut-ekranu-2018-12-12-o-10.22.27-768x467.png 768w\" sizes=\"(max-width: 874px) 100vw, 874px\" \/><p id=\"caption-attachment-36467\" class=\"wp-caption-text\">Aktywni u\u017cytkownicy w <a href=\"https:\/\/www.sotrender.com\/trends\/facebook\/poland\/201811\/blogi_vlogi\">kategorii blogi i vlogi<\/a>, listopad 2018<\/p><\/div>\n<p><span style=\"font-weight: 400;\">Informacja o powrocie Kubicy znalaz\u0142a si\u0119 r\u00f3wnie\u017c w najlepszych postach w kategorii <a href=\"https:\/\/www.sotrender.com\/trends\/facebook\/poland\/201811\/media\/sport_media\">Media sportowe<\/a>.<\/span><\/p>\n<div id=\"attachment_36469\" style=\"width: 888px\" class=\"wp-caption aligncenter\"><img loading=\"lazy\" decoding=\"async\" aria-describedby=\"caption-attachment-36469\" class=\"size-full wp-image-36469\" src=\"https:\/\/www.sotrender.com\/blog\/wp-content\/uploads\/2018\/12\/Zrzut-ekranu-2018-12-12-o-10.24.04.png\" alt=\"Najlepsze posty w kategorii Media sportowe, Facebook 11.2018\" width=\"878\" height=\"414\" srcset=\"https:\/\/www.sotrender.com\/blog\/wp-content\/uploads\/2018\/12\/Zrzut-ekranu-2018-12-12-o-10.24.04.png 878w, https:\/\/www.sotrender.com\/blog\/wp-content\/uploads\/2018\/12\/Zrzut-ekranu-2018-12-12-o-10.24.04-475x224.png 475w, https:\/\/www.sotrender.com\/blog\/wp-content\/uploads\/2018\/12\/Zrzut-ekranu-2018-12-12-o-10.24.04-768x362.png 768w\" sizes=\"(max-width: 878px) 100vw, 878px\" \/><p id=\"caption-attachment-36469\" class=\"wp-caption-text\">Najlepsze posty w kategorii Media sportowe, Facebook 11.2018<\/p><\/div>\n<h2>Xiaomi podbija rynek<\/h2>\n<p>Xiaomi z miesi\u0105ca na miesi\u0105c zyskuje na popularno\u015bci na polskim rynku. Bardzo konkurencyjne ceny oraz szeroka gama produkt\u00f3w s\u0105 z pewno\u015bci\u0105 argumentami silnie przemawiaj\u0105cymi do nowych klient\u00f3w.<\/p>\n<div id=\"attachment_36463\" style=\"width: 372px\" class=\"wp-caption aligncenter\"><img loading=\"lazy\" decoding=\"async\" aria-describedby=\"caption-attachment-36463\" class=\"size-full wp-image-36463\" src=\"https:\/\/www.sotrender.com\/blog\/wp-content\/uploads\/2018\/12\/Zrzut-ekranu-2018-12-12-o-10.09.13.png\" alt=\"Najszybciej rosn\u0105ce profile na polskim Facebooku w listopadzie \" width=\"362\" height=\"325\" \/><p id=\"caption-attachment-36463\" class=\"wp-caption-text\">Najszybciej rosn\u0105ce profile na polskim Facebooku w listopadzie<\/p><\/div>\n<h2><span style=\"font-weight: 400;\"><strong>Facebook coraz mniej popularny w\u015br\u00f3d internetowych tw\u00f3rc\u00f3w?<\/strong> <\/span><\/h2>\n<p><span style=\"font-weight: 400;\">Zastanowi\u0142 Was brak jednej z najpopularniejszych polskich blogerek, <\/span><span style=\"font-weight: 400;\">LittleMooonster96, w naszym raporcie? Blogerka i youtuberka najwyra\u017aniej zrezygnowa\u0142a z aktualizowania swojego profilu na Facebooku i postawi\u0142a na aktywno\u015b\u0107 na Youtube\u2019ie oraz Instagramie. Mimo szerokiej rzeszy fan\u00f3w na Facebooku, jej ponad trzymiesi\u0119czny brak aktywno\u015bci na tej platformie spowodowa\u0142 brak jej profilu w naszych zestawieniach. <\/span><\/p>\n<h2><span style=\"font-weight: 400;\"><strong>Facebook Trends listopad 2018<\/strong> <\/span><\/h2>\n<p><span style=\"font-weight: 400;\">Co jeszcze wydarzy\u0142o si\u0119 w minionym miesi\u0105cu na Facebooku? Dowiecie si\u0119 <a href=\"https:\/\/www.sotrender.com\/trends\/facebook\/poland\/201811\">z pe\u0142nej wersji raportu<\/a>! <\/span><\/p>\n","protected":false},"excerpt":{"rendered":"<p>Cho\u0107 dla niekt\u00f3rych jest to nie do przyj\u0119cia, w listopadzie \u015bwi\u0119ta na dobre zago\u015bci\u0142y nie tylko w sklepach, ale r\u00f3wnie\u017c w mediach spo\u0142eczno\u015bciowych. Przy\u0107mi\u0142y nie tylko 11 listopada, ale r\u00f3wnie\u017c m.in. drug\u0105 tur\u0119 wybor\u00f3w samorz\u0105dowych.<\/p>\n","protected":false},"author":89,"featured_media":36457,"comment_status":"open","ping_status":"open","sticky":false,"template":"","format":"standard","meta":{"inline_featured_image":false,"footnotes":""},"categories":[1791,1797,2125],"tags":[17,491,2307,2699],"yoast_head":"<!-- This site is optimized with the Yoast SEO plugin v22.4 - https:\/\/yoast.com\/wordpress\/plugins\/seo\/ -->\n<title>Facebook Trends listopad 2018 - czy to ju\u017c \u015bwi\u0119ta?<\/title>\n<meta name=\"description\" content=\"Cho\u0107 dla niekt\u00f3rych jest to nie do przyj\u0119cia, w listopadzie \u015bwi\u0119ta na dobre zago\u015bci\u0142y nie tylko w sklepach, ale r\u00f3wnie\u017c na Facebooku.\" \/>\n<meta name=\"robots\" content=\"index, follow, max-snippet:-1, max-image-preview:large, max-video-preview:-1\" \/>\n<link rel=\"canonical\" href=\"https:\/\/www.sotrender.com\/blog\/pl\/2018\/12\/facebook-trends-listopad-2018\/\" \/>\n<meta property=\"og:locale\" content=\"pl_PL\" \/>\n<meta property=\"og:type\" content=\"article\" \/>\n<meta property=\"og:title\" content=\"Facebook Trends listopad 2018 - czy to ju\u017c \u015bwi\u0119ta?\" \/>\n<meta property=\"og:description\" content=\"Cho\u0107 dla niekt\u00f3rych jest to nie do przyj\u0119cia, w listopadzie \u015bwi\u0119ta na dobre zago\u015bci\u0142y nie tylko w sklepach, ale r\u00f3wnie\u017c na Facebooku.\" \/>\n<meta property=\"og:url\" content=\"https:\/\/www.sotrender.com\/blog\/pl\/2018\/12\/facebook-trends-listopad-2018\/\" \/>\n<meta property=\"og:site_name\" content=\"Sotrender Blog\" \/>\n<meta property=\"article:publisher\" content=\"https:\/\/www.facebook.com\/Sotrender\" \/>\n<meta property=\"article:published_time\" content=\"2018-12-12T09:56:21+00:00\" \/>\n<meta property=\"article:modified_time\" content=\"2018-12-12T12:54:57+00:00\" \/>\n<meta property=\"og:image\" content=\"https:\/\/www.sotrender.com\/blog\/wp-content\/uploads\/2018\/12\/paola-chaaya-181635-unsplash.jpg\" \/>\n\t<meta property=\"og:image:width\" content=\"1900\" \/>\n\t<meta property=\"og:image:height\" content=\"1217\" \/>\n\t<meta property=\"og:image:type\" content=\"image\/jpeg\" \/>\n<meta name=\"author\" content=\"Klaudia \u017by\u0142ka\" \/>\n<meta name=\"twitter:card\" content=\"summary_large_image\" \/>\n<meta name=\"twitter:creator\" content=\"@Sotrender\" \/>\n<meta name=\"twitter:site\" content=\"@Sotrender\" \/>\n<meta name=\"twitter:label1\" content=\"Written by\" \/>\n\t<meta name=\"twitter:data1\" content=\"Klaudia \u017by\u0142ka\" \/>\n\t<meta name=\"twitter:label2\" content=\"Est. reading time\" \/>\n\t<meta name=\"twitter:data2\" content=\"3 minutes\" \/>\n<script type=\"application\/ld+json\" class=\"yoast-schema-graph\">{\"@context\":\"https:\/\/schema.org\",\"@graph\":[{\"@type\":\"WebPage\",\"@id\":\"https:\/\/www.sotrender.com\/blog\/pl\/2018\/12\/facebook-trends-listopad-2018\/\",\"url\":\"https:\/\/www.sotrender.com\/blog\/pl\/2018\/12\/facebook-trends-listopad-2018\/\",\"name\":\"Facebook Trends listopad 2018 - czy to ju\u017c \u015bwi\u0119ta?\",\"isPartOf\":{\"@id\":\"https:\/\/www.sotrender.com\/blog\/#website\"},\"primaryImageOfPage\":{\"@id\":\"https:\/\/www.sotrender.com\/blog\/pl\/2018\/12\/facebook-trends-listopad-2018\/#primaryimage\"},\"image\":{\"@id\":\"https:\/\/www.sotrender.com\/blog\/pl\/2018\/12\/facebook-trends-listopad-2018\/#primaryimage\"},\"thumbnailUrl\":\"https:\/\/www.sotrender.com\/blog\/wp-content\/uploads\/2018\/12\/paola-chaaya-181635-unsplash.jpg\",\"datePublished\":\"2018-12-12T09:56:21+00:00\",\"dateModified\":\"2018-12-12T12:54:57+00:00\",\"author\":{\"@id\":\"https:\/\/www.sotrender.com\/blog\/#\/schema\/person\/038ac5e276c5d102d8cbb9c36cd43416\"},\"description\":\"Cho\u0107 dla niekt\u00f3rych jest to nie do przyj\u0119cia, w listopadzie \u015bwi\u0119ta na dobre zago\u015bci\u0142y nie tylko w sklepach, ale r\u00f3wnie\u017c na Facebooku.\",\"breadcrumb\":{\"@id\":\"https:\/\/www.sotrender.com\/blog\/pl\/2018\/12\/facebook-trends-listopad-2018\/#breadcrumb\"},\"inLanguage\":\"pl-PL\",\"potentialAction\":[{\"@type\":\"ReadAction\",\"target\":[\"https:\/\/www.sotrender.com\/blog\/pl\/2018\/12\/facebook-trends-listopad-2018\/\"]}]},{\"@type\":\"ImageObject\",\"inLanguage\":\"pl-PL\",\"@id\":\"https:\/\/www.sotrender.com\/blog\/pl\/2018\/12\/facebook-trends-listopad-2018\/#primaryimage\",\"url\":\"https:\/\/www.sotrender.com\/blog\/wp-content\/uploads\/2018\/12\/paola-chaaya-181635-unsplash.jpg\",\"contentUrl\":\"https:\/\/www.sotrender.com\/blog\/wp-content\/uploads\/2018\/12\/paola-chaaya-181635-unsplash.jpg\",\"width\":1900,\"height\":1217},{\"@type\":\"BreadcrumbList\",\"@id\":\"https:\/\/www.sotrender.com\/blog\/pl\/2018\/12\/facebook-trends-listopad-2018\/#breadcrumb\",\"itemListElement\":[{\"@type\":\"ListItem\",\"position\":1,\"name\":\"Home\",\"item\":\"https:\/\/www.sotrender.com\/blog\/\"},{\"@type\":\"ListItem\",\"position\":2,\"name\":\"Facebook Trends listopad 2018 &#8211; czy to ju\u017c \u015bwi\u0119ta?\"}]},{\"@type\":\"WebSite\",\"@id\":\"https:\/\/www.sotrender.com\/blog\/#website\",\"url\":\"https:\/\/www.sotrender.com\/blog\/\",\"name\":\"Sotrender Blog\",\"description\":\"\",\"potentialAction\":[{\"@type\":\"SearchAction\",\"target\":{\"@type\":\"EntryPoint\",\"urlTemplate\":\"https:\/\/www.sotrender.com\/blog\/?s={search_term_string}\"},\"query-input\":\"required name=search_term_string\"}],\"inLanguage\":\"pl-PL\"},{\"@type\":\"Person\",\"@id\":\"https:\/\/www.sotrender.com\/blog\/#\/schema\/person\/038ac5e276c5d102d8cbb9c36cd43416\",\"name\":\"Klaudia \u017by\u0142ka\",\"image\":{\"@type\":\"ImageObject\",\"inLanguage\":\"pl-PL\",\"@id\":\"https:\/\/www.sotrender.com\/blog\/#\/schema\/person\/image\/\",\"url\":\"https:\/\/secure.gravatar.com\/avatar\/f55d5d49ce3c448e1ffde0ab078d84cd?s=96&d=mm&r=g\",\"contentUrl\":\"https:\/\/secure.gravatar.com\/avatar\/f55d5d49ce3c448e1ffde0ab078d84cd?s=96&d=mm&r=g\",\"caption\":\"Klaudia \u017by\u0142ka\"},\"description\":\"Instagram, dogs, books and food lover. Former student at Warsaw University and Malm\u00f6 University. Improving her marketing skills every day. Proud owner of DIMAQ certificate\",\"sameAs\":[\"https:\/\/www.linkedin.com\/in\/klaudia-\u017cy\u0142ka-17527779\"],\"url\":\"https:\/\/www.sotrender.com\/blog\/pl\/author\/klaudia_yka\/\"}]}<\/script>\n<!-- \/ Yoast SEO plugin. -->","yoast_head_json":{"title":"Facebook Trends listopad 2018 - czy to ju\u017c \u015bwi\u0119ta?","description":"Cho\u0107 dla niekt\u00f3rych jest to nie do przyj\u0119cia, w listopadzie \u015bwi\u0119ta na dobre zago\u015bci\u0142y nie tylko w sklepach, ale r\u00f3wnie\u017c na Facebooku.","robots":{"index":"index","follow":"follow","max-snippet":"max-snippet:-1","max-image-preview":"max-image-preview:large","max-video-preview":"max-video-preview:-1"},"canonical":"https:\/\/www.sotrender.com\/blog\/pl\/2018\/12\/facebook-trends-listopad-2018\/","og_locale":"pl_PL","og_type":"article","og_title":"Facebook Trends listopad 2018 - czy to ju\u017c \u015bwi\u0119ta?","og_description":"Cho\u0107 dla niekt\u00f3rych jest to nie do przyj\u0119cia, w listopadzie \u015bwi\u0119ta na dobre zago\u015bci\u0142y nie tylko w sklepach, ale r\u00f3wnie\u017c na Facebooku.","og_url":"https:\/\/www.sotrender.com\/blog\/pl\/2018\/12\/facebook-trends-listopad-2018\/","og_site_name":"Sotrender Blog","article_publisher":"https:\/\/www.facebook.com\/Sotrender","article_published_time":"2018-12-12T09:56:21+00:00","article_modified_time":"2018-12-12T12:54:57+00:00","og_image":[{"width":1900,"height":1217,"url":"https:\/\/www.sotrender.com\/blog\/wp-content\/uploads\/2018\/12\/paola-chaaya-181635-unsplash.jpg","type":"image\/jpeg"}],"author":"Klaudia \u017by\u0142ka","twitter_card":"summary_large_image","twitter_creator":"@Sotrender","twitter_site":"@Sotrender","twitter_misc":{"Written by":"Klaudia \u017by\u0142ka","Est. reading time":"3 minutes"},"schema":{"@context":"https:\/\/schema.org","@graph":[{"@type":"WebPage","@id":"https:\/\/www.sotrender.com\/blog\/pl\/2018\/12\/facebook-trends-listopad-2018\/","url":"https:\/\/www.sotrender.com\/blog\/pl\/2018\/12\/facebook-trends-listopad-2018\/","name":"Facebook Trends listopad 2018 - czy to ju\u017c \u015bwi\u0119ta?","isPartOf":{"@id":"https:\/\/www.sotrender.com\/blog\/#website"},"primaryImageOfPage":{"@id":"https:\/\/www.sotrender.com\/blog\/pl\/2018\/12\/facebook-trends-listopad-2018\/#primaryimage"},"image":{"@id":"https:\/\/www.sotrender.com\/blog\/pl\/2018\/12\/facebook-trends-listopad-2018\/#primaryimage"},"thumbnailUrl":"https:\/\/www.sotrender.com\/blog\/wp-content\/uploads\/2018\/12\/paola-chaaya-181635-unsplash.jpg","datePublished":"2018-12-12T09:56:21+00:00","dateModified":"2018-12-12T12:54:57+00:00","author":{"@id":"https:\/\/www.sotrender.com\/blog\/#\/schema\/person\/038ac5e276c5d102d8cbb9c36cd43416"},"description":"Cho\u0107 dla niekt\u00f3rych jest to nie do przyj\u0119cia, w listopadzie \u015bwi\u0119ta na dobre zago\u015bci\u0142y nie tylko w sklepach, ale r\u00f3wnie\u017c na Facebooku.","breadcrumb":{"@id":"https:\/\/www.sotrender.com\/blog\/pl\/2018\/12\/facebook-trends-listopad-2018\/#breadcrumb"},"inLanguage":"pl-PL","potentialAction":[{"@type":"ReadAction","target":["https:\/\/www.sotrender.com\/blog\/pl\/2018\/12\/facebook-trends-listopad-2018\/"]}]},{"@type":"ImageObject","inLanguage":"pl-PL","@id":"https:\/\/www.sotrender.com\/blog\/pl\/2018\/12\/facebook-trends-listopad-2018\/#primaryimage","url":"https:\/\/www.sotrender.com\/blog\/wp-content\/uploads\/2018\/12\/paola-chaaya-181635-unsplash.jpg","contentUrl":"https:\/\/www.sotrender.com\/blog\/wp-content\/uploads\/2018\/12\/paola-chaaya-181635-unsplash.jpg","width":1900,"height":1217},{"@type":"BreadcrumbList","@id":"https:\/\/www.sotrender.com\/blog\/pl\/2018\/12\/facebook-trends-listopad-2018\/#breadcrumb","itemListElement":[{"@type":"ListItem","position":1,"name":"Home","item":"https:\/\/www.sotrender.com\/blog\/"},{"@type":"ListItem","position":2,"name":"Facebook Trends listopad 2018 &#8211; czy to ju\u017c \u015bwi\u0119ta?"}]},{"@type":"WebSite","@id":"https:\/\/www.sotrender.com\/blog\/#website","url":"https:\/\/www.sotrender.com\/blog\/","name":"Sotrender Blog","description":"","potentialAction":[{"@type":"SearchAction","target":{"@type":"EntryPoint","urlTemplate":"https:\/\/www.sotrender.com\/blog\/?s={search_term_string}"},"query-input":"required name=search_term_string"}],"inLanguage":"pl-PL"},{"@type":"Person","@id":"https:\/\/www.sotrender.com\/blog\/#\/schema\/person\/038ac5e276c5d102d8cbb9c36cd43416","name":"Klaudia \u017by\u0142ka","image":{"@type":"ImageObject","inLanguage":"pl-PL","@id":"https:\/\/www.sotrender.com\/blog\/#\/schema\/person\/image\/","url":"https:\/\/secure.gravatar.com\/avatar\/f55d5d49ce3c448e1ffde0ab078d84cd?s=96&d=mm&r=g","contentUrl":"https:\/\/secure.gravatar.com\/avatar\/f55d5d49ce3c448e1ffde0ab078d84cd?s=96&d=mm&r=g","caption":"Klaudia \u017by\u0142ka"},"description":"Instagram, dogs, books and food lover. Former student at Warsaw University and Malm\u00f6 University. Improving her marketing skills every day. Proud owner of DIMAQ certificate","sameAs":["https:\/\/www.linkedin.com\/in\/klaudia-\u017cy\u0142ka-17527779"],"url":"https:\/\/www.sotrender.com\/blog\/pl\/author\/klaudia_yka\/"}]}},"_links":{"self":[{"href":"https:\/\/www.sotrender.com\/blog\/pl\/wp-json\/wp\/v2\/posts\/36449"}],"collection":[{"href":"https:\/\/www.sotrender.com\/blog\/pl\/wp-json\/wp\/v2\/posts"}],"about":[{"href":"https:\/\/www.sotrender.com\/blog\/pl\/wp-json\/wp\/v2\/types\/post"}],"author":[{"embeddable":true,"href":"https:\/\/www.sotrender.com\/blog\/pl\/wp-json\/wp\/v2\/users\/89"}],"replies":[{"embeddable":true,"href":"https:\/\/www.sotrender.com\/blog\/pl\/wp-json\/wp\/v2\/comments?post=36449"}],"version-history":[{"count":7,"href":"https:\/\/www.sotrender.com\/blog\/pl\/wp-json\/wp\/v2\/posts\/36449\/revisions"}],"predecessor-version":[{"id":36483,"href":"https:\/\/www.sotrender.com\/blog\/pl\/wp-json\/wp\/v2\/posts\/36449\/revisions\/36483"}],"wp:featuredmedia":[{"embeddable":true,"href":"https:\/\/www.sotrender.com\/blog\/pl\/wp-json\/wp\/v2\/media\/36457"}],"wp:attachment":[{"href":"https:\/\/www.sotrender.com\/blog\/pl\/wp-json\/wp\/v2\/media?parent=36449"}],"wp:term":[{"taxonomy":"category","embeddable":true,"href":"https:\/\/www.sotrender.com\/blog\/pl\/wp-json\/wp\/v2\/categories?post=36449"},{"taxonomy":"post_tag","embeddable":true,"href":"https:\/\/www.sotrender.com\/blog\/pl\/wp-json\/wp\/v2\/tags?post=36449"}],"curies":[{"name":"wp","href":"https:\/\/api.w.org\/{rel}","templated":true}]}}