{"id":36137,"date":"2018-11-19T12:29:52","date_gmt":"2018-11-19T11:29:52","guid":{"rendered":"https:\/\/www.sotrender.com\/blog\/?p=36137\/"},"modified":"2018-11-19T12:29:52","modified_gmt":"2018-11-19T11:29:52","slug":"facebook-trends-pazdziernik-2018","status":"publish","type":"post","link":"https:\/\/www.sotrender.com\/blog\/pl\/2018\/11\/facebook-trends-pazdziernik-2018\/","title":{"rendered":"Facebook Trends pa\u017adziernik 2018 &#8211; muzycznie i filmowo"},"content":{"rendered":"<p>Muzyk\u0105 i filmem\u00a0Facebook stoi. Przynajmniej w pa\u017adzierniku &#8211; aktorzy oraz muzycy podbijali nasze serca i anga\u017cowali najbardziej. Czy by\u0142y zaskoczenia? Zdecydowanie. Ale nie zabrak\u0142o te\u017c sta\u0142ych bywalc\u00f3w, kt\u00f3rzy maj\u0105 wierne rzesze swoich fan\u00f3w.<\/p>\n<p><!--more--><\/p>\n<p>Szczeg\u00f3\u0142y znajdziecie w najnowszym raporcie <a href=\"https:\/\/www.sotrender.com\/trends\/facebook\/poland\/201810\">Facebook Trends pa\u017adziernik 2018<\/a>!<\/p>\n<h2>Podsiad\u0142o &#8211; niezmiennie<\/h2>\n<p>Dawid Podsiad\u0142o ponownie kr\u00f3luje na polskiej scenie muzycznej. Gdy w po\u0142owie pa\u017adziernika ukaza\u0142a si\u0119 jego trzecia p\u0142yta oraz nietuzinkowa akcja promuj\u0105ca album&#8230;<\/p>\n<p><iframe loading=\"lazy\" style=\"border: none; overflow: hidden;\" src=\"https:\/\/www.facebook.com\/plugins\/video.php?href=https%3A%2F%2Fwww.facebook.com%2Fpodsiadlo.dawid%2Fvideos%2F329373857838615%2F&amp;show_text=1&amp;width=476\" width=\"476\" height=\"568\" frameborder=\"0\" scrolling=\"no\" allowfullscreen=\"allowfullscreen\"><\/iframe><br \/>\n&#8230; fani nie mogli zareagowa\u0107 inaczej ni\u017c rosn\u0105cym zaanga\u017cowaniem na jego facebookowym profilu. W zestawieniu zaanga\u017cowania Podsiad\u0142o awansowa\u0142 o 15 pozycji i uplasowa\u0142 si\u0119 na 1. miejscu w\u015br\u00f3d <a href=\"https:\/\/www.sotrender.com\/trends\/facebook\/poland\/201810\/osoby\/muzycy_zespoly\">muzyk\u00f3w<\/a>.<\/p>\n<div id=\"attachment_36191\" style=\"width: 810px\" class=\"wp-caption aligncenter\"><img loading=\"lazy\" decoding=\"async\" aria-describedby=\"caption-attachment-36191\" class=\" wp-image-36191\" src=\"https:\/\/www.sotrender.com\/blog\/wp-content\/uploads\/2018\/11\/fb-10-muzycy-zaangazowanie.png\" alt=\"Facebook Trends pa\u017adziernik 2018, kategoria Muzycy i zespo\u0142y \" width=\"800\" height=\"430\" srcset=\"https:\/\/www.sotrender.com\/blog\/wp-content\/uploads\/2018\/11\/fb-10-muzycy-zaangazowanie.png 964w, https:\/\/www.sotrender.com\/blog\/wp-content\/uploads\/2018\/11\/fb-10-muzycy-zaangazowanie-475x255.png 475w, https:\/\/www.sotrender.com\/blog\/wp-content\/uploads\/2018\/11\/fb-10-muzycy-zaangazowanie-768x413.png 768w, https:\/\/www.sotrender.com\/blog\/wp-content\/uploads\/2018\/11\/fb-10-muzycy-zaangazowanie-950x510.png 950w\" sizes=\"(max-width: 800px) 100vw, 800px\" \/><p id=\"caption-attachment-36191\" class=\"wp-caption-text\">Facebook Trends pa\u017adziernik 2018, kategoria <a href=\"https:\/\/www.sotrender.com\/trends\/facebook\/poland\/201810\/osoby\/muzycy_zespoly\">Muzycy i zespo\u0142y<\/a><\/p><\/div>\n<h2>Golec Uorkiestra &#8211; zaskakuj\u0105co<\/h2>\n<p>Sporym zaskoczeniem w pa\u017adziernikowych Trendsach jest awans Golec Uorkiestra. Pewnie r\u00f3wnie jak my, jeste\u015bcie ciekawi czym by\u0142o to spowodowane. Ot\u00f3\u017c pewn\u0105, zwi\u0105zan\u0105 z 100. rocznic\u0105 niepodleg\u0142o\u015bci, produkcj\u0105.<\/p>\n<p><iframe loading=\"lazy\" style=\"border: none; overflow: hidden;\" src=\"https:\/\/www.facebook.com\/plugins\/video.php?href=https%3A%2F%2Fwww.facebook.com%2Fgolecuorkiestra%2Fvideos%2F248816115787223%2F&amp;show_text=0&amp;width=560\" width=\"560\" height=\"315\" frameborder=\"0\" scrolling=\"no\" allowfullscreen=\"allowfullscreen\"><\/iframe><br \/>\nNie martwcie si\u0119, nam r\u00f3wnie\u017c to umkn\u0119\u0142o, ale w ko\u0144cu&#8230; od czego s\u0105 Trendsy \ud83d\ude09<\/p>\n<p>Materia\u0142 pozwoli\u0142 na awans profilu Golec Uorkiestra o 20 pozycji w kategorii Aktywnych u\u017cytkownik\u00f3w.<\/p>\n<div id=\"attachment_36193\" style=\"width: 811px\" class=\"wp-caption aligncenter\"><img loading=\"lazy\" decoding=\"async\" aria-describedby=\"caption-attachment-36193\" class=\" wp-image-36193\" src=\"https:\/\/www.sotrender.com\/blog\/wp-content\/uploads\/2018\/11\/fb-10-muzycy-aktywni-uz.png\" alt=\"Facebook Trends pa\u017adziernik 2018, kategoria Muzycy i zespo\u0142y\" width=\"801\" height=\"429\" srcset=\"https:\/\/www.sotrender.com\/blog\/wp-content\/uploads\/2018\/11\/fb-10-muzycy-aktywni-uz.png 963w, https:\/\/www.sotrender.com\/blog\/wp-content\/uploads\/2018\/11\/fb-10-muzycy-aktywni-uz-475x255.png 475w, https:\/\/www.sotrender.com\/blog\/wp-content\/uploads\/2018\/11\/fb-10-muzycy-aktywni-uz-768x412.png 768w, https:\/\/www.sotrender.com\/blog\/wp-content\/uploads\/2018\/11\/fb-10-muzycy-aktywni-uz-950x509.png 950w\" sizes=\"(max-width: 801px) 100vw, 801px\" \/><p id=\"caption-attachment-36193\" class=\"wp-caption-text\">Facebook Trends pa\u017adziernik 2018, kategoria <a href=\"https:\/\/www.sotrender.com\/trends\/facebook\/poland\/201810\/osoby\/muzycy_zespoly\">Muzycy i zespo\u0142y<\/a><\/p><\/div>\n<h2>Maciej Musia\u0142 &#8211; premierowo<\/h2>\n<p>Wraz ze swoim udzia\u0142em w najnowszej produkcji Neflixa &#8220;1983&#8221;, Maciej Musia\u0142, po kilkumiesi\u0119cznej nieobecno\u015bci, powraca na Facebooka.<\/p>\n<p><iframe loading=\"lazy\" style=\"border: none; overflow: hidden;\" src=\"https:\/\/www.facebook.com\/plugins\/video.php?href=https%3A%2F%2Fwww.facebook.com%2Fnetflixpolska%2Fvideos%2F1805356196247809%2F&amp;show_text=0&amp;width=560\" width=\"560\" height=\"315\" frameborder=\"0\" scrolling=\"no\" allowfullscreen=\"allowfullscreen\"><\/iframe><\/p>\n<p>W kategorii <a href=\"https:\/\/www.sotrender.com\/trends\/facebook\/poland\/201810\/kultura\">Kultura i sztuka<\/a> plasuje si\u0119 na pozycji nr 20. pod wzgl\u0119dem liczby fan\u00f3w. Czy wraz z premier\u0105 serialu zyska na popularno\u015bci?<\/p>\n<div id=\"attachment_36195\" style=\"width: 813px\" class=\"wp-caption aligncenter\"><img loading=\"lazy\" decoding=\"async\" aria-describedby=\"caption-attachment-36195\" class=\" wp-image-36195\" src=\"https:\/\/www.sotrender.com\/blog\/wp-content\/uploads\/2018\/11\/maciej-musial.png\" alt=\"Facebook Trends pa\u017adziernik 2018, kategoria Kultura i sztuka\" width=\"803\" height=\"254\" srcset=\"https:\/\/www.sotrender.com\/blog\/wp-content\/uploads\/2018\/11\/maciej-musial.png 999w, https:\/\/www.sotrender.com\/blog\/wp-content\/uploads\/2018\/11\/maciej-musial-475x150.png 475w, https:\/\/www.sotrender.com\/blog\/wp-content\/uploads\/2018\/11\/maciej-musial-768x243.png 768w, https:\/\/www.sotrender.com\/blog\/wp-content\/uploads\/2018\/11\/maciej-musial-950x301.png 950w\" sizes=\"(max-width: 803px) 100vw, 803px\" \/><p id=\"caption-attachment-36195\" class=\"wp-caption-text\">Facebook Trends pa\u017adziernik 2018, kategoria <a href=\"https:\/\/www.sotrender.com\/trends\/facebook\/poland\/201810\/kultura\">Kultura i sztuka<\/a><\/p><\/div>\n<h2>Facebook Trends pa\u017adziernik 2018<\/h2>\n<p>Co jeszcze wydarzy\u0142o si\u0119 na Facebooku w minionym miesi\u0105cu? Dowiecie si\u0119 jak zawsze z raportu <a href=\"https:\/\/www.sotrender.com\/trends\/facebook\/poland\/201810\">Facebook Trends<\/a>!<\/p>\n<p>&nbsp;<\/p>\n","protected":false},"excerpt":{"rendered":"<p>Muzyk\u0105 i filmem\u00a0Facebook stoi. Przynajmniej w pa\u017adzierniku &#8211; aktorzy oraz muzycy podbijali nasze serca i anga\u017cowali najbardziej. Czy by\u0142y zaskoczenia? Zdecydowanie. Ale nie zabrak\u0142o te\u017c sta\u0142ych bywalc\u00f3w, kt\u00f3rzy maj\u0105 wierne rzesze swoich fan\u00f3w.<\/p>\n","protected":false},"author":89,"featured_media":36139,"comment_status":"open","ping_status":"open","sticky":false,"template":"","format":"standard","meta":{"inline_featured_image":false,"footnotes":""},"categories":[1791,1797,2125],"tags":[17,2001,2307],"yoast_head":"<!-- This site is optimized with the Yoast SEO plugin v22.4 - https:\/\/yoast.com\/wordpress\/plugins\/seo\/ -->\n<title>Facebook Trends pa\u017adziernik 2018 - muzycznie i filmowo \u2013 Sotrender Blog \u2013 Analyze, Benchmark &amp; Report Your Social Media Performance<\/title>\n<meta name=\"description\" content=\"Muzyk\u0105 i filmem\u00a0Facebook stoi. Przynajmniej w pa\u017adzierniku - aktorzy oraz muzycy podbijali nasze serca i anga\u017cowali najbardziej.\" \/>\n<meta name=\"robots\" content=\"index, follow, max-snippet:-1, max-image-preview:large, max-video-preview:-1\" \/>\n<link rel=\"canonical\" href=\"https:\/\/www.sotrender.com\/blog\/pl\/2018\/11\/facebook-trends-pazdziernik-2018\/\" \/>\n<meta property=\"og:locale\" content=\"pl_PL\" \/>\n<meta property=\"og:type\" content=\"article\" \/>\n<meta property=\"og:title\" content=\"Facebook Trends pa\u017adziernik 2018 - muzycznie i filmowo \u2013 Sotrender Blog \u2013 Analyze, Benchmark &amp; Report Your Social Media Performance\" \/>\n<meta property=\"og:description\" content=\"Muzyk\u0105 i filmem\u00a0Facebook stoi. Przynajmniej w pa\u017adzierniku - aktorzy oraz muzycy podbijali nasze serca i anga\u017cowali najbardziej.\" \/>\n<meta property=\"og:url\" content=\"https:\/\/www.sotrender.com\/blog\/pl\/2018\/11\/facebook-trends-pazdziernik-2018\/\" \/>\n<meta property=\"og:site_name\" content=\"Sotrender Blog\" \/>\n<meta property=\"article:publisher\" content=\"https:\/\/www.facebook.com\/Sotrender\" \/>\n<meta property=\"article:published_time\" content=\"2018-11-19T11:29:52+00:00\" \/>\n<meta property=\"og:image\" content=\"https:\/\/www.sotrender.com\/blog\/wp-content\/uploads\/2018\/11\/james-stamler-2.jpg\" \/>\n\t<meta property=\"og:image:width\" content=\"2000\" \/>\n\t<meta property=\"og:image:height\" content=\"1333\" \/>\n\t<meta property=\"og:image:type\" content=\"image\/jpeg\" \/>\n<meta name=\"author\" content=\"Klaudia \u017by\u0142ka\" \/>\n<meta name=\"twitter:card\" content=\"summary_large_image\" \/>\n<meta name=\"twitter:creator\" content=\"@Sotrender\" \/>\n<meta name=\"twitter:site\" content=\"@Sotrender\" \/>\n<meta name=\"twitter:label1\" content=\"Written by\" \/>\n\t<meta name=\"twitter:data1\" content=\"Klaudia \u017by\u0142ka\" \/>\n\t<meta name=\"twitter:label2\" content=\"Est. reading time\" \/>\n\t<meta name=\"twitter:data2\" content=\"2 minutes\" \/>\n<script type=\"application\/ld+json\" class=\"yoast-schema-graph\">{\"@context\":\"https:\/\/schema.org\",\"@graph\":[{\"@type\":\"WebPage\",\"@id\":\"https:\/\/www.sotrender.com\/blog\/pl\/2018\/11\/facebook-trends-pazdziernik-2018\/\",\"url\":\"https:\/\/www.sotrender.com\/blog\/pl\/2018\/11\/facebook-trends-pazdziernik-2018\/\",\"name\":\"Facebook Trends pa\u017adziernik 2018 - muzycznie i filmowo \u2013 Sotrender Blog \u2013 Analyze, Benchmark & Report Your Social Media Performance\",\"isPartOf\":{\"@id\":\"https:\/\/www.sotrender.com\/blog\/#website\"},\"primaryImageOfPage\":{\"@id\":\"https:\/\/www.sotrender.com\/blog\/pl\/2018\/11\/facebook-trends-pazdziernik-2018\/#primaryimage\"},\"image\":{\"@id\":\"https:\/\/www.sotrender.com\/blog\/pl\/2018\/11\/facebook-trends-pazdziernik-2018\/#primaryimage\"},\"thumbnailUrl\":\"https:\/\/www.sotrender.com\/blog\/wp-content\/uploads\/2018\/11\/james-stamler-2.jpg\",\"datePublished\":\"2018-11-19T11:29:52+00:00\",\"dateModified\":\"2018-11-19T11:29:52+00:00\",\"author\":{\"@id\":\"https:\/\/www.sotrender.com\/blog\/#\/schema\/person\/038ac5e276c5d102d8cbb9c36cd43416\"},\"description\":\"Muzyk\u0105 i filmem\u00a0Facebook stoi. Przynajmniej w pa\u017adzierniku - aktorzy oraz muzycy podbijali nasze serca i anga\u017cowali najbardziej.\",\"breadcrumb\":{\"@id\":\"https:\/\/www.sotrender.com\/blog\/pl\/2018\/11\/facebook-trends-pazdziernik-2018\/#breadcrumb\"},\"inLanguage\":\"pl-PL\",\"potentialAction\":[{\"@type\":\"ReadAction\",\"target\":[\"https:\/\/www.sotrender.com\/blog\/pl\/2018\/11\/facebook-trends-pazdziernik-2018\/\"]}]},{\"@type\":\"ImageObject\",\"inLanguage\":\"pl-PL\",\"@id\":\"https:\/\/www.sotrender.com\/blog\/pl\/2018\/11\/facebook-trends-pazdziernik-2018\/#primaryimage\",\"url\":\"https:\/\/www.sotrender.com\/blog\/wp-content\/uploads\/2018\/11\/james-stamler-2.jpg\",\"contentUrl\":\"https:\/\/www.sotrender.com\/blog\/wp-content\/uploads\/2018\/11\/james-stamler-2.jpg\",\"width\":2000,\"height\":1333},{\"@type\":\"BreadcrumbList\",\"@id\":\"https:\/\/www.sotrender.com\/blog\/pl\/2018\/11\/facebook-trends-pazdziernik-2018\/#breadcrumb\",\"itemListElement\":[{\"@type\":\"ListItem\",\"position\":1,\"name\":\"Home\",\"item\":\"https:\/\/www.sotrender.com\/blog\/\"},{\"@type\":\"ListItem\",\"position\":2,\"name\":\"Facebook Trends pa\u017adziernik 2018 &#8211; muzycznie i filmowo\"}]},{\"@type\":\"WebSite\",\"@id\":\"https:\/\/www.sotrender.com\/blog\/#website\",\"url\":\"https:\/\/www.sotrender.com\/blog\/\",\"name\":\"Sotrender Blog\",\"description\":\"\",\"potentialAction\":[{\"@type\":\"SearchAction\",\"target\":{\"@type\":\"EntryPoint\",\"urlTemplate\":\"https:\/\/www.sotrender.com\/blog\/?s={search_term_string}\"},\"query-input\":\"required name=search_term_string\"}],\"inLanguage\":\"pl-PL\"},{\"@type\":\"Person\",\"@id\":\"https:\/\/www.sotrender.com\/blog\/#\/schema\/person\/038ac5e276c5d102d8cbb9c36cd43416\",\"name\":\"Klaudia \u017by\u0142ka\",\"image\":{\"@type\":\"ImageObject\",\"inLanguage\":\"pl-PL\",\"@id\":\"https:\/\/www.sotrender.com\/blog\/#\/schema\/person\/image\/\",\"url\":\"https:\/\/secure.gravatar.com\/avatar\/f55d5d49ce3c448e1ffde0ab078d84cd?s=96&d=mm&r=g\",\"contentUrl\":\"https:\/\/secure.gravatar.com\/avatar\/f55d5d49ce3c448e1ffde0ab078d84cd?s=96&d=mm&r=g\",\"caption\":\"Klaudia \u017by\u0142ka\"},\"description\":\"Instagram, dogs, books and food lover. Former student at Warsaw University and Malm\u00f6 University. Improving her marketing skills every day. Proud owner of DIMAQ certificate\",\"sameAs\":[\"https:\/\/www.linkedin.com\/in\/klaudia-\u017cy\u0142ka-17527779\"],\"url\":\"https:\/\/www.sotrender.com\/blog\/pl\/author\/klaudia_yka\/\"}]}<\/script>\n<!-- \/ Yoast SEO plugin. -->","yoast_head_json":{"title":"Facebook Trends pa\u017adziernik 2018 - muzycznie i filmowo \u2013 Sotrender Blog \u2013 Analyze, Benchmark & Report Your Social Media Performance","description":"Muzyk\u0105 i filmem\u00a0Facebook stoi. Przynajmniej w pa\u017adzierniku - aktorzy oraz muzycy podbijali nasze serca i anga\u017cowali najbardziej.","robots":{"index":"index","follow":"follow","max-snippet":"max-snippet:-1","max-image-preview":"max-image-preview:large","max-video-preview":"max-video-preview:-1"},"canonical":"https:\/\/www.sotrender.com\/blog\/pl\/2018\/11\/facebook-trends-pazdziernik-2018\/","og_locale":"pl_PL","og_type":"article","og_title":"Facebook Trends pa\u017adziernik 2018 - muzycznie i filmowo \u2013 Sotrender Blog \u2013 Analyze, Benchmark & Report Your Social Media Performance","og_description":"Muzyk\u0105 i filmem\u00a0Facebook stoi. Przynajmniej w pa\u017adzierniku - aktorzy oraz muzycy podbijali nasze serca i anga\u017cowali najbardziej.","og_url":"https:\/\/www.sotrender.com\/blog\/pl\/2018\/11\/facebook-trends-pazdziernik-2018\/","og_site_name":"Sotrender Blog","article_publisher":"https:\/\/www.facebook.com\/Sotrender","article_published_time":"2018-11-19T11:29:52+00:00","og_image":[{"width":2000,"height":1333,"url":"https:\/\/www.sotrender.com\/blog\/wp-content\/uploads\/2018\/11\/james-stamler-2.jpg","type":"image\/jpeg"}],"author":"Klaudia \u017by\u0142ka","twitter_card":"summary_large_image","twitter_creator":"@Sotrender","twitter_site":"@Sotrender","twitter_misc":{"Written by":"Klaudia \u017by\u0142ka","Est. reading time":"2 minutes"},"schema":{"@context":"https:\/\/schema.org","@graph":[{"@type":"WebPage","@id":"https:\/\/www.sotrender.com\/blog\/pl\/2018\/11\/facebook-trends-pazdziernik-2018\/","url":"https:\/\/www.sotrender.com\/blog\/pl\/2018\/11\/facebook-trends-pazdziernik-2018\/","name":"Facebook Trends pa\u017adziernik 2018 - muzycznie i filmowo \u2013 Sotrender Blog \u2013 Analyze, Benchmark & Report Your Social Media Performance","isPartOf":{"@id":"https:\/\/www.sotrender.com\/blog\/#website"},"primaryImageOfPage":{"@id":"https:\/\/www.sotrender.com\/blog\/pl\/2018\/11\/facebook-trends-pazdziernik-2018\/#primaryimage"},"image":{"@id":"https:\/\/www.sotrender.com\/blog\/pl\/2018\/11\/facebook-trends-pazdziernik-2018\/#primaryimage"},"thumbnailUrl":"https:\/\/www.sotrender.com\/blog\/wp-content\/uploads\/2018\/11\/james-stamler-2.jpg","datePublished":"2018-11-19T11:29:52+00:00","dateModified":"2018-11-19T11:29:52+00:00","author":{"@id":"https:\/\/www.sotrender.com\/blog\/#\/schema\/person\/038ac5e276c5d102d8cbb9c36cd43416"},"description":"Muzyk\u0105 i filmem\u00a0Facebook stoi. Przynajmniej w pa\u017adzierniku - aktorzy oraz muzycy podbijali nasze serca i anga\u017cowali najbardziej.","breadcrumb":{"@id":"https:\/\/www.sotrender.com\/blog\/pl\/2018\/11\/facebook-trends-pazdziernik-2018\/#breadcrumb"},"inLanguage":"pl-PL","potentialAction":[{"@type":"ReadAction","target":["https:\/\/www.sotrender.com\/blog\/pl\/2018\/11\/facebook-trends-pazdziernik-2018\/"]}]},{"@type":"ImageObject","inLanguage":"pl-PL","@id":"https:\/\/www.sotrender.com\/blog\/pl\/2018\/11\/facebook-trends-pazdziernik-2018\/#primaryimage","url":"https:\/\/www.sotrender.com\/blog\/wp-content\/uploads\/2018\/11\/james-stamler-2.jpg","contentUrl":"https:\/\/www.sotrender.com\/blog\/wp-content\/uploads\/2018\/11\/james-stamler-2.jpg","width":2000,"height":1333},{"@type":"BreadcrumbList","@id":"https:\/\/www.sotrender.com\/blog\/pl\/2018\/11\/facebook-trends-pazdziernik-2018\/#breadcrumb","itemListElement":[{"@type":"ListItem","position":1,"name":"Home","item":"https:\/\/www.sotrender.com\/blog\/"},{"@type":"ListItem","position":2,"name":"Facebook Trends pa\u017adziernik 2018 &#8211; muzycznie i filmowo"}]},{"@type":"WebSite","@id":"https:\/\/www.sotrender.com\/blog\/#website","url":"https:\/\/www.sotrender.com\/blog\/","name":"Sotrender Blog","description":"","potentialAction":[{"@type":"SearchAction","target":{"@type":"EntryPoint","urlTemplate":"https:\/\/www.sotrender.com\/blog\/?s={search_term_string}"},"query-input":"required name=search_term_string"}],"inLanguage":"pl-PL"},{"@type":"Person","@id":"https:\/\/www.sotrender.com\/blog\/#\/schema\/person\/038ac5e276c5d102d8cbb9c36cd43416","name":"Klaudia \u017by\u0142ka","image":{"@type":"ImageObject","inLanguage":"pl-PL","@id":"https:\/\/www.sotrender.com\/blog\/#\/schema\/person\/image\/","url":"https:\/\/secure.gravatar.com\/avatar\/f55d5d49ce3c448e1ffde0ab078d84cd?s=96&d=mm&r=g","contentUrl":"https:\/\/secure.gravatar.com\/avatar\/f55d5d49ce3c448e1ffde0ab078d84cd?s=96&d=mm&r=g","caption":"Klaudia \u017by\u0142ka"},"description":"Instagram, dogs, books and food lover. Former student at Warsaw University and Malm\u00f6 University. Improving her marketing skills every day. Proud owner of DIMAQ certificate","sameAs":["https:\/\/www.linkedin.com\/in\/klaudia-\u017cy\u0142ka-17527779"],"url":"https:\/\/www.sotrender.com\/blog\/pl\/author\/klaudia_yka\/"}]}},"_links":{"self":[{"href":"https:\/\/www.sotrender.com\/blog\/pl\/wp-json\/wp\/v2\/posts\/36137"}],"collection":[{"href":"https:\/\/www.sotrender.com\/blog\/pl\/wp-json\/wp\/v2\/posts"}],"about":[{"href":"https:\/\/www.sotrender.com\/blog\/pl\/wp-json\/wp\/v2\/types\/post"}],"author":[{"embeddable":true,"href":"https:\/\/www.sotrender.com\/blog\/pl\/wp-json\/wp\/v2\/users\/89"}],"replies":[{"embeddable":true,"href":"https:\/\/www.sotrender.com\/blog\/pl\/wp-json\/wp\/v2\/comments?post=36137"}],"version-history":[{"count":9,"href":"https:\/\/www.sotrender.com\/blog\/pl\/wp-json\/wp\/v2\/posts\/36137\/revisions"}],"predecessor-version":[{"id":36215,"href":"https:\/\/www.sotrender.com\/blog\/pl\/wp-json\/wp\/v2\/posts\/36137\/revisions\/36215"}],"wp:featuredmedia":[{"embeddable":true,"href":"https:\/\/www.sotrender.com\/blog\/pl\/wp-json\/wp\/v2\/media\/36139"}],"wp:attachment":[{"href":"https:\/\/www.sotrender.com\/blog\/pl\/wp-json\/wp\/v2\/media?parent=36137"}],"wp:term":[{"taxonomy":"category","embeddable":true,"href":"https:\/\/www.sotrender.com\/blog\/pl\/wp-json\/wp\/v2\/categories?post=36137"},{"taxonomy":"post_tag","embeddable":true,"href":"https:\/\/www.sotrender.com\/blog\/pl\/wp-json\/wp\/v2\/tags?post=36137"}],"curies":[{"name":"wp","href":"https:\/\/api.w.org\/{rel}","templated":true}]}}