{"id":35949,"date":"2018-11-05T14:32:07","date_gmt":"2018-11-05T13:32:07","guid":{"rendered":"https:\/\/www.sotrender.com\/blog\/?p=35949\/"},"modified":"2020-01-16T08:30:08","modified_gmt":"2020-01-16T07:30:08","slug":"analizuj-konta-biznesowe-na-instagramie-od-teraz-w-sotrenderze","status":"publish","type":"post","link":"https:\/\/www.sotrender.com\/blog\/pl\/2018\/11\/analizuj-konta-biznesowe-na-instagramie-od-teraz-w-sotrenderze\/","title":{"rendered":"Analizuj konta biznesowe na Instagramie &#8211; od teraz w Sotrenderze!"},"content":{"rendered":"<p><b>To ten moment! Og\u0142aszamy i uruchamiamy zupe\u0142nie now\u0105 analityk\u0119 dla kont biznesowych na Instagramie! <\/b><\/p>\n<p><!--more--><\/p>\n<p><span style=\"font-weight: 400;\">Instagram powoli zaczyna dominowa\u0107 scen\u0119 social media. Liczby s\u0105 naprawd\u0119 imponuj\u0105ce &#8211; w chwili obecnej z Instagrama korzysta ponad miliard u\u017cytkownik\u00f3w, a z samych Stories ponad 400 milion\u00f3w u\u017cytkownik\u00f3w dziennie! <\/span><\/p>\n<p><span style=\"font-weight: 400;\">Ten nieustanny wzrost znaczenia Instagrama dla biznesu, oznacza jednocze\u015bnie rosn\u0105ce potrzeby jego pog\u0142\u0119bionej analityki. <\/span><\/p>\n<p><span style=\"font-weight: 400;\">Jednak jedn\u0105 z wi\u0119kszych przeszk\u00f3d, jakie napotykaj\u0105 marketerzy w tym obszarze jest ograniczona analityka, jak\u0105 oferuje konto biznesowe na Instagramie. Sk\u0105d wi\u0119c czerpa\u0107 kompleksowe i szczeg\u00f3\u0142owe dane o efektywno\u015bci naszych dzia\u0142a\u0144? Poszukiwanie rozwi\u0105zania tego problemu oraz wdro\u017cenie rozwi\u0105za\u0144, kt\u00f3re b\u0119d\u0105 odpowiedzi\u0105 na faktyczne potrzeby marketer\u00f3w w tym obszarze, by\u0142o celem naszych wielomiesi\u0119cznych prac. <\/span><\/p>\n<p><span style=\"font-weight: 400;\">Jeste\u015bmy przekonani, \u017ce nasz wysi\u0142ek si\u0119 op\u0142aci\u0142 i tym samym oddajemy w Wasze r\u0119ce dost\u0119p do szerokiej gamy danych, wska\u017anik\u00f3w i wykres\u00f3w dotycz\u0105cych analizy kont na Instagramie. <\/span><\/p>\n<p><span style=\"font-weight: 400;\">Gotowi by pozna\u0107 szczeg\u00f3\u0142y? Zaczynamy! <\/span><\/p>\n<h2><span style=\"font-weight: 400;\">Dlaczego warto analizowa\u0107 biznesowe konto na Instagramie w Sotrenderze? <\/span><\/h2>\n<h2><b>Analizuj dane dla dowolnego okresu <\/b><\/h2>\n<p><span style=\"font-weight: 400;\">Zacznijmy od jednego z najwi\u0119kszych ogranicze\u0144, z jakimi borykaj\u0105 si\u0119 u\u017cytkownicy Instagrama. Instagram Insights, dost\u0119pne w ramach kont biznesowych, przedstawia dane jedynie za ostatnich 7 dni, bez mo\u017cliwo\u015bci edycji tego okresu oraz bez dost\u0119pu do starszych danych. <\/span><\/p>\n<p><span style=\"font-weight: 400;\">Jak analizowa\u0107 dane w d\u0142u\u017cszej perspektywie? Jak sprawdzi\u0107 efektywno\u015b\u0107 naszych profili za ca\u0142y bie\u017c\u0105cy miesi\u0105c, poprzedni miesi\u0105c, ca\u0142y kwarta\u0142 lub jakikolwiek inny okres czasu, kiedy np. przeprowadzali\u015bmy kampani\u0119 sezonow\u0105? <\/span><\/p>\n<p><span style=\"font-weight: 400;\">Od teraz, bez problemu, zrobicie to w <a href=\"http:\/\/www.sotrender.com\">Sotrenderze<\/a>. Dzi\u0119ki wprowadzeniu nowej analityki biznesowego Instagrama, macie mo\u017cliwo\u015b\u0107 wybrania dowolnego okresu, dla jakiego chcecie przeanalizowa\u0107 dane dla swoich profili. <\/span><\/p>\n<p><span style=\"font-weight: 400;\">Dodatkowo, od razu po za\u0142o\u017ceniu konta i pod\u0142\u0105czeniu profili, macie dost\u0119p do 1 miesi\u0105ca danych historycznych.<\/span><\/p>\n<p style=\"text-align: center;\"><!--HubSpot Call-to-Action Code --><span id=\"hs-cta-wrapper-e7a602aa-acd1-4637-9dfe-8b0c4101cc3b\" class=\"hs-cta-wrapper\"><span id=\"hs-cta-e7a602aa-acd1-4637-9dfe-8b0c4101cc3b\" class=\"hs-cta-node hs-cta-e7a602aa-acd1-4637-9dfe-8b0c4101cc3b\"><!-- [if lte IE 8]><\/p>\n\n\n\n\n\n<div id=\"hs-cta-ie-element\"><\/div>\n\n\n<![endif]--><a href=\"https:\/\/cta-redirect.hubspot.com\/cta\/redirect\/3842881\/e7a602aa-acd1-4637-9dfe-8b0c4101cc3b\" target=\"_blank\" rel=\"noopener\"><img decoding=\"async\" id=\"hs-cta-img-e7a602aa-acd1-4637-9dfe-8b0c4101cc3b\" class=\"hs-cta-img aligncenter\" style=\"border-width: 0px;\" src=\"https:\/\/no-cache.hubspot.com\/cta\/default\/3842881\/e7a602aa-acd1-4637-9dfe-8b0c4101cc3b.png\" alt=\"Analizuj Instagram w Sotrenderze\" \/><\/a><\/span><script charset=\"utf-8\" src=\"https:\/\/js.hscta.net\/cta\/current.js\"><\/script><script type=\"text\/javascript\"> hbspt.cta.load(3842881, 'e7a602aa-acd1-4637-9dfe-8b0c4101cc3b', {}); <\/script><\/span><!-- end HubSpot Call-to-Action Code --><\/p>\n<p class=\"p1\">Warto w tym miejscu wspomnie\u0107, \u017ce Instagram <a href=\"https:\/\/www.sotrender.com\/blog\/pl\/2020\/01\/ukrycie-polubien-na-instagramie-zrewolucjonizuje-marketing\/\">testuje ukrywanie polubie\u0144 pod postami u\u017cytkownik\u00f3w<\/a>. Je\u015bli dojdzie do tej zmiany, liczba polubie\u0144 b\u0119dzie dost\u0119pna jedynie dla w\u0142a\u015bciciela konta.<\/p>\n<p class=\"p1\">Oczywi\u015bcie informacja o liczbie polubie\u0144 b\u0119dzie dalej widoczna w Sotrenderze, poniewa\u017c API Instagrama wci\u0105\u017c b\u0119dzie udost\u0119pnia\u0142o tak\u0105 informacj\u0119.<\/p>\n<p class=\"p1\">W naszej aplikacji dost\u0119pny jest wykres przedstawiaj\u0105cy aktywno\u015bci u\u017cytkownik\u00f3w w czasie, kt\u00f3ry mo\u017ce by\u0107 szczeg\u00f3lnie przydatny, je\u015bli chcieliby\u015bcie analizowa\u0107 zaanga\u017cowanie u\u017cytkownik\u00f3w, w tym liczb\u0119 polubie\u0144, dzie\u0144 po dniu w wybranym okresie.<\/p>\n<div id=\"attachment_39365\" style=\"width: 811px\" class=\"wp-caption aligncenter\"><img loading=\"lazy\" decoding=\"async\" aria-describedby=\"caption-attachment-39365\" class=\" wp-image-39365\" src=\"https:\/\/www.sotrender.com\/blog\/wp-content\/uploads\/2018\/11\/sot_chart-47-1.png\" alt=\"Aktywno\u015bci u\u017cytkownik\u00f3w \" width=\"801\" height=\"534\" srcset=\"https:\/\/www.sotrender.com\/blog\/wp-content\/uploads\/2018\/11\/sot_chart-47-1.png 1600w, https:\/\/www.sotrender.com\/blog\/wp-content\/uploads\/2018\/11\/sot_chart-47-1-475x317.png 475w, https:\/\/www.sotrender.com\/blog\/wp-content\/uploads\/2018\/11\/sot_chart-47-1-768x512.png 768w, https:\/\/www.sotrender.com\/blog\/wp-content\/uploads\/2018\/11\/sot_chart-47-1-950x634.png 950w\" sizes=\"(max-width: 801px) 100vw, 801px\" \/><p id=\"caption-attachment-39365\" class=\"wp-caption-text\">Aktywno\u015bci u\u017cytkownik\u00f3w, <a href=\"http:\/\/www.sotrender.com\/pl\">Sotrender<\/a><\/p><\/div>\n<h2><b>Monitoruj zachowania i zainteresowania swoich odbiorc\u00f3w <\/b><\/h2>\n<p><span style=\"font-weight: 400;\">Poznanie swojej grupy docelowej to podstawa skutecznego marketingu, szczeg\u00f3lnie na Instagramie. <\/span><\/p>\n<p><span style=\"font-weight: 400;\">Dlatego te\u017c od teraz w Sotrenderze znajdziecie wiele nowych informacji o swoich obserwuj\u0105cych. Jest to nie tylko szerszy zakres danych w por\u00f3wnaniu do tych dotychczas dost\u0119pnych w Sotrenderze, ale r\u00f3wnie\u017c w por\u00f3wnaniu do Instagram Insights. <\/span><\/p>\n<p><span style=\"font-weight: 400;\">Do przyk\u0142adowych danych, jakie znajdziecie obecnie w aplikacji nale\u017c\u0105 m.in.: <\/span><\/p>\n<p><b>Liczba obserwator\u00f3w w podziale na dni oraz przyrost dzienny <\/b><\/p>\n<p><span style=\"font-weight: 400;\">Jak ju\u017c wiecie, Instagram przedstawia statystyki obejmuj\u0105ce jedynie minione 7 dni. Dotyczy to tak\u017ce liczby fan\u00f3w i ich przyrostu. Jednak tu pojawia si\u0119 kolejny problem &#8211; jest to jedynie liczba \u0142\u0105czna. <\/span><\/p>\n<p><span style=\"font-weight: 400;\">Jak liczba obserwuj\u0105cych zmienia\u0142a si\u0119 w uj\u0119ciu dziennym? By\u0107 mo\u017ce zosta\u0142o opublikowane co\u015b, co spowodowa\u0142o znaczny przyrost nowych obserwator\u00f3w? Z pewno\u015bci\u0105 jest to informacja warta odnotowania i przeanalizowania. <\/span><\/p>\n<div id=\"attachment_35951\" style=\"width: 812px\" class=\"wp-caption aligncenter\"><img loading=\"lazy\" decoding=\"async\" aria-describedby=\"caption-attachment-35951\" class=\" wp-image-35951\" src=\"https:\/\/www.sotrender.com\/blog\/wp-content\/uploads\/2018\/11\/sot_chart-17.png\" alt=\"Liczba obserwator\u00f3w\" width=\"802\" height=\"535\" srcset=\"https:\/\/www.sotrender.com\/blog\/wp-content\/uploads\/2018\/11\/sot_chart-17.png 1600w, https:\/\/www.sotrender.com\/blog\/wp-content\/uploads\/2018\/11\/sot_chart-17-475x317.png 475w, https:\/\/www.sotrender.com\/blog\/wp-content\/uploads\/2018\/11\/sot_chart-17-768x512.png 768w, https:\/\/www.sotrender.com\/blog\/wp-content\/uploads\/2018\/11\/sot_chart-17-950x634.png 950w\" sizes=\"(max-width: 802px) 100vw, 802px\" \/><p id=\"caption-attachment-35951\" class=\"wp-caption-text\">Liczba obserwator\u00f3w<\/p><\/div>\n<p><span style=\"font-weight: 400;\">Swoich odbiorc\u00f3w b\u0119dziecie mogli pozna\u0107 jeszcze lepiej dzi\u0119ki dost\u0119pnym <\/span><b>danym demograficznym<\/b><span style=\"font-weight: 400;\">: <\/span><\/p>\n<div id=\"attachment_35953\" style=\"width: 811px\" class=\"wp-caption aligncenter\"><img loading=\"lazy\" decoding=\"async\" aria-describedby=\"caption-attachment-35953\" class=\" wp-image-35953\" src=\"https:\/\/www.sotrender.com\/blog\/wp-content\/uploads\/2018\/11\/sot_chart-18.png\" alt=\"Demografia obserwuj\u0105cych\" width=\"801\" height=\"534\" srcset=\"https:\/\/www.sotrender.com\/blog\/wp-content\/uploads\/2018\/11\/sot_chart-18.png 1600w, https:\/\/www.sotrender.com\/blog\/wp-content\/uploads\/2018\/11\/sot_chart-18-475x317.png 475w, https:\/\/www.sotrender.com\/blog\/wp-content\/uploads\/2018\/11\/sot_chart-18-768x512.png 768w, https:\/\/www.sotrender.com\/blog\/wp-content\/uploads\/2018\/11\/sot_chart-18-950x634.png 950w\" sizes=\"(max-width: 801px) 100vw, 801px\" \/><p id=\"caption-attachment-35953\" class=\"wp-caption-text\">Demografia obserwuj\u0105cych<\/p><\/div>\n<p><span style=\"font-weight: 400;\">Od teraz w Sotrenderze mo\u017cecie monitorowa\u0107 dane dotycz\u0105ce j\u0119zyka oraz lokalizacji obserwator\u00f3w, z podzia\u0142em na:<\/span><\/p>\n<ul>\n<li style=\"font-weight: 400;\"><span style=\"font-weight: 400;\">Najlepsze kraje (informacja to nie jest dost\u0119pna w Instagram Insights),<\/span><\/li>\n<li style=\"font-weight: 400;\"><span style=\"font-weight: 400;\">Najlepsze miasta,<\/span><\/li>\n<li style=\"font-weight: 400;\"><span style=\"font-weight: 400;\">Najlepsze j\u0119zyki. \u00a0<\/span><\/li>\n<\/ul>\n<p><span style=\"font-weight: 400;\">Jak wykorzysta\u0107 ca\u0142\u0105 t\u0119 wiedz\u0119? <\/span><\/p>\n<ul>\n<li style=\"font-weight: 400;\"><span style=\"font-weight: 400;\">Do lepszego dostosowania publikowanych tre\u015bci do tego, kim s\u0105 nasi odbiorcy &#8211; jakie maj\u0105 zainteresowania, preferencje, potrzeby czy problemy.<\/span><\/li>\n<li style=\"font-weight: 400;\"><span style=\"font-weight: 400;\">Do lepszego targetowania p\u0142atnych kampanii.<\/span><\/li>\n<li style=\"font-weight: 400;\"><span style=\"font-weight: 400;\">Do podj\u0119cia decyzji o g\u0142\u00f3wnym j\u0119zyku komunikacji oraz tonie naszych wypowiedzi. <\/span><\/li>\n<\/ul>\n<h2><b>Analizuj skuteczno\u015b\u0107 swoich Relacji (Stories)<\/b><\/h2>\n<p><span style=\"font-weight: 400;\">Analityka Stories jest z pewno\u015bci\u0105 tym, na co wszyscy czekali\u015bmy. W ko\u0144cu ze Stories korzysta ju\u017c dziennie ponad 400 milion\u00f3w u\u017cytkownik\u00f3w! Jest w nich wi\u0119c ogromny potencja\u0142 do wykorzystania przez marki. <\/span><\/p>\n<p><span style=\"font-weight: 400;\">Od teraz w Sotrenderze znajdziecie zupe\u0142nie nowe wska\u017aniki, pozwalaj\u0105ce monitorowa\u0107 efektywno\u015b\u0107 publikowanych Relacji. Nale\u017c\u0105 do nich: <\/span><\/p>\n<ul>\n<li><b>Zasi\u0119g,<\/b><\/li>\n<li style=\"font-weight: 400;\"><b>Liczba wy\u015bwietle\u0144,<\/b><\/li>\n<li style=\"font-weight: 400;\"><b>Liczba odpowiedzi <\/b><span style=\"font-weight: 400;\">&#8211; oznaczaj\u0105ca liczb\u0119 prywatnych wiadomo\u015bci, kt\u00f3re zosta\u0142y wys\u0142ane jako bezpo\u015brednia odpowied\u017a na opublikowan\u0105 Relacj\u0119,<\/span><\/li>\n<li style=\"font-weight: 400;\"><b>Liczba wyj\u015b\u0107 z Relacji, <\/b><\/li>\n<li style=\"font-weight: 400;\"><b>Przej\u015bcie dalej <\/b><span style=\"font-weight: 400;\">&#8211; oznaczaj\u0105ce przej\u015bcia do kolejnej Relacji, <\/span><\/li>\n<li style=\"font-weight: 400;\"><b>Przej\u015bcia wstecz<\/b><span style=\"font-weight: 400;\"> &#8211; oznaczaj\u0105ce powr\u00f3t do poprzedniej Relacji.<\/span><\/li>\n<\/ul>\n<div id=\"attachment_35955\" style=\"width: 1638px\" class=\"wp-caption aligncenter\"><img loading=\"lazy\" decoding=\"async\" aria-describedby=\"caption-attachment-35955\" class=\"size-full wp-image-35955\" src=\"https:\/\/www.sotrender.com\/blog\/wp-content\/uploads\/2018\/11\/stories-nowy-instagram.png\" alt=\"Analiza Stories \" width=\"1628\" height=\"590\" srcset=\"https:\/\/www.sotrender.com\/blog\/wp-content\/uploads\/2018\/11\/stories-nowy-instagram.png 1628w, https:\/\/www.sotrender.com\/blog\/wp-content\/uploads\/2018\/11\/stories-nowy-instagram-475x172.png 475w, https:\/\/www.sotrender.com\/blog\/wp-content\/uploads\/2018\/11\/stories-nowy-instagram-768x278.png 768w, https:\/\/www.sotrender.com\/blog\/wp-content\/uploads\/2018\/11\/stories-nowy-instagram-950x344.png 950w\" sizes=\"(max-width: 1628px) 100vw, 1628px\" \/><p id=\"caption-attachment-35955\" class=\"wp-caption-text\">Analiza Stories<\/p><\/div>\n<p><span style=\"font-weight: 400;\">Wszystko to oznacza mo\u017cliwo\u015b\u0107 kompleksowej analizy wszystkich tre\u015bci publikowanych na Instagramie &#8211; zar\u00f3wno post\u00f3w jak i Relacji. <\/span><\/p>\n<p><span style=\"font-weight: 400;\">Na koniec jeszcze jedna dobra wiadomo\u015b\u0107. Do wszystkich Relacji, od momentu pod\u0142\u0105czenia profilu do Sotrendera, macie niezmiennie dost\u0119p. Zgadza si\u0119, Relacje (jak i ich podgl\u0105d) nie znikn\u0105 po 24 godzinach od ich opublikowania ;). <\/span><\/p>\n<h2><b>Monitoruj zasi\u0119g swoich tre\u015bci<\/b><\/h2>\n<p><span style=\"font-weight: 400;\">Pora przej\u015b\u0107 do najwa\u017cniejszej cz\u0119\u015bci&#8230; \u00a0<\/span><\/p>\n<p><span style=\"font-weight: 400;\">\u2026 w ko\u0144cu to zaanga\u017cowanie obserwator\u00f3w jest najwa\u017cniejszym wyznacznikiem sukcesu na platformie. <\/span><\/p>\n<p><span style=\"font-weight: 400;\">Czy kiedykolwiek zastanawiali\u015bcie si\u0119 kiedy Wasi obserwatorzy s\u0105 w\u0142a\u015bciwie aktywni na platformie? Od teraz mo\u017cecie to dok\u0142adnie wiedzie\u0107. <\/span><\/p>\n<p><span style=\"font-weight: 400;\">Wystarczy, \u017ce zalogujecie si\u0119 do Sotrendera i przejdziecie do sekcji \u2018Odbiorcy\u2019. <\/span><\/p>\n<div id=\"attachment_35957\" style=\"width: 811px\" class=\"wp-caption aligncenter\"><img loading=\"lazy\" decoding=\"async\" aria-describedby=\"caption-attachment-35957\" class=\" wp-image-35957\" src=\"https:\/\/www.sotrender.com\/blog\/wp-content\/uploads\/2018\/11\/sot_chart-19.png\" alt=\"Aktywni obserwuj\u0105cy w podziale godzinowym\" width=\"801\" height=\"534\" srcset=\"https:\/\/www.sotrender.com\/blog\/wp-content\/uploads\/2018\/11\/sot_chart-19.png 1600w, https:\/\/www.sotrender.com\/blog\/wp-content\/uploads\/2018\/11\/sot_chart-19-475x317.png 475w, https:\/\/www.sotrender.com\/blog\/wp-content\/uploads\/2018\/11\/sot_chart-19-768x512.png 768w, https:\/\/www.sotrender.com\/blog\/wp-content\/uploads\/2018\/11\/sot_chart-19-950x634.png 950w\" sizes=\"(max-width: 801px) 100vw, 801px\" \/><p id=\"caption-attachment-35957\" class=\"wp-caption-text\">Aktywni obserwuj\u0105cy w podziale godzinowym<\/p><\/div>\n<p><span style=\"font-weight: 400;\">Informacje o Waszych aktywnych obserwatorach znajdziecie r\u00f3wnie\u017c w podziale na dzie\u0144 tygodnia oraz godzin\u0119. Dzi\u0119ki temu b\u0119dziecie dok\u0142adnie wiedzie\u0107, kiedy jest najlepszy czas na publikowanie post\u00f3w by dotar\u0142y do jak najszerszego grona odbiorc\u00f3w. <\/span><\/p>\n<div id=\"attachment_35959\" style=\"width: 811px\" class=\"wp-caption aligncenter\"><img loading=\"lazy\" decoding=\"async\" aria-describedby=\"caption-attachment-35959\" class=\" wp-image-35959\" src=\"https:\/\/www.sotrender.com\/blog\/wp-content\/uploads\/2018\/11\/sot_chart-20.png\" alt=\"Aktywni obserwuj\u0105cy - heat mapa\" width=\"801\" height=\"534\" srcset=\"https:\/\/www.sotrender.com\/blog\/wp-content\/uploads\/2018\/11\/sot_chart-20.png 1600w, https:\/\/www.sotrender.com\/blog\/wp-content\/uploads\/2018\/11\/sot_chart-20-475x317.png 475w, https:\/\/www.sotrender.com\/blog\/wp-content\/uploads\/2018\/11\/sot_chart-20-768x512.png 768w, https:\/\/www.sotrender.com\/blog\/wp-content\/uploads\/2018\/11\/sot_chart-20-950x634.png 950w\" sizes=\"(max-width: 801px) 100vw, 801px\" \/><p id=\"caption-attachment-35959\" class=\"wp-caption-text\">Aktywni obserwuj\u0105cy &#8211; heat mapa<\/p><\/div>\n<p><b>Zasi\u0119g i wy\u015bwietlenia <\/b><\/p>\n<p><span style=\"font-weight: 400;\">Cho\u0107 s\u0105 to podstawowe wska\u017aniki, jakie nale\u017cy monitorowa\u0107 prowadz\u0105c jak\u0105kolwiek komunikacj\u0119 w social media, ich analiza nie jest mo\u017cliwa w przypadku profili personalnych na Instagramie. To kolejny pow\u00f3d, by zacz\u0105\u0107 korzysta\u0107 z konta biznesowego. <\/span><\/p>\n<blockquote><p><b>Prowadz\u0105c Instagram dla swojego biznesu, kluczowe jest monitorowanie efektywno\u015bci, z jak\u0105 publikowane przez nas tre\u015bci docieraj\u0105 do naszej grupy docelowej. <\/b><\/p><\/blockquote>\n<p><span style=\"font-weight: 400;\">Maj\u0105c w pami\u0119ci, \u017ce zasi\u0119g informuje o liczbie unikalnych u\u017cytkownik\u00f3w, do kt\u00f3rych dotar\u0142y nasze tre\u015bci, wy\u015bwietlenia przedstawiaj\u0105 liczb\u0119 os\u00f3b, kt\u00f3re s\u0105 sk\u0142onne wraca\u0107 do naszych post\u00f3w czy Relacji. <\/span><\/p>\n<p><span style=\"font-weight: 400;\">Podobnie jak w przypadku innych wska\u017anik\u00f3w, r\u00f3wnie\u017c w ramach zasi\u0119gu oraz wy\u015bwietle\u0144, istnieje mo\u017cliwo\u015b\u0107 ich pog\u0142\u0119bionej analizy, np. pod k\u0105tem liczby wy\u015bwietle\u0144 w podziale na typ posta.<\/span><\/p>\n<div id=\"attachment_35961\" style=\"width: 811px\" class=\"wp-caption aligncenter\"><img loading=\"lazy\" decoding=\"async\" aria-describedby=\"caption-attachment-35961\" class=\" wp-image-35961\" src=\"https:\/\/www.sotrender.com\/blog\/wp-content\/uploads\/2018\/11\/sot_chart-21.png\" alt=\"Udzia\u0142 wy\u015bwietle\u0144 ze wzgl\u0119du na typ posta\" width=\"801\" height=\"534\" srcset=\"https:\/\/www.sotrender.com\/blog\/wp-content\/uploads\/2018\/11\/sot_chart-21.png 1600w, https:\/\/www.sotrender.com\/blog\/wp-content\/uploads\/2018\/11\/sot_chart-21-475x317.png 475w, https:\/\/www.sotrender.com\/blog\/wp-content\/uploads\/2018\/11\/sot_chart-21-768x512.png 768w, https:\/\/www.sotrender.com\/blog\/wp-content\/uploads\/2018\/11\/sot_chart-21-950x634.png 950w\" sizes=\"(max-width: 801px) 100vw, 801px\" \/><p id=\"caption-attachment-35961\" class=\"wp-caption-text\">Udzia\u0142 wy\u015bwietle\u0144 ze wzgl\u0119du na typ posta<\/p><\/div>\n<p><span style=\"font-weight: 400;\">Dane dotycz\u0105ce profili biznesowych oferuj\u0105 r\u00f3wnie\u017c szereg informacji dotycz\u0105cych samego profilu. Zastanawiali\u015bcie si\u0119 kiedy\u015b, czy u\u017cytkownicy wchodz\u0105 w og\u00f3le na prowadzone przez Was profile? Czy podejmuj\u0105 tam jakie\u015b aktywno\u015bci? <\/span><\/p>\n<p><span style=\"font-weight: 400;\">Poniewa\u017c profile biznesowe oferuj\u0105 kilka opcji niedost\u0119pnych w ramach profili prywatnych, jak np. mo\u017cliwe opcje kontaktu, r\u00f3wnie\u017c je warto analizowa\u0107. <\/span><\/p>\n<p><span style=\"font-weight: 400;\">Od teraz w Sotrenderze mo\u017cecie przeanalizowa\u0107 m.in. wy\u015bwietlenia profilu oraz klikni\u0119cia w znajduj\u0105ce si\u0119 tam informacje. <\/span><\/p>\n<p><span style=\"font-weight: 400;\">Je\u015bli wi\u0119c chodzi o klikni\u0119cia w informacje profilowe, mo\u017cecie analizowa\u0107: <\/span><\/p>\n<ul>\n<li style=\"font-weight: 400;\"><span style=\"font-weight: 400;\">Przej\u015bcie do strony www<\/span><\/li>\n<li style=\"font-weight: 400;\"><span style=\"font-weight: 400;\">Klikni\u0119cia we wskaz\u00f3wki dojazdu<\/span><\/li>\n<li style=\"font-weight: 400;\"><span style=\"font-weight: 400;\">Kontakt telefoniczny<\/span><\/li>\n<li style=\"font-weight: 400;\"><span style=\"font-weight: 400;\">Kontakt przez wiadomo\u015b\u0107 prywatn\u0105 <\/span><\/li>\n<li style=\"font-weight: 400;\"><span style=\"font-weight: 400;\">Kontakt przez e-mail <\/span><\/li>\n<\/ul>\n<div id=\"attachment_35963\" style=\"width: 811px\" class=\"wp-caption aligncenter\"><img loading=\"lazy\" decoding=\"async\" aria-describedby=\"caption-attachment-35963\" class=\" wp-image-35963\" src=\"https:\/\/www.sotrender.com\/blog\/wp-content\/uploads\/2018\/11\/sot_chart-22.png\" alt=\"Ca\u0142kowita liczba klikni\u0119\u0107 w obr\u0119bie informacji na profilu\" width=\"801\" height=\"534\" srcset=\"https:\/\/www.sotrender.com\/blog\/wp-content\/uploads\/2018\/11\/sot_chart-22.png 1600w, https:\/\/www.sotrender.com\/blog\/wp-content\/uploads\/2018\/11\/sot_chart-22-475x317.png 475w, https:\/\/www.sotrender.com\/blog\/wp-content\/uploads\/2018\/11\/sot_chart-22-768x512.png 768w, https:\/\/www.sotrender.com\/blog\/wp-content\/uploads\/2018\/11\/sot_chart-22-950x634.png 950w\" sizes=\"(max-width: 801px) 100vw, 801px\" \/><p id=\"caption-attachment-35963\" class=\"wp-caption-text\">Ca\u0142kowita liczba klikni\u0119\u0107 w obr\u0119bie informacji na profilu<\/p><\/div>\n<blockquote><p><i><span style=\"font-weight: 400;\">Zastan\u00f3wcie si\u0119: je\u015bli wiecie, \u017ce u\u017cytkownicy wchodz\u0105 na Wasz profil, ale nie podejmuj\u0105 w jego obr\u0119bie \u017cadnych interakcji, by\u0107 mo\u017ce to, co tam prezentujecie nie jest wystarczaj\u0105co interesuj\u0105ce? Warto to sprawdzi\u0107 \ud83d\ude09 <\/span><\/i><\/p><\/blockquote>\n<h2><b>Jakie jeszcze funkcje dost\u0119pne s\u0105 dla kont biznesowych? <\/b><\/h2>\n<p><span style=\"font-weight: 400;\">Sama analityka to oczywi\u015bcie nie wszystko, co oferujemy dla kont biznesowych. W Sotrenderze mo\u017cecie skorzysta\u0107 r\u00f3wnie\u017c z funkcji takich jak: <\/span><\/p>\n<ol>\n<li style=\"font-weight: 400;\"><b>Raportowanie <\/b><span style=\"font-weight: 400;\">&#8211; ta dobrze Wam znana funkcja dost\u0119pna jest tak\u017ce dla profili instagramowych. W chwili obecnej mo\u017cecie wygenerowa\u0107 w dowolnym momencie pojedynczy raport PDF z kluczowymi wska\u017anikami dotycz\u0105cymi efektywno\u015bci Waszych profili. <\/span><\/li>\n<li style=\"font-weight: 400;\"><b>Por\u00f3wnanie grupowe<\/b><span style=\"font-weight: 400;\"> &#8211; pomi\u0119dzy profilami biznesowymi, kt\u00f3rymi zarz\u0105dzasz i kt\u00f3re masz dodane do Sotrendera. <\/span><\/li>\n<\/ol>\n<p><span style=\"font-weight: 400;\">To jednak nie koniec naszych prac nad projektem, jakim jest analityka profili biznesowych na Instagramie. To oznacza, \u017ce mo\u017cecie spodziewa\u0107 si\u0119 nowych danych, wska\u017anik\u00f3w jak i funkcji w najbli\u017cszym czasie. Jak zawsze, b\u0119dziemy o wszystkim informowa\u0107 na bie\u017c\u0105co! \ud83d\ude09<\/span><\/p>\n<p style=\"text-align: center;\"><!--HubSpot Call-to-Action Code --><span id=\"hs-cta-wrapper-e7a602aa-acd1-4637-9dfe-8b0c4101cc3b\" class=\"hs-cta-wrapper\"><span id=\"hs-cta-e7a602aa-acd1-4637-9dfe-8b0c4101cc3b\" class=\"hs-cta-node hs-cta-e7a602aa-acd1-4637-9dfe-8b0c4101cc3b\"><!-- [if lte IE 8]><\/p>\n\n\n\n\n\n<div id=\"hs-cta-ie-element\"><\/div>\n\n\n<![endif]--><a href=\"https:\/\/cta-redirect.hubspot.com\/cta\/redirect\/3842881\/e7a602aa-acd1-4637-9dfe-8b0c4101cc3b\" target=\"_blank\" rel=\"noopener\"><img decoding=\"async\" id=\"hs-cta-img-e7a602aa-acd1-4637-9dfe-8b0c4101cc3b\" class=\"hs-cta-img aligncenter\" style=\"border-width: 0px;\" src=\"https:\/\/no-cache.hubspot.com\/cta\/default\/3842881\/e7a602aa-acd1-4637-9dfe-8b0c4101cc3b.png\" alt=\"Analizuj Instagram w Sotrenderze\" \/><\/a><\/span><script charset=\"utf-8\" src=\"https:\/\/js.hscta.net\/cta\/current.js\"><\/script><script type=\"text\/javascript\"> hbspt.cta.load(3842881, 'e7a602aa-acd1-4637-9dfe-8b0c4101cc3b', {}); <\/script><\/span><!-- end HubSpot Call-to-Action Code --><\/p>\n<h2><b>Jak rozpocz\u0105\u0107 analizowanie instagramowego konta biznesowego w Sotrenderze? <\/b><\/h2>\n<p><span style=\"font-weight: 400;\">Na pocz\u0105tek upewnijcie si\u0119, \u017ce korzystacie ju\u017c z konta biznesowego. Je\u015bli nie jeste\u015bcie pewni jak prze\u0142\u0105czy\u0107 si\u0119 z konta personalnego na biznesowe (i czy faktycznie warto to zrobi\u0107), dowiecie si\u0119 z <a href=\"https:\/\/www.sotrender.com\/blog\/pl\/2018\/10\/instagram-biznes-sotrender\/\">naszego poradnika<\/a>. <\/span><\/p>\n<p><span style=\"font-weight: 400;\">Nast\u0119pnie pod\u0142\u0105czcie sw\u00f3j profil do Sotrendera &#8211; oto jak to zrobi\u0107:<\/span><\/p>\n<ol>\n<li style=\"font-weight: 400;\"><span style=\"font-weight: 400;\">Zalogujcie si\u0119 do <a href=\"http:\/\/app.sotrender.com\">Sotrendera <\/a><\/span><\/li>\n<li style=\"font-weight: 400;\"><span style=\"font-weight: 400;\">W menu wybierzcie przycisk \u2018Wybierz profil\u2019 <\/span><\/li>\n<li style=\"font-weight: 400;\"><span style=\"font-weight: 400;\">Nast\u0119pnie wybierzcie \u2018Dodaj profil\u2019 oraz ikonk\u0119 Instagrama <\/span><\/li>\n<li style=\"font-weight: 400;\"><span style=\"font-weight: 400;\">Zostaniecie przekierowani do Facebooka w celu autoryzacji konta (bez obaw, przeka\u017cecie w ten spos\u00f3b jedynie dost\u0119p do danych dot. profilu biznesowego na Instagramie). Je\u015bli ju\u017c wcze\u015bniej to zrobili\u015bcie, poka\u017ce Wam si\u0119 lista profili po\u0142\u0105czonych z Waszym kontem. \u00a0<\/span><\/li>\n<\/ol>\n<p><span style=\"font-weight: 400;\">Pobieranie danych dla dodanych profili mo\u017ce chwil\u0119 potrwa\u0107. Gdy tylko si\u0119 zako\u0144czy, zostaniecie poinformowani o tym mailem. <\/span><\/p>\n<p><span style=\"font-weight: 400;\">Wszystko gotowe!<\/span><\/p>\n","protected":false},"excerpt":{"rendered":"<p>To ten moment! Og\u0142aszamy i uruchamiamy zupe\u0142nie now\u0105 analityk\u0119 dla kont biznesowych na Instagramie!<\/p>\n","protected":false},"author":89,"featured_media":35981,"comment_status":"open","ping_status":"open","sticky":false,"template":"","format":"standard","meta":{"inline_featured_image":false,"footnotes":""},"categories":[2125,1795,1803],"tags":[2875,2877,615,2053],"yoast_head":"<!-- This site is optimized with the Yoast SEO plugin v22.4 - https:\/\/yoast.com\/wordpress\/plugins\/seo\/ -->\n<title>Analizuj konta biznesowe na Instagramie - od teraz w Sotrenderze!<\/title>\n<meta name=\"description\" content=\"Ndesz\u0142a ta d\u0142ugo oczekiwana chwila! Og\u0142aszamy i uruchamiamy zupe\u0142nie now\u0105 analityk\u0119 dla kont biznesowych na Instagramie!\" \/>\n<meta name=\"robots\" content=\"index, follow, max-snippet:-1, max-image-preview:large, max-video-preview:-1\" \/>\n<link rel=\"canonical\" href=\"https:\/\/www.sotrender.com\/blog\/pl\/2018\/11\/analizuj-konta-biznesowe-na-instagramie-od-teraz-w-sotrenderze\/\" \/>\n<meta property=\"og:locale\" content=\"pl_PL\" \/>\n<meta property=\"og:type\" content=\"article\" \/>\n<meta property=\"og:title\" content=\"Analizuj konta biznesowe na Instagramie - od teraz w Sotrenderze!\" \/>\n<meta property=\"og:description\" content=\"Ndesz\u0142a ta d\u0142ugo oczekiwana chwila! Og\u0142aszamy i uruchamiamy zupe\u0142nie now\u0105 analityk\u0119 dla kont biznesowych na Instagramie!\" \/>\n<meta property=\"og:url\" content=\"https:\/\/www.sotrender.com\/blog\/pl\/2018\/11\/analizuj-konta-biznesowe-na-instagramie-od-teraz-w-sotrenderze\/\" \/>\n<meta property=\"og:site_name\" content=\"Sotrender Blog\" \/>\n<meta property=\"article:publisher\" content=\"https:\/\/www.facebook.com\/Sotrender\" \/>\n<meta property=\"article:published_time\" content=\"2018-11-05T13:32:07+00:00\" \/>\n<meta property=\"article:modified_time\" content=\"2020-01-16T07:30:08+00:00\" \/>\n<meta property=\"og:image\" content=\"https:\/\/www.sotrender.com\/blog\/wp-content\/uploads\/2018\/11\/erik-lucatero-543541-unsplash.jpg\" \/>\n\t<meta property=\"og:image:width\" content=\"2000\" \/>\n\t<meta property=\"og:image:height\" content=\"1333\" \/>\n\t<meta property=\"og:image:type\" content=\"image\/jpeg\" \/>\n<meta name=\"author\" content=\"Klaudia \u017by\u0142ka\" \/>\n<meta name=\"twitter:card\" content=\"summary_large_image\" \/>\n<meta name=\"twitter:creator\" content=\"@Sotrender\" \/>\n<meta name=\"twitter:site\" content=\"@Sotrender\" \/>\n<meta name=\"twitter:label1\" content=\"Written by\" \/>\n\t<meta name=\"twitter:data1\" content=\"Klaudia \u017by\u0142ka\" \/>\n\t<meta name=\"twitter:label2\" content=\"Est. reading time\" \/>\n\t<meta name=\"twitter:data2\" content=\"8 minutes\" \/>\n<script type=\"application\/ld+json\" class=\"yoast-schema-graph\">{\"@context\":\"https:\/\/schema.org\",\"@graph\":[{\"@type\":\"WebPage\",\"@id\":\"https:\/\/www.sotrender.com\/blog\/pl\/2018\/11\/analizuj-konta-biznesowe-na-instagramie-od-teraz-w-sotrenderze\/\",\"url\":\"https:\/\/www.sotrender.com\/blog\/pl\/2018\/11\/analizuj-konta-biznesowe-na-instagramie-od-teraz-w-sotrenderze\/\",\"name\":\"Analizuj konta biznesowe na Instagramie - od teraz w Sotrenderze!\",\"isPartOf\":{\"@id\":\"https:\/\/www.sotrender.com\/blog\/#website\"},\"primaryImageOfPage\":{\"@id\":\"https:\/\/www.sotrender.com\/blog\/pl\/2018\/11\/analizuj-konta-biznesowe-na-instagramie-od-teraz-w-sotrenderze\/#primaryimage\"},\"image\":{\"@id\":\"https:\/\/www.sotrender.com\/blog\/pl\/2018\/11\/analizuj-konta-biznesowe-na-instagramie-od-teraz-w-sotrenderze\/#primaryimage\"},\"thumbnailUrl\":\"https:\/\/www.sotrender.com\/blog\/wp-content\/uploads\/2018\/11\/erik-lucatero-543541-unsplash.jpg\",\"datePublished\":\"2018-11-05T13:32:07+00:00\",\"dateModified\":\"2020-01-16T07:30:08+00:00\",\"author\":{\"@id\":\"https:\/\/www.sotrender.com\/blog\/#\/schema\/person\/038ac5e276c5d102d8cbb9c36cd43416\"},\"description\":\"Ndesz\u0142a ta d\u0142ugo oczekiwana chwila! Og\u0142aszamy i uruchamiamy zupe\u0142nie now\u0105 analityk\u0119 dla kont biznesowych na Instagramie!\",\"breadcrumb\":{\"@id\":\"https:\/\/www.sotrender.com\/blog\/pl\/2018\/11\/analizuj-konta-biznesowe-na-instagramie-od-teraz-w-sotrenderze\/#breadcrumb\"},\"inLanguage\":\"pl-PL\",\"potentialAction\":[{\"@type\":\"ReadAction\",\"target\":[\"https:\/\/www.sotrender.com\/blog\/pl\/2018\/11\/analizuj-konta-biznesowe-na-instagramie-od-teraz-w-sotrenderze\/\"]}]},{\"@type\":\"ImageObject\",\"inLanguage\":\"pl-PL\",\"@id\":\"https:\/\/www.sotrender.com\/blog\/pl\/2018\/11\/analizuj-konta-biznesowe-na-instagramie-od-teraz-w-sotrenderze\/#primaryimage\",\"url\":\"https:\/\/www.sotrender.com\/blog\/wp-content\/uploads\/2018\/11\/erik-lucatero-543541-unsplash.jpg\",\"contentUrl\":\"https:\/\/www.sotrender.com\/blog\/wp-content\/uploads\/2018\/11\/erik-lucatero-543541-unsplash.jpg\",\"width\":2000,\"height\":1333},{\"@type\":\"BreadcrumbList\",\"@id\":\"https:\/\/www.sotrender.com\/blog\/pl\/2018\/11\/analizuj-konta-biznesowe-na-instagramie-od-teraz-w-sotrenderze\/#breadcrumb\",\"itemListElement\":[{\"@type\":\"ListItem\",\"position\":1,\"name\":\"Home\",\"item\":\"https:\/\/www.sotrender.com\/blog\/\"},{\"@type\":\"ListItem\",\"position\":2,\"name\":\"Analizuj konta biznesowe na Instagramie &#8211; od teraz w Sotrenderze!\"}]},{\"@type\":\"WebSite\",\"@id\":\"https:\/\/www.sotrender.com\/blog\/#website\",\"url\":\"https:\/\/www.sotrender.com\/blog\/\",\"name\":\"Sotrender Blog\",\"description\":\"\",\"potentialAction\":[{\"@type\":\"SearchAction\",\"target\":{\"@type\":\"EntryPoint\",\"urlTemplate\":\"https:\/\/www.sotrender.com\/blog\/?s={search_term_string}\"},\"query-input\":\"required name=search_term_string\"}],\"inLanguage\":\"pl-PL\"},{\"@type\":\"Person\",\"@id\":\"https:\/\/www.sotrender.com\/blog\/#\/schema\/person\/038ac5e276c5d102d8cbb9c36cd43416\",\"name\":\"Klaudia \u017by\u0142ka\",\"image\":{\"@type\":\"ImageObject\",\"inLanguage\":\"pl-PL\",\"@id\":\"https:\/\/www.sotrender.com\/blog\/#\/schema\/person\/image\/\",\"url\":\"https:\/\/secure.gravatar.com\/avatar\/f55d5d49ce3c448e1ffde0ab078d84cd?s=96&d=mm&r=g\",\"contentUrl\":\"https:\/\/secure.gravatar.com\/avatar\/f55d5d49ce3c448e1ffde0ab078d84cd?s=96&d=mm&r=g\",\"caption\":\"Klaudia \u017by\u0142ka\"},\"description\":\"Instagram, dogs, books and food lover. Former student at Warsaw University and Malm\u00f6 University. Improving her marketing skills every day. Proud owner of DIMAQ certificate\",\"sameAs\":[\"https:\/\/www.linkedin.com\/in\/klaudia-\u017cy\u0142ka-17527779\"],\"url\":\"https:\/\/www.sotrender.com\/blog\/pl\/author\/klaudia_yka\/\"}]}<\/script>\n<!-- \/ Yoast SEO plugin. -->","yoast_head_json":{"title":"Analizuj konta biznesowe na Instagramie - od teraz w Sotrenderze!","description":"Ndesz\u0142a ta d\u0142ugo oczekiwana chwila! Og\u0142aszamy i uruchamiamy zupe\u0142nie now\u0105 analityk\u0119 dla kont biznesowych na Instagramie!","robots":{"index":"index","follow":"follow","max-snippet":"max-snippet:-1","max-image-preview":"max-image-preview:large","max-video-preview":"max-video-preview:-1"},"canonical":"https:\/\/www.sotrender.com\/blog\/pl\/2018\/11\/analizuj-konta-biznesowe-na-instagramie-od-teraz-w-sotrenderze\/","og_locale":"pl_PL","og_type":"article","og_title":"Analizuj konta biznesowe na Instagramie - od teraz w Sotrenderze!","og_description":"Ndesz\u0142a ta d\u0142ugo oczekiwana chwila! Og\u0142aszamy i uruchamiamy zupe\u0142nie now\u0105 analityk\u0119 dla kont biznesowych na Instagramie!","og_url":"https:\/\/www.sotrender.com\/blog\/pl\/2018\/11\/analizuj-konta-biznesowe-na-instagramie-od-teraz-w-sotrenderze\/","og_site_name":"Sotrender Blog","article_publisher":"https:\/\/www.facebook.com\/Sotrender","article_published_time":"2018-11-05T13:32:07+00:00","article_modified_time":"2020-01-16T07:30:08+00:00","og_image":[{"width":2000,"height":1333,"url":"https:\/\/www.sotrender.com\/blog\/wp-content\/uploads\/2018\/11\/erik-lucatero-543541-unsplash.jpg","type":"image\/jpeg"}],"author":"Klaudia \u017by\u0142ka","twitter_card":"summary_large_image","twitter_creator":"@Sotrender","twitter_site":"@Sotrender","twitter_misc":{"Written by":"Klaudia \u017by\u0142ka","Est. reading time":"8 minutes"},"schema":{"@context":"https:\/\/schema.org","@graph":[{"@type":"WebPage","@id":"https:\/\/www.sotrender.com\/blog\/pl\/2018\/11\/analizuj-konta-biznesowe-na-instagramie-od-teraz-w-sotrenderze\/","url":"https:\/\/www.sotrender.com\/blog\/pl\/2018\/11\/analizuj-konta-biznesowe-na-instagramie-od-teraz-w-sotrenderze\/","name":"Analizuj konta biznesowe na Instagramie - od teraz w Sotrenderze!","isPartOf":{"@id":"https:\/\/www.sotrender.com\/blog\/#website"},"primaryImageOfPage":{"@id":"https:\/\/www.sotrender.com\/blog\/pl\/2018\/11\/analizuj-konta-biznesowe-na-instagramie-od-teraz-w-sotrenderze\/#primaryimage"},"image":{"@id":"https:\/\/www.sotrender.com\/blog\/pl\/2018\/11\/analizuj-konta-biznesowe-na-instagramie-od-teraz-w-sotrenderze\/#primaryimage"},"thumbnailUrl":"https:\/\/www.sotrender.com\/blog\/wp-content\/uploads\/2018\/11\/erik-lucatero-543541-unsplash.jpg","datePublished":"2018-11-05T13:32:07+00:00","dateModified":"2020-01-16T07:30:08+00:00","author":{"@id":"https:\/\/www.sotrender.com\/blog\/#\/schema\/person\/038ac5e276c5d102d8cbb9c36cd43416"},"description":"Ndesz\u0142a ta d\u0142ugo oczekiwana chwila! Og\u0142aszamy i uruchamiamy zupe\u0142nie now\u0105 analityk\u0119 dla kont biznesowych na Instagramie!","breadcrumb":{"@id":"https:\/\/www.sotrender.com\/blog\/pl\/2018\/11\/analizuj-konta-biznesowe-na-instagramie-od-teraz-w-sotrenderze\/#breadcrumb"},"inLanguage":"pl-PL","potentialAction":[{"@type":"ReadAction","target":["https:\/\/www.sotrender.com\/blog\/pl\/2018\/11\/analizuj-konta-biznesowe-na-instagramie-od-teraz-w-sotrenderze\/"]}]},{"@type":"ImageObject","inLanguage":"pl-PL","@id":"https:\/\/www.sotrender.com\/blog\/pl\/2018\/11\/analizuj-konta-biznesowe-na-instagramie-od-teraz-w-sotrenderze\/#primaryimage","url":"https:\/\/www.sotrender.com\/blog\/wp-content\/uploads\/2018\/11\/erik-lucatero-543541-unsplash.jpg","contentUrl":"https:\/\/www.sotrender.com\/blog\/wp-content\/uploads\/2018\/11\/erik-lucatero-543541-unsplash.jpg","width":2000,"height":1333},{"@type":"BreadcrumbList","@id":"https:\/\/www.sotrender.com\/blog\/pl\/2018\/11\/analizuj-konta-biznesowe-na-instagramie-od-teraz-w-sotrenderze\/#breadcrumb","itemListElement":[{"@type":"ListItem","position":1,"name":"Home","item":"https:\/\/www.sotrender.com\/blog\/"},{"@type":"ListItem","position":2,"name":"Analizuj konta biznesowe na Instagramie &#8211; od teraz w Sotrenderze!"}]},{"@type":"WebSite","@id":"https:\/\/www.sotrender.com\/blog\/#website","url":"https:\/\/www.sotrender.com\/blog\/","name":"Sotrender Blog","description":"","potentialAction":[{"@type":"SearchAction","target":{"@type":"EntryPoint","urlTemplate":"https:\/\/www.sotrender.com\/blog\/?s={search_term_string}"},"query-input":"required name=search_term_string"}],"inLanguage":"pl-PL"},{"@type":"Person","@id":"https:\/\/www.sotrender.com\/blog\/#\/schema\/person\/038ac5e276c5d102d8cbb9c36cd43416","name":"Klaudia \u017by\u0142ka","image":{"@type":"ImageObject","inLanguage":"pl-PL","@id":"https:\/\/www.sotrender.com\/blog\/#\/schema\/person\/image\/","url":"https:\/\/secure.gravatar.com\/avatar\/f55d5d49ce3c448e1ffde0ab078d84cd?s=96&d=mm&r=g","contentUrl":"https:\/\/secure.gravatar.com\/avatar\/f55d5d49ce3c448e1ffde0ab078d84cd?s=96&d=mm&r=g","caption":"Klaudia \u017by\u0142ka"},"description":"Instagram, dogs, books and food lover. Former student at Warsaw University and Malm\u00f6 University. Improving her marketing skills every day. Proud owner of DIMAQ certificate","sameAs":["https:\/\/www.linkedin.com\/in\/klaudia-\u017cy\u0142ka-17527779"],"url":"https:\/\/www.sotrender.com\/blog\/pl\/author\/klaudia_yka\/"}]}},"_links":{"self":[{"href":"https:\/\/www.sotrender.com\/blog\/pl\/wp-json\/wp\/v2\/posts\/35949"}],"collection":[{"href":"https:\/\/www.sotrender.com\/blog\/pl\/wp-json\/wp\/v2\/posts"}],"about":[{"href":"https:\/\/www.sotrender.com\/blog\/pl\/wp-json\/wp\/v2\/types\/post"}],"author":[{"embeddable":true,"href":"https:\/\/www.sotrender.com\/blog\/pl\/wp-json\/wp\/v2\/users\/89"}],"replies":[{"embeddable":true,"href":"https:\/\/www.sotrender.com\/blog\/pl\/wp-json\/wp\/v2\/comments?post=35949"}],"version-history":[{"count":11,"href":"https:\/\/www.sotrender.com\/blog\/pl\/wp-json\/wp\/v2\/posts\/35949\/revisions"}],"predecessor-version":[{"id":39367,"href":"https:\/\/www.sotrender.com\/blog\/pl\/wp-json\/wp\/v2\/posts\/35949\/revisions\/39367"}],"wp:featuredmedia":[{"embeddable":true,"href":"https:\/\/www.sotrender.com\/blog\/pl\/wp-json\/wp\/v2\/media\/35981"}],"wp:attachment":[{"href":"https:\/\/www.sotrender.com\/blog\/pl\/wp-json\/wp\/v2\/media?parent=35949"}],"wp:term":[{"taxonomy":"category","embeddable":true,"href":"https:\/\/www.sotrender.com\/blog\/pl\/wp-json\/wp\/v2\/categories?post=35949"},{"taxonomy":"post_tag","embeddable":true,"href":"https:\/\/www.sotrender.com\/blog\/pl\/wp-json\/wp\/v2\/tags?post=35949"}],"curies":[{"name":"wp","href":"https:\/\/api.w.org\/{rel}","templated":true}]}}