{"id":35595,"date":"2018-10-17T13:12:04","date_gmt":"2018-10-17T11:12:04","guid":{"rendered":"https:\/\/www.sotrender.com\/blog\/?p=35595\/"},"modified":"2018-10-17T13:13:40","modified_gmt":"2018-10-17T11:13:40","slug":"facebook-trends-wrzesien-2018","status":"publish","type":"post","link":"https:\/\/www.sotrender.com\/blog\/pl\/2018\/10\/facebook-trends-wrzesien-2018\/","title":{"rendered":"Facebook Trends wrzesie\u0144 2018 &#8211; w wielkim stylu"},"content":{"rendered":"<p><span style=\"font-weight: 400;\">Zostawiamy za sob\u0105 zbli\u017caj\u0105ce si\u0119 wybory samorz\u0105dowe i kampanie wyborcze, zachwyty nad jesienn\u0105 aur\u0105 oraz sza\u0142 biedronkowymi s\u0142odziakami. Przyjrzyjmy si\u0119 sukcesom Polak\u00f3w, kt\u00f3re odbi\u0142y si\u0119 r\u00f3wnie\u017c echem na Facebooku. Sukcesom odniesionym w wielkim stylu. <\/span><\/p>\n<p><span style=\"font-weight: 400;\">Zapraszamy na <a href=\"https:\/\/www.sotrender.com\/trends\/facebook\/poland\/201809\">wrze\u015bniowy raport Facebook Trends<\/a>!<\/span><\/p>\n<p><!--more--><\/p>\n<h2><strong>Brawo Polacy!<\/strong><\/h2>\n<p><span style=\"font-weight: 400;\">Z pewno\u015bci\u0105 nie musimy nikomu t\u0142umaczy\u0107, jakie sportowe wydarzenie zaw\u0142adn\u0119\u0142o Facebookiem we wrze\u015bniu. Oczywi\u015bcie by\u0142o to obronienie tytu\u0142u Mistrz\u00f3w \u015awiata przez naszych siatkarzy.<\/span><\/p>\n<p><span style=\"font-weight: 400;\">Czy wi\u0119c jeste\u015bmy zdziwieni, \u017ce a\u017c 12 z 12 najlepszych post\u00f3w z kategorii <a href=\"https:\/\/www.sotrender.com\/trends\/facebook\/poland\/201809\/sport\">Sport<\/a> dotyczy\u0142o w\u0142a\u015bnie tego wydarzenia? Zdecydowanie nie. Taka \u201cmonotonia\u201d cieszy nawet w Trendsach \ud83d\ude09 <\/span><\/p>\n<div id=\"attachment_35601\" style=\"width: 757px\" class=\"wp-caption aligncenter\"><img loading=\"lazy\" decoding=\"async\" aria-describedby=\"caption-attachment-35601\" class=\" wp-image-35601\" src=\"https:\/\/www.sotrender.com\/blog\/wp-content\/uploads\/2018\/10\/sport-najlepsze-posty-fb-wrzesien.png\" alt=\"Najlepsze posty we wrze\u015bniu na polskim Facebooku\" width=\"747\" height=\"692\" srcset=\"https:\/\/www.sotrender.com\/blog\/wp-content\/uploads\/2018\/10\/sport-najlepsze-posty-fb-wrzesien.png 963w, https:\/\/www.sotrender.com\/blog\/wp-content\/uploads\/2018\/10\/sport-najlepsze-posty-fb-wrzesien-475x440.png 475w, https:\/\/www.sotrender.com\/blog\/wp-content\/uploads\/2018\/10\/sport-najlepsze-posty-fb-wrzesien-768x711.png 768w, https:\/\/www.sotrender.com\/blog\/wp-content\/uploads\/2018\/10\/sport-najlepsze-posty-fb-wrzesien-950x880.png 950w\" sizes=\"(max-width: 747px) 100vw, 747px\" \/><p id=\"caption-attachment-35601\" class=\"wp-caption-text\">Najlepsze posty we wrze\u015bniu na polskim Facebooku<\/p><\/div>\n<h2><strong>By\u0107 wy\u017cej<\/strong><\/h2>\n<p><span style=\"font-weight: 400;\">Przedstawiciele polskiego rapu wychodz\u0105 przed szereg w kategorii <a href=\"https:\/\/www.sotrender.com\/trends\/facebook\/poland\/201809\/kultura\/muzyka\">Muzyka<\/a>, odnotowuj\u0105c du\u017ce wzrosty w zaanga\u017cowaniu swoich fan\u00f3w. Wszystko za spraw\u0105 Projektu TYMCZASEM, w kt\u00f3rym bierze udzia\u0142 m.in. Sok\u00f3\u0142 czy Bia\u0142as i odnotowali odpowiednio awanse o 30 i 62 oczka w g\u00f3r\u0119. <\/span><\/p>\n<div id=\"attachment_35603\" style=\"width: 800px\" class=\"wp-caption aligncenter\"><img loading=\"lazy\" decoding=\"async\" aria-describedby=\"caption-attachment-35603\" class=\" wp-image-35603\" src=\"https:\/\/www.sotrender.com\/blog\/wp-content\/uploads\/2018\/10\/wrzesien-fb-muzyka.png\" alt=\"Profile o najwi\u0119kszym zaanga\u017cowaniu w kategorii Muzyka\" width=\"790\" height=\"591\" srcset=\"https:\/\/www.sotrender.com\/blog\/wp-content\/uploads\/2018\/10\/wrzesien-fb-muzyka.png 974w, https:\/\/www.sotrender.com\/blog\/wp-content\/uploads\/2018\/10\/wrzesien-fb-muzyka-475x356.png 475w, https:\/\/www.sotrender.com\/blog\/wp-content\/uploads\/2018\/10\/wrzesien-fb-muzyka-768x575.png 768w, https:\/\/www.sotrender.com\/blog\/wp-content\/uploads\/2018\/10\/wrzesien-fb-muzyka-950x711.png 950w\" sizes=\"(max-width: 790px) 100vw, 790px\" \/><p id=\"caption-attachment-35603\" class=\"wp-caption-text\">Profile o najwi\u0119kszym zaanga\u017cowaniu w kategorii Muzyka na Facebooku we wrze\u015bniu<\/p><\/div>\n<p><span style=\"font-weight: 400;\">Do g\u00f3ry w zestawieniu zaanga\u017cowania pnie si\u0119 r\u00f3wnie\u017c Taco Hemingway, kt\u00f3ry awansowa\u0142 o 102 pozycje. Fani artysty przebieraj\u0105 ju\u017c nogami na my\u015bl o zbli\u017caj\u0105cej si\u0119 trasie koncertowej. <\/span><\/p>\n<h2><strong>\u201cRewolucyjna platforma spo\u0142eczno\u015bciowa\u201d<\/strong><\/h2>\n<p><span style=\"font-weight: 400;\">Widzieli\u015bcie najnowsz\u0105 <a href=\"https:\/\/www.facebook.com\/wyborowapolska\/videos\/242745349770090\/?__xts__[0]=68.ARAjEHV6aq0tXPFsw7BLCMCLeqxB3DezSaJLgTAnbx_cwWLFv6cnzboSNfJMz_YeyVpojLtFvMCJUUomyHrgzOGuE-M5WdGhlzNtba7v3buJufh3p6Y4qwAkNNDeP7NN4zA3_Qmf9Ks70B4EaljvJk2wD7Arx9MAUdJXvHwEzKBLgiMaKhO5gPsIvSqEdp_PXIkl5ot7K9EpeH0ntesH&amp;__tn__=-R\">reklam\u0119 marki Wyborowa<\/a>? <\/span><\/p>\n<p><span style=\"font-weight: 400;\">Jej niezwykle ciekawa kreacja i opowiedziana w niej historia spotka\u0142a si\u0119 z niema\u0142ym entuzjazmem i zaanga\u017cowaniem spo\u0142eczno\u015bci Facebooka. Skutek? Post ze wspomnianym wideo znalaz\u0142 si\u0119 w TOP 3 najlepszych post\u00f3w w kategorii <a href=\"https:\/\/www.sotrender.com\/trends\/facebook\/poland\/201809\/fmcg\">FMCG<\/a>.<\/span><\/p>\n<div id=\"attachment_35605\" style=\"width: 819px\" class=\"wp-caption aligncenter\"><img loading=\"lazy\" decoding=\"async\" aria-describedby=\"caption-attachment-35605\" class=\" wp-image-35605\" src=\"https:\/\/www.sotrender.com\/blog\/wp-content\/uploads\/2018\/10\/fmcg-fb-wrzesien.png\" alt=\"Najlepsze posty we wrze\u015bniu na Facebooku w kategorii FMCG\" width=\"809\" height=\"392\" srcset=\"https:\/\/www.sotrender.com\/blog\/wp-content\/uploads\/2018\/10\/fmcg-fb-wrzesien.png 978w, https:\/\/www.sotrender.com\/blog\/wp-content\/uploads\/2018\/10\/fmcg-fb-wrzesien-475x230.png 475w, https:\/\/www.sotrender.com\/blog\/wp-content\/uploads\/2018\/10\/fmcg-fb-wrzesien-768x372.png 768w, https:\/\/www.sotrender.com\/blog\/wp-content\/uploads\/2018\/10\/fmcg-fb-wrzesien-950x460.png 950w\" sizes=\"(max-width: 809px) 100vw, 809px\" \/><p id=\"caption-attachment-35605\" class=\"wp-caption-text\">Najlepsze posty we wrze\u015bniu na Facebooku w kategorii FMCG<\/p><\/div>\n<p style=\"text-align: center;\"><span id=\"hs-cta-wrapper-c4243256-775c-4f09-9dae-182c6d1fa4e1\" class=\"hs-cta-wrapper\"><span id=\"hs-cta-c4243256-775c-4f09-9dae-182c6d1fa4e1\" class=\"hs-cta-node hs-cta-c4243256-775c-4f09-9dae-182c6d1fa4e1\"><!-- [if lte IE 8]><\/p>\n\n\n\n\n\n<div id=\"hs-cta-ie-element\"><\/div>\n\n\n<![endif]--><a href=\"https:\/\/cta-redirect.hubspot.com\/cta\/redirect\/3842881\/c4243256-775c-4f09-9dae-182c6d1fa4e1\"><img decoding=\"async\" id=\"hs-cta-img-c4243256-775c-4f09-9dae-182c6d1fa4e1\" class=\"hs-cta-img aligncenter\" style=\"border-width: 0px;\" src=\"https:\/\/no-cache.hubspot.com\/cta\/default\/3842881\/c4243256-775c-4f09-9dae-182c6d1fa4e1.png\" alt=\"Mierz swoje dzia\u0142ania w social media!\" \/><\/a><\/span><script charset=\"utf-8\" src=\"https:\/\/js.hscta.net\/cta\/current.js\"><\/script><script type=\"text\/javascript\"> hbspt.cta.load(3842881, 'c4243256-775c-4f09-9dae-182c6d1fa4e1', {}); <\/script><\/span><\/p>\n<h2>Facebook Trends wrzesie\u0144 2018<\/h2>\n<p><span style=\"font-weight: 400;\">Co jeszcze wydarzy\u0142o si\u0119 we wrze\u015bniu na Facebooku? Sprawd\u017acie swoje ulubione kategorie w najnowszym raporcie <a href=\"https:\/\/www.sotrender.com\/trends\/facebook\/poland\/201809\">Facebook Trends<\/a>! <\/span><\/p>\n","protected":false},"excerpt":{"rendered":"<p>Zostawiamy za sob\u0105 zbli\u017caj\u0105ce si\u0119 wybory samorz\u0105dowe i kampanie wyborcze, zachwyty nad jesienn\u0105 aur\u0105 oraz sza\u0142 biedronkowymi s\u0142odziakami. Przyjrzyjmy si\u0119 sukcesom Polak\u00f3w, kt\u00f3re odbi\u0142y si\u0119 r\u00f3wnie\u017c echem na Facebooku. Sukcesom odniesionym w wielkim stylu. Zapraszamy na wrze\u015bniowy raport Facebook Trends!<\/p>\n","protected":false},"author":89,"featured_media":35597,"comment_status":"open","ping_status":"open","sticky":false,"template":"","format":"standard","meta":{"inline_featured_image":false,"footnotes":""},"categories":[1791,1793,1797,2125],"tags":[17,2307],"yoast_head":"<!-- This site is optimized with the Yoast SEO plugin v22.4 - https:\/\/yoast.com\/wordpress\/plugins\/seo\/ -->\n<title>Facebook Trends wrzesie\u0144 2018 - w wielkim stylu<\/title>\n<meta name=\"description\" content=\"We wrze\u015bniu przygl\u0105damy si\u0119 ostatnim sukcesom Polak\u00f3w, kt\u00f3re odbi\u0142y si\u0119 szerokim echem na Facebooku. Zapraszamy na wrze\u015bniowy raport Facebook Trends!\" \/>\n<meta name=\"robots\" content=\"index, follow, max-snippet:-1, max-image-preview:large, max-video-preview:-1\" \/>\n<link rel=\"canonical\" href=\"https:\/\/www.sotrender.com\/blog\/pl\/2018\/10\/facebook-trends-wrzesien-2018\/\" \/>\n<meta property=\"og:locale\" content=\"pl_PL\" \/>\n<meta property=\"og:type\" content=\"article\" \/>\n<meta property=\"og:title\" content=\"Facebook Trends wrzesie\u0144 2018 - w wielkim stylu\" \/>\n<meta property=\"og:description\" content=\"We wrze\u015bniu przygl\u0105damy si\u0119 ostatnim sukcesom Polak\u00f3w, kt\u00f3re odbi\u0142y si\u0119 szerokim echem na Facebooku. Zapraszamy na wrze\u015bniowy raport Facebook Trends!\" \/>\n<meta property=\"og:url\" content=\"https:\/\/www.sotrender.com\/blog\/pl\/2018\/10\/facebook-trends-wrzesien-2018\/\" \/>\n<meta property=\"og:site_name\" content=\"Sotrender Blog\" \/>\n<meta property=\"article:publisher\" content=\"https:\/\/www.facebook.com\/Sotrender\" \/>\n<meta property=\"article:published_time\" content=\"2018-10-17T11:12:04+00:00\" \/>\n<meta property=\"article:modified_time\" content=\"2018-10-17T11:13:40+00:00\" \/>\n<meta property=\"og:image\" content=\"https:\/\/www.sotrender.com\/blog\/wp-content\/uploads\/2018\/10\/w-wielkim-stylu.jpg\" \/>\n\t<meta property=\"og:image:width\" content=\"1500\" \/>\n\t<meta property=\"og:image:height\" content=\"999\" \/>\n\t<meta property=\"og:image:type\" content=\"image\/jpeg\" \/>\n<meta name=\"author\" content=\"Klaudia \u017by\u0142ka\" \/>\n<meta name=\"twitter:card\" content=\"summary_large_image\" \/>\n<meta name=\"twitter:creator\" content=\"@Sotrender\" \/>\n<meta name=\"twitter:site\" content=\"@Sotrender\" \/>\n<meta name=\"twitter:label1\" content=\"Written by\" \/>\n\t<meta name=\"twitter:data1\" content=\"Klaudia \u017by\u0142ka\" \/>\n\t<meta name=\"twitter:label2\" content=\"Est. reading time\" \/>\n\t<meta name=\"twitter:data2\" content=\"2 minutes\" \/>\n<script type=\"application\/ld+json\" class=\"yoast-schema-graph\">{\"@context\":\"https:\/\/schema.org\",\"@graph\":[{\"@type\":\"WebPage\",\"@id\":\"https:\/\/www.sotrender.com\/blog\/pl\/2018\/10\/facebook-trends-wrzesien-2018\/\",\"url\":\"https:\/\/www.sotrender.com\/blog\/pl\/2018\/10\/facebook-trends-wrzesien-2018\/\",\"name\":\"Facebook Trends wrzesie\u0144 2018 - w wielkim stylu\",\"isPartOf\":{\"@id\":\"https:\/\/www.sotrender.com\/blog\/#website\"},\"primaryImageOfPage\":{\"@id\":\"https:\/\/www.sotrender.com\/blog\/pl\/2018\/10\/facebook-trends-wrzesien-2018\/#primaryimage\"},\"image\":{\"@id\":\"https:\/\/www.sotrender.com\/blog\/pl\/2018\/10\/facebook-trends-wrzesien-2018\/#primaryimage\"},\"thumbnailUrl\":\"https:\/\/www.sotrender.com\/blog\/wp-content\/uploads\/2018\/10\/w-wielkim-stylu.jpg\",\"datePublished\":\"2018-10-17T11:12:04+00:00\",\"dateModified\":\"2018-10-17T11:13:40+00:00\",\"author\":{\"@id\":\"https:\/\/www.sotrender.com\/blog\/#\/schema\/person\/038ac5e276c5d102d8cbb9c36cd43416\"},\"description\":\"We wrze\u015bniu przygl\u0105damy si\u0119 ostatnim sukcesom Polak\u00f3w, kt\u00f3re odbi\u0142y si\u0119 szerokim echem na Facebooku. Zapraszamy na wrze\u015bniowy raport Facebook Trends!\",\"breadcrumb\":{\"@id\":\"https:\/\/www.sotrender.com\/blog\/pl\/2018\/10\/facebook-trends-wrzesien-2018\/#breadcrumb\"},\"inLanguage\":\"pl-PL\",\"potentialAction\":[{\"@type\":\"ReadAction\",\"target\":[\"https:\/\/www.sotrender.com\/blog\/pl\/2018\/10\/facebook-trends-wrzesien-2018\/\"]}]},{\"@type\":\"ImageObject\",\"inLanguage\":\"pl-PL\",\"@id\":\"https:\/\/www.sotrender.com\/blog\/pl\/2018\/10\/facebook-trends-wrzesien-2018\/#primaryimage\",\"url\":\"https:\/\/www.sotrender.com\/blog\/wp-content\/uploads\/2018\/10\/w-wielkim-stylu.jpg\",\"contentUrl\":\"https:\/\/www.sotrender.com\/blog\/wp-content\/uploads\/2018\/10\/w-wielkim-stylu.jpg\",\"width\":1500,\"height\":999},{\"@type\":\"BreadcrumbList\",\"@id\":\"https:\/\/www.sotrender.com\/blog\/pl\/2018\/10\/facebook-trends-wrzesien-2018\/#breadcrumb\",\"itemListElement\":[{\"@type\":\"ListItem\",\"position\":1,\"name\":\"Home\",\"item\":\"https:\/\/www.sotrender.com\/blog\/\"},{\"@type\":\"ListItem\",\"position\":2,\"name\":\"Facebook Trends wrzesie\u0144 2018 &#8211; w wielkim stylu\"}]},{\"@type\":\"WebSite\",\"@id\":\"https:\/\/www.sotrender.com\/blog\/#website\",\"url\":\"https:\/\/www.sotrender.com\/blog\/\",\"name\":\"Sotrender Blog\",\"description\":\"\",\"potentialAction\":[{\"@type\":\"SearchAction\",\"target\":{\"@type\":\"EntryPoint\",\"urlTemplate\":\"https:\/\/www.sotrender.com\/blog\/?s={search_term_string}\"},\"query-input\":\"required name=search_term_string\"}],\"inLanguage\":\"pl-PL\"},{\"@type\":\"Person\",\"@id\":\"https:\/\/www.sotrender.com\/blog\/#\/schema\/person\/038ac5e276c5d102d8cbb9c36cd43416\",\"name\":\"Klaudia \u017by\u0142ka\",\"image\":{\"@type\":\"ImageObject\",\"inLanguage\":\"pl-PL\",\"@id\":\"https:\/\/www.sotrender.com\/blog\/#\/schema\/person\/image\/\",\"url\":\"https:\/\/secure.gravatar.com\/avatar\/f55d5d49ce3c448e1ffde0ab078d84cd?s=96&d=mm&r=g\",\"contentUrl\":\"https:\/\/secure.gravatar.com\/avatar\/f55d5d49ce3c448e1ffde0ab078d84cd?s=96&d=mm&r=g\",\"caption\":\"Klaudia \u017by\u0142ka\"},\"description\":\"Instagram, dogs, books and food lover. Former student at Warsaw University and Malm\u00f6 University. Improving her marketing skills every day. Proud owner of DIMAQ certificate\",\"sameAs\":[\"https:\/\/www.linkedin.com\/in\/klaudia-\u017cy\u0142ka-17527779\"],\"url\":\"https:\/\/www.sotrender.com\/blog\/pl\/author\/klaudia_yka\/\"}]}<\/script>\n<!-- \/ Yoast SEO plugin. -->","yoast_head_json":{"title":"Facebook Trends wrzesie\u0144 2018 - w wielkim stylu","description":"We wrze\u015bniu przygl\u0105damy si\u0119 ostatnim sukcesom Polak\u00f3w, kt\u00f3re odbi\u0142y si\u0119 szerokim echem na Facebooku. Zapraszamy na wrze\u015bniowy raport Facebook Trends!","robots":{"index":"index","follow":"follow","max-snippet":"max-snippet:-1","max-image-preview":"max-image-preview:large","max-video-preview":"max-video-preview:-1"},"canonical":"https:\/\/www.sotrender.com\/blog\/pl\/2018\/10\/facebook-trends-wrzesien-2018\/","og_locale":"pl_PL","og_type":"article","og_title":"Facebook Trends wrzesie\u0144 2018 - w wielkim stylu","og_description":"We wrze\u015bniu przygl\u0105damy si\u0119 ostatnim sukcesom Polak\u00f3w, kt\u00f3re odbi\u0142y si\u0119 szerokim echem na Facebooku. Zapraszamy na wrze\u015bniowy raport Facebook Trends!","og_url":"https:\/\/www.sotrender.com\/blog\/pl\/2018\/10\/facebook-trends-wrzesien-2018\/","og_site_name":"Sotrender Blog","article_publisher":"https:\/\/www.facebook.com\/Sotrender","article_published_time":"2018-10-17T11:12:04+00:00","article_modified_time":"2018-10-17T11:13:40+00:00","og_image":[{"width":1500,"height":999,"url":"https:\/\/www.sotrender.com\/blog\/wp-content\/uploads\/2018\/10\/w-wielkim-stylu.jpg","type":"image\/jpeg"}],"author":"Klaudia \u017by\u0142ka","twitter_card":"summary_large_image","twitter_creator":"@Sotrender","twitter_site":"@Sotrender","twitter_misc":{"Written by":"Klaudia \u017by\u0142ka","Est. reading time":"2 minutes"},"schema":{"@context":"https:\/\/schema.org","@graph":[{"@type":"WebPage","@id":"https:\/\/www.sotrender.com\/blog\/pl\/2018\/10\/facebook-trends-wrzesien-2018\/","url":"https:\/\/www.sotrender.com\/blog\/pl\/2018\/10\/facebook-trends-wrzesien-2018\/","name":"Facebook Trends wrzesie\u0144 2018 - w wielkim stylu","isPartOf":{"@id":"https:\/\/www.sotrender.com\/blog\/#website"},"primaryImageOfPage":{"@id":"https:\/\/www.sotrender.com\/blog\/pl\/2018\/10\/facebook-trends-wrzesien-2018\/#primaryimage"},"image":{"@id":"https:\/\/www.sotrender.com\/blog\/pl\/2018\/10\/facebook-trends-wrzesien-2018\/#primaryimage"},"thumbnailUrl":"https:\/\/www.sotrender.com\/blog\/wp-content\/uploads\/2018\/10\/w-wielkim-stylu.jpg","datePublished":"2018-10-17T11:12:04+00:00","dateModified":"2018-10-17T11:13:40+00:00","author":{"@id":"https:\/\/www.sotrender.com\/blog\/#\/schema\/person\/038ac5e276c5d102d8cbb9c36cd43416"},"description":"We wrze\u015bniu przygl\u0105damy si\u0119 ostatnim sukcesom Polak\u00f3w, kt\u00f3re odbi\u0142y si\u0119 szerokim echem na Facebooku. Zapraszamy na wrze\u015bniowy raport Facebook Trends!","breadcrumb":{"@id":"https:\/\/www.sotrender.com\/blog\/pl\/2018\/10\/facebook-trends-wrzesien-2018\/#breadcrumb"},"inLanguage":"pl-PL","potentialAction":[{"@type":"ReadAction","target":["https:\/\/www.sotrender.com\/blog\/pl\/2018\/10\/facebook-trends-wrzesien-2018\/"]}]},{"@type":"ImageObject","inLanguage":"pl-PL","@id":"https:\/\/www.sotrender.com\/blog\/pl\/2018\/10\/facebook-trends-wrzesien-2018\/#primaryimage","url":"https:\/\/www.sotrender.com\/blog\/wp-content\/uploads\/2018\/10\/w-wielkim-stylu.jpg","contentUrl":"https:\/\/www.sotrender.com\/blog\/wp-content\/uploads\/2018\/10\/w-wielkim-stylu.jpg","width":1500,"height":999},{"@type":"BreadcrumbList","@id":"https:\/\/www.sotrender.com\/blog\/pl\/2018\/10\/facebook-trends-wrzesien-2018\/#breadcrumb","itemListElement":[{"@type":"ListItem","position":1,"name":"Home","item":"https:\/\/www.sotrender.com\/blog\/"},{"@type":"ListItem","position":2,"name":"Facebook Trends wrzesie\u0144 2018 &#8211; w wielkim stylu"}]},{"@type":"WebSite","@id":"https:\/\/www.sotrender.com\/blog\/#website","url":"https:\/\/www.sotrender.com\/blog\/","name":"Sotrender Blog","description":"","potentialAction":[{"@type":"SearchAction","target":{"@type":"EntryPoint","urlTemplate":"https:\/\/www.sotrender.com\/blog\/?s={search_term_string}"},"query-input":"required name=search_term_string"}],"inLanguage":"pl-PL"},{"@type":"Person","@id":"https:\/\/www.sotrender.com\/blog\/#\/schema\/person\/038ac5e276c5d102d8cbb9c36cd43416","name":"Klaudia \u017by\u0142ka","image":{"@type":"ImageObject","inLanguage":"pl-PL","@id":"https:\/\/www.sotrender.com\/blog\/#\/schema\/person\/image\/","url":"https:\/\/secure.gravatar.com\/avatar\/f55d5d49ce3c448e1ffde0ab078d84cd?s=96&d=mm&r=g","contentUrl":"https:\/\/secure.gravatar.com\/avatar\/f55d5d49ce3c448e1ffde0ab078d84cd?s=96&d=mm&r=g","caption":"Klaudia \u017by\u0142ka"},"description":"Instagram, dogs, books and food lover. Former student at Warsaw University and Malm\u00f6 University. Improving her marketing skills every day. Proud owner of DIMAQ certificate","sameAs":["https:\/\/www.linkedin.com\/in\/klaudia-\u017cy\u0142ka-17527779"],"url":"https:\/\/www.sotrender.com\/blog\/pl\/author\/klaudia_yka\/"}]}},"_links":{"self":[{"href":"https:\/\/www.sotrender.com\/blog\/pl\/wp-json\/wp\/v2\/posts\/35595"}],"collection":[{"href":"https:\/\/www.sotrender.com\/blog\/pl\/wp-json\/wp\/v2\/posts"}],"about":[{"href":"https:\/\/www.sotrender.com\/blog\/pl\/wp-json\/wp\/v2\/types\/post"}],"author":[{"embeddable":true,"href":"https:\/\/www.sotrender.com\/blog\/pl\/wp-json\/wp\/v2\/users\/89"}],"replies":[{"embeddable":true,"href":"https:\/\/www.sotrender.com\/blog\/pl\/wp-json\/wp\/v2\/comments?post=35595"}],"version-history":[{"count":7,"href":"https:\/\/www.sotrender.com\/blog\/pl\/wp-json\/wp\/v2\/posts\/35595\/revisions"}],"predecessor-version":[{"id":35617,"href":"https:\/\/www.sotrender.com\/blog\/pl\/wp-json\/wp\/v2\/posts\/35595\/revisions\/35617"}],"wp:featuredmedia":[{"embeddable":true,"href":"https:\/\/www.sotrender.com\/blog\/pl\/wp-json\/wp\/v2\/media\/35597"}],"wp:attachment":[{"href":"https:\/\/www.sotrender.com\/blog\/pl\/wp-json\/wp\/v2\/media?parent=35595"}],"wp:term":[{"taxonomy":"category","embeddable":true,"href":"https:\/\/www.sotrender.com\/blog\/pl\/wp-json\/wp\/v2\/categories?post=35595"},{"taxonomy":"post_tag","embeddable":true,"href":"https:\/\/www.sotrender.com\/blog\/pl\/wp-json\/wp\/v2\/tags?post=35595"}],"curies":[{"name":"wp","href":"https:\/\/api.w.org\/{rel}","templated":true}]}}