{"id":355,"date":"2012-01-31T10:29:44","date_gmt":"2012-01-31T09:29:44","guid":{"rendered":"http:\/\/blog.fanpagetrender.pl\/?p=355"},"modified":"2015-12-01T22:43:41","modified_gmt":"2015-12-01T21:43:41","slug":"kim-sa-protestujacy-przeciw-acta","status":"publish","type":"post","link":"https:\/\/www.sotrender.com\/blog\/pl\/2012\/01\/kim-sa-protestujacy-przeciw-acta\/","title":{"rendered":"Kim s\u0105 protestuj\u0105cy przeciw ACTA?"},"content":{"rendered":"<p><em>Dominik Batorski,  Jan Zaj\u0105c<\/em><\/p>\n<p>Odpowiadamy na pytanie,  kt\u00f3re zadaj\u0105 sobie politycy i media: kim s\u0105 i dlaczego w\u0142a\u015bnie w sprawie ACTA a\u017c tak g\u0142o\u015bno protestuj\u0105 internauci!<\/p>\n<p>W dyskusjach nad protestami przeciwko ACTA osoby wci\u0105\u017c pojawia si\u0119 pytanie,  kto wyra\u017ca sw\u00f3j sprzeciw i dlaczego anga\u017cuje si\u0119 w dzia\u0142ania przeciwko temu porozumieniu. Czemu tak wiele os\u00f3b zaanga\u017cowa\u0142o si\u0119 w sieci,  czemu prawie p\u00f3\u0142 miliona zg\u0142osi\u0142o sw\u00f3j udzia\u0142 w wydarzeniu na Facebooku (\u00a0<a href=\"https:\/\/www.facebook.com\/events\/301294013254264\/\">Nie dla ACTA &#8211; nie zgadzam si\u0119 na podpisanie umowy przez Polsk\u0119<\/a>\u00a0) i czemu kilkadziesi\u0105t tysi\u0119cy,  nie tylko w najwi\u0119kszych miastach,  postanowi\u0142o wyj\u015b\u0107 na ulice?<\/p>\n<p><!--more--><\/p>\n<ul>\n<li>Facebookowe protesty przeciw ACTA zgromadzi\u0142y w zaledwie kilka dni \u0142\u0105cznie kilkaset tysi\u0119cy przeciwnik\u00f3w regulacji ACTA<\/li>\n<li>W\u015br\u00f3d fan\u00f3w profili \u201eNie dla ACTA w Polsce\u201d oraz \u201eKomentaz usuni\u0119ty przez ACTA\u201d dominuj\u0105 m\u0119\u017cczy\u017ani,  osoby m\u0142ode,  poni\u017cej 24 roku \u017cycia. Blisko po\u0142owa protestuj\u0105cych to osoby z Warszawy<\/li>\n<li>Obecno\u015b\u0107 internetu w codziennym \u017cyciu jest dla protestuj\u0105cych zupe\u0142nie oczywista,  a jego nieobecno\u015b\u0107 niewyobra\u017calna<\/li>\n<li>W Polsce ACTA jest odbierana jako pr\u00f3ba odebrania swobody komunikacji i ograniczenia wykorzystania narz\u0119dzia,  kt\u00f3re dla m\u0142odych Polak\u00f3w ma kluczowe znaczenie. Pojawienie si\u0119 gro\u017aby,  \u017ce swoboda korzystania z niego zostanie im odebrana,  jest powodem protest\u00f3w.<\/li>\n<li>Cho\u0107 regulacje ACTA mog\u0105 mie\u0107 istotny wp\u0142yw te\u017c na inne obszary,  jak cho\u0107by dost\u0119p do lek\u00f3w generycznych czy cz\u0119\u015bci zamiennych,  to w naszym kraju ten problem jest postrzegany przede wszystkim przez pryzmat regulacji Internetu<\/li>\n<\/ul>\n<p><!--more--><\/p>\n<p>Zesp\u00f3\u0142 Fanpage Trendera,  dzi\u0119ki uprzejmo\u015bci administrator\u00f3w profili,  przeanalizowa\u0142 kim s\u0105 fani dw\u00f3ch najwi\u0119kszych fanpage\u2019\u00f3w protestuj\u0105cych przeciw ACTA,  czyli \u201e<a href=\"https:\/\/www.facebook.com\/nieACTA\">Nie dla ACTA a Polsce<\/a>\u201d oraz <a href=\"https:\/\/www.facebook.com\/komentarzusunietyprzezacta\">\u201eKomentarz usuni\u0119ty przez ACTA\u201d<\/a>. Pierwszy z nich ma obecnie ponad 220 tys. fan\u00f3w,  drugi 180 tys.<\/p>\n<p>W\u015br\u00f3d fan\u00f3w dominuj\u0105 m\u0119\u017cczy\u017ani,  jest ich 62% na fanpage\u2019u \u201eNie dla ACTA w Polsce\u201d i 55% na \u201eKomentarz usuni\u0119ty przez ACTA\u201d.<\/p>\n<p>Znacznie istotniejsze jest to,  \u017ce dominuj\u0105 osoby m\u0142ode (por. wykres). A\u017c 78% u\u017cytkownik\u00f3w pierwszego z fanpage\u2019\u00f3w to osoby poni\u017cej 24 roku \u017cycia. Na drugim jest ich jeszcze wi\u0119cej,  bo a\u017c 83%. Dodatkowo kilkana\u015bcie procent fan\u00f3w to osoby w wieku 25-34 lat. Starsi zdarzaj\u0105 si\u0119 jedynie sporadycznie.<br \/>\n<!--more--><\/p>\n<p><a href=\"https:\/\/www.sotrender.com\/blog\/wp-content\/uploads\/2012\/01\/ACTA_FP_wiek1.png\"><img loading=\"lazy\" decoding=\"async\" class=\"aligncenter size-full wp-image-369\" title=\"ACTA_FP_wiek\" src=\"https:\/\/www.sotrender.com\/blog\/wp-content\/uploads\/2012\/01\/ACTA_FP_wiek1.png\" alt=\"Rozk\u0142ad wieku os\u00f3b protestuj\u0105cych przeciw ACTA - fani fanpage'\u00f3w\" width=\"885\" height=\"560\" srcset=\"https:\/\/www.sotrender.com\/blog\/wp-content\/uploads\/2012\/01\/ACTA_FP_wiek1.png 885w, https:\/\/www.sotrender.com\/blog\/wp-content\/uploads\/2012\/01\/ACTA_FP_wiek1-475x301.png 475w, https:\/\/www.sotrender.com\/blog\/wp-content\/uploads\/2012\/01\/ACTA_FP_wiek1-768x486.png 768w, https:\/\/www.sotrender.com\/blog\/wp-content\/uploads\/2012\/01\/ACTA_FP_wiek1-600x380.png 600w\" sizes=\"(max-width: 885px) 100vw, 885px\" \/><\/a><\/p>\n<p>&nbsp;<\/p>\n<p><strong>Dlaczego m\u0142odzi?<\/strong><\/p>\n<p>Dlaczego to akurat m\u0142odzi tak mocno zaanga\u017cowali si\u0119 w protesty przeciwko ACTA?<br \/>\n<em>Jan Zaj\u0105c<\/em>: Internet pe\u0142ni w ich \u017cyciu bardzo wa\u017cn\u0105 rol\u0119,  a swoboda korzystania jest bardzo wa\u017cn\u0105 warto\u015bci\u0105. Cz\u0119sto protestuj\u0105 przeciwko idei,  wyobra\u017ceniu zagro\u017cenia,  a niekoniecznie przeciw konkretnym zapisom.<\/p>\n<p>Wed\u0142ug bada\u0144 Diagnozy Spo\u0142ecznej z 2011 r.,  to m\u0142odzi najcz\u0119\u015bciej i najintensywniej korzystaj\u0105 z internetu. Badania World Internet Project z 2011 r. pokazuj\u0105,  \u017ce dla Polak\u00f3w do 30 roku \u017cycia sie\u0107 jest nie tylko najistotniejszym \u017ar\u00f3d\u0142em informacji,  ale r\u00f3wnie\u017c rozrywki. Obecno\u015b\u0107 internetu jest dla nich czym\u015b oczywistym,  bo wielu nie pami\u0119ta \u017cycia bez niego. Jest im trudno wyobrazi\u0107 sobie,  \u017ce korzystanie z sieci mia\u0142oby by\u0107 ograniczone.<\/p>\n<p>Dla wielu z m\u0142odych ludzi jest to te\u017c jedyna szansa na kontakt z tre\u015bciami kultury i rozrywk\u0105,  o czym przekonuje raport <a href=\"http:\/\/www.obiegikultury.centrumcyfrowe.pl\/\">Obiegi Kultury<\/a>. Op\u0142aty za te tre\u015bci cz\u0119sto s\u0105 dla nich zbyt wysokie. Nie buntuj\u0105 si\u0119 z braku perspektyw,  zbyt niskich zarobk\u00f3w,  czy braku pracy,  bo przynajmniej maj\u0105 internet. Dzi\u0119ki niemu mog\u0105 rozwija\u0107 zainteresowania,  swobodnie dociera\u0107 do tre\u015bci,  kt\u00f3re ich interesuj\u0105.<\/p>\n<p><em>Dominik Batorski<\/em>: Internet b\u0119d\u0105c \u017ar\u00f3d\u0142em darmowej rozrywki jest jednocze\u015bnie narz\u0119dziem zapewniania spokoju spo\u0142ecznego.<\/p>\n<p><em>Dominik Batorski<\/em>: \u00a0Od dawna wiadomo,  \u017ce rewolucje wybuchaj\u0105 nie wtedy gdy sytuacja jest z\u0142a,  ale wtedy,  gdy zwi\u0119ksza si\u0119 r\u00f3\u017cnica mi\u0119dzy oczekiwaniami a mo\u017cliwo\u015bciami ich zaspokojenia. W Polsce ACTA jest odbierana jako pr\u00f3ba odebrania swobody komunikacji i ograniczenia wykorzystania narz\u0119dzia,  kt\u00f3re dla m\u0142odych Polak\u00f3w ma kluczowe znaczenie. Jest ogromna r\u00f3\u017cnica mi\u0119dzy tym co maj\u0105 obecnie i traktuj\u0105 jako oczywisto\u015b\u0107,  bo nie znaj\u0105 czas\u00f3w bez internetu,  a tym jak wyobra\u017caj\u0105 sobie efekty ACTA: zbieranie i udost\u0119pniania danych o korzystaniu z serwis\u00f3w,  r\u00f3wnie\u017c innym firmom i przede wszystkim skuteczniejsze egzekwowanie praw autorskich. Pojawienie si\u0119 gro\u017aby,  \u017ce swoboda korzystania z tak wa\u017cnego dla nich narz\u0119dzia zostanie im odebrana,  wywo\u0142uje niepokoje i jest wystarczaj\u0105cym powodem do protest\u00f3w.<\/p>\n<p><em>Jan Zaj\u0105c<\/em>: Nale\u017cy pami\u0119ta\u0107,  \u017ce regulacje ACTA nie dotycz\u0105 wy\u0142\u0105cznie Internetu,  lecz tak\u017ce wielu innych obszar\u00f3w \u017cycia,  jak na przyk\u0142ad lekarstw,  kt\u00f3re mog\u0105 by\u0107 znacznie istotniejsze dla starszych os\u00f3b ni\u017c enigmatyczna dla nich \u201ewolno\u015b\u0107 Internetu\u201d. Postrzeganie problemu przede wszystkim przez pryzmat regulacji sieci z jednej strony pomog\u0142o zmobilizowa\u0107 wiele m\u0142odych os\u00f3b,  z drugiej jednak \u2013 u\u0142atwia jego bagatelizowanie i sprowadzanie do walki z piractwem internetowym. Chcia\u0142bym,  \u017ceby wi\u0119cej Polak\u00f3w zrozumia\u0142o szersze znaczenie przepis\u00f3w ACTA,  p\u00f3ki temat interesuje jeszcze media i opini\u0119 publiczn\u0105.<\/p>\n<p>Zdecydowana wi\u0119kszo\u015b\u0107 protestuj\u0105cych na Facebooku mieszka w du\u017cych miastach. Prawie po\u0142owa z nich to mieszka\u0144cy Warszawy\u00a0oraz osoby,  kt\u00f3re nie maj\u0105 podanej lokalizacji lub korzystaj\u0105 z urz\u0105dze\u0144 mobilnych. Jednak protesty maj\u0105 miejsce r\u00f3wnie\u017c w wielu innych miejscowo\u015bciach. Nietrudno to zrozumie\u0107,  szczeg\u00f3lnie,  \u017ce w tych mniejszych o\u015brodkach dost\u0119p do kultury jest cz\u0119sto znacznie gorszy ni\u017c w du\u017cych miastach.<\/p>\n<p>Aktualizacja (31.01.2012): Ze wzgl\u0119du na zg\u0142aszane b\u0142\u0119dy w zliczaniu miejscowo\u015bci i przeszacowanie Warszawy,  zmienili\u015bmy wymow\u0119 fragment\u00f3w a propos miast.<\/p>\n<p>&nbsp;<\/p>\n<p><em>Serdecznie dzi\u0119kujemy za pomoc w realizacji bada\u0144 administratorom fanpage\u2019\u00f3w <a href=\"https:\/\/www.facebook.com\/nieACTA\">Nie dla ACTA w Polsce<\/a>\u00a0oraz \u201e<a href=\"https:\/\/www.facebook.com\/komentarzusunietyprzezacta\">Komentarz usuni\u0119ty przez ACTA<\/a>\u201d.<\/em><\/p>\n","protected":false},"excerpt":{"rendered":"<p>Dominik Batorski, Jan Zaj\u0105c Odpowiadamy na pytanie, kt\u00f3re zadaj\u0105 sobie politycy i media: kim s\u0105 i dlaczego w\u0142a\u015bnie w sprawie ACTA a\u017c tak g\u0142o\u015bno protestuj\u0105 internauci! W dyskusjach nad protestami przeciwko ACTA osoby wci\u0105\u017c pojawia si\u0119 pytanie, kto wyra\u017ca sw\u00f3j sprzeciw i dlaczego anga\u017cuje si\u0119 w dzia\u0142ania przeciwko temu porozumieniu. Czemu tak wiele os\u00f3b zaanga\u017cowa\u0142o [&hellip;]<\/p>\n","protected":false},"author":2,"featured_media":0,"comment_status":"open","ping_status":"open","sticky":false,"template":"","format":"standard","meta":{"inline_featured_image":false,"footnotes":""},"categories":[1793,1797],"tags":[15,17,25,311],"yoast_head":"<!-- This site is optimized with the Yoast SEO plugin v22.4 - https:\/\/yoast.com\/wordpress\/plugins\/seo\/ -->\n<title>Kim s\u0105 protestuj\u0105cy przeciw ACTA?<\/title>\n<meta name=\"description\" content=\"Przedstawiamy analizy protestuj\u0105cych przeciwko ACTA przeprowadzone na podstawie danych z Facebooka. Sotrender - Social Media Marketing Blog.\" \/>\n<meta name=\"robots\" content=\"index, follow, max-snippet:-1, max-image-preview:large, max-video-preview:-1\" \/>\n<link rel=\"canonical\" href=\"https:\/\/www.sotrender.com\/blog\/pl\/2012\/01\/kim-sa-protestujacy-przeciw-acta\/\" \/>\n<meta property=\"og:locale\" content=\"pl_PL\" \/>\n<meta property=\"og:type\" content=\"article\" \/>\n<meta property=\"og:title\" content=\"Kim s\u0105 protestuj\u0105cy przeciw ACTA?\" \/>\n<meta property=\"og:description\" content=\"Przedstawiamy analizy protestuj\u0105cych przeciwko ACTA przeprowadzone na podstawie danych z Facebooka. Sotrender - Social Media Marketing Blog.\" \/>\n<meta property=\"og:url\" content=\"https:\/\/www.sotrender.com\/blog\/pl\/2012\/01\/kim-sa-protestujacy-przeciw-acta\/\" \/>\n<meta property=\"og:site_name\" content=\"Sotrender Blog\" \/>\n<meta property=\"article:publisher\" content=\"https:\/\/www.facebook.com\/Sotrender\" \/>\n<meta property=\"article:author\" content=\"https:\/\/www.facebook.com\/jan.zajac.75?fref=ts\" \/>\n<meta property=\"article:published_time\" content=\"2012-01-31T09:29:44+00:00\" \/>\n<meta property=\"article:modified_time\" content=\"2015-12-01T21:43:41+00:00\" \/>\n<meta property=\"og:image\" content=\"https:\/\/www.sotrender.com\/blog\/wp-content\/uploads\/2012\/01\/ACTA_FP_wiek1.png\" \/>\n<meta name=\"author\" content=\"Jan Zaj\u0105c\" \/>\n<meta name=\"twitter:card\" content=\"summary_large_image\" \/>\n<meta name=\"twitter:creator\" content=\"@http:\/\/twitter.com\/janekzajac\" \/>\n<meta name=\"twitter:site\" content=\"@Sotrender\" \/>\n<meta name=\"twitter:label1\" content=\"Written by\" \/>\n\t<meta name=\"twitter:data1\" content=\"Jan Zaj\u0105c\" \/>\n\t<meta name=\"twitter:label2\" content=\"Est. reading time\" \/>\n\t<meta name=\"twitter:data2\" content=\"5 minutes\" \/>\n<script type=\"application\/ld+json\" class=\"yoast-schema-graph\">{\"@context\":\"https:\/\/schema.org\",\"@graph\":[{\"@type\":\"WebPage\",\"@id\":\"https:\/\/www.sotrender.com\/blog\/pl\/2012\/01\/kim-sa-protestujacy-przeciw-acta\/\",\"url\":\"https:\/\/www.sotrender.com\/blog\/pl\/2012\/01\/kim-sa-protestujacy-przeciw-acta\/\",\"name\":\"Kim s\u0105 protestuj\u0105cy przeciw ACTA?\",\"isPartOf\":{\"@id\":\"https:\/\/www.sotrender.com\/blog\/#website\"},\"primaryImageOfPage\":{\"@id\":\"https:\/\/www.sotrender.com\/blog\/pl\/2012\/01\/kim-sa-protestujacy-przeciw-acta\/#primaryimage\"},\"image\":{\"@id\":\"https:\/\/www.sotrender.com\/blog\/pl\/2012\/01\/kim-sa-protestujacy-przeciw-acta\/#primaryimage\"},\"thumbnailUrl\":\"https:\/\/www.sotrender.com\/blog\/wp-content\/uploads\/2012\/01\/ACTA_FP_wiek1.png\",\"datePublished\":\"2012-01-31T09:29:44+00:00\",\"dateModified\":\"2015-12-01T21:43:41+00:00\",\"author\":{\"@id\":\"https:\/\/www.sotrender.com\/blog\/#\/schema\/person\/15d4db3ba9c4e61b1cb96099300e7c51\"},\"description\":\"Przedstawiamy analizy protestuj\u0105cych przeciwko ACTA przeprowadzone na podstawie danych z Facebooka. Sotrender - Social Media Marketing Blog.\",\"breadcrumb\":{\"@id\":\"https:\/\/www.sotrender.com\/blog\/pl\/2012\/01\/kim-sa-protestujacy-przeciw-acta\/#breadcrumb\"},\"inLanguage\":\"pl-PL\",\"potentialAction\":[{\"@type\":\"ReadAction\",\"target\":[\"https:\/\/www.sotrender.com\/blog\/pl\/2012\/01\/kim-sa-protestujacy-przeciw-acta\/\"]}]},{\"@type\":\"ImageObject\",\"inLanguage\":\"pl-PL\",\"@id\":\"https:\/\/www.sotrender.com\/blog\/pl\/2012\/01\/kim-sa-protestujacy-przeciw-acta\/#primaryimage\",\"url\":\"https:\/\/www.sotrender.com\/blog\/wp-content\/uploads\/2012\/01\/ACTA_FP_wiek1.png\",\"contentUrl\":\"https:\/\/www.sotrender.com\/blog\/wp-content\/uploads\/2012\/01\/ACTA_FP_wiek1.png\"},{\"@type\":\"BreadcrumbList\",\"@id\":\"https:\/\/www.sotrender.com\/blog\/pl\/2012\/01\/kim-sa-protestujacy-przeciw-acta\/#breadcrumb\",\"itemListElement\":[{\"@type\":\"ListItem\",\"position\":1,\"name\":\"Home\",\"item\":\"https:\/\/www.sotrender.com\/blog\/\"},{\"@type\":\"ListItem\",\"position\":2,\"name\":\"Kim s\u0105 protestuj\u0105cy przeciw ACTA?\"}]},{\"@type\":\"WebSite\",\"@id\":\"https:\/\/www.sotrender.com\/blog\/#website\",\"url\":\"https:\/\/www.sotrender.com\/blog\/\",\"name\":\"Sotrender Blog\",\"description\":\"\",\"potentialAction\":[{\"@type\":\"SearchAction\",\"target\":{\"@type\":\"EntryPoint\",\"urlTemplate\":\"https:\/\/www.sotrender.com\/blog\/?s={search_term_string}\"},\"query-input\":\"required name=search_term_string\"}],\"inLanguage\":\"pl-PL\"},{\"@type\":\"Person\",\"@id\":\"https:\/\/www.sotrender.com\/blog\/#\/schema\/person\/15d4db3ba9c4e61b1cb96099300e7c51\",\"name\":\"Jan Zaj\u0105c\",\"image\":{\"@type\":\"ImageObject\",\"inLanguage\":\"pl-PL\",\"@id\":\"https:\/\/www.sotrender.com\/blog\/#\/schema\/person\/image\/\",\"url\":\"https:\/\/secure.gravatar.com\/avatar\/330c70ea205c5402148d7c7d8927d81d?s=96&d=mm&r=g\",\"contentUrl\":\"https:\/\/secure.gravatar.com\/avatar\/330c70ea205c5402148d7c7d8927d81d?s=96&d=mm&r=g\",\"caption\":\"Jan Zaj\u0105c\"},\"description\":\"Psychologist &amp; economist, experienced consultant &amp; researcher, who speaks 6 languages and has cycled around 17 countries.\",\"sameAs\":[\"https:\/\/www.facebook.com\/jan.zajac.75?fref=ts\",\"https:\/\/www.linkedin.com\/in\/janekzajac\",\"https:\/\/twitter.com\/http:\/\/twitter.com\/janekzajac\"],\"url\":\"https:\/\/www.sotrender.com\/blog\/pl\/author\/jan_zajc\/\"}]}<\/script>\n<!-- \/ Yoast SEO plugin. -->","yoast_head_json":{"title":"Kim s\u0105 protestuj\u0105cy przeciw ACTA?","description":"Przedstawiamy analizy protestuj\u0105cych przeciwko ACTA przeprowadzone na podstawie danych z Facebooka. Sotrender - Social Media Marketing Blog.","robots":{"index":"index","follow":"follow","max-snippet":"max-snippet:-1","max-image-preview":"max-image-preview:large","max-video-preview":"max-video-preview:-1"},"canonical":"https:\/\/www.sotrender.com\/blog\/pl\/2012\/01\/kim-sa-protestujacy-przeciw-acta\/","og_locale":"pl_PL","og_type":"article","og_title":"Kim s\u0105 protestuj\u0105cy przeciw ACTA?","og_description":"Przedstawiamy analizy protestuj\u0105cych przeciwko ACTA przeprowadzone na podstawie danych z Facebooka. Sotrender - Social Media Marketing Blog.","og_url":"https:\/\/www.sotrender.com\/blog\/pl\/2012\/01\/kim-sa-protestujacy-przeciw-acta\/","og_site_name":"Sotrender Blog","article_publisher":"https:\/\/www.facebook.com\/Sotrender","article_author":"https:\/\/www.facebook.com\/jan.zajac.75?fref=ts","article_published_time":"2012-01-31T09:29:44+00:00","article_modified_time":"2015-12-01T21:43:41+00:00","og_image":[{"url":"https:\/\/www.sotrender.com\/blog\/wp-content\/uploads\/2012\/01\/ACTA_FP_wiek1.png"}],"author":"Jan Zaj\u0105c","twitter_card":"summary_large_image","twitter_creator":"@http:\/\/twitter.com\/janekzajac","twitter_site":"@Sotrender","twitter_misc":{"Written by":"Jan Zaj\u0105c","Est. reading time":"5 minutes"},"schema":{"@context":"https:\/\/schema.org","@graph":[{"@type":"WebPage","@id":"https:\/\/www.sotrender.com\/blog\/pl\/2012\/01\/kim-sa-protestujacy-przeciw-acta\/","url":"https:\/\/www.sotrender.com\/blog\/pl\/2012\/01\/kim-sa-protestujacy-przeciw-acta\/","name":"Kim s\u0105 protestuj\u0105cy przeciw ACTA?","isPartOf":{"@id":"https:\/\/www.sotrender.com\/blog\/#website"},"primaryImageOfPage":{"@id":"https:\/\/www.sotrender.com\/blog\/pl\/2012\/01\/kim-sa-protestujacy-przeciw-acta\/#primaryimage"},"image":{"@id":"https:\/\/www.sotrender.com\/blog\/pl\/2012\/01\/kim-sa-protestujacy-przeciw-acta\/#primaryimage"},"thumbnailUrl":"https:\/\/www.sotrender.com\/blog\/wp-content\/uploads\/2012\/01\/ACTA_FP_wiek1.png","datePublished":"2012-01-31T09:29:44+00:00","dateModified":"2015-12-01T21:43:41+00:00","author":{"@id":"https:\/\/www.sotrender.com\/blog\/#\/schema\/person\/15d4db3ba9c4e61b1cb96099300e7c51"},"description":"Przedstawiamy analizy protestuj\u0105cych przeciwko ACTA przeprowadzone na podstawie danych z Facebooka. Sotrender - Social Media Marketing Blog.","breadcrumb":{"@id":"https:\/\/www.sotrender.com\/blog\/pl\/2012\/01\/kim-sa-protestujacy-przeciw-acta\/#breadcrumb"},"inLanguage":"pl-PL","potentialAction":[{"@type":"ReadAction","target":["https:\/\/www.sotrender.com\/blog\/pl\/2012\/01\/kim-sa-protestujacy-przeciw-acta\/"]}]},{"@type":"ImageObject","inLanguage":"pl-PL","@id":"https:\/\/www.sotrender.com\/blog\/pl\/2012\/01\/kim-sa-protestujacy-przeciw-acta\/#primaryimage","url":"https:\/\/www.sotrender.com\/blog\/wp-content\/uploads\/2012\/01\/ACTA_FP_wiek1.png","contentUrl":"https:\/\/www.sotrender.com\/blog\/wp-content\/uploads\/2012\/01\/ACTA_FP_wiek1.png"},{"@type":"BreadcrumbList","@id":"https:\/\/www.sotrender.com\/blog\/pl\/2012\/01\/kim-sa-protestujacy-przeciw-acta\/#breadcrumb","itemListElement":[{"@type":"ListItem","position":1,"name":"Home","item":"https:\/\/www.sotrender.com\/blog\/"},{"@type":"ListItem","position":2,"name":"Kim s\u0105 protestuj\u0105cy przeciw ACTA?"}]},{"@type":"WebSite","@id":"https:\/\/www.sotrender.com\/blog\/#website","url":"https:\/\/www.sotrender.com\/blog\/","name":"Sotrender Blog","description":"","potentialAction":[{"@type":"SearchAction","target":{"@type":"EntryPoint","urlTemplate":"https:\/\/www.sotrender.com\/blog\/?s={search_term_string}"},"query-input":"required name=search_term_string"}],"inLanguage":"pl-PL"},{"@type":"Person","@id":"https:\/\/www.sotrender.com\/blog\/#\/schema\/person\/15d4db3ba9c4e61b1cb96099300e7c51","name":"Jan Zaj\u0105c","image":{"@type":"ImageObject","inLanguage":"pl-PL","@id":"https:\/\/www.sotrender.com\/blog\/#\/schema\/person\/image\/","url":"https:\/\/secure.gravatar.com\/avatar\/330c70ea205c5402148d7c7d8927d81d?s=96&d=mm&r=g","contentUrl":"https:\/\/secure.gravatar.com\/avatar\/330c70ea205c5402148d7c7d8927d81d?s=96&d=mm&r=g","caption":"Jan Zaj\u0105c"},"description":"Psychologist &amp; economist, experienced consultant &amp; researcher, who speaks 6 languages and has cycled around 17 countries.","sameAs":["https:\/\/www.facebook.com\/jan.zajac.75?fref=ts","https:\/\/www.linkedin.com\/in\/janekzajac","https:\/\/twitter.com\/http:\/\/twitter.com\/janekzajac"],"url":"https:\/\/www.sotrender.com\/blog\/pl\/author\/jan_zajc\/"}]}},"_links":{"self":[{"href":"https:\/\/www.sotrender.com\/blog\/pl\/wp-json\/wp\/v2\/posts\/355"}],"collection":[{"href":"https:\/\/www.sotrender.com\/blog\/pl\/wp-json\/wp\/v2\/posts"}],"about":[{"href":"https:\/\/www.sotrender.com\/blog\/pl\/wp-json\/wp\/v2\/types\/post"}],"author":[{"embeddable":true,"href":"https:\/\/www.sotrender.com\/blog\/pl\/wp-json\/wp\/v2\/users\/2"}],"replies":[{"embeddable":true,"href":"https:\/\/www.sotrender.com\/blog\/pl\/wp-json\/wp\/v2\/comments?post=355"}],"version-history":[{"count":32,"href":"https:\/\/www.sotrender.com\/blog\/pl\/wp-json\/wp\/v2\/posts\/355\/revisions"}],"predecessor-version":[{"id":3051,"href":"https:\/\/www.sotrender.com\/blog\/pl\/wp-json\/wp\/v2\/posts\/355\/revisions\/3051"}],"wp:attachment":[{"href":"https:\/\/www.sotrender.com\/blog\/pl\/wp-json\/wp\/v2\/media?parent=355"}],"wp:term":[{"taxonomy":"category","embeddable":true,"href":"https:\/\/www.sotrender.com\/blog\/pl\/wp-json\/wp\/v2\/categories?post=355"},{"taxonomy":"post_tag","embeddable":true,"href":"https:\/\/www.sotrender.com\/blog\/pl\/wp-json\/wp\/v2\/tags?post=355"}],"curies":[{"name":"wp","href":"https:\/\/api.w.org\/{rel}","templated":true}]}}