{"id":3475,"date":"2012-11-06T16:52:02","date_gmt":"2012-11-06T15:52:02","guid":{"rendered":"http:\/\/blog.sotrender.com\/?p=3475"},"modified":"2015-12-28T15:51:10","modified_gmt":"2015-12-28T14:51:10","slug":"kto-naprawde-stracil-fanow-na-facebooku","status":"publish","type":"post","link":"https:\/\/www.sotrender.com\/blog\/pl\/2012\/11\/kto-naprawde-stracil-fanow-na-facebooku\/","title":{"rendered":"Kto naprawd\u0119 straci\u0142 fan\u00f3w na Facebooku,  czyli kasowanie kont okiem Sotrender Research Team"},"content":{"rendered":"<p>We wrze\u015bniu bran\u017c\u0119 social media przestraszy\u0142a wiadomo\u015b\u0107,  \u017ce <strong>Facebook b\u0119dzie kasowa\u0142 fa\u0142szywe konta<\/strong> (wspominali\u015bmy o niej <a title=\"Zmiany,  zmiany,  zmiany,  czyli wrzesie\u0144 na Facebooku \u2013 Fanpage Trends wrzesie\u0144 2012\" href=\"https:\/\/www.sotrender.com\/blog\/pl\/2012\/10\/zmiany-zmiany-zmiany-czyli-wrzesien-na-facebooku-sotrender-fanpage-trends-wrzesien-2012\/\" target=\"_blank\">na blogu Sotrendera<\/a>\u00a0przy okazji <a title=\"Fanpage Trends Polska Wrzesie\u0144 2012\" href=\"http:\/\/www.sotrender.com\/pl\/fanpage-trends\/201209\" target=\"_blank\">wrze\u015bniowego raportu Fanpage Trends<\/a>\u00a0). Malkontenci g\u0142osili upadek wielu popularnych profili marek,  zaludnianych ich zdaniem przez sztucznych u\u017cytkownik\u00f3w.<strong> Sotrender Research Team<\/strong> postanowi\u0142 przyjrze\u0107 si\u0119 temu problemowi.<\/p>\n<p>Tak naprawd\u0119 nie by\u0142o si\u0119 czego ba\u0107. Bardzo rzadkie by\u0142y przypadki,  gdy fanpage wi\u0119cej ni\u017c kilkuset fan\u00f3w lub wi\u0119cej ni\u017c kilka procent spo\u015br\u00f3d wszystkich lubi\u0105cych dan\u0105 stron\u0119. Ca\u0142a akcja w przypadku polskich fanpage\u2019\u00f3w trwa\u0142a dok\u0142adnie tydzie\u0144 na prze\u0142omie wrze\u015bnia i pa\u017adziernika,  przy czym w niedziel\u0119 Facebook odpoczywa\u0142. Z drugiej strony,  nawet przy takiej skali kasowanie zauwa\u017calne w globalnych statystykach polskiego Facebooka. Co ciekawe,  cho\u0107 zaobserwowali\u015bmy troch\u0119 strat w przypadku stron marek i firm,  to nie wida\u0107 ich w przypadku popularnych stron rozrywkowych,  w tym tzw. farm fan\u00f3w.<\/p>\n<p><!--more--><\/p>\n<h3>Wolniejszy wzrost przez tydzie\u0144<\/h3>\n<p>Najpierw spojrzeli\u015bmy w statystyki zbiorcze,  sprawdzaj\u0105c \u015bredni dzienny przyrost liczby fan\u00f3w dla polskich fanpage\u2019\u00f3w o liczbie fan\u00f3w powy\u017cej 1000 w okresie 1.09 \u2013 30.10.2012. Nawet przy tak du\u017cej skali mo\u017cna zauwa\u017cy\u0107,  kiedy nast\u0105pi\u0142o usuwanie. Czerwony kolor linii wykresu odpowiada dniom,  w kt\u00f3rych Facebook usuwa\u0142 fikcyjne konta. By\u0142 to dok\u0142adnie tydzie\u0144,  od wtorku do poniedzia\u0142ku. Co ciekawe,  w niedziel\u0119 30. wrze\u015bnia serwis zrobi\u0142 odpoczynek od \u201esprz\u0105tania\u201d,  co przedstawia lokalny wzrost,  oznaczony zielon\u0105 lini\u0105. Czy\u017cby oznacza\u0142o to,  \u017ce usuwaniem fan\u00f3w nie zajmowa\u0142 si\u0119 jedynie bezduszny automat,  lecz tak\u017ce ludzie,  kt\u00f3rzy mieli dzie\u0144 wolnego?<\/p>\n<p style=\"text-align: center;\"><em>(kliknij aby powi\u0119kszy\u0107)<\/em><\/p>\n<p><a href=\"https:\/\/www.sotrender.com\/blog\/wp-content\/uploads\/2012\/11\/plot_zoom_png-2.png\"><img loading=\"lazy\" decoding=\"async\" class=\"wp-image-3491 aligncenter\" title=\"\u015aredni dzienny przyrost fan\u00f3w na fanpage'ach\" src=\"https:\/\/www.sotrender.com\/blog\/wp-content\/uploads\/2012\/11\/plot_zoom_png-2-1024x768.png\" alt=\"\" width=\"300\" height=\"225\" \/><\/a><\/p>\n<p>Jednocze\u015bnie na wykresie wida\u0107,  \u017ce najwi\u0119ksze fanpage wci\u0105\u017c rosn\u0105. Dni kasowania oznacza\u0142y tylko (lub a\u017c) spore spowolnienie wzrostu przez tydzie\u0144. W okresie kasowania najwi\u0119kszym polskim profilom przyby\u0142o \u0142\u0105cznie a\u017c o 275 ty\u015b. fan\u00f3w mniej ni\u017c przeci\u0119tnie.<\/p>\n<h3>Kto straci\u0142 najwi\u0119cej?<\/h3>\n<p>Jednak,  gdy przyjrzymy si\u0119 tym fanpage\u2019om,  kt\u00f3re we wspomnianych dniach traci\u0142y najwiecej fan\u00f3w to opisywana akcja stanie si\u0119 du\u017co bardziej czytelna. Poni\u017cej przedstawiamy wykresy dziennych przyrost\u00f3w liczby fan\u00f3w dla 16 fanpage&#8217;\u00f3w,  kt\u00f3re straci\u0142y w tych dniach najwi\u0119cej fan\u00f3w. Widoczny na wszystkich wykresach jest charakterystyczny wz\u00f3r \u2013 du\u017ce spadki w stosunku do przeci\u0119tnych dziennych zmian (czerwona przerywana linia),  przy czym w niedziel\u0119 30.09 zmiana liczby fan\u00f3w na poziomie standardowym.<\/p>\n<p style=\"text-align: center;\"><em>(kliknij aby powi\u0119kszy\u0107)<\/em>\u00a0<a href=\"https:\/\/www.sotrender.com\/blog\/wp-content\/uploads\/2012\/11\/plot_zoom_png-3.png\" target=\"_blank\"><img loading=\"lazy\" decoding=\"async\" class=\"size-medium wp-image-3479 aligncenter\" title=\"Straty w liczbie fan\u00f3w na Facebooku 16 du\u017cych fanpage\" src=\"https:\/\/www.sotrender.com\/blog\/wp-content\/uploads\/2012\/11\/plot_zoom_png-3-300x225.png\" alt=\"\" width=\"300\" height=\"225\" \/><\/a><\/p>\n<p>W liczbach bezwzgl\u0119dnych najwi\u0119cej straci\u0142 fanpage <em>Musi by\u0107 g\u0142o\u015bno,  kiedy jest impreza!<\/em>,  bo \u0142\u0105cznie a\u017c 1682 fan\u00f3w (pami\u0119tajmy jednak \u017ce by\u0142 to 1% og\u00f3lnej liczby fan\u00f3w). Dla wybranych <strong>16 najbardziej poszkodowanych<\/strong> przez Facebook ta strata wynios\u0142a przeci\u0119tnie 1083 fan\u00f3w,  czyli 3, 3%. Procentowo,  najwi\u0119cej straci\u0142 stosunkowo ma\u0142y \u201eLight &amp; Lifestyle Design\u201d \u2013 27% fan\u00f3w (przed stratami mia\u0142 ok. 2500 fan\u00f3w). Spo\u015br\u00f3d wi\u0119kszych fanpage (powy\u017cej 10 000 fan\u00f3w) najwi\u0119cej procentowo straci\u0142y <em>Ranking MLM<\/em> (9, 2%),  a nast\u0119pnie <em>Pi\u0119knie Mieszkaj<\/em> (8, 1%), ,  <em>Skapiec.pl<\/em> (8%), <em> \u017byj KOMFORTOWO<\/em> (6, 8%),  <em>Dermedic<\/em> (6, 4%) i <em>OLYMPUS TW\u00d3RZ PRZYSZ\u0141O\u015a\u0106<\/em>(5, 6%).<\/p>\n<h3>A co z najpopularniejszymi fanpage&#8217;ami?<\/h3>\n<p>Je\u015bli pod lup\u0119 we\u017amiemy jedynie <strong>najwi\u0119ksze fanpage komercyjne<\/strong> (powy\u017cej 50 000 fan\u00f3w),  najbardziej poszkodowanymi okazuj\u0105 si\u0119 kolejno: wspomniany ju\u017c \u201eMusi by\u0107 g\u0142o\u015bno,  kiedy jest impreza!\u201d,  \u201eGor\u0105cy Kubek &#8211; Tego mi Trzeba\u201d,  \u201eNiemo\u017cliwe staje si\u0119 mo\u017cliwe\u201d,  \u201eExim Tours Polska\u201d,  \u201eWilkinson\u201d,  \u201eToshibaPolska\u201d,  \u201eRobert M\u201d,  \u201eeSKY.pl &#8211; Internetowe Centrum Podr\u00f3\u017cy\u201d,  \u201eMicrosoft Me (Polska)\u201di \u201eGroupon Polska\u201d. Przeci\u0119tnie straci\u0142y one w ca\u0142ym okresie 1046 fan\u00f3w,  (1, 1% wszystkich).<\/p>\n<p>Wymienione fanpage s\u0105 r\u00f3wnie\u017c w czo\u0142\u00f3wce tych,  kt\u00f3re ponios\u0142y najwi\u0119ksze straty procentowe. Je\u015bli skorzystamy z <strong>Sotrendera<\/strong> to mo\u017cemy w \u0142atwy spos\u00f3b przegl\u0105da\u0107 wykresy pokazuj\u0105ce jak kreowa\u0142 si\u0119 przyrost fan\u00f3w tych fanpage&#8217;y w wybranym przez nas okresie. Poni\u017cej przedstawione s\u0105 wykresy z <strong>Sotrendera<\/strong> dla 5 fanpage&#8217;y,  kt\u00f3re procentowo najbardziej ucierpia\u0142y na akcji Facebooka:<\/p>\n<p><strong>ToshibaPolska<\/strong>: w przeddzie\u0144 usuwania mia\u0142 77140,  a straci\u0142 873 fan\u00f3w.<\/p>\n<p style=\"text-align: center;\"><a href=\"https:\/\/www.sotrender.com\/blog\/wp-content\/uploads\/2012\/11\/Przyrsot_libczy_fanow_dziennie_ToshibaPolska.jpg\" target=\"_blank\"><img loading=\"lazy\" decoding=\"async\" class=\"size-medium wp-image-3487 aligncenter\" title=\"Przyrsot_libczy_fanow_(dziennie)_ToshibaPolska\" src=\"https:\/\/www.sotrender.com\/blog\/wp-content\/uploads\/2012\/11\/Przyrsot_libczy_fanow_dziennie_ToshibaPolska-300x101.jpg\" alt=\"\" width=\"300\" height=\"101\" \/><\/a><\/p>\n<p><strong>eSKY.pl<\/strong> &#8211; Internetowe Centrum Podr\u00f3\u017cy: mia\u0142 59780,  a straci\u0142 834 fan\u00f3w.<\/p>\n<p style=\"text-align: center;\"><a href=\"https:\/\/www.sotrender.com\/blog\/wp-content\/uploads\/2012\/11\/Przyrsot_libczy_fanow_dziennie_eSKY.pl_-_Internetowe_Centrum_Podr\u00f3\u017cy.jpg\" target=\"_blank\"><img loading=\"lazy\" decoding=\"async\" class=\"size-medium wp-image-3481 aligncenter\" title=\"Przyrsot_libczy_fanow_(dziennie)_eSKY.pl_-_Internetowe_Centrum_Podr\u00f3\u017cy\" src=\"https:\/\/www.sotrender.com\/blog\/wp-content\/uploads\/2012\/11\/Przyrsot_libczy_fanow_dziennie_eSKY.pl_-_Internetowe_Centrum_Podr\u00f3\u017cy-300x101.jpg\" alt=\"\" width=\"300\" height=\"101\" \/><\/a><\/p>\n<p><strong>Microsoft Me<\/strong> (Polska): mia\u0142 50096,  a straci\u0142 765.<\/p>\n<p style=\"text-align: center;\"><a href=\"https:\/\/www.sotrender.com\/blog\/wp-content\/uploads\/2012\/11\/Przyrsot_libczy_fanow_dziennie_Microsoft_Me_Polska.jpg\" target=\"_blank\"><img loading=\"lazy\" decoding=\"async\" class=\"size-medium wp-image-3485 aligncenter\" title=\"Przyrsot_libczy_fanow_(dziennie)_Microsoft_Me_(Polska)\" src=\"https:\/\/www.sotrender.com\/blog\/wp-content\/uploads\/2012\/11\/Przyrsot_libczy_fanow_dziennie_Microsoft_Me_Polska-300x101.jpg\" alt=\"\" width=\"300\" height=\"101\" \/><\/a><\/p>\n<p><strong>Wilkinson<\/strong>: mia\u0142 62454,  a straci\u0142 976 fan\u00f3w.<\/p>\n<p style=\"text-align: center;\"><a href=\"https:\/\/www.sotrender.com\/blog\/wp-content\/uploads\/2012\/11\/Przyrsot_libczy_fanow_dziennie_Wilkinson.jpg\" target=\"_blank\"><img loading=\"lazy\" decoding=\"async\" class=\"size-medium wp-image-3489 aligncenter\" title=\"Przyrsot_libczy_fanow_(dziennie)_Wilkinson\" src=\"https:\/\/www.sotrender.com\/blog\/wp-content\/uploads\/2012\/11\/Przyrsot_libczy_fanow_dziennie_Wilkinson-300x101.jpg\" alt=\"\" width=\"300\" height=\"101\" \/><\/a><\/p>\n<p><strong>Gor\u0105cy Kubek<\/strong> &#8211; Tego mi Trzeba: <strong>rekordzista<\/strong> w\u015br\u00f3d du\u017cych fanpage \u2013 przed usuwaniem mia\u0142 75964 fan\u00f3w,  a w dniach usuwania skurczy\u0142 si\u0119 a\u017c o 1468 fan\u00f3w.<\/p>\n<p style=\"text-align: center;\"><a href=\"https:\/\/www.sotrender.com\/blog\/wp-content\/uploads\/2012\/11\/Przyrsot_libczy_fanow_dziennie_Gor\u0105cy_Kubek_-_Tego_mi_Trzeba.jpg\" target=\"_blank\"><img loading=\"lazy\" decoding=\"async\" class=\"size-large wp-image-3483 aligncenter\" title=\"Przyrsot_libczy_fanow_(dziennie)_Gor\u0105cy_Kubek_-_Tego_mi_Trzeba\" src=\"https:\/\/www.sotrender.com\/blog\/wp-content\/uploads\/2012\/11\/Przyrsot_libczy_fanow_dziennie_Gor\u0105cy_Kubek_-_Tego_mi_Trzeba-1024x344.jpg\" alt=\"\" width=\"300\" height=\"101\" \/><\/a><\/p>\n<h3>Fanpage rozrywkowe i farmy fan\u00f3w nie ucierpia\u0142y<\/h3>\n<p>Sprawdzili\u015bmy te\u017c najwi\u0119ksze fanpage rozrywkowe,  w tym tak\u017ce takie okre\u015blane mianem farm fan\u00f3w. Znalaz\u0142y si\u0119 tu m.in. takie kilkusettysi\u0119czne profile jak <em>Kr\u00f3l Julian<\/em>,  <em>Nie ogarniam<\/em>,  <em>ja jebie<\/em>,  <em>Kocham Football<\/em>,  <em>Kocham spa\u0107<\/em>!,  <em>Ciasteczkowy potw\u00f3r<\/em> i <em>Nie lubi\u0119 poniedzia\u0142k\u00f3w<\/em>. Na \u017cadnych z nich nie odnotowali\u015bmy znacz\u0105cych spadk\u00f3w w liczbie fan\u00f3w w czasie,  gdy Facebook usuwa\u0142 fikcyjne konta. Trzeba pami\u0119ta\u0107,  \u017ce te profile maj\u0105 zwykle du\u017ce dziennie przyrosty i samo zwolnienie przyrostu by\u0142oby dla nich nienaturalne. Jednak nawet uwzgl\u0119dniaj\u0105c ten fakt nie mo\u017cna powiedzie\u0107,  aby szczeg\u00f3lnie ucierpia\u0142y.<\/p>\n<p><em>Autor: Krzysztof Mocarski (analityk),  wsp\u00f3\u0142praca: dr Jan Zaj\u0105c (CEO),  dr Dominik Batorski (Chief Scientist).<\/em><\/p>\n","protected":false},"excerpt":{"rendered":"<p>We wrze\u015bniu bran\u017c\u0119 social media przestraszy\u0142a wiadomo\u015b\u0107, \u017ce Facebook b\u0119dzie kasowa\u0142 fa\u0142szywe konta (wspominali\u015bmy o niej na blogu Sotrendera\u00a0przy okazji wrze\u015bniowego raportu Fanpage Trends\u00a0). Malkontenci g\u0142osili upadek wielu popularnych profili marek, zaludnianych ich zdaniem przez sztucznych u\u017cytkownik\u00f3w. Sotrender Research Team postanowi\u0142 przyjrze\u0107 si\u0119 temu problemowi. Tak naprawd\u0119 nie by\u0142o si\u0119 czego ba\u0107. Bardzo rzadkie by\u0142y [&hellip;]<\/p>\n","protected":false},"author":27,"featured_media":18901,"comment_status":"open","ping_status":"open","sticky":false,"template":"","format":"standard","meta":{"inline_featured_image":false,"footnotes":""},"categories":[1793,1797],"tags":[353,17,25,45],"yoast_head":"<!-- This site is optimized with the Yoast SEO plugin v22.4 - https:\/\/yoast.com\/wordpress\/plugins\/seo\/ -->\n<title>Kasowanie sztucznych kont na Facebooku: Sotrender Research Team<\/title>\n<meta name=\"description\" content=\"Kto naprawd\u0119 straci\u0142 fan\u00f3w na Facebooku, czyli kasowanie kont okiem Sotrender Research Team. Analiza dla danych z polskich profili. Sprawd\u017a, kto straci\u0142!\" \/>\n<meta name=\"robots\" content=\"index, follow, max-snippet:-1, max-image-preview:large, max-video-preview:-1\" \/>\n<link rel=\"canonical\" href=\"https:\/\/www.sotrender.com\/blog\/pl\/2012\/11\/kto-naprawde-stracil-fanow-na-facebooku\/\" \/>\n<meta property=\"og:locale\" content=\"pl_PL\" \/>\n<meta property=\"og:type\" content=\"article\" \/>\n<meta property=\"og:title\" content=\"Kasowanie sztucznych kont na Facebooku: Sotrender Research Team\" \/>\n<meta property=\"og:description\" content=\"Kto naprawd\u0119 straci\u0142 fan\u00f3w na Facebooku, czyli kasowanie kont okiem Sotrender Research Team. Analiza dla danych z polskich profili. Sprawd\u017a, kto straci\u0142!\" \/>\n<meta property=\"og:url\" content=\"https:\/\/www.sotrender.com\/blog\/pl\/2012\/11\/kto-naprawde-stracil-fanow-na-facebooku\/\" \/>\n<meta property=\"og:site_name\" content=\"Sotrender Blog\" \/>\n<meta property=\"article:publisher\" content=\"https:\/\/www.facebook.com\/Sotrender\" \/>\n<meta property=\"article:published_time\" content=\"2012-11-06T15:52:02+00:00\" \/>\n<meta property=\"article:modified_time\" content=\"2015-12-28T14:51:10+00:00\" \/>\n<meta property=\"og:image\" content=\"https:\/\/www.sotrender.com\/blog\/wp-content\/uploads\/2015\/07\/header_blog_3.jpg\" \/>\n\t<meta property=\"og:image:width\" content=\"1600\" \/>\n\t<meta property=\"og:image:height\" content=\"700\" \/>\n\t<meta property=\"og:image:type\" content=\"image\/jpeg\" \/>\n<meta name=\"author\" content=\"Krzysztof Mocarski\" \/>\n<meta name=\"twitter:card\" content=\"summary_large_image\" \/>\n<meta name=\"twitter:creator\" content=\"@Sotrender\" \/>\n<meta name=\"twitter:site\" content=\"@Sotrender\" \/>\n<meta name=\"twitter:label1\" content=\"Written by\" \/>\n\t<meta name=\"twitter:data1\" content=\"Krzysztof Mocarski\" \/>\n\t<meta name=\"twitter:label2\" content=\"Est. reading time\" \/>\n\t<meta name=\"twitter:data2\" content=\"4 minutes\" \/>\n<script type=\"application\/ld+json\" class=\"yoast-schema-graph\">{\"@context\":\"https:\/\/schema.org\",\"@graph\":[{\"@type\":\"WebPage\",\"@id\":\"https:\/\/www.sotrender.com\/blog\/pl\/2012\/11\/kto-naprawde-stracil-fanow-na-facebooku\/\",\"url\":\"https:\/\/www.sotrender.com\/blog\/pl\/2012\/11\/kto-naprawde-stracil-fanow-na-facebooku\/\",\"name\":\"Kasowanie sztucznych kont na Facebooku: Sotrender Research Team\",\"isPartOf\":{\"@id\":\"https:\/\/www.sotrender.com\/blog\/#website\"},\"primaryImageOfPage\":{\"@id\":\"https:\/\/www.sotrender.com\/blog\/pl\/2012\/11\/kto-naprawde-stracil-fanow-na-facebooku\/#primaryimage\"},\"image\":{\"@id\":\"https:\/\/www.sotrender.com\/blog\/pl\/2012\/11\/kto-naprawde-stracil-fanow-na-facebooku\/#primaryimage\"},\"thumbnailUrl\":\"https:\/\/www.sotrender.com\/blog\/wp-content\/uploads\/2015\/07\/header_blog_3.jpg\",\"datePublished\":\"2012-11-06T15:52:02+00:00\",\"dateModified\":\"2015-12-28T14:51:10+00:00\",\"author\":{\"@id\":\"https:\/\/www.sotrender.com\/blog\/#\/schema\/person\/27ff7d690acf1a171e870ab5ae2cf98c\"},\"description\":\"Kto naprawd\u0119 straci\u0142 fan\u00f3w na Facebooku, czyli kasowanie kont okiem Sotrender Research Team. Analiza dla danych z polskich profili. Sprawd\u017a, kto straci\u0142!\",\"breadcrumb\":{\"@id\":\"https:\/\/www.sotrender.com\/blog\/pl\/2012\/11\/kto-naprawde-stracil-fanow-na-facebooku\/#breadcrumb\"},\"inLanguage\":\"pl-PL\",\"potentialAction\":[{\"@type\":\"ReadAction\",\"target\":[\"https:\/\/www.sotrender.com\/blog\/pl\/2012\/11\/kto-naprawde-stracil-fanow-na-facebooku\/\"]}]},{\"@type\":\"ImageObject\",\"inLanguage\":\"pl-PL\",\"@id\":\"https:\/\/www.sotrender.com\/blog\/pl\/2012\/11\/kto-naprawde-stracil-fanow-na-facebooku\/#primaryimage\",\"url\":\"https:\/\/www.sotrender.com\/blog\/wp-content\/uploads\/2015\/07\/header_blog_3.jpg\",\"contentUrl\":\"https:\/\/www.sotrender.com\/blog\/wp-content\/uploads\/2015\/07\/header_blog_3.jpg\",\"width\":1600,\"height\":700},{\"@type\":\"BreadcrumbList\",\"@id\":\"https:\/\/www.sotrender.com\/blog\/pl\/2012\/11\/kto-naprawde-stracil-fanow-na-facebooku\/#breadcrumb\",\"itemListElement\":[{\"@type\":\"ListItem\",\"position\":1,\"name\":\"Home\",\"item\":\"https:\/\/www.sotrender.com\/blog\/\"},{\"@type\":\"ListItem\",\"position\":2,\"name\":\"Kto naprawd\u0119 straci\u0142 fan\u00f3w na Facebooku, czyli kasowanie kont okiem Sotrender Research Team\"}]},{\"@type\":\"WebSite\",\"@id\":\"https:\/\/www.sotrender.com\/blog\/#website\",\"url\":\"https:\/\/www.sotrender.com\/blog\/\",\"name\":\"Sotrender Blog\",\"description\":\"\",\"potentialAction\":[{\"@type\":\"SearchAction\",\"target\":{\"@type\":\"EntryPoint\",\"urlTemplate\":\"https:\/\/www.sotrender.com\/blog\/?s={search_term_string}\"},\"query-input\":\"required name=search_term_string\"}],\"inLanguage\":\"pl-PL\"},{\"@type\":\"Person\",\"@id\":\"https:\/\/www.sotrender.com\/blog\/#\/schema\/person\/27ff7d690acf1a171e870ab5ae2cf98c\",\"name\":\"Krzysztof Mocarski\",\"image\":{\"@type\":\"ImageObject\",\"inLanguage\":\"pl-PL\",\"@id\":\"https:\/\/www.sotrender.com\/blog\/#\/schema\/person\/image\/\",\"url\":\"https:\/\/secure.gravatar.com\/avatar\/ca0dbfe3dffc729f5e6cbc77e52264e0?s=96&d=mm&r=g\",\"contentUrl\":\"https:\/\/secure.gravatar.com\/avatar\/ca0dbfe3dffc729f5e6cbc77e52264e0?s=96&d=mm&r=g\",\"caption\":\"Krzysztof Mocarski\"},\"url\":\"https:\/\/www.sotrender.com\/blog\/pl\/author\/krzysztof-mocarski\/\"}]}<\/script>\n<!-- \/ Yoast SEO plugin. -->","yoast_head_json":{"title":"Kasowanie sztucznych kont na Facebooku: Sotrender Research Team","description":"Kto naprawd\u0119 straci\u0142 fan\u00f3w na Facebooku, czyli kasowanie kont okiem Sotrender Research Team. Analiza dla danych z polskich profili. Sprawd\u017a, kto straci\u0142!","robots":{"index":"index","follow":"follow","max-snippet":"max-snippet:-1","max-image-preview":"max-image-preview:large","max-video-preview":"max-video-preview:-1"},"canonical":"https:\/\/www.sotrender.com\/blog\/pl\/2012\/11\/kto-naprawde-stracil-fanow-na-facebooku\/","og_locale":"pl_PL","og_type":"article","og_title":"Kasowanie sztucznych kont na Facebooku: Sotrender Research Team","og_description":"Kto naprawd\u0119 straci\u0142 fan\u00f3w na Facebooku, czyli kasowanie kont okiem Sotrender Research Team. Analiza dla danych z polskich profili. Sprawd\u017a, kto straci\u0142!","og_url":"https:\/\/www.sotrender.com\/blog\/pl\/2012\/11\/kto-naprawde-stracil-fanow-na-facebooku\/","og_site_name":"Sotrender Blog","article_publisher":"https:\/\/www.facebook.com\/Sotrender","article_published_time":"2012-11-06T15:52:02+00:00","article_modified_time":"2015-12-28T14:51:10+00:00","og_image":[{"width":1600,"height":700,"url":"https:\/\/www.sotrender.com\/blog\/wp-content\/uploads\/2015\/07\/header_blog_3.jpg","type":"image\/jpeg"}],"author":"Krzysztof Mocarski","twitter_card":"summary_large_image","twitter_creator":"@Sotrender","twitter_site":"@Sotrender","twitter_misc":{"Written by":"Krzysztof Mocarski","Est. reading time":"4 minutes"},"schema":{"@context":"https:\/\/schema.org","@graph":[{"@type":"WebPage","@id":"https:\/\/www.sotrender.com\/blog\/pl\/2012\/11\/kto-naprawde-stracil-fanow-na-facebooku\/","url":"https:\/\/www.sotrender.com\/blog\/pl\/2012\/11\/kto-naprawde-stracil-fanow-na-facebooku\/","name":"Kasowanie sztucznych kont na Facebooku: Sotrender Research Team","isPartOf":{"@id":"https:\/\/www.sotrender.com\/blog\/#website"},"primaryImageOfPage":{"@id":"https:\/\/www.sotrender.com\/blog\/pl\/2012\/11\/kto-naprawde-stracil-fanow-na-facebooku\/#primaryimage"},"image":{"@id":"https:\/\/www.sotrender.com\/blog\/pl\/2012\/11\/kto-naprawde-stracil-fanow-na-facebooku\/#primaryimage"},"thumbnailUrl":"https:\/\/www.sotrender.com\/blog\/wp-content\/uploads\/2015\/07\/header_blog_3.jpg","datePublished":"2012-11-06T15:52:02+00:00","dateModified":"2015-12-28T14:51:10+00:00","author":{"@id":"https:\/\/www.sotrender.com\/blog\/#\/schema\/person\/27ff7d690acf1a171e870ab5ae2cf98c"},"description":"Kto naprawd\u0119 straci\u0142 fan\u00f3w na Facebooku, czyli kasowanie kont okiem Sotrender Research Team. Analiza dla danych z polskich profili. Sprawd\u017a, kto straci\u0142!","breadcrumb":{"@id":"https:\/\/www.sotrender.com\/blog\/pl\/2012\/11\/kto-naprawde-stracil-fanow-na-facebooku\/#breadcrumb"},"inLanguage":"pl-PL","potentialAction":[{"@type":"ReadAction","target":["https:\/\/www.sotrender.com\/blog\/pl\/2012\/11\/kto-naprawde-stracil-fanow-na-facebooku\/"]}]},{"@type":"ImageObject","inLanguage":"pl-PL","@id":"https:\/\/www.sotrender.com\/blog\/pl\/2012\/11\/kto-naprawde-stracil-fanow-na-facebooku\/#primaryimage","url":"https:\/\/www.sotrender.com\/blog\/wp-content\/uploads\/2015\/07\/header_blog_3.jpg","contentUrl":"https:\/\/www.sotrender.com\/blog\/wp-content\/uploads\/2015\/07\/header_blog_3.jpg","width":1600,"height":700},{"@type":"BreadcrumbList","@id":"https:\/\/www.sotrender.com\/blog\/pl\/2012\/11\/kto-naprawde-stracil-fanow-na-facebooku\/#breadcrumb","itemListElement":[{"@type":"ListItem","position":1,"name":"Home","item":"https:\/\/www.sotrender.com\/blog\/"},{"@type":"ListItem","position":2,"name":"Kto naprawd\u0119 straci\u0142 fan\u00f3w na Facebooku, czyli kasowanie kont okiem Sotrender Research Team"}]},{"@type":"WebSite","@id":"https:\/\/www.sotrender.com\/blog\/#website","url":"https:\/\/www.sotrender.com\/blog\/","name":"Sotrender Blog","description":"","potentialAction":[{"@type":"SearchAction","target":{"@type":"EntryPoint","urlTemplate":"https:\/\/www.sotrender.com\/blog\/?s={search_term_string}"},"query-input":"required name=search_term_string"}],"inLanguage":"pl-PL"},{"@type":"Person","@id":"https:\/\/www.sotrender.com\/blog\/#\/schema\/person\/27ff7d690acf1a171e870ab5ae2cf98c","name":"Krzysztof Mocarski","image":{"@type":"ImageObject","inLanguage":"pl-PL","@id":"https:\/\/www.sotrender.com\/blog\/#\/schema\/person\/image\/","url":"https:\/\/secure.gravatar.com\/avatar\/ca0dbfe3dffc729f5e6cbc77e52264e0?s=96&d=mm&r=g","contentUrl":"https:\/\/secure.gravatar.com\/avatar\/ca0dbfe3dffc729f5e6cbc77e52264e0?s=96&d=mm&r=g","caption":"Krzysztof Mocarski"},"url":"https:\/\/www.sotrender.com\/blog\/pl\/author\/krzysztof-mocarski\/"}]}},"_links":{"self":[{"href":"https:\/\/www.sotrender.com\/blog\/pl\/wp-json\/wp\/v2\/posts\/3475"}],"collection":[{"href":"https:\/\/www.sotrender.com\/blog\/pl\/wp-json\/wp\/v2\/posts"}],"about":[{"href":"https:\/\/www.sotrender.com\/blog\/pl\/wp-json\/wp\/v2\/types\/post"}],"author":[{"embeddable":true,"href":"https:\/\/www.sotrender.com\/blog\/pl\/wp-json\/wp\/v2\/users\/27"}],"replies":[{"embeddable":true,"href":"https:\/\/www.sotrender.com\/blog\/pl\/wp-json\/wp\/v2\/comments?post=3475"}],"version-history":[{"count":45,"href":"https:\/\/www.sotrender.com\/blog\/pl\/wp-json\/wp\/v2\/posts\/3475\/revisions"}],"predecessor-version":[{"id":3593,"href":"https:\/\/www.sotrender.com\/blog\/pl\/wp-json\/wp\/v2\/posts\/3475\/revisions\/3593"}],"wp:featuredmedia":[{"embeddable":true,"href":"https:\/\/www.sotrender.com\/blog\/pl\/wp-json\/wp\/v2\/media\/18901"}],"wp:attachment":[{"href":"https:\/\/www.sotrender.com\/blog\/pl\/wp-json\/wp\/v2\/media?parent=3475"}],"wp:term":[{"taxonomy":"category","embeddable":true,"href":"https:\/\/www.sotrender.com\/blog\/pl\/wp-json\/wp\/v2\/categories?post=3475"},{"taxonomy":"post_tag","embeddable":true,"href":"https:\/\/www.sotrender.com\/blog\/pl\/wp-json\/wp\/v2\/tags?post=3475"}],"curies":[{"name":"wp","href":"https:\/\/api.w.org\/{rel}","templated":true}]}}