{"id":34733,"date":"2018-08-21T11:02:07","date_gmt":"2018-08-21T09:02:07","guid":{"rendered":"https:\/\/www.sotrender.com\/blog\/?p=34733\/"},"modified":"2018-08-21T11:02:07","modified_gmt":"2018-08-21T09:02:07","slug":"twitter-trends-lipiec-2018","status":"publish","type":"post","link":"https:\/\/www.sotrender.com\/blog\/pl\/2018\/08\/twitter-trends-lipiec-2018\/","title":{"rendered":"Twitter Trends lipiec 2018 &#8211; sportowe emocje"},"content":{"rendered":"<p><span style=\"font-weight: 400;\">Lipiec to doskona\u0142y przyk\u0142ad, \u017ce sport na Twitterze ma si\u0119 bardzo dobrze nawet po sko\u0144czonym mundialu. O jakich dyscyplinach mowa? Sprawd\u017acie w <a href=\"https:\/\/www.sotrender.com\/trends\/twitter\/poland\/201807\">lipcowym wydaniu Twitter Trends<\/a>!<\/span><\/p>\n<p><!--more--><\/p>\n<h2><b>Dwa k\u00f3\u0142ka<\/b><\/h2>\n<p><span style=\"font-weight: 400;\">Jednym z najlepiej performuj\u0105cych profili w lipcu na Twitterze by\u0142 profil Micha\u0142a Kwiatkowskiego. Zdoby\u0142 nie tylko ponad 4 tysi\u0105ce nowych obserwator\u00f3w (ok. 4% wzrost), ale awansowa\u0142 r\u00f3wnie\u017c o 19 pozycji w zestawieniu wzmianek. <\/span><\/p>\n<div id=\"attachment_34735\" style=\"width: 858px\" class=\"wp-caption aligncenter\"><img loading=\"lazy\" decoding=\"async\" aria-describedby=\"caption-attachment-34735\" class=\" wp-image-34735\" src=\"https:\/\/www.sotrender.com\/blog\/wp-content\/uploads\/2018\/08\/lipiec-twitter-sport.png\" alt=\"Profile o najwi\u0119kszej liczbie wzmianek w kategorii Sport | Twitter lipiec 2018\" width=\"848\" height=\"523\" srcset=\"https:\/\/www.sotrender.com\/blog\/wp-content\/uploads\/2018\/08\/lipiec-twitter-sport.png 983w, https:\/\/www.sotrender.com\/blog\/wp-content\/uploads\/2018\/08\/lipiec-twitter-sport-475x293.png 475w, https:\/\/www.sotrender.com\/blog\/wp-content\/uploads\/2018\/08\/lipiec-twitter-sport-768x473.png 768w, https:\/\/www.sotrender.com\/blog\/wp-content\/uploads\/2018\/08\/lipiec-twitter-sport-950x586.png 950w\" sizes=\"(max-width: 848px) 100vw, 848px\" \/><p id=\"caption-attachment-34735\" class=\"wp-caption-text\">Profile o najwi\u0119kszej liczbie wzmianek <a href=\"https:\/\/www.sotrender.com\/trends\/twitter\/poland\/201807\/sport\">w kategorii Sport<\/a> | Twitter lipiec 2018<\/p><\/div>\n<p><span style=\"font-weight: 400;\">R\u00f3wnie\u017c inny polski kolarz &#8211; Rafa\u0142 Majka &#8211; awansowa\u0142 w kategorii <a href=\"https:\/\/www.sotrender.com\/trends\/twitter\/poland\/201807\/sport\">Aktywno\u015bci<\/a> a\u017c o 40 pozycji. <\/span><\/p>\n<p><span style=\"font-weight: 400;\">Twitterowe awanse polskich kolarzy by\u0142y zwi\u0105zane z ich lipcowymi startami, g\u0142\u00f3wnie w Tour de France. <\/span><\/p>\n<h2><b>K2 niezmiennie budzi emocje<\/b><\/h2>\n<p><span style=\"font-weight: 400;\">K2 po raz kolejny by\u0142o na ustach wielu Polak\u00f3w i budzi\u0142o niema\u0142o emocji. <\/span><\/p>\n<p><span style=\"font-weight: 400;\">Tweety jednego ze sponsor\u00f3w Andrzeja Bargiela &#8211; Red Bull Polska &#8211; zdominowa\u0142y zestawienie najlepszych tweet\u00f3w lipca <a href=\"https:\/\/www.sotrender.com\/trends\/twitter\/poland\/201807\/fmcg\">w kategorii FMCG<\/a>. Sukces J\u0119drka by\u0142 niema\u0142ym wyczynem na skal\u0119 \u015bwiatow\u0105, dlatego te\u017c z przyjemno\u015bci\u0105 do\u0142\u0105czamy si\u0119 do gratulacji!<\/span><\/p>\n<div id=\"attachment_34737\" style=\"width: 797px\" class=\"wp-caption aligncenter\"><img loading=\"lazy\" decoding=\"async\" aria-describedby=\"caption-attachment-34737\" class=\" wp-image-34737\" src=\"https:\/\/www.sotrender.com\/blog\/wp-content\/uploads\/2018\/08\/red-bull-lipiec-bargiel.png\" alt=\"Najlepsze posty w kategorii FMCG w lipcu na Twitterze\" width=\"787\" height=\"384\" srcset=\"https:\/\/www.sotrender.com\/blog\/wp-content\/uploads\/2018\/08\/red-bull-lipiec-bargiel.png 973w, https:\/\/www.sotrender.com\/blog\/wp-content\/uploads\/2018\/08\/red-bull-lipiec-bargiel-475x232.png 475w, https:\/\/www.sotrender.com\/blog\/wp-content\/uploads\/2018\/08\/red-bull-lipiec-bargiel-768x375.png 768w, https:\/\/www.sotrender.com\/blog\/wp-content\/uploads\/2018\/08\/red-bull-lipiec-bargiel-950x464.png 950w\" sizes=\"(max-width: 787px) 100vw, 787px\" \/><p id=\"caption-attachment-34737\" class=\"wp-caption-text\">Najlepsze posty <a href=\"https:\/\/www.sotrender.com\/trends\/twitter\/poland\/201807\/fmcg\">w kategorii FMCG<\/a> w lipcu na Twitterze<\/p><\/div>\n<h2><b>W drodze na ratunek <\/b><\/h2>\n<p><span style=\"font-weight: 400;\">Polscy stra\u017cacy byli w lipcu prawdziwymi bohaterami, nie tylko na obszarze naszego kraju. <\/span><\/p>\n<p><span style=\"font-weight: 400;\">Najlepsze tweety miesi\u0105ca w kategorii <a href=\"https:\/\/www.sotrender.com\/trends\/twitter\/poland\/201807\/organizacje_rzadowe\">Organizacje rz\u0105dowe i samorz\u0105dowe<\/a> nale\u017ca\u0142y do MSWiA i dotyczy\u0142y w\u0142a\u015bnie oddzia\u0142\u00f3w polskiej stra\u017cy po\u017carnej, kt\u00f3ra ruszy\u0142a na pomoc Szwecji w walce z ogniem. <\/span><\/p>\n<div id=\"attachment_34739\" style=\"width: 811px\" class=\"wp-caption aligncenter\"><img loading=\"lazy\" decoding=\"async\" aria-describedby=\"caption-attachment-34739\" class=\" wp-image-34739\" src=\"https:\/\/www.sotrender.com\/blog\/wp-content\/uploads\/2018\/08\/organizacje-najlpesze-posty-lipiec-twiter.png\" alt=\"Najlepsze posty w kategorii Organizacje rz\u0105dowe i samorz\u0105dowe | Twitter lipiec 2018\" width=\"801\" height=\"389\" srcset=\"https:\/\/www.sotrender.com\/blog\/wp-content\/uploads\/2018\/08\/organizacje-najlpesze-posty-lipiec-twiter.png 968w, https:\/\/www.sotrender.com\/blog\/wp-content\/uploads\/2018\/08\/organizacje-najlpesze-posty-lipiec-twiter-475x231.png 475w, https:\/\/www.sotrender.com\/blog\/wp-content\/uploads\/2018\/08\/organizacje-najlpesze-posty-lipiec-twiter-768x373.png 768w, https:\/\/www.sotrender.com\/blog\/wp-content\/uploads\/2018\/08\/organizacje-najlpesze-posty-lipiec-twiter-950x461.png 950w\" sizes=\"(max-width: 801px) 100vw, 801px\" \/><p id=\"caption-attachment-34739\" class=\"wp-caption-text\">Najlepsze posty w kategorii <a href=\"https:\/\/www.sotrender.com\/trends\/twitter\/poland\/201807\/organizacje_rzadowe\">Organizacje rz\u0105dowe i samorz\u0105dowe<\/a> | Twitter lipiec 2018<\/p><\/div>\n<p><span style=\"font-weight: 400;\">Tym samym MSWiA zar\u00f3wno w zestawieniu wzmianek jak i aktywno\u015bci uplasowa\u0142o si\u0119 na pozycji nr 1. <\/span><\/p>\n<p style=\"text-align: center;\"><!--HubSpot Call-to-Action Code --><span id=\"hs-cta-wrapper-c4243256-775c-4f09-9dae-182c6d1fa4e1\" class=\"hs-cta-wrapper\"><span id=\"hs-cta-c4243256-775c-4f09-9dae-182c6d1fa4e1\" class=\"hs-cta-node hs-cta-c4243256-775c-4f09-9dae-182c6d1fa4e1\"><!-- [if lte IE 8]><\/p>\n\n\n\n\n\n<div id=\"hs-cta-ie-element\"><\/div>\n\n\n<![endif]--><a href=\"https:\/\/cta-redirect.hubspot.com\/cta\/redirect\/3842881\/c4243256-775c-4f09-9dae-182c6d1fa4e1\"><img decoding=\"async\" id=\"hs-cta-img-c4243256-775c-4f09-9dae-182c6d1fa4e1\" class=\"hs-cta-img aligncenter\" style=\"border-width: 0px;\" src=\"https:\/\/no-cache.hubspot.com\/cta\/default\/3842881\/c4243256-775c-4f09-9dae-182c6d1fa4e1.png\" alt=\"Mierz swoje dzia\u0142ania w social media!\" \/><\/a><\/span><script charset=\"utf-8\" src=\"https:\/\/js.hscta.net\/cta\/current.js\"><\/script><script type=\"text\/javascript\"> hbspt.cta.load(3842881, 'c4243256-775c-4f09-9dae-182c6d1fa4e1', {}); <\/script><\/span><!-- end HubSpot Call-to-Action Code --><\/p>\n<p><span style=\"font-weight: 400;\">Co jeszcze wydarzy\u0142o si\u0119 w lipcu na Twitterze? Dowiecie si\u0119 niezmiennie z najnowszego raportu <a href=\"https:\/\/www.sotrender.com\/trends\/twitter\/poland\/201807\">Twitter Trends<\/a>!<\/span><\/p>\n","protected":false},"excerpt":{"rendered":"<p>Lipiec to doskona\u0142y przyk\u0142ad, \u017ce sport na Twitterze ma si\u0119 bardzo dobrze nawet po sko\u0144czonym mundialu. O jakich dyscyplinach mowa? Sprawd\u017acie w lipcowym wydaniu Twitter Trends!<\/p>\n","protected":false},"author":89,"featured_media":34743,"comment_status":"open","ping_status":"open","sticky":false,"template":"","format":"standard","meta":{"inline_featured_image":false,"footnotes":""},"categories":[1791,1799,2125],"tags":[515,889],"yoast_head":"<!-- This site is optimized with the Yoast SEO plugin v22.4 - https:\/\/yoast.com\/wordpress\/plugins\/seo\/ -->\n<title>Twitter Trends lipiec 2018 - sportowe emocje<\/title>\n<meta name=\"description\" content=\"Lipiec to doskona\u0142y przyk\u0142ad, \u017ce sport na Twitterze ma si\u0119 bardzo dobrze nawet po sko\u0144czonym mundialu. Szczeg\u00f3\u0142y w najnowszym raporcie Twitter Trends.\" \/>\n<meta name=\"robots\" content=\"index, follow, max-snippet:-1, max-image-preview:large, max-video-preview:-1\" \/>\n<link rel=\"canonical\" href=\"https:\/\/www.sotrender.com\/blog\/pl\/2018\/08\/twitter-trends-lipiec-2018\/\" \/>\n<meta property=\"og:locale\" content=\"pl_PL\" \/>\n<meta property=\"og:type\" content=\"article\" \/>\n<meta property=\"og:title\" content=\"Twitter Trends lipiec 2018 - sportowe emocje\" \/>\n<meta property=\"og:description\" content=\"Lipiec to doskona\u0142y przyk\u0142ad, \u017ce sport na Twitterze ma si\u0119 bardzo dobrze nawet po sko\u0144czonym mundialu. Szczeg\u00f3\u0142y w najnowszym raporcie Twitter Trends.\" \/>\n<meta property=\"og:url\" content=\"https:\/\/www.sotrender.com\/blog\/pl\/2018\/08\/twitter-trends-lipiec-2018\/\" \/>\n<meta property=\"og:site_name\" content=\"Sotrender Blog\" \/>\n<meta property=\"article:publisher\" content=\"https:\/\/www.facebook.com\/Sotrender\" \/>\n<meta property=\"article:published_time\" content=\"2018-08-21T09:02:07+00:00\" \/>\n<meta property=\"og:image\" content=\"https:\/\/www.sotrender.com\/blog\/wp-content\/uploads\/2018\/08\/pexels-photo-287398.jpeg\" \/>\n\t<meta property=\"og:image:width\" content=\"1280\" \/>\n\t<meta property=\"og:image:height\" content=\"720\" \/>\n\t<meta property=\"og:image:type\" content=\"image\/jpeg\" \/>\n<meta name=\"author\" content=\"Klaudia \u017by\u0142ka\" \/>\n<meta name=\"twitter:card\" content=\"summary_large_image\" \/>\n<meta name=\"twitter:creator\" content=\"@Sotrender\" \/>\n<meta name=\"twitter:site\" content=\"@Sotrender\" \/>\n<meta name=\"twitter:label1\" content=\"Written by\" \/>\n\t<meta name=\"twitter:data1\" content=\"Klaudia \u017by\u0142ka\" \/>\n\t<meta name=\"twitter:label2\" content=\"Est. reading time\" \/>\n\t<meta name=\"twitter:data2\" content=\"2 minutes\" \/>\n<script type=\"application\/ld+json\" class=\"yoast-schema-graph\">{\"@context\":\"https:\/\/schema.org\",\"@graph\":[{\"@type\":\"WebPage\",\"@id\":\"https:\/\/www.sotrender.com\/blog\/pl\/2018\/08\/twitter-trends-lipiec-2018\/\",\"url\":\"https:\/\/www.sotrender.com\/blog\/pl\/2018\/08\/twitter-trends-lipiec-2018\/\",\"name\":\"Twitter Trends lipiec 2018 - sportowe emocje\",\"isPartOf\":{\"@id\":\"https:\/\/www.sotrender.com\/blog\/#website\"},\"primaryImageOfPage\":{\"@id\":\"https:\/\/www.sotrender.com\/blog\/pl\/2018\/08\/twitter-trends-lipiec-2018\/#primaryimage\"},\"image\":{\"@id\":\"https:\/\/www.sotrender.com\/blog\/pl\/2018\/08\/twitter-trends-lipiec-2018\/#primaryimage\"},\"thumbnailUrl\":\"https:\/\/www.sotrender.com\/blog\/wp-content\/uploads\/2018\/08\/pexels-photo-287398.jpeg\",\"datePublished\":\"2018-08-21T09:02:07+00:00\",\"dateModified\":\"2018-08-21T09:02:07+00:00\",\"author\":{\"@id\":\"https:\/\/www.sotrender.com\/blog\/#\/schema\/person\/038ac5e276c5d102d8cbb9c36cd43416\"},\"description\":\"Lipiec to doskona\u0142y przyk\u0142ad, \u017ce sport na Twitterze ma si\u0119 bardzo dobrze nawet po sko\u0144czonym mundialu. Szczeg\u00f3\u0142y w najnowszym raporcie Twitter Trends.\",\"breadcrumb\":{\"@id\":\"https:\/\/www.sotrender.com\/blog\/pl\/2018\/08\/twitter-trends-lipiec-2018\/#breadcrumb\"},\"inLanguage\":\"pl-PL\",\"potentialAction\":[{\"@type\":\"ReadAction\",\"target\":[\"https:\/\/www.sotrender.com\/blog\/pl\/2018\/08\/twitter-trends-lipiec-2018\/\"]}]},{\"@type\":\"ImageObject\",\"inLanguage\":\"pl-PL\",\"@id\":\"https:\/\/www.sotrender.com\/blog\/pl\/2018\/08\/twitter-trends-lipiec-2018\/#primaryimage\",\"url\":\"https:\/\/www.sotrender.com\/blog\/wp-content\/uploads\/2018\/08\/pexels-photo-287398.jpeg\",\"contentUrl\":\"https:\/\/www.sotrender.com\/blog\/wp-content\/uploads\/2018\/08\/pexels-photo-287398.jpeg\",\"width\":1280,\"height\":720},{\"@type\":\"BreadcrumbList\",\"@id\":\"https:\/\/www.sotrender.com\/blog\/pl\/2018\/08\/twitter-trends-lipiec-2018\/#breadcrumb\",\"itemListElement\":[{\"@type\":\"ListItem\",\"position\":1,\"name\":\"Home\",\"item\":\"https:\/\/www.sotrender.com\/blog\/\"},{\"@type\":\"ListItem\",\"position\":2,\"name\":\"Twitter Trends lipiec 2018 &#8211; sportowe emocje\"}]},{\"@type\":\"WebSite\",\"@id\":\"https:\/\/www.sotrender.com\/blog\/#website\",\"url\":\"https:\/\/www.sotrender.com\/blog\/\",\"name\":\"Sotrender Blog\",\"description\":\"\",\"potentialAction\":[{\"@type\":\"SearchAction\",\"target\":{\"@type\":\"EntryPoint\",\"urlTemplate\":\"https:\/\/www.sotrender.com\/blog\/?s={search_term_string}\"},\"query-input\":\"required name=search_term_string\"}],\"inLanguage\":\"pl-PL\"},{\"@type\":\"Person\",\"@id\":\"https:\/\/www.sotrender.com\/blog\/#\/schema\/person\/038ac5e276c5d102d8cbb9c36cd43416\",\"name\":\"Klaudia \u017by\u0142ka\",\"image\":{\"@type\":\"ImageObject\",\"inLanguage\":\"pl-PL\",\"@id\":\"https:\/\/www.sotrender.com\/blog\/#\/schema\/person\/image\/\",\"url\":\"https:\/\/secure.gravatar.com\/avatar\/f55d5d49ce3c448e1ffde0ab078d84cd?s=96&d=mm&r=g\",\"contentUrl\":\"https:\/\/secure.gravatar.com\/avatar\/f55d5d49ce3c448e1ffde0ab078d84cd?s=96&d=mm&r=g\",\"caption\":\"Klaudia \u017by\u0142ka\"},\"description\":\"Instagram, dogs, books and food lover. Former student at Warsaw University and Malm\u00f6 University. Improving her marketing skills every day. Proud owner of DIMAQ certificate\",\"sameAs\":[\"https:\/\/www.linkedin.com\/in\/klaudia-\u017cy\u0142ka-17527779\"],\"url\":\"https:\/\/www.sotrender.com\/blog\/pl\/author\/klaudia_yka\/\"}]}<\/script>\n<!-- \/ Yoast SEO plugin. -->","yoast_head_json":{"title":"Twitter Trends lipiec 2018 - sportowe emocje","description":"Lipiec to doskona\u0142y przyk\u0142ad, \u017ce sport na Twitterze ma si\u0119 bardzo dobrze nawet po sko\u0144czonym mundialu. Szczeg\u00f3\u0142y w najnowszym raporcie Twitter Trends.","robots":{"index":"index","follow":"follow","max-snippet":"max-snippet:-1","max-image-preview":"max-image-preview:large","max-video-preview":"max-video-preview:-1"},"canonical":"https:\/\/www.sotrender.com\/blog\/pl\/2018\/08\/twitter-trends-lipiec-2018\/","og_locale":"pl_PL","og_type":"article","og_title":"Twitter Trends lipiec 2018 - sportowe emocje","og_description":"Lipiec to doskona\u0142y przyk\u0142ad, \u017ce sport na Twitterze ma si\u0119 bardzo dobrze nawet po sko\u0144czonym mundialu. Szczeg\u00f3\u0142y w najnowszym raporcie Twitter Trends.","og_url":"https:\/\/www.sotrender.com\/blog\/pl\/2018\/08\/twitter-trends-lipiec-2018\/","og_site_name":"Sotrender Blog","article_publisher":"https:\/\/www.facebook.com\/Sotrender","article_published_time":"2018-08-21T09:02:07+00:00","og_image":[{"width":1280,"height":720,"url":"https:\/\/www.sotrender.com\/blog\/wp-content\/uploads\/2018\/08\/pexels-photo-287398.jpeg","type":"image\/jpeg"}],"author":"Klaudia \u017by\u0142ka","twitter_card":"summary_large_image","twitter_creator":"@Sotrender","twitter_site":"@Sotrender","twitter_misc":{"Written by":"Klaudia \u017by\u0142ka","Est. reading time":"2 minutes"},"schema":{"@context":"https:\/\/schema.org","@graph":[{"@type":"WebPage","@id":"https:\/\/www.sotrender.com\/blog\/pl\/2018\/08\/twitter-trends-lipiec-2018\/","url":"https:\/\/www.sotrender.com\/blog\/pl\/2018\/08\/twitter-trends-lipiec-2018\/","name":"Twitter Trends lipiec 2018 - sportowe emocje","isPartOf":{"@id":"https:\/\/www.sotrender.com\/blog\/#website"},"primaryImageOfPage":{"@id":"https:\/\/www.sotrender.com\/blog\/pl\/2018\/08\/twitter-trends-lipiec-2018\/#primaryimage"},"image":{"@id":"https:\/\/www.sotrender.com\/blog\/pl\/2018\/08\/twitter-trends-lipiec-2018\/#primaryimage"},"thumbnailUrl":"https:\/\/www.sotrender.com\/blog\/wp-content\/uploads\/2018\/08\/pexels-photo-287398.jpeg","datePublished":"2018-08-21T09:02:07+00:00","dateModified":"2018-08-21T09:02:07+00:00","author":{"@id":"https:\/\/www.sotrender.com\/blog\/#\/schema\/person\/038ac5e276c5d102d8cbb9c36cd43416"},"description":"Lipiec to doskona\u0142y przyk\u0142ad, \u017ce sport na Twitterze ma si\u0119 bardzo dobrze nawet po sko\u0144czonym mundialu. Szczeg\u00f3\u0142y w najnowszym raporcie Twitter Trends.","breadcrumb":{"@id":"https:\/\/www.sotrender.com\/blog\/pl\/2018\/08\/twitter-trends-lipiec-2018\/#breadcrumb"},"inLanguage":"pl-PL","potentialAction":[{"@type":"ReadAction","target":["https:\/\/www.sotrender.com\/blog\/pl\/2018\/08\/twitter-trends-lipiec-2018\/"]}]},{"@type":"ImageObject","inLanguage":"pl-PL","@id":"https:\/\/www.sotrender.com\/blog\/pl\/2018\/08\/twitter-trends-lipiec-2018\/#primaryimage","url":"https:\/\/www.sotrender.com\/blog\/wp-content\/uploads\/2018\/08\/pexels-photo-287398.jpeg","contentUrl":"https:\/\/www.sotrender.com\/blog\/wp-content\/uploads\/2018\/08\/pexels-photo-287398.jpeg","width":1280,"height":720},{"@type":"BreadcrumbList","@id":"https:\/\/www.sotrender.com\/blog\/pl\/2018\/08\/twitter-trends-lipiec-2018\/#breadcrumb","itemListElement":[{"@type":"ListItem","position":1,"name":"Home","item":"https:\/\/www.sotrender.com\/blog\/"},{"@type":"ListItem","position":2,"name":"Twitter Trends lipiec 2018 &#8211; sportowe emocje"}]},{"@type":"WebSite","@id":"https:\/\/www.sotrender.com\/blog\/#website","url":"https:\/\/www.sotrender.com\/blog\/","name":"Sotrender Blog","description":"","potentialAction":[{"@type":"SearchAction","target":{"@type":"EntryPoint","urlTemplate":"https:\/\/www.sotrender.com\/blog\/?s={search_term_string}"},"query-input":"required name=search_term_string"}],"inLanguage":"pl-PL"},{"@type":"Person","@id":"https:\/\/www.sotrender.com\/blog\/#\/schema\/person\/038ac5e276c5d102d8cbb9c36cd43416","name":"Klaudia \u017by\u0142ka","image":{"@type":"ImageObject","inLanguage":"pl-PL","@id":"https:\/\/www.sotrender.com\/blog\/#\/schema\/person\/image\/","url":"https:\/\/secure.gravatar.com\/avatar\/f55d5d49ce3c448e1ffde0ab078d84cd?s=96&d=mm&r=g","contentUrl":"https:\/\/secure.gravatar.com\/avatar\/f55d5d49ce3c448e1ffde0ab078d84cd?s=96&d=mm&r=g","caption":"Klaudia \u017by\u0142ka"},"description":"Instagram, dogs, books and food lover. Former student at Warsaw University and Malm\u00f6 University. Improving her marketing skills every day. Proud owner of DIMAQ certificate","sameAs":["https:\/\/www.linkedin.com\/in\/klaudia-\u017cy\u0142ka-17527779"],"url":"https:\/\/www.sotrender.com\/blog\/pl\/author\/klaudia_yka\/"}]}},"_links":{"self":[{"href":"https:\/\/www.sotrender.com\/blog\/pl\/wp-json\/wp\/v2\/posts\/34733"}],"collection":[{"href":"https:\/\/www.sotrender.com\/blog\/pl\/wp-json\/wp\/v2\/posts"}],"about":[{"href":"https:\/\/www.sotrender.com\/blog\/pl\/wp-json\/wp\/v2\/types\/post"}],"author":[{"embeddable":true,"href":"https:\/\/www.sotrender.com\/blog\/pl\/wp-json\/wp\/v2\/users\/89"}],"replies":[{"embeddable":true,"href":"https:\/\/www.sotrender.com\/blog\/pl\/wp-json\/wp\/v2\/comments?post=34733"}],"version-history":[{"count":4,"href":"https:\/\/www.sotrender.com\/blog\/pl\/wp-json\/wp\/v2\/posts\/34733\/revisions"}],"predecessor-version":[{"id":34749,"href":"https:\/\/www.sotrender.com\/blog\/pl\/wp-json\/wp\/v2\/posts\/34733\/revisions\/34749"}],"wp:featuredmedia":[{"embeddable":true,"href":"https:\/\/www.sotrender.com\/blog\/pl\/wp-json\/wp\/v2\/media\/34743"}],"wp:attachment":[{"href":"https:\/\/www.sotrender.com\/blog\/pl\/wp-json\/wp\/v2\/media?parent=34733"}],"wp:term":[{"taxonomy":"category","embeddable":true,"href":"https:\/\/www.sotrender.com\/blog\/pl\/wp-json\/wp\/v2\/categories?post=34733"},{"taxonomy":"post_tag","embeddable":true,"href":"https:\/\/www.sotrender.com\/blog\/pl\/wp-json\/wp\/v2\/tags?post=34733"}],"curies":[{"name":"wp","href":"https:\/\/api.w.org\/{rel}","templated":true}]}}