{"id":34625,"date":"2018-08-08T14:46:35","date_gmt":"2018-08-08T12:46:35","guid":{"rendered":"https:\/\/www.sotrender.com\/blog\/?p=34625\/"},"modified":"2018-08-08T14:46:35","modified_gmt":"2018-08-08T12:46:35","slug":"przeglad-tygodnia-6-facebook-wraca-korzeni","status":"publish","type":"post","link":"https:\/\/www.sotrender.com\/blog\/pl\/2018\/08\/przeglad-tygodnia-6-facebook-wraca-korzeni\/","title":{"rendered":"Przegl\u0105d tygodnia #6 &#8211; Facebook wraca do korzeni"},"content":{"rendered":"<p><span style=\"font-weight: 400;\">Nie ka\u017cdy o tym pami\u0119ta, ale Facebook u zarania by\u0142 serwisem umo\u017cliwiaj\u0105cym u\u017cytkownikom ocen\u0119 atrakcyjno\u015bci student\u00f3w na podstawie wgranych zdj\u0119\u0107. Serwis wraca do swoich korzeni i obecnie pracuje nad aplikacj\u0105 randkow\u0105 wewn\u0105trz platformy. Je\u017celi jeste\u015bcie ciekawi, jakie jeszcze zmiany zasz\u0142y w ubieg\u0142ym tygodniu w mediach spo\u0142eczno\u015bciowych zosta\u0144cie z nami. W ubieg\u0142ym tygodniu sporo si\u0119 dzia\u0142o.<\/span><!--more--><\/p>\n<h2><span style=\"font-weight: 400;\">Musical.ly? To ju\u017c historia.<\/span><\/h2>\n<p><span style=\"font-weight: 400;\">Zaczynamy od najwa\u017cniejszego newsa tygodnia. Popularna w\u015br\u00f3d nastolatk\u00f3w aplikacja Musical.ly po\u0142\u0105czy\u0142a si\u0119 ze swoim azjatyckim odpowiednikiem Tik Tokiem, czyli najpopularniejsz\u0105 aplikacj\u0105 2018 roku. Tik Tok pozwala u\u017cytkownikom na tworzenie szybkich form wideo. Do 15 sekundowych film\u00f3w mo\u017cna tak\u017ce doda\u0107 muzyk\u0119 z biblioteki iTunes. Z biblioteki na telefonie mo\u017cna tak\u017ce wgra\u0107 do aplikacji d\u0142u\u017cszy ni\u017c 60 sekund film. <\/span><\/p>\n<h2><span style=\"font-weight: 400;\">Nowo\u015bci na Facebooku <\/span><\/h2>\n<p><b>Facebook Dating<\/b><\/p>\n<div id=\"attachment_34627\" style=\"width: 659px\" class=\"wp-caption aligncenter\"><img loading=\"lazy\" decoding=\"async\" aria-describedby=\"caption-attachment-34627\" class=\"size-full wp-image-34627\" src=\"https:\/\/www.sotrender.com\/blog\/wp-content\/uploads\/2018\/08\/1.1..png\" alt=\"Tak b\u0119dzie wygl\u0105da\u0107 randkowanie na Facebooku?\" width=\"649\" height=\"384\" srcset=\"https:\/\/www.sotrender.com\/blog\/wp-content\/uploads\/2018\/08\/1.1..png 649w, https:\/\/www.sotrender.com\/blog\/wp-content\/uploads\/2018\/08\/1.1.-475x281.png 475w\" sizes=\"(max-width: 649px) 100vw, 649px\" \/><p id=\"caption-attachment-34627\" class=\"wp-caption-text\">Tak b\u0119dzie wygl\u0105da\u0107 randkowanie na Facebooku?<\/p><\/div>\n<p><span style=\"font-weight: 400;\"><a href=\"https:\/\/techcrunch.com\/2018\/08\/03\/facebook-dating-feature\/\">Jak donosi portal TechCrunch<\/a>, Facebook pracuje nad now\u0105 aplikacj\u0105 randkow\u0105, kt\u00f3r\u0105 chce powalczy\u0107 z Tinderem. Szczeg\u00f3\u0142y dotycz\u0105ce us\u0142ugi wewn\u0105trz platformy nie s\u0105 jeszcze znane. Jednak Mark Zuckerberg zapowiedzia\u0142, \u017ce nowa aplikacja b\u0119dzie mia\u0142a na celu &#8220;budowanie prawdziwych, d\u0142ugoterminowych relacji\u201d. Wiadomo, \u017ce tylko osoby, kt\u00f3re w\u0142\u0105cz\u0105 us\u0142ug\u0119, b\u0119d\u0105 mog\u0142y zobaczy\u0107 profil u\u017cytkownika korzystaj\u0105cego z aplikacji. Je\u015bli dwie osoby wyra\u017c\u0105 wzajemne zainteresowanie, b\u0119d\u0105 mog\u0142y wysy\u0142a\u0107 sobie wiadomo\u015bci za po\u015brednictwem Messengera lub WhatsAppa.<\/span><\/p>\n<p><b>Udost\u0119pnienia tre\u015bci mog\u0105 znikn\u0105\u0107<\/b><\/p>\n<div id=\"attachment_34629\" style=\"width: 464px\" class=\"wp-caption aligncenter\"><img loading=\"lazy\" decoding=\"async\" aria-describedby=\"caption-attachment-34629\" class=\"size-full wp-image-34629\" src=\"https:\/\/www.sotrender.com\/blog\/wp-content\/uploads\/2018\/08\/1.2..png\" alt=\"Zamiast udost\u0119pnia\u0107 posta, b\u0119dziecie mogli je wys\u0142a\u0107 Messengerem.\" width=\"454\" height=\"201\" \/><p id=\"caption-attachment-34629\" class=\"wp-caption-text\">Zamiast udost\u0119pnia\u0107 posta, b\u0119dziecie mogli je wys\u0142a\u0107 Messengerem.<\/p><\/div>\n<p><span style=\"font-weight: 400;\"><a href=\"https:\/\/www.socialmediatoday.com\/news\/facebook-tests-replacing-share-with-message-option-on-news-feed-posts\/529360\/\">Facebook testuje zast\u0105pienie funkcji Udost\u0119pnij funkcj\u0105 Message<\/a>. Nowy format prawdopodobnie zmniejszy publiczne udost\u0119pnianie post\u00f3w. W konsekwencji zmniejszy si\u0119 tak\u017ce organiczny zasi\u0119g post\u00f3w, kt\u00f3ry od d\u0142u\u017cszego czasu nieustannie spada. Co wi\u0119cej od zesz\u0142ego tygodnia zsynchronizowane konta nie maj\u0105 mo\u017cliwo\u015bci automatycznego udost\u0119pniania tweet\u00f3w na Facebooku. <\/span><\/p>\n<p><b>Naucz si\u0119 krytycznie porusza\u0107 w cyfrowym \u015bwiecie<\/b><\/p>\n<div id=\"attachment_34631\" style=\"width: 715px\" class=\"wp-caption aligncenter\"><img loading=\"lazy\" decoding=\"async\" aria-describedby=\"caption-attachment-34631\" class=\"size-full wp-image-34631\" src=\"https:\/\/www.sotrender.com\/blog\/wp-content\/uploads\/2018\/08\/1.3.png\" alt=\"18 lekcji poruszania si\u0119 po sieci d Facebooka\" width=\"705\" height=\"239\" srcset=\"https:\/\/www.sotrender.com\/blog\/wp-content\/uploads\/2018\/08\/1.3.png 705w, https:\/\/www.sotrender.com\/blog\/wp-content\/uploads\/2018\/08\/1.3-475x161.png 475w\" sizes=\"(max-width: 705px) 100vw, 705px\" \/><p id=\"caption-attachment-34631\" class=\"wp-caption-text\">18 lekcji poruszania si\u0119 po sieci d Facebooka<\/p><\/div>\n<p><span style=\"font-weight: 400;\">Facebook uruchomi\u0142 internetow\u0105 bibliotek\u0105 Digital Literacy Library. Wed\u0142ug tw\u00f3rc\u00f3w jest to zbi\u00f3r lekcji pomagaj\u0105cych m\u0142odym ludziom my\u015ble\u0107 krytycznie i m\u0105drze dzieli\u0107 si\u0119 z innymi wiedz\u0105 w sieci. Biblioteka ma by\u0107 \u017ar\u00f3d\u0142em dla nauczycieli, kt\u00f3rzy chc\u0105 pom\u00f3c m\u0142odym ludziom w zdobyciu umiej\u0119tno\u015bci potrzebnych do bezpiecznego korzystania z technologii cyfrowej.<\/span><\/p>\n<p><span style=\"font-weight: 400;\">I<\/span><b>le czasu sp\u0119dzasz w mediach spo\u0142eczno\u015bciowych?<\/b><\/p>\n<div id=\"attachment_34633\" style=\"width: 644px\" class=\"wp-caption aligncenter\"><img loading=\"lazy\" decoding=\"async\" aria-describedby=\"caption-attachment-34633\" class=\"wp-image-34633 size-full\" src=\"https:\/\/www.sotrender.com\/blog\/wp-content\/uploads\/2018\/08\/1.4.png\" alt=\"\" width=\"634\" height=\"349\" srcset=\"https:\/\/www.sotrender.com\/blog\/wp-content\/uploads\/2018\/08\/1.4.png 634w, https:\/\/www.sotrender.com\/blog\/wp-content\/uploads\/2018\/08\/1.4-475x261.png 475w\" sizes=\"(max-width: 634px) 100vw, 634px\" \/><p id=\"caption-attachment-34633\" class=\"wp-caption-text\">A czy ty chcesz wiedzie, ile czasu sp\u0119dzasz na fejsie?<\/p><\/div>\n<p><span style=\"font-weight: 400;\"><a href=\"https:\/\/www.socialmediatoday.com\/news\/facebook-adds-activity-dashboards-in-facebook-and-instagram-to-help-users-t\/529152\/\">Facebook oficjalnie uruchomi\u0142 nowe panele aktywno\u015bci na Facebooku i Instagramie<\/a>, kt\u00f3re pomog\u0105 u\u017cytkownikom monitorowa\u0107 czas sp\u0119dzany w ka\u017cdej aplikacji. Tylko czy ktokolwiek b\u0119dzie chcia\u0142 wiedzie\u0107 ile czasu sp\u0119dza na bezmy\u015blnym przewijaniu feedu? <\/span><\/p>\n<p><b>Nowe reakcje? Prawie.<\/b><\/p>\n<div id=\"attachment_34635\" style=\"width: 381px\" class=\"wp-caption aligncenter\"><img loading=\"lazy\" decoding=\"async\" aria-describedby=\"caption-attachment-34635\" class=\"size-full wp-image-34635\" src=\"https:\/\/www.sotrender.com\/blog\/wp-content\/uploads\/2018\/08\/1.5.png\" alt=\"\" width=\"371\" height=\"588\" \/><p id=\"caption-attachment-34635\" class=\"wp-caption-text\">Nowe reakcje na Facebooku, tylko co one znacz\u0105?<\/p><\/div>\n<p><span style=\"font-weight: 400;\"><a href=\"https:\/\/www.socialmediatoday.com\/news\/facebook-mistakenly-adds-plane-and-fire-reactions-pointing-to-possible\/529072\/\">Facebook doda\u0142 nowe reakcje na posty<\/a>\u00a0&#8211; samolot oraz ogie\u0144. W\u015br\u00f3d u\u017cytkownik\u00f3w platformy zacz\u0119\u0142y pojawia\u0107 si\u0119 pytania, jakie znaczenie mog\u0105 mie\u0107 emotikony, ale tego nie wie nawet sam Mark Zuckerberg. CEO oficjalnie <\/span><a href=\"https:\/\/www.fastcompany.com\/90211862\/facebook-plane-reaction-sorry-its-not-an-actual-feature\"><span style=\"font-weight: 400;\">przeprosi\u0142<\/span><\/a><span style=\"font-weight: 400;\"> za dodanie nowych reakcji, kt\u00f3rych wprowadzenie by\u0142o rzekomym b\u0142\u0119dem. <\/span><\/p>\n<h2><span style=\"font-weight: 400;\">Nowo\u015bci na YouTube<\/span><\/h2>\n<p><b>YouTube wspiera wertykalne wideo<\/b><\/p>\n<p><span style=\"font-weight: 400;\">Szybki rozw\u00f3j wertykalnego wideo mi\u0119dzy innymi za spraw\u0105 popularno\u015bci Snapchata i Instagram Stories spowodowa\u0142, \u017ce <a href=\"https:\/\/www.socialmediatoday.com\/news\/youtube-adds-vertical-video-support-on-its-web-app-underlining-vertical-tr\/528953\/\">YouTube tak\u017ce zwr\u00f3ci\u0142 uwag\u0119 na tw\u00f3rc\u00f3w korzystaj\u0105cych z tego formatu<\/a>. Obecnie u\u017cytkownicy mog\u0105 swobodnie ogl\u0105da\u0107 wertykalne wideo w aplikacji mobilnej. Strona internetowa tak\u017ce dopasowuje si\u0119 do trendu i umo\u017cliwia wygodne ogl\u0105danie wideo tego formatu. <\/span><\/p>\n","protected":false},"excerpt":{"rendered":"<p>Nie ka\u017cdy o tym pami\u0119ta, ale Facebook u zarania by\u0142 serwisem umo\u017cliwiaj\u0105cym u\u017cytkownikom ocen\u0119 atrakcyjno\u015bci student\u00f3w na podstawie wgranych zdj\u0119\u0107. Serwis wraca do swoich korzeni i obecnie pracuje nad aplikacj\u0105 randkow\u0105 wewn\u0105trz platformy. Je\u017celi jeste\u015bcie ciekawi, jakie jeszcze zmiany zasz\u0142y w ubieg\u0142ym tygodniu w mediach spo\u0142eczno\u015bciowych zosta\u0144cie z nami. W ubieg\u0142ym tygodniu sporo si\u0119 dzia\u0142o.<\/p>\n","protected":false},"author":103,"featured_media":34637,"comment_status":"open","ping_status":"open","sticky":false,"template":"","format":"standard","meta":{"inline_featured_image":false,"footnotes":""},"categories":[1797,2125,1793],"tags":[],"yoast_head":"<!-- This site is optimized with the Yoast SEO plugin v22.4 - https:\/\/yoast.com\/wordpress\/plugins\/seo\/ -->\n<title>Przegl\u0105d tygodnia #6 - Facebook wraca do korzeni \u2013 Sotrender Blog \u2013 Analyze, Benchmark &amp; Report Your Social Media Performance<\/title>\n<meta name=\"description\" content=\"Nie ka\u017cdy o tym pami\u0119ta, ale Facebook u zarania by\u0142 serwisem umo\u017cliwiaj\u0105cym u\u017cytkownikom ocen\u0119 atrakcyjno\u015bci student\u00f3w na podstawie wgranych zdj\u0119\u0107. Serwis Social Media Marketing &amp; Analytics Blog.\" \/>\n<meta name=\"robots\" content=\"index, follow, max-snippet:-1, max-image-preview:large, max-video-preview:-1\" \/>\n<link rel=\"canonical\" href=\"https:\/\/www.sotrender.com\/blog\/pl\/2018\/08\/przeglad-tygodnia-6-facebook-wraca-korzeni\/\" \/>\n<meta property=\"og:locale\" content=\"pl_PL\" \/>\n<meta property=\"og:type\" content=\"article\" \/>\n<meta property=\"og:title\" content=\"Przegl\u0105d tygodnia #6 - Facebook wraca do korzeni \u2013 Sotrender Blog \u2013 Analyze, Benchmark &amp; Report Your Social Media Performance\" \/>\n<meta property=\"og:description\" content=\"Nie ka\u017cdy o tym pami\u0119ta, ale Facebook u zarania by\u0142 serwisem umo\u017cliwiaj\u0105cym u\u017cytkownikom ocen\u0119 atrakcyjno\u015bci student\u00f3w na podstawie wgranych zdj\u0119\u0107. Serwis Social Media Marketing &amp; Analytics Blog.\" \/>\n<meta property=\"og:url\" content=\"https:\/\/www.sotrender.com\/blog\/pl\/2018\/08\/przeglad-tygodnia-6-facebook-wraca-korzeni\/\" \/>\n<meta property=\"og:site_name\" content=\"Sotrender Blog\" \/>\n<meta property=\"article:publisher\" content=\"https:\/\/www.facebook.com\/Sotrender\" \/>\n<meta property=\"article:author\" content=\"https:\/\/www.facebook.com\/NataliaSisik\/\" \/>\n<meta property=\"article:published_time\" content=\"2018-08-08T12:46:35+00:00\" \/>\n<meta property=\"og:image\" content=\"https:\/\/www.sotrender.com\/blog\/wp-content\/uploads\/2018\/08\/huy-phan-587849-unsplash-950x629.jpg\" \/>\n\t<meta property=\"og:image:width\" content=\"950\" \/>\n\t<meta property=\"og:image:height\" content=\"629\" \/>\n\t<meta property=\"og:image:type\" content=\"image\/jpeg\" \/>\n<meta name=\"author\" content=\"Natalia Sisik\" \/>\n<meta name=\"twitter:card\" content=\"summary_large_image\" \/>\n<meta name=\"twitter:creator\" content=\"@Sotrender\" \/>\n<meta name=\"twitter:site\" content=\"@Sotrender\" \/>\n<meta name=\"twitter:label1\" content=\"Written by\" \/>\n\t<meta name=\"twitter:data1\" content=\"Natalia Sisik\" \/>\n\t<meta name=\"twitter:label2\" content=\"Est. reading time\" \/>\n\t<meta name=\"twitter:data2\" content=\"3 minutes\" \/>\n<script type=\"application\/ld+json\" class=\"yoast-schema-graph\">{\"@context\":\"https:\/\/schema.org\",\"@graph\":[{\"@type\":\"WebPage\",\"@id\":\"https:\/\/www.sotrender.com\/blog\/pl\/2018\/08\/przeglad-tygodnia-6-facebook-wraca-korzeni\/\",\"url\":\"https:\/\/www.sotrender.com\/blog\/pl\/2018\/08\/przeglad-tygodnia-6-facebook-wraca-korzeni\/\",\"name\":\"Przegl\u0105d tygodnia #6 - Facebook wraca do korzeni \u2013 Sotrender Blog \u2013 Analyze, Benchmark & Report Your Social Media Performance\",\"isPartOf\":{\"@id\":\"https:\/\/www.sotrender.com\/blog\/#website\"},\"primaryImageOfPage\":{\"@id\":\"https:\/\/www.sotrender.com\/blog\/pl\/2018\/08\/przeglad-tygodnia-6-facebook-wraca-korzeni\/#primaryimage\"},\"image\":{\"@id\":\"https:\/\/www.sotrender.com\/blog\/pl\/2018\/08\/przeglad-tygodnia-6-facebook-wraca-korzeni\/#primaryimage\"},\"thumbnailUrl\":\"https:\/\/www.sotrender.com\/blog\/wp-content\/uploads\/2018\/08\/huy-phan-587849-unsplash.jpg\",\"datePublished\":\"2018-08-08T12:46:35+00:00\",\"dateModified\":\"2018-08-08T12:46:35+00:00\",\"author\":{\"@id\":\"https:\/\/www.sotrender.com\/blog\/#\/schema\/person\/08c8fc82251bb20cd7cd791b5e8bba21\"},\"description\":\"Nie ka\u017cdy o tym pami\u0119ta, ale Facebook u zarania by\u0142 serwisem umo\u017cliwiaj\u0105cym u\u017cytkownikom ocen\u0119 atrakcyjno\u015bci student\u00f3w na podstawie wgranych zdj\u0119\u0107. Serwis Social Media Marketing & Analytics Blog.\",\"breadcrumb\":{\"@id\":\"https:\/\/www.sotrender.com\/blog\/pl\/2018\/08\/przeglad-tygodnia-6-facebook-wraca-korzeni\/#breadcrumb\"},\"inLanguage\":\"pl-PL\",\"potentialAction\":[{\"@type\":\"ReadAction\",\"target\":[\"https:\/\/www.sotrender.com\/blog\/pl\/2018\/08\/przeglad-tygodnia-6-facebook-wraca-korzeni\/\"]}]},{\"@type\":\"ImageObject\",\"inLanguage\":\"pl-PL\",\"@id\":\"https:\/\/www.sotrender.com\/blog\/pl\/2018\/08\/przeglad-tygodnia-6-facebook-wraca-korzeni\/#primaryimage\",\"url\":\"https:\/\/www.sotrender.com\/blog\/wp-content\/uploads\/2018\/08\/huy-phan-587849-unsplash.jpg\",\"contentUrl\":\"https:\/\/www.sotrender.com\/blog\/wp-content\/uploads\/2018\/08\/huy-phan-587849-unsplash.jpg\",\"width\":4438,\"height\":2938},{\"@type\":\"BreadcrumbList\",\"@id\":\"https:\/\/www.sotrender.com\/blog\/pl\/2018\/08\/przeglad-tygodnia-6-facebook-wraca-korzeni\/#breadcrumb\",\"itemListElement\":[{\"@type\":\"ListItem\",\"position\":1,\"name\":\"Home\",\"item\":\"https:\/\/www.sotrender.com\/blog\/\"},{\"@type\":\"ListItem\",\"position\":2,\"name\":\"Przegl\u0105d tygodnia #6 &#8211; Facebook wraca do korzeni\"}]},{\"@type\":\"WebSite\",\"@id\":\"https:\/\/www.sotrender.com\/blog\/#website\",\"url\":\"https:\/\/www.sotrender.com\/blog\/\",\"name\":\"Sotrender Blog\",\"description\":\"\",\"potentialAction\":[{\"@type\":\"SearchAction\",\"target\":{\"@type\":\"EntryPoint\",\"urlTemplate\":\"https:\/\/www.sotrender.com\/blog\/?s={search_term_string}\"},\"query-input\":\"required name=search_term_string\"}],\"inLanguage\":\"pl-PL\"},{\"@type\":\"Person\",\"@id\":\"https:\/\/www.sotrender.com\/blog\/#\/schema\/person\/08c8fc82251bb20cd7cd791b5e8bba21\",\"name\":\"Natalia Sisik\",\"image\":{\"@type\":\"ImageObject\",\"inLanguage\":\"pl-PL\",\"@id\":\"https:\/\/www.sotrender.com\/blog\/#\/schema\/person\/image\/\",\"url\":\"https:\/\/secure.gravatar.com\/avatar\/23de9e4fa13655e63b3d71429a519da9?s=96&d=mm&r=g\",\"contentUrl\":\"https:\/\/secure.gravatar.com\/avatar\/23de9e4fa13655e63b3d71429a519da9?s=96&d=mm&r=g\",\"caption\":\"Natalia Sisik\"},\"description\":\"Singing Tiktoker ? Tik Tok 257k ? www.nataliasisik.pl\",\"sameAs\":[\"http:\/\/www.nataliasisik.pl\",\"https:\/\/www.facebook.com\/NataliaSisik\/\",\"https:\/\/www.linkedin.com\/in\/nataliasisik\/\"],\"url\":\"https:\/\/www.sotrender.com\/blog\/pl\/author\/natalia_sisik\/\"}]}<\/script>\n<!-- \/ Yoast SEO plugin. -->","yoast_head_json":{"title":"Przegl\u0105d tygodnia #6 - Facebook wraca do korzeni \u2013 Sotrender Blog \u2013 Analyze, Benchmark & Report Your Social Media Performance","description":"Nie ka\u017cdy o tym pami\u0119ta, ale Facebook u zarania by\u0142 serwisem umo\u017cliwiaj\u0105cym u\u017cytkownikom ocen\u0119 atrakcyjno\u015bci student\u00f3w na podstawie wgranych zdj\u0119\u0107. Serwis Social Media Marketing & Analytics Blog.","robots":{"index":"index","follow":"follow","max-snippet":"max-snippet:-1","max-image-preview":"max-image-preview:large","max-video-preview":"max-video-preview:-1"},"canonical":"https:\/\/www.sotrender.com\/blog\/pl\/2018\/08\/przeglad-tygodnia-6-facebook-wraca-korzeni\/","og_locale":"pl_PL","og_type":"article","og_title":"Przegl\u0105d tygodnia #6 - Facebook wraca do korzeni \u2013 Sotrender Blog \u2013 Analyze, Benchmark & Report Your Social Media Performance","og_description":"Nie ka\u017cdy o tym pami\u0119ta, ale Facebook u zarania by\u0142 serwisem umo\u017cliwiaj\u0105cym u\u017cytkownikom ocen\u0119 atrakcyjno\u015bci student\u00f3w na podstawie wgranych zdj\u0119\u0107. Serwis Social Media Marketing & Analytics Blog.","og_url":"https:\/\/www.sotrender.com\/blog\/pl\/2018\/08\/przeglad-tygodnia-6-facebook-wraca-korzeni\/","og_site_name":"Sotrender Blog","article_publisher":"https:\/\/www.facebook.com\/Sotrender","article_author":"https:\/\/www.facebook.com\/NataliaSisik\/","article_published_time":"2018-08-08T12:46:35+00:00","og_image":[{"width":950,"height":629,"url":"https:\/\/www.sotrender.com\/blog\/wp-content\/uploads\/2018\/08\/huy-phan-587849-unsplash-950x629.jpg","type":"image\/jpeg"}],"author":"Natalia Sisik","twitter_card":"summary_large_image","twitter_creator":"@Sotrender","twitter_site":"@Sotrender","twitter_misc":{"Written by":"Natalia Sisik","Est. reading time":"3 minutes"},"schema":{"@context":"https:\/\/schema.org","@graph":[{"@type":"WebPage","@id":"https:\/\/www.sotrender.com\/blog\/pl\/2018\/08\/przeglad-tygodnia-6-facebook-wraca-korzeni\/","url":"https:\/\/www.sotrender.com\/blog\/pl\/2018\/08\/przeglad-tygodnia-6-facebook-wraca-korzeni\/","name":"Przegl\u0105d tygodnia #6 - Facebook wraca do korzeni \u2013 Sotrender Blog \u2013 Analyze, Benchmark & Report Your Social Media Performance","isPartOf":{"@id":"https:\/\/www.sotrender.com\/blog\/#website"},"primaryImageOfPage":{"@id":"https:\/\/www.sotrender.com\/blog\/pl\/2018\/08\/przeglad-tygodnia-6-facebook-wraca-korzeni\/#primaryimage"},"image":{"@id":"https:\/\/www.sotrender.com\/blog\/pl\/2018\/08\/przeglad-tygodnia-6-facebook-wraca-korzeni\/#primaryimage"},"thumbnailUrl":"https:\/\/www.sotrender.com\/blog\/wp-content\/uploads\/2018\/08\/huy-phan-587849-unsplash.jpg","datePublished":"2018-08-08T12:46:35+00:00","dateModified":"2018-08-08T12:46:35+00:00","author":{"@id":"https:\/\/www.sotrender.com\/blog\/#\/schema\/person\/08c8fc82251bb20cd7cd791b5e8bba21"},"description":"Nie ka\u017cdy o tym pami\u0119ta, ale Facebook u zarania by\u0142 serwisem umo\u017cliwiaj\u0105cym u\u017cytkownikom ocen\u0119 atrakcyjno\u015bci student\u00f3w na podstawie wgranych zdj\u0119\u0107. Serwis Social Media Marketing & Analytics Blog.","breadcrumb":{"@id":"https:\/\/www.sotrender.com\/blog\/pl\/2018\/08\/przeglad-tygodnia-6-facebook-wraca-korzeni\/#breadcrumb"},"inLanguage":"pl-PL","potentialAction":[{"@type":"ReadAction","target":["https:\/\/www.sotrender.com\/blog\/pl\/2018\/08\/przeglad-tygodnia-6-facebook-wraca-korzeni\/"]}]},{"@type":"ImageObject","inLanguage":"pl-PL","@id":"https:\/\/www.sotrender.com\/blog\/pl\/2018\/08\/przeglad-tygodnia-6-facebook-wraca-korzeni\/#primaryimage","url":"https:\/\/www.sotrender.com\/blog\/wp-content\/uploads\/2018\/08\/huy-phan-587849-unsplash.jpg","contentUrl":"https:\/\/www.sotrender.com\/blog\/wp-content\/uploads\/2018\/08\/huy-phan-587849-unsplash.jpg","width":4438,"height":2938},{"@type":"BreadcrumbList","@id":"https:\/\/www.sotrender.com\/blog\/pl\/2018\/08\/przeglad-tygodnia-6-facebook-wraca-korzeni\/#breadcrumb","itemListElement":[{"@type":"ListItem","position":1,"name":"Home","item":"https:\/\/www.sotrender.com\/blog\/"},{"@type":"ListItem","position":2,"name":"Przegl\u0105d tygodnia #6 &#8211; Facebook wraca do korzeni"}]},{"@type":"WebSite","@id":"https:\/\/www.sotrender.com\/blog\/#website","url":"https:\/\/www.sotrender.com\/blog\/","name":"Sotrender Blog","description":"","potentialAction":[{"@type":"SearchAction","target":{"@type":"EntryPoint","urlTemplate":"https:\/\/www.sotrender.com\/blog\/?s={search_term_string}"},"query-input":"required name=search_term_string"}],"inLanguage":"pl-PL"},{"@type":"Person","@id":"https:\/\/www.sotrender.com\/blog\/#\/schema\/person\/08c8fc82251bb20cd7cd791b5e8bba21","name":"Natalia Sisik","image":{"@type":"ImageObject","inLanguage":"pl-PL","@id":"https:\/\/www.sotrender.com\/blog\/#\/schema\/person\/image\/","url":"https:\/\/secure.gravatar.com\/avatar\/23de9e4fa13655e63b3d71429a519da9?s=96&d=mm&r=g","contentUrl":"https:\/\/secure.gravatar.com\/avatar\/23de9e4fa13655e63b3d71429a519da9?s=96&d=mm&r=g","caption":"Natalia Sisik"},"description":"Singing Tiktoker ? Tik Tok 257k ? www.nataliasisik.pl","sameAs":["http:\/\/www.nataliasisik.pl","https:\/\/www.facebook.com\/NataliaSisik\/","https:\/\/www.linkedin.com\/in\/nataliasisik\/"],"url":"https:\/\/www.sotrender.com\/blog\/pl\/author\/natalia_sisik\/"}]}},"_links":{"self":[{"href":"https:\/\/www.sotrender.com\/blog\/pl\/wp-json\/wp\/v2\/posts\/34625"}],"collection":[{"href":"https:\/\/www.sotrender.com\/blog\/pl\/wp-json\/wp\/v2\/posts"}],"about":[{"href":"https:\/\/www.sotrender.com\/blog\/pl\/wp-json\/wp\/v2\/types\/post"}],"author":[{"embeddable":true,"href":"https:\/\/www.sotrender.com\/blog\/pl\/wp-json\/wp\/v2\/users\/103"}],"replies":[{"embeddable":true,"href":"https:\/\/www.sotrender.com\/blog\/pl\/wp-json\/wp\/v2\/comments?post=34625"}],"version-history":[{"count":1,"href":"https:\/\/www.sotrender.com\/blog\/pl\/wp-json\/wp\/v2\/posts\/34625\/revisions"}],"predecessor-version":[{"id":34639,"href":"https:\/\/www.sotrender.com\/blog\/pl\/wp-json\/wp\/v2\/posts\/34625\/revisions\/34639"}],"wp:featuredmedia":[{"embeddable":true,"href":"https:\/\/www.sotrender.com\/blog\/pl\/wp-json\/wp\/v2\/media\/34637"}],"wp:attachment":[{"href":"https:\/\/www.sotrender.com\/blog\/pl\/wp-json\/wp\/v2\/media?parent=34625"}],"wp:term":[{"taxonomy":"category","embeddable":true,"href":"https:\/\/www.sotrender.com\/blog\/pl\/wp-json\/wp\/v2\/categories?post=34625"},{"taxonomy":"post_tag","embeddable":true,"href":"https:\/\/www.sotrender.com\/blog\/pl\/wp-json\/wp\/v2\/tags?post=34625"}],"curies":[{"name":"wp","href":"https:\/\/api.w.org\/{rel}","templated":true}]}}