{"id":34413,"date":"2018-07-18T14:25:46","date_gmt":"2018-07-18T12:25:46","guid":{"rendered":"https:\/\/www.sotrender.com\/blog\/?p=34413\/"},"modified":"2018-07-18T14:36:46","modified_gmt":"2018-07-18T12:36:46","slug":"zbuduj-swoja-spolecznosc-na-instagramie-5-krokow-sukcesu","status":"publish","type":"post","link":"https:\/\/www.sotrender.com\/blog\/pl\/2018\/07\/zbuduj-swoja-spolecznosc-na-instagramie-5-krokow-sukcesu\/","title":{"rendered":"Zbuduj swoj\u0105 spo\u0142eczno\u015b\u0107 na Instagramie &#8211; 5 krok\u00f3w do sukcesu"},"content":{"rendered":"<p><span style=\"font-weight: 400;\">Znamy ju\u017c najcz\u0119stsze, i najbardziej szkodliwe, <\/span><a href=\"https:\/\/www.sotrender.com\/blog\/pl\/2018\/06\/10-mitow-na-temat-dzialania-instagrama-jego-algorytmu\/\"><span style=\"font-weight: 400;\">mity dotycz\u0105ce dzia\u0142ania Instagrama i jego algorytmu<\/span><\/a><span style=\"font-weight: 400;\">. Mamy \u015bwiadomo\u015b\u0107, \u017ce wie on, jakiego rodzaju tre\u015bci ogl\u0105damy, o jakiej tematyce, czy anga\u017cujemy si\u0119 na innych profilach, czy wchodzimy w interakcje z naszymi obserwatorami, ile czasu sp\u0119dzamy w aplikacji i tak dalej\u2026 Mo\u017cna z tego wyci\u0105gn\u0105\u0107 wniosek, \u017ce <\/span><b>sama liczba komentarzy oraz obserwator\u00f3w nie \u015bwiadczy o sukcesie na tej platformie.<\/b><span style=\"font-weight: 400;\"> Konta z tysi\u0105cami obserwator\u00f3w mog\u0105 by\u0107 znacznie mniej efektywne ni\u017c te mniejsze. <\/span><\/p>\n<p><!--more--><\/p>\n<p><span style=\"font-weight: 400;\">Jak zadba\u0107 o dzia\u0142ania marketingowe na Instagramie? Na czym si\u0119 skupia\u0107? Jak anga\u017cowa\u0107 spo\u0142eczno\u015bci? Wiedza teoretyczna o funkcjonowaniu Instagrama i jego algorytmu, o tej niezwykle dynamicznie zmieniaj\u0105cej si\u0119 platformie, to niestety za ma\u0142o.<br \/>\n<\/span><span style=\"font-weight: 400;\">Zebrali\u015bmy i om\u00f3wili\u015bmy 5 element\u00f3w, o kt\u00f3re nale\u017cy zadba\u0107, by zbudowa\u0107 zaanga\u017cowan\u0105 spo\u0142eczno\u015bci na Instagramie oraz \u017cy\u0107 w zgodzie z jego algorytmem.<\/span><\/p>\n<h2><b>Po pierwsze, zacznij opisywa\u0107 swoje posty<\/b><\/h2>\n<p><span style=\"font-weight: 400;\">Jeszcze do niedawna wi\u0119kszo\u015b\u0107 z tw\u00f3rc\u00f3w na Instagramie nie przywi\u0105zywa\u0142a wi\u0119kszej wagi do opis\u00f3w post\u00f3w (ang. <\/span><i><span style=\"font-weight: 400;\">captions<\/span><\/i><span style=\"font-weight: 400;\">). Niecz\u0119sto zdarza\u0142y si\u0119 konta z przemy\u015blanymi opisami, kt\u00f3rych w\u0142a\u015bciciele mieli wyj\u0105tkowo \u201clekkie pi\u00f3ro\u201d oraz czas by dzieli\u0107 si\u0119 d\u0142u\u017cszymi tre\u015bciami. Jednak, je\u015bli chcesz, \u017ceby instagramowy algorytm traktowa\u0142 Twoje posty z czu\u0142o\u015bci\u0105, nale\u017cy si\u0119 przeprosi\u0107 z d\u0142u\u017cszymi opisami zdj\u0119\u0107, i to z dw\u00f3ch powod\u00f3w.<\/span><\/p>\n<p><span style=\"font-weight: 400;\">Po pierwsze rozbudowane opisy lepiej anga\u017cuj\u0105 u\u017cytkownik\u00f3w. Ciekawa historia stoj\u0105ca za zdj\u0119ciem sprawi, \u017ce \u0142atwiej b\u0119dzie zaanga\u017cowa\u0107 odbiorc\u00f3w i zach\u0119ci\u0107 ich do g\u0142\u0119bszej interakcji ni\u017c tylko polubienie posta. Zwi\u0119kszone zaanga\u017cowanie u\u017cytkownik\u00f3w nie pozostanie niezauwa\u017cone przez algorytm, wi\u0119c posty b\u0119d\u0105 pojawia\u0107 si\u0119 cz\u0119\u015bciej i wy\u017cej na tablicach u\u017cytkownik\u00f3w (jak i w Explore Feed).<\/span><\/p>\n<blockquote class=\"instagram-media\" style=\"background: #FFF; border: 0; border-radius: 3px; box-shadow: 0 0 1px 0 rgba(0,0,0,0.5),0 1px 10px 0 rgba(0,0,0,0.15); margin: 1px; max-width: 540px; min-width: 326px; padding: 0; width: calc(100% - 2px);\" data-instgrm-captioned=\"\" data-instgrm-permalink=\"https:\/\/www.instagram.com\/p\/BkTHkg4FNB4\/\" data-instgrm-version=\"9\">\n<div style=\"padding: 8px;\">\n<div style=\"background: #F8F8F8; line-height: 0; margin-top: 40px; padding: 62.5% 0; text-align: center; width: 100%;\"><\/div>\n<p style=\"margin: 8px 0 0 0; padding: 0 4px;\"><a style=\"color: #000; font-family: Arial,sans-serif; font-size: 14px; font-style: normal; font-weight: normal; line-height: 17px; text-decoration: none; word-wrap: break-word;\" href=\"https:\/\/www.instagram.com\/p\/BkTHkg4FNB4\/\" target=\"_blank\" rel=\"noopener\">W ko\u0144cu mog\u0119 Wam to og\u0142osi\u0107- wyniki wielkiego urodzinowego konkursu s\u0105 ju\u017c na blogu!!! ??? * Powiem Wam, \u017ce ten konkurs to by\u0142a najwspanialsza rzecz i decyzja na \u015bwiecie. Nawet nie wiecie jak trudno by\u0142o zebra\u0107 w tak kr\u00f3tkim czasie tyle wspania\u0142ych produkt\u00f3w (w takich ilo\u015bciach!) do tak du\u017cej ilo\u015bci paczek. A to wszytko dzi\u0119ki markom, kt\u00f3re lubi\u0119 i z kt\u00f3rymi wsp\u00f3\u0142pracuj\u0119 od lat. Wiedzia\u0142am, \u017ce konkurs na okr\u0105g\u0142\u0105 rocznic\u0119 musi by\u0107 na najwy\u017cszym poziomie i ciesz\u0119 si\u0119, \u017ce a\u017c tak Wam si\u0119 spodoba\u0142 \u2764\ufe0f * P\u00f3\u017aniej przez kilkana\u015bcie dni pr\u00f3bowa\u0142am wymy\u015bli\u0107 zadanie konkursowe, w kt\u00f3rym b\u0119d\u0119 mog\u0142a Was pozna\u0107 tak jak Wy poznali\u015bcie mnie przez 10 lat. Tutaj z pomoc\u0105 przyszli\u015bcie Wy- to dwie osoby zainspirowa\u0142y mnie w\u0142a\u015bnie do tematu, w kt\u00f3rym mieli\u015bcie opisywa\u0107 jak Wasze decyzje, kt\u00f3re podj\u0119li\u015bcie w ci\u0105gu ostatnich 10 lat, wp\u0142yn\u0119\u0142y na Wasze \u017cycie. Ciesz\u0119 si\u0119, \u017ce b\u0119d\u0119 mog\u0142a nagrodzi\u0107 za pomoc w\u0142a\u015bnie te 2 czytelniczki ? * W konkursie by\u0142o prawie 800 zg\u0142osze\u0144. Przeczyta\u0142am ka\u017cd\u0105 histori\u0119 i wybra\u0142am wed\u0142ug mnie 10 najlepszych, takich, kt\u00f3re podpowiada\u0142o mi serce. Gdybym mog\u0142a nagrodzi\u0142abym przynajmniej 50 os\u00f3b. Dzi\u0119ki Waszym historiom zobaczy\u0142am, \u017ce istnieje co\u015b takiego jak #girlspower ?? Kobiety s\u0105 absolutnie wspania\u0142e, kreatywne, potrafi\u0105 walczy\u0107 o swoje marzenia. Potrafi\u0105 wywr\u00f3ci\u0107 swoje \u017cycie do g\u00f3ry nogami dla mi\u0142o\u015bci, rodziny czy pasji. Czytaj\u0105c historie \u015bmia\u0142am si\u0119, wzrusza\u0142am ale te\u017c p\u0142aka\u0142am- czasami nie zdajemy sobie sprawy jakie ludzie maja tragedie i jakie \u017cycie pisze scenariusze. * Dzi\u0119kuj\u0119 za ka\u017cdy komentarz i za ka\u017cdy moment kiedy mog\u0142am pozna\u0107 jak\u0105\u015b cz\u0105stk\u0119 Was. Mam nadzieje, \u017ce zrozumiecie i zgodzicie si\u0119 z moimi wyborami. Mam nadziej\u0119, \u017ce kiedy\u015b uda mi si\u0119 zorganizowa\u0107 spotkanie, na kt\u00f3rym opowiecie mi Wasze historie na \u017cywo. * Wyniki znajdziecie we wpisie konkursowym \u2764\ufe0f<\/a><\/p>\n<p style=\"color: #c9c8cd; font-family: Arial,sans-serif; font-size: 14px; line-height: 17px; margin-bottom: 0; margin-top: 8px; overflow: hidden; padding: 8px 0 7px; text-align: center; text-overflow: ellipsis; white-space: nowrap;\">Post udost\u0119pniony przez <a style=\"color: #c9c8cd; font-family: Arial,sans-serif; font-size: 14px; font-style: normal; font-weight: normal; line-height: 17px;\" href=\"https:\/\/www.instagram.com\/charlizemystery\/\" target=\"_blank\" rel=\"noopener\"> Karolina Gliniecka<\/a> (@charlizemystery) <time style=\"font-family: Arial,sans-serif; font-size: 14px; line-height: 17px;\" datetime=\"2018-06-21T19:38:09+00:00\">Cze 21, 2018 o 12:38 PDT<\/time><\/p>\n<\/div>\n<\/blockquote>\n<p><script async defer src=\"\/\/www.instagram.com\/embed.js\"><\/script><\/p>\n<p><span style=\"font-weight: 400;\">Wa\u017cniejsza od d\u0142ugo\u015bci opisu jest jednak jego jako\u015b\u0107. Im bardziej tekst przemawia do grupy docelowej, tym lepiej. \u00a0Zawsze dobrym pomys\u0142em jest zawarcie w nim tzw. <\/span><b><i>call to action<\/i><\/b><span style=\"font-weight: 400;\"> (<\/span><b>wezwania do dzia\u0142ania)<\/b><span style=\"font-weight: 400;\"> &#8211; mo\u017ce by\u0107 to pytanie o opini\u0119, pro\u015bba o podzielenie si\u0119 swoj\u0105 histori\u0105, polecenie jakiego\u015b miejsca b\u0105d\u017a produktu. Doskona\u0142ym tego przyk\u0142adem s\u0105 np. posty na profilu marki Semilac. Opisy s\u0105 niezbyt d\u0142ugie, ale zawsze s\u0105 ukierunkowane na interakcj\u0119 u\u017cytkownik\u00f3w.<\/span><\/p>\n<blockquote class=\"instagram-media\" style=\"background: #FFF; border: 0; border-radius: 3px; box-shadow: 0 0 1px 0 rgba(0,0,0,0.5),0 1px 10px 0 rgba(0,0,0,0.15); margin: 1px; max-width: 540px; min-width: 326px; padding: 0; width: calc(100% - 2px);\" data-instgrm-captioned=\"\" data-instgrm-permalink=\"https:\/\/www.instagram.com\/p\/Bke0a6mhnOT\/\" data-instgrm-version=\"9\">\n<div style=\"padding: 8px;\">\n<div style=\"background: #F8F8F8; line-height: 0; margin-top: 40px; padding: 40.833333333333336% 0; text-align: center; width: 100%;\"><\/div>\n<p style=\"margin: 8px 0 0 0; padding: 0 4px;\"><a style=\"color: #000; font-family: Arial,sans-serif; font-size: 14px; font-style: normal; font-weight: normal; line-height: 17px; text-decoration: none; word-wrap: break-word;\" href=\"https:\/\/www.instagram.com\/p\/Bke0a6mhnOT\/\" target=\"_blank\" rel=\"noopener\">Kolor z najnowszej kolekcji Celebrate w pe\u0142nej okaza\u0142o\u015bci! ? 535 Power Cobalt ?? Lubicie niebieskie odcienie na lato? ? #semilac #semigirls #lakieryhybrydowe #paznokcie #bluenails #semilaccelebrate #nails #nailart #nailsdone #semilac535 #powercobalt #manicure #semilacnails<\/a><\/p>\n<p style=\"color: #c9c8cd; font-family: Arial,sans-serif; font-size: 14px; line-height: 17px; margin-bottom: 0; margin-top: 8px; overflow: hidden; padding: 8px 0 7px; text-align: center; text-overflow: ellipsis; white-space: nowrap;\">Post udost\u0119pniony przez <a style=\"color: #c9c8cd; font-family: Arial,sans-serif; font-size: 14px; font-style: normal; font-weight: normal; line-height: 17px;\" href=\"https:\/\/www.instagram.com\/semilac\/\" target=\"_blank\" rel=\"noopener\"> Semilac<\/a> (@semilac) <time style=\"font-family: Arial,sans-serif; font-size: 14px; line-height: 17px;\" datetime=\"2018-06-26T08:41:42+00:00\">Cze 26, 2018 o 1:41 PDT<\/time><\/p>\n<\/div>\n<\/blockquote>\n<p><script async defer src=\"\/\/www.instagram.com\/embed.js\"><\/script><\/p>\n<h2><b>Komentarze, czyli nie tylko liczba si\u0119 liczy<\/b><\/h2>\n<p><span style=\"font-weight: 400;\">Instagram od pewnego czasu prowadzi walk\u0119 z botami i spamem (oraz wszelkimi dzia\u0142aniami, kt\u00f3re na takie wygl\u0105daj\u0105); promuje to, co jest ich przeciwie\u0144stwem, w tym przypadku komentarze, kt\u00f3re wygl\u0105daj\u0105 naturalnie i \u015bwiadcz\u0105 o zaanga\u017cowaniu. Dlatego te\u017c lepiej unika\u0107 komentowania za pomoc\u0105 tylko emoji. Z perspektywy w\u0142a\u015bcicieli konta niezwykle istotne jest \u00a0odpisywanie na komentarze, w spos\u00f3b, kt\u00f3ry wskazuje na zaanga\u017cowanie w relacje z odbiorcami.<\/span><\/p>\n<p style=\"text-align: center;\"><!--HubSpot Call-to-Action Code --><span id=\"hs-cta-wrapper-c4243256-775c-4f09-9dae-182c6d1fa4e1\" class=\"hs-cta-wrapper\"><span id=\"hs-cta-c4243256-775c-4f09-9dae-182c6d1fa4e1\" class=\"hs-cta-node hs-cta-c4243256-775c-4f09-9dae-182c6d1fa4e1\"><!-- [if lte IE 8]><\/p>\n\n\n\n\n\n<div id=\"hs-cta-ie-element\"><\/div>\n\n\n<![endif]--><a href=\"https:\/\/cta-redirect.hubspot.com\/cta\/redirect\/3842881\/c4243256-775c-4f09-9dae-182c6d1fa4e1\"><img decoding=\"async\" id=\"hs-cta-img-c4243256-775c-4f09-9dae-182c6d1fa4e1\" class=\"hs-cta-img aligncenter\" style=\"border-width: 0px;\" src=\"https:\/\/no-cache.hubspot.com\/cta\/default\/3842881\/c4243256-775c-4f09-9dae-182c6d1fa4e1.png\" alt=\"Mierz swoje dzia\u0142ania w social media!\" \/><\/a><\/span><script charset=\"utf-8\" src=\"https:\/\/js.hscta.net\/cta\/current.js\"><\/script><script type=\"text\/javascript\"> hbspt.cta.load(3842881, 'c4243256-775c-4f09-9dae-182c6d1fa4e1', {}); <\/script><\/span><!-- end HubSpot Call-to-Action Code --><\/p>\n<h2><b>Hashtagi &#8211; znajd\u017a sw\u00f3j z\u0142oty \u015brodek <\/b><\/h2>\n<p><span style=\"font-weight: 400;\">Hashtagi s\u0105 kluczowym sposobem dotarcia do u\u017cytkownik\u00f3w. Jest ich jednak mn\u00f3stwo &#8211; w ko\u0144cu wszystko mo\u017cna zamieni\u0107 w hashtag. Jak wi\u0119c dobrze wykorzysta\u0107 je w komunikacji?<\/span><\/p>\n<p><span style=\"font-weight: 400;\">Przede wszystkim nale\u017cy wiedzie\u0107, \u017ce<\/span><b> hashtagi maj\u0105 tak\u0105 sam\u0105 warto\u015b\u0107, niezale\u017cnie od tego, czy umie\u015bcimy je w opisie pod postem (caption) czy w komentarzach<\/b><span style=\"font-weight: 400;\">. Dla cz\u0119\u015bci u\u017cytkownik\u00f3w bardziej estetycznie wygl\u0105da umieszczanie w komentarzach, inni bardzo zgrabnie potrafi\u0105 umie\u015bci\u0107 je w po\u015bcie. W tej kwestii panuje zupe\u0142na dowolno\u015b\u0107. Sposobem na omini\u0119cie limitu 30 hashtag\u00f3w w opisie zdj\u0119cia jest umieszczenie ich w komentarzach.<\/span><\/p>\n<p><span style=\"font-weight: 400;\">Sukces osi\u0105gniesz z pomoc\u0105 poni\u017cszych wskaz\u00f3wek:<\/span><\/p>\n<ul>\n<li style=\"font-weight: 400;\"><span style=\"font-weight: 400;\">Skup si\u0119 na u\u017cywaniu hashtag\u00f3w, kt\u00f3re faktycznie pasuj\u0105 do publikowanych tre\u015bci.<\/span><\/li>\n<li style=\"font-weight: 400;\"><span style=\"font-weight: 400;\">Stw\u00f3rz w\u0142asny hashtag, kt\u00f3rego b\u0119dziesz konsekwentnie u\u017cywa\u0107.<\/span><\/li>\n<li style=\"font-weight: 400;\"><span style=\"font-weight: 400;\">Nie u\u017cywaj hashtag\u00f3w, kt\u00f3re s\u0105 bardzo popularne, poniewa\u017c publikowane tre\u015bci zwyczajnie b\u0119d\u0105 bardzo ma\u0142o (i bardzo kr\u00f3tko) widoczne.<\/span><\/li>\n<li style=\"font-weight: 400;\"><span style=\"font-weight: 400;\">Nie kopiuj hashtag\u00f3w z wcze\u015bniej dodanych post\u00f3w, bez \u017cadnych zmian. Instagram tak\u0105 praktyk\u0119 mo\u017ce potraktowa\u0107 jako SPAM. Testuj r\u00f3\u017cne hashtagi i nie u\u017cywaj ci\u0105gle tych samych.<\/span><\/li>\n<li style=\"font-weight: 400;\"><span style=\"font-weight: 400;\">Nie ograniczaj si\u0119 do jednego j\u0119zyka u\u017cywanych hashtag\u00f3w &#8211; nie ma problemu z dodawaniem ich np. w 2 j\u0119zykach (np. po polsku i po angielsku), dzi\u0119ki czemu dotrzesz do szerszego grona odbiorc\u00f3w. <\/span><\/li>\n<li style=\"font-weight: 400;\"><span style=\"font-weight: 400;\">Nie zawsze wi\u0119cej znaczy lepiej, nie ma sensu dodawanie na si\u0142\u0119 30 hashtag\u00f3w.<\/span><\/li>\n<li style=\"font-weight: 400;\"><span style=\"font-weight: 400;\">Analizuj hashtagi, sprawdzaj, kt\u00f3re s\u0105 najefektywniejsze. Korzystaj z narz\u0119dzi analitycznych takich jak np. <a href=\"http:\/\/www.sotrender.com\">Sotrender<\/a>.<\/span><\/li>\n<\/ul>\n<h2><b>Dowiedz si\u0119, kt\u00f3re hashtagi s\u0105 najlepsze dla Ciebie<\/b><\/h2>\n<p><span style=\"font-weight: 400;\">Skuteczno\u015b\u0107 hashtag\u00f3w (oraz innych element\u00f3w Waszej obecno\u015bci na Instagramie), bardzo \u0142atwo mo\u017cna sprawdzi\u0107 w Sotrenderze.<\/span><\/p>\n<p><span style=\"font-weight: 400;\">Zestawienie hashtag\u00f3w z danego okresu poinformuje Ci\u0119, kt\u00f3re z nich dzia\u0142a\u0142y najlepiej (w tym celu polecam sortowanie po Activity Index). <\/span><\/p>\n<div id=\"attachment_34417\" style=\"width: 1592px\" class=\"wp-caption aligncenter\"><img loading=\"lazy\" decoding=\"async\" aria-describedby=\"caption-attachment-34417\" class=\"size-full wp-image-34417\" src=\"https:\/\/www.sotrender.com\/blog\/wp-content\/uploads\/2018\/07\/hashtagi-activity-index-dziewuchy.png\" alt=\"Zestawienie hashtag\u00f3w na podstawie Activity Index\" width=\"1582\" height=\"190\" srcset=\"https:\/\/www.sotrender.com\/blog\/wp-content\/uploads\/2018\/07\/hashtagi-activity-index-dziewuchy.png 1582w, https:\/\/www.sotrender.com\/blog\/wp-content\/uploads\/2018\/07\/hashtagi-activity-index-dziewuchy-475x57.png 475w, https:\/\/www.sotrender.com\/blog\/wp-content\/uploads\/2018\/07\/hashtagi-activity-index-dziewuchy-768x92.png 768w, https:\/\/www.sotrender.com\/blog\/wp-content\/uploads\/2018\/07\/hashtagi-activity-index-dziewuchy-950x114.png 950w\" sizes=\"(max-width: 1582px) 100vw, 1582px\" \/><p id=\"caption-attachment-34417\" class=\"wp-caption-text\">Zestawienie hashtag\u00f3w na podstawie Activity Index<\/p><\/div>\n<p><span style=\"font-weight: 400;\">Istnieje mo\u017cliwo\u015b\u0107 posortowania hashtag\u00f3w, po liczbie komentarzy czy polubie\u0144, jak\u0105 uzyska\u0142y, jak i po liczbie razy, jak\u0105 by\u0142y u\u017cyte. <\/span><\/p>\n<div id=\"attachment_34419\" style=\"width: 1586px\" class=\"wp-caption aligncenter\"><img loading=\"lazy\" decoding=\"async\" aria-describedby=\"caption-attachment-34419\" class=\"size-full wp-image-34419\" src=\"https:\/\/www.sotrender.com\/blog\/wp-content\/uploads\/2018\/07\/hahstagi-komentarze-dziewuchy.png\" alt=\"Top hashtagi sortowane po najwi\u0119kszej liczbie komentarzy\" width=\"1576\" height=\"245\" srcset=\"https:\/\/www.sotrender.com\/blog\/wp-content\/uploads\/2018\/07\/hahstagi-komentarze-dziewuchy.png 1576w, https:\/\/www.sotrender.com\/blog\/wp-content\/uploads\/2018\/07\/hahstagi-komentarze-dziewuchy-475x74.png 475w, https:\/\/www.sotrender.com\/blog\/wp-content\/uploads\/2018\/07\/hahstagi-komentarze-dziewuchy-768x119.png 768w, https:\/\/www.sotrender.com\/blog\/wp-content\/uploads\/2018\/07\/hahstagi-komentarze-dziewuchy-950x148.png 950w\" sizes=\"(max-width: 1576px) 100vw, 1576px\" \/><p id=\"caption-attachment-34419\" class=\"wp-caption-text\">Top hashtagi sortowane po najwi\u0119kszej liczbie komentarzy<\/p><\/div>\n<p><span style=\"font-weight: 400;\">Nale\u017cy r\u00f3wnie\u017c pami\u0119ta\u0107, \u017ce cz\u0119\u015b\u0107 hashtag\u00f3w jest zbanowana. Dlaczego? Z powodu ich nadu\u017cywania (spam), niew\u0142a\u015bciwego wykorzystania b\u0105d\u017a publikowania hashtag\u00f3w o niestosownych tre\u015bciach (np. dot. seksualno\u015bci). Lista zbanowanych hashtag\u00f3w jest dynamiczna, warto monitorowa\u0107 j\u0105 na bie\u017c\u0105co, poniewa\u017c ich u\u017cywanie mo\u017ce mie\u0107 bardzo niekorzystny wp\u0142yw na zasi\u0119gi post\u00f3w. Na li\u015bcie zbanowanych hashtag\u00f3w znajduj\u0105 si\u0119 m.in.: #Beyonce, #instagirl czy #easter. Aktualn\u0105 list\u0119 mo\u017cna sprawdzi\u0107, np. <\/span><a href=\"https:\/\/bannedhashtags.com\/\"><span style=\"font-weight: 400;\">na tej stronie<\/span><\/a><span style=\"font-weight: 400;\">.<\/span><\/p>\n<p style=\"text-align: center;\"><!--HubSpot Call-to-Action Code --><span id=\"hs-cta-wrapper-c4243256-775c-4f09-9dae-182c6d1fa4e1\" class=\"hs-cta-wrapper\"><span id=\"hs-cta-c4243256-775c-4f09-9dae-182c6d1fa4e1\" class=\"hs-cta-node hs-cta-c4243256-775c-4f09-9dae-182c6d1fa4e1\"><!-- [if lte IE 8]><\/p>\n\n\n\n\n\n<div id=\"hs-cta-ie-element\"><\/div>\n\n\n<![endif]--><a href=\"https:\/\/cta-redirect.hubspot.com\/cta\/redirect\/3842881\/c4243256-775c-4f09-9dae-182c6d1fa4e1\"><img decoding=\"async\" id=\"hs-cta-img-c4243256-775c-4f09-9dae-182c6d1fa4e1\" class=\"hs-cta-img aligncenter\" style=\"border-width: 0px;\" src=\"https:\/\/no-cache.hubspot.com\/cta\/default\/3842881\/c4243256-775c-4f09-9dae-182c6d1fa4e1.png\" alt=\"Mierz swoje dzia\u0142ania w social media!\" \/><\/a><\/span><script charset=\"utf-8\" src=\"https:\/\/js.hscta.net\/cta\/current.js\"><\/script><script type=\"text\/javascript\"> hbspt.cta.load(3842881, 'c4243256-775c-4f09-9dae-182c6d1fa4e1', {}); <\/script><\/span><!-- end HubSpot Call-to-Action Code --><\/p>\n<h2><b>Wykorzystaj potencja\u0142 Instagram Stories<\/b><\/h2>\n<p><span style=\"font-weight: 400;\">Cho\u0107 korzystanie ze Stories nie jest w \u017caden spos\u00f3b faworyzowane przez algorytm Instagrama, jest niezwykle wa\u017cne, je\u015bli zale\u017cy nam na obecno\u015bci na tej platformie. <\/span><a href=\"https:\/\/instagram-press.com\/blog\/2018\/06\/28\/introducing-music-in-stories\/\"><span style=\"font-weight: 400;\">Ka\u017cdego dnia z Instagram Stories korzysta obecnie a\u017c 400 milion\u00f3w os\u00f3b<\/span><\/a><span style=\"font-weight: 400;\"> (w listopadzie 2017 roku by\u0142o to 300 mln), czyli a\u017c 40% u\u017cytkownik\u00f3w platformy! To niezwyk\u0142y potencja\u0142 do wykorzystania przez marki &#8211; na zbieranie opinii od obserwator\u00f3w czy przedstawianie nowych produkt\u00f3w.<\/span><\/p>\n<p><b>Anga\u017cowanie u\u017cytkownik\u00f3w nigdy nie by\u0142o tak proste <\/b><\/p>\n<p><span style=\"font-weight: 400;\">Za pomoc\u0105 Stories du\u017co \u0142atwiej zaanga\u017cowa\u0107 spo\u0142eczno\u015b\u0107. Jak to zrobi\u0107? Korzystaj\u0105c z ankiet, kt\u00f3re dost\u0119pne s\u0105 ju\u017c w r\u00f3\u017cnych formatach. W ten prosty spos\u00f3b nie tylko anga\u017cujemy naszych obserwator\u00f3w, ale r\u00f3wnie\u017c poznajemy ich zdanie na dany temat. Niedawno udost\u0119pnion\u0105 opcj\u0105 \u00a0(i ju\u017c wida\u0107, \u017ce entuzjastycznie przyj\u0119t\u0105!) jest zadawanie pyta\u0144 w formacie AMA (<\/span><i><span style=\"font-weight: 400;\">ask me anything<\/span><\/i><span style=\"font-weight: 400;\">).<\/span><\/p>\n<div id=\"attachment_34421\" style=\"width: 550px\" class=\"wp-caption aligncenter\"><img loading=\"lazy\" decoding=\"async\" aria-describedby=\"caption-attachment-34421\" class=\"size-full wp-image-34421\" src=\"https:\/\/www.sotrender.com\/blog\/wp-content\/uploads\/2018\/07\/questions_in_stories.png\" alt=\"Nowa funkcja zadawania pyta\u0144 w Stories\" width=\"540\" height=\"421\" srcset=\"https:\/\/www.sotrender.com\/blog\/wp-content\/uploads\/2018\/07\/questions_in_stories.png 540w, https:\/\/www.sotrender.com\/blog\/wp-content\/uploads\/2018\/07\/questions_in_stories-410x320.png 410w, https:\/\/www.sotrender.com\/blog\/wp-content\/uploads\/2018\/07\/questions_in_stories-475x370.png 475w\" sizes=\"(max-width: 540px) 100vw, 540px\" \/><p id=\"caption-attachment-34421\" class=\"wp-caption-text\">Nowa funkcja zadawania pyta\u0144 w Stories<\/p><\/div>\n<p><span style=\"font-weight: 400;\">Stories bardzo pomagaj\u0105 w zwi\u0119kszaniu zasi\u0119gu oraz zdobywaniu nowych obserwuj\u0105cych. Szczeg\u00f3lnie istotne jest <\/span><b>oznaczanie lokalizacji, hashtag\u00f3w oraz os\u00f3b<\/b><span style=\"font-weight: 400;\">, poniewa\u017c wtedy Stories mo\u017ce zosta\u0107 wyr\u00f3\u017cnione r\u00f3wnie\u017c w Explore Feed lub udost\u0119pnione przez innych. <\/span><\/p>\n<p><b>\u201cNapisz mi na priv\u201d<\/b><\/p>\n<p><span style=\"font-weight: 400;\">Wiadomo\u015bci prywatne s\u0105 niezwykle istotne, a niewielu zdaje sobie z tego spraw\u0119.<br \/>\n<\/span><span style=\"font-weight: 400;\">Nie bez przyczyny czo\u0142owe blogerki i influencerki, w odpowiedzi na swoje Stories, prosz\u0105 o dzielenie si\u0119 \u201cna priv\u201d ulubionymi miejscami czy poradami. Chyba nie b\u0119dzie zaskoczeniem, \u017ce chodzi tu ponownie o wchodzenie w interakcje z u\u017cytkownikami. Oczywi\u015bcie wa\u017cne jest odpisywanie na te wiadomo\u015bci, poniewa\u017c algorytm wszystko to bierze pod uwag\u0119. B\u0119dzie nas lepiej traktowa\u0142, poniewa\u017c wiadomo\u015bci prywatne \u015bwiadcz\u0105 o:<\/span><\/p>\n<ul>\n<li style=\"font-weight: 400;\"><span style=\"font-weight: 400;\">zaanga\u017cowaniu obserwuj\u0105cych,<\/span><\/li>\n<li style=\"font-weight: 400;\"><span style=\"font-weight: 400;\">warto\u015bci naszych post\u00f3w,<\/span><\/li>\n<li style=\"font-weight: 400;\"><span style=\"font-weight: 400;\">zaanga\u017cowaniu konta w komunikacj\u0119 z obserwuj\u0105cymi.<\/span><\/li>\n<\/ul>\n<p><b>Te\u017c chc\u0119 mie\u0107 \u0142adne Stories!<\/b><\/p>\n<p><span style=\"font-weight: 400;\">Bardzo popularne sta\u0142y si\u0119 ostatnio aplikacje do tworzenia estetycznych i ciekawych Stories. Do najpopularniejszych mo\u017cna zaliczy\u0107 Unfold, Hype Type, Ftmimage czy Afterlight. Pami\u0119tajcie jednak, \u017ce funkcje dost\u0119pne w Stories daj\u0105 bardzo du\u017co mo\u017cliwo\u015bci &#8211; wystarczy odrobina kreatywno\u015bci i czasu, \u017ceby stworzy\u0107 co\u015b naprawd\u0119 fajnego i unikatowego. Szczeg\u00f3lnie, \u017ce opcji dost\u0119pnych w Stories systematycznie przybywa. Gdy nagle wszyscy zaczniemy korzysta\u0107 z Unfold czy Hype Type, tre\u015bci na \u017cadnym profilu nie b\u0119d\u0105 wyj\u0105tkowe i tego typu format szybko si\u0119 znudzi naszym obserwatorom. <\/span><\/p>\n<p><b>Dlaczego nie mam niekt\u00f3rych opcji w Stories?<\/b><\/p>\n<p><span style=\"font-weight: 400;\">Wszystkie nowo\u015bci (g\u0142\u00f3wnie dotyczy to Stories, ale nie tylko) <\/span><b>s\u0105 przydzielane u\u017cytkownikom losowo<\/b><span style=\"font-weight: 400;\">. Nawet posiadaj\u0105c kilka profili na jednym urz\u0105dzeniu, na cz\u0119\u015bci mo\u017cemy ju\u017c dan\u0105 funkcj\u0119 mie\u0107, a na innym nie. Jednocze\u015bnie nic nie mo\u017cemy zrobi\u0107, \u017ceby przyspieszy\u0107 jej otrzymanie. Warto jedynie zawsze si\u0119 upewni\u0107 o posiadaniu aktualnej aplikacji. Pojawiaj\u0105 si\u0119 g\u0142osy, \u017ce korzystanie z nowszych modeli telefon\u00f3w czy system\u00f3w iOS nieco faworyzuje ich posiadaczy, jednak w rzeczywisto\u015bci nie zawsze tak jest (dotyczy to np. wyr\u00f3\u017cnionych relacji czy ankiet w Stories). <\/span><\/p>\n<h2><b>Telewizja w Instagramie<\/b><\/h2>\n<p><span style=\"font-weight: 400;\">Najnowsz\u0105 funkcj\u0105, jak\u0105 niedawno przedstawi\u0142 nam Instagram jest <\/span><a href=\"https:\/\/www.sotrender.com\/blog\/pl\/2018\/06\/igtv-nowa-funkcja-instagram\/\"><span style=\"font-weight: 400;\">IGTV, czyli instagramowa telewizja<\/span><\/a><span style=\"font-weight: 400;\">, kt\u00f3ra umo\u017cliwia publikowanie materia\u0142\u00f3w wideo d\u0142u\u017cszych ni\u017c dotychczasowe 15s w Stories. Poniewa\u017c jest to co\u015b zupe\u0142nie nowego, wiele marek nie do ko\u0144ca ma ju\u017c pomys\u0142 na jej wykorzystanie. Jednak to w\u0142a\u015bnie najlepszy moment na znalezienie swojego sposobu na zainteresowanie u\u017cytkownik\u00f3w tre\u015bciami na IGTV. Je\u015bli dobrze si\u0119 czu\u0142e\u015b prowadz\u0105c Stories, ale mia\u0142e\u015b r\u00f3wnie\u017c poczucie ograniczenia, IGTV jest miejscem, gdzie dobrze si\u0119 odnajdziesz. <\/span><\/p>\n<h2><b>Klienci, kt\u00f3rzy tworz\u0105 content<\/b><\/h2>\n<p><span style=\"font-weight: 400;\">Kana\u0142y social media nie s\u0105 prowadzone przez marki \u201cdla zabawy\u201d, mog\u0105 by\u0107 za to doskona\u0142ym sposobem na zwi\u0119kszenie zysk\u00f3w ze sprzeda\u017cy i popraw\u0119 wizerunku firmy.\u00a0<\/span><span style=\"font-weight: 400;\">Jak jeszcze dociera\u0107 do przysz\u0142ych &#8211; oraz obecnych &#8211; klient\u00f3w, budowa\u0107 z nimi relacje i przekonywa\u0107 do zakupu naszych produkt\u00f3w czy skorzystania z us\u0142ug? <\/span><\/p>\n<p><span style=\"font-weight: 400;\">Dobr\u0105 metod\u0105 jest wykorzystanie <\/span><b>user-generated content<\/b><span style=\"font-weight: 400;\">. Tre\u015bci tworzone przez naszych klient\u00f3w to mn\u00f3stwo korzy\u015bci dla obydwu stron. Nie ma si\u0119 co dziwi\u0107, \u017ce marki bardzo go lubi\u0105 &#8211; to nie tylko dow\u00f3d na posiadanie zadowolonych klient\u00f3w i \u015bwietny spos\u00f3b na budowanie zaufania, ale tak\u017ce oszcz\u0119dno\u015b\u0107 czasu na tworzeniu tre\u015bci. Klienci z kolei czuj\u0105 si\u0119 dostrze\u017ceni, docenieni i wyr\u00f3\u017cnieni, gdy marka ich zauwa\u017cy.<\/span><\/p>\n<p><span style=\"font-weight: 400;\">Polsk\u0105 mark\u0105, kt\u00f3ra \u015bwietnie wykorzystuje user-generated content, jest PLNY LALA.<\/span><\/p>\n<blockquote class=\"instagram-media\" style=\"background: #FFF; border: 0; border-radius: 3px; box-shadow: 0 0 1px 0 rgba(0,0,0,0.5),0 1px 10px 0 rgba(0,0,0,0.15); margin: 1px; max-width: 540px; min-width: 326px; padding: 0; width: calc(100% - 2px);\" data-instgrm-captioned=\"\" data-instgrm-permalink=\"https:\/\/www.instagram.com\/p\/Bj17muhHgJc\/\" data-instgrm-version=\"9\">\n<div style=\"padding: 8px;\">\n<div style=\"background: #F8F8F8; line-height: 0; margin-top: 40px; padding: 48.497652582159624% 0; text-align: center; width: 100%;\"><\/div>\n<p style=\"margin: 8px 0 0 0; padding: 0 4px;\"><a style=\"color: #000; font-family: Arial,sans-serif; font-size: 14px; font-style: normal; font-weight: normal; line-height: 17px; text-decoration: none; word-wrap: break-word;\" href=\"https:\/\/www.instagram.com\/p\/Bj17muhHgJc\/\" target=\"_blank\" rel=\"noopener\">@martynoho ???<\/a><\/p>\n<p style=\"color: #c9c8cd; font-family: Arial,sans-serif; font-size: 14px; line-height: 17px; margin-bottom: 0; margin-top: 8px; overflow: hidden; padding: 8px 0 7px; text-align: center; text-overflow: ellipsis; white-space: nowrap;\">Post udost\u0119pniony przez <a style=\"color: #c9c8cd; font-family: Arial,sans-serif; font-size: 14px; font-style: normal; font-weight: normal; line-height: 17px;\" href=\"https:\/\/www.instagram.com\/plnylala\/\" target=\"_blank\" rel=\"noopener\"> PLNY LALA ?<\/a> (@plnylala) <time style=\"font-family: Arial,sans-serif; font-size: 14px; line-height: 17px;\" datetime=\"2018-06-10T11:35:38+00:00\">Cze 10, 2018 o 4:35 PDT<\/time><\/p>\n<\/div>\n<\/blockquote>\n<p><script async defer src=\"\/\/www.instagram.com\/embed.js\"><\/script><br \/>\n<span style=\"font-weight: 400;\">Przy wykorzystaniu tego typu tre\u015bci nale\u017cy pami\u0119ta\u0107 jednak o prawach autorskich i wypracowa\u0107 zgodne z prawem zasady, na jakich b\u0119dziemy korzysta\u0107 z materia\u0142\u00f3w tworzonych przez naszych klient\u00f3w. <\/span><\/p>\n<p><span style=\"font-weight: 400;\">Influencerzy, w przeciwie\u0144stwie do marek, nie maj\u0105 mo\u017cliwo\u015bci korzystania z tre\u015bci generowanych przez u\u017cytkownik\u00f3w. To przecie\u017c oni maj\u0105 by\u0107 kreatywni. Rozwi\u0105zaniem, kt\u00f3re przychodzi im z pomoc\u0105 s\u0105 <\/span><b>shoutouts<\/b><span style=\"font-weight: 400;\"> &#8211; polecanie kont innych u\u017cytkownik\u00f3w, kt\u00f3re sprawdza si\u0119 szczeg\u00f3lnie na Stories. Wywo\u0142ani u\u017cytkownicy cz\u0119sto si\u0119 odwzajemniaj\u0105, co mo\u017ce pom\u00f3c w zdobyciu nowych obserwuj\u0105cych niewielkim kosztem.<\/span><\/p>\n<p><span style=\"font-weight: 400;\">W obydwu przypadkach, zar\u00f3wno korzystaj\u0105c z user-generated content jak i shoutouts, warto zachowa\u0107 umiar i nadmiernie nie wykorzystywa\u0107 tego typu dzia\u0142a\u0144, poniewa\u017c w d\u0142u\u017cszej perspektywie czasu mo\u017ce to zniech\u0119ci\u0107 cz\u0119\u015b\u0107 u\u017cytkownik\u00f3w. <\/span><\/p>\n<h2><b>Jak optymalizowa\u0107 bie\u017c\u0105ce dzia\u0142ania? <\/b><\/h2>\n<p><span style=\"font-weight: 400;\">Skoro anga\u017cowanie obserwator\u00f3w jest tak wa\u017cne, sk\u0105d wiedzie\u0107, kiedy najlepiej si\u0119 do nich zwraca\u0107? Ka\u017cda bran\u017ca i tematyka rz\u0105dzi si\u0119 swoimi prawami i ma zupe\u0142nie inne rzesze obserwator\u00f3w. Oczywi\u015bcie zawsze mo\u017cemy korzysta\u0107 z metody pr\u00f3b i b\u0142\u0119d\u00f3w, jednak du\u017co pro\u015bciej (i szybciej) skorzysta\u0107 jest z rozwi\u0105za\u0144 oferowanych przez aplikacje do analizy medi\u00f3w spo\u0142eczno\u015bciowych.<\/span><\/p>\n<p><span style=\"font-weight: 400;\">Jednym z rozwi\u0105za\u0144 jest tzw. <strong>heatmapa w Sotrenderze<\/strong>, kt\u00f3ra pokazuje rozk\u0142ad aktywno\u015bci marki i jej obserwator\u00f3w w czasie. Z przyk\u0142adu poni\u017cej mo\u017cemy dowiedzie\u0107 si\u0119, \u017ce obserwatorzy na analizowanym profilu najbardziej anga\u017cuj\u0105 si\u0119 w po\u0142owie tygodnia (\u015broda-pi\u0105tek) w godzinach popo\u0142udniowych. To jasny sygna\u0142, na kiedy przygotowa\u0107 publikacj\u0119 warto\u015bciowych tre\u015bci.<\/span><\/p>\n<div id=\"attachment_34415\" style=\"width: 763px\" class=\"wp-caption aligncenter\"><img loading=\"lazy\" decoding=\"async\" aria-describedby=\"caption-attachment-34415\" class=\" wp-image-34415\" src=\"https:\/\/www.sotrender.com\/blog\/wp-content\/uploads\/2018\/07\/activity-index-instagram.png\" alt=\"Przyk\u0142adowa heatmapa na podstawie wska\u017anika Activity Index dla profilu na Instagramie\" width=\"753\" height=\"502\" srcset=\"https:\/\/www.sotrender.com\/blog\/wp-content\/uploads\/2018\/07\/activity-index-instagram.png 1600w, https:\/\/www.sotrender.com\/blog\/wp-content\/uploads\/2018\/07\/activity-index-instagram-475x317.png 475w, https:\/\/www.sotrender.com\/blog\/wp-content\/uploads\/2018\/07\/activity-index-instagram-768x512.png 768w, https:\/\/www.sotrender.com\/blog\/wp-content\/uploads\/2018\/07\/activity-index-instagram-950x634.png 950w\" sizes=\"(max-width: 753px) 100vw, 753px\" \/><p id=\"caption-attachment-34415\" class=\"wp-caption-text\">Przyk\u0142adowa heatmapa na podstawie wska\u017anika Activity Index dla profilu na Instagramie<\/p><\/div>\n<p><span style=\"font-weight: 400;\">Do og\u00f3lnej optymalizacji podejmowanych dzia\u0142a\u0144 na Instagramie warto oczywi\u015bcie monitorowa\u0107 tak\u017ce inne dane i wska\u017aniki, jak np. liczba obserwuj\u0105cych czy liczba i rodzaj aktywno\u015bci przez nich podejmowanych. <\/span><\/p>\n<p style=\"text-align: center;\"><!--HubSpot Call-to-Action Code --><span id=\"hs-cta-wrapper-c4243256-775c-4f09-9dae-182c6d1fa4e1\" class=\"hs-cta-wrapper\"><span id=\"hs-cta-c4243256-775c-4f09-9dae-182c6d1fa4e1\" class=\"hs-cta-node hs-cta-c4243256-775c-4f09-9dae-182c6d1fa4e1\"><!-- [if lte IE 8]><\/p>\n\n\n\n\n\n<div id=\"hs-cta-ie-element\"><\/div>\n\n\n<![endif]--><a href=\"https:\/\/cta-redirect.hubspot.com\/cta\/redirect\/3842881\/c4243256-775c-4f09-9dae-182c6d1fa4e1\"><img decoding=\"async\" id=\"hs-cta-img-c4243256-775c-4f09-9dae-182c6d1fa4e1\" class=\"hs-cta-img aligncenter\" style=\"border-width: 0px;\" src=\"https:\/\/no-cache.hubspot.com\/cta\/default\/3842881\/c4243256-775c-4f09-9dae-182c6d1fa4e1.png\" alt=\"Mierz swoje dzia\u0142ania w social media!\" \/><\/a><\/span><script charset=\"utf-8\" src=\"https:\/\/js.hscta.net\/cta\/current.js\"><\/script><script type=\"text\/javascript\"> hbspt.cta.load(3842881, 'c4243256-775c-4f09-9dae-182c6d1fa4e1', {}); <\/script><\/span><!-- end HubSpot Call-to-Action Code --><\/p>\n<p><span style=\"font-weight: 400;\">Czy przedstawione sposoby anga\u017cowania spo\u0142eczno\u015bci przestan\u0105 by\u0107 za jaki\u015b czas aktualne? Po cz\u0119\u015bci jest to mo\u017cliwe. Niew\u0105tpliwe jest bowiem, \u017ce algorytm Instagrama jeszcze nie raz ulegnie zmianom. Jednak jedno jest pewne &#8211; prawdziwe relacje z naszymi odbiorcami zawsze b\u0119d\u0105 w cenie i zawsze b\u0119d\u0105 gwarancj\u0105 na sukces. <\/span><\/p>\n<p>&nbsp;<\/p>\n","protected":false},"excerpt":{"rendered":"<p>Znamy ju\u017c najcz\u0119stsze, i najbardziej szkodliwe, mity dotycz\u0105ce dzia\u0142ania Instagrama i jego algorytmu. Mamy \u015bwiadomo\u015b\u0107, \u017ce wie on, jakiego rodzaju tre\u015bci ogl\u0105damy, o jakiej tematyce, czy anga\u017cujemy si\u0119 na innych profilach, czy wchodzimy w interakcje z naszymi obserwatorami, ile czasu sp\u0119dzamy w aplikacji i tak dalej\u2026 Mo\u017cna z tego wyci\u0105gn\u0105\u0107 wniosek, \u017ce sama liczba komentarzy [&hellip;]<\/p>\n","protected":false},"author":89,"featured_media":34429,"comment_status":"open","ping_status":"open","sticky":false,"template":"","format":"standard","meta":{"inline_featured_image":false,"footnotes":""},"categories":[1803,2125,2275],"tags":[615,2815,2835,2837,2839],"yoast_head":"<!-- This site is optimized with the Yoast SEO plugin v22.4 - https:\/\/yoast.com\/wordpress\/plugins\/seo\/ -->\n<title>Zbuduj swoj\u0105 spo\u0142eczno\u015b\u0107 na Instagramie - 5 krok\u00f3w do sukcesu<\/title>\n<meta name=\"description\" content=\"Jak pozyska\u0107 i zaanga\u017cowa\u0107 odbiorc\u00f3w na Instagramie? Jakimi zasadami si\u0119 kierowa\u0107, by \u017cy\u0107 w zgodzie z jego algorytmem i jednocze\u015bnie osi\u0105gn\u0105\u0107 sukces?\" \/>\n<meta name=\"robots\" content=\"index, follow, max-snippet:-1, max-image-preview:large, max-video-preview:-1\" \/>\n<link rel=\"canonical\" href=\"https:\/\/www.sotrender.com\/blog\/pl\/2018\/07\/zbuduj-swoja-spolecznosc-na-instagramie-5-krokow-sukcesu\/\" \/>\n<meta property=\"og:locale\" content=\"pl_PL\" \/>\n<meta property=\"og:type\" content=\"article\" \/>\n<meta property=\"og:title\" content=\"Zbuduj swoj\u0105 spo\u0142eczno\u015b\u0107 na Instagramie - 5 krok\u00f3w do sukcesu\" \/>\n<meta property=\"og:description\" content=\"Jak pozyska\u0107 i zaanga\u017cowa\u0107 odbiorc\u00f3w na Instagramie? Jakimi zasadami si\u0119 kierowa\u0107, by \u017cy\u0107 w zgodzie z jego algorytmem i jednocze\u015bnie osi\u0105gn\u0105\u0107 sukces?\" \/>\n<meta property=\"og:url\" content=\"https:\/\/www.sotrender.com\/blog\/pl\/2018\/07\/zbuduj-swoja-spolecznosc-na-instagramie-5-krokow-sukcesu\/\" \/>\n<meta property=\"og:site_name\" content=\"Sotrender Blog\" \/>\n<meta property=\"article:publisher\" content=\"https:\/\/www.facebook.com\/Sotrender\" \/>\n<meta property=\"article:published_time\" content=\"2018-07-18T12:25:46+00:00\" \/>\n<meta property=\"article:modified_time\" content=\"2018-07-18T12:36:46+00:00\" \/>\n<meta property=\"og:image\" content=\"https:\/\/www.sotrender.com\/blog\/wp-content\/uploads\/2018\/07\/picnic-1208229_1280.jpg\" \/>\n\t<meta property=\"og:image:width\" content=\"1280\" \/>\n\t<meta property=\"og:image:height\" content=\"853\" \/>\n\t<meta property=\"og:image:type\" content=\"image\/jpeg\" \/>\n<meta name=\"author\" content=\"Klaudia \u017by\u0142ka\" \/>\n<meta name=\"twitter:card\" content=\"summary_large_image\" \/>\n<meta name=\"twitter:creator\" content=\"@Sotrender\" \/>\n<meta name=\"twitter:site\" content=\"@Sotrender\" \/>\n<meta name=\"twitter:label1\" content=\"Written by\" \/>\n\t<meta name=\"twitter:data1\" content=\"Klaudia \u017by\u0142ka\" \/>\n\t<meta name=\"twitter:label2\" content=\"Est. reading time\" \/>\n\t<meta name=\"twitter:data2\" content=\"13 minutes\" \/>\n<script type=\"application\/ld+json\" class=\"yoast-schema-graph\">{\"@context\":\"https:\/\/schema.org\",\"@graph\":[{\"@type\":\"WebPage\",\"@id\":\"https:\/\/www.sotrender.com\/blog\/pl\/2018\/07\/zbuduj-swoja-spolecznosc-na-instagramie-5-krokow-sukcesu\/\",\"url\":\"https:\/\/www.sotrender.com\/blog\/pl\/2018\/07\/zbuduj-swoja-spolecznosc-na-instagramie-5-krokow-sukcesu\/\",\"name\":\"Zbuduj swoj\u0105 spo\u0142eczno\u015b\u0107 na Instagramie - 5 krok\u00f3w do sukcesu\",\"isPartOf\":{\"@id\":\"https:\/\/www.sotrender.com\/blog\/#website\"},\"primaryImageOfPage\":{\"@id\":\"https:\/\/www.sotrender.com\/blog\/pl\/2018\/07\/zbuduj-swoja-spolecznosc-na-instagramie-5-krokow-sukcesu\/#primaryimage\"},\"image\":{\"@id\":\"https:\/\/www.sotrender.com\/blog\/pl\/2018\/07\/zbuduj-swoja-spolecznosc-na-instagramie-5-krokow-sukcesu\/#primaryimage\"},\"thumbnailUrl\":\"https:\/\/www.sotrender.com\/blog\/wp-content\/uploads\/2018\/07\/picnic-1208229_1280.jpg\",\"datePublished\":\"2018-07-18T12:25:46+00:00\",\"dateModified\":\"2018-07-18T12:36:46+00:00\",\"author\":{\"@id\":\"https:\/\/www.sotrender.com\/blog\/#\/schema\/person\/038ac5e276c5d102d8cbb9c36cd43416\"},\"description\":\"Jak pozyska\u0107 i zaanga\u017cowa\u0107 odbiorc\u00f3w na Instagramie? Jakimi zasadami si\u0119 kierowa\u0107, by \u017cy\u0107 w zgodzie z jego algorytmem i jednocze\u015bnie osi\u0105gn\u0105\u0107 sukces?\",\"breadcrumb\":{\"@id\":\"https:\/\/www.sotrender.com\/blog\/pl\/2018\/07\/zbuduj-swoja-spolecznosc-na-instagramie-5-krokow-sukcesu\/#breadcrumb\"},\"inLanguage\":\"pl-PL\",\"potentialAction\":[{\"@type\":\"ReadAction\",\"target\":[\"https:\/\/www.sotrender.com\/blog\/pl\/2018\/07\/zbuduj-swoja-spolecznosc-na-instagramie-5-krokow-sukcesu\/\"]}]},{\"@type\":\"ImageObject\",\"inLanguage\":\"pl-PL\",\"@id\":\"https:\/\/www.sotrender.com\/blog\/pl\/2018\/07\/zbuduj-swoja-spolecznosc-na-instagramie-5-krokow-sukcesu\/#primaryimage\",\"url\":\"https:\/\/www.sotrender.com\/blog\/wp-content\/uploads\/2018\/07\/picnic-1208229_1280.jpg\",\"contentUrl\":\"https:\/\/www.sotrender.com\/blog\/wp-content\/uploads\/2018\/07\/picnic-1208229_1280.jpg\",\"width\":1280,\"height\":853},{\"@type\":\"BreadcrumbList\",\"@id\":\"https:\/\/www.sotrender.com\/blog\/pl\/2018\/07\/zbuduj-swoja-spolecznosc-na-instagramie-5-krokow-sukcesu\/#breadcrumb\",\"itemListElement\":[{\"@type\":\"ListItem\",\"position\":1,\"name\":\"Home\",\"item\":\"https:\/\/www.sotrender.com\/blog\/\"},{\"@type\":\"ListItem\",\"position\":2,\"name\":\"Zbuduj swoj\u0105 spo\u0142eczno\u015b\u0107 na Instagramie &#8211; 5 krok\u00f3w do sukcesu\"}]},{\"@type\":\"WebSite\",\"@id\":\"https:\/\/www.sotrender.com\/blog\/#website\",\"url\":\"https:\/\/www.sotrender.com\/blog\/\",\"name\":\"Sotrender Blog\",\"description\":\"\",\"potentialAction\":[{\"@type\":\"SearchAction\",\"target\":{\"@type\":\"EntryPoint\",\"urlTemplate\":\"https:\/\/www.sotrender.com\/blog\/?s={search_term_string}\"},\"query-input\":\"required name=search_term_string\"}],\"inLanguage\":\"pl-PL\"},{\"@type\":\"Person\",\"@id\":\"https:\/\/www.sotrender.com\/blog\/#\/schema\/person\/038ac5e276c5d102d8cbb9c36cd43416\",\"name\":\"Klaudia \u017by\u0142ka\",\"image\":{\"@type\":\"ImageObject\",\"inLanguage\":\"pl-PL\",\"@id\":\"https:\/\/www.sotrender.com\/blog\/#\/schema\/person\/image\/\",\"url\":\"https:\/\/secure.gravatar.com\/avatar\/f55d5d49ce3c448e1ffde0ab078d84cd?s=96&d=mm&r=g\",\"contentUrl\":\"https:\/\/secure.gravatar.com\/avatar\/f55d5d49ce3c448e1ffde0ab078d84cd?s=96&d=mm&r=g\",\"caption\":\"Klaudia \u017by\u0142ka\"},\"description\":\"Instagram, dogs, books and food lover. Former student at Warsaw University and Malm\u00f6 University. Improving her marketing skills every day. Proud owner of DIMAQ certificate\",\"sameAs\":[\"https:\/\/www.linkedin.com\/in\/klaudia-\u017cy\u0142ka-17527779\"],\"url\":\"https:\/\/www.sotrender.com\/blog\/pl\/author\/klaudia_yka\/\"}]}<\/script>\n<!-- \/ Yoast SEO plugin. -->","yoast_head_json":{"title":"Zbuduj swoj\u0105 spo\u0142eczno\u015b\u0107 na Instagramie - 5 krok\u00f3w do sukcesu","description":"Jak pozyska\u0107 i zaanga\u017cowa\u0107 odbiorc\u00f3w na Instagramie? Jakimi zasadami si\u0119 kierowa\u0107, by \u017cy\u0107 w zgodzie z jego algorytmem i jednocze\u015bnie osi\u0105gn\u0105\u0107 sukces?","robots":{"index":"index","follow":"follow","max-snippet":"max-snippet:-1","max-image-preview":"max-image-preview:large","max-video-preview":"max-video-preview:-1"},"canonical":"https:\/\/www.sotrender.com\/blog\/pl\/2018\/07\/zbuduj-swoja-spolecznosc-na-instagramie-5-krokow-sukcesu\/","og_locale":"pl_PL","og_type":"article","og_title":"Zbuduj swoj\u0105 spo\u0142eczno\u015b\u0107 na Instagramie - 5 krok\u00f3w do sukcesu","og_description":"Jak pozyska\u0107 i zaanga\u017cowa\u0107 odbiorc\u00f3w na Instagramie? Jakimi zasadami si\u0119 kierowa\u0107, by \u017cy\u0107 w zgodzie z jego algorytmem i jednocze\u015bnie osi\u0105gn\u0105\u0107 sukces?","og_url":"https:\/\/www.sotrender.com\/blog\/pl\/2018\/07\/zbuduj-swoja-spolecznosc-na-instagramie-5-krokow-sukcesu\/","og_site_name":"Sotrender Blog","article_publisher":"https:\/\/www.facebook.com\/Sotrender","article_published_time":"2018-07-18T12:25:46+00:00","article_modified_time":"2018-07-18T12:36:46+00:00","og_image":[{"width":1280,"height":853,"url":"https:\/\/www.sotrender.com\/blog\/wp-content\/uploads\/2018\/07\/picnic-1208229_1280.jpg","type":"image\/jpeg"}],"author":"Klaudia \u017by\u0142ka","twitter_card":"summary_large_image","twitter_creator":"@Sotrender","twitter_site":"@Sotrender","twitter_misc":{"Written by":"Klaudia \u017by\u0142ka","Est. reading time":"13 minutes"},"schema":{"@context":"https:\/\/schema.org","@graph":[{"@type":"WebPage","@id":"https:\/\/www.sotrender.com\/blog\/pl\/2018\/07\/zbuduj-swoja-spolecznosc-na-instagramie-5-krokow-sukcesu\/","url":"https:\/\/www.sotrender.com\/blog\/pl\/2018\/07\/zbuduj-swoja-spolecznosc-na-instagramie-5-krokow-sukcesu\/","name":"Zbuduj swoj\u0105 spo\u0142eczno\u015b\u0107 na Instagramie - 5 krok\u00f3w do sukcesu","isPartOf":{"@id":"https:\/\/www.sotrender.com\/blog\/#website"},"primaryImageOfPage":{"@id":"https:\/\/www.sotrender.com\/blog\/pl\/2018\/07\/zbuduj-swoja-spolecznosc-na-instagramie-5-krokow-sukcesu\/#primaryimage"},"image":{"@id":"https:\/\/www.sotrender.com\/blog\/pl\/2018\/07\/zbuduj-swoja-spolecznosc-na-instagramie-5-krokow-sukcesu\/#primaryimage"},"thumbnailUrl":"https:\/\/www.sotrender.com\/blog\/wp-content\/uploads\/2018\/07\/picnic-1208229_1280.jpg","datePublished":"2018-07-18T12:25:46+00:00","dateModified":"2018-07-18T12:36:46+00:00","author":{"@id":"https:\/\/www.sotrender.com\/blog\/#\/schema\/person\/038ac5e276c5d102d8cbb9c36cd43416"},"description":"Jak pozyska\u0107 i zaanga\u017cowa\u0107 odbiorc\u00f3w na Instagramie? Jakimi zasadami si\u0119 kierowa\u0107, by \u017cy\u0107 w zgodzie z jego algorytmem i jednocze\u015bnie osi\u0105gn\u0105\u0107 sukces?","breadcrumb":{"@id":"https:\/\/www.sotrender.com\/blog\/pl\/2018\/07\/zbuduj-swoja-spolecznosc-na-instagramie-5-krokow-sukcesu\/#breadcrumb"},"inLanguage":"pl-PL","potentialAction":[{"@type":"ReadAction","target":["https:\/\/www.sotrender.com\/blog\/pl\/2018\/07\/zbuduj-swoja-spolecznosc-na-instagramie-5-krokow-sukcesu\/"]}]},{"@type":"ImageObject","inLanguage":"pl-PL","@id":"https:\/\/www.sotrender.com\/blog\/pl\/2018\/07\/zbuduj-swoja-spolecznosc-na-instagramie-5-krokow-sukcesu\/#primaryimage","url":"https:\/\/www.sotrender.com\/blog\/wp-content\/uploads\/2018\/07\/picnic-1208229_1280.jpg","contentUrl":"https:\/\/www.sotrender.com\/blog\/wp-content\/uploads\/2018\/07\/picnic-1208229_1280.jpg","width":1280,"height":853},{"@type":"BreadcrumbList","@id":"https:\/\/www.sotrender.com\/blog\/pl\/2018\/07\/zbuduj-swoja-spolecznosc-na-instagramie-5-krokow-sukcesu\/#breadcrumb","itemListElement":[{"@type":"ListItem","position":1,"name":"Home","item":"https:\/\/www.sotrender.com\/blog\/"},{"@type":"ListItem","position":2,"name":"Zbuduj swoj\u0105 spo\u0142eczno\u015b\u0107 na Instagramie &#8211; 5 krok\u00f3w do sukcesu"}]},{"@type":"WebSite","@id":"https:\/\/www.sotrender.com\/blog\/#website","url":"https:\/\/www.sotrender.com\/blog\/","name":"Sotrender Blog","description":"","potentialAction":[{"@type":"SearchAction","target":{"@type":"EntryPoint","urlTemplate":"https:\/\/www.sotrender.com\/blog\/?s={search_term_string}"},"query-input":"required name=search_term_string"}],"inLanguage":"pl-PL"},{"@type":"Person","@id":"https:\/\/www.sotrender.com\/blog\/#\/schema\/person\/038ac5e276c5d102d8cbb9c36cd43416","name":"Klaudia \u017by\u0142ka","image":{"@type":"ImageObject","inLanguage":"pl-PL","@id":"https:\/\/www.sotrender.com\/blog\/#\/schema\/person\/image\/","url":"https:\/\/secure.gravatar.com\/avatar\/f55d5d49ce3c448e1ffde0ab078d84cd?s=96&d=mm&r=g","contentUrl":"https:\/\/secure.gravatar.com\/avatar\/f55d5d49ce3c448e1ffde0ab078d84cd?s=96&d=mm&r=g","caption":"Klaudia \u017by\u0142ka"},"description":"Instagram, dogs, books and food lover. Former student at Warsaw University and Malm\u00f6 University. Improving her marketing skills every day. Proud owner of DIMAQ certificate","sameAs":["https:\/\/www.linkedin.com\/in\/klaudia-\u017cy\u0142ka-17527779"],"url":"https:\/\/www.sotrender.com\/blog\/pl\/author\/klaudia_yka\/"}]}},"_links":{"self":[{"href":"https:\/\/www.sotrender.com\/blog\/pl\/wp-json\/wp\/v2\/posts\/34413"}],"collection":[{"href":"https:\/\/www.sotrender.com\/blog\/pl\/wp-json\/wp\/v2\/posts"}],"about":[{"href":"https:\/\/www.sotrender.com\/blog\/pl\/wp-json\/wp\/v2\/types\/post"}],"author":[{"embeddable":true,"href":"https:\/\/www.sotrender.com\/blog\/pl\/wp-json\/wp\/v2\/users\/89"}],"replies":[{"embeddable":true,"href":"https:\/\/www.sotrender.com\/blog\/pl\/wp-json\/wp\/v2\/comments?post=34413"}],"version-history":[{"count":3,"href":"https:\/\/www.sotrender.com\/blog\/pl\/wp-json\/wp\/v2\/posts\/34413\/revisions"}],"predecessor-version":[{"id":34427,"href":"https:\/\/www.sotrender.com\/blog\/pl\/wp-json\/wp\/v2\/posts\/34413\/revisions\/34427"}],"wp:featuredmedia":[{"embeddable":true,"href":"https:\/\/www.sotrender.com\/blog\/pl\/wp-json\/wp\/v2\/media\/34429"}],"wp:attachment":[{"href":"https:\/\/www.sotrender.com\/blog\/pl\/wp-json\/wp\/v2\/media?parent=34413"}],"wp:term":[{"taxonomy":"category","embeddable":true,"href":"https:\/\/www.sotrender.com\/blog\/pl\/wp-json\/wp\/v2\/categories?post=34413"},{"taxonomy":"post_tag","embeddable":true,"href":"https:\/\/www.sotrender.com\/blog\/pl\/wp-json\/wp\/v2\/tags?post=34413"}],"curies":[{"name":"wp","href":"https:\/\/api.w.org\/{rel}","templated":true}]}}