{"id":34345,"date":"2018-07-16T14:25:46","date_gmt":"2018-07-16T12:25:46","guid":{"rendered":"https:\/\/www.sotrender.com\/blog\/?p=34345\/"},"modified":"2018-07-17T08:06:59","modified_gmt":"2018-07-17T06:06:59","slug":"facebook-trends-czerwiec-2018-smaki-lata","status":"publish","type":"post","link":"https:\/\/www.sotrender.com\/blog\/pl\/2018\/07\/facebook-trends-czerwiec-2018-smaki-lata\/","title":{"rendered":"Facebook Trends czerwiec 2018 &#8211; smaki lata"},"content":{"rendered":"<p><span style=\"font-weight: 400;\">Czerwiec na Facebooku nas nie zaskoczy\u0142 &#8211; by\u0142 zdominowany przez pi\u0142k\u0119 no\u017cn\u0105 oraz wakacyjne, letnie tematy. Marki niezwykle ch\u0119tnie wykorzystywa\u0142y mundialow\u0105 gor\u0105czk\u0119 do swoich marketingowych cel\u00f3w, g\u0142\u00f3wnie gdy jeszcze polska reprezentacja by\u0142a w grze.\u00a0<\/span><span style=\"font-weight: 400;\">Zapraszamy na czerwcowe wydanie <a href=\"https:\/\/www.sotrender.com\/trends\/facebook\/poland\/201806\">raportu Facebook Trends<\/a>!<\/span><\/p>\n<p><!--more--><\/p>\n<h2><strong>Re\u017cyser \u017cycia powraca<\/strong><\/h2>\n<p><span style=\"font-weight: 400;\">Po kilku dobrych miesi\u0105cach, gdy w naszych raportach Trends by\u0142o g\u0142o\u015bno o Stronie Re\u017cyser \u017bycia, znowu powraca on do zestawienia. I to powraca w wielkim stylu, poniewa\u017c na Facebooku w czerwcu mia\u0142 <a href=\"http:\/\/trends.devel.sotrender.com\/trends\/facebook\/poland\/201806\/pl_wszystkie\">najlepszy post miesi\u0105ca<\/a>. Czego dotyczy\u0142? Tematu niew\u0105tpliwie s\u0142usznego, szczeg\u00f3lnie w okresie wakacyjnym. Sprawd\u017acie sami.<\/span><\/p>\n<div id=\"attachment_34347\" style=\"width: 884px\" class=\"wp-caption aligncenter\"><img loading=\"lazy\" decoding=\"async\" aria-describedby=\"caption-attachment-34347\" class=\"size-full wp-image-34347\" src=\"https:\/\/www.sotrender.com\/blog\/wp-content\/uploads\/2018\/07\/rezyser-zycia-najlepszy-post-czerwiec-fb.png\" alt=\"Najlepsze posty na Facebooku w czerwcu 2018 \" width=\"874\" height=\"430\" srcset=\"https:\/\/www.sotrender.com\/blog\/wp-content\/uploads\/2018\/07\/rezyser-zycia-najlepszy-post-czerwiec-fb.png 874w, https:\/\/www.sotrender.com\/blog\/wp-content\/uploads\/2018\/07\/rezyser-zycia-najlepszy-post-czerwiec-fb-475x234.png 475w, https:\/\/www.sotrender.com\/blog\/wp-content\/uploads\/2018\/07\/rezyser-zycia-najlepszy-post-czerwiec-fb-768x378.png 768w\" sizes=\"(max-width: 874px) 100vw, 874px\" \/><p id=\"caption-attachment-34347\" class=\"wp-caption-text\">Najlepsze posty na Facebooku w czerwcu 2018<\/p><\/div>\n<h2><strong>Gor\u0105cy mundialowy okres<\/strong><\/h2>\n<p><span style=\"font-weight: 400;\">Analizuj\u0105c jak\u0105kolwiek platform\u0119 spo\u0142eczno\u015bciow\u0105 w czerwcu, ci\u0119\u017cko jest nie napisa\u0107 o Mistrzostwach \u015awiata w pi\u0142ce no\u017cnej. Facebook nie jest tu wyj\u0105tkiem. W\u015br\u00f3d wszystkich Stron na polskim Facebooku znaczny wzrost w zaanga\u017cowaniu odnotowa\u0142 profil Roberta Lewandowskiego oraz \u0141\u0105czy nas pi\u0142ka, plasuj\u0105c si\u0119 tym samym <a href=\"http:\/\/trends.devel.sotrender.com\/trends\/facebook\/poland\/201806\/pl_wszystkie\">w \u015bcis\u0142ej czo\u0142\u00f3wce<\/a>.\u00a0<\/span><\/p>\n<div id=\"attachment_34355\" style=\"width: 908px\" class=\"wp-caption aligncenter\"><img loading=\"lazy\" decoding=\"async\" aria-describedby=\"caption-attachment-34355\" class=\"size-full wp-image-34355\" src=\"https:\/\/www.sotrender.com\/blog\/wp-content\/uploads\/2018\/07\/polskojezyczne-zaangazowanie-czerwiec.png\" alt=\"Profile o najwi\u0119kszym zaanga\u017cowaniu w\u015br\u00f3d wszystkich profili na polskim Facebooku, czerwiec 2018\" width=\"898\" height=\"346\" srcset=\"https:\/\/www.sotrender.com\/blog\/wp-content\/uploads\/2018\/07\/polskojezyczne-zaangazowanie-czerwiec.png 898w, https:\/\/www.sotrender.com\/blog\/wp-content\/uploads\/2018\/07\/polskojezyczne-zaangazowanie-czerwiec-475x183.png 475w, https:\/\/www.sotrender.com\/blog\/wp-content\/uploads\/2018\/07\/polskojezyczne-zaangazowanie-czerwiec-768x296.png 768w\" sizes=\"(max-width: 898px) 100vw, 898px\" \/><p id=\"caption-attachment-34355\" class=\"wp-caption-text\">Profile o najwi\u0119kszym zaanga\u017cowaniu w\u015br\u00f3d wszystkich profili na polskim Facebooku, czerwiec 2018<\/p><\/div>\n<p>R\u00f3wnie\u017c najcz\u0119\u015bciej u\u017cywane <a href=\"http:\/\/trends.devel.sotrender.com\/trends\/facebook\/poland\/201806\">hashtagi<\/a> nie daj\u0105 najmniejszych w\u0105tpliwo\u015bci, czym \u017cyli\u015bmy przez wi\u0119ksz\u0105 cz\u0119\u015b\u0107 miesi\u0105ca &#8211; #misjaRosja oraz #mundial2018 u\u017cyto na samym Facebooku ponad 3300 razy.<\/p>\n<div id=\"attachment_34357\" style=\"width: 361px\" class=\"wp-caption aligncenter\"><img loading=\"lazy\" decoding=\"async\" aria-describedby=\"caption-attachment-34357\" class=\"size-full wp-image-34357\" src=\"https:\/\/www.sotrender.com\/blog\/wp-content\/uploads\/2018\/07\/hashtagi-fb-czerwiec.png\" alt=\"Najcz\u0119\u015bciej u\u017cywane hashtagi w czerwcu na Facebooku \" width=\"351\" height=\"218\" \/><p id=\"caption-attachment-34357\" class=\"wp-caption-text\">Najcz\u0119\u015bciej u\u017cywane hashtagi w czerwcu na Facebooku<\/p><\/div>\n<p>Nie tylko Robert Lewandowski, ale tak\u017ce pozostali czo\u0142owi zawodnicy naszej dru\u017cyny odnotowali kilkusetprocentowe wzrosty w zaanga\u017cowaniu <a href=\"http:\/\/trends.devel.sotrender.com\/trends\/facebook\/poland\/201806\/osoby\">w kategorii Osoby<\/a>.<\/p>\n<div id=\"attachment_34361\" style=\"width: 908px\" class=\"wp-caption aligncenter\"><img loading=\"lazy\" decoding=\"async\" aria-describedby=\"caption-attachment-34361\" class=\"size-full wp-image-34361\" src=\"https:\/\/www.sotrender.com\/blog\/wp-content\/uploads\/2018\/07\/pilkarze-zaangazowanie-czerwiec-dobre.png\" alt=\"Zaanga\u017cowanie na profilach czo\u0142owych polskich pi\u0142karzy, czerwiec 2018\" width=\"898\" height=\"288\" srcset=\"https:\/\/www.sotrender.com\/blog\/wp-content\/uploads\/2018\/07\/pilkarze-zaangazowanie-czerwiec-dobre.png 898w, https:\/\/www.sotrender.com\/blog\/wp-content\/uploads\/2018\/07\/pilkarze-zaangazowanie-czerwiec-dobre-475x152.png 475w, https:\/\/www.sotrender.com\/blog\/wp-content\/uploads\/2018\/07\/pilkarze-zaangazowanie-czerwiec-dobre-768x246.png 768w\" sizes=\"(max-width: 898px) 100vw, 898px\" \/><p id=\"caption-attachment-34361\" class=\"wp-caption-text\">Zaanga\u017cowanie na profilach czo\u0142owych polskich pi\u0142karzy, czerwiec 2018<\/p><\/div>\n<p style=\"text-align: center;\"><!--HubSpot Call-to-Action Code --><span id=\"hs-cta-wrapper-c4243256-775c-4f09-9dae-182c6d1fa4e1\" class=\"hs-cta-wrapper\"><span id=\"hs-cta-c4243256-775c-4f09-9dae-182c6d1fa4e1\" class=\"hs-cta-node hs-cta-c4243256-775c-4f09-9dae-182c6d1fa4e1\"><!-- [if lte IE 8]><\/p>\n\n\n\n\n\n<div id=\"hs-cta-ie-element\"><\/div>\n\n\n<![endif]--><a href=\"https:\/\/cta-redirect.hubspot.com\/cta\/redirect\/3842881\/c4243256-775c-4f09-9dae-182c6d1fa4e1\"><img decoding=\"async\" id=\"hs-cta-img-c4243256-775c-4f09-9dae-182c6d1fa4e1\" class=\"hs-cta-img aligncenter\" style=\"border-width: 0px;\" src=\"https:\/\/no-cache.hubspot.com\/cta\/default\/3842881\/c4243256-775c-4f09-9dae-182c6d1fa4e1.png\" alt=\"Mierz swoje dzia\u0142ania w social media!\" \/><\/a><\/span><script charset=\"utf-8\" src=\"https:\/\/js.hscta.net\/cta\/current.js\"><\/script><script type=\"text\/javascript\"> hbspt.cta.load(3842881, 'c4243256-775c-4f09-9dae-182c6d1fa4e1', {}); <\/script><\/span><!-- end HubSpot Call-to-Action Code --><\/p>\n<h2><strong>Smaki lata<\/strong><\/h2>\n<p><span style=\"font-weight: 400;\">Co nieodzownie kojarzy si\u0119 z latem? S\u0142o\u0144ce, morze\u2026 lody i zimne piwo, oczywi\u015bcie!<\/span><\/p>\n<p>Profil Big Milka <a href=\"http:\/\/trends.devel.sotrender.com\/trends\/facebook\/poland\/201806\/fmcg\">w kategorii FMCG<\/a> odnotowa\u0142 a\u017c 755% przyrostu w zaanga\u017cowaniu, awansuj\u0105c a\u017c o 115 pozycji.<\/p>\n<div id=\"attachment_34353\" style=\"width: 899px\" class=\"wp-caption aligncenter\"><img loading=\"lazy\" decoding=\"async\" aria-describedby=\"caption-attachment-34353\" class=\"size-full wp-image-34353\" src=\"https:\/\/www.sotrender.com\/blog\/wp-content\/uploads\/2018\/07\/fmcg-big-milk-czerwiec.png\" alt=\"Profile o najwi\u0119kszym zaanga\u017cowaniu na Facebooku w kategorii FMCG, czerwiec 2018\" width=\"889\" height=\"275\" srcset=\"https:\/\/www.sotrender.com\/blog\/wp-content\/uploads\/2018\/07\/fmcg-big-milk-czerwiec.png 889w, https:\/\/www.sotrender.com\/blog\/wp-content\/uploads\/2018\/07\/fmcg-big-milk-czerwiec-475x147.png 475w, https:\/\/www.sotrender.com\/blog\/wp-content\/uploads\/2018\/07\/fmcg-big-milk-czerwiec-768x238.png 768w\" sizes=\"(max-width: 889px) 100vw, 889px\" \/><p id=\"caption-attachment-34353\" class=\"wp-caption-text\">Profile o najwi\u0119kszym zaanga\u017cowaniu na Facebooku w kategorii FMCG, czerwiec 2018<\/p><\/div>\n<p><span style=\"font-weight: 400;\">Z kolei najlepsze posty miesi\u0105ca <a href=\"http:\/\/trends.devel.sotrender.com\/trends\/facebook\/poland\/201806\/fmcg\">w tej samej kategorii<\/a> nale\u017ca\u0142y do J.A. Baczewski Vodka Monopolowa, Tyskie oraz Ballantine\u2019s. <\/span><\/p>\n<div id=\"attachment_34351\" style=\"width: 888px\" class=\"wp-caption aligncenter\"><img loading=\"lazy\" decoding=\"async\" aria-describedby=\"caption-attachment-34351\" class=\"size-full wp-image-34351\" src=\"https:\/\/www.sotrender.com\/blog\/wp-content\/uploads\/2018\/07\/alkohole-najlepsze-posty-czerwiec.png\" alt=\"Najlepsze posty w kategorii Alkohole na Facebooku, czerwiec 2018\" width=\"878\" height=\"427\" srcset=\"https:\/\/www.sotrender.com\/blog\/wp-content\/uploads\/2018\/07\/alkohole-najlepsze-posty-czerwiec.png 878w, https:\/\/www.sotrender.com\/blog\/wp-content\/uploads\/2018\/07\/alkohole-najlepsze-posty-czerwiec-475x231.png 475w, https:\/\/www.sotrender.com\/blog\/wp-content\/uploads\/2018\/07\/alkohole-najlepsze-posty-czerwiec-768x374.png 768w\" sizes=\"(max-width: 878px) 100vw, 878px\" \/><p id=\"caption-attachment-34351\" class=\"wp-caption-text\">Najlepsze posty w kategorii Alkohole na Facebooku, czerwiec 2018<\/p><\/div>\n<p><span style=\"font-weight: 400;\">Co jeszcze wydarzy\u0142o si\u0119 w czerwcu na polskim Facebooku? <a href=\"https:\/\/www.sotrender.com\/trends\/facebook\/poland\/201806\">Sprawd\u017a w najnowszym wydaniu raportu Trends<\/a>! <\/span><\/p>\n","protected":false},"excerpt":{"rendered":"<p>Czerwiec na Facebooku nas nie zaskoczy\u0142 &#8211; by\u0142 zdominowany przez pi\u0142k\u0119 no\u017cn\u0105 oraz wakacyjne, letnie tematy. Marki niezwykle ch\u0119tnie wykorzystywa\u0142y mundialow\u0105 gor\u0105czk\u0119 do swoich marketingowych cel\u00f3w, g\u0142\u00f3wnie gdy jeszcze polska reprezentacja by\u0142a w grze.\u00a0Zapraszamy na czerwcowe wydanie raportu Facebook Trends!<\/p>\n","protected":false},"author":89,"featured_media":34349,"comment_status":"open","ping_status":"open","sticky":false,"template":"","format":"standard","meta":{"inline_featured_image":false,"footnotes":""},"categories":[2275,1791,1797],"tags":[2833,313,2307],"yoast_head":"<!-- This site is optimized with the Yoast SEO plugin v22.4 - https:\/\/yoast.com\/wordpress\/plugins\/seo\/ -->\n<title>Facebook Trends czerwiec 2018 - smaki lata<\/title>\n<meta name=\"description\" content=\"Czerwiec na Facebooku nas nie zaskoczy\u0142 - by\u0142 zdominowany przez pi\u0142k\u0119 no\u017cn\u0105 oraz wakacyjne, letnie tematy. Najnowszy raport Facebook Trends ju\u017c jest!\" \/>\n<meta name=\"robots\" content=\"index, follow, max-snippet:-1, max-image-preview:large, max-video-preview:-1\" \/>\n<link rel=\"canonical\" href=\"https:\/\/www.sotrender.com\/blog\/pl\/2018\/07\/facebook-trends-czerwiec-2018-smaki-lata\/\" \/>\n<meta property=\"og:locale\" content=\"pl_PL\" \/>\n<meta property=\"og:type\" content=\"article\" \/>\n<meta property=\"og:title\" content=\"Facebook Trends czerwiec 2018 - smaki lata\" \/>\n<meta property=\"og:description\" content=\"Czerwiec na Facebooku nas nie zaskoczy\u0142 - by\u0142 zdominowany przez pi\u0142k\u0119 no\u017cn\u0105 oraz wakacyjne, letnie tematy. Najnowszy raport Facebook Trends ju\u017c jest!\" \/>\n<meta property=\"og:url\" content=\"https:\/\/www.sotrender.com\/blog\/pl\/2018\/07\/facebook-trends-czerwiec-2018-smaki-lata\/\" \/>\n<meta property=\"og:site_name\" content=\"Sotrender Blog\" \/>\n<meta property=\"article:publisher\" content=\"https:\/\/www.facebook.com\/Sotrender\" \/>\n<meta property=\"article:published_time\" content=\"2018-07-16T12:25:46+00:00\" \/>\n<meta property=\"article:modified_time\" content=\"2018-07-17T06:06:59+00:00\" \/>\n<meta property=\"og:image\" content=\"https:\/\/www.sotrender.com\/blog\/wp-content\/uploads\/2018\/07\/pexels-photo-109275.jpeg\" \/>\n\t<meta property=\"og:image:width\" content=\"1280\" \/>\n\t<meta property=\"og:image:height\" content=\"838\" \/>\n\t<meta property=\"og:image:type\" content=\"image\/jpeg\" \/>\n<meta name=\"author\" content=\"Klaudia \u017by\u0142ka\" \/>\n<meta name=\"twitter:card\" content=\"summary_large_image\" \/>\n<meta name=\"twitter:creator\" content=\"@Sotrender\" \/>\n<meta name=\"twitter:site\" content=\"@Sotrender\" \/>\n<meta name=\"twitter:label1\" content=\"Written by\" \/>\n\t<meta name=\"twitter:data1\" content=\"Klaudia \u017by\u0142ka\" \/>\n\t<meta name=\"twitter:label2\" content=\"Est. reading time\" \/>\n\t<meta name=\"twitter:data2\" content=\"2 minutes\" \/>\n<script type=\"application\/ld+json\" class=\"yoast-schema-graph\">{\"@context\":\"https:\/\/schema.org\",\"@graph\":[{\"@type\":\"WebPage\",\"@id\":\"https:\/\/www.sotrender.com\/blog\/pl\/2018\/07\/facebook-trends-czerwiec-2018-smaki-lata\/\",\"url\":\"https:\/\/www.sotrender.com\/blog\/pl\/2018\/07\/facebook-trends-czerwiec-2018-smaki-lata\/\",\"name\":\"Facebook Trends czerwiec 2018 - smaki lata\",\"isPartOf\":{\"@id\":\"https:\/\/www.sotrender.com\/blog\/#website\"},\"primaryImageOfPage\":{\"@id\":\"https:\/\/www.sotrender.com\/blog\/pl\/2018\/07\/facebook-trends-czerwiec-2018-smaki-lata\/#primaryimage\"},\"image\":{\"@id\":\"https:\/\/www.sotrender.com\/blog\/pl\/2018\/07\/facebook-trends-czerwiec-2018-smaki-lata\/#primaryimage\"},\"thumbnailUrl\":\"https:\/\/www.sotrender.com\/blog\/wp-content\/uploads\/2018\/07\/pexels-photo-109275.jpeg\",\"datePublished\":\"2018-07-16T12:25:46+00:00\",\"dateModified\":\"2018-07-17T06:06:59+00:00\",\"author\":{\"@id\":\"https:\/\/www.sotrender.com\/blog\/#\/schema\/person\/038ac5e276c5d102d8cbb9c36cd43416\"},\"description\":\"Czerwiec na Facebooku nas nie zaskoczy\u0142 - by\u0142 zdominowany przez pi\u0142k\u0119 no\u017cn\u0105 oraz wakacyjne, letnie tematy. Najnowszy raport Facebook Trends ju\u017c jest!\",\"breadcrumb\":{\"@id\":\"https:\/\/www.sotrender.com\/blog\/pl\/2018\/07\/facebook-trends-czerwiec-2018-smaki-lata\/#breadcrumb\"},\"inLanguage\":\"pl-PL\",\"potentialAction\":[{\"@type\":\"ReadAction\",\"target\":[\"https:\/\/www.sotrender.com\/blog\/pl\/2018\/07\/facebook-trends-czerwiec-2018-smaki-lata\/\"]}]},{\"@type\":\"ImageObject\",\"inLanguage\":\"pl-PL\",\"@id\":\"https:\/\/www.sotrender.com\/blog\/pl\/2018\/07\/facebook-trends-czerwiec-2018-smaki-lata\/#primaryimage\",\"url\":\"https:\/\/www.sotrender.com\/blog\/wp-content\/uploads\/2018\/07\/pexels-photo-109275.jpeg\",\"contentUrl\":\"https:\/\/www.sotrender.com\/blog\/wp-content\/uploads\/2018\/07\/pexels-photo-109275.jpeg\",\"width\":1280,\"height\":838},{\"@type\":\"BreadcrumbList\",\"@id\":\"https:\/\/www.sotrender.com\/blog\/pl\/2018\/07\/facebook-trends-czerwiec-2018-smaki-lata\/#breadcrumb\",\"itemListElement\":[{\"@type\":\"ListItem\",\"position\":1,\"name\":\"Home\",\"item\":\"https:\/\/www.sotrender.com\/blog\/\"},{\"@type\":\"ListItem\",\"position\":2,\"name\":\"Facebook Trends czerwiec 2018 &#8211; smaki lata\"}]},{\"@type\":\"WebSite\",\"@id\":\"https:\/\/www.sotrender.com\/blog\/#website\",\"url\":\"https:\/\/www.sotrender.com\/blog\/\",\"name\":\"Sotrender Blog\",\"description\":\"\",\"potentialAction\":[{\"@type\":\"SearchAction\",\"target\":{\"@type\":\"EntryPoint\",\"urlTemplate\":\"https:\/\/www.sotrender.com\/blog\/?s={search_term_string}\"},\"query-input\":\"required name=search_term_string\"}],\"inLanguage\":\"pl-PL\"},{\"@type\":\"Person\",\"@id\":\"https:\/\/www.sotrender.com\/blog\/#\/schema\/person\/038ac5e276c5d102d8cbb9c36cd43416\",\"name\":\"Klaudia \u017by\u0142ka\",\"image\":{\"@type\":\"ImageObject\",\"inLanguage\":\"pl-PL\",\"@id\":\"https:\/\/www.sotrender.com\/blog\/#\/schema\/person\/image\/\",\"url\":\"https:\/\/secure.gravatar.com\/avatar\/f55d5d49ce3c448e1ffde0ab078d84cd?s=96&d=mm&r=g\",\"contentUrl\":\"https:\/\/secure.gravatar.com\/avatar\/f55d5d49ce3c448e1ffde0ab078d84cd?s=96&d=mm&r=g\",\"caption\":\"Klaudia \u017by\u0142ka\"},\"description\":\"Instagram, dogs, books and food lover. Former student at Warsaw University and Malm\u00f6 University. Improving her marketing skills every day. Proud owner of DIMAQ certificate\",\"sameAs\":[\"https:\/\/www.linkedin.com\/in\/klaudia-\u017cy\u0142ka-17527779\"],\"url\":\"https:\/\/www.sotrender.com\/blog\/pl\/author\/klaudia_yka\/\"}]}<\/script>\n<!-- \/ Yoast SEO plugin. -->","yoast_head_json":{"title":"Facebook Trends czerwiec 2018 - smaki lata","description":"Czerwiec na Facebooku nas nie zaskoczy\u0142 - by\u0142 zdominowany przez pi\u0142k\u0119 no\u017cn\u0105 oraz wakacyjne, letnie tematy. Najnowszy raport Facebook Trends ju\u017c jest!","robots":{"index":"index","follow":"follow","max-snippet":"max-snippet:-1","max-image-preview":"max-image-preview:large","max-video-preview":"max-video-preview:-1"},"canonical":"https:\/\/www.sotrender.com\/blog\/pl\/2018\/07\/facebook-trends-czerwiec-2018-smaki-lata\/","og_locale":"pl_PL","og_type":"article","og_title":"Facebook Trends czerwiec 2018 - smaki lata","og_description":"Czerwiec na Facebooku nas nie zaskoczy\u0142 - by\u0142 zdominowany przez pi\u0142k\u0119 no\u017cn\u0105 oraz wakacyjne, letnie tematy. Najnowszy raport Facebook Trends ju\u017c jest!","og_url":"https:\/\/www.sotrender.com\/blog\/pl\/2018\/07\/facebook-trends-czerwiec-2018-smaki-lata\/","og_site_name":"Sotrender Blog","article_publisher":"https:\/\/www.facebook.com\/Sotrender","article_published_time":"2018-07-16T12:25:46+00:00","article_modified_time":"2018-07-17T06:06:59+00:00","og_image":[{"width":1280,"height":838,"url":"https:\/\/www.sotrender.com\/blog\/wp-content\/uploads\/2018\/07\/pexels-photo-109275.jpeg","type":"image\/jpeg"}],"author":"Klaudia \u017by\u0142ka","twitter_card":"summary_large_image","twitter_creator":"@Sotrender","twitter_site":"@Sotrender","twitter_misc":{"Written by":"Klaudia \u017by\u0142ka","Est. reading time":"2 minutes"},"schema":{"@context":"https:\/\/schema.org","@graph":[{"@type":"WebPage","@id":"https:\/\/www.sotrender.com\/blog\/pl\/2018\/07\/facebook-trends-czerwiec-2018-smaki-lata\/","url":"https:\/\/www.sotrender.com\/blog\/pl\/2018\/07\/facebook-trends-czerwiec-2018-smaki-lata\/","name":"Facebook Trends czerwiec 2018 - smaki lata","isPartOf":{"@id":"https:\/\/www.sotrender.com\/blog\/#website"},"primaryImageOfPage":{"@id":"https:\/\/www.sotrender.com\/blog\/pl\/2018\/07\/facebook-trends-czerwiec-2018-smaki-lata\/#primaryimage"},"image":{"@id":"https:\/\/www.sotrender.com\/blog\/pl\/2018\/07\/facebook-trends-czerwiec-2018-smaki-lata\/#primaryimage"},"thumbnailUrl":"https:\/\/www.sotrender.com\/blog\/wp-content\/uploads\/2018\/07\/pexels-photo-109275.jpeg","datePublished":"2018-07-16T12:25:46+00:00","dateModified":"2018-07-17T06:06:59+00:00","author":{"@id":"https:\/\/www.sotrender.com\/blog\/#\/schema\/person\/038ac5e276c5d102d8cbb9c36cd43416"},"description":"Czerwiec na Facebooku nas nie zaskoczy\u0142 - by\u0142 zdominowany przez pi\u0142k\u0119 no\u017cn\u0105 oraz wakacyjne, letnie tematy. Najnowszy raport Facebook Trends ju\u017c jest!","breadcrumb":{"@id":"https:\/\/www.sotrender.com\/blog\/pl\/2018\/07\/facebook-trends-czerwiec-2018-smaki-lata\/#breadcrumb"},"inLanguage":"pl-PL","potentialAction":[{"@type":"ReadAction","target":["https:\/\/www.sotrender.com\/blog\/pl\/2018\/07\/facebook-trends-czerwiec-2018-smaki-lata\/"]}]},{"@type":"ImageObject","inLanguage":"pl-PL","@id":"https:\/\/www.sotrender.com\/blog\/pl\/2018\/07\/facebook-trends-czerwiec-2018-smaki-lata\/#primaryimage","url":"https:\/\/www.sotrender.com\/blog\/wp-content\/uploads\/2018\/07\/pexels-photo-109275.jpeg","contentUrl":"https:\/\/www.sotrender.com\/blog\/wp-content\/uploads\/2018\/07\/pexels-photo-109275.jpeg","width":1280,"height":838},{"@type":"BreadcrumbList","@id":"https:\/\/www.sotrender.com\/blog\/pl\/2018\/07\/facebook-trends-czerwiec-2018-smaki-lata\/#breadcrumb","itemListElement":[{"@type":"ListItem","position":1,"name":"Home","item":"https:\/\/www.sotrender.com\/blog\/"},{"@type":"ListItem","position":2,"name":"Facebook Trends czerwiec 2018 &#8211; smaki lata"}]},{"@type":"WebSite","@id":"https:\/\/www.sotrender.com\/blog\/#website","url":"https:\/\/www.sotrender.com\/blog\/","name":"Sotrender Blog","description":"","potentialAction":[{"@type":"SearchAction","target":{"@type":"EntryPoint","urlTemplate":"https:\/\/www.sotrender.com\/blog\/?s={search_term_string}"},"query-input":"required name=search_term_string"}],"inLanguage":"pl-PL"},{"@type":"Person","@id":"https:\/\/www.sotrender.com\/blog\/#\/schema\/person\/038ac5e276c5d102d8cbb9c36cd43416","name":"Klaudia \u017by\u0142ka","image":{"@type":"ImageObject","inLanguage":"pl-PL","@id":"https:\/\/www.sotrender.com\/blog\/#\/schema\/person\/image\/","url":"https:\/\/secure.gravatar.com\/avatar\/f55d5d49ce3c448e1ffde0ab078d84cd?s=96&d=mm&r=g","contentUrl":"https:\/\/secure.gravatar.com\/avatar\/f55d5d49ce3c448e1ffde0ab078d84cd?s=96&d=mm&r=g","caption":"Klaudia \u017by\u0142ka"},"description":"Instagram, dogs, books and food lover. Former student at Warsaw University and Malm\u00f6 University. Improving her marketing skills every day. Proud owner of DIMAQ certificate","sameAs":["https:\/\/www.linkedin.com\/in\/klaudia-\u017cy\u0142ka-17527779"],"url":"https:\/\/www.sotrender.com\/blog\/pl\/author\/klaudia_yka\/"}]}},"_links":{"self":[{"href":"https:\/\/www.sotrender.com\/blog\/pl\/wp-json\/wp\/v2\/posts\/34345"}],"collection":[{"href":"https:\/\/www.sotrender.com\/blog\/pl\/wp-json\/wp\/v2\/posts"}],"about":[{"href":"https:\/\/www.sotrender.com\/blog\/pl\/wp-json\/wp\/v2\/types\/post"}],"author":[{"embeddable":true,"href":"https:\/\/www.sotrender.com\/blog\/pl\/wp-json\/wp\/v2\/users\/89"}],"replies":[{"embeddable":true,"href":"https:\/\/www.sotrender.com\/blog\/pl\/wp-json\/wp\/v2\/comments?post=34345"}],"version-history":[{"count":11,"href":"https:\/\/www.sotrender.com\/blog\/pl\/wp-json\/wp\/v2\/posts\/34345\/revisions"}],"predecessor-version":[{"id":34383,"href":"https:\/\/www.sotrender.com\/blog\/pl\/wp-json\/wp\/v2\/posts\/34345\/revisions\/34383"}],"wp:featuredmedia":[{"embeddable":true,"href":"https:\/\/www.sotrender.com\/blog\/pl\/wp-json\/wp\/v2\/media\/34349"}],"wp:attachment":[{"href":"https:\/\/www.sotrender.com\/blog\/pl\/wp-json\/wp\/v2\/media?parent=34345"}],"wp:term":[{"taxonomy":"category","embeddable":true,"href":"https:\/\/www.sotrender.com\/blog\/pl\/wp-json\/wp\/v2\/categories?post=34345"},{"taxonomy":"post_tag","embeddable":true,"href":"https:\/\/www.sotrender.com\/blog\/pl\/wp-json\/wp\/v2\/tags?post=34345"}],"curies":[{"name":"wp","href":"https:\/\/api.w.org\/{rel}","templated":true}]}}