{"id":34325,"date":"2018-07-11T14:16:03","date_gmt":"2018-07-11T12:16:03","guid":{"rendered":"https:\/\/www.sotrender.com\/blog\/?p=34325\/"},"modified":"2018-07-12T11:22:26","modified_gmt":"2018-07-12T09:22:26","slug":"przeglad-tygodnia-2","status":"publish","type":"post","link":"https:\/\/www.sotrender.com\/blog\/pl\/2018\/07\/przeglad-tygodnia-2\/","title":{"rendered":"Przegl\u0105d tygodnia #2 &#8211; archiwa i porz\u0105dki"},"content":{"rendered":"<p><span style=\"font-weight: 400;\">Je\u017celi jeste\u015bcie ciekawi, jakie zmiany wprowadzi\u0142y w tym tygodniu najpopularniejsze serwisy spo\u0142eczno\u015bciowe, to zapraszamy na nasz cotygodniowy przegl\u0105d. W tym tygodniu przygl\u0105damy si\u0119 przede wszystkim porz\u0105dkom na Facebooku oraz nowym mo\u017cliwo\u015bciom segregowania Stories.<\/span><!--more--><\/p>\n<h2>Nowo\u015bci na Facebooku<\/h2>\n<p><b>Archiwum Facebook Stories<\/b><\/p>\n<div id=\"attachment_34329\" style=\"width: 493px\" class=\"wp-caption aligncenter\"><img loading=\"lazy\" decoding=\"async\" aria-describedby=\"caption-attachment-34329\" class=\"wp-image-34329 size-full\" src=\"https:\/\/www.sotrender.com\/blog\/wp-content\/uploads\/2018\/07\/przeglad-tygodnia-2.1.png\" alt=\"\" width=\"483\" height=\"467\" srcset=\"https:\/\/www.sotrender.com\/blog\/wp-content\/uploads\/2018\/07\/przeglad-tygodnia-2.1.png 483w, https:\/\/www.sotrender.com\/blog\/wp-content\/uploads\/2018\/07\/przeglad-tygodnia-2.1-475x459.png 475w\" sizes=\"(max-width: 483px) 100vw, 483px\" \/><p id=\"caption-attachment-34329\" class=\"wp-caption-text\">Gdzie znajdziesz archiwum Stories na Facebooku<\/p><\/div>\n<p><span style=\"font-weight: 400;\">Facebook podejmuje kolejne kroki w stron\u0119 unifikacji swoich opcji z Instagramem, wprowadzaj\u0105c <a href=\"https:\/\/www.socialmediatoday.com\/news\/facebook-adds-stories-archive-enabling-re-use-of-stories-posts\/527104\/\">mo\u017cliwo\u015b\u0107 archiwizacji Facebook Stories<\/a>. Tak\u0105 sam\u0105 funkcj\u0119 wprowadzi\u0142 Instagram dla swoich Stories pod koniec ubieg\u0142ego roku.<\/span><\/p>\n<div id=\"attachment_34331\" style=\"width: 662px\" class=\"wp-caption aligncenter\"><img loading=\"lazy\" decoding=\"async\" aria-describedby=\"caption-attachment-34331\" class=\"size-full wp-image-34331\" src=\"https:\/\/www.sotrender.com\/blog\/wp-content\/uploads\/2018\/07\/przegl\u0105d-tygodnia-2.2.png\" alt=\"\" width=\"652\" height=\"377\" srcset=\"https:\/\/www.sotrender.com\/blog\/wp-content\/uploads\/2018\/07\/przegl\u0105d-tygodnia-2.2.png 652w, https:\/\/www.sotrender.com\/blog\/wp-content\/uploads\/2018\/07\/przegl\u0105d-tygodnia-2.2-475x275.png 475w\" sizes=\"(max-width: 652px) 100vw, 652px\" \/><p id=\"caption-attachment-34331\" class=\"wp-caption-text\">Highlightowanie Stories na Facebooku<\/p><\/div>\n<p><span style=\"font-weight: 400;\">Dzi\u0119ki nowej funkcji wszystkie Wasze Stories b\u0119d\u0105 teraz przechowywane w archiwum, kt\u00f3re nie b\u0119dzie widoczne dla innych u\u017cytkownik\u00f3w. Umo\u017cliwi to ponowne wykorzystanie materia\u0142u. Istnieje tak\u017ce mo\u017cliwo\u015b\u0107 wy\u0142\u0105czenia tej opcji wtedy Twoje story zniknie po 24 godzinach. Co wi\u0119cej Facebook og\u0142osi\u0142 tak\u017ce funkcj\u0119 <a href=\"https:\/\/www.socialmediatoday.com\/news\/facebook-will-begin-testing-a-new-highlights-option-for-facebook-stories-co\/527385\/\">Stories Highlights<\/a>, czyli nag\u0142\u00f3wk\u00f3w s\u0142u\u017c\u0105cych do segregowania stories tak, jak ma to miejsce na Instagramie. <\/span><\/p>\n<p><b>Koniec nieu\u017cywanych aplikacji<\/b><\/p>\n<p><span style=\"font-weight: 400;\">Ze wzgl\u0119du na nisk\u0105 liczb\u0119 u\u017cytkownik\u00f3w Facebook zamyka 3 swoje aplikacje: <a href=\"https:\/\/techcrunch.com\/2014\/04\/24\/facebook-acquires-activity-tracking-app-moves\/\">Moves<\/a>, <a href=\"https:\/\/newsroom.fb.com\/news\/2018\/07\/hello-tbh-moving-on\/\">TBH<\/a> oraz Hello. Sportowa aplikacja <\/span><a href=\"https:\/\/techcrunch.com\/2014\/04\/24\/facebook-acquires-activity-tracking-app-moves\/\"><span style=\"font-weight: 400;\">Moves<\/span><\/a><span style=\"font-weight: 400;\"> powsta\u0142a w 2014 roku. Mierzy\u0142a codzienne aktywno\u015bci u\u017cytkownik\u00f3w takie jak liczba krok\u00f3w, czy kilometr\u00f3w, a tak\u017ce czas podejmowanych aktywno\u015bci fizycznych. <\/span><a href=\"https:\/\/itunes.apple.com\/us\/app\/tbh\/id1200014540?mt=8\"><span style=\"font-weight: 400;\">TBH<\/span><\/a><span style=\"font-weight: 400;\"> by\u0142a anonimow\u0105 aplikacj\u0105 spo\u0142eczno\u015bciow\u0105, kt\u00f3ra powsta\u0142a w 2017 roku dla uczni\u00f3w szk\u00f3\u0142 \u015brednich w USA. \u00a0Natomiast <\/span><a href=\"https:\/\/www.my-mobile.pl\/index.php\/2015\/04\/25\/aplikacja-hello-android\/\"><span style=\"font-weight: 400;\">Hello<\/span><\/a><span style=\"font-weight: 400;\"> pojawi\u0142a si\u0119 w 2015 roku i by\u0142a dost\u0119pna dla posiadaczy Androida w Brazylii, USA oraz Nigerii. Aplikacja umo\u017cliwia\u0142a u\u017cytkownikom \u0142\u0105czenie informacji z Facebooka z danymi kontaktowymi na ich telefonach. Facebook w swoim <\/span><a href=\"https:\/\/newsroom.fb.com\/news\/2018\/07\/hello-tbh-moving-on\/\"><span style=\"font-weight: 400;\">o\u015bwiadczeniu<\/span><\/a><span style=\"font-weight: 400;\"> poinformowa\u0142 u\u017cytkownik\u00f3w, \u017ce dane u\u017cytkownik\u00f3w wszystkich trzech aplikacji zostan\u0105 usuni\u0119te w ci\u0105gu 90 dni.<\/span><\/p>\n<p><b>Czystka na Facebooku<\/b><\/p>\n<p><span style=\"font-weight: 400;\">W zwi\u0105zku z nadu\u017cyciami standard\u00f3w spo\u0142eczno\u015bci Facebooka, platforma usun\u0119\u0142a ponad 10\u00a0000 fa\u0142szywych stron, grup i kont w Meksyku oraz ca\u0142ej Ameryce \u0141aci\u0144skiej. Usuni\u0119te tre\u015bci to w wi\u0119kszo\u015bci ataki ze wzgl\u0119du na p\u0142e\u0107, ras\u0119 oraz orientacj\u0119 seksualn\u0105. <\/span><\/p>\n<p><span style=\"font-weight: 400;\">Facebook w swoim o\u015bwiadczeniu zaznaczy\u0142 tak\u017ce, \u017ce tylko w pierwszym kwartale 2018 roku zosta\u0142o usuni\u0119tych 837 milion\u00f3w wpis\u00f3w spamowych oraz 2,5 miliona wpis\u00f3w szerz\u0105cych nienawi\u015b\u0107. Natomiast na ca\u0142ym \u015bwiecie zosta\u0142o zablokowanych 583 miliony fa\u0142szywych kont. Takie dzia\u0142ania Facebooka s\u0105 tak\u017ce wa\u017cne dla u\u017cytkownik\u00f3w platformy ze wzgl\u0119du na zbli\u017caj\u0105ce si\u0119 wybory parlamentarne w Stanach Zjednoczonych. <\/span><\/p>\n<p><span style=\"font-weight: 400;\">\u0179r\u00f3d\u0142o: <\/span><a href=\"https:\/\/newsroom.fb.com\/news\/2018\/06\/removing-bad-actors-from-facebook\/\"><span style=\"font-weight: 400;\">https:\/\/newsroom.fb.com\/news\/2018\/06\/removing-bad-actors-from-facebook\/<\/span><\/a><\/p>\n<h2><strong>Nowo\u015bci na Instagramie<\/strong><\/h2>\n<p><strong>Wiesz, \u017ce jeste\u015b na bie\u017c\u0105co<\/strong><\/p>\n<div id=\"attachment_34333\" style=\"width: 337px\" class=\"wp-caption aligncenter\"><img loading=\"lazy\" decoding=\"async\" aria-describedby=\"caption-attachment-34333\" class=\"size-full wp-image-34333\" src=\"https:\/\/www.sotrender.com\/blog\/wp-content\/uploads\/2018\/07\/przegl\u0105d-tygodnia-2.3.png\" alt=\"\" width=\"327\" height=\"585\" \/><p id=\"caption-attachment-34333\" class=\"wp-caption-text\">B\u0105d\u017a na bie\u017c\u0105co na Instagramie<\/p><\/div>\n<p><span style=\"font-weight: 400;\">Instagram <a href=\"https:\/\/instagram-press.com\/blog\/2018\/07\/02\/introducing-youre-all-caught-up-in-feed\/\">wprowadzi\u0142 nowe powiadomienie<\/a>, kt\u00f3re informuje nas o tym, czy jeste\u015bmy na bie\u017c\u0105co z postami os\u00f3b, kt\u00f3re \u015bledzimy. Nowy komunikat pokazuje si\u0119 nam podczas korzystania z aplikacji w momencie, gdy jeste\u015bmy na bie\u017c\u0105co ze wszystkimi postami z ostatnich dw\u00f3ch dni. Funkcja, dost\u0119pna zar\u00f3wno na iOS jak i na Androida, jest walk\u0105 z zarzutami jakoby Instagram ukrywa\u0142 posty u\u017cytkownik\u00f3w, o czym pisali\u015bmy <a href=\"https:\/\/www.sotrender.com\/blog\/pl\/2018\/06\/10-mitow-na-temat-dzialania-instagrama-jego-algorytmu\/\">obalaj\u0105c mity dotycz\u0105ce dzia\u0142ania tej platformy.<\/a><\/span><\/p>\n","protected":false},"excerpt":{"rendered":"<p>Je\u017celi jeste\u015bcie ciekawi, jakie zmiany wprowadzi\u0142y w tym tygodniu najpopularniejsze serwisy spo\u0142eczno\u015bciowe, to zapraszamy na nasz cotygodniowy przegl\u0105d. W tym tygodniu przygl\u0105damy si\u0119 przede wszystkim porz\u0105dkom na Facebooku oraz nowym mo\u017cliwo\u015bciom segregowania Stories.<\/p>\n","protected":false},"author":103,"featured_media":34287,"comment_status":"open","ping_status":"open","sticky":false,"template":"","format":"standard","meta":{"inline_featured_image":false,"footnotes":""},"categories":[1797,1803,2125],"tags":[17,615],"yoast_head":"<!-- This site is optimized with the Yoast SEO plugin v22.4 - https:\/\/yoast.com\/wordpress\/plugins\/seo\/ -->\n<title>Przegl\u0105d tygodnia #2 - archiwa i porz\u0105dki \u2013 Sotrender Blog \u2013 Analyze, Benchmark &amp; Report Your Social Media Performance<\/title>\n<meta name=\"description\" content=\"Je\u017celi jeste\u015bcie ciekawi, jakie zmiany wprowadzi\u0142y w tym tygodniu najpopularniejsze serwisy spo\u0142eczno\u015bciowe, to zapraszamy na nasz cotygodniowy przegl\u0105d. Social Media Marketing &amp; Analytics Blog.\" \/>\n<meta name=\"robots\" content=\"index, follow, max-snippet:-1, max-image-preview:large, max-video-preview:-1\" \/>\n<link rel=\"canonical\" href=\"https:\/\/www.sotrender.com\/blog\/pl\/2018\/07\/przeglad-tygodnia-2\/\" \/>\n<meta property=\"og:locale\" content=\"pl_PL\" \/>\n<meta property=\"og:type\" content=\"article\" \/>\n<meta property=\"og:title\" content=\"Przegl\u0105d tygodnia #2 - archiwa i porz\u0105dki \u2013 Sotrender Blog \u2013 Analyze, Benchmark &amp; Report Your Social Media Performance\" \/>\n<meta property=\"og:description\" content=\"Je\u017celi jeste\u015bcie ciekawi, jakie zmiany wprowadzi\u0142y w tym tygodniu najpopularniejsze serwisy spo\u0142eczno\u015bciowe, to zapraszamy na nasz cotygodniowy przegl\u0105d. Social Media Marketing &amp; Analytics Blog.\" \/>\n<meta property=\"og:url\" content=\"https:\/\/www.sotrender.com\/blog\/pl\/2018\/07\/przeglad-tygodnia-2\/\" \/>\n<meta property=\"og:site_name\" content=\"Sotrender Blog\" \/>\n<meta property=\"article:publisher\" content=\"https:\/\/www.facebook.com\/Sotrender\" \/>\n<meta property=\"article:author\" content=\"https:\/\/www.facebook.com\/NataliaSisik\/\" \/>\n<meta property=\"article:published_time\" content=\"2018-07-11T12:16:03+00:00\" \/>\n<meta property=\"article:modified_time\" content=\"2018-07-12T09:22:26+00:00\" \/>\n<meta property=\"og:image\" content=\"https:\/\/www.sotrender.com\/blog\/wp-content\/uploads\/2018\/07\/startup-594091_1280.jpg\" \/>\n\t<meta property=\"og:image:width\" content=\"1280\" \/>\n\t<meta property=\"og:image:height\" content=\"853\" \/>\n\t<meta property=\"og:image:type\" content=\"image\/jpeg\" \/>\n<meta name=\"author\" content=\"Natalia Sisik\" \/>\n<meta name=\"twitter:card\" content=\"summary_large_image\" \/>\n<meta name=\"twitter:creator\" content=\"@Sotrender\" \/>\n<meta name=\"twitter:site\" content=\"@Sotrender\" \/>\n<meta name=\"twitter:label1\" content=\"Written by\" \/>\n\t<meta name=\"twitter:data1\" content=\"Natalia Sisik\" \/>\n\t<meta name=\"twitter:label2\" content=\"Est. reading time\" \/>\n\t<meta name=\"twitter:data2\" content=\"3 minutes\" \/>\n<script type=\"application\/ld+json\" class=\"yoast-schema-graph\">{\"@context\":\"https:\/\/schema.org\",\"@graph\":[{\"@type\":\"WebPage\",\"@id\":\"https:\/\/www.sotrender.com\/blog\/pl\/2018\/07\/przeglad-tygodnia-2\/\",\"url\":\"https:\/\/www.sotrender.com\/blog\/pl\/2018\/07\/przeglad-tygodnia-2\/\",\"name\":\"Przegl\u0105d tygodnia #2 - archiwa i porz\u0105dki \u2013 Sotrender Blog \u2013 Analyze, Benchmark & Report Your Social Media Performance\",\"isPartOf\":{\"@id\":\"https:\/\/www.sotrender.com\/blog\/#website\"},\"primaryImageOfPage\":{\"@id\":\"https:\/\/www.sotrender.com\/blog\/pl\/2018\/07\/przeglad-tygodnia-2\/#primaryimage\"},\"image\":{\"@id\":\"https:\/\/www.sotrender.com\/blog\/pl\/2018\/07\/przeglad-tygodnia-2\/#primaryimage\"},\"thumbnailUrl\":\"https:\/\/www.sotrender.com\/blog\/wp-content\/uploads\/2018\/07\/startup-594091_1280.jpg\",\"datePublished\":\"2018-07-11T12:16:03+00:00\",\"dateModified\":\"2018-07-12T09:22:26+00:00\",\"author\":{\"@id\":\"https:\/\/www.sotrender.com\/blog\/#\/schema\/person\/08c8fc82251bb20cd7cd791b5e8bba21\"},\"description\":\"Je\u017celi jeste\u015bcie ciekawi, jakie zmiany wprowadzi\u0142y w tym tygodniu najpopularniejsze serwisy spo\u0142eczno\u015bciowe, to zapraszamy na nasz cotygodniowy przegl\u0105d. Social Media Marketing & Analytics Blog.\",\"breadcrumb\":{\"@id\":\"https:\/\/www.sotrender.com\/blog\/pl\/2018\/07\/przeglad-tygodnia-2\/#breadcrumb\"},\"inLanguage\":\"pl-PL\",\"potentialAction\":[{\"@type\":\"ReadAction\",\"target\":[\"https:\/\/www.sotrender.com\/blog\/pl\/2018\/07\/przeglad-tygodnia-2\/\"]}]},{\"@type\":\"ImageObject\",\"inLanguage\":\"pl-PL\",\"@id\":\"https:\/\/www.sotrender.com\/blog\/pl\/2018\/07\/przeglad-tygodnia-2\/#primaryimage\",\"url\":\"https:\/\/www.sotrender.com\/blog\/wp-content\/uploads\/2018\/07\/startup-594091_1280.jpg\",\"contentUrl\":\"https:\/\/www.sotrender.com\/blog\/wp-content\/uploads\/2018\/07\/startup-594091_1280.jpg\",\"width\":1280,\"height\":853},{\"@type\":\"BreadcrumbList\",\"@id\":\"https:\/\/www.sotrender.com\/blog\/pl\/2018\/07\/przeglad-tygodnia-2\/#breadcrumb\",\"itemListElement\":[{\"@type\":\"ListItem\",\"position\":1,\"name\":\"Home\",\"item\":\"https:\/\/www.sotrender.com\/blog\/\"},{\"@type\":\"ListItem\",\"position\":2,\"name\":\"Przegl\u0105d tygodnia #2 &#8211; archiwa i porz\u0105dki\"}]},{\"@type\":\"WebSite\",\"@id\":\"https:\/\/www.sotrender.com\/blog\/#website\",\"url\":\"https:\/\/www.sotrender.com\/blog\/\",\"name\":\"Sotrender Blog\",\"description\":\"\",\"potentialAction\":[{\"@type\":\"SearchAction\",\"target\":{\"@type\":\"EntryPoint\",\"urlTemplate\":\"https:\/\/www.sotrender.com\/blog\/?s={search_term_string}\"},\"query-input\":\"required name=search_term_string\"}],\"inLanguage\":\"pl-PL\"},{\"@type\":\"Person\",\"@id\":\"https:\/\/www.sotrender.com\/blog\/#\/schema\/person\/08c8fc82251bb20cd7cd791b5e8bba21\",\"name\":\"Natalia Sisik\",\"image\":{\"@type\":\"ImageObject\",\"inLanguage\":\"pl-PL\",\"@id\":\"https:\/\/www.sotrender.com\/blog\/#\/schema\/person\/image\/\",\"url\":\"https:\/\/secure.gravatar.com\/avatar\/23de9e4fa13655e63b3d71429a519da9?s=96&d=mm&r=g\",\"contentUrl\":\"https:\/\/secure.gravatar.com\/avatar\/23de9e4fa13655e63b3d71429a519da9?s=96&d=mm&r=g\",\"caption\":\"Natalia Sisik\"},\"description\":\"Singing Tiktoker ? Tik Tok 257k ? www.nataliasisik.pl\",\"sameAs\":[\"http:\/\/www.nataliasisik.pl\",\"https:\/\/www.facebook.com\/NataliaSisik\/\",\"https:\/\/www.linkedin.com\/in\/nataliasisik\/\"],\"url\":\"https:\/\/www.sotrender.com\/blog\/pl\/author\/natalia_sisik\/\"}]}<\/script>\n<!-- \/ Yoast SEO plugin. -->","yoast_head_json":{"title":"Przegl\u0105d tygodnia #2 - archiwa i porz\u0105dki \u2013 Sotrender Blog \u2013 Analyze, Benchmark & Report Your Social Media Performance","description":"Je\u017celi jeste\u015bcie ciekawi, jakie zmiany wprowadzi\u0142y w tym tygodniu najpopularniejsze serwisy spo\u0142eczno\u015bciowe, to zapraszamy na nasz cotygodniowy przegl\u0105d. Social Media Marketing & Analytics Blog.","robots":{"index":"index","follow":"follow","max-snippet":"max-snippet:-1","max-image-preview":"max-image-preview:large","max-video-preview":"max-video-preview:-1"},"canonical":"https:\/\/www.sotrender.com\/blog\/pl\/2018\/07\/przeglad-tygodnia-2\/","og_locale":"pl_PL","og_type":"article","og_title":"Przegl\u0105d tygodnia #2 - archiwa i porz\u0105dki \u2013 Sotrender Blog \u2013 Analyze, Benchmark & Report Your Social Media Performance","og_description":"Je\u017celi jeste\u015bcie ciekawi, jakie zmiany wprowadzi\u0142y w tym tygodniu najpopularniejsze serwisy spo\u0142eczno\u015bciowe, to zapraszamy na nasz cotygodniowy przegl\u0105d. Social Media Marketing & Analytics Blog.","og_url":"https:\/\/www.sotrender.com\/blog\/pl\/2018\/07\/przeglad-tygodnia-2\/","og_site_name":"Sotrender Blog","article_publisher":"https:\/\/www.facebook.com\/Sotrender","article_author":"https:\/\/www.facebook.com\/NataliaSisik\/","article_published_time":"2018-07-11T12:16:03+00:00","article_modified_time":"2018-07-12T09:22:26+00:00","og_image":[{"width":1280,"height":853,"url":"https:\/\/www.sotrender.com\/blog\/wp-content\/uploads\/2018\/07\/startup-594091_1280.jpg","type":"image\/jpeg"}],"author":"Natalia Sisik","twitter_card":"summary_large_image","twitter_creator":"@Sotrender","twitter_site":"@Sotrender","twitter_misc":{"Written by":"Natalia Sisik","Est. reading time":"3 minutes"},"schema":{"@context":"https:\/\/schema.org","@graph":[{"@type":"WebPage","@id":"https:\/\/www.sotrender.com\/blog\/pl\/2018\/07\/przeglad-tygodnia-2\/","url":"https:\/\/www.sotrender.com\/blog\/pl\/2018\/07\/przeglad-tygodnia-2\/","name":"Przegl\u0105d tygodnia #2 - archiwa i porz\u0105dki \u2013 Sotrender Blog \u2013 Analyze, Benchmark & Report Your Social Media Performance","isPartOf":{"@id":"https:\/\/www.sotrender.com\/blog\/#website"},"primaryImageOfPage":{"@id":"https:\/\/www.sotrender.com\/blog\/pl\/2018\/07\/przeglad-tygodnia-2\/#primaryimage"},"image":{"@id":"https:\/\/www.sotrender.com\/blog\/pl\/2018\/07\/przeglad-tygodnia-2\/#primaryimage"},"thumbnailUrl":"https:\/\/www.sotrender.com\/blog\/wp-content\/uploads\/2018\/07\/startup-594091_1280.jpg","datePublished":"2018-07-11T12:16:03+00:00","dateModified":"2018-07-12T09:22:26+00:00","author":{"@id":"https:\/\/www.sotrender.com\/blog\/#\/schema\/person\/08c8fc82251bb20cd7cd791b5e8bba21"},"description":"Je\u017celi jeste\u015bcie ciekawi, jakie zmiany wprowadzi\u0142y w tym tygodniu najpopularniejsze serwisy spo\u0142eczno\u015bciowe, to zapraszamy na nasz cotygodniowy przegl\u0105d. Social Media Marketing & Analytics Blog.","breadcrumb":{"@id":"https:\/\/www.sotrender.com\/blog\/pl\/2018\/07\/przeglad-tygodnia-2\/#breadcrumb"},"inLanguage":"pl-PL","potentialAction":[{"@type":"ReadAction","target":["https:\/\/www.sotrender.com\/blog\/pl\/2018\/07\/przeglad-tygodnia-2\/"]}]},{"@type":"ImageObject","inLanguage":"pl-PL","@id":"https:\/\/www.sotrender.com\/blog\/pl\/2018\/07\/przeglad-tygodnia-2\/#primaryimage","url":"https:\/\/www.sotrender.com\/blog\/wp-content\/uploads\/2018\/07\/startup-594091_1280.jpg","contentUrl":"https:\/\/www.sotrender.com\/blog\/wp-content\/uploads\/2018\/07\/startup-594091_1280.jpg","width":1280,"height":853},{"@type":"BreadcrumbList","@id":"https:\/\/www.sotrender.com\/blog\/pl\/2018\/07\/przeglad-tygodnia-2\/#breadcrumb","itemListElement":[{"@type":"ListItem","position":1,"name":"Home","item":"https:\/\/www.sotrender.com\/blog\/"},{"@type":"ListItem","position":2,"name":"Przegl\u0105d tygodnia #2 &#8211; archiwa i porz\u0105dki"}]},{"@type":"WebSite","@id":"https:\/\/www.sotrender.com\/blog\/#website","url":"https:\/\/www.sotrender.com\/blog\/","name":"Sotrender Blog","description":"","potentialAction":[{"@type":"SearchAction","target":{"@type":"EntryPoint","urlTemplate":"https:\/\/www.sotrender.com\/blog\/?s={search_term_string}"},"query-input":"required name=search_term_string"}],"inLanguage":"pl-PL"},{"@type":"Person","@id":"https:\/\/www.sotrender.com\/blog\/#\/schema\/person\/08c8fc82251bb20cd7cd791b5e8bba21","name":"Natalia Sisik","image":{"@type":"ImageObject","inLanguage":"pl-PL","@id":"https:\/\/www.sotrender.com\/blog\/#\/schema\/person\/image\/","url":"https:\/\/secure.gravatar.com\/avatar\/23de9e4fa13655e63b3d71429a519da9?s=96&d=mm&r=g","contentUrl":"https:\/\/secure.gravatar.com\/avatar\/23de9e4fa13655e63b3d71429a519da9?s=96&d=mm&r=g","caption":"Natalia Sisik"},"description":"Singing Tiktoker ? Tik Tok 257k ? www.nataliasisik.pl","sameAs":["http:\/\/www.nataliasisik.pl","https:\/\/www.facebook.com\/NataliaSisik\/","https:\/\/www.linkedin.com\/in\/nataliasisik\/"],"url":"https:\/\/www.sotrender.com\/blog\/pl\/author\/natalia_sisik\/"}]}},"_links":{"self":[{"href":"https:\/\/www.sotrender.com\/blog\/pl\/wp-json\/wp\/v2\/posts\/34325"}],"collection":[{"href":"https:\/\/www.sotrender.com\/blog\/pl\/wp-json\/wp\/v2\/posts"}],"about":[{"href":"https:\/\/www.sotrender.com\/blog\/pl\/wp-json\/wp\/v2\/types\/post"}],"author":[{"embeddable":true,"href":"https:\/\/www.sotrender.com\/blog\/pl\/wp-json\/wp\/v2\/users\/103"}],"replies":[{"embeddable":true,"href":"https:\/\/www.sotrender.com\/blog\/pl\/wp-json\/wp\/v2\/comments?post=34325"}],"version-history":[{"count":5,"href":"https:\/\/www.sotrender.com\/blog\/pl\/wp-json\/wp\/v2\/posts\/34325\/revisions"}],"predecessor-version":[{"id":34341,"href":"https:\/\/www.sotrender.com\/blog\/pl\/wp-json\/wp\/v2\/posts\/34325\/revisions\/34341"}],"wp:featuredmedia":[{"embeddable":true,"href":"https:\/\/www.sotrender.com\/blog\/pl\/wp-json\/wp\/v2\/media\/34287"}],"wp:attachment":[{"href":"https:\/\/www.sotrender.com\/blog\/pl\/wp-json\/wp\/v2\/media?parent=34325"}],"wp:term":[{"taxonomy":"category","embeddable":true,"href":"https:\/\/www.sotrender.com\/blog\/pl\/wp-json\/wp\/v2\/categories?post=34325"},{"taxonomy":"post_tag","embeddable":true,"href":"https:\/\/www.sotrender.com\/blog\/pl\/wp-json\/wp\/v2\/tags?post=34325"}],"curies":[{"name":"wp","href":"https:\/\/api.w.org\/{rel}","templated":true}]}}