{"id":34069,"date":"2018-06-25T12:05:32","date_gmt":"2018-06-25T10:05:32","guid":{"rendered":"https:\/\/www.sotrender.com\/blog\/?p=34069\/"},"modified":"2018-06-25T12:05:32","modified_gmt":"2018-06-25T10:05:32","slug":"10-pytan-klienta-sotrendera-agencja-121pr","status":"publish","type":"post","link":"https:\/\/www.sotrender.com\/blog\/pl\/2018\/06\/10-pytan-klienta-sotrendera-agencja-121pr\/","title":{"rendered":"10 pyta\u0144 do Klienta Sotrendera &#8211; Agencja 121PR"},"content":{"rendered":"<p><span style=\"font-weight: 400;\">Zastanawia\u0142e\u015b si\u0119 kiedy\u015b, czy nasze rozwi\u0105zania s\u0105 odpowiednie dla Twojej firmy? Czy b\u0119d\u0105 odpowiada\u0107 potrzebom i wyzwaniom, jakie stoj\u0105 przed Tob\u0105 ka\u017cdego dnia? Czy w og\u00f3le narz\u0119dzie do analityki social media jest tym, czego naprawd\u0119 potrzebujesz?<\/span><\/p>\n<p><!--more--><\/p>\n<p><span style=\"font-weight: 400;\">Przedstawiamy nowy cykl wpis\u00f3w na naszym blogu, w kt\u00f3rym b\u0119dziemy przedstawia\u0107 sylwetki naszych klient\u00f3w. Klient\u00f3w bardzo r\u00f3\u017cnorodnych, poniewa\u017c s\u0105 nimi zar\u00f3wno pojedyncze marki, kt\u00f3re same zarz\u0105dzaj\u0105 swoimi kana\u0142ami social media, \u015brednie oraz du\u017ce agencje, kt\u00f3re obs\u0142uguj\u0105 mi\u0119dzynarodowe korporacje, jak i domy mediowe czy agencje kreatywne. W jaki spos\u00f3b korzystaj\u0105 z naszego narz\u0119dzia w swojej codziennej pracy? Kt\u00f3re funkcje s\u0105 dla nich najbardziej przydatne? I dlaczego zdecydowali si\u0119 na korzystanie z narz\u0119dzia do analityki social media? <\/span><\/p>\n<p><span style=\"font-weight: 400;\">Poznajmy odpowiedzi, zaczynaj\u0105c od rozmowy z jednym z naszych pierwszych Klient\u00f3w\u2026 <\/span><\/p>\n<div id=\"attachment_34073\" style=\"width: 794px\" class=\"wp-caption aligncenter\"><img loading=\"lazy\" decoding=\"async\" aria-describedby=\"caption-attachment-34073\" class=\"size-full wp-image-34073\" src=\"https:\/\/www.sotrender.com\/blog\/wp-content\/uploads\/2018\/06\/121-pr-case-study.png\" alt=\"Agencja 121PR\" width=\"784\" height=\"295\" srcset=\"https:\/\/www.sotrender.com\/blog\/wp-content\/uploads\/2018\/06\/121-pr-case-study.png 784w, https:\/\/www.sotrender.com\/blog\/wp-content\/uploads\/2018\/06\/121-pr-case-study-475x179.png 475w, https:\/\/www.sotrender.com\/blog\/wp-content\/uploads\/2018\/06\/121-pr-case-study-768x289.png 768w\" sizes=\"(max-width: 784px) 100vw, 784px\" \/><p id=\"caption-attachment-34073\" class=\"wp-caption-text\">Agencja 121PR<\/p><\/div>\n<p><b>Jeste\u015bmy klientem Sotrendera od\u2026<br \/>\n<\/b><span style=\"font-weight: 400;\">Od samego pocz\u0105tku istnienia panelu! Korzystamy z rozwi\u0105za\u0144 Sotrendera, zar\u00f3wno raport\u00f3w na zam\u00f3wienie, jak i z samego narz\u0119dzia, od 2011 roku. <\/span><\/p>\n<p><b>Zdecydowali\u015bmy si\u0119 na korzystanie z Sotrendera, poniewa\u017c\u2026<br \/>\n<\/b><span style=\"font-weight: 400;\">Poszukiwali\u015bmy narz\u0119dzia, kt\u00f3re w przejrzysty i wygodny spos\u00f3b poka\u017ce statystyki\u00a0<\/span><span style=\"font-weight: 400;\">prowadzonych przez nas Stron na Facebooku, a jednocze\u015bnie b\u0119dzie bardziej przyst\u0119pne\u00a0<\/span><span style=\"font-weight: 400;\">cenowo ni\u017c rozwi\u0105zania mi\u0119dzynarodowe. Potrzebowali\u015bmy te\u017c mie\u0107 dost\u0119p do por\u00f3wnania danych z konkurencyjnymi stronami.<br \/>\n<\/span><span style=\"font-weight: 400;\">Mieli\u015bmy wcze\u015bniej okazj\u0119 pracowa\u0107 nad projektem badawczym wsp\u00f3lnie z Janem Zaj\u0105cem i\u00a0<\/span><span style=\"font-weight: 400;\">Dominikiem Batorskim i w zwi\u0105zku z tym byli\u015bmy pewni rzetelno\u015bci opracowania danych i\u00a0<\/span><span style=\"font-weight: 400;\">metodologii bada\u0144.<\/span><\/p>\n<p><b>Najbardziej ceni\u0119 w Sotrenderze\u2026<br \/>\n<\/b><span style=\"font-weight: 400;\">Jest tego naprawd\u0119 sporo! Przede wszystkim elastyczno\u015b\u0107 podej\u015bcia i dopasowanie si\u0119 do naszych potrzeb oraz zawsze natychmiastow\u0105 pomoc i mo\u017cliwo\u015b\u0107 konsultacji. Mamy dobrze dobrany pakiet do naszych potrzeb, ale cenimy tak\u017ce mo\u017cliwo\u015b\u0107 zam\u00f3wienia szeregu dodatkowych us\u0142ug poza standardowym dost\u0119pem do panelu, jak analizy Share of Voice, eksport komentarzy, dodatkowe raporty itd.<br \/>\n<\/span><span style=\"font-weight: 400;\">W lutym 2018 roku przedstawili\u015bmy <\/span><a href=\"https:\/\/www.sotrender.com\/blog\/pl\/2018\/02\/polskie-marki-kosmetyczne-w-mediach-spolecznosciowych\/\"><span style=\"font-weight: 400;\">raport z badania polskich marek kosmetycznych<\/span><\/a><span style=\"font-weight: 400;\"> na Facebooku i Instagramie, kt\u00f3re zrealizowali\u015bmy w\u0142a\u015bnie z Sotrenderem dla jednego z naszych klient\u00f3w. <\/span><\/p>\n<p><b>Najcz\u0119\u015bciej analizujemy profile na platformie\u2026 <\/b><span style=\"font-weight: 400;\">Facebook<\/span><\/p>\n<p><b>Ulubiona funkcjonalno\u015b\u0107 w aplikacji Sotrender\u2026 <\/b><span style=\"font-weight: 400;\">Por\u00f3wnanie z konkurencj\u0105<\/span><\/p>\n<p><b>3 wska\u017aniki w Sotrenderze, kt\u00f3rych nie wyobra\u017cam sobie nie sprawdzi\u0107 ka\u017cdego dnia:<\/b><\/p>\n<ol>\n<li style=\"font-weight: 400;\"><span style=\"font-weight: 400;\">Liczba zaanga\u017cowanych u\u017cytkownik\u00f3w<\/span><\/li>\n<li style=\"font-weight: 400;\"><a href=\"https:\/\/www.sotrender.com\/blog\/pl\/2017\/09\/sotrender-glosariusz\/#I\"><span style=\"font-weight: 400;\">Interactivity Index<\/span><\/a><\/li>\n<li style=\"font-weight: 400;\"><span style=\"font-weight: 400;\">Zasi\u0119g<\/span><\/li>\n<\/ol>\n<p><b>Najcz\u0119\u015bciej korzystamy z funkcji\u2026<br \/>\n<\/b><span style=\"font-weight: 400;\">Raportowania zbiorczego pod koniec miesi\u0105ca do przedstawienia klientom osi\u0105gni\u0119\u0107 Strony\u00a0<\/span><span style=\"font-weight: 400;\">na Facebooku i sprawdzenia, czy nasze za\u0142o\u017cenia si\u0119 sprawdzi\u0142y, oraz z por\u00f3wnania z konkurencj\u0105. Korzystamy tak\u017ce z tagowania tre\u015bci (<a href=\"https:\/\/www.sotrender.com\/blog\/pl\/2015\/11\/strategia-komunikacji-i-kategoryzowanie-postow\/\">strategia komunikacji<\/a>), a nast\u0119pnie ich analizy pozwalaj\u0105cej na weryfikacj\u0119 zaanga\u017cowania i zasi\u0119gu dla poszczeg\u00f3lnych kategorii (np. gam produktowych).<\/span><\/p>\n<p><b>Najwi\u0119ksza korzy\u015b\u0107 korzystania z Sotrendera to\u2026<br \/>\n<\/b><span style=\"font-weight: 400;\">Oszcz\u0119dno\u015b\u0107 czasu oraz mo\u017cliwo\u015b\u0107 przejrzystego zaprezentowania danych. <\/span><\/p>\n<p><b>Jak korzystanie z Sotrendera wp\u0142yn\u0119\u0142o na jako\u015b\u0107, efektywno\u015b\u0107 Waszych kampanii w mediach spo\u0142eczno\u015bciowych?<br \/>\n<\/b><span style=\"font-weight: 400;\">Wielokrotnie zmieniali\u015bmy dzia\u0142ania na bazie statystyk z Sotrendera na bardziej\u00a0<\/span><span style=\"font-weight: 400;\">anga\u017cuj\u0105ce. Por\u00f3wnanie z konkurencj\u0105 pozwala nam te\u017c na modyfikacj\u0119, w razie\u00a0<\/span><span style=\"font-weight: 400;\">potrzeby, strategii i plan\u00f3w dzia\u0142ania.<\/span><\/p>\n<p><b>Dzi\u0119ki monitorowaniu i analizie dzia\u0142a\u0144 konkurencji w Sotrenderze\u2026<br \/>\n<\/b><span style=\"font-weight: 400;\">Wiemy, gdzie znajduj\u0105 si\u0119 nasze marki i mo\u017cemy dostosowa\u0107 nasze dzia\u0142ania w\u00a0<\/span><span style=\"font-weight: 400;\">zale\u017cno\u015bci od ruch\u00f3w konkurencji.<\/span><\/p>\n<p><b>Polecam Sotrendera ka\u017cdemu, kto\u2026<br \/>\n<\/b><span style=\"font-weight: 400;\">Profesjonalnie zajmuje si\u0119 dzia\u0142aniami marketingowymi na Facebooku.<\/span><\/p>\n<blockquote><p><a href=\"https:\/\/www.facebook.com\/121PR\/\"><span style=\"font-weight: 400;\">121PR<\/span><\/a><span style=\"font-weight: 400;\"> to agencja social media zatrudniaj\u0105ca ok. 30 os\u00f3b i obs\u0142uguj\u0105ca klient\u00f3w takich jak np. L\u2019Or\u00e9al, Nestl\u00e9, Polpharma czy Spectrum Brands. Zajmuje si\u0119 przygotowaniem strategii, planowaniem tre\u015bci, kreacjami oraz monitoringiem i analityk\u0105 dzia\u0142a\u0144 w mediach spo\u0142eczno\u015bciowych a tak\u017ce dzia\u0142aniami Paid Social. Agencja prowadzi te\u017c wsp\u00f3\u0142prac\u0119 ze \u015brodowiskiem internetowym. <\/span><\/p><\/blockquote>\n<p style=\"text-align: center;\"><!--HubSpot Call-to-Action Code --><span id=\"hs-cta-wrapper-c4243256-775c-4f09-9dae-182c6d1fa4e1\" class=\"hs-cta-wrapper\"><span id=\"hs-cta-c4243256-775c-4f09-9dae-182c6d1fa4e1\" class=\"hs-cta-node hs-cta-c4243256-775c-4f09-9dae-182c6d1fa4e1\"><!-- [if lte IE 8]><\/p>\n\n\n\n\n\n<div id=\"hs-cta-ie-element\"><\/div>\n\n\n<![endif]--><a href=\"https:\/\/cta-redirect.hubspot.com\/cta\/redirect\/3842881\/c4243256-775c-4f09-9dae-182c6d1fa4e1\"><img decoding=\"async\" id=\"hs-cta-img-c4243256-775c-4f09-9dae-182c6d1fa4e1\" class=\"hs-cta-img aligncenter\" style=\"border-width: 0px;\" src=\"https:\/\/no-cache.hubspot.com\/cta\/default\/3842881\/c4243256-775c-4f09-9dae-182c6d1fa4e1.png\" alt=\"Mierz swoje dzia\u0142ania w social media!\" \/><\/a><\/span><script charset=\"utf-8\" src=\"https:\/\/js.hscta.net\/cta\/current.js\"><\/script><script type=\"text\/javascript\"> hbspt.cta.load(3842881, 'c4243256-775c-4f09-9dae-182c6d1fa4e1', {}); <\/script><\/span><!-- end HubSpot Call-to-Action Code --><\/p>\n","protected":false},"excerpt":{"rendered":"<p>Zastanawia\u0142e\u015b si\u0119 kiedy\u015b, czy nasze rozwi\u0105zania s\u0105 odpowiednie dla Twojej firmy? Czy b\u0119d\u0105 odpowiada\u0107 potrzebom i wyzwaniom, jakie stoj\u0105 przed Tob\u0105 ka\u017cdego dnia? Czy w og\u00f3le narz\u0119dzie do analityki social media jest tym, czego naprawd\u0119 potrzebujesz?<\/p>\n","protected":false},"author":89,"featured_media":34071,"comment_status":"open","ping_status":"open","sticky":false,"template":"","format":"standard","meta":{"inline_featured_image":false,"footnotes":""},"categories":[1795,2125,2275],"tags":[311,2811,2813],"yoast_head":"<!-- This site is optimized with the Yoast SEO plugin v22.4 - https:\/\/yoast.com\/wordpress\/plugins\/seo\/ -->\n<title>10 pyta\u0144 do Klienta Sotrendera - Agencja 121PR<\/title>\n<meta name=\"description\" content=\"Zastanawia\u0142e\u015b si\u0119 kiedy\u015b, czy nasze rozwi\u0105zania s\u0105 odpowiednie dla Twojej firmy? Czy b\u0119d\u0105 odpowiada\u0107 potrzebom, jakie stoj\u0105 przed Tob\u0105 ka\u017cdego dnia?\" \/>\n<meta name=\"robots\" content=\"index, follow, max-snippet:-1, max-image-preview:large, max-video-preview:-1\" \/>\n<link rel=\"canonical\" href=\"https:\/\/www.sotrender.com\/blog\/pl\/2018\/06\/10-pytan-klienta-sotrendera-agencja-121pr\/\" \/>\n<meta property=\"og:locale\" content=\"pl_PL\" \/>\n<meta property=\"og:type\" content=\"article\" \/>\n<meta property=\"og:title\" content=\"10 pyta\u0144 do Klienta Sotrendera - Agencja 121PR\" \/>\n<meta property=\"og:description\" content=\"Zastanawia\u0142e\u015b si\u0119 kiedy\u015b, czy nasze rozwi\u0105zania s\u0105 odpowiednie dla Twojej firmy? Czy b\u0119d\u0105 odpowiada\u0107 potrzebom, jakie stoj\u0105 przed Tob\u0105 ka\u017cdego dnia?\" \/>\n<meta property=\"og:url\" content=\"https:\/\/www.sotrender.com\/blog\/pl\/2018\/06\/10-pytan-klienta-sotrendera-agencja-121pr\/\" \/>\n<meta property=\"og:site_name\" content=\"Sotrender Blog\" \/>\n<meta property=\"article:publisher\" content=\"https:\/\/www.facebook.com\/Sotrender\" \/>\n<meta property=\"article:published_time\" content=\"2018-06-25T10:05:32+00:00\" \/>\n<meta property=\"og:image\" content=\"https:\/\/www.sotrender.com\/blog\/wp-content\/uploads\/2018\/06\/people-2567915_1280.jpg\" \/>\n\t<meta property=\"og:image:width\" content=\"1280\" \/>\n\t<meta property=\"og:image:height\" content=\"853\" \/>\n\t<meta property=\"og:image:type\" content=\"image\/jpeg\" \/>\n<meta name=\"author\" content=\"Klaudia \u017by\u0142ka\" \/>\n<meta name=\"twitter:card\" content=\"summary_large_image\" \/>\n<meta name=\"twitter:creator\" content=\"@Sotrender\" \/>\n<meta name=\"twitter:site\" content=\"@Sotrender\" \/>\n<meta name=\"twitter:label1\" content=\"Written by\" \/>\n\t<meta name=\"twitter:data1\" content=\"Klaudia \u017by\u0142ka\" \/>\n\t<meta name=\"twitter:label2\" content=\"Est. reading time\" \/>\n\t<meta name=\"twitter:data2\" content=\"3 minutes\" \/>\n<script type=\"application\/ld+json\" class=\"yoast-schema-graph\">{\"@context\":\"https:\/\/schema.org\",\"@graph\":[{\"@type\":\"WebPage\",\"@id\":\"https:\/\/www.sotrender.com\/blog\/pl\/2018\/06\/10-pytan-klienta-sotrendera-agencja-121pr\/\",\"url\":\"https:\/\/www.sotrender.com\/blog\/pl\/2018\/06\/10-pytan-klienta-sotrendera-agencja-121pr\/\",\"name\":\"10 pyta\u0144 do Klienta Sotrendera - Agencja 121PR\",\"isPartOf\":{\"@id\":\"https:\/\/www.sotrender.com\/blog\/#website\"},\"primaryImageOfPage\":{\"@id\":\"https:\/\/www.sotrender.com\/blog\/pl\/2018\/06\/10-pytan-klienta-sotrendera-agencja-121pr\/#primaryimage\"},\"image\":{\"@id\":\"https:\/\/www.sotrender.com\/blog\/pl\/2018\/06\/10-pytan-klienta-sotrendera-agencja-121pr\/#primaryimage\"},\"thumbnailUrl\":\"https:\/\/www.sotrender.com\/blog\/wp-content\/uploads\/2018\/06\/people-2567915_1280.jpg\",\"datePublished\":\"2018-06-25T10:05:32+00:00\",\"dateModified\":\"2018-06-25T10:05:32+00:00\",\"author\":{\"@id\":\"https:\/\/www.sotrender.com\/blog\/#\/schema\/person\/038ac5e276c5d102d8cbb9c36cd43416\"},\"description\":\"Zastanawia\u0142e\u015b si\u0119 kiedy\u015b, czy nasze rozwi\u0105zania s\u0105 odpowiednie dla Twojej firmy? Czy b\u0119d\u0105 odpowiada\u0107 potrzebom, jakie stoj\u0105 przed Tob\u0105 ka\u017cdego dnia?\",\"breadcrumb\":{\"@id\":\"https:\/\/www.sotrender.com\/blog\/pl\/2018\/06\/10-pytan-klienta-sotrendera-agencja-121pr\/#breadcrumb\"},\"inLanguage\":\"pl-PL\",\"potentialAction\":[{\"@type\":\"ReadAction\",\"target\":[\"https:\/\/www.sotrender.com\/blog\/pl\/2018\/06\/10-pytan-klienta-sotrendera-agencja-121pr\/\"]}]},{\"@type\":\"ImageObject\",\"inLanguage\":\"pl-PL\",\"@id\":\"https:\/\/www.sotrender.com\/blog\/pl\/2018\/06\/10-pytan-klienta-sotrendera-agencja-121pr\/#primaryimage\",\"url\":\"https:\/\/www.sotrender.com\/blog\/wp-content\/uploads\/2018\/06\/people-2567915_1280.jpg\",\"contentUrl\":\"https:\/\/www.sotrender.com\/blog\/wp-content\/uploads\/2018\/06\/people-2567915_1280.jpg\",\"width\":1280,\"height\":853},{\"@type\":\"BreadcrumbList\",\"@id\":\"https:\/\/www.sotrender.com\/blog\/pl\/2018\/06\/10-pytan-klienta-sotrendera-agencja-121pr\/#breadcrumb\",\"itemListElement\":[{\"@type\":\"ListItem\",\"position\":1,\"name\":\"Home\",\"item\":\"https:\/\/www.sotrender.com\/blog\/\"},{\"@type\":\"ListItem\",\"position\":2,\"name\":\"10 pyta\u0144 do Klienta Sotrendera &#8211; Agencja 121PR\"}]},{\"@type\":\"WebSite\",\"@id\":\"https:\/\/www.sotrender.com\/blog\/#website\",\"url\":\"https:\/\/www.sotrender.com\/blog\/\",\"name\":\"Sotrender Blog\",\"description\":\"\",\"potentialAction\":[{\"@type\":\"SearchAction\",\"target\":{\"@type\":\"EntryPoint\",\"urlTemplate\":\"https:\/\/www.sotrender.com\/blog\/?s={search_term_string}\"},\"query-input\":\"required name=search_term_string\"}],\"inLanguage\":\"pl-PL\"},{\"@type\":\"Person\",\"@id\":\"https:\/\/www.sotrender.com\/blog\/#\/schema\/person\/038ac5e276c5d102d8cbb9c36cd43416\",\"name\":\"Klaudia \u017by\u0142ka\",\"image\":{\"@type\":\"ImageObject\",\"inLanguage\":\"pl-PL\",\"@id\":\"https:\/\/www.sotrender.com\/blog\/#\/schema\/person\/image\/\",\"url\":\"https:\/\/secure.gravatar.com\/avatar\/f55d5d49ce3c448e1ffde0ab078d84cd?s=96&d=mm&r=g\",\"contentUrl\":\"https:\/\/secure.gravatar.com\/avatar\/f55d5d49ce3c448e1ffde0ab078d84cd?s=96&d=mm&r=g\",\"caption\":\"Klaudia \u017by\u0142ka\"},\"description\":\"Instagram, dogs, books and food lover. Former student at Warsaw University and Malm\u00f6 University. Improving her marketing skills every day. Proud owner of DIMAQ certificate\",\"sameAs\":[\"https:\/\/www.linkedin.com\/in\/klaudia-\u017cy\u0142ka-17527779\"],\"url\":\"https:\/\/www.sotrender.com\/blog\/pl\/author\/klaudia_yka\/\"}]}<\/script>\n<!-- \/ Yoast SEO plugin. -->","yoast_head_json":{"title":"10 pyta\u0144 do Klienta Sotrendera - Agencja 121PR","description":"Zastanawia\u0142e\u015b si\u0119 kiedy\u015b, czy nasze rozwi\u0105zania s\u0105 odpowiednie dla Twojej firmy? Czy b\u0119d\u0105 odpowiada\u0107 potrzebom, jakie stoj\u0105 przed Tob\u0105 ka\u017cdego dnia?","robots":{"index":"index","follow":"follow","max-snippet":"max-snippet:-1","max-image-preview":"max-image-preview:large","max-video-preview":"max-video-preview:-1"},"canonical":"https:\/\/www.sotrender.com\/blog\/pl\/2018\/06\/10-pytan-klienta-sotrendera-agencja-121pr\/","og_locale":"pl_PL","og_type":"article","og_title":"10 pyta\u0144 do Klienta Sotrendera - Agencja 121PR","og_description":"Zastanawia\u0142e\u015b si\u0119 kiedy\u015b, czy nasze rozwi\u0105zania s\u0105 odpowiednie dla Twojej firmy? Czy b\u0119d\u0105 odpowiada\u0107 potrzebom, jakie stoj\u0105 przed Tob\u0105 ka\u017cdego dnia?","og_url":"https:\/\/www.sotrender.com\/blog\/pl\/2018\/06\/10-pytan-klienta-sotrendera-agencja-121pr\/","og_site_name":"Sotrender Blog","article_publisher":"https:\/\/www.facebook.com\/Sotrender","article_published_time":"2018-06-25T10:05:32+00:00","og_image":[{"width":1280,"height":853,"url":"https:\/\/www.sotrender.com\/blog\/wp-content\/uploads\/2018\/06\/people-2567915_1280.jpg","type":"image\/jpeg"}],"author":"Klaudia \u017by\u0142ka","twitter_card":"summary_large_image","twitter_creator":"@Sotrender","twitter_site":"@Sotrender","twitter_misc":{"Written by":"Klaudia \u017by\u0142ka","Est. reading time":"3 minutes"},"schema":{"@context":"https:\/\/schema.org","@graph":[{"@type":"WebPage","@id":"https:\/\/www.sotrender.com\/blog\/pl\/2018\/06\/10-pytan-klienta-sotrendera-agencja-121pr\/","url":"https:\/\/www.sotrender.com\/blog\/pl\/2018\/06\/10-pytan-klienta-sotrendera-agencja-121pr\/","name":"10 pyta\u0144 do Klienta Sotrendera - Agencja 121PR","isPartOf":{"@id":"https:\/\/www.sotrender.com\/blog\/#website"},"primaryImageOfPage":{"@id":"https:\/\/www.sotrender.com\/blog\/pl\/2018\/06\/10-pytan-klienta-sotrendera-agencja-121pr\/#primaryimage"},"image":{"@id":"https:\/\/www.sotrender.com\/blog\/pl\/2018\/06\/10-pytan-klienta-sotrendera-agencja-121pr\/#primaryimage"},"thumbnailUrl":"https:\/\/www.sotrender.com\/blog\/wp-content\/uploads\/2018\/06\/people-2567915_1280.jpg","datePublished":"2018-06-25T10:05:32+00:00","dateModified":"2018-06-25T10:05:32+00:00","author":{"@id":"https:\/\/www.sotrender.com\/blog\/#\/schema\/person\/038ac5e276c5d102d8cbb9c36cd43416"},"description":"Zastanawia\u0142e\u015b si\u0119 kiedy\u015b, czy nasze rozwi\u0105zania s\u0105 odpowiednie dla Twojej firmy? Czy b\u0119d\u0105 odpowiada\u0107 potrzebom, jakie stoj\u0105 przed Tob\u0105 ka\u017cdego dnia?","breadcrumb":{"@id":"https:\/\/www.sotrender.com\/blog\/pl\/2018\/06\/10-pytan-klienta-sotrendera-agencja-121pr\/#breadcrumb"},"inLanguage":"pl-PL","potentialAction":[{"@type":"ReadAction","target":["https:\/\/www.sotrender.com\/blog\/pl\/2018\/06\/10-pytan-klienta-sotrendera-agencja-121pr\/"]}]},{"@type":"ImageObject","inLanguage":"pl-PL","@id":"https:\/\/www.sotrender.com\/blog\/pl\/2018\/06\/10-pytan-klienta-sotrendera-agencja-121pr\/#primaryimage","url":"https:\/\/www.sotrender.com\/blog\/wp-content\/uploads\/2018\/06\/people-2567915_1280.jpg","contentUrl":"https:\/\/www.sotrender.com\/blog\/wp-content\/uploads\/2018\/06\/people-2567915_1280.jpg","width":1280,"height":853},{"@type":"BreadcrumbList","@id":"https:\/\/www.sotrender.com\/blog\/pl\/2018\/06\/10-pytan-klienta-sotrendera-agencja-121pr\/#breadcrumb","itemListElement":[{"@type":"ListItem","position":1,"name":"Home","item":"https:\/\/www.sotrender.com\/blog\/"},{"@type":"ListItem","position":2,"name":"10 pyta\u0144 do Klienta Sotrendera &#8211; Agencja 121PR"}]},{"@type":"WebSite","@id":"https:\/\/www.sotrender.com\/blog\/#website","url":"https:\/\/www.sotrender.com\/blog\/","name":"Sotrender Blog","description":"","potentialAction":[{"@type":"SearchAction","target":{"@type":"EntryPoint","urlTemplate":"https:\/\/www.sotrender.com\/blog\/?s={search_term_string}"},"query-input":"required name=search_term_string"}],"inLanguage":"pl-PL"},{"@type":"Person","@id":"https:\/\/www.sotrender.com\/blog\/#\/schema\/person\/038ac5e276c5d102d8cbb9c36cd43416","name":"Klaudia \u017by\u0142ka","image":{"@type":"ImageObject","inLanguage":"pl-PL","@id":"https:\/\/www.sotrender.com\/blog\/#\/schema\/person\/image\/","url":"https:\/\/secure.gravatar.com\/avatar\/f55d5d49ce3c448e1ffde0ab078d84cd?s=96&d=mm&r=g","contentUrl":"https:\/\/secure.gravatar.com\/avatar\/f55d5d49ce3c448e1ffde0ab078d84cd?s=96&d=mm&r=g","caption":"Klaudia \u017by\u0142ka"},"description":"Instagram, dogs, books and food lover. Former student at Warsaw University and Malm\u00f6 University. Improving her marketing skills every day. Proud owner of DIMAQ certificate","sameAs":["https:\/\/www.linkedin.com\/in\/klaudia-\u017cy\u0142ka-17527779"],"url":"https:\/\/www.sotrender.com\/blog\/pl\/author\/klaudia_yka\/"}]}},"_links":{"self":[{"href":"https:\/\/www.sotrender.com\/blog\/pl\/wp-json\/wp\/v2\/posts\/34069"}],"collection":[{"href":"https:\/\/www.sotrender.com\/blog\/pl\/wp-json\/wp\/v2\/posts"}],"about":[{"href":"https:\/\/www.sotrender.com\/blog\/pl\/wp-json\/wp\/v2\/types\/post"}],"author":[{"embeddable":true,"href":"https:\/\/www.sotrender.com\/blog\/pl\/wp-json\/wp\/v2\/users\/89"}],"replies":[{"embeddable":true,"href":"https:\/\/www.sotrender.com\/blog\/pl\/wp-json\/wp\/v2\/comments?post=34069"}],"version-history":[{"count":11,"href":"https:\/\/www.sotrender.com\/blog\/pl\/wp-json\/wp\/v2\/posts\/34069\/revisions"}],"predecessor-version":[{"id":34095,"href":"https:\/\/www.sotrender.com\/blog\/pl\/wp-json\/wp\/v2\/posts\/34069\/revisions\/34095"}],"wp:featuredmedia":[{"embeddable":true,"href":"https:\/\/www.sotrender.com\/blog\/pl\/wp-json\/wp\/v2\/media\/34071"}],"wp:attachment":[{"href":"https:\/\/www.sotrender.com\/blog\/pl\/wp-json\/wp\/v2\/media?parent=34069"}],"wp:term":[{"taxonomy":"category","embeddable":true,"href":"https:\/\/www.sotrender.com\/blog\/pl\/wp-json\/wp\/v2\/categories?post=34069"},{"taxonomy":"post_tag","embeddable":true,"href":"https:\/\/www.sotrender.com\/blog\/pl\/wp-json\/wp\/v2\/tags?post=34069"}],"curies":[{"name":"wp","href":"https:\/\/api.w.org\/{rel}","templated":true}]}}