{"id":34053,"date":"2018-06-21T13:46:14","date_gmt":"2018-06-21T11:46:14","guid":{"rendered":"https:\/\/www.sotrender.com\/blog\/?p=34053\/"},"modified":"2018-07-03T11:29:15","modified_gmt":"2018-07-03T09:29:15","slug":"igtv-nowa-funkcja-instagram","status":"publish","type":"post","link":"https:\/\/www.sotrender.com\/blog\/pl\/2018\/06\/igtv-nowa-funkcja-instagram\/","title":{"rendered":"Instagram rzuca wyzwanie YouTube\u2019owi now\u0105 funkcj\u0105 IGTV"},"content":{"rendered":"<p>Instagram uruchomi\u0142 wczoraj now\u0105 funkcj\u0119, IGTV, kt\u00f3ra pozwala na stworzenie w\u0142asnego kana\u0142u wideo. U\u017cytkownicy mog\u0105 publikowa\u0107 tam filmy trwaj\u0105ce od 15 sekund do 60 minut*. Czego mo\u017cna si\u0119 po niej spodziewa\u0107 i jakie tre\u015bci mo\u017cna w niej publikowa\u0107?<\/p>\n<p><!--more--><\/p>\n<p>IGTV dla wi\u0119kszo\u015bci u\u017cytkownik\u00f3w jest ju\u017c dost\u0119pna jako samodzielna aplikacja zar\u00f3wno na iOS jak i Androida. Jednak sama us\u0142uga znajduje si\u0119 r\u00f3wnie\u017c w aplikacji Instagrama (po jej zaktualizowaniu). W przeciwie\u0144stwie do YouTube\u2019a, na IGTV mo\u017cemy dodawa\u0107 jedynie filmy wertykalne (czyli tak, jak najcz\u0119\u015bciej ogl\u0105da si\u0119 wideo na smartfonach). U\u017cytkownicy IGTV mog\u0105 \u201cserduszkowa\u0107\u201d i komentowa\u0107 wideo, a tak\u017ce przesy\u0142a\u0107 je swoim znajomym. Us\u0142uga daje tak\u017ce mo\u017cliwo\u015b\u0107 skopiowania linku i odtworzenia filmu na komputerze.<\/p>\n<p><em>* Wszyscy u\u017cytkownicy Instagrama mog\u0105 publikowa\u0107 materia\u0142y trwaj\u0105ce od 15 sekund do 10 minut. Jedynie konta zweryfikowane maj\u0105 mo\u017cliwo\u015b\u0107 publikacji wideo o d\u0142ugo\u015bci do 60 minut.\u00a0<\/em><\/p>\n<h2>Jak stworzy\u0107 kana\u0142 na IGTV?<\/h2>\n<p>Aby utworzy\u0107 kana\u0142 w IGTV, nale\u017cy \u015bci\u0105gn\u0105\u0107 aplikacj\u0119 IGTV lub zaktualizowa\u0107 aplikacj\u0119 Instagrama, a po otwarciu klikn\u0105\u0107 w ikonk\u0119 telewizora w prawym g\u00f3rnym roku.<\/p>\n<div id=\"attachment_34055\" style=\"width: 528px\" class=\"wp-caption aligncenter\"><img loading=\"lazy\" decoding=\"async\" aria-describedby=\"caption-attachment-34055\" class=\" wp-image-34055\" src=\"https:\/\/www.sotrender.com\/blog\/wp-content\/uploads\/2018\/06\/IGTV-1.png\" alt=\"Jak znale\u017a\u0107 ikon\u0119 IGTV\" width=\"518\" height=\"921\" srcset=\"https:\/\/www.sotrender.com\/blog\/wp-content\/uploads\/2018\/06\/IGTV-1.png 637w, https:\/\/www.sotrender.com\/blog\/wp-content\/uploads\/2018\/06\/IGTV-1-475x845.png 475w\" sizes=\"(max-width: 518px) 100vw, 518px\" \/><p id=\"caption-attachment-34055\" class=\"wp-caption-text\">Jak znale\u017a\u0107 ikon\u0119 IGTV<\/p><\/div>\n<p>Po przej\u015bciu do us\u0142ugi, nale\u017cy klikn\u0105\u0107 w ko\u0142o z\u0119bate, a nast\u0119pnie wybra\u0107 opcj\u0119 Utw\u00f3rz kana\u0142. Gdy to zrobimy zostanie utworzony kana\u0142 na podstawie danych u\u017cywanego konta na Instagramie.<\/p>\n<div id=\"attachment_34057\" style=\"width: 1284px\" class=\"wp-caption aligncenter\"><img loading=\"lazy\" decoding=\"async\" aria-describedby=\"caption-attachment-34057\" class=\"size-full wp-image-34057\" src=\"https:\/\/www.sotrender.com\/blog\/wp-content\/uploads\/2018\/06\/IGTV2.png\" alt=\"Tworzenie w\u0142asnego kana\u0142u na IGTV\" width=\"1274\" height=\"1187\" srcset=\"https:\/\/www.sotrender.com\/blog\/wp-content\/uploads\/2018\/06\/IGTV2.png 1274w, https:\/\/www.sotrender.com\/blog\/wp-content\/uploads\/2018\/06\/IGTV2-475x443.png 475w, https:\/\/www.sotrender.com\/blog\/wp-content\/uploads\/2018\/06\/IGTV2-768x716.png 768w, https:\/\/www.sotrender.com\/blog\/wp-content\/uploads\/2018\/06\/IGTV2-950x885.png 950w\" sizes=\"(max-width: 1274px) 100vw, 1274px\" \/><p id=\"caption-attachment-34057\" class=\"wp-caption-text\">Tworzenie w\u0142asnego kana\u0142u na IGTV<\/p><\/div>\n<p>Utworzony kana\u0142 pojawi si\u0119 w g\u0142\u00f3wnym widoku profilu, a gdy u\u017cytkownik obserwuje konta maj\u0105cych swoje kana\u0142y w IGTV, powiadomienia o nowych filmach pojawi\u0105 si\u0119 w nowej sekcji obok ikonki skrzynki odbiorczej.<\/p>\n<div id=\"attachment_34059\" style=\"width: 591px\" class=\"wp-caption aligncenter\"><img loading=\"lazy\" decoding=\"async\" aria-describedby=\"caption-attachment-34059\" class=\"size-full wp-image-34059\" src=\"https:\/\/www.sotrender.com\/blog\/wp-content\/uploads\/2018\/06\/IGTV3.png\" alt=\"A tu znajdziecie ikonk\u0119 IGTV na kanale\" width=\"581\" height=\"1033\" srcset=\"https:\/\/www.sotrender.com\/blog\/wp-content\/uploads\/2018\/06\/IGTV3.png 581w, https:\/\/www.sotrender.com\/blog\/wp-content\/uploads\/2018\/06\/IGTV3-475x845.png 475w\" sizes=\"(max-width: 581px) 100vw, 581px\" \/><p id=\"caption-attachment-34059\" class=\"wp-caption-text\">A tu znajdziecie ikonk\u0119 IGTV na profilu<\/p><\/div>\n<h2>Jaka przysz\u0142o\u015b\u0107 czeka Instagrama?<\/h2>\n<p>Od wczoraj wiemy tak\u017ce, ilu u\u017cytkownik\u00f3w cho\u0107 raz w miesi\u0105cu korzysta z Instagrama. Jest ich miliard, jedna si\u00f3dma ludzko\u015bci.. Podobnie jak YouTube, na Instagramie obecni s\u0105 tw\u00f3rcy obserwowani przez setki tysi\u0119cy u\u017cytkownik\u00f3w. Do tej pory jednak nie mieli oni zbyt du\u017cego wyboru w przypadku tre\u015bci wideo. Na IGTV nie znajdziemy reklam, co r\u00f3wnie\u017c odr\u00f3\u017cnia t\u0119 platform\u0119 od YouTube\u2019a. Przynajmniej na razie, bo CEO Instagrama, Kevin Systorm, zapowiedzia\u0142, \u017ce istniej\u0105 plany monetyzacji contentu tw\u00f3rc\u00f3w.<\/p>\n<p>Chocia\u017c popularno\u015b\u0107 Instagrama jest ogromna, to wed\u0142ug Pew Research Center YouTube pozostaje najpopularniejsz\u0105 aplikacj\u0105 w\u015br\u00f3d ameryka\u0144skich nastolatk\u00f3w. Dlatego p\u00f3ki co, YouTube nie ma silnej konkurencji, o kt\u00f3r\u0105 m\u00f3g\u0142by si\u0119 martwi\u0107, r\u00f3wnie\u017c z powodu spadku popularno\u015bci Facebooka w tej grupie wiekowej. IGTV wygl\u0105da na pr\u00f3b\u0119 zatrzymania nastolatk\u00f3w w ekosystemie giganta z Menlo Park. Czy skutecznie? Przekonamy si\u0119 o tym w najbli\u017cszej przysz\u0142o\u015bci.<\/p>\n","protected":false},"excerpt":{"rendered":"<p>Instagram uruchomi\u0142 wczoraj now\u0105 funkcj\u0119, IGTV, kt\u00f3ra pozwala na stworzenie w\u0142asnego kana\u0142u wideo. U\u017cytkownicy mog\u0105 publikowa\u0107 tam filmy trwaj\u0105ce od 15 sekund do 60 minut*. Czego mo\u017cna si\u0119 po niej spodziewa\u0107 i jakie tre\u015bci mo\u017cna w niej publikowa\u0107?<\/p>\n","protected":false},"author":103,"featured_media":34061,"comment_status":"open","ping_status":"open","sticky":false,"template":"","format":"standard","meta":{"inline_featured_image":false,"footnotes":""},"categories":[1793,1803,2125],"tags":[],"yoast_head":"<!-- This site is optimized with the Yoast SEO plugin v22.4 - https:\/\/yoast.com\/wordpress\/plugins\/seo\/ -->\n<title>IGTV - pogromca YouTube&#039;a?<\/title>\n<meta name=\"description\" content=\"IGTV to nowa funkcja Instagrama umo\u017cliwia za\u0142o\u017cenie w\u0142asnego kana\u0142u wideo. Kto mo\u017ce z niej skorzysta\u0107 i jaka przysz\u0142o\u015b\u0107 czeka wideo w Internecie?\" \/>\n<meta name=\"robots\" content=\"index, follow, max-snippet:-1, max-image-preview:large, max-video-preview:-1\" \/>\n<link rel=\"canonical\" href=\"https:\/\/www.sotrender.com\/blog\/pl\/2018\/06\/igtv-nowa-funkcja-instagram\/\" \/>\n<meta property=\"og:locale\" content=\"pl_PL\" \/>\n<meta property=\"og:type\" content=\"article\" \/>\n<meta property=\"og:title\" content=\"IGTV - pogromca YouTube&#039;a?\" \/>\n<meta property=\"og:description\" content=\"IGTV to nowa funkcja Instagrama umo\u017cliwia za\u0142o\u017cenie w\u0142asnego kana\u0142u wideo. Kto mo\u017ce z niej skorzysta\u0107 i jaka przysz\u0142o\u015b\u0107 czeka wideo w Internecie?\" \/>\n<meta property=\"og:url\" content=\"https:\/\/www.sotrender.com\/blog\/pl\/2018\/06\/igtv-nowa-funkcja-instagram\/\" \/>\n<meta property=\"og:site_name\" content=\"Sotrender Blog\" \/>\n<meta property=\"article:publisher\" content=\"https:\/\/www.facebook.com\/Sotrender\" \/>\n<meta property=\"article:author\" content=\"https:\/\/www.facebook.com\/NataliaSisik\/\" \/>\n<meta property=\"article:published_time\" content=\"2018-06-21T11:46:14+00:00\" \/>\n<meta property=\"article:modified_time\" content=\"2018-07-03T09:29:15+00:00\" \/>\n<meta property=\"og:image\" content=\"https:\/\/www.sotrender.com\/blog\/wp-content\/uploads\/2018\/06\/IGTV.jpg\" \/>\n\t<meta property=\"og:image:width\" content=\"800\" \/>\n\t<meta property=\"og:image:height\" content=\"533\" \/>\n\t<meta property=\"og:image:type\" content=\"image\/jpeg\" \/>\n<meta name=\"author\" content=\"Natalia Sisik\" \/>\n<meta name=\"twitter:card\" content=\"summary_large_image\" \/>\n<meta name=\"twitter:creator\" content=\"@Sotrender\" \/>\n<meta name=\"twitter:site\" content=\"@Sotrender\" \/>\n<meta name=\"twitter:label1\" content=\"Written by\" \/>\n\t<meta name=\"twitter:data1\" content=\"Natalia Sisik\" \/>\n\t<meta name=\"twitter:label2\" content=\"Est. reading time\" \/>\n\t<meta name=\"twitter:data2\" content=\"2 minutes\" \/>\n<script type=\"application\/ld+json\" class=\"yoast-schema-graph\">{\"@context\":\"https:\/\/schema.org\",\"@graph\":[{\"@type\":\"WebPage\",\"@id\":\"https:\/\/www.sotrender.com\/blog\/pl\/2018\/06\/igtv-nowa-funkcja-instagram\/\",\"url\":\"https:\/\/www.sotrender.com\/blog\/pl\/2018\/06\/igtv-nowa-funkcja-instagram\/\",\"name\":\"IGTV - pogromca YouTube'a?\",\"isPartOf\":{\"@id\":\"https:\/\/www.sotrender.com\/blog\/#website\"},\"primaryImageOfPage\":{\"@id\":\"https:\/\/www.sotrender.com\/blog\/pl\/2018\/06\/igtv-nowa-funkcja-instagram\/#primaryimage\"},\"image\":{\"@id\":\"https:\/\/www.sotrender.com\/blog\/pl\/2018\/06\/igtv-nowa-funkcja-instagram\/#primaryimage\"},\"thumbnailUrl\":\"https:\/\/www.sotrender.com\/blog\/wp-content\/uploads\/2018\/06\/IGTV.jpg\",\"datePublished\":\"2018-06-21T11:46:14+00:00\",\"dateModified\":\"2018-07-03T09:29:15+00:00\",\"author\":{\"@id\":\"https:\/\/www.sotrender.com\/blog\/#\/schema\/person\/08c8fc82251bb20cd7cd791b5e8bba21\"},\"description\":\"IGTV to nowa funkcja Instagrama umo\u017cliwia za\u0142o\u017cenie w\u0142asnego kana\u0142u wideo. Kto mo\u017ce z niej skorzysta\u0107 i jaka przysz\u0142o\u015b\u0107 czeka wideo w Internecie?\",\"breadcrumb\":{\"@id\":\"https:\/\/www.sotrender.com\/blog\/pl\/2018\/06\/igtv-nowa-funkcja-instagram\/#breadcrumb\"},\"inLanguage\":\"pl-PL\",\"potentialAction\":[{\"@type\":\"ReadAction\",\"target\":[\"https:\/\/www.sotrender.com\/blog\/pl\/2018\/06\/igtv-nowa-funkcja-instagram\/\"]}]},{\"@type\":\"ImageObject\",\"inLanguage\":\"pl-PL\",\"@id\":\"https:\/\/www.sotrender.com\/blog\/pl\/2018\/06\/igtv-nowa-funkcja-instagram\/#primaryimage\",\"url\":\"https:\/\/www.sotrender.com\/blog\/wp-content\/uploads\/2018\/06\/IGTV.jpg\",\"contentUrl\":\"https:\/\/www.sotrender.com\/blog\/wp-content\/uploads\/2018\/06\/IGTV.jpg\",\"width\":800,\"height\":533},{\"@type\":\"BreadcrumbList\",\"@id\":\"https:\/\/www.sotrender.com\/blog\/pl\/2018\/06\/igtv-nowa-funkcja-instagram\/#breadcrumb\",\"itemListElement\":[{\"@type\":\"ListItem\",\"position\":1,\"name\":\"Home\",\"item\":\"https:\/\/www.sotrender.com\/blog\/\"},{\"@type\":\"ListItem\",\"position\":2,\"name\":\"Instagram rzuca wyzwanie YouTube\u2019owi now\u0105 funkcj\u0105 IGTV\"}]},{\"@type\":\"WebSite\",\"@id\":\"https:\/\/www.sotrender.com\/blog\/#website\",\"url\":\"https:\/\/www.sotrender.com\/blog\/\",\"name\":\"Sotrender Blog\",\"description\":\"\",\"potentialAction\":[{\"@type\":\"SearchAction\",\"target\":{\"@type\":\"EntryPoint\",\"urlTemplate\":\"https:\/\/www.sotrender.com\/blog\/?s={search_term_string}\"},\"query-input\":\"required name=search_term_string\"}],\"inLanguage\":\"pl-PL\"},{\"@type\":\"Person\",\"@id\":\"https:\/\/www.sotrender.com\/blog\/#\/schema\/person\/08c8fc82251bb20cd7cd791b5e8bba21\",\"name\":\"Natalia Sisik\",\"image\":{\"@type\":\"ImageObject\",\"inLanguage\":\"pl-PL\",\"@id\":\"https:\/\/www.sotrender.com\/blog\/#\/schema\/person\/image\/\",\"url\":\"https:\/\/secure.gravatar.com\/avatar\/23de9e4fa13655e63b3d71429a519da9?s=96&d=mm&r=g\",\"contentUrl\":\"https:\/\/secure.gravatar.com\/avatar\/23de9e4fa13655e63b3d71429a519da9?s=96&d=mm&r=g\",\"caption\":\"Natalia Sisik\"},\"description\":\"Singing Tiktoker ? Tik Tok 257k ? www.nataliasisik.pl\",\"sameAs\":[\"http:\/\/www.nataliasisik.pl\",\"https:\/\/www.facebook.com\/NataliaSisik\/\",\"https:\/\/www.linkedin.com\/in\/nataliasisik\/\"],\"url\":\"https:\/\/www.sotrender.com\/blog\/pl\/author\/natalia_sisik\/\"}]}<\/script>\n<!-- \/ Yoast SEO plugin. -->","yoast_head_json":{"title":"IGTV - pogromca YouTube'a?","description":"IGTV to nowa funkcja Instagrama umo\u017cliwia za\u0142o\u017cenie w\u0142asnego kana\u0142u wideo. Kto mo\u017ce z niej skorzysta\u0107 i jaka przysz\u0142o\u015b\u0107 czeka wideo w Internecie?","robots":{"index":"index","follow":"follow","max-snippet":"max-snippet:-1","max-image-preview":"max-image-preview:large","max-video-preview":"max-video-preview:-1"},"canonical":"https:\/\/www.sotrender.com\/blog\/pl\/2018\/06\/igtv-nowa-funkcja-instagram\/","og_locale":"pl_PL","og_type":"article","og_title":"IGTV - pogromca YouTube'a?","og_description":"IGTV to nowa funkcja Instagrama umo\u017cliwia za\u0142o\u017cenie w\u0142asnego kana\u0142u wideo. Kto mo\u017ce z niej skorzysta\u0107 i jaka przysz\u0142o\u015b\u0107 czeka wideo w Internecie?","og_url":"https:\/\/www.sotrender.com\/blog\/pl\/2018\/06\/igtv-nowa-funkcja-instagram\/","og_site_name":"Sotrender Blog","article_publisher":"https:\/\/www.facebook.com\/Sotrender","article_author":"https:\/\/www.facebook.com\/NataliaSisik\/","article_published_time":"2018-06-21T11:46:14+00:00","article_modified_time":"2018-07-03T09:29:15+00:00","og_image":[{"width":800,"height":533,"url":"https:\/\/www.sotrender.com\/blog\/wp-content\/uploads\/2018\/06\/IGTV.jpg","type":"image\/jpeg"}],"author":"Natalia Sisik","twitter_card":"summary_large_image","twitter_creator":"@Sotrender","twitter_site":"@Sotrender","twitter_misc":{"Written by":"Natalia Sisik","Est. reading time":"2 minutes"},"schema":{"@context":"https:\/\/schema.org","@graph":[{"@type":"WebPage","@id":"https:\/\/www.sotrender.com\/blog\/pl\/2018\/06\/igtv-nowa-funkcja-instagram\/","url":"https:\/\/www.sotrender.com\/blog\/pl\/2018\/06\/igtv-nowa-funkcja-instagram\/","name":"IGTV - pogromca YouTube'a?","isPartOf":{"@id":"https:\/\/www.sotrender.com\/blog\/#website"},"primaryImageOfPage":{"@id":"https:\/\/www.sotrender.com\/blog\/pl\/2018\/06\/igtv-nowa-funkcja-instagram\/#primaryimage"},"image":{"@id":"https:\/\/www.sotrender.com\/blog\/pl\/2018\/06\/igtv-nowa-funkcja-instagram\/#primaryimage"},"thumbnailUrl":"https:\/\/www.sotrender.com\/blog\/wp-content\/uploads\/2018\/06\/IGTV.jpg","datePublished":"2018-06-21T11:46:14+00:00","dateModified":"2018-07-03T09:29:15+00:00","author":{"@id":"https:\/\/www.sotrender.com\/blog\/#\/schema\/person\/08c8fc82251bb20cd7cd791b5e8bba21"},"description":"IGTV to nowa funkcja Instagrama umo\u017cliwia za\u0142o\u017cenie w\u0142asnego kana\u0142u wideo. Kto mo\u017ce z niej skorzysta\u0107 i jaka przysz\u0142o\u015b\u0107 czeka wideo w Internecie?","breadcrumb":{"@id":"https:\/\/www.sotrender.com\/blog\/pl\/2018\/06\/igtv-nowa-funkcja-instagram\/#breadcrumb"},"inLanguage":"pl-PL","potentialAction":[{"@type":"ReadAction","target":["https:\/\/www.sotrender.com\/blog\/pl\/2018\/06\/igtv-nowa-funkcja-instagram\/"]}]},{"@type":"ImageObject","inLanguage":"pl-PL","@id":"https:\/\/www.sotrender.com\/blog\/pl\/2018\/06\/igtv-nowa-funkcja-instagram\/#primaryimage","url":"https:\/\/www.sotrender.com\/blog\/wp-content\/uploads\/2018\/06\/IGTV.jpg","contentUrl":"https:\/\/www.sotrender.com\/blog\/wp-content\/uploads\/2018\/06\/IGTV.jpg","width":800,"height":533},{"@type":"BreadcrumbList","@id":"https:\/\/www.sotrender.com\/blog\/pl\/2018\/06\/igtv-nowa-funkcja-instagram\/#breadcrumb","itemListElement":[{"@type":"ListItem","position":1,"name":"Home","item":"https:\/\/www.sotrender.com\/blog\/"},{"@type":"ListItem","position":2,"name":"Instagram rzuca wyzwanie YouTube\u2019owi now\u0105 funkcj\u0105 IGTV"}]},{"@type":"WebSite","@id":"https:\/\/www.sotrender.com\/blog\/#website","url":"https:\/\/www.sotrender.com\/blog\/","name":"Sotrender Blog","description":"","potentialAction":[{"@type":"SearchAction","target":{"@type":"EntryPoint","urlTemplate":"https:\/\/www.sotrender.com\/blog\/?s={search_term_string}"},"query-input":"required name=search_term_string"}],"inLanguage":"pl-PL"},{"@type":"Person","@id":"https:\/\/www.sotrender.com\/blog\/#\/schema\/person\/08c8fc82251bb20cd7cd791b5e8bba21","name":"Natalia Sisik","image":{"@type":"ImageObject","inLanguage":"pl-PL","@id":"https:\/\/www.sotrender.com\/blog\/#\/schema\/person\/image\/","url":"https:\/\/secure.gravatar.com\/avatar\/23de9e4fa13655e63b3d71429a519da9?s=96&d=mm&r=g","contentUrl":"https:\/\/secure.gravatar.com\/avatar\/23de9e4fa13655e63b3d71429a519da9?s=96&d=mm&r=g","caption":"Natalia Sisik"},"description":"Singing Tiktoker ? Tik Tok 257k ? www.nataliasisik.pl","sameAs":["http:\/\/www.nataliasisik.pl","https:\/\/www.facebook.com\/NataliaSisik\/","https:\/\/www.linkedin.com\/in\/nataliasisik\/"],"url":"https:\/\/www.sotrender.com\/blog\/pl\/author\/natalia_sisik\/"}]}},"_links":{"self":[{"href":"https:\/\/www.sotrender.com\/blog\/pl\/wp-json\/wp\/v2\/posts\/34053"}],"collection":[{"href":"https:\/\/www.sotrender.com\/blog\/pl\/wp-json\/wp\/v2\/posts"}],"about":[{"href":"https:\/\/www.sotrender.com\/blog\/pl\/wp-json\/wp\/v2\/types\/post"}],"author":[{"embeddable":true,"href":"https:\/\/www.sotrender.com\/blog\/pl\/wp-json\/wp\/v2\/users\/103"}],"replies":[{"embeddable":true,"href":"https:\/\/www.sotrender.com\/blog\/pl\/wp-json\/wp\/v2\/comments?post=34053"}],"version-history":[{"count":4,"href":"https:\/\/www.sotrender.com\/blog\/pl\/wp-json\/wp\/v2\/posts\/34053\/revisions"}],"predecessor-version":[{"id":34173,"href":"https:\/\/www.sotrender.com\/blog\/pl\/wp-json\/wp\/v2\/posts\/34053\/revisions\/34173"}],"wp:featuredmedia":[{"embeddable":true,"href":"https:\/\/www.sotrender.com\/blog\/pl\/wp-json\/wp\/v2\/media\/34061"}],"wp:attachment":[{"href":"https:\/\/www.sotrender.com\/blog\/pl\/wp-json\/wp\/v2\/media?parent=34053"}],"wp:term":[{"taxonomy":"category","embeddable":true,"href":"https:\/\/www.sotrender.com\/blog\/pl\/wp-json\/wp\/v2\/categories?post=34053"},{"taxonomy":"post_tag","embeddable":true,"href":"https:\/\/www.sotrender.com\/blog\/pl\/wp-json\/wp\/v2\/tags?post=34053"}],"curies":[{"name":"wp","href":"https:\/\/api.w.org\/{rel}","templated":true}]}}