{"id":34001,"date":"2018-06-20T14:49:33","date_gmt":"2018-06-20T12:49:33","guid":{"rendered":"https:\/\/www.sotrender.com\/blog\/?p=34001\/"},"modified":"2018-06-20T14:49:33","modified_gmt":"2018-06-20T12:49:33","slug":"facebook-trends-maj-2018-obowiazki-czy-rozrywka","status":"publish","type":"post","link":"https:\/\/www.sotrender.com\/blog\/pl\/2018\/06\/facebook-trends-maj-2018-obowiazki-czy-rozrywka\/","title":{"rendered":"Facebook Trends maj 2018 &#8211; obowi\u0105zki czy rozrywka?"},"content":{"rendered":"<p><span style=\"font-weight: 400;\">Powracamy z pe\u0142nowymiarowym wydaniem raportu Facebook Trends ju\u017c <a href=\"https:\/\/www.sotrender.com\/blog\/pl\/2018\/05\/trends-kwiecien-2018-zmiany-w-raportach\/\">w nowej kategoryzacji<\/a>! Ciekawi jeste\u015bcie co wydarzy\u0142o si\u0119 w minionym miesi\u0105cu na polskim Facebooku? Zapraszamy na najnowsze wydanie raportu <a href=\"https:\/\/www.sotrender.com\/trends\/facebook\/poland\/201805\">Facebook Trends maj 2018<\/a>!<\/span><\/p>\n<p><!--more--><\/p>\n<h2><strong>Matura to\u2026 bzdura?<\/strong><\/h2>\n<p><span style=\"font-weight: 400;\">Maj to miesi\u0105c matur, nie dziwi wi\u0119c du\u017ce zainteresowanie tematem &#8211; zar\u00f3wno samych maturzyst\u00f3w, jak i os\u00f3b, kt\u00f3re ciesz\u0105 si\u0119, \u017ce to majowe szale\u0144stwo maj\u0105 ju\u017c za sob\u0105. Niew\u0105tpliwie prze\u0142o\u017cy\u0142o si\u0119 to na du\u017ce zaanga\u017cowanie pod materia\u0142ami na kanale Matura to bzdura.<\/span><\/p>\n<div id=\"attachment_34009\" style=\"width: 858px\" class=\"wp-caption aligncenter\"><img loading=\"lazy\" decoding=\"async\" aria-describedby=\"caption-attachment-34009\" class=\" wp-image-34009\" src=\"https:\/\/www.sotrender.com\/blog\/wp-content\/uploads\/2018\/06\/matura-to-bzdura-zaangazowanie-fb-maj.png\" alt=\"Profile o najwi\u0119kszym zaanga\u017cowaniu fan\u00f3w w kategorii Programy TV | Facebook maj 2018\" width=\"848\" height=\"264\" srcset=\"https:\/\/www.sotrender.com\/blog\/wp-content\/uploads\/2018\/06\/matura-to-bzdura-zaangazowanie-fb-maj.png 976w, https:\/\/www.sotrender.com\/blog\/wp-content\/uploads\/2018\/06\/matura-to-bzdura-zaangazowanie-fb-maj-475x148.png 475w, https:\/\/www.sotrender.com\/blog\/wp-content\/uploads\/2018\/06\/matura-to-bzdura-zaangazowanie-fb-maj-768x239.png 768w, https:\/\/www.sotrender.com\/blog\/wp-content\/uploads\/2018\/06\/matura-to-bzdura-zaangazowanie-fb-maj-950x296.png 950w\" sizes=\"(max-width: 848px) 100vw, 848px\" \/><p id=\"caption-attachment-34009\" class=\"wp-caption-text\">Profile o najwi\u0119kszym zaanga\u017cowaniu fan\u00f3w w kategorii Programy TV | Facebook maj 2018<\/p><\/div>\n<p><span style=\"font-weight: 400;\">W ca\u0142ej kategorii <a href=\"https:\/\/www.sotrender.com\/trends\/facebook\/poland\/201805\/media\/telewizja\/programy_telewizyjne\">Programy TV<\/a> kana\u0142 Matura to bzdura mia\u0142 najlepszy post w maju &#8211; ma\u0142o tego, a\u017c 3 z 6 najlepszych post\u00f3w miesi\u0105ca nale\u017ca\u0142o w\u0142a\u015bnie do wspomnianego kana\u0142u. <\/span><\/p>\n<div id=\"attachment_34011\" style=\"width: 745px\" class=\"wp-caption aligncenter\"><img loading=\"lazy\" decoding=\"async\" aria-describedby=\"caption-attachment-34011\" class=\" wp-image-34011\" src=\"https:\/\/www.sotrender.com\/blog\/wp-content\/uploads\/2018\/06\/programy-tv-najlepsze-posty.png\" alt=\"Najlepsze posty w kategorii Programy TV | Facebook maj 2018\" width=\"735\" height=\"674\" srcset=\"https:\/\/www.sotrender.com\/blog\/wp-content\/uploads\/2018\/06\/programy-tv-najlepsze-posty.png 781w, https:\/\/www.sotrender.com\/blog\/wp-content\/uploads\/2018\/06\/programy-tv-najlepsze-posty-475x435.png 475w, https:\/\/www.sotrender.com\/blog\/wp-content\/uploads\/2018\/06\/programy-tv-najlepsze-posty-768x704.png 768w\" sizes=\"(max-width: 735px) 100vw, 735px\" \/><p id=\"caption-attachment-34011\" class=\"wp-caption-text\">Najlepsze posty w kategorii Programy TV | Facebook maj 2018<\/p><\/div>\n<p style=\"text-align: center;\"><span id=\"hs-cta-wrapper-c4243256-775c-4f09-9dae-182c6d1fa4e1\" class=\"hs-cta-wrapper\"><span id=\"hs-cta-c4243256-775c-4f09-9dae-182c6d1fa4e1\" class=\"hs-cta-node hs-cta-c4243256-775c-4f09-9dae-182c6d1fa4e1\"><!-- [if lte IE 8]><\/p>\n\n\n\n\n\n<div id=\"hs-cta-ie-element\"><\/div>\n\n\n<![endif]--><a href=\"https:\/\/cta-redirect.hubspot.com\/cta\/redirect\/3842881\/c4243256-775c-4f09-9dae-182c6d1fa4e1\"><img decoding=\"async\" id=\"hs-cta-img-c4243256-775c-4f09-9dae-182c6d1fa4e1\" class=\"hs-cta-img aligncenter\" style=\"border-width: 0px;\" src=\"https:\/\/no-cache.hubspot.com\/cta\/default\/3842881\/c4243256-775c-4f09-9dae-182c6d1fa4e1.png\" alt=\"Mierz swoje dzia\u0142ania w social media!\" \/><\/a><\/span><script charset=\"utf-8\" src=\"https:\/\/js.hscta.net\/cta\/current.js\"><\/script><script type=\"text\/javascript\"> hbspt.cta.load(3842881, 'c4243256-775c-4f09-9dae-182c6d1fa4e1', {}); <\/script><\/span><\/p>\n<h2><span style=\"font-weight: 400;\"><strong>A gdyby rzuci\u0107 wszystko i wyjecha\u0107\u2026 w g\u00f3ry?<\/strong> <\/span><\/h2>\n<p><span style=\"font-weight: 400;\">G\u00f3ry swoj\u0105 popularno\u015bci\u0105 zaczynaj\u0105 wyprzedza\u0107 polskie morze. I wida\u0107 to nie tylko w popularnych g\u00f3rskich kurortach, ale tak\u017ce w mediach spo\u0142eczno\u015bciowych. <\/span><\/p>\n<p><span style=\"font-weight: 400;\">W kategorii <a href=\"https:\/\/www.sotrender.com\/trends\/facebook\/poland\/201805\/miejsca\/regiony\">Regiony<\/a> przoduj\u0105 profile po\u015bwi\u0119cone tematyce g\u00f3rskiej, g\u0142\u00f3wnie Tatr oraz Bieszczad. Opr\u00f3cz bezkonkurencyjnego i niezmiennego nr 1, jakim jest <a href=\"https:\/\/www.facebook.com\/tatromaniak1\/\">Tatromaniak<\/a> (kt\u00f3ry w\u0142a\u015bnie \u015bwi\u0119tuje swoje 5lecie), do\u0142\u0105cza r\u00f3wnie\u017c wiele innych Stron, np. <a href=\"https:\/\/www.facebook.com\/Tatry-Pi%C4%99kne-Miejsca-825653384205938\/\">Tatry pi\u0119kne miejsca<\/a> czy <a href=\"https:\/\/www.facebook.com\/stronanaszebieszczady\/\">Nasze Bieszczady<\/a>.<\/span><\/p>\n<div id=\"attachment_34013\" style=\"width: 838px\" class=\"wp-caption aligncenter\"><img loading=\"lazy\" decoding=\"async\" aria-describedby=\"caption-attachment-34013\" class=\" wp-image-34013\" src=\"https:\/\/www.sotrender.com\/blog\/wp-content\/uploads\/2018\/06\/regiony-aktywni-uzytkownicy-fb.png\" alt=\"Profile o najwi\u0119kszej liczbie aktywnych u\u017cytkownik\u00f3w w kategorii Regiony | Facebook maj 2018\" width=\"828\" height=\"263\" srcset=\"https:\/\/www.sotrender.com\/blog\/wp-content\/uploads\/2018\/06\/regiony-aktywni-uzytkownicy-fb.png 992w, https:\/\/www.sotrender.com\/blog\/wp-content\/uploads\/2018\/06\/regiony-aktywni-uzytkownicy-fb-475x151.png 475w, https:\/\/www.sotrender.com\/blog\/wp-content\/uploads\/2018\/06\/regiony-aktywni-uzytkownicy-fb-768x244.png 768w, https:\/\/www.sotrender.com\/blog\/wp-content\/uploads\/2018\/06\/regiony-aktywni-uzytkownicy-fb-950x302.png 950w\" sizes=\"(max-width: 828px) 100vw, 828px\" \/><p id=\"caption-attachment-34013\" class=\"wp-caption-text\">Profile o najwi\u0119kszej liczbie aktywnych u\u017cytkownik\u00f3w w kategorii Regiony | Facebook maj 2018<\/p><\/div>\n<h2><span style=\"font-weight: 400;\"><strong>M\u0119skie granie<\/strong> <\/span><\/h2>\n<p><span style=\"font-weight: 400;\">Wakacje to niew\u0105tpliwie okres festiwali muzycznych i koncert\u00f3w na \u015bwie\u017cym powietrzu. To nie tylko Opener czy Audioriver, ale dla wielu te\u017c M\u0119skie Granie. Zniecierpliwienie i oczekiwanie fan\u00f3w za t\u0105 w\u0142a\u015bnie tras\u0105 koncertow\u0105 da\u0142o o sobie zna\u0107 <a href=\"https:\/\/www.sotrender.com\/blog\/pl\/2018\/06\/youtube-trends-maj-2018-ekskluzywne-granie\/\">nie tylko na YouTube<\/a>, ale r\u00f3wnie\u017c na Facebooku. Gdy og\u0142oszono oficjalny sk\u0142ad tegorocznej edycji, profil \u201cM\u0119skie Granie\u201d odnotowa\u0142 przyrost zaanga\u017cowania fan\u00f3w a\u017c o 788% (awansuj\u0105c a\u017c o 207 pozycji w rankingu) oraz znalaz\u0142 si\u0119 w TOP6 najlepszych post\u00f3w miesi\u0105ca w kategorii Kultura i sztuka.<\/span><\/p>\n<div id=\"attachment_34007\" style=\"width: 837px\" class=\"wp-caption aligncenter\"><img loading=\"lazy\" decoding=\"async\" aria-describedby=\"caption-attachment-34007\" class=\" wp-image-34007\" src=\"https:\/\/www.sotrender.com\/blog\/wp-content\/uploads\/2018\/06\/meskie-granie-aktywni-uzytkownicy-maj-fb.png\" alt=\"Du\u017cy wzrost aktywnych u\u017cytkownik\u00f3w na profilu M\u0119skie Granie | Facebook maj 2018\" width=\"827\" height=\"260\" srcset=\"https:\/\/www.sotrender.com\/blog\/wp-content\/uploads\/2018\/06\/meskie-granie-aktywni-uzytkownicy-maj-fb.png 977w, https:\/\/www.sotrender.com\/blog\/wp-content\/uploads\/2018\/06\/meskie-granie-aktywni-uzytkownicy-maj-fb-475x149.png 475w, https:\/\/www.sotrender.com\/blog\/wp-content\/uploads\/2018\/06\/meskie-granie-aktywni-uzytkownicy-maj-fb-768x241.png 768w, https:\/\/www.sotrender.com\/blog\/wp-content\/uploads\/2018\/06\/meskie-granie-aktywni-uzytkownicy-maj-fb-950x299.png 950w\" sizes=\"(max-width: 827px) 100vw, 827px\" \/><p id=\"caption-attachment-34007\" class=\"wp-caption-text\">Du\u017cy wzrost aktywnych u\u017cytkownik\u00f3w na profilu M\u0119skie Granie | Facebook maj 2018<\/p><\/div>\n<p><span style=\"font-weight: 400;\">Dawid Podsiad\u0142o, kt\u00f3ry b\u0119dzie jedn\u0105 z gwiazd \u201cM\u0119skiego Grania\u201d awansowa\u0142 o 70 miejsc w kategorii <a href=\"https:\/\/www.sotrender.com\/trends\/facebook\/poland\/201805\/osoby\/muzycy_zespoly\">Muzycy i zespo\u0142y<\/a> pod wzgl\u0119dem Aktywnych u\u017cytkownik\u00f3w (w kategorii Muzyka awansowa\u0142 a\u017c o 225 miejsc!) a jego wpis dot. udzia\u0142u w M\u0119skim Graniu by\u0142 najlepszym postem miesi\u0105ca. <\/span><\/p>\n<div id=\"attachment_34005\" style=\"width: 866px\" class=\"wp-caption aligncenter\"><img loading=\"lazy\" decoding=\"async\" aria-describedby=\"caption-attachment-34005\" class=\" wp-image-34005\" src=\"https:\/\/www.sotrender.com\/blog\/wp-content\/uploads\/2018\/06\/dawid-podsiadlo-maj-aktywni-uzytkownicy-fb.png\" alt=\"Awans Dawida Kwiatkowskiego w kategorii Aktywni u\u017cytkownicy | Facebook maj 2018\" width=\"856\" height=\"451\" srcset=\"https:\/\/www.sotrender.com\/blog\/wp-content\/uploads\/2018\/06\/dawid-podsiadlo-maj-aktywni-uzytkownicy-fb.png 987w, https:\/\/www.sotrender.com\/blog\/wp-content\/uploads\/2018\/06\/dawid-podsiadlo-maj-aktywni-uzytkownicy-fb-475x250.png 475w, https:\/\/www.sotrender.com\/blog\/wp-content\/uploads\/2018\/06\/dawid-podsiadlo-maj-aktywni-uzytkownicy-fb-768x405.png 768w, https:\/\/www.sotrender.com\/blog\/wp-content\/uploads\/2018\/06\/dawid-podsiadlo-maj-aktywni-uzytkownicy-fb-950x501.png 950w\" sizes=\"(max-width: 856px) 100vw, 856px\" \/><p id=\"caption-attachment-34005\" class=\"wp-caption-text\">Awans Dawida Podsiad\u0142o w kategorii Aktywni u\u017cytkownicy | Facebook maj 2018<\/p><\/div>\n<p style=\"text-align: center;\"><!--HubSpot Call-to-Action Code --><span id=\"hs-cta-wrapper-c4243256-775c-4f09-9dae-182c6d1fa4e1\" class=\"hs-cta-wrapper\"><span id=\"hs-cta-c4243256-775c-4f09-9dae-182c6d1fa4e1\" class=\"hs-cta-node hs-cta-c4243256-775c-4f09-9dae-182c6d1fa4e1\"><!-- [if lte IE 8]><\/p>\n\n\n\n\n\n<div id=\"hs-cta-ie-element\"><\/div>\n\n\n<![endif]--><a href=\"https:\/\/cta-redirect.hubspot.com\/cta\/redirect\/3842881\/c4243256-775c-4f09-9dae-182c6d1fa4e1\"><img decoding=\"async\" id=\"hs-cta-img-c4243256-775c-4f09-9dae-182c6d1fa4e1\" class=\"hs-cta-img aligncenter\" style=\"border-width: 0px;\" src=\"https:\/\/no-cache.hubspot.com\/cta\/default\/3842881\/c4243256-775c-4f09-9dae-182c6d1fa4e1.png\" alt=\"Mierz swoje dzia\u0142ania w social media!\" \/><\/a><\/span><script charset=\"utf-8\" src=\"https:\/\/js.hscta.net\/cta\/current.js\"><\/script><script type=\"text\/javascript\"> hbspt.cta.load(3842881, 'c4243256-775c-4f09-9dae-182c6d1fa4e1', {}); <\/script><\/span><!-- end HubSpot Call-to-Action Code --><\/p>\n<p style=\"text-align: left;\">Co jeszcze wydarzy\u0142o si\u0119 na Facebooku w maju? Zapraszamy na pe\u0142ne wydanie raportu <a href=\"https:\/\/www.sotrender.com\/trends\/facebook\/poland\/201805\">Facebook Trends maj 2018<\/a>!<\/p>\n","protected":false},"excerpt":{"rendered":"<p>Powracamy z pe\u0142nowymiarowym wydaniem raportu Facebook Trends ju\u017c w nowej kategoryzacji! Ciekawi jeste\u015bcie co wydarzy\u0142o si\u0119 w minionym miesi\u0105cu na polskim Facebooku? Zapraszamy na najnowsze wydanie raportu Facebook Trends maj 2018!<\/p>\n","protected":false},"author":89,"featured_media":34003,"comment_status":"open","ping_status":"open","sticky":false,"template":"","format":"standard","meta":{"inline_featured_image":false,"footnotes":""},"categories":[1791,1797,2125],"tags":[17,2307,2805,2807],"yoast_head":"<!-- This site is optimized with the Yoast SEO plugin v22.4 - https:\/\/yoast.com\/wordpress\/plugins\/seo\/ -->\n<title>Facebook Trends maj 2018 - obowi\u0105zki czy rozrywka?<\/title>\n<meta name=\"description\" content=\"Powracamy z pe\u0142nowymiarowym wydaniem raportu Facebook Trends ju\u017c w nowej kategoryzacji! Co si\u0119 wydarzy\u0142o na Facebooku w maju? Sprawdzamy!\" \/>\n<meta name=\"robots\" content=\"index, follow, max-snippet:-1, max-image-preview:large, max-video-preview:-1\" \/>\n<link rel=\"canonical\" href=\"https:\/\/www.sotrender.com\/blog\/pl\/2018\/06\/facebook-trends-maj-2018-obowiazki-czy-rozrywka\/\" \/>\n<meta property=\"og:locale\" content=\"pl_PL\" \/>\n<meta property=\"og:type\" content=\"article\" \/>\n<meta property=\"og:title\" content=\"Facebook Trends maj 2018 - obowi\u0105zki czy rozrywka?\" \/>\n<meta property=\"og:description\" content=\"Powracamy z pe\u0142nowymiarowym wydaniem raportu Facebook Trends ju\u017c w nowej kategoryzacji! Co si\u0119 wydarzy\u0142o na Facebooku w maju? Sprawdzamy!\" \/>\n<meta property=\"og:url\" content=\"https:\/\/www.sotrender.com\/blog\/pl\/2018\/06\/facebook-trends-maj-2018-obowiazki-czy-rozrywka\/\" \/>\n<meta property=\"og:site_name\" content=\"Sotrender Blog\" \/>\n<meta property=\"article:publisher\" content=\"https:\/\/www.facebook.com\/Sotrender\" \/>\n<meta property=\"article:published_time\" content=\"2018-06-20T12:49:33+00:00\" \/>\n<meta property=\"og:image\" content=\"https:\/\/www.sotrender.com\/blog\/wp-content\/uploads\/2018\/06\/person-984236_1280.jpg\" \/>\n\t<meta property=\"og:image:width\" content=\"1280\" \/>\n\t<meta property=\"og:image:height\" content=\"720\" \/>\n\t<meta property=\"og:image:type\" content=\"image\/jpeg\" \/>\n<meta name=\"author\" content=\"Klaudia \u017by\u0142ka\" \/>\n<meta name=\"twitter:card\" content=\"summary_large_image\" \/>\n<meta name=\"twitter:creator\" content=\"@Sotrender\" \/>\n<meta name=\"twitter:site\" content=\"@Sotrender\" \/>\n<meta name=\"twitter:label1\" content=\"Written by\" \/>\n\t<meta name=\"twitter:data1\" content=\"Klaudia \u017by\u0142ka\" \/>\n\t<meta name=\"twitter:label2\" content=\"Est. reading time\" \/>\n\t<meta name=\"twitter:data2\" content=\"2 minutes\" \/>\n<script type=\"application\/ld+json\" class=\"yoast-schema-graph\">{\"@context\":\"https:\/\/schema.org\",\"@graph\":[{\"@type\":\"WebPage\",\"@id\":\"https:\/\/www.sotrender.com\/blog\/pl\/2018\/06\/facebook-trends-maj-2018-obowiazki-czy-rozrywka\/\",\"url\":\"https:\/\/www.sotrender.com\/blog\/pl\/2018\/06\/facebook-trends-maj-2018-obowiazki-czy-rozrywka\/\",\"name\":\"Facebook Trends maj 2018 - obowi\u0105zki czy rozrywka?\",\"isPartOf\":{\"@id\":\"https:\/\/www.sotrender.com\/blog\/#website\"},\"primaryImageOfPage\":{\"@id\":\"https:\/\/www.sotrender.com\/blog\/pl\/2018\/06\/facebook-trends-maj-2018-obowiazki-czy-rozrywka\/#primaryimage\"},\"image\":{\"@id\":\"https:\/\/www.sotrender.com\/blog\/pl\/2018\/06\/facebook-trends-maj-2018-obowiazki-czy-rozrywka\/#primaryimage\"},\"thumbnailUrl\":\"https:\/\/www.sotrender.com\/blog\/wp-content\/uploads\/2018\/06\/person-984236_1280.jpg\",\"datePublished\":\"2018-06-20T12:49:33+00:00\",\"dateModified\":\"2018-06-20T12:49:33+00:00\",\"author\":{\"@id\":\"https:\/\/www.sotrender.com\/blog\/#\/schema\/person\/038ac5e276c5d102d8cbb9c36cd43416\"},\"description\":\"Powracamy z pe\u0142nowymiarowym wydaniem raportu Facebook Trends ju\u017c w nowej kategoryzacji! Co si\u0119 wydarzy\u0142o na Facebooku w maju? Sprawdzamy!\",\"breadcrumb\":{\"@id\":\"https:\/\/www.sotrender.com\/blog\/pl\/2018\/06\/facebook-trends-maj-2018-obowiazki-czy-rozrywka\/#breadcrumb\"},\"inLanguage\":\"pl-PL\",\"potentialAction\":[{\"@type\":\"ReadAction\",\"target\":[\"https:\/\/www.sotrender.com\/blog\/pl\/2018\/06\/facebook-trends-maj-2018-obowiazki-czy-rozrywka\/\"]}]},{\"@type\":\"ImageObject\",\"inLanguage\":\"pl-PL\",\"@id\":\"https:\/\/www.sotrender.com\/blog\/pl\/2018\/06\/facebook-trends-maj-2018-obowiazki-czy-rozrywka\/#primaryimage\",\"url\":\"https:\/\/www.sotrender.com\/blog\/wp-content\/uploads\/2018\/06\/person-984236_1280.jpg\",\"contentUrl\":\"https:\/\/www.sotrender.com\/blog\/wp-content\/uploads\/2018\/06\/person-984236_1280.jpg\",\"width\":1280,\"height\":720},{\"@type\":\"BreadcrumbList\",\"@id\":\"https:\/\/www.sotrender.com\/blog\/pl\/2018\/06\/facebook-trends-maj-2018-obowiazki-czy-rozrywka\/#breadcrumb\",\"itemListElement\":[{\"@type\":\"ListItem\",\"position\":1,\"name\":\"Home\",\"item\":\"https:\/\/www.sotrender.com\/blog\/\"},{\"@type\":\"ListItem\",\"position\":2,\"name\":\"Facebook Trends maj 2018 &#8211; obowi\u0105zki czy rozrywka?\"}]},{\"@type\":\"WebSite\",\"@id\":\"https:\/\/www.sotrender.com\/blog\/#website\",\"url\":\"https:\/\/www.sotrender.com\/blog\/\",\"name\":\"Sotrender Blog\",\"description\":\"\",\"potentialAction\":[{\"@type\":\"SearchAction\",\"target\":{\"@type\":\"EntryPoint\",\"urlTemplate\":\"https:\/\/www.sotrender.com\/blog\/?s={search_term_string}\"},\"query-input\":\"required name=search_term_string\"}],\"inLanguage\":\"pl-PL\"},{\"@type\":\"Person\",\"@id\":\"https:\/\/www.sotrender.com\/blog\/#\/schema\/person\/038ac5e276c5d102d8cbb9c36cd43416\",\"name\":\"Klaudia \u017by\u0142ka\",\"image\":{\"@type\":\"ImageObject\",\"inLanguage\":\"pl-PL\",\"@id\":\"https:\/\/www.sotrender.com\/blog\/#\/schema\/person\/image\/\",\"url\":\"https:\/\/secure.gravatar.com\/avatar\/f55d5d49ce3c448e1ffde0ab078d84cd?s=96&d=mm&r=g\",\"contentUrl\":\"https:\/\/secure.gravatar.com\/avatar\/f55d5d49ce3c448e1ffde0ab078d84cd?s=96&d=mm&r=g\",\"caption\":\"Klaudia \u017by\u0142ka\"},\"description\":\"Instagram, dogs, books and food lover. Former student at Warsaw University and Malm\u00f6 University. Improving her marketing skills every day. Proud owner of DIMAQ certificate\",\"sameAs\":[\"https:\/\/www.linkedin.com\/in\/klaudia-\u017cy\u0142ka-17527779\"],\"url\":\"https:\/\/www.sotrender.com\/blog\/pl\/author\/klaudia_yka\/\"}]}<\/script>\n<!-- \/ Yoast SEO plugin. -->","yoast_head_json":{"title":"Facebook Trends maj 2018 - obowi\u0105zki czy rozrywka?","description":"Powracamy z pe\u0142nowymiarowym wydaniem raportu Facebook Trends ju\u017c w nowej kategoryzacji! Co si\u0119 wydarzy\u0142o na Facebooku w maju? Sprawdzamy!","robots":{"index":"index","follow":"follow","max-snippet":"max-snippet:-1","max-image-preview":"max-image-preview:large","max-video-preview":"max-video-preview:-1"},"canonical":"https:\/\/www.sotrender.com\/blog\/pl\/2018\/06\/facebook-trends-maj-2018-obowiazki-czy-rozrywka\/","og_locale":"pl_PL","og_type":"article","og_title":"Facebook Trends maj 2018 - obowi\u0105zki czy rozrywka?","og_description":"Powracamy z pe\u0142nowymiarowym wydaniem raportu Facebook Trends ju\u017c w nowej kategoryzacji! Co si\u0119 wydarzy\u0142o na Facebooku w maju? Sprawdzamy!","og_url":"https:\/\/www.sotrender.com\/blog\/pl\/2018\/06\/facebook-trends-maj-2018-obowiazki-czy-rozrywka\/","og_site_name":"Sotrender Blog","article_publisher":"https:\/\/www.facebook.com\/Sotrender","article_published_time":"2018-06-20T12:49:33+00:00","og_image":[{"width":1280,"height":720,"url":"https:\/\/www.sotrender.com\/blog\/wp-content\/uploads\/2018\/06\/person-984236_1280.jpg","type":"image\/jpeg"}],"author":"Klaudia \u017by\u0142ka","twitter_card":"summary_large_image","twitter_creator":"@Sotrender","twitter_site":"@Sotrender","twitter_misc":{"Written by":"Klaudia \u017by\u0142ka","Est. reading time":"2 minutes"},"schema":{"@context":"https:\/\/schema.org","@graph":[{"@type":"WebPage","@id":"https:\/\/www.sotrender.com\/blog\/pl\/2018\/06\/facebook-trends-maj-2018-obowiazki-czy-rozrywka\/","url":"https:\/\/www.sotrender.com\/blog\/pl\/2018\/06\/facebook-trends-maj-2018-obowiazki-czy-rozrywka\/","name":"Facebook Trends maj 2018 - obowi\u0105zki czy rozrywka?","isPartOf":{"@id":"https:\/\/www.sotrender.com\/blog\/#website"},"primaryImageOfPage":{"@id":"https:\/\/www.sotrender.com\/blog\/pl\/2018\/06\/facebook-trends-maj-2018-obowiazki-czy-rozrywka\/#primaryimage"},"image":{"@id":"https:\/\/www.sotrender.com\/blog\/pl\/2018\/06\/facebook-trends-maj-2018-obowiazki-czy-rozrywka\/#primaryimage"},"thumbnailUrl":"https:\/\/www.sotrender.com\/blog\/wp-content\/uploads\/2018\/06\/person-984236_1280.jpg","datePublished":"2018-06-20T12:49:33+00:00","dateModified":"2018-06-20T12:49:33+00:00","author":{"@id":"https:\/\/www.sotrender.com\/blog\/#\/schema\/person\/038ac5e276c5d102d8cbb9c36cd43416"},"description":"Powracamy z pe\u0142nowymiarowym wydaniem raportu Facebook Trends ju\u017c w nowej kategoryzacji! Co si\u0119 wydarzy\u0142o na Facebooku w maju? Sprawdzamy!","breadcrumb":{"@id":"https:\/\/www.sotrender.com\/blog\/pl\/2018\/06\/facebook-trends-maj-2018-obowiazki-czy-rozrywka\/#breadcrumb"},"inLanguage":"pl-PL","potentialAction":[{"@type":"ReadAction","target":["https:\/\/www.sotrender.com\/blog\/pl\/2018\/06\/facebook-trends-maj-2018-obowiazki-czy-rozrywka\/"]}]},{"@type":"ImageObject","inLanguage":"pl-PL","@id":"https:\/\/www.sotrender.com\/blog\/pl\/2018\/06\/facebook-trends-maj-2018-obowiazki-czy-rozrywka\/#primaryimage","url":"https:\/\/www.sotrender.com\/blog\/wp-content\/uploads\/2018\/06\/person-984236_1280.jpg","contentUrl":"https:\/\/www.sotrender.com\/blog\/wp-content\/uploads\/2018\/06\/person-984236_1280.jpg","width":1280,"height":720},{"@type":"BreadcrumbList","@id":"https:\/\/www.sotrender.com\/blog\/pl\/2018\/06\/facebook-trends-maj-2018-obowiazki-czy-rozrywka\/#breadcrumb","itemListElement":[{"@type":"ListItem","position":1,"name":"Home","item":"https:\/\/www.sotrender.com\/blog\/"},{"@type":"ListItem","position":2,"name":"Facebook Trends maj 2018 &#8211; obowi\u0105zki czy rozrywka?"}]},{"@type":"WebSite","@id":"https:\/\/www.sotrender.com\/blog\/#website","url":"https:\/\/www.sotrender.com\/blog\/","name":"Sotrender Blog","description":"","potentialAction":[{"@type":"SearchAction","target":{"@type":"EntryPoint","urlTemplate":"https:\/\/www.sotrender.com\/blog\/?s={search_term_string}"},"query-input":"required name=search_term_string"}],"inLanguage":"pl-PL"},{"@type":"Person","@id":"https:\/\/www.sotrender.com\/blog\/#\/schema\/person\/038ac5e276c5d102d8cbb9c36cd43416","name":"Klaudia \u017by\u0142ka","image":{"@type":"ImageObject","inLanguage":"pl-PL","@id":"https:\/\/www.sotrender.com\/blog\/#\/schema\/person\/image\/","url":"https:\/\/secure.gravatar.com\/avatar\/f55d5d49ce3c448e1ffde0ab078d84cd?s=96&d=mm&r=g","contentUrl":"https:\/\/secure.gravatar.com\/avatar\/f55d5d49ce3c448e1ffde0ab078d84cd?s=96&d=mm&r=g","caption":"Klaudia \u017by\u0142ka"},"description":"Instagram, dogs, books and food lover. Former student at Warsaw University and Malm\u00f6 University. Improving her marketing skills every day. Proud owner of DIMAQ certificate","sameAs":["https:\/\/www.linkedin.com\/in\/klaudia-\u017cy\u0142ka-17527779"],"url":"https:\/\/www.sotrender.com\/blog\/pl\/author\/klaudia_yka\/"}]}},"_links":{"self":[{"href":"https:\/\/www.sotrender.com\/blog\/pl\/wp-json\/wp\/v2\/posts\/34001"}],"collection":[{"href":"https:\/\/www.sotrender.com\/blog\/pl\/wp-json\/wp\/v2\/posts"}],"about":[{"href":"https:\/\/www.sotrender.com\/blog\/pl\/wp-json\/wp\/v2\/types\/post"}],"author":[{"embeddable":true,"href":"https:\/\/www.sotrender.com\/blog\/pl\/wp-json\/wp\/v2\/users\/89"}],"replies":[{"embeddable":true,"href":"https:\/\/www.sotrender.com\/blog\/pl\/wp-json\/wp\/v2\/comments?post=34001"}],"version-history":[{"count":5,"href":"https:\/\/www.sotrender.com\/blog\/pl\/wp-json\/wp\/v2\/posts\/34001\/revisions"}],"predecessor-version":[{"id":34023,"href":"https:\/\/www.sotrender.com\/blog\/pl\/wp-json\/wp\/v2\/posts\/34001\/revisions\/34023"}],"wp:featuredmedia":[{"embeddable":true,"href":"https:\/\/www.sotrender.com\/blog\/pl\/wp-json\/wp\/v2\/media\/34003"}],"wp:attachment":[{"href":"https:\/\/www.sotrender.com\/blog\/pl\/wp-json\/wp\/v2\/media?parent=34001"}],"wp:term":[{"taxonomy":"category","embeddable":true,"href":"https:\/\/www.sotrender.com\/blog\/pl\/wp-json\/wp\/v2\/categories?post=34001"},{"taxonomy":"post_tag","embeddable":true,"href":"https:\/\/www.sotrender.com\/blog\/pl\/wp-json\/wp\/v2\/tags?post=34001"}],"curies":[{"name":"wp","href":"https:\/\/api.w.org\/{rel}","templated":true}]}}