{"id":33815,"date":"2018-04-13T11:51:00","date_gmt":"2018-04-13T09:51:00","guid":{"rendered":"https:\/\/www.sotrender.com\/blog\/?p=33815\/"},"modified":"2018-04-13T11:51:00","modified_gmt":"2018-04-13T09:51:00","slug":"facebook-trends-marzec-2018","status":"publish","type":"post","link":"https:\/\/www.sotrender.com\/blog\/pl\/2018\/04\/facebook-trends-marzec-2018\/","title":{"rendered":"Facebook Trends marzec 2018 &#8211; polityka przenosi si\u0119 na Facebooka"},"content":{"rendered":"<p><span style=\"font-weight: 400;\">Podczas gdy na Instagramie kr\u00f3lowa\u0142a pi\u0142ka no\u017cna, na Facebooku w marcu wyj\u0105tkowo du\u017co pojawi\u0142o si\u0119 temat\u00f3w politycznych. Gotowi na szczeg\u00f3\u0142y? Zapraszamy na najnowszy raport <a href=\"https:\/\/www.sotrender.com\/trends\/facebook\/poland\/201803\">Facebook Trends marzec 2018<\/a>!<\/span><\/p>\n<p><!--more--><\/p>\n<h2><b>Polityczne trendy<\/b><\/h2>\n<p><span style=\"font-weight: 400;\">Cho\u0107 ca\u0142y czas silna na Twitterze, polityka wyj\u0105tkowo mocno anga\u017cowa\u0142a u\u017cytkownik\u00f3w Facebooka w marcu. G\u0142\u00f3wnymi tematami by\u0142y prawa kobiet oraz propozycja nowych regulacji dot. zbi\u00f3rek publicznych. Wyj\u0105tkowo g\u0142o\u015bno by\u0142o r\u00f3wnie\u017c o kilku innych tematach spo\u0142eczno-politycznych.<\/span><\/p>\n<div id=\"attachment_33819\" style=\"width: 873px\" class=\"wp-caption aligncenter\"><img loading=\"lazy\" decoding=\"async\" aria-describedby=\"caption-attachment-33819\" class=\"wp-image-33819 size-full\" src=\"https:\/\/www.sotrender.com\/blog\/wp-content\/uploads\/2018\/04\/fb-marzec-polityka.png\" alt=\"Najlepsze posty w marcu w kategorii Marki\" width=\"863\" height=\"757\" srcset=\"https:\/\/www.sotrender.com\/blog\/wp-content\/uploads\/2018\/04\/fb-marzec-polityka.png 863w, https:\/\/www.sotrender.com\/blog\/wp-content\/uploads\/2018\/04\/fb-marzec-polityka-475x417.png 475w, https:\/\/www.sotrender.com\/blog\/wp-content\/uploads\/2018\/04\/fb-marzec-polityka-768x674.png 768w\" sizes=\"(max-width: 863px) 100vw, 863px\" \/><p id=\"caption-attachment-33819\" class=\"wp-caption-text\">Najlepsze posty w marcu w kategorii Marki<\/p><\/div>\n<p><span style=\"font-weight: 400;\">Szczeg\u00f3lnie du\u017co aktywnych u\u017cytkownik\u00f3w zebra\u0142o si\u0119 na profilach Platformy Obywatelskiej oraz partii Razem. <\/span><\/p>\n<div id=\"attachment_33821\" style=\"width: 879px\" class=\"wp-caption aligncenter\"><img loading=\"lazy\" decoding=\"async\" aria-describedby=\"caption-attachment-33821\" class=\"wp-image-33821 size-full\" src=\"https:\/\/www.sotrender.com\/blog\/wp-content\/uploads\/2018\/04\/aktywni-uzytkownicy-polityka-marzec-fb.png\" alt=\"Marki o nawi\u0119kszej liczbie aktywnych u\u017cytkownik\u00f3w w marcu na Facebooku\" width=\"869\" height=\"527\" srcset=\"https:\/\/www.sotrender.com\/blog\/wp-content\/uploads\/2018\/04\/aktywni-uzytkownicy-polityka-marzec-fb.png 869w, https:\/\/www.sotrender.com\/blog\/wp-content\/uploads\/2018\/04\/aktywni-uzytkownicy-polityka-marzec-fb-475x288.png 475w, https:\/\/www.sotrender.com\/blog\/wp-content\/uploads\/2018\/04\/aktywni-uzytkownicy-polityka-marzec-fb-768x466.png 768w\" sizes=\"(max-width: 869px) 100vw, 869px\" \/><p id=\"caption-attachment-33821\" class=\"wp-caption-text\">Marki o nawi\u0119kszej liczbie aktywnych u\u017cytkownik\u00f3w w marcu na Facebooku<\/p><\/div>\n<p><span style=\"font-weight: 400;\">R\u00f3wnie\u017c <a href=\"https:\/\/www.sotrender.com\/trends\/facebook\/poland\/201803\/osoby\/politycy\">profile polityk\u00f3w<\/a> cieszy\u0142y si\u0119 rosn\u0105cym zaanga\u017cowaniem w publikowane przez nich tre\u015bci &#8211; niekt\u00f3re odnotowa\u0142y przyrosty nawet o 300% w por\u00f3wnaniu do poprzedniego miesi\u0105ca.\u00a0<\/span><\/p>\n<div id=\"attachment_33823\" style=\"width: 905px\" class=\"wp-caption aligncenter\"><img loading=\"lazy\" decoding=\"async\" aria-describedby=\"caption-attachment-33823\" class=\"size-full wp-image-33823\" src=\"https:\/\/www.sotrender.com\/blog\/wp-content\/uploads\/2018\/04\/politycy-fb-marzec.png\" alt=\"Profile polityk\u00f3w o najwi\u0119kszym zaanga\u017cowaniu na Facebooku w marcu\" width=\"895\" height=\"384\" srcset=\"https:\/\/www.sotrender.com\/blog\/wp-content\/uploads\/2018\/04\/politycy-fb-marzec.png 895w, https:\/\/www.sotrender.com\/blog\/wp-content\/uploads\/2018\/04\/politycy-fb-marzec-475x204.png 475w, https:\/\/www.sotrender.com\/blog\/wp-content\/uploads\/2018\/04\/politycy-fb-marzec-768x330.png 768w\" sizes=\"(max-width: 895px) 100vw, 895px\" \/><p id=\"caption-attachment-33823\" class=\"wp-caption-text\">Profile polityk\u00f3w o najwi\u0119kszym zaanga\u017cowaniu na Facebooku w marcu<\/p><\/div>\n<p style=\"text-align: center;\"><!--HubSpot Call-to-Action Code --><span id=\"hs-cta-wrapper-c4243256-775c-4f09-9dae-182c6d1fa4e1\" class=\"hs-cta-wrapper\"><span id=\"hs-cta-c4243256-775c-4f09-9dae-182c6d1fa4e1\" class=\"hs-cta-node hs-cta-c4243256-775c-4f09-9dae-182c6d1fa4e1\"><!-- [if lte IE 8]><\/p>\n\n\n\n\n\n<div id=\"hs-cta-ie-element\"><\/div>\n\n\n<![endif]--><a href=\"https:\/\/cta-redirect.hubspot.com\/cta\/redirect\/3842881\/c4243256-775c-4f09-9dae-182c6d1fa4e1\"><img decoding=\"async\" id=\"hs-cta-img-c4243256-775c-4f09-9dae-182c6d1fa4e1\" class=\"hs-cta-img aligncenter\" style=\"border-width: 0px;\" src=\"https:\/\/no-cache.hubspot.com\/cta\/default\/3842881\/c4243256-775c-4f09-9dae-182c6d1fa4e1.png\" alt=\"Mierz swoje dzia\u0142ania w social media!\" \/><\/a><\/span><script charset=\"utf-8\" src=\"https:\/\/js.hscta.net\/cta\/current.js\"><\/script><script type=\"text\/javascript\"> hbspt.cta.load(3842881, 'c4243256-775c-4f09-9dae-182c6d1fa4e1', {}); <\/script><\/span><!-- end HubSpot Call-to-Action Code --><\/p>\n<h2><b>Procentowy zawr\u00f3t g\u0142owy <\/b><\/h2>\n<p><span style=\"font-weight: 400;\">Marzec nieustannie zwiastowa\u0142 nadej\u015bcie wiosny, a wraz z ni\u0105 cieplejszych dni i okresu grillowego. Jak ju\u017c nieraz pisali\u015bmy, niezwykle wa\u017cne jest odpowiednio zaplanowane w czasie wprowadzanie na rynek nowych produkt\u00f3w. Zasad\u0119 t\u0105 dobrze znaj\u0105 producenci <a href=\"https:\/\/www.sotrender.com\/trends\/facebook\/poland\/201803\/marki\/fmcg\/alkohol\/piwa_cydry\">piwa<\/a>, kt\u00f3rzy w minionym miesi\u0105cu rozpocz\u0119li promocj\u0119 swoich nowych produkt\u00f3w. Mowa o Somersby oraz Warce, kt\u00f3re wraz ze swoimi premierami, jeszcze bardziej pobudzi\u0142y nasze wyczekiwanie lata. <\/span><\/p>\n<div id=\"attachment_33827\" style=\"width: 904px\" class=\"wp-caption aligncenter\"><img loading=\"lazy\" decoding=\"async\" aria-describedby=\"caption-attachment-33827\" class=\"size-full wp-image-33827\" src=\"https:\/\/www.sotrender.com\/blog\/wp-content\/uploads\/2018\/04\/facebook-marzec-piwa.png\" alt=\"Profile o najwi\u0119kszym zaanga\u017cowaniu w kategorii Piwa i cydry na Facebooku\" width=\"894\" height=\"450\" srcset=\"https:\/\/www.sotrender.com\/blog\/wp-content\/uploads\/2018\/04\/facebook-marzec-piwa.png 894w, https:\/\/www.sotrender.com\/blog\/wp-content\/uploads\/2018\/04\/facebook-marzec-piwa-475x239.png 475w, https:\/\/www.sotrender.com\/blog\/wp-content\/uploads\/2018\/04\/facebook-marzec-piwa-768x387.png 768w\" sizes=\"(max-width: 894px) 100vw, 894px\" \/><p id=\"caption-attachment-33827\" class=\"wp-caption-text\">Profile o najwi\u0119kszym zaanga\u017cowaniu w kategorii Piwa i cydry na Facebooku<\/p><\/div>\n<h2><b>Jeszcze przed telewizorami<\/b><\/h2>\n<p><span style=\"font-weight: 400;\">Mimo, \u017ce powoli budzimy si\u0119 z zimowego snu, najwidoczniej sporo czasu sp\u0119dzamy jeszcze na kanapie przed telewizorem. <a href=\"https:\/\/www.sotrender.com\/trends\/facebook\/poland\/201803\/media\/media_tradycyjne\/programy_telewizyjne\">Zaanga\u017cowanie, jakie zebra\u0142y programy<\/a> wiod\u0105cych stacji na swoich stronach na Facebooku, s\u0105 tego najlepszym przyk\u0142adem. W marcu wyj\u0105tkowo interesuj\u0105ce okaza\u0142y si\u0119 materia\u0142y na profilach program\u00f3w \u201cKocham Ci\u0119, Polsko\u201d, \u201cDancing With The Stars\u201d, oraz nowe sezony produkcji \u201cZ\u0142omowisko PL\u201d i \u201cWarsaw Shore\u201d. Na czele niezmiennie, cho\u0107 w marcu z 15% spadkiem zaanga\u017cowania, znajduje si\u0119 \u201c\u015awiat wed\u0142ug Kiepskich\u201d. <\/span><\/p>\n<div id=\"attachment_33825\" style=\"width: 892px\" class=\"wp-caption aligncenter\"><img loading=\"lazy\" decoding=\"async\" aria-describedby=\"caption-attachment-33825\" class=\"size-full wp-image-33825\" src=\"https:\/\/www.sotrender.com\/blog\/wp-content\/uploads\/2018\/04\/facebook-marzec-programy-tv.png\" alt=\"Profile program\u00f3w telewizyjnych na Facebooku o najwi\u0119kszym zaanga\u017cowaniu w marcu\" width=\"882\" height=\"643\" srcset=\"https:\/\/www.sotrender.com\/blog\/wp-content\/uploads\/2018\/04\/facebook-marzec-programy-tv.png 882w, https:\/\/www.sotrender.com\/blog\/wp-content\/uploads\/2018\/04\/facebook-marzec-programy-tv-475x346.png 475w, https:\/\/www.sotrender.com\/blog\/wp-content\/uploads\/2018\/04\/facebook-marzec-programy-tv-768x560.png 768w\" sizes=\"(max-width: 882px) 100vw, 882px\" \/><p id=\"caption-attachment-33825\" class=\"wp-caption-text\">Profile program\u00f3w telewizyjnych na Facebooku o najwi\u0119kszym zaanga\u017cowaniu w marcu<\/p><\/div>\n<p style=\"text-align: center;\"><!--HubSpot Call-to-Action Code --><span id=\"hs-cta-wrapper-c4243256-775c-4f09-9dae-182c6d1fa4e1\" class=\"hs-cta-wrapper\"><span id=\"hs-cta-c4243256-775c-4f09-9dae-182c6d1fa4e1\" class=\"hs-cta-node hs-cta-c4243256-775c-4f09-9dae-182c6d1fa4e1\"><!-- [if lte IE 8]><\/p>\n\n\n\n\n\n<div id=\"hs-cta-ie-element\"><\/div>\n\n\n<![endif]--><a href=\"https:\/\/cta-redirect.hubspot.com\/cta\/redirect\/3842881\/c4243256-775c-4f09-9dae-182c6d1fa4e1\"><img decoding=\"async\" id=\"hs-cta-img-c4243256-775c-4f09-9dae-182c6d1fa4e1\" class=\"hs-cta-img aligncenter\" style=\"border-width: 0px;\" src=\"https:\/\/no-cache.hubspot.com\/cta\/default\/3842881\/c4243256-775c-4f09-9dae-182c6d1fa4e1.png\" alt=\"Mierz swoje dzia\u0142ania w social media!\" \/><\/a><\/span><script charset=\"utf-8\" src=\"https:\/\/js.hscta.net\/cta\/current.js\"><\/script><script type=\"text\/javascript\"> hbspt.cta.load(3842881, 'c4243256-775c-4f09-9dae-182c6d1fa4e1', {}); <\/script><\/span><!-- end HubSpot Call-to-Action Code --><\/p>\n<p style=\"text-align: left;\">Co jeszcze wydarzy\u0142o si\u0119 w marcu na Facebooku?<strong> Dowiecie si\u0119 z najnowszego raportu <a href=\"https:\/\/www.sotrender.com\/trends\/facebook\/poland\/201803\">Facebook Trends marzec 2018<\/a>!<\/strong><\/p>\n","protected":false},"excerpt":{"rendered":"<p>Podczas gdy na Instagramie kr\u00f3lowa\u0142a pi\u0142ka no\u017cna, na Facebooku w marcu wyj\u0105tkowo du\u017co pojawi\u0142o si\u0119 temat\u00f3w politycznych. Gotowi na szczeg\u00f3\u0142y? Zapraszamy na najnowszy raport Facebook Trends marzec 2018!<\/p>\n","protected":false},"author":89,"featured_media":33831,"comment_status":"open","ping_status":"open","sticky":false,"template":"","format":"standard","meta":{"inline_featured_image":false,"footnotes":""},"categories":[1797,2125,2275],"tags":[17,2307],"yoast_head":"<!-- This site is optimized with the Yoast SEO plugin v22.4 - https:\/\/yoast.com\/wordpress\/plugins\/seo\/ -->\n<title>Facebook Trends marzec 2018 - polityka przenosi si\u0119 na Facebooka<\/title>\n<meta name=\"description\" content=\"Gdy na Instagramie kr\u00f3lowa\u0142a pi\u0142ka no\u017cna, na Facebooku w marcu wyj\u0105tkowo du\u017co pojawi\u0142o si\u0119 temat\u00f3w politycznych. Raport Facebook Trends marzec 2018 ju\u017c jest!\" \/>\n<meta name=\"robots\" content=\"index, follow, max-snippet:-1, max-image-preview:large, max-video-preview:-1\" \/>\n<link rel=\"canonical\" href=\"https:\/\/www.sotrender.com\/blog\/pl\/2018\/04\/facebook-trends-marzec-2018\/\" \/>\n<meta property=\"og:locale\" content=\"pl_PL\" \/>\n<meta property=\"og:type\" content=\"article\" \/>\n<meta property=\"og:title\" content=\"Facebook Trends marzec 2018 - polityka przenosi si\u0119 na Facebooka\" \/>\n<meta property=\"og:description\" content=\"Gdy na Instagramie kr\u00f3lowa\u0142a pi\u0142ka no\u017cna, na Facebooku w marcu wyj\u0105tkowo du\u017co pojawi\u0142o si\u0119 temat\u00f3w politycznych. Raport Facebook Trends marzec 2018 ju\u017c jest!\" \/>\n<meta property=\"og:url\" content=\"https:\/\/www.sotrender.com\/blog\/pl\/2018\/04\/facebook-trends-marzec-2018\/\" \/>\n<meta property=\"og:site_name\" content=\"Sotrender Blog\" \/>\n<meta property=\"article:publisher\" content=\"https:\/\/www.facebook.com\/Sotrender\" \/>\n<meta property=\"article:published_time\" content=\"2018-04-13T09:51:00+00:00\" \/>\n<meta property=\"og:image\" content=\"https:\/\/www.sotrender.com\/blog\/wp-content\/uploads\/2018\/04\/watch-tv-301528_1280.jpg\" \/>\n\t<meta property=\"og:image:width\" content=\"1280\" \/>\n\t<meta property=\"og:image:height\" content=\"853\" \/>\n\t<meta property=\"og:image:type\" content=\"image\/jpeg\" \/>\n<meta name=\"author\" content=\"Klaudia \u017by\u0142ka\" \/>\n<meta name=\"twitter:card\" content=\"summary_large_image\" \/>\n<meta name=\"twitter:creator\" content=\"@Sotrender\" \/>\n<meta name=\"twitter:site\" content=\"@Sotrender\" \/>\n<meta name=\"twitter:label1\" content=\"Written by\" \/>\n\t<meta name=\"twitter:data1\" content=\"Klaudia \u017by\u0142ka\" \/>\n\t<meta name=\"twitter:label2\" content=\"Est. reading time\" \/>\n\t<meta name=\"twitter:data2\" content=\"2 minutes\" \/>\n<script type=\"application\/ld+json\" class=\"yoast-schema-graph\">{\"@context\":\"https:\/\/schema.org\",\"@graph\":[{\"@type\":\"WebPage\",\"@id\":\"https:\/\/www.sotrender.com\/blog\/pl\/2018\/04\/facebook-trends-marzec-2018\/\",\"url\":\"https:\/\/www.sotrender.com\/blog\/pl\/2018\/04\/facebook-trends-marzec-2018\/\",\"name\":\"Facebook Trends marzec 2018 - polityka przenosi si\u0119 na Facebooka\",\"isPartOf\":{\"@id\":\"https:\/\/www.sotrender.com\/blog\/#website\"},\"primaryImageOfPage\":{\"@id\":\"https:\/\/www.sotrender.com\/blog\/pl\/2018\/04\/facebook-trends-marzec-2018\/#primaryimage\"},\"image\":{\"@id\":\"https:\/\/www.sotrender.com\/blog\/pl\/2018\/04\/facebook-trends-marzec-2018\/#primaryimage\"},\"thumbnailUrl\":\"https:\/\/www.sotrender.com\/blog\/wp-content\/uploads\/2018\/04\/watch-tv-301528_1280.jpg\",\"datePublished\":\"2018-04-13T09:51:00+00:00\",\"dateModified\":\"2018-04-13T09:51:00+00:00\",\"author\":{\"@id\":\"https:\/\/www.sotrender.com\/blog\/#\/schema\/person\/038ac5e276c5d102d8cbb9c36cd43416\"},\"description\":\"Gdy na Instagramie kr\u00f3lowa\u0142a pi\u0142ka no\u017cna, na Facebooku w marcu wyj\u0105tkowo du\u017co pojawi\u0142o si\u0119 temat\u00f3w politycznych. Raport Facebook Trends marzec 2018 ju\u017c jest!\",\"breadcrumb\":{\"@id\":\"https:\/\/www.sotrender.com\/blog\/pl\/2018\/04\/facebook-trends-marzec-2018\/#breadcrumb\"},\"inLanguage\":\"pl-PL\",\"potentialAction\":[{\"@type\":\"ReadAction\",\"target\":[\"https:\/\/www.sotrender.com\/blog\/pl\/2018\/04\/facebook-trends-marzec-2018\/\"]}]},{\"@type\":\"ImageObject\",\"inLanguage\":\"pl-PL\",\"@id\":\"https:\/\/www.sotrender.com\/blog\/pl\/2018\/04\/facebook-trends-marzec-2018\/#primaryimage\",\"url\":\"https:\/\/www.sotrender.com\/blog\/wp-content\/uploads\/2018\/04\/watch-tv-301528_1280.jpg\",\"contentUrl\":\"https:\/\/www.sotrender.com\/blog\/wp-content\/uploads\/2018\/04\/watch-tv-301528_1280.jpg\",\"width\":1280,\"height\":853},{\"@type\":\"BreadcrumbList\",\"@id\":\"https:\/\/www.sotrender.com\/blog\/pl\/2018\/04\/facebook-trends-marzec-2018\/#breadcrumb\",\"itemListElement\":[{\"@type\":\"ListItem\",\"position\":1,\"name\":\"Home\",\"item\":\"https:\/\/www.sotrender.com\/blog\/\"},{\"@type\":\"ListItem\",\"position\":2,\"name\":\"Facebook Trends marzec 2018 &#8211; polityka przenosi si\u0119 na Facebooka\"}]},{\"@type\":\"WebSite\",\"@id\":\"https:\/\/www.sotrender.com\/blog\/#website\",\"url\":\"https:\/\/www.sotrender.com\/blog\/\",\"name\":\"Sotrender Blog\",\"description\":\"\",\"potentialAction\":[{\"@type\":\"SearchAction\",\"target\":{\"@type\":\"EntryPoint\",\"urlTemplate\":\"https:\/\/www.sotrender.com\/blog\/?s={search_term_string}\"},\"query-input\":\"required name=search_term_string\"}],\"inLanguage\":\"pl-PL\"},{\"@type\":\"Person\",\"@id\":\"https:\/\/www.sotrender.com\/blog\/#\/schema\/person\/038ac5e276c5d102d8cbb9c36cd43416\",\"name\":\"Klaudia \u017by\u0142ka\",\"image\":{\"@type\":\"ImageObject\",\"inLanguage\":\"pl-PL\",\"@id\":\"https:\/\/www.sotrender.com\/blog\/#\/schema\/person\/image\/\",\"url\":\"https:\/\/secure.gravatar.com\/avatar\/f55d5d49ce3c448e1ffde0ab078d84cd?s=96&d=mm&r=g\",\"contentUrl\":\"https:\/\/secure.gravatar.com\/avatar\/f55d5d49ce3c448e1ffde0ab078d84cd?s=96&d=mm&r=g\",\"caption\":\"Klaudia \u017by\u0142ka\"},\"description\":\"Instagram, dogs, books and food lover. Former student at Warsaw University and Malm\u00f6 University. Improving her marketing skills every day. Proud owner of DIMAQ certificate\",\"sameAs\":[\"https:\/\/www.linkedin.com\/in\/klaudia-\u017cy\u0142ka-17527779\"],\"url\":\"https:\/\/www.sotrender.com\/blog\/pl\/author\/klaudia_yka\/\"}]}<\/script>\n<!-- \/ Yoast SEO plugin. -->","yoast_head_json":{"title":"Facebook Trends marzec 2018 - polityka przenosi si\u0119 na Facebooka","description":"Gdy na Instagramie kr\u00f3lowa\u0142a pi\u0142ka no\u017cna, na Facebooku w marcu wyj\u0105tkowo du\u017co pojawi\u0142o si\u0119 temat\u00f3w politycznych. Raport Facebook Trends marzec 2018 ju\u017c jest!","robots":{"index":"index","follow":"follow","max-snippet":"max-snippet:-1","max-image-preview":"max-image-preview:large","max-video-preview":"max-video-preview:-1"},"canonical":"https:\/\/www.sotrender.com\/blog\/pl\/2018\/04\/facebook-trends-marzec-2018\/","og_locale":"pl_PL","og_type":"article","og_title":"Facebook Trends marzec 2018 - polityka przenosi si\u0119 na Facebooka","og_description":"Gdy na Instagramie kr\u00f3lowa\u0142a pi\u0142ka no\u017cna, na Facebooku w marcu wyj\u0105tkowo du\u017co pojawi\u0142o si\u0119 temat\u00f3w politycznych. Raport Facebook Trends marzec 2018 ju\u017c jest!","og_url":"https:\/\/www.sotrender.com\/blog\/pl\/2018\/04\/facebook-trends-marzec-2018\/","og_site_name":"Sotrender Blog","article_publisher":"https:\/\/www.facebook.com\/Sotrender","article_published_time":"2018-04-13T09:51:00+00:00","og_image":[{"width":1280,"height":853,"url":"https:\/\/www.sotrender.com\/blog\/wp-content\/uploads\/2018\/04\/watch-tv-301528_1280.jpg","type":"image\/jpeg"}],"author":"Klaudia \u017by\u0142ka","twitter_card":"summary_large_image","twitter_creator":"@Sotrender","twitter_site":"@Sotrender","twitter_misc":{"Written by":"Klaudia \u017by\u0142ka","Est. reading time":"2 minutes"},"schema":{"@context":"https:\/\/schema.org","@graph":[{"@type":"WebPage","@id":"https:\/\/www.sotrender.com\/blog\/pl\/2018\/04\/facebook-trends-marzec-2018\/","url":"https:\/\/www.sotrender.com\/blog\/pl\/2018\/04\/facebook-trends-marzec-2018\/","name":"Facebook Trends marzec 2018 - polityka przenosi si\u0119 na Facebooka","isPartOf":{"@id":"https:\/\/www.sotrender.com\/blog\/#website"},"primaryImageOfPage":{"@id":"https:\/\/www.sotrender.com\/blog\/pl\/2018\/04\/facebook-trends-marzec-2018\/#primaryimage"},"image":{"@id":"https:\/\/www.sotrender.com\/blog\/pl\/2018\/04\/facebook-trends-marzec-2018\/#primaryimage"},"thumbnailUrl":"https:\/\/www.sotrender.com\/blog\/wp-content\/uploads\/2018\/04\/watch-tv-301528_1280.jpg","datePublished":"2018-04-13T09:51:00+00:00","dateModified":"2018-04-13T09:51:00+00:00","author":{"@id":"https:\/\/www.sotrender.com\/blog\/#\/schema\/person\/038ac5e276c5d102d8cbb9c36cd43416"},"description":"Gdy na Instagramie kr\u00f3lowa\u0142a pi\u0142ka no\u017cna, na Facebooku w marcu wyj\u0105tkowo du\u017co pojawi\u0142o si\u0119 temat\u00f3w politycznych. Raport Facebook Trends marzec 2018 ju\u017c jest!","breadcrumb":{"@id":"https:\/\/www.sotrender.com\/blog\/pl\/2018\/04\/facebook-trends-marzec-2018\/#breadcrumb"},"inLanguage":"pl-PL","potentialAction":[{"@type":"ReadAction","target":["https:\/\/www.sotrender.com\/blog\/pl\/2018\/04\/facebook-trends-marzec-2018\/"]}]},{"@type":"ImageObject","inLanguage":"pl-PL","@id":"https:\/\/www.sotrender.com\/blog\/pl\/2018\/04\/facebook-trends-marzec-2018\/#primaryimage","url":"https:\/\/www.sotrender.com\/blog\/wp-content\/uploads\/2018\/04\/watch-tv-301528_1280.jpg","contentUrl":"https:\/\/www.sotrender.com\/blog\/wp-content\/uploads\/2018\/04\/watch-tv-301528_1280.jpg","width":1280,"height":853},{"@type":"BreadcrumbList","@id":"https:\/\/www.sotrender.com\/blog\/pl\/2018\/04\/facebook-trends-marzec-2018\/#breadcrumb","itemListElement":[{"@type":"ListItem","position":1,"name":"Home","item":"https:\/\/www.sotrender.com\/blog\/"},{"@type":"ListItem","position":2,"name":"Facebook Trends marzec 2018 &#8211; polityka przenosi si\u0119 na Facebooka"}]},{"@type":"WebSite","@id":"https:\/\/www.sotrender.com\/blog\/#website","url":"https:\/\/www.sotrender.com\/blog\/","name":"Sotrender Blog","description":"","potentialAction":[{"@type":"SearchAction","target":{"@type":"EntryPoint","urlTemplate":"https:\/\/www.sotrender.com\/blog\/?s={search_term_string}"},"query-input":"required name=search_term_string"}],"inLanguage":"pl-PL"},{"@type":"Person","@id":"https:\/\/www.sotrender.com\/blog\/#\/schema\/person\/038ac5e276c5d102d8cbb9c36cd43416","name":"Klaudia \u017by\u0142ka","image":{"@type":"ImageObject","inLanguage":"pl-PL","@id":"https:\/\/www.sotrender.com\/blog\/#\/schema\/person\/image\/","url":"https:\/\/secure.gravatar.com\/avatar\/f55d5d49ce3c448e1ffde0ab078d84cd?s=96&d=mm&r=g","contentUrl":"https:\/\/secure.gravatar.com\/avatar\/f55d5d49ce3c448e1ffde0ab078d84cd?s=96&d=mm&r=g","caption":"Klaudia \u017by\u0142ka"},"description":"Instagram, dogs, books and food lover. Former student at Warsaw University and Malm\u00f6 University. Improving her marketing skills every day. Proud owner of DIMAQ certificate","sameAs":["https:\/\/www.linkedin.com\/in\/klaudia-\u017cy\u0142ka-17527779"],"url":"https:\/\/www.sotrender.com\/blog\/pl\/author\/klaudia_yka\/"}]}},"_links":{"self":[{"href":"https:\/\/www.sotrender.com\/blog\/pl\/wp-json\/wp\/v2\/posts\/33815"}],"collection":[{"href":"https:\/\/www.sotrender.com\/blog\/pl\/wp-json\/wp\/v2\/posts"}],"about":[{"href":"https:\/\/www.sotrender.com\/blog\/pl\/wp-json\/wp\/v2\/types\/post"}],"author":[{"embeddable":true,"href":"https:\/\/www.sotrender.com\/blog\/pl\/wp-json\/wp\/v2\/users\/89"}],"replies":[{"embeddable":true,"href":"https:\/\/www.sotrender.com\/blog\/pl\/wp-json\/wp\/v2\/comments?post=33815"}],"version-history":[{"count":3,"href":"https:\/\/www.sotrender.com\/blog\/pl\/wp-json\/wp\/v2\/posts\/33815\/revisions"}],"predecessor-version":[{"id":33835,"href":"https:\/\/www.sotrender.com\/blog\/pl\/wp-json\/wp\/v2\/posts\/33815\/revisions\/33835"}],"wp:featuredmedia":[{"embeddable":true,"href":"https:\/\/www.sotrender.com\/blog\/pl\/wp-json\/wp\/v2\/media\/33831"}],"wp:attachment":[{"href":"https:\/\/www.sotrender.com\/blog\/pl\/wp-json\/wp\/v2\/media?parent=33815"}],"wp:term":[{"taxonomy":"category","embeddable":true,"href":"https:\/\/www.sotrender.com\/blog\/pl\/wp-json\/wp\/v2\/categories?post=33815"},{"taxonomy":"post_tag","embeddable":true,"href":"https:\/\/www.sotrender.com\/blog\/pl\/wp-json\/wp\/v2\/tags?post=33815"}],"curies":[{"name":"wp","href":"https:\/\/api.w.org\/{rel}","templated":true}]}}