{"id":33685,"date":"2018-04-06T08:30:50","date_gmt":"2018-04-06T06:30:50","guid":{"rendered":"https:\/\/www.sotrender.com\/blog\/?p=33685\/"},"modified":"2018-04-06T09:02:58","modified_gmt":"2018-04-06T07:02:58","slug":"instagram-trends-marzec-2018-meska-dominacja-na-instagramie","status":"publish","type":"post","link":"https:\/\/www.sotrender.com\/blog\/pl\/2018\/04\/instagram-trends-marzec-2018-meska-dominacja-na-instagramie\/","title":{"rendered":"Instagram Trends marzec 2018 &#8211; m\u0119ska dominacja na Instagramie"},"content":{"rendered":"<p><span style=\"font-weight: 400;\">Instagram od zawsze wydaje si\u0119 by\u0107 bardzo kobiecym kana\u0142em spo\u0142eczno\u015bciowym. Czy mo\u017cemy tak powiedzie\u0107 r\u00f3wnie\u017c w tym miesi\u0105cu? Absolutnie nie! Wiecie, \u017ce w\u015br\u00f3d 15 najlepszych post\u00f3w miesi\u0105ca, a\u017c 13 dotyczy\u0142o pi\u0142ki no\u017cnej? Co spowodowa\u0142o t\u0119 absolutn\u0105 dominacj\u0119? Sprawdzamy w najnowszym raporcie <a href=\"https:\/\/www.sotrender.com\/trends\/instagram\/poland\/201803\">Instagram Trends marzec 2018<\/a>!<\/span><\/p>\n<p><!--more--><\/p>\n<h2><b>Pi\u0142karskie emocje <\/b><\/h2>\n<p><span style=\"font-weight: 400;\">Najwi\u0119ksze wydarzenie na Instagramie w marcu? Zdecydowanie transfer nowego zawodnika do Lechii Gda\u0144sk. Egy Maulana Vikri, kt\u00f3ry do\u0142\u0105czy\u0142 do zespo\u0142u Lechii zagwarantowa\u0142 jej jednocze\u015bnie przyrost o ponad 197 tysi\u0119cy nowych obserwator\u00f3w.<\/span><\/p>\n<div id=\"attachment_33719\" style=\"width: 342px\" class=\"wp-caption aligncenter\"><img loading=\"lazy\" decoding=\"async\" aria-describedby=\"caption-attachment-33719\" class=\"size-full wp-image-33719\" src=\"https:\/\/www.sotrender.com\/blog\/wp-content\/uploads\/2018\/04\/instagram-marzec-najszybciej-rosnacy.png\" alt=\"Najszybciej rosn\u0105ce profile w marcu na Instagramie\" width=\"332\" height=\"287\" \/><p id=\"caption-attachment-33719\" class=\"wp-caption-text\">Najszybciej rosn\u0105ce profile w marcu na Instagramie<\/p><\/div>\n<p><span style=\"font-weight: 400;\">Du\u017ce wzrosty odnotowa\u0142 r\u00f3wnie\u017c profil \u0141\u0105czy nas pi\u0142ka, gdzie relacjonowano mecze towarzyskie przed tegorocznymi Mistrzostwami \u015awiata w pi\u0142ce no\u017cnej oraz eliminacje do U-21.<\/span><\/p>\n<div id=\"attachment_33715\" style=\"width: 909px\" class=\"wp-caption aligncenter\"><img loading=\"lazy\" decoding=\"async\" aria-describedby=\"caption-attachment-33715\" class=\"size-full wp-image-33715\" src=\"https:\/\/www.sotrender.com\/blog\/wp-content\/uploads\/2018\/04\/marki-zaangazowanie-marzec-ig.png\" alt=\"Profile marek o najwi\u0119kszym zaanga\u017cowaniu w marcu na Instagramie\" width=\"899\" height=\"355\" srcset=\"https:\/\/www.sotrender.com\/blog\/wp-content\/uploads\/2018\/04\/marki-zaangazowanie-marzec-ig.png 899w, https:\/\/www.sotrender.com\/blog\/wp-content\/uploads\/2018\/04\/marki-zaangazowanie-marzec-ig-475x188.png 475w, https:\/\/www.sotrender.com\/blog\/wp-content\/uploads\/2018\/04\/marki-zaangazowanie-marzec-ig-768x303.png 768w\" sizes=\"(max-width: 899px) 100vw, 899px\" \/><p id=\"caption-attachment-33715\" class=\"wp-caption-text\">Profile marek o najwi\u0119kszym zaanga\u017cowaniu w marcu na Instagramie<\/p><\/div>\n<p><span style=\"font-weight: 400;\">Kolejnym mocno anga\u017cuj\u0105cym fan\u00f3w pi\u0142ki profilem by\u0142 Lech Pozna\u0144, kt\u00f3ry w po\u0142owie miesi\u0105ca wygra\u0142 mecz 3:0 z wspomnian\u0105 ju\u017c Lechi\u0105 Gda\u0144sk. <\/span><\/p>\n<blockquote class=\"instagram-media\" style=\"background: #FFF; border: 0; border-radius: 3px; box-shadow: 0 0 1px 0 rgba(0,0,0,0.5),0 1px 10px 0 rgba(0,0,0,0.15); margin: 1px; max-width: 658px; padding: 0; width: calc(100% - 2px);\" data-instgrm-captioned=\"\" data-instgrm-permalink=\"https:\/\/www.instagram.com\/p\/BgZpr2whCaV\/\" data-instgrm-version=\"8\">\n<div style=\"padding: 8px;\">\n<div style=\"background: #f8f8f8; line-height: 0; margin-top: 40px; padding: 33.3333% 0px; width: 100%; text-align: center;\"><\/div>\n<p style=\"margin: 8px 0 0 0; padding: 0 4px;\"><a style=\"color: #000; font-family: Arial,sans-serif; font-size: 14px; font-style: normal; font-weight: normal; line-height: 17px; text-decoration: none; word-wrap: break-word;\" href=\"https:\/\/www.instagram.com\/p\/BgZpr2whCaV\/\" target=\"_blank\" rel=\"noopener\">Jest ogieeeee\u0144! ?? KTO WYGRA\u0141 MECZ?!?!?!<\/a><\/p>\n<p style=\"color: #c9c8cd; font-family: Arial,sans-serif; font-size: 14px; line-height: 17px; margin-bottom: 0; margin-top: 8px; overflow: hidden; padding: 8px 0 7px; text-align: center; text-overflow: ellipsis; white-space: nowrap;\">Post udost\u0119pniony przez <a style=\"color: #c9c8cd; font-family: Arial,sans-serif; font-size: 14px; font-style: normal; font-weight: normal; line-height: 17px;\" href=\"https:\/\/www.instagram.com\/lechpoznan1922\/\" target=\"_blank\" rel=\"noopener\"> Lech Pozna\u0144 &#8211; oficjalny profil<\/a> (@lechpoznan1922) <time style=\"font-family: Arial,sans-serif; font-size: 14px; line-height: 17px;\" datetime=\"2018-03-16T22:26:07+00:00\">Mar 16, 2018 o 3:26 PDT<\/time><\/p>\n<\/div>\n<\/blockquote>\n<p><script async defer src=\"\/\/www.instagram.com\/embed.js\"><\/script><\/p>\n<h2><b>Newsy ze \u015bwiata celebryt\u00f3w<\/b><\/h2>\n<p><span style=\"font-weight: 400;\">\u015aledzicie Pudelka lub inne portale plotkarskie? W\u0142a\u015bciwie nie musicie, \u017ceby by\u0107 na bie\u017c\u0105co. Podsumowanie marca na Instagramie podaje nam wszystko na tacy. Wiemy m.in. o tym, \u017ce Deynn wzi\u0119\u0142a \u015blub, \u017ce Angelika Mucha (@littlemooonster96) wyprawi\u0142a swoje 22. urodziny i kto si\u0119 na nich pojawi\u0142.<\/span><\/p>\n<div id=\"attachment_33721\" style=\"width: 894px\" class=\"wp-caption aligncenter\"><img loading=\"lazy\" decoding=\"async\" aria-describedby=\"caption-attachment-33721\" class=\"size-full wp-image-33721\" src=\"https:\/\/www.sotrender.com\/blog\/wp-content\/uploads\/2018\/04\/instagram-marzec-media-posty.png\" alt=\"Najlepsze posty w kategorii Media w marcu na Instagramie\" width=\"884\" height=\"432\" srcset=\"https:\/\/www.sotrender.com\/blog\/wp-content\/uploads\/2018\/04\/instagram-marzec-media-posty.png 884w, https:\/\/www.sotrender.com\/blog\/wp-content\/uploads\/2018\/04\/instagram-marzec-media-posty-475x232.png 475w, https:\/\/www.sotrender.com\/blog\/wp-content\/uploads\/2018\/04\/instagram-marzec-media-posty-768x375.png 768w\" sizes=\"(max-width: 884px) 100vw, 884px\" \/><p id=\"caption-attachment-33721\" class=\"wp-caption-text\">Najlepsze posty w kategorii <a href=\"https:\/\/www.sotrender.com\/trends\/instagram\/poland\/201803\/media\">Media<\/a> w marcu na Instagramie<\/p><\/div>\n<p style=\"text-align: center;\"><!--HubSpot Call-to-Action Code --><span id=\"hs-cta-wrapper-c4243256-775c-4f09-9dae-182c6d1fa4e1\" class=\"hs-cta-wrapper\"><span id=\"hs-cta-c4243256-775c-4f09-9dae-182c6d1fa4e1\" class=\"hs-cta-node hs-cta-c4243256-775c-4f09-9dae-182c6d1fa4e1\"><!-- [if lte IE 8]><\/p>\n\n\n\n\n\n<div id=\"hs-cta-ie-element\"><\/div>\n\n\n<![endif]--><a href=\"https:\/\/cta-redirect.hubspot.com\/cta\/redirect\/3842881\/c4243256-775c-4f09-9dae-182c6d1fa4e1\"><img decoding=\"async\" id=\"hs-cta-img-c4243256-775c-4f09-9dae-182c6d1fa4e1\" class=\"hs-cta-img aligncenter\" style=\"border-width: 0px;\" src=\"https:\/\/no-cache.hubspot.com\/cta\/default\/3842881\/c4243256-775c-4f09-9dae-182c6d1fa4e1.png\" alt=\"Mierz swoje dzia\u0142ania w social media!\" \/><\/a><\/span><script charset=\"utf-8\" src=\"https:\/\/js.hscta.net\/cta\/current.js\"><\/script><script type=\"text\/javascript\"> hbspt.cta.load(3842881, 'c4243256-775c-4f09-9dae-182c6d1fa4e1', {}); <\/script><\/span><!-- end HubSpot Call-to-Action Code --><\/p>\n<p><span style=\"font-weight: 400;\">Smutn\u0105 wiadomo\u015bci\u0105, kt\u00f3ra r\u00f3wnie\u017c obieg\u0142a media w marcu, by\u0142a informacja o \u015bmierci Tomasza Chady, o kt\u00f3rym pisali\u015bmy przy okazji jednego z <\/span><a href=\"https:\/\/www.sotrender.com\/blog\/pl\/2017\/09\/facebook-trends-polska-sierpien-2017-warto-dbac-o-swoich-fanow\/\"><span style=\"font-weight: 400;\">raport\u00f3w Facebook Trends w minionym roku<\/span><\/a><span style=\"font-weight: 400;\">.<\/span><\/p>\n<div id=\"attachment_33723\" style=\"width: 884px\" class=\"wp-caption aligncenter\"><img loading=\"lazy\" decoding=\"async\" aria-describedby=\"caption-attachment-33723\" class=\"size-full wp-image-33723\" src=\"https:\/\/www.sotrender.com\/blog\/wp-content\/uploads\/2018\/04\/instagram-marzec-muzyka-posty.png\" alt=\"Najlepsze posty w kategorii Muzyka w marcu na Instagramie\" width=\"874\" height=\"421\" srcset=\"https:\/\/www.sotrender.com\/blog\/wp-content\/uploads\/2018\/04\/instagram-marzec-muzyka-posty.png 874w, https:\/\/www.sotrender.com\/blog\/wp-content\/uploads\/2018\/04\/instagram-marzec-muzyka-posty-475x229.png 475w, https:\/\/www.sotrender.com\/blog\/wp-content\/uploads\/2018\/04\/instagram-marzec-muzyka-posty-768x370.png 768w\" sizes=\"(max-width: 874px) 100vw, 874px\" \/><p id=\"caption-attachment-33723\" class=\"wp-caption-text\">Najlepsze posty w kategorii Muzyka w marcu na Instagramie<\/p><\/div>\n<h2><b>W drodze po milion <\/b><\/h2>\n<p><span style=\"font-weight: 400;\">By\u0107 mo\u017ce komu\u015b umkn\u0105\u0142 ten fakt, ale mamy kolejnego milionera! Jak wida\u0107 nie tylko sama zwyci\u0119\u017cczyni &#8211; Pani Maria &#8211; cieszy\u0142a si\u0119 ze swojego sukcesu &#8211; post na profilu TVN.pl zosta\u0142 najlepszym postem miesi\u0105ca w kategorii <a href=\"https:\/\/www.sotrender.com\/trends\/instagram\/poland\/201803\/media\/media_tradycyjne\">Media tradycyjne<\/a>.<\/span><\/p>\n<div id=\"attachment_33725\" style=\"width: 895px\" class=\"wp-caption aligncenter\"><img loading=\"lazy\" decoding=\"async\" aria-describedby=\"caption-attachment-33725\" class=\"size-full wp-image-33725\" src=\"https:\/\/www.sotrender.com\/blog\/wp-content\/uploads\/2018\/04\/instagram-marzec-media-tradycyjne-posty.png\" alt=\"Najlepsze posty w kategorii Media tradycyjne w marcu na Instagramie\" width=\"885\" height=\"424\" srcset=\"https:\/\/www.sotrender.com\/blog\/wp-content\/uploads\/2018\/04\/instagram-marzec-media-tradycyjne-posty.png 885w, https:\/\/www.sotrender.com\/blog\/wp-content\/uploads\/2018\/04\/instagram-marzec-media-tradycyjne-posty-475x228.png 475w, https:\/\/www.sotrender.com\/blog\/wp-content\/uploads\/2018\/04\/instagram-marzec-media-tradycyjne-posty-768x368.png 768w\" sizes=\"(max-width: 885px) 100vw, 885px\" \/><p id=\"caption-attachment-33725\" class=\"wp-caption-text\">Najlepsze posty w kategorii Media tradycyjne w marcu na Instagramie<\/p><\/div>\n<p><span style=\"font-weight: 400;\">O milionie &#8211; obserwator\u00f3w &#8211; my\u015bli te\u017c ju\u017c na pewno Reserved, kt\u00f3re w marcu sta\u0142o si\u0119 numerem 1 w kategorii <a href=\"https:\/\/www.sotrender.com\/trends\/instagram\/poland\/201803\/marki\">Marki<\/a> na polskim Instagramie. W por\u00f3wnaniu do poprzedniego miesi\u0105ca na profilu Reserved przyby\u0142o ponad 30 ty\u015b nowych obserwator\u00f3w. Z pewno\u015bci\u0105 nie bez znaczenia by\u0142a premiera najnowszej &#8211; fenomenalnej &#8211; kampanii reklamowej z Cindy Crawford, wobec kt\u00f3rej wprost nie da\u0142o si\u0119 przej\u015b\u0107 oboj\u0119tnie. <\/span><\/p>\n<div id=\"attachment_33699\" style=\"width: 910px\" class=\"wp-caption aligncenter\"><img loading=\"lazy\" decoding=\"async\" aria-describedby=\"caption-attachment-33699\" class=\"size-full wp-image-33699\" src=\"https:\/\/www.sotrender.com\/blog\/wp-content\/uploads\/2018\/04\/reserved-marzec-instagram.png\" alt=\"Profil Reserved numerem 1 na Instagramie w marcu \" width=\"900\" height=\"123\" srcset=\"https:\/\/www.sotrender.com\/blog\/wp-content\/uploads\/2018\/04\/reserved-marzec-instagram.png 900w, https:\/\/www.sotrender.com\/blog\/wp-content\/uploads\/2018\/04\/reserved-marzec-instagram-475x65.png 475w, https:\/\/www.sotrender.com\/blog\/wp-content\/uploads\/2018\/04\/reserved-marzec-instagram-768x105.png 768w\" sizes=\"(max-width: 900px) 100vw, 900px\" \/><p id=\"caption-attachment-33699\" class=\"wp-caption-text\">Profil Reserved numerem 1 na Instagramie w marcu<\/p><\/div>\n<p><span style=\"font-weight: 400;\">Na koniec <a href=\"https:\/\/www.sotrender.com\/trends\/instagram\/poland\/201803\/osoby\/muzycy\">muzyczni<\/a> \u201cmilionerzy\u201d zaanga\u017cowania. W tej kategorii bezkonkurencyjny jest Dawid Kwiatkowski, kt\u00f3ry jako jedyny od kilku miesi\u0119cy przekracza magiczny milion w liczbie aktywno\u015bci swoich fan\u00f3w. W marcu mocno zacz\u0105\u0142 go goni\u0107 jednak Quebonafide, kt\u00f3ry wraz z Taco Hemingwayem wypuszcza wkr\u00f3tce wsp\u00f3ln\u0105 p\u0142yt\u0119. Fani ewidentnie nie mog\u0105 si\u0119 doczeka\u0107 tego nowego kr\u0105\u017cka. <\/span><\/p>\n<div id=\"attachment_33701\" style=\"width: 916px\" class=\"wp-caption aligncenter\"><img loading=\"lazy\" decoding=\"async\" aria-describedby=\"caption-attachment-33701\" class=\"size-full wp-image-33701\" src=\"https:\/\/www.sotrender.com\/blog\/wp-content\/uploads\/2018\/04\/muzycy-instagram-marzec.png\" alt=\"Muzycy o najwi\u0119kszym zaanga\u017cowaniu w marcu na Instagramie \" width=\"906\" height=\"684\" srcset=\"https:\/\/www.sotrender.com\/blog\/wp-content\/uploads\/2018\/04\/muzycy-instagram-marzec.png 906w, https:\/\/www.sotrender.com\/blog\/wp-content\/uploads\/2018\/04\/muzycy-instagram-marzec-475x359.png 475w, https:\/\/www.sotrender.com\/blog\/wp-content\/uploads\/2018\/04\/muzycy-instagram-marzec-768x580.png 768w\" sizes=\"(max-width: 906px) 100vw, 906px\" \/><p id=\"caption-attachment-33701\" class=\"wp-caption-text\">Muzycy o najwi\u0119kszym zaanga\u017cowaniu w marcu na Instagramie<\/p><\/div>\n<p><span style=\"font-weight: 400;\">Taco Hemingway, kt\u00f3ry ostatnio rzadko jest aktywny na swoim Instagramie, publikuj\u0105c jedynie jeden post r\u00f3wnie\u017c mocno \u201cpodskoczy\u0142\u201d w rankingach.<\/span><\/p>\n<p style=\"text-align: center;\"><!--HubSpot Call-to-Action Code --><span id=\"hs-cta-wrapper-c4243256-775c-4f09-9dae-182c6d1fa4e1\" class=\"hs-cta-wrapper\"><span id=\"hs-cta-c4243256-775c-4f09-9dae-182c6d1fa4e1\" class=\"hs-cta-node hs-cta-c4243256-775c-4f09-9dae-182c6d1fa4e1\"><!-- [if lte IE 8]><\/p>\n\n\n\n\n\n<div id=\"hs-cta-ie-element\"><\/div>\n\n\n<![endif]--><a href=\"https:\/\/cta-redirect.hubspot.com\/cta\/redirect\/3842881\/c4243256-775c-4f09-9dae-182c6d1fa4e1\"><img decoding=\"async\" id=\"hs-cta-img-c4243256-775c-4f09-9dae-182c6d1fa4e1\" class=\"hs-cta-img aligncenter\" style=\"border-width: 0px;\" src=\"https:\/\/no-cache.hubspot.com\/cta\/default\/3842881\/c4243256-775c-4f09-9dae-182c6d1fa4e1.png\" alt=\"Mierz swoje dzia\u0142ania w social media!\" \/><\/a><\/span><script charset=\"utf-8\" src=\"https:\/\/js.hscta.net\/cta\/current.js\"><\/script><script type=\"text\/javascript\"> hbspt.cta.load(3842881, 'c4243256-775c-4f09-9dae-182c6d1fa4e1', {}); <\/script><\/span><!-- end HubSpot Call-to-Action Code --><\/p>\n<p><strong>Co jeszcze wydarzy\u0142o si\u0119 w marcu na Instagramie? <\/strong>Sprawdzicie jak zawsze w najnowszym raporcie <a href=\"https:\/\/www.sotrender.com\/trends\/instagram\/poland\/201803\">Instagram Trends<\/a>!<\/p>\n","protected":false},"excerpt":{"rendered":"<p>Instagram od zawsze wydaje si\u0119 by\u0107 bardzo kobiecym kana\u0142em spo\u0142eczno\u015bciowym. Czy mo\u017cemy tak powiedzie\u0107 r\u00f3wnie\u017c w tym miesi\u0105cu? Absolutnie nie! Wiecie, \u017ce w\u015br\u00f3d 15 najlepszych post\u00f3w miesi\u0105ca, a\u017c 13 dotyczy\u0142o pi\u0142ki no\u017cnej? Co spowodowa\u0142o t\u0119 absolutn\u0105 dominacj\u0119? Sprawdzamy w najnowszym raporcie Instagram Trends marzec 2018!<\/p>\n","protected":false},"author":89,"featured_media":33713,"comment_status":"open","ping_status":"open","sticky":false,"template":"","format":"standard","meta":{"inline_featured_image":false,"footnotes":""},"categories":[1791,1803,2125],"tags":[313,615,2073],"yoast_head":"<!-- This site is optimized with the Yoast SEO plugin v22.4 - https:\/\/yoast.com\/wordpress\/plugins\/seo\/ -->\n<title>Instagram Trends marzec 2018 - m\u0119ska dominacja na Instagramie<\/title>\n<meta name=\"description\" content=\"Instagram od zawsze wydaje si\u0119 by\u0107 bardzo kobiecym kana\u0142em spo\u0142eczno\u015bciowym. Czy mo\u017cemy tak powiedzie\u0107 r\u00f3wnie\u017c w tym miesi\u0105cu? Absolutnie nie!\" \/>\n<meta name=\"robots\" content=\"index, follow, max-snippet:-1, max-image-preview:large, max-video-preview:-1\" \/>\n<link rel=\"canonical\" href=\"https:\/\/www.sotrender.com\/blog\/pl\/2018\/04\/instagram-trends-marzec-2018-meska-dominacja-na-instagramie\/\" \/>\n<meta property=\"og:locale\" content=\"pl_PL\" \/>\n<meta property=\"og:type\" content=\"article\" \/>\n<meta property=\"og:title\" content=\"Instagram Trends marzec 2018 - m\u0119ska dominacja na Instagramie\" \/>\n<meta property=\"og:description\" content=\"Instagram od zawsze wydaje si\u0119 by\u0107 bardzo kobiecym kana\u0142em spo\u0142eczno\u015bciowym. Czy mo\u017cemy tak powiedzie\u0107 r\u00f3wnie\u017c w tym miesi\u0105cu? Absolutnie nie!\" \/>\n<meta property=\"og:url\" content=\"https:\/\/www.sotrender.com\/blog\/pl\/2018\/04\/instagram-trends-marzec-2018-meska-dominacja-na-instagramie\/\" \/>\n<meta property=\"og:site_name\" content=\"Sotrender Blog\" \/>\n<meta property=\"article:publisher\" content=\"https:\/\/www.facebook.com\/Sotrender\" \/>\n<meta property=\"article:published_time\" content=\"2018-04-06T06:30:50+00:00\" \/>\n<meta property=\"article:modified_time\" content=\"2018-04-06T07:02:58+00:00\" \/>\n<meta property=\"og:image\" content=\"https:\/\/www.sotrender.com\/blog\/wp-content\/uploads\/2018\/04\/food-3263812_1280.jpg\" \/>\n\t<meta property=\"og:image:width\" content=\"1280\" \/>\n\t<meta property=\"og:image:height\" content=\"853\" \/>\n\t<meta property=\"og:image:type\" content=\"image\/jpeg\" \/>\n<meta name=\"author\" content=\"Klaudia \u017by\u0142ka\" \/>\n<meta name=\"twitter:card\" content=\"summary_large_image\" \/>\n<meta name=\"twitter:creator\" content=\"@Sotrender\" \/>\n<meta name=\"twitter:site\" content=\"@Sotrender\" \/>\n<meta name=\"twitter:label1\" content=\"Written by\" \/>\n\t<meta name=\"twitter:data1\" content=\"Klaudia \u017by\u0142ka\" \/>\n\t<meta name=\"twitter:label2\" content=\"Est. reading time\" \/>\n\t<meta name=\"twitter:data2\" content=\"3 minutes\" \/>\n<script type=\"application\/ld+json\" class=\"yoast-schema-graph\">{\"@context\":\"https:\/\/schema.org\",\"@graph\":[{\"@type\":\"WebPage\",\"@id\":\"https:\/\/www.sotrender.com\/blog\/pl\/2018\/04\/instagram-trends-marzec-2018-meska-dominacja-na-instagramie\/\",\"url\":\"https:\/\/www.sotrender.com\/blog\/pl\/2018\/04\/instagram-trends-marzec-2018-meska-dominacja-na-instagramie\/\",\"name\":\"Instagram Trends marzec 2018 - m\u0119ska dominacja na Instagramie\",\"isPartOf\":{\"@id\":\"https:\/\/www.sotrender.com\/blog\/#website\"},\"primaryImageOfPage\":{\"@id\":\"https:\/\/www.sotrender.com\/blog\/pl\/2018\/04\/instagram-trends-marzec-2018-meska-dominacja-na-instagramie\/#primaryimage\"},\"image\":{\"@id\":\"https:\/\/www.sotrender.com\/blog\/pl\/2018\/04\/instagram-trends-marzec-2018-meska-dominacja-na-instagramie\/#primaryimage\"},\"thumbnailUrl\":\"https:\/\/www.sotrender.com\/blog\/wp-content\/uploads\/2018\/04\/food-3263812_1280.jpg\",\"datePublished\":\"2018-04-06T06:30:50+00:00\",\"dateModified\":\"2018-04-06T07:02:58+00:00\",\"author\":{\"@id\":\"https:\/\/www.sotrender.com\/blog\/#\/schema\/person\/038ac5e276c5d102d8cbb9c36cd43416\"},\"description\":\"Instagram od zawsze wydaje si\u0119 by\u0107 bardzo kobiecym kana\u0142em spo\u0142eczno\u015bciowym. Czy mo\u017cemy tak powiedzie\u0107 r\u00f3wnie\u017c w tym miesi\u0105cu? Absolutnie nie!\",\"breadcrumb\":{\"@id\":\"https:\/\/www.sotrender.com\/blog\/pl\/2018\/04\/instagram-trends-marzec-2018-meska-dominacja-na-instagramie\/#breadcrumb\"},\"inLanguage\":\"pl-PL\",\"potentialAction\":[{\"@type\":\"ReadAction\",\"target\":[\"https:\/\/www.sotrender.com\/blog\/pl\/2018\/04\/instagram-trends-marzec-2018-meska-dominacja-na-instagramie\/\"]}]},{\"@type\":\"ImageObject\",\"inLanguage\":\"pl-PL\",\"@id\":\"https:\/\/www.sotrender.com\/blog\/pl\/2018\/04\/instagram-trends-marzec-2018-meska-dominacja-na-instagramie\/#primaryimage\",\"url\":\"https:\/\/www.sotrender.com\/blog\/wp-content\/uploads\/2018\/04\/food-3263812_1280.jpg\",\"contentUrl\":\"https:\/\/www.sotrender.com\/blog\/wp-content\/uploads\/2018\/04\/food-3263812_1280.jpg\",\"width\":1280,\"height\":853,\"caption\":\"football\"},{\"@type\":\"BreadcrumbList\",\"@id\":\"https:\/\/www.sotrender.com\/blog\/pl\/2018\/04\/instagram-trends-marzec-2018-meska-dominacja-na-instagramie\/#breadcrumb\",\"itemListElement\":[{\"@type\":\"ListItem\",\"position\":1,\"name\":\"Home\",\"item\":\"https:\/\/www.sotrender.com\/blog\/\"},{\"@type\":\"ListItem\",\"position\":2,\"name\":\"Instagram Trends marzec 2018 &#8211; m\u0119ska dominacja na Instagramie\"}]},{\"@type\":\"WebSite\",\"@id\":\"https:\/\/www.sotrender.com\/blog\/#website\",\"url\":\"https:\/\/www.sotrender.com\/blog\/\",\"name\":\"Sotrender Blog\",\"description\":\"\",\"potentialAction\":[{\"@type\":\"SearchAction\",\"target\":{\"@type\":\"EntryPoint\",\"urlTemplate\":\"https:\/\/www.sotrender.com\/blog\/?s={search_term_string}\"},\"query-input\":\"required name=search_term_string\"}],\"inLanguage\":\"pl-PL\"},{\"@type\":\"Person\",\"@id\":\"https:\/\/www.sotrender.com\/blog\/#\/schema\/person\/038ac5e276c5d102d8cbb9c36cd43416\",\"name\":\"Klaudia \u017by\u0142ka\",\"image\":{\"@type\":\"ImageObject\",\"inLanguage\":\"pl-PL\",\"@id\":\"https:\/\/www.sotrender.com\/blog\/#\/schema\/person\/image\/\",\"url\":\"https:\/\/secure.gravatar.com\/avatar\/f55d5d49ce3c448e1ffde0ab078d84cd?s=96&d=mm&r=g\",\"contentUrl\":\"https:\/\/secure.gravatar.com\/avatar\/f55d5d49ce3c448e1ffde0ab078d84cd?s=96&d=mm&r=g\",\"caption\":\"Klaudia \u017by\u0142ka\"},\"description\":\"Instagram, dogs, books and food lover. Former student at Warsaw University and Malm\u00f6 University. Improving her marketing skills every day. Proud owner of DIMAQ certificate\",\"sameAs\":[\"https:\/\/www.linkedin.com\/in\/klaudia-\u017cy\u0142ka-17527779\"],\"url\":\"https:\/\/www.sotrender.com\/blog\/pl\/author\/klaudia_yka\/\"}]}<\/script>\n<!-- \/ Yoast SEO plugin. -->","yoast_head_json":{"title":"Instagram Trends marzec 2018 - m\u0119ska dominacja na Instagramie","description":"Instagram od zawsze wydaje si\u0119 by\u0107 bardzo kobiecym kana\u0142em spo\u0142eczno\u015bciowym. Czy mo\u017cemy tak powiedzie\u0107 r\u00f3wnie\u017c w tym miesi\u0105cu? Absolutnie nie!","robots":{"index":"index","follow":"follow","max-snippet":"max-snippet:-1","max-image-preview":"max-image-preview:large","max-video-preview":"max-video-preview:-1"},"canonical":"https:\/\/www.sotrender.com\/blog\/pl\/2018\/04\/instagram-trends-marzec-2018-meska-dominacja-na-instagramie\/","og_locale":"pl_PL","og_type":"article","og_title":"Instagram Trends marzec 2018 - m\u0119ska dominacja na Instagramie","og_description":"Instagram od zawsze wydaje si\u0119 by\u0107 bardzo kobiecym kana\u0142em spo\u0142eczno\u015bciowym. Czy mo\u017cemy tak powiedzie\u0107 r\u00f3wnie\u017c w tym miesi\u0105cu? Absolutnie nie!","og_url":"https:\/\/www.sotrender.com\/blog\/pl\/2018\/04\/instagram-trends-marzec-2018-meska-dominacja-na-instagramie\/","og_site_name":"Sotrender Blog","article_publisher":"https:\/\/www.facebook.com\/Sotrender","article_published_time":"2018-04-06T06:30:50+00:00","article_modified_time":"2018-04-06T07:02:58+00:00","og_image":[{"width":1280,"height":853,"url":"https:\/\/www.sotrender.com\/blog\/wp-content\/uploads\/2018\/04\/food-3263812_1280.jpg","type":"image\/jpeg"}],"author":"Klaudia \u017by\u0142ka","twitter_card":"summary_large_image","twitter_creator":"@Sotrender","twitter_site":"@Sotrender","twitter_misc":{"Written by":"Klaudia \u017by\u0142ka","Est. reading time":"3 minutes"},"schema":{"@context":"https:\/\/schema.org","@graph":[{"@type":"WebPage","@id":"https:\/\/www.sotrender.com\/blog\/pl\/2018\/04\/instagram-trends-marzec-2018-meska-dominacja-na-instagramie\/","url":"https:\/\/www.sotrender.com\/blog\/pl\/2018\/04\/instagram-trends-marzec-2018-meska-dominacja-na-instagramie\/","name":"Instagram Trends marzec 2018 - m\u0119ska dominacja na Instagramie","isPartOf":{"@id":"https:\/\/www.sotrender.com\/blog\/#website"},"primaryImageOfPage":{"@id":"https:\/\/www.sotrender.com\/blog\/pl\/2018\/04\/instagram-trends-marzec-2018-meska-dominacja-na-instagramie\/#primaryimage"},"image":{"@id":"https:\/\/www.sotrender.com\/blog\/pl\/2018\/04\/instagram-trends-marzec-2018-meska-dominacja-na-instagramie\/#primaryimage"},"thumbnailUrl":"https:\/\/www.sotrender.com\/blog\/wp-content\/uploads\/2018\/04\/food-3263812_1280.jpg","datePublished":"2018-04-06T06:30:50+00:00","dateModified":"2018-04-06T07:02:58+00:00","author":{"@id":"https:\/\/www.sotrender.com\/blog\/#\/schema\/person\/038ac5e276c5d102d8cbb9c36cd43416"},"description":"Instagram od zawsze wydaje si\u0119 by\u0107 bardzo kobiecym kana\u0142em spo\u0142eczno\u015bciowym. Czy mo\u017cemy tak powiedzie\u0107 r\u00f3wnie\u017c w tym miesi\u0105cu? Absolutnie nie!","breadcrumb":{"@id":"https:\/\/www.sotrender.com\/blog\/pl\/2018\/04\/instagram-trends-marzec-2018-meska-dominacja-na-instagramie\/#breadcrumb"},"inLanguage":"pl-PL","potentialAction":[{"@type":"ReadAction","target":["https:\/\/www.sotrender.com\/blog\/pl\/2018\/04\/instagram-trends-marzec-2018-meska-dominacja-na-instagramie\/"]}]},{"@type":"ImageObject","inLanguage":"pl-PL","@id":"https:\/\/www.sotrender.com\/blog\/pl\/2018\/04\/instagram-trends-marzec-2018-meska-dominacja-na-instagramie\/#primaryimage","url":"https:\/\/www.sotrender.com\/blog\/wp-content\/uploads\/2018\/04\/food-3263812_1280.jpg","contentUrl":"https:\/\/www.sotrender.com\/blog\/wp-content\/uploads\/2018\/04\/food-3263812_1280.jpg","width":1280,"height":853,"caption":"football"},{"@type":"BreadcrumbList","@id":"https:\/\/www.sotrender.com\/blog\/pl\/2018\/04\/instagram-trends-marzec-2018-meska-dominacja-na-instagramie\/#breadcrumb","itemListElement":[{"@type":"ListItem","position":1,"name":"Home","item":"https:\/\/www.sotrender.com\/blog\/"},{"@type":"ListItem","position":2,"name":"Instagram Trends marzec 2018 &#8211; m\u0119ska dominacja na Instagramie"}]},{"@type":"WebSite","@id":"https:\/\/www.sotrender.com\/blog\/#website","url":"https:\/\/www.sotrender.com\/blog\/","name":"Sotrender Blog","description":"","potentialAction":[{"@type":"SearchAction","target":{"@type":"EntryPoint","urlTemplate":"https:\/\/www.sotrender.com\/blog\/?s={search_term_string}"},"query-input":"required name=search_term_string"}],"inLanguage":"pl-PL"},{"@type":"Person","@id":"https:\/\/www.sotrender.com\/blog\/#\/schema\/person\/038ac5e276c5d102d8cbb9c36cd43416","name":"Klaudia \u017by\u0142ka","image":{"@type":"ImageObject","inLanguage":"pl-PL","@id":"https:\/\/www.sotrender.com\/blog\/#\/schema\/person\/image\/","url":"https:\/\/secure.gravatar.com\/avatar\/f55d5d49ce3c448e1ffde0ab078d84cd?s=96&d=mm&r=g","contentUrl":"https:\/\/secure.gravatar.com\/avatar\/f55d5d49ce3c448e1ffde0ab078d84cd?s=96&d=mm&r=g","caption":"Klaudia \u017by\u0142ka"},"description":"Instagram, dogs, books and food lover. Former student at Warsaw University and Malm\u00f6 University. Improving her marketing skills every day. Proud owner of DIMAQ certificate","sameAs":["https:\/\/www.linkedin.com\/in\/klaudia-\u017cy\u0142ka-17527779"],"url":"https:\/\/www.sotrender.com\/blog\/pl\/author\/klaudia_yka\/"}]}},"_links":{"self":[{"href":"https:\/\/www.sotrender.com\/blog\/pl\/wp-json\/wp\/v2\/posts\/33685"}],"collection":[{"href":"https:\/\/www.sotrender.com\/blog\/pl\/wp-json\/wp\/v2\/posts"}],"about":[{"href":"https:\/\/www.sotrender.com\/blog\/pl\/wp-json\/wp\/v2\/types\/post"}],"author":[{"embeddable":true,"href":"https:\/\/www.sotrender.com\/blog\/pl\/wp-json\/wp\/v2\/users\/89"}],"replies":[{"embeddable":true,"href":"https:\/\/www.sotrender.com\/blog\/pl\/wp-json\/wp\/v2\/comments?post=33685"}],"version-history":[{"count":12,"href":"https:\/\/www.sotrender.com\/blog\/pl\/wp-json\/wp\/v2\/posts\/33685\/revisions"}],"predecessor-version":[{"id":33775,"href":"https:\/\/www.sotrender.com\/blog\/pl\/wp-json\/wp\/v2\/posts\/33685\/revisions\/33775"}],"wp:featuredmedia":[{"embeddable":true,"href":"https:\/\/www.sotrender.com\/blog\/pl\/wp-json\/wp\/v2\/media\/33713"}],"wp:attachment":[{"href":"https:\/\/www.sotrender.com\/blog\/pl\/wp-json\/wp\/v2\/media?parent=33685"}],"wp:term":[{"taxonomy":"category","embeddable":true,"href":"https:\/\/www.sotrender.com\/blog\/pl\/wp-json\/wp\/v2\/categories?post=33685"},{"taxonomy":"post_tag","embeddable":true,"href":"https:\/\/www.sotrender.com\/blog\/pl\/wp-json\/wp\/v2\/tags?post=33685"}],"curies":[{"name":"wp","href":"https:\/\/api.w.org\/{rel}","templated":true}]}}