{"id":33571,"date":"2018-03-20T12:31:18","date_gmt":"2018-03-20T11:31:18","guid":{"rendered":"https:\/\/www.sotrender.com\/blog\/?p=33571\/"},"modified":"2018-03-20T13:45:05","modified_gmt":"2018-03-20T12:45:05","slug":"facebook-trends-luty-2018-goracy-okres-w-polskim-sporcie","status":"publish","type":"post","link":"https:\/\/www.sotrender.com\/blog\/pl\/2018\/03\/facebook-trends-luty-2018-goracy-okres-w-polskim-sporcie\/","title":{"rendered":"Facebook Trends luty 2018 &#8211; gor\u0105cy okres w polskim sporcie"},"content":{"rendered":"<p><span style=\"font-weight: 400;\">Luty to kolejny miesi\u0105c, kiedy na Facebooku kr\u00f3lowa\u0142 sport. Oczywi\u015bcie mia\u0142o to zwi\u0105zek z zimow\u0105 Olimpiad\u0105, ale tak\u017ce no\u015bnym ostatnio tematem, jakim sta\u0142 si\u0119 zimowy himalaizm. Je\u015bli sport jest jednak nie do ko\u0144ca tym, co Was interesuje b\u0119dzie te\u017c troch\u0119 akcentu muzyczno-rozrywkowego. Zapraszamy na najnowszy raport <a href=\"https:\/\/www.sotrender.com\/trends\/facebook\/poland\/201802\">Facebook Trends luty 2018<\/a>! <\/span><\/p>\n<p><!--more--><\/p>\n<h2><b>Po zdobycie dot\u0105d niemo\u017cliwego<\/b><\/h2>\n<p><span style=\"font-weight: 400;\">Polska zimowa wyprawa na K2 by\u0142a bardzo gor\u0105cym tematem w mediach od pocz\u0105tku roku. Kolejne doniesienia i wydarzenia spod K2 by\u0142y na ustach naprawd\u0119 wielu, niezale\u017cnie od znajomo\u015bci tematu oraz stosunku do samych wydarze\u0144. <\/span><\/p>\n<p><span style=\"font-weight: 400;\">R\u00f3wnie\u017c na Facebooku wydarzenia te nie przesz\u0142y bez echa &#8211; na profilu <\/span><a href=\"https:\/\/www.facebook.com\/Polski-Himalaizm-Zimowy-2016-2020-im-Artura-Hajzera-161618080550304\/\"><span style=\"font-weight: 400;\">Polskiego Himalaizmu Zimowego 2016-2020 im. Artura Hajzera<\/span><\/a><span style=\"font-weight: 400;\"> oraz <\/span><a href=\"https:\/\/www.facebook.com\/adambieleckiteam\/\"><span style=\"font-weight: 400;\">Adama Bieleckiego<\/span><\/a><span style=\"font-weight: 400;\">, jednego z uczestnik\u00f3w wyprawy, odnotowano znaczne wzrosty w zaanga\u017cowaniu<\/span><\/p>\n<div id=\"attachment_33579\" style=\"width: 909px\" class=\"wp-caption aligncenter\"><img loading=\"lazy\" decoding=\"async\" aria-describedby=\"caption-attachment-33579\" class=\"size-full wp-image-33579\" src=\"https:\/\/www.sotrender.com\/blog\/wp-content\/uploads\/2018\/03\/luty-2018-sport-zaangazowanie.png\" alt=\"luty 2018 sport zaangazowanie\" width=\"899\" height=\"695\" srcset=\"https:\/\/www.sotrender.com\/blog\/wp-content\/uploads\/2018\/03\/luty-2018-sport-zaangazowanie.png 899w, https:\/\/www.sotrender.com\/blog\/wp-content\/uploads\/2018\/03\/luty-2018-sport-zaangazowanie-475x367.png 475w, https:\/\/www.sotrender.com\/blog\/wp-content\/uploads\/2018\/03\/luty-2018-sport-zaangazowanie-768x594.png 768w\" sizes=\"(max-width: 899px) 100vw, 899px\" \/><p id=\"caption-attachment-33579\" class=\"wp-caption-text\">Profile o najwi\u0119kszym zaanga\u017cowaniu w kategorii <a href=\"https:\/\/www.sotrender.com\/trends\/facebook\/poland\/201802\/marki\/sport\">Sport<\/a> | Facebook Trends luty 2018<\/p><\/div>\n<p><span style=\"font-weight: 400;\">Dla por\u00f3wnania profil Roberta Lewandowskiego, kt\u00f3ry w tej rozgrywce poradzi\u0142 sobie znacznie s\u0142abiej.<\/span><\/p>\n<p style=\"text-align: center;\"><!--HubSpot Call-to-Action Code --><span id=\"hs-cta-wrapper-c4243256-775c-4f09-9dae-182c6d1fa4e1\" class=\"hs-cta-wrapper\"><span id=\"hs-cta-c4243256-775c-4f09-9dae-182c6d1fa4e1\" class=\"hs-cta-node hs-cta-c4243256-775c-4f09-9dae-182c6d1fa4e1\"><!-- [if lte IE 8]><\/p>\n\n\n\n\n\n<div id=\"hs-cta-ie-element\"><\/div>\n\n\n<![endif]--><a href=\"https:\/\/cta-redirect.hubspot.com\/cta\/redirect\/3842881\/c4243256-775c-4f09-9dae-182c6d1fa4e1\"><img decoding=\"async\" id=\"hs-cta-img-c4243256-775c-4f09-9dae-182c6d1fa4e1\" class=\"hs-cta-img aligncenter\" style=\"border-width: 0px;\" src=\"https:\/\/no-cache.hubspot.com\/cta\/default\/3842881\/c4243256-775c-4f09-9dae-182c6d1fa4e1.png\" alt=\"Mierz swoje dzia\u0142ania w social media!\" \/><\/a><\/span><script charset=\"utf-8\" src=\"https:\/\/js.hscta.net\/cta\/current.js\"><\/script><script type=\"text\/javascript\"> hbspt.cta.load(3842881, 'c4243256-775c-4f09-9dae-182c6d1fa4e1', {}); <\/script><\/span><!-- end HubSpot Call-to-Action Code --><\/p>\n<p><span style=\"font-weight: 400;\">Warto doda\u0107, \u017ce w tle ca\u0142y czas \u017cyje jeszcze styczniowa tragedia spod Nanga Parbat\u2026 <\/span><\/p>\n<div id=\"attachment_33573\" style=\"width: 919px\" class=\"wp-caption aligncenter\"><img loading=\"lazy\" decoding=\"async\" aria-describedby=\"caption-attachment-33573\" class=\"size-full wp-image-33573\" src=\"https:\/\/www.sotrender.com\/blog\/wp-content\/uploads\/2018\/03\/luty-2018-facebook-nanga-parbat.png\" alt=\"luty 2018 facebook nanga parbat\" width=\"909\" height=\"757\" srcset=\"https:\/\/www.sotrender.com\/blog\/wp-content\/uploads\/2018\/03\/luty-2018-facebook-nanga-parbat.png 909w, https:\/\/www.sotrender.com\/blog\/wp-content\/uploads\/2018\/03\/luty-2018-facebook-nanga-parbat-475x396.png 475w, https:\/\/www.sotrender.com\/blog\/wp-content\/uploads\/2018\/03\/luty-2018-facebook-nanga-parbat-768x640.png 768w\" sizes=\"(max-width: 909px) 100vw, 909px\" \/><p id=\"caption-attachment-33573\" class=\"wp-caption-text\">Facebook Trends luty 2018 &#8211; Zaanga\u017cowanie w kategorii Sportowcy<\/p><\/div>\n<h2><b>Jedyni medali\u015bci olimpijscy<\/b><\/h2>\n<p><span style=\"font-weight: 400;\">Echo sukces\u00f3w naszych skoczk\u00f3w narciarskich roznios\u0142o si\u0119 w lutowym raporcie Facebook Trends w wielu kategoriach. M\u00f3wiono o nim w mediach, gratulowali im inni sportowcy, sukcesami dzielili si\u0119 sami medali\u015bci na swoich profilach spo\u0142eczno\u015bciowych. Nie dziwi wi\u0119c te\u017c wzrost zaanga\u017cowania w\u015br\u00f3d ich fan\u00f3w. <\/span><\/p>\n<div id=\"attachment_33575\" style=\"width: 889px\" class=\"wp-caption aligncenter\"><img loading=\"lazy\" decoding=\"async\" aria-describedby=\"caption-attachment-33575\" class=\"size-full wp-image-33575\" src=\"https:\/\/www.sotrender.com\/blog\/wp-content\/uploads\/2018\/03\/luty-2018-najlepsze-posty-sportowcy.png\" alt=\"luty 2018 najlepsze posty sportowcy\" width=\"879\" height=\"432\" srcset=\"https:\/\/www.sotrender.com\/blog\/wp-content\/uploads\/2018\/03\/luty-2018-najlepsze-posty-sportowcy.png 879w, https:\/\/www.sotrender.com\/blog\/wp-content\/uploads\/2018\/03\/luty-2018-najlepsze-posty-sportowcy-475x233.png 475w, https:\/\/www.sotrender.com\/blog\/wp-content\/uploads\/2018\/03\/luty-2018-najlepsze-posty-sportowcy-768x377.png 768w\" sizes=\"(max-width: 879px) 100vw, 879px\" \/><p id=\"caption-attachment-33575\" class=\"wp-caption-text\">Facebook Trends luty 2018 &#8211; Najlepsze posty w kategorii Sportowcy<\/p><\/div>\n<h2><b>Co s\u0142ycha\u0107 na hip-hopowej scenie w Polsce<\/b><\/h2>\n<p><span style=\"font-weight: 400;\">Chcia\u0142oby si\u0119 rzec, \u017ce prawdziwa wiosna i pobudzenie zapanowa\u0142o na hip-hopowo-rapowej <a href=\"https:\/\/www.sotrender.com\/trends\/facebook\/poland\/201802\/osoby\/muzycy\">polskiej scenie muzycznej<\/a>. W lutym najwi\u0119ksze zaanga\u017cowanie obserwowa\u0107 mogli\u015bmy na profilu K\u0119K\u0119, kt\u00f3ry na pocz\u0105tku miesi\u0105ca wypu\u015bci\u0142 do sieci pierwszy singiel \u201cCesarz\u201d ze swojego najnowszego albumu, kt\u00f3rego premiera ju\u017c w marcu. <\/span><\/p>\n<div id=\"attachment_33577\" style=\"width: 915px\" class=\"wp-caption aligncenter\"><img loading=\"lazy\" decoding=\"async\" aria-describedby=\"caption-attachment-33577\" class=\"size-full wp-image-33577\" src=\"https:\/\/www.sotrender.com\/blog\/wp-content\/uploads\/2018\/03\/luty-2018-facebook-muzycy.png\" alt=\"luty 2018 facebook muzycy\" width=\"905\" height=\"734\" srcset=\"https:\/\/www.sotrender.com\/blog\/wp-content\/uploads\/2018\/03\/luty-2018-facebook-muzycy.png 905w, https:\/\/www.sotrender.com\/blog\/wp-content\/uploads\/2018\/03\/luty-2018-facebook-muzycy-475x385.png 475w, https:\/\/www.sotrender.com\/blog\/wp-content\/uploads\/2018\/03\/luty-2018-facebook-muzycy-768x623.png 768w\" sizes=\"(max-width: 905px) 100vw, 905px\" \/><p id=\"caption-attachment-33577\" class=\"wp-caption-text\">Muzycy o najwi\u0119kszym zaanga\u017cowaniu w luty 2018 roku na Facebooku<\/p><\/div>\n<p><span style=\"font-weight: 400;\">Kroku dotrzymywa\u0142a mu konkurencja &#8211; OSTRy, kt\u00f3ry wyda\u0142 nowy kr\u0105\u017cek, TPS Trzeba Pomaga\u0107 Swoim &#8211; kt\u00f3rzy r\u00f3wnie\u017c nadchodz\u0105 z premier\u0105 nowej p\u0142yty oraz s\u0105 w trakcie trasy koncertowej, a tak\u017ce koncertuj\u0105cy Paluch i donGURALesko. <\/span><\/p>\n<p style=\"text-align: center;\"><!--HubSpot Call-to-Action Code --><span id=\"hs-cta-wrapper-c4243256-775c-4f09-9dae-182c6d1fa4e1\" class=\"hs-cta-wrapper\"><span id=\"hs-cta-c4243256-775c-4f09-9dae-182c6d1fa4e1\" class=\"hs-cta-node hs-cta-c4243256-775c-4f09-9dae-182c6d1fa4e1\"><!-- [if lte IE 8]><\/p>\n\n\n\n\n\n<div id=\"hs-cta-ie-element\"><\/div>\n\n\n<![endif]--><a href=\"https:\/\/cta-redirect.hubspot.com\/cta\/redirect\/3842881\/c4243256-775c-4f09-9dae-182c6d1fa4e1\"><img decoding=\"async\" id=\"hs-cta-img-c4243256-775c-4f09-9dae-182c6d1fa4e1\" class=\"hs-cta-img aligncenter\" style=\"border-width: 0px;\" src=\"https:\/\/no-cache.hubspot.com\/cta\/default\/3842881\/c4243256-775c-4f09-9dae-182c6d1fa4e1.png\" alt=\"Mierz swoje dzia\u0142ania w social media!\" \/><\/a><\/span><script charset=\"utf-8\" src=\"https:\/\/js.hscta.net\/cta\/current.js\"><\/script><script type=\"text\/javascript\"> hbspt.cta.load(3842881, 'c4243256-775c-4f09-9dae-182c6d1fa4e1', {}); <\/script><\/span><!-- end HubSpot Call-to-Action Code --><\/p>\n<h2><b>Facebook Trends luty 2018 &#8211; o czym jeszcze m\u00f3wiono?<\/b><\/h2>\n<p><span style=\"font-weight: 400;\">To nie wszystkie wydarzenia, kt\u00f3re odnotowali\u015bmy na Facebooku w minionym miesi\u0105cu. Szczeg\u00f3\u0142y znajdziecie jak zawsze w najnowszym wydaniu <a href=\"https:\/\/www.sotrender.com\/trends\/facebook\/poland\/201802\">Facebook Trends luty 2018<\/a>!<\/span><\/p>\n<h2>Dane o grupach na Facebooku r\u00f3wnie\u017c w Twoim zasi\u0119gu<\/h2>\n<p>Widzisz potencja\u0142 w grupach na Facebooku? Chcesz podejmowa\u0107 w nich skuteczne dzia\u0142ania? Potrzebujesz wi\u0119cej danych? <a href=\"https:\/\/www.sotrender.com\/blog\/pl\/2018\/03\/analiza-grup-na-facebooku-badanie\/\">Badanie grup na Facebooku<\/a>, przeprowadzone przez analityk\u00f3w Sotrendera, pozwoli Ci na unikni\u0119cie przypadkowo\u015bci w Twojej strategii. Dowiesz si\u0119 m.in. kt\u00f3re grupy s\u0105 najwi\u0119ksze, najbardziej aktywne czy najszybciej rosn\u0105ce i wybierzesz te z nich, kt\u00f3re najlepiej b\u0119d\u0105 odpowiada\u0107 Twoim potrzebom. Masz pytania? Jeste\u015b zainteresowany\/a? <a href=\"mailto:sales@sotrender.com\">Skontaktuj si\u0119 z nami!<\/a><\/p>\n","protected":false},"excerpt":{"rendered":"<p>Luty to kolejny miesi\u0105c, kiedy na Facebooku kr\u00f3lowa\u0142 sport. Oczywi\u015bcie mia\u0142o to zwi\u0105zek z zimow\u0105 Olimpiad\u0105, ale tak\u017ce no\u015bnym ostatnio tematem, jakim sta\u0142 si\u0119 zimowy himalaizm. Je\u015bli sport jest jednak nie do ko\u0144ca tym, co Was interesuje b\u0119dzie te\u017c troch\u0119 akcentu muzyczno-rozrywkowego. Zapraszamy na najnowszy raport Facebook Trends luty 2018!<\/p>\n","protected":false},"author":89,"featured_media":33587,"comment_status":"open","ping_status":"open","sticky":false,"template":"","format":"standard","meta":{"inline_featured_image":false,"footnotes":""},"categories":[1791,1797,2125],"tags":[2307,2795,2797,2799],"yoast_head":"<!-- This site is optimized with the Yoast SEO plugin v22.4 - https:\/\/yoast.com\/wordpress\/plugins\/seo\/ -->\n<title>Facebook Trends luty 2018 - gor\u0105cy okres w polskim sporcie<\/title>\n<meta name=\"description\" content=\"W lutym na Facebooku ponownie kr\u00f3lowa\u0142 sport. Mia\u0142o to zwi\u0105zek z zimow\u0105 Olimpiad\u0105, ale tak\u017ce polskim himalaizem zimowym. Wi\u0119cej w raporcie Facebook Trends.\" \/>\n<meta name=\"robots\" content=\"index, follow, max-snippet:-1, max-image-preview:large, max-video-preview:-1\" \/>\n<link rel=\"canonical\" href=\"https:\/\/www.sotrender.com\/blog\/pl\/2018\/03\/facebook-trends-luty-2018-goracy-okres-w-polskim-sporcie\/\" \/>\n<meta property=\"og:locale\" content=\"pl_PL\" \/>\n<meta property=\"og:type\" content=\"article\" \/>\n<meta property=\"og:title\" content=\"Facebook Trends luty 2018 - gor\u0105cy okres w polskim sporcie\" \/>\n<meta property=\"og:description\" content=\"W lutym na Facebooku ponownie kr\u00f3lowa\u0142 sport. Mia\u0142o to zwi\u0105zek z zimow\u0105 Olimpiad\u0105, ale tak\u017ce polskim himalaizem zimowym. Wi\u0119cej w raporcie Facebook Trends.\" \/>\n<meta property=\"og:url\" content=\"https:\/\/www.sotrender.com\/blog\/pl\/2018\/03\/facebook-trends-luty-2018-goracy-okres-w-polskim-sporcie\/\" \/>\n<meta property=\"og:site_name\" content=\"Sotrender Blog\" \/>\n<meta property=\"article:publisher\" content=\"https:\/\/www.facebook.com\/Sotrender\" \/>\n<meta property=\"article:published_time\" content=\"2018-03-20T11:31:18+00:00\" \/>\n<meta property=\"article:modified_time\" content=\"2018-03-20T12:45:05+00:00\" \/>\n<meta property=\"og:image\" content=\"https:\/\/www.sotrender.com\/blog\/wp-content\/uploads\/2018\/03\/mount-everest-1502349_1280.jpg\" \/>\n\t<meta property=\"og:image:width\" content=\"1280\" \/>\n\t<meta property=\"og:image:height\" content=\"853\" \/>\n\t<meta property=\"og:image:type\" content=\"image\/jpeg\" \/>\n<meta name=\"author\" content=\"Klaudia \u017by\u0142ka\" \/>\n<meta name=\"twitter:card\" content=\"summary_large_image\" \/>\n<meta name=\"twitter:creator\" content=\"@Sotrender\" \/>\n<meta name=\"twitter:site\" content=\"@Sotrender\" \/>\n<meta name=\"twitter:label1\" content=\"Written by\" \/>\n\t<meta name=\"twitter:data1\" content=\"Klaudia \u017by\u0142ka\" \/>\n\t<meta name=\"twitter:label2\" content=\"Est. reading time\" \/>\n\t<meta name=\"twitter:data2\" content=\"3 minutes\" \/>\n<script type=\"application\/ld+json\" class=\"yoast-schema-graph\">{\"@context\":\"https:\/\/schema.org\",\"@graph\":[{\"@type\":\"WebPage\",\"@id\":\"https:\/\/www.sotrender.com\/blog\/pl\/2018\/03\/facebook-trends-luty-2018-goracy-okres-w-polskim-sporcie\/\",\"url\":\"https:\/\/www.sotrender.com\/blog\/pl\/2018\/03\/facebook-trends-luty-2018-goracy-okres-w-polskim-sporcie\/\",\"name\":\"Facebook Trends luty 2018 - gor\u0105cy okres w polskim sporcie\",\"isPartOf\":{\"@id\":\"https:\/\/www.sotrender.com\/blog\/#website\"},\"primaryImageOfPage\":{\"@id\":\"https:\/\/www.sotrender.com\/blog\/pl\/2018\/03\/facebook-trends-luty-2018-goracy-okres-w-polskim-sporcie\/#primaryimage\"},\"image\":{\"@id\":\"https:\/\/www.sotrender.com\/blog\/pl\/2018\/03\/facebook-trends-luty-2018-goracy-okres-w-polskim-sporcie\/#primaryimage\"},\"thumbnailUrl\":\"https:\/\/www.sotrender.com\/blog\/wp-content\/uploads\/2018\/03\/mount-everest-1502349_1280.jpg\",\"datePublished\":\"2018-03-20T11:31:18+00:00\",\"dateModified\":\"2018-03-20T12:45:05+00:00\",\"author\":{\"@id\":\"https:\/\/www.sotrender.com\/blog\/#\/schema\/person\/038ac5e276c5d102d8cbb9c36cd43416\"},\"description\":\"W lutym na Facebooku ponownie kr\u00f3lowa\u0142 sport. Mia\u0142o to zwi\u0105zek z zimow\u0105 Olimpiad\u0105, ale tak\u017ce polskim himalaizem zimowym. Wi\u0119cej w raporcie Facebook Trends.\",\"breadcrumb\":{\"@id\":\"https:\/\/www.sotrender.com\/blog\/pl\/2018\/03\/facebook-trends-luty-2018-goracy-okres-w-polskim-sporcie\/#breadcrumb\"},\"inLanguage\":\"pl-PL\",\"potentialAction\":[{\"@type\":\"ReadAction\",\"target\":[\"https:\/\/www.sotrender.com\/blog\/pl\/2018\/03\/facebook-trends-luty-2018-goracy-okres-w-polskim-sporcie\/\"]}]},{\"@type\":\"ImageObject\",\"inLanguage\":\"pl-PL\",\"@id\":\"https:\/\/www.sotrender.com\/blog\/pl\/2018\/03\/facebook-trends-luty-2018-goracy-okres-w-polskim-sporcie\/#primaryimage\",\"url\":\"https:\/\/www.sotrender.com\/blog\/wp-content\/uploads\/2018\/03\/mount-everest-1502349_1280.jpg\",\"contentUrl\":\"https:\/\/www.sotrender.com\/blog\/wp-content\/uploads\/2018\/03\/mount-everest-1502349_1280.jpg\",\"width\":1280,\"height\":853,\"caption\":\"mount-everest\"},{\"@type\":\"BreadcrumbList\",\"@id\":\"https:\/\/www.sotrender.com\/blog\/pl\/2018\/03\/facebook-trends-luty-2018-goracy-okres-w-polskim-sporcie\/#breadcrumb\",\"itemListElement\":[{\"@type\":\"ListItem\",\"position\":1,\"name\":\"Home\",\"item\":\"https:\/\/www.sotrender.com\/blog\/\"},{\"@type\":\"ListItem\",\"position\":2,\"name\":\"Facebook Trends luty 2018 &#8211; gor\u0105cy okres w polskim sporcie\"}]},{\"@type\":\"WebSite\",\"@id\":\"https:\/\/www.sotrender.com\/blog\/#website\",\"url\":\"https:\/\/www.sotrender.com\/blog\/\",\"name\":\"Sotrender Blog\",\"description\":\"\",\"potentialAction\":[{\"@type\":\"SearchAction\",\"target\":{\"@type\":\"EntryPoint\",\"urlTemplate\":\"https:\/\/www.sotrender.com\/blog\/?s={search_term_string}\"},\"query-input\":\"required name=search_term_string\"}],\"inLanguage\":\"pl-PL\"},{\"@type\":\"Person\",\"@id\":\"https:\/\/www.sotrender.com\/blog\/#\/schema\/person\/038ac5e276c5d102d8cbb9c36cd43416\",\"name\":\"Klaudia \u017by\u0142ka\",\"image\":{\"@type\":\"ImageObject\",\"inLanguage\":\"pl-PL\",\"@id\":\"https:\/\/www.sotrender.com\/blog\/#\/schema\/person\/image\/\",\"url\":\"https:\/\/secure.gravatar.com\/avatar\/f55d5d49ce3c448e1ffde0ab078d84cd?s=96&d=mm&r=g\",\"contentUrl\":\"https:\/\/secure.gravatar.com\/avatar\/f55d5d49ce3c448e1ffde0ab078d84cd?s=96&d=mm&r=g\",\"caption\":\"Klaudia \u017by\u0142ka\"},\"description\":\"Instagram, dogs, books and food lover. Former student at Warsaw University and Malm\u00f6 University. Improving her marketing skills every day. Proud owner of DIMAQ certificate\",\"sameAs\":[\"https:\/\/www.linkedin.com\/in\/klaudia-\u017cy\u0142ka-17527779\"],\"url\":\"https:\/\/www.sotrender.com\/blog\/pl\/author\/klaudia_yka\/\"}]}<\/script>\n<!-- \/ Yoast SEO plugin. -->","yoast_head_json":{"title":"Facebook Trends luty 2018 - gor\u0105cy okres w polskim sporcie","description":"W lutym na Facebooku ponownie kr\u00f3lowa\u0142 sport. Mia\u0142o to zwi\u0105zek z zimow\u0105 Olimpiad\u0105, ale tak\u017ce polskim himalaizem zimowym. Wi\u0119cej w raporcie Facebook Trends.","robots":{"index":"index","follow":"follow","max-snippet":"max-snippet:-1","max-image-preview":"max-image-preview:large","max-video-preview":"max-video-preview:-1"},"canonical":"https:\/\/www.sotrender.com\/blog\/pl\/2018\/03\/facebook-trends-luty-2018-goracy-okres-w-polskim-sporcie\/","og_locale":"pl_PL","og_type":"article","og_title":"Facebook Trends luty 2018 - gor\u0105cy okres w polskim sporcie","og_description":"W lutym na Facebooku ponownie kr\u00f3lowa\u0142 sport. Mia\u0142o to zwi\u0105zek z zimow\u0105 Olimpiad\u0105, ale tak\u017ce polskim himalaizem zimowym. Wi\u0119cej w raporcie Facebook Trends.","og_url":"https:\/\/www.sotrender.com\/blog\/pl\/2018\/03\/facebook-trends-luty-2018-goracy-okres-w-polskim-sporcie\/","og_site_name":"Sotrender Blog","article_publisher":"https:\/\/www.facebook.com\/Sotrender","article_published_time":"2018-03-20T11:31:18+00:00","article_modified_time":"2018-03-20T12:45:05+00:00","og_image":[{"width":1280,"height":853,"url":"https:\/\/www.sotrender.com\/blog\/wp-content\/uploads\/2018\/03\/mount-everest-1502349_1280.jpg","type":"image\/jpeg"}],"author":"Klaudia \u017by\u0142ka","twitter_card":"summary_large_image","twitter_creator":"@Sotrender","twitter_site":"@Sotrender","twitter_misc":{"Written by":"Klaudia \u017by\u0142ka","Est. reading time":"3 minutes"},"schema":{"@context":"https:\/\/schema.org","@graph":[{"@type":"WebPage","@id":"https:\/\/www.sotrender.com\/blog\/pl\/2018\/03\/facebook-trends-luty-2018-goracy-okres-w-polskim-sporcie\/","url":"https:\/\/www.sotrender.com\/blog\/pl\/2018\/03\/facebook-trends-luty-2018-goracy-okres-w-polskim-sporcie\/","name":"Facebook Trends luty 2018 - gor\u0105cy okres w polskim sporcie","isPartOf":{"@id":"https:\/\/www.sotrender.com\/blog\/#website"},"primaryImageOfPage":{"@id":"https:\/\/www.sotrender.com\/blog\/pl\/2018\/03\/facebook-trends-luty-2018-goracy-okres-w-polskim-sporcie\/#primaryimage"},"image":{"@id":"https:\/\/www.sotrender.com\/blog\/pl\/2018\/03\/facebook-trends-luty-2018-goracy-okres-w-polskim-sporcie\/#primaryimage"},"thumbnailUrl":"https:\/\/www.sotrender.com\/blog\/wp-content\/uploads\/2018\/03\/mount-everest-1502349_1280.jpg","datePublished":"2018-03-20T11:31:18+00:00","dateModified":"2018-03-20T12:45:05+00:00","author":{"@id":"https:\/\/www.sotrender.com\/blog\/#\/schema\/person\/038ac5e276c5d102d8cbb9c36cd43416"},"description":"W lutym na Facebooku ponownie kr\u00f3lowa\u0142 sport. Mia\u0142o to zwi\u0105zek z zimow\u0105 Olimpiad\u0105, ale tak\u017ce polskim himalaizem zimowym. Wi\u0119cej w raporcie Facebook Trends.","breadcrumb":{"@id":"https:\/\/www.sotrender.com\/blog\/pl\/2018\/03\/facebook-trends-luty-2018-goracy-okres-w-polskim-sporcie\/#breadcrumb"},"inLanguage":"pl-PL","potentialAction":[{"@type":"ReadAction","target":["https:\/\/www.sotrender.com\/blog\/pl\/2018\/03\/facebook-trends-luty-2018-goracy-okres-w-polskim-sporcie\/"]}]},{"@type":"ImageObject","inLanguage":"pl-PL","@id":"https:\/\/www.sotrender.com\/blog\/pl\/2018\/03\/facebook-trends-luty-2018-goracy-okres-w-polskim-sporcie\/#primaryimage","url":"https:\/\/www.sotrender.com\/blog\/wp-content\/uploads\/2018\/03\/mount-everest-1502349_1280.jpg","contentUrl":"https:\/\/www.sotrender.com\/blog\/wp-content\/uploads\/2018\/03\/mount-everest-1502349_1280.jpg","width":1280,"height":853,"caption":"mount-everest"},{"@type":"BreadcrumbList","@id":"https:\/\/www.sotrender.com\/blog\/pl\/2018\/03\/facebook-trends-luty-2018-goracy-okres-w-polskim-sporcie\/#breadcrumb","itemListElement":[{"@type":"ListItem","position":1,"name":"Home","item":"https:\/\/www.sotrender.com\/blog\/"},{"@type":"ListItem","position":2,"name":"Facebook Trends luty 2018 &#8211; gor\u0105cy okres w polskim sporcie"}]},{"@type":"WebSite","@id":"https:\/\/www.sotrender.com\/blog\/#website","url":"https:\/\/www.sotrender.com\/blog\/","name":"Sotrender Blog","description":"","potentialAction":[{"@type":"SearchAction","target":{"@type":"EntryPoint","urlTemplate":"https:\/\/www.sotrender.com\/blog\/?s={search_term_string}"},"query-input":"required name=search_term_string"}],"inLanguage":"pl-PL"},{"@type":"Person","@id":"https:\/\/www.sotrender.com\/blog\/#\/schema\/person\/038ac5e276c5d102d8cbb9c36cd43416","name":"Klaudia \u017by\u0142ka","image":{"@type":"ImageObject","inLanguage":"pl-PL","@id":"https:\/\/www.sotrender.com\/blog\/#\/schema\/person\/image\/","url":"https:\/\/secure.gravatar.com\/avatar\/f55d5d49ce3c448e1ffde0ab078d84cd?s=96&d=mm&r=g","contentUrl":"https:\/\/secure.gravatar.com\/avatar\/f55d5d49ce3c448e1ffde0ab078d84cd?s=96&d=mm&r=g","caption":"Klaudia \u017by\u0142ka"},"description":"Instagram, dogs, books and food lover. Former student at Warsaw University and Malm\u00f6 University. Improving her marketing skills every day. Proud owner of DIMAQ certificate","sameAs":["https:\/\/www.linkedin.com\/in\/klaudia-\u017cy\u0142ka-17527779"],"url":"https:\/\/www.sotrender.com\/blog\/pl\/author\/klaudia_yka\/"}]}},"_links":{"self":[{"href":"https:\/\/www.sotrender.com\/blog\/pl\/wp-json\/wp\/v2\/posts\/33571"}],"collection":[{"href":"https:\/\/www.sotrender.com\/blog\/pl\/wp-json\/wp\/v2\/posts"}],"about":[{"href":"https:\/\/www.sotrender.com\/blog\/pl\/wp-json\/wp\/v2\/types\/post"}],"author":[{"embeddable":true,"href":"https:\/\/www.sotrender.com\/blog\/pl\/wp-json\/wp\/v2\/users\/89"}],"replies":[{"embeddable":true,"href":"https:\/\/www.sotrender.com\/blog\/pl\/wp-json\/wp\/v2\/comments?post=33571"}],"version-history":[{"count":5,"href":"https:\/\/www.sotrender.com\/blog\/pl\/wp-json\/wp\/v2\/posts\/33571\/revisions"}],"predecessor-version":[{"id":33593,"href":"https:\/\/www.sotrender.com\/blog\/pl\/wp-json\/wp\/v2\/posts\/33571\/revisions\/33593"}],"wp:featuredmedia":[{"embeddable":true,"href":"https:\/\/www.sotrender.com\/blog\/pl\/wp-json\/wp\/v2\/media\/33587"}],"wp:attachment":[{"href":"https:\/\/www.sotrender.com\/blog\/pl\/wp-json\/wp\/v2\/media?parent=33571"}],"wp:term":[{"taxonomy":"category","embeddable":true,"href":"https:\/\/www.sotrender.com\/blog\/pl\/wp-json\/wp\/v2\/categories?post=33571"},{"taxonomy":"post_tag","embeddable":true,"href":"https:\/\/www.sotrender.com\/blog\/pl\/wp-json\/wp\/v2\/tags?post=33571"}],"curies":[{"name":"wp","href":"https:\/\/api.w.org\/{rel}","templated":true}]}}