{"id":33509,"date":"2018-03-12T12:45:17","date_gmt":"2018-03-12T11:45:17","guid":{"rendered":"https:\/\/www.sotrender.com\/blog\/?p=33509\/"},"modified":"2020-03-16T09:35:31","modified_gmt":"2020-03-16T08:35:31","slug":"analiza-grup-na-facebooku-badanie","status":"publish","type":"post","link":"https:\/\/www.sotrender.com\/blog\/pl\/2018\/03\/analiza-grup-na-facebooku-badanie\/","title":{"rendered":"Dane o jakich nie \u015bni\u0142e\u015b, czyli co mo\u017cesz zyska\u0107 dzi\u0119ki analizie grup na Facebooku"},"content":{"rendered":"<p><span style=\"font-weight: 400;\">Prowadzenie marketingu z wykorzystaniem medi\u00f3w spo\u0142eczno\u015bciowych, a szczeg\u00f3lnie Facebooka, wobec kt\u00f3rego marketerzy maj\u0105 szczeg\u00f3lne oczekiwania, jest obecnie zupe\u0142nie powszechne. Jednak na Facebooku jest obecnie mn\u00f3stwo tre\u015bci a <\/span><a href=\"https:\/\/www.sotrender.com\/blog\/pl\/2018\/01\/zasieg-organiczny-facebook-zmiany\/\"><span style=\"font-weight: 400;\">zasi\u0119gi organiczne nieustannie spadaj\u0105<\/span><\/a><span style=\"font-weight: 400;\">. Dok\u0142adaj\u0105c do tego zmiany w algorytmie, zmuszeni jeste\u015bmy do weryfikacji naszych dzia\u0142a\u0144 marketingowych, jak i wi\u0119kszej kreatywno\u015bci. Jednym z wci\u0105\u017c niedocenianych i nie do ko\u0144ca poznanych sposob\u00f3w na dotarcie do naszych odbiorc\u00f3w jest <\/span><b>aktywno\u015b\u0107 na grupach na Facebooku<\/b><span style=\"font-weight: 400;\">. Jak podej\u015b\u0107 do tematu, jakie informacje b\u0119d\u0105 nam potrzebne i w jaki spos\u00f3b je uzyska\u0107? Sotrender jak zawsze przychodzi z pomoc\u0105 i przedstawia swoje autorskie <\/span><b>badanie grup na Facebooku<\/b><span style=\"font-weight: 400;\">. Niestety wraz z kolejn\u0105 zmian\u0105 API zajd\u0105 znaczne ograniczenia w dost\u0119pie do tych danych, jest wi\u0119c to ostatnia chwila na ich wykorzystanie. <\/span><\/p>\n<p><!--more--><\/p>\n<hr \/>\n<p><em>-aktualizacja z dnia 16.03.2020-<\/em><\/p>\n<p class=\"p1\"><em>Niestety, na skutek zmiany API Facebooka, nie wykonujemy ju\u017c tego badania. Nie mniej jednak grupy pozostaj\u0105 wci\u0105\u017c \u015bwietnym sposobem na organiczne dotarcie do naszej grupy odbiorc\u00f3w \ud83d\ude09<\/em><\/p>\n<hr \/>\n<h2><strong>Potencja\u0142 grup na Facebooku<\/strong><\/h2>\n<p><span style=\"font-weight: 400;\">Nale\u017cy sobie zdawa\u0107 spraw\u0119, \u017ce generalnie grupy na Facebooku s\u0105 wa\u017cne. \u015awiate\u0142ko w g\u0142owie powinno nam si\u0119 za\u015bwieci\u0107 ju\u017c na sam fakt, \u017ce jest ich tak du\u017co, \u017ce gromadz\u0105 mn\u00f3stwo u\u017cytkownik\u00f3w, kt\u00f3rzy niejednokrotnie s\u0105 bardzo aktywni. <\/span><\/p>\n<p><span style=\"font-weight: 400;\">Obecno\u015b\u0107 Twojej marki w grupach na Facebooku daje <\/span><a href=\"https:\/\/www.socialmediaexaminer.com\/facebook-groups-for-business-how-to-guide-for-marketers\/\"><span style=\"font-weight: 400;\">wiele mo\u017cliwo\u015bci na zaistnienie w \u015bwiadomo\u015bci grupy docelowej<\/span><\/a><span style=\"font-weight: 400;\">. Je\u015bli zale\u017cy Ci na pe\u0142nej kontroli tego, co dzieje si\u0119 w grupie, warto rozwa\u017cy\u0107 stworzenie swojej w\u0142asnej &#8211; zorientowanej np. na dzielenie si\u0119 wiedz\u0105 i do\u015bwiadczeniem w obszarze danego zagadnienia b\u0105d\u017a problemu, wydarzeniu, kt\u00f3re organizujesz lub na samym produkcie.<\/span><\/p>\n<p><span style=\"font-weight: 400;\">Firmy cz\u0119\u015bciowo pr\u00f3buj\u0105 ju\u017c korzysta\u0107 z grup na Facebooku &#8211; tworz\u0105c swoje w\u0142asne lub uczestnicz\u0105c w ju\u017c istniej\u0105cych &#8211; jednak potencja\u0142 ten nie jest w dalszym ci\u0105gu w pe\u0142ni wykorzystywany. Cho\u0107 tak\u017ce w grupach zasi\u0119gi zacz\u0119\u0142y spada\u0107, sytuacja p\u00f3ki co jest i tak sporo lepsza ni\u017c w przypadku strumienia aktualno\u015bci na tablicach u\u017cytkownik\u00f3w. Dlatego w\u0142a\u015bnie <\/span><b>to dobry moment na skorzystanie z tego \u017ar\u00f3d\u0142a komunikacji<\/b><span style=\"font-weight: 400;\">. <\/span><\/p>\n<p><span style=\"font-weight: 400;\">Niestety ostatnia aktualizacja API to nie koniec zmian wprowadzanych przez Facebooka. Ju\u017c na pocz\u0105tku maja <\/span><b>zamkni\u0119ty zostanie dost\u0119p do kolejnej du\u017cej cz\u0119\u015bci informacji w API<\/b><span style=\"font-weight: 400;\">. Dlatego te\u017c to w\u0142a\u015bciwie <\/span><b>ostatni moment na kompleksowe zg\u0142\u0119bienie waszej wiedzy o grupach<\/b><span style=\"font-weight: 400;\">, kt\u00f3re s\u0105 potencjalnie interesuj\u0105ce dla waszej firmy.<\/span><\/p>\n<p style=\"text-align: center;\"><!--HubSpot Call-to-Action Code --><span id=\"hs-cta-wrapper-c4243256-775c-4f09-9dae-182c6d1fa4e1\" class=\"hs-cta-wrapper\"><span id=\"hs-cta-c4243256-775c-4f09-9dae-182c6d1fa4e1\" class=\"hs-cta-node hs-cta-c4243256-775c-4f09-9dae-182c6d1fa4e1\"><!-- [if lte IE 8]><\/p>\n\n\n\n\n\n<div id=\"hs-cta-ie-element\"><\/div>\n\n\n<![endif]--><a href=\"https:\/\/cta-redirect.hubspot.com\/cta\/redirect\/3842881\/c4243256-775c-4f09-9dae-182c6d1fa4e1\"><img decoding=\"async\" id=\"hs-cta-img-c4243256-775c-4f09-9dae-182c6d1fa4e1\" class=\"hs-cta-img aligncenter\" style=\"border-width: 0px;\" src=\"https:\/\/no-cache.hubspot.com\/cta\/default\/3842881\/c4243256-775c-4f09-9dae-182c6d1fa4e1.png\" alt=\"Mierz swoje dzia\u0142ania w social media!\" \/><\/a><\/span><script charset=\"utf-8\" src=\"https:\/\/js.hscta.net\/cta\/current.js\"><\/script><script type=\"text\/javascript\"> hbspt.cta.load(3842881, 'c4243256-775c-4f09-9dae-182c6d1fa4e1', {}); <\/script><\/span><!-- end HubSpot Call-to-Action Code --><\/p>\n<h2><strong>Czego mo\u017cemy si\u0119 dowiedzie\u0107 z badania grup na Facebooku?<\/strong><\/h2>\n<p><span style=\"font-weight: 400;\">Struktur\u0119, funkcjonowanie i wygl\u0105d grup na Facebooku zapewne doskonale znacie. Zasady ich dzia\u0142ania r\u00f3wnie\u017c powinny by\u0107 do\u015b\u0107 jasne. Zastanawiacie si\u0119 wi\u0119c pewnie, jakie informacje my mo\u017cemy dla Was uzyska\u0107. <\/span><\/p>\n<p><span style=\"font-weight: 400;\">Przede wszystkim, na podstawie wybranych i dostarczonych <\/span><b>s\u0142\u00f3w kluczowych<\/b><span style=\"font-weight: 400;\"> jeste\u015bmy w stanie <\/span><b>odnale\u017a\u0107 i zestawi\u0107 wszystkie grupy<\/b><span style=\"font-weight: 400;\"> pasuj\u0105ce do zapytania &#8211; odpowiadaj\u0105ce na Wasze potrzeby i specyfik\u0119 Waszej firmy. Ka\u017cdego miesi\u0105ca dla kilku naszych Klient\u00f3w wyszukujemy nowe grupy pasuj\u0105ce do zapytania b\u0105d\u017a analizujemy dotychczasowe, interesuj\u0105ce ich grupy.<\/span><\/p>\n<p><span style=\"font-weight: 400;\">Jednak kt\u00f3re grupy z ca\u0142ego zestawienia mog\u0105 by\u0107 najbardziej warte Waszej &#8211; marketer\u00f3w &#8211; uwagi? Odpowied\u017a na to pytanie mo\u017ce si\u0119 wydawa\u0107 bardzo trudna. Jak w og\u00f3le przeanalizowa\u0107 tak wiele grup? Pod jakim k\u0105tem? Dzi\u0119ki naszemu badaniu &#8211; wszystko to jest mo\u017cliwe.<\/span><\/p>\n<p><span style=\"font-weight: 400;\">Informacje, jakie mo\u017cemy uzyska\u0107 analizuj\u0105c grupy na podstawie s\u0142\u00f3w kluczowych to m.in.:<\/span><\/p>\n<ul>\n<li style=\"font-weight: 400;\"><span style=\"font-weight: 400;\">Nazwa i opis grupy,<\/span><\/li>\n<li style=\"font-weight: 400;\"><span style=\"font-weight: 400;\">Adres internetowy grupy (adres www),<\/span><\/li>\n<li style=\"font-weight: 400;\"><span style=\"font-weight: 400;\">Liczba cz\u0142onk\u00f3w,<\/span><\/li>\n<li style=\"font-weight: 400;\"><span style=\"font-weight: 400;\">Przyrost liczby cz\u0142onk\u00f3w w por\u00f3wnaniu do analogicznego okresu, <\/span><\/li>\n<li style=\"font-weight: 400;\"><span style=\"font-weight: 400;\">Liczba zaanga\u017cowanych cz\u0142onk\u00f3w,<\/span><\/li>\n<li style=\"font-weight: 400;\"><span style=\"font-weight: 400;\">Dost\u0119pno\u015b\u0107 grup (czy grupa jest otwarta czy zamkni\u0119ta),<\/span><\/li>\n<li style=\"font-weight: 400;\"><span style=\"font-weight: 400;\">Liczba post\u00f3w u\u017cytkownik\u00f3w, jaka zosta\u0142a opublikowana w analizowanym okresie, wraz ze zmian\u0105, <\/span><\/li>\n<li style=\"font-weight: 400;\"><span style=\"font-weight: 400;\">Liczba polubie\u0144 post\u00f3w, wraz ze zmian\u0105, <\/span><\/li>\n<li style=\"font-weight: 400;\"><span style=\"font-weight: 400;\">Liczba udost\u0119pnie\u0144 post\u00f3w, wraz ze zmian\u0105,<\/span><\/li>\n<li style=\"font-weight: 400;\"><span style=\"font-weight: 400;\">\u0141\u0105czna i \u015brednia liczba komentarzy pod postami,<\/span><\/li>\n<li style=\"font-weight: 400;\"><span style=\"font-weight: 400;\">Suma wszystkich aktywno\u015bci: polubie\u0144, komentarzy i udost\u0119pnie\u0144 z danego okresu.<\/span><\/li>\n<\/ul>\n<p><span style=\"font-weight: 400;\">Oczywi\u015bcie danych tych jest wi\u0119cej. Co najwa\u017cniejsze, dzi\u0119ki naszemu badaniu otrzymacie<\/span><b> wszystkie te informacje zestawione i zagregowane<\/b><span style=\"font-weight: 400;\">. Do cz\u0119\u015bci z nich ka\u017cdy z nas m\u00f3g\u0142by dotrze\u0107 samodzielnie, jednak dla wi\u0119kszo\u015bci by\u0142oby to trudne i bardzo czasoch\u0142onne.<\/span><\/p>\n<p><span style=\"font-weight: 400;\">Do wszystkich wymienionych powy\u017cej informacji jeste\u015bmy w stanie dotrze\u0107 bez konieczno\u015bci bycia administratorem danej grupy. Istotn\u0105 informacj\u0105 jest r\u00f3wnie\u017c to, \u017ce mo\u017cemy przeprowadzi\u0107 <\/span><b>badanie dla dowolnych s\u0142\u00f3w kluczowych<\/b><span style=\"font-weight: 400;\">, dowolnej ich liczby, kombinacji, jak i <\/span><b>w dowolnym j\u0119zyku<\/b><span style=\"font-weight: 400;\">. Dla jednego z naszych Klient\u00f3w co miesi\u0105c analizujemy grupy dla kraj\u00f3w takich jak np. Portugalia, Rumunia, Polska czy Ukraina.<\/span><\/p>\n<h2><strong>Grupy na Facebooku na przyk\u0142adzie rynku nieruchomo\u015bci <\/strong><\/h2>\n<p><span style=\"font-weight: 400;\">Sp\u00f3jrzmy na pierwszy przyk\u0142ad &#8211; rynek nieruchomo\u015bci. <\/span><\/p>\n<p><span style=\"font-weight: 400;\">Ka\u017cdy, kto cho\u0107 raz szuka\u0142 mieszkania w jakimkolwiek mie\u015bcie ma \u015bwiadomo\u015b\u0107, \u017ce istnieje sporo grup na Facebooku, kt\u00f3re s\u0105 po\u015bwi\u0119cone temu tematowi. Je\u015bli temat Was dotyczy\u0142 to na pewno do kilku nawet nale\u017celi\u015bcie. Ale czy wiecie ile mo\u017ce by\u0107 wszystkich takich grup w Waszym mie\u015bcie? Czy wszystkie s\u0105 aktywne? Kt\u00f3re s\u0105 najbardziej aktywne? Kt\u00f3re s\u0105 otwarte a do kt\u00f3rych musicie poprosi\u0107 o dost\u0119p? Manualne znalezienie odpowiedzi na te pytania nie jest proste, szczeg\u00f3lnie dla nawet kilkuset grup.<\/span><\/p>\n<p><span style=\"font-weight: 400;\">Jako przyk\u0142ad pos\u0142u\u017cyli\u015bmy si\u0119 por\u00f3wnaniem rynku nieruchomo\u015bci dla Warszawy oraz Krakowa, a wybrane s\u0142owa kluczowe wygl\u0105da\u0142y nast\u0119puj\u0105co:\u00a0<\/span><i><span style=\"font-weight: 400;\">&#8216;nieruchomo\u015b\u0107 warszawa&#8217;, &#8216;nieruchomo\u015bci warszawa&#8217;, &#8216;wynajem warszawa&#8217;, &#8216;najem warszawa&#8217;, &#8216;pokoje warszawa&#8217;, &#8216;pok\u00f3j warszawa&#8217;, &#8216;mieszkanie warszawa&#8217;, &#8216;mieszkania warszawa&#8217;<\/span><\/i><span style=\"font-weight: 400;\">.\u00a0<\/span><span style=\"font-weight: 400;\">Analogiczne zestawienie s\u0142\u00f3w kluczowych wygl\u0105da\u0142o dla Krakowa. Analizie poddali\u015bmy dwa okresy: grudzie\u0144 2017 (1.12.2017-31.12.2017) &#8211; stycze\u0144 2018 (1.01.2018-31.01.2018). <\/span><\/p>\n<p><span style=\"font-weight: 400;\">Tak wygl\u0105da\u0142y wyniki naszego badania:<\/span><\/p>\n<div id=\"attachment_33667\" style=\"width: 826px\" class=\"wp-caption aligncenter\"><img loading=\"lazy\" decoding=\"async\" aria-describedby=\"caption-attachment-33667\" class=\" wp-image-33667\" src=\"https:\/\/www.sotrender.com\/blog\/wp-content\/uploads\/2018\/03\/warszawa-krakow-nieruchomosci-grupy-fb.png\" alt=\"Analiza rynku nieruchomo\u015bci w Warszawie i Krakowie na grupach na Facebooku\" width=\"816\" height=\"684\" srcset=\"https:\/\/www.sotrender.com\/blog\/wp-content\/uploads\/2018\/03\/warszawa-krakow-nieruchomosci-grupy-fb.png 940w, https:\/\/www.sotrender.com\/blog\/wp-content\/uploads\/2018\/03\/warszawa-krakow-nieruchomosci-grupy-fb-475x398.png 475w, https:\/\/www.sotrender.com\/blog\/wp-content\/uploads\/2018\/03\/warszawa-krakow-nieruchomosci-grupy-fb-768x644.png 768w\" sizes=\"(max-width: 816px) 100vw, 816px\" \/><p id=\"caption-attachment-33667\" class=\"wp-caption-text\">Analiza rynku nieruchomo\u015bci w Warszawie i Krakowie na grupach na Facebooku<\/p><\/div>\n<p><span style=\"font-weight: 400;\">Dla przyk\u0142adowej grupy wyniki wygl\u0105da\u0142y nast\u0119puj\u0105co:<\/span><\/p>\n<p><i><span style=\"font-weight: 400;\">Wynajem mieszkanie \/ pok\u00f3j w Warszawie Warszawa \u2013 pokoje mieszkania wynajem:<\/span><\/i><\/p>\n<ul>\n<li style=\"font-weight: 400;\"><span style=\"font-weight: 400;\">Liczba cz\u0142onk\u00f3w: 5493<\/span><\/li>\n<li style=\"font-weight: 400;\"><span style=\"font-weight: 400;\">Suma wszystkich aktywno\u015bci: 127 (-6)<\/span><\/li>\n<li style=\"font-weight: 400;\"><span style=\"font-weight: 400;\">Suma polubie\u0144: 41 (-37)<\/span><\/li>\n<li style=\"font-weight: 400;\"><span style=\"font-weight: 400;\">Liczba komentarzy: 75 (+27)<\/span><\/li>\n<li style=\"font-weight: 400;\"><span style=\"font-weight: 400;\">Liczba udost\u0119pnie\u0144: 11 (+4)<\/span><\/li>\n<li style=\"font-weight: 400;\"><span style=\"font-weight: 400;\">Liczba post\u00f3w u\u017cytkownik\u00f3w: 97 (+6)<\/span><\/li>\n<li style=\"font-weight: 400;\"><span style=\"font-weight: 400;\">Liczba zaanga\u017cowanych u\u017cytkownik\u00f3w: 145 (-17)<\/span><\/li>\n<li style=\"font-weight: 400;\"><span style=\"font-weight: 400;\">\u015arednia liczba polubie\u0144 na post: 0,42 (-0,43)<\/span><\/li>\n<\/ul>\n<p><span style=\"font-weight: 400;\">Liczby w nawiasie oznaczaj\u0105 przyrost w por\u00f3wnaniu do poprzedniego analogicznego okresu (stycznia 2018 do grudnia 2017). <\/span><\/p>\n<h2><strong>Zdrowa \u017cywno\u015b\u0107 gor\u0105cym tematem na Facebooku <\/strong><\/h2>\n<p><span style=\"font-weight: 400;\">Drug\u0105 przyk\u0142adow\u0105 analiz\u0119 przeprowadzili\u015bmy dla modnego ostatnio trendu, czyli zdrowego od\u017cywiania. Analiza zosta\u0142a przeprowadzona dla s\u0142\u00f3w kluczowych: &#8216;zdrowa \u017cywno\u015b\u0107&#8217;, &#8216;wege&#8217;, &#8216;weganizm&#8217;, &#8216;weganie&#8217;, &#8216;wegetarianizm&#8217;, &#8216;wegetarianie&#8217;, &#8216;\u017cywno\u015b\u0107 ekologiczna&#8217;, &#8216;\u017cywno\u015b\u0107 bio&#8217;, &#8216;\u017cywno\u015b\u0107 eko&#8217;, w okresie 1-7.01.2018 &#8211; 1.7.02.2018.<\/span><\/p>\n<p><span style=\"font-weight: 400;\">Wyniki? Wszystkich grup po\u015bwi\u0119conych temu tematowi jest dok\u0142adnie 303 (116 otwartych i 187 zamkni\u0119tych), z czego cz\u0119\u015b\u0107 by\u0142a zupe\u0142nie nieaktywna w analizowanym okresie. To kolejna bardzo wa\u017cna informacja dla marek.<\/span><\/p>\n<p><span style=\"font-weight: 400;\">Przyjrzyjmy si\u0119 wybranej grupie &#8211; <\/span><i><span style=\"font-weight: 400;\">Co jedz\u0105 polscy weganie<\/span><\/i><span style=\"font-weight: 400;\">.<\/span><\/p>\n<div id=\"attachment_33513\" style=\"width: 834px\" class=\"wp-caption aligncenter\"><img loading=\"lazy\" decoding=\"async\" aria-describedby=\"caption-attachment-33513\" class=\" wp-image-33513\" src=\"https:\/\/www.sotrender.com\/blog\/wp-content\/uploads\/2018\/03\/grupa-co-jedza-polscy-weganie-analiza.png\" alt=\"grupa co jedza polscy weganie analiza\" width=\"824\" height=\"691\" srcset=\"https:\/\/www.sotrender.com\/blog\/wp-content\/uploads\/2018\/03\/grupa-co-jedza-polscy-weganie-analiza.png 940w, https:\/\/www.sotrender.com\/blog\/wp-content\/uploads\/2018\/03\/grupa-co-jedza-polscy-weganie-analiza-475x398.png 475w, https:\/\/www.sotrender.com\/blog\/wp-content\/uploads\/2018\/03\/grupa-co-jedza-polscy-weganie-analiza-768x644.png 768w\" sizes=\"(max-width: 824px) 100vw, 824px\" \/><p id=\"caption-attachment-33513\" class=\"wp-caption-text\">Analiza grupy na Facebooku <em>Co jedz\u0105 polscy weganie<\/em><\/p><\/div>\n<h2><strong>5 korzy\u015bci z analizy grup na Facebooku<\/strong><\/h2>\n<p><span style=\"font-weight: 400;\">Nasza analiza umo\u017cliwi Wam przede wszystkim <\/span><b>podj\u0119cie decyzji o zasadno\u015bci takiej formy komunikacji<\/b><span style=\"font-weight: 400;\"> oraz <\/span><b>rozpocz\u0119cie skutecznych i przemy\u015blanych dzia\u0142a\u0144<\/b><span style=\"font-weight: 400;\"> na grupach na Facebooku. <\/span><\/p>\n<ol>\n<li style=\"font-weight: 400;\"><span style=\"font-weight: 400;\">Dostarczone dane pozwol\u0105 <\/span><b>skupi\u0107 si\u0119 na aktywno\u015bci na wybranych przez nas grupach<\/b><span style=\"font-weight: 400;\"> spo\u015br\u00f3d wszystkich istniej\u0105cych. Nie b\u0119dzie wi\u0119c miejsca na przypadek. Czy b\u0119d\u0105 to grupy z najwi\u0119ksz\u0105 liczb\u0105 cz\u0142onk\u00f3w? Grupy najszybciej rosn\u0105ce? Czy grupy stosunkowo niewielkie, ale najbardziej aktywne, o du\u017cym ruchu? Wyb\u00f3r nale\u017ca\u0142 b\u0119dzie do Was. Wiedz\u0105c, \u017ce grup jest tak du\u017co konieczne b\u0119dzie wybranie kilku b\u0105d\u017a kilkunastu z nich. Oczywistym jest, \u017ce monitorowanie kilkuset b\u0119dzie niemo\u017cliwe, a i najprawdopodobniej ma\u0142o efektywne.<\/span><\/li>\n<li style=\"font-weight: 400;\"><span style=\"font-weight: 400;\">Wyniki badania dadz\u0105 r\u00f3wnie\u017c pogl\u0105d na to, <\/span><b>jak du\u017ce jest zainteresowanie danym tematem<\/b><span style=\"font-weight: 400;\"> na Facebooku, a co za tym idzie potencjalna grupa odbiorc\u00f3w dla naszej marki. Pomog\u0105 r\u00f3wnie\u017c odpowiedzie\u0107 sobie na pytanie, czy jest sens, \u017ceby marka zak\u0142ada\u0142a swoj\u0105 w\u0142asn\u0105 grup\u0119. <\/span><\/li>\n<li style=\"font-weight: 400;\"><span style=\"font-weight: 400;\">Ju\u017c samo <\/span><b>monitorowanie<\/b><span style=\"font-weight: 400;\"> wybranych grup b\u0119dzie niezwykle <\/span><b>cenn\u0105 informacj\u0105 dla marek<\/b><span style=\"font-weight: 400;\"> &#8211; czego odbiorcy poszukuj\u0105 na rynku, jakie maj\u0105 oczekiwania, czy s\u0105 usatysfakcjonowani obecn\u0105 ofert\u0105 na rynku, czy korzystaj\u0105 z us\u0142ug b\u0105d\u017a produkt\u00f3w naszej marki, czy maj\u0105 o niej dobre zdanie, czy polecaj\u0105 j\u0105 innym? <\/span><\/li>\n<li style=\"font-weight: 400;\"><span style=\"font-weight: 400;\">Opr\u00f3cz monitorowania interesuj\u0105cych nas zagadnie\u0144 mo\u017cliwe jest r\u00f3wnie\u017c przej\u015bcie do bardziej <\/span><b>aktywnych form pozyskania interesuj\u0105cych nas informacji <\/b><span style=\"font-weight: 400;\">przez tworzenie ankiet, bada\u0144, zadawanie pyta\u0144 czy rozpoczynanie dyskusji. <\/span><\/li>\n<li style=\"font-weight: 400;\"><span style=\"font-weight: 400;\">Obecno\u015b\u0107 i aktywno\u015b\u0107 na grupach na Facebooku to przede wszystkim \u015bwietny spos\u00f3b na <\/span><b>zaistnienie w \u015bwiadomo\u015bci naszych klient\u00f3w<\/b><span style=\"font-weight: 400;\">, <\/span><b>zbudowanie sobie pozycji eksperta<\/b><span style=\"font-weight: 400;\">, specjalisty w danej dziedzinie. <\/span><b>Obecno\u015b\u0107 na grupach mo\u017ce mie\u0107 wi\u0119c charakter bardziej edukacyjny i doradczy<\/b><span style=\"font-weight: 400;\">. Mniej nachalny spos\u00f3b prowadzenia biznesu, ukazuj\u0105cy przy tym warto\u015b\u0107 i unikalno\u015b\u0107 naszej marki, jest obecnie du\u017co lepiej postrzegany przez klient\u00f3w. \u015awiadczy nie tylko o otwarto\u015bci marki, ale r\u00f3wnie\u017c pozwala na <\/span><b>budowanie zaufania<\/b><span style=\"font-weight: 400;\"> w\u015br\u00f3d potencjalnych klient\u00f3w. Takie dzia\u0142ania mog\u0105 mie\u0107 bardzo pozytywne i znacz\u0105ce, cho\u0107 najprawdopodobniej nie natychmiastowe, efekty w przysz\u0142o\u015bci. <\/span><\/li>\n<\/ol>\n<p style=\"text-align: center;\"><!--HubSpot Call-to-Action Code --><span id=\"hs-cta-wrapper-c4243256-775c-4f09-9dae-182c6d1fa4e1\" class=\"hs-cta-wrapper\"><span id=\"hs-cta-c4243256-775c-4f09-9dae-182c6d1fa4e1\" class=\"hs-cta-node hs-cta-c4243256-775c-4f09-9dae-182c6d1fa4e1\"><!-- [if lte IE 8]><\/p>\n\n\n\n\n\n<div id=\"hs-cta-ie-element\"><\/div>\n\n\n<![endif]--><a href=\"https:\/\/cta-redirect.hubspot.com\/cta\/redirect\/3842881\/c4243256-775c-4f09-9dae-182c6d1fa4e1\"><img decoding=\"async\" id=\"hs-cta-img-c4243256-775c-4f09-9dae-182c6d1fa4e1\" class=\"hs-cta-img aligncenter\" style=\"border-width: 0px;\" src=\"https:\/\/no-cache.hubspot.com\/cta\/default\/3842881\/c4243256-775c-4f09-9dae-182c6d1fa4e1.png\" alt=\"Mierz swoje dzia\u0142ania w social media!\" \/><\/a><\/span><script charset=\"utf-8\" src=\"https:\/\/js.hscta.net\/cta\/current.js\"><\/script><script type=\"text\/javascript\"> hbspt.cta.load(3842881, 'c4243256-775c-4f09-9dae-182c6d1fa4e1', {}); <\/script><\/span><!-- end HubSpot Call-to-Action Code --><\/p>\n<h2><strong>Wykorzystaj w pe\u0142ni potencja\u0142 grup na Facebooku<\/strong><\/h2>\n<p><span style=\"font-weight: 400;\">Grupy, anga\u017cuj\u0105c wielu u\u017cytkownik\u00f3w Facebooka, dla wielu firm mog\u0105 by\u0107 doskona\u0142ym kana\u0142em do kontaktu z grup\u0105 docelow\u0105. Na pierwszy rzut oka potencja\u0142 mo\u017ce by\u0107 jednak dla wielu niewidoczny. Same grupy nie daj\u0105 dost\u0119pu do zbyt wielu statystyk, st\u0105d te\u017c chocia\u017cby uzasadnienie zasadno\u015bci podejmowania w nich aktywno\u015bci mo\u017ce by\u0107 utrudnione. Dop\u00f3ki istnieje jeszcze taka mo\u017cliwo\u015b\u0107, warto wi\u0119c skorzysta\u0107 z dost\u0119pu do pog\u0142\u0119bionych statystyk dzi\u0119ki API Facebooka, kt\u00f3ry zostanie ograniczony wraz z ko\u0144cem kwietnia b.r. <\/span><\/p>\n<p><b>Jeste\u015b zainteresowany\/a badaniem grup na Facebooku? Masz pytania? <\/b><span style=\"font-weight: 400;\">Skontaktuj si\u0119 z naszym <a href=\"mailto:sales@sotrender.com\">dzia\u0142em sprzeda\u017cy<\/a><\/span><span style=\"font-weight: 400;\">\u00a0lub bezpo\u015brednio z <a href=\"mailto:j.rzepka@sotrender.com\">Jackiem<\/a><\/span><span style=\"font-weight: 400;\">. Jeste\u015bmy do Twojej dyspozycji! <\/span><\/p>\n","protected":false},"excerpt":{"rendered":"<p>Prowadzenie marketingu z wykorzystaniem medi\u00f3w spo\u0142eczno\u015bciowych, a szczeg\u00f3lnie Facebooka, wobec kt\u00f3rego marketerzy maj\u0105 szczeg\u00f3lne oczekiwania, jest obecnie zupe\u0142nie powszechne. Jednak na Facebooku jest obecnie mn\u00f3stwo tre\u015bci a zasi\u0119gi organiczne nieustannie spadaj\u0105. Dok\u0142adaj\u0105c do tego zmiany w algorytmie, zmuszeni jeste\u015bmy do weryfikacji naszych dzia\u0142a\u0144 marketingowych, jak i wi\u0119kszej kreatywno\u015bci. Jednym z wci\u0105\u017c niedocenianych i nie do [&hellip;]<\/p>\n","protected":false},"author":89,"featured_media":33523,"comment_status":"open","ping_status":"open","sticky":false,"template":"","format":"standard","meta":{"inline_featured_image":false,"footnotes":""},"categories":[1791,1797,2125],"tags":[2791,2793],"yoast_head":"<!-- This site is optimized with the Yoast SEO plugin v22.4 - https:\/\/yoast.com\/wordpress\/plugins\/seo\/ -->\n<title>Analiza grup na Facebooku - dane dost\u0119pne r\u00f3wnie\u017c w Twoim zasi\u0119gu<\/title>\n<meta name=\"description\" content=\"Badanie grup na Facebooku przeprowadzone przez Sotrender pozwoli Ci uzasadni\u0107 podejmowanie na nich dzia\u0142a\u0144 oraz sprawi, \u017ce b\u0119d\u0105 one przemy\u015blane i skuteczne!\" \/>\n<meta name=\"robots\" content=\"index, follow, max-snippet:-1, max-image-preview:large, max-video-preview:-1\" \/>\n<link rel=\"canonical\" href=\"https:\/\/www.sotrender.com\/blog\/pl\/2018\/03\/analiza-grup-na-facebooku-badanie\/\" \/>\n<meta property=\"og:locale\" content=\"pl_PL\" \/>\n<meta property=\"og:type\" content=\"article\" \/>\n<meta property=\"og:title\" content=\"Analiza grup na Facebooku - dane dost\u0119pne r\u00f3wnie\u017c w Twoim zasi\u0119gu\" \/>\n<meta property=\"og:description\" content=\"Badanie grup na Facebooku przeprowadzone przez Sotrender pozwoli Ci uzasadni\u0107 podejmowanie na nich dzia\u0142a\u0144 oraz sprawi, \u017ce b\u0119d\u0105 one przemy\u015blane i skuteczne!\" \/>\n<meta property=\"og:url\" content=\"https:\/\/www.sotrender.com\/blog\/pl\/2018\/03\/analiza-grup-na-facebooku-badanie\/\" \/>\n<meta property=\"og:site_name\" content=\"Sotrender Blog\" \/>\n<meta property=\"article:publisher\" content=\"https:\/\/www.facebook.com\/Sotrender\" \/>\n<meta property=\"article:published_time\" content=\"2018-03-12T11:45:17+00:00\" \/>\n<meta property=\"article:modified_time\" content=\"2020-03-16T08:35:31+00:00\" \/>\n<meta property=\"og:image\" content=\"https:\/\/www.sotrender.com\/blog\/wp-content\/uploads\/2018\/03\/people-2557396_1280.jpg\" \/>\n\t<meta property=\"og:image:width\" content=\"1280\" \/>\n\t<meta property=\"og:image:height\" content=\"853\" \/>\n\t<meta property=\"og:image:type\" content=\"image\/jpeg\" \/>\n<meta name=\"author\" content=\"Klaudia \u017by\u0142ka\" \/>\n<meta name=\"twitter:card\" content=\"summary_large_image\" \/>\n<meta name=\"twitter:creator\" content=\"@Sotrender\" \/>\n<meta name=\"twitter:site\" content=\"@Sotrender\" \/>\n<meta name=\"twitter:label1\" content=\"Written by\" \/>\n\t<meta name=\"twitter:data1\" content=\"Klaudia \u017by\u0142ka\" \/>\n\t<meta name=\"twitter:label2\" content=\"Est. reading time\" \/>\n\t<meta name=\"twitter:data2\" content=\"8 minutes\" \/>\n<script type=\"application\/ld+json\" class=\"yoast-schema-graph\">{\"@context\":\"https:\/\/schema.org\",\"@graph\":[{\"@type\":\"WebPage\",\"@id\":\"https:\/\/www.sotrender.com\/blog\/pl\/2018\/03\/analiza-grup-na-facebooku-badanie\/\",\"url\":\"https:\/\/www.sotrender.com\/blog\/pl\/2018\/03\/analiza-grup-na-facebooku-badanie\/\",\"name\":\"Analiza grup na Facebooku - dane dost\u0119pne r\u00f3wnie\u017c w Twoim zasi\u0119gu\",\"isPartOf\":{\"@id\":\"https:\/\/www.sotrender.com\/blog\/#website\"},\"primaryImageOfPage\":{\"@id\":\"https:\/\/www.sotrender.com\/blog\/pl\/2018\/03\/analiza-grup-na-facebooku-badanie\/#primaryimage\"},\"image\":{\"@id\":\"https:\/\/www.sotrender.com\/blog\/pl\/2018\/03\/analiza-grup-na-facebooku-badanie\/#primaryimage\"},\"thumbnailUrl\":\"https:\/\/www.sotrender.com\/blog\/wp-content\/uploads\/2018\/03\/people-2557396_1280.jpg\",\"datePublished\":\"2018-03-12T11:45:17+00:00\",\"dateModified\":\"2020-03-16T08:35:31+00:00\",\"author\":{\"@id\":\"https:\/\/www.sotrender.com\/blog\/#\/schema\/person\/038ac5e276c5d102d8cbb9c36cd43416\"},\"description\":\"Badanie grup na Facebooku przeprowadzone przez Sotrender pozwoli Ci uzasadni\u0107 podejmowanie na nich dzia\u0142a\u0144 oraz sprawi, \u017ce b\u0119d\u0105 one przemy\u015blane i skuteczne!\",\"breadcrumb\":{\"@id\":\"https:\/\/www.sotrender.com\/blog\/pl\/2018\/03\/analiza-grup-na-facebooku-badanie\/#breadcrumb\"},\"inLanguage\":\"pl-PL\",\"potentialAction\":[{\"@type\":\"ReadAction\",\"target\":[\"https:\/\/www.sotrender.com\/blog\/pl\/2018\/03\/analiza-grup-na-facebooku-badanie\/\"]}]},{\"@type\":\"ImageObject\",\"inLanguage\":\"pl-PL\",\"@id\":\"https:\/\/www.sotrender.com\/blog\/pl\/2018\/03\/analiza-grup-na-facebooku-badanie\/#primaryimage\",\"url\":\"https:\/\/www.sotrender.com\/blog\/wp-content\/uploads\/2018\/03\/people-2557396_1280.jpg\",\"contentUrl\":\"https:\/\/www.sotrender.com\/blog\/wp-content\/uploads\/2018\/03\/people-2557396_1280.jpg\",\"width\":1280,\"height\":853,\"caption\":\"ludzie, grupa, analiza\"},{\"@type\":\"BreadcrumbList\",\"@id\":\"https:\/\/www.sotrender.com\/blog\/pl\/2018\/03\/analiza-grup-na-facebooku-badanie\/#breadcrumb\",\"itemListElement\":[{\"@type\":\"ListItem\",\"position\":1,\"name\":\"Home\",\"item\":\"https:\/\/www.sotrender.com\/blog\/\"},{\"@type\":\"ListItem\",\"position\":2,\"name\":\"Dane o jakich nie \u015bni\u0142e\u015b, czyli co mo\u017cesz zyska\u0107 dzi\u0119ki analizie grup na Facebooku\"}]},{\"@type\":\"WebSite\",\"@id\":\"https:\/\/www.sotrender.com\/blog\/#website\",\"url\":\"https:\/\/www.sotrender.com\/blog\/\",\"name\":\"Sotrender Blog\",\"description\":\"\",\"potentialAction\":[{\"@type\":\"SearchAction\",\"target\":{\"@type\":\"EntryPoint\",\"urlTemplate\":\"https:\/\/www.sotrender.com\/blog\/?s={search_term_string}\"},\"query-input\":\"required name=search_term_string\"}],\"inLanguage\":\"pl-PL\"},{\"@type\":\"Person\",\"@id\":\"https:\/\/www.sotrender.com\/blog\/#\/schema\/person\/038ac5e276c5d102d8cbb9c36cd43416\",\"name\":\"Klaudia \u017by\u0142ka\",\"image\":{\"@type\":\"ImageObject\",\"inLanguage\":\"pl-PL\",\"@id\":\"https:\/\/www.sotrender.com\/blog\/#\/schema\/person\/image\/\",\"url\":\"https:\/\/secure.gravatar.com\/avatar\/f55d5d49ce3c448e1ffde0ab078d84cd?s=96&d=mm&r=g\",\"contentUrl\":\"https:\/\/secure.gravatar.com\/avatar\/f55d5d49ce3c448e1ffde0ab078d84cd?s=96&d=mm&r=g\",\"caption\":\"Klaudia \u017by\u0142ka\"},\"description\":\"Instagram, dogs, books and food lover. Former student at Warsaw University and Malm\u00f6 University. Improving her marketing skills every day. Proud owner of DIMAQ certificate\",\"sameAs\":[\"https:\/\/www.linkedin.com\/in\/klaudia-\u017cy\u0142ka-17527779\"],\"url\":\"https:\/\/www.sotrender.com\/blog\/pl\/author\/klaudia_yka\/\"}]}<\/script>\n<!-- \/ Yoast SEO plugin. -->","yoast_head_json":{"title":"Analiza grup na Facebooku - dane dost\u0119pne r\u00f3wnie\u017c w Twoim zasi\u0119gu","description":"Badanie grup na Facebooku przeprowadzone przez Sotrender pozwoli Ci uzasadni\u0107 podejmowanie na nich dzia\u0142a\u0144 oraz sprawi, \u017ce b\u0119d\u0105 one przemy\u015blane i skuteczne!","robots":{"index":"index","follow":"follow","max-snippet":"max-snippet:-1","max-image-preview":"max-image-preview:large","max-video-preview":"max-video-preview:-1"},"canonical":"https:\/\/www.sotrender.com\/blog\/pl\/2018\/03\/analiza-grup-na-facebooku-badanie\/","og_locale":"pl_PL","og_type":"article","og_title":"Analiza grup na Facebooku - dane dost\u0119pne r\u00f3wnie\u017c w Twoim zasi\u0119gu","og_description":"Badanie grup na Facebooku przeprowadzone przez Sotrender pozwoli Ci uzasadni\u0107 podejmowanie na nich dzia\u0142a\u0144 oraz sprawi, \u017ce b\u0119d\u0105 one przemy\u015blane i skuteczne!","og_url":"https:\/\/www.sotrender.com\/blog\/pl\/2018\/03\/analiza-grup-na-facebooku-badanie\/","og_site_name":"Sotrender Blog","article_publisher":"https:\/\/www.facebook.com\/Sotrender","article_published_time":"2018-03-12T11:45:17+00:00","article_modified_time":"2020-03-16T08:35:31+00:00","og_image":[{"width":1280,"height":853,"url":"https:\/\/www.sotrender.com\/blog\/wp-content\/uploads\/2018\/03\/people-2557396_1280.jpg","type":"image\/jpeg"}],"author":"Klaudia \u017by\u0142ka","twitter_card":"summary_large_image","twitter_creator":"@Sotrender","twitter_site":"@Sotrender","twitter_misc":{"Written by":"Klaudia \u017by\u0142ka","Est. reading time":"8 minutes"},"schema":{"@context":"https:\/\/schema.org","@graph":[{"@type":"WebPage","@id":"https:\/\/www.sotrender.com\/blog\/pl\/2018\/03\/analiza-grup-na-facebooku-badanie\/","url":"https:\/\/www.sotrender.com\/blog\/pl\/2018\/03\/analiza-grup-na-facebooku-badanie\/","name":"Analiza grup na Facebooku - dane dost\u0119pne r\u00f3wnie\u017c w Twoim zasi\u0119gu","isPartOf":{"@id":"https:\/\/www.sotrender.com\/blog\/#website"},"primaryImageOfPage":{"@id":"https:\/\/www.sotrender.com\/blog\/pl\/2018\/03\/analiza-grup-na-facebooku-badanie\/#primaryimage"},"image":{"@id":"https:\/\/www.sotrender.com\/blog\/pl\/2018\/03\/analiza-grup-na-facebooku-badanie\/#primaryimage"},"thumbnailUrl":"https:\/\/www.sotrender.com\/blog\/wp-content\/uploads\/2018\/03\/people-2557396_1280.jpg","datePublished":"2018-03-12T11:45:17+00:00","dateModified":"2020-03-16T08:35:31+00:00","author":{"@id":"https:\/\/www.sotrender.com\/blog\/#\/schema\/person\/038ac5e276c5d102d8cbb9c36cd43416"},"description":"Badanie grup na Facebooku przeprowadzone przez Sotrender pozwoli Ci uzasadni\u0107 podejmowanie na nich dzia\u0142a\u0144 oraz sprawi, \u017ce b\u0119d\u0105 one przemy\u015blane i skuteczne!","breadcrumb":{"@id":"https:\/\/www.sotrender.com\/blog\/pl\/2018\/03\/analiza-grup-na-facebooku-badanie\/#breadcrumb"},"inLanguage":"pl-PL","potentialAction":[{"@type":"ReadAction","target":["https:\/\/www.sotrender.com\/blog\/pl\/2018\/03\/analiza-grup-na-facebooku-badanie\/"]}]},{"@type":"ImageObject","inLanguage":"pl-PL","@id":"https:\/\/www.sotrender.com\/blog\/pl\/2018\/03\/analiza-grup-na-facebooku-badanie\/#primaryimage","url":"https:\/\/www.sotrender.com\/blog\/wp-content\/uploads\/2018\/03\/people-2557396_1280.jpg","contentUrl":"https:\/\/www.sotrender.com\/blog\/wp-content\/uploads\/2018\/03\/people-2557396_1280.jpg","width":1280,"height":853,"caption":"ludzie, grupa, analiza"},{"@type":"BreadcrumbList","@id":"https:\/\/www.sotrender.com\/blog\/pl\/2018\/03\/analiza-grup-na-facebooku-badanie\/#breadcrumb","itemListElement":[{"@type":"ListItem","position":1,"name":"Home","item":"https:\/\/www.sotrender.com\/blog\/"},{"@type":"ListItem","position":2,"name":"Dane o jakich nie \u015bni\u0142e\u015b, czyli co mo\u017cesz zyska\u0107 dzi\u0119ki analizie grup na Facebooku"}]},{"@type":"WebSite","@id":"https:\/\/www.sotrender.com\/blog\/#website","url":"https:\/\/www.sotrender.com\/blog\/","name":"Sotrender Blog","description":"","potentialAction":[{"@type":"SearchAction","target":{"@type":"EntryPoint","urlTemplate":"https:\/\/www.sotrender.com\/blog\/?s={search_term_string}"},"query-input":"required name=search_term_string"}],"inLanguage":"pl-PL"},{"@type":"Person","@id":"https:\/\/www.sotrender.com\/blog\/#\/schema\/person\/038ac5e276c5d102d8cbb9c36cd43416","name":"Klaudia \u017by\u0142ka","image":{"@type":"ImageObject","inLanguage":"pl-PL","@id":"https:\/\/www.sotrender.com\/blog\/#\/schema\/person\/image\/","url":"https:\/\/secure.gravatar.com\/avatar\/f55d5d49ce3c448e1ffde0ab078d84cd?s=96&d=mm&r=g","contentUrl":"https:\/\/secure.gravatar.com\/avatar\/f55d5d49ce3c448e1ffde0ab078d84cd?s=96&d=mm&r=g","caption":"Klaudia \u017by\u0142ka"},"description":"Instagram, dogs, books and food lover. Former student at Warsaw University and Malm\u00f6 University. Improving her marketing skills every day. Proud owner of DIMAQ certificate","sameAs":["https:\/\/www.linkedin.com\/in\/klaudia-\u017cy\u0142ka-17527779"],"url":"https:\/\/www.sotrender.com\/blog\/pl\/author\/klaudia_yka\/"}]}},"_links":{"self":[{"href":"https:\/\/www.sotrender.com\/blog\/pl\/wp-json\/wp\/v2\/posts\/33509"}],"collection":[{"href":"https:\/\/www.sotrender.com\/blog\/pl\/wp-json\/wp\/v2\/posts"}],"about":[{"href":"https:\/\/www.sotrender.com\/blog\/pl\/wp-json\/wp\/v2\/types\/post"}],"author":[{"embeddable":true,"href":"https:\/\/www.sotrender.com\/blog\/pl\/wp-json\/wp\/v2\/users\/89"}],"replies":[{"embeddable":true,"href":"https:\/\/www.sotrender.com\/blog\/pl\/wp-json\/wp\/v2\/comments?post=33509"}],"version-history":[{"count":10,"href":"https:\/\/www.sotrender.com\/blog\/pl\/wp-json\/wp\/v2\/posts\/33509\/revisions"}],"predecessor-version":[{"id":39855,"href":"https:\/\/www.sotrender.com\/blog\/pl\/wp-json\/wp\/v2\/posts\/33509\/revisions\/39855"}],"wp:featuredmedia":[{"embeddable":true,"href":"https:\/\/www.sotrender.com\/blog\/pl\/wp-json\/wp\/v2\/media\/33523"}],"wp:attachment":[{"href":"https:\/\/www.sotrender.com\/blog\/pl\/wp-json\/wp\/v2\/media?parent=33509"}],"wp:term":[{"taxonomy":"category","embeddable":true,"href":"https:\/\/www.sotrender.com\/blog\/pl\/wp-json\/wp\/v2\/categories?post=33509"},{"taxonomy":"post_tag","embeddable":true,"href":"https:\/\/www.sotrender.com\/blog\/pl\/wp-json\/wp\/v2\/tags?post=33509"}],"curies":[{"name":"wp","href":"https:\/\/api.w.org\/{rel}","templated":true}]}}