{"id":3327,"date":"2012-11-07T10:23:20","date_gmt":"2012-11-07T09:23:20","guid":{"rendered":"http:\/\/blog.sotrender.com\/?p=3327"},"modified":"2015-12-01T22:23:39","modified_gmt":"2015-12-01T21:23:39","slug":"pazdziernik-na-facebooku-i-w-fanpage-trends","status":"publish","type":"post","link":"https:\/\/www.sotrender.com\/blog\/pl\/2012\/11\/pazdziernik-na-facebooku-i-w-fanpage-trends\/","title":{"rendered":"Pa\u017adziernik na Facebooku i w Fanpage Trends &#8211; zmiany w Edge Ranku,  promowanie post\u00f3w i Global Pages."},"content":{"rendered":"<p><img loading=\"lazy\" decoding=\"async\" class=\"alignleft  wp-image-3461\" title=\"Fanpage Trends 201210\" src=\"https:\/\/www.sotrender.com\/blog\/wp-content\/uploads\/2012\/11\/trends2012103-300x300.png\" alt=\"\" width=\"200\" height=\"200\" \/>W pa\u017adzierniku Facebook znowu sporo pozmienia\u0142. Sotrender podsumowuje najwa\u017cniejsze zmiany i zaprasza do lektury najnowszego<a title=\"Zobacz pe\u0142ny raport Fanpage Trends\" href=\"http:\/\/www.sotrender.com\/pl\/fanpage-trends\" target=\"_blank\"> raportu Fanpage Trends <\/a>podsumowuj\u0105cego marketing na Facebooku.<\/p>\n<p>Najwa\u017cniejszym wydarzeniem dla u\u017cytkownik\u00f3w i marketer\u00f3w jest zmiana w sposobie liczenia Edge Ranku,  czyli w algorytmie filtruj\u0105cym tre\u015bci jakie pojawiaj\u0105 si\u0119 u\u017cytkownikom. \u00a0Kolejn\u0105 nowo\u015bci\u0105 jest udost\u0119pnienie wpis\u00f3w sponsorowanych wszystkim u\u017cytkownikom. Wykupienie takiej opcji spowoduje,  \u017ce wpis dotrze do wi\u0119kszej liczby znajomych.\u00a0 Marki mi\u0119dzynarodowe oficjalnie dosta\u0142y r\u00f3wnie\u017c mo\u017cliwo\u015b\u0107 tworzenia tzw. <em>Global Pages<\/em>. Ponadto Facebook opublikowa\u0142 swoje dane finansowe za ostatni kwarta\u0142. Zako\u0144czy\u0142a si\u0119 te\u017c akcja kasowania fan\u00f3w,  kt\u00f3r\u0105 dok\u0142adnie pisali\u015bmy w <a title=\"Kasowanie fan\u00f3w na Facebooku: raport\" href=\"https:\/\/www.sotrender.com\/blog\/pl\/2012\/11\/kto-naprawde-stracil-fanow-na-facebooku\/\">analizie Sotrender Research Team<\/a>.<\/p>\n<p><!--more--><\/p>\n<h3>Zmiany w Edge Rank,  organic reach zredukowany<\/h3>\n<p>Facebook zdecydowa\u0142 si\u0119 zmniejszy\u0107 zasi\u0119g post\u00f3w publikowanych przez fanpage prawdopodobnie z dw\u00f3ch powod\u00f3w:<\/p>\n<ol>\n<li>Oczyszczania Aktualno\u015bci u\u017cytkownik\u00f3w z tre\u015bci <em>spamerskich<\/em>,  co jest w za\u0142o\u017ceniu korzystne dla u\u017cytkownik\u00f3w<\/li>\n<li>Zwi\u0119kszenia zysk\u00f3w poprzez zach\u0119canie do kupowania p\u0142atnego zasi\u0119gu,  aby skuteczniej dociera\u0107 do fan\u00f3w.<\/li>\n<\/ol>\n<p>Dzi\u0119ki mechanizmom regulacji widoczno\u015bci u\u017cytkownicy otrzymuj\u0105 mo\u017cliwie najbardziej odpowiednie tre\u015bci w Aktualno\u015bciach. Tre\u015bci,  kt\u00f3re pokazuj\u0105 si\u0119 na ich tablicach pochodz\u0105 jedynie od nadawc\u00f3w,  z kt\u00f3rymi utrzymywali wcze\u015bniej komunikacj\u0119,  to znaczy udost\u0119pniali ich tre\u015bci,  komentowali,  albo chocia\u017c je lubili. Dlatego,  \u017ceby \u201eoczyszczony\u201d news feed u\u017cytkownika nie sta\u0142 si\u0119 bardziej pusty ni\u017c u\u017cytkownik by chcia\u0142,  b\u0119dzie on musia\u0142 rzeczywi\u015bcie utrzymywa\u0107 komunikacj\u0119 z innymi u\u017cytkownikami i stronami \u2013 tylko wtedy nie b\u0119dzie m\u00f3g\u0142 narzeka\u0107 na brak ciekawych tre\u015bci na swojej tablicy.<\/p>\n<p>Poprzez p\u0142atny dost\u0119p mo\u017cliwe jest dotarcie a\u017c do 5 razy wi\u0119kszej liczby u\u017cytkownik\u00f3w. Ponadto s\u0105 oni najcz\u0119\u015bciej tymi u\u017cytkownikami,  kt\u00f3rzy rzadziej korzystaj\u0105 z Facebooka. Z drugiej strony oznacza to dotkliwy spadek zasi\u0119gu niepromowanych wpis\u00f3w. Zdaniem <a title=\"Measuring Social: Facebook Quietly Destroys Half the Value of Your Brand Page Overnight\" href=\"http:\/\/www.jeffdoak.com\/facebook-quietly-destroys-half-the-value-of-your-brand-page-overnight\/\" target=\"_blank\">Jeffa Doaka z agencji reklamowej WPP<\/a> zmiany w algorytmie mog\u0105 skutkowa\u0107 co najmniej 40-50%\u00a0 spadkiem zasi\u0119gu organicznego dla du\u017cych fanpage\u2019y firmowych. Nie wszystkie strony zostan\u0105 jednak dotkni\u0119te w tym samym stopniu. Z danych Sotrendera wynika,  \u017ce zmiany zasi\u0119gu s\u0105 bardzo r\u00f3\u017cne i cho\u0107 rzeczywi\u015bcie zasi\u0119g niekt\u00f3rych stron spad\u0142,  inne nadal bardzo dobrze anga\u017cuj\u0105 u\u017cytkownik\u00f3w Facebooka.<\/p>\n<p>Kto jak sobie radzi z tworzeniem zasi\u0119gu mo\u017cna sprawdzi\u0107 w wynikach <a title=\"Zobacz pe\u0142ny raport Fanpage Trends\" href=\"http:\/\/www.sotrender.com\/pl\/fanpage-trends\/201210\" target=\"_blank\">pa\u017adziernikowego raportu Fanpage Trends<\/a>. Jak ograniczy\u0107 spadek zasi\u0119gu mo\u017cna przeczyta\u0107 m.in. na blogu <a title=\"Social Ogilvy: Facebook Algorithmic Change to Decrease Reach on Brand Page Posts\" href=\"https:\/\/social.ogilvy.com\/facebook-algorithmic-change-to-decrease-reach-on-brand-page-posts\" target=\"_blank\">social@Ogilvy<\/a>. Wi\u0119cej informacji o r\u00f3\u017cnicach w zasi\u0119gu p\u0142atnym i organicznym znajdziecie <a title=\"Facebook Studio: Understanding paid and earned reach on Facebook\" href=\"https:\/\/www.facebook-studio.com\/fbassets\/resource\/73\/UnderstandingPaidandEarnedReachonFacebook.pdf\" target=\"_blank\">w oficjalnym poradniku Facebooka<\/a> .<\/p>\n<h3>Global Pages<\/h3>\n<p>Dla mi\u0119dzynarodowych firm z pewno\u015bci\u0105 dobr\u0105 informacj\u0105 b\u0119dzie umo\u017cliwienie tworzenia <em>Global Pages,  <\/em>czyli jednego fanpage\u2019a,  na kt\u00f3rym tre\u015bci filtrowane s\u0105 ze wzgl\u0119du na kraj u\u017cytkownika. Najwi\u0119ksz\u0105 zalet\u0105 takiego rozwi\u0105zania jest mo\u017cliwo\u015b\u0107 prowadzenia przez firmy jednej na strony dla wszystkich kraj\u00f3w,  kt\u00f3ra posiada ten sam adres,  widoczne s\u0105 na niej identyczne tre\u015bci (ale w r\u00f3\u017cnych j\u0119zykach) oraz mo\u017cliwe jest por\u00f3wnywanie statystyk pomi\u0119dzy krajami.\u00a0 Wi\u0119cej informacji o <em>Global Pages<\/em> mo\u017cna znale\u017a\u0107 na <a title=\"Facebook Studio: Announcing a New Pages Structure for Global Brands\" href=\"http:\/\/www.facebook-studio.com\/news\/item\/announcing-a-new-pages-structure-for-global-brands\/\" target=\"_blank\">oficjalnej stronie Faceboka<\/a>.<\/p>\n<h3>Promowanie post\u00f3w na kontach osobistych<\/h3>\n<p>Zaczynaj\u0105c od Nowej Zelandii Facebook stopniowo wprowadza mo\u017cliwo\u015b\u0107 promowania wpis\u00f3w dla wszystkich u\u017cytkownik\u00f3w. O nowej funkcji zrobi\u0142o si\u0119 jednak naprawd\u0119 g\u0142o\u015bno,  gdy dotar\u0142a do USA. Aby zrobi\u0107 miejsce dla wpis\u00f3w sponsorowanych,  Facebook ograniczy\u0142 zasi\u0119g tre\u015bci bezp\u0142atnych,  w tym tak\u017ce tych udost\u0119pnianych przez zwyk\u0142ych u\u017cytkownik\u00f3w. Taka decyzja wywo\u0142a\u0142a szereg kontrowersji oraz negatywnych komentarzy nie tylko za oceanem. O kontrowersjach wok\u00f3\u0142 promowania wpis\u00f3w prywatnych mo\u017cna przeczyta\u0107 chocia\u017cby na stronie <a title=\"Fox News:  http:\/\/www.foxnews.com\/tech\/2012\/10\/04\/facebook-to-charge-users-to-promote-posts-to-friends\/\" href=\"http:\/\/www.foxnews.com\/tech\/2012\/10\/04\/facebook-to-charge-users-to-promote-posts-to-friends\/\" target=\"_blank\">Foxnews.com<\/a>. Standardowa op\u0142ata wynosi oko\u0142o 7 dolar\u00f3w za wpis.<\/p>\n<h3>Wyniki finansowe Facebooka<\/h3>\n<p>Facebook opublikowa\u0142 tak\u017ce swoje wyniki finansowe,  kt\u00f3re mo\u017cna zobaczy\u0107 na <a title=\"Facebook Reports Third Quarter 2012 Results\" href=\"http:\/\/investor.fb.com\/releasedetail.cfm?ReleaseID=715607\" target=\"_blank\">oficjalnej stronie\u00a0 dla inwestor\u00f3w<\/a>. Po raz kolejny okaza\u0142o si\u0119,  \u017ce plotki o \u015bmierci \u201efejsa\u201d okaza\u0142y si\u0119 nieco przesadzone. Liczba aktywnych u\u017cytkownik\u00f3w miesi\u0119cznie (MAUs) wzros\u0142a o 26% w stosunku do ubieg\u0142ego roku i pierwszy raz przekroczy\u0142a miliard. Facebook zwi\u0119kszy\u0142 tak\u017ce liczb\u0119 aktywnych u\u017cytkownik\u00f3w dziennie (DAUs) do 584 milion\u00f3w,  czyli o 28% rok do roku. Jeszcze dynamiczniej ros\u0142a liczba mobilnych u\u017cytkownik\u00f3w (MAUs). Z Facebooka na tabletach czy kom\u00f3rkach korzysta ju\u017c 604 miliony u\u017cytkownik\u00f3w,  co oznacza wzrost o 61% w stosunku do ubieg\u0142ego roku! Szerzej wyniki skomentowa\u0142 <a title=\"Antyweb: Facebook og\u0142osi\u0142 wyniki finansowe \u2013 pierwszy raz poda\u0142 przychody z mobile!\" href=\"http:\/\/antyweb.pl\/facebook-oglosil-wyniki-finansowe-pierwszy-raz-podal-przychody-z-mobile\/\" target=\"_blank\">Grzegorz Marczak na Antyweb.pl<\/a> .<\/p>\n<h3>Z usuwania fan\u00f3w wyszli\u015bmy ca\u0142o<\/h3>\n<p>Cho\u0107 g\u0142o\u015bno by\u0142o o usuwaniu przez Facebooka fa\u0142szywych kont u\u017cytkownik\u00f3w,  okaza\u0142o si\u0119,  \u017ce nie by\u0142o si\u0119 czego ba\u0107. Analizy Sotrendera wykaza\u0142y,  \u017ce rzeczywi\u015bcie,  jak zapowiadano,  straty najwi\u0119kszych stron komercyjnych wynios\u0142y 1, 1% fan\u00f3w,  a przypadki usuni\u0119cia wi\u0119cej ni\u017c kilku procent fan\u00f3w to wyj\u0105tki. Co ciekawe,  farmom fan\u00f3w wielbicieli prawie nie uby\u0142o. Aby dowiedzie\u0107 si\u0119 kto i ile straci\u0142 na akcji warto przeczyta\u0107 wyniki naszych analiz w <a href=\"https:\/\/www.sotrender.com\/blog\/pl\/2012\/11\/kto-naprawde-stracil-fanow-na-facebooku\/\" target=\"_blank\">artykule o kasowaniu kont na blogu Sotrender<\/a>.<\/p>\n<h3>A w Fanpage Trends\u2026<\/h3>\n<div id=\"attachment_3401\" style=\"width: 527px\" class=\"wp-caption aligncenter\"><a href=\"http:\/\/www.sotrender.com\/pl\/fanpage-trends\" target=\"_blank\"><img loading=\"lazy\" decoding=\"async\" aria-describedby=\"caption-attachment-3401\" class=\" wp-image-3401   \" title=\"Fanpage Trends,  pa\u017adziernik 2012,  ranking 10 najwi\u0119kszych polskich profili na Facebooku\" src=\"https:\/\/www.sotrender.com\/blog\/wp-content\/uploads\/2012\/11\/2012101.jpg\" alt=\"Fanpage Trends,  pa\u017adziernik 2012,  ranking 10 najwi\u0119kszych polskich profili na Facebooku\" width=\"517\" height=\"506\" srcset=\"https:\/\/www.sotrender.com\/blog\/wp-content\/uploads\/2012\/11\/2012101.jpg 738w, https:\/\/www.sotrender.com\/blog\/wp-content\/uploads\/2012\/11\/2012101-475x465.jpg 475w, https:\/\/www.sotrender.com\/blog\/wp-content\/uploads\/2012\/11\/2012101-600x588.jpg 600w\" sizes=\"(max-width: 517px) 100vw, 517px\" \/><\/a><p id=\"caption-attachment-3401\" class=\"wp-caption-text\">Kliknij,  aby zobaczy\u0107 wi\u0119cej<\/p><\/div>\n<p>Pierwsza pi\u0105tka najwi\u0119kszych fanpage\u2019\u00f3w jest stabilna i czeka,  a\u017c do\u0142\u0105czy do niej sz\u00f3sty milionowy fanpage. Pewnie w przysz\u0142ym miesi\u0105cu oka\u017ce si\u0119,  czy b\u0119dzie to <a title=\"Allegro fanpage\" href=\"http:\/\/www.facebook.com\/allegro\" target=\"_blank\">Allegro<\/a> czy te\u017c <a title=\"Kuba Wojwe\u00f3dzki fanpage\" href=\"http:\/\/www.facebook.com\/pages\/Kuba-Wojew%C3%B3dzki\/29836597868\" target=\"_blank\">Kuba Wojew\u00f3dzki<\/a>,  kt\u00f3ry zn\u00f3w mocno rywalizuje z Allegro o sz\u00f3ste miejsce w rankingu. W\u015br\u00f3d najwi\u0119kszych,  <a title=\"Demotywatory fanpage\" href=\"http:\/\/www.facebook.com\/demotywatory\" target=\"_blank\">Demotywatory<\/a> utrzymuj\u0105 pierwsze miejsce i zaraz b\u0119d\u0105 mog\u0142y si\u0119 pochwali\u0107 liczb\u0105 1, 5 miliona fan\u00f3w. Jednak je\u017celi tempo rozwoju <a title=\"Serce i Rozum fanpage\" href=\"http:\/\/www.facebook.com\/serceirozum\" target=\"_blank\">Serca i Rozumu<\/a> pozostanie tak szybkie jak w ostatnich dw\u00f3ch miesi\u0105cach,  Nowy Rok mo\u017ce przynie\u015b\u0107 zmian\u0119 lidera polskiego Facebooka. <a title=\"Play fanpage\" href=\"http:\/\/www.facebook.com\/Play\" target=\"_blank\">Play<\/a> po wyprzedzeniu <a title=\"KWEJK.pl fanpage\" href=\"http:\/\/www.facebook.com\/kwejk.fan\" target=\"_blank\">Kwejka<\/a> dzielnie idzie do przodu umacniaj\u0105c swoj\u0105 pozycj\u0119 trzeciego najwi\u0119kszego profilu. Kwejk,  chocia\u017c da\u0142 si\u0119 wyprzedzi\u0107 pod wzgl\u0119dem liczby fan\u00f3w,  zn\u00f3w zaanga\u017cowa\u0142 najwi\u0119ksz\u0105 liczb\u0119 u\u017cytkownik\u00f3w. Jednak w rankingach wed\u0142ug Interactivity Index i Talking About pierwsze s\u0105 Demotywatory. Ostatni z milionowych fanpage\u2019y,  <a title=\"Orange Polska fanpage\" href=\"hyyp:\/\/www.facebook.com\/orangepolska\" target=\"_blank\">Orange Polska<\/a>,  cieszy si\u0119 wci\u0105\u017c bardzo du\u017cym przyrostem liczby fan\u00f3w \u2013 71 tysi\u0119cy nowych fan\u00f3w w pa\u017adzierniku to wi\u0119cej ni\u017c zdoby\u0142a strona Serce i Rozum (60 tys.) i ponad dwukrotnie wi\u0119cej ni\u017c zdobywa lider rankingu (32 tysi\u0105ce nowych u\u017cytkownik\u00f3w w pa\u017adzierniku).<\/p>\n<p>W uk\u0142onie ku czytelnikom przy okazji pa\u017adziernikowego wydania raportu wprowadzamy klikalne linki do post\u00f3w i przyjazny,  klikalny spis tre\u015bci. Dzi\u0119ki nim \u0142atwiej mo\u017cna si\u0119 porusza\u0107 po raporcie i bezpo\u015brednio na Facebooku zobaczy\u0107 najlepsze posty miesi\u0105ca. Mamy nadziej\u0119,  \u017ce wci\u0105\u017c wprowadzane drobne zmiany sprawi\u0105,  \u017ce lektura raportu b\u0119dzie jeszcze przyjemniejsza.<\/p>\n<p>Podsumowanie marketingu na polskim Facebooku,  w tym statystyki,  rankingi i komentarze ekspert\u00f3w znajdziesz w <a title=\"Najnowszy raport Fanpage Trends by Sotrender\" href=\"http:\/\/www.sotrender.com\/pl\/fanpage-trends\" target=\"_blank\">pa\u017adziernikowym raporcie Fanpage Trends,  dost\u0119pnym bezp\u0142atnie na stronie Sotrender.<\/a><\/p>\n","protected":false},"excerpt":{"rendered":"<p>W pa\u017adzierniku Facebook znowu sporo pozmienia\u0142. Sotrender podsumowuje najwa\u017cniejsze zmiany i zaprasza do lektury najnowszego raportu Fanpage Trends podsumowuj\u0105cego marketing na Facebooku. Najwa\u017cniejszym wydarzeniem dla u\u017cytkownik\u00f3w i marketer\u00f3w jest zmiana w sposobie liczenia Edge Ranku, czyli w algorytmie filtruj\u0105cym tre\u015bci jakie pojawiaj\u0105 si\u0119 u\u017cytkownikom. \u00a0Kolejn\u0105 nowo\u015bci\u0105 jest udost\u0119pnienie wpis\u00f3w sponsorowanych wszystkim u\u017cytkownikom. Wykupienie takiej opcji [&hellip;]<\/p>\n","protected":false},"author":31,"featured_media":0,"comment_status":"open","ping_status":"open","sticky":false,"template":"","format":"standard","meta":{"inline_featured_image":false,"footnotes":""},"categories":[1793,1797],"tags":[7,17,25,31,207],"yoast_head":"<!-- This site is optimized with the Yoast SEO plugin v22.4 - https:\/\/yoast.com\/wordpress\/plugins\/seo\/ -->\n<title>Pa\u017adziernik na Facebooku i w Fanpage Trends - zmiany w Edge Ranku, promowanie post\u00f3w, Global Pages - Sotrender Blog<\/title>\n<meta name=\"description\" content=\"Raport Fanpage Trends i najwa\u017cniejsze wydarzenia na Facebooku w pa\u017adzierniku 2012. O zmianach w Edge Ranku, promowaniu post\u00f3w i Global Pages.\" \/>\n<meta name=\"robots\" content=\"index, follow, max-snippet:-1, max-image-preview:large, max-video-preview:-1\" \/>\n<link rel=\"canonical\" href=\"https:\/\/www.sotrender.com\/blog\/pl\/2012\/11\/pazdziernik-na-facebooku-i-w-fanpage-trends\/\" \/>\n<meta property=\"og:locale\" content=\"pl_PL\" \/>\n<meta property=\"og:type\" content=\"article\" \/>\n<meta property=\"og:title\" content=\"Pa\u017adziernik na Facebooku i w Fanpage Trends - zmiany w Edge Ranku, promowanie post\u00f3w, Global Pages - Sotrender Blog\" \/>\n<meta property=\"og:description\" content=\"Raport Fanpage Trends i najwa\u017cniejsze wydarzenia na Facebooku w pa\u017adzierniku 2012. O zmianach w Edge Ranku, promowaniu post\u00f3w i Global Pages.\" \/>\n<meta property=\"og:url\" content=\"https:\/\/www.sotrender.com\/blog\/pl\/2012\/11\/pazdziernik-na-facebooku-i-w-fanpage-trends\/\" \/>\n<meta property=\"og:site_name\" content=\"Sotrender Blog\" \/>\n<meta property=\"article:publisher\" content=\"https:\/\/www.facebook.com\/Sotrender\" \/>\n<meta property=\"article:published_time\" content=\"2012-11-07T09:23:20+00:00\" \/>\n<meta property=\"article:modified_time\" content=\"2015-12-01T21:23:39+00:00\" \/>\n<meta property=\"og:image\" content=\"https:\/\/www.sotrender.com\/blog\/wp-content\/uploads\/2012\/11\/trends2012103-300x300.png\" \/>\n<meta name=\"author\" content=\"Aleksandra Prejs\" \/>\n<meta name=\"twitter:card\" content=\"summary_large_image\" \/>\n<meta name=\"twitter:creator\" content=\"@Sotrender\" \/>\n<meta name=\"twitter:site\" content=\"@Sotrender\" \/>\n<meta name=\"twitter:label1\" content=\"Written by\" \/>\n\t<meta name=\"twitter:data1\" content=\"Aleksandra Prejs\" \/>\n\t<meta name=\"twitter:label2\" content=\"Est. reading time\" \/>\n\t<meta name=\"twitter:data2\" content=\"6 minutes\" \/>\n<script type=\"application\/ld+json\" class=\"yoast-schema-graph\">{\"@context\":\"https:\/\/schema.org\",\"@graph\":[{\"@type\":\"WebPage\",\"@id\":\"https:\/\/www.sotrender.com\/blog\/pl\/2012\/11\/pazdziernik-na-facebooku-i-w-fanpage-trends\/\",\"url\":\"https:\/\/www.sotrender.com\/blog\/pl\/2012\/11\/pazdziernik-na-facebooku-i-w-fanpage-trends\/\",\"name\":\"Pa\u017adziernik na Facebooku i w Fanpage Trends - zmiany w Edge Ranku, promowanie post\u00f3w, Global Pages - Sotrender Blog\",\"isPartOf\":{\"@id\":\"https:\/\/www.sotrender.com\/blog\/#website\"},\"primaryImageOfPage\":{\"@id\":\"https:\/\/www.sotrender.com\/blog\/pl\/2012\/11\/pazdziernik-na-facebooku-i-w-fanpage-trends\/#primaryimage\"},\"image\":{\"@id\":\"https:\/\/www.sotrender.com\/blog\/pl\/2012\/11\/pazdziernik-na-facebooku-i-w-fanpage-trends\/#primaryimage\"},\"thumbnailUrl\":\"https:\/\/www.sotrender.com\/blog\/wp-content\/uploads\/2012\/11\/trends2012103-300x300.png\",\"datePublished\":\"2012-11-07T09:23:20+00:00\",\"dateModified\":\"2015-12-01T21:23:39+00:00\",\"author\":{\"@id\":\"https:\/\/www.sotrender.com\/blog\/#\/schema\/person\/7106df62825269bc360ad9171cd7149b\"},\"description\":\"Raport Fanpage Trends i najwa\u017cniejsze wydarzenia na Facebooku w pa\u017adzierniku 2012. O zmianach w Edge Ranku, promowaniu post\u00f3w i Global Pages.\",\"breadcrumb\":{\"@id\":\"https:\/\/www.sotrender.com\/blog\/pl\/2012\/11\/pazdziernik-na-facebooku-i-w-fanpage-trends\/#breadcrumb\"},\"inLanguage\":\"pl-PL\",\"potentialAction\":[{\"@type\":\"ReadAction\",\"target\":[\"https:\/\/www.sotrender.com\/blog\/pl\/2012\/11\/pazdziernik-na-facebooku-i-w-fanpage-trends\/\"]}]},{\"@type\":\"ImageObject\",\"inLanguage\":\"pl-PL\",\"@id\":\"https:\/\/www.sotrender.com\/blog\/pl\/2012\/11\/pazdziernik-na-facebooku-i-w-fanpage-trends\/#primaryimage\",\"url\":\"https:\/\/www.sotrender.com\/blog\/wp-content\/uploads\/2012\/11\/trends2012103-300x300.png\",\"contentUrl\":\"https:\/\/www.sotrender.com\/blog\/wp-content\/uploads\/2012\/11\/trends2012103-300x300.png\"},{\"@type\":\"BreadcrumbList\",\"@id\":\"https:\/\/www.sotrender.com\/blog\/pl\/2012\/11\/pazdziernik-na-facebooku-i-w-fanpage-trends\/#breadcrumb\",\"itemListElement\":[{\"@type\":\"ListItem\",\"position\":1,\"name\":\"Home\",\"item\":\"https:\/\/www.sotrender.com\/blog\/\"},{\"@type\":\"ListItem\",\"position\":2,\"name\":\"Pa\u017adziernik na Facebooku i w Fanpage Trends &#8211; zmiany w Edge Ranku, promowanie post\u00f3w i Global Pages.\"}]},{\"@type\":\"WebSite\",\"@id\":\"https:\/\/www.sotrender.com\/blog\/#website\",\"url\":\"https:\/\/www.sotrender.com\/blog\/\",\"name\":\"Sotrender Blog\",\"description\":\"\",\"potentialAction\":[{\"@type\":\"SearchAction\",\"target\":{\"@type\":\"EntryPoint\",\"urlTemplate\":\"https:\/\/www.sotrender.com\/blog\/?s={search_term_string}\"},\"query-input\":\"required name=search_term_string\"}],\"inLanguage\":\"pl-PL\"},{\"@type\":\"Person\",\"@id\":\"https:\/\/www.sotrender.com\/blog\/#\/schema\/person\/7106df62825269bc360ad9171cd7149b\",\"name\":\"Aleksandra Prejs\",\"image\":{\"@type\":\"ImageObject\",\"inLanguage\":\"pl-PL\",\"@id\":\"https:\/\/www.sotrender.com\/blog\/#\/schema\/person\/image\/\",\"url\":\"https:\/\/secure.gravatar.com\/avatar\/469000454b77ff0aacb32c49dba023be?s=96&d=mm&r=g\",\"contentUrl\":\"https:\/\/secure.gravatar.com\/avatar\/469000454b77ff0aacb32c49dba023be?s=96&d=mm&r=g\",\"caption\":\"Aleksandra Prejs\"},\"url\":\"https:\/\/www.sotrender.com\/blog\/pl\/author\/aleksandra-prejs\/\"}]}<\/script>\n<!-- \/ Yoast SEO plugin. -->","yoast_head_json":{"title":"Pa\u017adziernik na Facebooku i w Fanpage Trends - zmiany w Edge Ranku, promowanie post\u00f3w, Global Pages - Sotrender Blog","description":"Raport Fanpage Trends i najwa\u017cniejsze wydarzenia na Facebooku w pa\u017adzierniku 2012. O zmianach w Edge Ranku, promowaniu post\u00f3w i Global Pages.","robots":{"index":"index","follow":"follow","max-snippet":"max-snippet:-1","max-image-preview":"max-image-preview:large","max-video-preview":"max-video-preview:-1"},"canonical":"https:\/\/www.sotrender.com\/blog\/pl\/2012\/11\/pazdziernik-na-facebooku-i-w-fanpage-trends\/","og_locale":"pl_PL","og_type":"article","og_title":"Pa\u017adziernik na Facebooku i w Fanpage Trends - zmiany w Edge Ranku, promowanie post\u00f3w, Global Pages - Sotrender Blog","og_description":"Raport Fanpage Trends i najwa\u017cniejsze wydarzenia na Facebooku w pa\u017adzierniku 2012. O zmianach w Edge Ranku, promowaniu post\u00f3w i Global Pages.","og_url":"https:\/\/www.sotrender.com\/blog\/pl\/2012\/11\/pazdziernik-na-facebooku-i-w-fanpage-trends\/","og_site_name":"Sotrender Blog","article_publisher":"https:\/\/www.facebook.com\/Sotrender","article_published_time":"2012-11-07T09:23:20+00:00","article_modified_time":"2015-12-01T21:23:39+00:00","og_image":[{"url":"https:\/\/www.sotrender.com\/blog\/wp-content\/uploads\/2012\/11\/trends2012103-300x300.png"}],"author":"Aleksandra Prejs","twitter_card":"summary_large_image","twitter_creator":"@Sotrender","twitter_site":"@Sotrender","twitter_misc":{"Written by":"Aleksandra Prejs","Est. reading time":"6 minutes"},"schema":{"@context":"https:\/\/schema.org","@graph":[{"@type":"WebPage","@id":"https:\/\/www.sotrender.com\/blog\/pl\/2012\/11\/pazdziernik-na-facebooku-i-w-fanpage-trends\/","url":"https:\/\/www.sotrender.com\/blog\/pl\/2012\/11\/pazdziernik-na-facebooku-i-w-fanpage-trends\/","name":"Pa\u017adziernik na Facebooku i w Fanpage Trends - zmiany w Edge Ranku, promowanie post\u00f3w, Global Pages - Sotrender Blog","isPartOf":{"@id":"https:\/\/www.sotrender.com\/blog\/#website"},"primaryImageOfPage":{"@id":"https:\/\/www.sotrender.com\/blog\/pl\/2012\/11\/pazdziernik-na-facebooku-i-w-fanpage-trends\/#primaryimage"},"image":{"@id":"https:\/\/www.sotrender.com\/blog\/pl\/2012\/11\/pazdziernik-na-facebooku-i-w-fanpage-trends\/#primaryimage"},"thumbnailUrl":"https:\/\/www.sotrender.com\/blog\/wp-content\/uploads\/2012\/11\/trends2012103-300x300.png","datePublished":"2012-11-07T09:23:20+00:00","dateModified":"2015-12-01T21:23:39+00:00","author":{"@id":"https:\/\/www.sotrender.com\/blog\/#\/schema\/person\/7106df62825269bc360ad9171cd7149b"},"description":"Raport Fanpage Trends i najwa\u017cniejsze wydarzenia na Facebooku w pa\u017adzierniku 2012. O zmianach w Edge Ranku, promowaniu post\u00f3w i Global Pages.","breadcrumb":{"@id":"https:\/\/www.sotrender.com\/blog\/pl\/2012\/11\/pazdziernik-na-facebooku-i-w-fanpage-trends\/#breadcrumb"},"inLanguage":"pl-PL","potentialAction":[{"@type":"ReadAction","target":["https:\/\/www.sotrender.com\/blog\/pl\/2012\/11\/pazdziernik-na-facebooku-i-w-fanpage-trends\/"]}]},{"@type":"ImageObject","inLanguage":"pl-PL","@id":"https:\/\/www.sotrender.com\/blog\/pl\/2012\/11\/pazdziernik-na-facebooku-i-w-fanpage-trends\/#primaryimage","url":"https:\/\/www.sotrender.com\/blog\/wp-content\/uploads\/2012\/11\/trends2012103-300x300.png","contentUrl":"https:\/\/www.sotrender.com\/blog\/wp-content\/uploads\/2012\/11\/trends2012103-300x300.png"},{"@type":"BreadcrumbList","@id":"https:\/\/www.sotrender.com\/blog\/pl\/2012\/11\/pazdziernik-na-facebooku-i-w-fanpage-trends\/#breadcrumb","itemListElement":[{"@type":"ListItem","position":1,"name":"Home","item":"https:\/\/www.sotrender.com\/blog\/"},{"@type":"ListItem","position":2,"name":"Pa\u017adziernik na Facebooku i w Fanpage Trends &#8211; zmiany w Edge Ranku, promowanie post\u00f3w i Global Pages."}]},{"@type":"WebSite","@id":"https:\/\/www.sotrender.com\/blog\/#website","url":"https:\/\/www.sotrender.com\/blog\/","name":"Sotrender Blog","description":"","potentialAction":[{"@type":"SearchAction","target":{"@type":"EntryPoint","urlTemplate":"https:\/\/www.sotrender.com\/blog\/?s={search_term_string}"},"query-input":"required name=search_term_string"}],"inLanguage":"pl-PL"},{"@type":"Person","@id":"https:\/\/www.sotrender.com\/blog\/#\/schema\/person\/7106df62825269bc360ad9171cd7149b","name":"Aleksandra Prejs","image":{"@type":"ImageObject","inLanguage":"pl-PL","@id":"https:\/\/www.sotrender.com\/blog\/#\/schema\/person\/image\/","url":"https:\/\/secure.gravatar.com\/avatar\/469000454b77ff0aacb32c49dba023be?s=96&d=mm&r=g","contentUrl":"https:\/\/secure.gravatar.com\/avatar\/469000454b77ff0aacb32c49dba023be?s=96&d=mm&r=g","caption":"Aleksandra Prejs"},"url":"https:\/\/www.sotrender.com\/blog\/pl\/author\/aleksandra-prejs\/"}]}},"_links":{"self":[{"href":"https:\/\/www.sotrender.com\/blog\/pl\/wp-json\/wp\/v2\/posts\/3327"}],"collection":[{"href":"https:\/\/www.sotrender.com\/blog\/pl\/wp-json\/wp\/v2\/posts"}],"about":[{"href":"https:\/\/www.sotrender.com\/blog\/pl\/wp-json\/wp\/v2\/types\/post"}],"author":[{"embeddable":true,"href":"https:\/\/www.sotrender.com\/blog\/pl\/wp-json\/wp\/v2\/users\/31"}],"replies":[{"embeddable":true,"href":"https:\/\/www.sotrender.com\/blog\/pl\/wp-json\/wp\/v2\/comments?post=3327"}],"version-history":[{"count":63,"href":"https:\/\/www.sotrender.com\/blog\/pl\/wp-json\/wp\/v2\/posts\/3327\/revisions"}],"predecessor-version":[{"id":3625,"href":"https:\/\/www.sotrender.com\/blog\/pl\/wp-json\/wp\/v2\/posts\/3327\/revisions\/3625"}],"wp:attachment":[{"href":"https:\/\/www.sotrender.com\/blog\/pl\/wp-json\/wp\/v2\/media?parent=3327"}],"wp:term":[{"taxonomy":"category","embeddable":true,"href":"https:\/\/www.sotrender.com\/blog\/pl\/wp-json\/wp\/v2\/categories?post=3327"},{"taxonomy":"post_tag","embeddable":true,"href":"https:\/\/www.sotrender.com\/blog\/pl\/wp-json\/wp\/v2\/tags?post=3327"}],"curies":[{"name":"wp","href":"https:\/\/api.w.org\/{rel}","templated":true}]}}