{"id":33,"date":"2011-11-10T10:25:20","date_gmt":"2011-11-10T09:25:20","guid":{"rendered":"http:\/\/blog.fanpagetrender.pl\/?p=33"},"modified":"2017-04-13T17:29:39","modified_gmt":"2017-04-13T15:29:39","slug":"internet-poland-2011","status":"publish","type":"post","link":"https:\/\/www.sotrender.com\/blog\/pl\/2011\/11\/internet-poland-2011\/","title":{"rendered":"Fanpage Trender na Internet Poland 2011"},"content":{"rendered":"<p>W dniach 8-9 listopada 2011 r. odby\u0142y si\u0119 w Warszawie <strong>targi Internet Poland<\/strong>. To najwi\u0119ksze tego typu wydarzenie w Polsce, gdzie prezentuj\u0105 si\u0119 firmy z dziedziny marketingu interaktywnego i inne, spokrewnione z tematyk\u0105. Dlatego te\u017c, nie mog\u0142o nas tam zabrakn\u0105\u0107.<br \/>\n<!--more--><\/p>\n<h3>Nasze stoisko na targach<\/h3>\n<p>Podczas dwudniowych targ\u00f3w, nasze stoisko nr 80 cieszy\u0142o si\u0119 ogromnym zainteresowaniem. By\u0142y osoby nieznaj\u0105ce naszego narz\u0119dzia, takie kt\u00f3re ju\u017c o nas s\u0142ysza\u0142y i przysz\u0142y po wi\u0119cej szczeg\u00f3\u0142\u00f3w a byli r\u00f3wnie\u017c tacy, kt\u00f3rzy ju\u017c korzystaj\u0105 z naszego narz\u0119dzia i po prostu przyszli si\u0119 przywita\u0107. Dzi\u0119kujemy wszystkim! Jeste\u015bmy wszystkim niezmiernie wdzi\u0119czni za mi\u0142e s\u0142owo oraz pytania, dzi\u0119ki kt\u00f3rym ju\u017c narodzi\u0142y si\u0119 pomys\u0142y na kolejne funkcje do naszego narz\u0119dzia.<\/p>\n<p><a href=\"..\/wp-content\/uploads\/2011\/11\/IMG_4324.jpg\"><img loading=\"lazy\" decoding=\"async\" class=\"alignnone wp-image-36 size-full\" title=\"nasze stoisko \" src=\"https:\/\/www.sotrender.com\/blog\/wp-content\/uploads\/2011\/11\/IMG_4324.jpg\" width=\"128\" height=\"95\" \/><\/a><a href=\"https:\/\/www.sotrender.com\/blog\/wp-content\/uploads\/2011\/11\/IMG_43191.jpg\"><img loading=\"lazy\" decoding=\"async\" class=\"alignnone wp-image-37 size-full\" title=\"Jan Zaj\u0105c przedstawia nasz\u0105 prezentacj\u0119\" src=\"https:\/\/www.sotrender.com\/blog\/wp-content\/uploads\/2011\/11\/IMG_43191.jpg\" width=\"128\" height=\"95\" \/><\/a><\/p>\n<h3>Nasza prezentacja<\/h3>\n<p>Na targach, mieli\u015bmy przyjemno\u015b\u0107 przedstawi\u0107 nasz\u0105 prezentacj\u0119 pt. <em>Jak osi\u0105gn\u0105\u0107 sukces na Facebooku i jak to zmierzy\u0107?<\/em> Pr\u00f3bowali\u015bmy odpowiedzie\u0107 na to pytanie na podstawie case&#8217;a najciekawszych polskich kampanii, sposob\u00f3w mierzenia efektywno\u015bci, oraz tego jak pomocne mo\u017ce by\u0107 wykorzystanie Fanpage Trendera do optymalizacji w\u0142asnych dzia\u0142a\u0144. Dostali\u015bmy gromkie brawa, wi\u0119c chyba si\u0119 podoba\u0142o.<\/p>\n<p>Maciej Budzich, stworzy\u0142 nawet <a href=\"http:\/\/www.magisto.com\/video\/bAFHZQRTQmIKDUZr\">filmik<\/a>, w kt\u00f3rym by\u0142 tak mi\u0142y uwieczni\u0107 nasz\u0105 obecno\u015b\u0107 na targach Internet Poland. Dla u\u0142atwienia, dodamy \u017ce jeste\u015bmy na samym pocz\u0105tku:)<\/p>\n<p>&nbsp;<\/p>\n","protected":false},"excerpt":{"rendered":"<p>W dniach 8-9 listopada 2011 r. odby\u0142y si\u0119 w Warszawie targi Internet Poland. To najwi\u0119ksze tego typu wydarzenie w Polsce, gdzie prezentuj\u0105 si\u0119 firmy z dziedziny marketingu interaktywnego i inne, spokrewnione z tematyk\u0105. Dlatego te\u017c, nie mog\u0142o nas tam zabrakn\u0105\u0107.<\/p>\n","protected":false},"author":31,"featured_media":0,"comment_status":"open","ping_status":"open","sticky":false,"template":"","format":"standard","meta":{"inline_featured_image":false,"footnotes":""},"categories":[1],"tags":[315,317,7,303],"yoast_head":"<!-- This site is optimized with the Yoast SEO plugin v22.4 - https:\/\/yoast.com\/wordpress\/plugins\/seo\/ -->\n<title>Sotrender na Internet Poland 2011<\/title>\n<meta name=\"description\" content=\"Przeczytaj nasz\u0105 relacj\u0119 z targ\u00f3w Internet Poland 2011. Sotrender - Social Media Marketing Blog.\" \/>\n<meta name=\"robots\" content=\"index, follow, max-snippet:-1, max-image-preview:large, max-video-preview:-1\" \/>\n<link rel=\"canonical\" href=\"https:\/\/www.sotrender.com\/blog\/pl\/2011\/11\/internet-poland-2011\/\" \/>\n<meta property=\"og:locale\" content=\"pl_PL\" \/>\n<meta property=\"og:type\" content=\"article\" \/>\n<meta property=\"og:title\" content=\"Sotrender na Internet Poland 2011\" \/>\n<meta property=\"og:description\" content=\"Przeczytaj nasz\u0105 relacj\u0119 z targ\u00f3w Internet Poland 2011. Sotrender - Social Media Marketing Blog.\" \/>\n<meta property=\"og:url\" content=\"https:\/\/www.sotrender.com\/blog\/pl\/2011\/11\/internet-poland-2011\/\" \/>\n<meta property=\"og:site_name\" content=\"Sotrender Blog\" \/>\n<meta property=\"article:publisher\" content=\"https:\/\/www.facebook.com\/Sotrender\" \/>\n<meta property=\"article:published_time\" content=\"2011-11-10T09:25:20+00:00\" \/>\n<meta property=\"article:modified_time\" content=\"2017-04-13T15:29:39+00:00\" \/>\n<meta property=\"og:image\" content=\"https:\/\/www.sotrender.com\/blog\/wp-content\/uploads\/2011\/11\/IMG_4324.jpg\" \/>\n<meta name=\"author\" content=\"Aleksandra Prejs\" \/>\n<meta name=\"twitter:card\" content=\"summary_large_image\" \/>\n<meta name=\"twitter:creator\" content=\"@Sotrender\" \/>\n<meta name=\"twitter:site\" content=\"@Sotrender\" \/>\n<meta name=\"twitter:label1\" content=\"Written by\" \/>\n\t<meta name=\"twitter:data1\" content=\"Aleksandra Prejs\" \/>\n\t<meta name=\"twitter:label2\" content=\"Est. reading time\" \/>\n\t<meta name=\"twitter:data2\" content=\"1 minute\" \/>\n<script type=\"application\/ld+json\" class=\"yoast-schema-graph\">{\"@context\":\"https:\/\/schema.org\",\"@graph\":[{\"@type\":\"WebPage\",\"@id\":\"https:\/\/www.sotrender.com\/blog\/pl\/2011\/11\/internet-poland-2011\/\",\"url\":\"https:\/\/www.sotrender.com\/blog\/pl\/2011\/11\/internet-poland-2011\/\",\"name\":\"Sotrender na Internet Poland 2011\",\"isPartOf\":{\"@id\":\"https:\/\/www.sotrender.com\/blog\/#website\"},\"primaryImageOfPage\":{\"@id\":\"https:\/\/www.sotrender.com\/blog\/pl\/2011\/11\/internet-poland-2011\/#primaryimage\"},\"image\":{\"@id\":\"https:\/\/www.sotrender.com\/blog\/pl\/2011\/11\/internet-poland-2011\/#primaryimage\"},\"thumbnailUrl\":\"https:\/\/www.sotrender.com\/blog\/wp-content\/uploads\/2011\/11\/IMG_4324.jpg\",\"datePublished\":\"2011-11-10T09:25:20+00:00\",\"dateModified\":\"2017-04-13T15:29:39+00:00\",\"author\":{\"@id\":\"https:\/\/www.sotrender.com\/blog\/#\/schema\/person\/7106df62825269bc360ad9171cd7149b\"},\"description\":\"Przeczytaj nasz\u0105 relacj\u0119 z targ\u00f3w Internet Poland 2011. Sotrender - Social Media Marketing Blog.\",\"breadcrumb\":{\"@id\":\"https:\/\/www.sotrender.com\/blog\/pl\/2011\/11\/internet-poland-2011\/#breadcrumb\"},\"inLanguage\":\"pl-PL\",\"potentialAction\":[{\"@type\":\"ReadAction\",\"target\":[\"https:\/\/www.sotrender.com\/blog\/pl\/2011\/11\/internet-poland-2011\/\"]}]},{\"@type\":\"ImageObject\",\"inLanguage\":\"pl-PL\",\"@id\":\"https:\/\/www.sotrender.com\/blog\/pl\/2011\/11\/internet-poland-2011\/#primaryimage\",\"url\":\"https:\/\/www.sotrender.com\/blog\/wp-content\/uploads\/2011\/11\/IMG_4324.jpg\",\"contentUrl\":\"https:\/\/www.sotrender.com\/blog\/wp-content\/uploads\/2011\/11\/IMG_4324.jpg\"},{\"@type\":\"BreadcrumbList\",\"@id\":\"https:\/\/www.sotrender.com\/blog\/pl\/2011\/11\/internet-poland-2011\/#breadcrumb\",\"itemListElement\":[{\"@type\":\"ListItem\",\"position\":1,\"name\":\"Home\",\"item\":\"https:\/\/www.sotrender.com\/blog\/\"},{\"@type\":\"ListItem\",\"position\":2,\"name\":\"Fanpage Trender na Internet Poland 2011\"}]},{\"@type\":\"WebSite\",\"@id\":\"https:\/\/www.sotrender.com\/blog\/#website\",\"url\":\"https:\/\/www.sotrender.com\/blog\/\",\"name\":\"Sotrender Blog\",\"description\":\"\",\"potentialAction\":[{\"@type\":\"SearchAction\",\"target\":{\"@type\":\"EntryPoint\",\"urlTemplate\":\"https:\/\/www.sotrender.com\/blog\/?s={search_term_string}\"},\"query-input\":\"required name=search_term_string\"}],\"inLanguage\":\"pl-PL\"},{\"@type\":\"Person\",\"@id\":\"https:\/\/www.sotrender.com\/blog\/#\/schema\/person\/7106df62825269bc360ad9171cd7149b\",\"name\":\"Aleksandra Prejs\",\"image\":{\"@type\":\"ImageObject\",\"inLanguage\":\"pl-PL\",\"@id\":\"https:\/\/www.sotrender.com\/blog\/#\/schema\/person\/image\/\",\"url\":\"https:\/\/secure.gravatar.com\/avatar\/469000454b77ff0aacb32c49dba023be?s=96&d=mm&r=g\",\"contentUrl\":\"https:\/\/secure.gravatar.com\/avatar\/469000454b77ff0aacb32c49dba023be?s=96&d=mm&r=g\",\"caption\":\"Aleksandra Prejs\"},\"url\":\"https:\/\/www.sotrender.com\/blog\/pl\/author\/aleksandra-prejs\/\"}]}<\/script>\n<!-- \/ Yoast SEO plugin. -->","yoast_head_json":{"title":"Sotrender na Internet Poland 2011","description":"Przeczytaj nasz\u0105 relacj\u0119 z targ\u00f3w Internet Poland 2011. Sotrender - Social Media Marketing Blog.","robots":{"index":"index","follow":"follow","max-snippet":"max-snippet:-1","max-image-preview":"max-image-preview:large","max-video-preview":"max-video-preview:-1"},"canonical":"https:\/\/www.sotrender.com\/blog\/pl\/2011\/11\/internet-poland-2011\/","og_locale":"pl_PL","og_type":"article","og_title":"Sotrender na Internet Poland 2011","og_description":"Przeczytaj nasz\u0105 relacj\u0119 z targ\u00f3w Internet Poland 2011. Sotrender - Social Media Marketing Blog.","og_url":"https:\/\/www.sotrender.com\/blog\/pl\/2011\/11\/internet-poland-2011\/","og_site_name":"Sotrender Blog","article_publisher":"https:\/\/www.facebook.com\/Sotrender","article_published_time":"2011-11-10T09:25:20+00:00","article_modified_time":"2017-04-13T15:29:39+00:00","og_image":[{"url":"https:\/\/www.sotrender.com\/blog\/wp-content\/uploads\/2011\/11\/IMG_4324.jpg"}],"author":"Aleksandra Prejs","twitter_card":"summary_large_image","twitter_creator":"@Sotrender","twitter_site":"@Sotrender","twitter_misc":{"Written by":"Aleksandra Prejs","Est. reading time":"1 minute"},"schema":{"@context":"https:\/\/schema.org","@graph":[{"@type":"WebPage","@id":"https:\/\/www.sotrender.com\/blog\/pl\/2011\/11\/internet-poland-2011\/","url":"https:\/\/www.sotrender.com\/blog\/pl\/2011\/11\/internet-poland-2011\/","name":"Sotrender na Internet Poland 2011","isPartOf":{"@id":"https:\/\/www.sotrender.com\/blog\/#website"},"primaryImageOfPage":{"@id":"https:\/\/www.sotrender.com\/blog\/pl\/2011\/11\/internet-poland-2011\/#primaryimage"},"image":{"@id":"https:\/\/www.sotrender.com\/blog\/pl\/2011\/11\/internet-poland-2011\/#primaryimage"},"thumbnailUrl":"https:\/\/www.sotrender.com\/blog\/wp-content\/uploads\/2011\/11\/IMG_4324.jpg","datePublished":"2011-11-10T09:25:20+00:00","dateModified":"2017-04-13T15:29:39+00:00","author":{"@id":"https:\/\/www.sotrender.com\/blog\/#\/schema\/person\/7106df62825269bc360ad9171cd7149b"},"description":"Przeczytaj nasz\u0105 relacj\u0119 z targ\u00f3w Internet Poland 2011. Sotrender - Social Media Marketing Blog.","breadcrumb":{"@id":"https:\/\/www.sotrender.com\/blog\/pl\/2011\/11\/internet-poland-2011\/#breadcrumb"},"inLanguage":"pl-PL","potentialAction":[{"@type":"ReadAction","target":["https:\/\/www.sotrender.com\/blog\/pl\/2011\/11\/internet-poland-2011\/"]}]},{"@type":"ImageObject","inLanguage":"pl-PL","@id":"https:\/\/www.sotrender.com\/blog\/pl\/2011\/11\/internet-poland-2011\/#primaryimage","url":"https:\/\/www.sotrender.com\/blog\/wp-content\/uploads\/2011\/11\/IMG_4324.jpg","contentUrl":"https:\/\/www.sotrender.com\/blog\/wp-content\/uploads\/2011\/11\/IMG_4324.jpg"},{"@type":"BreadcrumbList","@id":"https:\/\/www.sotrender.com\/blog\/pl\/2011\/11\/internet-poland-2011\/#breadcrumb","itemListElement":[{"@type":"ListItem","position":1,"name":"Home","item":"https:\/\/www.sotrender.com\/blog\/"},{"@type":"ListItem","position":2,"name":"Fanpage Trender na Internet Poland 2011"}]},{"@type":"WebSite","@id":"https:\/\/www.sotrender.com\/blog\/#website","url":"https:\/\/www.sotrender.com\/blog\/","name":"Sotrender Blog","description":"","potentialAction":[{"@type":"SearchAction","target":{"@type":"EntryPoint","urlTemplate":"https:\/\/www.sotrender.com\/blog\/?s={search_term_string}"},"query-input":"required name=search_term_string"}],"inLanguage":"pl-PL"},{"@type":"Person","@id":"https:\/\/www.sotrender.com\/blog\/#\/schema\/person\/7106df62825269bc360ad9171cd7149b","name":"Aleksandra Prejs","image":{"@type":"ImageObject","inLanguage":"pl-PL","@id":"https:\/\/www.sotrender.com\/blog\/#\/schema\/person\/image\/","url":"https:\/\/secure.gravatar.com\/avatar\/469000454b77ff0aacb32c49dba023be?s=96&d=mm&r=g","contentUrl":"https:\/\/secure.gravatar.com\/avatar\/469000454b77ff0aacb32c49dba023be?s=96&d=mm&r=g","caption":"Aleksandra Prejs"},"url":"https:\/\/www.sotrender.com\/blog\/pl\/author\/aleksandra-prejs\/"}]}},"_links":{"self":[{"href":"https:\/\/www.sotrender.com\/blog\/pl\/wp-json\/wp\/v2\/posts\/33"}],"collection":[{"href":"https:\/\/www.sotrender.com\/blog\/pl\/wp-json\/wp\/v2\/posts"}],"about":[{"href":"https:\/\/www.sotrender.com\/blog\/pl\/wp-json\/wp\/v2\/types\/post"}],"author":[{"embeddable":true,"href":"https:\/\/www.sotrender.com\/blog\/pl\/wp-json\/wp\/v2\/users\/31"}],"replies":[{"embeddable":true,"href":"https:\/\/www.sotrender.com\/blog\/pl\/wp-json\/wp\/v2\/comments?post=33"}],"version-history":[{"count":22,"href":"https:\/\/www.sotrender.com\/blog\/pl\/wp-json\/wp\/v2\/posts\/33\/revisions"}],"predecessor-version":[{"id":26703,"href":"https:\/\/www.sotrender.com\/blog\/pl\/wp-json\/wp\/v2\/posts\/33\/revisions\/26703"}],"wp:attachment":[{"href":"https:\/\/www.sotrender.com\/blog\/pl\/wp-json\/wp\/v2\/media?parent=33"}],"wp:term":[{"taxonomy":"category","embeddable":true,"href":"https:\/\/www.sotrender.com\/blog\/pl\/wp-json\/wp\/v2\/categories?post=33"},{"taxonomy":"post_tag","embeddable":true,"href":"https:\/\/www.sotrender.com\/blog\/pl\/wp-json\/wp\/v2\/tags?post=33"}],"curies":[{"name":"wp","href":"https:\/\/api.w.org\/{rel}","templated":true}]}}