{"id":329,"date":"2012-01-30T17:21:38","date_gmt":"2012-01-30T16:21:38","guid":{"rendered":"http:\/\/blog.fanpagetrender.pl\/?p=329"},"modified":"2017-04-13T17:23:59","modified_gmt":"2017-04-13T15:23:59","slug":"jak-nie-powinno-sie-reagowac-na-kryzys-pr-na-facebooku-czyli-kasowanie-wpisow-na-fanpageu-kancelarii-premiera","status":"publish","type":"post","link":"https:\/\/www.sotrender.com\/blog\/pl\/2012\/01\/jak-nie-powinno-sie-reagowac-na-kryzys-pr-na-facebooku-czyli-kasowanie-wpisow-na-fanpageu-kancelarii-premiera\/","title":{"rendered":"Jak nie powinno si\u0119 reagowa\u0107 na kryzys PR na Facebooku \u2013 czyli kasowanie wpis\u00f3w na fanpage\u2019u Kancelarii Premiera"},"content":{"rendered":"<p>Dzia\u0142ania Kancelarii Premiera zwi\u0105zane z kasowaniem post\u00f3w i komentarzy na fanpage\u2019u to przyk\u0142ad bardzo z\u0142ej reakcji, kt\u00f3ra tylko powi\u0119kszy\u0142a skal\u0119\u00a0 kryzysu PR. Ujawnienie przez nas faktu usuwania komentarzy przez administrator\u00f3w oraz niejasne t\u0142umaczenia Kancelarii, \u017ce powodem by\u0142y wulgarne wpisy, tylko zaogni\u0142y sytuacj\u0119 i sprawi\u0142y, \u017ce tematem zainteresowa\u0142o si\u0119 wi\u0119cej os\u00f3b.<\/p>\n<p>Gdyby nie kasowanie, znacznie mniej os\u00f3b zabra\u0142oby zdecydowany g\u0142os w sprawie . Jak pokazuje wykres z Fanpage Trendera, na fanpage\u2019u Kancelarii bardzo du\u017co os\u00f3b zaanga\u017cowa\u0142o si\u0119 w weekend 20-21 stycznia. P\u00f3\u017aniej zainteresowanie opad\u0142o, ale po ujawnieniu informacji o usuwaniu wpis\u00f3w w dniach 26-27 stycznia, ponownie wzros\u0142o, osi\u0105gaj\u0105c maksymalne warto\u015bci. Co wi\u0119cej, u\u017cytkownicy Facebooka zacz\u0119li zg\u0142asza\u0107 do serwisu naruszenie zasad przez Kancelari\u0119 Premiera, domagaj\u0105c si\u0119 usuni\u0119cia tego profilu.<br \/>\n<!--more--><\/p>\n<p><em>(kliknij na wykres aby powi\u0119kszy\u0107)<\/em><\/p>\n<p><a class=\"mceWPmore\" title=\"More...\" href=\"https:\/\/www.sotrender.com\/blog\/wp-content\/uploads\/2012\/01&lt;br \/&gt;&lt;br \/&gt;&lt;br \/&gt;&lt;br \/&gt; &lt;img src=\"><br \/>\n\/Zaangazowani_fani_dziennie_Kancelaria_Premiera.jpg&#8221;&gt;<img loading=\"lazy\" decoding=\"async\" class=\"alignnone size-large wp-image-331\" title=\"Zaangazowani fani - Kancelaria Premiera\" src=\"https:\/\/www.sotrender.com\/blog\/wp-content\/uploads\/2012\/01\/Zaangazowani_fani_dziennie_Kancelaria_Premiera-1024x319.jpg\" alt=\"\" width=\"510\" height=\"158\" \/><\/a><\/p>\n<h3>Kancelaria Premiera kasuje wpisy<\/h3>\n<p>Przypomnijmy \u2013 w \u015brod\u0119 25. stycznia RMF FM poinformowa\u0142, sprawdzaj\u0105c doniesienia s\u0142uchaczy, \u017ce Kancelaria Premiera przyzna\u0142a si\u0119 do skasowania 5 tys. post\u00f3w ze wzgl\u0119du na ich \u201ewulgarno\u015b\u0107 i \u0142amanie netykiety\u201d. <a href=\"https:\/\/www.sotrender.com\/blog\/?p=267\">W czwartek 26. stycznia ujawnili\u015bmy<\/a>, opieraj\u0105c si\u0119 na analizie danych Fanpage Trendera, \u017ce wulgarnych komentarzy by\u0142y bardzo ma\u0142o, mniej ni\u017c wypowiedzi merytorycznych, za\u015b gros usuni\u0119tych wypowiedzi to wyrazy protestu. Pokazali\u015bmy r\u00f3wnie\u017c, \u00a0 \u017ce usuni\u0119tych komentarzy by\u0142o wi\u0119cej ni\u017c deklarowane przez Kancelari\u0119 5 tys, bo \u0142acznie 7, 7 tys., autorstwa 3 tys. os\u00f3b.<\/p>\n<p>W mi\u0119dzyczasie uzupe\u0142nili\u015bmy nasz\u0105 analiz\u0119 i obecnie obejmuje ona\u00a0 ponad 7 tys. komentarzy pod trzema skasowanymi w ca\u0142o\u015bci wpisami. Jak pokazuje wykres, w\u015br\u00f3d nich zdecydowanie dominowa\u0142y wyrazy sprzeciwu wobec ACTA, za\u015b komentarzy obra\u017aliwych i wulgarnych by\u0142o zdecydowanie mniej ni\u017c merytorycznych.<\/p>\n<p><em>(kliknij na wykres aby powi\u0119kszy\u0107)<\/em><\/p>\n<p><a href=\"https:\/\/www.sotrender.com\/blog\/wp-content\/uploads\/2012\/01\/KPRM_typy_komentarzy_w_usunietych_postach-3.jpg\"><img loading=\"lazy\" decoding=\"async\" class=\"alignnone size-full wp-image-347\" title=\"KPRM_typy_komentarzy_w_usunietych_postach-3\" src=\"https:\/\/www.sotrender.com\/blog\/wp-content\/uploads\/2012\/01\/KPRM_typy_komentarzy_w_usunietych_postach-3.jpg\" alt=\"\" width=\"500\" height=\"300\" \/><\/a><\/p>\n<p>Co wi\u0119cej, w zdecydowanej wi\u0119kszo\u015bci usuni\u0119te komentarze zosta\u0142y dodane w weekend, gdy strony rz\u0105dowe po ataku nie funkcjonowa\u0142y, a profil na Facebooku by\u0142 jedynym dzia\u0142aj\u0105cym miejscem rz\u0105dowym w Internecie.<\/p>\n<h3>Czego dotyczy\u0142y skasowane komentarze<\/h3>\n<p>Komentarze dotycz\u0105ce ACTA by\u0142y dodawane tak\u017ce pod postami dotycz\u0105cymi innych temat\u00f3w \u2013 wyja\u015bniania katastrofy smole\u0144skiej i wizyty premiera we W\u0142oszech. Ta kwestia w tym momencie zdecydowanie najbardziej interesowa\u0142a u\u017cytkownik\u00f3w Facebooka, a pomijanie jej przez prowadz\u0105cych fanpage nie pomog\u0142o. Konsekwencje usuni\u0119cia\u00a0 komentarzy dobitnie pokazuj\u0105, \u00a0 \u017ce w social media nie da si\u0119 omin\u0105\u0107 niewygodnych temat\u00f3w.<\/p>\n<p>Kasowanie by\u0142o ewidentnym b\u0142\u0119dem i z\u0142amaniem normy przyjmowanej w dyskusjach w spo\u0142eczno\u015bciach internetowych. Specjali\u015bci od prowadzenia dzia\u0142a\u0144 na Facebooku i moderowania spo\u0142eczno\u015bci zgodnie przyznaj\u0105, \u017ce nale\u017ca\u0142o kasowa\u0107 co najwy\u017cej wulgarne i agresywne wypowiedzi. Bardzo celnie komentowa\u0142 to w <a href=\"http:\/\/m.wiadomosci.gazeta.pl\/wiadomosci\/1, 117915, 11041348, _Usuniecie_komentarzy_to_nie_jest_blahostka__Stawka.html\">rozmowie w Tok FM\u00a0 z Jackiem \u017bakowskim dr Alek Tarkowski z Centrum Cyfrowego<\/a><\/p>\n<p><strong>Cenzura na fanpage&#8217;u Kancelarii Prezesa Rady Ministr\u00f3w w szerszym kontek\u015bcie<\/strong><\/p>\n<p>Co wi\u0119cej, przedstawiciele w\u0142adz nie potrafili przyzna\u0107 si\u0119 do b\u0142\u0119du. Ju\u017c po ujawnieniu wynik\u00f3w naszej analizy, gdy jasne by\u0142o, \u017ce deklaracje Kancelarii mijaj\u0105 si\u0119 z prawd\u0105, Premier wci\u0105\u017c przekonywa\u0142 dziennikarzy, \u017ce powodem usuwania by\u0142a wulgarno\u015b\u0107 i agresja. Najwyra\u017aniej podw\u0142adni nie potrafili przekaza\u0107 mu jasnych informacji i wdro\u017cy\u0107 procedur kryzysowych. Takie reakcje tylko zaogni\u0142y sytuacj\u0119, a internauci i publicy\u015bci dosadnie komentowali prawdziwo\u015b\u0107 rz\u0105dowych t\u0142umacze\u0144. Na szcz\u0119\u015bcie przynajmniej kasowanie si\u0119 sko\u0144czy\u0142o.<\/p>\n<p>Socjologowie od lat zwracaj\u0105 uwag\u0119 na problem ma\u0142ego zaanga\u017cowania spo\u0142ecznego Polak\u00f3w i brak spo\u0142ecze\u0144stwa obywatelskiego. W sprawie ACTA setki tysi\u0119cy ludzi wyrazi\u0142o swoj\u0105 opini\u0119 i zaanga\u017cowa\u0142o si\u0119 w r\u00f3\u017cne dzia\u0142ania, tak w Internecie, jak i poza nim. Zdecydowana wi\u0119kszo\u015b\u0107 tych zachowa\u0144 mie\u015bci\u0142a si\u0119 w spektrum dzia\u0142a\u0144 dopuszczalnych w demokracji. Od rz\u0105du dostali jednak gorzk\u0105 nauczk\u0119 \u2013 ich wypowiedzi zosta\u0142y wyrzucone do kosza, a s\u0142owa \u201eStop ACTA\u201d zosta\u0142y uznane za obra\u017aliwy atak.<\/p>\n","protected":false},"excerpt":{"rendered":"<p>Dzia\u0142ania Kancelarii Premiera zwi\u0105zane z kasowaniem post\u00f3w i komentarzy na fanpage\u2019u to przyk\u0142ad bardzo z\u0142ej reakcji, kt\u00f3ra tylko powi\u0119kszy\u0142a skal\u0119\u00a0 kryzysu PR. Ujawnienie przez nas faktu usuwania komentarzy przez administrator\u00f3w oraz niejasne t\u0142umaczenia Kancelarii, \u017ce powodem by\u0142y wulgarne wpisy, tylko zaogni\u0142y sytuacj\u0119 i sprawi\u0142y, \u017ce tematem zainteresowa\u0142o si\u0119 wi\u0119cej os\u00f3b. Gdyby nie kasowanie, znacznie mniej [&hellip;]<\/p>\n","protected":false},"author":2,"featured_media":0,"comment_status":"open","ping_status":"open","sticky":false,"template":"","format":"standard","meta":{"inline_featured_image":false,"footnotes":""},"categories":[1793,1797],"tags":[311,15,17,25,166],"yoast_head":"<!-- This site is optimized with the Yoast SEO plugin v22.4 - https:\/\/yoast.com\/wordpress\/plugins\/seo\/ -->\n<title>Kryzys Kancelarii Premiera na Facebooku<\/title>\n<meta name=\"description\" content=\"Kancelaria Prezesa Rady Ministr\u00f3w skasowa\u0142a ponad 7 tysi\u0119cy komentarzy na Facebooku. Ujawniamy jakie informacje by\u0142y zawarte we wpisach fan\u00f3w na temat ACTA.\" \/>\n<meta name=\"robots\" content=\"index, follow, max-snippet:-1, max-image-preview:large, max-video-preview:-1\" \/>\n<link rel=\"canonical\" href=\"https:\/\/www.sotrender.com\/blog\/pl\/2012\/01\/jak-nie-powinno-sie-reagowac-na-kryzys-pr-na-facebooku-czyli-kasowanie-wpisow-na-fanpageu-kancelarii-premiera\/\" \/>\n<meta property=\"og:locale\" content=\"pl_PL\" \/>\n<meta property=\"og:type\" content=\"article\" \/>\n<meta property=\"og:title\" content=\"Kryzys Kancelarii Premiera na Facebooku\" \/>\n<meta property=\"og:description\" content=\"Kancelaria Prezesa Rady Ministr\u00f3w skasowa\u0142a ponad 7 tysi\u0119cy komentarzy na Facebooku. Ujawniamy jakie informacje by\u0142y zawarte we wpisach fan\u00f3w na temat ACTA.\" \/>\n<meta property=\"og:url\" content=\"https:\/\/www.sotrender.com\/blog\/pl\/2012\/01\/jak-nie-powinno-sie-reagowac-na-kryzys-pr-na-facebooku-czyli-kasowanie-wpisow-na-fanpageu-kancelarii-premiera\/\" \/>\n<meta property=\"og:site_name\" content=\"Sotrender Blog\" \/>\n<meta property=\"article:publisher\" content=\"https:\/\/www.facebook.com\/Sotrender\" \/>\n<meta property=\"article:author\" content=\"https:\/\/www.facebook.com\/jan.zajac.75?fref=ts\" \/>\n<meta property=\"article:published_time\" content=\"2012-01-30T16:21:38+00:00\" \/>\n<meta property=\"article:modified_time\" content=\"2017-04-13T15:23:59+00:00\" \/>\n<meta property=\"og:image\" content=\"https:\/\/www.sotrender.com\/blog\/wp-content\/uploads\/2012\/01\/Zaangazowani_fani_dziennie_Kancelaria_Premiera-1024x319.jpg\" \/>\n<meta name=\"author\" content=\"Jan Zaj\u0105c\" \/>\n<meta name=\"twitter:card\" content=\"summary_large_image\" \/>\n<meta name=\"twitter:creator\" content=\"@http:\/\/twitter.com\/janekzajac\" \/>\n<meta name=\"twitter:site\" content=\"@Sotrender\" \/>\n<meta name=\"twitter:label1\" content=\"Written by\" \/>\n\t<meta name=\"twitter:data1\" content=\"Jan Zaj\u0105c\" \/>\n\t<meta name=\"twitter:label2\" content=\"Est. reading time\" \/>\n\t<meta name=\"twitter:data2\" content=\"3 minutes\" \/>\n<script type=\"application\/ld+json\" class=\"yoast-schema-graph\">{\"@context\":\"https:\/\/schema.org\",\"@graph\":[{\"@type\":\"WebPage\",\"@id\":\"https:\/\/www.sotrender.com\/blog\/pl\/2012\/01\/jak-nie-powinno-sie-reagowac-na-kryzys-pr-na-facebooku-czyli-kasowanie-wpisow-na-fanpageu-kancelarii-premiera\/\",\"url\":\"https:\/\/www.sotrender.com\/blog\/pl\/2012\/01\/jak-nie-powinno-sie-reagowac-na-kryzys-pr-na-facebooku-czyli-kasowanie-wpisow-na-fanpageu-kancelarii-premiera\/\",\"name\":\"Kryzys Kancelarii Premiera na Facebooku\",\"isPartOf\":{\"@id\":\"https:\/\/www.sotrender.com\/blog\/#website\"},\"primaryImageOfPage\":{\"@id\":\"https:\/\/www.sotrender.com\/blog\/pl\/2012\/01\/jak-nie-powinno-sie-reagowac-na-kryzys-pr-na-facebooku-czyli-kasowanie-wpisow-na-fanpageu-kancelarii-premiera\/#primaryimage\"},\"image\":{\"@id\":\"https:\/\/www.sotrender.com\/blog\/pl\/2012\/01\/jak-nie-powinno-sie-reagowac-na-kryzys-pr-na-facebooku-czyli-kasowanie-wpisow-na-fanpageu-kancelarii-premiera\/#primaryimage\"},\"thumbnailUrl\":\"https:\/\/www.sotrender.com\/blog\/wp-content\/uploads\/2012\/01\/Zaangazowani_fani_dziennie_Kancelaria_Premiera-1024x319.jpg\",\"datePublished\":\"2012-01-30T16:21:38+00:00\",\"dateModified\":\"2017-04-13T15:23:59+00:00\",\"author\":{\"@id\":\"https:\/\/www.sotrender.com\/blog\/#\/schema\/person\/15d4db3ba9c4e61b1cb96099300e7c51\"},\"description\":\"Kancelaria Prezesa Rady Ministr\u00f3w skasowa\u0142a ponad 7 tysi\u0119cy komentarzy na Facebooku. Ujawniamy jakie informacje by\u0142y zawarte we wpisach fan\u00f3w na temat ACTA.\",\"breadcrumb\":{\"@id\":\"https:\/\/www.sotrender.com\/blog\/pl\/2012\/01\/jak-nie-powinno-sie-reagowac-na-kryzys-pr-na-facebooku-czyli-kasowanie-wpisow-na-fanpageu-kancelarii-premiera\/#breadcrumb\"},\"inLanguage\":\"pl-PL\",\"potentialAction\":[{\"@type\":\"ReadAction\",\"target\":[\"https:\/\/www.sotrender.com\/blog\/pl\/2012\/01\/jak-nie-powinno-sie-reagowac-na-kryzys-pr-na-facebooku-czyli-kasowanie-wpisow-na-fanpageu-kancelarii-premiera\/\"]}]},{\"@type\":\"ImageObject\",\"inLanguage\":\"pl-PL\",\"@id\":\"https:\/\/www.sotrender.com\/blog\/pl\/2012\/01\/jak-nie-powinno-sie-reagowac-na-kryzys-pr-na-facebooku-czyli-kasowanie-wpisow-na-fanpageu-kancelarii-premiera\/#primaryimage\",\"url\":\"https:\/\/www.sotrender.com\/blog\/wp-content\/uploads\/2012\/01\/Zaangazowani_fani_dziennie_Kancelaria_Premiera-1024x319.jpg\",\"contentUrl\":\"https:\/\/www.sotrender.com\/blog\/wp-content\/uploads\/2012\/01\/Zaangazowani_fani_dziennie_Kancelaria_Premiera-1024x319.jpg\"},{\"@type\":\"BreadcrumbList\",\"@id\":\"https:\/\/www.sotrender.com\/blog\/pl\/2012\/01\/jak-nie-powinno-sie-reagowac-na-kryzys-pr-na-facebooku-czyli-kasowanie-wpisow-na-fanpageu-kancelarii-premiera\/#breadcrumb\",\"itemListElement\":[{\"@type\":\"ListItem\",\"position\":1,\"name\":\"Home\",\"item\":\"https:\/\/www.sotrender.com\/blog\/\"},{\"@type\":\"ListItem\",\"position\":2,\"name\":\"Jak nie powinno si\u0119 reagowa\u0107 na kryzys PR na Facebooku \u2013 czyli kasowanie wpis\u00f3w na fanpage\u2019u Kancelarii Premiera\"}]},{\"@type\":\"WebSite\",\"@id\":\"https:\/\/www.sotrender.com\/blog\/#website\",\"url\":\"https:\/\/www.sotrender.com\/blog\/\",\"name\":\"Sotrender Blog\",\"description\":\"\",\"potentialAction\":[{\"@type\":\"SearchAction\",\"target\":{\"@type\":\"EntryPoint\",\"urlTemplate\":\"https:\/\/www.sotrender.com\/blog\/?s={search_term_string}\"},\"query-input\":\"required name=search_term_string\"}],\"inLanguage\":\"pl-PL\"},{\"@type\":\"Person\",\"@id\":\"https:\/\/www.sotrender.com\/blog\/#\/schema\/person\/15d4db3ba9c4e61b1cb96099300e7c51\",\"name\":\"Jan Zaj\u0105c\",\"image\":{\"@type\":\"ImageObject\",\"inLanguage\":\"pl-PL\",\"@id\":\"https:\/\/www.sotrender.com\/blog\/#\/schema\/person\/image\/\",\"url\":\"https:\/\/secure.gravatar.com\/avatar\/330c70ea205c5402148d7c7d8927d81d?s=96&d=mm&r=g\",\"contentUrl\":\"https:\/\/secure.gravatar.com\/avatar\/330c70ea205c5402148d7c7d8927d81d?s=96&d=mm&r=g\",\"caption\":\"Jan Zaj\u0105c\"},\"description\":\"Psychologist &amp; economist, experienced consultant &amp; researcher, who speaks 6 languages and has cycled around 17 countries.\",\"sameAs\":[\"https:\/\/www.facebook.com\/jan.zajac.75?fref=ts\",\"https:\/\/www.linkedin.com\/in\/janekzajac\",\"https:\/\/twitter.com\/http:\/\/twitter.com\/janekzajac\"],\"url\":\"https:\/\/www.sotrender.com\/blog\/pl\/author\/jan_zajc\/\"}]}<\/script>\n<!-- \/ Yoast SEO plugin. -->","yoast_head_json":{"title":"Kryzys Kancelarii Premiera na Facebooku","description":"Kancelaria Prezesa Rady Ministr\u00f3w skasowa\u0142a ponad 7 tysi\u0119cy komentarzy na Facebooku. Ujawniamy jakie informacje by\u0142y zawarte we wpisach fan\u00f3w na temat ACTA.","robots":{"index":"index","follow":"follow","max-snippet":"max-snippet:-1","max-image-preview":"max-image-preview:large","max-video-preview":"max-video-preview:-1"},"canonical":"https:\/\/www.sotrender.com\/blog\/pl\/2012\/01\/jak-nie-powinno-sie-reagowac-na-kryzys-pr-na-facebooku-czyli-kasowanie-wpisow-na-fanpageu-kancelarii-premiera\/","og_locale":"pl_PL","og_type":"article","og_title":"Kryzys Kancelarii Premiera na Facebooku","og_description":"Kancelaria Prezesa Rady Ministr\u00f3w skasowa\u0142a ponad 7 tysi\u0119cy komentarzy na Facebooku. Ujawniamy jakie informacje by\u0142y zawarte we wpisach fan\u00f3w na temat ACTA.","og_url":"https:\/\/www.sotrender.com\/blog\/pl\/2012\/01\/jak-nie-powinno-sie-reagowac-na-kryzys-pr-na-facebooku-czyli-kasowanie-wpisow-na-fanpageu-kancelarii-premiera\/","og_site_name":"Sotrender Blog","article_publisher":"https:\/\/www.facebook.com\/Sotrender","article_author":"https:\/\/www.facebook.com\/jan.zajac.75?fref=ts","article_published_time":"2012-01-30T16:21:38+00:00","article_modified_time":"2017-04-13T15:23:59+00:00","og_image":[{"url":"https:\/\/www.sotrender.com\/blog\/wp-content\/uploads\/2012\/01\/Zaangazowani_fani_dziennie_Kancelaria_Premiera-1024x319.jpg"}],"author":"Jan Zaj\u0105c","twitter_card":"summary_large_image","twitter_creator":"@http:\/\/twitter.com\/janekzajac","twitter_site":"@Sotrender","twitter_misc":{"Written by":"Jan Zaj\u0105c","Est. reading time":"3 minutes"},"schema":{"@context":"https:\/\/schema.org","@graph":[{"@type":"WebPage","@id":"https:\/\/www.sotrender.com\/blog\/pl\/2012\/01\/jak-nie-powinno-sie-reagowac-na-kryzys-pr-na-facebooku-czyli-kasowanie-wpisow-na-fanpageu-kancelarii-premiera\/","url":"https:\/\/www.sotrender.com\/blog\/pl\/2012\/01\/jak-nie-powinno-sie-reagowac-na-kryzys-pr-na-facebooku-czyli-kasowanie-wpisow-na-fanpageu-kancelarii-premiera\/","name":"Kryzys Kancelarii Premiera na Facebooku","isPartOf":{"@id":"https:\/\/www.sotrender.com\/blog\/#website"},"primaryImageOfPage":{"@id":"https:\/\/www.sotrender.com\/blog\/pl\/2012\/01\/jak-nie-powinno-sie-reagowac-na-kryzys-pr-na-facebooku-czyli-kasowanie-wpisow-na-fanpageu-kancelarii-premiera\/#primaryimage"},"image":{"@id":"https:\/\/www.sotrender.com\/blog\/pl\/2012\/01\/jak-nie-powinno-sie-reagowac-na-kryzys-pr-na-facebooku-czyli-kasowanie-wpisow-na-fanpageu-kancelarii-premiera\/#primaryimage"},"thumbnailUrl":"https:\/\/www.sotrender.com\/blog\/wp-content\/uploads\/2012\/01\/Zaangazowani_fani_dziennie_Kancelaria_Premiera-1024x319.jpg","datePublished":"2012-01-30T16:21:38+00:00","dateModified":"2017-04-13T15:23:59+00:00","author":{"@id":"https:\/\/www.sotrender.com\/blog\/#\/schema\/person\/15d4db3ba9c4e61b1cb96099300e7c51"},"description":"Kancelaria Prezesa Rady Ministr\u00f3w skasowa\u0142a ponad 7 tysi\u0119cy komentarzy na Facebooku. Ujawniamy jakie informacje by\u0142y zawarte we wpisach fan\u00f3w na temat ACTA.","breadcrumb":{"@id":"https:\/\/www.sotrender.com\/blog\/pl\/2012\/01\/jak-nie-powinno-sie-reagowac-na-kryzys-pr-na-facebooku-czyli-kasowanie-wpisow-na-fanpageu-kancelarii-premiera\/#breadcrumb"},"inLanguage":"pl-PL","potentialAction":[{"@type":"ReadAction","target":["https:\/\/www.sotrender.com\/blog\/pl\/2012\/01\/jak-nie-powinno-sie-reagowac-na-kryzys-pr-na-facebooku-czyli-kasowanie-wpisow-na-fanpageu-kancelarii-premiera\/"]}]},{"@type":"ImageObject","inLanguage":"pl-PL","@id":"https:\/\/www.sotrender.com\/blog\/pl\/2012\/01\/jak-nie-powinno-sie-reagowac-na-kryzys-pr-na-facebooku-czyli-kasowanie-wpisow-na-fanpageu-kancelarii-premiera\/#primaryimage","url":"https:\/\/www.sotrender.com\/blog\/wp-content\/uploads\/2012\/01\/Zaangazowani_fani_dziennie_Kancelaria_Premiera-1024x319.jpg","contentUrl":"https:\/\/www.sotrender.com\/blog\/wp-content\/uploads\/2012\/01\/Zaangazowani_fani_dziennie_Kancelaria_Premiera-1024x319.jpg"},{"@type":"BreadcrumbList","@id":"https:\/\/www.sotrender.com\/blog\/pl\/2012\/01\/jak-nie-powinno-sie-reagowac-na-kryzys-pr-na-facebooku-czyli-kasowanie-wpisow-na-fanpageu-kancelarii-premiera\/#breadcrumb","itemListElement":[{"@type":"ListItem","position":1,"name":"Home","item":"https:\/\/www.sotrender.com\/blog\/"},{"@type":"ListItem","position":2,"name":"Jak nie powinno si\u0119 reagowa\u0107 na kryzys PR na Facebooku \u2013 czyli kasowanie wpis\u00f3w na fanpage\u2019u Kancelarii Premiera"}]},{"@type":"WebSite","@id":"https:\/\/www.sotrender.com\/blog\/#website","url":"https:\/\/www.sotrender.com\/blog\/","name":"Sotrender Blog","description":"","potentialAction":[{"@type":"SearchAction","target":{"@type":"EntryPoint","urlTemplate":"https:\/\/www.sotrender.com\/blog\/?s={search_term_string}"},"query-input":"required name=search_term_string"}],"inLanguage":"pl-PL"},{"@type":"Person","@id":"https:\/\/www.sotrender.com\/blog\/#\/schema\/person\/15d4db3ba9c4e61b1cb96099300e7c51","name":"Jan Zaj\u0105c","image":{"@type":"ImageObject","inLanguage":"pl-PL","@id":"https:\/\/www.sotrender.com\/blog\/#\/schema\/person\/image\/","url":"https:\/\/secure.gravatar.com\/avatar\/330c70ea205c5402148d7c7d8927d81d?s=96&d=mm&r=g","contentUrl":"https:\/\/secure.gravatar.com\/avatar\/330c70ea205c5402148d7c7d8927d81d?s=96&d=mm&r=g","caption":"Jan Zaj\u0105c"},"description":"Psychologist &amp; economist, experienced consultant &amp; researcher, who speaks 6 languages and has cycled around 17 countries.","sameAs":["https:\/\/www.facebook.com\/jan.zajac.75?fref=ts","https:\/\/www.linkedin.com\/in\/janekzajac","https:\/\/twitter.com\/http:\/\/twitter.com\/janekzajac"],"url":"https:\/\/www.sotrender.com\/blog\/pl\/author\/jan_zajc\/"}]}},"_links":{"self":[{"href":"https:\/\/www.sotrender.com\/blog\/pl\/wp-json\/wp\/v2\/posts\/329"}],"collection":[{"href":"https:\/\/www.sotrender.com\/blog\/pl\/wp-json\/wp\/v2\/posts"}],"about":[{"href":"https:\/\/www.sotrender.com\/blog\/pl\/wp-json\/wp\/v2\/types\/post"}],"author":[{"embeddable":true,"href":"https:\/\/www.sotrender.com\/blog\/pl\/wp-json\/wp\/v2\/users\/2"}],"replies":[{"embeddable":true,"href":"https:\/\/www.sotrender.com\/blog\/pl\/wp-json\/wp\/v2\/comments?post=329"}],"version-history":[{"count":21,"href":"https:\/\/www.sotrender.com\/blog\/pl\/wp-json\/wp\/v2\/posts\/329\/revisions"}],"predecessor-version":[{"id":26693,"href":"https:\/\/www.sotrender.com\/blog\/pl\/wp-json\/wp\/v2\/posts\/329\/revisions\/26693"}],"wp:attachment":[{"href":"https:\/\/www.sotrender.com\/blog\/pl\/wp-json\/wp\/v2\/media?parent=329"}],"wp:term":[{"taxonomy":"category","embeddable":true,"href":"https:\/\/www.sotrender.com\/blog\/pl\/wp-json\/wp\/v2\/categories?post=329"},{"taxonomy":"post_tag","embeddable":true,"href":"https:\/\/www.sotrender.com\/blog\/pl\/wp-json\/wp\/v2\/tags?post=329"}],"curies":[{"name":"wp","href":"https:\/\/api.w.org\/{rel}","templated":true}]}}