{"id":32783,"date":"2018-02-07T12:36:29","date_gmt":"2018-02-07T11:36:29","guid":{"rendered":"https:\/\/www.sotrender.com\/blog\/?p=32783\/"},"modified":"2018-02-07T12:41:58","modified_gmt":"2018-02-07T11:41:58","slug":"instagram-trends-styczen-2018-newsy-nie-tylko-na-twitterze","status":"publish","type":"post","link":"https:\/\/www.sotrender.com\/blog\/pl\/2018\/02\/instagram-trends-styczen-2018-newsy-nie-tylko-na-twitterze\/","title":{"rendered":"Instagram Trends stycze\u0144 2018 &#8211; newsy nie tylko na Twitterze"},"content":{"rendered":"<p><span style=\"font-weight: 400;\">Jak b\u0119dzie wygl\u0105da\u0142 2018 rok na Instagramie? <\/span><a href=\"https:\/\/www.sotrender.com\/blog\/pl\/2018\/01\/instagram-w-polsce-2017-infografika\/\"><span style=\"font-weight: 400;\">Czy b\u0119dzie podobny do 2017?<\/span><\/a><span style=\"font-weight: 400;\"> Tego dowiemy si\u0119 niestety dopiero za 12 miesi\u0119cy, ale analiz\u0119 bie\u017c\u0105cych wydarze\u0144 mo\u017cemy zacz\u0105\u0107 ju\u017c dzi\u015b! Zapraszamy na naj\u015bwie\u017cszy raport <a href=\"https:\/\/www.sotrender.com\/trends\/instagram\/poland\/201801\">Instagram Trends stycze\u0144 2018<\/a>!<\/span><\/p>\n<p><!--more--><\/p>\n<h2><strong>Dzieci\u0119ca si\u0142a<\/strong><\/h2>\n<p><span style=\"font-weight: 400;\">Nowy program, kontynuacja kultowego The Voice of Poland, czyli The Voice Kids jest nowo\u015bci\u0105 w naszym zestawieniu. Jego debiut w <\/span><a href=\"https:\/\/www.sotrender.com\/trends\/instagram\/poland\/\"><span style=\"font-weight: 400;\">Instagram Trends<\/span><\/a><span style=\"font-weight: 400;\"> nie m\u00f3g\u0142 zosta\u0107 niezauwa\u017cony. Profil The Voice Kids uplasowa\u0142 si\u0119 od razu na wysokim 3. miejscu pod wzgl\u0119dem Zaanga\u017cowania w kategorii <a href=\"https:\/\/www.sotrender.com\/trends\/instagram\/poland\/201801\/media\/media_tradycyjne\">media tradycyjne<\/a>.\u00a0<\/span><\/p>\n<div id=\"attachment_32785\" style=\"width: 817px\" class=\"wp-caption aligncenter\"><img loading=\"lazy\" decoding=\"async\" aria-describedby=\"caption-attachment-32785\" class=\"size-full wp-image-32785\" src=\"https:\/\/www.sotrender.com\/blog\/wp-content\/uploads\/2018\/02\/2018-02-06-15_14_43-Sotrender-Trends-on-Sotrender.com_.png\" alt=\"the voice kids, zaanga\u017cowanie, profil, instagram\" width=\"807\" height=\"219\" srcset=\"https:\/\/www.sotrender.com\/blog\/wp-content\/uploads\/2018\/02\/2018-02-06-15_14_43-Sotrender-Trends-on-Sotrender.com_.png 807w, https:\/\/www.sotrender.com\/blog\/wp-content\/uploads\/2018\/02\/2018-02-06-15_14_43-Sotrender-Trends-on-Sotrender.com_-475x129.png 475w, https:\/\/www.sotrender.com\/blog\/wp-content\/uploads\/2018\/02\/2018-02-06-15_14_43-Sotrender-Trends-on-Sotrender.com_-768x208.png 768w\" sizes=\"(max-width: 807px) 100vw, 807px\" \/><p id=\"caption-attachment-32785\" class=\"wp-caption-text\">Profil The Voice Kids na wysokim 3. miejscu w kategorii Media tradycyjne | Zaanga\u017cowanie, stycze\u0144 2018<\/p><\/div>\n<p><span style=\"font-weight: 400;\">Udzia\u0142 w programach telewizyjnych to szansa nie tylko dla ich uczestnik\u00f3w, ale r\u00f3wnie\u017c juror\u00f3w czy prowadz\u0105cych, na przypomnienie o sobie publiczno\u015bci. Program The Voice Kids jest tego doskona\u0142ym przyk\u0142adem.<\/span><\/p>\n<p><span style=\"font-weight: 400;\">Zar\u00f3wno Dawid Kwiatkowski, jak i Edyta G\u00f3rniak, czyli dw\u00f3jka juror\u00f3w z programu odnotowali wysokie &#8211; ponad dziesi\u0119cioprocentowe &#8211; przyrosty w liczbie obserwator\u00f3w w styczniu. R\u00f3wnie\u017c w zestawieniu zaanga\u017cowania odnotowali spore awanse.<\/span><\/p>\n<div id=\"attachment_32787\" style=\"width: 814px\" class=\"wp-caption aligncenter\"><img loading=\"lazy\" decoding=\"async\" aria-describedby=\"caption-attachment-32787\" class=\"size-full wp-image-32787\" src=\"https:\/\/www.sotrender.com\/blog\/wp-content\/uploads\/2018\/02\/2018-02-06-15_17_50-Sotrender-Trends-on-Sotrender.com_.png\" alt=\"dawid kwiatkowski, edyta g\u00f3rniak, the voice kids\" width=\"804\" height=\"682\" srcset=\"https:\/\/www.sotrender.com\/blog\/wp-content\/uploads\/2018\/02\/2018-02-06-15_17_50-Sotrender-Trends-on-Sotrender.com_.png 804w, https:\/\/www.sotrender.com\/blog\/wp-content\/uploads\/2018\/02\/2018-02-06-15_17_50-Sotrender-Trends-on-Sotrender.com_-475x403.png 475w, https:\/\/www.sotrender.com\/blog\/wp-content\/uploads\/2018\/02\/2018-02-06-15_17_50-Sotrender-Trends-on-Sotrender.com_-768x651.png 768w\" sizes=\"(max-width: 804px) 100vw, 804px\" \/><p id=\"caption-attachment-32787\" class=\"wp-caption-text\">Profile muzyk\u00f3w na polskim Instagramie pod wzgl\u0119dem liczby obserwuj\u0105cych<\/p><\/div>\n<p><span style=\"font-weight: 400;\">Udzia\u0142 Dawida w programie The Voice Kids oraz premiera jego teledysku \u201cJeste\u015b\u201d w minionym miesi\u0105cu spowodowa\u0142y, \u017ce uplasowa\u0142 si\u0119 na 2. miejscu w\u015br\u00f3d najszybciej rosn\u0105cych profili na polskim Instagramie.<\/span><\/p>\n<div id=\"attachment_32789\" style=\"width: 314px\" class=\"wp-caption aligncenter\"><img loading=\"lazy\" decoding=\"async\" aria-describedby=\"caption-attachment-32789\" class=\"size-full wp-image-32789\" src=\"https:\/\/www.sotrender.com\/blog\/wp-content\/uploads\/2018\/02\/2018-02-06-15_12_59-Sotrender-Trends-on-Sotrender.com_.png\" alt=\"dawid kwiatkowski, robert lewandowski, najszybciej rosn\u0105ce profile\" width=\"304\" height=\"263\" \/><p id=\"caption-attachment-32789\" class=\"wp-caption-text\">Najszybciej rosn\u0105ce profile na Instagramie w styczniu 2018<\/p><\/div>\n<h2><strong>Fenomen Lewandowskich<\/strong><\/h2>\n<p><span style=\"font-weight: 400;\">Pa\u0144stwo Lewandowscy to marka sama w sobie, a zakres ich dzia\u0142alno\u015bci jest obecnie szeroki jak i do\u015b\u0107 r\u00f3\u017cnorodny. Jednym z przedsi\u0119wzi\u0119\u0107 Anny Lewandowskiej jest marka spo\u017cywcza \u2018Foods by Ann\u2019, kt\u00f3ra pr\u0119\u017cnie si\u0119 rozwija. <\/span><\/p>\n<p><span style=\"font-weight: 400;\">Nie da si\u0119 nie zauwa\u017cy\u0107 jak wiele stara\u0144 dok\u0142adanych jest r\u00f3wnie\u017c w jej promocj\u0119 &#8211; organizowanie konkurs\u00f3w, promowanie produkt\u00f3w przez bloger\u00f3w i influencer\u00f3w czy wykorzystywanie tre\u015bci tworzonych przez swoich klient\u00f3w. Wszystko to nie tylko pomaga dotrze\u0107 do nowych odbiorc\u00f3w, ale r\u00f3wnie\u017c bardziej anga\u017cowa\u0107 u\u017cytkownik\u00f3w i tworzy\u0107 swoj\u0105 w\u0142asn\u0105 spo\u0142eczno\u015b\u0107. <\/span><\/p>\n<p><span style=\"font-weight: 400;\">Efekty? Na Instagramie profil Foods by Ann w kategorii <a href=\"https:\/\/www.sotrender.com\/trends\/instagram\/poland\/201801\/marki\/fmcg\/zywnosc\">\u017bywno\u015b\u0107<\/a> znajduje si\u0119 na 1. miejscu zar\u00f3wno pod wzgl\u0119dem liczby fan\u00f3w jak i ich zaanga\u017cowania, b\u0119d\u0105c daleko przed konkurencj\u0105. <\/span><\/p>\n<div id=\"attachment_32791\" style=\"width: 837px\" class=\"wp-caption aligncenter\"><img loading=\"lazy\" decoding=\"async\" aria-describedby=\"caption-attachment-32791\" class=\"size-full wp-image-32791\" src=\"https:\/\/www.sotrender.com\/blog\/wp-content\/uploads\/2018\/02\/2018-02-07-09_15_49-Sotrender-Trends-on-Sotrender.com_.png\" alt=\"foods by ann, anna lewandowska, obserwuj\u0105cy\" width=\"827\" height=\"147\" srcset=\"https:\/\/www.sotrender.com\/blog\/wp-content\/uploads\/2018\/02\/2018-02-07-09_15_49-Sotrender-Trends-on-Sotrender.com_.png 827w, https:\/\/www.sotrender.com\/blog\/wp-content\/uploads\/2018\/02\/2018-02-07-09_15_49-Sotrender-Trends-on-Sotrender.com_-475x84.png 475w, https:\/\/www.sotrender.com\/blog\/wp-content\/uploads\/2018\/02\/2018-02-07-09_15_49-Sotrender-Trends-on-Sotrender.com_-768x137.png 768w\" sizes=\"(max-width: 827px) 100vw, 827px\" \/><p id=\"caption-attachment-32791\" class=\"wp-caption-text\">Instagramowy profil Foods by Ann numerem 1 pod wzgl\u0119dem liczby obserwuj\u0105cych w kategorii \u017bywno\u015b\u0107<\/p><\/div>\n<p>&nbsp;<\/p>\n<div id=\"attachment_32793\" style=\"width: 838px\" class=\"wp-caption aligncenter\"><img loading=\"lazy\" decoding=\"async\" aria-describedby=\"caption-attachment-32793\" class=\"size-full wp-image-32793\" src=\"https:\/\/www.sotrender.com\/blog\/wp-content\/uploads\/2018\/02\/2018-02-07-09_16_10-Sotrender-Trends-on-Sotrender.com_.png\" alt=\"foods by ann, anna lewandowska, instagram, zaanga\u017cowanie\" width=\"828\" height=\"150\" srcset=\"https:\/\/www.sotrender.com\/blog\/wp-content\/uploads\/2018\/02\/2018-02-07-09_16_10-Sotrender-Trends-on-Sotrender.com_.png 828w, https:\/\/www.sotrender.com\/blog\/wp-content\/uploads\/2018\/02\/2018-02-07-09_16_10-Sotrender-Trends-on-Sotrender.com_-475x86.png 475w, https:\/\/www.sotrender.com\/blog\/wp-content\/uploads\/2018\/02\/2018-02-07-09_16_10-Sotrender-Trends-on-Sotrender.com_-768x139.png 768w\" sizes=\"(max-width: 828px) 100vw, 828px\" \/><p id=\"caption-attachment-32793\" class=\"wp-caption-text\">Profile o najwi\u0119kszym zaanga\u017cowaniu w kategorii \u017bywno\u015b\u0107, stycze\u0144 2018<\/p><\/div>\n<h2><strong>Newsy nie tylko na Twitterze<\/strong><\/h2>\n<p><span style=\"font-weight: 400;\">Bie\u017c\u0105ce wydarzenia, cho\u0107 g\u0142\u00f3wnie kojarz\u0105 si\u0119 z Twitterem, coraz cz\u0119\u015bciej maj\u0105 sw\u00f3j wyd\u017awi\u0119k r\u00f3wnie\u017c na Instagramie. Tak by\u0142o w\u0142a\u015bnie w minionym miesi\u0105cu. W kategorii <a href=\"https:\/\/www.sotrender.com\/trends\/instagram\/poland\/201801\/media\/media_tradycyjne\/prasa\">Prasa<\/a>, opr\u00f3cz tre\u015bci lifestylowych i plotkarskich, kt\u00f3re najcz\u0119\u015bciej s\u0105 tam publikowane, najbardziej popularne by\u0142y jednak posty dotycz\u0105ce akcji ratowniczej na Nanga Parbat, sukces\u00f3w polskich skoczk\u00f3w jak i Gali Mistrz\u00f3w Sportu. <\/span><\/p>\n<div id=\"attachment_32795\" style=\"width: 799px\" class=\"wp-caption aligncenter\"><img loading=\"lazy\" decoding=\"async\" aria-describedby=\"caption-attachment-32795\" class=\"size-full wp-image-32795\" src=\"https:\/\/www.sotrender.com\/blog\/wp-content\/uploads\/2018\/02\/2018-02-07-08_42_44-Sotrender-Trends-on-Sotrender.com_.png\" alt=\"instagram, newsy, stycze\u0144 2018\" width=\"789\" height=\"711\" srcset=\"https:\/\/www.sotrender.com\/blog\/wp-content\/uploads\/2018\/02\/2018-02-07-08_42_44-Sotrender-Trends-on-Sotrender.com_.png 789w, https:\/\/www.sotrender.com\/blog\/wp-content\/uploads\/2018\/02\/2018-02-07-08_42_44-Sotrender-Trends-on-Sotrender.com_-475x428.png 475w, https:\/\/www.sotrender.com\/blog\/wp-content\/uploads\/2018\/02\/2018-02-07-08_42_44-Sotrender-Trends-on-Sotrender.com_-768x692.png 768w\" sizes=\"(max-width: 789px) 100vw, 789px\" \/><p id=\"caption-attachment-32795\" class=\"wp-caption-text\">Najlepsze posty w styczniu 2018 w kategorii Prasa na Instagramie<\/p><\/div>\n<p><span style=\"font-weight: 400;\">Z kolei w kategorii <a href=\"https:\/\/www.sotrender.com\/trends\/instagram\/poland\/201801\/marki\/ngo_akcje_spoleczne\">NGO i akcje spo\u0142eczne<\/a>\u00a0w\u015br\u00f3d najlepszych post\u00f3w miesi\u0105ca nie powinna dziwi\u0107 dominacja tre\u015bci opublikowanych przez WO\u015aP. Za nami ju\u017c kolejny &#8211; 26! &#8211; fina\u0142 akcji.<\/span><\/p>\n<div id=\"attachment_32797\" style=\"width: 789px\" class=\"wp-caption aligncenter\"><img loading=\"lazy\" decoding=\"async\" aria-describedby=\"caption-attachment-32797\" class=\"size-full wp-image-32797\" src=\"https:\/\/www.sotrender.com\/blog\/wp-content\/uploads\/2018\/02\/2018-02-07-08_46_36-Sotrender-Trends-on-Sotrender.com_.png\" alt=\"wo\u015bp, instagram, najlepsze posty, 26 fina\u0142\" width=\"779\" height=\"392\" srcset=\"https:\/\/www.sotrender.com\/blog\/wp-content\/uploads\/2018\/02\/2018-02-07-08_46_36-Sotrender-Trends-on-Sotrender.com_.png 779w, https:\/\/www.sotrender.com\/blog\/wp-content\/uploads\/2018\/02\/2018-02-07-08_46_36-Sotrender-Trends-on-Sotrender.com_-475x239.png 475w, https:\/\/www.sotrender.com\/blog\/wp-content\/uploads\/2018\/02\/2018-02-07-08_46_36-Sotrender-Trends-on-Sotrender.com_-768x386.png 768w\" sizes=\"(max-width: 779px) 100vw, 779px\" \/><p id=\"caption-attachment-32797\" class=\"wp-caption-text\">Najlepsze posty w styczniu 2018 w kategorii NGO i akcje spo\u0142eczne<\/p><\/div>\n<h2>Instagram Trends stycze\u0144 2018 &#8211; to nie wszystko!<\/h2>\n<p><span style=\"font-weight: 400;\">Co jeszcze wydarzy\u0142o si\u0119 w styczniu na polskim Instagramie? Sprawd\u017acie w najnowszym raporcie <a href=\"https:\/\/www.sotrender.com\/trends\/instagram\/poland\/201801\">Instagram Trends Polska stycze\u0144 2018<\/a>!<\/span><\/p>\n<div id=\"hs-cta-ie-element\"><\/div>\n<p style=\"text-align: center;\"><a href=\"https:\/\/cta-redirect.hubspot.com\/cta\/redirect\/3842881\/c4243256-775c-4f09-9dae-182c6d1fa4e1\"><img decoding=\"async\" id=\"hs-cta-img-c4243256-775c-4f09-9dae-182c6d1fa4e1\" class=\"hs-cta-img aligncenter\" style=\"border-width: 0px;\" src=\"https:\/\/no-cache.hubspot.com\/cta\/default\/3842881\/c4243256-775c-4f09-9dae-182c6d1fa4e1.png\" alt=\"Mierz swoje dzia\u0142ania w social mediach!\" \/><\/a><script charset=\"utf-8\" src=\"https:\/\/js.hscta.net\/cta\/current.js\"><\/script><script type=\"text\/javascript\"> hbspt.cta.load(3842881, 'c4243256-775c-4f09-9dae-182c6d1fa4e1', {}); <\/script><!-- end HubSpot Call-to-Action Code --><\/p>\n","protected":false},"excerpt":{"rendered":"<p>Jak b\u0119dzie wygl\u0105da\u0142 2018 rok na Instagramie? Czy b\u0119dzie podobny do 2017? Tego dowiemy si\u0119 niestety dopiero za 12 miesi\u0119cy, ale analiz\u0119 bie\u017c\u0105cych wydarze\u0144 mo\u017cemy zacz\u0105\u0107 ju\u017c dzi\u015b! Zapraszamy na naj\u015bwie\u017cszy raport Instagram Trends stycze\u0144 2018!<\/p>\n","protected":false},"author":89,"featured_media":32799,"comment_status":"open","ping_status":"open","sticky":false,"template":"","format":"standard","meta":{"inline_featured_image":false,"footnotes":""},"categories":[1791,1803,2125],"tags":[615,2377,2751,2753,2755],"yoast_head":"<!-- This site is optimized with the Yoast SEO plugin v22.4 - https:\/\/yoast.com\/wordpress\/plugins\/seo\/ -->\n<title>Instagram Trends stycze\u0144 2018 - newsy, Lewandowscy, The Voice Kids<\/title>\n<meta name=\"description\" content=\"Czy rok 2018 na Instagramie b\u0119dzie podobny do 2017? Dowiemy si\u0119 niestety dopiero na 12 miesi\u0119cy, ale ju\u017c dzi\u015b przedstawiamy Instagram Trends stycze\u0144 2018!\" \/>\n<meta name=\"robots\" content=\"index, follow, max-snippet:-1, max-image-preview:large, max-video-preview:-1\" \/>\n<link rel=\"canonical\" href=\"https:\/\/www.sotrender.com\/blog\/pl\/2018\/02\/instagram-trends-styczen-2018-newsy-nie-tylko-na-twitterze\/\" \/>\n<meta property=\"og:locale\" content=\"pl_PL\" \/>\n<meta property=\"og:type\" content=\"article\" \/>\n<meta property=\"og:title\" content=\"Instagram Trends stycze\u0144 2018 - newsy, Lewandowscy, The Voice Kids\" \/>\n<meta property=\"og:description\" content=\"Czy rok 2018 na Instagramie b\u0119dzie podobny do 2017? Dowiemy si\u0119 niestety dopiero na 12 miesi\u0119cy, ale ju\u017c dzi\u015b przedstawiamy Instagram Trends stycze\u0144 2018!\" \/>\n<meta property=\"og:url\" content=\"https:\/\/www.sotrender.com\/blog\/pl\/2018\/02\/instagram-trends-styczen-2018-newsy-nie-tylko-na-twitterze\/\" \/>\n<meta property=\"og:site_name\" content=\"Sotrender Blog\" \/>\n<meta property=\"article:publisher\" content=\"https:\/\/www.facebook.com\/Sotrender\" \/>\n<meta property=\"article:published_time\" content=\"2018-02-07T11:36:29+00:00\" \/>\n<meta property=\"article:modified_time\" content=\"2018-02-07T11:41:58+00:00\" \/>\n<meta property=\"og:image\" content=\"https:\/\/www.sotrender.com\/blog\/wp-content\/uploads\/2018\/02\/newspaper-1595773_1280.jpg\" \/>\n\t<meta property=\"og:image:width\" content=\"1280\" \/>\n\t<meta property=\"og:image:height\" content=\"853\" \/>\n\t<meta property=\"og:image:type\" content=\"image\/jpeg\" \/>\n<meta name=\"author\" content=\"Klaudia \u017by\u0142ka\" \/>\n<meta name=\"twitter:card\" content=\"summary_large_image\" \/>\n<meta name=\"twitter:creator\" content=\"@Sotrender\" \/>\n<meta name=\"twitter:site\" content=\"@Sotrender\" \/>\n<meta name=\"twitter:label1\" content=\"Written by\" \/>\n\t<meta name=\"twitter:data1\" content=\"Klaudia \u017by\u0142ka\" \/>\n\t<meta name=\"twitter:label2\" content=\"Est. reading time\" \/>\n\t<meta name=\"twitter:data2\" content=\"3 minutes\" \/>\n<script type=\"application\/ld+json\" class=\"yoast-schema-graph\">{\"@context\":\"https:\/\/schema.org\",\"@graph\":[{\"@type\":\"WebPage\",\"@id\":\"https:\/\/www.sotrender.com\/blog\/pl\/2018\/02\/instagram-trends-styczen-2018-newsy-nie-tylko-na-twitterze\/\",\"url\":\"https:\/\/www.sotrender.com\/blog\/pl\/2018\/02\/instagram-trends-styczen-2018-newsy-nie-tylko-na-twitterze\/\",\"name\":\"Instagram Trends stycze\u0144 2018 - newsy, Lewandowscy, The Voice Kids\",\"isPartOf\":{\"@id\":\"https:\/\/www.sotrender.com\/blog\/#website\"},\"primaryImageOfPage\":{\"@id\":\"https:\/\/www.sotrender.com\/blog\/pl\/2018\/02\/instagram-trends-styczen-2018-newsy-nie-tylko-na-twitterze\/#primaryimage\"},\"image\":{\"@id\":\"https:\/\/www.sotrender.com\/blog\/pl\/2018\/02\/instagram-trends-styczen-2018-newsy-nie-tylko-na-twitterze\/#primaryimage\"},\"thumbnailUrl\":\"https:\/\/www.sotrender.com\/blog\/wp-content\/uploads\/2018\/02\/newspaper-1595773_1280.jpg\",\"datePublished\":\"2018-02-07T11:36:29+00:00\",\"dateModified\":\"2018-02-07T11:41:58+00:00\",\"author\":{\"@id\":\"https:\/\/www.sotrender.com\/blog\/#\/schema\/person\/038ac5e276c5d102d8cbb9c36cd43416\"},\"description\":\"Czy rok 2018 na Instagramie b\u0119dzie podobny do 2017? Dowiemy si\u0119 niestety dopiero na 12 miesi\u0119cy, ale ju\u017c dzi\u015b przedstawiamy Instagram Trends stycze\u0144 2018!\",\"breadcrumb\":{\"@id\":\"https:\/\/www.sotrender.com\/blog\/pl\/2018\/02\/instagram-trends-styczen-2018-newsy-nie-tylko-na-twitterze\/#breadcrumb\"},\"inLanguage\":\"pl-PL\",\"potentialAction\":[{\"@type\":\"ReadAction\",\"target\":[\"https:\/\/www.sotrender.com\/blog\/pl\/2018\/02\/instagram-trends-styczen-2018-newsy-nie-tylko-na-twitterze\/\"]}]},{\"@type\":\"ImageObject\",\"inLanguage\":\"pl-PL\",\"@id\":\"https:\/\/www.sotrender.com\/blog\/pl\/2018\/02\/instagram-trends-styczen-2018-newsy-nie-tylko-na-twitterze\/#primaryimage\",\"url\":\"https:\/\/www.sotrender.com\/blog\/wp-content\/uploads\/2018\/02\/newspaper-1595773_1280.jpg\",\"contentUrl\":\"https:\/\/www.sotrender.com\/blog\/wp-content\/uploads\/2018\/02\/newspaper-1595773_1280.jpg\",\"width\":1280,\"height\":853,\"caption\":\"news, wiadomo\u015bci, twitter, instagram\"},{\"@type\":\"BreadcrumbList\",\"@id\":\"https:\/\/www.sotrender.com\/blog\/pl\/2018\/02\/instagram-trends-styczen-2018-newsy-nie-tylko-na-twitterze\/#breadcrumb\",\"itemListElement\":[{\"@type\":\"ListItem\",\"position\":1,\"name\":\"Home\",\"item\":\"https:\/\/www.sotrender.com\/blog\/\"},{\"@type\":\"ListItem\",\"position\":2,\"name\":\"Instagram Trends stycze\u0144 2018 &#8211; newsy nie tylko na Twitterze\"}]},{\"@type\":\"WebSite\",\"@id\":\"https:\/\/www.sotrender.com\/blog\/#website\",\"url\":\"https:\/\/www.sotrender.com\/blog\/\",\"name\":\"Sotrender Blog\",\"description\":\"\",\"potentialAction\":[{\"@type\":\"SearchAction\",\"target\":{\"@type\":\"EntryPoint\",\"urlTemplate\":\"https:\/\/www.sotrender.com\/blog\/?s={search_term_string}\"},\"query-input\":\"required name=search_term_string\"}],\"inLanguage\":\"pl-PL\"},{\"@type\":\"Person\",\"@id\":\"https:\/\/www.sotrender.com\/blog\/#\/schema\/person\/038ac5e276c5d102d8cbb9c36cd43416\",\"name\":\"Klaudia \u017by\u0142ka\",\"image\":{\"@type\":\"ImageObject\",\"inLanguage\":\"pl-PL\",\"@id\":\"https:\/\/www.sotrender.com\/blog\/#\/schema\/person\/image\/\",\"url\":\"https:\/\/secure.gravatar.com\/avatar\/f55d5d49ce3c448e1ffde0ab078d84cd?s=96&d=mm&r=g\",\"contentUrl\":\"https:\/\/secure.gravatar.com\/avatar\/f55d5d49ce3c448e1ffde0ab078d84cd?s=96&d=mm&r=g\",\"caption\":\"Klaudia \u017by\u0142ka\"},\"description\":\"Instagram, dogs, books and food lover. Former student at Warsaw University and Malm\u00f6 University. Improving her marketing skills every day. Proud owner of DIMAQ certificate\",\"sameAs\":[\"https:\/\/www.linkedin.com\/in\/klaudia-\u017cy\u0142ka-17527779\"],\"url\":\"https:\/\/www.sotrender.com\/blog\/pl\/author\/klaudia_yka\/\"}]}<\/script>\n<!-- \/ Yoast SEO plugin. -->","yoast_head_json":{"title":"Instagram Trends stycze\u0144 2018 - newsy, Lewandowscy, The Voice Kids","description":"Czy rok 2018 na Instagramie b\u0119dzie podobny do 2017? Dowiemy si\u0119 niestety dopiero na 12 miesi\u0119cy, ale ju\u017c dzi\u015b przedstawiamy Instagram Trends stycze\u0144 2018!","robots":{"index":"index","follow":"follow","max-snippet":"max-snippet:-1","max-image-preview":"max-image-preview:large","max-video-preview":"max-video-preview:-1"},"canonical":"https:\/\/www.sotrender.com\/blog\/pl\/2018\/02\/instagram-trends-styczen-2018-newsy-nie-tylko-na-twitterze\/","og_locale":"pl_PL","og_type":"article","og_title":"Instagram Trends stycze\u0144 2018 - newsy, Lewandowscy, The Voice Kids","og_description":"Czy rok 2018 na Instagramie b\u0119dzie podobny do 2017? Dowiemy si\u0119 niestety dopiero na 12 miesi\u0119cy, ale ju\u017c dzi\u015b przedstawiamy Instagram Trends stycze\u0144 2018!","og_url":"https:\/\/www.sotrender.com\/blog\/pl\/2018\/02\/instagram-trends-styczen-2018-newsy-nie-tylko-na-twitterze\/","og_site_name":"Sotrender Blog","article_publisher":"https:\/\/www.facebook.com\/Sotrender","article_published_time":"2018-02-07T11:36:29+00:00","article_modified_time":"2018-02-07T11:41:58+00:00","og_image":[{"width":1280,"height":853,"url":"https:\/\/www.sotrender.com\/blog\/wp-content\/uploads\/2018\/02\/newspaper-1595773_1280.jpg","type":"image\/jpeg"}],"author":"Klaudia \u017by\u0142ka","twitter_card":"summary_large_image","twitter_creator":"@Sotrender","twitter_site":"@Sotrender","twitter_misc":{"Written by":"Klaudia \u017by\u0142ka","Est. reading time":"3 minutes"},"schema":{"@context":"https:\/\/schema.org","@graph":[{"@type":"WebPage","@id":"https:\/\/www.sotrender.com\/blog\/pl\/2018\/02\/instagram-trends-styczen-2018-newsy-nie-tylko-na-twitterze\/","url":"https:\/\/www.sotrender.com\/blog\/pl\/2018\/02\/instagram-trends-styczen-2018-newsy-nie-tylko-na-twitterze\/","name":"Instagram Trends stycze\u0144 2018 - newsy, Lewandowscy, The Voice Kids","isPartOf":{"@id":"https:\/\/www.sotrender.com\/blog\/#website"},"primaryImageOfPage":{"@id":"https:\/\/www.sotrender.com\/blog\/pl\/2018\/02\/instagram-trends-styczen-2018-newsy-nie-tylko-na-twitterze\/#primaryimage"},"image":{"@id":"https:\/\/www.sotrender.com\/blog\/pl\/2018\/02\/instagram-trends-styczen-2018-newsy-nie-tylko-na-twitterze\/#primaryimage"},"thumbnailUrl":"https:\/\/www.sotrender.com\/blog\/wp-content\/uploads\/2018\/02\/newspaper-1595773_1280.jpg","datePublished":"2018-02-07T11:36:29+00:00","dateModified":"2018-02-07T11:41:58+00:00","author":{"@id":"https:\/\/www.sotrender.com\/blog\/#\/schema\/person\/038ac5e276c5d102d8cbb9c36cd43416"},"description":"Czy rok 2018 na Instagramie b\u0119dzie podobny do 2017? Dowiemy si\u0119 niestety dopiero na 12 miesi\u0119cy, ale ju\u017c dzi\u015b przedstawiamy Instagram Trends stycze\u0144 2018!","breadcrumb":{"@id":"https:\/\/www.sotrender.com\/blog\/pl\/2018\/02\/instagram-trends-styczen-2018-newsy-nie-tylko-na-twitterze\/#breadcrumb"},"inLanguage":"pl-PL","potentialAction":[{"@type":"ReadAction","target":["https:\/\/www.sotrender.com\/blog\/pl\/2018\/02\/instagram-trends-styczen-2018-newsy-nie-tylko-na-twitterze\/"]}]},{"@type":"ImageObject","inLanguage":"pl-PL","@id":"https:\/\/www.sotrender.com\/blog\/pl\/2018\/02\/instagram-trends-styczen-2018-newsy-nie-tylko-na-twitterze\/#primaryimage","url":"https:\/\/www.sotrender.com\/blog\/wp-content\/uploads\/2018\/02\/newspaper-1595773_1280.jpg","contentUrl":"https:\/\/www.sotrender.com\/blog\/wp-content\/uploads\/2018\/02\/newspaper-1595773_1280.jpg","width":1280,"height":853,"caption":"news, wiadomo\u015bci, twitter, instagram"},{"@type":"BreadcrumbList","@id":"https:\/\/www.sotrender.com\/blog\/pl\/2018\/02\/instagram-trends-styczen-2018-newsy-nie-tylko-na-twitterze\/#breadcrumb","itemListElement":[{"@type":"ListItem","position":1,"name":"Home","item":"https:\/\/www.sotrender.com\/blog\/"},{"@type":"ListItem","position":2,"name":"Instagram Trends stycze\u0144 2018 &#8211; newsy nie tylko na Twitterze"}]},{"@type":"WebSite","@id":"https:\/\/www.sotrender.com\/blog\/#website","url":"https:\/\/www.sotrender.com\/blog\/","name":"Sotrender Blog","description":"","potentialAction":[{"@type":"SearchAction","target":{"@type":"EntryPoint","urlTemplate":"https:\/\/www.sotrender.com\/blog\/?s={search_term_string}"},"query-input":"required name=search_term_string"}],"inLanguage":"pl-PL"},{"@type":"Person","@id":"https:\/\/www.sotrender.com\/blog\/#\/schema\/person\/038ac5e276c5d102d8cbb9c36cd43416","name":"Klaudia \u017by\u0142ka","image":{"@type":"ImageObject","inLanguage":"pl-PL","@id":"https:\/\/www.sotrender.com\/blog\/#\/schema\/person\/image\/","url":"https:\/\/secure.gravatar.com\/avatar\/f55d5d49ce3c448e1ffde0ab078d84cd?s=96&d=mm&r=g","contentUrl":"https:\/\/secure.gravatar.com\/avatar\/f55d5d49ce3c448e1ffde0ab078d84cd?s=96&d=mm&r=g","caption":"Klaudia \u017by\u0142ka"},"description":"Instagram, dogs, books and food lover. Former student at Warsaw University and Malm\u00f6 University. Improving her marketing skills every day. Proud owner of DIMAQ certificate","sameAs":["https:\/\/www.linkedin.com\/in\/klaudia-\u017cy\u0142ka-17527779"],"url":"https:\/\/www.sotrender.com\/blog\/pl\/author\/klaudia_yka\/"}]}},"_links":{"self":[{"href":"https:\/\/www.sotrender.com\/blog\/pl\/wp-json\/wp\/v2\/posts\/32783"}],"collection":[{"href":"https:\/\/www.sotrender.com\/blog\/pl\/wp-json\/wp\/v2\/posts"}],"about":[{"href":"https:\/\/www.sotrender.com\/blog\/pl\/wp-json\/wp\/v2\/types\/post"}],"author":[{"embeddable":true,"href":"https:\/\/www.sotrender.com\/blog\/pl\/wp-json\/wp\/v2\/users\/89"}],"replies":[{"embeddable":true,"href":"https:\/\/www.sotrender.com\/blog\/pl\/wp-json\/wp\/v2\/comments?post=32783"}],"version-history":[{"count":5,"href":"https:\/\/www.sotrender.com\/blog\/pl\/wp-json\/wp\/v2\/posts\/32783\/revisions"}],"predecessor-version":[{"id":32815,"href":"https:\/\/www.sotrender.com\/blog\/pl\/wp-json\/wp\/v2\/posts\/32783\/revisions\/32815"}],"wp:featuredmedia":[{"embeddable":true,"href":"https:\/\/www.sotrender.com\/blog\/pl\/wp-json\/wp\/v2\/media\/32799"}],"wp:attachment":[{"href":"https:\/\/www.sotrender.com\/blog\/pl\/wp-json\/wp\/v2\/media?parent=32783"}],"wp:term":[{"taxonomy":"category","embeddable":true,"href":"https:\/\/www.sotrender.com\/blog\/pl\/wp-json\/wp\/v2\/categories?post=32783"},{"taxonomy":"post_tag","embeddable":true,"href":"https:\/\/www.sotrender.com\/blog\/pl\/wp-json\/wp\/v2\/tags?post=32783"}],"curies":[{"name":"wp","href":"https:\/\/api.w.org\/{rel}","templated":true}]}}