{"id":32757,"date":"2018-02-06T15:15:59","date_gmt":"2018-02-06T14:15:59","guid":{"rendered":"https:\/\/www.sotrender.com\/blog\/?p=32757\/"},"modified":"2018-02-09T13:55:01","modified_gmt":"2018-02-09T12:55:01","slug":"polskie-marki-kosmetyczne-w-mediach-spolecznosciowych","status":"publish","type":"post","link":"https:\/\/www.sotrender.com\/blog\/pl\/2018\/02\/polskie-marki-kosmetyczne-w-mediach-spolecznosciowych\/","title":{"rendered":"Polskie marki kosmetyczne w mediach spo\u0142eczno\u015bciowych [raport]"},"content":{"rendered":"<p>Czy polskie marki kosmetyczne mog\u0105 konkurowa\u0107 w mediach spo\u0142eczno\u015bciowych z globalnymi gigantami &#8211; mimo zwykle znacznie mniejszych bud\u017cet\u00f3w i zaplecza marketingowego? Sprawdzili\u015bmy to na przyk\u0142adzie efektywno\u015bci dzia\u0142a\u0144 dermokosmetyk\u00f3w do piel\u0119gnacji w\u0142os\u00f3w, rz\u0119s i paznokci na <a href=\"https:\/\/www.sotrender.com\/trends\/facebook\/poland\/201712\/marki\/fmcg\/kosmetyki\">Facebooku<\/a> i <a href=\"https:\/\/www.sotrender.com\/trends\/instagram\/poland\/201801\/marki\/fmcg\/kosmetyki\">Instagramie<\/a>.<!--more--><\/p>\n<p>Badanie zosta\u0142o zrealizowane przy wsp\u00f3\u0142pracy z <a href=\"https:\/\/www.facebook.com\/121PR\/\">121PR<\/a> dla Polpharma S.A.<\/p>\n<p>Pod lup\u0119 wzi\u0119li\u015bmy 14 marek kosmetyk\u00f3w do w\u0142os\u00f3w (z naciskiem na preparaty dost\u0119pne w aptekach i stymuluj\u0105ce wzrost w\u0142os\u00f3w lub zapobiegaj\u0105ce wypadaniu w\u0142os\u00f3w), od\u017cywek do rz\u0119s i preparat\u00f3w doustnych wp\u0142ywaj\u0105cych na kondycj\u0119 w\u0142os\u00f3w, sk\u00f3ry i paznokci. Kryteriami doboru by\u0142y wyniki sprzeda\u017cowe w aptekach i tradycyjnych kana\u0142ach dystrybucji oraz posiadanie przez mark\u0119 aktywnych Stron na Facebooku.<\/p>\n<p>W tej w\u0105skiej grupie produktowej w social media szczeg\u00f3lnie aktywne s\u0105 polskie marki (Oceanic z mark\u0105 Long4Lashes, Polpharma z mark\u0105 Biotebal, czy L\u2019biotica Biovax) oraz niekt\u00f3re globalne (jak np. Vichy, Klorane czy Revitalash).<\/p>\n<h2>Walka o zasi\u0119g \u2013 Vichy, Biotebal i Ziaja<\/h2>\n<p>Na wielko\u015b\u0107 <a href=\"https:\/\/www.sotrender.com\/blog\/pl\/2018\/01\/zasieg-organiczny-facebook-zmiany\/\">zasi\u0119gu na Facebooku<\/a> wp\u0142ywaj\u0105 przede wszystkim dzia\u0142ania p\u0142atne. Od stycznia do wrze\u015bnia 2017 w analizowanej podkategorii graczem o najwi\u0119kszym Facebook Share of Voice by\u0142a marka Vichy, kt\u00f3rej \u0142\u0105czna liczba ods\u0142on p\u0142atnych i bezp\u0142atnych stanowi\u0142a 38% w\u015br\u00f3d analizowanych marek. Du\u017cy by\u0142 r\u00f3wnie\u017c udzia\u0142 marek polskich: Biotebal oraz Ziaja, kt\u00f3re odnotowa\u0142y odpowiednio 18% oraz 16% udzia\u0142u. Pozosta\u0142e marki nie przekroczy\u0142y 10% \u0142\u0105cznej liczby ods\u0142on.<\/p>\n<p style=\"text-align: center;\"><!--HubSpot Call-to-Action Code --><span id=\"hs-cta-wrapper-479c849f-993d-43c3-a429-9c3e29ba4ccf\" class=\"hs-cta-wrapper\"><span id=\"hs-cta-479c849f-993d-43c3-a429-9c3e29ba4ccf\" class=\"hs-cta-node hs-cta-479c849f-993d-43c3-a429-9c3e29ba4ccf\"><!-- [if lte IE 8]><\/p>\n\n\n\n\n\n<div id=\"hs-cta-ie-element\"><\/div>\n\n\n<![endif]--><a href=\"https:\/\/cta-redirect.hubspot.com\/cta\/redirect\/3842881\/479c849f-993d-43c3-a429-9c3e29ba4ccf\" target=\"_blank\" rel=\"noopener\"><img decoding=\"async\" id=\"hs-cta-img-479c849f-993d-43c3-a429-9c3e29ba4ccf\" class=\"hs-cta-img\" style=\"border-width: 0px;\" src=\"https:\/\/no-cache.hubspot.com\/cta\/default\/3842881\/479c849f-993d-43c3-a429-9c3e29ba4ccf.png\" alt=\"POBIERZ RAPORT!\" \/><\/a><\/span><script charset=\"utf-8\" src=\"https:\/\/js.hscta.net\/cta\/current.js\"><\/script><script type=\"text\/javascript\"> hbspt.cta.load(3842881, '479c849f-993d-43c3-a429-9c3e29ba4ccf', {}); <\/script><\/span><\/p>\n<p style=\"text-align: center;\"><!-- end HubSpot Call-to-Action Code --><\/p>\n<div id=\"attachment_32833\" style=\"width: 596px\" class=\"wp-caption aligncenter\"><a href=\"https:\/\/www.sotrender.com\/blog\/wp-content\/uploads\/2018\/02\/wykres_1-3.png\"><img loading=\"lazy\" decoding=\"async\" aria-describedby=\"caption-attachment-32833\" class=\"wp-image-32833 \" src=\"https:\/\/www.sotrender.com\/blog\/wp-content\/uploads\/2018\/02\/wykres_1-3-475x373.png\" alt=\"Share of Voice polskich marek kosmetycznych na Facebooku.\" width=\"586\" height=\"460\" srcset=\"https:\/\/www.sotrender.com\/blog\/wp-content\/uploads\/2018\/02\/wykres_1-3-475x373.png 475w, https:\/\/www.sotrender.com\/blog\/wp-content\/uploads\/2018\/02\/wykres_1-3-768x604.png 768w, https:\/\/www.sotrender.com\/blog\/wp-content\/uploads\/2018\/02\/wykres_1-3-950x747.png 950w, https:\/\/www.sotrender.com\/blog\/wp-content\/uploads\/2018\/02\/wykres_1-3-550x433.png 550w, https:\/\/www.sotrender.com\/blog\/wp-content\/uploads\/2018\/02\/wykres_1-3.png 1191w\" sizes=\"(max-width: 586px) 100vw, 586px\" \/><\/a><p id=\"caption-attachment-32833\" class=\"wp-caption-text\">Share of Voice polskich marek kosmetycznych na Facebooku.<\/p><\/div>\n<h2>Zaanga\u017cowanie na Facebooku \u2013 najwi\u0119cej aktywnych u\u017cytkownik\u00f3w na Stronach Vichy i Biotebal<\/h2>\n<p>Najwi\u0119cej u\u017cytkownik\u00f3w na swoich stronach na Facebooku zaanga\u017cowa\u0142y strony Vichy i Biotebal dla Twoich w\u0142os\u00f3w. Kolejna marka w zestawieniu (Klorane Polska) zaanga\u017cowa\u0142a o po\u0142ow\u0119 mniej u\u017cytkownik\u00f3w ni\u017c 2 wiod\u0105ce marki.<br \/>\nWarto zauwa\u017cy\u0107, \u017ce w przypadku Vichy mocniej anga\u017cowa\u0142y tre\u015bci kategorii piel\u0119gnacji twarzy i cia\u0142a &#8211; jest to marka globalna, z bardzo szerok\u0105 gam\u0105 produktow\u0105 (ponad 80 SKU). Dla por\u00f3wnania Biotebal posiada jedynie 4 SKU (2 kosmetyki do w\u0142os\u00f3w, 1 do rz\u0119s i 1 lek OTC).<\/p>\n<div id=\"attachment_32837\" style=\"width: 645px\" class=\"wp-caption aligncenter\"><a href=\"https:\/\/www.sotrender.com\/blog\/wp-content\/uploads\/2018\/02\/wykres_2-2.png\"><img loading=\"lazy\" decoding=\"async\" aria-describedby=\"caption-attachment-32837\" class=\"wp-image-32837 \" src=\"https:\/\/www.sotrender.com\/blog\/wp-content\/uploads\/2018\/02\/wykres_2-2-475x376.png\" alt=\"Poziom zaanga\u017cowania fan\u00f3w Stron polskich marek kosmetycznych na Facebooku.\" width=\"635\" height=\"503\" srcset=\"https:\/\/www.sotrender.com\/blog\/wp-content\/uploads\/2018\/02\/wykres_2-2-475x376.png 475w, https:\/\/www.sotrender.com\/blog\/wp-content\/uploads\/2018\/02\/wykres_2-2-768x608.png 768w, https:\/\/www.sotrender.com\/blog\/wp-content\/uploads\/2018\/02\/wykres_2-2-950x752.png 950w, https:\/\/www.sotrender.com\/blog\/wp-content\/uploads\/2018\/02\/wykres_2-2.png 1192w\" sizes=\"(max-width: 635px) 100vw, 635px\" \/><\/a><p id=\"caption-attachment-32837\" class=\"wp-caption-text\">Poziom zaanga\u017cowania fan\u00f3w Stron polskich marek kosmetycznych na Facebooku.<\/p><\/div>\n<h2>Liczy si\u0119 sprzeda\u017c \u2013 polskie marki kosmetyczne w top 20<\/h2>\n<p>Dzia\u0142ania marketingowe polskich marek przynosz\u0105 efekty. Wed\u0142ug danych IMS, Dataview z pa\u017adziernika 2017, rynek doustnych preparat\u00f3w \u201ena w\u0142osy\u201d, ro\u015bnie w ostatnim czasie dwucyfrowo. Przyk\u0142adem jest marka Biotebal, kt\u00f3ra jest jedn\u0105 z najszybciej rozwijaj\u0105cych si\u0119 marek OTC na rynku aptecznym i wesz\u0142a do TOP 20 brand\u00f3w aptecznych w Polsce w ci\u0105gu 2 lat od rozpocz\u0119cia komunikacji. Zosta\u0142a tak\u017ce liderem udzia\u0142\u00f3w rynkowych w swojej kategorii doustnych preparat\u00f3w przeciw wypadaniu w\u0142os\u00f3w, detronizuj\u0105c obecn\u0105 na rynku od wielu lat konkurencj\u0119 (Skrzypovita, Vitapil). Na rynku od\u017cywek do rz\u0119s dost\u0119pnych w aptekach dominuj\u0105 2 marki \u2013 Biotebal rz\u0119sy XXL (Polpharma) i Long4Lashes (Oceanic), kt\u00f3re maj\u0105 obecnie w swoich r\u0119kach ponad po\u0142ow\u0119 rynku (dane: IMS, Dataview, 10.2017).<\/p>\n<h2>Co dalej?<\/h2>\n<p>Z badania wynika, \u017ce marki polskie, takie jak Biotebal, Ziaja czy L\u2019biotica radz\u0105 sobie w mediach spo\u0142eczno\u015bciowych dobrze, a cz\u0119sto nawet lepiej ni\u017c marki globalne, mimo znacznie mniejszych bud\u017cet\u00f3w. Strategia obecno\u015bci oparta o relacje z wiernymi fanami marki, dobrze skrojone dzia\u0142ania mediowe, anga\u017cuj\u0105ce tre\u015bci i wsp\u00f3\u0142prace z lokalnymi influencerami przynosi korzy\u015bci i pozwala na konkurowanie z sukcesem w zat\u0142oczonej kategorii kosmetycznej.<\/p>\n<p>Nale\u017cy si\u0119 spodziewa\u0107, \u017ce marki globalne skupi\u0105 si\u0119 przede wszystkim na budowaniu zasi\u0119gu i po\u0142o\u017c\u0105 nacisk na kilka kampanii rocznie. Nasze rodzime marki kosmetyczne b\u0119d\u0105 z kolei dalej tworzy\u0107 du\u017co jako\u015bciowych tre\u015bci i d\u0105\u017cy\u0107 do budowania aktywnej spo\u0142eczno\u015bci swoich zwolennik\u00f3w. Najprawdopodobniej b\u0119d\u0105 te\u017c budowa\u0107 i wzmacnia\u0107 relacje ze \u015brodowiskiem mikro-influencer\u00f3w.<\/p>\n<p>Zapoznaj si\u0119 z ca\u0142ym raportem:<\/p>\n<p style=\"text-align: center;\"><!--HubSpot Call-to-Action Code --><span id=\"hs-cta-wrapper-479c849f-993d-43c3-a429-9c3e29ba4ccf\" class=\"hs-cta-wrapper\"><span id=\"hs-cta-479c849f-993d-43c3-a429-9c3e29ba4ccf\" class=\"hs-cta-node hs-cta-479c849f-993d-43c3-a429-9c3e29ba4ccf\"><!-- [if lte IE 8]><\/p>\n\n\n\n\n\n<div id=\"hs-cta-ie-element\"><\/div>\n\n\n<![endif]--><a href=\"https:\/\/cta-redirect.hubspot.com\/cta\/redirect\/3842881\/479c849f-993d-43c3-a429-9c3e29ba4ccf\" target=\"_blank\" rel=\"noopener\"><img decoding=\"async\" id=\"hs-cta-img-479c849f-993d-43c3-a429-9c3e29ba4ccf\" class=\"hs-cta-img\" style=\"border-width: 0px;\" src=\"https:\/\/no-cache.hubspot.com\/cta\/default\/3842881\/479c849f-993d-43c3-a429-9c3e29ba4ccf.png\" alt=\"POBIERZ RAPORT!\" \/><\/a><\/span><script charset=\"utf-8\" src=\"https:\/\/js.hscta.net\/cta\/current.js\"><\/script><script type=\"text\/javascript\"> hbspt.cta.load(3842881, '479c849f-993d-43c3-a429-9c3e29ba4ccf', {}); <\/script><\/span><!-- end HubSpot Call-to-Action Code --><\/p>\n<p>Je\u015bli interesuje Was bie\u017c\u0105ca analiza dzia\u0142a\u0144 i efekt\u00f3w polskich marek kosmetycznych w mediach spo\u0142eczno\u015bciowych, w tym na <a href=\"https:\/\/www.sotrender.com\/trends\/facebook\/poland\/201712\/marki\/fmcg\/kosmetyki\">Facebooku<\/a> i <a href=\"https:\/\/www.sotrender.com\/trends\/instagram\/poland\/201801\/marki\/fmcg\/kosmetyki\">Instagramie<\/a>, polecamy Waszej uwadze nasze comiesi\u0119czne bezp\u0142atne\u00a0<a href=\"https:\/\/www.sotrender.com\/resources\/pl\/reports\">raporty Trends<\/a>.<\/p>\n","protected":false},"excerpt":{"rendered":"<p>Czy polskie marki kosmetyczne mog\u0105 konkurowa\u0107 w mediach spo\u0142eczno\u015bciowych z globalnymi gigantami &#8211; mimo zwykle znacznie mniejszych bud\u017cet\u00f3w i zaplecza marketingowego? Sprawdzili\u015bmy to na przyk\u0142adzie efektywno\u015bci dzia\u0142a\u0144 dermokosmetyk\u00f3w do piel\u0119gnacji w\u0142os\u00f3w, rz\u0119s i paznokci na Facebooku i Instagramie.<\/p>\n","protected":false},"author":89,"featured_media":32959,"comment_status":"open","ping_status":"open","sticky":false,"template":"","format":"standard","meta":{"inline_featured_image":false,"footnotes":""},"categories":[1791,1797,1803,2275],"tags":[25,519,2749],"yoast_head":"<!-- This site is optimized with the Yoast SEO plugin v22.4 - https:\/\/yoast.com\/wordpress\/plugins\/seo\/ -->\n<title>Polskie marki kosmetyczne w mediach spo\u0142eczno\u015bciowych<\/title>\n<meta name=\"description\" content=\"Polskie marki kosmetyczne dysponuj\u0105 zwykle mniejszymi bud\u017cetami i mo\u017cliwo\u015bciami w mediach spo\u0142eczno\u015bciowych. Mimo to, nie brakuje im sukces\u00f3w.\" \/>\n<meta name=\"robots\" content=\"index, follow, max-snippet:-1, max-image-preview:large, max-video-preview:-1\" \/>\n<link rel=\"canonical\" href=\"https:\/\/www.sotrender.com\/blog\/pl\/2018\/02\/polskie-marki-kosmetyczne-w-mediach-spolecznosciowych\/\" \/>\n<meta property=\"og:locale\" content=\"pl_PL\" \/>\n<meta property=\"og:type\" content=\"article\" \/>\n<meta property=\"og:title\" content=\"Polskie marki kosmetyczne w mediach spo\u0142eczno\u015bciowych\" \/>\n<meta property=\"og:description\" content=\"Polskie marki kosmetyczne dysponuj\u0105 zwykle mniejszymi bud\u017cetami i mo\u017cliwo\u015bciami w mediach spo\u0142eczno\u015bciowych. Mimo to, nie brakuje im sukces\u00f3w.\" \/>\n<meta property=\"og:url\" content=\"https:\/\/www.sotrender.com\/blog\/pl\/2018\/02\/polskie-marki-kosmetyczne-w-mediach-spolecznosciowych\/\" \/>\n<meta property=\"og:site_name\" content=\"Sotrender Blog\" \/>\n<meta property=\"article:publisher\" content=\"https:\/\/www.facebook.com\/Sotrender\" \/>\n<meta property=\"article:published_time\" content=\"2018-02-06T14:15:59+00:00\" \/>\n<meta property=\"article:modified_time\" content=\"2018-02-09T12:55:01+00:00\" \/>\n<meta property=\"og:image\" content=\"https:\/\/www.sotrender.com\/blog\/wp-content\/uploads\/2018\/02\/2018_02_08-Biotebal-2017-1.png\" \/>\n\t<meta property=\"og:image:width\" content=\"2480\" \/>\n\t<meta property=\"og:image:height\" content=\"1131\" \/>\n\t<meta property=\"og:image:type\" content=\"image\/png\" \/>\n<meta name=\"author\" content=\"Klaudia \u017by\u0142ka\" \/>\n<meta name=\"twitter:card\" content=\"summary_large_image\" \/>\n<meta name=\"twitter:creator\" content=\"@Sotrender\" \/>\n<meta name=\"twitter:site\" content=\"@Sotrender\" \/>\n<meta name=\"twitter:label1\" content=\"Written by\" \/>\n\t<meta name=\"twitter:data1\" content=\"Klaudia \u017by\u0142ka\" \/>\n\t<meta name=\"twitter:label2\" content=\"Est. reading time\" \/>\n\t<meta name=\"twitter:data2\" content=\"4 minutes\" \/>\n<script type=\"application\/ld+json\" class=\"yoast-schema-graph\">{\"@context\":\"https:\/\/schema.org\",\"@graph\":[{\"@type\":\"WebPage\",\"@id\":\"https:\/\/www.sotrender.com\/blog\/pl\/2018\/02\/polskie-marki-kosmetyczne-w-mediach-spolecznosciowych\/\",\"url\":\"https:\/\/www.sotrender.com\/blog\/pl\/2018\/02\/polskie-marki-kosmetyczne-w-mediach-spolecznosciowych\/\",\"name\":\"Polskie marki kosmetyczne w mediach spo\u0142eczno\u015bciowych\",\"isPartOf\":{\"@id\":\"https:\/\/www.sotrender.com\/blog\/#website\"},\"primaryImageOfPage\":{\"@id\":\"https:\/\/www.sotrender.com\/blog\/pl\/2018\/02\/polskie-marki-kosmetyczne-w-mediach-spolecznosciowych\/#primaryimage\"},\"image\":{\"@id\":\"https:\/\/www.sotrender.com\/blog\/pl\/2018\/02\/polskie-marki-kosmetyczne-w-mediach-spolecznosciowych\/#primaryimage\"},\"thumbnailUrl\":\"https:\/\/www.sotrender.com\/blog\/wp-content\/uploads\/2018\/02\/2018_02_08-Biotebal-2017-1.png\",\"datePublished\":\"2018-02-06T14:15:59+00:00\",\"dateModified\":\"2018-02-09T12:55:01+00:00\",\"author\":{\"@id\":\"https:\/\/www.sotrender.com\/blog\/#\/schema\/person\/038ac5e276c5d102d8cbb9c36cd43416\"},\"description\":\"Polskie marki kosmetyczne dysponuj\u0105 zwykle mniejszymi bud\u017cetami i mo\u017cliwo\u015bciami w mediach spo\u0142eczno\u015bciowych. Mimo to, nie brakuje im sukces\u00f3w.\",\"breadcrumb\":{\"@id\":\"https:\/\/www.sotrender.com\/blog\/pl\/2018\/02\/polskie-marki-kosmetyczne-w-mediach-spolecznosciowych\/#breadcrumb\"},\"inLanguage\":\"pl-PL\",\"potentialAction\":[{\"@type\":\"ReadAction\",\"target\":[\"https:\/\/www.sotrender.com\/blog\/pl\/2018\/02\/polskie-marki-kosmetyczne-w-mediach-spolecznosciowych\/\"]}]},{\"@type\":\"ImageObject\",\"inLanguage\":\"pl-PL\",\"@id\":\"https:\/\/www.sotrender.com\/blog\/pl\/2018\/02\/polskie-marki-kosmetyczne-w-mediach-spolecznosciowych\/#primaryimage\",\"url\":\"https:\/\/www.sotrender.com\/blog\/wp-content\/uploads\/2018\/02\/2018_02_08-Biotebal-2017-1.png\",\"contentUrl\":\"https:\/\/www.sotrender.com\/blog\/wp-content\/uploads\/2018\/02\/2018_02_08-Biotebal-2017-1.png\",\"width\":2480,\"height\":1131,\"caption\":\"raport, kosmetyki, biotebal\"},{\"@type\":\"BreadcrumbList\",\"@id\":\"https:\/\/www.sotrender.com\/blog\/pl\/2018\/02\/polskie-marki-kosmetyczne-w-mediach-spolecznosciowych\/#breadcrumb\",\"itemListElement\":[{\"@type\":\"ListItem\",\"position\":1,\"name\":\"Home\",\"item\":\"https:\/\/www.sotrender.com\/blog\/\"},{\"@type\":\"ListItem\",\"position\":2,\"name\":\"Polskie marki kosmetyczne w mediach spo\u0142eczno\u015bciowych [raport]\"}]},{\"@type\":\"WebSite\",\"@id\":\"https:\/\/www.sotrender.com\/blog\/#website\",\"url\":\"https:\/\/www.sotrender.com\/blog\/\",\"name\":\"Sotrender Blog\",\"description\":\"\",\"potentialAction\":[{\"@type\":\"SearchAction\",\"target\":{\"@type\":\"EntryPoint\",\"urlTemplate\":\"https:\/\/www.sotrender.com\/blog\/?s={search_term_string}\"},\"query-input\":\"required name=search_term_string\"}],\"inLanguage\":\"pl-PL\"},{\"@type\":\"Person\",\"@id\":\"https:\/\/www.sotrender.com\/blog\/#\/schema\/person\/038ac5e276c5d102d8cbb9c36cd43416\",\"name\":\"Klaudia \u017by\u0142ka\",\"image\":{\"@type\":\"ImageObject\",\"inLanguage\":\"pl-PL\",\"@id\":\"https:\/\/www.sotrender.com\/blog\/#\/schema\/person\/image\/\",\"url\":\"https:\/\/secure.gravatar.com\/avatar\/f55d5d49ce3c448e1ffde0ab078d84cd?s=96&d=mm&r=g\",\"contentUrl\":\"https:\/\/secure.gravatar.com\/avatar\/f55d5d49ce3c448e1ffde0ab078d84cd?s=96&d=mm&r=g\",\"caption\":\"Klaudia \u017by\u0142ka\"},\"description\":\"Instagram, dogs, books and food lover. Former student at Warsaw University and Malm\u00f6 University. Improving her marketing skills every day. Proud owner of DIMAQ certificate\",\"sameAs\":[\"https:\/\/www.linkedin.com\/in\/klaudia-\u017cy\u0142ka-17527779\"],\"url\":\"https:\/\/www.sotrender.com\/blog\/pl\/author\/klaudia_yka\/\"}]}<\/script>\n<!-- \/ Yoast SEO plugin. -->","yoast_head_json":{"title":"Polskie marki kosmetyczne w mediach spo\u0142eczno\u015bciowych","description":"Polskie marki kosmetyczne dysponuj\u0105 zwykle mniejszymi bud\u017cetami i mo\u017cliwo\u015bciami w mediach spo\u0142eczno\u015bciowych. Mimo to, nie brakuje im sukces\u00f3w.","robots":{"index":"index","follow":"follow","max-snippet":"max-snippet:-1","max-image-preview":"max-image-preview:large","max-video-preview":"max-video-preview:-1"},"canonical":"https:\/\/www.sotrender.com\/blog\/pl\/2018\/02\/polskie-marki-kosmetyczne-w-mediach-spolecznosciowych\/","og_locale":"pl_PL","og_type":"article","og_title":"Polskie marki kosmetyczne w mediach spo\u0142eczno\u015bciowych","og_description":"Polskie marki kosmetyczne dysponuj\u0105 zwykle mniejszymi bud\u017cetami i mo\u017cliwo\u015bciami w mediach spo\u0142eczno\u015bciowych. Mimo to, nie brakuje im sukces\u00f3w.","og_url":"https:\/\/www.sotrender.com\/blog\/pl\/2018\/02\/polskie-marki-kosmetyczne-w-mediach-spolecznosciowych\/","og_site_name":"Sotrender Blog","article_publisher":"https:\/\/www.facebook.com\/Sotrender","article_published_time":"2018-02-06T14:15:59+00:00","article_modified_time":"2018-02-09T12:55:01+00:00","og_image":[{"width":2480,"height":1131,"url":"https:\/\/www.sotrender.com\/blog\/wp-content\/uploads\/2018\/02\/2018_02_08-Biotebal-2017-1.png","type":"image\/png"}],"author":"Klaudia \u017by\u0142ka","twitter_card":"summary_large_image","twitter_creator":"@Sotrender","twitter_site":"@Sotrender","twitter_misc":{"Written by":"Klaudia \u017by\u0142ka","Est. reading time":"4 minutes"},"schema":{"@context":"https:\/\/schema.org","@graph":[{"@type":"WebPage","@id":"https:\/\/www.sotrender.com\/blog\/pl\/2018\/02\/polskie-marki-kosmetyczne-w-mediach-spolecznosciowych\/","url":"https:\/\/www.sotrender.com\/blog\/pl\/2018\/02\/polskie-marki-kosmetyczne-w-mediach-spolecznosciowych\/","name":"Polskie marki kosmetyczne w mediach spo\u0142eczno\u015bciowych","isPartOf":{"@id":"https:\/\/www.sotrender.com\/blog\/#website"},"primaryImageOfPage":{"@id":"https:\/\/www.sotrender.com\/blog\/pl\/2018\/02\/polskie-marki-kosmetyczne-w-mediach-spolecznosciowych\/#primaryimage"},"image":{"@id":"https:\/\/www.sotrender.com\/blog\/pl\/2018\/02\/polskie-marki-kosmetyczne-w-mediach-spolecznosciowych\/#primaryimage"},"thumbnailUrl":"https:\/\/www.sotrender.com\/blog\/wp-content\/uploads\/2018\/02\/2018_02_08-Biotebal-2017-1.png","datePublished":"2018-02-06T14:15:59+00:00","dateModified":"2018-02-09T12:55:01+00:00","author":{"@id":"https:\/\/www.sotrender.com\/blog\/#\/schema\/person\/038ac5e276c5d102d8cbb9c36cd43416"},"description":"Polskie marki kosmetyczne dysponuj\u0105 zwykle mniejszymi bud\u017cetami i mo\u017cliwo\u015bciami w mediach spo\u0142eczno\u015bciowych. Mimo to, nie brakuje im sukces\u00f3w.","breadcrumb":{"@id":"https:\/\/www.sotrender.com\/blog\/pl\/2018\/02\/polskie-marki-kosmetyczne-w-mediach-spolecznosciowych\/#breadcrumb"},"inLanguage":"pl-PL","potentialAction":[{"@type":"ReadAction","target":["https:\/\/www.sotrender.com\/blog\/pl\/2018\/02\/polskie-marki-kosmetyczne-w-mediach-spolecznosciowych\/"]}]},{"@type":"ImageObject","inLanguage":"pl-PL","@id":"https:\/\/www.sotrender.com\/blog\/pl\/2018\/02\/polskie-marki-kosmetyczne-w-mediach-spolecznosciowych\/#primaryimage","url":"https:\/\/www.sotrender.com\/blog\/wp-content\/uploads\/2018\/02\/2018_02_08-Biotebal-2017-1.png","contentUrl":"https:\/\/www.sotrender.com\/blog\/wp-content\/uploads\/2018\/02\/2018_02_08-Biotebal-2017-1.png","width":2480,"height":1131,"caption":"raport, kosmetyki, biotebal"},{"@type":"BreadcrumbList","@id":"https:\/\/www.sotrender.com\/blog\/pl\/2018\/02\/polskie-marki-kosmetyczne-w-mediach-spolecznosciowych\/#breadcrumb","itemListElement":[{"@type":"ListItem","position":1,"name":"Home","item":"https:\/\/www.sotrender.com\/blog\/"},{"@type":"ListItem","position":2,"name":"Polskie marki kosmetyczne w mediach spo\u0142eczno\u015bciowych [raport]"}]},{"@type":"WebSite","@id":"https:\/\/www.sotrender.com\/blog\/#website","url":"https:\/\/www.sotrender.com\/blog\/","name":"Sotrender Blog","description":"","potentialAction":[{"@type":"SearchAction","target":{"@type":"EntryPoint","urlTemplate":"https:\/\/www.sotrender.com\/blog\/?s={search_term_string}"},"query-input":"required name=search_term_string"}],"inLanguage":"pl-PL"},{"@type":"Person","@id":"https:\/\/www.sotrender.com\/blog\/#\/schema\/person\/038ac5e276c5d102d8cbb9c36cd43416","name":"Klaudia \u017by\u0142ka","image":{"@type":"ImageObject","inLanguage":"pl-PL","@id":"https:\/\/www.sotrender.com\/blog\/#\/schema\/person\/image\/","url":"https:\/\/secure.gravatar.com\/avatar\/f55d5d49ce3c448e1ffde0ab078d84cd?s=96&d=mm&r=g","contentUrl":"https:\/\/secure.gravatar.com\/avatar\/f55d5d49ce3c448e1ffde0ab078d84cd?s=96&d=mm&r=g","caption":"Klaudia \u017by\u0142ka"},"description":"Instagram, dogs, books and food lover. Former student at Warsaw University and Malm\u00f6 University. Improving her marketing skills every day. Proud owner of DIMAQ certificate","sameAs":["https:\/\/www.linkedin.com\/in\/klaudia-\u017cy\u0142ka-17527779"],"url":"https:\/\/www.sotrender.com\/blog\/pl\/author\/klaudia_yka\/"}]}},"_links":{"self":[{"href":"https:\/\/www.sotrender.com\/blog\/pl\/wp-json\/wp\/v2\/posts\/32757"}],"collection":[{"href":"https:\/\/www.sotrender.com\/blog\/pl\/wp-json\/wp\/v2\/posts"}],"about":[{"href":"https:\/\/www.sotrender.com\/blog\/pl\/wp-json\/wp\/v2\/types\/post"}],"author":[{"embeddable":true,"href":"https:\/\/www.sotrender.com\/blog\/pl\/wp-json\/wp\/v2\/users\/89"}],"replies":[{"embeddable":true,"href":"https:\/\/www.sotrender.com\/blog\/pl\/wp-json\/wp\/v2\/comments?post=32757"}],"version-history":[{"count":13,"href":"https:\/\/www.sotrender.com\/blog\/pl\/wp-json\/wp\/v2\/posts\/32757\/revisions"}],"predecessor-version":[{"id":33045,"href":"https:\/\/www.sotrender.com\/blog\/pl\/wp-json\/wp\/v2\/posts\/32757\/revisions\/33045"}],"wp:featuredmedia":[{"embeddable":true,"href":"https:\/\/www.sotrender.com\/blog\/pl\/wp-json\/wp\/v2\/media\/32959"}],"wp:attachment":[{"href":"https:\/\/www.sotrender.com\/blog\/pl\/wp-json\/wp\/v2\/media?parent=32757"}],"wp:term":[{"taxonomy":"category","embeddable":true,"href":"https:\/\/www.sotrender.com\/blog\/pl\/wp-json\/wp\/v2\/categories?post=32757"},{"taxonomy":"post_tag","embeddable":true,"href":"https:\/\/www.sotrender.com\/blog\/pl\/wp-json\/wp\/v2\/tags?post=32757"}],"curies":[{"name":"wp","href":"https:\/\/api.w.org\/{rel}","templated":true}]}}