{"id":32665,"date":"2018-02-06T09:49:37","date_gmt":"2018-02-06T08:49:37","guid":{"rendered":"https:\/\/www.sotrender.com\/blog\/?p=32665\/"},"modified":"2018-02-07T12:31:16","modified_gmt":"2018-02-07T11:31:16","slug":"facebook-w-polsce-podsumowanie-2017-roku-infografika","status":"publish","type":"post","link":"https:\/\/www.sotrender.com\/blog\/pl\/2018\/02\/facebook-w-polsce-podsumowanie-2017-roku-infografika\/","title":{"rendered":"Facebook w Polsce &#8211; podsumowanie 2017 roku [INFOGRAFIKA]"},"content":{"rendered":"<p><span style=\"font-weight: 400;\">Podsumowanie roku na Facebooku to cz\u0119sto wielka niewiadoma. Publikowanych jest tak du\u017co r\u00f3\u017cnego rodzaju tre\u015bci, \u017ce ci\u0119\u017cko przewidzie\u0107 co zdominowa\u0142o minionych 12 miesi\u0119cy na tej platformie. Jest to stosunkowo \u0142atwiejsze w przypadku innych medi\u00f3w spo\u0142eczno\u015bciowych w Polsce &#8211; <\/span><a href=\"https:\/\/www.sotrender.com\/blog\/pl\/2018\/01\/instagram-w-polsce-2017-infografika\/\"><span style=\"font-weight: 400;\">Instagrama<\/span><\/a><span style=\"font-weight: 400;\">, <\/span><a href=\"https:\/\/www.sotrender.com\/blog\/pl\/2018\/01\/youtube-w-polsce-podsumowanie-2017-r-infografika\/\"><span style=\"font-weight: 400;\">YouTube\u2019a<\/span><\/a><span style=\"font-weight: 400;\"> czy <\/span><a href=\"https:\/\/www.sotrender.com\/blog\/pl\/2018\/01\/twitter-w-polsce-2017-infografika\/\"><span style=\"font-weight: 400;\">Twittera<\/span><\/a><span style=\"font-weight: 400;\">.<\/span><\/p>\n<p><!--more--><\/p>\n<p><span style=\"font-weight: 400;\">Podobnie jak na Instagramie, pewne miejsce w czo\u0142\u00f3wce najwi\u0119kszych profili na polskim Facebooku maj\u0105 <strong>pi\u0142karze oraz trenerzy personalni<\/strong>. Mowa oczywi\u015bcie o Robercie Lewandowskim, Kubie B\u0142aszczykowskim czy Ewie Chodakowskiej. <\/span><\/p>\n<p><span style=\"font-weight: 400;\">Z kolei najlepsze posty 2017 roku na Faceboku to\u2026 zaskakuj\u0105ca r\u00f3\u017cnorodno\u015b\u0107! Akcje charytatywne, WO\u015aP, Despacito, kabarety, \u015bwi\u0105teczna ci\u0119\u017car\u00f3wka Coca-Coli. Czyli wszystkie wydarzenia, kt\u00f3re relacjonowalli\u015bmy dla Was w minionym roku. <\/span><\/p>\n<p><span style=\"font-weight: 400;\">Kategoria <strong>\u2018Najuwa\u017cniejsi\u2019<\/strong> nie powinna nikogo dziwi\u0107, poniewa\u017c w wi\u0119kszo\u015bci s\u0105 to <strong>firmy telekomunikacyjne<\/strong>, kt\u00f3re <\/span><a href=\"https:\/\/www.slideshare.net\/FanpageTrender\/obsuga-klienta-w-social-media-81748157\"><span style=\"font-weight: 400;\">najlepiej radz\u0105 sobie z obs\u0142ug\u0105 klienta w mediach spo\u0142eczno\u015bciowych<\/span><\/a><span style=\"font-weight: 400;\">. Na czele? Plus i Orange.<\/span><\/p>\n<p><span style=\"font-weight: 400;\">Zestawienie \u2018Najszybciej rosn\u0105cy\u2019 oraz \u2018Najbardziej anga\u017cuj\u0105cy\u2019 zawieraj\u0105 analogiczne do siebie Strony. Znajduj\u0105 si\u0119 tam g\u0142\u00f3wnie profile o tre\u015bciach sarkastycznych, zawieraj\u0105ce memy, ciekawe informacje, inspiruj\u0105ce historie, czyli wszystko, co bawi, \u015bmieszy, wzrusza i powoduje, \u017ce chcemy klikn\u0105\u0107 \u2018Udost\u0119pnij\u2019.<\/span><\/p>\n<h2><strong>Zapraszamy na podsumowanie roku 2017 na Facebooku w Polsce!<\/strong><\/h2>\n<div id=\"attachment_32805\" style=\"width: 910px\" class=\"wp-caption aligncenter\"><img loading=\"lazy\" decoding=\"async\" aria-describedby=\"caption-attachment-32805\" class=\"size-full wp-image-32805\" src=\"https:\/\/www.sotrender.com\/blog\/wp-content\/uploads\/2018\/02\/facebook_infografika_finalfinal.png\" alt=\"Facebook, infografika, facebook 2017, podsumowanie roku 2017\" width=\"900\" height=\"7000\" srcset=\"https:\/\/www.sotrender.com\/blog\/wp-content\/uploads\/2018\/02\/facebook_infografika_finalfinal.png 900w, https:\/\/www.sotrender.com\/blog\/wp-content\/uploads\/2018\/02\/facebook_infografika_finalfinal-475x3694.png 475w, https:\/\/www.sotrender.com\/blog\/wp-content\/uploads\/2018\/02\/facebook_infografika_finalfinal-768x5973.png 768w\" sizes=\"(max-width: 900px) 100vw, 900px\" \/><p id=\"caption-attachment-32805\" class=\"wp-caption-text\">Podsumowanie roku 2017 na Facebooku<\/p><\/div>\n<p style=\"text-align: center;\"><!--HubSpot Call-to-Action Code --><span id=\"hs-cta-wrapper-c4243256-775c-4f09-9dae-182c6d1fa4e1\" class=\"hs-cta-wrapper\"><span id=\"hs-cta-c4243256-775c-4f09-9dae-182c6d1fa4e1\" class=\"hs-cta-node hs-cta-c4243256-775c-4f09-9dae-182c6d1fa4e1\"><!-- [if lte IE 8]><\/p>\n\n\n\n\n\n<div id=\"hs-cta-ie-element\"><\/div>\n\n\n<![endif]--><a href=\"https:\/\/cta-redirect.hubspot.com\/cta\/redirect\/3842881\/c4243256-775c-4f09-9dae-182c6d1fa4e1\"><img decoding=\"async\" id=\"hs-cta-img-c4243256-775c-4f09-9dae-182c6d1fa4e1\" class=\"hs-cta-img\" style=\"border-width: 0px;\" src=\"https:\/\/no-cache.hubspot.com\/cta\/default\/3842881\/c4243256-775c-4f09-9dae-182c6d1fa4e1.png\" alt=\"Mierz swoje dzia\u0142ania w social mediach!\" \/><\/a><\/span><script charset=\"utf-8\" src=\"https:\/\/js.hscta.net\/cta\/current.js\"><\/script><script type=\"text\/javascript\"> hbspt.cta.load(3842881, 'c4243256-775c-4f09-9dae-182c6d1fa4e1', {}); <\/script><\/span><!-- end HubSpot Call-to-Action Code --><\/p>\n","protected":false},"excerpt":{"rendered":"<p>Podsumowanie roku na Facebooku to cz\u0119sto wielka niewiadoma. Publikowanych jest tak du\u017co r\u00f3\u017cnego rodzaju tre\u015bci, \u017ce ci\u0119\u017cko przewidzie\u0107 co zdominowa\u0142o minionych 12 miesi\u0119cy na tej platformie. Jest to stosunkowo \u0142atwiejsze w przypadku innych medi\u00f3w spo\u0142eczno\u015bciowych w Polsce &#8211; Instagrama, YouTube\u2019a czy Twittera.<\/p>\n","protected":false},"author":89,"featured_media":32675,"comment_status":"open","ping_status":"open","sticky":false,"template":"","format":"standard","meta":{"inline_featured_image":false,"footnotes":""},"categories":[2125,1791,1797],"tags":[2707,2745,17,1477],"yoast_head":"<!-- This site is optimized with the Yoast SEO plugin v22.4 - https:\/\/yoast.com\/wordpress\/plugins\/seo\/ -->\n<title>Facebook w Polsce - podsumowanie 2017 roku [INFOGRAFIKA]<\/title>\n<meta name=\"description\" content=\"Podsumowanie roku na Facebooku to cz\u0119sto wielka niewiadoma. My ju\u017c wiemy jak wygl\u0105da\u0142 rok 2017 na tej platformie! Sprawd\u017acie szczeg\u00f3\u0142y w naszej infografice!\" \/>\n<meta name=\"robots\" content=\"index, follow, max-snippet:-1, max-image-preview:large, max-video-preview:-1\" \/>\n<link rel=\"canonical\" href=\"https:\/\/www.sotrender.com\/blog\/pl\/2018\/02\/facebook-w-polsce-podsumowanie-2017-roku-infografika\/\" \/>\n<meta property=\"og:locale\" content=\"pl_PL\" \/>\n<meta property=\"og:type\" content=\"article\" \/>\n<meta property=\"og:title\" content=\"Facebook w Polsce - podsumowanie 2017 roku [INFOGRAFIKA]\" \/>\n<meta property=\"og:description\" content=\"Podsumowanie roku na Facebooku to cz\u0119sto wielka niewiadoma. My ju\u017c wiemy jak wygl\u0105da\u0142 rok 2017 na tej platformie! Sprawd\u017acie szczeg\u00f3\u0142y w naszej infografice!\" \/>\n<meta property=\"og:url\" content=\"https:\/\/www.sotrender.com\/blog\/pl\/2018\/02\/facebook-w-polsce-podsumowanie-2017-roku-infografika\/\" \/>\n<meta property=\"og:site_name\" content=\"Sotrender Blog\" \/>\n<meta property=\"article:publisher\" content=\"https:\/\/www.facebook.com\/Sotrender\" \/>\n<meta property=\"article:published_time\" content=\"2018-02-06T08:49:37+00:00\" \/>\n<meta property=\"article:modified_time\" content=\"2018-02-07T11:31:16+00:00\" \/>\n<meta property=\"og:image\" content=\"https:\/\/www.sotrender.com\/blog\/wp-content\/uploads\/2018\/02\/concept-1868728_1280.jpg\" \/>\n\t<meta property=\"og:image:width\" content=\"1280\" \/>\n\t<meta property=\"og:image:height\" content=\"853\" \/>\n\t<meta property=\"og:image:type\" content=\"image\/jpeg\" \/>\n<meta name=\"author\" content=\"Klaudia \u017by\u0142ka\" \/>\n<meta name=\"twitter:card\" content=\"summary_large_image\" \/>\n<meta name=\"twitter:creator\" content=\"@Sotrender\" \/>\n<meta name=\"twitter:site\" content=\"@Sotrender\" \/>\n<meta name=\"twitter:label1\" content=\"Written by\" \/>\n\t<meta name=\"twitter:data1\" content=\"Klaudia \u017by\u0142ka\" \/>\n\t<meta name=\"twitter:label2\" content=\"Est. reading time\" \/>\n\t<meta name=\"twitter:data2\" content=\"1 minute\" \/>\n<script type=\"application\/ld+json\" class=\"yoast-schema-graph\">{\"@context\":\"https:\/\/schema.org\",\"@graph\":[{\"@type\":\"WebPage\",\"@id\":\"https:\/\/www.sotrender.com\/blog\/pl\/2018\/02\/facebook-w-polsce-podsumowanie-2017-roku-infografika\/\",\"url\":\"https:\/\/www.sotrender.com\/blog\/pl\/2018\/02\/facebook-w-polsce-podsumowanie-2017-roku-infografika\/\",\"name\":\"Facebook w Polsce - podsumowanie 2017 roku [INFOGRAFIKA]\",\"isPartOf\":{\"@id\":\"https:\/\/www.sotrender.com\/blog\/#website\"},\"primaryImageOfPage\":{\"@id\":\"https:\/\/www.sotrender.com\/blog\/pl\/2018\/02\/facebook-w-polsce-podsumowanie-2017-roku-infografika\/#primaryimage\"},\"image\":{\"@id\":\"https:\/\/www.sotrender.com\/blog\/pl\/2018\/02\/facebook-w-polsce-podsumowanie-2017-roku-infografika\/#primaryimage\"},\"thumbnailUrl\":\"https:\/\/www.sotrender.com\/blog\/wp-content\/uploads\/2018\/02\/concept-1868728_1280.jpg\",\"datePublished\":\"2018-02-06T08:49:37+00:00\",\"dateModified\":\"2018-02-07T11:31:16+00:00\",\"author\":{\"@id\":\"https:\/\/www.sotrender.com\/blog\/#\/schema\/person\/038ac5e276c5d102d8cbb9c36cd43416\"},\"description\":\"Podsumowanie roku na Facebooku to cz\u0119sto wielka niewiadoma. My ju\u017c wiemy jak wygl\u0105da\u0142 rok 2017 na tej platformie! Sprawd\u017acie szczeg\u00f3\u0142y w naszej infografice!\",\"breadcrumb\":{\"@id\":\"https:\/\/www.sotrender.com\/blog\/pl\/2018\/02\/facebook-w-polsce-podsumowanie-2017-roku-infografika\/#breadcrumb\"},\"inLanguage\":\"pl-PL\",\"potentialAction\":[{\"@type\":\"ReadAction\",\"target\":[\"https:\/\/www.sotrender.com\/blog\/pl\/2018\/02\/facebook-w-polsce-podsumowanie-2017-roku-infografika\/\"]}]},{\"@type\":\"ImageObject\",\"inLanguage\":\"pl-PL\",\"@id\":\"https:\/\/www.sotrender.com\/blog\/pl\/2018\/02\/facebook-w-polsce-podsumowanie-2017-roku-infografika\/#primaryimage\",\"url\":\"https:\/\/www.sotrender.com\/blog\/wp-content\/uploads\/2018\/02\/concept-1868728_1280.jpg\",\"contentUrl\":\"https:\/\/www.sotrender.com\/blog\/wp-content\/uploads\/2018\/02\/concept-1868728_1280.jpg\",\"width\":1280,\"height\":853,\"caption\":\"Facebook podsumowanie 2017\"},{\"@type\":\"BreadcrumbList\",\"@id\":\"https:\/\/www.sotrender.com\/blog\/pl\/2018\/02\/facebook-w-polsce-podsumowanie-2017-roku-infografika\/#breadcrumb\",\"itemListElement\":[{\"@type\":\"ListItem\",\"position\":1,\"name\":\"Home\",\"item\":\"https:\/\/www.sotrender.com\/blog\/\"},{\"@type\":\"ListItem\",\"position\":2,\"name\":\"Facebook w Polsce &#8211; podsumowanie 2017 roku [INFOGRAFIKA]\"}]},{\"@type\":\"WebSite\",\"@id\":\"https:\/\/www.sotrender.com\/blog\/#website\",\"url\":\"https:\/\/www.sotrender.com\/blog\/\",\"name\":\"Sotrender Blog\",\"description\":\"\",\"potentialAction\":[{\"@type\":\"SearchAction\",\"target\":{\"@type\":\"EntryPoint\",\"urlTemplate\":\"https:\/\/www.sotrender.com\/blog\/?s={search_term_string}\"},\"query-input\":\"required name=search_term_string\"}],\"inLanguage\":\"pl-PL\"},{\"@type\":\"Person\",\"@id\":\"https:\/\/www.sotrender.com\/blog\/#\/schema\/person\/038ac5e276c5d102d8cbb9c36cd43416\",\"name\":\"Klaudia \u017by\u0142ka\",\"image\":{\"@type\":\"ImageObject\",\"inLanguage\":\"pl-PL\",\"@id\":\"https:\/\/www.sotrender.com\/blog\/#\/schema\/person\/image\/\",\"url\":\"https:\/\/secure.gravatar.com\/avatar\/f55d5d49ce3c448e1ffde0ab078d84cd?s=96&d=mm&r=g\",\"contentUrl\":\"https:\/\/secure.gravatar.com\/avatar\/f55d5d49ce3c448e1ffde0ab078d84cd?s=96&d=mm&r=g\",\"caption\":\"Klaudia \u017by\u0142ka\"},\"description\":\"Instagram, dogs, books and food lover. Former student at Warsaw University and Malm\u00f6 University. Improving her marketing skills every day. Proud owner of DIMAQ certificate\",\"sameAs\":[\"https:\/\/www.linkedin.com\/in\/klaudia-\u017cy\u0142ka-17527779\"],\"url\":\"https:\/\/www.sotrender.com\/blog\/pl\/author\/klaudia_yka\/\"}]}<\/script>\n<!-- \/ Yoast SEO plugin. -->","yoast_head_json":{"title":"Facebook w Polsce - podsumowanie 2017 roku [INFOGRAFIKA]","description":"Podsumowanie roku na Facebooku to cz\u0119sto wielka niewiadoma. My ju\u017c wiemy jak wygl\u0105da\u0142 rok 2017 na tej platformie! Sprawd\u017acie szczeg\u00f3\u0142y w naszej infografice!","robots":{"index":"index","follow":"follow","max-snippet":"max-snippet:-1","max-image-preview":"max-image-preview:large","max-video-preview":"max-video-preview:-1"},"canonical":"https:\/\/www.sotrender.com\/blog\/pl\/2018\/02\/facebook-w-polsce-podsumowanie-2017-roku-infografika\/","og_locale":"pl_PL","og_type":"article","og_title":"Facebook w Polsce - podsumowanie 2017 roku [INFOGRAFIKA]","og_description":"Podsumowanie roku na Facebooku to cz\u0119sto wielka niewiadoma. My ju\u017c wiemy jak wygl\u0105da\u0142 rok 2017 na tej platformie! Sprawd\u017acie szczeg\u00f3\u0142y w naszej infografice!","og_url":"https:\/\/www.sotrender.com\/blog\/pl\/2018\/02\/facebook-w-polsce-podsumowanie-2017-roku-infografika\/","og_site_name":"Sotrender Blog","article_publisher":"https:\/\/www.facebook.com\/Sotrender","article_published_time":"2018-02-06T08:49:37+00:00","article_modified_time":"2018-02-07T11:31:16+00:00","og_image":[{"width":1280,"height":853,"url":"https:\/\/www.sotrender.com\/blog\/wp-content\/uploads\/2018\/02\/concept-1868728_1280.jpg","type":"image\/jpeg"}],"author":"Klaudia \u017by\u0142ka","twitter_card":"summary_large_image","twitter_creator":"@Sotrender","twitter_site":"@Sotrender","twitter_misc":{"Written by":"Klaudia \u017by\u0142ka","Est. reading time":"1 minute"},"schema":{"@context":"https:\/\/schema.org","@graph":[{"@type":"WebPage","@id":"https:\/\/www.sotrender.com\/blog\/pl\/2018\/02\/facebook-w-polsce-podsumowanie-2017-roku-infografika\/","url":"https:\/\/www.sotrender.com\/blog\/pl\/2018\/02\/facebook-w-polsce-podsumowanie-2017-roku-infografika\/","name":"Facebook w Polsce - podsumowanie 2017 roku [INFOGRAFIKA]","isPartOf":{"@id":"https:\/\/www.sotrender.com\/blog\/#website"},"primaryImageOfPage":{"@id":"https:\/\/www.sotrender.com\/blog\/pl\/2018\/02\/facebook-w-polsce-podsumowanie-2017-roku-infografika\/#primaryimage"},"image":{"@id":"https:\/\/www.sotrender.com\/blog\/pl\/2018\/02\/facebook-w-polsce-podsumowanie-2017-roku-infografika\/#primaryimage"},"thumbnailUrl":"https:\/\/www.sotrender.com\/blog\/wp-content\/uploads\/2018\/02\/concept-1868728_1280.jpg","datePublished":"2018-02-06T08:49:37+00:00","dateModified":"2018-02-07T11:31:16+00:00","author":{"@id":"https:\/\/www.sotrender.com\/blog\/#\/schema\/person\/038ac5e276c5d102d8cbb9c36cd43416"},"description":"Podsumowanie roku na Facebooku to cz\u0119sto wielka niewiadoma. My ju\u017c wiemy jak wygl\u0105da\u0142 rok 2017 na tej platformie! Sprawd\u017acie szczeg\u00f3\u0142y w naszej infografice!","breadcrumb":{"@id":"https:\/\/www.sotrender.com\/blog\/pl\/2018\/02\/facebook-w-polsce-podsumowanie-2017-roku-infografika\/#breadcrumb"},"inLanguage":"pl-PL","potentialAction":[{"@type":"ReadAction","target":["https:\/\/www.sotrender.com\/blog\/pl\/2018\/02\/facebook-w-polsce-podsumowanie-2017-roku-infografika\/"]}]},{"@type":"ImageObject","inLanguage":"pl-PL","@id":"https:\/\/www.sotrender.com\/blog\/pl\/2018\/02\/facebook-w-polsce-podsumowanie-2017-roku-infografika\/#primaryimage","url":"https:\/\/www.sotrender.com\/blog\/wp-content\/uploads\/2018\/02\/concept-1868728_1280.jpg","contentUrl":"https:\/\/www.sotrender.com\/blog\/wp-content\/uploads\/2018\/02\/concept-1868728_1280.jpg","width":1280,"height":853,"caption":"Facebook podsumowanie 2017"},{"@type":"BreadcrumbList","@id":"https:\/\/www.sotrender.com\/blog\/pl\/2018\/02\/facebook-w-polsce-podsumowanie-2017-roku-infografika\/#breadcrumb","itemListElement":[{"@type":"ListItem","position":1,"name":"Home","item":"https:\/\/www.sotrender.com\/blog\/"},{"@type":"ListItem","position":2,"name":"Facebook w Polsce &#8211; podsumowanie 2017 roku [INFOGRAFIKA]"}]},{"@type":"WebSite","@id":"https:\/\/www.sotrender.com\/blog\/#website","url":"https:\/\/www.sotrender.com\/blog\/","name":"Sotrender Blog","description":"","potentialAction":[{"@type":"SearchAction","target":{"@type":"EntryPoint","urlTemplate":"https:\/\/www.sotrender.com\/blog\/?s={search_term_string}"},"query-input":"required name=search_term_string"}],"inLanguage":"pl-PL"},{"@type":"Person","@id":"https:\/\/www.sotrender.com\/blog\/#\/schema\/person\/038ac5e276c5d102d8cbb9c36cd43416","name":"Klaudia \u017by\u0142ka","image":{"@type":"ImageObject","inLanguage":"pl-PL","@id":"https:\/\/www.sotrender.com\/blog\/#\/schema\/person\/image\/","url":"https:\/\/secure.gravatar.com\/avatar\/f55d5d49ce3c448e1ffde0ab078d84cd?s=96&d=mm&r=g","contentUrl":"https:\/\/secure.gravatar.com\/avatar\/f55d5d49ce3c448e1ffde0ab078d84cd?s=96&d=mm&r=g","caption":"Klaudia \u017by\u0142ka"},"description":"Instagram, dogs, books and food lover. Former student at Warsaw University and Malm\u00f6 University. Improving her marketing skills every day. Proud owner of DIMAQ certificate","sameAs":["https:\/\/www.linkedin.com\/in\/klaudia-\u017cy\u0142ka-17527779"],"url":"https:\/\/www.sotrender.com\/blog\/pl\/author\/klaudia_yka\/"}]}},"_links":{"self":[{"href":"https:\/\/www.sotrender.com\/blog\/pl\/wp-json\/wp\/v2\/posts\/32665"}],"collection":[{"href":"https:\/\/www.sotrender.com\/blog\/pl\/wp-json\/wp\/v2\/posts"}],"about":[{"href":"https:\/\/www.sotrender.com\/blog\/pl\/wp-json\/wp\/v2\/types\/post"}],"author":[{"embeddable":true,"href":"https:\/\/www.sotrender.com\/blog\/pl\/wp-json\/wp\/v2\/users\/89"}],"replies":[{"embeddable":true,"href":"https:\/\/www.sotrender.com\/blog\/pl\/wp-json\/wp\/v2\/comments?post=32665"}],"version-history":[{"count":7,"href":"https:\/\/www.sotrender.com\/blog\/pl\/wp-json\/wp\/v2\/posts\/32665\/revisions"}],"predecessor-version":[{"id":32809,"href":"https:\/\/www.sotrender.com\/blog\/pl\/wp-json\/wp\/v2\/posts\/32665\/revisions\/32809"}],"wp:featuredmedia":[{"embeddable":true,"href":"https:\/\/www.sotrender.com\/blog\/pl\/wp-json\/wp\/v2\/media\/32675"}],"wp:attachment":[{"href":"https:\/\/www.sotrender.com\/blog\/pl\/wp-json\/wp\/v2\/media?parent=32665"}],"wp:term":[{"taxonomy":"category","embeddable":true,"href":"https:\/\/www.sotrender.com\/blog\/pl\/wp-json\/wp\/v2\/categories?post=32665"},{"taxonomy":"post_tag","embeddable":true,"href":"https:\/\/www.sotrender.com\/blog\/pl\/wp-json\/wp\/v2\/tags?post=32665"}],"curies":[{"name":"wp","href":"https:\/\/api.w.org\/{rel}","templated":true}]}}