{"id":32573,"date":"2018-02-05T15:16:39","date_gmt":"2018-02-05T14:16:39","guid":{"rendered":"https:\/\/www.sotrender.com\/blog\/?p=32573\/"},"modified":"2018-02-09T13:43:39","modified_gmt":"2018-02-09T12:43:39","slug":"sotrender-prezentuje-statystyki-postow-wideo-reakcji-oraz-inne-nowe-wskazniki-zmiany-w-aplikacji","status":"publish","type":"post","link":"https:\/\/www.sotrender.com\/blog\/pl\/2018\/02\/sotrender-prezentuje-statystyki-postow-wideo-reakcji-oraz-inne-nowe-wskazniki-zmiany-w-aplikacji\/","title":{"rendered":"Sotrender prezentuje: statystyki post\u00f3w wideo, reakcji oraz inne nowe wska\u017aniki i zmiany w aplikacji!"},"content":{"rendered":"<p><span style=\"font-weight: 400;\">Zmian w Sotrenderze ci\u0105g dalszy! Mamy nadziej\u0119, \u017ce zd\u0105\u017cyli\u015bcie ju\u017c zapozna\u0107 i oswoi\u0107 si\u0119 <\/span><a href=\"https:\/\/www.sotrender.com\/blog\/pl\/2018\/01\/sotrender-prezentuje-odswiezona-nawigacja-oraz-panele-podsumowujace\/\"><span style=\"font-weight: 400;\">z ostatnimi aktualizacjami w naszej aplikacji<\/span><\/a><span style=\"font-weight: 400;\">. Dzi\u015b przedstawiamy ich kolejny etap, kt\u00f3ry tym razem obj\u0105\u0142 g\u0142\u00f3wnie segment dotycz\u0105cy analizy danych z Facebooka, co ma zwi\u0105zek ze zmian\u0105 API tej platformy.\u00a0<\/span><\/p>\n<p><span style=\"font-weight: 400;\">Poza modyfikacjami wynikaj\u0105cymi z wprowadzeniem nowej wersji API, mi\u0142o nam poinformowa\u0107, \u017ce dodajemy r\u00f3wnie\u017c do narz\u0119dzia wiele ciekawych nowo\u015bci. O cz\u0119\u015bci z nich przeczytacie poni\u017cej, a o kolejnych b\u0119dziemy informowa\u0107 ju\u017c wkr\u00f3tce!<\/span><\/p>\n<p><!--more--><\/p>\n<h2><span style=\"font-weight: 400;\"><strong>Co jest powodem tak wielu zmian?<\/strong> <\/span><\/h2>\n<p><span style=\"font-weight: 400;\">W ostatnich dniach informujemy Was o wielu modyfikacjach w ofercie Sotrendera, wi\u0119c na pewno zadajecie sobie pytanie, co jest powodem tak wielu zmian. G\u0142\u00f3wn\u0105 przyczyn\u0105 jest wspomniana zmiana API Facebooka, kt\u00f3ra nast\u0105pi 6 lutego. Z czym si\u0119 ona wi\u0105\u017ce? Z wy\u0142\u0105czeniem przez Facebooka dost\u0119pno\u015bci do niekt\u00f3rych danych. Z kolei zmiana API jest najprawdopodobniej zwi\u0105zana ze zbli\u017caj\u0105cym si\u0119 terminem wej\u015bcia w \u017cycie rozporz\u0105dzenia RODO. <\/span><\/p>\n<p><span style=\"font-weight: 400;\">Zmiana API Facebooka dotyka wszystkich obszar\u00f3w naszej dzia\u0142alno\u015bci, oczywi\u015bcie w zakresie samego Facebooka. Modyfikacjom ulegnie wi\u0119c zar\u00f3wno <\/span><a href=\"https:\/\/app.sotrender.com\/\"><span style=\"font-weight: 400;\">aplikacja<\/span><\/a><span style=\"font-weight: 400;\">, <\/span><a href=\"https:\/\/www.sotrender.com\/blog\/pl\/2018\/02\/twoje-ulubione-raporty-sotrendera-sprawdz-jak-zmienia-sie-wraz-z-nowym-api-facebooka-i-rodo\/\"><span style=\"font-weight: 400;\">raporty dodatkowe<\/span><\/a><span style=\"font-weight: 400;\">, w niewielkim stopniu raporty Trends oraz cz\u0119\u015bciowo tak\u017ce dost\u0119p do <\/span><a href=\"https:\/\/www.sotrender.com\/blog\/pl\/2017\/09\/api-social-media\/\"><span style=\"font-weight: 400;\">API Sotrendera<\/span><\/a><span style=\"font-weight: 400;\">. Konsekwencje zmian w API dotycz\u0105 wszystkich narz\u0119dzi analitycznych, kt\u00f3re z niego korzystaj\u0105.<\/span><\/p>\n<p>W przypadku aplikacji Sotrender, dla Stron w\u0142asnych (czyli tych, dla kt\u00f3rych posiadamy dost\u0119p do statystyk Facebook Insights i mamy uprawnienia na poziomie minimum analityka), dodajemy dzi\u015b wi\u0119cej wska\u017anik\u00f3w, danych i wykres\u00f3w. Bez obaw! Analiza profili konkurencji b\u0119dzie dalej mo\u017cliwa, ale z niewielkimi modyfikacjami.<\/p>\n<p>Aktualizacja nie obejmuje pozosta\u0142ych, wspieranych przez nas platform\u2002\u2002\u2013 Twittera, YouTube i Instagrama.<\/p>\n<p><span style=\"font-weight: 400;\">Sprawd\u017acie, jakie zmiany wprowadzamy:<\/span><\/p>\n<ul>\n<li style=\"font-weight: 400;\"><span style=\"font-weight: 400;\"><a href=\"https:\/\/www.sotrender.com\/blog\/pl\/2018\/02\/sotrender-prezentuje-statystyki-postow-wideo-reakcji-oraz-inne-nowe-wskazniki-zmiany-w-aplikacji\/#1.1\">dla wszystkich u\u017cytkownik\u00f3w Sotrendera<\/a>,<\/span><\/li>\n<li style=\"font-weight: 400;\"><span style=\"font-weight: 400;\"><a href=\"https:\/\/www.sotrender.com\/blog\/pl\/2018\/02\/sotrender-prezentuje-statystyki-postow-wideo-reakcji-oraz-inne-nowe-wskazniki-zmiany-w-aplikacji\/#1.2\">dla profili konkurencji<\/a>,<\/span><\/li>\n<li style=\"font-weight: 400;\"><span style=\"font-weight: 400;\"><a href=\"https:\/\/www.sotrender.com\/blog\/pl\/2018\/02\/sotrender-prezentuje-statystyki-postow-wideo-reakcji-oraz-inne-nowe-wskazniki-zmiany-w-aplikacji\/#1.3\">dla profili w\u0142asnych<\/a>.<\/span><\/li>\n<\/ul>\n<h2><strong><a name=\"1.1\"><\/a>Jakie zmiany zaobserwuj\u0105 wszyscy u\u017cytkownicy Sotrendera na swoich kontach?<\/strong><\/h2>\n<p><strong>1. Por\u00f3wnanie z konkurencj\u0105 &#8211; szybsze ni\u017c kiedykolwiek<\/strong><\/p>\n<p><span style=\"font-weight: 400;\">Od\u015bwie\u017cony wygl\u0105d uzyska\u0142a sekcja Por\u00f3wnanie. Je\u015bli zalogujecie si\u0119 do narz\u0119dzia, z pewno\u015bci\u0105 pomy\u015blicie, \u017ce co\u015b Wam ona przypomina. Zgadza si\u0119! Zosta\u0142a bowiem usp\u00f3jniona z Wasz\u0105 ulubion\u0105 sekcj\u0105, czyli Raportowaniem. Tworzenie por\u00f3wniania jak i generowanie raport\u00f3w jest wi\u0119c w tej chwili bardzo podobne, a co za tym idzie szybsze i bardziej intuicyjne. <\/span><\/p>\n<div id=\"attachment_32575\" style=\"width: 862px\" class=\"wp-caption aligncenter\"><img loading=\"lazy\" decoding=\"async\" aria-describedby=\"caption-attachment-32575\" class=\"wp-image-32575 \" src=\"https:\/\/www.sotrender.com\/blog\/wp-content\/uploads\/2018\/02\/porownanie-nowy-widok-950x679.png\" alt=\"por\u00f3wnanie, grupa, sotrender, narz\u0119dzie\" width=\"852\" height=\"609\" srcset=\"https:\/\/www.sotrender.com\/blog\/wp-content\/uploads\/2018\/02\/porownanie-nowy-widok-950x679.png 950w, https:\/\/www.sotrender.com\/blog\/wp-content\/uploads\/2018\/02\/porownanie-nowy-widok-475x340.png 475w, https:\/\/www.sotrender.com\/blog\/wp-content\/uploads\/2018\/02\/porownanie-nowy-widok-768x549.png 768w, https:\/\/www.sotrender.com\/blog\/wp-content\/uploads\/2018\/02\/porownanie-nowy-widok.png 1029w\" sizes=\"(max-width: 852px) 100vw, 852px\" \/><p id=\"caption-attachment-32575\" class=\"wp-caption-text\">Nowy widok por\u00f3wnania w Sotrenderze<\/p><\/div>\n<p><strong>2. Zainteresowania u\u017cytkownik\u00f3w<\/strong><\/p>\n<p><span style=\"font-weight: 400;\">Wykres przedstawiaj\u0105cy zainteresowania u\u017cytkownik\u00f3w nie b\u0119dzie od tej chwili dost\u0119pny w narz\u0119dziu, niezale\u017cnie od uprawnie\u0144 posiadanych dla danej Strony.<\/span><\/p>\n<div id=\"attachment_32577\" style=\"width: 654px\" class=\"wp-caption aligncenter\"><img loading=\"lazy\" decoding=\"async\" aria-describedby=\"caption-attachment-32577\" class=\"size-full wp-image-32577\" src=\"https:\/\/www.sotrender.com\/blog\/wp-content\/uploads\/2018\/02\/2018-02-02-08_51_29-Sotrender-Biedronka-Odbiorcy.png\" alt=\"Zainteresowania u\u017cytkownik\u00f3w\" width=\"644\" height=\"402\" srcset=\"https:\/\/www.sotrender.com\/blog\/wp-content\/uploads\/2018\/02\/2018-02-02-08_51_29-Sotrender-Biedronka-Odbiorcy.png 644w, https:\/\/www.sotrender.com\/blog\/wp-content\/uploads\/2018\/02\/2018-02-02-08_51_29-Sotrender-Biedronka-Odbiorcy-475x297.png 475w\" sizes=\"(max-width: 644px) 100vw, 644px\" \/><p id=\"caption-attachment-32577\" class=\"wp-caption-text\">Zainteresowania u\u017cytkownik\u00f3w<\/p><\/div>\n<p><strong>3. Raportowanie<\/strong><\/p>\n<p><span style=\"font-weight: 400;\">Sekcja \u2018Raportowanie\u2019 nie ulega modyfikacji. Nieznacznie zmieni si\u0119 jedynie zakres danych, adekwatnie do tych dost\u0119pnych w narz\u0119dziu.\u00a0 Poniewa\u017c wielu Klientom zale\u017cy na mo\u017cliwo\u015bci pobrania raport\u00f3w z dotychczasow\u0105 zawarto\u015bci\u0105, wkr\u00f3tce damy Wam tak\u0105 mo\u017cliwo\u015b\u0107. Raporty b\u0119d\u0105 mog\u0142y by\u0107 generowane dla danych do ko\u0144ca stycznia 2018. B\u0119dziemy Was o tym oczywi\u015bcie informowa\u0107. <\/span><\/p>\n<p style=\"text-align: center;\"><!--HubSpot Call-to-Action Code --><span id=\"hs-cta-wrapper-c4243256-775c-4f09-9dae-182c6d1fa4e1\" class=\"hs-cta-wrapper\"><span id=\"hs-cta-c4243256-775c-4f09-9dae-182c6d1fa4e1\" class=\"hs-cta-node hs-cta-c4243256-775c-4f09-9dae-182c6d1fa4e1\"><!-- [if lte IE 8]><\/p>\n\n\n\n\n\n<div id=\"hs-cta-ie-element\"><\/div>\n\n\n<![endif]--><a href=\"https:\/\/cta-redirect.hubspot.com\/cta\/redirect\/3842881\/c4243256-775c-4f09-9dae-182c6d1fa4e1\"><img decoding=\"async\" id=\"hs-cta-img-c4243256-775c-4f09-9dae-182c6d1fa4e1\" class=\"hs-cta-img\" style=\"border-width: 0px;\" src=\"https:\/\/no-cache.hubspot.com\/cta\/default\/3842881\/c4243256-775c-4f09-9dae-182c6d1fa4e1.png\" alt=\"Mierz swoje dzia\u0142ania w social mediach!\" \/><\/a><\/span><script charset=\"utf-8\" src=\"https:\/\/js.hscta.net\/cta\/current.js\"><\/script><script type=\"text\/javascript\"> hbspt.cta.load(3842881, 'c4243256-775c-4f09-9dae-182c6d1fa4e1', {}); <\/script><\/span><!-- end HubSpot Call-to-Action Code --><\/p>\n<h2><\/h2>\n<h2><span style=\"font-weight: 400;\"><strong>Jeszcze wi\u0119cej wiedzy, dzi\u0119ki nowym wska\u017anikom!<\/strong> <\/span><\/h2>\n<p><span style=\"font-weight: 400;\">Chc\u0105c w dalszym ci\u0105gu rozwija\u0107 nasze narz\u0119dzie, w miejsce danych i wykres\u00f3w, kt\u00f3re od tej chwili s\u0105 niedost\u0119pne, przedstawiamy kilka nowych funkcji w narz\u0119dziu. <\/span><\/p>\n<p><span style=\"font-weight: 400;\">Obecnie skupili\u015bmy si\u0119 na rozszerzeniu i rozwini\u0119ciu znanych i dost\u0119pnych do tej pory danych.<\/span><\/p>\n<p><span style=\"font-weight: 400;\"><strong>1.<\/strong>Najciekawsz\u0105 nowo\u015bci\u0105, b\u0119d\u0105c\u0105 zarazem rozszerzeniem danych dotycz\u0105cych zasi\u0119g\u00f3w s\u0105 <\/span><b>Konsumpcje<\/b><span style=\"font-weight: 400;\">, kt\u00f3re znajdziecie w sekcji Zasi\u0119g i zaanga\u017cowanie.<\/span><\/p>\n<p><b>Liczba konsumpcji<\/b><span style=\"font-weight: 400;\"> informuje nas <\/span><b>ile klikni\u0119\u0107 wykonano w stosunku do danego posta, linka, zdj\u0119cia b\u0105d\u017a wideo<\/b><span style=\"font-weight: 400;\">. Jest to niezwykle cenna informacja, poniewa\u017c wskazuje, w jakie tre\u015bci odbiorcy si\u0119 najbardziej anga\u017cuj\u0105, jakie s\u0105 dla nich najbardziej interesuj\u0105ce. <\/span><\/p>\n<p><span style=\"font-weight: 400;\">Segment Konsumpcje zawiera 4 wykresy z nast\u0119puj\u0105cymi danymi:<\/span><\/p>\n<ul>\n<li style=\"font-weight: 400;\"><span style=\"font-weight: 400;\">Liczba konsumpcji z podzia\u0142em na rodzaj posta &#8211; zawieraj\u0105cego zdj\u0119cie, wideo, linka b\u0105d\u017a zwyk\u0142y post tekstowy.<\/span><\/li>\n<\/ul>\n<div id=\"attachment_32579\" style=\"width: 548px\" class=\"wp-caption aligncenter\"><img loading=\"lazy\" decoding=\"async\" aria-describedby=\"caption-attachment-32579\" class=\" wp-image-32579\" src=\"https:\/\/www.sotrender.com\/blog\/wp-content\/uploads\/2018\/02\/Konsumpcje-tre\u015bci-wed\u0142ug-typ\u00f3w-post\u00f3w.png\" alt=\"Konsumpcja tre\u015bci wg post\u00f3w\" width=\"538\" height=\"293\" srcset=\"https:\/\/www.sotrender.com\/blog\/wp-content\/uploads\/2018\/02\/Konsumpcje-tre\u015bci-wed\u0142ug-typ\u00f3w-post\u00f3w.png 632w, https:\/\/www.sotrender.com\/blog\/wp-content\/uploads\/2018\/02\/Konsumpcje-tre\u015bci-wed\u0142ug-typ\u00f3w-post\u00f3w-475x259.png 475w\" sizes=\"(max-width: 538px) 100vw, 538px\" \/><p id=\"caption-attachment-32579\" class=\"wp-caption-text\">Konsumpcja tre\u015bci wg post\u00f3w<\/p><\/div>\n<ul>\n<li>Wska\u017anik konsumpcji ze wzgl\u0119du na rodzaj posta &#8211; liczony jako konsumpcja dzielona przez liczb\u0119 wy\u015bwietle\u0144.<\/li>\n<\/ul>\n<p>&nbsp;<\/p>\n<div id=\"attachment_32581\" style=\"width: 624px\" class=\"wp-caption aligncenter\"><img loading=\"lazy\" decoding=\"async\" aria-describedby=\"caption-attachment-32581\" class=\"wp-image-32581 \" src=\"https:\/\/www.sotrender.com\/blog\/wp-content\/uploads\/2018\/02\/wska\u017anik-zaanga\u017cowania.png\" alt=\"Wska\u017anik zaanga\u017cowania\" width=\"614\" height=\"346\" srcset=\"https:\/\/www.sotrender.com\/blog\/wp-content\/uploads\/2018\/02\/wska\u017anik-zaanga\u017cowania.png 639w, https:\/\/www.sotrender.com\/blog\/wp-content\/uploads\/2018\/02\/wska\u017anik-zaanga\u017cowania-475x268.png 475w\" sizes=\"(max-width: 614px) 100vw, 614px\" \/><p id=\"caption-attachment-32581\" class=\"wp-caption-text\">Wska\u017anik zaanga\u017cowania ze wzgl\u0119du na rodzaj posta<\/p><\/div>\n<p>&nbsp;<\/p>\n<ul>\n<li style=\"font-weight: 400;\"><span style=\"font-weight: 400;\">Konsumpcja tre\u015bci przez u\u017cytkownik\u00f3w w czasie &#8211; z podzia\u0142em na poszczeg\u00f3lne dni tygodnia.<\/span><\/li>\n<\/ul>\n<div id=\"attachment_32583\" style=\"width: 960px\" class=\"wp-caption aligncenter\"><img loading=\"lazy\" decoding=\"async\" aria-describedby=\"caption-attachment-32583\" class=\"wp-image-32583 size-large\" src=\"https:\/\/www.sotrender.com\/blog\/wp-content\/uploads\/2018\/02\/konsumpcja-tresci-w-czasie-950x430.png\" alt=\"Konsumpcja tre\u015bci w czasie\" width=\"950\" height=\"430\" srcset=\"https:\/\/www.sotrender.com\/blog\/wp-content\/uploads\/2018\/02\/konsumpcja-tresci-w-czasie-950x430.png 950w, https:\/\/www.sotrender.com\/blog\/wp-content\/uploads\/2018\/02\/konsumpcja-tresci-w-czasie-475x215.png 475w, https:\/\/www.sotrender.com\/blog\/wp-content\/uploads\/2018\/02\/konsumpcja-tresci-w-czasie-768x347.png 768w, https:\/\/www.sotrender.com\/blog\/wp-content\/uploads\/2018\/02\/konsumpcja-tresci-w-czasie.png 1304w\" sizes=\"(max-width: 950px) 100vw, 950px\" \/><p id=\"caption-attachment-32583\" class=\"wp-caption-text\">Konsumpcja tre\u015bci w czasie<\/p><\/div>\n<ul>\n<li>Udzia\u0142 konsumpcji danej tre\u015bci w konsumpcji ca\u0142o\u015bciowej na danej Stronie.<\/li>\n<\/ul>\n<div id=\"attachment_32587\" style=\"width: 929px\" class=\"wp-caption aligncenter\"><img loading=\"lazy\" decoding=\"async\" aria-describedby=\"caption-attachment-32587\" class=\"wp-image-32587 \" src=\"https:\/\/www.sotrender.com\/blog\/wp-content\/uploads\/2018\/02\/udzia\u0142-konsumpcji-tre\u015bci-950x428.png\" alt=\"Udzia\u0142 konsumpcji tre\u015bci\" width=\"919\" height=\"414\" srcset=\"https:\/\/www.sotrender.com\/blog\/wp-content\/uploads\/2018\/02\/udzia\u0142-konsumpcji-tre\u015bci-950x428.png 950w, https:\/\/www.sotrender.com\/blog\/wp-content\/uploads\/2018\/02\/udzia\u0142-konsumpcji-tre\u015bci-475x214.png 475w, https:\/\/www.sotrender.com\/blog\/wp-content\/uploads\/2018\/02\/udzia\u0142-konsumpcji-tre\u015bci-768x346.png 768w, https:\/\/www.sotrender.com\/blog\/wp-content\/uploads\/2018\/02\/udzia\u0142-konsumpcji-tre\u015bci.png 1302w\" sizes=\"(max-width: 919px) 100vw, 919px\" \/><p id=\"caption-attachment-32587\" class=\"wp-caption-text\">Udzia\u0142 konsumpcji tre\u015bci<\/p><\/div>\n<p><span style=\"font-weight: 400;\">Segment zawieraj\u0105cy konsumpcje dost\u0119pny jest jedynie dla profili w\u0142asnych (z Insightami). <\/span><\/p>\n<p><b>2. Nat\u0119\u017cenie zaanga\u017cowania<\/b><\/p>\n<p><span style=\"font-weight: 400;\">Nat\u0119\u017cenie, lub rozk\u0142ad, zaanga\u017cowania (tzw. heatmapa) to wykres, kt\u00f3ry informuje o <strong>nat\u0119\u017ceniu reakcji u\u017cytkownik\u00f3w w stosunku do komunikacji marki w poszczeg\u00f3lnych dniach tygodnia w podziale na godziny<\/strong>. <\/span><\/p>\n<p><span style=\"font-weight: 400;\">Heatmapa powstaje na podstawie <\/span><a href=\"https:\/\/www.sotrender.com\/blog\/pl\/2017\/09\/sotrender-glosariusz\/\"><span style=\"font-weight: 400;\">Interactivity Index<\/span><\/a><span style=\"font-weight: 400;\">. Dla przypomnienia jest to zbiorczy, wa\u017cony wska\u017anik wszystkich aktywno\u015bci na profilu. Uwzgl\u0119dnia r\u00f3\u017cne aktywno\u015bci &#8211; polubienie, komentarz, wpis czy udost\u0119pnienie tre\u015bci &#8211; kt\u00f3re maj\u0105 kolejno coraz wy\u017csze wagi, zgodnie z ich coraz wi\u0119ksz\u0105 widoczno\u015bci\u0105 dla innych i coraz rzadszym wyst\u0119powaniem. <\/span><\/p>\n<div id=\"attachment_32589\" style=\"width: 960px\" class=\"wp-caption aligncenter\"><img loading=\"lazy\" decoding=\"async\" aria-describedby=\"caption-attachment-32589\" class=\"wp-image-32589 size-large\" src=\"https:\/\/www.sotrender.com\/blog\/wp-content\/uploads\/2018\/02\/heatmapa-lepsza-950x430.png\" alt=\"Nat\u0119\u017cenie zaanga\u017cowania\" width=\"950\" height=\"430\" srcset=\"https:\/\/www.sotrender.com\/blog\/wp-content\/uploads\/2018\/02\/heatmapa-lepsza-950x430.png 950w, https:\/\/www.sotrender.com\/blog\/wp-content\/uploads\/2018\/02\/heatmapa-lepsza-475x215.png 475w, https:\/\/www.sotrender.com\/blog\/wp-content\/uploads\/2018\/02\/heatmapa-lepsza-768x348.png 768w, https:\/\/www.sotrender.com\/blog\/wp-content\/uploads\/2018\/02\/heatmapa-lepsza.png 1302w\" sizes=\"(max-width: 950px) 100vw, 950px\" \/><p id=\"caption-attachment-32589\" class=\"wp-caption-text\">Nat\u0119\u017cenie zaanga\u017cowania, tzw. heatmapa<\/p><\/div>\n<p><span style=\"font-weight: 400;\">Wykres przedstawiaj\u0105cy nat\u0119\u017cenie zaanga\u017cowanie jest dost\u0119pny dla wszystkich profili, zar\u00f3wno w\u0142asnych (z Insightami) jak i dla konkurencji. <\/span><\/p>\n<p><span style=\"font-weight: 400;\">Jego wielk\u0105 zalet\u0105 jest przedstawienie w jednym widoku danych z kilku wykres\u00f3w, a tym samym <strong>automatyczne uzyskanie informacji o tym, kiedy odbiorcy najbardziej anga\u017cuj\u0105 si\u0119 na naszej Stronie.<\/strong><\/span><\/p>\n<p><b>3. Reakcje u\u017cytkownik\u00f3w<\/b><\/p>\n<p><span style=\"font-weight: 400;\">Czy wiesz jak odbiorcy reaguj\u0105 na Twoje tre\u015bci? Od dzi\u015b mo\u017cesz to sprawdzi\u0107 w Sotrenderze! Na kolejnym nowym wykresie z \u0142atwo\u015bci\u0105 sprawdzisz rozk\u0142ad reakcji u\u017cytkownik\u00f3w na publikowane przez Stron\u0119 tre\u015bci w czasie. <\/span><\/p>\n<div id=\"attachment_33035\" style=\"width: 1376px\" class=\"wp-caption aligncenter\"><img loading=\"lazy\" decoding=\"async\" aria-describedby=\"caption-attachment-33035\" class=\"size-full wp-image-33035\" src=\"https:\/\/www.sotrender.com\/blog\/wp-content\/uploads\/2018\/02\/reakcje-uzytkownikow-pl.png\" alt=\"Reakcje u\u017cytkownik\u00f3w w czasie, sotrender\" width=\"1366\" height=\"658\" srcset=\"https:\/\/www.sotrender.com\/blog\/wp-content\/uploads\/2018\/02\/reakcje-uzytkownikow-pl.png 1366w, https:\/\/www.sotrender.com\/blog\/wp-content\/uploads\/2018\/02\/reakcje-uzytkownikow-pl-475x229.png 475w, https:\/\/www.sotrender.com\/blog\/wp-content\/uploads\/2018\/02\/reakcje-uzytkownikow-pl-768x370.png 768w, https:\/\/www.sotrender.com\/blog\/wp-content\/uploads\/2018\/02\/reakcje-uzytkownikow-pl-950x458.png 950w\" sizes=\"(max-width: 1366px) 100vw, 1366px\" \/><p id=\"caption-attachment-33035\" class=\"wp-caption-text\">Reakcje u\u017cytkownik\u00f3w w czasie<\/p><\/div>\n<p><span style=\"font-weight: 400;\">Na wykresie ko\u0142owym dost\u0119pna jest r\u00f3wnie\u017c informacja o udziale danej reakcji w\u015br\u00f3d wszystkich reakcji. <\/span><\/p>\n<div id=\"attachment_33039\" style=\"width: 1350px\" class=\"wp-caption aligncenter\"><img loading=\"lazy\" decoding=\"async\" aria-describedby=\"caption-attachment-33039\" class=\"size-full wp-image-33039\" src=\"https:\/\/www.sotrender.com\/blog\/wp-content\/uploads\/2018\/02\/reakcji-uz-pl.png\" alt=\"reakcje u\u017cytkownik\u00f3w, wykres, sotrender\" width=\"1340\" height=\"539\" srcset=\"https:\/\/www.sotrender.com\/blog\/wp-content\/uploads\/2018\/02\/reakcji-uz-pl.png 1340w, https:\/\/www.sotrender.com\/blog\/wp-content\/uploads\/2018\/02\/reakcji-uz-pl-475x191.png 475w, https:\/\/www.sotrender.com\/blog\/wp-content\/uploads\/2018\/02\/reakcji-uz-pl-768x309.png 768w, https:\/\/www.sotrender.com\/blog\/wp-content\/uploads\/2018\/02\/reakcji-uz-pl-950x382.png 950w\" sizes=\"(max-width: 1340px) 100vw, 1340px\" \/><p id=\"caption-attachment-33039\" class=\"wp-caption-text\">Procent reakcji u\u017cytkownik\u00f3w<\/p><\/div>\n<p><strong>4. Posty marki &#8211; wideo<\/strong><\/p>\n<p><span style=\"font-weight: 400;\">Wideo pe\u0142ni coraz wa\u017cniejsz\u0105 rol\u0119 w mediach spo\u0142eczno\u015bciowych. Dlatego te\u017c postanowili\u015bmy pokazywa\u0107 je w osobnym widoku, oddzielnie od pozosta\u0142ych post\u00f3w publikowanych przez Stron\u0119.<\/span><\/p>\n<div id=\"attachment_32635\" style=\"width: 1379px\" class=\"wp-caption aligncenter\"><img loading=\"lazy\" decoding=\"async\" aria-describedby=\"caption-attachment-32635\" class=\"size-full wp-image-32635\" src=\"https:\/\/www.sotrender.com\/blog\/wp-content\/uploads\/2018\/02\/wyswietlenia-dziennie-wideo.png\" alt=\"wy\u015bwietlenia dzienne, wideo\" width=\"1369\" height=\"653\" srcset=\"https:\/\/www.sotrender.com\/blog\/wp-content\/uploads\/2018\/02\/wyswietlenia-dziennie-wideo.png 1369w, https:\/\/www.sotrender.com\/blog\/wp-content\/uploads\/2018\/02\/wyswietlenia-dziennie-wideo-475x227.png 475w, https:\/\/www.sotrender.com\/blog\/wp-content\/uploads\/2018\/02\/wyswietlenia-dziennie-wideo-768x366.png 768w, https:\/\/www.sotrender.com\/blog\/wp-content\/uploads\/2018\/02\/wyswietlenia-dziennie-wideo-950x453.png 950w\" sizes=\"(max-width: 1369px) 100vw, 1369px\" \/><p id=\"caption-attachment-32635\" class=\"wp-caption-text\">Wy\u015bwietlenia dzienne dla post\u00f3w wideo<\/p><\/div>\n<p><span style=\"font-weight: 400;\">Wygl\u0105d zestawienia post\u00f3w wideo jest analogiczny do dost\u0119pnego do tej pory widoku pozosta\u0142ych post\u00f3w. Dana ta oczywi\u015bcie jest dost\u0119pna jedynie dla w\u0142a\u015bcicieli Stron. <\/span><\/p>\n<p><span style=\"font-weight: 400;\">Osobna analiza post\u00f3w zawieraj\u0105cych wideo b\u0119dzie z pewno\u015bci\u0105 du\u017cym u\u0142atwieniem dla klient\u00f3w, kt\u00f3rzy w wi\u0119kszym stopniu korzystaj\u0105 z tej formy komunikacji na swoich Stronach. <\/span><\/p>\n<p><strong>5.<\/strong> <a href=\"https:\/\/www.sotrender.com\/blog\/pl\/2017\/11\/storytellers-ptat-wskaznik-ktory-nie-powinien-istniec\/\">Wska\u017anik PTAT<\/a> (Storytellers, People Talking About This) jest ju\u017c Wam zapewne do\u015b\u0107 dobrze znany. Nowy wykres przedstawiaj\u0105cy <b>Relatywny PTAT<\/b> jest jego rozszerzeniem.<\/p>\n<p><span style=\"font-weight: 400;\">Wska\u017anik ten informuje o liczbie os\u00f3b, kt\u00f3re wchodz\u0105 w reakcj\u0119 ze Stron\u0105 i tre\u015bciami przez ni\u0105 publikowanymi w relacji do liczby fan\u00f3w Strony. Wska\u017anik bierze pod uwag\u0119 r\u00f3\u017cne akcje u\u017cytkownik\u00f3w dotycz\u0105ce organicznych, jak i p\u0142atnych tre\u015bci Strony.<\/span><\/p>\n<div id=\"attachment_32595\" style=\"width: 960px\" class=\"wp-caption aligncenter\"><img loading=\"lazy\" decoding=\"async\" aria-describedby=\"caption-attachment-32595\" class=\"wp-image-32595 size-large\" src=\"https:\/\/www.sotrender.com\/blog\/wp-content\/uploads\/2018\/02\/relatywny-ptat-950x430.png\" alt=\"Relatywny PTAT\" width=\"950\" height=\"430\" srcset=\"https:\/\/www.sotrender.com\/blog\/wp-content\/uploads\/2018\/02\/relatywny-ptat-950x430.png 950w, https:\/\/www.sotrender.com\/blog\/wp-content\/uploads\/2018\/02\/relatywny-ptat-475x215.png 475w, https:\/\/www.sotrender.com\/blog\/wp-content\/uploads\/2018\/02\/relatywny-ptat-768x348.png 768w, https:\/\/www.sotrender.com\/blog\/wp-content\/uploads\/2018\/02\/relatywny-ptat.png 1308w\" sizes=\"(max-width: 950px) 100vw, 950px\" \/><p id=\"caption-attachment-32595\" class=\"wp-caption-text\">Relatywny PTAT<\/p><\/div>\n<p><span style=\"font-weight: 400;\">Wska\u017anik jest dost\u0119pny publicznie &#8211; zar\u00f3wno dla profili w\u0142asnych, jak i konkurencji. <\/span><\/p>\n<h2><strong><a name=\"1.2\"><\/a>Jakie zmiany nast\u0105pi\u0105 dla profili konkurencji, kt\u00f3re mam dodane do swojego konta?<\/strong><\/h2>\n<p>Na skutek zmiany API Facebooka od dzi\u015b nast\u0119puj\u0105ce dane i wykresy b\u0119d\u0105 niedost\u0119pne w przypadku Stron, do kt\u00f3rych nie mamy uprawnie\u0144:<\/p>\n<ul>\n<li>sekcja Tre\u015bci: Strategia komunikacji<\/li>\n<li>sekcja Odbiorcy: Aktywni u\u017cytkownicy, Segmentacja, Ranking spo\u0142eczno\u015bci, Liczba fan\u00f3w w poszczeg\u00f3lnych krajach.<\/li>\n<\/ul>\n<h2><strong><a name=\"1.3\"><\/a>Jakie zmiany nast\u0105pi\u0105 dla profili z w\u0142asnymi danymi?<\/strong><\/h2>\n<p>Dobra informacja jest taka, \u017ce dla w\u0142asnych profili wszystkie pozosta\u0142e dane i wska\u017aniki pozostaj\u0105 bez zmian.<\/p>\n<p style=\"text-align: center;\"><!--HubSpot Call-to-Action Code --><span id=\"hs-cta-wrapper-c4243256-775c-4f09-9dae-182c6d1fa4e1\" class=\"hs-cta-wrapper\"><span id=\"hs-cta-c4243256-775c-4f09-9dae-182c6d1fa4e1\" class=\"hs-cta-node hs-cta-c4243256-775c-4f09-9dae-182c6d1fa4e1\"><!-- [if lte IE 8]><\/p>\n\n\n\n\n\n<div id=\"hs-cta-ie-element\"><\/div>\n\n\n<![endif]--><a href=\"https:\/\/cta-redirect.hubspot.com\/cta\/redirect\/3842881\/c4243256-775c-4f09-9dae-182c6d1fa4e1\"><img decoding=\"async\" id=\"hs-cta-img-c4243256-775c-4f09-9dae-182c6d1fa4e1\" class=\"hs-cta-img\" style=\"border-width: 0px;\" src=\"https:\/\/no-cache.hubspot.com\/cta\/default\/3842881\/c4243256-775c-4f09-9dae-182c6d1fa4e1.png\" alt=\"Mierz swoje dzia\u0142ania w social mediach!\" \/><\/a><\/span><script charset=\"utf-8\" src=\"https:\/\/js.hscta.net\/cta\/current.js\"><\/script><script type=\"text\/javascript\"> hbspt.cta.load(3842881, 'c4243256-775c-4f09-9dae-182c6d1fa4e1', {}); <\/script><\/span><!-- end HubSpot Call-to-Action Code --><\/p>\n<h2><strong>Czy to koniec zmian?<\/strong><\/h2>\n<p><span style=\"font-weight: 400;\">Jeszcze nie, ale tym etapem jeste\u015bmy najbardziej podekscytowani, bo skupiamy si\u0119 ju\u017c g\u0142\u00f3wnie na \u00a0nowych funkcjach, wykresach i raportach. <\/span><span style=\"font-weight: 400;\">B\u0119dziemy o nich informowa\u0107 ju\u017c wkr\u00f3tce!<\/span><\/p>\n<p><span style=\"font-weight: 400;\">Je\u015bli macie jakiekolwiek pytania lub w\u0105tpliwo\u015bci odno\u015bnie zmian, jakie obecnie wprowadzamy, skontaktujcie si\u0119 z naszym dzia\u0142em obs\u0142ugi klienta &#8211; <\/span><a href=\"mailto:support@sotrender.com\"><span style=\"font-weight: 400;\">support@sotrender.com<\/span><\/a><span style=\"font-weight: 400;\">. <\/span><\/p>\n","protected":false},"excerpt":{"rendered":"<p>Zmian w Sotrenderze ci\u0105g dalszy! Mamy nadziej\u0119, \u017ce zd\u0105\u017cyli\u015bcie ju\u017c zapozna\u0107 i oswoi\u0107 si\u0119 z ostatnimi aktualizacjami w naszej aplikacji. Dzi\u015b przedstawiamy ich kolejny etap, kt\u00f3ry tym razem obj\u0105\u0142 g\u0142\u00f3wnie segment dotycz\u0105cy analizy danych z Facebooka, co ma zwi\u0105zek ze zmian\u0105 API tej platformy.\u00a0 Poza modyfikacjami wynikaj\u0105cymi z wprowadzeniem nowej wersji API, mi\u0142o nam poinformowa\u0107, [&hellip;]<\/p>\n","protected":false},"author":89,"featured_media":32617,"comment_status":"open","ping_status":"open","sticky":false,"template":"","format":"standard","meta":{"inline_featured_image":false,"footnotes":""},"categories":[1795,2125,2275],"tags":[2741,2743,2655,2737,2739],"yoast_head":"<!-- This site is optimized with the Yoast SEO plugin v22.4 - https:\/\/yoast.com\/wordpress\/plugins\/seo\/ -->\n<title>Sotrender prezentuje: statystyki post\u00f3w wideo, reakcji oraz inne nowe wska\u017aniki i zmiany w aplikacji!<\/title>\n<meta name=\"description\" content=\"Poza modyfikacjami wynikaj\u0105cymi ze zmiany API Facebooka, mi\u0142o nam poinformowa\u0107, \u017ce dodajemy r\u00f3wnie\u017c do narz\u0119dzia wiele ciekawych nowo\u015bci.\" \/>\n<meta name=\"robots\" content=\"index, follow, max-snippet:-1, max-image-preview:large, max-video-preview:-1\" \/>\n<link rel=\"canonical\" href=\"https:\/\/www.sotrender.com\/blog\/pl\/2018\/02\/sotrender-prezentuje-statystyki-postow-wideo-reakcji-oraz-inne-nowe-wskazniki-zmiany-w-aplikacji\/\" \/>\n<meta property=\"og:locale\" content=\"pl_PL\" \/>\n<meta property=\"og:type\" content=\"article\" \/>\n<meta property=\"og:title\" content=\"Sotrender prezentuje: statystyki post\u00f3w wideo, reakcji oraz inne nowe wska\u017aniki i zmiany w aplikacji!\" \/>\n<meta property=\"og:description\" content=\"Poza modyfikacjami wynikaj\u0105cymi ze zmiany API Facebooka, mi\u0142o nam poinformowa\u0107, \u017ce dodajemy r\u00f3wnie\u017c do narz\u0119dzia wiele ciekawych nowo\u015bci.\" \/>\n<meta property=\"og:url\" content=\"https:\/\/www.sotrender.com\/blog\/pl\/2018\/02\/sotrender-prezentuje-statystyki-postow-wideo-reakcji-oraz-inne-nowe-wskazniki-zmiany-w-aplikacji\/\" \/>\n<meta property=\"og:site_name\" content=\"Sotrender Blog\" \/>\n<meta property=\"article:publisher\" content=\"https:\/\/www.facebook.com\/Sotrender\" \/>\n<meta property=\"article:published_time\" content=\"2018-02-05T14:16:39+00:00\" \/>\n<meta property=\"article:modified_time\" content=\"2018-02-09T12:43:39+00:00\" \/>\n<meta property=\"og:image\" content=\"https:\/\/www.sotrender.com\/blog\/wp-content\/uploads\/2018\/02\/dreamstime_m_88200163-950x634.jpg\" \/>\n\t<meta property=\"og:image:width\" content=\"950\" \/>\n\t<meta property=\"og:image:height\" content=\"634\" \/>\n\t<meta property=\"og:image:type\" content=\"image\/jpeg\" \/>\n<meta name=\"author\" content=\"Klaudia \u017by\u0142ka\" \/>\n<meta name=\"twitter:card\" content=\"summary_large_image\" \/>\n<meta name=\"twitter:creator\" content=\"@Sotrender\" \/>\n<meta name=\"twitter:site\" content=\"@Sotrender\" \/>\n<meta name=\"twitter:label1\" content=\"Written by\" \/>\n\t<meta name=\"twitter:data1\" content=\"Klaudia \u017by\u0142ka\" \/>\n\t<meta name=\"twitter:label2\" content=\"Est. reading time\" \/>\n\t<meta name=\"twitter:data2\" content=\"7 minutes\" \/>\n<script type=\"application\/ld+json\" class=\"yoast-schema-graph\">{\"@context\":\"https:\/\/schema.org\",\"@graph\":[{\"@type\":\"WebPage\",\"@id\":\"https:\/\/www.sotrender.com\/blog\/pl\/2018\/02\/sotrender-prezentuje-statystyki-postow-wideo-reakcji-oraz-inne-nowe-wskazniki-zmiany-w-aplikacji\/\",\"url\":\"https:\/\/www.sotrender.com\/blog\/pl\/2018\/02\/sotrender-prezentuje-statystyki-postow-wideo-reakcji-oraz-inne-nowe-wskazniki-zmiany-w-aplikacji\/\",\"name\":\"Sotrender prezentuje: statystyki post\u00f3w wideo, reakcji oraz inne nowe wska\u017aniki i zmiany w aplikacji!\",\"isPartOf\":{\"@id\":\"https:\/\/www.sotrender.com\/blog\/#website\"},\"primaryImageOfPage\":{\"@id\":\"https:\/\/www.sotrender.com\/blog\/pl\/2018\/02\/sotrender-prezentuje-statystyki-postow-wideo-reakcji-oraz-inne-nowe-wskazniki-zmiany-w-aplikacji\/#primaryimage\"},\"image\":{\"@id\":\"https:\/\/www.sotrender.com\/blog\/pl\/2018\/02\/sotrender-prezentuje-statystyki-postow-wideo-reakcji-oraz-inne-nowe-wskazniki-zmiany-w-aplikacji\/#primaryimage\"},\"thumbnailUrl\":\"https:\/\/www.sotrender.com\/blog\/wp-content\/uploads\/2018\/02\/dreamstime_m_88200163.jpg\",\"datePublished\":\"2018-02-05T14:16:39+00:00\",\"dateModified\":\"2018-02-09T12:43:39+00:00\",\"author\":{\"@id\":\"https:\/\/www.sotrender.com\/blog\/#\/schema\/person\/038ac5e276c5d102d8cbb9c36cd43416\"},\"description\":\"Poza modyfikacjami wynikaj\u0105cymi ze zmiany API Facebooka, mi\u0142o nam poinformowa\u0107, \u017ce dodajemy r\u00f3wnie\u017c do narz\u0119dzia wiele ciekawych nowo\u015bci.\",\"breadcrumb\":{\"@id\":\"https:\/\/www.sotrender.com\/blog\/pl\/2018\/02\/sotrender-prezentuje-statystyki-postow-wideo-reakcji-oraz-inne-nowe-wskazniki-zmiany-w-aplikacji\/#breadcrumb\"},\"inLanguage\":\"pl-PL\",\"potentialAction\":[{\"@type\":\"ReadAction\",\"target\":[\"https:\/\/www.sotrender.com\/blog\/pl\/2018\/02\/sotrender-prezentuje-statystyki-postow-wideo-reakcji-oraz-inne-nowe-wskazniki-zmiany-w-aplikacji\/\"]}]},{\"@type\":\"ImageObject\",\"inLanguage\":\"pl-PL\",\"@id\":\"https:\/\/www.sotrender.com\/blog\/pl\/2018\/02\/sotrender-prezentuje-statystyki-postow-wideo-reakcji-oraz-inne-nowe-wskazniki-zmiany-w-aplikacji\/#primaryimage\",\"url\":\"https:\/\/www.sotrender.com\/blog\/wp-content\/uploads\/2018\/02\/dreamstime_m_88200163.jpg\",\"contentUrl\":\"https:\/\/www.sotrender.com\/blog\/wp-content\/uploads\/2018\/02\/dreamstime_m_88200163.jpg\",\"width\":2120,\"height\":1414},{\"@type\":\"BreadcrumbList\",\"@id\":\"https:\/\/www.sotrender.com\/blog\/pl\/2018\/02\/sotrender-prezentuje-statystyki-postow-wideo-reakcji-oraz-inne-nowe-wskazniki-zmiany-w-aplikacji\/#breadcrumb\",\"itemListElement\":[{\"@type\":\"ListItem\",\"position\":1,\"name\":\"Home\",\"item\":\"https:\/\/www.sotrender.com\/blog\/\"},{\"@type\":\"ListItem\",\"position\":2,\"name\":\"Sotrender prezentuje: statystyki post\u00f3w wideo, reakcji oraz inne nowe wska\u017aniki i zmiany w aplikacji!\"}]},{\"@type\":\"WebSite\",\"@id\":\"https:\/\/www.sotrender.com\/blog\/#website\",\"url\":\"https:\/\/www.sotrender.com\/blog\/\",\"name\":\"Sotrender Blog\",\"description\":\"\",\"potentialAction\":[{\"@type\":\"SearchAction\",\"target\":{\"@type\":\"EntryPoint\",\"urlTemplate\":\"https:\/\/www.sotrender.com\/blog\/?s={search_term_string}\"},\"query-input\":\"required name=search_term_string\"}],\"inLanguage\":\"pl-PL\"},{\"@type\":\"Person\",\"@id\":\"https:\/\/www.sotrender.com\/blog\/#\/schema\/person\/038ac5e276c5d102d8cbb9c36cd43416\",\"name\":\"Klaudia \u017by\u0142ka\",\"image\":{\"@type\":\"ImageObject\",\"inLanguage\":\"pl-PL\",\"@id\":\"https:\/\/www.sotrender.com\/blog\/#\/schema\/person\/image\/\",\"url\":\"https:\/\/secure.gravatar.com\/avatar\/f55d5d49ce3c448e1ffde0ab078d84cd?s=96&d=mm&r=g\",\"contentUrl\":\"https:\/\/secure.gravatar.com\/avatar\/f55d5d49ce3c448e1ffde0ab078d84cd?s=96&d=mm&r=g\",\"caption\":\"Klaudia \u017by\u0142ka\"},\"description\":\"Instagram, dogs, books and food lover. Former student at Warsaw University and Malm\u00f6 University. Improving her marketing skills every day. Proud owner of DIMAQ certificate\",\"sameAs\":[\"https:\/\/www.linkedin.com\/in\/klaudia-\u017cy\u0142ka-17527779\"],\"url\":\"https:\/\/www.sotrender.com\/blog\/pl\/author\/klaudia_yka\/\"}]}<\/script>\n<!-- \/ Yoast SEO plugin. -->","yoast_head_json":{"title":"Sotrender prezentuje: statystyki post\u00f3w wideo, reakcji oraz inne nowe wska\u017aniki i zmiany w aplikacji!","description":"Poza modyfikacjami wynikaj\u0105cymi ze zmiany API Facebooka, mi\u0142o nam poinformowa\u0107, \u017ce dodajemy r\u00f3wnie\u017c do narz\u0119dzia wiele ciekawych nowo\u015bci.","robots":{"index":"index","follow":"follow","max-snippet":"max-snippet:-1","max-image-preview":"max-image-preview:large","max-video-preview":"max-video-preview:-1"},"canonical":"https:\/\/www.sotrender.com\/blog\/pl\/2018\/02\/sotrender-prezentuje-statystyki-postow-wideo-reakcji-oraz-inne-nowe-wskazniki-zmiany-w-aplikacji\/","og_locale":"pl_PL","og_type":"article","og_title":"Sotrender prezentuje: statystyki post\u00f3w wideo, reakcji oraz inne nowe wska\u017aniki i zmiany w aplikacji!","og_description":"Poza modyfikacjami wynikaj\u0105cymi ze zmiany API Facebooka, mi\u0142o nam poinformowa\u0107, \u017ce dodajemy r\u00f3wnie\u017c do narz\u0119dzia wiele ciekawych nowo\u015bci.","og_url":"https:\/\/www.sotrender.com\/blog\/pl\/2018\/02\/sotrender-prezentuje-statystyki-postow-wideo-reakcji-oraz-inne-nowe-wskazniki-zmiany-w-aplikacji\/","og_site_name":"Sotrender Blog","article_publisher":"https:\/\/www.facebook.com\/Sotrender","article_published_time":"2018-02-05T14:16:39+00:00","article_modified_time":"2018-02-09T12:43:39+00:00","og_image":[{"width":950,"height":634,"url":"https:\/\/www.sotrender.com\/blog\/wp-content\/uploads\/2018\/02\/dreamstime_m_88200163-950x634.jpg","type":"image\/jpeg"}],"author":"Klaudia \u017by\u0142ka","twitter_card":"summary_large_image","twitter_creator":"@Sotrender","twitter_site":"@Sotrender","twitter_misc":{"Written by":"Klaudia \u017by\u0142ka","Est. reading time":"7 minutes"},"schema":{"@context":"https:\/\/schema.org","@graph":[{"@type":"WebPage","@id":"https:\/\/www.sotrender.com\/blog\/pl\/2018\/02\/sotrender-prezentuje-statystyki-postow-wideo-reakcji-oraz-inne-nowe-wskazniki-zmiany-w-aplikacji\/","url":"https:\/\/www.sotrender.com\/blog\/pl\/2018\/02\/sotrender-prezentuje-statystyki-postow-wideo-reakcji-oraz-inne-nowe-wskazniki-zmiany-w-aplikacji\/","name":"Sotrender prezentuje: statystyki post\u00f3w wideo, reakcji oraz inne nowe wska\u017aniki i zmiany w aplikacji!","isPartOf":{"@id":"https:\/\/www.sotrender.com\/blog\/#website"},"primaryImageOfPage":{"@id":"https:\/\/www.sotrender.com\/blog\/pl\/2018\/02\/sotrender-prezentuje-statystyki-postow-wideo-reakcji-oraz-inne-nowe-wskazniki-zmiany-w-aplikacji\/#primaryimage"},"image":{"@id":"https:\/\/www.sotrender.com\/blog\/pl\/2018\/02\/sotrender-prezentuje-statystyki-postow-wideo-reakcji-oraz-inne-nowe-wskazniki-zmiany-w-aplikacji\/#primaryimage"},"thumbnailUrl":"https:\/\/www.sotrender.com\/blog\/wp-content\/uploads\/2018\/02\/dreamstime_m_88200163.jpg","datePublished":"2018-02-05T14:16:39+00:00","dateModified":"2018-02-09T12:43:39+00:00","author":{"@id":"https:\/\/www.sotrender.com\/blog\/#\/schema\/person\/038ac5e276c5d102d8cbb9c36cd43416"},"description":"Poza modyfikacjami wynikaj\u0105cymi ze zmiany API Facebooka, mi\u0142o nam poinformowa\u0107, \u017ce dodajemy r\u00f3wnie\u017c do narz\u0119dzia wiele ciekawych nowo\u015bci.","breadcrumb":{"@id":"https:\/\/www.sotrender.com\/blog\/pl\/2018\/02\/sotrender-prezentuje-statystyki-postow-wideo-reakcji-oraz-inne-nowe-wskazniki-zmiany-w-aplikacji\/#breadcrumb"},"inLanguage":"pl-PL","potentialAction":[{"@type":"ReadAction","target":["https:\/\/www.sotrender.com\/blog\/pl\/2018\/02\/sotrender-prezentuje-statystyki-postow-wideo-reakcji-oraz-inne-nowe-wskazniki-zmiany-w-aplikacji\/"]}]},{"@type":"ImageObject","inLanguage":"pl-PL","@id":"https:\/\/www.sotrender.com\/blog\/pl\/2018\/02\/sotrender-prezentuje-statystyki-postow-wideo-reakcji-oraz-inne-nowe-wskazniki-zmiany-w-aplikacji\/#primaryimage","url":"https:\/\/www.sotrender.com\/blog\/wp-content\/uploads\/2018\/02\/dreamstime_m_88200163.jpg","contentUrl":"https:\/\/www.sotrender.com\/blog\/wp-content\/uploads\/2018\/02\/dreamstime_m_88200163.jpg","width":2120,"height":1414},{"@type":"BreadcrumbList","@id":"https:\/\/www.sotrender.com\/blog\/pl\/2018\/02\/sotrender-prezentuje-statystyki-postow-wideo-reakcji-oraz-inne-nowe-wskazniki-zmiany-w-aplikacji\/#breadcrumb","itemListElement":[{"@type":"ListItem","position":1,"name":"Home","item":"https:\/\/www.sotrender.com\/blog\/"},{"@type":"ListItem","position":2,"name":"Sotrender prezentuje: statystyki post\u00f3w wideo, reakcji oraz inne nowe wska\u017aniki i zmiany w aplikacji!"}]},{"@type":"WebSite","@id":"https:\/\/www.sotrender.com\/blog\/#website","url":"https:\/\/www.sotrender.com\/blog\/","name":"Sotrender Blog","description":"","potentialAction":[{"@type":"SearchAction","target":{"@type":"EntryPoint","urlTemplate":"https:\/\/www.sotrender.com\/blog\/?s={search_term_string}"},"query-input":"required name=search_term_string"}],"inLanguage":"pl-PL"},{"@type":"Person","@id":"https:\/\/www.sotrender.com\/blog\/#\/schema\/person\/038ac5e276c5d102d8cbb9c36cd43416","name":"Klaudia \u017by\u0142ka","image":{"@type":"ImageObject","inLanguage":"pl-PL","@id":"https:\/\/www.sotrender.com\/blog\/#\/schema\/person\/image\/","url":"https:\/\/secure.gravatar.com\/avatar\/f55d5d49ce3c448e1ffde0ab078d84cd?s=96&d=mm&r=g","contentUrl":"https:\/\/secure.gravatar.com\/avatar\/f55d5d49ce3c448e1ffde0ab078d84cd?s=96&d=mm&r=g","caption":"Klaudia \u017by\u0142ka"},"description":"Instagram, dogs, books and food lover. Former student at Warsaw University and Malm\u00f6 University. Improving her marketing skills every day. Proud owner of DIMAQ certificate","sameAs":["https:\/\/www.linkedin.com\/in\/klaudia-\u017cy\u0142ka-17527779"],"url":"https:\/\/www.sotrender.com\/blog\/pl\/author\/klaudia_yka\/"}]}},"_links":{"self":[{"href":"https:\/\/www.sotrender.com\/blog\/pl\/wp-json\/wp\/v2\/posts\/32573"}],"collection":[{"href":"https:\/\/www.sotrender.com\/blog\/pl\/wp-json\/wp\/v2\/posts"}],"about":[{"href":"https:\/\/www.sotrender.com\/blog\/pl\/wp-json\/wp\/v2\/types\/post"}],"author":[{"embeddable":true,"href":"https:\/\/www.sotrender.com\/blog\/pl\/wp-json\/wp\/v2\/users\/89"}],"replies":[{"embeddable":true,"href":"https:\/\/www.sotrender.com\/blog\/pl\/wp-json\/wp\/v2\/comments?post=32573"}],"version-history":[{"count":20,"href":"https:\/\/www.sotrender.com\/blog\/pl\/wp-json\/wp\/v2\/posts\/32573\/revisions"}],"predecessor-version":[{"id":33041,"href":"https:\/\/www.sotrender.com\/blog\/pl\/wp-json\/wp\/v2\/posts\/32573\/revisions\/33041"}],"wp:featuredmedia":[{"embeddable":true,"href":"https:\/\/www.sotrender.com\/blog\/pl\/wp-json\/wp\/v2\/media\/32617"}],"wp:attachment":[{"href":"https:\/\/www.sotrender.com\/blog\/pl\/wp-json\/wp\/v2\/media?parent=32573"}],"wp:term":[{"taxonomy":"category","embeddable":true,"href":"https:\/\/www.sotrender.com\/blog\/pl\/wp-json\/wp\/v2\/categories?post=32573"},{"taxonomy":"post_tag","embeddable":true,"href":"https:\/\/www.sotrender.com\/blog\/pl\/wp-json\/wp\/v2\/tags?post=32573"}],"curies":[{"name":"wp","href":"https:\/\/api.w.org\/{rel}","templated":true}]}}