{"id":3237,"date":"2012-10-29T11:00:12","date_gmt":"2012-10-29T10:00:12","guid":{"rendered":"http:\/\/blog.sotrender.com\/?p=3237"},"modified":"2017-04-13T17:47:18","modified_gmt":"2017-04-13T15:47:18","slug":"raport-sotrendermedia-sportowe-na-facebooku-po-euro-i-igrzyskach","status":"publish","type":"post","link":"https:\/\/www.sotrender.com\/blog\/pl\/2012\/10\/raport-sotrendermedia-sportowe-na-facebooku-po-euro-i-igrzyskach\/","title":{"rendered":"Raport Sotrender: Media sportowe na Facebooku &#8211; po Euro i Igrzyskach"},"content":{"rendered":"<p>Gor\u0105ce sportowe emocje zwi\u0105zane z Euro i Igrzyskami Olimpijskimi ju\u017c opad\u0142y (cho\u0107 pami\u0119tny pa\u017adziernikowy deszcz chwilowo o nich przypomnia\u0142), \u00a0dlatego na ch\u0142odno mo\u017cemy oceni\u0107 dzi\u015b ich wp\u0142yw na <strong>popularno\u015b\u0107 medi\u00f3w sportowych na Facebooku<\/strong>.<\/p>\n<p><!--more--><\/p>\n<h3>Najszybciej rozwijaj\u0105ce si\u0119 sportowe fanpage<\/h3>\n<p>Ostatnie p\u00f3\u0142 roku by\u0142o bardzo dynamicznym okresem dla bran\u017cy medi\u00f3w sportowych. Obecny lider <a title=\"Sport.pl\" href=\"http:\/\/www.facebook.com\/Sportpl?fref=ts\" target=\"_blank\">Sport.pl<\/a> wzr\u00f3s\u0142 w tym okresie o ponad 60%, dzi\u0119ki czemu wyprzedzi\u0142 <a title=\"Canal+ Sport\" href=\"http:\/\/www.facebook.com\/CANALplussport?fref=ts\" target=\"_blank\">Canal+ Sport<\/a>, kt\u00f3ry r\u00f3wnie\u017c uzyska\u0142 \u015bwietny rezultat \u2013 prawie 30 tys nowych fan\u00f3w. Na uwag\u0119 zas\u0142uguje te\u017c fanpage <a title=\"KSW Konfrontacja Sztuk Walki\" href=\"http:\/\/www.facebook.com\/konfrontacja?fref=ts\" target=\"_blank\">KSW Konfrontacja Sztuk Walki<\/a>, kt\u00f3ry mimo \u017ce nie specjalizuje si\u0119 w <a title=\"narodowy sport Polak\u00f3w\" href=\"http:\/\/pl.wikipedia.org\/wiki\/Pi%C5%82ka_no%C5%BCna\" target=\"_blank\">narodowym sporcie Polak\u00f3w<\/a>, osi\u0105gn\u0105\u0142 w ci\u0105gu ostatnich 6 miesi\u0119cy bardzo dobry wynik \u2013 wzrost liczby fan\u00f3w o prawie 70%, utrzyma\u0142 trzeci\u0105 pozycj\u0119 i zdecydowanie skr\u00f3ci\u0142 dystans do rywali. Bardzo szybko rozwija\u0142y si\u0119 tak\u017ce profile dzia\u0142\u00f3w sportowych du\u017cych polskich portali &#8211; sport.wp.pl i Onet sport zanotowa\u0142y wzrosty o odpowiednio 456% i 273%.<\/p>\n<p><a href=\"https:\/\/www.sotrender.com\/blog\/wp-content\/uploads\/2012\/10\/mediasp01p1.png\"><img loading=\"lazy\" decoding=\"async\" class=\"aligncenter size-full wp-image-3241\" title=\"Najwi\u0119ksze polskoj\u0119zyczne media sportowe na Facebooku, 04-10.2012\" src=\"https:\/\/www.sotrender.com\/blog\/wp-content\/uploads\/2012\/10\/mediasp01p1.png\" alt=\"\" width=\"625\" height=\"800\" srcset=\"https:\/\/www.sotrender.com\/blog\/wp-content\/uploads\/2012\/10\/mediasp01p1.png 625w, https:\/\/www.sotrender.com\/blog\/wp-content\/uploads\/2012\/10\/mediasp01p1-475x608.png 475w, https:\/\/www.sotrender.com\/blog\/wp-content\/uploads\/2012\/10\/mediasp01p1-600x768.png 600w\" sizes=\"(max-width: 625px) 100vw, 625px\" \/><\/a><\/p>\n<h3>Zaanga\u017cowanie fan\u00f3w na sportowych fanpage&#8217;ach<\/h3>\n<p>Posty na fanpage\u2019ach medi\u00f3w sportowych spotyka\u0142y si\u0119 z gor\u0105cym odzewem, cho\u0107 nie zawsze przek\u0142ada\u0142o si\u0119 to na wzrost liczby fan\u00f3w. W czasie takich sportowych wydarze\u0144 jakie mia\u0142y miejsce w analizowanym okresie wszyscy stali\u015bmy si\u0119 domoros\u0142ymi ekspertami i ch\u0119tnie dzielili\u015bmy si\u0119 naszymi opiniami. W przypadku prawie po\u0142owy profili w zestawieniu liczba zaanga\u017cowanych ekspert\u00f3w przekracza\u0142a liczb\u0119 ich fan\u00f3w. Wyra\u017anie wida\u0107 to dla czo\u0142owych fanpage\u2019y: Pi\u0142ka No\u017cna TVP i <a title=\"Onet Sport\" href=\"http:\/\/www.facebook.com\/onetsport?fref=ts\" target=\"_blank\">Onet Sport<\/a>, dla kt\u00f3rych liczba komentuj\u0105cych by\u0142a wy\u017csza od liczby fan\u00f3w odpowiednio dwu- i trzykrotnie. Z kolei <a title=\"Canal+ Sport\" href=\"http:\/\/www.facebook.com\/CANALplussport?ref=ts&amp;fref=ts\" target=\"_blank\">Canal+ Sport<\/a>, w namniejszym stopniu zaanga\u017cowa\u0142 fan\u00f3w, tylko 22%. W tym samym czasie odsetek zaanga\u017cowanych fan\u00f3w dla profilu <a title=\"Sport.pl\" href=\"http:\/\/www.facebook.com\/Sportpl?fref=ts\" target=\"_blank\">Sport.pl<\/a> by\u0142 o 60 punkt\u00f3w procentowych wy\u017cszy. Mo\u017ce to t\u0142umaczy\u0107 zmian\u0119 na pozycji lidera w poprzednim rankingu.<\/p>\n<p><a href=\"https:\/\/www.sotrender.com\/blog\/wp-content\/uploads\/2012\/10\/mediasp02.png\"><img loading=\"lazy\" decoding=\"async\" class=\"aligncenter size-full wp-image-3243\" title=\"Ranking wg liczby zaanga\u017cowanych fan\u00f3w - media sportowe - 04-10.2012\" src=\"https:\/\/www.sotrender.com\/blog\/wp-content\/uploads\/2012\/10\/mediasp02.png\" alt=\"\" width=\"625\" height=\"800\" srcset=\"https:\/\/www.sotrender.com\/blog\/wp-content\/uploads\/2012\/10\/mediasp02.png 625w, https:\/\/www.sotrender.com\/blog\/wp-content\/uploads\/2012\/10\/mediasp02-475x608.png 475w, https:\/\/www.sotrender.com\/blog\/wp-content\/uploads\/2012\/10\/mediasp02-600x768.png 600w\" sizes=\"(max-width: 625px) 100vw, 625px\" \/><\/a><\/p>\n<h3><\/h3>\n<h3>Interactivity Index i Relative Interactivity<\/h3>\n<p>Liderem pod wzgl\u0119dem interaktywno\u015bci jest profil <a title=\"Onet Sport\" href=\"http:\/\/www.facebook.com\/onetsport?fref=ts\" target=\"_blank\">Onet Sport<\/a>. Ca\u0142a czo\u0142\u00f3wka fanpage\u2019y ma jednak uzasadnione powody do zadowolenia \u2013 pi\u0119\u0107 z sze\u015bciu najlepszych profili uzyska\u0142o osza\u0142amiaj\u0105cy wynik <a title=\"Wyja\u015bnienie wska\u017anika Interactivity Index i Relative Interactivity\" href=\"https:\/\/www.sotrender.com\/blog\/pl\/2012\/10\/interactivity-index-czyli-nasz-wskaznik-aktywnosci\/\" target=\"_blank\">Relative Interactivity<\/a> (okre\u015blaj\u0105cy ilo\u015b\u0107 interakcji przypadaj\u0105cej na fana) powy\u017cej 10\u00a0000. Ni\u017cszy wynik <a title=\"Sport.pl\" href=\"http:\/\/www.facebook.com\/Sportpl?fref=ts\" target=\"_blank\">Sport.pl<\/a> wynika z bardzo du\u017cej liczby fan\u00f3w tej strony. Wida\u0107 to szczeg\u00f3lnie por\u00f3wnuj\u0105c go do RI <a title=\"Canal+ Sport\" href=\"http:\/\/www.facebook.com\/CANALplussport?fref=ts\" target=\"_blank\">Canal+ Sport<\/a>, kt\u00f3ry ma zbli\u017con\u0105 liczb\u0119 fan\u00f3w.<\/p>\n<p><a href=\"https:\/\/www.sotrender.com\/blog\/wp-content\/uploads\/2012\/10\/mediasp03.png\"><img loading=\"lazy\" decoding=\"async\" class=\"aligncenter size-full wp-image-3245\" title=\"Ranking wg interaktywno\u015bci - media sportowe - 04-10.2012\" src=\"https:\/\/www.sotrender.com\/blog\/wp-content\/uploads\/2012\/10\/mediasp03.png\" alt=\"\" width=\"625\" height=\"800\" srcset=\"https:\/\/www.sotrender.com\/blog\/wp-content\/uploads\/2012\/10\/mediasp03.png 625w, https:\/\/www.sotrender.com\/blog\/wp-content\/uploads\/2012\/10\/mediasp03-475x608.png 475w, https:\/\/www.sotrender.com\/blog\/wp-content\/uploads\/2012\/10\/mediasp03-600x768.png 600w\" sizes=\"(max-width: 625px) 100vw, 625px\" \/><\/a><\/p>\n<p>O fanpage\u2019ach m\u00f3wili\u015bmy du\u017co, cz\u0119sto i g\u0119sto.. Szczeg\u00f3lnie t\u0142umnie \u201ewspominali\u015bmy\u201d w tym okresie o trzech profilach: <a title=\"Onet Sport\" href=\"http:\/\/www.facebook.com\/onetsport?fref=ts\" target=\"_blank\">Onet Sport<\/a>, <a title=\"Sport.pl\" href=\"http:\/\/www.facebook.com\/Sportpl?fref=ts\" target=\"_blank\">Sport.pl<\/a> i Pi\u0142ka No\u017cna TVP \u2013 w ich przypadku \u201eliczba os\u00f3b kt\u00f3re o tym m\u00f3wi\u0105\u201d wynios\u0142a \u015brednio ponad 10\u00a0000 dziennie.<\/p>\n<p style=\"text-align: center;\"><a href=\"https:\/\/www.sotrender.com\/blog\/wp-content\/uploads\/2012\/10\/mediasp04.png\"><img loading=\"lazy\" decoding=\"async\" class=\"aligncenter size-full wp-image-3247\" title=\"Ranking wg \u015bredniej dziennej &quot;liczby os\u00f3b, kt\u00f3re o tym m\u00f3wi\u0105&quot; - media sportowe - 04-10.2012\" src=\"https:\/\/www.sotrender.com\/blog\/wp-content\/uploads\/2012\/10\/mediasp04.png\" alt=\"\" width=\"625\" height=\"800\" srcset=\"https:\/\/www.sotrender.com\/blog\/wp-content\/uploads\/2012\/10\/mediasp04.png 625w, https:\/\/www.sotrender.com\/blog\/wp-content\/uploads\/2012\/10\/mediasp04-475x608.png 475w, https:\/\/www.sotrender.com\/blog\/wp-content\/uploads\/2012\/10\/mediasp04-600x768.png 600w\" sizes=\"(max-width: 625px) 100vw, 625px\" \/><\/a><\/p>\n<p>Sport pozostaje domen\u0105 m\u0119\u017cczyzn. Stanowili oni zdecydowan\u0105 wi\u0119kszo\u015b\u0107 zaanga\u017cowanych dla najlepszych post\u00f3w w grupie media sportowe. Niekt\u00f3re posty potrafi\u0142y jednak zainteresowa\u0107 r\u00f3wnie\u017c p\u0142e\u0107 pi\u0119kn\u0105. <a title=\"Sport.pl\" href=\"http:\/\/www.facebook.com\/Sportpl?fref=ts\" target=\"_blank\">Sport.pl<\/a> swoim postem dotycz\u0105cym zwyci\u0119stwa Tomasza Majewskiego zgromadzi\u0142 a\u017c 45% zaanga\u017cowanych kobiet. W zestawieniu najlepszych post\u00f3w nie zabrak\u0142o oczywi\u015bcie te\u017c <a title=\"Marketing polskich firm na Facebooku \u2013 raport Fanpage Trends lipiec 2012 by Sotrender\" href=\"https:\/\/www.sotrender.com\/blog\/pl\/2012\/08\/marketing-polskich-firm-na-facebooku-raport-fanpage-trends-lipiec-2012-by-sotrender\/\" target=\"_blank\">komentowanych we wcze\u015bniejszych wpisach<\/a> \u201e\u017cebrolajk\u00f3w\u201d.<\/p>\n<p><a href=\"https:\/\/www.sotrender.com\/blog\/wp-content\/uploads\/2012\/10\/mediasp_postF.png\"><img loading=\"lazy\" decoding=\"async\" class=\"aligncenter size-full wp-image-3249\" title=\"Ranking post\u00f3w wg warto\u015bci Interactivity Index - media sportowe - 04-10.2012\" src=\"https:\/\/www.sotrender.com\/blog\/wp-content\/uploads\/2012\/10\/mediasp_postF.png\" alt=\"\" width=\"810\" height=\"1200\" srcset=\"https:\/\/www.sotrender.com\/blog\/wp-content\/uploads\/2012\/10\/mediasp_postF.png 810w, https:\/\/www.sotrender.com\/blog\/wp-content\/uploads\/2012\/10\/mediasp_postF-475x704.png 475w, https:\/\/www.sotrender.com\/blog\/wp-content\/uploads\/2012\/10\/mediasp_postF-768x1138.png 768w, https:\/\/www.sotrender.com\/blog\/wp-content\/uploads\/2012\/10\/mediasp_postF-600x889.png 600w\" sizes=\"(max-width: 810px) 100vw, 810px\" \/><\/a><\/p>\n<p>Media sportowe pr\u0119\u017cnym krokiem zdobywaj\u0105 Facebooka. Jak pokazuje nasz raport potrafi\u0105 nie tylko zdobywa\u0107 nowych fan\u00f3w ale te\u017c mocno ich anga\u017cowa\u0107. W najbli\u017cszym czasie przekonamy si\u0119 czy b\u0119d\u0105 w stanie utrzyma\u0107 tak dobr\u0105 dynamik\u0119 bez tak wielkich wydarze\u0144 sportowych i kt\u00f3ry z czo\u0142owych profili pierwszy osi\u0105gnie magiczne 100\u00a0000 tysi\u0119cy fan\u00f3w.<\/p>\n","protected":false},"excerpt":{"rendered":"<p>Gor\u0105ce sportowe emocje zwi\u0105zane z Euro i Igrzyskami Olimpijskimi ju\u017c opad\u0142y (cho\u0107 pami\u0119tny pa\u017adziernikowy deszcz chwilowo o nich przypomnia\u0142), \u00a0dlatego na ch\u0142odno mo\u017cemy oceni\u0107 dzi\u015b ich wp\u0142yw na popularno\u015b\u0107 medi\u00f3w sportowych na Facebooku.<\/p>\n","protected":false},"author":31,"featured_media":18521,"comment_status":"open","ping_status":"open","sticky":false,"template":"","format":"standard","meta":{"inline_featured_image":false,"footnotes":""},"categories":[1,1793,1797],"tags":[7,25,313,349,351],"yoast_head":"<!-- This site is optimized with the Yoast SEO plugin v22.4 - https:\/\/yoast.com\/wordpress\/plugins\/seo\/ -->\n<title>Raport Sotrender: media sportowe po Euro i igrzyskach<\/title>\n<meta name=\"description\" content=\"Przeczytaj, kt\u00f3re media zyska\u0142y, a kt\u00f3re straci\u0142y na Facebooku po Euro 2012 i Igrzyskach Olimpijskich. Sotrender - Social Media Marketing Blog.\" \/>\n<meta name=\"robots\" content=\"index, follow, max-snippet:-1, max-image-preview:large, max-video-preview:-1\" \/>\n<link rel=\"canonical\" href=\"https:\/\/www.sotrender.com\/blog\/pl\/2012\/10\/raport-sotrendermedia-sportowe-na-facebooku-po-euro-i-igrzyskach\/\" \/>\n<meta property=\"og:locale\" content=\"pl_PL\" \/>\n<meta property=\"og:type\" content=\"article\" \/>\n<meta property=\"og:title\" content=\"Raport Sotrender: media sportowe po Euro i igrzyskach\" \/>\n<meta property=\"og:description\" content=\"Przeczytaj, kt\u00f3re media zyska\u0142y, a kt\u00f3re straci\u0142y na Facebooku po Euro 2012 i Igrzyskach Olimpijskich. Sotrender - Social Media Marketing Blog.\" \/>\n<meta property=\"og:url\" content=\"https:\/\/www.sotrender.com\/blog\/pl\/2012\/10\/raport-sotrendermedia-sportowe-na-facebooku-po-euro-i-igrzyskach\/\" \/>\n<meta property=\"og:site_name\" content=\"Sotrender Blog\" \/>\n<meta property=\"article:publisher\" content=\"https:\/\/www.facebook.com\/Sotrender\" \/>\n<meta property=\"article:published_time\" content=\"2012-10-29T10:00:12+00:00\" \/>\n<meta property=\"article:modified_time\" content=\"2017-04-13T15:47:18+00:00\" \/>\n<meta property=\"og:image\" content=\"https:\/\/www.sotrender.com\/blog\/wp-content\/uploads\/2015\/06\/header_blog_31.jpg\" \/>\n\t<meta property=\"og:image:width\" content=\"1600\" \/>\n\t<meta property=\"og:image:height\" content=\"700\" \/>\n\t<meta property=\"og:image:type\" content=\"image\/jpeg\" \/>\n<meta name=\"author\" content=\"Aleksandra Prejs\" \/>\n<meta name=\"twitter:card\" content=\"summary_large_image\" \/>\n<meta name=\"twitter:creator\" content=\"@Sotrender\" \/>\n<meta name=\"twitter:site\" content=\"@Sotrender\" \/>\n<meta name=\"twitter:label1\" content=\"Written by\" \/>\n\t<meta name=\"twitter:data1\" content=\"Aleksandra Prejs\" \/>\n\t<meta name=\"twitter:label2\" content=\"Est. reading time\" \/>\n\t<meta name=\"twitter:data2\" content=\"3 minutes\" \/>\n<script type=\"application\/ld+json\" class=\"yoast-schema-graph\">{\"@context\":\"https:\/\/schema.org\",\"@graph\":[{\"@type\":\"WebPage\",\"@id\":\"https:\/\/www.sotrender.com\/blog\/pl\/2012\/10\/raport-sotrendermedia-sportowe-na-facebooku-po-euro-i-igrzyskach\/\",\"url\":\"https:\/\/www.sotrender.com\/blog\/pl\/2012\/10\/raport-sotrendermedia-sportowe-na-facebooku-po-euro-i-igrzyskach\/\",\"name\":\"Raport Sotrender: media sportowe po Euro i igrzyskach\",\"isPartOf\":{\"@id\":\"https:\/\/www.sotrender.com\/blog\/#website\"},\"primaryImageOfPage\":{\"@id\":\"https:\/\/www.sotrender.com\/blog\/pl\/2012\/10\/raport-sotrendermedia-sportowe-na-facebooku-po-euro-i-igrzyskach\/#primaryimage\"},\"image\":{\"@id\":\"https:\/\/www.sotrender.com\/blog\/pl\/2012\/10\/raport-sotrendermedia-sportowe-na-facebooku-po-euro-i-igrzyskach\/#primaryimage\"},\"thumbnailUrl\":\"https:\/\/www.sotrender.com\/blog\/wp-content\/uploads\/2015\/06\/header_blog_31.jpg\",\"datePublished\":\"2012-10-29T10:00:12+00:00\",\"dateModified\":\"2017-04-13T15:47:18+00:00\",\"author\":{\"@id\":\"https:\/\/www.sotrender.com\/blog\/#\/schema\/person\/7106df62825269bc360ad9171cd7149b\"},\"description\":\"Przeczytaj, kt\u00f3re media zyska\u0142y, a kt\u00f3re straci\u0142y na Facebooku po Euro 2012 i Igrzyskach Olimpijskich. Sotrender - Social Media Marketing Blog.\",\"breadcrumb\":{\"@id\":\"https:\/\/www.sotrender.com\/blog\/pl\/2012\/10\/raport-sotrendermedia-sportowe-na-facebooku-po-euro-i-igrzyskach\/#breadcrumb\"},\"inLanguage\":\"pl-PL\",\"potentialAction\":[{\"@type\":\"ReadAction\",\"target\":[\"https:\/\/www.sotrender.com\/blog\/pl\/2012\/10\/raport-sotrendermedia-sportowe-na-facebooku-po-euro-i-igrzyskach\/\"]}]},{\"@type\":\"ImageObject\",\"inLanguage\":\"pl-PL\",\"@id\":\"https:\/\/www.sotrender.com\/blog\/pl\/2012\/10\/raport-sotrendermedia-sportowe-na-facebooku-po-euro-i-igrzyskach\/#primaryimage\",\"url\":\"https:\/\/www.sotrender.com\/blog\/wp-content\/uploads\/2015\/06\/header_blog_31.jpg\",\"contentUrl\":\"https:\/\/www.sotrender.com\/blog\/wp-content\/uploads\/2015\/06\/header_blog_31.jpg\",\"width\":1600,\"height\":700},{\"@type\":\"BreadcrumbList\",\"@id\":\"https:\/\/www.sotrender.com\/blog\/pl\/2012\/10\/raport-sotrendermedia-sportowe-na-facebooku-po-euro-i-igrzyskach\/#breadcrumb\",\"itemListElement\":[{\"@type\":\"ListItem\",\"position\":1,\"name\":\"Home\",\"item\":\"https:\/\/www.sotrender.com\/blog\/\"},{\"@type\":\"ListItem\",\"position\":2,\"name\":\"Raport Sotrender: Media sportowe na Facebooku &#8211; po Euro i Igrzyskach\"}]},{\"@type\":\"WebSite\",\"@id\":\"https:\/\/www.sotrender.com\/blog\/#website\",\"url\":\"https:\/\/www.sotrender.com\/blog\/\",\"name\":\"Sotrender Blog\",\"description\":\"\",\"potentialAction\":[{\"@type\":\"SearchAction\",\"target\":{\"@type\":\"EntryPoint\",\"urlTemplate\":\"https:\/\/www.sotrender.com\/blog\/?s={search_term_string}\"},\"query-input\":\"required name=search_term_string\"}],\"inLanguage\":\"pl-PL\"},{\"@type\":\"Person\",\"@id\":\"https:\/\/www.sotrender.com\/blog\/#\/schema\/person\/7106df62825269bc360ad9171cd7149b\",\"name\":\"Aleksandra Prejs\",\"image\":{\"@type\":\"ImageObject\",\"inLanguage\":\"pl-PL\",\"@id\":\"https:\/\/www.sotrender.com\/blog\/#\/schema\/person\/image\/\",\"url\":\"https:\/\/secure.gravatar.com\/avatar\/469000454b77ff0aacb32c49dba023be?s=96&d=mm&r=g\",\"contentUrl\":\"https:\/\/secure.gravatar.com\/avatar\/469000454b77ff0aacb32c49dba023be?s=96&d=mm&r=g\",\"caption\":\"Aleksandra Prejs\"},\"url\":\"https:\/\/www.sotrender.com\/blog\/pl\/author\/aleksandra-prejs\/\"}]}<\/script>\n<!-- \/ Yoast SEO plugin. -->","yoast_head_json":{"title":"Raport Sotrender: media sportowe po Euro i igrzyskach","description":"Przeczytaj, kt\u00f3re media zyska\u0142y, a kt\u00f3re straci\u0142y na Facebooku po Euro 2012 i Igrzyskach Olimpijskich. Sotrender - Social Media Marketing Blog.","robots":{"index":"index","follow":"follow","max-snippet":"max-snippet:-1","max-image-preview":"max-image-preview:large","max-video-preview":"max-video-preview:-1"},"canonical":"https:\/\/www.sotrender.com\/blog\/pl\/2012\/10\/raport-sotrendermedia-sportowe-na-facebooku-po-euro-i-igrzyskach\/","og_locale":"pl_PL","og_type":"article","og_title":"Raport Sotrender: media sportowe po Euro i igrzyskach","og_description":"Przeczytaj, kt\u00f3re media zyska\u0142y, a kt\u00f3re straci\u0142y na Facebooku po Euro 2012 i Igrzyskach Olimpijskich. Sotrender - Social Media Marketing Blog.","og_url":"https:\/\/www.sotrender.com\/blog\/pl\/2012\/10\/raport-sotrendermedia-sportowe-na-facebooku-po-euro-i-igrzyskach\/","og_site_name":"Sotrender Blog","article_publisher":"https:\/\/www.facebook.com\/Sotrender","article_published_time":"2012-10-29T10:00:12+00:00","article_modified_time":"2017-04-13T15:47:18+00:00","og_image":[{"width":1600,"height":700,"url":"https:\/\/www.sotrender.com\/blog\/wp-content\/uploads\/2015\/06\/header_blog_31.jpg","type":"image\/jpeg"}],"author":"Aleksandra Prejs","twitter_card":"summary_large_image","twitter_creator":"@Sotrender","twitter_site":"@Sotrender","twitter_misc":{"Written by":"Aleksandra Prejs","Est. reading time":"3 minutes"},"schema":{"@context":"https:\/\/schema.org","@graph":[{"@type":"WebPage","@id":"https:\/\/www.sotrender.com\/blog\/pl\/2012\/10\/raport-sotrendermedia-sportowe-na-facebooku-po-euro-i-igrzyskach\/","url":"https:\/\/www.sotrender.com\/blog\/pl\/2012\/10\/raport-sotrendermedia-sportowe-na-facebooku-po-euro-i-igrzyskach\/","name":"Raport Sotrender: media sportowe po Euro i igrzyskach","isPartOf":{"@id":"https:\/\/www.sotrender.com\/blog\/#website"},"primaryImageOfPage":{"@id":"https:\/\/www.sotrender.com\/blog\/pl\/2012\/10\/raport-sotrendermedia-sportowe-na-facebooku-po-euro-i-igrzyskach\/#primaryimage"},"image":{"@id":"https:\/\/www.sotrender.com\/blog\/pl\/2012\/10\/raport-sotrendermedia-sportowe-na-facebooku-po-euro-i-igrzyskach\/#primaryimage"},"thumbnailUrl":"https:\/\/www.sotrender.com\/blog\/wp-content\/uploads\/2015\/06\/header_blog_31.jpg","datePublished":"2012-10-29T10:00:12+00:00","dateModified":"2017-04-13T15:47:18+00:00","author":{"@id":"https:\/\/www.sotrender.com\/blog\/#\/schema\/person\/7106df62825269bc360ad9171cd7149b"},"description":"Przeczytaj, kt\u00f3re media zyska\u0142y, a kt\u00f3re straci\u0142y na Facebooku po Euro 2012 i Igrzyskach Olimpijskich. Sotrender - Social Media Marketing Blog.","breadcrumb":{"@id":"https:\/\/www.sotrender.com\/blog\/pl\/2012\/10\/raport-sotrendermedia-sportowe-na-facebooku-po-euro-i-igrzyskach\/#breadcrumb"},"inLanguage":"pl-PL","potentialAction":[{"@type":"ReadAction","target":["https:\/\/www.sotrender.com\/blog\/pl\/2012\/10\/raport-sotrendermedia-sportowe-na-facebooku-po-euro-i-igrzyskach\/"]}]},{"@type":"ImageObject","inLanguage":"pl-PL","@id":"https:\/\/www.sotrender.com\/blog\/pl\/2012\/10\/raport-sotrendermedia-sportowe-na-facebooku-po-euro-i-igrzyskach\/#primaryimage","url":"https:\/\/www.sotrender.com\/blog\/wp-content\/uploads\/2015\/06\/header_blog_31.jpg","contentUrl":"https:\/\/www.sotrender.com\/blog\/wp-content\/uploads\/2015\/06\/header_blog_31.jpg","width":1600,"height":700},{"@type":"BreadcrumbList","@id":"https:\/\/www.sotrender.com\/blog\/pl\/2012\/10\/raport-sotrendermedia-sportowe-na-facebooku-po-euro-i-igrzyskach\/#breadcrumb","itemListElement":[{"@type":"ListItem","position":1,"name":"Home","item":"https:\/\/www.sotrender.com\/blog\/"},{"@type":"ListItem","position":2,"name":"Raport Sotrender: Media sportowe na Facebooku &#8211; po Euro i Igrzyskach"}]},{"@type":"WebSite","@id":"https:\/\/www.sotrender.com\/blog\/#website","url":"https:\/\/www.sotrender.com\/blog\/","name":"Sotrender Blog","description":"","potentialAction":[{"@type":"SearchAction","target":{"@type":"EntryPoint","urlTemplate":"https:\/\/www.sotrender.com\/blog\/?s={search_term_string}"},"query-input":"required name=search_term_string"}],"inLanguage":"pl-PL"},{"@type":"Person","@id":"https:\/\/www.sotrender.com\/blog\/#\/schema\/person\/7106df62825269bc360ad9171cd7149b","name":"Aleksandra Prejs","image":{"@type":"ImageObject","inLanguage":"pl-PL","@id":"https:\/\/www.sotrender.com\/blog\/#\/schema\/person\/image\/","url":"https:\/\/secure.gravatar.com\/avatar\/469000454b77ff0aacb32c49dba023be?s=96&d=mm&r=g","contentUrl":"https:\/\/secure.gravatar.com\/avatar\/469000454b77ff0aacb32c49dba023be?s=96&d=mm&r=g","caption":"Aleksandra Prejs"},"url":"https:\/\/www.sotrender.com\/blog\/pl\/author\/aleksandra-prejs\/"}]}},"_links":{"self":[{"href":"https:\/\/www.sotrender.com\/blog\/pl\/wp-json\/wp\/v2\/posts\/3237"}],"collection":[{"href":"https:\/\/www.sotrender.com\/blog\/pl\/wp-json\/wp\/v2\/posts"}],"about":[{"href":"https:\/\/www.sotrender.com\/blog\/pl\/wp-json\/wp\/v2\/types\/post"}],"author":[{"embeddable":true,"href":"https:\/\/www.sotrender.com\/blog\/pl\/wp-json\/wp\/v2\/users\/31"}],"replies":[{"embeddable":true,"href":"https:\/\/www.sotrender.com\/blog\/pl\/wp-json\/wp\/v2\/comments?post=3237"}],"version-history":[{"count":14,"href":"https:\/\/www.sotrender.com\/blog\/pl\/wp-json\/wp\/v2\/posts\/3237\/revisions"}],"predecessor-version":[{"id":26725,"href":"https:\/\/www.sotrender.com\/blog\/pl\/wp-json\/wp\/v2\/posts\/3237\/revisions\/26725"}],"wp:featuredmedia":[{"embeddable":true,"href":"https:\/\/www.sotrender.com\/blog\/pl\/wp-json\/wp\/v2\/media\/18521"}],"wp:attachment":[{"href":"https:\/\/www.sotrender.com\/blog\/pl\/wp-json\/wp\/v2\/media?parent=3237"}],"wp:term":[{"taxonomy":"category","embeddable":true,"href":"https:\/\/www.sotrender.com\/blog\/pl\/wp-json\/wp\/v2\/categories?post=3237"},{"taxonomy":"post_tag","embeddable":true,"href":"https:\/\/www.sotrender.com\/blog\/pl\/wp-json\/wp\/v2\/tags?post=3237"}],"curies":[{"name":"wp","href":"https:\/\/api.w.org\/{rel}","templated":true}]}}