{"id":32367,"date":"2018-01-26T12:00:32","date_gmt":"2018-01-26T11:00:32","guid":{"rendered":"https:\/\/www.sotrender.com\/blog\/?p=32367\/"},"modified":"2018-02-09T14:11:59","modified_gmt":"2018-02-09T13:11:59","slug":"instagram-w-polsce-2017-infografika","status":"publish","type":"post","link":"https:\/\/www.sotrender.com\/blog\/pl\/2018\/01\/instagram-w-polsce-2017-infografika\/","title":{"rendered":"Instagram w Polsce &#8211; podsumowanie 2017 roku [INFOGRAFIKA]"},"content":{"rendered":"<p>Przedstawiamy pierwsz\u0105 w historii <a href=\"http:\/\/www.sotrender.com\/pl\">Sotrendera<\/a> infografik\u0119 podsumowuj\u0105c\u0105 miniony rok na Instagramie! Poniewa\u017c nasze raporty <a href=\"https:\/\/www.sotrender.com\/trends\/instagram\/poland\/\">Instagram Trends<\/a> wydajemy ju\u017c ponad rok, nadszed\u0142 r\u00f3wnie\u017c czas na zestawienie wszystkich wydarze\u0144 2017 roku.<\/p>\n<p><span style=\"font-weight: 400;\">Pierwszy wniosek &#8211; polski Instagram zosta\u0142 <strong>zdominowany przez sportowc\u00f3w. <\/strong>Jednak chyba\u00a0bardziej precyzyjne by\u0142oby stwierdzenie, \u017ce rok <strong>2017 by\u0142 rokiem<\/strong><\/span><b>\u00a0Roberta Lewandowskiego<\/b><span style=\"font-weight: 400;\">. <\/span><\/p>\n<p><!--more--><\/p>\n<p><span style=\"font-weight: 400;\">Patrz\u0105c na deklasuj\u0105c\u0105 rywali (w tym ma\u0142\u017conk\u0119 \ud83d\ude09 ) liczb\u0119 fan\u00f3w Roberta, jak i na zestawienie najlepszych post\u00f3w 2017 roku, nie ma co do tego w\u0105tpliwo\u015bci. Ju\u017c nawet nasze <\/span><a href=\"https:\/\/www.sotrender.com\/trends\/instagram\/poland\/\"><span style=\"font-weight: 400;\">comiesi\u0119czne zestawienia Instagram Trends<\/span><\/a><span style=\"font-weight: 400;\"> by\u0142y sygna\u0142em, \u017ce pi\u0142karz mo\u017ce namiesza\u0107 w rocznym podsumowaniu aktywno\u015bci na Instagramie.<\/span><\/p>\n<p><span style=\"font-weight: 400;\">Do najwi\u0119kszych nale\u017ca\u0142 r\u00f3wnie\u017c profil Anny Lewandowskiej, Wojciecha Szcz\u0119snego oraz Ewy Chodakowskiej. Tu\u017c za nimi znalaz\u0142y si\u0119 profile\u00a0<strong>blogerek modowych<\/strong>, w tym m.in. Angeliki Muchy czy Maffashion. <\/span><\/p>\n<p><span style=\"font-weight: 400;\">Kategori\u0119 sportowc\u00f3w uzupe\u0142ni\u0142a r\u00f3wnie\u017c Joanna J\u0119drzejczyk, kt\u00f3rej profil by\u0142 numerem 3 w rankingu najszybciej rosn\u0105cych. Instagram mia\u0142 wi\u0119c w 2017 r. sporo wsp\u00f3lnego z <\/span><a href=\"https:\/\/www.sotrender.com\/blog\/pl\/2018\/01\/twitter-w-polsce-2017-infografika\/\"><span style=\"font-weight: 400;\">Twitterem<\/span><\/a><span style=\"font-weight: 400;\">, gdzie sport by\u0142 r\u00f3wnie\u017c gor\u0105cym tematem. <\/span><\/p>\n<p><span style=\"font-weight: 400;\">Ma\u0142\u0105 odmian\u0105 jest za to grupa<strong>\u00a0najaktywniejszych <\/strong>profil\u00f3w, gdzie w TOP5 znalaz\u0142y si\u0119 profile\u00a0<strong>marek modowych<\/strong>\u00a0&#8211; DeeZee i Renee oraz <strong>medi\u00f3w tradycyjnych<\/strong>\u00a0&#8211; Gazeta Wyborcza i TVN.pl. <\/span><\/p>\n<h2>Zapraszamy na podsumowanie roku 2017 na Instagramie w Polsce!<\/h2>\n<div id=\"attachment_32369\" style=\"width: 910px\" class=\"wp-caption aligncenter\"><img loading=\"lazy\" decoding=\"async\" aria-describedby=\"caption-attachment-32369\" class=\"wp-image-32369 size-full\" src=\"https:\/\/www.sotrender.com\/blog\/wp-content\/uploads\/2018\/01\/instagram_infografika_01.png\" alt=\"podsumowanie 2017, instagram, podsumowanie roku, Instagram w Polsce - podsumowanie 2017 roku\" width=\"900\" height=\"5450\" srcset=\"https:\/\/www.sotrender.com\/blog\/wp-content\/uploads\/2018\/01\/instagram_infografika_01.png 900w, https:\/\/www.sotrender.com\/blog\/wp-content\/uploads\/2018\/01\/instagram_infografika_01-475x2876.png 475w, https:\/\/www.sotrender.com\/blog\/wp-content\/uploads\/2018\/01\/instagram_infografika_01-768x4651.png 768w\" sizes=\"(max-width: 900px) 100vw, 900px\" \/><p id=\"caption-attachment-32369\" class=\"wp-caption-text\">Jak wygl\u0105da\u0142 rok 2017 na polskim Instagramie?<\/p><\/div>\n<p style=\"text-align: center;\"><!--HubSpot Call-to-Action Code --><span id=\"hs-cta-wrapper-c4243256-775c-4f09-9dae-182c6d1fa4e1\" class=\"hs-cta-wrapper\"><span id=\"hs-cta-c4243256-775c-4f09-9dae-182c6d1fa4e1\" class=\"hs-cta-node hs-cta-c4243256-775c-4f09-9dae-182c6d1fa4e1\"><!-- [if lte IE 8]><\/p>\n\n\n\n\n\n<div id=\"hs-cta-ie-element\"><\/div>\n\n\n<![endif]--><a href=\"https:\/\/cta-redirect.hubspot.com\/cta\/redirect\/3842881\/c4243256-775c-4f09-9dae-182c6d1fa4e1\"><img decoding=\"async\" id=\"hs-cta-img-c4243256-775c-4f09-9dae-182c6d1fa4e1\" class=\"hs-cta-img aligncenter\" style=\"border-width: 0px;\" src=\"https:\/\/no-cache.hubspot.com\/cta\/default\/3842881\/c4243256-775c-4f09-9dae-182c6d1fa4e1.png\" alt=\"Mierz swoje dzia\u0142ania w social media!\" \/><\/a><\/span><script charset=\"utf-8\" src=\"https:\/\/js.hscta.net\/cta\/current.js\"><\/script><script type=\"text\/javascript\"> hbspt.cta.load(3842881, 'c4243256-775c-4f09-9dae-182c6d1fa4e1', {}); <\/script><\/span><!-- end HubSpot Call-to-Action Code --><\/p>\n","protected":false},"excerpt":{"rendered":"<p>Przedstawiamy pierwsz\u0105 w historii Sotrendera infografik\u0119 podsumowuj\u0105c\u0105 miniony rok na Instagramie! Poniewa\u017c nasze raporty Instagram Trends wydajemy ju\u017c ponad rok, nadszed\u0142 r\u00f3wnie\u017c czas na zestawienie wszystkich wydarze\u0144 2017 roku. Pierwszy wniosek &#8211; polski Instagram zosta\u0142 zdominowany przez sportowc\u00f3w. Jednak chyba\u00a0bardziej precyzyjne by\u0142oby stwierdzenie, \u017ce rok 2017 by\u0142 rokiem\u00a0Roberta Lewandowskiego.<\/p>\n","protected":false},"author":89,"featured_media":32379,"comment_status":"open","ping_status":"open","sticky":false,"template":"","format":"standard","meta":{"inline_featured_image":false,"footnotes":""},"categories":[1791,1803,2125],"tags":[615,725,1477,2073,2467,2707],"yoast_head":"<!-- This site is optimized with the Yoast SEO plugin v22.4 - https:\/\/yoast.com\/wordpress\/plugins\/seo\/ -->\n<title>Instagram w Polsce 2017 - podsumowanie [INFOGRAFIKA]<\/title>\n<meta name=\"description\" content=\"Instagram w Polsce 2017 zosta\u0142 zdominowany przez sportowc\u00f3w, cho\u0107 chyba bardziej precyzyje by\u0142oby stwierdzenie, \u017ce miniony rok, to by\u0142 rok Lewandowskiego.\" \/>\n<meta name=\"robots\" content=\"index, follow, max-snippet:-1, max-image-preview:large, max-video-preview:-1\" \/>\n<link rel=\"canonical\" href=\"https:\/\/www.sotrender.com\/blog\/pl\/2018\/01\/instagram-w-polsce-2017-infografika\/\" \/>\n<meta property=\"og:locale\" content=\"pl_PL\" \/>\n<meta property=\"og:type\" content=\"article\" \/>\n<meta property=\"og:title\" content=\"Instagram w Polsce 2017 - podsumowanie [INFOGRAFIKA]\" \/>\n<meta property=\"og:description\" content=\"Instagram w Polsce 2017 zosta\u0142 zdominowany przez sportowc\u00f3w, cho\u0107 chyba bardziej precyzyje by\u0142oby stwierdzenie, \u017ce miniony rok, to by\u0142 rok Lewandowskiego.\" \/>\n<meta property=\"og:url\" content=\"https:\/\/www.sotrender.com\/blog\/pl\/2018\/01\/instagram-w-polsce-2017-infografika\/\" \/>\n<meta property=\"og:site_name\" content=\"Sotrender Blog\" \/>\n<meta property=\"article:publisher\" content=\"https:\/\/www.facebook.com\/Sotrender\" \/>\n<meta property=\"article:published_time\" content=\"2018-01-26T11:00:32+00:00\" \/>\n<meta property=\"article:modified_time\" content=\"2018-02-09T13:11:59+00:00\" \/>\n<meta property=\"og:image\" content=\"https:\/\/www.sotrender.com\/blog\/wp-content\/uploads\/2018\/01\/door-husband-1271621_1280.jpg\" \/>\n\t<meta property=\"og:image:width\" content=\"1280\" \/>\n\t<meta property=\"og:image:height\" content=\"853\" \/>\n\t<meta property=\"og:image:type\" content=\"image\/jpeg\" \/>\n<meta name=\"author\" content=\"Klaudia \u017by\u0142ka\" \/>\n<meta name=\"twitter:card\" content=\"summary_large_image\" \/>\n<meta name=\"twitter:creator\" content=\"@Sotrender\" \/>\n<meta name=\"twitter:site\" content=\"@Sotrender\" \/>\n<meta name=\"twitter:label1\" content=\"Written by\" \/>\n\t<meta name=\"twitter:data1\" content=\"Klaudia \u017by\u0142ka\" \/>\n\t<meta name=\"twitter:label2\" content=\"Est. reading time\" \/>\n\t<meta name=\"twitter:data2\" content=\"1 minute\" \/>\n<script type=\"application\/ld+json\" class=\"yoast-schema-graph\">{\"@context\":\"https:\/\/schema.org\",\"@graph\":[{\"@type\":\"WebPage\",\"@id\":\"https:\/\/www.sotrender.com\/blog\/pl\/2018\/01\/instagram-w-polsce-2017-infografika\/\",\"url\":\"https:\/\/www.sotrender.com\/blog\/pl\/2018\/01\/instagram-w-polsce-2017-infografika\/\",\"name\":\"Instagram w Polsce 2017 - podsumowanie [INFOGRAFIKA]\",\"isPartOf\":{\"@id\":\"https:\/\/www.sotrender.com\/blog\/#website\"},\"primaryImageOfPage\":{\"@id\":\"https:\/\/www.sotrender.com\/blog\/pl\/2018\/01\/instagram-w-polsce-2017-infografika\/#primaryimage\"},\"image\":{\"@id\":\"https:\/\/www.sotrender.com\/blog\/pl\/2018\/01\/instagram-w-polsce-2017-infografika\/#primaryimage\"},\"thumbnailUrl\":\"https:\/\/www.sotrender.com\/blog\/wp-content\/uploads\/2018\/01\/door-husband-1271621_1280.jpg\",\"datePublished\":\"2018-01-26T11:00:32+00:00\",\"dateModified\":\"2018-02-09T13:11:59+00:00\",\"author\":{\"@id\":\"https:\/\/www.sotrender.com\/blog\/#\/schema\/person\/038ac5e276c5d102d8cbb9c36cd43416\"},\"description\":\"Instagram w Polsce 2017 zosta\u0142 zdominowany przez sportowc\u00f3w, cho\u0107 chyba bardziej precyzyje by\u0142oby stwierdzenie, \u017ce miniony rok, to by\u0142 rok Lewandowskiego.\",\"breadcrumb\":{\"@id\":\"https:\/\/www.sotrender.com\/blog\/pl\/2018\/01\/instagram-w-polsce-2017-infografika\/#breadcrumb\"},\"inLanguage\":\"pl-PL\",\"potentialAction\":[{\"@type\":\"ReadAction\",\"target\":[\"https:\/\/www.sotrender.com\/blog\/pl\/2018\/01\/instagram-w-polsce-2017-infografika\/\"]}]},{\"@type\":\"ImageObject\",\"inLanguage\":\"pl-PL\",\"@id\":\"https:\/\/www.sotrender.com\/blog\/pl\/2018\/01\/instagram-w-polsce-2017-infografika\/#primaryimage\",\"url\":\"https:\/\/www.sotrender.com\/blog\/wp-content\/uploads\/2018\/01\/door-husband-1271621_1280.jpg\",\"contentUrl\":\"https:\/\/www.sotrender.com\/blog\/wp-content\/uploads\/2018\/01\/door-husband-1271621_1280.jpg\",\"width\":1280,\"height\":853},{\"@type\":\"BreadcrumbList\",\"@id\":\"https:\/\/www.sotrender.com\/blog\/pl\/2018\/01\/instagram-w-polsce-2017-infografika\/#breadcrumb\",\"itemListElement\":[{\"@type\":\"ListItem\",\"position\":1,\"name\":\"Home\",\"item\":\"https:\/\/www.sotrender.com\/blog\/\"},{\"@type\":\"ListItem\",\"position\":2,\"name\":\"Instagram w Polsce &#8211; podsumowanie 2017 roku [INFOGRAFIKA]\"}]},{\"@type\":\"WebSite\",\"@id\":\"https:\/\/www.sotrender.com\/blog\/#website\",\"url\":\"https:\/\/www.sotrender.com\/blog\/\",\"name\":\"Sotrender Blog\",\"description\":\"\",\"potentialAction\":[{\"@type\":\"SearchAction\",\"target\":{\"@type\":\"EntryPoint\",\"urlTemplate\":\"https:\/\/www.sotrender.com\/blog\/?s={search_term_string}\"},\"query-input\":\"required name=search_term_string\"}],\"inLanguage\":\"pl-PL\"},{\"@type\":\"Person\",\"@id\":\"https:\/\/www.sotrender.com\/blog\/#\/schema\/person\/038ac5e276c5d102d8cbb9c36cd43416\",\"name\":\"Klaudia \u017by\u0142ka\",\"image\":{\"@type\":\"ImageObject\",\"inLanguage\":\"pl-PL\",\"@id\":\"https:\/\/www.sotrender.com\/blog\/#\/schema\/person\/image\/\",\"url\":\"https:\/\/secure.gravatar.com\/avatar\/f55d5d49ce3c448e1ffde0ab078d84cd?s=96&d=mm&r=g\",\"contentUrl\":\"https:\/\/secure.gravatar.com\/avatar\/f55d5d49ce3c448e1ffde0ab078d84cd?s=96&d=mm&r=g\",\"caption\":\"Klaudia \u017by\u0142ka\"},\"description\":\"Instagram, dogs, books and food lover. Former student at Warsaw University and Malm\u00f6 University. Improving her marketing skills every day. Proud owner of DIMAQ certificate\",\"sameAs\":[\"https:\/\/www.linkedin.com\/in\/klaudia-\u017cy\u0142ka-17527779\"],\"url\":\"https:\/\/www.sotrender.com\/blog\/pl\/author\/klaudia_yka\/\"}]}<\/script>\n<!-- \/ Yoast SEO plugin. -->","yoast_head_json":{"title":"Instagram w Polsce 2017 - podsumowanie [INFOGRAFIKA]","description":"Instagram w Polsce 2017 zosta\u0142 zdominowany przez sportowc\u00f3w, cho\u0107 chyba bardziej precyzyje by\u0142oby stwierdzenie, \u017ce miniony rok, to by\u0142 rok Lewandowskiego.","robots":{"index":"index","follow":"follow","max-snippet":"max-snippet:-1","max-image-preview":"max-image-preview:large","max-video-preview":"max-video-preview:-1"},"canonical":"https:\/\/www.sotrender.com\/blog\/pl\/2018\/01\/instagram-w-polsce-2017-infografika\/","og_locale":"pl_PL","og_type":"article","og_title":"Instagram w Polsce 2017 - podsumowanie [INFOGRAFIKA]","og_description":"Instagram w Polsce 2017 zosta\u0142 zdominowany przez sportowc\u00f3w, cho\u0107 chyba bardziej precyzyje by\u0142oby stwierdzenie, \u017ce miniony rok, to by\u0142 rok Lewandowskiego.","og_url":"https:\/\/www.sotrender.com\/blog\/pl\/2018\/01\/instagram-w-polsce-2017-infografika\/","og_site_name":"Sotrender Blog","article_publisher":"https:\/\/www.facebook.com\/Sotrender","article_published_time":"2018-01-26T11:00:32+00:00","article_modified_time":"2018-02-09T13:11:59+00:00","og_image":[{"width":1280,"height":853,"url":"https:\/\/www.sotrender.com\/blog\/wp-content\/uploads\/2018\/01\/door-husband-1271621_1280.jpg","type":"image\/jpeg"}],"author":"Klaudia \u017by\u0142ka","twitter_card":"summary_large_image","twitter_creator":"@Sotrender","twitter_site":"@Sotrender","twitter_misc":{"Written by":"Klaudia \u017by\u0142ka","Est. reading time":"1 minute"},"schema":{"@context":"https:\/\/schema.org","@graph":[{"@type":"WebPage","@id":"https:\/\/www.sotrender.com\/blog\/pl\/2018\/01\/instagram-w-polsce-2017-infografika\/","url":"https:\/\/www.sotrender.com\/blog\/pl\/2018\/01\/instagram-w-polsce-2017-infografika\/","name":"Instagram w Polsce 2017 - podsumowanie [INFOGRAFIKA]","isPartOf":{"@id":"https:\/\/www.sotrender.com\/blog\/#website"},"primaryImageOfPage":{"@id":"https:\/\/www.sotrender.com\/blog\/pl\/2018\/01\/instagram-w-polsce-2017-infografika\/#primaryimage"},"image":{"@id":"https:\/\/www.sotrender.com\/blog\/pl\/2018\/01\/instagram-w-polsce-2017-infografika\/#primaryimage"},"thumbnailUrl":"https:\/\/www.sotrender.com\/blog\/wp-content\/uploads\/2018\/01\/door-husband-1271621_1280.jpg","datePublished":"2018-01-26T11:00:32+00:00","dateModified":"2018-02-09T13:11:59+00:00","author":{"@id":"https:\/\/www.sotrender.com\/blog\/#\/schema\/person\/038ac5e276c5d102d8cbb9c36cd43416"},"description":"Instagram w Polsce 2017 zosta\u0142 zdominowany przez sportowc\u00f3w, cho\u0107 chyba bardziej precyzyje by\u0142oby stwierdzenie, \u017ce miniony rok, to by\u0142 rok Lewandowskiego.","breadcrumb":{"@id":"https:\/\/www.sotrender.com\/blog\/pl\/2018\/01\/instagram-w-polsce-2017-infografika\/#breadcrumb"},"inLanguage":"pl-PL","potentialAction":[{"@type":"ReadAction","target":["https:\/\/www.sotrender.com\/blog\/pl\/2018\/01\/instagram-w-polsce-2017-infografika\/"]}]},{"@type":"ImageObject","inLanguage":"pl-PL","@id":"https:\/\/www.sotrender.com\/blog\/pl\/2018\/01\/instagram-w-polsce-2017-infografika\/#primaryimage","url":"https:\/\/www.sotrender.com\/blog\/wp-content\/uploads\/2018\/01\/door-husband-1271621_1280.jpg","contentUrl":"https:\/\/www.sotrender.com\/blog\/wp-content\/uploads\/2018\/01\/door-husband-1271621_1280.jpg","width":1280,"height":853},{"@type":"BreadcrumbList","@id":"https:\/\/www.sotrender.com\/blog\/pl\/2018\/01\/instagram-w-polsce-2017-infografika\/#breadcrumb","itemListElement":[{"@type":"ListItem","position":1,"name":"Home","item":"https:\/\/www.sotrender.com\/blog\/"},{"@type":"ListItem","position":2,"name":"Instagram w Polsce &#8211; podsumowanie 2017 roku [INFOGRAFIKA]"}]},{"@type":"WebSite","@id":"https:\/\/www.sotrender.com\/blog\/#website","url":"https:\/\/www.sotrender.com\/blog\/","name":"Sotrender Blog","description":"","potentialAction":[{"@type":"SearchAction","target":{"@type":"EntryPoint","urlTemplate":"https:\/\/www.sotrender.com\/blog\/?s={search_term_string}"},"query-input":"required name=search_term_string"}],"inLanguage":"pl-PL"},{"@type":"Person","@id":"https:\/\/www.sotrender.com\/blog\/#\/schema\/person\/038ac5e276c5d102d8cbb9c36cd43416","name":"Klaudia \u017by\u0142ka","image":{"@type":"ImageObject","inLanguage":"pl-PL","@id":"https:\/\/www.sotrender.com\/blog\/#\/schema\/person\/image\/","url":"https:\/\/secure.gravatar.com\/avatar\/f55d5d49ce3c448e1ffde0ab078d84cd?s=96&d=mm&r=g","contentUrl":"https:\/\/secure.gravatar.com\/avatar\/f55d5d49ce3c448e1ffde0ab078d84cd?s=96&d=mm&r=g","caption":"Klaudia \u017by\u0142ka"},"description":"Instagram, dogs, books and food lover. Former student at Warsaw University and Malm\u00f6 University. Improving her marketing skills every day. Proud owner of DIMAQ certificate","sameAs":["https:\/\/www.linkedin.com\/in\/klaudia-\u017cy\u0142ka-17527779"],"url":"https:\/\/www.sotrender.com\/blog\/pl\/author\/klaudia_yka\/"}]}},"_links":{"self":[{"href":"https:\/\/www.sotrender.com\/blog\/pl\/wp-json\/wp\/v2\/posts\/32367"}],"collection":[{"href":"https:\/\/www.sotrender.com\/blog\/pl\/wp-json\/wp\/v2\/posts"}],"about":[{"href":"https:\/\/www.sotrender.com\/blog\/pl\/wp-json\/wp\/v2\/types\/post"}],"author":[{"embeddable":true,"href":"https:\/\/www.sotrender.com\/blog\/pl\/wp-json\/wp\/v2\/users\/89"}],"replies":[{"embeddable":true,"href":"https:\/\/www.sotrender.com\/blog\/pl\/wp-json\/wp\/v2\/comments?post=32367"}],"version-history":[{"count":8,"href":"https:\/\/www.sotrender.com\/blog\/pl\/wp-json\/wp\/v2\/posts\/32367\/revisions"}],"predecessor-version":[{"id":33055,"href":"https:\/\/www.sotrender.com\/blog\/pl\/wp-json\/wp\/v2\/posts\/32367\/revisions\/33055"}],"wp:featuredmedia":[{"embeddable":true,"href":"https:\/\/www.sotrender.com\/blog\/pl\/wp-json\/wp\/v2\/media\/32379"}],"wp:attachment":[{"href":"https:\/\/www.sotrender.com\/blog\/pl\/wp-json\/wp\/v2\/media?parent=32367"}],"wp:term":[{"taxonomy":"category","embeddable":true,"href":"https:\/\/www.sotrender.com\/blog\/pl\/wp-json\/wp\/v2\/categories?post=32367"},{"taxonomy":"post_tag","embeddable":true,"href":"https:\/\/www.sotrender.com\/blog\/pl\/wp-json\/wp\/v2\/tags?post=32367"}],"curies":[{"name":"wp","href":"https:\/\/api.w.org\/{rel}","templated":true}]}}