{"id":32343,"date":"2018-01-25T11:54:50","date_gmt":"2018-01-25T10:54:50","guid":{"rendered":"https:\/\/www.sotrender.com\/blog\/?p=32343\/"},"modified":"2018-02-09T14:13:15","modified_gmt":"2018-02-09T13:13:15","slug":"twitter-w-polsce-2017-infografika","status":"publish","type":"post","link":"https:\/\/www.sotrender.com\/blog\/pl\/2018\/01\/twitter-w-polsce-2017-infografika\/","title":{"rendered":"Twitter w Polsce &#8211; podsumowanie 2017 r. [INFOGRAFIKA]"},"content":{"rendered":"<p><span style=\"font-weight: 400;\">Cho\u0107 nadal nie jest a\u017c tak popularny jak Facebook, Twitter w Polsce ro\u015bnie w si\u0142\u0119. Do\u015b\u0107 powiedzie\u0107, \u017ce na koniec 2016 tylko jedno polskie konto mog\u0142o si\u0119 pochwali\u0107 si\u0119 ponad milionem obserwator\u00f3w, tak rok p\u00f3\u017aniej by\u0142a ich ju\u017c pi\u0105tka, w tym &#8211; tak, zgadli\u015bcie &#8211; m.in. Robert Lewandowski, dla kt\u00f3rego ubieg\u0142y rok by\u0142 udany nie tylko pod wzgl\u0119dem sportowym. Jak wygl\u0105da\u0142 2017 na polskim Twitterze?<\/span><!--more--><\/p>\n<p><span style=\"font-weight: 400;\">A je\u015bli chodzi o <strong>sport<\/strong>, to nadal jest on tym, co u\u017cytkownik\u00f3w Twittera emocjonuje (prawie) najsilniej, ust\u0119puj\u0105c tylko <strong>polityce<\/strong>, co doskonale wida\u0107 w naszych <a href=\"https:\/\/www.sotrender.com\/trends\/twitter\/poland\">comiesi\u0119cznych raportach Twitter Trends<\/a>, w kt\u00f3rych analizujemy najwa\u017cniejsze wydarzenia na polskim Twitterze. <\/span><\/p>\n<p><span style=\"font-weight: 400;\">W\u015br\u00f3d dziesi\u0119ciu najwi\u0119kszych kont na polskim Twitterze, sze\u015b\u0107 to profile zwi\u0105zane z polityk\u0105, a tematy zwi\u0105zane z najwa\u017cniejszymi wydarzeniami na \u015bwiecie i w kraju, rozgrzewa\u0142y do czerwono\u015bci \u0107wierkaj\u0105cych internaut\u00f3w. Najwi\u0119cej tweet\u00f3w, co nie dziwi, wysy\u0142a\u0142y media informacyjne, a w\u015br\u00f3d nich <strong>TVP Info<\/strong>, kt\u00f3re zatweetowa\u0142o ponad 39 tysi\u0119cy razy w ubieg\u0142ym roku. Tak\u017ce ranking hashtag\u00f3w zosta\u0142 zdominowany przez polityk\u0119 i media informacyjne, dopiero na pi\u0105tym miejscu znalaz\u0142o si\u0119 miejsce na <strong>#travel<\/strong>, wi\u0119c jest jeszcze nadzieja dla apolitycznego Twittera ;).<\/span><\/p>\n<div id=\"attachment_32345\" style=\"width: 910px\" class=\"wp-caption aligncenter\"><a href=\"https:\/\/www.sotrender.com\/blog\/wp-content\/uploads\/2018\/01\/twitter_infografika_01-1.png\" target=\"_blank\" rel=\"noopener\"><img loading=\"lazy\" decoding=\"async\" aria-describedby=\"caption-attachment-32345\" class=\"wp-image-32345 size-full\" src=\"https:\/\/www.sotrender.com\/blog\/wp-content\/uploads\/2018\/01\/twitter_infografika_01-1.png\" alt=\"Twitter w Polsce w 2017 roku [INFOGRAFIKA]\" width=\"900\" height=\"5500\" srcset=\"https:\/\/www.sotrender.com\/blog\/wp-content\/uploads\/2018\/01\/twitter_infografika_01-1.png 900w, https:\/\/www.sotrender.com\/blog\/wp-content\/uploads\/2018\/01\/twitter_infografika_01-1-475x2903.png 475w, https:\/\/www.sotrender.com\/blog\/wp-content\/uploads\/2018\/01\/twitter_infografika_01-1-768x4693.png 768w\" sizes=\"(max-width: 900px) 100vw, 900px\" \/><\/a><p id=\"caption-attachment-32345\" class=\"wp-caption-text\">Twitter w Polsce w 2017 roku [INFOGRAFIKA]<\/p><\/div>\n<p style=\"text-align: center;\"><!--HubSpot Call-to-Action Code --><span id=\"hs-cta-wrapper-c4243256-775c-4f09-9dae-182c6d1fa4e1\" class=\"hs-cta-wrapper\"><span id=\"hs-cta-c4243256-775c-4f09-9dae-182c6d1fa4e1\" class=\"hs-cta-node hs-cta-c4243256-775c-4f09-9dae-182c6d1fa4e1\"><!-- [if lte IE 8]><\/p>\n\n\n\n\n\n<div id=\"hs-cta-ie-element\"><\/div>\n\n\n<![endif]--><a href=\"https:\/\/cta-redirect.hubspot.com\/cta\/redirect\/3842881\/c4243256-775c-4f09-9dae-182c6d1fa4e1\"><img decoding=\"async\" id=\"hs-cta-img-c4243256-775c-4f09-9dae-182c6d1fa4e1\" class=\"hs-cta-img aligncenter\" style=\"border-width: 0px;\" src=\"https:\/\/no-cache.hubspot.com\/cta\/default\/3842881\/c4243256-775c-4f09-9dae-182c6d1fa4e1.png\" alt=\"Mierz swoje dzia\u0142ania w social media!\" \/><\/a><\/span><script charset=\"utf-8\" src=\"https:\/\/js.hscta.net\/cta\/current.js\"><\/script><script type=\"text\/javascript\"> hbspt.cta.load(3842881, 'c4243256-775c-4f09-9dae-182c6d1fa4e1', {}); <\/script><\/span><!-- end HubSpot Call-to-Action Code --><\/p>\n","protected":false},"excerpt":{"rendered":"<p>Cho\u0107 nadal nie jest a\u017c tak popularny jak Facebook, Twitter w Polsce ro\u015bnie w si\u0142\u0119. Do\u015b\u0107 powiedzie\u0107, \u017ce na koniec 2016 tylko jedno polskie konto mog\u0142o si\u0119 pochwali\u0107 si\u0119 ponad milionem obserwator\u00f3w, tak rok p\u00f3\u017aniej by\u0142a ich ju\u017c pi\u0105tka, w tym &#8211; tak, zgadli\u015bcie &#8211; m.in. Robert Lewandowski, dla kt\u00f3rego ubieg\u0142y rok by\u0142 udany nie [&hellip;]<\/p>\n","protected":false},"author":49,"featured_media":32357,"comment_status":"open","ping_status":"open","sticky":false,"template":"","format":"standard","meta":{"inline_featured_image":false,"footnotes":""},"categories":[1793,1799,2125],"tags":[683,889,1915],"yoast_head":"<!-- This site is optimized with the Yoast SEO plugin v22.4 - https:\/\/yoast.com\/wordpress\/plugins\/seo\/ -->\n<title>Twitter w Polsce 2017 - podsumowanie [INFOGRAFIKA]<\/title>\n<meta name=\"description\" content=\"Twitter w Polsce 2017 - kto dominowa\u0142? Kt\u00f3re kana\u0142y ros\u0142y najszybciej? O czym najcz\u0119\u015bciej \u0107wierkano? Sprawd\u017acie nasz\u0105 infografik\u0119.\" \/>\n<meta name=\"robots\" content=\"index, follow, max-snippet:-1, max-image-preview:large, max-video-preview:-1\" \/>\n<link rel=\"canonical\" href=\"https:\/\/www.sotrender.com\/blog\/pl\/2018\/01\/twitter-w-polsce-2017-infografika\/\" \/>\n<meta property=\"og:locale\" content=\"pl_PL\" \/>\n<meta property=\"og:type\" content=\"article\" \/>\n<meta property=\"og:title\" content=\"Twitter w Polsce 2017 - podsumowanie [INFOGRAFIKA]\" \/>\n<meta property=\"og:description\" content=\"Twitter w Polsce 2017 - kto dominowa\u0142? Kt\u00f3re kana\u0142y ros\u0142y najszybciej? O czym najcz\u0119\u015bciej \u0107wierkano? Sprawd\u017acie nasz\u0105 infografik\u0119.\" \/>\n<meta property=\"og:url\" content=\"https:\/\/www.sotrender.com\/blog\/pl\/2018\/01\/twitter-w-polsce-2017-infografika\/\" \/>\n<meta property=\"og:site_name\" content=\"Sotrender Blog\" \/>\n<meta property=\"article:publisher\" content=\"https:\/\/www.facebook.com\/Sotrender\" \/>\n<meta property=\"article:published_time\" content=\"2018-01-25T10:54:50+00:00\" \/>\n<meta property=\"article:modified_time\" content=\"2018-02-09T13:13:15+00:00\" \/>\n<meta property=\"og:image\" content=\"https:\/\/www.sotrender.com\/blog\/wp-content\/uploads\/2018\/01\/pascal-swier-144672.jpg\" \/>\n\t<meta property=\"og:image:width\" content=\"945\" \/>\n\t<meta property=\"og:image:height\" content=\"630\" \/>\n\t<meta property=\"og:image:type\" content=\"image\/jpeg\" \/>\n<meta name=\"author\" content=\"Micha\u0142 Wieczorek\" \/>\n<meta name=\"twitter:card\" content=\"summary_large_image\" \/>\n<meta name=\"twitter:creator\" content=\"@http:\/\/twitter.com\/eveningo\" \/>\n<meta name=\"twitter:site\" content=\"@Sotrender\" \/>\n<meta name=\"twitter:label1\" content=\"Written by\" \/>\n\t<meta name=\"twitter:data1\" content=\"Micha\u0142 Wieczorek\" \/>\n\t<meta name=\"twitter:label2\" content=\"Est. reading time\" \/>\n\t<meta name=\"twitter:data2\" content=\"1 minute\" \/>\n<script type=\"application\/ld+json\" class=\"yoast-schema-graph\">{\"@context\":\"https:\/\/schema.org\",\"@graph\":[{\"@type\":\"WebPage\",\"@id\":\"https:\/\/www.sotrender.com\/blog\/pl\/2018\/01\/twitter-w-polsce-2017-infografika\/\",\"url\":\"https:\/\/www.sotrender.com\/blog\/pl\/2018\/01\/twitter-w-polsce-2017-infografika\/\",\"name\":\"Twitter w Polsce 2017 - podsumowanie [INFOGRAFIKA]\",\"isPartOf\":{\"@id\":\"https:\/\/www.sotrender.com\/blog\/#website\"},\"primaryImageOfPage\":{\"@id\":\"https:\/\/www.sotrender.com\/blog\/pl\/2018\/01\/twitter-w-polsce-2017-infografika\/#primaryimage\"},\"image\":{\"@id\":\"https:\/\/www.sotrender.com\/blog\/pl\/2018\/01\/twitter-w-polsce-2017-infografika\/#primaryimage\"},\"thumbnailUrl\":\"https:\/\/www.sotrender.com\/blog\/wp-content\/uploads\/2018\/01\/pascal-swier-144672.jpg\",\"datePublished\":\"2018-01-25T10:54:50+00:00\",\"dateModified\":\"2018-02-09T13:13:15+00:00\",\"author\":{\"@id\":\"https:\/\/www.sotrender.com\/blog\/#\/schema\/person\/48ed6f8ff39863778de8dd32f58467f5\"},\"description\":\"Twitter w Polsce 2017 - kto dominowa\u0142? Kt\u00f3re kana\u0142y ros\u0142y najszybciej? O czym najcz\u0119\u015bciej \u0107wierkano? Sprawd\u017acie nasz\u0105 infografik\u0119.\",\"breadcrumb\":{\"@id\":\"https:\/\/www.sotrender.com\/blog\/pl\/2018\/01\/twitter-w-polsce-2017-infografika\/#breadcrumb\"},\"inLanguage\":\"pl-PL\",\"potentialAction\":[{\"@type\":\"ReadAction\",\"target\":[\"https:\/\/www.sotrender.com\/blog\/pl\/2018\/01\/twitter-w-polsce-2017-infografika\/\"]}]},{\"@type\":\"ImageObject\",\"inLanguage\":\"pl-PL\",\"@id\":\"https:\/\/www.sotrender.com\/blog\/pl\/2018\/01\/twitter-w-polsce-2017-infografika\/#primaryimage\",\"url\":\"https:\/\/www.sotrender.com\/blog\/wp-content\/uploads\/2018\/01\/pascal-swier-144672.jpg\",\"contentUrl\":\"https:\/\/www.sotrender.com\/blog\/wp-content\/uploads\/2018\/01\/pascal-swier-144672.jpg\",\"width\":945,\"height\":630,\"caption\":\"Twitter w Polsce 2017 opanowany zosta\u0142 przez sport i polityk\u0119\"},{\"@type\":\"BreadcrumbList\",\"@id\":\"https:\/\/www.sotrender.com\/blog\/pl\/2018\/01\/twitter-w-polsce-2017-infografika\/#breadcrumb\",\"itemListElement\":[{\"@type\":\"ListItem\",\"position\":1,\"name\":\"Home\",\"item\":\"https:\/\/www.sotrender.com\/blog\/\"},{\"@type\":\"ListItem\",\"position\":2,\"name\":\"Twitter w Polsce &#8211; podsumowanie 2017 r. [INFOGRAFIKA]\"}]},{\"@type\":\"WebSite\",\"@id\":\"https:\/\/www.sotrender.com\/blog\/#website\",\"url\":\"https:\/\/www.sotrender.com\/blog\/\",\"name\":\"Sotrender Blog\",\"description\":\"\",\"potentialAction\":[{\"@type\":\"SearchAction\",\"target\":{\"@type\":\"EntryPoint\",\"urlTemplate\":\"https:\/\/www.sotrender.com\/blog\/?s={search_term_string}\"},\"query-input\":\"required name=search_term_string\"}],\"inLanguage\":\"pl-PL\"},{\"@type\":\"Person\",\"@id\":\"https:\/\/www.sotrender.com\/blog\/#\/schema\/person\/48ed6f8ff39863778de8dd32f58467f5\",\"name\":\"Micha\u0142 Wieczorek\",\"image\":{\"@type\":\"ImageObject\",\"inLanguage\":\"pl-PL\",\"@id\":\"https:\/\/www.sotrender.com\/blog\/#\/schema\/person\/image\/\",\"url\":\"https:\/\/secure.gravatar.com\/avatar\/65ceb2020aa2338488b9c5f33c10137f?s=96&d=mm&r=g\",\"contentUrl\":\"https:\/\/secure.gravatar.com\/avatar\/65ceb2020aa2338488b9c5f33c10137f?s=96&d=mm&r=g\",\"caption\":\"Micha\u0142 Wieczorek\"},\"description\":\"Baltic linguist, marketer, and music journalist in his free time. A big fan of good food and even better music.\",\"sameAs\":[\"https:\/\/www.linkedin.com\/in\/michaldwieczorek\",\"https:\/\/twitter.com\/http:\/\/twitter.com\/eveningo\"],\"url\":\"https:\/\/www.sotrender.com\/blog\/pl\/author\/micha_wieczorek\/\"}]}<\/script>\n<!-- \/ Yoast SEO plugin. -->","yoast_head_json":{"title":"Twitter w Polsce 2017 - podsumowanie [INFOGRAFIKA]","description":"Twitter w Polsce 2017 - kto dominowa\u0142? Kt\u00f3re kana\u0142y ros\u0142y najszybciej? O czym najcz\u0119\u015bciej \u0107wierkano? Sprawd\u017acie nasz\u0105 infografik\u0119.","robots":{"index":"index","follow":"follow","max-snippet":"max-snippet:-1","max-image-preview":"max-image-preview:large","max-video-preview":"max-video-preview:-1"},"canonical":"https:\/\/www.sotrender.com\/blog\/pl\/2018\/01\/twitter-w-polsce-2017-infografika\/","og_locale":"pl_PL","og_type":"article","og_title":"Twitter w Polsce 2017 - podsumowanie [INFOGRAFIKA]","og_description":"Twitter w Polsce 2017 - kto dominowa\u0142? Kt\u00f3re kana\u0142y ros\u0142y najszybciej? O czym najcz\u0119\u015bciej \u0107wierkano? Sprawd\u017acie nasz\u0105 infografik\u0119.","og_url":"https:\/\/www.sotrender.com\/blog\/pl\/2018\/01\/twitter-w-polsce-2017-infografika\/","og_site_name":"Sotrender Blog","article_publisher":"https:\/\/www.facebook.com\/Sotrender","article_published_time":"2018-01-25T10:54:50+00:00","article_modified_time":"2018-02-09T13:13:15+00:00","og_image":[{"width":945,"height":630,"url":"https:\/\/www.sotrender.com\/blog\/wp-content\/uploads\/2018\/01\/pascal-swier-144672.jpg","type":"image\/jpeg"}],"author":"Micha\u0142 Wieczorek","twitter_card":"summary_large_image","twitter_creator":"@http:\/\/twitter.com\/eveningo","twitter_site":"@Sotrender","twitter_misc":{"Written by":"Micha\u0142 Wieczorek","Est. reading time":"1 minute"},"schema":{"@context":"https:\/\/schema.org","@graph":[{"@type":"WebPage","@id":"https:\/\/www.sotrender.com\/blog\/pl\/2018\/01\/twitter-w-polsce-2017-infografika\/","url":"https:\/\/www.sotrender.com\/blog\/pl\/2018\/01\/twitter-w-polsce-2017-infografika\/","name":"Twitter w Polsce 2017 - podsumowanie [INFOGRAFIKA]","isPartOf":{"@id":"https:\/\/www.sotrender.com\/blog\/#website"},"primaryImageOfPage":{"@id":"https:\/\/www.sotrender.com\/blog\/pl\/2018\/01\/twitter-w-polsce-2017-infografika\/#primaryimage"},"image":{"@id":"https:\/\/www.sotrender.com\/blog\/pl\/2018\/01\/twitter-w-polsce-2017-infografika\/#primaryimage"},"thumbnailUrl":"https:\/\/www.sotrender.com\/blog\/wp-content\/uploads\/2018\/01\/pascal-swier-144672.jpg","datePublished":"2018-01-25T10:54:50+00:00","dateModified":"2018-02-09T13:13:15+00:00","author":{"@id":"https:\/\/www.sotrender.com\/blog\/#\/schema\/person\/48ed6f8ff39863778de8dd32f58467f5"},"description":"Twitter w Polsce 2017 - kto dominowa\u0142? Kt\u00f3re kana\u0142y ros\u0142y najszybciej? O czym najcz\u0119\u015bciej \u0107wierkano? Sprawd\u017acie nasz\u0105 infografik\u0119.","breadcrumb":{"@id":"https:\/\/www.sotrender.com\/blog\/pl\/2018\/01\/twitter-w-polsce-2017-infografika\/#breadcrumb"},"inLanguage":"pl-PL","potentialAction":[{"@type":"ReadAction","target":["https:\/\/www.sotrender.com\/blog\/pl\/2018\/01\/twitter-w-polsce-2017-infografika\/"]}]},{"@type":"ImageObject","inLanguage":"pl-PL","@id":"https:\/\/www.sotrender.com\/blog\/pl\/2018\/01\/twitter-w-polsce-2017-infografika\/#primaryimage","url":"https:\/\/www.sotrender.com\/blog\/wp-content\/uploads\/2018\/01\/pascal-swier-144672.jpg","contentUrl":"https:\/\/www.sotrender.com\/blog\/wp-content\/uploads\/2018\/01\/pascal-swier-144672.jpg","width":945,"height":630,"caption":"Twitter w Polsce 2017 opanowany zosta\u0142 przez sport i polityk\u0119"},{"@type":"BreadcrumbList","@id":"https:\/\/www.sotrender.com\/blog\/pl\/2018\/01\/twitter-w-polsce-2017-infografika\/#breadcrumb","itemListElement":[{"@type":"ListItem","position":1,"name":"Home","item":"https:\/\/www.sotrender.com\/blog\/"},{"@type":"ListItem","position":2,"name":"Twitter w Polsce &#8211; podsumowanie 2017 r. [INFOGRAFIKA]"}]},{"@type":"WebSite","@id":"https:\/\/www.sotrender.com\/blog\/#website","url":"https:\/\/www.sotrender.com\/blog\/","name":"Sotrender Blog","description":"","potentialAction":[{"@type":"SearchAction","target":{"@type":"EntryPoint","urlTemplate":"https:\/\/www.sotrender.com\/blog\/?s={search_term_string}"},"query-input":"required name=search_term_string"}],"inLanguage":"pl-PL"},{"@type":"Person","@id":"https:\/\/www.sotrender.com\/blog\/#\/schema\/person\/48ed6f8ff39863778de8dd32f58467f5","name":"Micha\u0142 Wieczorek","image":{"@type":"ImageObject","inLanguage":"pl-PL","@id":"https:\/\/www.sotrender.com\/blog\/#\/schema\/person\/image\/","url":"https:\/\/secure.gravatar.com\/avatar\/65ceb2020aa2338488b9c5f33c10137f?s=96&d=mm&r=g","contentUrl":"https:\/\/secure.gravatar.com\/avatar\/65ceb2020aa2338488b9c5f33c10137f?s=96&d=mm&r=g","caption":"Micha\u0142 Wieczorek"},"description":"Baltic linguist, marketer, and music journalist in his free time. A big fan of good food and even better music.","sameAs":["https:\/\/www.linkedin.com\/in\/michaldwieczorek","https:\/\/twitter.com\/http:\/\/twitter.com\/eveningo"],"url":"https:\/\/www.sotrender.com\/blog\/pl\/author\/micha_wieczorek\/"}]}},"_links":{"self":[{"href":"https:\/\/www.sotrender.com\/blog\/pl\/wp-json\/wp\/v2\/posts\/32343"}],"collection":[{"href":"https:\/\/www.sotrender.com\/blog\/pl\/wp-json\/wp\/v2\/posts"}],"about":[{"href":"https:\/\/www.sotrender.com\/blog\/pl\/wp-json\/wp\/v2\/types\/post"}],"author":[{"embeddable":true,"href":"https:\/\/www.sotrender.com\/blog\/pl\/wp-json\/wp\/v2\/users\/49"}],"replies":[{"embeddable":true,"href":"https:\/\/www.sotrender.com\/blog\/pl\/wp-json\/wp\/v2\/comments?post=32343"}],"version-history":[{"count":8,"href":"https:\/\/www.sotrender.com\/blog\/pl\/wp-json\/wp\/v2\/posts\/32343\/revisions"}],"predecessor-version":[{"id":33057,"href":"https:\/\/www.sotrender.com\/blog\/pl\/wp-json\/wp\/v2\/posts\/32343\/revisions\/33057"}],"wp:featuredmedia":[{"embeddable":true,"href":"https:\/\/www.sotrender.com\/blog\/pl\/wp-json\/wp\/v2\/media\/32357"}],"wp:attachment":[{"href":"https:\/\/www.sotrender.com\/blog\/pl\/wp-json\/wp\/v2\/media?parent=32343"}],"wp:term":[{"taxonomy":"category","embeddable":true,"href":"https:\/\/www.sotrender.com\/blog\/pl\/wp-json\/wp\/v2\/categories?post=32343"},{"taxonomy":"post_tag","embeddable":true,"href":"https:\/\/www.sotrender.com\/blog\/pl\/wp-json\/wp\/v2\/tags?post=32343"}],"curies":[{"name":"wp","href":"https:\/\/api.w.org\/{rel}","templated":true}]}}