{"id":32245,"date":"2018-01-16T12:17:52","date_gmt":"2018-01-16T11:17:52","guid":{"rendered":"https:\/\/www.sotrender.com\/blog\/?p=32245\/"},"modified":"2018-02-09T14:14:41","modified_gmt":"2018-02-09T13:14:41","slug":"zasieg-organiczny-facebook-zmiany","status":"publish","type":"post","link":"https:\/\/www.sotrender.com\/blog\/pl\/2018\/01\/zasieg-organiczny-facebook-zmiany\/","title":{"rendered":"Zasi\u0119g organiczny spada? Co przynios\u0105 kolejne zmiany Facebooka?"},"content":{"rendered":"<p><a href=\"https:\/\/www.facebook.com\/zuck\/posts\/10104413015393571\"><span style=\"font-weight: 400;\">Ostatnie o\u015bwiadczenie Marka Zuckerberga<\/span><\/a><span style=\"font-weight: 400;\"> wywo\u0142a\u0142o prawdziw\u0105 dyskusj\u0119 w\u015br\u00f3d wydawc\u00f3w i marketer\u00f3w. Facebook ma \u201cwr\u00f3ci\u0107 do swoich korzeni\u201d i najwi\u0119kszy nacisk ma po\u0142o\u017cy\u0107 ponownie na prawdziwe relacje z innymi u\u017cytkownikami, a nie bierne konsumowanie tre\u015bci. To z kolei ma wp\u0142yn\u0105\u0107 pozytywnie na samopoczucie u\u017cytkownik\u00f3w i najpewniej negatywnie na zasi\u0119g organiczny tre\u015bci publikowanych przez marki i media obecne na platformie. Jak to jednak wygl\u0105da obecnie? Czy administrator\u00f3w Stron czeka rewolucja? Odpowiedzi postanowili\u015bmy poszuka\u0107 w danych.\u00a0<\/span><\/p>\n<h2><strong>Jak zmienia\u0142 si\u0119 zasi\u0119g organiczny?<\/strong><\/h2>\n<p><span style=\"font-weight: 400;\">O <\/span><a href=\"https:\/\/www.sotrender.com\/blog\/pl\/2014\/11\/sri-zasieg-organiczny\/\"><span style=\"font-weight: 400;\">spadaj\u0105cym zasi\u0119gu organicznym<\/span><\/a><span style=\"font-weight: 400;\"> pisali\u015bmy ju\u017c kilkakrotnie. Przy prawie ka\u017cdej <\/span><a href=\"https:\/\/www.sotrender.com\/blog\/2016\/08\/how-does-facebook-algorithm-work\/\"><span style=\"font-weight: 400;\">aktualizacji algorytmu newsfeedu<\/span><\/a><span style=\"font-weight: 400;\">, tre\u015bci publikowane przez Strony osi\u0105ga\u0142y coraz mniejsze zasi\u0119gi. Tre\u015bci publikowane przez marki zacz\u0119\u0142y dociera\u0107 do zaledwie kilku procent fan\u00f3w. Facebook przez d\u0142ugi czas<\/span><a href=\"https:\/\/www.sotrender.com\/blog\/2015\/05\/posting-frequency-on-facebook\/\"><span style=\"font-weight: 400;\"> inaczej traktowa\u0142 marki i profile wydawc\u00f3w<\/span><\/a><span style=\"font-weight: 400;\">, tym drugim pozwalaj\u0105c na publikowanie cz\u0119\u015bciej ni\u017c raz dziennie bez bardzo znacz\u0105cych spadk\u00f3w w zasi\u0119gu organicznym. <\/span><\/p>\n<h2><strong>Na jaki zasi\u0119g organiczny mo\u017cesz liczy\u0107 dzisiaj?<\/strong><\/h2>\n<p><span style=\"font-weight: 400;\">Po ostatnim og\u0142oszeniu Facebooka, uruchomili\u015bmy ponown\u0105 analiz\u0119 zasi\u0119gu organicznego. Sotrender Data Science Team przebada\u0142 prawie 1200 polskich Stron (znajduj\u0105cych si\u0119 w naszej bazie) z kategorii <\/span><a href=\"https:\/\/www.sotrender.com\/trends\/facebook\/poland\/201712\/marki\"><span style=\"font-weight: 400;\">Marki<\/span><\/a><span style=\"font-weight: 400;\">, kt\u00f3rych liczba fan\u00f3w by\u0142a r\u00f3wna lub przewy\u017csza\u0142a 10 tysi\u0119cy. Okres badania to dwa lata, od stycznia 2016 do ko\u0144ca grudnia 2017. <\/span><\/p>\n<div id=\"attachment_32313\" style=\"width: 960px\" class=\"wp-caption aligncenter\"><a href=\"https:\/\/www.sotrender.com\/blog\/wp-content\/uploads\/2018\/01\/upload.png\"><img loading=\"lazy\" decoding=\"async\" aria-describedby=\"caption-attachment-32313\" class=\"wp-image-32313 size-large\" src=\"https:\/\/www.sotrender.com\/blog\/wp-content\/uploads\/2018\/01\/upload-950x566.png\" alt=\"Jak zmienia\u0142 si\u0119 zasi\u0119g organiczny najwi\u0119kszych stron na Facebooku. Kategoria Marki.\" width=\"950\" height=\"566\" srcset=\"https:\/\/www.sotrender.com\/blog\/wp-content\/uploads\/2018\/01\/upload-950x566.png 950w, https:\/\/www.sotrender.com\/blog\/wp-content\/uploads\/2018\/01\/upload-475x283.png 475w, https:\/\/www.sotrender.com\/blog\/wp-content\/uploads\/2018\/01\/upload-768x457.png 768w, https:\/\/www.sotrender.com\/blog\/wp-content\/uploads\/2018\/01\/upload-300x180.png 300w, https:\/\/www.sotrender.com\/blog\/wp-content\/uploads\/2018\/01\/upload.png 1243w\" sizes=\"(max-width: 950px) 100vw, 950px\" \/><\/a><p id=\"caption-attachment-32313\" class=\"wp-caption-text\">Jak zmienia\u0142 si\u0119 przeci\u0119tny zasi\u0119g organiczny post\u00f3w Stron Facebookowych z 10 tys. i wi\u0119cej fan\u00f3w z kategorii Marki? Dane: Sotrender, Stycze\u0144 2016-Grudzie\u0144 2017.<\/p><\/div>\n<p><span style=\"font-weight: 400;\">O ile w badanej kategorii znajduj\u0105 si\u0119 Strony z miesi\u0119cznym zasi\u0119giem organicznym si\u0119gaj\u0105cym blisko 50%, \u017ceby wykry\u0107 og\u00f3lne trendy, obserwowany wska\u017anik musieli\u015bmy u\u015bredni\u0107 wzgl\u0119dem miesi\u0105ca przy pomocy <\/span><a href=\"https:\/\/www.sotrender.com\/blog\/pl\/2017\/09\/sotrender-glosariusz\/\"><span style=\"font-weight: 400;\">mediany<\/span><\/a><span style=\"font-weight: 400;\">. <\/span><\/p>\n<p><span style=\"font-weight: 400;\">Co ciekawe, wzgl\u0119dny zasi\u0119g organiczny, czyli procent fan\u00f3w, do kt\u00f3rych miesi\u0119cznie dociera\u0142y posty Strony w spos\u00f3b bezp\u0142atny, wzrasta\u0142 w 2016 roku i w szczytowym miesi\u0105cu, listopadzie wynosi\u0142 <\/span><b>9%<\/b><span style=\"font-weight: 400;\">. Oznacza to, \u017ce jedynie 9% os\u00f3b, kt\u00f3re zdecydowa\u0142y si\u0119 \u015bledzi\u0107 analizowane przez nas Strony, zobaczy\u0142y opublikowane posty nie w postaci reklam. <\/span><\/p>\n<p><span style=\"font-weight: 400;\">W czasie analizy, zauwa\u017cyli\u015bmy r\u00f3wnie\u017c, \u017ce nie ma znacz\u0105cej r\u00f3\u017cnicy w bezp\u0142atnym zasi\u0119gu mi\u0119dzy bardzo du\u017cymi, a mniejszymi Stronami. Procent dotarcia ich komunikacji jest podobny, a czynniki powoduj\u0105ce wzrosty b\u0105d\u017a spadki, dzia\u0142aj\u0105 na wszystkich. <\/span><\/p>\n<p><span style=\"font-weight: 400;\">Od listopada 2016 roku, poza lipcem i listopadem 2017, przeci\u0119tny zasi\u0119g mala\u0142 z miesi\u0105ca na miesi\u0105c i na koniec roku wynosi\u0142 niespe\u0142na <\/span><b>5%<\/b><span style=\"font-weight: 400;\">! Zgadza\u0142oby si\u0119 to z <\/span><a href=\"https:\/\/www.facebook.com\/zuck\/posts\/10104413015393571\"><span style=\"font-weight: 400;\">o\u015bwiadczeniem<\/span><\/a><span style=\"font-weight: 400;\"> Marka Zuckerberga, \u017ce prace nad now\u0105 wersj\u0105 newsfeedu zacz\u0119\u0142y si\u0119 ju\u017c w ubieg\u0142ym roku.<\/span><\/p>\n<h2><span style=\"font-weight: 400;\"><strong>Czego mo\u017cemy si\u0119 spodziewa\u0107 po najnowszych zmianach na Facebooku?<\/strong><br \/>\n<\/span><br \/>\n<iframe loading=\"lazy\" style=\"border: none; overflow: hidden;\" src=\"https:\/\/www.facebook.com\/plugins\/video.php?href=https%3A%2F%2Fwww.facebook.com%2Ffacebook%2Fvideos%2F10156988765141729%2F&amp;show_text=0&amp;width=560\" width=\"560\" height=\"315\" frameborder=\"0\" scrolling=\"no\" allowfullscreen=\"allowfullscreen\"><\/iframe><\/h2>\n<p><span style=\"font-weight: 400;\">Zar\u00f3wno o\u015bwiadczenie szefa Facebooka, jak i kr\u00f3tkie wideo opublikowane na oficjalnej stronie serwisu nie przekazuj\u0105 zbyt du\u017co konkretnych informacji. Mo\u017cna si\u0119 spodziewa\u0107, \u017ce wraz wej\u015bciem w \u017cycie nowej polityki najwi\u0119kszego portalu spo\u0142eczno\u015bciowego, dotarcie ze swoim komunikatem do fan\u00f3w b\u0119dzie jeszcze ci\u0119\u017csze, a marki i wydawcy b\u0119d\u0105 musieli si\u0119gn\u0105\u0107 g\u0142\u0119biej do kieszeni, by pojawi\u0107 si\u0119 w newsfeedach u\u017cytkownik\u00f3w. <\/span><a href=\"http:\/\/www.wirtualnemedia.pl\/artykul\/nowy-algorytm-facebooka-zaszkodzi-wydawcom-i-uzytkownikom-moze-sprzyjac-ekspansji-fake-news\"><span style=\"font-weight: 400;\">Cz\u0119\u015b\u0107 komentator\u00f3w zwraca uwag\u0119<\/span><\/a><span style=\"font-weight: 400;\">, \u017ce zapowiadana zmiana nie tylko uderzy w wydawc\u00f3w, ale tak\u017ce w u\u017cytkownik\u00f3w i wbrew noworocznym zapowiedziom, fake newsy b\u0119d\u0105 jeszcze wi\u0119kszym problemem ni\u017c do tej pory.<\/span><\/p>\n<p><span style=\"font-weight: 400;\">Nasz CEO, dr Jan Zaj\u0105c przy\u0142\u0105cza si\u0119 do g\u0142os\u00f3w znanych i cenionych ekspert\u00f3w jak <\/span><a href=\"https:\/\/www.businessesgrow.com\/2018\/01\/12\/facebook-announcement\/\"><span style=\"font-weight: 400;\">Mark Schaefer<\/span><\/a><span style=\"font-weight: 400;\"> czy <\/span><a href=\"http:\/\/www.whysosocial.pl\/2018\/01\/zmiany-na-facebooku-czy-to-koniec-ruchu.html\"><span style=\"font-weight: 400;\">Artur Roguski<\/span><\/a><span style=\"font-weight: 400;\"> i przestrzega przed panik\u0105: <\/span><i><span style=\"font-weight: 400;\">moim zdaniem ograniczanie zasi\u0119gu organicznego przez Facebooka b\u0119dzie jednym z najwa\u017cniejszych zagadnie\u0144 dla marketingu w social media w 2018 r. Wraz z kolejnymi zmianami markom coraz trudniej b\u0119dzie trafia\u0107 do fan\u00f3w bez wydatk\u00f3w na reklam\u0119. Nie b\u0119dzie to niemo\u017cliwe, ale b\u0119dzie coraz trudniejsze. Jeszcze lepszy dob\u00f3r tre\u015bci, umiej\u0119tne anga\u017cowanie odbiorc\u00f3w (bez tzw. click-bait\u00f3w &#8211; serwis twierdzi, \u017ce wprowadzi\u0142 rozwi\u0105zania tropi\u0105ce takie zagrywki i karz\u0105ce za nie), wykorzystanie r\u00f3\u017cnych nowinek (np. transmisje na \u017cywo czy integracja z Instagramem), czy wr\u0119cz nowych form (np. Grupy) &#8211; mi\u0119dzy innymi tymi elementami cz\u0119\u015b\u0107 specjalist\u00f3w, zw\u0142aszcza z mniejszych firm, b\u0119dzie dalej gra\u0142a z Facebookiem w gr\u0119 o zasi\u0119gi. Inni stwierdz\u0105, \u017ce pro\u015bciej b\u0119dzie po prostu zwi\u0119kszy\u0107 bud\u017cet reklamowy i zadba\u0107 o skuteczne jego wydawanie. Jeszcze inni skieruj\u0105 wi\u0119ksz\u0105 uwag\u0119 na takie platformy jak YouTube czy Instagram.<\/span><\/i><\/p>\n<p><span style=\"font-weight: 400;\">A co ze Stronami, kt\u00f3re ju\u017c teraz odpowiednio anga\u017cuj\u0105 u\u017cytkownik\u00f3w i ich posty wywo\u0142uj\u0105 \u201dwarto\u015bciowe dyskusje i interakcje\u201d, jak na przyk\u0142ad strony seriali telewizyjnych? Teoretycznie te maj\u0105 nie odczu\u0107 zmian. Pozosta\u0142e? Czy i jak mocno spadnie im zasi\u0119g? Przekonamy si\u0119 o tym w najbli\u017cszych miesi\u0105cach, a Sotrender b\u0119dzie bacznie obserwowa\u0107 trendy i informowa\u0107 Was o kolejnych zmianach na Facebooku.<\/span><\/p>\n<p style=\"text-align: center;\"><!--HubSpot Call-to-Action Code --><span id=\"hs-cta-wrapper-c4243256-775c-4f09-9dae-182c6d1fa4e1\" class=\"hs-cta-wrapper\"><span id=\"hs-cta-c4243256-775c-4f09-9dae-182c6d1fa4e1\" class=\"hs-cta-node hs-cta-c4243256-775c-4f09-9dae-182c6d1fa4e1\"><!-- [if lte IE 8]><\/p>\n\n\n\n\n\n<div id=\"hs-cta-ie-element\"><\/div>\n\n\n<![endif]--><a href=\"https:\/\/cta-redirect.hubspot.com\/cta\/redirect\/3842881\/c4243256-775c-4f09-9dae-182c6d1fa4e1\"><img decoding=\"async\" id=\"hs-cta-img-c4243256-775c-4f09-9dae-182c6d1fa4e1\" class=\"hs-cta-img aligncenter\" style=\"border-width: 0px;\" src=\"https:\/\/no-cache.hubspot.com\/cta\/default\/3842881\/c4243256-775c-4f09-9dae-182c6d1fa4e1.png\" alt=\"Mierz swoje dzia\u0142ania w social media!\" \/><\/a><\/span><script charset=\"utf-8\" src=\"https:\/\/js.hscta.net\/cta\/current.js\"><\/script><script type=\"text\/javascript\"> hbspt.cta.load(3842881, 'c4243256-775c-4f09-9dae-182c6d1fa4e1', {}); <\/script><\/span><!-- end HubSpot Call-to-Action Code --><\/p>\n","protected":false},"excerpt":{"rendered":"<p>Ostatnie o\u015bwiadczenie Marka Zuckerberga wywo\u0142a\u0142o prawdziw\u0105 dyskusj\u0119 w\u015br\u00f3d wydawc\u00f3w i marketer\u00f3w. Facebook ma \u201cwr\u00f3ci\u0107 do swoich korzeni\u201d i najwi\u0119kszy nacisk ma po\u0142o\u017cy\u0107 ponownie na prawdziwe relacje z innymi u\u017cytkownikami, a nie bierne konsumowanie tre\u015bci. To z kolei ma wp\u0142yn\u0105\u0107 pozytywnie na samopoczucie u\u017cytkownik\u00f3w i najpewniej negatywnie na zasi\u0119g organiczny tre\u015bci publikowanych przez marki i media [&hellip;]<\/p>\n","protected":false},"author":49,"featured_media":32323,"comment_status":"open","ping_status":"open","sticky":false,"template":"","format":"standard","meta":{"inline_featured_image":false,"footnotes":""},"categories":[2125,2275,1793,1797],"tags":[2705,17,643],"yoast_head":"<!-- This site is optimized with the Yoast SEO plugin v22.4 - https:\/\/yoast.com\/wordpress\/plugins\/seo\/ -->\n<title>Zasi\u0119g organiczny spada? Co przynios\u0105 kolejne zmiany Facebooka?<\/title>\n<meta name=\"description\" content=\"Zasi\u0119g organiczny spada? Wszystkim? Czy zapowiedziane przez CEO Facebooka zmiany powinny nas niepokoi\u0107? Sotrender postanowi\u0142 odpowiedzi poszuka\u0107 w danych.\" \/>\n<meta name=\"robots\" content=\"index, follow, max-snippet:-1, max-image-preview:large, max-video-preview:-1\" \/>\n<link rel=\"canonical\" href=\"https:\/\/www.sotrender.com\/blog\/pl\/2018\/01\/zasieg-organiczny-facebook-zmiany\/\" \/>\n<meta property=\"og:locale\" content=\"pl_PL\" \/>\n<meta property=\"og:type\" content=\"article\" \/>\n<meta property=\"og:title\" content=\"Zasi\u0119g organiczny spada? Co przynios\u0105 kolejne zmiany Facebooka?\" \/>\n<meta property=\"og:description\" content=\"Zasi\u0119g organiczny spada? Wszystkim? Czy zapowiedziane przez CEO Facebooka zmiany powinny nas niepokoi\u0107? Sotrender postanowi\u0142 odpowiedzi poszuka\u0107 w danych.\" \/>\n<meta property=\"og:url\" content=\"https:\/\/www.sotrender.com\/blog\/pl\/2018\/01\/zasieg-organiczny-facebook-zmiany\/\" \/>\n<meta property=\"og:site_name\" content=\"Sotrender Blog\" \/>\n<meta property=\"article:publisher\" content=\"https:\/\/www.facebook.com\/Sotrender\" \/>\n<meta property=\"article:published_time\" content=\"2018-01-16T11:17:52+00:00\" \/>\n<meta property=\"article:modified_time\" content=\"2018-02-09T13:14:41+00:00\" \/>\n<meta property=\"og:image\" content=\"https:\/\/www.sotrender.com\/blog\/wp-content\/uploads\/2018\/01\/ben-sweet-456320.jpg\" \/>\n\t<meta property=\"og:image:width\" content=\"1000\" \/>\n\t<meta property=\"og:image:height\" content=\"630\" \/>\n\t<meta property=\"og:image:type\" content=\"image\/jpeg\" \/>\n<meta name=\"author\" content=\"Micha\u0142 Wieczorek\" \/>\n<meta name=\"twitter:card\" content=\"summary_large_image\" \/>\n<meta name=\"twitter:creator\" content=\"@http:\/\/twitter.com\/eveningo\" \/>\n<meta name=\"twitter:site\" content=\"@Sotrender\" \/>\n<meta name=\"twitter:label1\" content=\"Written by\" \/>\n\t<meta name=\"twitter:data1\" content=\"Micha\u0142 Wieczorek\" \/>\n\t<meta name=\"twitter:label2\" content=\"Est. reading time\" \/>\n\t<meta name=\"twitter:data2\" content=\"4 minutes\" \/>\n<script type=\"application\/ld+json\" class=\"yoast-schema-graph\">{\"@context\":\"https:\/\/schema.org\",\"@graph\":[{\"@type\":\"WebPage\",\"@id\":\"https:\/\/www.sotrender.com\/blog\/pl\/2018\/01\/zasieg-organiczny-facebook-zmiany\/\",\"url\":\"https:\/\/www.sotrender.com\/blog\/pl\/2018\/01\/zasieg-organiczny-facebook-zmiany\/\",\"name\":\"Zasi\u0119g organiczny spada? Co przynios\u0105 kolejne zmiany Facebooka?\",\"isPartOf\":{\"@id\":\"https:\/\/www.sotrender.com\/blog\/#website\"},\"primaryImageOfPage\":{\"@id\":\"https:\/\/www.sotrender.com\/blog\/pl\/2018\/01\/zasieg-organiczny-facebook-zmiany\/#primaryimage\"},\"image\":{\"@id\":\"https:\/\/www.sotrender.com\/blog\/pl\/2018\/01\/zasieg-organiczny-facebook-zmiany\/#primaryimage\"},\"thumbnailUrl\":\"https:\/\/www.sotrender.com\/blog\/wp-content\/uploads\/2018\/01\/ben-sweet-456320.jpg\",\"datePublished\":\"2018-01-16T11:17:52+00:00\",\"dateModified\":\"2018-02-09T13:14:41+00:00\",\"author\":{\"@id\":\"https:\/\/www.sotrender.com\/blog\/#\/schema\/person\/48ed6f8ff39863778de8dd32f58467f5\"},\"description\":\"Zasi\u0119g organiczny spada? Wszystkim? Czy zapowiedziane przez CEO Facebooka zmiany powinny nas niepokoi\u0107? Sotrender postanowi\u0142 odpowiedzi poszuka\u0107 w danych.\",\"breadcrumb\":{\"@id\":\"https:\/\/www.sotrender.com\/blog\/pl\/2018\/01\/zasieg-organiczny-facebook-zmiany\/#breadcrumb\"},\"inLanguage\":\"pl-PL\",\"potentialAction\":[{\"@type\":\"ReadAction\",\"target\":[\"https:\/\/www.sotrender.com\/blog\/pl\/2018\/01\/zasieg-organiczny-facebook-zmiany\/\"]}]},{\"@type\":\"ImageObject\",\"inLanguage\":\"pl-PL\",\"@id\":\"https:\/\/www.sotrender.com\/blog\/pl\/2018\/01\/zasieg-organiczny-facebook-zmiany\/#primaryimage\",\"url\":\"https:\/\/www.sotrender.com\/blog\/wp-content\/uploads\/2018\/01\/ben-sweet-456320.jpg\",\"contentUrl\":\"https:\/\/www.sotrender.com\/blog\/wp-content\/uploads\/2018\/01\/ben-sweet-456320.jpg\",\"width\":1000,\"height\":630,\"caption\":\"Jak zapowiedziane przez Facebooka zmiany wp\u0142yn\u0105 na zasi\u0119g organiczny?\"},{\"@type\":\"BreadcrumbList\",\"@id\":\"https:\/\/www.sotrender.com\/blog\/pl\/2018\/01\/zasieg-organiczny-facebook-zmiany\/#breadcrumb\",\"itemListElement\":[{\"@type\":\"ListItem\",\"position\":1,\"name\":\"Home\",\"item\":\"https:\/\/www.sotrender.com\/blog\/\"},{\"@type\":\"ListItem\",\"position\":2,\"name\":\"Zasi\u0119g organiczny spada? Co przynios\u0105 kolejne zmiany Facebooka?\"}]},{\"@type\":\"WebSite\",\"@id\":\"https:\/\/www.sotrender.com\/blog\/#website\",\"url\":\"https:\/\/www.sotrender.com\/blog\/\",\"name\":\"Sotrender Blog\",\"description\":\"\",\"potentialAction\":[{\"@type\":\"SearchAction\",\"target\":{\"@type\":\"EntryPoint\",\"urlTemplate\":\"https:\/\/www.sotrender.com\/blog\/?s={search_term_string}\"},\"query-input\":\"required name=search_term_string\"}],\"inLanguage\":\"pl-PL\"},{\"@type\":\"Person\",\"@id\":\"https:\/\/www.sotrender.com\/blog\/#\/schema\/person\/48ed6f8ff39863778de8dd32f58467f5\",\"name\":\"Micha\u0142 Wieczorek\",\"image\":{\"@type\":\"ImageObject\",\"inLanguage\":\"pl-PL\",\"@id\":\"https:\/\/www.sotrender.com\/blog\/#\/schema\/person\/image\/\",\"url\":\"https:\/\/secure.gravatar.com\/avatar\/65ceb2020aa2338488b9c5f33c10137f?s=96&d=mm&r=g\",\"contentUrl\":\"https:\/\/secure.gravatar.com\/avatar\/65ceb2020aa2338488b9c5f33c10137f?s=96&d=mm&r=g\",\"caption\":\"Micha\u0142 Wieczorek\"},\"description\":\"Baltic linguist, marketer, and music journalist in his free time. A big fan of good food and even better music.\",\"sameAs\":[\"https:\/\/www.linkedin.com\/in\/michaldwieczorek\",\"https:\/\/twitter.com\/http:\/\/twitter.com\/eveningo\"],\"url\":\"https:\/\/www.sotrender.com\/blog\/pl\/author\/micha_wieczorek\/\"}]}<\/script>\n<!-- \/ Yoast SEO plugin. -->","yoast_head_json":{"title":"Zasi\u0119g organiczny spada? Co przynios\u0105 kolejne zmiany Facebooka?","description":"Zasi\u0119g organiczny spada? Wszystkim? Czy zapowiedziane przez CEO Facebooka zmiany powinny nas niepokoi\u0107? Sotrender postanowi\u0142 odpowiedzi poszuka\u0107 w danych.","robots":{"index":"index","follow":"follow","max-snippet":"max-snippet:-1","max-image-preview":"max-image-preview:large","max-video-preview":"max-video-preview:-1"},"canonical":"https:\/\/www.sotrender.com\/blog\/pl\/2018\/01\/zasieg-organiczny-facebook-zmiany\/","og_locale":"pl_PL","og_type":"article","og_title":"Zasi\u0119g organiczny spada? Co przynios\u0105 kolejne zmiany Facebooka?","og_description":"Zasi\u0119g organiczny spada? Wszystkim? Czy zapowiedziane przez CEO Facebooka zmiany powinny nas niepokoi\u0107? Sotrender postanowi\u0142 odpowiedzi poszuka\u0107 w danych.","og_url":"https:\/\/www.sotrender.com\/blog\/pl\/2018\/01\/zasieg-organiczny-facebook-zmiany\/","og_site_name":"Sotrender Blog","article_publisher":"https:\/\/www.facebook.com\/Sotrender","article_published_time":"2018-01-16T11:17:52+00:00","article_modified_time":"2018-02-09T13:14:41+00:00","og_image":[{"width":1000,"height":630,"url":"https:\/\/www.sotrender.com\/blog\/wp-content\/uploads\/2018\/01\/ben-sweet-456320.jpg","type":"image\/jpeg"}],"author":"Micha\u0142 Wieczorek","twitter_card":"summary_large_image","twitter_creator":"@http:\/\/twitter.com\/eveningo","twitter_site":"@Sotrender","twitter_misc":{"Written by":"Micha\u0142 Wieczorek","Est. reading time":"4 minutes"},"schema":{"@context":"https:\/\/schema.org","@graph":[{"@type":"WebPage","@id":"https:\/\/www.sotrender.com\/blog\/pl\/2018\/01\/zasieg-organiczny-facebook-zmiany\/","url":"https:\/\/www.sotrender.com\/blog\/pl\/2018\/01\/zasieg-organiczny-facebook-zmiany\/","name":"Zasi\u0119g organiczny spada? Co przynios\u0105 kolejne zmiany Facebooka?","isPartOf":{"@id":"https:\/\/www.sotrender.com\/blog\/#website"},"primaryImageOfPage":{"@id":"https:\/\/www.sotrender.com\/blog\/pl\/2018\/01\/zasieg-organiczny-facebook-zmiany\/#primaryimage"},"image":{"@id":"https:\/\/www.sotrender.com\/blog\/pl\/2018\/01\/zasieg-organiczny-facebook-zmiany\/#primaryimage"},"thumbnailUrl":"https:\/\/www.sotrender.com\/blog\/wp-content\/uploads\/2018\/01\/ben-sweet-456320.jpg","datePublished":"2018-01-16T11:17:52+00:00","dateModified":"2018-02-09T13:14:41+00:00","author":{"@id":"https:\/\/www.sotrender.com\/blog\/#\/schema\/person\/48ed6f8ff39863778de8dd32f58467f5"},"description":"Zasi\u0119g organiczny spada? Wszystkim? Czy zapowiedziane przez CEO Facebooka zmiany powinny nas niepokoi\u0107? Sotrender postanowi\u0142 odpowiedzi poszuka\u0107 w danych.","breadcrumb":{"@id":"https:\/\/www.sotrender.com\/blog\/pl\/2018\/01\/zasieg-organiczny-facebook-zmiany\/#breadcrumb"},"inLanguage":"pl-PL","potentialAction":[{"@type":"ReadAction","target":["https:\/\/www.sotrender.com\/blog\/pl\/2018\/01\/zasieg-organiczny-facebook-zmiany\/"]}]},{"@type":"ImageObject","inLanguage":"pl-PL","@id":"https:\/\/www.sotrender.com\/blog\/pl\/2018\/01\/zasieg-organiczny-facebook-zmiany\/#primaryimage","url":"https:\/\/www.sotrender.com\/blog\/wp-content\/uploads\/2018\/01\/ben-sweet-456320.jpg","contentUrl":"https:\/\/www.sotrender.com\/blog\/wp-content\/uploads\/2018\/01\/ben-sweet-456320.jpg","width":1000,"height":630,"caption":"Jak zapowiedziane przez Facebooka zmiany wp\u0142yn\u0105 na zasi\u0119g organiczny?"},{"@type":"BreadcrumbList","@id":"https:\/\/www.sotrender.com\/blog\/pl\/2018\/01\/zasieg-organiczny-facebook-zmiany\/#breadcrumb","itemListElement":[{"@type":"ListItem","position":1,"name":"Home","item":"https:\/\/www.sotrender.com\/blog\/"},{"@type":"ListItem","position":2,"name":"Zasi\u0119g organiczny spada? Co przynios\u0105 kolejne zmiany Facebooka?"}]},{"@type":"WebSite","@id":"https:\/\/www.sotrender.com\/blog\/#website","url":"https:\/\/www.sotrender.com\/blog\/","name":"Sotrender Blog","description":"","potentialAction":[{"@type":"SearchAction","target":{"@type":"EntryPoint","urlTemplate":"https:\/\/www.sotrender.com\/blog\/?s={search_term_string}"},"query-input":"required name=search_term_string"}],"inLanguage":"pl-PL"},{"@type":"Person","@id":"https:\/\/www.sotrender.com\/blog\/#\/schema\/person\/48ed6f8ff39863778de8dd32f58467f5","name":"Micha\u0142 Wieczorek","image":{"@type":"ImageObject","inLanguage":"pl-PL","@id":"https:\/\/www.sotrender.com\/blog\/#\/schema\/person\/image\/","url":"https:\/\/secure.gravatar.com\/avatar\/65ceb2020aa2338488b9c5f33c10137f?s=96&d=mm&r=g","contentUrl":"https:\/\/secure.gravatar.com\/avatar\/65ceb2020aa2338488b9c5f33c10137f?s=96&d=mm&r=g","caption":"Micha\u0142 Wieczorek"},"description":"Baltic linguist, marketer, and music journalist in his free time. A big fan of good food and even better music.","sameAs":["https:\/\/www.linkedin.com\/in\/michaldwieczorek","https:\/\/twitter.com\/http:\/\/twitter.com\/eveningo"],"url":"https:\/\/www.sotrender.com\/blog\/pl\/author\/micha_wieczorek\/"}]}},"_links":{"self":[{"href":"https:\/\/www.sotrender.com\/blog\/pl\/wp-json\/wp\/v2\/posts\/32245"}],"collection":[{"href":"https:\/\/www.sotrender.com\/blog\/pl\/wp-json\/wp\/v2\/posts"}],"about":[{"href":"https:\/\/www.sotrender.com\/blog\/pl\/wp-json\/wp\/v2\/types\/post"}],"author":[{"embeddable":true,"href":"https:\/\/www.sotrender.com\/blog\/pl\/wp-json\/wp\/v2\/users\/49"}],"replies":[{"embeddable":true,"href":"https:\/\/www.sotrender.com\/blog\/pl\/wp-json\/wp\/v2\/comments?post=32245"}],"version-history":[{"count":39,"href":"https:\/\/www.sotrender.com\/blog\/pl\/wp-json\/wp\/v2\/posts\/32245\/revisions"}],"predecessor-version":[{"id":33059,"href":"https:\/\/www.sotrender.com\/blog\/pl\/wp-json\/wp\/v2\/posts\/32245\/revisions\/33059"}],"wp:featuredmedia":[{"embeddable":true,"href":"https:\/\/www.sotrender.com\/blog\/pl\/wp-json\/wp\/v2\/media\/32323"}],"wp:attachment":[{"href":"https:\/\/www.sotrender.com\/blog\/pl\/wp-json\/wp\/v2\/media?parent=32245"}],"wp:term":[{"taxonomy":"category","embeddable":true,"href":"https:\/\/www.sotrender.com\/blog\/pl\/wp-json\/wp\/v2\/categories?post=32245"},{"taxonomy":"post_tag","embeddable":true,"href":"https:\/\/www.sotrender.com\/blog\/pl\/wp-json\/wp\/v2\/tags?post=32245"}],"curies":[{"name":"wp","href":"https:\/\/api.w.org\/{rel}","templated":true}]}}