{"id":32119,"date":"2018-01-11T09:30:00","date_gmt":"2018-01-11T08:30:00","guid":{"rendered":"https:\/\/www.sotrender.com\/blog\/?p=32119\/"},"modified":"2024-10-28T08:37:32","modified_gmt":"2024-10-28T07:37:32","slug":"organizacje-ngo-i-media-spolecznosciowe-zwiazek-idealny","status":"publish","type":"post","link":"https:\/\/www.sotrender.com\/blog\/pl\/2018\/01\/organizacje-ngo-i-media-spolecznosciowe-zwiazek-idealny\/","title":{"rendered":"Organizacje NGO i media spo\u0142eczno\u015bciowe &#8211; zwi\u0105zek idealny?"},"content":{"rendered":"<p>W Polsce dzia\u0142a obecnie ponad 120 tys. fundacji i organizacji pozarz\u0105dowych. O ile Wielkiej Orkiestry \u015awi\u0105tecznej Pomocy czy Szlachetnej Paczki nikomu nie trzeba ju\u017c przedstawia\u0107, o wielu akcjach nie us\u0142yszeliby\u015bmy zapewne nigdy, gdyby nie media spo\u0142eczno\u015bciowe. Zainspirowani zmianami w naszych raportach Trends, a tak\u017ce wyj\u0105tkow\u0105 atmosfer\u0105 zimowo-\u015bwi\u0105teczno-noworoczn\u0105, postanowili\u015bmy przyjrze\u0107 si\u0119 nieco dok\u0142adniej temu w\u0142a\u015bnie po\u0142\u0105czeniu: organizacje NGO i media spo\u0142eczno\u015bciowe &#8211; czy to zwi\u0105zek idealny?<\/p>\n<p><!--more--><\/p>\n<h2>Akcje spo\u0142eczne silne w social mediach<\/h2>\n<p>W pa\u017adzierniku 2017 media spo\u0142eczno\u015bciowe obieg\u0142y kr\u00f3tkie materia\u0142y wideo, kt\u00f3re m\u00f3wi\u0142y o seksie, antykoncepcji, zdrowiu czy wizytach u ginekologa. Okaza\u0142o si\u0119, \u017ce by\u0142 to pocz\u0105tek akcji <strong>#sexedpl<\/strong>, kt\u00f3r\u0105 zainicjowa\u0142a Anja Rubik a prowadzona przy wsp\u00f3\u0142pracy grupy Dziewuchy Dziewuchom (<a href=\"http:\/\/dziewuchydziewuchom.pl\/\">Dziewuchy<\/a> to \u201cszeroki ruch spo\u0142eczny zawi\u0105zany w sprzeciwie wobec zaostrzania przepis\u00f3w antyaborcyjnych\u201d). Sama inicjatywa mia\u0142a na celu edukacj\u0119 seksualn\u0105 Polak\u00f3w i poruszanie r\u00f3\u017cnych temat\u00f3w zwi\u0105zanych z seksualno\u015bci\u0105.<\/p>\n<p><iframe loading=\"lazy\" src=\"https:\/\/www.youtube.com\/embed\/x4bZa4vsOII\" width=\"560\" height=\"315\" frameborder=\"0\" allowfullscreen=\"allowfullscreen\"><\/iframe><\/p>\n<p>Kilka s\u0142\u00f3w o #sexedpl pisali\u015bmy ju\u017c na samym pocz\u0105tku przy okazji <span style=\"text-decoration: underline;\"><a href=\"https:\/\/www.sotrender.com\/blog\/pl\/2017\/11\/instagram-trends-pazdziernik-2017\/\">pa\u017adziernikowego wydania raportu Instagram Trends<\/a><\/span>. Jest to bowiem \u015bwietny przyk\u0142ad na to, jak stosunkowo niewielkie podmioty, ale za pomoc\u0105 odpowiednich \u015brodk\u00f3w przekazu i we wsp\u00f3\u0142pracy z dobrze dobranymi osobami (w tym przypadku byli to celebryci popularni oraz opiniotw\u00f3rczy w \u015brodowiskach m\u0142odych os\u00f3b), s\u0105 w stanie wiele zdzia\u0142a\u0107 i do jak wielu odbiorc\u00f3w mog\u0105 dotrze\u0107.<\/p>\n<p>Od 27 pa\u017adziernika, kiedy zosta\u0142o opublikowane pierwsze wideo na <a href=\"https:\/\/www.youtube.com\/channel\/UCsMV2wCbmBkv8fdV7T6Pp_w\/\">YouTubie <\/a><span style=\"text-decoration: underline;\"><a href=\"https:\/\/www.youtube.com\/channel\/UCsMV2wCbmBkv8fdV7T6Pp_w\/\">sexedpl<\/a><\/span>, wszystkie materia\u0142y zosta\u0142y wy\u015bwietlone ponad milion razy (1 002 596 wy\u015bwietle\u0144; 10.01.2018).<\/p>\n<p><iframe loading=\"lazy\" style=\"border: none; overflow: hidden;\" src=\"https:\/\/www.facebook.com\/plugins\/post.php?href=https%3A%2F%2Fwww.facebook.com%2Fdziewuchydziewuchom%2Fphotos%2Fa.1017267051681643.1073741827.1013871075354574%2F1714791371929204%2F%3Ftype%3D3&amp;width=500\" width=\"500\" height=\"483\" frameborder=\"0\" scrolling=\"no\"><\/iframe><\/p>\n<h2>Ju\u017c dzi\u015b przeka\u017c datek za pomoc\u0105 Facebooka<\/h2>\n<p>Chyba wszyscy doskonale zdaj\u0105 sobie spraw\u0119, \u017ce samo dotarcie z konkretnym przekazem do obywateli to za ma\u0142o. Niestety do podj\u0119cia jakichkolwiek dzia\u0142a\u0144, jak r\u00f3wnie\u017c do samego funkcjonowania organizacji NGO potrzebne s\u0105 fundusze. A ich zbieranie bywa skomplikowane i \u017cmudne. Naprzeciw wszystkim wyszed\u0142 sam Facebook.<\/p>\n<p>W grudniu 2017 roku Facebook udost\u0119pni\u0142 w Polsce mo\u017cliwo\u015b\u0107 przekazania pomocy w postaci \u015brodk\u00f3w finansowych bezpo\u015brednio przez sw\u00f3j serwis do wybranej organizacji pozarz\u0105dowej.<\/p>\n<div style=\"width: 783px\" class=\"wp-caption aligncenter\"><img loading=\"lazy\" decoding=\"async\" src=\"https:\/\/www.sotrender.com\/blog\/wp-content\/uploads\/2018\/01\/47477a1a-c03e-4508-b7d6-81305927511b_pasted20image200.png\" alt=\"przeka\u017c datek, donate, facebook, nowa funkcja\" width=\"773\" height=\"342\" \/><p class=\"wp-caption-text\">Nowa funkcja na Facebooku &#8211; <strong>Przeka\u017c datek<\/strong><\/p><\/div>\n<p>Funkcja ta dost\u0119pna jest z trzech poziom\u00f3w:<\/p>\n<ul>\n<li>posta &#8211; niezale\u017cnie od jego formy (zdj\u0119cie, film, tekst),<\/li>\n<li>nag\u0142\u00f3wka Strony (tu\u017c pod zdj\u0119ciem w tle), co jest chyba najwa\u017cniejszym udogodnieniem, poniewa\u017c przycisk jest widoczny dla u\u017cytkownik\u00f3w za ka\u017cdym razem tu\u017c po wej\u015bciu na profil danej organizacji,<\/li>\n<li>transmisji na \u017cywo &#8211; zar\u00f3wno podczas jej trwania jak i po jej zako\u0144czeniu.<\/li>\n<\/ul>\n<p>To ruch, dzi\u0119ki kt\u00f3remu Facebook nie tylko chce pokaza\u0107 swoj\u0105 bardziej ludzk\u0105 twarz, ale te\u017c podkre\u015bli\u0107, \u017ce jako serwis spo\u0142eczno\u015bciowy mo\u017ce, cz\u0119sto wbrew mylnym przekonaniom, s\u0142u\u017cy\u0107 r\u00f3wnie\u017c do s\u0142usznych cel\u00f3w. Z pewno\u015bci\u0105 rozumie r\u00f3wnie\u017c, \u017ce media spo\u0142eczno\u015bciowe s\u0105 niezwykle wa\u017cne dla trzeciego sektora, poniewa\u017c umo\u017cliwiaj\u0105 im komunikacj\u0119 ze spo\u0142ecze\u0144stwem.<\/p>\n<p>Przycisk \u201cPrzeka\u017c datek\u201d to spore usprawnienie i u\u0142atwienie, dla os\u00f3b, kt\u00f3re w prosty spos\u00f3b i bez wychodzenia z domu chc\u0105 pom\u00f3c innym.<\/p>\n<p style=\"text-align: center;\"><!--HubSpot Call-to-Action Code --><span id=\"hs-cta-wrapper-c4243256-775c-4f09-9dae-182c6d1fa4e1\" class=\"hs-cta-wrapper\"><span id=\"hs-cta-c4243256-775c-4f09-9dae-182c6d1fa4e1\" class=\"hs-cta-node hs-cta-c4243256-775c-4f09-9dae-182c6d1fa4e1\"><!-- [if lte IE 8]><\/p>\n\n\n\n\n\n<div id=\"hs-cta-ie-element\"><\/div>\n\n\n<![endif]--><a href=\"https:\/\/cta-redirect.hubspot.com\/cta\/redirect\/3842881\/c4243256-775c-4f09-9dae-182c6d1fa4e1\"><img decoding=\"async\" id=\"hs-cta-img-c4243256-775c-4f09-9dae-182c6d1fa4e1\" class=\"hs-cta-img aligncenter\" style=\"border-width: 0px;\" src=\"https:\/\/no-cache.hubspot.com\/cta\/default\/3842881\/c4243256-775c-4f09-9dae-182c6d1fa4e1.png\" alt=\"Mierz swoje dzia\u0142ania w social media!\" \/><\/a><\/span><script charset=\"utf-8\" src=\"https:\/\/js.hscta.net\/cta\/current.js\"><\/script><script type=\"text\/javascript\"> hbspt.cta.load(3842881, 'c4243256-775c-4f09-9dae-182c6d1fa4e1', {}); <\/script><\/span><!-- end HubSpot Call-to-Action Code --><\/p>\n<h2>Pomoc czworonogom<\/h2>\n<p>Jednymi z pr\u0119\u017cniej dzia\u0142aj\u0105cych organizacji NGO s\u0105 obecnie ruchy dzia\u0142aj\u0105ce w obronie zwierz\u0105t i ich praw.<\/p>\n<p>Zima to okres szczeg\u00f3lny, poniewa\u017c zar\u00f3wno schroniska jak i bezdomne zwierz\u0119ta musz\u0105 boryka\u0107 si\u0119 z wi\u0119kszymi problemami i trudno\u015bciami z prze\u017cyciem ni\u017c w pozosta\u0142e pory roku. Chodzi nie tylko o problemy z po\u017cywieniem czy schronieniem, ale r\u00f3wnie\u017c m.in. o porzucanie zwierz\u0105t czy przepe\u0142nione schroniska.<\/p>\n<p>Jednym z najlepiej radz\u0105cych sobie profili w mediach spo\u0142eczno\u015bciowych w tej kategorii jest Fundacja Mi\u0119dzynarodowy Ruch Na Rzecz Zwierz\u0105t Viva!.<\/p>\n<div style=\"width: 799px\" class=\"wp-caption aligncenter\"><img loading=\"lazy\" decoding=\"async\" src=\"https:\/\/www.sotrender.com\/blog\/wp-content\/uploads\/2018\/01\/fde4d6c3-cfe6-46dd-8de2-9bd1036fccdc_pasted20image200.png\" alt=\"ngo, akcje spo\u0142eczne, fundacja viva, zaanga\u017cowanie\" width=\"789\" height=\"108\" \/><p class=\"wp-caption-text\">Profil o najwi\u0119kszym zaanga\u017cowaniu fan\u00f3w w kategorii NGO i akcje spo\u0142eczne na polskim Facebooku | Grudzie\u0144 2017<\/p><\/div>\n<p>Spora cz\u0119\u015b\u0107 najlepszych post\u00f3w ostatnich miesi\u0119cy w kategorii NGO i organizacje spo\u0142eczne w comiesi\u0119cznych raportach <a href=\"https:\/\/www.sotrender.com\/trends\/facebook\/poland\/\">Facebook Trends<\/a> dotyczy w\u0142a\u015bnie pomocy zwierzakom.<\/p>\n<div style=\"width: 881px\" class=\"wp-caption aligncenter\"><img loading=\"lazy\" decoding=\"async\" src=\"https:\/\/www.sotrender.com\/blog\/wp-content\/uploads\/2018\/01\/d8477c8d-3a33-438c-88a3-9ae6613826b9_pasted20image200.png\" alt=\"greenpeace polska, celestynianki, schroniska dla zwierz\u0105t, facebook, ngo, akcje spo\u0142eczne\" width=\"871\" height=\"763\" \/><p class=\"wp-caption-text\"><a href=\"https:\/\/www.sotrender.com\/trends\/facebook\/poland\/201710\/marki\/ngo\">Najlepsze posty w kategorii NGO i akcje spo\u0142eczne<\/a> na polskim Facebooku | Pa\u017adziernik 2017<\/p><\/div>\n<p>Powy\u017csze liczby i rankingi to sygna\u0142, \u017ce jeste\u015bmy coraz bardziej \u015bwiadomi i wra\u017cliwi na krzywdy i potrzeby nie tylko innych ludzi, ale r\u00f3wnie\u017c zwierz\u0105t. To tak\u017ce znak \u017ce organizacje NGO s\u0105 bardziej efektywne w przekazywaniu tworzonych komunikat\u00f3w do spo\u0142ecze\u0144stwa, ni\u017c mia\u0142o to miejsce jeszcze kilka lat temu. Kwestie, kt\u00f3re kiedy\u015b wydawa\u0142y nam si\u0119 nieco absurdalne, np. d\u0105\u017cenie organizacji NGO do zakazu wykorzystywania zwierz\u0105t w cyrkach, staj\u0105 si\u0119 powoli kwestiami, kt\u00f3re sami rozumiemy i popieramy.<\/p>\n<h2>Influencerzy w s\u0142usznej sprawie<\/h2>\n<p>Nie tylko du\u017ce marki posiadaj\u0105ce milionowe bud\u017cety dostrzegaj\u0105 i wykorzystuj\u0105 potencja\u0142 jaki p\u0142ynie ze wsp\u00f3\u0142pracy z influencerami. Tak\u017ce NGOsy coraz cz\u0119\u015bciej nawi\u0105zuj\u0105 wsp\u00f3\u0142prace z influencerami.<\/p>\n<blockquote class=\"instagram-media\" style=\"background: #FFF; border: 0; border-radius: 3px; box-shadow: 0 0 1px 0 rgba(0,0,0,0.5),0 1px 10px 0 rgba(0,0,0,0.15); margin: 1px; max-width: 658px; padding: 0; width: calc(100% - 2px);\" data-instgrm-captioned=\"\" data-instgrm-permalink=\"https:\/\/www.instagram.com\/p\/BdD0FA-nENk\/\" data-instgrm-version=\"8\">\n<div style=\"padding: 8px;\">\n<div style=\"background: #F8F8F8; line-height: 0; margin-top: 40px; padding: 50.0% 0; text-align: center; width: 100%;\"><\/div>\n<p style=\"margin: 8px 0 0 0; padding: 0 4px;\"><a style=\"color: #000; font-family: Arial,sans-serif; font-size: 14px; font-style: normal; font-weight: normal; line-height: 17px; text-decoration: none; word-wrap: break-word;\" href=\"https:\/\/www.instagram.com\/p\/BdD0FA-nENk\/\" target=\"_blank\" rel=\"noopener\">A Ty czym podzielisz si\u0119 z innymi w te \u015bwi\u0119ta? Do\u0142\u0105cz do naszych sojusznik\u00f3w i sojuszniczek &#8211; @maffashion_official @jadlonomia @mateuszjanicki @ostrowska.official @lipali_official @mela_koteluk_official @natalia_przybysz_official @irek.bieleninik &#8211; zaczarujmy wsp\u00f3lnie \u015bwi\u0119ta na t\u0119czowo \u2764\ufe0f???? #kph #ramiewramie #kampaniaprzeciwhomofobii #maffashion #jadlonomia #mateuszjanicki #melakoteluk #lipali #nataliaprzybysz #irekbieleninik #zofiaczerwinska #dorotazawadzka #malgorzataostrowska<\/a><\/p>\n<p style=\"color: #c9c8cd; font-family: Arial,sans-serif; font-size: 14px; line-height: 17px; margin-bottom: 0; margin-top: 8px; overflow: hidden; padding: 8px 0 7px; text-align: center; text-overflow: ellipsis; white-space: nowrap;\">Post udost\u0119pniony przez <a style=\"color: #c9c8cd; font-family: Arial,sans-serif; font-size: 14px; font-style: normal; font-weight: normal; line-height: 17px;\" href=\"https:\/\/www.instagram.com\/kph_official\/\" target=\"_blank\" rel=\"noopener\"> Kampania Przeciw Homofobii<\/a> (@kph_official) <time style=\"font-family: Arial,sans-serif; font-size: 14px; line-height: 17px;\" datetime=\"2017-12-23T21:19:28+00:00\">Gru 23, 2017 o 1:19 PST<\/time><\/p>\n<\/div>\n<\/blockquote>\n<p><script async defer src=\"\/\/platform.instagram.com\/en_US\/embeds.js\"><\/script><\/p>\n<p>Innym przyk\u0142adem zaanga\u017cowania influencer\u00f3w do kampanii spo\u0142ecznej mo\u017ce by\u0107 kampania spo\u0142eczna \u201cNie kupuj &#8211; adoptuj\u201d, organizowana kilka lat temu przez Fundacj\u0119 Sarigato, lepiej znan\u0105 jako <a href=\"https:\/\/www.karmimypsiaki.pl\/\">Karmimy Psiaki<\/a>. Twarzami kampanii zosta\u0142y blogerki modowe, kt\u00f3re zach\u0119ca\u0142y i przekonywa\u0142y do adopcji ps\u00f3w ze schronisk, jak r\u00f3wnie\u017c u\u015bwiadamia\u0142y o obowi\u0105zkach zwi\u0105zanych z ich posiadaniem.<\/p>\n<p>Jak czytamy na <a href=\"https:\/\/www.karmimypsiaki.pl\/nie-kupuj-adoptuj\">oficjalnej stronie<\/a>:<\/p>\n<blockquote><p>Kampania okaza\u0142a si\u0119 bardzo skuteczna, poniewa\u017c ka\u017cdy z promowanych na blogach czoronog\u00f3w znalaz\u0142 dom!<\/p><\/blockquote>\n<p>Cho\u0107 akcja z 2014 roku by\u0142a nie tylko prowadzona w mediach spo\u0142eczno\u015bciowych, jest to sygna\u0142, \u017ce ju\u017c 4 lata temu dostrzegano potencja\u0142 w prowadzeniu tego typu akcji zar\u00f3wno za po\u015brednictwem medi\u00f3w spo\u0142eczno\u015bciowych jak i we wsp\u00f3\u0142pracy z influencerami.<\/p>\n<div style=\"width: 860px\" class=\"wp-caption aligncenter\"><img loading=\"lazy\" decoding=\"async\" class=\"\" src=\"https:\/\/www.sotrender.com\/blog\/wp-content\/uploads\/2018\/01\/0451cfe2-ab62-4a20-8279-6263775e5a0d_pasted20image200.png\" alt=\"karmimy psiaki, akcja spo\u0142eczna, nie kupuj adoptuj\" width=\"850\" height=\"209\" \/><p class=\"wp-caption-text\">Akcja &#8220;Nie kupuj &#8211; Adoptuj&#8221;, <a href=\"http:\/\/www.karmimypsiaki.pl\">www.karmimypsiaki.pl<\/a><\/p><\/div>\n<p>Cieszy\u0107 mo\u017ce fakt, \u017ce coraz cz\u0119\u015bciej blogerzy s\u0105 na tyle \u015bwiadomi, \u017ce wykorzystuj\u0105 swoj\u0105 popularno\u015b\u0107 do bezinteresownej pomocy innym i anga\u017cowania si\u0119 w r\u00f3\u017cnego rodzaju akcje. Coraz cz\u0119\u015bciej spotykamy si\u0119 z sytuacj\u0105, gdy publikuj\u0105 oni na swoich kana\u0142ach spo\u0142eczno\u015bciowych informacje np. o zbi\u00f3rkach charytatywnych, zach\u0119caj\u0105c swoich fan\u00f3w do czynienia dobra.<\/p>\n<p><iframe loading=\"lazy\" style=\"border: none; overflow: hidden;\" src=\"https:\/\/www.facebook.com\/plugins\/post.php?href=https%3A%2F%2Fwww.facebook.com%2FJestemKasiaBlog%2Fposts%2F1332413946773216&amp;width=500\" width=\"500\" height=\"772\" frameborder=\"0\" scrolling=\"no\"><\/iframe><\/p>\n<h2>\u015awi\u0105teczne pomaganie<\/h2>\n<p>Szlachetna\u00a0Paczka podobnie jak WO\u015aP,\u00a0to dobroczynna inicjatywa, w kt\u00f3r\u0105 Polacy niezwykle ch\u0119tnie si\u0119 anga\u017cuj\u0105. Daje ona bowiem rado\u015b\u0107 nie tylko nam &#8211; obdarowuj\u0105cym, ale oczywi\u015bcie r\u00f3wnie\u017c samym obdarowywanym. Co wi\u0119cej, nie tylko mamy wp\u0142yw na rodzaj pomocy, jakiej chcemy udzieli\u0107, ale r\u00f3wnie\u017c mo\u017cemy osobi\u015bcie zobaczy\u0107 jej efekty i rado\u015b\u0107, jak\u0105 sprawiamy.<\/p>\n<p>W grudniu, czyli kluczowym miesi\u0105cu w dzia\u0142alno\u015bci akcji, <span style=\"text-decoration: underline;\"><a href=\"https:\/\/www.sotrender.com\/trends\/instagram\/poland\/201712\/marki\/ngo_akcje_spoleczne\">jej profil na <\/a><\/span><span style=\"text-decoration: underline;\"><a href=\"https:\/\/www.sotrender.com\/trends\/instagram\/poland\/201712\/marki\/ngo_akcje_spoleczne\">Instagramie<\/a><\/span><span style=\"text-decoration: underline;\"><a href=\"https:\/\/www.sotrender.com\/trends\/instagram\/poland\/201712\/marki\/ngo_akcje_spoleczne\">\u00a0odnotowa\u0142 a\u017c 19% przyrost w liczbie obserwator\u00f3w<\/a><\/span>.<\/p>\n<div style=\"width: 879px\" class=\"wp-caption aligncenter\"><img loading=\"lazy\" decoding=\"async\" src=\"https:\/\/www.sotrender.com\/blog\/wp-content\/uploads\/2018\/01\/785c6eb4-15f4-4587-84a4-0d769679e976_pasted20image200.png\" alt=\"instagram, ngo, akcje spo\u0142eczne, organizacje ngo, szlachetna paczka, fundacja dkms\" width=\"869\" height=\"319\" \/><p class=\"wp-caption-text\">Profile z najwi\u0119ksz\u0105 liczb\u0105 obserwuj\u0105cych w kategorii NGO i akcje spo\u0142eczne na Instagramie | Grudzie\u0144 2017<\/p><\/div>\n<p>Z kolei strona na Facebooku Szlachetnej Paczki odnotowa\u0142a przyrost a\u017c o 243% pod wzgl\u0119dem zaanga\u017cowania swoich fan\u00f3w i awansowa\u0142a a\u017c o 28 pozycji w rankingu.<\/p>\n<div style=\"width: 790px\" class=\"wp-caption aligncenter\"><img loading=\"lazy\" decoding=\"async\" src=\"https:\/\/www.sotrender.com\/blog\/wp-content\/uploads\/2018\/01\/5b6d409d-6222-4209-9c81-619f15f4a951_pasted20image200.png\" alt=\"ngo i akcje spo\u0142eczne, zaanga\u017cowanie, fundacja viva, szlachetna paczka\" width=\"780\" height=\"178\" \/><p class=\"wp-caption-text\">Profile w kategorii <a href=\"https:\/\/www.sotrender.com\/trends\/facebook\/poland\/201712\/marki\/ngo\">NGO i akcje spo\u0142eczne<\/a>, kt\u00f3re osi\u0105gaj\u0105 najwi\u0119ksze zaanga\u017cowanie swoich fan\u00f3w | Facebook, Grudzie\u0144 2017<\/p><\/div>\n<p>U\u017cytkownicy Twittera r\u00f3wnie\u017c nie zostali oboj\u0119tni na tegoroczn\u0105 akcj\u0119 i dzi\u0119ki ich aktywno\u015bci, profil Szlachetnej Paczki odnotowa\u0142 awans o 28 oczek w naszym <span style=\"text-decoration: underline;\"><a href=\"https:\/\/www.sotrender.com\/trends\/twitter\/poland\/201712\/marki\/ngo_akcje_spoleczne\">zestawieniu<\/a><\/span>\u00a0pod k\u0105tem liczby wzmianek z przyrostem o 243%.<\/p>\n<h2>Sza\u0142 czerwonych serduszek<\/h2>\n<p>Niezmiennie od kilku lat najwi\u0119kszym profilem w kategorii NGO\u00a0i akcje spo\u0142eczne\u00a0na Facebooku jest strona <a href=\"https:\/\/www.facebook.com\/wosp\/\">Wielkiej Orkiestry \u015awi\u0105tecznej Pomocy<\/a>. Jest to r\u00f3wnocze\u015bnie jedyny polski profil w kategorii NGO, kt\u00f3ry zgromadzi\u0142 na swoim koncie ponad 1 milion fan\u00f3w.<\/p>\n<div style=\"width: 810px\" class=\"wp-caption aligncenter\"><img loading=\"lazy\" decoding=\"async\" src=\"https:\/\/www.sotrender.com\/blog\/wp-content\/uploads\/2018\/01\/0beff56d-1a1b-46ad-b8ae-33a5097be58c_pasted20image200.png\" alt=\"wo\u015bp, ngo i akcje spo\u0142eczne, najwi\u0119kszy profil\" width=\"800\" height=\"119\" \/><p class=\"wp-caption-text\">Najwi\u0119kszy pod wzgl\u0119dem fan\u00f3w profil na polskim Facebooku w kategorii <a href=\"https:\/\/www.sotrender.com\/trends\/facebook\/poland\/201712\/marki\/ngo\">NGO i akcje spo\u0142eczne | Grudzie\u0144 2017<\/a><\/p><\/div>\n<p>\u2026 i nie powinno to nikogo dziwi\u0107. Skala dzia\u0142a\u0144 i os\u00f3b zaanga\u017cowanych w akcj\u0119 jest tak ogromna, \u017ce ci\u0119\u017cko wyobrazi\u0107 sobie, \u017ce nie dzieje si\u0119 r\u00f3wnie\u017c w mediach spo\u0142eczno\u015bciowych. Cho\u0107 najg\u0142o\u015bniejszym wydarzeniem jest zawsze sam fina\u0142 WO\u015aP w po\u0142owie stycznia, prowadzone profile spo\u0142eczno\u015bciowe daj\u0105 nam mo\u017cliwo\u015b\u0107 na bie\u017c\u0105co obserwowa\u0107 codzienne dzia\u0142ania oraz dokonania WO\u015aPu.<\/p>\n<p>Ju\u017c od listopada profil WO\u015aPu pnie si\u0119 w g\u00f3r\u0119 w rankingach, odnotowuj\u0105c odpowiednio 46% przyrost aktywnych u\u017cytkownik\u00f3w w listopadzie i 120% w grudniu.<\/p>\n<div style=\"width: 789px\" class=\"wp-caption aligncenter\"><img loading=\"lazy\" decoding=\"async\" src=\"https:\/\/www.sotrender.com\/blog\/wp-content\/uploads\/2018\/01\/3c5c6a23-9a77-46ea-bf0a-2105275b004a_pasted20image200.png\" alt=\"ngo i akcje spo\u0142eczne, organizacje ngo, aktywni u\u017cytkownicy, facebook, fundacja viva, wo\u015bp\" width=\"779\" height=\"233\" \/><p class=\"wp-caption-text\">Liczba aktywnych u\u017cytkownik\u00f3w w rankingu <a href=\"https:\/\/www.sotrender.com\/trends\/facebook\/poland\/201711\/marki\/ngo\">NGO i akcje spo\u0142eczne | Listopad 2017<\/a><\/p><\/div>\n<div style=\"width: 795px\" class=\"wp-caption aligncenter\"><img loading=\"lazy\" decoding=\"async\" src=\"https:\/\/www.sotrender.com\/blog\/wp-content\/uploads\/2018\/01\/df07f3c5-fb4d-4006-8588-4a776c8d9702_pasted20image200.png\" alt=\"ngo i akcje spo\u0142eczne, facebook, wo\u015bp, aktywni u\u017cytkownicy\" width=\"785\" height=\"159\" \/><p class=\"wp-caption-text\">Liczba aktywnych u\u017cytkownik\u00f3w w rankingu <a href=\"https:\/\/www.sotrender.com\/trends\/facebook\/poland\/201712\/marki\/ngo\">NGO i akcje spo\u0142eczne | Grudzie\u0144 2017<\/a><\/p><\/div>\n<p>Czy w drug\u0105 niedziel\u0119 stycznia 2018 roku Wy r\u00f3wnie\u017c b\u0119dziecie chodzi\u0107 ulicami swojego miasta z dumnie naklejonym serduszkiem na kurtce? Czy skorzystacie z jednej z internetowych form wsparcia, np. za pomoc\u0105 nowej funkcji \u201c Przeka\u017c datek\u201d na Facebooku?<\/p>\n<h2>Dlaczego media spo\u0142eczno\u015bciowe?<\/h2>\n<p>Dlaczego media spo\u0142eczno\u015bciowe s\u0105 coraz cz\u0119\u015bciej wybierane przez organizacje pozarz\u0105dowe? Mocnym argumentem s\u0105 z pewno\u015bci\u0105 koszty, kt\u00f3re w tym przypadku s\u0105 du\u017co ni\u017csze ni\u017c je\u015bli chodzi o standardowe media (radio, telewizja, prasa). Mog\u0105 by\u0107 nawet bliskie 0 i w dalszym ci\u0105gu przynosi\u0107 zadowalaj\u0105ce efekty. Posty jednych z wi\u0119kszych organizacji czy ruch\u00f3w potrafi\u0105 osi\u0105ga\u0107 naprawd\u0119 imponuj\u0105ce zasi\u0119gi organiczne, w tym udost\u0119pnienia si\u0119gaj\u0105ce dziesi\u0105tek tysi\u0119cy.<\/p>\n<p>Komunikacja prowadzona przez media spo\u0142eczno\u015bciowe jest r\u00f3wnie\u017c du\u017co bardziej bezpo\u015brednia, szybsza i mniej formalna. Jest tak\u017ce lepiej odbierana przez u\u017cytkownik\u00f3w, poniewa\u017c wygl\u0105da bardziej naturalnie. Wa\u017cna jest jednak sta\u0142o\u015b\u0107 i ci\u0105g\u0142o\u015b\u0107 tych dzia\u0142a\u0144 &#8211; mimo \u017ce prowadzone s\u0105 zazwyczaj na mniejsz\u0105 skal\u0119 w por\u00f3wnaniu do wi\u0119kszo\u015bci profili, nie nale\u017cy zapomina\u0107 o strategii &#8211; przygotowania planu dzia\u0142a\u0144, jak i okre\u015blenia cel\u00f3w, jakie chcemy osi\u0105gn\u0105\u0107.<\/p>\n<p><em>Je\u015bli chcieliby\u015bcie pozna\u0107 wi\u0119cej praktycznych porad o samym prowadzeniu profilu organizacji NGO odsy\u0142amy Was <a href=\"https:\/\/czaplicka.eu\/inspiruj-motywuj-zarazaj-pasja-prowadzenie-profilu-organizacji-charytatywnej\/\">na bloga Moniki Czaplickiej<\/a>, gdzie znajdziecie wpis po\u015bwi\u0119cony temu tematowi.\u00a0<\/em><\/p>\n<p>W ostatnim czasie organizacje NGO wydaj\u0105 si\u0119 by\u0107 coraz bardziej efektywne w podejmowanych wysi\u0142kach w obszarze medi\u00f3w spo\u0142eczno\u015bciowych. Z pewno\u015bci\u0105 nie tylko si\u0119 ich ucz\u0105, ale r\u00f3wnie\u017c dostrzegaj\u0105 ich si\u0142\u0119 i potencja\u0142 w docieraniu do spo\u0142ecze\u0144stwa, st\u0105d te\u017c po\u015bwi\u0119caj\u0105 wi\u0119cej swojej uwagi r\u00f3wnie\u017c na prowadzenie komunikacji tymi w\u0142a\u015bnie kana\u0142ami.<\/p>\n<h2>Sotrender dla NGOs\u00f3w<\/h2>\n<p>Wierzymy, \u017ce pomaganie jest wa\u017cne. I fajne! Kto jeszcze tego nie zrobi\u0142, warto pami\u0119ta\u0107 o mo\u017cliwo\u015bci przekazania 1% podatku na wybran\u0105 organizacj\u0119 pozarz\u0105dow\u0105.<\/p>\n<p>Przypominamy r\u00f3wnie\u017c, \u017ce NGOsy mog\u0105 korzysta\u0107 z Sotrendera z 50% rabatem. Je\u015bli jeste\u015bcie zainteresowani lub macie pytania, skontaktujcie si\u0119 z naszym dzia\u0142em sprzeda\u017cy: <span style=\"text-decoration: underline;\"><a href=\"mailto:sales@sotrender.com\">sales@sotrender.com<\/a><\/span>.<\/p>\n<p><strong>Pomaganie nigdy nie by\u0142o takie proste!<\/strong><\/p>\n<p style=\"text-align: center;\"><!--HubSpot Call-to-Action Code --><span id=\"hs-cta-wrapper-c4243256-775c-4f09-9dae-182c6d1fa4e1\" class=\"hs-cta-wrapper\"><span id=\"hs-cta-c4243256-775c-4f09-9dae-182c6d1fa4e1\" class=\"hs-cta-node hs-cta-c4243256-775c-4f09-9dae-182c6d1fa4e1\"><!-- [if lte IE 8]><\/p>\n\n\n\n\n\n<div id=\"hs-cta-ie-element\"><\/div>\n\n\n<![endif]--><a href=\"https:\/\/cta-redirect.hubspot.com\/cta\/redirect\/3842881\/c4243256-775c-4f09-9dae-182c6d1fa4e1\"><img decoding=\"async\" id=\"hs-cta-img-c4243256-775c-4f09-9dae-182c6d1fa4e1\" class=\"hs-cta-img aligncenter\" style=\"border-width: 0px;\" src=\"https:\/\/no-cache.hubspot.com\/cta\/default\/3842881\/c4243256-775c-4f09-9dae-182c6d1fa4e1.png\" alt=\"Mierz swoje dzia\u0142ania w social media!\" \/><\/a><\/span><script charset=\"utf-8\" src=\"https:\/\/js.hscta.net\/cta\/current.js\"><\/script><script type=\"text\/javascript\"> hbspt.cta.load(3842881, 'c4243256-775c-4f09-9dae-182c6d1fa4e1', {}); <\/script><\/span><!-- end HubSpot Call-to-Action Code --><\/p>\n","protected":false},"excerpt":{"rendered":"<p>W Polsce dzia\u0142a obecnie ponad 120 tys. fundacji i organizacji pozarz\u0105dowych. O ile Wielkiej Orkiestry \u015awi\u0105tecznej Pomocy czy Szlachetnej Paczki nikomu nie trzeba ju\u017c przedstawia\u0107, o wielu akcjach nie us\u0142yszeliby\u015bmy zapewne nigdy, gdyby nie media spo\u0142eczno\u015bciowe. Zainspirowani zmianami w naszych raportach Trends, a tak\u017ce wyj\u0105tkow\u0105 atmosfer\u0105 zimowo-\u015bwi\u0105teczno-noworoczn\u0105, postanowili\u015bmy przyjrze\u0107 si\u0119 nieco dok\u0142adniej temu w\u0142a\u015bnie po\u0142\u0105czeniu: [&hellip;]<\/p>\n","protected":false},"author":89,"featured_media":32141,"comment_status":"open","ping_status":"open","sticky":false,"template":"","format":"standard","meta":{"inline_featured_image":false,"footnotes":""},"categories":[2125,2275],"tags":[603,2691,2693,2695,2697,2699,2701],"yoast_head":"<!-- This site is optimized with the Yoast SEO plugin v22.4 - https:\/\/yoast.com\/wordpress\/plugins\/seo\/ -->\n<title>Organizacje NGO i media spo\u0142eczno\u015bciowe - zwi\u0105zek idealny?<\/title>\n<meta name=\"description\" content=\"Zainspirowani ostatnimi kampaniami spo\u0142ecznymi, panowili\u015bmy sprawdzi\u0107 jak radz\u0105 sobie organizacje NGO w mediach spo\u0142eczno\u015bciowych - czy to zwi\u0105zek idealny?\" \/>\n<meta name=\"robots\" content=\"index, follow, max-snippet:-1, max-image-preview:large, max-video-preview:-1\" \/>\n<link rel=\"canonical\" href=\"https:\/\/www.sotrender.com\/blog\/pl\/2018\/01\/organizacje-ngo-i-media-spolecznosciowe-zwiazek-idealny\/\" \/>\n<meta property=\"og:locale\" content=\"pl_PL\" \/>\n<meta property=\"og:type\" content=\"article\" \/>\n<meta property=\"og:title\" content=\"Organizacje NGO i media spo\u0142eczno\u015bciowe - zwi\u0105zek idealny?\" \/>\n<meta property=\"og:description\" content=\"Zainspirowani ostatnimi kampaniami spo\u0142ecznymi, panowili\u015bmy sprawdzi\u0107 jak radz\u0105 sobie organizacje NGO w mediach spo\u0142eczno\u015bciowych - czy to zwi\u0105zek idealny?\" \/>\n<meta property=\"og:url\" content=\"https:\/\/www.sotrender.com\/blog\/pl\/2018\/01\/organizacje-ngo-i-media-spolecznosciowe-zwiazek-idealny\/\" \/>\n<meta property=\"og:site_name\" content=\"Sotrender Blog\" \/>\n<meta property=\"article:publisher\" content=\"https:\/\/www.facebook.com\/Sotrender\" \/>\n<meta property=\"article:published_time\" content=\"2018-01-11T08:30:00+00:00\" \/>\n<meta property=\"article:modified_time\" content=\"2024-10-28T07:37:32+00:00\" \/>\n<meta property=\"og:image\" content=\"https:\/\/www.sotrender.com\/blog\/wp-content\/uploads\/2018\/01\/catzhuz7z8g-tim-marshall-950x633.jpg\" \/>\n\t<meta property=\"og:image:width\" content=\"950\" \/>\n\t<meta property=\"og:image:height\" content=\"633\" \/>\n\t<meta property=\"og:image:type\" content=\"image\/jpeg\" \/>\n<meta name=\"author\" content=\"Klaudia \u017by\u0142ka\" \/>\n<meta name=\"twitter:card\" content=\"summary_large_image\" \/>\n<meta name=\"twitter:creator\" content=\"@Sotrender\" \/>\n<meta name=\"twitter:site\" content=\"@Sotrender\" \/>\n<meta name=\"twitter:label1\" content=\"Written by\" \/>\n\t<meta name=\"twitter:data1\" content=\"Klaudia \u017by\u0142ka\" \/>\n\t<meta name=\"twitter:label2\" content=\"Est. reading time\" \/>\n\t<meta name=\"twitter:data2\" content=\"9 minutes\" \/>\n<script type=\"application\/ld+json\" class=\"yoast-schema-graph\">{\"@context\":\"https:\/\/schema.org\",\"@graph\":[{\"@type\":\"WebPage\",\"@id\":\"https:\/\/www.sotrender.com\/blog\/pl\/2018\/01\/organizacje-ngo-i-media-spolecznosciowe-zwiazek-idealny\/\",\"url\":\"https:\/\/www.sotrender.com\/blog\/pl\/2018\/01\/organizacje-ngo-i-media-spolecznosciowe-zwiazek-idealny\/\",\"name\":\"Organizacje NGO i media spo\u0142eczno\u015bciowe - zwi\u0105zek idealny?\",\"isPartOf\":{\"@id\":\"https:\/\/www.sotrender.com\/blog\/#website\"},\"primaryImageOfPage\":{\"@id\":\"https:\/\/www.sotrender.com\/blog\/pl\/2018\/01\/organizacje-ngo-i-media-spolecznosciowe-zwiazek-idealny\/#primaryimage\"},\"image\":{\"@id\":\"https:\/\/www.sotrender.com\/blog\/pl\/2018\/01\/organizacje-ngo-i-media-spolecznosciowe-zwiazek-idealny\/#primaryimage\"},\"thumbnailUrl\":\"https:\/\/www.sotrender.com\/blog\/wp-content\/uploads\/2018\/01\/catzhuz7z8g-tim-marshall.jpg\",\"datePublished\":\"2018-01-11T08:30:00+00:00\",\"dateModified\":\"2024-10-28T07:37:32+00:00\",\"author\":{\"@id\":\"https:\/\/www.sotrender.com\/blog\/#\/schema\/person\/038ac5e276c5d102d8cbb9c36cd43416\"},\"description\":\"Zainspirowani ostatnimi kampaniami spo\u0142ecznymi, panowili\u015bmy sprawdzi\u0107 jak radz\u0105 sobie organizacje NGO w mediach spo\u0142eczno\u015bciowych - czy to zwi\u0105zek idealny?\",\"breadcrumb\":{\"@id\":\"https:\/\/www.sotrender.com\/blog\/pl\/2018\/01\/organizacje-ngo-i-media-spolecznosciowe-zwiazek-idealny\/#breadcrumb\"},\"inLanguage\":\"pl-PL\",\"potentialAction\":[{\"@type\":\"ReadAction\",\"target\":[\"https:\/\/www.sotrender.com\/blog\/pl\/2018\/01\/organizacje-ngo-i-media-spolecznosciowe-zwiazek-idealny\/\"]}]},{\"@type\":\"ImageObject\",\"inLanguage\":\"pl-PL\",\"@id\":\"https:\/\/www.sotrender.com\/blog\/pl\/2018\/01\/organizacje-ngo-i-media-spolecznosciowe-zwiazek-idealny\/#primaryimage\",\"url\":\"https:\/\/www.sotrender.com\/blog\/wp-content\/uploads\/2018\/01\/catzhuz7z8g-tim-marshall.jpg\",\"contentUrl\":\"https:\/\/www.sotrender.com\/blog\/wp-content\/uploads\/2018\/01\/catzhuz7z8g-tim-marshall.jpg\",\"width\":5184,\"height\":3456,\"caption\":\"ngo, akcja spo\u0142eczna, organizacja ngo\"},{\"@type\":\"BreadcrumbList\",\"@id\":\"https:\/\/www.sotrender.com\/blog\/pl\/2018\/01\/organizacje-ngo-i-media-spolecznosciowe-zwiazek-idealny\/#breadcrumb\",\"itemListElement\":[{\"@type\":\"ListItem\",\"position\":1,\"name\":\"Home\",\"item\":\"https:\/\/www.sotrender.com\/blog\/\"},{\"@type\":\"ListItem\",\"position\":2,\"name\":\"Organizacje NGO i media spo\u0142eczno\u015bciowe &#8211; zwi\u0105zek idealny?\"}]},{\"@type\":\"WebSite\",\"@id\":\"https:\/\/www.sotrender.com\/blog\/#website\",\"url\":\"https:\/\/www.sotrender.com\/blog\/\",\"name\":\"Sotrender Blog\",\"description\":\"\",\"potentialAction\":[{\"@type\":\"SearchAction\",\"target\":{\"@type\":\"EntryPoint\",\"urlTemplate\":\"https:\/\/www.sotrender.com\/blog\/?s={search_term_string}\"},\"query-input\":\"required name=search_term_string\"}],\"inLanguage\":\"pl-PL\"},{\"@type\":\"Person\",\"@id\":\"https:\/\/www.sotrender.com\/blog\/#\/schema\/person\/038ac5e276c5d102d8cbb9c36cd43416\",\"name\":\"Klaudia \u017by\u0142ka\",\"image\":{\"@type\":\"ImageObject\",\"inLanguage\":\"pl-PL\",\"@id\":\"https:\/\/www.sotrender.com\/blog\/#\/schema\/person\/image\/\",\"url\":\"https:\/\/secure.gravatar.com\/avatar\/f55d5d49ce3c448e1ffde0ab078d84cd?s=96&d=mm&r=g\",\"contentUrl\":\"https:\/\/secure.gravatar.com\/avatar\/f55d5d49ce3c448e1ffde0ab078d84cd?s=96&d=mm&r=g\",\"caption\":\"Klaudia \u017by\u0142ka\"},\"description\":\"Instagram, dogs, books and food lover. Former student at Warsaw University and Malm\u00f6 University. Improving her marketing skills every day. Proud owner of DIMAQ certificate\",\"sameAs\":[\"https:\/\/www.linkedin.com\/in\/klaudia-\u017cy\u0142ka-17527779\"],\"url\":\"https:\/\/www.sotrender.com\/blog\/pl\/author\/klaudia_yka\/\"}]}<\/script>\n<!-- \/ Yoast SEO plugin. -->","yoast_head_json":{"title":"Organizacje NGO i media spo\u0142eczno\u015bciowe - zwi\u0105zek idealny?","description":"Zainspirowani ostatnimi kampaniami spo\u0142ecznymi, panowili\u015bmy sprawdzi\u0107 jak radz\u0105 sobie organizacje NGO w mediach spo\u0142eczno\u015bciowych - czy to zwi\u0105zek idealny?","robots":{"index":"index","follow":"follow","max-snippet":"max-snippet:-1","max-image-preview":"max-image-preview:large","max-video-preview":"max-video-preview:-1"},"canonical":"https:\/\/www.sotrender.com\/blog\/pl\/2018\/01\/organizacje-ngo-i-media-spolecznosciowe-zwiazek-idealny\/","og_locale":"pl_PL","og_type":"article","og_title":"Organizacje NGO i media spo\u0142eczno\u015bciowe - zwi\u0105zek idealny?","og_description":"Zainspirowani ostatnimi kampaniami spo\u0142ecznymi, panowili\u015bmy sprawdzi\u0107 jak radz\u0105 sobie organizacje NGO w mediach spo\u0142eczno\u015bciowych - czy to zwi\u0105zek idealny?","og_url":"https:\/\/www.sotrender.com\/blog\/pl\/2018\/01\/organizacje-ngo-i-media-spolecznosciowe-zwiazek-idealny\/","og_site_name":"Sotrender Blog","article_publisher":"https:\/\/www.facebook.com\/Sotrender","article_published_time":"2018-01-11T08:30:00+00:00","article_modified_time":"2024-10-28T07:37:32+00:00","og_image":[{"width":950,"height":633,"url":"https:\/\/www.sotrender.com\/blog\/wp-content\/uploads\/2018\/01\/catzhuz7z8g-tim-marshall-950x633.jpg","type":"image\/jpeg"}],"author":"Klaudia \u017by\u0142ka","twitter_card":"summary_large_image","twitter_creator":"@Sotrender","twitter_site":"@Sotrender","twitter_misc":{"Written by":"Klaudia \u017by\u0142ka","Est. reading time":"9 minutes"},"schema":{"@context":"https:\/\/schema.org","@graph":[{"@type":"WebPage","@id":"https:\/\/www.sotrender.com\/blog\/pl\/2018\/01\/organizacje-ngo-i-media-spolecznosciowe-zwiazek-idealny\/","url":"https:\/\/www.sotrender.com\/blog\/pl\/2018\/01\/organizacje-ngo-i-media-spolecznosciowe-zwiazek-idealny\/","name":"Organizacje NGO i media spo\u0142eczno\u015bciowe - zwi\u0105zek idealny?","isPartOf":{"@id":"https:\/\/www.sotrender.com\/blog\/#website"},"primaryImageOfPage":{"@id":"https:\/\/www.sotrender.com\/blog\/pl\/2018\/01\/organizacje-ngo-i-media-spolecznosciowe-zwiazek-idealny\/#primaryimage"},"image":{"@id":"https:\/\/www.sotrender.com\/blog\/pl\/2018\/01\/organizacje-ngo-i-media-spolecznosciowe-zwiazek-idealny\/#primaryimage"},"thumbnailUrl":"https:\/\/www.sotrender.com\/blog\/wp-content\/uploads\/2018\/01\/catzhuz7z8g-tim-marshall.jpg","datePublished":"2018-01-11T08:30:00+00:00","dateModified":"2024-10-28T07:37:32+00:00","author":{"@id":"https:\/\/www.sotrender.com\/blog\/#\/schema\/person\/038ac5e276c5d102d8cbb9c36cd43416"},"description":"Zainspirowani ostatnimi kampaniami spo\u0142ecznymi, panowili\u015bmy sprawdzi\u0107 jak radz\u0105 sobie organizacje NGO w mediach spo\u0142eczno\u015bciowych - czy to zwi\u0105zek idealny?","breadcrumb":{"@id":"https:\/\/www.sotrender.com\/blog\/pl\/2018\/01\/organizacje-ngo-i-media-spolecznosciowe-zwiazek-idealny\/#breadcrumb"},"inLanguage":"pl-PL","potentialAction":[{"@type":"ReadAction","target":["https:\/\/www.sotrender.com\/blog\/pl\/2018\/01\/organizacje-ngo-i-media-spolecznosciowe-zwiazek-idealny\/"]}]},{"@type":"ImageObject","inLanguage":"pl-PL","@id":"https:\/\/www.sotrender.com\/blog\/pl\/2018\/01\/organizacje-ngo-i-media-spolecznosciowe-zwiazek-idealny\/#primaryimage","url":"https:\/\/www.sotrender.com\/blog\/wp-content\/uploads\/2018\/01\/catzhuz7z8g-tim-marshall.jpg","contentUrl":"https:\/\/www.sotrender.com\/blog\/wp-content\/uploads\/2018\/01\/catzhuz7z8g-tim-marshall.jpg","width":5184,"height":3456,"caption":"ngo, akcja spo\u0142eczna, organizacja ngo"},{"@type":"BreadcrumbList","@id":"https:\/\/www.sotrender.com\/blog\/pl\/2018\/01\/organizacje-ngo-i-media-spolecznosciowe-zwiazek-idealny\/#breadcrumb","itemListElement":[{"@type":"ListItem","position":1,"name":"Home","item":"https:\/\/www.sotrender.com\/blog\/"},{"@type":"ListItem","position":2,"name":"Organizacje NGO i media spo\u0142eczno\u015bciowe &#8211; zwi\u0105zek idealny?"}]},{"@type":"WebSite","@id":"https:\/\/www.sotrender.com\/blog\/#website","url":"https:\/\/www.sotrender.com\/blog\/","name":"Sotrender Blog","description":"","potentialAction":[{"@type":"SearchAction","target":{"@type":"EntryPoint","urlTemplate":"https:\/\/www.sotrender.com\/blog\/?s={search_term_string}"},"query-input":"required name=search_term_string"}],"inLanguage":"pl-PL"},{"@type":"Person","@id":"https:\/\/www.sotrender.com\/blog\/#\/schema\/person\/038ac5e276c5d102d8cbb9c36cd43416","name":"Klaudia \u017by\u0142ka","image":{"@type":"ImageObject","inLanguage":"pl-PL","@id":"https:\/\/www.sotrender.com\/blog\/#\/schema\/person\/image\/","url":"https:\/\/secure.gravatar.com\/avatar\/f55d5d49ce3c448e1ffde0ab078d84cd?s=96&d=mm&r=g","contentUrl":"https:\/\/secure.gravatar.com\/avatar\/f55d5d49ce3c448e1ffde0ab078d84cd?s=96&d=mm&r=g","caption":"Klaudia \u017by\u0142ka"},"description":"Instagram, dogs, books and food lover. Former student at Warsaw University and Malm\u00f6 University. Improving her marketing skills every day. Proud owner of DIMAQ certificate","sameAs":["https:\/\/www.linkedin.com\/in\/klaudia-\u017cy\u0142ka-17527779"],"url":"https:\/\/www.sotrender.com\/blog\/pl\/author\/klaudia_yka\/"}]}},"_links":{"self":[{"href":"https:\/\/www.sotrender.com\/blog\/pl\/wp-json\/wp\/v2\/posts\/32119"}],"collection":[{"href":"https:\/\/www.sotrender.com\/blog\/pl\/wp-json\/wp\/v2\/posts"}],"about":[{"href":"https:\/\/www.sotrender.com\/blog\/pl\/wp-json\/wp\/v2\/types\/post"}],"author":[{"embeddable":true,"href":"https:\/\/www.sotrender.com\/blog\/pl\/wp-json\/wp\/v2\/users\/89"}],"replies":[{"embeddable":true,"href":"https:\/\/www.sotrender.com\/blog\/pl\/wp-json\/wp\/v2\/comments?post=32119"}],"version-history":[{"count":15,"href":"https:\/\/www.sotrender.com\/blog\/pl\/wp-json\/wp\/v2\/posts\/32119\/revisions"}],"predecessor-version":[{"id":53505,"href":"https:\/\/www.sotrender.com\/blog\/pl\/wp-json\/wp\/v2\/posts\/32119\/revisions\/53505"}],"wp:featuredmedia":[{"embeddable":true,"href":"https:\/\/www.sotrender.com\/blog\/pl\/wp-json\/wp\/v2\/media\/32141"}],"wp:attachment":[{"href":"https:\/\/www.sotrender.com\/blog\/pl\/wp-json\/wp\/v2\/media?parent=32119"}],"wp:term":[{"taxonomy":"category","embeddable":true,"href":"https:\/\/www.sotrender.com\/blog\/pl\/wp-json\/wp\/v2\/categories?post=32119"},{"taxonomy":"post_tag","embeddable":true,"href":"https:\/\/www.sotrender.com\/blog\/pl\/wp-json\/wp\/v2\/tags?post=32119"}],"curies":[{"name":"wp","href":"https:\/\/api.w.org\/{rel}","templated":true}]}}