{"id":31939,"date":"2018-01-04T12:05:00","date_gmt":"2018-01-04T11:05:00","guid":{"rendered":"https:\/\/www.sotrender.com\/blog\/?p=31939\/"},"modified":"2018-02-09T14:29:43","modified_gmt":"2018-02-09T13:29:43","slug":"instagram-trends-grudzien-2017-spokojny-koniec-roku","status":"publish","type":"post","link":"https:\/\/www.sotrender.com\/blog\/pl\/2018\/01\/instagram-trends-grudzien-2017-spokojny-koniec-roku\/","title":{"rendered":"Instagram Trends grudzie\u0144 2017 &#8211; spokojny koniec roku"},"content":{"rendered":"<p>Jak si\u0119 okazuje, grudzie\u0144 w por\u00f3wnaniu do <a href=\"https:\/\/www.sotrender.com\/blog\/pl\/2017\/12\/instagram-trends-listopad-2017-celebryci-pod-lupa\/\" target=\"_blank\" rel=\"noopener\">listopada<\/a> by\u0142 stosunkowo spokojny na Instagramie. \u015awi\u0105teczne przygotowania i zas\u0142u\u017cony odpoczynek poch\u0142on\u0119\u0142y nas na tyle, \u017ce mniej ni\u017c zazwyczaj anga\u017cowali\u015bmy si\u0119 w \u017cycie online.<\/p>\n<p>Witamy w nowym roku i zapraszamy na comiesi\u0119czny raport <a href=\"https:\/\/www.sotrender.com\/trends\/instagram\/poland\/201712\">Instagram Trends grudzie\u0144 2017<\/a>!<\/p>\n<p><!--more--><\/p>\n<h2>Najszybciej rosn\u0105ce profile<\/h2>\n<div style=\"width: 282px\" class=\"wp-caption aligncenter\"><img loading=\"lazy\" decoding=\"async\" src=\"https:\/\/www.sotrender.com\/blog\/wp-content\/uploads\/2018\/01\/91771ab2-4f3b-4aa6-bf3e-94cbd3651ee3_pasted20image200.png\" alt=\"Instagram grudzie\u0144 2017, reserved, Instagram\" width=\"272\" height=\"232\" \/><p class=\"wp-caption-text\">Najszybciej rosn\u0105ce profile na polskim Instagramie w grudniu 2017<\/p><\/div>\n<p>Cho\u0107 dwie pierwsze pozycje nie powinny nikogo dziwi\u0107, wart odnotowania jest profil <span style=\"text-decoration: underline;\"><a href=\"https:\/\/www.instagram.com\/reserved\/\">Reserved<\/a><\/span>, kt\u00f3ry w\u00a0grudniu zyska\u0142 39 tys. nowych obserwuj\u0105cych (ponad 11% przyrost w por\u00f3wnaniu do poprzedniego miesi\u0105ca). W ostatnim czasie marka pr\u0119\u017cnie si\u0119 rozwija, tak\u017ce poza granicami naszego kraju. We wrze\u015bniu zosta\u0142 otwarty pierwszy sklep Reserved w Londynie, za\u015b w grudniu otwarto nowy salon w Z\u0142otych Tarasach w Warszawie.<\/p>\n<h2>\u015awi\u0119ta, \u015bwi\u0119ta&#8230;<\/h2>\n<p>Cho\u0107 w posty innych anga\u017cowali\u015bmy si\u0119 nieco mniej ni\u017c zazwyczaj, bardzo ch\u0119tnie dzielili\u015bmy si\u0119 swoimi prze\u017cyciami publikuj\u0105c \u015bwi\u0105teczne posty. Nie powinien dziwi\u0107 wi\u0119c hashtag, kt\u00f3ry by\u0142 numerem 1 w grudniu.<\/p>\n<div style=\"width: 259px\" class=\"wp-caption aligncenter\"><img loading=\"lazy\" decoding=\"async\" src=\"https:\/\/www.sotrender.com\/blog\/wp-content\/uploads\/2018\/01\/972c51d0-7617-428c-9423-8aeedba58f54_pasted20image200.png\" alt=\"top hashtagi, Instagram, \u015bwi\u0119ta, christmas\" width=\"249\" height=\"172\" \/><p class=\"wp-caption-text\">Top hashtagi na polskim Instagramie w grudniu 2017 roku<\/p><\/div>\n<p>A skoro ju\u017c o \u015bwi\u0119tach mowa, wart odnotowania jest awans profilu <a href=\"https:\/\/www.instagram.com\/szlachetnapaczka\/\" target=\"_blank\" rel=\"noopener\">Szlachetna PACZKA<\/a> o 3 pozycje w g\u00f3r\u0119 w kategorii <a href=\"https:\/\/www.sotrender.com\/trends\/instagram\/poland\/201712\/marki\/ngo_akcje_spoleczne\">NGO i akcje spo\u0142eczne<\/a>, co spowodowa\u0142 19% przyrost w liczbie obserwuj\u0105cych na profilu akcji.<\/p>\n<div style=\"width: 807px\" class=\"wp-caption aligncenter\"><img loading=\"lazy\" decoding=\"async\" src=\"https:\/\/www.sotrender.com\/blog\/wp-content\/uploads\/2018\/01\/ffbf4097-e961-4cd0-9aaf-cdac910d6233_pasted20image200.png\" alt=\"organizacje ngo, akcje spo\u0142eczne, kampanie spo\u0142eczne, Instagram, szlachetna paczka\" width=\"797\" height=\"274\" \/><p class=\"wp-caption-text\">Najwi\u0119ksze profile <a href=\"https:\/\/www.sotrender.com\/trends\/instagram\/poland\/201712\/marki\/ngo_akcje_spoleczne\">organizacji NGO i akcji spo\u0142ecznych<\/a> na polskim Instagramie | grudzie\u0144 2017<\/p><\/div>\n<p>R\u00f3wnie\u017c najlepszy post grudnia na polskim Instagramie dotyczy\u0142 \u015bwi\u0105t. Nale\u017ca\u0142 oczywi\u015bcie do samego Roberta Lewandowskiego. Zobaczymy, czy w 2018 roku pi\u0142karz dalej utrzyma swoj\u0105 dominacj\u0119 na Instagramie \ud83d\ude09<\/p>\n<div style=\"width: 749px\" class=\"wp-caption aligncenter\"><img loading=\"lazy\" decoding=\"async\" src=\"https:\/\/www.sotrender.com\/blog\/wp-content\/uploads\/2018\/01\/802f0bab-fcbe-4a9c-8342-ff2c5b0c8312_pasted20image200.png\" alt=\"najlepsze posty, Instagram, grudzie\u0144 2017, \u015bwi\u0119ta, Robert Lewandowski\" width=\"739\" height=\"357\" \/><p class=\"wp-caption-text\">Najlepsze posty na polskim Instagramie w grudniu 2017 roku<\/p><\/div>\n<h2>Zakupy technologiczne<\/h2>\n<p>Koniec roku, \u015bwi\u0105teczne oferty i promocje, jak i zimowe wyprzeda\u017ce to gor\u0105cy okres dla wi\u0119kszo\u015bci firm. To r\u00f3wnie\u017c bardzo kusz\u0105cy moment dla klient\u00f3w, kt\u00f3rzy mog\u0105 w tym czasie zaopatrzy\u0107 si\u0119 w produkty dost\u0119pne w (du\u017co) lepszych cenach ni\u017c normalnie.<\/p>\n<div style=\"width: 769px\" class=\"wp-caption aligncenter\"><img loading=\"lazy\" decoding=\"async\" src=\"https:\/\/www.sotrender.com\/blog\/wp-content\/uploads\/2018\/01\/6014100c-d265-44f0-ba30-076c61933585_pasted20image200.png\" alt=\"technologie i sprz\u0119t, zaanga\u017cowanie, grudzie\u0144 2017, wyprzeda\u017ce, just dance polska, playstation\" width=\"759\" height=\"703\" \/><p class=\"wp-caption-text\">Zaanga\u017cowanie obserwator\u00f3w w kategorii <a href=\"https:\/\/www.sotrender.com\/trends\/instagram\/poland\/201712\/marki\/technologie\">Technologie i sprz\u0119t <\/a>| grudzie\u0144 2017<\/p><\/div>\n<p>Cz\u0119sto sytuacja ta dotyczy produkt\u00f3w z kategorii <a href=\"https:\/\/www.sotrender.com\/trends\/instagram\/poland\/201712\/marki\/technologie\">Technologie i sprz\u0119t<\/a>, czyli takich, kt\u00f3rych zakupu dokonujemy raczej okazjonalnie. W grudniu wi\u0119kszo\u015bci firm w tej w\u0142a\u015bnie kategorii uda\u0142o si\u0119 bardziej anga\u017cowa\u0107 swoich obserwator\u00f3w, co doskonale wida\u0107 we wzrostach w powy\u017cszej kategorii. Cz\u0119\u015b\u0107 z nich zintensyfikowa\u0142a r\u00f3wnie\u017c swoje dzia\u0142ania na Instagramie publikuj\u0105c znacznie wi\u0119cej post\u00f3w ni\u017c dotychczas, co z pewno\u015bci\u0105 pozytywnie wp\u0142yn\u0119\u0142o na ich pozycj\u0119 w rankingu.<\/p>\n<h2>Spadki i awanse w blogosferze<\/h2>\n<p>W kategorii <a href=\"https:\/\/www.sotrender.com\/trends\/instagram\/poland\/201712\/media\/media_internetowe\/blogi_blogerzy\">Blogi i blogerzy<\/a> od d\u0142u\u017cszego czasu najlepszy post miesi\u0105ca nale\u017ca\u0142 niezmiennie do Deynn. Jednak dopiero w grudniu uda\u0142o jej si\u0119 wyprzedzi\u0107 Maffashion i znale\u017a\u0107 si\u0119 na 1. miejscu pod wzgl\u0119dem zaanga\u017cowania swoich fan\u00f3w.<\/p>\n<div style=\"width: 798px\" class=\"wp-caption aligncenter\"><img loading=\"lazy\" decoding=\"async\" src=\"https:\/\/www.sotrender.com\/blog\/wp-content\/uploads\/2018\/01\/bb84d6ef-c210-4986-b343-4d1af8893b97_pasted20image200.png\" alt=\"maffashion, deynn, marita surma, blogi, blogerzy, Instagram, grudzie\u0144 2017\" width=\"788\" height=\"673\" \/><p class=\"wp-caption-text\">Zaanga\u017cowanie obserwator\u00f3w w kategorii <a href=\"https:\/\/www.sotrender.com\/trends\/instagram\/poland\/201712\/media\/media_internetowe\/blogi_blogerzy\">Blogi i blogerzy<\/a> | grudzie\u0144 2017<\/p><\/div>\n<p>Spory awans w tej samej kategorii odnotowa\u0142a na swoim koncie r\u00f3wnie\u017c Tamara Gonzalez Perea (Macademian Girl) &#8211; 11 oczek w g\u00f3r\u0119 oraz Sylwia Gaczorek &#8211; awans o 13 pozycji.<\/p>\n<p style=\"text-align: center;\"><!--HubSpot Call-to-Action Code --><span id=\"hs-cta-wrapper-c4243256-775c-4f09-9dae-182c6d1fa4e1\" class=\"hs-cta-wrapper\"><span id=\"hs-cta-c4243256-775c-4f09-9dae-182c6d1fa4e1\" class=\"hs-cta-node hs-cta-c4243256-775c-4f09-9dae-182c6d1fa4e1\"><!-- [if lte IE 8]><\/p>\n\n\n\n\n\n<div id=\"hs-cta-ie-element\"><\/div>\n\n\n<![endif]--><a href=\"https:\/\/cta-redirect.hubspot.com\/cta\/redirect\/3842881\/c4243256-775c-4f09-9dae-182c6d1fa4e1\"><img decoding=\"async\" id=\"hs-cta-img-c4243256-775c-4f09-9dae-182c6d1fa4e1\" class=\"hs-cta-img aligncenter\" style=\"border-width: 0px;\" src=\"https:\/\/no-cache.hubspot.com\/cta\/default\/3842881\/c4243256-775c-4f09-9dae-182c6d1fa4e1.png\" alt=\"Mierz swoje dzia\u0142ania w social media!\" \/><\/a><\/span><script charset=\"utf-8\" src=\"https:\/\/js.hscta.net\/cta\/current.js\"><\/script><script type=\"text\/javascript\"> hbspt.cta.load(3842881, 'c4243256-775c-4f09-9dae-182c6d1fa4e1', {}); <\/script><\/span><!-- end HubSpot Call-to-Action Code --><\/p>\n<h2>Instagram Trends grudzie\u0144 2017 &#8211; to nie wszystko!<\/h2>\n<p>W \u015bwi\u0119ta tak\u017ce i Wy byli\u015bcie troch\u0119 offline? Sprawd\u017acie, co dzia\u0142o si\u0119 na Instagramie w grudniu w najnowszym raporcie <a href=\"https:\/\/www.sotrender.com\/trends\/instagram\/poland\/201712\">Instagram Trends grudzie\u0144 2017<\/a>!<\/p>\n","protected":false},"excerpt":{"rendered":"<p>Jak si\u0119 okazuje, grudzie\u0144 w por\u00f3wnaniu do listopada by\u0142 stosunkowo spokojny na Instagramie. \u015awi\u0105teczne przygotowania i zas\u0142u\u017cony odpoczynek poch\u0142on\u0119\u0142y nas na tyle, \u017ce mniej ni\u017c zazwyczaj anga\u017cowali\u015bmy si\u0119 w \u017cycie online. Witamy w nowym roku i zapraszamy na comiesi\u0119czny raport Instagram Trends grudzie\u0144 2017!<\/p>\n","protected":false},"author":89,"featured_media":31957,"comment_status":"open","ping_status":"open","sticky":false,"template":"","format":"standard","meta":{"inline_featured_image":false,"footnotes":""},"categories":[1791,1803,2125],"tags":[615,2073,2647,2681,2683,2685],"yoast_head":"<!-- This site is optimized with the Yoast SEO plugin v22.4 - https:\/\/yoast.com\/wordpress\/plugins\/seo\/ -->\n<title>Instagram Trends grudzie\u0144 2017 - spokojny koniec roku<\/title>\n<meta name=\"description\" content=\"Jak si\u0119 okazuje, grudzie\u0144 w por\u00f3wnaniu do listopada by\u0142 stosunkowo spokojny na Instagramie. Zapraszamy na najnnowszy raport Instagram Trends grudzie\u0144 2017!\" \/>\n<meta name=\"robots\" content=\"index, follow, max-snippet:-1, max-image-preview:large, max-video-preview:-1\" \/>\n<link rel=\"canonical\" href=\"https:\/\/www.sotrender.com\/blog\/pl\/2018\/01\/instagram-trends-grudzien-2017-spokojny-koniec-roku\/\" \/>\n<meta property=\"og:locale\" content=\"pl_PL\" \/>\n<meta property=\"og:type\" content=\"article\" \/>\n<meta property=\"og:title\" content=\"Instagram Trends grudzie\u0144 2017 - spokojny koniec roku\" \/>\n<meta property=\"og:description\" content=\"Jak si\u0119 okazuje, grudzie\u0144 w por\u00f3wnaniu do listopada by\u0142 stosunkowo spokojny na Instagramie. Zapraszamy na najnnowszy raport Instagram Trends grudzie\u0144 2017!\" \/>\n<meta property=\"og:url\" content=\"https:\/\/www.sotrender.com\/blog\/pl\/2018\/01\/instagram-trends-grudzien-2017-spokojny-koniec-roku\/\" \/>\n<meta property=\"og:site_name\" content=\"Sotrender Blog\" \/>\n<meta property=\"article:publisher\" content=\"https:\/\/www.facebook.com\/Sotrender\" \/>\n<meta property=\"article:published_time\" content=\"2018-01-04T11:05:00+00:00\" \/>\n<meta property=\"article:modified_time\" content=\"2018-02-09T13:29:43+00:00\" \/>\n<meta property=\"og:image\" content=\"https:\/\/www.sotrender.com\/blog\/wp-content\/uploads\/2018\/01\/winter-2938833_1280.jpg\" \/>\n\t<meta property=\"og:image:width\" content=\"1280\" \/>\n\t<meta property=\"og:image:height\" content=\"853\" \/>\n\t<meta property=\"og:image:type\" content=\"image\/jpeg\" \/>\n<meta name=\"author\" content=\"Klaudia \u017by\u0142ka\" \/>\n<meta name=\"twitter:card\" content=\"summary_large_image\" \/>\n<meta name=\"twitter:creator\" content=\"@Sotrender\" \/>\n<meta name=\"twitter:site\" content=\"@Sotrender\" \/>\n<meta name=\"twitter:label1\" content=\"Written by\" \/>\n\t<meta name=\"twitter:data1\" content=\"Klaudia \u017by\u0142ka\" \/>\n\t<meta name=\"twitter:label2\" content=\"Est. reading time\" \/>\n\t<meta name=\"twitter:data2\" content=\"3 minutes\" \/>\n<script type=\"application\/ld+json\" class=\"yoast-schema-graph\">{\"@context\":\"https:\/\/schema.org\",\"@graph\":[{\"@type\":\"WebPage\",\"@id\":\"https:\/\/www.sotrender.com\/blog\/pl\/2018\/01\/instagram-trends-grudzien-2017-spokojny-koniec-roku\/\",\"url\":\"https:\/\/www.sotrender.com\/blog\/pl\/2018\/01\/instagram-trends-grudzien-2017-spokojny-koniec-roku\/\",\"name\":\"Instagram Trends grudzie\u0144 2017 - spokojny koniec roku\",\"isPartOf\":{\"@id\":\"https:\/\/www.sotrender.com\/blog\/#website\"},\"primaryImageOfPage\":{\"@id\":\"https:\/\/www.sotrender.com\/blog\/pl\/2018\/01\/instagram-trends-grudzien-2017-spokojny-koniec-roku\/#primaryimage\"},\"image\":{\"@id\":\"https:\/\/www.sotrender.com\/blog\/pl\/2018\/01\/instagram-trends-grudzien-2017-spokojny-koniec-roku\/#primaryimage\"},\"thumbnailUrl\":\"https:\/\/www.sotrender.com\/blog\/wp-content\/uploads\/2018\/01\/winter-2938833_1280.jpg\",\"datePublished\":\"2018-01-04T11:05:00+00:00\",\"dateModified\":\"2018-02-09T13:29:43+00:00\",\"author\":{\"@id\":\"https:\/\/www.sotrender.com\/blog\/#\/schema\/person\/038ac5e276c5d102d8cbb9c36cd43416\"},\"description\":\"Jak si\u0119 okazuje, grudzie\u0144 w por\u00f3wnaniu do listopada by\u0142 stosunkowo spokojny na Instagramie. Zapraszamy na najnnowszy raport Instagram Trends grudzie\u0144 2017!\",\"breadcrumb\":{\"@id\":\"https:\/\/www.sotrender.com\/blog\/pl\/2018\/01\/instagram-trends-grudzien-2017-spokojny-koniec-roku\/#breadcrumb\"},\"inLanguage\":\"pl-PL\",\"potentialAction\":[{\"@type\":\"ReadAction\",\"target\":[\"https:\/\/www.sotrender.com\/blog\/pl\/2018\/01\/instagram-trends-grudzien-2017-spokojny-koniec-roku\/\"]}]},{\"@type\":\"ImageObject\",\"inLanguage\":\"pl-PL\",\"@id\":\"https:\/\/www.sotrender.com\/blog\/pl\/2018\/01\/instagram-trends-grudzien-2017-spokojny-koniec-roku\/#primaryimage\",\"url\":\"https:\/\/www.sotrender.com\/blog\/wp-content\/uploads\/2018\/01\/winter-2938833_1280.jpg\",\"contentUrl\":\"https:\/\/www.sotrender.com\/blog\/wp-content\/uploads\/2018\/01\/winter-2938833_1280.jpg\",\"width\":1280,\"height\":853,\"caption\":\"winter, walk, spacer, zima, odpoczynek\"},{\"@type\":\"BreadcrumbList\",\"@id\":\"https:\/\/www.sotrender.com\/blog\/pl\/2018\/01\/instagram-trends-grudzien-2017-spokojny-koniec-roku\/#breadcrumb\",\"itemListElement\":[{\"@type\":\"ListItem\",\"position\":1,\"name\":\"Home\",\"item\":\"https:\/\/www.sotrender.com\/blog\/\"},{\"@type\":\"ListItem\",\"position\":2,\"name\":\"Instagram Trends grudzie\u0144 2017 &#8211; spokojny koniec roku\"}]},{\"@type\":\"WebSite\",\"@id\":\"https:\/\/www.sotrender.com\/blog\/#website\",\"url\":\"https:\/\/www.sotrender.com\/blog\/\",\"name\":\"Sotrender Blog\",\"description\":\"\",\"potentialAction\":[{\"@type\":\"SearchAction\",\"target\":{\"@type\":\"EntryPoint\",\"urlTemplate\":\"https:\/\/www.sotrender.com\/blog\/?s={search_term_string}\"},\"query-input\":\"required name=search_term_string\"}],\"inLanguage\":\"pl-PL\"},{\"@type\":\"Person\",\"@id\":\"https:\/\/www.sotrender.com\/blog\/#\/schema\/person\/038ac5e276c5d102d8cbb9c36cd43416\",\"name\":\"Klaudia \u017by\u0142ka\",\"image\":{\"@type\":\"ImageObject\",\"inLanguage\":\"pl-PL\",\"@id\":\"https:\/\/www.sotrender.com\/blog\/#\/schema\/person\/image\/\",\"url\":\"https:\/\/secure.gravatar.com\/avatar\/f55d5d49ce3c448e1ffde0ab078d84cd?s=96&d=mm&r=g\",\"contentUrl\":\"https:\/\/secure.gravatar.com\/avatar\/f55d5d49ce3c448e1ffde0ab078d84cd?s=96&d=mm&r=g\",\"caption\":\"Klaudia \u017by\u0142ka\"},\"description\":\"Instagram, dogs, books and food lover. Former student at Warsaw University and Malm\u00f6 University. Improving her marketing skills every day. Proud owner of DIMAQ certificate\",\"sameAs\":[\"https:\/\/www.linkedin.com\/in\/klaudia-\u017cy\u0142ka-17527779\"],\"url\":\"https:\/\/www.sotrender.com\/blog\/pl\/author\/klaudia_yka\/\"}]}<\/script>\n<!-- \/ Yoast SEO plugin. -->","yoast_head_json":{"title":"Instagram Trends grudzie\u0144 2017 - spokojny koniec roku","description":"Jak si\u0119 okazuje, grudzie\u0144 w por\u00f3wnaniu do listopada by\u0142 stosunkowo spokojny na Instagramie. Zapraszamy na najnnowszy raport Instagram Trends grudzie\u0144 2017!","robots":{"index":"index","follow":"follow","max-snippet":"max-snippet:-1","max-image-preview":"max-image-preview:large","max-video-preview":"max-video-preview:-1"},"canonical":"https:\/\/www.sotrender.com\/blog\/pl\/2018\/01\/instagram-trends-grudzien-2017-spokojny-koniec-roku\/","og_locale":"pl_PL","og_type":"article","og_title":"Instagram Trends grudzie\u0144 2017 - spokojny koniec roku","og_description":"Jak si\u0119 okazuje, grudzie\u0144 w por\u00f3wnaniu do listopada by\u0142 stosunkowo spokojny na Instagramie. Zapraszamy na najnnowszy raport Instagram Trends grudzie\u0144 2017!","og_url":"https:\/\/www.sotrender.com\/blog\/pl\/2018\/01\/instagram-trends-grudzien-2017-spokojny-koniec-roku\/","og_site_name":"Sotrender Blog","article_publisher":"https:\/\/www.facebook.com\/Sotrender","article_published_time":"2018-01-04T11:05:00+00:00","article_modified_time":"2018-02-09T13:29:43+00:00","og_image":[{"width":1280,"height":853,"url":"https:\/\/www.sotrender.com\/blog\/wp-content\/uploads\/2018\/01\/winter-2938833_1280.jpg","type":"image\/jpeg"}],"author":"Klaudia \u017by\u0142ka","twitter_card":"summary_large_image","twitter_creator":"@Sotrender","twitter_site":"@Sotrender","twitter_misc":{"Written by":"Klaudia \u017by\u0142ka","Est. reading time":"3 minutes"},"schema":{"@context":"https:\/\/schema.org","@graph":[{"@type":"WebPage","@id":"https:\/\/www.sotrender.com\/blog\/pl\/2018\/01\/instagram-trends-grudzien-2017-spokojny-koniec-roku\/","url":"https:\/\/www.sotrender.com\/blog\/pl\/2018\/01\/instagram-trends-grudzien-2017-spokojny-koniec-roku\/","name":"Instagram Trends grudzie\u0144 2017 - spokojny koniec roku","isPartOf":{"@id":"https:\/\/www.sotrender.com\/blog\/#website"},"primaryImageOfPage":{"@id":"https:\/\/www.sotrender.com\/blog\/pl\/2018\/01\/instagram-trends-grudzien-2017-spokojny-koniec-roku\/#primaryimage"},"image":{"@id":"https:\/\/www.sotrender.com\/blog\/pl\/2018\/01\/instagram-trends-grudzien-2017-spokojny-koniec-roku\/#primaryimage"},"thumbnailUrl":"https:\/\/www.sotrender.com\/blog\/wp-content\/uploads\/2018\/01\/winter-2938833_1280.jpg","datePublished":"2018-01-04T11:05:00+00:00","dateModified":"2018-02-09T13:29:43+00:00","author":{"@id":"https:\/\/www.sotrender.com\/blog\/#\/schema\/person\/038ac5e276c5d102d8cbb9c36cd43416"},"description":"Jak si\u0119 okazuje, grudzie\u0144 w por\u00f3wnaniu do listopada by\u0142 stosunkowo spokojny na Instagramie. Zapraszamy na najnnowszy raport Instagram Trends grudzie\u0144 2017!","breadcrumb":{"@id":"https:\/\/www.sotrender.com\/blog\/pl\/2018\/01\/instagram-trends-grudzien-2017-spokojny-koniec-roku\/#breadcrumb"},"inLanguage":"pl-PL","potentialAction":[{"@type":"ReadAction","target":["https:\/\/www.sotrender.com\/blog\/pl\/2018\/01\/instagram-trends-grudzien-2017-spokojny-koniec-roku\/"]}]},{"@type":"ImageObject","inLanguage":"pl-PL","@id":"https:\/\/www.sotrender.com\/blog\/pl\/2018\/01\/instagram-trends-grudzien-2017-spokojny-koniec-roku\/#primaryimage","url":"https:\/\/www.sotrender.com\/blog\/wp-content\/uploads\/2018\/01\/winter-2938833_1280.jpg","contentUrl":"https:\/\/www.sotrender.com\/blog\/wp-content\/uploads\/2018\/01\/winter-2938833_1280.jpg","width":1280,"height":853,"caption":"winter, walk, spacer, zima, odpoczynek"},{"@type":"BreadcrumbList","@id":"https:\/\/www.sotrender.com\/blog\/pl\/2018\/01\/instagram-trends-grudzien-2017-spokojny-koniec-roku\/#breadcrumb","itemListElement":[{"@type":"ListItem","position":1,"name":"Home","item":"https:\/\/www.sotrender.com\/blog\/"},{"@type":"ListItem","position":2,"name":"Instagram Trends grudzie\u0144 2017 &#8211; spokojny koniec roku"}]},{"@type":"WebSite","@id":"https:\/\/www.sotrender.com\/blog\/#website","url":"https:\/\/www.sotrender.com\/blog\/","name":"Sotrender Blog","description":"","potentialAction":[{"@type":"SearchAction","target":{"@type":"EntryPoint","urlTemplate":"https:\/\/www.sotrender.com\/blog\/?s={search_term_string}"},"query-input":"required name=search_term_string"}],"inLanguage":"pl-PL"},{"@type":"Person","@id":"https:\/\/www.sotrender.com\/blog\/#\/schema\/person\/038ac5e276c5d102d8cbb9c36cd43416","name":"Klaudia \u017by\u0142ka","image":{"@type":"ImageObject","inLanguage":"pl-PL","@id":"https:\/\/www.sotrender.com\/blog\/#\/schema\/person\/image\/","url":"https:\/\/secure.gravatar.com\/avatar\/f55d5d49ce3c448e1ffde0ab078d84cd?s=96&d=mm&r=g","contentUrl":"https:\/\/secure.gravatar.com\/avatar\/f55d5d49ce3c448e1ffde0ab078d84cd?s=96&d=mm&r=g","caption":"Klaudia \u017by\u0142ka"},"description":"Instagram, dogs, books and food lover. Former student at Warsaw University and Malm\u00f6 University. Improving her marketing skills every day. Proud owner of DIMAQ certificate","sameAs":["https:\/\/www.linkedin.com\/in\/klaudia-\u017cy\u0142ka-17527779"],"url":"https:\/\/www.sotrender.com\/blog\/pl\/author\/klaudia_yka\/"}]}},"_links":{"self":[{"href":"https:\/\/www.sotrender.com\/blog\/pl\/wp-json\/wp\/v2\/posts\/31939"}],"collection":[{"href":"https:\/\/www.sotrender.com\/blog\/pl\/wp-json\/wp\/v2\/posts"}],"about":[{"href":"https:\/\/www.sotrender.com\/blog\/pl\/wp-json\/wp\/v2\/types\/post"}],"author":[{"embeddable":true,"href":"https:\/\/www.sotrender.com\/blog\/pl\/wp-json\/wp\/v2\/users\/89"}],"replies":[{"embeddable":true,"href":"https:\/\/www.sotrender.com\/blog\/pl\/wp-json\/wp\/v2\/comments?post=31939"}],"version-history":[{"count":16,"href":"https:\/\/www.sotrender.com\/blog\/pl\/wp-json\/wp\/v2\/posts\/31939\/revisions"}],"predecessor-version":[{"id":33071,"href":"https:\/\/www.sotrender.com\/blog\/pl\/wp-json\/wp\/v2\/posts\/31939\/revisions\/33071"}],"wp:featuredmedia":[{"embeddable":true,"href":"https:\/\/www.sotrender.com\/blog\/pl\/wp-json\/wp\/v2\/media\/31957"}],"wp:attachment":[{"href":"https:\/\/www.sotrender.com\/blog\/pl\/wp-json\/wp\/v2\/media?parent=31939"}],"wp:term":[{"taxonomy":"category","embeddable":true,"href":"https:\/\/www.sotrender.com\/blog\/pl\/wp-json\/wp\/v2\/categories?post=31939"},{"taxonomy":"post_tag","embeddable":true,"href":"https:\/\/www.sotrender.com\/blog\/pl\/wp-json\/wp\/v2\/tags?post=31939"}],"curies":[{"name":"wp","href":"https:\/\/api.w.org\/{rel}","templated":true}]}}