{"id":31621,"date":"2017-12-11T10:44:37","date_gmt":"2017-12-11T09:44:37","guid":{"rendered":"https:\/\/www.sotrender.com\/blog\/?p=31621\/"},"modified":"2017-12-12T08:21:53","modified_gmt":"2017-12-12T07:21:53","slug":"facebook-trends-listopad-2017-wielkie-przygotowania","status":"publish","type":"post","link":"https:\/\/www.sotrender.com\/blog\/pl\/2017\/12\/facebook-trends-listopad-2017-wielkie-przygotowania\/","title":{"rendered":"Facebook Trends listopad 2017 &#8211; wielkie przygotowania"},"content":{"rendered":"<p>Jeste\u015bmy w trakcie jednego z bardziej gor\u0105cych okres\u00f3w w roku. Za nami Black Friday (Week? ;)), Cyber Monday, przed nami m.in. koniec roku i wszelkich podsumowa\u0144, ale te\u017c oczywi\u015bcie \u015awi\u0119ta Bo\u017cego Narodzenia i ca\u0142y \u201csza\u0142\u201d z nimi zwi\u0105zany.<\/p>\n<p>Wszystko to spowodowa\u0142o, \u017ce tak\u017ce na Facebooku du\u017co si\u0119 dzia\u0142o. Zapraszamy na nasze subiektywne podsumowanie wydarze\u0144 z minionego miesi\u0105ca, a po szczeg\u00f3\u0142y odsy\u0142amy do pe\u0142nej wersji raportu <a href=\"https:\/\/www.sotrender.com\/trends\/facebook\/poland\/201711\">Facebook Trends listopad 2017<\/a>!<\/p>\n<p><!--more--><\/p>\n<h2>Kto zyska\u0142 najwi\u0119cej<\/h2>\n<p>Kt\u00f3re <a href=\"https:\/\/www.sotrender.com\/trends\/facebook\/poland\/201711\/zestawienie-branz\">bran\u017ce<\/a> by\u0142y najbardziej popularne w listopadzie? \u015acis\u0142a czo\u0142\u00f3wka utrzyma\u0142a si\u0119 bez wi\u0119kszych zmian, cho\u0107 Pi\u0142karzom uda\u0142o si\u0119 obj\u0105\u0107 prowadzenie mimo mniejszego, w por\u00f3wnaniu do poprzedniego miesi\u0105ca, zaanga\u017cowania swoich fan\u00f3w.<\/p>\n<p>Warto jednak podkre\u015bli\u0107 najwi\u0119kszy wzrost w kategorii bran\u017c, kt\u00f3ry nale\u017cy do\u2026 kabaret\u00f3w, o kt\u00f3rych <span style=\"text-decoration: underline;\"><a href=\"https:\/\/www.sotrender.com\/blog\/pl\/2017\/11\/facebook-trends-polska-pazdziernik-2017\/\">pisali\u015bmy w minionym miesi\u0105cu<\/a><\/span>! Odnotowa\u0142y one awans a\u017c o 14 pozycji i uplasowa\u0142y si\u0119 ostatecznie na 7. miejscu w rankingu. Czy\u017cby to by\u0142a nasza zas\u0142uga? \ud83d\ude09<\/p>\n<div style=\"width: 758px\" class=\"wp-caption aligncenter\"><img loading=\"lazy\" decoding=\"async\" src=\"https:\/\/www.sotrender.com\/blog\/wp-content\/uploads\/2017\/12\/c5ea60eb-d97d-49e3-b640-fb529084156c_pasted20image200.png\" alt=\"kabarety, facebook, facebook trends, listopad \" width=\"748\" height=\"324\" \/><p class=\"wp-caption-text\">Zestawienie bran\u017c wg zaanga\u017cowania na Facebooku | listopad 2017<\/p><\/div>\n<h2>Coraz bli\u017cej \u015bwi\u0119ta<\/h2>\n<p>No c\u00f3\u017c, tego faktu chyba nie da si\u0119 ukry\u0107, a od 1. grudnia wszyscy czuj\u0105 ju\u017c og\u00f3lne przyzwolenie, \u017ceby o nich g\u0142o\u015bno m\u00f3wi\u0107. Tudzie\u017c \u015bpiewa\u0107 \ud83d\ude09<\/p>\n<p>Jednym z element\u00f3w, kt\u00f3ry od dawna kojarzy si\u0119 wi\u0119kszo\u015bci z nas ze \u015bwi\u0119tami jest \u015bwi\u0105teczna ci\u0119\u017car\u00f3wka Coca-Coli, kt\u00f3ra niczym \u201cKevin sam w domu\u201d chyba d\u0142ugo jeszcze si\u0119 nie znudzi. Fenomen ci\u0119\u017car\u00f3wki znalaz\u0142 swoje odzwierciedlenie r\u00f3wnie\u017c na Facebooku i to ju\u017c w listopadzie, gdy og\u0142oszono, \u017ce wyruszy ona w tras\u0119 po Polsce.<\/p>\n<div style=\"width: 746px\" class=\"wp-caption aligncenter\"><img loading=\"lazy\" decoding=\"async\" src=\"https:\/\/www.sotrender.com\/blog\/wp-content\/uploads\/2017\/12\/c4942660-c265-46bb-ab19-55ed4997866e_pasted20image200.png\" alt=\"deezee, coca cola, aktywni u\u017cytkownicy, facebook\" width=\"736\" height=\"272\" \/><p class=\"wp-caption-text\">Ranking aktywnych u\u017cytkownik\u00f3w w kategorii Marki | listopad 2017<\/p><\/div>\n<p>Pod wzgl\u0119dem aktywnych u\u017cytkownik\u00f3w profil Coca-Coli odnotowa\u0142 wzrost a\u017c o 58 pozycji w ca\u0142ej kategorii <a href=\"https:\/\/www.sotrender.com\/trends\/facebook\/poland\/201711\/marki\">Marki<\/a> (z przyrostem o 360%) i uplasowa\u0142 si\u0119 na wysokim, 6. miejscu.<\/p>\n<p>Z kolei w <a href=\"https:\/\/www.sotrender.com\/trends\/facebook\/poland\/201711\/marki\/fmcg\">FMCG<\/a> Coca-Cola obj\u0119\u0142a zdecydowane prowadzenie.<\/p>\n<div style=\"width: 745px\" class=\"wp-caption aligncenter\"><img loading=\"lazy\" decoding=\"async\" src=\"https:\/\/www.sotrender.com\/blog\/wp-content\/uploads\/2017\/12\/6d2a082f-5f95-451d-a6b9-5094c40a3f24_pasted20image200.png\" alt=\"fmcg, aktywni u\u017cytkownicy, facebook, coca cola \" width=\"735\" height=\"187\" \/><p class=\"wp-caption-text\">Ranking aktywnych u\u017cytkownik\u00f3w w kategorii FMCG | listopad 2017<\/p><\/div>\n<p>\u2026 i mia\u0142a r\u00f3wnie\u017c najlepszy post miesi\u0105ca.<\/p>\n<p style=\"text-align: left;\"><iframe loading=\"lazy\" style=\"border: none; overflow: hidden;\" src=\"https:\/\/www.facebook.com\/plugins\/video.php?href=https%3A%2F%2Fwww.facebook.com%2Fcocacolapoland%2Fvideos%2F2000878110125031%2F&amp;show_text=0&amp;width=560\" width=\"560\" height=\"315\" frameborder=\"0\" scrolling=\"no\" allowfullscreen=\"allowfullscreen\"><\/iframe><\/p>\n<p style=\"text-align: left;\">Pami\u0119tacie zesz\u0142oroczne akcje i kampanie \u015bwi\u0105teczne? Je\u015bli nie, to koniecznie przypomnijcie sobie, <span style=\"text-decoration: underline;\"><a href=\"https:\/\/www.sotrender.com\/blog\/pl\/2017\/04\/mallpl-mallkolaj-prezenty-case-study\/\">kto i dlaczego odni\u00f3s\u0142 sukces<\/a><\/span>\u00a0&#8211; jeszcze nie jest za p\u00f3\u017ano, \u017ceby si\u0119 troch\u0119 zainspirowa\u0107 i pom\u00f3c swoim tegorocznym wysi\u0142kom osi\u0105gn\u0105\u0107 lepsze wyniki!<\/p>\n<h2 style=\"text-align: left;\">Powr\u00f3t sport\u00f3w zimowych<\/h2>\n<p style=\"text-align: left;\">Cho\u0107 o Robercie Lewandowskim, nie tylko w zwi\u0105zku z jego karier\u0105 pi\u0142karsk\u0105, g\u0142o\u015bno jest ca\u0142y rok, nie zapominamy r\u00f3wnie\u017c o innych sportach i sportowcach, tych bardziej \u201csezonowych\u201d.<\/p>\n<p style=\"text-align: left;\">Skoczkowie narciarscy, bo o nich b\u0119dzie w\u0142a\u015bnie mowa, w minionym miesi\u0105cu rozpocz\u0119li nowy sezon. Nie powinien dziwi\u0107 wi\u0119c wzrost w liczbie <a href=\"https:\/\/www.sotrender.com\/trends\/facebook\/poland\/201711\/osoby\/sportowcy#engagement\">aktywnych u\u017cytkownik\u00f3w<\/a> na profilach czo\u0142owych skoczk\u00f3w &#8211; Kamila Stocha i Piotra \u017by\u0142y.<\/p>\n<p style=\"text-align: left;\">Jedni pn\u0105 si\u0119 w rankingu do g\u00f3ry, inni odnotowuj\u0105 spadki &#8211; w listopadzie wi\u0119kszo\u015b\u0107 profili polskich pi\u0142karzy uplasowa\u0142a si\u0119 w zestawieniu kilka pozycji ni\u017cej w por\u00f3wnaniu do pa\u017adziernika.<\/p>\n<div style=\"width: 738px\" class=\"wp-caption aligncenter\"><img loading=\"lazy\" decoding=\"async\" src=\"https:\/\/www.sotrender.com\/blog\/wp-content\/uploads\/2017\/12\/7dee60e3-b556-41c6-bba1-901f6239d6ce_pasted20image200.png\" alt=\"sportowcy, facebook, kamil stoch, piotr \u017cy\u0142a, skoki narciarskie\" width=\"728\" height=\"645\" \/><p class=\"wp-caption-text\">Ranking sportowc\u00f3w na Facebooku wg aktywnych u\u017cytkownik\u00f3w | listopad 2017<\/p><\/div>\n<h2 style=\"text-align: left;\">Warto pomaga\u0107<\/h2>\n<p style=\"text-align: left;\">Zbli\u017caj\u0105cy si\u0119 okres \u015bwi\u0105teczny to r\u00f3wnie\u017c czas kiedy jeste\u015bmy bardziej empatyczni i skorzy do bezinteresownej pomocy innym.<\/p>\n<p style=\"text-align: left;\">Cz\u0119sto pomoc pojedynczych os\u00f3b jednak nie wystarczy. W grupie si\u0142a, dlatego cz\u0119sto nawet polubienia czy udost\u0119pnienia informacji dalej, dzi\u0119ki czemu mog\u0105 one dotrze\u0107 do wi\u0119kszej liczby os\u00f3b, s\u0105 niezwykle wa\u017cne. W listopadzie rzesza u\u017cytkownik\u00f3w Facebooka mocno zaktywizowa\u0142a si\u0119 na wi\u0119kszo\u015bci profili <a href=\"https:\/\/www.sotrender.com\/trends\/facebook\/poland\/201711\/marki\/ngo\">organizacji NGO<\/a> &#8211; przy czym znaczna wi\u0119kszo\u015b\u0107 z nich dotyczy\u0142a pomocy czworonogom.<\/p>\n<div style=\"width: 739px\" class=\"wp-caption aligncenter\"><img loading=\"lazy\" decoding=\"async\" src=\"https:\/\/www.sotrender.com\/blog\/wp-content\/uploads\/2017\/12\/f1dd767f-2b64-4155-9916-f07f16d33098_pasted20image200.png\" alt=\"facebook, ngo, organizacje ngo, wo\u015bp \" width=\"729\" height=\"727\" \/><p class=\"wp-caption-text\">Liczba aktywnych u\u017cytkownik\u00f3w na profilach organizacji NGO na Facebooku | listopad 2017<\/p><\/div>\n<p style=\"text-align: left;\">Spory wzrost w liczbie aktywnych u\u017cytkownik\u00f3w odnotowa\u0142 na swoim koncie r\u00f3wnie\u017c profil WO\u015aP oraz Jurka Owsiaka &#8211; w ko\u0144cu w styczniu ju\u017c kolejny fina\u0142 Wielkiej Orkiestry \u015awi\u0105tecznej Pomocy.<\/p>\n<p style=\"text-align: left;\">Pe\u0142ne podsumowanie minionego miesi\u0105ca na polskim Facebooku znajdziecie jak zawsze w najnowszym wydaniu raportu <a href=\"https:\/\/www.sotrender.com\/trends\/facebook\/poland\/201711\">Facebook Trends listopad 2017<\/a>!<\/p>\n<p style=\"text-align: left;\"><div class=\"shortcode trial\"><h4><span>MIERZ, OPTYMALIZUJ, RAPORTUJ!<\/span><a title=\"Zobacz wi\u0119cej\" class=\"btn\" href=\"https:\/\/app.sotrender.com\/auth\/signup\/trial\/pl?utm_source=blog-cta-legacy\">Zobacz wi\u0119cej<\/a><\/h4><\/div><\/p>\n","protected":false},"excerpt":{"rendered":"<p>Jeste\u015bmy w trakcie jednego z bardziej gor\u0105cych okres\u00f3w w roku. Za nami Black Friday (Week? ;)), Cyber Monday, przed nami m.in. koniec roku i wszelkich podsumowa\u0144, ale te\u017c oczywi\u015bcie \u015awi\u0119ta Bo\u017cego Narodzenia i ca\u0142y \u201csza\u0142\u201d z nimi zwi\u0105zany. Wszystko to spowodowa\u0142o, \u017ce tak\u017ce na Facebooku du\u017co si\u0119 dzia\u0142o. Zapraszamy na nasze subiektywne podsumowanie wydarze\u0144 z [&hellip;]<\/p>\n","protected":false},"author":89,"featured_media":31639,"comment_status":"open","ping_status":"open","sticky":false,"template":"","format":"standard","meta":{"inline_featured_image":false,"footnotes":""},"categories":[2275],"tags":[17,491,2307,2645,2647],"yoast_head":"<!-- This site is optimized with the Yoast SEO plugin v22.4 - https:\/\/yoast.com\/wordpress\/plugins\/seo\/ -->\n<title>Facebook Trends listopad 2017 - wielkie przygotowania<\/title>\n<meta name=\"description\" content=\"Sprawd\u017acie, czym \u017cyje Facebook w trakcie jednego z bardziej gor\u0105cych okres\u00f3w w roku. Ju\u017c jest raport Facebook Trends listopad 2017!\" \/>\n<meta name=\"robots\" content=\"index, follow, max-snippet:-1, max-image-preview:large, max-video-preview:-1\" \/>\n<link rel=\"canonical\" href=\"https:\/\/www.sotrender.com\/blog\/pl\/2017\/12\/facebook-trends-listopad-2017-wielkie-przygotowania\/\" \/>\n<meta property=\"og:locale\" content=\"pl_PL\" \/>\n<meta property=\"og:type\" content=\"article\" \/>\n<meta property=\"og:title\" content=\"Facebook Trends listopad 2017 - wielkie przygotowania\" \/>\n<meta property=\"og:description\" content=\"Sprawd\u017acie, czym \u017cyje Facebook w trakcie jednego z bardziej gor\u0105cych okres\u00f3w w roku. Ju\u017c jest raport Facebook Trends listopad 2017!\" \/>\n<meta property=\"og:url\" content=\"https:\/\/www.sotrender.com\/blog\/pl\/2017\/12\/facebook-trends-listopad-2017-wielkie-przygotowania\/\" \/>\n<meta property=\"og:site_name\" content=\"Sotrender Blog\" \/>\n<meta property=\"article:publisher\" content=\"https:\/\/www.facebook.com\/Sotrender\" \/>\n<meta property=\"article:published_time\" content=\"2017-12-11T09:44:37+00:00\" \/>\n<meta property=\"article:modified_time\" content=\"2017-12-12T07:21:53+00:00\" \/>\n<meta property=\"og:image\" content=\"https:\/\/www.sotrender.com\/blog\/wp-content\/uploads\/2017\/12\/season-1985856_1280.jpg\" \/>\n\t<meta property=\"og:image:width\" content=\"1280\" \/>\n\t<meta property=\"og:image:height\" content=\"915\" \/>\n\t<meta property=\"og:image:type\" content=\"image\/jpeg\" \/>\n<meta name=\"author\" content=\"Klaudia \u017by\u0142ka\" \/>\n<meta name=\"twitter:card\" content=\"summary_large_image\" \/>\n<meta name=\"twitter:creator\" content=\"@Sotrender\" \/>\n<meta name=\"twitter:site\" content=\"@Sotrender\" \/>\n<meta name=\"twitter:label1\" content=\"Written by\" \/>\n\t<meta name=\"twitter:data1\" content=\"Klaudia \u017by\u0142ka\" \/>\n\t<meta name=\"twitter:label2\" content=\"Est. reading time\" \/>\n\t<meta name=\"twitter:data2\" content=\"4 minutes\" \/>\n<script type=\"application\/ld+json\" class=\"yoast-schema-graph\">{\"@context\":\"https:\/\/schema.org\",\"@graph\":[{\"@type\":\"WebPage\",\"@id\":\"https:\/\/www.sotrender.com\/blog\/pl\/2017\/12\/facebook-trends-listopad-2017-wielkie-przygotowania\/\",\"url\":\"https:\/\/www.sotrender.com\/blog\/pl\/2017\/12\/facebook-trends-listopad-2017-wielkie-przygotowania\/\",\"name\":\"Facebook Trends listopad 2017 - wielkie przygotowania\",\"isPartOf\":{\"@id\":\"https:\/\/www.sotrender.com\/blog\/#website\"},\"primaryImageOfPage\":{\"@id\":\"https:\/\/www.sotrender.com\/blog\/pl\/2017\/12\/facebook-trends-listopad-2017-wielkie-przygotowania\/#primaryimage\"},\"image\":{\"@id\":\"https:\/\/www.sotrender.com\/blog\/pl\/2017\/12\/facebook-trends-listopad-2017-wielkie-przygotowania\/#primaryimage\"},\"thumbnailUrl\":\"https:\/\/www.sotrender.com\/blog\/wp-content\/uploads\/2017\/12\/season-1985856_1280.jpg\",\"datePublished\":\"2017-12-11T09:44:37+00:00\",\"dateModified\":\"2017-12-12T07:21:53+00:00\",\"author\":{\"@id\":\"https:\/\/www.sotrender.com\/blog\/#\/schema\/person\/038ac5e276c5d102d8cbb9c36cd43416\"},\"description\":\"Sprawd\u017acie, czym \u017cyje Facebook w trakcie jednego z bardziej gor\u0105cych okres\u00f3w w roku. Ju\u017c jest raport Facebook Trends listopad 2017!\",\"breadcrumb\":{\"@id\":\"https:\/\/www.sotrender.com\/blog\/pl\/2017\/12\/facebook-trends-listopad-2017-wielkie-przygotowania\/#breadcrumb\"},\"inLanguage\":\"pl-PL\",\"potentialAction\":[{\"@type\":\"ReadAction\",\"target\":[\"https:\/\/www.sotrender.com\/blog\/pl\/2017\/12\/facebook-trends-listopad-2017-wielkie-przygotowania\/\"]}]},{\"@type\":\"ImageObject\",\"inLanguage\":\"pl-PL\",\"@id\":\"https:\/\/www.sotrender.com\/blog\/pl\/2017\/12\/facebook-trends-listopad-2017-wielkie-przygotowania\/#primaryimage\",\"url\":\"https:\/\/www.sotrender.com\/blog\/wp-content\/uploads\/2017\/12\/season-1985856_1280.jpg\",\"contentUrl\":\"https:\/\/www.sotrender.com\/blog\/wp-content\/uploads\/2017\/12\/season-1985856_1280.jpg\",\"width\":1280,\"height\":915,\"caption\":\"\u015bwi\u0119ta, przygotowania, black week, promocje\"},{\"@type\":\"BreadcrumbList\",\"@id\":\"https:\/\/www.sotrender.com\/blog\/pl\/2017\/12\/facebook-trends-listopad-2017-wielkie-przygotowania\/#breadcrumb\",\"itemListElement\":[{\"@type\":\"ListItem\",\"position\":1,\"name\":\"Home\",\"item\":\"https:\/\/www.sotrender.com\/blog\/\"},{\"@type\":\"ListItem\",\"position\":2,\"name\":\"Facebook Trends listopad 2017 &#8211; wielkie przygotowania\"}]},{\"@type\":\"WebSite\",\"@id\":\"https:\/\/www.sotrender.com\/blog\/#website\",\"url\":\"https:\/\/www.sotrender.com\/blog\/\",\"name\":\"Sotrender Blog\",\"description\":\"\",\"potentialAction\":[{\"@type\":\"SearchAction\",\"target\":{\"@type\":\"EntryPoint\",\"urlTemplate\":\"https:\/\/www.sotrender.com\/blog\/?s={search_term_string}\"},\"query-input\":\"required name=search_term_string\"}],\"inLanguage\":\"pl-PL\"},{\"@type\":\"Person\",\"@id\":\"https:\/\/www.sotrender.com\/blog\/#\/schema\/person\/038ac5e276c5d102d8cbb9c36cd43416\",\"name\":\"Klaudia \u017by\u0142ka\",\"image\":{\"@type\":\"ImageObject\",\"inLanguage\":\"pl-PL\",\"@id\":\"https:\/\/www.sotrender.com\/blog\/#\/schema\/person\/image\/\",\"url\":\"https:\/\/secure.gravatar.com\/avatar\/f55d5d49ce3c448e1ffde0ab078d84cd?s=96&d=mm&r=g\",\"contentUrl\":\"https:\/\/secure.gravatar.com\/avatar\/f55d5d49ce3c448e1ffde0ab078d84cd?s=96&d=mm&r=g\",\"caption\":\"Klaudia \u017by\u0142ka\"},\"description\":\"Instagram, dogs, books and food lover. Former student at Warsaw University and Malm\u00f6 University. Improving her marketing skills every day. Proud owner of DIMAQ certificate\",\"sameAs\":[\"https:\/\/www.linkedin.com\/in\/klaudia-\u017cy\u0142ka-17527779\"],\"url\":\"https:\/\/www.sotrender.com\/blog\/pl\/author\/klaudia_yka\/\"}]}<\/script>\n<!-- \/ Yoast SEO plugin. -->","yoast_head_json":{"title":"Facebook Trends listopad 2017 - wielkie przygotowania","description":"Sprawd\u017acie, czym \u017cyje Facebook w trakcie jednego z bardziej gor\u0105cych okres\u00f3w w roku. Ju\u017c jest raport Facebook Trends listopad 2017!","robots":{"index":"index","follow":"follow","max-snippet":"max-snippet:-1","max-image-preview":"max-image-preview:large","max-video-preview":"max-video-preview:-1"},"canonical":"https:\/\/www.sotrender.com\/blog\/pl\/2017\/12\/facebook-trends-listopad-2017-wielkie-przygotowania\/","og_locale":"pl_PL","og_type":"article","og_title":"Facebook Trends listopad 2017 - wielkie przygotowania","og_description":"Sprawd\u017acie, czym \u017cyje Facebook w trakcie jednego z bardziej gor\u0105cych okres\u00f3w w roku. Ju\u017c jest raport Facebook Trends listopad 2017!","og_url":"https:\/\/www.sotrender.com\/blog\/pl\/2017\/12\/facebook-trends-listopad-2017-wielkie-przygotowania\/","og_site_name":"Sotrender Blog","article_publisher":"https:\/\/www.facebook.com\/Sotrender","article_published_time":"2017-12-11T09:44:37+00:00","article_modified_time":"2017-12-12T07:21:53+00:00","og_image":[{"width":1280,"height":915,"url":"https:\/\/www.sotrender.com\/blog\/wp-content\/uploads\/2017\/12\/season-1985856_1280.jpg","type":"image\/jpeg"}],"author":"Klaudia \u017by\u0142ka","twitter_card":"summary_large_image","twitter_creator":"@Sotrender","twitter_site":"@Sotrender","twitter_misc":{"Written by":"Klaudia \u017by\u0142ka","Est. reading time":"4 minutes"},"schema":{"@context":"https:\/\/schema.org","@graph":[{"@type":"WebPage","@id":"https:\/\/www.sotrender.com\/blog\/pl\/2017\/12\/facebook-trends-listopad-2017-wielkie-przygotowania\/","url":"https:\/\/www.sotrender.com\/blog\/pl\/2017\/12\/facebook-trends-listopad-2017-wielkie-przygotowania\/","name":"Facebook Trends listopad 2017 - wielkie przygotowania","isPartOf":{"@id":"https:\/\/www.sotrender.com\/blog\/#website"},"primaryImageOfPage":{"@id":"https:\/\/www.sotrender.com\/blog\/pl\/2017\/12\/facebook-trends-listopad-2017-wielkie-przygotowania\/#primaryimage"},"image":{"@id":"https:\/\/www.sotrender.com\/blog\/pl\/2017\/12\/facebook-trends-listopad-2017-wielkie-przygotowania\/#primaryimage"},"thumbnailUrl":"https:\/\/www.sotrender.com\/blog\/wp-content\/uploads\/2017\/12\/season-1985856_1280.jpg","datePublished":"2017-12-11T09:44:37+00:00","dateModified":"2017-12-12T07:21:53+00:00","author":{"@id":"https:\/\/www.sotrender.com\/blog\/#\/schema\/person\/038ac5e276c5d102d8cbb9c36cd43416"},"description":"Sprawd\u017acie, czym \u017cyje Facebook w trakcie jednego z bardziej gor\u0105cych okres\u00f3w w roku. Ju\u017c jest raport Facebook Trends listopad 2017!","breadcrumb":{"@id":"https:\/\/www.sotrender.com\/blog\/pl\/2017\/12\/facebook-trends-listopad-2017-wielkie-przygotowania\/#breadcrumb"},"inLanguage":"pl-PL","potentialAction":[{"@type":"ReadAction","target":["https:\/\/www.sotrender.com\/blog\/pl\/2017\/12\/facebook-trends-listopad-2017-wielkie-przygotowania\/"]}]},{"@type":"ImageObject","inLanguage":"pl-PL","@id":"https:\/\/www.sotrender.com\/blog\/pl\/2017\/12\/facebook-trends-listopad-2017-wielkie-przygotowania\/#primaryimage","url":"https:\/\/www.sotrender.com\/blog\/wp-content\/uploads\/2017\/12\/season-1985856_1280.jpg","contentUrl":"https:\/\/www.sotrender.com\/blog\/wp-content\/uploads\/2017\/12\/season-1985856_1280.jpg","width":1280,"height":915,"caption":"\u015bwi\u0119ta, przygotowania, black week, promocje"},{"@type":"BreadcrumbList","@id":"https:\/\/www.sotrender.com\/blog\/pl\/2017\/12\/facebook-trends-listopad-2017-wielkie-przygotowania\/#breadcrumb","itemListElement":[{"@type":"ListItem","position":1,"name":"Home","item":"https:\/\/www.sotrender.com\/blog\/"},{"@type":"ListItem","position":2,"name":"Facebook Trends listopad 2017 &#8211; wielkie przygotowania"}]},{"@type":"WebSite","@id":"https:\/\/www.sotrender.com\/blog\/#website","url":"https:\/\/www.sotrender.com\/blog\/","name":"Sotrender Blog","description":"","potentialAction":[{"@type":"SearchAction","target":{"@type":"EntryPoint","urlTemplate":"https:\/\/www.sotrender.com\/blog\/?s={search_term_string}"},"query-input":"required name=search_term_string"}],"inLanguage":"pl-PL"},{"@type":"Person","@id":"https:\/\/www.sotrender.com\/blog\/#\/schema\/person\/038ac5e276c5d102d8cbb9c36cd43416","name":"Klaudia \u017by\u0142ka","image":{"@type":"ImageObject","inLanguage":"pl-PL","@id":"https:\/\/www.sotrender.com\/blog\/#\/schema\/person\/image\/","url":"https:\/\/secure.gravatar.com\/avatar\/f55d5d49ce3c448e1ffde0ab078d84cd?s=96&d=mm&r=g","contentUrl":"https:\/\/secure.gravatar.com\/avatar\/f55d5d49ce3c448e1ffde0ab078d84cd?s=96&d=mm&r=g","caption":"Klaudia \u017by\u0142ka"},"description":"Instagram, dogs, books and food lover. Former student at Warsaw University and Malm\u00f6 University. Improving her marketing skills every day. Proud owner of DIMAQ certificate","sameAs":["https:\/\/www.linkedin.com\/in\/klaudia-\u017cy\u0142ka-17527779"],"url":"https:\/\/www.sotrender.com\/blog\/pl\/author\/klaudia_yka\/"}]}},"_links":{"self":[{"href":"https:\/\/www.sotrender.com\/blog\/pl\/wp-json\/wp\/v2\/posts\/31621"}],"collection":[{"href":"https:\/\/www.sotrender.com\/blog\/pl\/wp-json\/wp\/v2\/posts"}],"about":[{"href":"https:\/\/www.sotrender.com\/blog\/pl\/wp-json\/wp\/v2\/types\/post"}],"author":[{"embeddable":true,"href":"https:\/\/www.sotrender.com\/blog\/pl\/wp-json\/wp\/v2\/users\/89"}],"replies":[{"embeddable":true,"href":"https:\/\/www.sotrender.com\/blog\/pl\/wp-json\/wp\/v2\/comments?post=31621"}],"version-history":[{"count":13,"href":"https:\/\/www.sotrender.com\/blog\/pl\/wp-json\/wp\/v2\/posts\/31621\/revisions"}],"predecessor-version":[{"id":31685,"href":"https:\/\/www.sotrender.com\/blog\/pl\/wp-json\/wp\/v2\/posts\/31621\/revisions\/31685"}],"wp:featuredmedia":[{"embeddable":true,"href":"https:\/\/www.sotrender.com\/blog\/pl\/wp-json\/wp\/v2\/media\/31639"}],"wp:attachment":[{"href":"https:\/\/www.sotrender.com\/blog\/pl\/wp-json\/wp\/v2\/media?parent=31621"}],"wp:term":[{"taxonomy":"category","embeddable":true,"href":"https:\/\/www.sotrender.com\/blog\/pl\/wp-json\/wp\/v2\/categories?post=31621"},{"taxonomy":"post_tag","embeddable":true,"href":"https:\/\/www.sotrender.com\/blog\/pl\/wp-json\/wp\/v2\/tags?post=31621"}],"curies":[{"name":"wp","href":"https:\/\/api.w.org\/{rel}","templated":true}]}}