{"id":31565,"date":"2017-12-05T11:58:00","date_gmt":"2017-12-05T10:58:00","guid":{"rendered":"https:\/\/www.sotrender.com\/blog\/?p=31565\/"},"modified":"2017-12-05T11:56:58","modified_gmt":"2017-12-05T10:56:58","slug":"instagram-trends-listopad-2017-celebryci-pod-lupa","status":"publish","type":"post","link":"https:\/\/www.sotrender.com\/blog\/pl\/2017\/12\/instagram-trends-listopad-2017-celebryci-pod-lupa\/","title":{"rendered":"Instagram Trends listopad 2017 &#8211; celebryci pod lup\u0105"},"content":{"rendered":"<p>Najciekawsze wydarzenia minionego miesi\u0105ca na Instagramie skoncentrowa\u0142y si\u0119 wok\u00f3\u0142 polskich celebryt\u00f3w. O kim mowa? G\u0142\u00f3wnie o osobach nieco kontrowersyjnych, kt\u00f3re albo si\u0119 kocha albo nienawidzi.<\/p>\n<p>Gdzie bywa\u0107, co robi\u0107, \u017ceby o nas m\u00f3wili? Sprawd\u017acie w najnowszym raporcie <a href=\"https:\/\/www.sotrender.com\/trends\/instagram\/poland\/201711\">Instagram Trends listopad 2017<\/a>, przygotowanym jak zawsze przez <a href=\"http:\/\/www.sotrender.com\/pl\">Sotrender<\/a>!<\/p>\n<p><!--more--><\/p>\n<h2>Za szklanym ekranem<\/h2>\n<p>Programy telewizyjne nie od dzi\u015b pomagaj\u0105 w (od)zyskiwaniu popularno\u015bci, nie tylko polskich, gwiazd. Listopad dostarczy\u0142 nam na to dw\u00f3ch \u015bwietnych przyk\u0142ad\u00f3w.<\/p>\n<p><span style=\"text-decoration: underline;\"><a href=\"https:\/\/www.instagram.com\/michalpirog\/\">Micha\u0142 Pir\u00f3g<\/a><\/span>\u00a0zosta\u0142 jednym z finalist\u00f3w programu Azja Express. Posty dotycz\u0105ce udzia\u0142u w fina\u0142owym odcinku, jak i inne wpisy dotycz\u0105ce jego obecno\u015bci w programie, by\u0142y najlepszymi postami na oficjalnym profilu Micha\u0142a w listopadzie.<\/p>\n<div style=\"width: 1285px\" class=\"wp-caption aligncenter\"><img loading=\"lazy\" decoding=\"async\" src=\"https:\/\/www.sotrender.com\/blog\/wp-content\/uploads\/2017\/12\/045b4808-f683-4098-b8af-e920dbea73af_pasted20image200.png\" alt=\"micha\u0142 pir\u00f3g, instagram, listopad, azja express\" width=\"1275\" height=\"553\" \/><p class=\"wp-caption-text\">Najlepsze posty Micha\u0142a Pir\u00f3ga w listopadzie na Instagramie<\/p><\/div>\n<p>Wpisy dotycz\u0105ce Azja Express spowodowa\u0142y, \u017ce profil Micha\u0142a odnotowa\u0142 awans a\u017c o 38 oczek w g\u00f3r\u0119 w kategorii <a href=\"https:\/\/www.sotrender.com\/trends\/instagram\/poland\/201711\/osoby\">Osoby<\/a>\u00a0(zaanga\u017cowanie) i uplasowa\u0142 si\u0119 na wysokim 7. miejscu w rankingu.<\/p>\n<div style=\"width: 738px\" class=\"wp-caption aligncenter\"><img loading=\"lazy\" decoding=\"async\" src=\"https:\/\/www.sotrender.com\/blog\/wp-content\/uploads\/2017\/12\/360d9f03-1119-478d-8b1e-89f981c077e2_pasted20image200.png\" alt=\"Micha\u0142 Pir\u00f3g, Instagram, zaanga\u017cowanie, jemerced\" width=\"728\" height=\"376\" \/><p class=\"wp-caption-text\">Najbardziej anga\u017cuj\u0105ce posty w kategorii Osoby | Instagram Polska listopad 2017<\/p><\/div>\n<p>R\u00f3wnie\u017c Instagramowa obecno\u015b\u0107 <span style=\"text-decoration: underline;\"><a href=\"https:\/\/www.instagram.com\/michal_szpakofficial\/\">Micha\u0142a Szpaka<\/a><\/span>\u00a0sporo zyska\u0142a na jego udziale w programie konkurencyjnej stacji &#8211; The Voice of Poland &#8211; w kategorii <a href=\"https:\/\/www.sotrender.com\/trends\/instagram\/poland\/201711\/osoby\/muzycy\">Muzycy<\/a>, awansowa\u0142 on o 4 pozycje w g\u00f3r\u0119, na miejsce nr 5.<\/p>\n<div style=\"width: 744px\" class=\"wp-caption aligncenter\"><img loading=\"lazy\" decoding=\"async\" src=\"https:\/\/www.sotrender.com\/blog\/wp-content\/uploads\/2017\/12\/d5ceca04-4781-4ba1-b105-13697c822216_pasted20image200.png\" alt=\"muzycy, zaanga\u017cowanie, dawid kwiatkowki, micha\u0142 szpak, instagram, listopad\" width=\"734\" height=\"225\" \/><p class=\"wp-caption-text\">Najbardziej anga\u017cuj\u0105cy muzycy w listopadzie na Instagramie<\/p><\/div>\n<p>Post opublikowany tu\u017c po finale, w kt\u00f3rym Micha\u0142 gratuluje zwyci\u0119\u017cczyni ca\u0142ej edycji programu, kt\u00f3ra nale\u017ca\u0142a w\u0142a\u015bnie do jego zespo\u0142u, zyska\u0142 ponad 26 ty\u015b polubie\u0144 &#8211; to ponad 10 ty\u015b wi\u0119cej ni\u017c kolejne najlepsze posty muzyka w listopadzie.<\/p>\n<div style=\"width: 740px\" class=\"wp-caption aligncenter\"><img loading=\"lazy\" decoding=\"async\" class=\"\" src=\"https:\/\/www.sotrender.com\/blog\/wp-content\/uploads\/2017\/12\/beefdc1e-d640-4c59-a0ed-3463a7374c56_pasted20image200.png\" alt=\"micha\u0142 szpak, the voice of poland, instagram listopad 2017\" width=\"730\" height=\"475\" \/><p class=\"wp-caption-text\">Posta Micha\u0142a Szpaka po fina\u0142owym odcinku The Voice of Poland<\/p><\/div>\n<h2>Prywatne \u017cycie publicznych os\u00f3b<\/h2>\n<p>\u2026 cho\u0107 mamy w\u0105tpliwo\u015b\u0107 czy co\u015b takiego w og\u00f3le istnieje \ud83d\ude09<\/p>\n<p>Nie jest chyba zaskoczeniem, \u017ce nie tylko \u017cycie zawodowe celebryt\u00f3w nas interesuje &#8211; w ko\u0144cu przecie\u017c wi\u0119kszo\u015b\u0107 plotek dotyczy w\u0142a\u015bnie prywatnych, i owianych tajemnic\u0105, wydarze\u0144 z ich \u017cycia.<\/p>\n<p>Wyjazd jednej z czo\u0142owych polskich blogerek, a mowa tu o <span style=\"text-decoration: underline;\"><a href=\"https:\/\/www.instagram.com\/jemerced\/?hl=pl\">Jemerced<\/a><\/span>, na Islandi\u0119, bynajmniej nie zaszkodzi\u0142 jej karierze i zasi\u0119gom Instagramowych post\u00f3w. A by\u0142o wr\u0119cz przeciwnie.<\/p>\n<div style=\"width: 737px\" class=\"wp-caption aligncenter\"><img loading=\"lazy\" decoding=\"async\" src=\"https:\/\/www.sotrender.com\/blog\/wp-content\/uploads\/2017\/12\/d76fbf10-9b26-4111-a709-997a8b55cda7_pasted20image200.png\" alt=\"zaanga\u017cowanie, media internetowe, jemerced, instagram polska \" width=\"727\" height=\"223\" \/><p class=\"wp-caption-text\">Najbardziej anga\u017cuj\u0105ce profile w kategorii Media internetowe | listopad 2017<\/p><\/div>\n<p>Podr\u00f3\u017c ta nie tylko zapewni\u0142a jej awans o 6 pozycji w kategorii <a href=\"https:\/\/www.sotrender.com\/trends\/instagram\/poland\/201711\/media\/media_internetowe\">Media internetowe<\/a> (zaanga\u017cowanie), ale r\u00f3wnie\u017c zdominowa\u0142a najlepsze posty na jej profilu w listopadzie. Jeden z post\u00f3w z Islandii, z liczb\u0105 niespe\u0142na 116 ty\u015b polubie\u0144, zdoby\u0142 rekordow\u0105 i historyczn\u0105 liczb\u0119 \u201cserduszek\u201d na ca\u0142ym profilu Jessiki. Gratulujemy tym bardziej, \u017ce u \u201ckonkurentek\u201d posty o takim zasi\u0119gu nie nale\u017c\u0105 do rzadko\u015bci.<\/p>\n<p>Nie umkn\u0119\u0142a oczywi\u015bcie uwadze Igers\u00f3w r\u00f3wnie\u017c zmiana wygl\u0105du Roberta Lewandowskiego. Nowa fryzura pi\u0142karza wzbudzi\u0142a tak du\u017ce zainteresowanie, \u017ce sta\u0142a si\u0119 zdj\u0119ciem nr 1 na Instagramie w listopadzie i zyska\u0142a ponad 430 ty\u015b wi\u0119cej polubie\u0144 ni\u017c drugie zdj\u0119cie miesi\u0105ca (nale\u017c\u0105ce oczywi\u015bcie r\u00f3wnie\u017c do Lewandowskiego). Popularno\u015b\u0107 Roberta coraz bardziej nas zaskakuje.<\/p>\n<div style=\"width: 740px\" class=\"wp-caption aligncenter\"><img loading=\"lazy\" decoding=\"async\" src=\"https:\/\/www.sotrender.com\/blog\/wp-content\/uploads\/2017\/12\/62a62914-fd68-4aa7-84df-22103390b56c_pasted20image200.png\" alt=\"listopad, instagram, robert lewandowski\" width=\"730\" height=\"362\" \/><p class=\"wp-caption-text\">Najlepsze polskoj\u0119zyczne posty na Instagramie w listopadzie 2017<\/p><\/div>\n<h2>Sukcesy m\u0142odych gwiazd<\/h2>\n<p>Numerem \u201c1\u201d w\u015br\u00f3d <a href=\"https:\/\/www.sotrender.com\/trends\/instagram\/poland\/201711\/osoby\/muzycy\">muzyk\u00f3w<\/a> na Instagramie by\u0142 w listopadzie jednak <span style=\"text-decoration: underline;\"><a href=\"https:\/\/www.instagram.com\/kwiatkowsky\/\">Dawid Kwiatkowski<\/a><\/span>.<\/p>\n<div style=\"width: 733px\" class=\"wp-caption aligncenter\"><img loading=\"lazy\" decoding=\"async\" src=\"https:\/\/www.sotrender.com\/blog\/wp-content\/uploads\/2017\/12\/ef21fcc7-3a9b-4c42-8c5d-06b5415168e0_pasted20image200.png\" alt=\"muzycy, zaanga\u017cowanie, listopad, instagram\" width=\"723\" height=\"220\" \/><p class=\"wp-caption-text\">Top 5 profili w kategorii Muzycy | Zaanga\u017cowanie; listopad 2017<\/p><\/div>\n<p>W minionym miesi\u0105cu do jego r\u0105k trafi\u0142a druga ju\u017c w karierze statuetka MTV EMA, co spotka\u0142o si\u0119 z du\u017cym zainteresowaniem i entuzjazmem w\u015br\u00f3d jego fan\u00f3w.<\/p>\n<div style=\"width: 735px\" class=\"wp-caption aligncenter\"><img loading=\"lazy\" decoding=\"async\" src=\"https:\/\/www.sotrender.com\/blog\/wp-content\/uploads\/2017\/12\/8fe0bfe2-882f-4cab-a227-aa3dfbd63817_pasted20image200.png\" alt=\"muzycy, dawid kwiatkowski, instagram, polska, najlepsze posty \" width=\"725\" height=\"355\" \/><p class=\"wp-caption-text\">Najlepsze posty w kategorii Muzycy | listopad 2017<\/p><\/div>\n<p>W rankingu muzyk\u00f3w <span style=\"text-decoration: underline;\"><a href=\"https:\/\/www.instagram.com\/p\/BbUd63eHk2n\/\">post<\/a><\/span>\u00a0Dawida dotycz\u0105cy tego wydarzenia sta\u0142 si\u0119 najlepszym postem miesi\u0105ca. Dobrze mia\u0142y si\u0119 r\u00f3wnie\u017c inne posty muzyka, w kt\u00f3rych relacjonowa\u0142 sw\u00f3j pobyt w Londynie z gali g\u0142\u00f3wnej MTV EMA.<\/p>\n<h2>Instagram Trends listopad 2017 &#8211; to nie wszystko!<\/h2>\n<p>Co jeszcze wydarzy\u0142o si\u0119 na Instagramie w minionym miesi\u0105cu? Dowiecie si\u0119 z <a href=\"https:\/\/www.sotrender.com\/trends\/instagram\/poland\/201711\">najnowszego raportu<\/a>!<\/p>\n<div class=\"shortcode trial\"><h4><span>MIERZ, OPTYMALIZUJ, RAPORTUJ!<\/span><a title=\"Dowiedz si\u0119 wi\u0119cej\" class=\"btn\" href=\"https:\/\/app.sotrender.com\/auth\/signup\/trial\/pl?utm_source=blog-cta-legacy\">Dowiedz si\u0119 wi\u0119cej<\/a><\/h4><\/div>\n","protected":false},"excerpt":{"rendered":"<p>Najciekawsze wydarzenia minionego miesi\u0105ca na Instagramie skoncentrowa\u0142y si\u0119 wok\u00f3\u0142 polskich celebryt\u00f3w. O kim mowa? G\u0142\u00f3wnie o osobach nieco kontrowersyjnych, kt\u00f3re albo si\u0119 kocha albo nienawidzi. Gdzie bywa\u0107, co robi\u0107, \u017ceby o nas m\u00f3wili? Sprawd\u017acie w najnowszym raporcie Instagram Trends listopad 2017, przygotowanym jak zawsze przez Sotrender!<\/p>\n","protected":false},"author":89,"featured_media":31597,"comment_status":"open","ping_status":"open","sticky":false,"template":"","format":"standard","meta":{"inline_featured_image":false,"footnotes":""},"categories":[1791,1803,2125],"tags":[2073,2643],"yoast_head":"<!-- This site is optimized with the Yoast SEO plugin v22.4 - https:\/\/yoast.com\/wordpress\/plugins\/seo\/ -->\n<title>Instagram Trends listopad 2017 - celebryci pod lup\u0105<\/title>\n<meta name=\"description\" content=\"Najciekawsze wydarzenia minionego miesi\u0105ca na Instagramie koncentrowa\u0142y si\u0119 wok\u00f3\u0142 polskich celebryt\u00f3w. Gdzie bywa\u0107, co robi\u0107, \u017ceby o nas m\u00f3wili? Sprawd\u017acie!\" \/>\n<meta name=\"robots\" content=\"index, follow, max-snippet:-1, max-image-preview:large, max-video-preview:-1\" \/>\n<link rel=\"canonical\" href=\"https:\/\/www.sotrender.com\/blog\/pl\/2017\/12\/instagram-trends-listopad-2017-celebryci-pod-lupa\/\" \/>\n<meta property=\"og:locale\" content=\"pl_PL\" \/>\n<meta property=\"og:type\" content=\"article\" \/>\n<meta property=\"og:title\" content=\"Instagram Trends listopad 2017 - celebryci pod lup\u0105\" \/>\n<meta property=\"og:description\" content=\"Najciekawsze wydarzenia minionego miesi\u0105ca na Instagramie koncentrowa\u0142y si\u0119 wok\u00f3\u0142 polskich celebryt\u00f3w. Gdzie bywa\u0107, co robi\u0107, \u017ceby o nas m\u00f3wili? Sprawd\u017acie!\" \/>\n<meta property=\"og:url\" content=\"https:\/\/www.sotrender.com\/blog\/pl\/2017\/12\/instagram-trends-listopad-2017-celebryci-pod-lupa\/\" \/>\n<meta property=\"og:site_name\" content=\"Sotrender Blog\" \/>\n<meta property=\"article:publisher\" content=\"https:\/\/www.facebook.com\/Sotrender\" \/>\n<meta property=\"article:published_time\" content=\"2017-12-05T10:58:00+00:00\" \/>\n<meta property=\"article:modified_time\" content=\"2017-12-05T10:56:58+00:00\" \/>\n<meta property=\"og:image\" content=\"https:\/\/www.sotrender.com\/blog\/wp-content\/uploads\/2017\/12\/people-2569551_1280.jpg\" \/>\n\t<meta property=\"og:image:width\" content=\"1280\" \/>\n\t<meta property=\"og:image:height\" content=\"851\" \/>\n\t<meta property=\"og:image:type\" content=\"image\/jpeg\" \/>\n<meta name=\"author\" content=\"Klaudia \u017by\u0142ka\" \/>\n<meta name=\"twitter:card\" content=\"summary_large_image\" \/>\n<meta name=\"twitter:creator\" content=\"@Sotrender\" \/>\n<meta name=\"twitter:site\" content=\"@Sotrender\" \/>\n<meta name=\"twitter:label1\" content=\"Written by\" \/>\n\t<meta name=\"twitter:data1\" content=\"Klaudia \u017by\u0142ka\" \/>\n\t<meta name=\"twitter:label2\" content=\"Est. reading time\" \/>\n\t<meta name=\"twitter:data2\" content=\"4 minutes\" \/>\n<script type=\"application\/ld+json\" class=\"yoast-schema-graph\">{\"@context\":\"https:\/\/schema.org\",\"@graph\":[{\"@type\":\"WebPage\",\"@id\":\"https:\/\/www.sotrender.com\/blog\/pl\/2017\/12\/instagram-trends-listopad-2017-celebryci-pod-lupa\/\",\"url\":\"https:\/\/www.sotrender.com\/blog\/pl\/2017\/12\/instagram-trends-listopad-2017-celebryci-pod-lupa\/\",\"name\":\"Instagram Trends listopad 2017 - celebryci pod lup\u0105\",\"isPartOf\":{\"@id\":\"https:\/\/www.sotrender.com\/blog\/#website\"},\"primaryImageOfPage\":{\"@id\":\"https:\/\/www.sotrender.com\/blog\/pl\/2017\/12\/instagram-trends-listopad-2017-celebryci-pod-lupa\/#primaryimage\"},\"image\":{\"@id\":\"https:\/\/www.sotrender.com\/blog\/pl\/2017\/12\/instagram-trends-listopad-2017-celebryci-pod-lupa\/#primaryimage\"},\"thumbnailUrl\":\"https:\/\/www.sotrender.com\/blog\/wp-content\/uploads\/2017\/12\/people-2569551_1280.jpg\",\"datePublished\":\"2017-12-05T10:58:00+00:00\",\"dateModified\":\"2017-12-05T10:56:58+00:00\",\"author\":{\"@id\":\"https:\/\/www.sotrender.com\/blog\/#\/schema\/person\/038ac5e276c5d102d8cbb9c36cd43416\"},\"description\":\"Najciekawsze wydarzenia minionego miesi\u0105ca na Instagramie koncentrowa\u0142y si\u0119 wok\u00f3\u0142 polskich celebryt\u00f3w. Gdzie bywa\u0107, co robi\u0107, \u017ceby o nas m\u00f3wili? Sprawd\u017acie!\",\"breadcrumb\":{\"@id\":\"https:\/\/www.sotrender.com\/blog\/pl\/2017\/12\/instagram-trends-listopad-2017-celebryci-pod-lupa\/#breadcrumb\"},\"inLanguage\":\"pl-PL\",\"potentialAction\":[{\"@type\":\"ReadAction\",\"target\":[\"https:\/\/www.sotrender.com\/blog\/pl\/2017\/12\/instagram-trends-listopad-2017-celebryci-pod-lupa\/\"]}]},{\"@type\":\"ImageObject\",\"inLanguage\":\"pl-PL\",\"@id\":\"https:\/\/www.sotrender.com\/blog\/pl\/2017\/12\/instagram-trends-listopad-2017-celebryci-pod-lupa\/#primaryimage\",\"url\":\"https:\/\/www.sotrender.com\/blog\/wp-content\/uploads\/2017\/12\/people-2569551_1280.jpg\",\"contentUrl\":\"https:\/\/www.sotrender.com\/blog\/wp-content\/uploads\/2017\/12\/people-2569551_1280.jpg\",\"width\":1280,\"height\":851,\"caption\":\"muzyk, scena, muzyka\"},{\"@type\":\"BreadcrumbList\",\"@id\":\"https:\/\/www.sotrender.com\/blog\/pl\/2017\/12\/instagram-trends-listopad-2017-celebryci-pod-lupa\/#breadcrumb\",\"itemListElement\":[{\"@type\":\"ListItem\",\"position\":1,\"name\":\"Home\",\"item\":\"https:\/\/www.sotrender.com\/blog\/\"},{\"@type\":\"ListItem\",\"position\":2,\"name\":\"Instagram Trends listopad 2017 &#8211; celebryci pod lup\u0105\"}]},{\"@type\":\"WebSite\",\"@id\":\"https:\/\/www.sotrender.com\/blog\/#website\",\"url\":\"https:\/\/www.sotrender.com\/blog\/\",\"name\":\"Sotrender Blog\",\"description\":\"\",\"potentialAction\":[{\"@type\":\"SearchAction\",\"target\":{\"@type\":\"EntryPoint\",\"urlTemplate\":\"https:\/\/www.sotrender.com\/blog\/?s={search_term_string}\"},\"query-input\":\"required name=search_term_string\"}],\"inLanguage\":\"pl-PL\"},{\"@type\":\"Person\",\"@id\":\"https:\/\/www.sotrender.com\/blog\/#\/schema\/person\/038ac5e276c5d102d8cbb9c36cd43416\",\"name\":\"Klaudia \u017by\u0142ka\",\"image\":{\"@type\":\"ImageObject\",\"inLanguage\":\"pl-PL\",\"@id\":\"https:\/\/www.sotrender.com\/blog\/#\/schema\/person\/image\/\",\"url\":\"https:\/\/secure.gravatar.com\/avatar\/f55d5d49ce3c448e1ffde0ab078d84cd?s=96&d=mm&r=g\",\"contentUrl\":\"https:\/\/secure.gravatar.com\/avatar\/f55d5d49ce3c448e1ffde0ab078d84cd?s=96&d=mm&r=g\",\"caption\":\"Klaudia \u017by\u0142ka\"},\"description\":\"Instagram, dogs, books and food lover. Former student at Warsaw University and Malm\u00f6 University. Improving her marketing skills every day. Proud owner of DIMAQ certificate\",\"sameAs\":[\"https:\/\/www.linkedin.com\/in\/klaudia-\u017cy\u0142ka-17527779\"],\"url\":\"https:\/\/www.sotrender.com\/blog\/pl\/author\/klaudia_yka\/\"}]}<\/script>\n<!-- \/ Yoast SEO plugin. -->","yoast_head_json":{"title":"Instagram Trends listopad 2017 - celebryci pod lup\u0105","description":"Najciekawsze wydarzenia minionego miesi\u0105ca na Instagramie koncentrowa\u0142y si\u0119 wok\u00f3\u0142 polskich celebryt\u00f3w. Gdzie bywa\u0107, co robi\u0107, \u017ceby o nas m\u00f3wili? Sprawd\u017acie!","robots":{"index":"index","follow":"follow","max-snippet":"max-snippet:-1","max-image-preview":"max-image-preview:large","max-video-preview":"max-video-preview:-1"},"canonical":"https:\/\/www.sotrender.com\/blog\/pl\/2017\/12\/instagram-trends-listopad-2017-celebryci-pod-lupa\/","og_locale":"pl_PL","og_type":"article","og_title":"Instagram Trends listopad 2017 - celebryci pod lup\u0105","og_description":"Najciekawsze wydarzenia minionego miesi\u0105ca na Instagramie koncentrowa\u0142y si\u0119 wok\u00f3\u0142 polskich celebryt\u00f3w. Gdzie bywa\u0107, co robi\u0107, \u017ceby o nas m\u00f3wili? Sprawd\u017acie!","og_url":"https:\/\/www.sotrender.com\/blog\/pl\/2017\/12\/instagram-trends-listopad-2017-celebryci-pod-lupa\/","og_site_name":"Sotrender Blog","article_publisher":"https:\/\/www.facebook.com\/Sotrender","article_published_time":"2017-12-05T10:58:00+00:00","article_modified_time":"2017-12-05T10:56:58+00:00","og_image":[{"width":1280,"height":851,"url":"https:\/\/www.sotrender.com\/blog\/wp-content\/uploads\/2017\/12\/people-2569551_1280.jpg","type":"image\/jpeg"}],"author":"Klaudia \u017by\u0142ka","twitter_card":"summary_large_image","twitter_creator":"@Sotrender","twitter_site":"@Sotrender","twitter_misc":{"Written by":"Klaudia \u017by\u0142ka","Est. reading time":"4 minutes"},"schema":{"@context":"https:\/\/schema.org","@graph":[{"@type":"WebPage","@id":"https:\/\/www.sotrender.com\/blog\/pl\/2017\/12\/instagram-trends-listopad-2017-celebryci-pod-lupa\/","url":"https:\/\/www.sotrender.com\/blog\/pl\/2017\/12\/instagram-trends-listopad-2017-celebryci-pod-lupa\/","name":"Instagram Trends listopad 2017 - celebryci pod lup\u0105","isPartOf":{"@id":"https:\/\/www.sotrender.com\/blog\/#website"},"primaryImageOfPage":{"@id":"https:\/\/www.sotrender.com\/blog\/pl\/2017\/12\/instagram-trends-listopad-2017-celebryci-pod-lupa\/#primaryimage"},"image":{"@id":"https:\/\/www.sotrender.com\/blog\/pl\/2017\/12\/instagram-trends-listopad-2017-celebryci-pod-lupa\/#primaryimage"},"thumbnailUrl":"https:\/\/www.sotrender.com\/blog\/wp-content\/uploads\/2017\/12\/people-2569551_1280.jpg","datePublished":"2017-12-05T10:58:00+00:00","dateModified":"2017-12-05T10:56:58+00:00","author":{"@id":"https:\/\/www.sotrender.com\/blog\/#\/schema\/person\/038ac5e276c5d102d8cbb9c36cd43416"},"description":"Najciekawsze wydarzenia minionego miesi\u0105ca na Instagramie koncentrowa\u0142y si\u0119 wok\u00f3\u0142 polskich celebryt\u00f3w. Gdzie bywa\u0107, co robi\u0107, \u017ceby o nas m\u00f3wili? Sprawd\u017acie!","breadcrumb":{"@id":"https:\/\/www.sotrender.com\/blog\/pl\/2017\/12\/instagram-trends-listopad-2017-celebryci-pod-lupa\/#breadcrumb"},"inLanguage":"pl-PL","potentialAction":[{"@type":"ReadAction","target":["https:\/\/www.sotrender.com\/blog\/pl\/2017\/12\/instagram-trends-listopad-2017-celebryci-pod-lupa\/"]}]},{"@type":"ImageObject","inLanguage":"pl-PL","@id":"https:\/\/www.sotrender.com\/blog\/pl\/2017\/12\/instagram-trends-listopad-2017-celebryci-pod-lupa\/#primaryimage","url":"https:\/\/www.sotrender.com\/blog\/wp-content\/uploads\/2017\/12\/people-2569551_1280.jpg","contentUrl":"https:\/\/www.sotrender.com\/blog\/wp-content\/uploads\/2017\/12\/people-2569551_1280.jpg","width":1280,"height":851,"caption":"muzyk, scena, muzyka"},{"@type":"BreadcrumbList","@id":"https:\/\/www.sotrender.com\/blog\/pl\/2017\/12\/instagram-trends-listopad-2017-celebryci-pod-lupa\/#breadcrumb","itemListElement":[{"@type":"ListItem","position":1,"name":"Home","item":"https:\/\/www.sotrender.com\/blog\/"},{"@type":"ListItem","position":2,"name":"Instagram Trends listopad 2017 &#8211; celebryci pod lup\u0105"}]},{"@type":"WebSite","@id":"https:\/\/www.sotrender.com\/blog\/#website","url":"https:\/\/www.sotrender.com\/blog\/","name":"Sotrender Blog","description":"","potentialAction":[{"@type":"SearchAction","target":{"@type":"EntryPoint","urlTemplate":"https:\/\/www.sotrender.com\/blog\/?s={search_term_string}"},"query-input":"required name=search_term_string"}],"inLanguage":"pl-PL"},{"@type":"Person","@id":"https:\/\/www.sotrender.com\/blog\/#\/schema\/person\/038ac5e276c5d102d8cbb9c36cd43416","name":"Klaudia \u017by\u0142ka","image":{"@type":"ImageObject","inLanguage":"pl-PL","@id":"https:\/\/www.sotrender.com\/blog\/#\/schema\/person\/image\/","url":"https:\/\/secure.gravatar.com\/avatar\/f55d5d49ce3c448e1ffde0ab078d84cd?s=96&d=mm&r=g","contentUrl":"https:\/\/secure.gravatar.com\/avatar\/f55d5d49ce3c448e1ffde0ab078d84cd?s=96&d=mm&r=g","caption":"Klaudia \u017by\u0142ka"},"description":"Instagram, dogs, books and food lover. Former student at Warsaw University and Malm\u00f6 University. Improving her marketing skills every day. Proud owner of DIMAQ certificate","sameAs":["https:\/\/www.linkedin.com\/in\/klaudia-\u017cy\u0142ka-17527779"],"url":"https:\/\/www.sotrender.com\/blog\/pl\/author\/klaudia_yka\/"}]}},"_links":{"self":[{"href":"https:\/\/www.sotrender.com\/blog\/pl\/wp-json\/wp\/v2\/posts\/31565"}],"collection":[{"href":"https:\/\/www.sotrender.com\/blog\/pl\/wp-json\/wp\/v2\/posts"}],"about":[{"href":"https:\/\/www.sotrender.com\/blog\/pl\/wp-json\/wp\/v2\/types\/post"}],"author":[{"embeddable":true,"href":"https:\/\/www.sotrender.com\/blog\/pl\/wp-json\/wp\/v2\/users\/89"}],"replies":[{"embeddable":true,"href":"https:\/\/www.sotrender.com\/blog\/pl\/wp-json\/wp\/v2\/comments?post=31565"}],"version-history":[{"count":18,"href":"https:\/\/www.sotrender.com\/blog\/pl\/wp-json\/wp\/v2\/posts\/31565\/revisions"}],"predecessor-version":[{"id":31619,"href":"https:\/\/www.sotrender.com\/blog\/pl\/wp-json\/wp\/v2\/posts\/31565\/revisions\/31619"}],"wp:featuredmedia":[{"embeddable":true,"href":"https:\/\/www.sotrender.com\/blog\/pl\/wp-json\/wp\/v2\/media\/31597"}],"wp:attachment":[{"href":"https:\/\/www.sotrender.com\/blog\/pl\/wp-json\/wp\/v2\/media?parent=31565"}],"wp:term":[{"taxonomy":"category","embeddable":true,"href":"https:\/\/www.sotrender.com\/blog\/pl\/wp-json\/wp\/v2\/categories?post=31565"},{"taxonomy":"post_tag","embeddable":true,"href":"https:\/\/www.sotrender.com\/blog\/pl\/wp-json\/wp\/v2\/tags?post=31565"}],"curies":[{"name":"wp","href":"https:\/\/api.w.org\/{rel}","templated":true}]}}