{"id":31373,"date":"2017-11-09T13:32:00","date_gmt":"2017-11-09T12:32:00","guid":{"rendered":"https:\/\/www.sotrender.com\/blog\/?p=31373\/"},"modified":"2017-11-13T12:38:28","modified_gmt":"2017-11-13T11:38:28","slug":"facebook-trends-polska-pazdziernik-2017","status":"publish","type":"post","link":"https:\/\/www.sotrender.com\/blog\/pl\/2017\/11\/facebook-trends-polska-pazdziernik-2017\/","title":{"rendered":"Facebook Trends Polska pa\u017adziernik 2017 &#8211; p\u00f3\u0142 \u017cartem, p\u00f3\u0142 serio"},"content":{"rendered":"<p>Miniony miesi\u0105c by\u0142 na Facebooku stosunkowo spokojny. Dlatego wzi\u0119li\u015bmy pod lup\u0119 tematy, kt\u00f3re cz\u0119sto pomijamy, bo \u201cco\u015b jest wa\u017cniejsze\u201d. Sprawdzili\u015bmy, kt\u00f3re marki najbardziej dbaj\u0105 o swoich klient\u00f3w, co s\u0142ycha\u0107 u polskich celebryt\u00f3w, podejrzeli\u015bmy te\u017c, co nas bawi i \u015bmieszy.<\/p>\n<p>Zapraszamy na pa\u017adziernikowe wydanie raportu <a href=\"https:\/\/www.sotrender.com\/trends\/facebook\/poland\/201710\">Facebook Trends<\/a>!<\/p>\n<p><!--more--><\/p>\n<h2>Nasz klient, nasz Pan<\/h2>\n<p>Obs\u0142uga klienta jest niezwykle wa\u017cna w mediach spo\u0142eczno\u015bciowych, czego mamy nadziej\u0119, wszyscy s\u0105 ju\u017c \u015bwiadomi. Cho\u0107 w naszych comiesi\u0119cznych raportach Trends zazwyczaj nie po\u015bwi\u0119camy temu wska\u017anikowi zbyt wiele uwagi, w ko\u0144cu nie jest to nader chwytliwy temat, warto od czasu do czasu przyjrze\u0107 si\u0119, kt\u00f3rym markom idzie najlepiej w tym obszarze.<\/p>\n<div style=\"width: 741px\" class=\"wp-caption aligncenter\"><img loading=\"lazy\" decoding=\"async\" src=\"https:\/\/www.sotrender.com\/blog\/wp-content\/uploads\/2017\/11\/632bb2a8-a2f5-423c-9387-69889dbc02e9_pasted20image200.png\" alt=\"Facebook, telekomunikacja, orange, plus, t-mobile, obs\u0142uga klienta \" width=\"731\" height=\"699\" \/><p class=\"wp-caption-text\">Bran\u017ca telekomunikacyjna numerem 1. w kategorii Obs\u0142uga klienta na Facebooku, pa\u017cdziernik 2017<\/p><\/div>\n<p>W pierwszej pi\u0105tce firm z najlepszym wska\u017anikiem <a href=\"https:\/\/www.sotrender.com\/trends\/facebook\/poland\/201710\/pl_wszystkie#customercare\">obs\u0142ugi klienta<\/a> znajduj\u0105 si\u0119 a\u017c 4 firmy z <a href=\"https:\/\/www.sotrender.com\/trends\/facebook\/poland\/201710\/marki\/telekomunikacja\">bran\u017cy telekomunikacyjnej<\/a>, z czego dwie pierwsze &#8211; Orange i Plus &#8211; maj\u0105 ponad dwukrotnie wi\u0119cej post\u00f3w z odpowiedzi\u0105 ni\u017c pozycja 4. T-Mobile i 5. Cyfrowy Polsat. <span style=\"text-decoration: underline;\"><a href=\"https:\/\/www.sotrender.com\/blog\/pl\/2014\/04\/srt-marzec-2014\/\">Ciekawi, jak sytuacja przedstawia\u0142a si\u0119 kilka lat temu?<\/a><\/span><\/p>\n<p>Najwi\u0119kszy wzrost w minionym miesi\u0105cu odnotowa\u0142 z kolei ING Bank \u015al\u0105ski &#8211; o 12 oczek w g\u00f3r\u0119.<\/p>\n<div style=\"width: 720px\" class=\"wp-caption aligncenter\"><img loading=\"lazy\" decoding=\"async\" src=\"https:\/\/www.sotrender.com\/blog\/wp-content\/uploads\/2017\/11\/a3ff3bfe-9f1f-4f84-84a7-d0867470e1c3_pasted20image200.png\" alt=\"player.pl, idea bank, media expert, plus, telekomunikacja, obs\u0142uga klienta\" width=\"710\" height=\"268\" \/><p class=\"wp-caption-text\">Najbardziej uwa\u017cni &amp; Najszybciej komentuj\u0105cy na polskim Facebooku, 10.2017<\/p><\/div>\n<p>\u2026 i jeszcze szybkie spojrzenie na profile, kt\u00f3re reaguj\u0105 na najwi\u0119cej post\u00f3w u\u017cytkownik\u00f3w oraz najszybciej je komentuj\u0105.<\/p>\n<p>Je\u015bli interesuje Was tematyka obs\u0142ugi klienta w mediach spo\u0142eczno\u015bciowych, polecamy r\u00f3wnie\u017c Waszej uwadze nasz\u0105 ostatni\u0105 <span style=\"text-decoration: underline;\"><a href=\"https:\/\/www.slideshare.net\/FanpageTrender\/obsuga-klienta-w-social-media-81748157\">prezentacj\u0119<\/a><\/span>.<\/p>\n<p style=\"text-align: center;\"><iframe loading=\"lazy\" style=\"border: 1px solid #CCC; border-width: 1px; margin-bottom: 5px; max-width: 100%;\" src=\"\/\/www.slideshare.net\/slideshow\/embed_code\/key\/IFwenjIEN4VyUe\" width=\"510\" height=\"420\" frameborder=\"0\" marginwidth=\"0\" marginheight=\"0\" scrolling=\"no\" allowfullscreen=\"allowfullscreen\"> <\/iframe><\/p>\n<p>&nbsp;<\/p>\n<h2>O nich si\u0119 m\u00f3wi<\/h2>\n<p>Koniec z powa\u017cnymi tematami. Przechodzimy do \u015bwiata <a href=\"https:\/\/www.sotrender.com\/trends\/facebook\/poland\/201710\/osoby\">polskich celebryt\u00f3w<\/a>.<\/p>\n<div style=\"width: 791px\" class=\"wp-caption aligncenter\"><img loading=\"lazy\" decoding=\"async\" src=\"https:\/\/www.sotrender.com\/blog\/wp-content\/uploads\/2017\/11\/05fd1c6e-6471-42ac-92bc-f0ddd591f1de_pasted20image200.png\" alt=\"Facebook, Facebook Trends, Krychowiak, Popek, Pudzianowski, Grosicki\" width=\"781\" height=\"596\" \/><p class=\"wp-caption-text\">Liczba aktywnych u\u017cytkownik\u00f3w na profilach Os\u00f3b na Facebooku | pa\u017adziernik 2017<\/p><\/div>\n<p>Kogo bierzemy jako pierwszego pod lup\u0119? <span style=\"text-decoration: underline;\"><a href=\"https:\/\/www.facebook.com\/PopekMonster\/\">Popka.<\/a><\/span>\u00a0To niepowtarzalna posta\u0107 polskiego Internetu. R\u00f3wnie\u017c o nim by\u0142o g\u0142o\u015bno w pa\u017adzierniku na Facebooku. Popek gra w serialu, koncertuje, powr\u00f3ci\u0142 r\u00f3wnie\u017c na ring. W pa\u017adzierniku og\u0142osi\u0142 tak\u017ce, \u017ce chce zosta\u0107 pos\u0142em. Ma\u0142o tego, jego posta\u0107 jest ju\u017c nawet przedmiotem pyta\u0144 w \u201cMilionerach\u201d.<\/p>\n<p style=\"text-align: center;\"><iframe loading=\"lazy\" style=\"border: none; overflow: hidden;\" src=\"https:\/\/www.facebook.com\/plugins\/post.php?href=https%3A%2F%2Fwww.facebook.com%2FPopekMonster%2Fposts%2F1537604926323751&amp;width=500\" width=\"500\" height=\"472\" frameborder=\"0\" scrolling=\"no\"><\/iframe><\/p>\n<p>Tak zupe\u0142nie na serio, je\u015bli jeste\u015bcie ciekawi jak obecnie wygl\u0105da polska scena polityczna w social mediach, polecamy Waszej uwadze nasz ostatni <span style=\"text-decoration: underline;\"><a href=\"https:\/\/www.sotrender.com\/blog\/pl\/2017\/10\/politycy-social-media\/\">artyku\u0142<\/a><\/span>, gdzie pod lup\u0119 wzi\u0119li\u015bmy dzia\u0142alno\u015b\u0107 czo\u0142owych polskich polityk\u00f3w w mediach spo\u0142eczno\u015bciowych.<\/p>\n<p>Kolejnym polskim celebryt\u0105, o kt\u00f3rym w pa\u017adzierniku by\u0142o g\u0142o\u015bniej ni\u017c zazwyczaj by\u0142 Mariusz Pudzianowski. Czym by\u0142o to spowodowane? Wygran\u0105 walk\u0105 na KSW 40 nad Jay\u2019em Silv\u0105, kt\u00f3ra zosta\u0142a uznana za spory sukces w karierze Pudzianowskiego.<\/p>\n<p>O sukcesie polskich pi\u0142karzy i euforii z tym zwi\u0105zanej chyba nie musimy po raz kolejny pisa\u0107. G\u0142odnych tematu odsy\u0142amy do raportu <span style=\"text-decoration: underline;\"><a href=\"https:\/\/www.sotrender.com\/blog\/pl\/2017\/11\/instagram-trends-pazdziernik-2017\/\">Instagram<\/a><\/span>\u00a0lub <span style=\"text-decoration: underline;\"><a href=\"https:\/\/www.sotrender.com\/blog\/pl\/2017\/11\/twitter-trends-pazdziernik-2017\/\">Twitter <\/a><\/span>Trends.<\/p>\n<h2>\u015amiechu warte<\/h2>\n<p>Du\u017c\u0105 popularno\u015bci\u0105 ciesz\u0105 si\u0119 na Facebooku niezmiennie <a href=\"https:\/\/www.sotrender.com\/trends\/facebook\/poland\/201710\/marki\/kabarety\">Kabarety<\/a>. W zestawieniu bran\u017c od kilku miesi\u0119cy plasuj\u0105 si\u0119 w pierwszej 10. pod wzgl\u0119dem liczby fan\u00f3w.<\/p>\n<div style=\"width: 798px\" class=\"wp-caption aligncenter\"><img loading=\"lazy\" decoding=\"async\" src=\"https:\/\/www.sotrender.com\/blog\/wp-content\/uploads\/2017\/11\/75ff2599-5777-4d49-a89c-e7ec92e48185_pasted20image200.png\" alt=\"Facebook, Facebook Trends, pa\u017adziernik, liczba fan\u00f3w, pi\u0142karze, telekomunikacja\" width=\"788\" height=\"418\" \/><p class=\"wp-caption-text\">Bran\u017ce na polskim Facebooku wg liczby fan\u00f3w | pa\u017adziernik 2017<\/p><\/div>\n<p>Profil, kt\u00f3ry a\u017c si\u0119 prosi o wyr\u00f3\u017cnienie w tym miejscu to <a href=\"https:\/\/www.facebook.com\/kabaret.neonowka\/\">Kabaret Neo-N\u00f3wka<\/a>, kt\u00f3ry w por\u00f3wnaniu do wrze\u015bnia odnotowa\u0142 przyrost a\u017c o 18799% aktywnych u\u017cytkownik\u00f3w!<\/p>\n<div style=\"width: 793px\" class=\"wp-caption aligncenter\"><img loading=\"lazy\" decoding=\"async\" src=\"https:\/\/www.sotrender.com\/blog\/wp-content\/uploads\/2017\/11\/882df9ca-b85f-4211-9512-bc0f2b8f4fd4_pasted20image200.png\" alt=\"kabarety, facebook, facebook trends, kabaret neo-n\u00f3wka\" width=\"783\" height=\"191\" \/><p class=\"wp-caption-text\">Awans profilu Kabaretu Neo-n\u00f3wka w kategorii Kabarety na Facebooku<\/p><\/div>\n<p>R\u00f3wnie\u017c r\u00f3\u017cnego rodzaju profile humorystyczne i satyryczne maj\u0105 rzesze swoich fan\u00f3w na Facebooku. Jednym z nich jest profil Andrzeja Milewskiego znanego jako \u201cAndrzej Rysuje\u201d. Pod wzgl\u0119dem zaanga\u017cowania swoich fan\u00f3w w kategorii <a href=\"https:\/\/www.sotrender.com\/trends\/facebook\/poland\/201710\/osoby#storytellers\">Osoby<\/a> profil ten znalaz\u0142 si\u0119 w pa\u017adzierniku na wysokim 15. miejscu.<\/p>\n<p>Z pewno\u015bci\u0105 znaczna wi\u0119kszo\u015b\u0107 z nas widzia\u0142a jeden z jego ostatnich rysunk\u00f3w:<\/p>\n<p style=\"text-align: center;\"><iframe loading=\"lazy\" style=\"border: none; overflow: hidden;\" src=\"https:\/\/www.facebook.com\/plugins\/post.php?href=https%3A%2F%2Fwww.facebook.com%2FAndrzejMilewskiRysuje%2Fposts%2F1942855012397622&amp;width=500\" width=\"500\" height=\"618\" frameborder=\"0\" scrolling=\"no\"><\/iframe><\/p>\n<p>Absolutnie na sam koniec kultowy ju\u017c serial \u201c\u015awiat wed\u0142ug Kiepskich\u201d, kt\u00f3rego Facebookowy profil w pa\u017adzierniku \u201cod\u017cy\u0142\u201d i odnotowa\u0142 wzrost a\u017c o 723 pozycje w <a href=\"https:\/\/www.sotrender.com\/trends\/facebook\/poland\/201710\/media#storytellers\">kategorii Zaanga\u017cowanie<\/a>. Pow\u00f3d? Prosty. Rozpocz\u0119cie transmisji nowych odcink\u00f3w serialu.<\/p>\n<div style=\"width: 743px\" class=\"wp-caption aligncenter\"><img loading=\"lazy\" decoding=\"async\" src=\"https:\/\/www.sotrender.com\/blog\/wp-content\/uploads\/2017\/11\/c1349d50-e3c1-4ecc-8b6f-373c75af04ee_pasted20image200.png\" alt=\"media, zaanga\u017cowanie, \u015bwiat wed\u0142ug kiepskich\" width=\"733\" height=\"77\" \/><p class=\"wp-caption-text\">Du\u017cy awans profilu serialu &#8220;\u015awiat wed\u0142ug kiepskich&#8221; w kategorii Media w pa\u017adzierniku 2017<\/p><\/div>\n<p>Sprawd\u017acie, co jeszcze wydarzy\u0142o si\u0119 na Facebooku! Wszystkiego dowiecie si\u0119 z <a href=\"https:\/\/www.sotrender.com\/trends\/facebook\/poland\/201710\">pa\u017adziernikowego raportu Facebook Trends<\/a>.<\/p>\n","protected":false},"excerpt":{"rendered":"<p>Miniony miesi\u0105c by\u0142 na Facebooku stosunkowo spokojny. Dlatego wzi\u0119li\u015bmy pod lup\u0119 tematy, kt\u00f3re cz\u0119sto pomijamy, bo \u201cco\u015b jest wa\u017cniejsze\u201d. Sprawdzili\u015bmy, kt\u00f3re marki najbardziej dbaj\u0105 o swoich klient\u00f3w, co s\u0142ycha\u0107 u polskich celebryt\u00f3w, podejrzeli\u015bmy te\u017c, co nas bawi i \u015bmieszy. Zapraszamy na pa\u017adziernikowe wydanie raportu Facebook Trends!<\/p>\n","protected":false},"author":89,"featured_media":31391,"comment_status":"open","ping_status":"open","sticky":false,"template":"","format":"standard","meta":{"inline_featured_image":false,"footnotes":""},"categories":[1791,1797,2125],"tags":[17,771,2307],"yoast_head":"<!-- This site is optimized with the Yoast SEO plugin v22.4 - https:\/\/yoast.com\/wordpress\/plugins\/seo\/ -->\n<title>Facebook Trends Polska pa\u017adziernik 2017 - p\u00f3\u0142 \u017cartem, p\u00f3\u0142 serio<\/title>\n<meta name=\"description\" content=\"W pa\u017adzierniku wzi\u0119li\u015bmy pod lup\u0119 tematy, kt\u00f3re cz\u0119sto pomijamy, m.in. obs\u0142ug\u0119 klienta oraz polskich celebryt\u00f3w. Podejrzeli\u015bmy te\u017c, co nas bawi i \u015bmieszy.\" \/>\n<meta name=\"robots\" content=\"index, follow, max-snippet:-1, max-image-preview:large, max-video-preview:-1\" \/>\n<link rel=\"canonical\" href=\"https:\/\/www.sotrender.com\/blog\/pl\/2017\/11\/facebook-trends-polska-pazdziernik-2017\/\" \/>\n<meta property=\"og:locale\" content=\"pl_PL\" \/>\n<meta property=\"og:type\" content=\"article\" \/>\n<meta property=\"og:title\" content=\"Facebook Trends Polska pa\u017adziernik 2017 - p\u00f3\u0142 \u017cartem, p\u00f3\u0142 serio\" \/>\n<meta property=\"og:description\" content=\"W pa\u017adzierniku wzi\u0119li\u015bmy pod lup\u0119 tematy, kt\u00f3re cz\u0119sto pomijamy, m.in. obs\u0142ug\u0119 klienta oraz polskich celebryt\u00f3w. Podejrzeli\u015bmy te\u017c, co nas bawi i \u015bmieszy.\" \/>\n<meta property=\"og:url\" content=\"https:\/\/www.sotrender.com\/blog\/pl\/2017\/11\/facebook-trends-polska-pazdziernik-2017\/\" \/>\n<meta property=\"og:site_name\" content=\"Sotrender Blog\" \/>\n<meta property=\"article:publisher\" content=\"https:\/\/www.facebook.com\/Sotrender\" \/>\n<meta property=\"article:published_time\" content=\"2017-11-09T12:32:00+00:00\" \/>\n<meta property=\"article:modified_time\" content=\"2017-11-13T11:38:28+00:00\" \/>\n<meta property=\"og:image\" content=\"https:\/\/www.sotrender.com\/blog\/wp-content\/uploads\/2017\/11\/phone-1767113_1280.jpg\" \/>\n\t<meta property=\"og:image:width\" content=\"1280\" \/>\n\t<meta property=\"og:image:height\" content=\"853\" \/>\n\t<meta property=\"og:image:type\" content=\"image\/jpeg\" \/>\n<meta name=\"author\" content=\"Klaudia \u017by\u0142ka\" \/>\n<meta name=\"twitter:card\" content=\"summary_large_image\" \/>\n<meta name=\"twitter:creator\" content=\"@Sotrender\" \/>\n<meta name=\"twitter:site\" content=\"@Sotrender\" \/>\n<meta name=\"twitter:label1\" content=\"Written by\" \/>\n\t<meta name=\"twitter:data1\" content=\"Klaudia \u017by\u0142ka\" \/>\n\t<meta name=\"twitter:label2\" content=\"Est. reading time\" \/>\n\t<meta name=\"twitter:data2\" content=\"4 minutes\" \/>\n<script type=\"application\/ld+json\" class=\"yoast-schema-graph\">{\"@context\":\"https:\/\/schema.org\",\"@graph\":[{\"@type\":\"WebPage\",\"@id\":\"https:\/\/www.sotrender.com\/blog\/pl\/2017\/11\/facebook-trends-polska-pazdziernik-2017\/\",\"url\":\"https:\/\/www.sotrender.com\/blog\/pl\/2017\/11\/facebook-trends-polska-pazdziernik-2017\/\",\"name\":\"Facebook Trends Polska pa\u017adziernik 2017 - p\u00f3\u0142 \u017cartem, p\u00f3\u0142 serio\",\"isPartOf\":{\"@id\":\"https:\/\/www.sotrender.com\/blog\/#website\"},\"primaryImageOfPage\":{\"@id\":\"https:\/\/www.sotrender.com\/blog\/pl\/2017\/11\/facebook-trends-polska-pazdziernik-2017\/#primaryimage\"},\"image\":{\"@id\":\"https:\/\/www.sotrender.com\/blog\/pl\/2017\/11\/facebook-trends-polska-pazdziernik-2017\/#primaryimage\"},\"thumbnailUrl\":\"https:\/\/www.sotrender.com\/blog\/wp-content\/uploads\/2017\/11\/phone-1767113_1280.jpg\",\"datePublished\":\"2017-11-09T12:32:00+00:00\",\"dateModified\":\"2017-11-13T11:38:28+00:00\",\"author\":{\"@id\":\"https:\/\/www.sotrender.com\/blog\/#\/schema\/person\/038ac5e276c5d102d8cbb9c36cd43416\"},\"description\":\"W pa\u017adzierniku wzi\u0119li\u015bmy pod lup\u0119 tematy, kt\u00f3re cz\u0119sto pomijamy, m.in. obs\u0142ug\u0119 klienta oraz polskich celebryt\u00f3w. Podejrzeli\u015bmy te\u017c, co nas bawi i \u015bmieszy.\",\"breadcrumb\":{\"@id\":\"https:\/\/www.sotrender.com\/blog\/pl\/2017\/11\/facebook-trends-polska-pazdziernik-2017\/#breadcrumb\"},\"inLanguage\":\"pl-PL\",\"potentialAction\":[{\"@type\":\"ReadAction\",\"target\":[\"https:\/\/www.sotrender.com\/blog\/pl\/2017\/11\/facebook-trends-polska-pazdziernik-2017\/\"]}]},{\"@type\":\"ImageObject\",\"inLanguage\":\"pl-PL\",\"@id\":\"https:\/\/www.sotrender.com\/blog\/pl\/2017\/11\/facebook-trends-polska-pazdziernik-2017\/#primaryimage\",\"url\":\"https:\/\/www.sotrender.com\/blog\/wp-content\/uploads\/2017\/11\/phone-1767113_1280.jpg\",\"contentUrl\":\"https:\/\/www.sotrender.com\/blog\/wp-content\/uploads\/2017\/11\/phone-1767113_1280.jpg\",\"width\":1280,\"height\":853,\"caption\":\"facebook, facebook trends, raport, telekomunikacja\"},{\"@type\":\"BreadcrumbList\",\"@id\":\"https:\/\/www.sotrender.com\/blog\/pl\/2017\/11\/facebook-trends-polska-pazdziernik-2017\/#breadcrumb\",\"itemListElement\":[{\"@type\":\"ListItem\",\"position\":1,\"name\":\"Home\",\"item\":\"https:\/\/www.sotrender.com\/blog\/\"},{\"@type\":\"ListItem\",\"position\":2,\"name\":\"Facebook Trends Polska pa\u017adziernik 2017 &#8211; p\u00f3\u0142 \u017cartem, p\u00f3\u0142 serio\"}]},{\"@type\":\"WebSite\",\"@id\":\"https:\/\/www.sotrender.com\/blog\/#website\",\"url\":\"https:\/\/www.sotrender.com\/blog\/\",\"name\":\"Sotrender Blog\",\"description\":\"\",\"potentialAction\":[{\"@type\":\"SearchAction\",\"target\":{\"@type\":\"EntryPoint\",\"urlTemplate\":\"https:\/\/www.sotrender.com\/blog\/?s={search_term_string}\"},\"query-input\":\"required name=search_term_string\"}],\"inLanguage\":\"pl-PL\"},{\"@type\":\"Person\",\"@id\":\"https:\/\/www.sotrender.com\/blog\/#\/schema\/person\/038ac5e276c5d102d8cbb9c36cd43416\",\"name\":\"Klaudia \u017by\u0142ka\",\"image\":{\"@type\":\"ImageObject\",\"inLanguage\":\"pl-PL\",\"@id\":\"https:\/\/www.sotrender.com\/blog\/#\/schema\/person\/image\/\",\"url\":\"https:\/\/secure.gravatar.com\/avatar\/f55d5d49ce3c448e1ffde0ab078d84cd?s=96&d=mm&r=g\",\"contentUrl\":\"https:\/\/secure.gravatar.com\/avatar\/f55d5d49ce3c448e1ffde0ab078d84cd?s=96&d=mm&r=g\",\"caption\":\"Klaudia \u017by\u0142ka\"},\"description\":\"Instagram, dogs, books and food lover. Former student at Warsaw University and Malm\u00f6 University. Improving her marketing skills every day. Proud owner of DIMAQ certificate\",\"sameAs\":[\"https:\/\/www.linkedin.com\/in\/klaudia-\u017cy\u0142ka-17527779\"],\"url\":\"https:\/\/www.sotrender.com\/blog\/pl\/author\/klaudia_yka\/\"}]}<\/script>\n<!-- \/ Yoast SEO plugin. -->","yoast_head_json":{"title":"Facebook Trends Polska pa\u017adziernik 2017 - p\u00f3\u0142 \u017cartem, p\u00f3\u0142 serio","description":"W pa\u017adzierniku wzi\u0119li\u015bmy pod lup\u0119 tematy, kt\u00f3re cz\u0119sto pomijamy, m.in. obs\u0142ug\u0119 klienta oraz polskich celebryt\u00f3w. Podejrzeli\u015bmy te\u017c, co nas bawi i \u015bmieszy.","robots":{"index":"index","follow":"follow","max-snippet":"max-snippet:-1","max-image-preview":"max-image-preview:large","max-video-preview":"max-video-preview:-1"},"canonical":"https:\/\/www.sotrender.com\/blog\/pl\/2017\/11\/facebook-trends-polska-pazdziernik-2017\/","og_locale":"pl_PL","og_type":"article","og_title":"Facebook Trends Polska pa\u017adziernik 2017 - p\u00f3\u0142 \u017cartem, p\u00f3\u0142 serio","og_description":"W pa\u017adzierniku wzi\u0119li\u015bmy pod lup\u0119 tematy, kt\u00f3re cz\u0119sto pomijamy, m.in. obs\u0142ug\u0119 klienta oraz polskich celebryt\u00f3w. Podejrzeli\u015bmy te\u017c, co nas bawi i \u015bmieszy.","og_url":"https:\/\/www.sotrender.com\/blog\/pl\/2017\/11\/facebook-trends-polska-pazdziernik-2017\/","og_site_name":"Sotrender Blog","article_publisher":"https:\/\/www.facebook.com\/Sotrender","article_published_time":"2017-11-09T12:32:00+00:00","article_modified_time":"2017-11-13T11:38:28+00:00","og_image":[{"width":1280,"height":853,"url":"https:\/\/www.sotrender.com\/blog\/wp-content\/uploads\/2017\/11\/phone-1767113_1280.jpg","type":"image\/jpeg"}],"author":"Klaudia \u017by\u0142ka","twitter_card":"summary_large_image","twitter_creator":"@Sotrender","twitter_site":"@Sotrender","twitter_misc":{"Written by":"Klaudia \u017by\u0142ka","Est. reading time":"4 minutes"},"schema":{"@context":"https:\/\/schema.org","@graph":[{"@type":"WebPage","@id":"https:\/\/www.sotrender.com\/blog\/pl\/2017\/11\/facebook-trends-polska-pazdziernik-2017\/","url":"https:\/\/www.sotrender.com\/blog\/pl\/2017\/11\/facebook-trends-polska-pazdziernik-2017\/","name":"Facebook Trends Polska pa\u017adziernik 2017 - p\u00f3\u0142 \u017cartem, p\u00f3\u0142 serio","isPartOf":{"@id":"https:\/\/www.sotrender.com\/blog\/#website"},"primaryImageOfPage":{"@id":"https:\/\/www.sotrender.com\/blog\/pl\/2017\/11\/facebook-trends-polska-pazdziernik-2017\/#primaryimage"},"image":{"@id":"https:\/\/www.sotrender.com\/blog\/pl\/2017\/11\/facebook-trends-polska-pazdziernik-2017\/#primaryimage"},"thumbnailUrl":"https:\/\/www.sotrender.com\/blog\/wp-content\/uploads\/2017\/11\/phone-1767113_1280.jpg","datePublished":"2017-11-09T12:32:00+00:00","dateModified":"2017-11-13T11:38:28+00:00","author":{"@id":"https:\/\/www.sotrender.com\/blog\/#\/schema\/person\/038ac5e276c5d102d8cbb9c36cd43416"},"description":"W pa\u017adzierniku wzi\u0119li\u015bmy pod lup\u0119 tematy, kt\u00f3re cz\u0119sto pomijamy, m.in. obs\u0142ug\u0119 klienta oraz polskich celebryt\u00f3w. Podejrzeli\u015bmy te\u017c, co nas bawi i \u015bmieszy.","breadcrumb":{"@id":"https:\/\/www.sotrender.com\/blog\/pl\/2017\/11\/facebook-trends-polska-pazdziernik-2017\/#breadcrumb"},"inLanguage":"pl-PL","potentialAction":[{"@type":"ReadAction","target":["https:\/\/www.sotrender.com\/blog\/pl\/2017\/11\/facebook-trends-polska-pazdziernik-2017\/"]}]},{"@type":"ImageObject","inLanguage":"pl-PL","@id":"https:\/\/www.sotrender.com\/blog\/pl\/2017\/11\/facebook-trends-polska-pazdziernik-2017\/#primaryimage","url":"https:\/\/www.sotrender.com\/blog\/wp-content\/uploads\/2017\/11\/phone-1767113_1280.jpg","contentUrl":"https:\/\/www.sotrender.com\/blog\/wp-content\/uploads\/2017\/11\/phone-1767113_1280.jpg","width":1280,"height":853,"caption":"facebook, facebook trends, raport, telekomunikacja"},{"@type":"BreadcrumbList","@id":"https:\/\/www.sotrender.com\/blog\/pl\/2017\/11\/facebook-trends-polska-pazdziernik-2017\/#breadcrumb","itemListElement":[{"@type":"ListItem","position":1,"name":"Home","item":"https:\/\/www.sotrender.com\/blog\/"},{"@type":"ListItem","position":2,"name":"Facebook Trends Polska pa\u017adziernik 2017 &#8211; p\u00f3\u0142 \u017cartem, p\u00f3\u0142 serio"}]},{"@type":"WebSite","@id":"https:\/\/www.sotrender.com\/blog\/#website","url":"https:\/\/www.sotrender.com\/blog\/","name":"Sotrender Blog","description":"","potentialAction":[{"@type":"SearchAction","target":{"@type":"EntryPoint","urlTemplate":"https:\/\/www.sotrender.com\/blog\/?s={search_term_string}"},"query-input":"required name=search_term_string"}],"inLanguage":"pl-PL"},{"@type":"Person","@id":"https:\/\/www.sotrender.com\/blog\/#\/schema\/person\/038ac5e276c5d102d8cbb9c36cd43416","name":"Klaudia \u017by\u0142ka","image":{"@type":"ImageObject","inLanguage":"pl-PL","@id":"https:\/\/www.sotrender.com\/blog\/#\/schema\/person\/image\/","url":"https:\/\/secure.gravatar.com\/avatar\/f55d5d49ce3c448e1ffde0ab078d84cd?s=96&d=mm&r=g","contentUrl":"https:\/\/secure.gravatar.com\/avatar\/f55d5d49ce3c448e1ffde0ab078d84cd?s=96&d=mm&r=g","caption":"Klaudia \u017by\u0142ka"},"description":"Instagram, dogs, books and food lover. Former student at Warsaw University and Malm\u00f6 University. Improving her marketing skills every day. Proud owner of DIMAQ certificate","sameAs":["https:\/\/www.linkedin.com\/in\/klaudia-\u017cy\u0142ka-17527779"],"url":"https:\/\/www.sotrender.com\/blog\/pl\/author\/klaudia_yka\/"}]}},"_links":{"self":[{"href":"https:\/\/www.sotrender.com\/blog\/pl\/wp-json\/wp\/v2\/posts\/31373"}],"collection":[{"href":"https:\/\/www.sotrender.com\/blog\/pl\/wp-json\/wp\/v2\/posts"}],"about":[{"href":"https:\/\/www.sotrender.com\/blog\/pl\/wp-json\/wp\/v2\/types\/post"}],"author":[{"embeddable":true,"href":"https:\/\/www.sotrender.com\/blog\/pl\/wp-json\/wp\/v2\/users\/89"}],"replies":[{"embeddable":true,"href":"https:\/\/www.sotrender.com\/blog\/pl\/wp-json\/wp\/v2\/comments?post=31373"}],"version-history":[{"count":23,"href":"https:\/\/www.sotrender.com\/blog\/pl\/wp-json\/wp\/v2\/posts\/31373\/revisions"}],"predecessor-version":[{"id":31469,"href":"https:\/\/www.sotrender.com\/blog\/pl\/wp-json\/wp\/v2\/posts\/31373\/revisions\/31469"}],"wp:featuredmedia":[{"embeddable":true,"href":"https:\/\/www.sotrender.com\/blog\/pl\/wp-json\/wp\/v2\/media\/31391"}],"wp:attachment":[{"href":"https:\/\/www.sotrender.com\/blog\/pl\/wp-json\/wp\/v2\/media?parent=31373"}],"wp:term":[{"taxonomy":"category","embeddable":true,"href":"https:\/\/www.sotrender.com\/blog\/pl\/wp-json\/wp\/v2\/categories?post=31373"},{"taxonomy":"post_tag","embeddable":true,"href":"https:\/\/www.sotrender.com\/blog\/pl\/wp-json\/wp\/v2\/tags?post=31373"}],"curies":[{"name":"wp","href":"https:\/\/api.w.org\/{rel}","templated":true}]}}