{"id":31293,"date":"2017-11-07T11:06:17","date_gmt":"2017-11-07T10:06:17","guid":{"rendered":"https:\/\/www.sotrender.com\/blog\/?p=31293\/"},"modified":"2017-11-07T12:00:54","modified_gmt":"2017-11-07T11:00:54","slug":"instagram-trends-pazdziernik-2017","status":"publish","type":"post","link":"https:\/\/www.sotrender.com\/blog\/pl\/2017\/11\/instagram-trends-pazdziernik-2017\/","title":{"rendered":"Instagram Trends pa\u017adziernik 2017 &#8211; gor\u0105ce tematy na Instagramie"},"content":{"rendered":"<p>W minionym miesi\u0105cu odnotowali\u015bmy kilka znacz\u0105cych wydarze\u0144 na polskim Instagramie. Tym razem postanowili\u015bmy, \u017ce przyjrzymy si\u0119 jednak bli\u017cej dw\u00f3m z nich. Ciekawi, o czym mowa? Zapraszamy!<\/p>\n<p>Bez obaw, wszystkie pozosta\u0142e wydarzenia znajdziecie jak zawsze w pe\u0142nym wydaniu najnowszego raportu <a href=\"https:\/\/www.sotrender.com\/trends\/instagram\/poland\/201710\">Instagram Trends pa\u017adziernik 2017<\/a>!<\/p>\n<p><!--more--><\/p>\n<h2>W drodze na Mundial<\/h2>\n<p>Pisz\u0105c o polskim Instagramie, naprawd\u0119 trudno pomija\u0107 tematy zwi\u0105zane ze sportem. Cho\u0107 staramy si\u0119 chocia\u017c od czasu do czasu to robi\u0107, s\u0105 jednak wydarzenia, kt\u00f3re skutecznie niwecz\u0105 nasze starania.<\/p>\n<p>Nie b\u0119dziemy tym razem jednak pisa\u0107 tylko o Robercie Lewandowskim, a o ca\u0142ej pi\u0142karskiej reprezentacji Polski, kt\u00f3ra na pocz\u0105tku pa\u017adziernika zapewni\u0142a sobie wyjazd na najbli\u017csze Mistrzostwa \u015awiata w Rosji. Euforia zwi\u0105zana z tym sukcesem ogarn\u0119\u0142a niemal wszystkich, co znalaz\u0142o sw\u00f3j wyraz w instagramowych statystykach naszych pi\u0142karzy &#8211; m.in. Roberta Lewandowskiego, Wojciecha Szcz\u0119snego, Grzegorz Krychowiaka, Kuby B\u0142aszczykowskiego czy S\u0142awomira Peszko. Wi\u0119kszo\u015b\u0107 z nich odnotowa\u0142a wi\u0119ksze ni\u017c zazwyczaj zaanga\u017cowanie swoich obserwator\u00f3w pod postami zwi\u0105zanymi z tym w\u0142a\u015bnie wydarzeniem.<\/p>\n<div style=\"width: 811px\" class=\"wp-caption aligncenter\"><img loading=\"lazy\" decoding=\"async\" src=\"https:\/\/www.sotrender.com\/blog\/wp-content\/uploads\/2017\/11\/aeefcbd4-986a-4fad-9517-4758773c8421_pasted20image200.png\" alt=\"sportowcy, pi\u0142karze, instagram, robert lewandowski, mundial\" width=\"801\" height=\"761\" \/><p class=\"wp-caption-text\">Najbardziej anga\u017cuj\u0105ce profile polskich sportowc\u00f3w na Instagramie w pa\u017adzierniku 2017<\/p><\/div>\n<p>R\u00f3wnie\u017c najpopularniejsze posty pa\u017adziernika, nale\u017c\u0105ce oczywi\u015bcie do Roberta Lewandowskiego, dotyczy\u0142y zwyci\u0119stwa nad Czarnog\u00f3r\u0105. Jednak najlepszy post miesi\u0105ca, kt\u00f3ry absolutnie skrad\u0142 serca wszystkich, dotyczy\u0142 wyj\u0105tkowego towarzysza pi\u0142karza podczas meczu &#8211; Franka. Marzeniem nieuleczalnie chorego ch\u0142opca by\u0142o spotkanie samego mistrza, a Robert Lewandowski postanowi\u0142 to marzenie spe\u0142ni\u0107. Franek nie tylko towarzyszy\u0142 pi\u0142karzowi podczas wej\u015bcia na muraw\u0119, ale r\u00f3wnie\u017c by\u0142 obecny na boisku podczas ca\u0142ego meczu.<\/p>\n<div style=\"width: 797px\" class=\"wp-caption aligncenter\"><img loading=\"lazy\" decoding=\"async\" src=\"https:\/\/www.sotrender.com\/blog\/wp-content\/uploads\/2017\/11\/34873bf1-5507-44fe-be99-25240cde45f7_pasted20image200.png\" alt=\"Robert Lewandowski, mecz z Czarnog\u00f3r\u0105, Mundial, polscy pi\u0142karze\" width=\"787\" height=\"725\" \/><p class=\"wp-caption-text\">Najlepsze posty na polskim Instagramie w pa\u017adzierniku 2017 roku<\/p><\/div>\n<h2>Tematy, o kt\u00f3rych warto rozmawia\u0107<\/h2>\n<p style=\"text-align: left;\">Istniej\u0105 tematy, o kt\u00f3rych przyj\u0119\u0142o si\u0119, \u017ce lepiej jest nie rozmawia\u0107 lub ich unika\u0107. Jednak zazwyczaj s\u0105 to jednocze\u015bnie tematy, w zakresie kt\u00f3rych nasz\u0105 \u015bwiadomo\u015b\u0107 i wiedza jest zbyt ma\u0142a i ograniczona. Kampanie spo\u0142eczne s\u0105 cz\u0119sto jedynymi \u017ar\u00f3d\u0142ami, kt\u00f3re poruszaj\u0105 tzw. tematy tabu.<\/p>\n<blockquote class=\"instagram-media\" style=\"background: #FFF; border: 0; border-radius: 3px; box-shadow: 0 0 1px 0 rgba(0,0,0,0.5),0 1px 10px 0 rgba(0,0,0,0.15); margin: 1px; max-width: 658px; padding: 0; width: calc(100% - 2px);\" data-instgrm-version=\"7\">\n<div style=\"padding: 8px;\">\n<div style=\"background: #F8F8F8; line-height: 0; margin-top: 40px; padding: 28.10185185185185% 0; text-align: center; width: 100%;\"><\/div>\n<p style=\"color: #c9c8cd; font-family: Arial,sans-serif; font-size: 14px; line-height: 17px; margin-bottom: 0; margin-top: 8px; overflow: hidden; padding: 8px 0 7px; text-align: center; text-overflow: ellipsis; white-space: nowrap;\"><a style=\"color: #c9c8cd; font-family: Arial,sans-serif; font-size: 14px; font-style: normal; font-weight: normal; line-height: 17px; text-decoration: none;\" href=\"https:\/\/www.instagram.com\/p\/BaoqI5wA5mr\/\" target=\"_blank\" rel=\"noopener\">Post udost\u0119pniony przez Anja Rubik (@anja_rubik)<\/a> <time style=\"font-family: Arial,sans-serif; font-size: 14px; line-height: 17px;\" datetime=\"2017-10-24T15:10:20+00:00\">24 Pa\u017a, 2017 o 8:10 PDT<\/time><\/p>\n<\/div>\n<\/blockquote>\n<p style=\"text-align: left;\"><script async defer src=\"\/\/platform.instagram.com\/en_US\/embeds.js\"><\/script><\/p>\n<p style=\"text-align: left;\">Ch\u0119\u0107 prze\u0142amania jednego z nich by\u0142a pocz\u0105tkiem zainicjowanej przez Anj\u0119 Rubik kampanii spo\u0142ecznej <span style=\"text-decoration: underline; font-weight: bold;\"><a href=\"https:\/\/www.instagram.com\/explore\/tags\/sexedpl\/\">#sexedpl<\/a><\/span>, kt\u00f3ra porusza tematy zwi\u0105zane z szeroko poj\u0119t\u0105 seksualno\u015bci\u0105. Cho\u0107 wystartowa\u0142a ona dopiero w ostatnich dniach pa\u017adziernika, jej efekty ju\u017c s\u0105 dostrzegalne w mediach, w tym na Instagramie.<\/p>\n<div style=\"width: 801px\" class=\"wp-caption aligncenter\"><img loading=\"lazy\" decoding=\"async\" class=\"\" src=\"https:\/\/www.sotrender.com\/blog\/wp-content\/uploads\/2017\/11\/3bc63c87-6c07-41d9-bd84-af78d0ffafa6_pasted20image200.png\" alt=\"prasa, Instagram, sexedpl, wysokie obcasy\" width=\"791\" height=\"382\" \/><p class=\"wp-caption-text\">Instagram Trends Polska pa\u017adziernik 2017 | Najlepsze posty w kategorii prasa<\/p><\/div>\n<p>W akcj\u0119 bardzo mocno zaanga\u017cowa\u0142a si\u0119 grupa <span style=\"text-decoration: underline;\"><a href=\"https:\/\/www.instagram.com\/dziewuchy_dziewuchom\/\">Dziewuchy Dziewuchom<\/a><\/span>, kt\u00f3ra wspiera j\u0105 od strony organizacyjnej oraz promocyjnej. Cel i przes\u0142anie kampanii w 100% wpisuje si\u0119 bowiem w za\u0142o\u017cenia ruchu Dziewuchy Dziewuchom. R\u00f3wnie\u017c inne media, jak i osoby nie bezpo\u015brednio zwi\u0105zane z akcj\u0105, ch\u0119tnie promuj\u0105 inicjatyw\u0119, i towarzysz\u0105ce jej komunikaty, na swoich kana\u0142ach.<\/p>\n<div style=\"width: 1370px\" class=\"wp-caption aligncenter\"><img loading=\"lazy\" decoding=\"async\" src=\"https:\/\/www.sotrender.com\/blog\/wp-content\/uploads\/2017\/11\/5d772dcc-4241-46df-8072-1fc7a5f65cf4_pasted20image200.png\" alt=\"sexedpl, dziewuchy dziewuchom, kampania spo\u0142eczna, Robert Biedro\u0144\" width=\"1360\" height=\"694\" \/><p class=\"wp-caption-text\">Najlepsze posty na profilu Dziewuchy Dziewuchom na Instagramie | pa\u017adziernik 2017<\/p><\/div>\n<p>W pierwszych opublikowanych w ramach kampanii materia\u0142ach wideo wyst\u0105pili <a href=\"https:\/\/www.instagram.com\/p\/Ba4XkaGBxxU\/\">Maffashion<\/a>, <a href=\"https:\/\/www.instagram.com\/p\/Ba63Bu9h4-b\/\">Robert Biedro\u0144<\/a>, <a href=\"https:\/\/www.instagram.com\/p\/BazLBdlgpXB\/\">Maciej Stuhr<\/a> oraz <a href=\"https:\/\/www.instagram.com\/p\/Ba0-k4IjxEW\/\">Monika Brodka<\/a>.<\/p>\n<p>Poniewa\u017c kampania dopiero nabiera rozp\u0119du, i b\u0119dzie nam towarzyszy\u0142a jeszcze przez kolejne tygodnie, z ciekawo\u015bci\u0105 b\u0119dziemy obserwowa\u0107 jej efekty.<\/p>\n<h2>Instagram Trends pa\u017adziernik &#8211; Spektakularne wzloty<\/h2>\n<p>Najwi\u0119ksze wzrosty w minionym miesi\u0105cu odnotowa\u0142y typowo \u201cbabskie\u201d profile. W zestawieniu najbardziej anga\u017cuj\u0105cych profili na polskim Instagramie wyj\u0105tkowo wyr\u00f3\u017cni\u0142y si\u0119 3 modowo-kosmetyczne konta:<\/p>\n<ul>\n<li><span style=\"text-decoration: underline;\"><a href=\"https:\/\/www.instagram.com\/warszawskalala_\/\">@warszawskalala_<\/a><\/span>\u00a0&#8211; profil Izy Warszawskiej &#8211; wzrost o 198 oczek w g\u00f3r\u0119, na pozycj\u0119 nr 3.,<\/li>\n<li>profil <span style=\"text-decoration: underline;\"><a href=\"https:\/\/www.instagram.com\/selfieroom.official\/\">@selfieroom.official<\/a><\/span>\u00a0&#8211; marki Selfieroom &#8211; wzrost o 232 oczka w g\u00f3r\u0119, na pozycj\u0119 nr 5.,<\/li>\n<li>profil <span style=\"text-decoration: underline;\"><a href=\"https:\/\/www.instagram.com\/goldenrosepolska\/\">@goldenrosepolska<\/a><\/span>\u00a0&#8211; oficjalny profil marki Golden Rose &#8211; wzrost o 228 oczek w g\u00f3r\u0119, na pozycj\u0119 nr 11.<\/li>\n<\/ul>\n<div style=\"width: 806px\" class=\"wp-caption aligncenter\"><img loading=\"lazy\" decoding=\"async\" src=\"https:\/\/www.sotrender.com\/blog\/wp-content\/uploads\/2017\/11\/8c7240e1-2f09-4c07-9536-94dc082dae02_pasted20image200.png\" alt=\"zaanga\u017cowanie, najlepsze profile, Instagram, selfieroom, golden rose\" width=\"796\" height=\"575\" \/><p class=\"wp-caption-text\">Najbardziej anga\u017cuj\u0105ce profile na polskim Instagramie w pa\u017adzierniku 2017<\/p><\/div>\n<p>To chyba oczywiste, \u017ce nasze kobiece szafy potrzebuj\u0105 co nieco nowego wraz z nowym sezonem \ud83d\ude09 Jednak przed zakupem najlepiej przebuszowa\u0107 Internet w poszukiwaniu idealnych pere\u0142ek.<\/p>\n<p>Co jeszcze wydarzy\u0142o si\u0119 na Instagramie w minionym miesi\u0105cu? <a href=\"https:\/\/www.sotrender.com\/trends\/instagram\/poland\/201710\">Sprawd\u017acie w pa\u017adziernikowym raporcie Instagram Trends Polska 2017<\/a>!<\/p>\n<div>\u00a0<div class=\"shortcode trial\"><h4><span>MIERZ, OPTYMALIZUJ, RAPORTUJ!<\/span><a title=\"Zobacz wi\u0119cej\" class=\"btn\" href=\"https:\/\/app.sotrender.com\/auth\/signup\/trial\/pl?utm_source=blog-cta-legacy\">Zobacz wi\u0119cej<\/a><\/h4><\/div><\/div>\n","protected":false},"excerpt":{"rendered":"<p>W minionym miesi\u0105cu odnotowali\u015bmy kilka znacz\u0105cych wydarze\u0144 na polskim Instagramie. Tym razem postanowili\u015bmy, \u017ce przyjrzymy si\u0119 jednak bli\u017cej dw\u00f3m z nich. Ciekawi, o czym mowa? Zapraszamy! Bez obaw, wszystkie pozosta\u0142e wydarzenia znajdziecie jak zawsze w pe\u0142nym wydaniu najnowszego raportu Instagram Trends pa\u017adziernik 2017!<\/p>\n","protected":false},"author":89,"featured_media":31327,"comment_status":"open","ping_status":"open","sticky":false,"template":"","format":"standard","meta":{"inline_featured_image":false,"footnotes":""},"categories":[1803,2125,1791],"tags":[2073,2617,2619,615],"yoast_head":"<!-- This site is optimized with the Yoast SEO plugin v22.4 - https:\/\/yoast.com\/wordpress\/plugins\/seo\/ -->\n<title>Instagram Trends pa\u017adziernik 2017 - gor\u0105ce tematy na Instagramie<\/title>\n<meta name=\"description\" content=\"W minionym miesi\u0105cu odnotowali\u015bmy kilka znacz\u0105cych wydarze\u0144 na polskim Instagramie. Tym razem postanowili\u015bmy, \u017ce przyjrzymy si\u0119 jednak bli\u017cej dw\u00f3m z nich.\" \/>\n<meta name=\"robots\" content=\"index, follow, max-snippet:-1, max-image-preview:large, max-video-preview:-1\" \/>\n<link rel=\"canonical\" href=\"https:\/\/www.sotrender.com\/blog\/pl\/2017\/11\/instagram-trends-pazdziernik-2017\/\" \/>\n<meta property=\"og:locale\" content=\"pl_PL\" \/>\n<meta property=\"og:type\" content=\"article\" \/>\n<meta property=\"og:title\" content=\"Instagram Trends pa\u017adziernik 2017 - gor\u0105ce tematy na Instagramie\" \/>\n<meta property=\"og:description\" content=\"W minionym miesi\u0105cu odnotowali\u015bmy kilka znacz\u0105cych wydarze\u0144 na polskim Instagramie. Tym razem postanowili\u015bmy, \u017ce przyjrzymy si\u0119 jednak bli\u017cej dw\u00f3m z nich.\" \/>\n<meta property=\"og:url\" content=\"https:\/\/www.sotrender.com\/blog\/pl\/2017\/11\/instagram-trends-pazdziernik-2017\/\" \/>\n<meta property=\"og:site_name\" content=\"Sotrender Blog\" \/>\n<meta property=\"article:publisher\" content=\"https:\/\/www.facebook.com\/Sotrender\" \/>\n<meta property=\"article:published_time\" content=\"2017-11-07T10:06:17+00:00\" \/>\n<meta property=\"article:modified_time\" content=\"2017-11-07T11:00:54+00:00\" \/>\n<meta property=\"og:image\" content=\"https:\/\/www.sotrender.com\/blog\/wp-content\/uploads\/2017\/11\/micro-1494436_1280.jpg\" \/>\n\t<meta property=\"og:image:width\" content=\"1280\" \/>\n\t<meta property=\"og:image:height\" content=\"853\" \/>\n\t<meta property=\"og:image:type\" content=\"image\/jpeg\" \/>\n<meta name=\"author\" content=\"Klaudia \u017by\u0142ka\" \/>\n<meta name=\"twitter:card\" content=\"summary_large_image\" \/>\n<meta name=\"twitter:creator\" content=\"@Sotrender\" \/>\n<meta name=\"twitter:site\" content=\"@Sotrender\" \/>\n<meta name=\"twitter:label1\" content=\"Written by\" \/>\n\t<meta name=\"twitter:data1\" content=\"Klaudia \u017by\u0142ka\" \/>\n\t<meta name=\"twitter:label2\" content=\"Est. reading time\" \/>\n\t<meta name=\"twitter:data2\" content=\"4 minutes\" \/>\n<script type=\"application\/ld+json\" class=\"yoast-schema-graph\">{\"@context\":\"https:\/\/schema.org\",\"@graph\":[{\"@type\":\"WebPage\",\"@id\":\"https:\/\/www.sotrender.com\/blog\/pl\/2017\/11\/instagram-trends-pazdziernik-2017\/\",\"url\":\"https:\/\/www.sotrender.com\/blog\/pl\/2017\/11\/instagram-trends-pazdziernik-2017\/\",\"name\":\"Instagram Trends pa\u017adziernik 2017 - gor\u0105ce tematy na Instagramie\",\"isPartOf\":{\"@id\":\"https:\/\/www.sotrender.com\/blog\/#website\"},\"primaryImageOfPage\":{\"@id\":\"https:\/\/www.sotrender.com\/blog\/pl\/2017\/11\/instagram-trends-pazdziernik-2017\/#primaryimage\"},\"image\":{\"@id\":\"https:\/\/www.sotrender.com\/blog\/pl\/2017\/11\/instagram-trends-pazdziernik-2017\/#primaryimage\"},\"thumbnailUrl\":\"https:\/\/www.sotrender.com\/blog\/wp-content\/uploads\/2017\/11\/micro-1494436_1280.jpg\",\"datePublished\":\"2017-11-07T10:06:17+00:00\",\"dateModified\":\"2017-11-07T11:00:54+00:00\",\"author\":{\"@id\":\"https:\/\/www.sotrender.com\/blog\/#\/schema\/person\/038ac5e276c5d102d8cbb9c36cd43416\"},\"description\":\"W minionym miesi\u0105cu odnotowali\u015bmy kilka znacz\u0105cych wydarze\u0144 na polskim Instagramie. Tym razem postanowili\u015bmy, \u017ce przyjrzymy si\u0119 jednak bli\u017cej dw\u00f3m z nich.\",\"breadcrumb\":{\"@id\":\"https:\/\/www.sotrender.com\/blog\/pl\/2017\/11\/instagram-trends-pazdziernik-2017\/#breadcrumb\"},\"inLanguage\":\"pl-PL\",\"potentialAction\":[{\"@type\":\"ReadAction\",\"target\":[\"https:\/\/www.sotrender.com\/blog\/pl\/2017\/11\/instagram-trends-pazdziernik-2017\/\"]}]},{\"@type\":\"ImageObject\",\"inLanguage\":\"pl-PL\",\"@id\":\"https:\/\/www.sotrender.com\/blog\/pl\/2017\/11\/instagram-trends-pazdziernik-2017\/#primaryimage\",\"url\":\"https:\/\/www.sotrender.com\/blog\/wp-content\/uploads\/2017\/11\/micro-1494436_1280.jpg\",\"contentUrl\":\"https:\/\/www.sotrender.com\/blog\/wp-content\/uploads\/2017\/11\/micro-1494436_1280.jpg\",\"width\":1280,\"height\":853,\"caption\":\"micro, instagram instagram trends\"},{\"@type\":\"BreadcrumbList\",\"@id\":\"https:\/\/www.sotrender.com\/blog\/pl\/2017\/11\/instagram-trends-pazdziernik-2017\/#breadcrumb\",\"itemListElement\":[{\"@type\":\"ListItem\",\"position\":1,\"name\":\"Home\",\"item\":\"https:\/\/www.sotrender.com\/blog\/\"},{\"@type\":\"ListItem\",\"position\":2,\"name\":\"Instagram Trends pa\u017adziernik 2017 &#8211; gor\u0105ce tematy na Instagramie\"}]},{\"@type\":\"WebSite\",\"@id\":\"https:\/\/www.sotrender.com\/blog\/#website\",\"url\":\"https:\/\/www.sotrender.com\/blog\/\",\"name\":\"Sotrender Blog\",\"description\":\"\",\"potentialAction\":[{\"@type\":\"SearchAction\",\"target\":{\"@type\":\"EntryPoint\",\"urlTemplate\":\"https:\/\/www.sotrender.com\/blog\/?s={search_term_string}\"},\"query-input\":\"required name=search_term_string\"}],\"inLanguage\":\"pl-PL\"},{\"@type\":\"Person\",\"@id\":\"https:\/\/www.sotrender.com\/blog\/#\/schema\/person\/038ac5e276c5d102d8cbb9c36cd43416\",\"name\":\"Klaudia \u017by\u0142ka\",\"image\":{\"@type\":\"ImageObject\",\"inLanguage\":\"pl-PL\",\"@id\":\"https:\/\/www.sotrender.com\/blog\/#\/schema\/person\/image\/\",\"url\":\"https:\/\/secure.gravatar.com\/avatar\/f55d5d49ce3c448e1ffde0ab078d84cd?s=96&d=mm&r=g\",\"contentUrl\":\"https:\/\/secure.gravatar.com\/avatar\/f55d5d49ce3c448e1ffde0ab078d84cd?s=96&d=mm&r=g\",\"caption\":\"Klaudia \u017by\u0142ka\"},\"description\":\"Instagram, dogs, books and food lover. Former student at Warsaw University and Malm\u00f6 University. Improving her marketing skills every day. Proud owner of DIMAQ certificate\",\"sameAs\":[\"https:\/\/www.linkedin.com\/in\/klaudia-\u017cy\u0142ka-17527779\"],\"url\":\"https:\/\/www.sotrender.com\/blog\/pl\/author\/klaudia_yka\/\"}]}<\/script>\n<!-- \/ Yoast SEO plugin. -->","yoast_head_json":{"title":"Instagram Trends pa\u017adziernik 2017 - gor\u0105ce tematy na Instagramie","description":"W minionym miesi\u0105cu odnotowali\u015bmy kilka znacz\u0105cych wydarze\u0144 na polskim Instagramie. Tym razem postanowili\u015bmy, \u017ce przyjrzymy si\u0119 jednak bli\u017cej dw\u00f3m z nich.","robots":{"index":"index","follow":"follow","max-snippet":"max-snippet:-1","max-image-preview":"max-image-preview:large","max-video-preview":"max-video-preview:-1"},"canonical":"https:\/\/www.sotrender.com\/blog\/pl\/2017\/11\/instagram-trends-pazdziernik-2017\/","og_locale":"pl_PL","og_type":"article","og_title":"Instagram Trends pa\u017adziernik 2017 - gor\u0105ce tematy na Instagramie","og_description":"W minionym miesi\u0105cu odnotowali\u015bmy kilka znacz\u0105cych wydarze\u0144 na polskim Instagramie. Tym razem postanowili\u015bmy, \u017ce przyjrzymy si\u0119 jednak bli\u017cej dw\u00f3m z nich.","og_url":"https:\/\/www.sotrender.com\/blog\/pl\/2017\/11\/instagram-trends-pazdziernik-2017\/","og_site_name":"Sotrender Blog","article_publisher":"https:\/\/www.facebook.com\/Sotrender","article_published_time":"2017-11-07T10:06:17+00:00","article_modified_time":"2017-11-07T11:00:54+00:00","og_image":[{"width":1280,"height":853,"url":"https:\/\/www.sotrender.com\/blog\/wp-content\/uploads\/2017\/11\/micro-1494436_1280.jpg","type":"image\/jpeg"}],"author":"Klaudia \u017by\u0142ka","twitter_card":"summary_large_image","twitter_creator":"@Sotrender","twitter_site":"@Sotrender","twitter_misc":{"Written by":"Klaudia \u017by\u0142ka","Est. reading time":"4 minutes"},"schema":{"@context":"https:\/\/schema.org","@graph":[{"@type":"WebPage","@id":"https:\/\/www.sotrender.com\/blog\/pl\/2017\/11\/instagram-trends-pazdziernik-2017\/","url":"https:\/\/www.sotrender.com\/blog\/pl\/2017\/11\/instagram-trends-pazdziernik-2017\/","name":"Instagram Trends pa\u017adziernik 2017 - gor\u0105ce tematy na Instagramie","isPartOf":{"@id":"https:\/\/www.sotrender.com\/blog\/#website"},"primaryImageOfPage":{"@id":"https:\/\/www.sotrender.com\/blog\/pl\/2017\/11\/instagram-trends-pazdziernik-2017\/#primaryimage"},"image":{"@id":"https:\/\/www.sotrender.com\/blog\/pl\/2017\/11\/instagram-trends-pazdziernik-2017\/#primaryimage"},"thumbnailUrl":"https:\/\/www.sotrender.com\/blog\/wp-content\/uploads\/2017\/11\/micro-1494436_1280.jpg","datePublished":"2017-11-07T10:06:17+00:00","dateModified":"2017-11-07T11:00:54+00:00","author":{"@id":"https:\/\/www.sotrender.com\/blog\/#\/schema\/person\/038ac5e276c5d102d8cbb9c36cd43416"},"description":"W minionym miesi\u0105cu odnotowali\u015bmy kilka znacz\u0105cych wydarze\u0144 na polskim Instagramie. Tym razem postanowili\u015bmy, \u017ce przyjrzymy si\u0119 jednak bli\u017cej dw\u00f3m z nich.","breadcrumb":{"@id":"https:\/\/www.sotrender.com\/blog\/pl\/2017\/11\/instagram-trends-pazdziernik-2017\/#breadcrumb"},"inLanguage":"pl-PL","potentialAction":[{"@type":"ReadAction","target":["https:\/\/www.sotrender.com\/blog\/pl\/2017\/11\/instagram-trends-pazdziernik-2017\/"]}]},{"@type":"ImageObject","inLanguage":"pl-PL","@id":"https:\/\/www.sotrender.com\/blog\/pl\/2017\/11\/instagram-trends-pazdziernik-2017\/#primaryimage","url":"https:\/\/www.sotrender.com\/blog\/wp-content\/uploads\/2017\/11\/micro-1494436_1280.jpg","contentUrl":"https:\/\/www.sotrender.com\/blog\/wp-content\/uploads\/2017\/11\/micro-1494436_1280.jpg","width":1280,"height":853,"caption":"micro, instagram instagram trends"},{"@type":"BreadcrumbList","@id":"https:\/\/www.sotrender.com\/blog\/pl\/2017\/11\/instagram-trends-pazdziernik-2017\/#breadcrumb","itemListElement":[{"@type":"ListItem","position":1,"name":"Home","item":"https:\/\/www.sotrender.com\/blog\/"},{"@type":"ListItem","position":2,"name":"Instagram Trends pa\u017adziernik 2017 &#8211; gor\u0105ce tematy na Instagramie"}]},{"@type":"WebSite","@id":"https:\/\/www.sotrender.com\/blog\/#website","url":"https:\/\/www.sotrender.com\/blog\/","name":"Sotrender Blog","description":"","potentialAction":[{"@type":"SearchAction","target":{"@type":"EntryPoint","urlTemplate":"https:\/\/www.sotrender.com\/blog\/?s={search_term_string}"},"query-input":"required name=search_term_string"}],"inLanguage":"pl-PL"},{"@type":"Person","@id":"https:\/\/www.sotrender.com\/blog\/#\/schema\/person\/038ac5e276c5d102d8cbb9c36cd43416","name":"Klaudia \u017by\u0142ka","image":{"@type":"ImageObject","inLanguage":"pl-PL","@id":"https:\/\/www.sotrender.com\/blog\/#\/schema\/person\/image\/","url":"https:\/\/secure.gravatar.com\/avatar\/f55d5d49ce3c448e1ffde0ab078d84cd?s=96&d=mm&r=g","contentUrl":"https:\/\/secure.gravatar.com\/avatar\/f55d5d49ce3c448e1ffde0ab078d84cd?s=96&d=mm&r=g","caption":"Klaudia \u017by\u0142ka"},"description":"Instagram, dogs, books and food lover. Former student at Warsaw University and Malm\u00f6 University. Improving her marketing skills every day. Proud owner of DIMAQ certificate","sameAs":["https:\/\/www.linkedin.com\/in\/klaudia-\u017cy\u0142ka-17527779"],"url":"https:\/\/www.sotrender.com\/blog\/pl\/author\/klaudia_yka\/"}]}},"_links":{"self":[{"href":"https:\/\/www.sotrender.com\/blog\/pl\/wp-json\/wp\/v2\/posts\/31293"}],"collection":[{"href":"https:\/\/www.sotrender.com\/blog\/pl\/wp-json\/wp\/v2\/posts"}],"about":[{"href":"https:\/\/www.sotrender.com\/blog\/pl\/wp-json\/wp\/v2\/types\/post"}],"author":[{"embeddable":true,"href":"https:\/\/www.sotrender.com\/blog\/pl\/wp-json\/wp\/v2\/users\/89"}],"replies":[{"embeddable":true,"href":"https:\/\/www.sotrender.com\/blog\/pl\/wp-json\/wp\/v2\/comments?post=31293"}],"version-history":[{"count":24,"href":"https:\/\/www.sotrender.com\/blog\/pl\/wp-json\/wp\/v2\/posts\/31293\/revisions"}],"predecessor-version":[{"id":31353,"href":"https:\/\/www.sotrender.com\/blog\/pl\/wp-json\/wp\/v2\/posts\/31293\/revisions\/31353"}],"wp:featuredmedia":[{"embeddable":true,"href":"https:\/\/www.sotrender.com\/blog\/pl\/wp-json\/wp\/v2\/media\/31327"}],"wp:attachment":[{"href":"https:\/\/www.sotrender.com\/blog\/pl\/wp-json\/wp\/v2\/media?parent=31293"}],"wp:term":[{"taxonomy":"category","embeddable":true,"href":"https:\/\/www.sotrender.com\/blog\/pl\/wp-json\/wp\/v2\/categories?post=31293"},{"taxonomy":"post_tag","embeddable":true,"href":"https:\/\/www.sotrender.com\/blog\/pl\/wp-json\/wp\/v2\/tags?post=31293"}],"curies":[{"name":"wp","href":"https:\/\/api.w.org\/{rel}","templated":true}]}}