{"id":31183,"date":"2017-10-17T09:40:00","date_gmt":"2017-10-17T07:40:00","guid":{"rendered":"https:\/\/www.sotrender.com\/blog\/?p=31183\/"},"modified":"2017-10-19T10:04:48","modified_gmt":"2017-10-19T08:04:48","slug":"politycy-social-media","status":"publish","type":"post","link":"https:\/\/www.sotrender.com\/blog\/pl\/2017\/10\/politycy-social-media\/","title":{"rendered":"Politycy w social media &#8211; kto wygrywa t\u0119 gr\u0119?"},"content":{"rendered":"<p>Dwa lata\u00a0temu trafnie przewidzieli\u015bmy <span style=\"text-decoration: underline;\"><a href=\"https:\/\/www.sotrender.com\/blog\/pl\/2015\/05\/kampania-prezydencka-w-social-media-2\/\">sukces Andrzeja Dudy w wyborach prezydenckich<\/a><\/span>. Kilka tygodni\u00a0temu, jeszcze przed wyborami, na podstawie danych z medi\u00f3w spo\u0142eczno\u015bciowych spodziewali\u015bmy si\u0119 sukcesu\u00a0<span style=\"text-decoration: underline;\"><a href=\"https:\/\/www.sotrender.com\/blog\/2017\/09\/german-elections-social-media\/\">AfD w wyborach do Bundestagu<\/a><\/span><span style=\"text-decoration: underline;\"><a href=\"https:\/\/www.sotrender.com\/blog\/2017\/09\/german-elections-social-media\/\">.<\/a><\/span>\u00a0Polityka coraz cz\u0119\u015bciej dzieje si\u0119 w social mediach. Nie chodzi tylko o armie p\u0142atnych trolli zatrudnianych przez najr\u00f3\u017cniejsze organizacje, ale o to, \u017ce w mediach spo\u0142eczno\u015bciowych sp\u0119dzamy coraz wi\u0119cej czasu, dlatego aktywno\u015b\u0107 polityk\u00f3w przenosi si\u0119 do nich &#8211; to w\u0142a\u015bnie ich elektorat. Postanowili\u015bmy przyjrze\u0107 si\u0119 bli\u017cej, jak\u0105 metod\u0119 na social media znale\u017ali najpopularniejsi polscy politycy.<!--more--><\/p>\n<h2>Polityka w 140 znakach<\/h2>\n<p>Nasi politycy ch\u0119tnie korzystaj\u0105 z Twittera. Najlepiej radzi sobie na nim urz\u0119duj\u0105cy prezydent Andrzej Duda. Ju\u017c w kampanii wyborczej dwa lata temu pokaza\u0142, \u017ce doskonale rozumie, jak dzia\u0142a\u00a0to medium. Nie tweetowa\u0142 du\u017co, ale ka\u017cdy jego wpis roznosi\u0142 si\u0119 szerokim echem po serwisie. Duda dociera\u0142 do m\u0142odych wyborc\u00f3w, pokazywa\u0142, \u017ce ich rozumie, w przeciwie\u0144stwie do swoich konkurent\u00f3w (poza Paw\u0142em Kukizem, kt\u00f3ry zdoby\u0142 wygra\u0142 w\u015br\u00f3d najm\u0142odszych wyborc\u00f3w w pierwszej turze).<\/p>\n<div style=\"width: 1610px\" class=\"wp-caption alignnone\"><img loading=\"lazy\" decoding=\"async\" src=\"https:\/\/www.sotrender.com\/blog\/wp-content\/uploads\/2017\/10\/9637cf36-3399-4cca-9118-139af5e0174b_sot_chart.png\" alt=\"Przyrost obserwuj\u0105cych najpopularniejsze konta polskich polityk\u00f3w na Twitterze\" width=\"1600\" height=\"1067\" \/><p class=\"wp-caption-text\">Przyrost obserwuj\u0105cych twitterowe konta Andrzeja Dudy, Radka Sikorskiego i Donalda Tuska<\/p><\/div>\n<p>Dw\u00f3ch polityk\u00f3w jest popularniejszych na Twitterze od Andrzeja Dudy &#8211; by\u0142y minister spraw zagranicznych Rados\u0142aw Sikorski oraz przewodnicz\u0105cy Rady Europejskiej Donald Tusk, ale to profil Dudy ma najwi\u0119ksz\u0105 dynamik\u0119 wzrostu. W ci\u0105gu ostatnich trzech miesi\u0119cy zwi\u0119kszy\u0142 swoj\u0105 baz\u0119 obserwuj\u0105cych na Twitterze o 17%.<\/p>\n<div style=\"width: 1610px\" class=\"wp-caption alignnone\"><img loading=\"lazy\" decoding=\"async\" src=\"https:\/\/www.sotrender.com\/blog\/wp-content\/uploads\/2017\/10\/a4ebfbf8-bd4e-4b7e-9f2f-e9937ee731bf_sot_chart201.png\" alt=\"Liczba zaanga\u017cowanych u\u017cytkownik\u00f3w w komunikacj\u0119 Andrzeja Dudy, Donalda Tuska i Radka Sikorskiego w okresie od 1 lipca do 30 wrze\u015bnia 2017 roku\" width=\"1600\" height=\"1067\" \/><p class=\"wp-caption-text\">Liczba zaanga\u017cowanych u\u017cytkownik\u00f3w w komunikacj\u0119 Andrzeja Dudy, Donalda Tuska i Radka Sikorskiego w okresie od 1 lipca do 30 wrze\u015bnia 2017 roku<\/p><\/div>\n<p>W komunikacj\u0119 Andrzeja Dudy po dw\u00f3ch latach od wybor\u00f3w prezydenckich nadal anga\u017cuje si\u0119 najwi\u0119cej u\u017cytkownik\u00f3w. Na wykresie wida\u0107, \u017ce najwi\u0119cej emocji wywo\u0142ywa\u0142y wizyta Donalda Trumpa na pocz\u0105tku lipca i protesty przeciwko reformie s\u0105downictwa oraz weto prezydenta. Warto jednak zauwa\u017cy\u0107, najlepsze tweety prezydenta przewa\u017cnie nie odnosz\u0105 si\u0119 do bie\u017c\u0105cej polityki, a do sportu.<\/p>\n<blockquote class=\"twitter-tweet\" data-lang=\"en\">\n<p dir=\"ltr\" lang=\"pl\">Uff, Bia\u0142o-Czerwoni Panowie wr\u00f3cili do gry. Brawo! Dzi\u0119kujemy!;-)<\/p>\n<p>\u2014 Andrzej Duda (@AndrzejDuda) <a href=\"https:\/\/twitter.com\/AndrzejDuda\/status\/904805583655768066?ref_src=twsrc%5Etfw\">September 4, 2017<\/a><\/p><\/blockquote>\n<p><script async src=\"\/\/platform.twitter.com\/widgets.js\" charset=\"utf-8\"><\/script><br \/>\n<span style=\"text-decoration: underline;\"><a href=\"https:\/\/www.sotrender.com\/trends\/twitter\/poland\/201709\/osoby\/politycy#best_posts\">Wida\u0107 to by\u0142o bardzo dobrze we wrze\u015bniu<\/a><\/span>, gdy prezydenckie gratulacje dla polskiej reprezentacji w pi\u0142ce no\u017cnej by\u0142y najlepszym tweetem\u00a0w kategorii Politycy w naszych comiesi\u0119cznych raportach <span style=\"font-weight: bold;\">Twitter Trends<\/span>.<\/p>\n<h2>Na Facebooku Dudzie tak\u017ce ro\u015bnie<\/h2>\n<p>Prezydent Duda jest tak\u017ce jednym z <span style=\"text-decoration: underline;\"><a href=\"https:\/\/www.sotrender.com\/trends\/facebook\/poland\/201709\/osoby\/politycy\">najpopularniejszych polskich polityk\u00f3w<\/a><\/span>\u00a0na Facebooku, tutaj tak\u017ce zajmuje\u00a0zwykle ostatnie miejsce na podium. Wi\u0119cej fan\u00f3w od niego maj\u0105 dwie bardzo kontrowersyjne postaci &#8211; Janusz Korwin-Mikke, lider partii Wolno\u015b\u0107 i Zbigniew Stonoga, kt\u00f3rego burzliwa kariera w polityce zosta\u0142a przerwana przez wymiar sprawiedliwo\u015bci. Obaj politycy charakteryzuj\u0105 si\u0119 bezkompromisowymi, cz\u0119sto kontrowersyjnymi pogl\u0105dami, jednak &#8211; cho\u0107 to skrajne emocje najlepiej sprzedaj\u0105 si\u0119 w mediach spo\u0142eczno\u015bciowych &#8211; nie potrafili tej popularno\u015bci przeku\u0107 na satysfakcjonuj\u0105cy wynik wyborczy.<\/p>\n<div style=\"width: 1610px\" class=\"wp-caption alignnone\"><img loading=\"lazy\" decoding=\"async\" src=\"https:\/\/www.sotrender.com\/blog\/wp-content\/uploads\/2017\/10\/d5aaeec4-b399-4e86-9d16-42d0f7525fa8_sot_chart202.png\" alt=\"Przyrost fan\u00f3w stron Andrzeja Dudy, Janusza Korwin-Mikkego i Zbigniewa Stonogi na Facebooku.\" width=\"1600\" height=\"1067\" \/><p class=\"wp-caption-text\">Przyrost fan\u00f3w stron Andrzeja Dudy, Janusza Korwin-Mikkego i Zbigniewa Stonogi na Facebooku.<\/p><\/div>\n<p>W przeciwie\u0144stwie do tej dw\u00f3jki, Duda ci\u0105gle zdobywa nowych fan\u00f3w na Facebooku, i nieub\u0142aganie zbli\u017ca si\u0119 do Stonogi. Na koniec sierpnia dzieli\u0142o ich tylko 14 tysi\u0119cy fan\u00f3w, ale dynamika przemawia na korzy\u015b\u0107 Dudy &#8211; on fan\u00f3w zyskuje, konkurenci trac\u0105. Ci\u0105gle rosn\u0105ca popularno\u015b\u0107 prezydenta w mediach spo\u0142eczno\u015bciowych ma odbicie w sonda\u017cach &#8211; <span style=\"text-decoration: underline;\"><a href=\"http:\/\/fakty.interia.pl\/polska\/news-andrzej-duda-z-ogromnym-zaufaniem-spolecznym,nId,2444194\">Dudzie ufa <\/a><\/span><span style=\"text-decoration: underline;\"><a href=\"http:\/\/fakty.interia.pl\/polska\/news-andrzej-duda-z-ogromnym-zaufaniem-spolecznym,nId,2444194\">najwi\u0119cej Polak\u00f3w<\/a><\/span>.<\/p>\n<p><img decoding=\"async\" src=\"https:\/\/www.sotrender.com\/blog\/wp-content\/uploads\/2017\/10\/665208c7-61a9-4c0e-8eab-af771fd45e78_sot_chart203.png\" alt=\"sot_chart (3).png\" \/><\/p>\n<p>Przeanalizowali\u015bmy w <span style=\"text-decoration: underline;\"><a href=\"http:\/\/sotrender.com\">Sotrenderze<\/a><\/span>\u00a0aktywno\u015b\u0107 tej tr\u00f3jki w od 1 lipca do 30 wrze\u015bnia\u00a0na Facebooku. Ka\u017cdy z nich ma zupe\u0142nie inn\u0105 strategi\u0119 komunikacji. Janusz Korwin-Mikke pisze bardzo cz\u0119sto, wi\u0119cej ni\u017c raz dziennie. Na swojej stronie zamieszcza przede wszystkim linki i obrazki, te przez d\u0142ugi czas by\u0142y uznawane za najlepszy spos\u00f3b na aktywizowanie spo\u0142eczno\u015bci, dop\u00f3ki Facebook nie postawi\u0142 na wideo organiczne. \u00a0Z potencja\u0142u tre\u015bci wideo zdaje sobie spraw\u0119 tak\u017ce Andrzej Duda, kt\u00f3ry &#8211; podobnie jak na Twitterze &#8211; publikuje rzadko, ale skutecznie. A\u017c 95 procent post\u00f3w opublikowanych przez jego stron\u0119 to w\u0142a\u015bnie tre\u015bci wideo. Zbigniew Stonoga natomiast jako sw\u00f3j preferowany typ posta wybra\u0142 zwyk\u0142e statusy tekstowe.<\/p>\n<h2>Politycy nie strzelaj\u0105 \u00a0selfik\u00f3w na Instagramie<\/h2>\n<p>Prawie ca\u0142a uwaga polityk\u00f3w skupia si\u0119 na Facebooku i Twitterze, pozosta\u0142e media spo\u0142eczno\u015bciowe traktuj\u0105 po macoszemu. Niewielu polskich polityk\u00f3w ma pomys\u0142, jak komunikowa\u0107 si\u0119 na Instagramie i ich profile wygl\u0105daj\u0105 bardzo oficjalnie, co odstrasza u\u017cytkownik\u00f3w, kt\u00f3rzy na Instagramie oczekuj\u0105 bardziej naturalnego i niezobowi\u0105zuj\u0105cego sposobu komunikacji.<\/p>\n<p>Andrzej Duda na Instagramie zupe\u0142nie si\u0119 nie liczy, profil <span style=\"text-decoration: underline;\"><a href=\"https:\/\/www.instagram.com\/andrzej.duda\/\">@andrzej.duda<\/a><\/span>\u00a0by\u0142 wykorzystywany tylko podczas kampanii wyborczej, a oficjalny profil Kancelarii Prezydenta, <span style=\"text-decoration: underline;\"><a href=\"https:\/\/www.instagram.com\/prezydent.pl\/\">@prezydent.pl<\/a><\/span>, cho\u0107 aktywny, obserwuje nieca\u0142e pi\u0119\u0107 tysi\u0119cy u\u017cytkownik\u00f3w. Dla por\u00f3wnania,<span style=\"text-decoration: underline;\"><a href=\"http:\/\/twitter.com\/prezydentpl\">\u00a0jego odpowiednik na Twitterze<\/a><\/span>\u00a0obserwuje prawie 40 razy wi\u0119cej. Na pierwszy rzut oka mo\u017ce si\u0119 wydawa\u0107, \u017ce wynika to z apolitycznego charakteru Instagrama, w przeciwie\u0144stwie do rozpolitykowanego Twittera.<\/p>\n<blockquote class=\"instagram-media\" style=\"background: #FFF; border: 0; border-radius: 3px; box-shadow: 0 0 1px 0 rgba(0,0,0,0.5),0 1px 10px 0 rgba(0,0,0,0.15); margin: 1px; max-width: 658px; padding: 0; width: calc(100% - 2px);\" data-instgrm-captioned=\"\" data-instgrm-version=\"7\">\n<div style=\"padding: 8px;\">\n<div style=\"background: #F8F8F8; line-height: 0; margin-top: 40px; padding: 62.48665955176094% 0; text-align: center; width: 100%;\"><\/div>\n<p style=\"margin: 8px 0 0 0; padding: 0 4px;\"><a style=\"color: #000; font-family: Arial,sans-serif; font-size: 14px; font-style: normal; font-weight: normal; line-height: 17px; text-decoration: none; word-wrap: break-word;\" href=\"https:\/\/www.instagram.com\/p\/BW3BUSYgz2e\/\" target=\"_blank\" rel=\"noopener\">Je\u015bli to sobota, to ma\u0142y relaks w @czterykoty #domkiczterykoty #czterykoty #pluski #sobota #warmia<\/a><\/p>\n<p style=\"color: #c9c8cd; font-family: Arial,sans-serif; font-size: 14px; line-height: 17px; margin-bottom: 0; margin-top: 8px; overflow: hidden; padding: 8px 0 7px; text-align: center; text-overflow: ellipsis; white-space: nowrap;\">Post udost\u0119pniony przez Robert Biedro\u0144 (@robertbiedron) <time style=\"font-family: Arial,sans-serif; font-size: 14px; line-height: 17px;\" datetime=\"2017-07-22T18:56:39+00:00\">22 Lip, 2017 o 11:56 PDT<\/time><\/p>\n<\/div>\n<\/blockquote>\n<p><script async defer src=\"\/\/platform.instagram.com\/en_US\/embeds.js\"><\/script><\/p>\n<p>Nie znaczy to, \u017ce Instagram nie nadaje si\u0119 do robienia polityki. Dobrym przyk\u0142adem i wzorem do na\u015bladowania, jak politycy powinni prowadzi\u0107 komunikacj\u0119 na Instagramie jest Robert Biedro\u0144. Profil prezydenta S\u0142upska obserwuje ponad 86 tysi\u0119cy u\u017cytkownik\u00f3w, a polityk pokazuje si\u0119 nie tylko w sytuacjach oficjalnych, ale od czasu do czasu przeplata komunikacj\u0119 czym\u015b bardziej prywatnym, jak na przyk\u0142ad zdj\u0119ciami z wakacji. I to dzia\u0142a.<\/p>\n<h2>Duda niezagro\u017cony?<\/h2>\n<p>Odpowied\u017a na pytanie, jak politycy powinni si\u0119 komunikowa\u0107 w mediach spo\u0142eczno\u015bciowych nie jest prosta. Ka\u017cde z medi\u00f3w rz\u0105dzi si\u0119 swoimi prawami i sprawdzaj\u0105 si\u0119 w nich inne strategie czy pomys\u0142y. <span style=\"font-weight: bold;\">Facebook<\/span>\u00a0dociera do najwi\u0119kszej liczby u\u017cytkownik\u00f3w, dlatego ka\u017cdy polityk powinien mie\u0107 tam swoj\u0105 stron\u0119, gdzie b\u0119dzie informowa\u0142 o najwa\u017cniejszych wydarzeniach i inicjatywach podejmowanych przez siebie. <span style=\"font-weight: bold;\">Twitter<\/span>\u00a0to doskona\u0142e narz\u0119dzie do szybkiego reagowania na wydarzenia i do publikowania kr\u00f3tkich, zwi\u0119z\u0142ych komunikat\u00f3w. Czasem jednak politycy tweetuj\u0105 w porywie chwili, co,\u00a0<span style=\"text-decoration: underline;\"><a href=\"http:\/\/wyborcza.pl\/duzyformat\/7,127290,21477751,samotnosc-polityka-czyli-roztopiony-jacek-saryusz-wolski.html\">jak pokaza\u0142 przypadek Jacka Saryusza-Wolskiego sprzed p\u00f3\u0142 roku, nie zawsze wychodzi na dobre<\/a><\/span>. Wi\u0119kszo\u015b\u0107 polskich polityk\u00f3w nie wykorzystuje potencja\u0142u <span style=\"font-weight: bold;\">Instagrama<\/span>, dobrze radz\u0105 sobie w nim wyj\u0105tki, w szczeg\u00f3lno\u015bci politycy \u015bredniego\u00a0i m\u0142odszego pokolenia, dla kt\u00f3rych media spo\u0142eczno\u015bciowe s\u0105 du\u017co naturalniejsz\u0105 form\u0105 komunikacji z wyborcami.<\/p>\n<p>Dzi\u015b, zar\u00f3wno sonda\u017ce jak i media spo\u0142eczno\u015bciowe wskazuj\u0105, \u017ce pozycja Dudy przed wyborami w 2020 roku nie jest zagro\u017cona. Pami\u0119tajmy jednak, \u017ce i wyborach 2015 Bronis\u0142aw Komorowski mia\u0142 wygra\u0107 swoj\u0105 reelekcj\u0119 w cuglach. Obserwujmy zatem trendy i zmiany, bo w obecnych czasach szybko pojawiaj\u0105 si\u0119 nowe gwiazdy na politycznej (i nie tylko) scenie.<\/p>\n<h2 style=\"text-align: center;\">Chcesz wiedzie\u0107 wi\u0119cej o \u015bwiecie medi\u00f3w spo\u0142eczno\u015bciowych &#8211; zapisz si\u0119 na nasz newsletter!<\/h2>\n<div><\/div>\n","protected":false},"excerpt":{"rendered":"<p>Dwa lata\u00a0temu trafnie przewidzieli\u015bmy sukces Andrzeja Dudy w wyborach prezydenckich. Kilka tygodni\u00a0temu, jeszcze przed wyborami, na podstawie danych z medi\u00f3w spo\u0142eczno\u015bciowych spodziewali\u015bmy si\u0119 sukcesu\u00a0AfD w wyborach do Bundestagu.\u00a0Polityka coraz cz\u0119\u015bciej dzieje si\u0119 w social mediach. Nie chodzi tylko o armie p\u0142atnych trolli zatrudnianych przez najr\u00f3\u017cniejsze organizacje, ale o to, \u017ce w mediach spo\u0142eczno\u015bciowych sp\u0119dzamy coraz [&hellip;]<\/p>\n","protected":false},"author":49,"featured_media":31197,"comment_status":"open","ping_status":"open","sticky":false,"template":"","format":"standard","meta":{"inline_featured_image":false,"footnotes":""},"categories":[1793,1797,1799,1803,2125],"tags":[1553,1569,1581,2369,2607,2609,2611,2613,2615],"yoast_head":"<!-- This site is optimized with the Yoast SEO plugin v22.4 - https:\/\/yoast.com\/wordpress\/plugins\/seo\/ -->\n<title>Politycy w social media - kto wygrywa w t\u0119 gr\u0119?<\/title>\n<meta name=\"description\" content=\"Sprawdzili\u015bmy, jak najpopularniejsi polscy politycy korzystaj\u0105 z medi\u00f3w spo\u0142eczno\u015bciowych i co z tego wynika.\" \/>\n<meta name=\"robots\" content=\"index, follow, max-snippet:-1, max-image-preview:large, max-video-preview:-1\" \/>\n<link rel=\"canonical\" href=\"https:\/\/www.sotrender.com\/blog\/pl\/2017\/10\/politycy-social-media\/\" \/>\n<meta property=\"og:locale\" content=\"pl_PL\" \/>\n<meta property=\"og:type\" content=\"article\" \/>\n<meta property=\"og:title\" content=\"Politycy w social media - kto wygrywa w t\u0119 gr\u0119?\" \/>\n<meta property=\"og:description\" content=\"Sprawdzili\u015bmy, jak najpopularniejsi polscy politycy korzystaj\u0105 z medi\u00f3w spo\u0142eczno\u015bciowych i co z tego wynika.\" \/>\n<meta property=\"og:url\" content=\"https:\/\/www.sotrender.com\/blog\/pl\/2017\/10\/politycy-social-media\/\" \/>\n<meta property=\"og:site_name\" content=\"Sotrender Blog\" \/>\n<meta property=\"article:publisher\" content=\"https:\/\/www.facebook.com\/Sotrender\" \/>\n<meta property=\"article:published_time\" content=\"2017-10-17T07:40:00+00:00\" \/>\n<meta property=\"article:modified_time\" content=\"2017-10-19T08:04:48+00:00\" \/>\n<meta property=\"og:image\" content=\"https:\/\/www.sotrender.com\/blog\/wp-content\/uploads\/2017\/10\/politycy-w-social-media.jpg\" \/>\n\t<meta property=\"og:image:width\" content=\"1800\" \/>\n\t<meta property=\"og:image:height\" content=\"1200\" \/>\n\t<meta property=\"og:image:type\" content=\"image\/jpeg\" \/>\n<meta name=\"author\" content=\"Micha\u0142 Wieczorek\" \/>\n<meta name=\"twitter:card\" content=\"summary_large_image\" \/>\n<meta name=\"twitter:creator\" content=\"@http:\/\/twitter.com\/eveningo\" \/>\n<meta name=\"twitter:site\" content=\"@Sotrender\" \/>\n<meta name=\"twitter:label1\" content=\"Written by\" \/>\n\t<meta name=\"twitter:data1\" content=\"Micha\u0142 Wieczorek\" \/>\n\t<meta name=\"twitter:label2\" content=\"Est. reading time\" \/>\n\t<meta name=\"twitter:data2\" content=\"6 minutes\" \/>\n<script type=\"application\/ld+json\" class=\"yoast-schema-graph\">{\"@context\":\"https:\/\/schema.org\",\"@graph\":[{\"@type\":\"WebPage\",\"@id\":\"https:\/\/www.sotrender.com\/blog\/pl\/2017\/10\/politycy-social-media\/\",\"url\":\"https:\/\/www.sotrender.com\/blog\/pl\/2017\/10\/politycy-social-media\/\",\"name\":\"Politycy w social media - kto wygrywa w t\u0119 gr\u0119?\",\"isPartOf\":{\"@id\":\"https:\/\/www.sotrender.com\/blog\/#website\"},\"primaryImageOfPage\":{\"@id\":\"https:\/\/www.sotrender.com\/blog\/pl\/2017\/10\/politycy-social-media\/#primaryimage\"},\"image\":{\"@id\":\"https:\/\/www.sotrender.com\/blog\/pl\/2017\/10\/politycy-social-media\/#primaryimage\"},\"thumbnailUrl\":\"https:\/\/www.sotrender.com\/blog\/wp-content\/uploads\/2017\/10\/politycy-w-social-media.jpg\",\"datePublished\":\"2017-10-17T07:40:00+00:00\",\"dateModified\":\"2017-10-19T08:04:48+00:00\",\"author\":{\"@id\":\"https:\/\/www.sotrender.com\/blog\/#\/schema\/person\/48ed6f8ff39863778de8dd32f58467f5\"},\"description\":\"Sprawdzili\u015bmy, jak najpopularniejsi polscy politycy korzystaj\u0105 z medi\u00f3w spo\u0142eczno\u015bciowych i co z tego wynika.\",\"breadcrumb\":{\"@id\":\"https:\/\/www.sotrender.com\/blog\/pl\/2017\/10\/politycy-social-media\/#breadcrumb\"},\"inLanguage\":\"pl-PL\",\"potentialAction\":[{\"@type\":\"ReadAction\",\"target\":[\"https:\/\/www.sotrender.com\/blog\/pl\/2017\/10\/politycy-social-media\/\"]}]},{\"@type\":\"ImageObject\",\"inLanguage\":\"pl-PL\",\"@id\":\"https:\/\/www.sotrender.com\/blog\/pl\/2017\/10\/politycy-social-media\/#primaryimage\",\"url\":\"https:\/\/www.sotrender.com\/blog\/wp-content\/uploads\/2017\/10\/politycy-w-social-media.jpg\",\"contentUrl\":\"https:\/\/www.sotrender.com\/blog\/wp-content\/uploads\/2017\/10\/politycy-w-social-media.jpg\",\"width\":1800,\"height\":1200},{\"@type\":\"BreadcrumbList\",\"@id\":\"https:\/\/www.sotrender.com\/blog\/pl\/2017\/10\/politycy-social-media\/#breadcrumb\",\"itemListElement\":[{\"@type\":\"ListItem\",\"position\":1,\"name\":\"Home\",\"item\":\"https:\/\/www.sotrender.com\/blog\/\"},{\"@type\":\"ListItem\",\"position\":2,\"name\":\"Politycy w social media &#8211; kto wygrywa t\u0119 gr\u0119?\"}]},{\"@type\":\"WebSite\",\"@id\":\"https:\/\/www.sotrender.com\/blog\/#website\",\"url\":\"https:\/\/www.sotrender.com\/blog\/\",\"name\":\"Sotrender Blog\",\"description\":\"\",\"potentialAction\":[{\"@type\":\"SearchAction\",\"target\":{\"@type\":\"EntryPoint\",\"urlTemplate\":\"https:\/\/www.sotrender.com\/blog\/?s={search_term_string}\"},\"query-input\":\"required name=search_term_string\"}],\"inLanguage\":\"pl-PL\"},{\"@type\":\"Person\",\"@id\":\"https:\/\/www.sotrender.com\/blog\/#\/schema\/person\/48ed6f8ff39863778de8dd32f58467f5\",\"name\":\"Micha\u0142 Wieczorek\",\"image\":{\"@type\":\"ImageObject\",\"inLanguage\":\"pl-PL\",\"@id\":\"https:\/\/www.sotrender.com\/blog\/#\/schema\/person\/image\/\",\"url\":\"https:\/\/secure.gravatar.com\/avatar\/65ceb2020aa2338488b9c5f33c10137f?s=96&d=mm&r=g\",\"contentUrl\":\"https:\/\/secure.gravatar.com\/avatar\/65ceb2020aa2338488b9c5f33c10137f?s=96&d=mm&r=g\",\"caption\":\"Micha\u0142 Wieczorek\"},\"description\":\"Baltic linguist, marketer, and music journalist in his free time. A big fan of good food and even better music.\",\"sameAs\":[\"https:\/\/www.linkedin.com\/in\/michaldwieczorek\",\"https:\/\/twitter.com\/http:\/\/twitter.com\/eveningo\"],\"url\":\"https:\/\/www.sotrender.com\/blog\/pl\/author\/micha_wieczorek\/\"}]}<\/script>\n<!-- \/ Yoast SEO plugin. -->","yoast_head_json":{"title":"Politycy w social media - kto wygrywa w t\u0119 gr\u0119?","description":"Sprawdzili\u015bmy, jak najpopularniejsi polscy politycy korzystaj\u0105 z medi\u00f3w spo\u0142eczno\u015bciowych i co z tego wynika.","robots":{"index":"index","follow":"follow","max-snippet":"max-snippet:-1","max-image-preview":"max-image-preview:large","max-video-preview":"max-video-preview:-1"},"canonical":"https:\/\/www.sotrender.com\/blog\/pl\/2017\/10\/politycy-social-media\/","og_locale":"pl_PL","og_type":"article","og_title":"Politycy w social media - kto wygrywa w t\u0119 gr\u0119?","og_description":"Sprawdzili\u015bmy, jak najpopularniejsi polscy politycy korzystaj\u0105 z medi\u00f3w spo\u0142eczno\u015bciowych i co z tego wynika.","og_url":"https:\/\/www.sotrender.com\/blog\/pl\/2017\/10\/politycy-social-media\/","og_site_name":"Sotrender Blog","article_publisher":"https:\/\/www.facebook.com\/Sotrender","article_published_time":"2017-10-17T07:40:00+00:00","article_modified_time":"2017-10-19T08:04:48+00:00","og_image":[{"width":1800,"height":1200,"url":"https:\/\/www.sotrender.com\/blog\/wp-content\/uploads\/2017\/10\/politycy-w-social-media.jpg","type":"image\/jpeg"}],"author":"Micha\u0142 Wieczorek","twitter_card":"summary_large_image","twitter_creator":"@http:\/\/twitter.com\/eveningo","twitter_site":"@Sotrender","twitter_misc":{"Written by":"Micha\u0142 Wieczorek","Est. reading time":"6 minutes"},"schema":{"@context":"https:\/\/schema.org","@graph":[{"@type":"WebPage","@id":"https:\/\/www.sotrender.com\/blog\/pl\/2017\/10\/politycy-social-media\/","url":"https:\/\/www.sotrender.com\/blog\/pl\/2017\/10\/politycy-social-media\/","name":"Politycy w social media - kto wygrywa w t\u0119 gr\u0119?","isPartOf":{"@id":"https:\/\/www.sotrender.com\/blog\/#website"},"primaryImageOfPage":{"@id":"https:\/\/www.sotrender.com\/blog\/pl\/2017\/10\/politycy-social-media\/#primaryimage"},"image":{"@id":"https:\/\/www.sotrender.com\/blog\/pl\/2017\/10\/politycy-social-media\/#primaryimage"},"thumbnailUrl":"https:\/\/www.sotrender.com\/blog\/wp-content\/uploads\/2017\/10\/politycy-w-social-media.jpg","datePublished":"2017-10-17T07:40:00+00:00","dateModified":"2017-10-19T08:04:48+00:00","author":{"@id":"https:\/\/www.sotrender.com\/blog\/#\/schema\/person\/48ed6f8ff39863778de8dd32f58467f5"},"description":"Sprawdzili\u015bmy, jak najpopularniejsi polscy politycy korzystaj\u0105 z medi\u00f3w spo\u0142eczno\u015bciowych i co z tego wynika.","breadcrumb":{"@id":"https:\/\/www.sotrender.com\/blog\/pl\/2017\/10\/politycy-social-media\/#breadcrumb"},"inLanguage":"pl-PL","potentialAction":[{"@type":"ReadAction","target":["https:\/\/www.sotrender.com\/blog\/pl\/2017\/10\/politycy-social-media\/"]}]},{"@type":"ImageObject","inLanguage":"pl-PL","@id":"https:\/\/www.sotrender.com\/blog\/pl\/2017\/10\/politycy-social-media\/#primaryimage","url":"https:\/\/www.sotrender.com\/blog\/wp-content\/uploads\/2017\/10\/politycy-w-social-media.jpg","contentUrl":"https:\/\/www.sotrender.com\/blog\/wp-content\/uploads\/2017\/10\/politycy-w-social-media.jpg","width":1800,"height":1200},{"@type":"BreadcrumbList","@id":"https:\/\/www.sotrender.com\/blog\/pl\/2017\/10\/politycy-social-media\/#breadcrumb","itemListElement":[{"@type":"ListItem","position":1,"name":"Home","item":"https:\/\/www.sotrender.com\/blog\/"},{"@type":"ListItem","position":2,"name":"Politycy w social media &#8211; kto wygrywa t\u0119 gr\u0119?"}]},{"@type":"WebSite","@id":"https:\/\/www.sotrender.com\/blog\/#website","url":"https:\/\/www.sotrender.com\/blog\/","name":"Sotrender Blog","description":"","potentialAction":[{"@type":"SearchAction","target":{"@type":"EntryPoint","urlTemplate":"https:\/\/www.sotrender.com\/blog\/?s={search_term_string}"},"query-input":"required name=search_term_string"}],"inLanguage":"pl-PL"},{"@type":"Person","@id":"https:\/\/www.sotrender.com\/blog\/#\/schema\/person\/48ed6f8ff39863778de8dd32f58467f5","name":"Micha\u0142 Wieczorek","image":{"@type":"ImageObject","inLanguage":"pl-PL","@id":"https:\/\/www.sotrender.com\/blog\/#\/schema\/person\/image\/","url":"https:\/\/secure.gravatar.com\/avatar\/65ceb2020aa2338488b9c5f33c10137f?s=96&d=mm&r=g","contentUrl":"https:\/\/secure.gravatar.com\/avatar\/65ceb2020aa2338488b9c5f33c10137f?s=96&d=mm&r=g","caption":"Micha\u0142 Wieczorek"},"description":"Baltic linguist, marketer, and music journalist in his free time. A big fan of good food and even better music.","sameAs":["https:\/\/www.linkedin.com\/in\/michaldwieczorek","https:\/\/twitter.com\/http:\/\/twitter.com\/eveningo"],"url":"https:\/\/www.sotrender.com\/blog\/pl\/author\/micha_wieczorek\/"}]}},"_links":{"self":[{"href":"https:\/\/www.sotrender.com\/blog\/pl\/wp-json\/wp\/v2\/posts\/31183"}],"collection":[{"href":"https:\/\/www.sotrender.com\/blog\/pl\/wp-json\/wp\/v2\/posts"}],"about":[{"href":"https:\/\/www.sotrender.com\/blog\/pl\/wp-json\/wp\/v2\/types\/post"}],"author":[{"embeddable":true,"href":"https:\/\/www.sotrender.com\/blog\/pl\/wp-json\/wp\/v2\/users\/49"}],"replies":[{"embeddable":true,"href":"https:\/\/www.sotrender.com\/blog\/pl\/wp-json\/wp\/v2\/comments?post=31183"}],"version-history":[{"count":7,"href":"https:\/\/www.sotrender.com\/blog\/pl\/wp-json\/wp\/v2\/posts\/31183\/revisions"}],"predecessor-version":[{"id":31233,"href":"https:\/\/www.sotrender.com\/blog\/pl\/wp-json\/wp\/v2\/posts\/31183\/revisions\/31233"}],"wp:featuredmedia":[{"embeddable":true,"href":"https:\/\/www.sotrender.com\/blog\/pl\/wp-json\/wp\/v2\/media\/31197"}],"wp:attachment":[{"href":"https:\/\/www.sotrender.com\/blog\/pl\/wp-json\/wp\/v2\/media?parent=31183"}],"wp:term":[{"taxonomy":"category","embeddable":true,"href":"https:\/\/www.sotrender.com\/blog\/pl\/wp-json\/wp\/v2\/categories?post=31183"},{"taxonomy":"post_tag","embeddable":true,"href":"https:\/\/www.sotrender.com\/blog\/pl\/wp-json\/wp\/v2\/tags?post=31183"}],"curies":[{"name":"wp","href":"https:\/\/api.w.org\/{rel}","templated":true}]}}