{"id":31045,"date":"2017-10-10T14:30:00","date_gmt":"2017-10-10T12:30:00","guid":{"rendered":"https:\/\/www.sotrender.com\/blog\/?p=31045\/"},"modified":"2017-10-10T15:12:22","modified_gmt":"2017-10-10T13:12:22","slug":"facebook-trends-wrzesien-2017","status":"publish","type":"post","link":"https:\/\/www.sotrender.com\/blog\/pl\/2017\/10\/facebook-trends-wrzesien-2017\/","title":{"rendered":"Facebook Trends wrzesie\u0144 2017 &#8211; czyli jak przetrwa\u0107 jesie\u0144"},"content":{"rendered":"<p>Po okresie wakacyjnym i rozpocz\u0119ciu nowego roku szkolnego marki robi\u0105 wszystko by ponownie przypomnie\u0107 o sobie i zarazem przyci\u0105gn\u0105\u0107 do siebie klient\u00f3w z powrotem &#8211; firmy odzie\u017cowe wypuszczaj\u0105 jesienne kolekcje, stacje telewizyjne promuj\u0105 swoje nowe ram\u00f3wki, markety przygotowuj\u0105 specjalne oferty i promocje, ksi\u0119garnie zach\u0119caj\u0105 do siebie nowymi pozycjami. Dla wielu marek Facebook jest jednym z g\u0142\u00f3wnych \u017ar\u00f3de\u0142 wysy\u0142ania tych komunikat\u00f3w do klient\u00f3w.<\/p>\n<p>Sprawd\u017acie, o czyich kampaniach i dzia\u0142aniach we wrze\u015bniu by\u0142o najg\u0142o\u015bniej na polskim Facebooku. <strong>Jak co miesi\u0105c zapraszamy do lektury najnowszego raportu <a href=\"https:\/\/www.sotrender.com\/trends\/facebook\/poland\/201709\" target=\"_blank\" rel=\"noopener\">Facebook Trends wrzesie\u0144 2017<\/a>!<\/strong><\/p>\n<p><!--more--><\/p>\n<h2>Polacy przed telewizory!<\/h2>\n<p>Koniec wakacji i okres jesienny to pora, gdy stacje telewizyjne wprowadzaj\u0105 swoje nowe ram\u00f3wki. We wrze\u015bniu telewizyjne nowo\u015bci i powroty ulubionych program\u00f3w odbi\u0142y si\u0119 do\u015b\u0107 g\u0142o\u015bnym echem na polskim Facebooku. Przodowa\u0142y g\u0142\u00f3wnie programy stacji <strong>TVP2<\/strong>: M jak Mi\u0142o\u015b\u0107 oraz The Voice of Poland i <strong>TVN<\/strong>: m.in. Kuba Wojew\u00f3dzki oraz Mam Talent. Bardzo du\u017cy wzrost w kategorii <a href=\"https:\/\/www.sotrender.com\/trends\/facebook\/poland\/201709\/media\/media_tradycyjne\/programy_telewizyjne\" target=\"_blank\" rel=\"noopener\">Programy TV<\/a> &#8211; Zaanga\u017cowanie odnotowa\u0142 r\u00f3wnie\u017c serial <strong>Belfer<\/strong>\u00a0(przyrost o 4749%), co by\u0142o spowodowane wypuszczeniem do sieci zwiastuna zbli\u017caj\u0105cego si\u0119 2. sezonu serialu, oraz program <strong>Rolnik szuka \u017cony<\/strong> \ud83d\ude09<\/p>\n<div style=\"width: 812px\" class=\"wp-caption alignnone\"><img loading=\"lazy\" decoding=\"async\" src=\"https:\/\/www.sotrender.com\/blog\/wp-content\/uploads\/2017\/10\/d3357079-4764-4bc3-b096-5c84787750a4_fb200920programy20tv.png\" alt=\"programy tv, zaanga\u017cowanie, facebook, facebook trends, belfer, mam talent, tvn\" width=\"802\" height=\"749\" \/><p class=\"wp-caption-text\">Facebook Trends wrzesie\u0144 2017 | Zaanga\u017cowanie w kategorii Programy TV<\/p><\/div>\n<p>W por\u00f3wnaniu do sierpnia kategoria <a href=\"https:\/\/www.sotrender.com\/trends\/facebook\/poland\/201709\/media\/media_tradycyjne\/programy_telewizyjne\" target=\"_blank\" rel=\"noopener\">Programy TV<\/a> odnotowa\u0142a we wrze\u015bniu a\u017c 80% wi\u0119cej zaanga\u017cowania i uplasowa\u0142a si\u0119 ostatecznie na 15. miejscu <a href=\"https:\/\/www.sotrender.com\/trends\/facebook\/poland\/201709\/zestawienie-branz\" target=\"_blank\" rel=\"noopener\">w kategorii bran\u017c<\/a> (14 pozycji w g\u00f3r\u0119).<\/p>\n<div style=\"width: 825px\" class=\"wp-caption alignnone\"><img loading=\"lazy\" decoding=\"async\" src=\"https:\/\/www.sotrender.com\/blog\/wp-content\/uploads\/2017\/10\/70bafba2-b916-4113-b86a-20b22a2b7b2a_fb200920zestaiwenie20branz.png\" alt=\"zestawienie bran\u017c, facebook, facebook trends, programy tv\" width=\"815\" height=\"747\" \/><p class=\"wp-caption-text\">Zestawienie bran\u017c | Facebook Trends wrzesie\u0144 2017<\/p><\/div>\n<p>Wart odnotowania jest r\u00f3wnie\u017c wzrost o 33 pozycje profilu <strong>Listy do M<\/strong> (na miejsce nr 5) w kategorii <a href=\"https:\/\/www.sotrender.com\/trends\/facebook\/poland\/201709\/marki\/kultura\" target=\"_blank\" rel=\"noopener\">Kultura i sztuka<\/a> &#8211; Aktywni u\u017cytkownicy (z przyrostem 252%). Z pewno\u015bci\u0105 jest to spowodowane zbli\u017caj\u0105c\u0105 si\u0119 premier\u0105 filmy Listy do M 3 i wypuszczeniem do sieci oficjalnego zwiastuna produkcji. W okresie oko\u0142o\u015bwi\u0105tecznym mo\u017ce by\u0107 to gor\u0105ca pozycja w polskich kinach.<\/p>\n<div style=\"width: 817px\" class=\"wp-caption alignnone\"><img loading=\"lazy\" decoding=\"async\" src=\"https:\/\/www.sotrender.com\/blog\/wp-content\/uploads\/2017\/10\/eb3e7f59-dcc6-44f8-99f2-54472d69e463_fb200920kultura.png\" alt=\"kultura, sztuka, facebook, facebook trends, listy do m\" width=\"807\" height=\"434\" \/><p class=\"wp-caption-text\">Facebook Trends wrzesie\u0144 2017 | Aktywni u\u017cytkownicy w kategorii Kultura i sztuka<\/p><\/div>\n<h2>\u2026 i po naklejki!<\/h2>\n<p>Nie mogli\u015bmy nie wspomnie\u0107 o jednym z najg\u0142o\u015bniejszych temat\u00f3w ostatniego miesi\u0105ca, czyli popularnych <strong>biedronkowych \u015bwie\u017cakach<\/strong>!<\/p>\n<p>Akcja zbierania naklejek w celu zdobycia wymarzonego pluszaka porwa\u0142a Polak\u00f3w, co znalaz\u0142o swoje odzwierciedlenie r\u00f3wnie\u017c w podsumowaniu wrze\u015bnia na Facebooku.<\/p>\n<div style=\"width: 784px\" class=\"wp-caption alignnone\"><img loading=\"lazy\" decoding=\"async\" src=\"https:\/\/www.sotrender.com\/blog\/wp-content\/uploads\/2017\/10\/af934e4d-12ce-4e2b-b6c4-c4fad9a35bd9_fb200920supermarkerty.png\" alt=\"biedronka, \u015bwie\u017caki, facebook, facebook trends, supermarkety, wrzesie\u0144\" width=\"774\" height=\"712\" \/><p class=\"wp-caption-text\">Najlepsze posty w kategorii Supermarkety | Facebook Trends wrzesie\u0144 2017<\/p><\/div>\n<p>\u201c\u015awie\u017cakowe\u201d posty nale\u017ca\u0142y do najlepszych post\u00f3w w kategorii <a href=\"https:\/\/www.sotrender.com\/trends\/facebook\/poland\/201709\/marki\/handel\/supermarkety\" target=\"_blank\" rel=\"noopener\">Supermarkety<\/a>. Biedronka odnotowa\u0142a r\u00f3wnie\u017c du\u017cy wzrost (o 148%) w kategorii zaanga\u017cowanie plasuj\u0105c si\u0119 ostatecznie na 1 pozycji.<\/p>\n<div style=\"width: 797px\" class=\"wp-caption alignnone\"><img loading=\"lazy\" decoding=\"async\" src=\"https:\/\/www.sotrender.com\/blog\/wp-content\/uploads\/2017\/10\/c8696bfc-642a-432c-8502-2f5b561cb52c_fb200920superkarmety20zaangazowanie.png\" alt=\"biedronka, lidl, facebook, facebook trends, zaanga\u017cowanie, \u015bwie\u017caki\" width=\"787\" height=\"244\" \/><p class=\"wp-caption-text\">Zaanga\u017cowanie w kategorii Supermarkety | Facebook Trends wrzesie\u0144 2017<\/p><\/div>\n<h2>Zaczytani w sieci<\/h2>\n<p>Niesprzyjaj\u0105ca aura zmusza cz\u0119\u015bciej ni\u017c latem do zostawania w domu a Internet wydaje si\u0119 by\u0107 stworzony do \u2018zabijania\u2019 naszego wolnego czasu. Czego tam nie ma &#8211; \u015bmieszne memy, filmy, seriale, blogi, vlogi, mniej lub bardziej powa\u017cne artyku\u0142y\u2026<\/p>\n<p>We wrze\u015bniowym wydaniu Facebook Trends wida\u0107, \u017ce <strong>w sieci byli\u015bmy du\u017co bardziej aktywni ni\u017c miesi\u0105c wcze\u015bniej<\/strong>. 11 oczek w g\u00f3r\u0119 odnotowa\u0142y blogi parentingowe, 1 oczko w g\u00f3r\u0119 dla portali internetowych oraz 2 dla vlog\u00f3w i Youtuber\u00f3w. Szczeg\u00f3ln\u0105 uwag\u0119 u\u017cytkownik\u00f3w Facebooka zwr\u00f3ci\u0142y profile: <span style=\"text-decoration: underline;\"><a href=\"https:\/\/www.facebook.com\/sawardega\/\">SA Ward\u0119ga<\/a><\/span>\u00a0&#8211; kt\u00f3ry opublikowa\u0142 nowe wideo po\u015bwi\u0119cone polskiej policji (co da\u0142o mu 1318% wzrost aktywnych u\u017cytkownik\u00f3w) oraz blog parentingowy <span style=\"text-decoration: underline;\"><a href=\"https:\/\/www.facebook.com\/namacierzynskim\/\">na macierzy\u0144skim<\/a><\/span>\u00a0(przyrost o 860% aktywnych u\u017cytkownik\u00f3w i o 1007% zaanga\u017cowania).<\/p>\n<div style=\"width: 787px\" class=\"wp-caption alignnone\"><img loading=\"lazy\" decoding=\"async\" src=\"https:\/\/www.sotrender.com\/blog\/wp-content\/uploads\/2017\/10\/5f469d62-c732-4016-81ea-0fe1a1dbe3c4_fb200920zestaiwnie20branz20aktywni20uz.png\" alt=\"zestawienie bran\u017c, facebook, facebook trends, blogi parentingowe\" width=\"777\" height=\"763\" \/><p class=\"wp-caption-text\">Zestawienie bran\u017c a aktywni u\u017cytkownicy | Facebook Trends wrzesie\u0144 2017<\/p><\/div>\n<p>Co jeszcze wydarzy\u0142o si\u0119 na polskim Facebooku w minionym miesi\u0105cu? Sprawd\u017acie szczeg\u00f3\u0142y w najnowszym raporcie <a href=\"https:\/\/www.sotrender.com\/trends\/facebook\/poland\/201709\" target=\"_blank\" rel=\"noopener\">Facebook Trends wrzesie\u0144 2017<\/a>!<\/p>\n<div class=\"shortcode trial\"><h4><span>MIERZ, OPTYMALIZUJ, RAPORTUJ!<\/span><a title=\"Zobacz wi\u0119cej\" class=\"btn\" href=\"https:\/\/app.sotrender.com\/auth\/signup\/trial\/pl?utm_source=blog-cta-legacy\">Zobacz wi\u0119cej<\/a><\/h4><\/div>\n","protected":false},"excerpt":{"rendered":"<p>Po okresie wakacyjnym i rozpocz\u0119ciu nowego roku szkolnego marki robi\u0105 wszystko by ponownie przypomnie\u0107 o sobie i zarazem przyci\u0105gn\u0105\u0107 do siebie klient\u00f3w z powrotem &#8211; firmy odzie\u017cowe wypuszczaj\u0105 jesienne kolekcje, stacje telewizyjne promuj\u0105 swoje nowe ram\u00f3wki, markety przygotowuj\u0105 specjalne oferty i promocje, ksi\u0119garnie zach\u0119caj\u0105 do siebie nowymi pozycjami. Dla wielu marek Facebook jest jednym z [&hellip;]<\/p>\n","protected":false},"author":89,"featured_media":31077,"comment_status":"open","ping_status":"open","sticky":false,"template":"","format":"standard","meta":{"inline_featured_image":false,"footnotes":""},"categories":[1791,1797,2125],"tags":[17,2307],"yoast_head":"<!-- This site is optimized with the Yoast SEO plugin v22.4 - https:\/\/yoast.com\/wordpress\/plugins\/seo\/ -->\n<title>Facebook Trends wrzesie\u0144 2017 - czyli jak przetrwa\u0107 jesie\u0144<\/title>\n<meta name=\"description\" content=\"Po okresie wakacyjnym marki robi\u0105 wszystko by przyci\u0105gn\u0105\u0107 do siebie klient\u00f3w z powrotem. O czyich kampaniach we wrze\u015bniu by\u0142o najg\u0142o\u015bniej na Facebooku?\" \/>\n<meta name=\"robots\" content=\"index, follow, max-snippet:-1, max-image-preview:large, max-video-preview:-1\" \/>\n<link rel=\"canonical\" href=\"https:\/\/www.sotrender.com\/blog\/pl\/2017\/10\/facebook-trends-wrzesien-2017\/\" \/>\n<meta property=\"og:locale\" content=\"pl_PL\" \/>\n<meta property=\"og:type\" content=\"article\" \/>\n<meta property=\"og:title\" content=\"Facebook Trends wrzesie\u0144 2017 - czyli jak przetrwa\u0107 jesie\u0144\" \/>\n<meta property=\"og:description\" content=\"Po okresie wakacyjnym marki robi\u0105 wszystko by przyci\u0105gn\u0105\u0107 do siebie klient\u00f3w z powrotem. O czyich kampaniach we wrze\u015bniu by\u0142o najg\u0142o\u015bniej na Facebooku?\" \/>\n<meta property=\"og:url\" content=\"https:\/\/www.sotrender.com\/blog\/pl\/2017\/10\/facebook-trends-wrzesien-2017\/\" \/>\n<meta property=\"og:site_name\" content=\"Sotrender Blog\" \/>\n<meta property=\"article:publisher\" content=\"https:\/\/www.facebook.com\/Sotrender\" \/>\n<meta property=\"article:published_time\" content=\"2017-10-10T12:30:00+00:00\" \/>\n<meta property=\"article:modified_time\" content=\"2017-10-10T13:12:22+00:00\" \/>\n<meta property=\"og:image\" content=\"https:\/\/www.sotrender.com\/blog\/wp-content\/uploads\/2017\/10\/kaboompics_Woman-drinking-hot-tea-in-her-home-office.jpg\" \/>\n\t<meta property=\"og:image:width\" content=\"1280\" \/>\n\t<meta property=\"og:image:height\" content=\"853\" \/>\n\t<meta property=\"og:image:type\" content=\"image\/jpeg\" \/>\n<meta name=\"author\" content=\"Klaudia \u017by\u0142ka\" \/>\n<meta name=\"twitter:card\" content=\"summary_large_image\" \/>\n<meta name=\"twitter:creator\" content=\"@Sotrender\" \/>\n<meta name=\"twitter:site\" content=\"@Sotrender\" \/>\n<meta name=\"twitter:label1\" content=\"Written by\" \/>\n\t<meta name=\"twitter:data1\" content=\"Klaudia \u017by\u0142ka\" \/>\n\t<meta name=\"twitter:label2\" content=\"Est. reading time\" \/>\n\t<meta name=\"twitter:data2\" content=\"3 minutes\" \/>\n<script type=\"application\/ld+json\" class=\"yoast-schema-graph\">{\"@context\":\"https:\/\/schema.org\",\"@graph\":[{\"@type\":\"WebPage\",\"@id\":\"https:\/\/www.sotrender.com\/blog\/pl\/2017\/10\/facebook-trends-wrzesien-2017\/\",\"url\":\"https:\/\/www.sotrender.com\/blog\/pl\/2017\/10\/facebook-trends-wrzesien-2017\/\",\"name\":\"Facebook Trends wrzesie\u0144 2017 - czyli jak przetrwa\u0107 jesie\u0144\",\"isPartOf\":{\"@id\":\"https:\/\/www.sotrender.com\/blog\/#website\"},\"primaryImageOfPage\":{\"@id\":\"https:\/\/www.sotrender.com\/blog\/pl\/2017\/10\/facebook-trends-wrzesien-2017\/#primaryimage\"},\"image\":{\"@id\":\"https:\/\/www.sotrender.com\/blog\/pl\/2017\/10\/facebook-trends-wrzesien-2017\/#primaryimage\"},\"thumbnailUrl\":\"https:\/\/www.sotrender.com\/blog\/wp-content\/uploads\/2017\/10\/kaboompics_Woman-drinking-hot-tea-in-her-home-office.jpg\",\"datePublished\":\"2017-10-10T12:30:00+00:00\",\"dateModified\":\"2017-10-10T13:12:22+00:00\",\"author\":{\"@id\":\"https:\/\/www.sotrender.com\/blog\/#\/schema\/person\/038ac5e276c5d102d8cbb9c36cd43416\"},\"description\":\"Po okresie wakacyjnym marki robi\u0105 wszystko by przyci\u0105gn\u0105\u0107 do siebie klient\u00f3w z powrotem. O czyich kampaniach we wrze\u015bniu by\u0142o najg\u0142o\u015bniej na Facebooku?\",\"breadcrumb\":{\"@id\":\"https:\/\/www.sotrender.com\/blog\/pl\/2017\/10\/facebook-trends-wrzesien-2017\/#breadcrumb\"},\"inLanguage\":\"pl-PL\",\"potentialAction\":[{\"@type\":\"ReadAction\",\"target\":[\"https:\/\/www.sotrender.com\/blog\/pl\/2017\/10\/facebook-trends-wrzesien-2017\/\"]}]},{\"@type\":\"ImageObject\",\"inLanguage\":\"pl-PL\",\"@id\":\"https:\/\/www.sotrender.com\/blog\/pl\/2017\/10\/facebook-trends-wrzesien-2017\/#primaryimage\",\"url\":\"https:\/\/www.sotrender.com\/blog\/wp-content\/uploads\/2017\/10\/kaboompics_Woman-drinking-hot-tea-in-her-home-office.jpg\",\"contentUrl\":\"https:\/\/www.sotrender.com\/blog\/wp-content\/uploads\/2017\/10\/kaboompics_Woman-drinking-hot-tea-in-her-home-office.jpg\",\"width\":1280,\"height\":853,\"caption\":\"autumn, tv, laptop, series, tea\"},{\"@type\":\"BreadcrumbList\",\"@id\":\"https:\/\/www.sotrender.com\/blog\/pl\/2017\/10\/facebook-trends-wrzesien-2017\/#breadcrumb\",\"itemListElement\":[{\"@type\":\"ListItem\",\"position\":1,\"name\":\"Home\",\"item\":\"https:\/\/www.sotrender.com\/blog\/\"},{\"@type\":\"ListItem\",\"position\":2,\"name\":\"Facebook Trends wrzesie\u0144 2017 &#8211; czyli jak przetrwa\u0107 jesie\u0144\"}]},{\"@type\":\"WebSite\",\"@id\":\"https:\/\/www.sotrender.com\/blog\/#website\",\"url\":\"https:\/\/www.sotrender.com\/blog\/\",\"name\":\"Sotrender Blog\",\"description\":\"\",\"potentialAction\":[{\"@type\":\"SearchAction\",\"target\":{\"@type\":\"EntryPoint\",\"urlTemplate\":\"https:\/\/www.sotrender.com\/blog\/?s={search_term_string}\"},\"query-input\":\"required name=search_term_string\"}],\"inLanguage\":\"pl-PL\"},{\"@type\":\"Person\",\"@id\":\"https:\/\/www.sotrender.com\/blog\/#\/schema\/person\/038ac5e276c5d102d8cbb9c36cd43416\",\"name\":\"Klaudia \u017by\u0142ka\",\"image\":{\"@type\":\"ImageObject\",\"inLanguage\":\"pl-PL\",\"@id\":\"https:\/\/www.sotrender.com\/blog\/#\/schema\/person\/image\/\",\"url\":\"https:\/\/secure.gravatar.com\/avatar\/f55d5d49ce3c448e1ffde0ab078d84cd?s=96&d=mm&r=g\",\"contentUrl\":\"https:\/\/secure.gravatar.com\/avatar\/f55d5d49ce3c448e1ffde0ab078d84cd?s=96&d=mm&r=g\",\"caption\":\"Klaudia \u017by\u0142ka\"},\"description\":\"Instagram, dogs, books and food lover. Former student at Warsaw University and Malm\u00f6 University. Improving her marketing skills every day. Proud owner of DIMAQ certificate\",\"sameAs\":[\"https:\/\/www.linkedin.com\/in\/klaudia-\u017cy\u0142ka-17527779\"],\"url\":\"https:\/\/www.sotrender.com\/blog\/pl\/author\/klaudia_yka\/\"}]}<\/script>\n<!-- \/ Yoast SEO plugin. -->","yoast_head_json":{"title":"Facebook Trends wrzesie\u0144 2017 - czyli jak przetrwa\u0107 jesie\u0144","description":"Po okresie wakacyjnym marki robi\u0105 wszystko by przyci\u0105gn\u0105\u0107 do siebie klient\u00f3w z powrotem. O czyich kampaniach we wrze\u015bniu by\u0142o najg\u0142o\u015bniej na Facebooku?","robots":{"index":"index","follow":"follow","max-snippet":"max-snippet:-1","max-image-preview":"max-image-preview:large","max-video-preview":"max-video-preview:-1"},"canonical":"https:\/\/www.sotrender.com\/blog\/pl\/2017\/10\/facebook-trends-wrzesien-2017\/","og_locale":"pl_PL","og_type":"article","og_title":"Facebook Trends wrzesie\u0144 2017 - czyli jak przetrwa\u0107 jesie\u0144","og_description":"Po okresie wakacyjnym marki robi\u0105 wszystko by przyci\u0105gn\u0105\u0107 do siebie klient\u00f3w z powrotem. O czyich kampaniach we wrze\u015bniu by\u0142o najg\u0142o\u015bniej na Facebooku?","og_url":"https:\/\/www.sotrender.com\/blog\/pl\/2017\/10\/facebook-trends-wrzesien-2017\/","og_site_name":"Sotrender Blog","article_publisher":"https:\/\/www.facebook.com\/Sotrender","article_published_time":"2017-10-10T12:30:00+00:00","article_modified_time":"2017-10-10T13:12:22+00:00","og_image":[{"width":1280,"height":853,"url":"https:\/\/www.sotrender.com\/blog\/wp-content\/uploads\/2017\/10\/kaboompics_Woman-drinking-hot-tea-in-her-home-office.jpg","type":"image\/jpeg"}],"author":"Klaudia \u017by\u0142ka","twitter_card":"summary_large_image","twitter_creator":"@Sotrender","twitter_site":"@Sotrender","twitter_misc":{"Written by":"Klaudia \u017by\u0142ka","Est. reading time":"3 minutes"},"schema":{"@context":"https:\/\/schema.org","@graph":[{"@type":"WebPage","@id":"https:\/\/www.sotrender.com\/blog\/pl\/2017\/10\/facebook-trends-wrzesien-2017\/","url":"https:\/\/www.sotrender.com\/blog\/pl\/2017\/10\/facebook-trends-wrzesien-2017\/","name":"Facebook Trends wrzesie\u0144 2017 - czyli jak przetrwa\u0107 jesie\u0144","isPartOf":{"@id":"https:\/\/www.sotrender.com\/blog\/#website"},"primaryImageOfPage":{"@id":"https:\/\/www.sotrender.com\/blog\/pl\/2017\/10\/facebook-trends-wrzesien-2017\/#primaryimage"},"image":{"@id":"https:\/\/www.sotrender.com\/blog\/pl\/2017\/10\/facebook-trends-wrzesien-2017\/#primaryimage"},"thumbnailUrl":"https:\/\/www.sotrender.com\/blog\/wp-content\/uploads\/2017\/10\/kaboompics_Woman-drinking-hot-tea-in-her-home-office.jpg","datePublished":"2017-10-10T12:30:00+00:00","dateModified":"2017-10-10T13:12:22+00:00","author":{"@id":"https:\/\/www.sotrender.com\/blog\/#\/schema\/person\/038ac5e276c5d102d8cbb9c36cd43416"},"description":"Po okresie wakacyjnym marki robi\u0105 wszystko by przyci\u0105gn\u0105\u0107 do siebie klient\u00f3w z powrotem. O czyich kampaniach we wrze\u015bniu by\u0142o najg\u0142o\u015bniej na Facebooku?","breadcrumb":{"@id":"https:\/\/www.sotrender.com\/blog\/pl\/2017\/10\/facebook-trends-wrzesien-2017\/#breadcrumb"},"inLanguage":"pl-PL","potentialAction":[{"@type":"ReadAction","target":["https:\/\/www.sotrender.com\/blog\/pl\/2017\/10\/facebook-trends-wrzesien-2017\/"]}]},{"@type":"ImageObject","inLanguage":"pl-PL","@id":"https:\/\/www.sotrender.com\/blog\/pl\/2017\/10\/facebook-trends-wrzesien-2017\/#primaryimage","url":"https:\/\/www.sotrender.com\/blog\/wp-content\/uploads\/2017\/10\/kaboompics_Woman-drinking-hot-tea-in-her-home-office.jpg","contentUrl":"https:\/\/www.sotrender.com\/blog\/wp-content\/uploads\/2017\/10\/kaboompics_Woman-drinking-hot-tea-in-her-home-office.jpg","width":1280,"height":853,"caption":"autumn, tv, laptop, series, tea"},{"@type":"BreadcrumbList","@id":"https:\/\/www.sotrender.com\/blog\/pl\/2017\/10\/facebook-trends-wrzesien-2017\/#breadcrumb","itemListElement":[{"@type":"ListItem","position":1,"name":"Home","item":"https:\/\/www.sotrender.com\/blog\/"},{"@type":"ListItem","position":2,"name":"Facebook Trends wrzesie\u0144 2017 &#8211; czyli jak przetrwa\u0107 jesie\u0144"}]},{"@type":"WebSite","@id":"https:\/\/www.sotrender.com\/blog\/#website","url":"https:\/\/www.sotrender.com\/blog\/","name":"Sotrender Blog","description":"","potentialAction":[{"@type":"SearchAction","target":{"@type":"EntryPoint","urlTemplate":"https:\/\/www.sotrender.com\/blog\/?s={search_term_string}"},"query-input":"required name=search_term_string"}],"inLanguage":"pl-PL"},{"@type":"Person","@id":"https:\/\/www.sotrender.com\/blog\/#\/schema\/person\/038ac5e276c5d102d8cbb9c36cd43416","name":"Klaudia \u017by\u0142ka","image":{"@type":"ImageObject","inLanguage":"pl-PL","@id":"https:\/\/www.sotrender.com\/blog\/#\/schema\/person\/image\/","url":"https:\/\/secure.gravatar.com\/avatar\/f55d5d49ce3c448e1ffde0ab078d84cd?s=96&d=mm&r=g","contentUrl":"https:\/\/secure.gravatar.com\/avatar\/f55d5d49ce3c448e1ffde0ab078d84cd?s=96&d=mm&r=g","caption":"Klaudia \u017by\u0142ka"},"description":"Instagram, dogs, books and food lover. Former student at Warsaw University and Malm\u00f6 University. Improving her marketing skills every day. Proud owner of DIMAQ certificate","sameAs":["https:\/\/www.linkedin.com\/in\/klaudia-\u017cy\u0142ka-17527779"],"url":"https:\/\/www.sotrender.com\/blog\/pl\/author\/klaudia_yka\/"}]}},"_links":{"self":[{"href":"https:\/\/www.sotrender.com\/blog\/pl\/wp-json\/wp\/v2\/posts\/31045"}],"collection":[{"href":"https:\/\/www.sotrender.com\/blog\/pl\/wp-json\/wp\/v2\/posts"}],"about":[{"href":"https:\/\/www.sotrender.com\/blog\/pl\/wp-json\/wp\/v2\/types\/post"}],"author":[{"embeddable":true,"href":"https:\/\/www.sotrender.com\/blog\/pl\/wp-json\/wp\/v2\/users\/89"}],"replies":[{"embeddable":true,"href":"https:\/\/www.sotrender.com\/blog\/pl\/wp-json\/wp\/v2\/comments?post=31045"}],"version-history":[{"count":23,"href":"https:\/\/www.sotrender.com\/blog\/pl\/wp-json\/wp\/v2\/posts\/31045\/revisions"}],"predecessor-version":[{"id":31129,"href":"https:\/\/www.sotrender.com\/blog\/pl\/wp-json\/wp\/v2\/posts\/31045\/revisions\/31129"}],"wp:featuredmedia":[{"embeddable":true,"href":"https:\/\/www.sotrender.com\/blog\/pl\/wp-json\/wp\/v2\/media\/31077"}],"wp:attachment":[{"href":"https:\/\/www.sotrender.com\/blog\/pl\/wp-json\/wp\/v2\/media?parent=31045"}],"wp:term":[{"taxonomy":"category","embeddable":true,"href":"https:\/\/www.sotrender.com\/blog\/pl\/wp-json\/wp\/v2\/categories?post=31045"},{"taxonomy":"post_tag","embeddable":true,"href":"https:\/\/www.sotrender.com\/blog\/pl\/wp-json\/wp\/v2\/tags?post=31045"}],"curies":[{"name":"wp","href":"https:\/\/api.w.org\/{rel}","templated":true}]}}