{"id":30939,"date":"2017-10-04T10:30:00","date_gmt":"2017-10-04T08:30:00","guid":{"rendered":"https:\/\/www.sotrender.com\/blog\/?p=30939\/"},"modified":"2017-10-04T12:09:47","modified_gmt":"2017-10-04T10:09:47","slug":"instagram-trends-wrzesien-2017","status":"publish","type":"post","link":"https:\/\/www.sotrender.com\/blog\/pl\/2017\/10\/instagram-trends-wrzesien-2017\/","title":{"rendered":"Instagram Trends wrzesie\u0144 2017 &#8211; jak dbaj\u0105 o siebie Polacy"},"content":{"rendered":"<p>Gdy kilka miesi\u0119cy temu, <span style=\"text-decoration: underline;\"><a href=\"https:\/\/www.sotrender.com\/blog\/pl\/2017\/06\/instagram-trends-maj-2017-utrzymujaca-sie-dominacja-sportowcow\/\">podsumowuj\u0105c majowe wydarzenia na Instagramie<\/a><\/span>, pisali\u015bmy o popularno\u015bci trener\u00f3w personalnych, zastanawiali\u015bmy si\u0119 czy trend dbania o siebie &#8211; swoje zdrowie, od\u017cywianie si\u0119 &#8211; nie jest jedynie spowodowany zbli\u017caj\u0105cym si\u0119 okresem wakacyjnym. Wrzesie\u0144 pokazuje jednak, \u017ce faktycznie od pewnego czasu coraz wi\u0119kszej liczbie Polak\u00f3w zale\u017cy na w\u0142asnym zdrowiu, w szerokim tego s\u0142owa znaczeniu. Za dbaniem o siebie mamy na my\u015bli nie tylko wygl\u0105d zewn\u0119trzny (na co wskazuje popularno\u015b\u0107 profili zar\u00f3wno zwi\u0105zanych ze sportem jak i np. z kosmetykami), ale tak\u017ce szeroko poj\u0119te \u201cwn\u0119trze\u201d &#8211; pocz\u0105wszy od zdrowego od\u017cywiania si\u0119, na obcowaniu z kultur\u0105 &#8211; chocia\u017cby ksi\u0105\u017ck\u0105 czy muzyk\u0105 &#8211; ko\u0144cz\u0105c.<\/p>\n<p>Wszystkich szczeg\u00f3\u0142\u00f3w dowiecie si\u0119, jak zawsze, z raportu <a href=\"https:\/\/www.sotrender.com\/trends\/instagram\/poland\/201709\" target=\"_blank\" rel=\"noopener\">Instagram Trends Polska wrzesie\u0144 2017<\/a>!<\/p>\n<p><!--more--><\/p>\n<h2>Kierunek: zdrowie od\u017cywianie<\/h2>\n<p>Id\u0105c zgodnie z piramid\u0105 potrzeb Maslowa, zacznijmy od podstaw, czyli od\u017cywiania si\u0119. <a href=\"https:\/\/www.sotrender.com\/trends\/instagram\/poland\/201709\/marki\/fmcg\/zywnosc\" target=\"_blank\" rel=\"noopener\">W kategorii \u2018\u017bywno\u015b\u0107\u2019<\/a> wi\u0119kszo\u015b\u0107 z 10 profili z najwi\u0119ksz\u0105 liczb\u0105 obserwator\u00f3w dotyczy w\u0142a\u015bnie zdrowego od\u017cywiania si\u0119 i produkt\u00f3w z tym zwi\u0105zanych.<\/p>\n<div style=\"width: 793px\" class=\"wp-caption alignnone\"><img loading=\"lazy\" decoding=\"async\" src=\"https:\/\/www.sotrender.com\/blog\/wp-content\/uploads\/2017\/10\/779248a6-5455-4e94-9569-1c87ffa78292_insta200920zywnosc.png\" alt=\"Instagram Trends Polska, wrzesie\u0144 2017, kategoria \u017bywno\u015b\u0107\" width=\"783\" height=\"419\" \/><p class=\"wp-caption-text\">Wrze\u015bniowa czo\u0142\u00f3wka profil\u00f3w z kategorii <a href=\"https:\/\/www.sotrender.com\/trends\/instagram\/poland\/201709\/marki\/fmcg\/zywnosc\">\u017bywno\u015b\u0107<\/a> pod k\u0105tem liczby obserwuj\u0105cych<\/p><\/div>\n<p>Sytuacja podobnie przedstawia si\u0119, je\u015bli chodzi o zaanga\u017cowanie fan\u00f3w w powy\u017cszej kategorii. Jednymi z bardziej anga\u017cuj\u0105cych profili, kt\u00f3re odnotowa\u0142y jednocze\u015bnie wzrosty w minionym miesi\u0105cu, by\u0142y te dotycz\u0105ce produkt\u00f3w bio, bez laktozy, czy zdrowych przek\u0105sek.<\/p>\n<h2>Sport to\u2026 r\u00f3wnie\u017c zdrowie!<\/h2>\n<p>W ko\u0144cu, w zdrowym ciele zdrowy duch! Ju\u017c niemal tradycj\u0105 jest, \u017ce dwa pierwsze miejsca w <a href=\"https:\/\/www.sotrender.com\/trends\/instagram\/poland\/201709\/zestawienie_branz\" target=\"_blank\" rel=\"noopener\">zestawieniu bran\u017c<\/a> nale\u017c\u0105 do pi\u0142karzy i sportowc\u00f3w. W pierwszej dziesi\u0105tce znajduj\u0105 si\u0119 r\u00f3wnie\u017c trenerzy personalni. Co ciekawe poza czo\u0142ow\u0105 dziesi\u0105tk\u0105 znajduj\u0105 si\u0119 m.in. media internetowe czy odzie\u017c, czyli tematy, kt\u00f3re teoretycznie postrzegane s\u0105 jako dominuj\u0105ce na Instagramie.<\/p>\n<div style=\"width: 798px\" class=\"wp-caption alignnone\"><img loading=\"lazy\" decoding=\"async\" src=\"https:\/\/www.sotrender.com\/blog\/wp-content\/uploads\/2017\/10\/d7826d34-1979-4287-98f7-cbb19feb7bb7_insta200920zestawienie20branz.png\" alt=\"Instagram Trends, Instagram bran\u017ce, zestawienie bran\u017c\" width=\"788\" height=\"420\" \/><p class=\"wp-caption-text\">Instagram Trends wrzesie\u0144 2017 | Zestawienie bran\u017c<\/p><\/div>\n<p>W kategorii sport w minionym miesi\u0105cu szczeg\u00f3lnie wart podkre\u015blenia by\u0142 du\u017cy awans (a\u017c o 161 pozycji) profilu Bartosza Olszewskiego (<span style=\"text-decoration: underline;\"><a href=\"https:\/\/www.instagram.com\/warszawskibiegacz\/\">@warszawskibiegacz<\/a><\/span>), kt\u00f3ry w kategorii <a href=\"https:\/\/www.sotrender.com\/trends\/instagram\/poland\/201709\/osoby#engagement\"><strong>Osoby \/ Zaanga\u017cowanie<\/strong><\/a> uplasowa\u0142 si\u0119 na 18 miejscu. Wzrost ten to podkre\u015blenie trendu, \u017ce nie tylko trenerzy personalni, ale r\u00f3wnie\u017c biegacze i bieganie (w tym np. maratony), jak i przewijaj\u0105ce si\u0119 przez Instagram inne dyscypliny sportu, ciesz\u0105 si\u0119 ostatnio spor\u0105 popularno\u015bci\u0105, zar\u00f3wno je\u015bli chodzi o aktywne jak i bierne uczestnictwo w nich (<span style=\"text-decoration: underline;\"><a href=\"https:\/\/www.sotrender.com\/blog\/pl\/2017\/08\/instagram-trends-lipiec-2017-sportowe-sukcesy-ciesza-najbardziej\/\">o czym r\u00f3wnie\u017c wspominali\u015bmy dwa miesi\u0105ce temu<\/a><\/span>).<\/p>\n<h2>Kosmetyki\u00a0(to nie wszystko ;))<\/h2>\n<p>Szminki, lakiery do paznokci, produkty w kolorowych i przyci\u0105gaj\u0105cych wzrok opakowaniach\u2026 &#8211; profile marek kosmetycznych ciesz\u0105 si\u0119 popularno\u015bci\u0105 g\u0142\u00f3wnie w\u015br\u00f3d kobiet i nie jest to specjalnym zaskoczeniem.<\/p>\n<p><a href=\"https:\/\/www.sotrender.com\/trends\/instagram\/poland\/201709\/marki\/fmcg\/kosmetyki\" target=\"_blank\" rel=\"noopener\">W kategorii kosmetyki<\/a> skupimy si\u0119 jednak nie na og\u00f3lnych trendach, a na dw\u00f3ch profilach &#8211; marki Semilac\u00a0oraz beGLOSSY.<\/p>\n<p>Posty publikowane przez <a href=\"https:\/\/www.instagram.com\/semilac\/\" target=\"_blank\" rel=\"noopener\">Semilac<\/a> by\u0142y najlepszymi postami we wrze\u015bniu w kategorii <a href=\"https:\/\/www.sotrender.com\/trends\/instagram\/poland\/201709\/marki\/fmcg\/kosmetyki\"><strong>Kosmetyki<\/strong><\/a>. Profil marki jest bardzo sp\u00f3jny &#8211; kto\u015b m\u00f3g\u0142by powiedzie\u0107, \u017ce monotonny czy nudny. Jednak jak wida\u0107, pod\u0105\u017caj\u0105c za obran\u0105 przez firm\u0119 strategi\u0105, Semilac \u015bwietnie sobie radzi i ci\u0105gle utrzymuje si\u0119 w czo\u0142\u00f3wce rankingu &#8211; we wrze\u015bniu w kategorii <a href=\"https:\/\/www.sotrender.com\/trends\/instagram\/poland\/201709\/marki\"><strong>Marki<\/strong><\/a> znajduje si\u0119 na wysokiej 13. pozycji, za\u015b w kategorii <a href=\"https:\/\/www.sotrender.com\/trends\/instagram\/poland\/201709\/marki\/fmcg\/kosmetyki\"><strong>Kosmetyki<\/strong><\/a> na pozycji nr 1. (pod k\u0105tem liczby obserwuj\u0105cych).<\/p>\n<p>Wida\u0107, \u017ce strategia marki jest bardzo przemy\u015blana i na pr\u00f3\u017cno mo\u017cna szuka\u0107 na profilu Semilaca przypadkowych post\u00f3w (w por\u00f3wnaniu do innych profili skierowanych do kobiet, na kt\u00f3rych cz\u0119sto publikowane s\u0105 r\u00f3\u017cnego rodzaju tre\u015bci &#8211; od but\u00f3w, przez kosmetyki, na domowych pupilach ko\u0144cz\u0105c). Jednak ta przewidywalno\u015b\u0107 i monotematyczno\u015b\u0107 nie przeszkadza odbiorcom, poniewa\u017c doskonale wiedz\u0105, dlaczego obserwuj\u0105 dany profil i co mog\u0105 na nim znale\u017a\u0107.<\/p>\n<div style=\"width: 777px\" class=\"wp-caption alignnone\"><img loading=\"lazy\" decoding=\"async\" src=\"https:\/\/www.sotrender.com\/blog\/wp-content\/uploads\/2017\/10\/a1471165-3e9e-4705-9605-ae71c9951b53_insta200920kosmetyki.png\" alt=\"Instagram, Instagram Trends, kosmetyki, najlepsze posty\" width=\"767\" height=\"708\" \/><p class=\"wp-caption-text\">Instagram Trends wrzesie\u0144 2017 | Najlepsze posty w kategorii Kosmetyki<\/p><\/div>\n<p>Kolejny profil i kolejna dobra praktyka to <a href=\"https:\/\/www.instagram.com\/beglossypl\/\" target=\"_blank\" rel=\"noopener\">beGLOSSY<\/a>.<\/p>\n<p>Wska\u017aniki dotycz\u0105ce zaanga\u017cowania pod postami marki we wrze\u015bniu wskazuj\u0105 na do\u015b\u0107 znaczne wzrosty: kategoria <a href=\"https:\/\/www.sotrender.com\/trends\/instagram\/poland\/201709\/marki\/fmcg\/kosmetyki\"><strong>Kosmetyki<\/strong><\/a> &#8211; awans o 15 miejsc na pozycje nr 1, kategoria <strong><a href=\"https:\/\/www.sotrender.com\/trends\/instagram\/poland\/201709\/marki\/\">Marki<\/a><\/strong> &#8211; awans o 109 miejsc na pozycj\u0119 nr 9. Pow\u00f3d? Z pewno\u015bci\u0105 jednym z nich by\u0142o wprowadzenie nowych produkt\u00f3w i nie tylko dobre komunikaty z tym zwi\u0105zane, budzenie zainteresowania, ale przede wszystkim wprowadzenie produktu, kt\u00f3ry by\u0142 dopasowany do potrzeb i preferencji grupy docelowej. Nowy produkt, ale zupe\u0142nie oderwany od tych potrzeb, z pewno\u015bci\u0105 nie wzbudzi\u0142by a\u017c takiego entuzjazmu.<\/p>\n<div style=\"width: 1373px\" class=\"wp-caption alignnone\"><img loading=\"lazy\" decoding=\"async\" src=\"https:\/\/www.sotrender.com\/blog\/wp-content\/uploads\/2017\/10\/2ab296f4-dfa6-4eee-891c-4d9035a55e73_insta200920beglossy.png\" alt=\"\" width=\"1363\" height=\"735\" \/><p class=\"wp-caption-text\">Najlepsze posty na oficjalnym profilu marki beGLOSSY na Instagramie we wrze\u015bniu 2017<\/p><\/div>\n<h2>Ksi\u0105\u017cki w d\u0142o\u0144!<\/h2>\n<p>\u2026 bo trzeba dba\u0107 o siebie i dobrze si\u0119 czu\u0107 nie tylko od zewn\u0105trz \ud83d\ude09 A czy mo\u017ce by\u0107 lepszy spos\u00f3b na popraw\u0119 jesiennego samopoczucia ni\u017c wci\u0105gaj\u0105ca ksi\u0105\u017cka? \u015amiemy w\u0105tpi\u0107, bo chyba nic nie przebije popo\u0142udnia z herbat\u0105 i lektur\u0105, gdy na zewn\u0105trz pada i \u015bciemnia si\u0119 ju\u017c o 18.<\/p>\n<p>Ewidentnie nasze zainteresowanie ksi\u0105\u017ckami ro\u015bnie &#8211; doskonale wida\u0107 to we wrze\u015bniu na przyk\u0142adzie wydawnictw, gdzie wiele z nich odnotowa\u0142o spore wzrosty w liczbie zaanga\u017cowanych os\u00f3b. Najlepszy wynik w kategorii <a href=\"https:\/\/www.sotrender.com\/trends\/instagram\/poland\/201709\/marki\/kultura\"><strong>Kultura<\/strong><\/a> osi\u0105gn\u0119\u0142o <span style=\"text-decoration: underline;\"><a href=\"https:\/\/www.instagram.com\/wydawnictwomuza\/\">Wydawnictwo Muza<\/a><\/span>, kt\u00f3re wyda\u0142o niedawno ksi\u0105\u017ck\u0119 blogerki Kasi Tusk \u2018Make Photography Easier\u2019. Tu\u017c za nim znalaz\u0142y si\u0119 m.in. <span style=\"text-decoration: underline;\"><a href=\"https:\/\/www.instagram.com\/wyd_literackie\/\">Wydawnictwo Literackie<\/a><\/span>, <span style=\"text-decoration: underline;\"><a href=\"https:\/\/www.instagram.com\/wydawnictwosqn\/\">Wydawnictwo SQN<\/a><\/span>\u00a0czy <span style=\"text-decoration: underline;\"><a href=\"https:\/\/www.instagram.com\/proszynski_wydawnictwo\/\">Wydawnictwo <\/a><\/span><span style=\"text-decoration: underline;\"><a href=\"https:\/\/www.instagram.com\/proszynski_wydawnictwo\/\">Pr\u00f3szy\u0144ski i S-ka<\/a><\/span>.<\/p>\n<div style=\"width: 793px\" class=\"wp-caption alignnone\"><img loading=\"lazy\" decoding=\"async\" src=\"https:\/\/www.sotrender.com\/blog\/wp-content\/uploads\/2017\/10\/0dda8924-1e4d-48c0-89c2-2943cc56d941_insta200920kultura.png\" alt=\"kultura, Instagram, zaanga\u017cowanie, wydawnictwa\" width=\"783\" height=\"585\" \/><p class=\"wp-caption-text\">Najbardziej anga\u017cuj\u0105ce profile kategorii Kultura na polskim Instagramie we wrze\u015bniu 2017<\/p><\/div>\n<p>Podsumowuj\u0105c wrzesie\u0144 na polskim Instagramie, nasuwa si\u0119 kilka dobrych rad i praktyk, z kt\u00f3rych warto skorzysta\u0107.<\/p>\n<ul>\n<li><span style=\"font-weight: bold;\">Pod\u0105\u017canie za trendami<\/span>\u00a0&#8211; trend zdrowego od\u017cywiania si\u0119 czy zdrowego stylu \u017cycia mo\u017ce by\u0107 z powodzeniem wykorzystany przez wiele marek w r\u00f3\u017cnych bran\u017cach &#8211; stosunkowo \u0142atwo mo\u017ce by\u0107 wprowadzony i dostosowany do ich obecnej strategii.<\/li>\n<li><span style=\"font-weight: bold;\">Dbanie o sp\u00f3jno\u015b\u0107 prowadzonych profili <\/span>&#8211; posty b\u0119d\u0105ce urozmaiceniem czy zaskoczeniem mog\u0105 si\u0119 r\u00f3wnie\u017c sprawdzi\u0107, ale pami\u0119taj, \u017ce Twoi obserwatorzy s\u0105 z Tob\u0105 z jakiego\u015b konkretnego powodu i najcz\u0119\u015bciej jest nim produkt lub us\u0142uga, kt\u00f3r\u0105 oferujesz.<\/li>\n<li><span style=\"font-weight: bold;\">Przemy\u015blane wprowadzanie produkt\u00f3w<\/span>\u00a0&#8211; nie tylko je\u015bli chodzi o wysy\u0142any komunikat, ale r\u00f3wnie\u017c o dobre dopasowanie produktu do naszych odbiorc\u00f3w. Produkt, kt\u00f3ry zdob\u0119dzie ich serca, b\u0119dzie kluczem do sukcesu Twojej marki. Warto zwr\u00f3ci\u0107 uwag\u0119 r\u00f3wnie\u017c na czas jego wprowadzenia lub promowania.<\/li>\n<\/ul>\n<p>Co jeszcze wydarzy\u0142o si\u0119 na polskim Instagramie w minionym miesi\u0105cu? Sprawd\u017acie w najnowszym wydaniu <a href=\"https:\/\/www.sotrender.com\/trends\/instagram\/poland\/201709\" target=\"_blank\" rel=\"noopener\">Instagram Trends wrzesie\u0144 2017<\/a>!<\/p>\n<div>\u00a0<div class=\"shortcode trial\"><h4><span>MIERZ, OPTYMALIZUJ, RAPORTUJ!<\/span><a title=\"Zobacz wi\u0119cej\" class=\"btn\" href=\"https:\/\/app.sotrender.com\/auth\/signup\/trial\/pl?utm_source=blog-cta-legacy\">Zobacz wi\u0119cej<\/a><\/h4><\/div><\/div>\n","protected":false},"excerpt":{"rendered":"<p>Gdy kilka miesi\u0119cy temu, podsumowuj\u0105c majowe wydarzenia na Instagramie, pisali\u015bmy o popularno\u015bci trener\u00f3w personalnych, zastanawiali\u015bmy si\u0119 czy trend dbania o siebie &#8211; swoje zdrowie, od\u017cywianie si\u0119 &#8211; nie jest jedynie spowodowany zbli\u017caj\u0105cym si\u0119 okresem wakacyjnym. Wrzesie\u0144 pokazuje jednak, \u017ce faktycznie od pewnego czasu coraz wi\u0119kszej liczbie Polak\u00f3w zale\u017cy na w\u0142asnym zdrowiu, w szerokim tego s\u0142owa [&hellip;]<\/p>\n","protected":false},"author":89,"featured_media":30953,"comment_status":"open","ping_status":"open","sticky":false,"template":"","format":"standard","meta":{"inline_featured_image":false,"footnotes":""},"categories":[1791,1803,2125],"tags":[615,2073],"yoast_head":"<!-- This site is optimized with the Yoast SEO plugin v22.4 - https:\/\/yoast.com\/wordpress\/plugins\/seo\/ -->\n<title>Instagram Trends wrzesie\u0144 2017 - jak dbaj\u0105 o siebie Polacy<\/title>\n<meta name=\"description\" content=\"Jak Polacy dbaj\u0105 o swoje zdrowie, w szerokim tego s\u0142owa znaczeniu? Sprawd\u017acie w najnowszym wydaniu Instagram Trends wrzesie\u0144 2017!\" \/>\n<meta name=\"robots\" content=\"index, follow, max-snippet:-1, max-image-preview:large, max-video-preview:-1\" \/>\n<link rel=\"canonical\" href=\"https:\/\/www.sotrender.com\/blog\/pl\/2017\/10\/instagram-trends-wrzesien-2017\/\" \/>\n<meta property=\"og:locale\" content=\"pl_PL\" \/>\n<meta property=\"og:type\" content=\"article\" \/>\n<meta property=\"og:title\" content=\"Instagram Trends wrzesie\u0144 2017 - jak dbaj\u0105 o siebie Polacy\" \/>\n<meta property=\"og:description\" content=\"Jak Polacy dbaj\u0105 o swoje zdrowie, w szerokim tego s\u0142owa znaczeniu? Sprawd\u017acie w najnowszym wydaniu Instagram Trends wrzesie\u0144 2017!\" \/>\n<meta property=\"og:url\" content=\"https:\/\/www.sotrender.com\/blog\/pl\/2017\/10\/instagram-trends-wrzesien-2017\/\" \/>\n<meta property=\"og:site_name\" content=\"Sotrender Blog\" \/>\n<meta property=\"article:publisher\" content=\"https:\/\/www.facebook.com\/Sotrender\" \/>\n<meta property=\"article:published_time\" content=\"2017-10-04T08:30:00+00:00\" \/>\n<meta property=\"article:modified_time\" content=\"2017-10-04T10:09:47+00:00\" \/>\n<meta property=\"og:image\" content=\"https:\/\/www.sotrender.com\/blog\/wp-content\/uploads\/2017\/10\/oil-discharge-2794477_1280.jpg\" \/>\n\t<meta property=\"og:image:width\" content=\"1280\" \/>\n\t<meta property=\"og:image:height\" content=\"853\" \/>\n\t<meta property=\"og:image:type\" content=\"image\/jpeg\" \/>\n<meta name=\"author\" content=\"Klaudia \u017by\u0142ka\" \/>\n<meta name=\"twitter:card\" content=\"summary_large_image\" \/>\n<meta name=\"twitter:creator\" content=\"@Sotrender\" \/>\n<meta name=\"twitter:site\" content=\"@Sotrender\" \/>\n<meta name=\"twitter:label1\" content=\"Written by\" \/>\n\t<meta name=\"twitter:data1\" content=\"Klaudia \u017by\u0142ka\" \/>\n\t<meta name=\"twitter:label2\" content=\"Est. reading time\" \/>\n\t<meta name=\"twitter:data2\" content=\"6 minutes\" \/>\n<script type=\"application\/ld+json\" class=\"yoast-schema-graph\">{\"@context\":\"https:\/\/schema.org\",\"@graph\":[{\"@type\":\"WebPage\",\"@id\":\"https:\/\/www.sotrender.com\/blog\/pl\/2017\/10\/instagram-trends-wrzesien-2017\/\",\"url\":\"https:\/\/www.sotrender.com\/blog\/pl\/2017\/10\/instagram-trends-wrzesien-2017\/\",\"name\":\"Instagram Trends wrzesie\u0144 2017 - jak dbaj\u0105 o siebie Polacy\",\"isPartOf\":{\"@id\":\"https:\/\/www.sotrender.com\/blog\/#website\"},\"primaryImageOfPage\":{\"@id\":\"https:\/\/www.sotrender.com\/blog\/pl\/2017\/10\/instagram-trends-wrzesien-2017\/#primaryimage\"},\"image\":{\"@id\":\"https:\/\/www.sotrender.com\/blog\/pl\/2017\/10\/instagram-trends-wrzesien-2017\/#primaryimage\"},\"thumbnailUrl\":\"https:\/\/www.sotrender.com\/blog\/wp-content\/uploads\/2017\/10\/oil-discharge-2794477_1280.jpg\",\"datePublished\":\"2017-10-04T08:30:00+00:00\",\"dateModified\":\"2017-10-04T10:09:47+00:00\",\"author\":{\"@id\":\"https:\/\/www.sotrender.com\/blog\/#\/schema\/person\/038ac5e276c5d102d8cbb9c36cd43416\"},\"description\":\"Jak Polacy dbaj\u0105 o swoje zdrowie, w szerokim tego s\u0142owa znaczeniu? Sprawd\u017acie w najnowszym wydaniu Instagram Trends wrzesie\u0144 2017!\",\"breadcrumb\":{\"@id\":\"https:\/\/www.sotrender.com\/blog\/pl\/2017\/10\/instagram-trends-wrzesien-2017\/#breadcrumb\"},\"inLanguage\":\"pl-PL\",\"potentialAction\":[{\"@type\":\"ReadAction\",\"target\":[\"https:\/\/www.sotrender.com\/blog\/pl\/2017\/10\/instagram-trends-wrzesien-2017\/\"]}]},{\"@type\":\"ImageObject\",\"inLanguage\":\"pl-PL\",\"@id\":\"https:\/\/www.sotrender.com\/blog\/pl\/2017\/10\/instagram-trends-wrzesien-2017\/#primaryimage\",\"url\":\"https:\/\/www.sotrender.com\/blog\/wp-content\/uploads\/2017\/10\/oil-discharge-2794477_1280.jpg\",\"contentUrl\":\"https:\/\/www.sotrender.com\/blog\/wp-content\/uploads\/2017\/10\/oil-discharge-2794477_1280.jpg\",\"width\":1280,\"height\":853,\"caption\":\"kosmetyki, kosmetyki naturalne, bio\"},{\"@type\":\"BreadcrumbList\",\"@id\":\"https:\/\/www.sotrender.com\/blog\/pl\/2017\/10\/instagram-trends-wrzesien-2017\/#breadcrumb\",\"itemListElement\":[{\"@type\":\"ListItem\",\"position\":1,\"name\":\"Home\",\"item\":\"https:\/\/www.sotrender.com\/blog\/\"},{\"@type\":\"ListItem\",\"position\":2,\"name\":\"Instagram Trends wrzesie\u0144 2017 &#8211; jak dbaj\u0105 o siebie Polacy\"}]},{\"@type\":\"WebSite\",\"@id\":\"https:\/\/www.sotrender.com\/blog\/#website\",\"url\":\"https:\/\/www.sotrender.com\/blog\/\",\"name\":\"Sotrender Blog\",\"description\":\"\",\"potentialAction\":[{\"@type\":\"SearchAction\",\"target\":{\"@type\":\"EntryPoint\",\"urlTemplate\":\"https:\/\/www.sotrender.com\/blog\/?s={search_term_string}\"},\"query-input\":\"required name=search_term_string\"}],\"inLanguage\":\"pl-PL\"},{\"@type\":\"Person\",\"@id\":\"https:\/\/www.sotrender.com\/blog\/#\/schema\/person\/038ac5e276c5d102d8cbb9c36cd43416\",\"name\":\"Klaudia \u017by\u0142ka\",\"image\":{\"@type\":\"ImageObject\",\"inLanguage\":\"pl-PL\",\"@id\":\"https:\/\/www.sotrender.com\/blog\/#\/schema\/person\/image\/\",\"url\":\"https:\/\/secure.gravatar.com\/avatar\/f55d5d49ce3c448e1ffde0ab078d84cd?s=96&d=mm&r=g\",\"contentUrl\":\"https:\/\/secure.gravatar.com\/avatar\/f55d5d49ce3c448e1ffde0ab078d84cd?s=96&d=mm&r=g\",\"caption\":\"Klaudia \u017by\u0142ka\"},\"description\":\"Instagram, dogs, books and food lover. Former student at Warsaw University and Malm\u00f6 University. Improving her marketing skills every day. Proud owner of DIMAQ certificate\",\"sameAs\":[\"https:\/\/www.linkedin.com\/in\/klaudia-\u017cy\u0142ka-17527779\"],\"url\":\"https:\/\/www.sotrender.com\/blog\/pl\/author\/klaudia_yka\/\"}]}<\/script>\n<!-- \/ Yoast SEO plugin. -->","yoast_head_json":{"title":"Instagram Trends wrzesie\u0144 2017 - jak dbaj\u0105 o siebie Polacy","description":"Jak Polacy dbaj\u0105 o swoje zdrowie, w szerokim tego s\u0142owa znaczeniu? Sprawd\u017acie w najnowszym wydaniu Instagram Trends wrzesie\u0144 2017!","robots":{"index":"index","follow":"follow","max-snippet":"max-snippet:-1","max-image-preview":"max-image-preview:large","max-video-preview":"max-video-preview:-1"},"canonical":"https:\/\/www.sotrender.com\/blog\/pl\/2017\/10\/instagram-trends-wrzesien-2017\/","og_locale":"pl_PL","og_type":"article","og_title":"Instagram Trends wrzesie\u0144 2017 - jak dbaj\u0105 o siebie Polacy","og_description":"Jak Polacy dbaj\u0105 o swoje zdrowie, w szerokim tego s\u0142owa znaczeniu? Sprawd\u017acie w najnowszym wydaniu Instagram Trends wrzesie\u0144 2017!","og_url":"https:\/\/www.sotrender.com\/blog\/pl\/2017\/10\/instagram-trends-wrzesien-2017\/","og_site_name":"Sotrender Blog","article_publisher":"https:\/\/www.facebook.com\/Sotrender","article_published_time":"2017-10-04T08:30:00+00:00","article_modified_time":"2017-10-04T10:09:47+00:00","og_image":[{"width":1280,"height":853,"url":"https:\/\/www.sotrender.com\/blog\/wp-content\/uploads\/2017\/10\/oil-discharge-2794477_1280.jpg","type":"image\/jpeg"}],"author":"Klaudia \u017by\u0142ka","twitter_card":"summary_large_image","twitter_creator":"@Sotrender","twitter_site":"@Sotrender","twitter_misc":{"Written by":"Klaudia \u017by\u0142ka","Est. reading time":"6 minutes"},"schema":{"@context":"https:\/\/schema.org","@graph":[{"@type":"WebPage","@id":"https:\/\/www.sotrender.com\/blog\/pl\/2017\/10\/instagram-trends-wrzesien-2017\/","url":"https:\/\/www.sotrender.com\/blog\/pl\/2017\/10\/instagram-trends-wrzesien-2017\/","name":"Instagram Trends wrzesie\u0144 2017 - jak dbaj\u0105 o siebie Polacy","isPartOf":{"@id":"https:\/\/www.sotrender.com\/blog\/#website"},"primaryImageOfPage":{"@id":"https:\/\/www.sotrender.com\/blog\/pl\/2017\/10\/instagram-trends-wrzesien-2017\/#primaryimage"},"image":{"@id":"https:\/\/www.sotrender.com\/blog\/pl\/2017\/10\/instagram-trends-wrzesien-2017\/#primaryimage"},"thumbnailUrl":"https:\/\/www.sotrender.com\/blog\/wp-content\/uploads\/2017\/10\/oil-discharge-2794477_1280.jpg","datePublished":"2017-10-04T08:30:00+00:00","dateModified":"2017-10-04T10:09:47+00:00","author":{"@id":"https:\/\/www.sotrender.com\/blog\/#\/schema\/person\/038ac5e276c5d102d8cbb9c36cd43416"},"description":"Jak Polacy dbaj\u0105 o swoje zdrowie, w szerokim tego s\u0142owa znaczeniu? Sprawd\u017acie w najnowszym wydaniu Instagram Trends wrzesie\u0144 2017!","breadcrumb":{"@id":"https:\/\/www.sotrender.com\/blog\/pl\/2017\/10\/instagram-trends-wrzesien-2017\/#breadcrumb"},"inLanguage":"pl-PL","potentialAction":[{"@type":"ReadAction","target":["https:\/\/www.sotrender.com\/blog\/pl\/2017\/10\/instagram-trends-wrzesien-2017\/"]}]},{"@type":"ImageObject","inLanguage":"pl-PL","@id":"https:\/\/www.sotrender.com\/blog\/pl\/2017\/10\/instagram-trends-wrzesien-2017\/#primaryimage","url":"https:\/\/www.sotrender.com\/blog\/wp-content\/uploads\/2017\/10\/oil-discharge-2794477_1280.jpg","contentUrl":"https:\/\/www.sotrender.com\/blog\/wp-content\/uploads\/2017\/10\/oil-discharge-2794477_1280.jpg","width":1280,"height":853,"caption":"kosmetyki, kosmetyki naturalne, bio"},{"@type":"BreadcrumbList","@id":"https:\/\/www.sotrender.com\/blog\/pl\/2017\/10\/instagram-trends-wrzesien-2017\/#breadcrumb","itemListElement":[{"@type":"ListItem","position":1,"name":"Home","item":"https:\/\/www.sotrender.com\/blog\/"},{"@type":"ListItem","position":2,"name":"Instagram Trends wrzesie\u0144 2017 &#8211; jak dbaj\u0105 o siebie Polacy"}]},{"@type":"WebSite","@id":"https:\/\/www.sotrender.com\/blog\/#website","url":"https:\/\/www.sotrender.com\/blog\/","name":"Sotrender Blog","description":"","potentialAction":[{"@type":"SearchAction","target":{"@type":"EntryPoint","urlTemplate":"https:\/\/www.sotrender.com\/blog\/?s={search_term_string}"},"query-input":"required name=search_term_string"}],"inLanguage":"pl-PL"},{"@type":"Person","@id":"https:\/\/www.sotrender.com\/blog\/#\/schema\/person\/038ac5e276c5d102d8cbb9c36cd43416","name":"Klaudia \u017by\u0142ka","image":{"@type":"ImageObject","inLanguage":"pl-PL","@id":"https:\/\/www.sotrender.com\/blog\/#\/schema\/person\/image\/","url":"https:\/\/secure.gravatar.com\/avatar\/f55d5d49ce3c448e1ffde0ab078d84cd?s=96&d=mm&r=g","contentUrl":"https:\/\/secure.gravatar.com\/avatar\/f55d5d49ce3c448e1ffde0ab078d84cd?s=96&d=mm&r=g","caption":"Klaudia \u017by\u0142ka"},"description":"Instagram, dogs, books and food lover. Former student at Warsaw University and Malm\u00f6 University. Improving her marketing skills every day. Proud owner of DIMAQ certificate","sameAs":["https:\/\/www.linkedin.com\/in\/klaudia-\u017cy\u0142ka-17527779"],"url":"https:\/\/www.sotrender.com\/blog\/pl\/author\/klaudia_yka\/"}]}},"_links":{"self":[{"href":"https:\/\/www.sotrender.com\/blog\/pl\/wp-json\/wp\/v2\/posts\/30939"}],"collection":[{"href":"https:\/\/www.sotrender.com\/blog\/pl\/wp-json\/wp\/v2\/posts"}],"about":[{"href":"https:\/\/www.sotrender.com\/blog\/pl\/wp-json\/wp\/v2\/types\/post"}],"author":[{"embeddable":true,"href":"https:\/\/www.sotrender.com\/blog\/pl\/wp-json\/wp\/v2\/users\/89"}],"replies":[{"embeddable":true,"href":"https:\/\/www.sotrender.com\/blog\/pl\/wp-json\/wp\/v2\/comments?post=30939"}],"version-history":[{"count":22,"href":"https:\/\/www.sotrender.com\/blog\/pl\/wp-json\/wp\/v2\/posts\/30939\/revisions"}],"predecessor-version":[{"id":30995,"href":"https:\/\/www.sotrender.com\/blog\/pl\/wp-json\/wp\/v2\/posts\/30939\/revisions\/30995"}],"wp:featuredmedia":[{"embeddable":true,"href":"https:\/\/www.sotrender.com\/blog\/pl\/wp-json\/wp\/v2\/media\/30953"}],"wp:attachment":[{"href":"https:\/\/www.sotrender.com\/blog\/pl\/wp-json\/wp\/v2\/media?parent=30939"}],"wp:term":[{"taxonomy":"category","embeddable":true,"href":"https:\/\/www.sotrender.com\/blog\/pl\/wp-json\/wp\/v2\/categories?post=30939"},{"taxonomy":"post_tag","embeddable":true,"href":"https:\/\/www.sotrender.com\/blog\/pl\/wp-json\/wp\/v2\/tags?post=30939"}],"curies":[{"name":"wp","href":"https:\/\/api.w.org\/{rel}","templated":true}]}}