{"id":30333,"date":"2017-09-08T13:00:00","date_gmt":"2017-09-08T11:00:00","guid":{"rendered":"https:\/\/www.sotrender.com\/blog\/?p=30333\/"},"modified":"2017-09-08T13:48:37","modified_gmt":"2017-09-08T11:48:37","slug":"facebook-trends-polska-sierpien-2017-warto-dbac-o-swoich-fanow","status":"publish","type":"post","link":"https:\/\/www.sotrender.com\/blog\/pl\/2017\/09\/facebook-trends-polska-sierpien-2017-warto-dbac-o-swoich-fanow\/","title":{"rendered":"Facebook Trends Polska sierpie\u0144 2017 &#8211; warto dba\u0107 o swoich fan\u00f3w"},"content":{"rendered":"<p>Sierpniowe wydarzenia na Facebooku u\u015bwiadamiaj\u0105 nam po raz kolejny, \u017ce warto (poza tym \u017ce nale\u017cy), dba\u0107 o swoich obserwator\u00f3w. Warto to robi\u0107 nie tylko po to, \u017ceby osi\u0105gn\u0105\u0107 w\u0142asny sukces i \u201cs\u0142aw\u0119\u201d, ale tak\u017ce by m\u00f3c pomaga\u0107 innym.<\/p>\n<p>Sprawd\u017acie, co wydarzy\u0142o si\u0119 w sierpniu na polskim Facebooku w najnowszym raporcie <a href=\"https:\/\/www.sotrender.com\/trends\/facebook\/poland\/201708\" target=\"_blank\" rel=\"noopener\">Facebook Trends<\/a> przygotowanym przez <a href=\"http:\/\/www.sotrender.com\/pl\" target=\"_blank\" rel=\"noopener\">Sotrender<\/a>!<!--more--><\/p>\n<h2>Dobrze mie\u0107 wiernych fan\u00f3w<\/h2>\n<p>Przekona\u0142 si\u0119 o tym raper <span style=\"text-decoration: underline;\"><a href=\"https:\/\/www.facebook.com\/tomasz.chada\/\" target=\"_blank\" rel=\"noopener\">Tomasz Chada<\/a><\/span>, kt\u00f3ry po 2 latach pozbawienia wolno\u015bci, wyszed\u0142 z wi\u0119zienia. Jego <a href=\"https:\/\/www.facebook.com\/tomasz.chada\/photos\/a.660431420682058.1073741826.138638692861336\/1546596082065583\/?type=3\" target=\"_blank\" rel=\"noopener\">post<\/a>, w kt\u00f3rym dzieli si\u0119 informacj\u0105 o wyj\u015bciu na wolno\u015b\u0107, by\u0142 jednym z najlepszych post\u00f3w miesi\u0105ca w kategorii <a href=\"https:\/\/www.sotrender.com\/trends\/facebook\/poland\/201708\/osoby\" target=\"_blank\" rel=\"noopener\">Osoby<\/a> i osi\u0105gn\u0105\u0142 liczb\u0119 ponad 111 ty\u015b reakcji.<\/p>\n<div style=\"width: 758px\" class=\"wp-caption aligncenter\"><img loading=\"lazy\" decoding=\"async\" src=\"https:\/\/www.sotrender.com\/blog\/wp-content\/uploads\/2017\/09\/0cd36a5a-8b5c-40da-bd68-48769d507f46_tomasz20chada.png\" alt=\"tomasz chada, wi\u0119zienie, wyj\u015bcie na wolno\u015b\u0107, post, faceboook\" width=\"748\" height=\"586\" \/><p class=\"wp-caption-text\">Post Tomasza Chady o wyj\u015bciu na wolno\u015b\u0107, 9 sierpnia 2017 r.<\/p><\/div>\n<h2>Porusz serca innych<\/h2>\n<p>Wielk\u0105 popularno\u015bci\u0105 ciesz\u0105 si\u0119 od dawna posty oraz profile o wyd\u017awi\u0119ku empatycznym, kt\u00f3re sk\u0142aniaj\u0105 nas do refleksji, zach\u0119caj\u0105 do pomocy innym. Niekiedy zdarza si\u0119, \u017ce staj\u0105 si\u0119 te\u017c viralami, o czym pisali\u015bmy ju\u017c <span style=\"text-decoration: underline;\"><a href=\"https:\/\/www.sotrender.com\/blog\/pl\/2017\/07\/facebook-trends-polska-czerwiec-2017\/\" target=\"_blank\" rel=\"noopener\">2 miesi\u0105ce temu<\/a><\/span>. Jedn\u0105 z os\u00f3b, kt\u00f3ra od dawna wiedzie prym w tego typu dzia\u0142alno\u015bci jest <a href=\"https:\/\/www.facebook.com\/ChajzerFilip\/\" target=\"_blank\" rel=\"noopener\">Filip Chajzer<\/a> niejednokrotnie anga\u017cuj\u0105c si\u0119 w r\u00f3\u017cnego rodzaju akcje charytatywne i pomoc innym, ostatnio g\u0142\u00f3wnie Powsta\u0144com Warszawskim. Czo\u0142\u00f3wka najlepszych jego post\u00f3w w sierpniu dotyczy\u0142a w\u0142a\u015bnie tego celu.<\/p>\n<div style=\"width: 1001px\" class=\"wp-caption aligncenter\"><img loading=\"lazy\" decoding=\"async\" src=\"https:\/\/www.sotrender.com\/blog\/wp-content\/uploads\/2017\/09\/f10e0662-f1f1-4437-a726-e4f736fc834d_chjazer.png\" alt=\"filip chajzer, sierpie\u0144, najlepsze posty, pomoc\" width=\"991\" height=\"511\" \/><p class=\"wp-caption-text\">Najlepsze posty na profilu Filipa Chajzera na Facebooku w sierpniu 2017<\/p><\/div>\n<p>Chajzer jest jednym z lepiej odbieranych polskich celebryt\u00f3w, kt\u00f3ry w s\u0142uszny spos\u00f3b potrafi wykorzysta\u0107 swoj\u0105 popularno\u015b\u0107 i du\u017c\u0105 rzesz\u0119 fan\u00f3w.<\/p>\n<p>Profil Chajzera by\u0142 w sierpniu numerem 1 pod wzgl\u0119dem <a href=\"https:\/\/www.sotrender.com\/trends\/facebook\/poland\/201708\/osoby\" target=\"_blank\" rel=\"noopener\">liczby aktywnych u\u017cytkownik\u00f3w<\/a> na polskim Facebooku. Dziennikarzowi uda\u0142o si\u0119 wyprzedzi\u0107 w tym zestawieniu samego Roberta Lewandowskiego, mimo du\u017co mniejszej liczby obserwator\u00f3w (Chajzer &#8211; 768 852 vs. Lewandowski &#8211; 9 266 684, czyli ponad 8 milion\u00f3w mniej!).<\/p>\n<div style=\"width: 795px\" class=\"wp-caption aligncenter\"><img loading=\"lazy\" decoding=\"async\" src=\"https:\/\/www.sotrender.com\/blog\/wp-content\/uploads\/2017\/09\/e71cef1f-d1ef-48b4-9b51-c1f0d61fe5e2_chajzer20aktywni20uzyt.png\" alt=\"facebook trends, sierpie\u0144, aktywni u\u017cytkownicy, filip chajzer\" width=\"785\" height=\"443\" \/><p class=\"wp-caption-text\">Facebook Trends Polska sierpie\u0144 2017 | Osoby<\/p><\/div>\n<p>To kolejny przyk\u0142ad, \u017ce nie liczba obserwator\u00f3w a ich \u201cjako\u015b\u0107\u201d, zaanga\u017cowanie i uto\u017csamianie si\u0119 z dan\u0105 osob\u0105, profilem czy akcj\u0105 s\u0105 naprawd\u0119 wa\u017cne.<\/p>\n<h2>Podaj dalej<\/h2>\n<p>Id\u0105c za przyk\u0142adem <span style=\"text-decoration: underline;\"><a href=\"https:\/\/marketingprzykawie.pl\/espresso\/instagram-trends-sierpien-2017-zwykle-zycie-niezwyklych-ludzi\/\" target=\"_blank\" rel=\"noopener\">sierpniowego raportu Instagram Trends<\/a><\/span>, gdzie poruszali\u015bmy temat post\u00f3w odwo\u0142uj\u0105cych si\u0119 do naszych uczu\u0107 i przedstawiaj\u0105cych bardziej ludzkie oblicze Internetu, Facebookowym odpowiednikiem post\u00f3w, kt\u00f3rym ch\u0119tnie dajemy \u201clubi\u0119 to\u201d lub \u201cudost\u0119pnij\u201d s\u0105 aktualizacje na profilach typu <span style=\"text-decoration: underline;\"><a href=\"https:\/\/www.facebook.com\/wyznajemy\/\" target=\"_blank\" rel=\"noopener\">wyznajemy<\/a><\/span>, <span style=\"text-decoration: underline;\"><a href=\"https:\/\/www.facebook.com\/podaj.to\" target=\"_blank\" rel=\"noopener\">Podaj.to<\/a><\/span>\u00a0czy <span style=\"text-decoration: underline;\"><a href=\"https:\/\/www.facebook.com\/popularnie\/\" target=\"_blank\" rel=\"noopener\">popularne<\/a><\/span>. Na czym bazuj\u0105? Na historiach i sytuacjach, kt\u00f3re szokuj\u0105, ruszaj\u0105 za serce, wywo\u0142uj\u0105 \u015bmiech, smutek oraz mn\u00f3stwo innych uczu\u0107.<\/p>\n<p><span style=\"text-decoration: underline;\"><a href=\"https:\/\/www.facebook.com\/646518722056619\/posts\/1644568535584961\" target=\"_blank\" rel=\"noopener\">Post Podaj.to<\/a><\/span>\u00a0by\u0142 drugim najlepszym postem na polskim Facebooku w sierpniu.<\/p>\n<div style=\"width: 788px\" class=\"wp-caption aligncenter\"><img loading=\"lazy\" decoding=\"async\" src=\"https:\/\/www.sotrender.com\/blog\/wp-content\/uploads\/2017\/09\/70217ae5-170a-42f8-bec4-7afe8b8d5ffc_podaj.to_.png\" alt=\"facebook trends, podaj.to, wiedza bezu\u017cyteczna, najlepsze posty\" width=\"778\" height=\"374\" \/><p class=\"wp-caption-text\">Facebook Trends Polska sierpie\u0144 2017 | Najlepsze posty<\/p><\/div>\n<p>O czym by\u0142o wideo? To rozwa\u017cania nad stanem \u015brodowiska na przestrzeni ostatnich pokole\u0144 i sposob\u00f3w dbania o nie. Kontrast mi\u0119dzy tym jak by\u0142o kiedy\u015b, a tym jak jest teraz &#8211; liczb\u0105 samochod\u00f3w czy urz\u0105dze\u0144 elektrycznych w domach. Oczywi\u015bcie wideo ko\u0144czy si\u0119 zach\u0119t\u0105 do jego udost\u0119pniania. I najwyra\u017aniej by\u0142o na tyle atrakcyjne i interesuj\u0105ce, \u017ce tylko w sierpniu post zosta\u0142 udost\u0119pniony ponad 58 tys. razy (w chwili obecnej jest to ju\u017c ponad 76 tys.).<\/p>\n<p><strong>Co jeszcze dzia\u0142o si\u0119 na polskim Facebooku w sierpniu? Tego dowiesz si\u0119 jak zawsze z <a href=\"https:\/\/www.sotrender.com\/trends\/facebook\/poland\/201708\" target=\"_blank\" rel=\"noopener\">najnowszego raportu Facebook Trends<\/a>!<\/strong><\/p>\n<div class=\"shortcode trial\"><h4><span>MIERZ, OPTYMALIZUJ, RAPORTUJ!<\/span><a title=\"Zobacz wi\u0119cej\" class=\"btn\" href=\"https:\/\/app.sotrender.com\/auth\/signup\/trial\/pl?utm_source=blog-cta-legacy\">Zobacz wi\u0119cej<\/a><\/h4><\/div>\n<p>Uwa\u017casz, \u017ce brakuje w naszym zestawieniu jakiego\u015b profilu? Skontaktuj si\u0119 z nami!<\/p>\n","protected":false},"excerpt":{"rendered":"<p>Sierpniowe wydarzenia na Facebooku u\u015bwiadamiaj\u0105 nam po raz kolejny, \u017ce warto (poza tym \u017ce nale\u017cy), dba\u0107 o swoich obserwator\u00f3w. Warto to robi\u0107 nie tylko po to, \u017ceby osi\u0105gn\u0105\u0107 w\u0142asny sukces i \u201cs\u0142aw\u0119\u201d, ale tak\u017ce by m\u00f3c pomaga\u0107 innym. Sprawd\u017acie, co wydarzy\u0142o si\u0119 w sierpniu na polskim Facebooku w najnowszym raporcie Facebook Trends przygotowanym przez Sotrender!<\/p>\n","protected":false},"author":89,"featured_media":30355,"comment_status":"open","ping_status":"open","sticky":false,"template":"","format":"standard","meta":{"inline_featured_image":false,"footnotes":""},"categories":[1791,1797,2125],"tags":[17,353,2307,2557,2559],"yoast_head":"<!-- This site is optimized with the Yoast SEO plugin v22.4 - https:\/\/yoast.com\/wordpress\/plugins\/seo\/ -->\n<title>Facebook Trends Polska sierpie\u0144 2017 - warto dba\u0107 o swoich fan\u00f3w<\/title>\n<meta name=\"description\" content=\"Sierpniowe wydarzenia na Facebooku u\u015bwiadamiaj\u0105 nam po raz kolejny, \u017ce warto (poza tym \u017ce nale\u017cy), dba\u0107 o swoich obserwator\u00f3w. I to z kilku powod\u00f3w.\" \/>\n<meta name=\"robots\" content=\"index, follow, max-snippet:-1, max-image-preview:large, max-video-preview:-1\" \/>\n<link rel=\"canonical\" href=\"https:\/\/www.sotrender.com\/blog\/pl\/2017\/09\/facebook-trends-polska-sierpien-2017-warto-dbac-o-swoich-fanow\/\" \/>\n<meta property=\"og:locale\" content=\"pl_PL\" \/>\n<meta property=\"og:type\" content=\"article\" \/>\n<meta property=\"og:title\" content=\"Facebook Trends Polska sierpie\u0144 2017 - warto dba\u0107 o swoich fan\u00f3w\" \/>\n<meta property=\"og:description\" content=\"Sierpniowe wydarzenia na Facebooku u\u015bwiadamiaj\u0105 nam po raz kolejny, \u017ce warto (poza tym \u017ce nale\u017cy), dba\u0107 o swoich obserwator\u00f3w. I to z kilku powod\u00f3w.\" \/>\n<meta property=\"og:url\" content=\"https:\/\/www.sotrender.com\/blog\/pl\/2017\/09\/facebook-trends-polska-sierpien-2017-warto-dbac-o-swoich-fanow\/\" \/>\n<meta property=\"og:site_name\" content=\"Sotrender Blog\" \/>\n<meta property=\"article:publisher\" content=\"https:\/\/www.facebook.com\/Sotrender\" \/>\n<meta property=\"article:published_time\" content=\"2017-09-08T11:00:00+00:00\" \/>\n<meta property=\"article:modified_time\" content=\"2017-09-08T11:48:37+00:00\" \/>\n<meta property=\"og:image\" content=\"https:\/\/www.sotrender.com\/blog\/wp-content\/uploads\/2017\/09\/audience-1850665_1280.jpg\" \/>\n\t<meta property=\"og:image:width\" content=\"1280\" \/>\n\t<meta property=\"og:image:height\" content=\"853\" \/>\n\t<meta property=\"og:image:type\" content=\"image\/jpeg\" \/>\n<meta name=\"author\" content=\"Klaudia \u017by\u0142ka\" \/>\n<meta name=\"twitter:card\" content=\"summary_large_image\" \/>\n<meta name=\"twitter:creator\" content=\"@Sotrender\" \/>\n<meta name=\"twitter:site\" content=\"@Sotrender\" \/>\n<meta name=\"twitter:label1\" content=\"Written by\" \/>\n\t<meta name=\"twitter:data1\" content=\"Klaudia \u017by\u0142ka\" \/>\n\t<meta name=\"twitter:label2\" content=\"Est. reading time\" \/>\n\t<meta name=\"twitter:data2\" content=\"3 minutes\" \/>\n<script type=\"application\/ld+json\" class=\"yoast-schema-graph\">{\"@context\":\"https:\/\/schema.org\",\"@graph\":[{\"@type\":\"WebPage\",\"@id\":\"https:\/\/www.sotrender.com\/blog\/pl\/2017\/09\/facebook-trends-polska-sierpien-2017-warto-dbac-o-swoich-fanow\/\",\"url\":\"https:\/\/www.sotrender.com\/blog\/pl\/2017\/09\/facebook-trends-polska-sierpien-2017-warto-dbac-o-swoich-fanow\/\",\"name\":\"Facebook Trends Polska sierpie\u0144 2017 - warto dba\u0107 o swoich fan\u00f3w\",\"isPartOf\":{\"@id\":\"https:\/\/www.sotrender.com\/blog\/#website\"},\"primaryImageOfPage\":{\"@id\":\"https:\/\/www.sotrender.com\/blog\/pl\/2017\/09\/facebook-trends-polska-sierpien-2017-warto-dbac-o-swoich-fanow\/#primaryimage\"},\"image\":{\"@id\":\"https:\/\/www.sotrender.com\/blog\/pl\/2017\/09\/facebook-trends-polska-sierpien-2017-warto-dbac-o-swoich-fanow\/#primaryimage\"},\"thumbnailUrl\":\"https:\/\/www.sotrender.com\/blog\/wp-content\/uploads\/2017\/09\/audience-1850665_1280.jpg\",\"datePublished\":\"2017-09-08T11:00:00+00:00\",\"dateModified\":\"2017-09-08T11:48:37+00:00\",\"author\":{\"@id\":\"https:\/\/www.sotrender.com\/blog\/#\/schema\/person\/038ac5e276c5d102d8cbb9c36cd43416\"},\"description\":\"Sierpniowe wydarzenia na Facebooku u\u015bwiadamiaj\u0105 nam po raz kolejny, \u017ce warto (poza tym \u017ce nale\u017cy), dba\u0107 o swoich obserwator\u00f3w. I to z kilku powod\u00f3w.\",\"breadcrumb\":{\"@id\":\"https:\/\/www.sotrender.com\/blog\/pl\/2017\/09\/facebook-trends-polska-sierpien-2017-warto-dbac-o-swoich-fanow\/#breadcrumb\"},\"inLanguage\":\"pl-PL\",\"potentialAction\":[{\"@type\":\"ReadAction\",\"target\":[\"https:\/\/www.sotrender.com\/blog\/pl\/2017\/09\/facebook-trends-polska-sierpien-2017-warto-dbac-o-swoich-fanow\/\"]}]},{\"@type\":\"ImageObject\",\"inLanguage\":\"pl-PL\",\"@id\":\"https:\/\/www.sotrender.com\/blog\/pl\/2017\/09\/facebook-trends-polska-sierpien-2017-warto-dbac-o-swoich-fanow\/#primaryimage\",\"url\":\"https:\/\/www.sotrender.com\/blog\/wp-content\/uploads\/2017\/09\/audience-1850665_1280.jpg\",\"contentUrl\":\"https:\/\/www.sotrender.com\/blog\/wp-content\/uploads\/2017\/09\/audience-1850665_1280.jpg\",\"width\":1280,\"height\":853,\"caption\":\"audience\"},{\"@type\":\"BreadcrumbList\",\"@id\":\"https:\/\/www.sotrender.com\/blog\/pl\/2017\/09\/facebook-trends-polska-sierpien-2017-warto-dbac-o-swoich-fanow\/#breadcrumb\",\"itemListElement\":[{\"@type\":\"ListItem\",\"position\":1,\"name\":\"Home\",\"item\":\"https:\/\/www.sotrender.com\/blog\/\"},{\"@type\":\"ListItem\",\"position\":2,\"name\":\"Facebook Trends Polska sierpie\u0144 2017 &#8211; warto dba\u0107 o swoich fan\u00f3w\"}]},{\"@type\":\"WebSite\",\"@id\":\"https:\/\/www.sotrender.com\/blog\/#website\",\"url\":\"https:\/\/www.sotrender.com\/blog\/\",\"name\":\"Sotrender Blog\",\"description\":\"\",\"potentialAction\":[{\"@type\":\"SearchAction\",\"target\":{\"@type\":\"EntryPoint\",\"urlTemplate\":\"https:\/\/www.sotrender.com\/blog\/?s={search_term_string}\"},\"query-input\":\"required name=search_term_string\"}],\"inLanguage\":\"pl-PL\"},{\"@type\":\"Person\",\"@id\":\"https:\/\/www.sotrender.com\/blog\/#\/schema\/person\/038ac5e276c5d102d8cbb9c36cd43416\",\"name\":\"Klaudia \u017by\u0142ka\",\"image\":{\"@type\":\"ImageObject\",\"inLanguage\":\"pl-PL\",\"@id\":\"https:\/\/www.sotrender.com\/blog\/#\/schema\/person\/image\/\",\"url\":\"https:\/\/secure.gravatar.com\/avatar\/f55d5d49ce3c448e1ffde0ab078d84cd?s=96&d=mm&r=g\",\"contentUrl\":\"https:\/\/secure.gravatar.com\/avatar\/f55d5d49ce3c448e1ffde0ab078d84cd?s=96&d=mm&r=g\",\"caption\":\"Klaudia \u017by\u0142ka\"},\"description\":\"Instagram, dogs, books and food lover. Former student at Warsaw University and Malm\u00f6 University. Improving her marketing skills every day. Proud owner of DIMAQ certificate\",\"sameAs\":[\"https:\/\/www.linkedin.com\/in\/klaudia-\u017cy\u0142ka-17527779\"],\"url\":\"https:\/\/www.sotrender.com\/blog\/pl\/author\/klaudia_yka\/\"}]}<\/script>\n<!-- \/ Yoast SEO plugin. -->","yoast_head_json":{"title":"Facebook Trends Polska sierpie\u0144 2017 - warto dba\u0107 o swoich fan\u00f3w","description":"Sierpniowe wydarzenia na Facebooku u\u015bwiadamiaj\u0105 nam po raz kolejny, \u017ce warto (poza tym \u017ce nale\u017cy), dba\u0107 o swoich obserwator\u00f3w. I to z kilku powod\u00f3w.","robots":{"index":"index","follow":"follow","max-snippet":"max-snippet:-1","max-image-preview":"max-image-preview:large","max-video-preview":"max-video-preview:-1"},"canonical":"https:\/\/www.sotrender.com\/blog\/pl\/2017\/09\/facebook-trends-polska-sierpien-2017-warto-dbac-o-swoich-fanow\/","og_locale":"pl_PL","og_type":"article","og_title":"Facebook Trends Polska sierpie\u0144 2017 - warto dba\u0107 o swoich fan\u00f3w","og_description":"Sierpniowe wydarzenia na Facebooku u\u015bwiadamiaj\u0105 nam po raz kolejny, \u017ce warto (poza tym \u017ce nale\u017cy), dba\u0107 o swoich obserwator\u00f3w. I to z kilku powod\u00f3w.","og_url":"https:\/\/www.sotrender.com\/blog\/pl\/2017\/09\/facebook-trends-polska-sierpien-2017-warto-dbac-o-swoich-fanow\/","og_site_name":"Sotrender Blog","article_publisher":"https:\/\/www.facebook.com\/Sotrender","article_published_time":"2017-09-08T11:00:00+00:00","article_modified_time":"2017-09-08T11:48:37+00:00","og_image":[{"width":1280,"height":853,"url":"https:\/\/www.sotrender.com\/blog\/wp-content\/uploads\/2017\/09\/audience-1850665_1280.jpg","type":"image\/jpeg"}],"author":"Klaudia \u017by\u0142ka","twitter_card":"summary_large_image","twitter_creator":"@Sotrender","twitter_site":"@Sotrender","twitter_misc":{"Written by":"Klaudia \u017by\u0142ka","Est. reading time":"3 minutes"},"schema":{"@context":"https:\/\/schema.org","@graph":[{"@type":"WebPage","@id":"https:\/\/www.sotrender.com\/blog\/pl\/2017\/09\/facebook-trends-polska-sierpien-2017-warto-dbac-o-swoich-fanow\/","url":"https:\/\/www.sotrender.com\/blog\/pl\/2017\/09\/facebook-trends-polska-sierpien-2017-warto-dbac-o-swoich-fanow\/","name":"Facebook Trends Polska sierpie\u0144 2017 - warto dba\u0107 o swoich fan\u00f3w","isPartOf":{"@id":"https:\/\/www.sotrender.com\/blog\/#website"},"primaryImageOfPage":{"@id":"https:\/\/www.sotrender.com\/blog\/pl\/2017\/09\/facebook-trends-polska-sierpien-2017-warto-dbac-o-swoich-fanow\/#primaryimage"},"image":{"@id":"https:\/\/www.sotrender.com\/blog\/pl\/2017\/09\/facebook-trends-polska-sierpien-2017-warto-dbac-o-swoich-fanow\/#primaryimage"},"thumbnailUrl":"https:\/\/www.sotrender.com\/blog\/wp-content\/uploads\/2017\/09\/audience-1850665_1280.jpg","datePublished":"2017-09-08T11:00:00+00:00","dateModified":"2017-09-08T11:48:37+00:00","author":{"@id":"https:\/\/www.sotrender.com\/blog\/#\/schema\/person\/038ac5e276c5d102d8cbb9c36cd43416"},"description":"Sierpniowe wydarzenia na Facebooku u\u015bwiadamiaj\u0105 nam po raz kolejny, \u017ce warto (poza tym \u017ce nale\u017cy), dba\u0107 o swoich obserwator\u00f3w. I to z kilku powod\u00f3w.","breadcrumb":{"@id":"https:\/\/www.sotrender.com\/blog\/pl\/2017\/09\/facebook-trends-polska-sierpien-2017-warto-dbac-o-swoich-fanow\/#breadcrumb"},"inLanguage":"pl-PL","potentialAction":[{"@type":"ReadAction","target":["https:\/\/www.sotrender.com\/blog\/pl\/2017\/09\/facebook-trends-polska-sierpien-2017-warto-dbac-o-swoich-fanow\/"]}]},{"@type":"ImageObject","inLanguage":"pl-PL","@id":"https:\/\/www.sotrender.com\/blog\/pl\/2017\/09\/facebook-trends-polska-sierpien-2017-warto-dbac-o-swoich-fanow\/#primaryimage","url":"https:\/\/www.sotrender.com\/blog\/wp-content\/uploads\/2017\/09\/audience-1850665_1280.jpg","contentUrl":"https:\/\/www.sotrender.com\/blog\/wp-content\/uploads\/2017\/09\/audience-1850665_1280.jpg","width":1280,"height":853,"caption":"audience"},{"@type":"BreadcrumbList","@id":"https:\/\/www.sotrender.com\/blog\/pl\/2017\/09\/facebook-trends-polska-sierpien-2017-warto-dbac-o-swoich-fanow\/#breadcrumb","itemListElement":[{"@type":"ListItem","position":1,"name":"Home","item":"https:\/\/www.sotrender.com\/blog\/"},{"@type":"ListItem","position":2,"name":"Facebook Trends Polska sierpie\u0144 2017 &#8211; warto dba\u0107 o swoich fan\u00f3w"}]},{"@type":"WebSite","@id":"https:\/\/www.sotrender.com\/blog\/#website","url":"https:\/\/www.sotrender.com\/blog\/","name":"Sotrender Blog","description":"","potentialAction":[{"@type":"SearchAction","target":{"@type":"EntryPoint","urlTemplate":"https:\/\/www.sotrender.com\/blog\/?s={search_term_string}"},"query-input":"required name=search_term_string"}],"inLanguage":"pl-PL"},{"@type":"Person","@id":"https:\/\/www.sotrender.com\/blog\/#\/schema\/person\/038ac5e276c5d102d8cbb9c36cd43416","name":"Klaudia \u017by\u0142ka","image":{"@type":"ImageObject","inLanguage":"pl-PL","@id":"https:\/\/www.sotrender.com\/blog\/#\/schema\/person\/image\/","url":"https:\/\/secure.gravatar.com\/avatar\/f55d5d49ce3c448e1ffde0ab078d84cd?s=96&d=mm&r=g","contentUrl":"https:\/\/secure.gravatar.com\/avatar\/f55d5d49ce3c448e1ffde0ab078d84cd?s=96&d=mm&r=g","caption":"Klaudia \u017by\u0142ka"},"description":"Instagram, dogs, books and food lover. Former student at Warsaw University and Malm\u00f6 University. Improving her marketing skills every day. Proud owner of DIMAQ certificate","sameAs":["https:\/\/www.linkedin.com\/in\/klaudia-\u017cy\u0142ka-17527779"],"url":"https:\/\/www.sotrender.com\/blog\/pl\/author\/klaudia_yka\/"}]}},"_links":{"self":[{"href":"https:\/\/www.sotrender.com\/blog\/pl\/wp-json\/wp\/v2\/posts\/30333"}],"collection":[{"href":"https:\/\/www.sotrender.com\/blog\/pl\/wp-json\/wp\/v2\/posts"}],"about":[{"href":"https:\/\/www.sotrender.com\/blog\/pl\/wp-json\/wp\/v2\/types\/post"}],"author":[{"embeddable":true,"href":"https:\/\/www.sotrender.com\/blog\/pl\/wp-json\/wp\/v2\/users\/89"}],"replies":[{"embeddable":true,"href":"https:\/\/www.sotrender.com\/blog\/pl\/wp-json\/wp\/v2\/comments?post=30333"}],"version-history":[{"count":18,"href":"https:\/\/www.sotrender.com\/blog\/pl\/wp-json\/wp\/v2\/posts\/30333\/revisions"}],"predecessor-version":[{"id":30379,"href":"https:\/\/www.sotrender.com\/blog\/pl\/wp-json\/wp\/v2\/posts\/30333\/revisions\/30379"}],"wp:featuredmedia":[{"embeddable":true,"href":"https:\/\/www.sotrender.com\/blog\/pl\/wp-json\/wp\/v2\/media\/30355"}],"wp:attachment":[{"href":"https:\/\/www.sotrender.com\/blog\/pl\/wp-json\/wp\/v2\/media?parent=30333"}],"wp:term":[{"taxonomy":"category","embeddable":true,"href":"https:\/\/www.sotrender.com\/blog\/pl\/wp-json\/wp\/v2\/categories?post=30333"},{"taxonomy":"post_tag","embeddable":true,"href":"https:\/\/www.sotrender.com\/blog\/pl\/wp-json\/wp\/v2\/tags?post=30333"}],"curies":[{"name":"wp","href":"https:\/\/api.w.org\/{rel}","templated":true}]}}