{"id":30239,"date":"2017-09-05T14:30:00","date_gmt":"2017-09-05T12:30:00","guid":{"rendered":"https:\/\/www.sotrender.com\/blog\/?p=30239\/"},"modified":"2017-09-06T08:33:19","modified_gmt":"2017-09-06T06:33:19","slug":"instagram-trends-polska-sierpien-2017-co-tak-naprawde-liczy-sie-na-instagramie","status":"publish","type":"post","link":"https:\/\/www.sotrender.com\/blog\/pl\/2017\/09\/instagram-trends-polska-sierpien-2017-co-tak-naprawde-liczy-sie-na-instagramie\/","title":{"rendered":"Instagram Trends Polska sierpie\u0144 2017 &#8211; co tak naprawd\u0119 liczy si\u0119 na Instagramie?"},"content":{"rendered":"<p>Przyj\u0119\u0142o si\u0119, \u017ce na Instagramie najwa\u017cniejsze s\u0105 wra\u017cenia wizualne. W ko\u0144cu opiera si\u0119 on g\u0142\u00f3wnie na zdj\u0119ciach i kr\u00f3tkich wideo, kt\u00f3re powinny przyci\u0105ga\u0107 wzrok. Czy tak jednak faktycznie jest? Czy to \u0142adne zdj\u0119cia, skrupulatnie uk\u0142adane kompozycje i dba\u0142o\u015b\u0107 o detale to te publikacje, kt\u00f3re w efekcie osi\u0105gaj\u0105 najlepsze zasi\u0119gi i najbardziej anga\u017cuj\u0105 odbiorc\u00f3w? Na to pytanie postaramy si\u0119 odpowiedzie\u0107 na podstawie najnowszego <a href=\"https:\/\/www.sotrender.com\/trends\/instagram\/poland\/201708\" target=\"_blank\" rel=\"noopener\">raportu Instagram Trends Polska sierpie\u0144 2017<\/a>!<!--more--><\/p>\n<h2>Zwyk\u0142e \u017cycie (nie)zwyk\u0142ych ludzi<\/h2>\n<p>Cho\u0107 zasada wydaje si\u0119 jeszcze potwierdza\u0107 przy stosunkowo niewielkich i ma\u0142o popularnych profilach, kiedy faktycznie przyci\u0105ga nas okre\u015blona estetyka, przy profilach marek czy os\u00f3b publicznych z danych wynika, \u017ce najwyra\u017aniej ju\u017c tak nie jest.<\/p>\n<p>Czy \u015blubny post Agnieszki Radwa\u0144skiej, o kt\u00f3rym pisali\u015bmy <span style=\"text-decoration: underline;\"><a href=\"https:\/\/www.sotrender.com\/blog\/pl\/2017\/08\/instagram-trends-lipiec-2017-sportowe-sukcesy-ciesza-najbardziej\/\">w zesz\u0142ym miesi\u0105cu<\/a><\/span>\u00a0uzyska\u0142by tyle \u201clajk\u00f3w\u201d gdyby by\u0142 to \u015blub Karoliny i Tomka spod Krakowa? Z pewno\u015bci\u0105 nie. I przyczyny nie nale\u017cy szuka\u0107 jedynie w liczbie obserwator\u00f3w, poniewa\u017c przypomnijmy, \u017ce rzeczony post mia\u0142 ponad 4 razy wi\u0119cej polubie\u0144 ni\u017c przeci\u0119tny post tenisistki (czyli kilkana\u015bcie tysi\u0119cy wi\u0119cej).<\/p>\n<p>Sp\u00f3jrzmy na najlepszy post ulubionej postaci polskiego Instagrama w minionym miesi\u0105cu &#8211; <a href=\"https:\/\/www.instagram.com\/_rl9\/?hl=pl\">Roberta Lewandowskiego<\/a>. Czego dotyczy\u0142? Bynajmniej nie sportowych osi\u0105gni\u0119\u0107, a w\u0142a\u015bnie jego \u017cycia rodzinnego.<\/p>\n<div style=\"width: 906px\" class=\"wp-caption aligncenter\"><img loading=\"lazy\" decoding=\"async\" src=\"https:\/\/www.sotrender.com\/blog\/wp-content\/uploads\/2017\/09\/f1c33488-26da-4a39-89b0-5d877b56e936_lewandowski20rodzina.png\" alt=\"robert lewandowski, najlepsze posty, rodzina, klara lewandowska\" width=\"896\" height=\"468\" \/><p class=\"wp-caption-text\">Robert Lewandowski oficjalny profil | Najlepsze posty w sierpniu 2017 r.<\/p><\/div>\n<p>Nie mo\u017cemy w tym miesi\u0105cu nie wspomnie\u0107 o znanym Youtuberze &#8211; <a href=\"https:\/\/www.instagram.com\/marcindubiel\/\">Marcinie Dubielu<\/a>, kt\u00f3ry w minionym miesi\u0105cu odnotowa\u0142 wzrost o 456 pozycji (!!!) w kategorii Osoby | Zaanga\u017cowanie.<\/p>\n<p>Czego dotyczy\u0142 jego najlepszy post w sierpniu? Uratowanego \u2026 kota!<\/p>\n<div style=\"width: 859px\" class=\"wp-caption aligncenter\"><img loading=\"lazy\" decoding=\"async\" class=\"\" src=\"https:\/\/www.sotrender.com\/blog\/wp-content\/uploads\/2017\/09\/f66477e7-c7e3-4473-bfbd-f7fd7cd1a16f_dubiel20top20posts.png\" alt=\"\" width=\"849\" height=\"440\" \/><p class=\"wp-caption-text\">Marcin Dubiel oficjalny profil | Najlepsze posty w sierpniu 2017 r.<\/p><\/div>\n<p>Kolejnym profilem, kt\u00f3ry zaczyna zyskiwa\u0107 na popularno\u015bci i pojawia\u0107 si\u0119 naszych <a href=\"https:\/\/www.sotrender.com\/resources\/pl\/reports\">raportach Trends<\/a>, jest profil <span style=\"text-decoration: underline;\"><a href=\"https:\/\/www.instagram.com\/omatkoicorko\/\">omatkoicorko<\/a><\/span>, gdzie poruszane s\u0105 tematy zwi\u0105zane z relacjami mi\u0119dzy pokoleniami oraz na linii matka-c\u00f3rka. Paulina i jej mama Kasia, kt\u00f3re s\u0105 g\u0142\u00f3wnie aktywne na swoim kanale na YouTube, to kolejny przyk\u0142ad na to, \u017ce niekoniecznie przyci\u0105ga nas to, co niedost\u0119pne czy kontrowersyjne, a raczej sytuacje, w kt\u00f3rych sami mogliby\u015bmy si\u0119 znale\u017a\u0107, budz\u0105ce nasz\u0105 sympati\u0119, wsp\u00f3\u0142czucie czy zrozumienie.<\/p>\n<div id=\"attachment_30271\" style=\"width: 844px\" class=\"wp-caption aligncenter\"><img loading=\"lazy\" decoding=\"async\" aria-describedby=\"caption-attachment-30271\" class=\" wp-image-30271\" src=\"https:\/\/www.sotrender.com\/blog\/wp-content\/uploads\/2017\/09\/matkoicorko-950x527.png\" alt=\"omatkoicorko\" width=\"834\" height=\"463\" srcset=\"https:\/\/www.sotrender.com\/blog\/wp-content\/uploads\/2017\/09\/matkoicorko-950x527.png 950w, https:\/\/www.sotrender.com\/blog\/wp-content\/uploads\/2017\/09\/matkoicorko-475x264.png 475w, https:\/\/www.sotrender.com\/blog\/wp-content\/uploads\/2017\/09\/matkoicorko-768x426.png 768w, https:\/\/www.sotrender.com\/blog\/wp-content\/uploads\/2017\/09\/matkoicorko.png 960w\" sizes=\"(max-width: 834px) 100vw, 834px\" \/><p id=\"caption-attachment-30271\" class=\"wp-caption-text\">OMatkoIC\u00f3rko oficjalny profil na Instagramie<\/p><\/div>\n<p>\u017badne ze wspomnianych wy\u017cej post\u00f3w nie by\u0142y postami jakkolwiek artystycznymi, a wr\u0119cz przeciwnie &#8211; pokazywa\u0142y zwyk\u0142e \u017cycie, codzienne zdarzenia, i jak ju\u017c zosta\u0142o wspomniane, odwo\u0142ywa\u0142y si\u0119 do naszych emocji czy prze\u017cy\u0107.<\/p>\n<p>I wszelkim bardziej tw\u00f3rczym postom, pod wzgl\u0119dem zasi\u0119g\u00f3w, jakie osi\u0105gaj\u0105, daleko jest do tej czo\u0142\u00f3wki. Dla przyk\u0142adu, najlepsze posty miesi\u0105ca w kategorii <a href=\"https:\/\/www.sotrender.com\/trends\/instagram\/poland\/201708\/marki\/podroze\" target=\"_blank\" rel=\"noopener\">podr\u00f3\u017ce<\/a> czy <a href=\"https:\/\/www.sotrender.com\/trends\/instagram\/poland\/201708\/marki\/fotografia\" target=\"_blank\" rel=\"noopener\">fotografia<\/a> nie mia\u0142y wi\u0119cej ni\u017c 2 tysi\u0105ce lajk\u00f3w i oko\u0142o 200 komentarzy.<\/p>\n<p>O czym to wszystko \u015bwiadczy? \u017be mimo wszystko bardziej uto\u017csamiamy si\u0119 z \u201c\u017cywym\u201d cz\u0142owiekiem, jego prze\u017cyciami i sukcesami ni\u017c cho\u0107by najpi\u0119kniejszymi widokami czy zdj\u0119ciami wymarzonej torebki czy but\u00f3w.<\/p>\n<h2>Memy, czyli internetowe odbicie w\u0142asnego \u201cja\u201d<\/h2>\n<p>To samo dotyczy profili z memami i innymi humorystycznymi tre\u015bciami, kt\u00f3re systematycznie co miesi\u0105c s\u0105 w czo\u0142\u00f3wce, je\u015bli chodzi zar\u00f3wno o liczb\u0119 fan\u00f3w jak i ich zaanga\u017cowanie. Tu sytuacja jest podobna &#8211; w wi\u0119kszo\u015bci przypadk\u00f3w zwyczajnie uto\u017csamiamy si\u0119 tre\u015bciami i sytuacjami, jakie przedstawiaj\u0105, i to nie tylko je\u015bli wywo\u0142uj\u0105 \u015bmiech, ale przede wszystkim zostawiaj\u0105 nas z my\u015bl\u0105 \u201cTe\u017c tak mam!\u201d.<\/p>\n<div style=\"width: 791px\" class=\"wp-caption aligncenter\"><img loading=\"lazy\" decoding=\"async\" src=\"https:\/\/www.sotrender.com\/blog\/wp-content\/uploads\/2017\/09\/18efeef7-7662-4010-905f-b8a322868fc6_najlepsze20posty20sierpien.png\" alt=\"sierpie\u0144, marki, najlepsze posty, memy, plny lala, suchar\" width=\"781\" height=\"716\" \/><p class=\"wp-caption-text\">Najlepsze posty w kategorii Marki | sierpie\u0144 2017 r.<\/p><\/div>\n<h2>Media tradycyjne<\/h2>\n<p>\u2026 to kolejny przyk\u0142ad, \u017ce najwi\u0119kszym zainteresowaniem ciesz\u0105 si\u0119 programy oparte na prawdziwym \u017cyciu (cho\u0107 czasem mo\u017ce bardziej ekstremalnym, ciekawym czy kontrowersyjnym ni\u017c nasze) i historiach prawdziwych os\u00f3b. Na prowadzeniu w rankingu w tej kategorii plasuj\u0105 si\u0119 niezmiennie programy takie jak Projekt Lady, Szko\u0142a, 19+, Top Model Polska czy Warsaw Shore. Profile te nie tylko s\u0105 jednymi z najwi\u0119kszych profili w tej kategorii, ale r\u00f3wnie\u017c przoduj\u0105 je\u015bli chodzi o zaanga\u017cowanie swoich obserwator\u00f3w.<\/p>\n<p><img decoding=\"async\" class=\"aligncenter\" src=\"https:\/\/www.sotrender.com\/blog\/wp-content\/uploads\/2017\/09\/b101457e-86ad-476b-8736-8edc65138c63_media20tradycyjne20insta.png\" alt=\"\" \/><\/p>\n<p>Co dok\u0142adnie wydarzy\u0142o si\u0119 w minionym miesi\u0105cu na polskim Instagramie? Kt\u00f3re marki najbardziej anga\u017cowa\u0142y swoich obserwator\u00f3w? Kt\u00f3rzy sportowcy cieszyli si\u0119 najwi\u0119kszym zainteresowaniem? Jaki profil mia\u0142 najwi\u0119ksz\u0105 liczb\u0119 obserwator\u00f3w? Jak zawsze dowiecie si\u0119 tego wszystkiego z <a href=\"https:\/\/www.sotrender.com\/trends\/instagram\/poland\/201708\">raportu Instagram Trends<\/a> przygotowanego przez <a href=\"http:\/\/www.sotrender.com\">Sotrender<\/a>!<\/p>\n<div class=\"shortcode trial\"><h4><span>MIERZ, OPTYMALIZUJ, RAPORTUJ!<\/span><a title=\"Zobacz wi\u0119cej\" class=\"btn\" href=\"https:\/\/app.sotrender.com\/auth\/signup\/trial\/pl?utm_source=blog-cta-legacy\">Zobacz wi\u0119cej<\/a><\/h4><\/div>\n","protected":false},"excerpt":{"rendered":"<p>Przyj\u0119\u0142o si\u0119, \u017ce na Instagramie najwa\u017cniejsze s\u0105 wra\u017cenia wizualne. W ko\u0144cu opiera si\u0119 on g\u0142\u00f3wnie na zdj\u0119ciach i kr\u00f3tkich wideo, kt\u00f3re powinny przyci\u0105ga\u0107 wzrok. Czy tak jednak faktycznie jest? Czy to \u0142adne zdj\u0119cia, skrupulatnie uk\u0142adane kompozycje i dba\u0142o\u015b\u0107 o detale to te publikacje, kt\u00f3re w efekcie osi\u0105gaj\u0105 najlepsze zasi\u0119gi i najbardziej anga\u017cuj\u0105 odbiorc\u00f3w? Na to [&hellip;]<\/p>\n","protected":false},"author":89,"featured_media":30255,"comment_status":"open","ping_status":"open","sticky":false,"template":"","format":"standard","meta":{"inline_featured_image":false,"footnotes":""},"categories":[1791,1803,2125],"tags":[25,615,2073],"yoast_head":"<!-- This site is optimized with the Yoast SEO plugin v22.4 - https:\/\/yoast.com\/wordpress\/plugins\/seo\/ -->\n<title>Instagram Trends Polska sierpie\u0144 2017 - czyli co si\u0119 liczy na Instagramie<\/title>\n<meta name=\"description\" content=\"Przyj\u0119\u0142o si\u0119, \u017ce na Instagramie najwa\u017cniejsze s\u0105 wra\u017cenia wizualne. Czy tak jednak faktycznie jest? Przeczytajcie w najnowszym raporcie Instagram Trends!\" \/>\n<meta name=\"robots\" content=\"index, follow, max-snippet:-1, max-image-preview:large, max-video-preview:-1\" \/>\n<link rel=\"canonical\" href=\"https:\/\/www.sotrender.com\/blog\/pl\/2017\/09\/instagram-trends-polska-sierpien-2017-co-tak-naprawde-liczy-sie-na-instagramie\/\" \/>\n<meta property=\"og:locale\" content=\"pl_PL\" \/>\n<meta property=\"og:type\" content=\"article\" \/>\n<meta property=\"og:title\" content=\"Instagram Trends Polska sierpie\u0144 2017 - czyli co si\u0119 liczy na Instagramie\" \/>\n<meta property=\"og:description\" content=\"Przyj\u0119\u0142o si\u0119, \u017ce na Instagramie najwa\u017cniejsze s\u0105 wra\u017cenia wizualne. Czy tak jednak faktycznie jest? Przeczytajcie w najnowszym raporcie Instagram Trends!\" \/>\n<meta property=\"og:url\" content=\"https:\/\/www.sotrender.com\/blog\/pl\/2017\/09\/instagram-trends-polska-sierpien-2017-co-tak-naprawde-liczy-sie-na-instagramie\/\" \/>\n<meta property=\"og:site_name\" content=\"Sotrender Blog\" \/>\n<meta property=\"article:publisher\" content=\"https:\/\/www.facebook.com\/Sotrender\" \/>\n<meta property=\"article:published_time\" content=\"2017-09-05T12:30:00+00:00\" \/>\n<meta property=\"article:modified_time\" content=\"2017-09-06T06:33:19+00:00\" \/>\n<meta property=\"og:image\" content=\"https:\/\/www.sotrender.com\/blog\/wp-content\/uploads\/2017\/09\/pexels-photo-540522.jpeg\" \/>\n\t<meta property=\"og:image:width\" content=\"1280\" \/>\n\t<meta property=\"og:image:height\" content=\"853\" \/>\n\t<meta property=\"og:image:type\" content=\"image\/jpeg\" \/>\n<meta name=\"author\" content=\"Klaudia \u017by\u0142ka\" \/>\n<meta name=\"twitter:card\" content=\"summary_large_image\" \/>\n<meta name=\"twitter:creator\" content=\"@Sotrender\" \/>\n<meta name=\"twitter:site\" content=\"@Sotrender\" \/>\n<meta name=\"twitter:label1\" content=\"Written by\" \/>\n\t<meta name=\"twitter:data1\" content=\"Klaudia \u017by\u0142ka\" \/>\n\t<meta name=\"twitter:label2\" content=\"Est. reading time\" \/>\n\t<meta name=\"twitter:data2\" content=\"4 minutes\" \/>\n<script type=\"application\/ld+json\" class=\"yoast-schema-graph\">{\"@context\":\"https:\/\/schema.org\",\"@graph\":[{\"@type\":\"WebPage\",\"@id\":\"https:\/\/www.sotrender.com\/blog\/pl\/2017\/09\/instagram-trends-polska-sierpien-2017-co-tak-naprawde-liczy-sie-na-instagramie\/\",\"url\":\"https:\/\/www.sotrender.com\/blog\/pl\/2017\/09\/instagram-trends-polska-sierpien-2017-co-tak-naprawde-liczy-sie-na-instagramie\/\",\"name\":\"Instagram Trends Polska sierpie\u0144 2017 - czyli co si\u0119 liczy na Instagramie\",\"isPartOf\":{\"@id\":\"https:\/\/www.sotrender.com\/blog\/#website\"},\"primaryImageOfPage\":{\"@id\":\"https:\/\/www.sotrender.com\/blog\/pl\/2017\/09\/instagram-trends-polska-sierpien-2017-co-tak-naprawde-liczy-sie-na-instagramie\/#primaryimage\"},\"image\":{\"@id\":\"https:\/\/www.sotrender.com\/blog\/pl\/2017\/09\/instagram-trends-polska-sierpien-2017-co-tak-naprawde-liczy-sie-na-instagramie\/#primaryimage\"},\"thumbnailUrl\":\"https:\/\/www.sotrender.com\/blog\/wp-content\/uploads\/2017\/09\/pexels-photo-540522.jpeg\",\"datePublished\":\"2017-09-05T12:30:00+00:00\",\"dateModified\":\"2017-09-06T06:33:19+00:00\",\"author\":{\"@id\":\"https:\/\/www.sotrender.com\/blog\/#\/schema\/person\/038ac5e276c5d102d8cbb9c36cd43416\"},\"description\":\"Przyj\u0119\u0142o si\u0119, \u017ce na Instagramie najwa\u017cniejsze s\u0105 wra\u017cenia wizualne. Czy tak jednak faktycznie jest? Przeczytajcie w najnowszym raporcie Instagram Trends!\",\"breadcrumb\":{\"@id\":\"https:\/\/www.sotrender.com\/blog\/pl\/2017\/09\/instagram-trends-polska-sierpien-2017-co-tak-naprawde-liczy-sie-na-instagramie\/#breadcrumb\"},\"inLanguage\":\"pl-PL\",\"potentialAction\":[{\"@type\":\"ReadAction\",\"target\":[\"https:\/\/www.sotrender.com\/blog\/pl\/2017\/09\/instagram-trends-polska-sierpien-2017-co-tak-naprawde-liczy-sie-na-instagramie\/\"]}]},{\"@type\":\"ImageObject\",\"inLanguage\":\"pl-PL\",\"@id\":\"https:\/\/www.sotrender.com\/blog\/pl\/2017\/09\/instagram-trends-polska-sierpien-2017-co-tak-naprawde-liczy-sie-na-instagramie\/#primaryimage\",\"url\":\"https:\/\/www.sotrender.com\/blog\/wp-content\/uploads\/2017\/09\/pexels-photo-540522.jpeg\",\"contentUrl\":\"https:\/\/www.sotrender.com\/blog\/wp-content\/uploads\/2017\/09\/pexels-photo-540522.jpeg\",\"width\":1280,\"height\":853,\"caption\":\"wedding\"},{\"@type\":\"BreadcrumbList\",\"@id\":\"https:\/\/www.sotrender.com\/blog\/pl\/2017\/09\/instagram-trends-polska-sierpien-2017-co-tak-naprawde-liczy-sie-na-instagramie\/#breadcrumb\",\"itemListElement\":[{\"@type\":\"ListItem\",\"position\":1,\"name\":\"Home\",\"item\":\"https:\/\/www.sotrender.com\/blog\/\"},{\"@type\":\"ListItem\",\"position\":2,\"name\":\"Instagram Trends Polska sierpie\u0144 2017 &#8211; co tak naprawd\u0119 liczy si\u0119 na Instagramie?\"}]},{\"@type\":\"WebSite\",\"@id\":\"https:\/\/www.sotrender.com\/blog\/#website\",\"url\":\"https:\/\/www.sotrender.com\/blog\/\",\"name\":\"Sotrender Blog\",\"description\":\"\",\"potentialAction\":[{\"@type\":\"SearchAction\",\"target\":{\"@type\":\"EntryPoint\",\"urlTemplate\":\"https:\/\/www.sotrender.com\/blog\/?s={search_term_string}\"},\"query-input\":\"required name=search_term_string\"}],\"inLanguage\":\"pl-PL\"},{\"@type\":\"Person\",\"@id\":\"https:\/\/www.sotrender.com\/blog\/#\/schema\/person\/038ac5e276c5d102d8cbb9c36cd43416\",\"name\":\"Klaudia \u017by\u0142ka\",\"image\":{\"@type\":\"ImageObject\",\"inLanguage\":\"pl-PL\",\"@id\":\"https:\/\/www.sotrender.com\/blog\/#\/schema\/person\/image\/\",\"url\":\"https:\/\/secure.gravatar.com\/avatar\/f55d5d49ce3c448e1ffde0ab078d84cd?s=96&d=mm&r=g\",\"contentUrl\":\"https:\/\/secure.gravatar.com\/avatar\/f55d5d49ce3c448e1ffde0ab078d84cd?s=96&d=mm&r=g\",\"caption\":\"Klaudia \u017by\u0142ka\"},\"description\":\"Instagram, dogs, books and food lover. Former student at Warsaw University and Malm\u00f6 University. Improving her marketing skills every day. Proud owner of DIMAQ certificate\",\"sameAs\":[\"https:\/\/www.linkedin.com\/in\/klaudia-\u017cy\u0142ka-17527779\"],\"url\":\"https:\/\/www.sotrender.com\/blog\/pl\/author\/klaudia_yka\/\"}]}<\/script>\n<!-- \/ Yoast SEO plugin. -->","yoast_head_json":{"title":"Instagram Trends Polska sierpie\u0144 2017 - czyli co si\u0119 liczy na Instagramie","description":"Przyj\u0119\u0142o si\u0119, \u017ce na Instagramie najwa\u017cniejsze s\u0105 wra\u017cenia wizualne. Czy tak jednak faktycznie jest? Przeczytajcie w najnowszym raporcie Instagram Trends!","robots":{"index":"index","follow":"follow","max-snippet":"max-snippet:-1","max-image-preview":"max-image-preview:large","max-video-preview":"max-video-preview:-1"},"canonical":"https:\/\/www.sotrender.com\/blog\/pl\/2017\/09\/instagram-trends-polska-sierpien-2017-co-tak-naprawde-liczy-sie-na-instagramie\/","og_locale":"pl_PL","og_type":"article","og_title":"Instagram Trends Polska sierpie\u0144 2017 - czyli co si\u0119 liczy na Instagramie","og_description":"Przyj\u0119\u0142o si\u0119, \u017ce na Instagramie najwa\u017cniejsze s\u0105 wra\u017cenia wizualne. Czy tak jednak faktycznie jest? Przeczytajcie w najnowszym raporcie Instagram Trends!","og_url":"https:\/\/www.sotrender.com\/blog\/pl\/2017\/09\/instagram-trends-polska-sierpien-2017-co-tak-naprawde-liczy-sie-na-instagramie\/","og_site_name":"Sotrender Blog","article_publisher":"https:\/\/www.facebook.com\/Sotrender","article_published_time":"2017-09-05T12:30:00+00:00","article_modified_time":"2017-09-06T06:33:19+00:00","og_image":[{"width":1280,"height":853,"url":"https:\/\/www.sotrender.com\/blog\/wp-content\/uploads\/2017\/09\/pexels-photo-540522.jpeg","type":"image\/jpeg"}],"author":"Klaudia \u017by\u0142ka","twitter_card":"summary_large_image","twitter_creator":"@Sotrender","twitter_site":"@Sotrender","twitter_misc":{"Written by":"Klaudia \u017by\u0142ka","Est. reading time":"4 minutes"},"schema":{"@context":"https:\/\/schema.org","@graph":[{"@type":"WebPage","@id":"https:\/\/www.sotrender.com\/blog\/pl\/2017\/09\/instagram-trends-polska-sierpien-2017-co-tak-naprawde-liczy-sie-na-instagramie\/","url":"https:\/\/www.sotrender.com\/blog\/pl\/2017\/09\/instagram-trends-polska-sierpien-2017-co-tak-naprawde-liczy-sie-na-instagramie\/","name":"Instagram Trends Polska sierpie\u0144 2017 - czyli co si\u0119 liczy na Instagramie","isPartOf":{"@id":"https:\/\/www.sotrender.com\/blog\/#website"},"primaryImageOfPage":{"@id":"https:\/\/www.sotrender.com\/blog\/pl\/2017\/09\/instagram-trends-polska-sierpien-2017-co-tak-naprawde-liczy-sie-na-instagramie\/#primaryimage"},"image":{"@id":"https:\/\/www.sotrender.com\/blog\/pl\/2017\/09\/instagram-trends-polska-sierpien-2017-co-tak-naprawde-liczy-sie-na-instagramie\/#primaryimage"},"thumbnailUrl":"https:\/\/www.sotrender.com\/blog\/wp-content\/uploads\/2017\/09\/pexels-photo-540522.jpeg","datePublished":"2017-09-05T12:30:00+00:00","dateModified":"2017-09-06T06:33:19+00:00","author":{"@id":"https:\/\/www.sotrender.com\/blog\/#\/schema\/person\/038ac5e276c5d102d8cbb9c36cd43416"},"description":"Przyj\u0119\u0142o si\u0119, \u017ce na Instagramie najwa\u017cniejsze s\u0105 wra\u017cenia wizualne. Czy tak jednak faktycznie jest? Przeczytajcie w najnowszym raporcie Instagram Trends!","breadcrumb":{"@id":"https:\/\/www.sotrender.com\/blog\/pl\/2017\/09\/instagram-trends-polska-sierpien-2017-co-tak-naprawde-liczy-sie-na-instagramie\/#breadcrumb"},"inLanguage":"pl-PL","potentialAction":[{"@type":"ReadAction","target":["https:\/\/www.sotrender.com\/blog\/pl\/2017\/09\/instagram-trends-polska-sierpien-2017-co-tak-naprawde-liczy-sie-na-instagramie\/"]}]},{"@type":"ImageObject","inLanguage":"pl-PL","@id":"https:\/\/www.sotrender.com\/blog\/pl\/2017\/09\/instagram-trends-polska-sierpien-2017-co-tak-naprawde-liczy-sie-na-instagramie\/#primaryimage","url":"https:\/\/www.sotrender.com\/blog\/wp-content\/uploads\/2017\/09\/pexels-photo-540522.jpeg","contentUrl":"https:\/\/www.sotrender.com\/blog\/wp-content\/uploads\/2017\/09\/pexels-photo-540522.jpeg","width":1280,"height":853,"caption":"wedding"},{"@type":"BreadcrumbList","@id":"https:\/\/www.sotrender.com\/blog\/pl\/2017\/09\/instagram-trends-polska-sierpien-2017-co-tak-naprawde-liczy-sie-na-instagramie\/#breadcrumb","itemListElement":[{"@type":"ListItem","position":1,"name":"Home","item":"https:\/\/www.sotrender.com\/blog\/"},{"@type":"ListItem","position":2,"name":"Instagram Trends Polska sierpie\u0144 2017 &#8211; co tak naprawd\u0119 liczy si\u0119 na Instagramie?"}]},{"@type":"WebSite","@id":"https:\/\/www.sotrender.com\/blog\/#website","url":"https:\/\/www.sotrender.com\/blog\/","name":"Sotrender Blog","description":"","potentialAction":[{"@type":"SearchAction","target":{"@type":"EntryPoint","urlTemplate":"https:\/\/www.sotrender.com\/blog\/?s={search_term_string}"},"query-input":"required name=search_term_string"}],"inLanguage":"pl-PL"},{"@type":"Person","@id":"https:\/\/www.sotrender.com\/blog\/#\/schema\/person\/038ac5e276c5d102d8cbb9c36cd43416","name":"Klaudia \u017by\u0142ka","image":{"@type":"ImageObject","inLanguage":"pl-PL","@id":"https:\/\/www.sotrender.com\/blog\/#\/schema\/person\/image\/","url":"https:\/\/secure.gravatar.com\/avatar\/f55d5d49ce3c448e1ffde0ab078d84cd?s=96&d=mm&r=g","contentUrl":"https:\/\/secure.gravatar.com\/avatar\/f55d5d49ce3c448e1ffde0ab078d84cd?s=96&d=mm&r=g","caption":"Klaudia \u017by\u0142ka"},"description":"Instagram, dogs, books and food lover. Former student at Warsaw University and Malm\u00f6 University. Improving her marketing skills every day. Proud owner of DIMAQ certificate","sameAs":["https:\/\/www.linkedin.com\/in\/klaudia-\u017cy\u0142ka-17527779"],"url":"https:\/\/www.sotrender.com\/blog\/pl\/author\/klaudia_yka\/"}]}},"_links":{"self":[{"href":"https:\/\/www.sotrender.com\/blog\/pl\/wp-json\/wp\/v2\/posts\/30239"}],"collection":[{"href":"https:\/\/www.sotrender.com\/blog\/pl\/wp-json\/wp\/v2\/posts"}],"about":[{"href":"https:\/\/www.sotrender.com\/blog\/pl\/wp-json\/wp\/v2\/types\/post"}],"author":[{"embeddable":true,"href":"https:\/\/www.sotrender.com\/blog\/pl\/wp-json\/wp\/v2\/users\/89"}],"replies":[{"embeddable":true,"href":"https:\/\/www.sotrender.com\/blog\/pl\/wp-json\/wp\/v2\/comments?post=30239"}],"version-history":[{"count":21,"href":"https:\/\/www.sotrender.com\/blog\/pl\/wp-json\/wp\/v2\/posts\/30239\/revisions"}],"predecessor-version":[{"id":30293,"href":"https:\/\/www.sotrender.com\/blog\/pl\/wp-json\/wp\/v2\/posts\/30239\/revisions\/30293"}],"wp:featuredmedia":[{"embeddable":true,"href":"https:\/\/www.sotrender.com\/blog\/pl\/wp-json\/wp\/v2\/media\/30255"}],"wp:attachment":[{"href":"https:\/\/www.sotrender.com\/blog\/pl\/wp-json\/wp\/v2\/media?parent=30239"}],"wp:term":[{"taxonomy":"category","embeddable":true,"href":"https:\/\/www.sotrender.com\/blog\/pl\/wp-json\/wp\/v2\/categories?post=30239"},{"taxonomy":"post_tag","embeddable":true,"href":"https:\/\/www.sotrender.com\/blog\/pl\/wp-json\/wp\/v2\/tags?post=30239"}],"curies":[{"name":"wp","href":"https:\/\/api.w.org\/{rel}","templated":true}]}}