{"id":29807,"date":"2017-08-08T15:14:00","date_gmt":"2017-08-08T13:14:00","guid":{"rendered":"https:\/\/www.sotrender.com\/blog\/?p=29807\/"},"modified":"2017-08-18T09:45:32","modified_gmt":"2017-08-18T07:45:32","slug":"facebook-trends-lipiec-2017","status":"publish","type":"post","link":"https:\/\/www.sotrender.com\/blog\/pl\/2017\/08\/facebook-trends-lipiec-2017\/","title":{"rendered":"Facebook Trends lipiec 2017 &#8211; Do\u015b\u0107 &#8220;Despacito&#8221;"},"content":{"rendered":"<p>Macie ju\u017c do\u015b\u0107 \u201cDespacito\u201d? Przeboju Luisa Fonsi nie mo\u017ce znie\u015b\u0107 tak\u017ce jeden z polskich jutuber\u00f3w-kabareciarzy. O kogo chodzi i kto pomaga mu si\u0119 rozprawi\u0107 ze znienawidzon\u0105 piosenk\u0105? Dowiecie si\u0119 tego z najnowszego wydania <a href=\"https:\/\/www.sotrender.com\/trends\/facebook\/poland\/201707\">raportu Facebook Trends<\/a> przygotowanego przez <a href=\"http:\/\/sotrender.com\/pl\">Sotrender<\/a>!<!--more--><\/p>\n<h2>Cyber Marian wzywa na pomoc \u00a0Chucka Norrisa<\/h2>\n<p><img decoding=\"async\" src=\"https:\/\/www.sotrender.com\/blog\/wp-content\/uploads\/2017\/08\/f8d8f55d-d69f-4052-84ec-098ce3cc879d_pasted20image200.png\" alt=\"\" \/><\/p>\n<p>Najlepszy post lipca zosta\u0142 udost\u0119pniony ponad p\u00f3\u0142 miliona razy, co jest absolutnym rekordem w historii naszych raport\u00f3w. <a href=\"https:\/\/www.facebook.com\/CyberMarian\/videos\/1557243031015136\/\">To kr\u00f3tkie, p\u00f3\u0142minutowe wideo<\/a>, kt\u00f3re demonstruje za pomoc\u0105 Chucka Norrisa przesyt \u201cDespacito\u201d. Kreatywny pomys\u0142, wykorzystanie ikony popkultury, chwytliwy i aktualny temat, czy\u017cby to by\u0142a idealna metoda na sukces? W przypadku Cyber Mariana sprawdzi\u0142a si\u0119 idealnie &#8211; 200 tysi\u0119cy reakcji, 76 tysi\u0119cy komentarzy, p\u00f3\u0142 miliona udost\u0119pnie\u0144 i awans o 1176 (!) miejsc \u00a0rankingu zaanga\u017cowania m\u00f3wi samo za siebie.<\/p>\n<h2>Gasiuk-Pihowicz pnie si\u0119 w g\u00f3r\u0119 w Facebook Trends<\/h2>\n<p><img decoding=\"async\" src=\"https:\/\/www.sotrender.com\/blog\/wp-content\/uploads\/2017\/08\/a3d991c1-8eb6-4910-a89e-bbe56d9da8c1_pasted20image200.png\" alt=\"\" \/><\/p>\n<p>Od polityki w lipcu nie da\u0142o si\u0119 uciec r\u00f3wnie\u017c na Facebooku. Cho\u0107 to medium du\u017co mniej upolitycznione ni\u017c Twitter, w\u015br\u00f3d najlepszych post\u00f3w miesi\u0105ca znalaz\u0142o si\u0119 kilka po\u015bwi\u0119conych protestom przeciwko reformie s\u0105downictwa, czy postulowanej podwy\u017cce podatku na paliwa &#8211; te dwa tematy budzi\u0142y w ubieg\u0142ym miesi\u0105cu najwi\u0119cej emocji. Podobnie, jak na Twitterze na fali protest\u00f3w najbardziej skorzysta\u0142a jedna z jego liderek, pos\u0142anka Nowoczesnej, Kamila Gasiuk-Pihowicz. W lipcu przyby\u0142o jej 48% fan\u00f3w, dzi\u0119ki czemu jej strona awansowa\u0142a o sze\u015b\u0107 miejsc w zestawieniu najpopularniejszych polityk\u00f3w na Facebooku, wyprzedzaj\u0105c m.in. Barbar\u0119 Nowack\u0105, Radka Sikorskiego czy profil Lecha Kaczy\u0144skiego. <a href=\"https:\/\/www.sotrender.com\/trends\/facebook\/poland\/201707\/osoby\/politycy#engagement\">W rankingu pod wzgl\u0119dem liczby aktywnych u\u017cytkownik\u00f3w<\/a>, strona Gasiuk-Pihowicz uplasowa\u0142a si\u0119 na miejscu dziewi\u0105tym w swojej kategorii. Warto tak\u017ce zwr\u00f3ci\u0107 uwag\u0119 na awans w tej samej kategorii, strony Andrzeja Dudy, kt\u00f3ry po troch\u0119 s\u0142abszym okresie na Facebooku, wraca do czo\u0142\u00f3wki najbardziej anga\u017cuj\u0105cych polityk\u00f3w.<\/p>\n<h2>Raperzy rz\u0105dz\u0105 w Facebook Trends<\/h2>\n<div id=\"attachment_29817\" style=\"width: 1018px\" class=\"wp-caption aligncenter\"><img loading=\"lazy\" decoding=\"async\" aria-describedby=\"caption-attachment-29817\" class=\"size-full wp-image-29817\" src=\"https:\/\/www.sotrender.com\/blog\/wp-content\/uploads\/2017\/08\/Najbardziej-interaktywne-posty-w-kategorii-Muzycy-Facebook-Trends-lipiec-2017.png\" alt=\"Najbardziej interaktywne posty w kategorii Muzycy - Facebook Trends lipiec 2017\" width=\"1008\" height=\"479\" srcset=\"https:\/\/www.sotrender.com\/blog\/wp-content\/uploads\/2017\/08\/Najbardziej-interaktywne-posty-w-kategorii-Muzycy-Facebook-Trends-lipiec-2017.png 1008w, https:\/\/www.sotrender.com\/blog\/wp-content\/uploads\/2017\/08\/Najbardziej-interaktywne-posty-w-kategorii-Muzycy-Facebook-Trends-lipiec-2017-475x226.png 475w, https:\/\/www.sotrender.com\/blog\/wp-content\/uploads\/2017\/08\/Najbardziej-interaktywne-posty-w-kategorii-Muzycy-Facebook-Trends-lipiec-2017-768x365.png 768w, https:\/\/www.sotrender.com\/blog\/wp-content\/uploads\/2017\/08\/Najbardziej-interaktywne-posty-w-kategorii-Muzycy-Facebook-Trends-lipiec-2017-950x451.png 950w\" sizes=\"(max-width: 1008px) 100vw, 1008px\" \/><p id=\"caption-attachment-29817\" class=\"wp-caption-text\">Najbardziej interaktywne posty w kategorii Muzycy &#8211; Facebook Trends lipiec 2017<\/p><\/div>\n<p>W tym miesi\u0105cy postanowili\u015bmy bli\u017cej przyjrze\u0107 si\u0119 muzykom na Facebooku. <a href=\"https:\/\/www.sotrender.com\/trends\/facebook\/poland\/201707\/osoby\/muzycy\">Najpopularniejsi s\u0105 niezmiennie<\/a> Kamil Bendarek i CLEO, kt\u00f3rzy maj\u0105 ponad milion fan\u00f3w. Zaraz za nimi znajduje si\u0119 poka\u017ana reprezentacja raper\u00f3w &#8211; Sobota, Pezet, OSTR i Grubson. Jednak, gdy przyjrzymy si\u0119 najbardziej anga\u017cuj\u0105cym muzykom, uka\u017c si\u0119 zgo\u0142a inny obraz. Najwi\u0119cej aktywnych u\u017cytkownik\u00f3w w lipcu by\u0142o na stronie K\u0119K\u0119, radomskiego rapera, cho\u0107 uby\u0142o mu ich 20%. Najwi\u0119kszy przyrost zaanga\u017cowanych u\u017cytkownik\u00f3w mia\u0142a strona Taco Hemingwaya, warszawskiego rapera, kt\u00f3ry pod koniec lipca po miesi\u0105cach milczenia wypu\u015bci\u0142 nowy album.<\/p>\n<h2 style=\"text-align: center;\"><a href=\"https:\/\/www.sotrender.com\/trends\/facebook\/poland\/201707\">Zapraszamy do lektury raportu Facebook Trends lipiec 2017!<\/a><\/h2>\n","protected":false},"excerpt":{"rendered":"<p>Macie ju\u017c do\u015b\u0107 \u201cDespacito\u201d? Przeboju Luisa Fonsi nie mo\u017ce znie\u015b\u0107 tak\u017ce jeden z polskich jutuber\u00f3w-kabareciarzy. O kogo chodzi i kto pomaga mu si\u0119 rozprawi\u0107 ze znienawidzon\u0105 piosenk\u0105? Dowiecie si\u0119 tego z najnowszego wydania raportu Facebook Trends przygotowanego przez Sotrender!<\/p>\n","protected":false},"author":49,"featured_media":29853,"comment_status":"open","ping_status":"open","sticky":false,"template":"","format":"standard","meta":{"inline_featured_image":false,"footnotes":""},"categories":[2125,2275,1791,1797],"tags":[25,1687,2307,2517,2519],"yoast_head":"<!-- This site is optimized with the Yoast SEO plugin v22.4 - https:\/\/yoast.com\/wordpress\/plugins\/seo\/ -->\n<title>Facebook Trends lipiec 2017 - najpopularniejsze profile i posty<\/title>\n<meta name=\"description\" content=\"Najwa\u017cniejsze wydarzenia na polskim Facebooku w lipcu 2017. Sprawd\u017a kolejne wydanie raportu Facebook Trends przygotowanego przez Sotrender.\" \/>\n<meta name=\"robots\" content=\"index, follow, max-snippet:-1, max-image-preview:large, max-video-preview:-1\" \/>\n<link rel=\"canonical\" href=\"https:\/\/www.sotrender.com\/blog\/pl\/2017\/08\/facebook-trends-lipiec-2017\/\" \/>\n<meta property=\"og:locale\" content=\"pl_PL\" \/>\n<meta property=\"og:type\" content=\"article\" \/>\n<meta property=\"og:title\" content=\"Facebook Trends lipiec 2017 - najpopularniejsze profile i posty\" \/>\n<meta property=\"og:description\" content=\"Najwa\u017cniejsze wydarzenia na polskim Facebooku w lipcu 2017. Sprawd\u017a kolejne wydanie raportu Facebook Trends przygotowanego przez Sotrender.\" \/>\n<meta property=\"og:url\" content=\"https:\/\/www.sotrender.com\/blog\/pl\/2017\/08\/facebook-trends-lipiec-2017\/\" \/>\n<meta property=\"og:site_name\" content=\"Sotrender Blog\" \/>\n<meta property=\"article:publisher\" content=\"https:\/\/www.facebook.com\/Sotrender\" \/>\n<meta property=\"article:published_time\" content=\"2017-08-08T13:14:00+00:00\" \/>\n<meta property=\"article:modified_time\" content=\"2017-08-18T07:45:32+00:00\" \/>\n<meta property=\"og:image\" content=\"https:\/\/www.sotrender.com\/blog\/wp-content\/uploads\/2017\/08\/Facebook-Trends-lipiec-2017.jpg\" \/>\n\t<meta property=\"og:image:width\" content=\"1800\" \/>\n\t<meta property=\"og:image:height\" content=\"1200\" \/>\n\t<meta property=\"og:image:type\" content=\"image\/jpeg\" \/>\n<meta name=\"author\" content=\"Micha\u0142 Wieczorek\" \/>\n<meta name=\"twitter:card\" content=\"summary_large_image\" \/>\n<meta name=\"twitter:creator\" content=\"@http:\/\/twitter.com\/eveningo\" \/>\n<meta name=\"twitter:site\" content=\"@Sotrender\" \/>\n<meta name=\"twitter:label1\" content=\"Written by\" \/>\n\t<meta name=\"twitter:data1\" content=\"Micha\u0142 Wieczorek\" \/>\n\t<meta name=\"twitter:label2\" content=\"Est. reading time\" \/>\n\t<meta name=\"twitter:data2\" content=\"2 minutes\" \/>\n<script type=\"application\/ld+json\" class=\"yoast-schema-graph\">{\"@context\":\"https:\/\/schema.org\",\"@graph\":[{\"@type\":\"WebPage\",\"@id\":\"https:\/\/www.sotrender.com\/blog\/pl\/2017\/08\/facebook-trends-lipiec-2017\/\",\"url\":\"https:\/\/www.sotrender.com\/blog\/pl\/2017\/08\/facebook-trends-lipiec-2017\/\",\"name\":\"Facebook Trends lipiec 2017 - najpopularniejsze profile i posty\",\"isPartOf\":{\"@id\":\"https:\/\/www.sotrender.com\/blog\/#website\"},\"primaryImageOfPage\":{\"@id\":\"https:\/\/www.sotrender.com\/blog\/pl\/2017\/08\/facebook-trends-lipiec-2017\/#primaryimage\"},\"image\":{\"@id\":\"https:\/\/www.sotrender.com\/blog\/pl\/2017\/08\/facebook-trends-lipiec-2017\/#primaryimage\"},\"thumbnailUrl\":\"https:\/\/www.sotrender.com\/blog\/wp-content\/uploads\/2017\/08\/Facebook-Trends-lipiec-2017.jpg\",\"datePublished\":\"2017-08-08T13:14:00+00:00\",\"dateModified\":\"2017-08-18T07:45:32+00:00\",\"author\":{\"@id\":\"https:\/\/www.sotrender.com\/blog\/#\/schema\/person\/48ed6f8ff39863778de8dd32f58467f5\"},\"description\":\"Najwa\u017cniejsze wydarzenia na polskim Facebooku w lipcu 2017. Sprawd\u017a kolejne wydanie raportu Facebook Trends przygotowanego przez Sotrender.\",\"breadcrumb\":{\"@id\":\"https:\/\/www.sotrender.com\/blog\/pl\/2017\/08\/facebook-trends-lipiec-2017\/#breadcrumb\"},\"inLanguage\":\"pl-PL\",\"potentialAction\":[{\"@type\":\"ReadAction\",\"target\":[\"https:\/\/www.sotrender.com\/blog\/pl\/2017\/08\/facebook-trends-lipiec-2017\/\"]}]},{\"@type\":\"ImageObject\",\"inLanguage\":\"pl-PL\",\"@id\":\"https:\/\/www.sotrender.com\/blog\/pl\/2017\/08\/facebook-trends-lipiec-2017\/#primaryimage\",\"url\":\"https:\/\/www.sotrender.com\/blog\/wp-content\/uploads\/2017\/08\/Facebook-Trends-lipiec-2017.jpg\",\"contentUrl\":\"https:\/\/www.sotrender.com\/blog\/wp-content\/uploads\/2017\/08\/Facebook-Trends-lipiec-2017.jpg\",\"width\":1800,\"height\":1200,\"caption\":\"Facebook Trends lipiec 2017\"},{\"@type\":\"BreadcrumbList\",\"@id\":\"https:\/\/www.sotrender.com\/blog\/pl\/2017\/08\/facebook-trends-lipiec-2017\/#breadcrumb\",\"itemListElement\":[{\"@type\":\"ListItem\",\"position\":1,\"name\":\"Home\",\"item\":\"https:\/\/www.sotrender.com\/blog\/\"},{\"@type\":\"ListItem\",\"position\":2,\"name\":\"Facebook Trends lipiec 2017 &#8211; Do\u015b\u0107 &#8220;Despacito&#8221;\"}]},{\"@type\":\"WebSite\",\"@id\":\"https:\/\/www.sotrender.com\/blog\/#website\",\"url\":\"https:\/\/www.sotrender.com\/blog\/\",\"name\":\"Sotrender Blog\",\"description\":\"\",\"potentialAction\":[{\"@type\":\"SearchAction\",\"target\":{\"@type\":\"EntryPoint\",\"urlTemplate\":\"https:\/\/www.sotrender.com\/blog\/?s={search_term_string}\"},\"query-input\":\"required name=search_term_string\"}],\"inLanguage\":\"pl-PL\"},{\"@type\":\"Person\",\"@id\":\"https:\/\/www.sotrender.com\/blog\/#\/schema\/person\/48ed6f8ff39863778de8dd32f58467f5\",\"name\":\"Micha\u0142 Wieczorek\",\"image\":{\"@type\":\"ImageObject\",\"inLanguage\":\"pl-PL\",\"@id\":\"https:\/\/www.sotrender.com\/blog\/#\/schema\/person\/image\/\",\"url\":\"https:\/\/secure.gravatar.com\/avatar\/65ceb2020aa2338488b9c5f33c10137f?s=96&d=mm&r=g\",\"contentUrl\":\"https:\/\/secure.gravatar.com\/avatar\/65ceb2020aa2338488b9c5f33c10137f?s=96&d=mm&r=g\",\"caption\":\"Micha\u0142 Wieczorek\"},\"description\":\"Baltic linguist, marketer, and music journalist in his free time. A big fan of good food and even better music.\",\"sameAs\":[\"https:\/\/www.linkedin.com\/in\/michaldwieczorek\",\"https:\/\/twitter.com\/http:\/\/twitter.com\/eveningo\"],\"url\":\"https:\/\/www.sotrender.com\/blog\/pl\/author\/micha_wieczorek\/\"}]}<\/script>\n<!-- \/ Yoast SEO plugin. -->","yoast_head_json":{"title":"Facebook Trends lipiec 2017 - najpopularniejsze profile i posty","description":"Najwa\u017cniejsze wydarzenia na polskim Facebooku w lipcu 2017. Sprawd\u017a kolejne wydanie raportu Facebook Trends przygotowanego przez Sotrender.","robots":{"index":"index","follow":"follow","max-snippet":"max-snippet:-1","max-image-preview":"max-image-preview:large","max-video-preview":"max-video-preview:-1"},"canonical":"https:\/\/www.sotrender.com\/blog\/pl\/2017\/08\/facebook-trends-lipiec-2017\/","og_locale":"pl_PL","og_type":"article","og_title":"Facebook Trends lipiec 2017 - najpopularniejsze profile i posty","og_description":"Najwa\u017cniejsze wydarzenia na polskim Facebooku w lipcu 2017. Sprawd\u017a kolejne wydanie raportu Facebook Trends przygotowanego przez Sotrender.","og_url":"https:\/\/www.sotrender.com\/blog\/pl\/2017\/08\/facebook-trends-lipiec-2017\/","og_site_name":"Sotrender Blog","article_publisher":"https:\/\/www.facebook.com\/Sotrender","article_published_time":"2017-08-08T13:14:00+00:00","article_modified_time":"2017-08-18T07:45:32+00:00","og_image":[{"width":1800,"height":1200,"url":"https:\/\/www.sotrender.com\/blog\/wp-content\/uploads\/2017\/08\/Facebook-Trends-lipiec-2017.jpg","type":"image\/jpeg"}],"author":"Micha\u0142 Wieczorek","twitter_card":"summary_large_image","twitter_creator":"@http:\/\/twitter.com\/eveningo","twitter_site":"@Sotrender","twitter_misc":{"Written by":"Micha\u0142 Wieczorek","Est. reading time":"2 minutes"},"schema":{"@context":"https:\/\/schema.org","@graph":[{"@type":"WebPage","@id":"https:\/\/www.sotrender.com\/blog\/pl\/2017\/08\/facebook-trends-lipiec-2017\/","url":"https:\/\/www.sotrender.com\/blog\/pl\/2017\/08\/facebook-trends-lipiec-2017\/","name":"Facebook Trends lipiec 2017 - najpopularniejsze profile i posty","isPartOf":{"@id":"https:\/\/www.sotrender.com\/blog\/#website"},"primaryImageOfPage":{"@id":"https:\/\/www.sotrender.com\/blog\/pl\/2017\/08\/facebook-trends-lipiec-2017\/#primaryimage"},"image":{"@id":"https:\/\/www.sotrender.com\/blog\/pl\/2017\/08\/facebook-trends-lipiec-2017\/#primaryimage"},"thumbnailUrl":"https:\/\/www.sotrender.com\/blog\/wp-content\/uploads\/2017\/08\/Facebook-Trends-lipiec-2017.jpg","datePublished":"2017-08-08T13:14:00+00:00","dateModified":"2017-08-18T07:45:32+00:00","author":{"@id":"https:\/\/www.sotrender.com\/blog\/#\/schema\/person\/48ed6f8ff39863778de8dd32f58467f5"},"description":"Najwa\u017cniejsze wydarzenia na polskim Facebooku w lipcu 2017. Sprawd\u017a kolejne wydanie raportu Facebook Trends przygotowanego przez Sotrender.","breadcrumb":{"@id":"https:\/\/www.sotrender.com\/blog\/pl\/2017\/08\/facebook-trends-lipiec-2017\/#breadcrumb"},"inLanguage":"pl-PL","potentialAction":[{"@type":"ReadAction","target":["https:\/\/www.sotrender.com\/blog\/pl\/2017\/08\/facebook-trends-lipiec-2017\/"]}]},{"@type":"ImageObject","inLanguage":"pl-PL","@id":"https:\/\/www.sotrender.com\/blog\/pl\/2017\/08\/facebook-trends-lipiec-2017\/#primaryimage","url":"https:\/\/www.sotrender.com\/blog\/wp-content\/uploads\/2017\/08\/Facebook-Trends-lipiec-2017.jpg","contentUrl":"https:\/\/www.sotrender.com\/blog\/wp-content\/uploads\/2017\/08\/Facebook-Trends-lipiec-2017.jpg","width":1800,"height":1200,"caption":"Facebook Trends lipiec 2017"},{"@type":"BreadcrumbList","@id":"https:\/\/www.sotrender.com\/blog\/pl\/2017\/08\/facebook-trends-lipiec-2017\/#breadcrumb","itemListElement":[{"@type":"ListItem","position":1,"name":"Home","item":"https:\/\/www.sotrender.com\/blog\/"},{"@type":"ListItem","position":2,"name":"Facebook Trends lipiec 2017 &#8211; Do\u015b\u0107 &#8220;Despacito&#8221;"}]},{"@type":"WebSite","@id":"https:\/\/www.sotrender.com\/blog\/#website","url":"https:\/\/www.sotrender.com\/blog\/","name":"Sotrender Blog","description":"","potentialAction":[{"@type":"SearchAction","target":{"@type":"EntryPoint","urlTemplate":"https:\/\/www.sotrender.com\/blog\/?s={search_term_string}"},"query-input":"required name=search_term_string"}],"inLanguage":"pl-PL"},{"@type":"Person","@id":"https:\/\/www.sotrender.com\/blog\/#\/schema\/person\/48ed6f8ff39863778de8dd32f58467f5","name":"Micha\u0142 Wieczorek","image":{"@type":"ImageObject","inLanguage":"pl-PL","@id":"https:\/\/www.sotrender.com\/blog\/#\/schema\/person\/image\/","url":"https:\/\/secure.gravatar.com\/avatar\/65ceb2020aa2338488b9c5f33c10137f?s=96&d=mm&r=g","contentUrl":"https:\/\/secure.gravatar.com\/avatar\/65ceb2020aa2338488b9c5f33c10137f?s=96&d=mm&r=g","caption":"Micha\u0142 Wieczorek"},"description":"Baltic linguist, marketer, and music journalist in his free time. A big fan of good food and even better music.","sameAs":["https:\/\/www.linkedin.com\/in\/michaldwieczorek","https:\/\/twitter.com\/http:\/\/twitter.com\/eveningo"],"url":"https:\/\/www.sotrender.com\/blog\/pl\/author\/micha_wieczorek\/"}]}},"_links":{"self":[{"href":"https:\/\/www.sotrender.com\/blog\/pl\/wp-json\/wp\/v2\/posts\/29807"}],"collection":[{"href":"https:\/\/www.sotrender.com\/blog\/pl\/wp-json\/wp\/v2\/posts"}],"about":[{"href":"https:\/\/www.sotrender.com\/blog\/pl\/wp-json\/wp\/v2\/types\/post"}],"author":[{"embeddable":true,"href":"https:\/\/www.sotrender.com\/blog\/pl\/wp-json\/wp\/v2\/users\/49"}],"replies":[{"embeddable":true,"href":"https:\/\/www.sotrender.com\/blog\/pl\/wp-json\/wp\/v2\/comments?post=29807"}],"version-history":[{"count":9,"href":"https:\/\/www.sotrender.com\/blog\/pl\/wp-json\/wp\/v2\/posts\/29807\/revisions"}],"predecessor-version":[{"id":30013,"href":"https:\/\/www.sotrender.com\/blog\/pl\/wp-json\/wp\/v2\/posts\/29807\/revisions\/30013"}],"wp:featuredmedia":[{"embeddable":true,"href":"https:\/\/www.sotrender.com\/blog\/pl\/wp-json\/wp\/v2\/media\/29853"}],"wp:attachment":[{"href":"https:\/\/www.sotrender.com\/blog\/pl\/wp-json\/wp\/v2\/media?parent=29807"}],"wp:term":[{"taxonomy":"category","embeddable":true,"href":"https:\/\/www.sotrender.com\/blog\/pl\/wp-json\/wp\/v2\/categories?post=29807"},{"taxonomy":"post_tag","embeddable":true,"href":"https:\/\/www.sotrender.com\/blog\/pl\/wp-json\/wp\/v2\/tags?post=29807"}],"curies":[{"name":"wp","href":"https:\/\/api.w.org\/{rel}","templated":true}]}}