{"id":29483,"date":"2017-08-04T08:13:00","date_gmt":"2017-08-04T06:13:00","guid":{"rendered":"https:\/\/www.sotrender.com\/blog\/?p=29483\/"},"modified":"2017-08-04T13:58:34","modified_gmt":"2017-08-04T11:58:34","slug":"twitter-trends-lipiec-2017","status":"publish","type":"post","link":"https:\/\/www.sotrender.com\/blog\/pl\/2017\/08\/twitter-trends-lipiec-2017\/","title":{"rendered":"Twitter Trends lipiec 2017 &#8211; Gor\u0105ce polityczne lato"},"content":{"rendered":"<p>W letnich wydaniach naszych comiesi\u0119cznych raport\u00f3w Trends cz\u0119sto piszemy, \u017ce nie dzieje si\u0119 wiele, \u017ce Polacy rzadziej zagl\u0105daj\u0105 na Twittera czy YouTube. Jednak temperatura na Twitterze w ubieg\u0142ym miesi\u0105cu si\u0119ga\u0142a zenitu. Przede wszystkim w polityce.<\/p>\n<p>Co dzia\u0142o si\u0119 na Twitterze w lipcu? Zapraszamy do lektury <a href=\"https:\/\/www.sotrender.com\/trends\/twitter\/poland\/201707\">najnowszego wydania raportu Twitter Trends<\/a> przygotowanego przez <a href=\"http:\/\/sotrender.com\/pl\">Sotrender<\/a>!<\/p>\n<h2>Fake news o (nie)podaniu r\u0119ki<\/h2>\n<div id=\"attachment_29487\" style=\"width: 978px\" class=\"wp-caption aligncenter\"><img loading=\"lazy\" decoding=\"async\" aria-describedby=\"caption-attachment-29487\" class=\"size-full wp-image-29487\" src=\"https:\/\/www.sotrender.com\/blog\/wp-content\/uploads\/2017\/08\/Najlepsze-tweety-Twitter-Trends-lipiec-2017.png\" alt=\"Najlepsze tweety - Twitter Trends lipiec 2017\" width=\"968\" height=\"899\" srcset=\"https:\/\/www.sotrender.com\/blog\/wp-content\/uploads\/2017\/08\/Najlepsze-tweety-Twitter-Trends-lipiec-2017.png 968w, https:\/\/www.sotrender.com\/blog\/wp-content\/uploads\/2017\/08\/Najlepsze-tweety-Twitter-Trends-lipiec-2017-475x441.png 475w, https:\/\/www.sotrender.com\/blog\/wp-content\/uploads\/2017\/08\/Najlepsze-tweety-Twitter-Trends-lipiec-2017-768x713.png 768w, https:\/\/www.sotrender.com\/blog\/wp-content\/uploads\/2017\/08\/Najlepsze-tweety-Twitter-Trends-lipiec-2017-950x882.png 950w\" sizes=\"(max-width: 968px) 100vw, 968px\" \/><p id=\"caption-attachment-29487\" class=\"wp-caption-text\">Najlepsze tweety &#8211; <a href=\"https:\/\/www.sotrender.com\/trends\/twitter\/poland\/201707\">Twitter Trends lipiec 2017<\/a><\/p><\/div>\n<p>Najwa\u017cniejszym wydarzeniem pierwszych dni lipca by\u0142a niew\u0105tpliwie wizyta w Warszawie prezydenta USA <strong>Donalda<\/strong> <strong>Trumpa<\/strong>, kt\u00f3rej kulminacj\u0105 by\u0142o przem\u00f3wienie na placu Krasi\u0144skich. Nie oby\u0142o si\u0119 bez kontrowersji, viralem sta\u0142 si\u0119 GIF, na kt\u00f3rym <strong>Agata Duda<\/strong> nie odwzajemnia u\u015bcisku d\u0142oni ameryka\u0144skiego przyw\u00f3dcy, a kieruje si\u0119 do jego \u017cony. Tweet polskiego prezydenta, w kt\u00f3rym zapewnia, \u017ce jednak do u\u015bcisku d\u0142oni dosz\u0142o i wzywa do walki z fake newsami sta\u0142 si\u0119 najpopularniejszym tweetem miesi\u0105ca. Polubi\u0142o go <strong>95 tysi\u0119cy<\/strong>,a poda\u0142o dalej<strong> 43 tysi\u0105ce<\/strong> u\u017cytkownik\u00f3w Twittera.<\/p>\n<h2>#wolnes\u0105dy na Twitterze<\/h2>\n<div id=\"attachment_29489\" style=\"width: 983px\" class=\"wp-caption aligncenter\"><img loading=\"lazy\" decoding=\"async\" aria-describedby=\"caption-attachment-29489\" class=\"size-full wp-image-29489\" src=\"https:\/\/www.sotrender.com\/blog\/wp-content\/uploads\/2017\/08\/Najcz\u0119\u015bciej-wspominane-profile-na-Twitterze-Twitter-Trends-lipiec-2017.png\" alt=\"Najcz\u0119\u015bciej wspominane profile na Twitterze - Twitter Trends lipiec 2017\" width=\"973\" height=\"505\" srcset=\"https:\/\/www.sotrender.com\/blog\/wp-content\/uploads\/2017\/08\/Najcz\u0119\u015bciej-wspominane-profile-na-Twitterze-Twitter-Trends-lipiec-2017.png 973w, https:\/\/www.sotrender.com\/blog\/wp-content\/uploads\/2017\/08\/Najcz\u0119\u015bciej-wspominane-profile-na-Twitterze-Twitter-Trends-lipiec-2017-475x247.png 475w, https:\/\/www.sotrender.com\/blog\/wp-content\/uploads\/2017\/08\/Najcz\u0119\u015bciej-wspominane-profile-na-Twitterze-Twitter-Trends-lipiec-2017-768x399.png 768w, https:\/\/www.sotrender.com\/blog\/wp-content\/uploads\/2017\/08\/Najcz\u0119\u015bciej-wspominane-profile-na-Twitterze-Twitter-Trends-lipiec-2017-950x493.png 950w\" sizes=\"(max-width: 973px) 100vw, 973px\" \/><p id=\"caption-attachment-29489\" class=\"wp-caption-text\">Najcz\u0119\u015bciej wspominane profile na Twitterze &#8211; <a href=\"https:\/\/www.sotrender.com\/trends\/twitter\/poland\/201707\">Twitter Trends lipiec 2017<\/a><\/p><\/div>\n<p>Wi\u0119kszo\u015b\u0107 lipca up\u0142yn\u0119\u0142a pod znakiem protest\u00f3w przeciwko <strong>reformie s\u0105downictwa<\/strong>. Na Twitterze zyskali na tym przede wszystkim politycy zaanga\u017cowani w sp\u00f3r, zar\u00f3wno partii rz\u0105dz\u0105cej, jak i opozycji. <strong>Kamila Gasiuk-Pihowicz<\/strong>, jedna z nieformalnych liderek protest\u00f3w w rankingu najcz\u0119\u015bciej wspominanych profili na polskim twitterze awansowa\u0142a o 13 miejsc na <strong>10. pozycj\u0119<\/strong>. Natomiast w rankingu aktywno\u015bci sporym wzrostem mo\u017ce pochwali\u0107 si\u0119 wicemarsza\u0142ek Sejmu <strong>Joachim Brudzi\u0144ski<\/strong> awansowa\u0142 a\u017c o <strong>47 miejsc<\/strong>. Z drugiej strony, premier <strong>Beata Szyd\u0142o<\/strong> by\u0142a podczas protest\u00f3w nieobecna i wida\u0107 to bardzo wyra\u017anie w zestawieniu Twitter Trends, jej profil w rankingu pod wzgl\u0119dem wzmianek <strong>spad\u0142 o 11 pozycji<\/strong>.<\/p>\n<p>Innym wygranym protest\u00f3w na Twitterze jest <strong>Andrzej Duda<\/strong>, kt\u00f3ry awansowa\u0142 o kolejne dwa miejsca w rankingu najwi\u0119kszych polskich kont na Twitterze. W lipcu przyby\u0142o mu <strong>8% nowych obserwuj\u0105cych<\/strong>, co cz\u0119\u015bciowo jest efektem zawetowania przez Dud\u0119 dw\u00f3ch z trzech kontrowersyjnych ustaw.<\/p>\n<h2>Tour de Twitter<\/h2>\n<p><img loading=\"lazy\" decoding=\"async\" class=\"aligncenter size-articleincontent wp-image-29491\" src=\"https:\/\/www.sotrender.com\/blog\/wp-content\/uploads\/2017\/08\/Najcz\u0119\u015bcie-wspominani-sportowcy-na-Twitterze-Twitter-Trends-lipiec-2017.png\" alt=\"\" width=\"1035\" height=\"504\" srcset=\"https:\/\/www.sotrender.com\/blog\/wp-content\/uploads\/2017\/08\/Najcz\u0119\u015bcie-wspominani-sportowcy-na-Twitterze-Twitter-Trends-lipiec-2017.png 1035w, https:\/\/www.sotrender.com\/blog\/wp-content\/uploads\/2017\/08\/Najcz\u0119\u015bcie-wspominani-sportowcy-na-Twitterze-Twitter-Trends-lipiec-2017-475x231.png 475w, https:\/\/www.sotrender.com\/blog\/wp-content\/uploads\/2017\/08\/Najcz\u0119\u015bcie-wspominani-sportowcy-na-Twitterze-Twitter-Trends-lipiec-2017-768x374.png 768w, https:\/\/www.sotrender.com\/blog\/wp-content\/uploads\/2017\/08\/Najcz\u0119\u015bcie-wspominani-sportowcy-na-Twitterze-Twitter-Trends-lipiec-2017-950x463.png 950w\" sizes=\"(max-width: 1035px) 100vw, 1035px\" \/><\/p>\n<p>W najbardziej presti\u017cowym wy\u015bcigu kolarskim po raz kolejny brali udzia\u0142 jedni z najlepszych polskich kolarzy &#8211;\u00a0<strong>Micha\u0142<\/strong> <strong>Kwiatkowski i Rafa\u0142 Majka<\/strong>. Niestety, z powodu wypadku Majka nie uko\u0144czy\u0142 Touru i wycofa\u0142 si\u0119 z rywallizacji. Z kolei zesp\u00f3\u0142 Kwiatkowskiego (Sky) wygra\u0142 rywalizacj\u0119 a jego tweety dotycz\u0105ce imprezy znalaz\u0142y si\u0119 w\u015br\u00f3d najlepszych \u0107wierk\u00f3w opublikowanych w ubieg\u0142ym miesi\u0105cu.<\/p>\n<h2 style=\"text-align: center;\"><a href=\"https:\/\/www.sotrender.com\/trends\/twitter\/poland\/201707\">Zapraszamy do lektury raportu Twitter Trends lipiec 2017!<\/a><\/h2>\n","protected":false},"excerpt":{"rendered":"<p>W letnich wydaniach naszych comiesi\u0119cznych raport\u00f3w Trends cz\u0119sto piszemy, \u017ce nie dzieje si\u0119 wiele, \u017ce Polacy rzadziej zagl\u0105daj\u0105 na Twittera czy YouTube. Jednak temperatura na Twitterze w ubieg\u0142ym miesi\u0105cu si\u0119ga\u0142a zenitu. Przede wszystkim w polityce. Co dzia\u0142o si\u0119 na Twitterze w lipcu? Zapraszamy do lektury najnowszego wydania raportu Twitter Trends przygotowanego przez Sotrender! Fake news [&hellip;]<\/p>\n","protected":false},"author":49,"featured_media":29505,"comment_status":"open","ping_status":"open","sticky":false,"template":"","format":"standard","meta":{"inline_featured_image":false,"footnotes":""},"categories":[1791,1799,2125],"tags":[515,825,889,2021],"yoast_head":"<!-- This site is optimized with the Yoast SEO plugin v22.4 - https:\/\/yoast.com\/wordpress\/plugins\/seo\/ -->\n<title>Polityka zdominowa\u0142a lipcowy raport Twitter Trends<\/title>\n<meta name=\"description\" content=\"Polityka na Twitterze zn\u00f3w najbardziej wyra\u017ana i podgrzewa temperatur\u0119 dyskusji! Sprawd\u017a o czym \u0107wierkali\u015bmy w lipcu 2017 r.\" \/>\n<meta name=\"robots\" content=\"index, follow, max-snippet:-1, max-image-preview:large, max-video-preview:-1\" \/>\n<link rel=\"canonical\" href=\"https:\/\/www.sotrender.com\/blog\/pl\/2017\/08\/twitter-trends-lipiec-2017\/\" \/>\n<meta property=\"og:locale\" content=\"pl_PL\" \/>\n<meta property=\"og:type\" content=\"article\" \/>\n<meta property=\"og:title\" content=\"Polityka zdominowa\u0142a lipcowy raport Twitter Trends\" \/>\n<meta property=\"og:description\" content=\"Polityka na Twitterze zn\u00f3w najbardziej wyra\u017ana i podgrzewa temperatur\u0119 dyskusji! Sprawd\u017a o czym \u0107wierkali\u015bmy w lipcu 2017 r.\" \/>\n<meta property=\"og:url\" content=\"https:\/\/www.sotrender.com\/blog\/pl\/2017\/08\/twitter-trends-lipiec-2017\/\" \/>\n<meta property=\"og:site_name\" content=\"Sotrender Blog\" \/>\n<meta property=\"article:publisher\" content=\"https:\/\/www.facebook.com\/Sotrender\" \/>\n<meta property=\"article:published_time\" content=\"2017-08-04T06:13:00+00:00\" \/>\n<meta property=\"article:modified_time\" content=\"2017-08-04T11:58:34+00:00\" \/>\n<meta property=\"og:image\" content=\"https:\/\/www.sotrender.com\/blog\/wp-content\/uploads\/2017\/08\/twitter-trends-lipiec-2017.jpg\" \/>\n\t<meta property=\"og:image:width\" content=\"1800\" \/>\n\t<meta property=\"og:image:height\" content=\"1200\" \/>\n\t<meta property=\"og:image:type\" content=\"image\/jpeg\" \/>\n<meta name=\"author\" content=\"Micha\u0142 Wieczorek\" \/>\n<meta name=\"twitter:card\" content=\"summary_large_image\" \/>\n<meta name=\"twitter:creator\" content=\"@http:\/\/twitter.com\/eveningo\" \/>\n<meta name=\"twitter:site\" content=\"@Sotrender\" \/>\n<meta name=\"twitter:label1\" content=\"Written by\" \/>\n\t<meta name=\"twitter:data1\" content=\"Micha\u0142 Wieczorek\" \/>\n\t<meta name=\"twitter:label2\" content=\"Est. reading time\" \/>\n\t<meta name=\"twitter:data2\" content=\"2 minutes\" \/>\n<script type=\"application\/ld+json\" class=\"yoast-schema-graph\">{\"@context\":\"https:\/\/schema.org\",\"@graph\":[{\"@type\":\"WebPage\",\"@id\":\"https:\/\/www.sotrender.com\/blog\/pl\/2017\/08\/twitter-trends-lipiec-2017\/\",\"url\":\"https:\/\/www.sotrender.com\/blog\/pl\/2017\/08\/twitter-trends-lipiec-2017\/\",\"name\":\"Polityka zdominowa\u0142a lipcowy raport Twitter Trends\",\"isPartOf\":{\"@id\":\"https:\/\/www.sotrender.com\/blog\/#website\"},\"primaryImageOfPage\":{\"@id\":\"https:\/\/www.sotrender.com\/blog\/pl\/2017\/08\/twitter-trends-lipiec-2017\/#primaryimage\"},\"image\":{\"@id\":\"https:\/\/www.sotrender.com\/blog\/pl\/2017\/08\/twitter-trends-lipiec-2017\/#primaryimage\"},\"thumbnailUrl\":\"https:\/\/www.sotrender.com\/blog\/wp-content\/uploads\/2017\/08\/twitter-trends-lipiec-2017.jpg\",\"datePublished\":\"2017-08-04T06:13:00+00:00\",\"dateModified\":\"2017-08-04T11:58:34+00:00\",\"author\":{\"@id\":\"https:\/\/www.sotrender.com\/blog\/#\/schema\/person\/48ed6f8ff39863778de8dd32f58467f5\"},\"description\":\"Polityka na Twitterze zn\u00f3w najbardziej wyra\u017ana i podgrzewa temperatur\u0119 dyskusji! Sprawd\u017a o czym \u0107wierkali\u015bmy w lipcu 2017 r.\",\"breadcrumb\":{\"@id\":\"https:\/\/www.sotrender.com\/blog\/pl\/2017\/08\/twitter-trends-lipiec-2017\/#breadcrumb\"},\"inLanguage\":\"pl-PL\",\"potentialAction\":[{\"@type\":\"ReadAction\",\"target\":[\"https:\/\/www.sotrender.com\/blog\/pl\/2017\/08\/twitter-trends-lipiec-2017\/\"]}]},{\"@type\":\"ImageObject\",\"inLanguage\":\"pl-PL\",\"@id\":\"https:\/\/www.sotrender.com\/blog\/pl\/2017\/08\/twitter-trends-lipiec-2017\/#primaryimage\",\"url\":\"https:\/\/www.sotrender.com\/blog\/wp-content\/uploads\/2017\/08\/twitter-trends-lipiec-2017.jpg\",\"contentUrl\":\"https:\/\/www.sotrender.com\/blog\/wp-content\/uploads\/2017\/08\/twitter-trends-lipiec-2017.jpg\",\"width\":1800,\"height\":1200},{\"@type\":\"BreadcrumbList\",\"@id\":\"https:\/\/www.sotrender.com\/blog\/pl\/2017\/08\/twitter-trends-lipiec-2017\/#breadcrumb\",\"itemListElement\":[{\"@type\":\"ListItem\",\"position\":1,\"name\":\"Home\",\"item\":\"https:\/\/www.sotrender.com\/blog\/\"},{\"@type\":\"ListItem\",\"position\":2,\"name\":\"Twitter Trends lipiec 2017 &#8211; Gor\u0105ce polityczne lato\"}]},{\"@type\":\"WebSite\",\"@id\":\"https:\/\/www.sotrender.com\/blog\/#website\",\"url\":\"https:\/\/www.sotrender.com\/blog\/\",\"name\":\"Sotrender Blog\",\"description\":\"\",\"potentialAction\":[{\"@type\":\"SearchAction\",\"target\":{\"@type\":\"EntryPoint\",\"urlTemplate\":\"https:\/\/www.sotrender.com\/blog\/?s={search_term_string}\"},\"query-input\":\"required name=search_term_string\"}],\"inLanguage\":\"pl-PL\"},{\"@type\":\"Person\",\"@id\":\"https:\/\/www.sotrender.com\/blog\/#\/schema\/person\/48ed6f8ff39863778de8dd32f58467f5\",\"name\":\"Micha\u0142 Wieczorek\",\"image\":{\"@type\":\"ImageObject\",\"inLanguage\":\"pl-PL\",\"@id\":\"https:\/\/www.sotrender.com\/blog\/#\/schema\/person\/image\/\",\"url\":\"https:\/\/secure.gravatar.com\/avatar\/65ceb2020aa2338488b9c5f33c10137f?s=96&d=mm&r=g\",\"contentUrl\":\"https:\/\/secure.gravatar.com\/avatar\/65ceb2020aa2338488b9c5f33c10137f?s=96&d=mm&r=g\",\"caption\":\"Micha\u0142 Wieczorek\"},\"description\":\"Baltic linguist, marketer, and music journalist in his free time. A big fan of good food and even better music.\",\"sameAs\":[\"https:\/\/www.linkedin.com\/in\/michaldwieczorek\",\"https:\/\/twitter.com\/http:\/\/twitter.com\/eveningo\"],\"url\":\"https:\/\/www.sotrender.com\/blog\/pl\/author\/micha_wieczorek\/\"}]}<\/script>\n<!-- \/ Yoast SEO plugin. -->","yoast_head_json":{"title":"Polityka zdominowa\u0142a lipcowy raport Twitter Trends","description":"Polityka na Twitterze zn\u00f3w najbardziej wyra\u017ana i podgrzewa temperatur\u0119 dyskusji! Sprawd\u017a o czym \u0107wierkali\u015bmy w lipcu 2017 r.","robots":{"index":"index","follow":"follow","max-snippet":"max-snippet:-1","max-image-preview":"max-image-preview:large","max-video-preview":"max-video-preview:-1"},"canonical":"https:\/\/www.sotrender.com\/blog\/pl\/2017\/08\/twitter-trends-lipiec-2017\/","og_locale":"pl_PL","og_type":"article","og_title":"Polityka zdominowa\u0142a lipcowy raport Twitter Trends","og_description":"Polityka na Twitterze zn\u00f3w najbardziej wyra\u017ana i podgrzewa temperatur\u0119 dyskusji! Sprawd\u017a o czym \u0107wierkali\u015bmy w lipcu 2017 r.","og_url":"https:\/\/www.sotrender.com\/blog\/pl\/2017\/08\/twitter-trends-lipiec-2017\/","og_site_name":"Sotrender Blog","article_publisher":"https:\/\/www.facebook.com\/Sotrender","article_published_time":"2017-08-04T06:13:00+00:00","article_modified_time":"2017-08-04T11:58:34+00:00","og_image":[{"width":1800,"height":1200,"url":"https:\/\/www.sotrender.com\/blog\/wp-content\/uploads\/2017\/08\/twitter-trends-lipiec-2017.jpg","type":"image\/jpeg"}],"author":"Micha\u0142 Wieczorek","twitter_card":"summary_large_image","twitter_creator":"@http:\/\/twitter.com\/eveningo","twitter_site":"@Sotrender","twitter_misc":{"Written by":"Micha\u0142 Wieczorek","Est. reading time":"2 minutes"},"schema":{"@context":"https:\/\/schema.org","@graph":[{"@type":"WebPage","@id":"https:\/\/www.sotrender.com\/blog\/pl\/2017\/08\/twitter-trends-lipiec-2017\/","url":"https:\/\/www.sotrender.com\/blog\/pl\/2017\/08\/twitter-trends-lipiec-2017\/","name":"Polityka zdominowa\u0142a lipcowy raport Twitter Trends","isPartOf":{"@id":"https:\/\/www.sotrender.com\/blog\/#website"},"primaryImageOfPage":{"@id":"https:\/\/www.sotrender.com\/blog\/pl\/2017\/08\/twitter-trends-lipiec-2017\/#primaryimage"},"image":{"@id":"https:\/\/www.sotrender.com\/blog\/pl\/2017\/08\/twitter-trends-lipiec-2017\/#primaryimage"},"thumbnailUrl":"https:\/\/www.sotrender.com\/blog\/wp-content\/uploads\/2017\/08\/twitter-trends-lipiec-2017.jpg","datePublished":"2017-08-04T06:13:00+00:00","dateModified":"2017-08-04T11:58:34+00:00","author":{"@id":"https:\/\/www.sotrender.com\/blog\/#\/schema\/person\/48ed6f8ff39863778de8dd32f58467f5"},"description":"Polityka na Twitterze zn\u00f3w najbardziej wyra\u017ana i podgrzewa temperatur\u0119 dyskusji! Sprawd\u017a o czym \u0107wierkali\u015bmy w lipcu 2017 r.","breadcrumb":{"@id":"https:\/\/www.sotrender.com\/blog\/pl\/2017\/08\/twitter-trends-lipiec-2017\/#breadcrumb"},"inLanguage":"pl-PL","potentialAction":[{"@type":"ReadAction","target":["https:\/\/www.sotrender.com\/blog\/pl\/2017\/08\/twitter-trends-lipiec-2017\/"]}]},{"@type":"ImageObject","inLanguage":"pl-PL","@id":"https:\/\/www.sotrender.com\/blog\/pl\/2017\/08\/twitter-trends-lipiec-2017\/#primaryimage","url":"https:\/\/www.sotrender.com\/blog\/wp-content\/uploads\/2017\/08\/twitter-trends-lipiec-2017.jpg","contentUrl":"https:\/\/www.sotrender.com\/blog\/wp-content\/uploads\/2017\/08\/twitter-trends-lipiec-2017.jpg","width":1800,"height":1200},{"@type":"BreadcrumbList","@id":"https:\/\/www.sotrender.com\/blog\/pl\/2017\/08\/twitter-trends-lipiec-2017\/#breadcrumb","itemListElement":[{"@type":"ListItem","position":1,"name":"Home","item":"https:\/\/www.sotrender.com\/blog\/"},{"@type":"ListItem","position":2,"name":"Twitter Trends lipiec 2017 &#8211; Gor\u0105ce polityczne lato"}]},{"@type":"WebSite","@id":"https:\/\/www.sotrender.com\/blog\/#website","url":"https:\/\/www.sotrender.com\/blog\/","name":"Sotrender Blog","description":"","potentialAction":[{"@type":"SearchAction","target":{"@type":"EntryPoint","urlTemplate":"https:\/\/www.sotrender.com\/blog\/?s={search_term_string}"},"query-input":"required name=search_term_string"}],"inLanguage":"pl-PL"},{"@type":"Person","@id":"https:\/\/www.sotrender.com\/blog\/#\/schema\/person\/48ed6f8ff39863778de8dd32f58467f5","name":"Micha\u0142 Wieczorek","image":{"@type":"ImageObject","inLanguage":"pl-PL","@id":"https:\/\/www.sotrender.com\/blog\/#\/schema\/person\/image\/","url":"https:\/\/secure.gravatar.com\/avatar\/65ceb2020aa2338488b9c5f33c10137f?s=96&d=mm&r=g","contentUrl":"https:\/\/secure.gravatar.com\/avatar\/65ceb2020aa2338488b9c5f33c10137f?s=96&d=mm&r=g","caption":"Micha\u0142 Wieczorek"},"description":"Baltic linguist, marketer, and music journalist in his free time. A big fan of good food and even better music.","sameAs":["https:\/\/www.linkedin.com\/in\/michaldwieczorek","https:\/\/twitter.com\/http:\/\/twitter.com\/eveningo"],"url":"https:\/\/www.sotrender.com\/blog\/pl\/author\/micha_wieczorek\/"}]}},"_links":{"self":[{"href":"https:\/\/www.sotrender.com\/blog\/pl\/wp-json\/wp\/v2\/posts\/29483"}],"collection":[{"href":"https:\/\/www.sotrender.com\/blog\/pl\/wp-json\/wp\/v2\/posts"}],"about":[{"href":"https:\/\/www.sotrender.com\/blog\/pl\/wp-json\/wp\/v2\/types\/post"}],"author":[{"embeddable":true,"href":"https:\/\/www.sotrender.com\/blog\/pl\/wp-json\/wp\/v2\/users\/49"}],"replies":[{"embeddable":true,"href":"https:\/\/www.sotrender.com\/blog\/pl\/wp-json\/wp\/v2\/comments?post=29483"}],"version-history":[{"count":9,"href":"https:\/\/www.sotrender.com\/blog\/pl\/wp-json\/wp\/v2\/posts\/29483\/revisions"}],"predecessor-version":[{"id":29677,"href":"https:\/\/www.sotrender.com\/blog\/pl\/wp-json\/wp\/v2\/posts\/29483\/revisions\/29677"}],"wp:featuredmedia":[{"embeddable":true,"href":"https:\/\/www.sotrender.com\/blog\/pl\/wp-json\/wp\/v2\/media\/29505"}],"wp:attachment":[{"href":"https:\/\/www.sotrender.com\/blog\/pl\/wp-json\/wp\/v2\/media?parent=29483"}],"wp:term":[{"taxonomy":"category","embeddable":true,"href":"https:\/\/www.sotrender.com\/blog\/pl\/wp-json\/wp\/v2\/categories?post=29483"},{"taxonomy":"post_tag","embeddable":true,"href":"https:\/\/www.sotrender.com\/blog\/pl\/wp-json\/wp\/v2\/tags?post=29483"}],"curies":[{"name":"wp","href":"https:\/\/api.w.org\/{rel}","templated":true}]}}