{"id":29381,"date":"2017-08-03T10:44:41","date_gmt":"2017-08-03T08:44:41","guid":{"rendered":"https:\/\/www.sotrender.com\/blog\/?p=29381\/"},"modified":"2017-08-03T12:10:56","modified_gmt":"2017-08-03T10:10:56","slug":"instagram-trends-lipiec-2017-sportowe-sukcesy-ciesza-najbardziej","status":"publish","type":"post","link":"https:\/\/www.sotrender.com\/blog\/pl\/2017\/08\/instagram-trends-lipiec-2017-sportowe-sukcesy-ciesza-najbardziej\/","title":{"rendered":"Instagram Trends lipiec 2017 &#8211; sportowe sukcesy ciesz\u0105 najbardziej"},"content":{"rendered":"<p>Lipiec by\u0142 miesi\u0105cem, kiedy po raz kolejny na polskim Instagramie kr\u00f3lowa\u0142 sport. Standardowo prym wiedli pi\u0142karze, ale nie dali o sobie zapomnie\u0107 r\u00f3wnie\u017c inni sportowcy i trenerzy personalni. Poza tym by\u0142o stosunkowo spokojnie i leniwie &#8211; jak na wakacje przysta\u0142o.<\/p>\n<p>Co dok\u0142adnie wydarzy\u0142o si\u0119 w minionym miesi\u0105cu na polskim Instagramie? O tym jak zawsze przeczytacie wi\u0119cej w raporcie <a href=\"https:\/\/www.sotrender.com\/trends\/instagram\/poland\/201707\" target=\"_blank\" rel=\"noopener\"><strong>Instagram Trends lipiec 2017<\/strong><\/a>!<\/p>\n<p><!--more--><\/p>\n<h2>Forza Juve!<\/h2>\n<p>Cho\u0107 wydaje si\u0119, \u017ce d\u0142ugo jeszcze b\u0119dziemy musieli czeka\u0107 a\u017c komu\u015b naprawd\u0119 uda si\u0119 przy\u0107mi\u0107 s\u0142aw\u0119 Roberta Lewandowskiego (ponownie nale\u017c\u0105 do niego najlepsze posty miesi\u0105ca jak i dominacja pod wzgl\u0119dem liczby obserwator\u00f3w), od pewnego czasu inni polscy pi\u0142karze zaczynaj\u0105 \u201cdochodzi\u0107 do g\u0142osu\u201d. Jednym z nich jest <span style=\"text-decoration: underline;\"><a href=\"https:\/\/www.instagram.com\/wojciech.szczesny1\/\"><strong>Wojciech Szcz\u0119sny<\/strong><\/a><\/span><strong>,<\/strong> kt\u00f3ry w minionym miesi\u0105cu zosta\u0142 pi\u0142karzem klubu Juventus. Transfer ten zapewni\u0142 mu r\u00f3wnie\u017c <strong>8% przyrost obserwator\u00f3w na Instagramie,<\/strong>\u00a0plasuj\u0105c go na 5. pozycji w rankingu.<\/p>\n<div id=\"attachment_29431\" style=\"width: 799px\" class=\"wp-caption aligncenter\"><img loading=\"lazy\" decoding=\"async\" aria-describedby=\"caption-attachment-29431\" class=\"wp-image-29431 size-full\" src=\"https:\/\/www.sotrender.com\/blog\/wp-content\/uploads\/2017\/08\/insta-07-2017-szczesny.png\" alt=\"Instagram, pi\u0142karz, Wojciech Szcz\u0119sny\" width=\"789\" height=\"240\" srcset=\"https:\/\/www.sotrender.com\/blog\/wp-content\/uploads\/2017\/08\/insta-07-2017-szczesny.png 789w, https:\/\/www.sotrender.com\/blog\/wp-content\/uploads\/2017\/08\/insta-07-2017-szczesny-475x144.png 475w, https:\/\/www.sotrender.com\/blog\/wp-content\/uploads\/2017\/08\/insta-07-2017-szczesny-768x234.png 768w\" sizes=\"(max-width: 789px) 100vw, 789px\" \/><p id=\"caption-attachment-29431\" class=\"wp-caption-text\">Instagram Trends Polska lipiec 2017 &#8211; najwi\u0119ksze profile<\/p><\/div>\n<p>Sportowe sukcesy pi\u0142karza zapewni\u0142y mu miejsce w najlepszej 15 wszystkich post\u00f3w polskiego Instagrama w lipcu. R\u00f3wnie\u017c 4 z 6 jego najlepszych post\u00f3w dotyczy\u0142o w\u0142a\u015bnie tego wydarzenia z jego \u017cycia. Z kolei w <a href=\"https:\/\/www.sotrender.com\/trends\/instagram\/poland\/201707\/osoby\" target=\"_blank\" rel=\"noopener\">kategorii Osoby<\/a>\u00a0Szcz\u0119sny odnotowa\u0142 wzrost a\u017c o 37 pozycji w rankingu zaanga\u017cowania (z liczb\u0105 75 882 aktywno\u015bci na post), plasuj\u0105c si\u0119 na 13. pozycji.<\/p>\n<div style=\"width: 1331px\" class=\"wp-caption aligncenter\"><img loading=\"lazy\" decoding=\"async\" title=\"Wojciech Szcz\u0119sny, Instagram, Juventus\" src=\"https:\/\/www.sotrender.com\/blog\/wp-content\/uploads\/2017\/08\/7f65de30-b95f-4453-b21b-6d6a9c262553_szczesny20najlepsze20posty.png\" alt=\"Wojciech Szcz\u0119sny, Instagram, Juventus\" width=\"1321\" height=\"665\" \/><p class=\"wp-caption-text\">Wojciech Szcz\u0119sny &#8211; najlepsze posty na Instagramie | lipiec 2017<\/p><\/div>\n<h2>Nie tylko pi\u0142ka no\u017cna<\/h2>\n<p>W lipcu stosunkowo du\u017co \u201cdzia\u0142o si\u0119\u201d tak\u017ce wok\u00f3\u0142 innych sportowc\u00f3w i ich, nie tylko sportowych, osi\u0105gni\u0119\u0107.<\/p>\n<div id=\"attachment_29437\" style=\"width: 789px\" class=\"wp-caption aligncenter\"><img loading=\"lazy\" decoding=\"async\" aria-describedby=\"caption-attachment-29437\" class=\"wp-image-29437 size-full\" src=\"https:\/\/www.sotrender.com\/blog\/wp-content\/uploads\/2017\/08\/insta-lipiec-sportowcy-zaangazowanie.png\" alt=\"Instagram, sportowcy, pi\u0142karze\" width=\"779\" height=\"682\" srcset=\"https:\/\/www.sotrender.com\/blog\/wp-content\/uploads\/2017\/08\/insta-lipiec-sportowcy-zaangazowanie.png 779w, https:\/\/www.sotrender.com\/blog\/wp-content\/uploads\/2017\/08\/insta-lipiec-sportowcy-zaangazowanie-475x416.png 475w, https:\/\/www.sotrender.com\/blog\/wp-content\/uploads\/2017\/08\/insta-lipiec-sportowcy-zaangazowanie-768x672.png 768w\" sizes=\"(max-width: 779px) 100vw, 779px\" \/><p id=\"caption-attachment-29437\" class=\"wp-caption-text\">Instagram Trends Polska lipiec 2017 &#8211; Sportowcy | zaanga\u017cowanie<\/p><\/div>\n<p><strong><span style=\"text-decoration: underline;\"><a href=\"https:\/\/www.instagram.com\/aradwanska\/\">Agnieszka Radwa\u0144ska<\/a><\/span><\/strong>, kt\u00f3ra powiedzia\u0142a chyba najwa\u017cniejsze TAK w swoim \u017cyciu, ponownie rozbudzi\u0142a zainteresowanie swoj\u0105 osob\u0105 w\u015br\u00f3d fan\u00f3w. <strong><span style=\"text-decoration: underline;\"><a href=\"https:\/\/www.instagram.com\/p\/BW5O1T3lVyS\/?taken-by=aradwanska\">Jej \u015blubny post<\/a><\/span><\/strong>\u00a0mia\u0142 ponad 40 ty\u015b polubie\u0144 (czyli niespe\u0142na 4x wi\u0119cej ni\u017c przeci\u0119tnie) i da\u0142 jej awans a\u017c o 18 pozycji. Ostatecznie tenisistka uplasowa\u0142a si\u0119 na 18 miejscu w kategorii Osoby, przy wysokim, bo a\u017c <strong>10% wzro\u015bcie og\u00f3lnej liczby obserwator\u00f3w<\/strong>.<\/p>\n<p>By\u0142y skoki narciarskie, by\u0142o p\u0142ywanie, zakorzeni\u0142o si\u0119 te\u017c kilka innych dyscyplin sportu w \u015bwiadomo\u015bci Polak\u00f3w. Od jakiego\u015b czasu popularno\u015bci\u0105 cieszy si\u0119 z kolei <strong>kolarstwo<\/strong>. W lipcu <span style=\"text-decoration: underline;\"><a href=\"https:\/\/www.instagram.com\/kwiato\/\"><strong>Micha\u0142 Kwiatkowski<\/strong><\/a><\/span>\u00a0wygra\u0142 jednodniowy wy\u015bcig Clasica w San Sebastian. Sukces ten jak i inne ostatnie starty kolarza przyczyni\u0142y si\u0119 do <strong>a\u017c 18% wzrostu liczby obserwator\u00f3w<\/strong> (awans na miejsce nr 20 w rankingu), za\u015b w kategorii zaanga\u017cowanie odnotowa\u0142 on awans z pozycji 16. na 10.<\/p>\n<p>7% wzrost liczby obserwator\u00f3w odnotowali na swoim koncie tak\u017ce <span style=\"text-decoration: underline;\"><a href=\"https:\/\/www.instagram.com\/fit.lovers\/\">fit.lovers<\/a><\/span>\u00a0(Pamela Stefanowicz &amp; Matt Meknife), co mog\u0142o mie\u0107 zwi\u0105zek z emitowanymi obecnie w telewizji reklamami produkt\u00f3w marki Dafi, w kt\u00f3rej wyst\u0119puje para.<\/p>\n<p style=\"text-align: center;\"><iframe loading=\"lazy\" src=\"https:\/\/www.youtube.com\/embed\/78Lk2fjSz-U\" width=\"560\" height=\"315\" frameborder=\"0\" allowfullscreen=\"allowfullscreen\"><\/iframe><\/p>\n<h2>Uwaga, konkurs!<\/h2>\n<p>Nie, nie u nas \ud83d\ude09<\/p>\n<p><a href=\"https:\/\/www.sotrender.com\/blog\/pl\/2017\/07\/instagram-trends-czerwiec-2017-bo-liczy-sie-zaangazowanie\/\" target=\"_blank\" rel=\"noopener\">W czerwcowym raporcie Instagram Trends<\/a> pisali\u015bmy o sposobach na lepsze anga\u017cowanie odbiorc\u00f3w i zwi\u0119kszenie widoczno\u015bci firmy w mediach spo\u0142eczno\u015bciowych. Dzia\u0142ania podejmowane przez marki w lipcu \u201czmusi\u0142y\u201d nas do kontynuacji tematu. O czym mowa? Tym razem o <strong>konkursach<\/strong>, kt\u00f3re ciesz\u0105 si\u0119 najwi\u0119kszym powodzeniem (ale te\u017c efektywno\u015bci\u0105) w bran\u017cy FMCG.<\/p>\n<p>Kto przodowa\u0142 w tym obszarze na polskim Instagramie w minionym miesi\u0105cu? Zdecydowanie <strong><span style=\"text-decoration: underline;\"><a href=\"https:\/\/www.instagram.com\/plnylala\/\">PLNY LALA<\/a><\/span><\/strong>\u00a0&#8211; marka odzie\u017cowa, kt\u00f3ra nieustannie podbija serca nie tylko w Polsce, ale powoli r\u00f3wnie\u017c za granic\u0105. <strong><span style=\"text-decoration: underline;\"><a href=\"https:\/\/www.instagram.com\/p\/BW91pe3BSDV\/?taken-by=plnylala\">Post konkursowy<\/a><\/span><\/strong>\u00a0\u201cwdar\u0142\u201d si\u0119 mi\u0119dzy najpopularniejsze posty Roberta Lewandowskiego i <strong>znalaz\u0142 si\u0119 w TOP3 post\u00f3w na polskim Instagramie w lipcu<\/strong>.<\/p>\n<div id=\"attachment_29443\" style=\"width: 806px\" class=\"wp-caption aligncenter\"><img loading=\"lazy\" decoding=\"async\" aria-describedby=\"caption-attachment-29443\" class=\"wp-image-29443 size-full\" src=\"https:\/\/www.sotrender.com\/blog\/wp-content\/uploads\/2017\/08\/insta-lipiec-2017-najlepsze-posty.png\" alt=\"Instagram, najlepsze posty, Robert Lewandowski, PLNY LALA\" width=\"796\" height=\"370\" srcset=\"https:\/\/www.sotrender.com\/blog\/wp-content\/uploads\/2017\/08\/insta-lipiec-2017-najlepsze-posty.png 796w, https:\/\/www.sotrender.com\/blog\/wp-content\/uploads\/2017\/08\/insta-lipiec-2017-najlepsze-posty-475x221.png 475w, https:\/\/www.sotrender.com\/blog\/wp-content\/uploads\/2017\/08\/insta-lipiec-2017-najlepsze-posty-768x357.png 768w\" sizes=\"(max-width: 796px) 100vw, 796px\" \/><p id=\"caption-attachment-29443\" class=\"wp-caption-text\">Instagram Trends Polska lipiec 2017 &#8211; Najlepsze posty<\/p><\/div>\n<p>Liczba polubie\u0144 posta konkursowego przekroczy\u0142a 14 ty\u015b, z kolei liczba komentarzy wynios\u0142a blisko 29 ty\u015b.<\/p>\n<blockquote class=\"instagram-media\" style=\"background: #FFF; border: 0; border-radius: 3px; box-shadow: 0 0 1px 0 rgba(0,0,0,0.5),0 1px 10px 0 rgba(0,0,0,0.15); margin: 1px; max-width: 658px; padding: 0; width: calc(100% - 2px);\" data-instgrm-captioned=\"\" data-instgrm-version=\"7\">\n<div style=\"padding: 8px;\">\n<div style=\"background: #F8F8F8; line-height: 0; margin-top: 40px; padding: 62.5% 0; text-align: center; width: 100%;\"><\/div>\n<p style=\"margin: 8px 0 0 0; padding: 0 4px;\"><a style=\"color: #000; font-family: Arial,sans-serif; font-size: 14px; font-style: normal; font-weight: normal; line-height: 17px; text-decoration: none; word-wrap: break-word;\" href=\"https:\/\/www.instagram.com\/p\/BW91pe3BSDV\/\" target=\"_blank\" rel=\"noopener\">Z okazji wspania\u0142ej ? pogody przygotowali\u015bmy dla Was ?????? rozdanie!!!!!!!!! Zabawa w kt\u00f3rej ? jedna z Was otrzyma jako 1sza ???? r\u00f2\u017cowy set KISS MY ASS SLOGAN!!! ? Zasady : 1. Obserwuj profil @plnylala oraz @elisa_minetti 2. Polub to zdj\u0119cie oraz 5 Naszych ostatnich zdj\u0119\u0107 3. Zostaw komentarz pod tym zdj\u0119ciem ( ilo\u015b\u0107 komentarzy nieograniczona?? ) . Zabawa trwa od teraz 25.07.2017 do 28.07.2017 0:00 Nast\u0119pnego dnia Elisa wybierze jedno zg\u0142oszenie spe\u0142niaj\u0105ce wszystkie kryteria! ? . HAVE FUN &amp; GOOD LUCK ??? . regulamin zabawy : http:\/\/tinyurl.com\/kissmyassslogan . . . photo : @rbs_photo muah : @izakucmierowska model : @anitasikorska<\/a><\/p>\n<p style=\"color: #c9c8cd; font-family: Arial,sans-serif; font-size: 14px; line-height: 17px; margin-bottom: 0; margin-top: 8px; overflow: hidden; padding: 8px 0 7px; text-align: center; text-overflow: ellipsis; white-space: nowrap;\">Post udost\u0119pniony przez PLNY LALA CLOTHES\/PIZZA\/LOVE (@plnylala) <time style=\"font-family: Arial,sans-serif; font-size: 14px; line-height: 17px;\" datetime=\"2017-07-25T10:29:22+00:00\">25 Lip, 2017 o 3:29 PDT<\/time><\/p>\n<\/div>\n<\/blockquote>\n<p><script async defer src=\"\/\/platform.instagram.com\/en_US\/embeds.js\"><\/script><\/p>\n<p>R\u00f3wnie\u017c inne marki modowe pokusi\u0142y si\u0119 w lipcu o zorganizowanie Instagramowych konkurs\u00f3w. Jedn\u0105 z nich by\u0142o <span style=\"text-decoration: underline;\"><a href=\"https:\/\/www.instagram.com\/domodipl\/\">Domodi<\/a><\/span>, jednak ich <span style=\"text-decoration: underline;\"><a href=\"https:\/\/www.instagram.com\/p\/BWcJIaHBTG7\/?taken-by=domodipl\">konkurs<\/a><\/span>\u00a0rozni\u00f3s\u0142 si\u0119 znacznie mniejszym echem na Instagramie, osi\u0105gaj\u0105c jedynie niespe\u0142na 1500 serduszek i oko\u0142o 700 komentarzy.<\/p>\n<div id=\"attachment_29385\" style=\"width: 921px\" class=\"wp-caption aligncenter\"><img loading=\"lazy\" decoding=\"async\" aria-describedby=\"caption-attachment-29385\" class=\"wp-image-29385 size-full\" title=\"konkurs, domodi, moda\" src=\"https:\/\/www.sotrender.com\/blog\/wp-content\/uploads\/2017\/08\/f8d109c1-81d4-4a92-bf03-22f8aed22ddc_domodi20konkurs20instagram.png\" alt=\"konkurs, domodi, moda\" width=\"911\" height=\"590\" srcset=\"https:\/\/www.sotrender.com\/blog\/wp-content\/uploads\/2017\/08\/f8d109c1-81d4-4a92-bf03-22f8aed22ddc_domodi20konkurs20instagram.png 911w, https:\/\/www.sotrender.com\/blog\/wp-content\/uploads\/2017\/08\/f8d109c1-81d4-4a92-bf03-22f8aed22ddc_domodi20konkurs20instagram-475x308.png 475w, https:\/\/www.sotrender.com\/blog\/wp-content\/uploads\/2017\/08\/f8d109c1-81d4-4a92-bf03-22f8aed22ddc_domodi20konkurs20instagram-768x497.png 768w\" sizes=\"(max-width: 911px) 100vw, 911px\" \/><p id=\"caption-attachment-29385\" class=\"wp-caption-text\">Post konkursowy na oficjalnym profilu Domodi na Instagramie<\/p><\/div>\n<p>Mimo wszystko konkurs przyczyni\u0142 si\u0119 do zwi\u0119kszenia zaanga\u017cowania na profilu Domodi i zapewni\u0142 tym samym wzrost o 12 pozycji w <a href=\"http:\/\/trends.devel.sotrender.com\/trends\/instagram\/poland\/201707\/marki\/moda\" target=\"_blank\" rel=\"noopener\">kategorii Moda<\/a>.<\/p>\n<div id=\"attachment_29455\" style=\"width: 795px\" class=\"wp-caption aligncenter\"><img loading=\"lazy\" decoding=\"async\" aria-describedby=\"caption-attachment-29455\" class=\"wp-image-29455 size-full\" src=\"https:\/\/www.sotrender.com\/blog\/wp-content\/uploads\/2017\/08\/insta-lipiec-2017-moda-zaangazowanie.png\" alt=\"Instagram, moda, zaanga\u017cowanie\" width=\"785\" height=\"344\" srcset=\"https:\/\/www.sotrender.com\/blog\/wp-content\/uploads\/2017\/08\/insta-lipiec-2017-moda-zaangazowanie.png 785w, https:\/\/www.sotrender.com\/blog\/wp-content\/uploads\/2017\/08\/insta-lipiec-2017-moda-zaangazowanie-475x208.png 475w, https:\/\/www.sotrender.com\/blog\/wp-content\/uploads\/2017\/08\/insta-lipiec-2017-moda-zaangazowanie-768x337.png 768w\" sizes=\"(max-width: 785px) 100vw, 785px\" \/><p id=\"caption-attachment-29455\" class=\"wp-caption-text\">Instagram Trends Polska lipiec 2017 &#8211; Moda | zaanga\u017cowanie<\/p><\/div>\n<p>Konkursy pojawi\u0142y si\u0119 r\u00f3wnie\u017c m.in. na profilu <span style=\"text-decoration: underline;\"><a href=\"https:\/\/www.instagram.com\/p\/BWz7JoplbGB\/?taken-by=deezee_shoes\">DeeZee Shoes<\/a><\/span>\u00a0czy <span style=\"text-decoration: underline;\"><a href=\"https:\/\/www.instagram.com\/p\/BW76dEHnXAJ\/?taken-by=yeah_bunny\">Yeah Bunny<\/a><\/span>.<\/p>\n<p>Posty konkursowe by\u0142y jednymi z najlepszych post\u00f3w w kategorii moda w minionym miesi\u0105cu na Instagramie.<\/p>\n<div style=\"width: 779px\" class=\"wp-caption aligncenter\"><img loading=\"lazy\" decoding=\"async\" title=\"moda, Instagram, najlepsze posty, plny lala\" src=\"https:\/\/www.sotrender.com\/blog\/wp-content\/uploads\/2017\/08\/b50bc9d6-3066-4802-afc3-d6087e617f1e_moda20najlepsze20posty20instagram20lipiec202017.png\" alt=\"moda, Instagram, najlepsze posty, plny lala\" width=\"769\" height=\"712\" \/><p class=\"wp-caption-text\">Instagram Trends Polska 2017 &#8211; najlepsze posty w kategorii Moda<\/p><\/div>\n<p>Chyba ju\u017c teraz nikt nie ma w\u0105tpliwo\u015bci, czy konkursy powinny znale\u017a\u0107 swoje miejsce w strategii marketingowej wi\u0119kszo\u015bci marek.<\/p>\n<p>Co jeszcze wydarzy\u0142o si\u0119 na polskim Instagramie w lipcu? <a href=\"https:\/\/www.sotrender.com\/trends\/instagram\/poland\/201707\" target=\"_blank\" rel=\"noopener\"><strong>Sprawd\u017acie ca\u0142e wydanie najnowszego raportu Instagram Trends!<\/strong><\/a><\/p>\n<div class=\"shortcode trial\"><h4><span>MIERZ, OPTYMALIZUJ, RAPORTUJ!<\/span><a title=\"Zobacz wi\u0119cej\" class=\"btn\" href=\"https:\/\/app.sotrender.com\/auth\/signup\/trial\/pl?utm_source=blog-cta-legacy\">Zobacz wi\u0119cej<\/a><\/h4><\/div>\n","protected":false},"excerpt":{"rendered":"<p>Lipiec by\u0142 miesi\u0105cem, kiedy po raz kolejny na polskim Instagramie kr\u00f3lowa\u0142 sport. Standardowo prym wiedli pi\u0142karze, ale nie dali o sobie zapomnie\u0107 r\u00f3wnie\u017c inni sportowcy i trenerzy personalni. Poza tym by\u0142o stosunkowo spokojnie i leniwie &#8211; jak na wakacje przysta\u0142o. Co dok\u0142adnie wydarzy\u0142o si\u0119 w minionym miesi\u0105cu na polskim Instagramie? O tym jak zawsze przeczytacie [&hellip;]<\/p>\n","protected":false},"author":89,"featured_media":29401,"comment_status":"open","ping_status":"open","sticky":false,"template":"","format":"standard","meta":{"inline_featured_image":false,"footnotes":""},"categories":[1791,1803,2125],"tags":[2467,2469,2471,365,615,725,733,2073],"yoast_head":"<!-- This site is optimized with the Yoast SEO plugin v22.4 - https:\/\/yoast.com\/wordpress\/plugins\/seo\/ -->\n<title>Instagram Trends lipiec 2017 - sportowe sukcesy ciesz\u0105 najbardziej<\/title>\n<meta name=\"description\" content=\"Lipiec by\u0142 miesi\u0105cem, kiedy po raz kolejnym na polskim Instagramie kr\u00f3lowa\u0142 sport. Poza tym by\u0142o stosunkowo spokojnie i leniwie - jak na wakacje przysta\u0142o.\" \/>\n<meta name=\"robots\" content=\"index, follow, max-snippet:-1, max-image-preview:large, max-video-preview:-1\" \/>\n<link rel=\"canonical\" href=\"https:\/\/www.sotrender.com\/blog\/pl\/2017\/08\/instagram-trends-lipiec-2017-sportowe-sukcesy-ciesza-najbardziej\/\" \/>\n<meta property=\"og:locale\" content=\"pl_PL\" \/>\n<meta property=\"og:type\" content=\"article\" \/>\n<meta property=\"og:title\" content=\"Instagram Trends lipiec 2017 - sportowe sukcesy ciesz\u0105 najbardziej\" \/>\n<meta property=\"og:description\" content=\"Lipiec by\u0142 miesi\u0105cem, kiedy po raz kolejnym na polskim Instagramie kr\u00f3lowa\u0142 sport. Poza tym by\u0142o stosunkowo spokojnie i leniwie - jak na wakacje przysta\u0142o.\" \/>\n<meta property=\"og:url\" content=\"https:\/\/www.sotrender.com\/blog\/pl\/2017\/08\/instagram-trends-lipiec-2017-sportowe-sukcesy-ciesza-najbardziej\/\" \/>\n<meta property=\"og:site_name\" content=\"Sotrender Blog\" \/>\n<meta property=\"article:publisher\" content=\"https:\/\/www.facebook.com\/Sotrender\" \/>\n<meta property=\"article:published_time\" content=\"2017-08-03T08:44:41+00:00\" \/>\n<meta property=\"article:modified_time\" content=\"2017-08-03T10:10:56+00:00\" \/>\n<meta property=\"og:image\" content=\"https:\/\/www.sotrender.com\/blog\/wp-content\/uploads\/2017\/08\/cycling-1814362_1280.jpg\" \/>\n\t<meta property=\"og:image:width\" content=\"1050\" \/>\n\t<meta property=\"og:image:height\" content=\"700\" \/>\n\t<meta property=\"og:image:type\" content=\"image\/jpeg\" \/>\n<meta name=\"author\" content=\"Klaudia \u017by\u0142ka\" \/>\n<meta name=\"twitter:card\" content=\"summary_large_image\" \/>\n<meta name=\"twitter:creator\" content=\"@Sotrender\" \/>\n<meta name=\"twitter:site\" content=\"@Sotrender\" \/>\n<meta name=\"twitter:label1\" content=\"Written by\" \/>\n\t<meta name=\"twitter:data1\" content=\"Klaudia \u017by\u0142ka\" \/>\n\t<meta name=\"twitter:label2\" content=\"Est. reading time\" \/>\n\t<meta name=\"twitter:data2\" content=\"5 minutes\" \/>\n<script type=\"application\/ld+json\" class=\"yoast-schema-graph\">{\"@context\":\"https:\/\/schema.org\",\"@graph\":[{\"@type\":\"WebPage\",\"@id\":\"https:\/\/www.sotrender.com\/blog\/pl\/2017\/08\/instagram-trends-lipiec-2017-sportowe-sukcesy-ciesza-najbardziej\/\",\"url\":\"https:\/\/www.sotrender.com\/blog\/pl\/2017\/08\/instagram-trends-lipiec-2017-sportowe-sukcesy-ciesza-najbardziej\/\",\"name\":\"Instagram Trends lipiec 2017 - sportowe sukcesy ciesz\u0105 najbardziej\",\"isPartOf\":{\"@id\":\"https:\/\/www.sotrender.com\/blog\/#website\"},\"primaryImageOfPage\":{\"@id\":\"https:\/\/www.sotrender.com\/blog\/pl\/2017\/08\/instagram-trends-lipiec-2017-sportowe-sukcesy-ciesza-najbardziej\/#primaryimage\"},\"image\":{\"@id\":\"https:\/\/www.sotrender.com\/blog\/pl\/2017\/08\/instagram-trends-lipiec-2017-sportowe-sukcesy-ciesza-najbardziej\/#primaryimage\"},\"thumbnailUrl\":\"https:\/\/www.sotrender.com\/blog\/wp-content\/uploads\/2017\/08\/cycling-1814362_1280.jpg\",\"datePublished\":\"2017-08-03T08:44:41+00:00\",\"dateModified\":\"2017-08-03T10:10:56+00:00\",\"author\":{\"@id\":\"https:\/\/www.sotrender.com\/blog\/#\/schema\/person\/038ac5e276c5d102d8cbb9c36cd43416\"},\"description\":\"Lipiec by\u0142 miesi\u0105cem, kiedy po raz kolejnym na polskim Instagramie kr\u00f3lowa\u0142 sport. Poza tym by\u0142o stosunkowo spokojnie i leniwie - jak na wakacje przysta\u0142o.\",\"breadcrumb\":{\"@id\":\"https:\/\/www.sotrender.com\/blog\/pl\/2017\/08\/instagram-trends-lipiec-2017-sportowe-sukcesy-ciesza-najbardziej\/#breadcrumb\"},\"inLanguage\":\"pl-PL\",\"potentialAction\":[{\"@type\":\"ReadAction\",\"target\":[\"https:\/\/www.sotrender.com\/blog\/pl\/2017\/08\/instagram-trends-lipiec-2017-sportowe-sukcesy-ciesza-najbardziej\/\"]}]},{\"@type\":\"ImageObject\",\"inLanguage\":\"pl-PL\",\"@id\":\"https:\/\/www.sotrender.com\/blog\/pl\/2017\/08\/instagram-trends-lipiec-2017-sportowe-sukcesy-ciesza-najbardziej\/#primaryimage\",\"url\":\"https:\/\/www.sotrender.com\/blog\/wp-content\/uploads\/2017\/08\/cycling-1814362_1280.jpg\",\"contentUrl\":\"https:\/\/www.sotrender.com\/blog\/wp-content\/uploads\/2017\/08\/cycling-1814362_1280.jpg\",\"width\":1050,\"height\":700,\"caption\":\"Kolarze\"},{\"@type\":\"BreadcrumbList\",\"@id\":\"https:\/\/www.sotrender.com\/blog\/pl\/2017\/08\/instagram-trends-lipiec-2017-sportowe-sukcesy-ciesza-najbardziej\/#breadcrumb\",\"itemListElement\":[{\"@type\":\"ListItem\",\"position\":1,\"name\":\"Home\",\"item\":\"https:\/\/www.sotrender.com\/blog\/\"},{\"@type\":\"ListItem\",\"position\":2,\"name\":\"Instagram Trends lipiec 2017 &#8211; sportowe sukcesy ciesz\u0105 najbardziej\"}]},{\"@type\":\"WebSite\",\"@id\":\"https:\/\/www.sotrender.com\/blog\/#website\",\"url\":\"https:\/\/www.sotrender.com\/blog\/\",\"name\":\"Sotrender Blog\",\"description\":\"\",\"potentialAction\":[{\"@type\":\"SearchAction\",\"target\":{\"@type\":\"EntryPoint\",\"urlTemplate\":\"https:\/\/www.sotrender.com\/blog\/?s={search_term_string}\"},\"query-input\":\"required name=search_term_string\"}],\"inLanguage\":\"pl-PL\"},{\"@type\":\"Person\",\"@id\":\"https:\/\/www.sotrender.com\/blog\/#\/schema\/person\/038ac5e276c5d102d8cbb9c36cd43416\",\"name\":\"Klaudia \u017by\u0142ka\",\"image\":{\"@type\":\"ImageObject\",\"inLanguage\":\"pl-PL\",\"@id\":\"https:\/\/www.sotrender.com\/blog\/#\/schema\/person\/image\/\",\"url\":\"https:\/\/secure.gravatar.com\/avatar\/f55d5d49ce3c448e1ffde0ab078d84cd?s=96&d=mm&r=g\",\"contentUrl\":\"https:\/\/secure.gravatar.com\/avatar\/f55d5d49ce3c448e1ffde0ab078d84cd?s=96&d=mm&r=g\",\"caption\":\"Klaudia \u017by\u0142ka\"},\"description\":\"Instagram, dogs, books and food lover. Former student at Warsaw University and Malm\u00f6 University. Improving her marketing skills every day. Proud owner of DIMAQ certificate\",\"sameAs\":[\"https:\/\/www.linkedin.com\/in\/klaudia-\u017cy\u0142ka-17527779\"],\"url\":\"https:\/\/www.sotrender.com\/blog\/pl\/author\/klaudia_yka\/\"}]}<\/script>\n<!-- \/ Yoast SEO plugin. -->","yoast_head_json":{"title":"Instagram Trends lipiec 2017 - sportowe sukcesy ciesz\u0105 najbardziej","description":"Lipiec by\u0142 miesi\u0105cem, kiedy po raz kolejnym na polskim Instagramie kr\u00f3lowa\u0142 sport. Poza tym by\u0142o stosunkowo spokojnie i leniwie - jak na wakacje przysta\u0142o.","robots":{"index":"index","follow":"follow","max-snippet":"max-snippet:-1","max-image-preview":"max-image-preview:large","max-video-preview":"max-video-preview:-1"},"canonical":"https:\/\/www.sotrender.com\/blog\/pl\/2017\/08\/instagram-trends-lipiec-2017-sportowe-sukcesy-ciesza-najbardziej\/","og_locale":"pl_PL","og_type":"article","og_title":"Instagram Trends lipiec 2017 - sportowe sukcesy ciesz\u0105 najbardziej","og_description":"Lipiec by\u0142 miesi\u0105cem, kiedy po raz kolejnym na polskim Instagramie kr\u00f3lowa\u0142 sport. Poza tym by\u0142o stosunkowo spokojnie i leniwie - jak na wakacje przysta\u0142o.","og_url":"https:\/\/www.sotrender.com\/blog\/pl\/2017\/08\/instagram-trends-lipiec-2017-sportowe-sukcesy-ciesza-najbardziej\/","og_site_name":"Sotrender Blog","article_publisher":"https:\/\/www.facebook.com\/Sotrender","article_published_time":"2017-08-03T08:44:41+00:00","article_modified_time":"2017-08-03T10:10:56+00:00","og_image":[{"width":1050,"height":700,"url":"https:\/\/www.sotrender.com\/blog\/wp-content\/uploads\/2017\/08\/cycling-1814362_1280.jpg","type":"image\/jpeg"}],"author":"Klaudia \u017by\u0142ka","twitter_card":"summary_large_image","twitter_creator":"@Sotrender","twitter_site":"@Sotrender","twitter_misc":{"Written by":"Klaudia \u017by\u0142ka","Est. reading time":"5 minutes"},"schema":{"@context":"https:\/\/schema.org","@graph":[{"@type":"WebPage","@id":"https:\/\/www.sotrender.com\/blog\/pl\/2017\/08\/instagram-trends-lipiec-2017-sportowe-sukcesy-ciesza-najbardziej\/","url":"https:\/\/www.sotrender.com\/blog\/pl\/2017\/08\/instagram-trends-lipiec-2017-sportowe-sukcesy-ciesza-najbardziej\/","name":"Instagram Trends lipiec 2017 - sportowe sukcesy ciesz\u0105 najbardziej","isPartOf":{"@id":"https:\/\/www.sotrender.com\/blog\/#website"},"primaryImageOfPage":{"@id":"https:\/\/www.sotrender.com\/blog\/pl\/2017\/08\/instagram-trends-lipiec-2017-sportowe-sukcesy-ciesza-najbardziej\/#primaryimage"},"image":{"@id":"https:\/\/www.sotrender.com\/blog\/pl\/2017\/08\/instagram-trends-lipiec-2017-sportowe-sukcesy-ciesza-najbardziej\/#primaryimage"},"thumbnailUrl":"https:\/\/www.sotrender.com\/blog\/wp-content\/uploads\/2017\/08\/cycling-1814362_1280.jpg","datePublished":"2017-08-03T08:44:41+00:00","dateModified":"2017-08-03T10:10:56+00:00","author":{"@id":"https:\/\/www.sotrender.com\/blog\/#\/schema\/person\/038ac5e276c5d102d8cbb9c36cd43416"},"description":"Lipiec by\u0142 miesi\u0105cem, kiedy po raz kolejnym na polskim Instagramie kr\u00f3lowa\u0142 sport. Poza tym by\u0142o stosunkowo spokojnie i leniwie - jak na wakacje przysta\u0142o.","breadcrumb":{"@id":"https:\/\/www.sotrender.com\/blog\/pl\/2017\/08\/instagram-trends-lipiec-2017-sportowe-sukcesy-ciesza-najbardziej\/#breadcrumb"},"inLanguage":"pl-PL","potentialAction":[{"@type":"ReadAction","target":["https:\/\/www.sotrender.com\/blog\/pl\/2017\/08\/instagram-trends-lipiec-2017-sportowe-sukcesy-ciesza-najbardziej\/"]}]},{"@type":"ImageObject","inLanguage":"pl-PL","@id":"https:\/\/www.sotrender.com\/blog\/pl\/2017\/08\/instagram-trends-lipiec-2017-sportowe-sukcesy-ciesza-najbardziej\/#primaryimage","url":"https:\/\/www.sotrender.com\/blog\/wp-content\/uploads\/2017\/08\/cycling-1814362_1280.jpg","contentUrl":"https:\/\/www.sotrender.com\/blog\/wp-content\/uploads\/2017\/08\/cycling-1814362_1280.jpg","width":1050,"height":700,"caption":"Kolarze"},{"@type":"BreadcrumbList","@id":"https:\/\/www.sotrender.com\/blog\/pl\/2017\/08\/instagram-trends-lipiec-2017-sportowe-sukcesy-ciesza-najbardziej\/#breadcrumb","itemListElement":[{"@type":"ListItem","position":1,"name":"Home","item":"https:\/\/www.sotrender.com\/blog\/"},{"@type":"ListItem","position":2,"name":"Instagram Trends lipiec 2017 &#8211; sportowe sukcesy ciesz\u0105 najbardziej"}]},{"@type":"WebSite","@id":"https:\/\/www.sotrender.com\/blog\/#website","url":"https:\/\/www.sotrender.com\/blog\/","name":"Sotrender Blog","description":"","potentialAction":[{"@type":"SearchAction","target":{"@type":"EntryPoint","urlTemplate":"https:\/\/www.sotrender.com\/blog\/?s={search_term_string}"},"query-input":"required name=search_term_string"}],"inLanguage":"pl-PL"},{"@type":"Person","@id":"https:\/\/www.sotrender.com\/blog\/#\/schema\/person\/038ac5e276c5d102d8cbb9c36cd43416","name":"Klaudia \u017by\u0142ka","image":{"@type":"ImageObject","inLanguage":"pl-PL","@id":"https:\/\/www.sotrender.com\/blog\/#\/schema\/person\/image\/","url":"https:\/\/secure.gravatar.com\/avatar\/f55d5d49ce3c448e1ffde0ab078d84cd?s=96&d=mm&r=g","contentUrl":"https:\/\/secure.gravatar.com\/avatar\/f55d5d49ce3c448e1ffde0ab078d84cd?s=96&d=mm&r=g","caption":"Klaudia \u017by\u0142ka"},"description":"Instagram, dogs, books and food lover. Former student at Warsaw University and Malm\u00f6 University. Improving her marketing skills every day. Proud owner of DIMAQ certificate","sameAs":["https:\/\/www.linkedin.com\/in\/klaudia-\u017cy\u0142ka-17527779"],"url":"https:\/\/www.sotrender.com\/blog\/pl\/author\/klaudia_yka\/"}]}},"_links":{"self":[{"href":"https:\/\/www.sotrender.com\/blog\/pl\/wp-json\/wp\/v2\/posts\/29381"}],"collection":[{"href":"https:\/\/www.sotrender.com\/blog\/pl\/wp-json\/wp\/v2\/posts"}],"about":[{"href":"https:\/\/www.sotrender.com\/blog\/pl\/wp-json\/wp\/v2\/types\/post"}],"author":[{"embeddable":true,"href":"https:\/\/www.sotrender.com\/blog\/pl\/wp-json\/wp\/v2\/users\/89"}],"replies":[{"embeddable":true,"href":"https:\/\/www.sotrender.com\/blog\/pl\/wp-json\/wp\/v2\/comments?post=29381"}],"version-history":[{"count":37,"href":"https:\/\/www.sotrender.com\/blog\/pl\/wp-json\/wp\/v2\/posts\/29381\/revisions"}],"predecessor-version":[{"id":29475,"href":"https:\/\/www.sotrender.com\/blog\/pl\/wp-json\/wp\/v2\/posts\/29381\/revisions\/29475"}],"wp:featuredmedia":[{"embeddable":true,"href":"https:\/\/www.sotrender.com\/blog\/pl\/wp-json\/wp\/v2\/media\/29401"}],"wp:attachment":[{"href":"https:\/\/www.sotrender.com\/blog\/pl\/wp-json\/wp\/v2\/media?parent=29381"}],"wp:term":[{"taxonomy":"category","embeddable":true,"href":"https:\/\/www.sotrender.com\/blog\/pl\/wp-json\/wp\/v2\/categories?post=29381"},{"taxonomy":"post_tag","embeddable":true,"href":"https:\/\/www.sotrender.com\/blog\/pl\/wp-json\/wp\/v2\/tags?post=29381"}],"curies":[{"name":"wp","href":"https:\/\/api.w.org\/{rel}","templated":true}]}}