{"id":28865,"date":"2017-07-19T13:45:06","date_gmt":"2017-07-19T11:45:06","guid":{"rendered":"https:\/\/www.sotrender.com\/blog\/?p=28865\/"},"modified":"2017-07-20T18:39:46","modified_gmt":"2017-07-20T16:39:46","slug":"facebook-trends-polska-czerwiec-2017","status":"publish","type":"post","link":"https:\/\/www.sotrender.com\/blog\/pl\/2017\/07\/facebook-trends-polska-czerwiec-2017\/","title":{"rendered":"Facebook Trends czerwiec 2017 &#8211; Polityka kontra puszcza"},"content":{"rendered":"<p>Najwi\u0119cej os\u00f3b w czerwcu ponownie zaanga\u017cowa\u0142a Wiedza Bezu\u017cyteczna, kt\u00f3ra znalaz\u0142a si\u0119 na czele zestawienia zar\u00f3wno pod wzgl\u0119dem liczby tzw. storytellers\u00f3w, jak i aktywnych u\u017cytkownik\u00f3w. Zaraz za ni\u0105 znalaz\u0142a si\u0119 inna strona z memami, Besty, kt\u00f3ra zaktywizowa\u0142a wi\u0119cej u\u017cytkownik\u00f3w ni\u017c sam Robert Lewandowski.<\/p>\n<div>Co jeszcze dzia\u0142o si\u0119 na Facebooku w czerwcu? Dowiecie si\u0119 tego z najnowszego<a href=\"http:\/\/www.sotrender.com\/trends\/facebook\/poland\/201706\"> wydania raportu Facebook Trends <\/a>przygotowanego przez <a href=\"http:\/\/sotrender.com\/pl\">Sotrender<\/a>!<\/div>\n<p><!--more--><\/p>\n<h2>Facebook w obronie Puszczy Bia\u0142owieskiej<\/h2>\n<p><img decoding=\"async\" src=\"https:\/\/www.sotrender.com\/blog\/wp-content\/uploads\/2017\/07\/f1e1f91b-9589-4b61-8136-8f12a0f32c3d_Najlepsze20posty20na20Facebooku20-20Facebook20Trends20czerwiec202017.png\" alt=\"Najlepsze posty na Facebooku - Facebook Trends czerwiec 2017.png\" \/><\/p>\n<p>Podobnie jak w poprzednich miesi\u0105cach, najbardziej interaktywnym potem by\u0142a pro\u015bba o udost\u0119pnienia. Tym razem jednak nie chodzi\u0142o o pomoc dla chorego dziecka czy zbi\u00f3rk\u0119 pieni\u0119dzy, ani o zwyk\u0142e \u015bmieszkowanie lecz o Puszcz\u0119 Bia\u0142owiesk\u0105. Administratorom strony <strong>Greenpeace Polska<\/strong> uda\u0142o si\u0119 zmobilizowa\u0107 120 tysi\u0119cy u\u017cytkownik\u00f3w do udost\u0119pniania ich apelu. A\u017c chcia\u0142oby si\u0119 napisa\u0107 \u201cjednym prostym trickiem\u201d zirytowali wi\u0119kszo\u015b\u0107 administrator\u00f3w stron na Facebooku.<\/p>\n<h2>Boj\u0119 si\u0119 oszustwa<\/h2>\n<p>Trudno pisa\u0107 o tej sprawie, ale drugim pod wzgl\u0119dem interaktywno\u015bci postem w czerwcu by\u0142 apel popularnego youtubera, Boxdela o pomoc dla Antosia, kt\u00f3ry mia\u0142 straci\u0107 wzrok w wyniku choroby. Reszt\u0119 tej historii, ci\u0105gn\u0105cej si\u0119 prawie od pocz\u0105tku roku ju\u017c znacie. Na pocz\u0105tku lipca okaza\u0142o si\u0119, \u017ce Anto\u015b nigdy nie istnia\u0142, a ca\u0142a akcja by\u0142a fikcj\u0105 i pr\u00f3b\u0105 oszustwa (jak wida\u0107 udan\u0105). 102 tysi\u0105ce u\u017cytkownik\u00f3w Facebooka udost\u0119pni\u0142a post Boxdela. To oszustwo z pewno\u015bci\u0105 podkopie zaufanie do innych, podobnych, ale ca\u0142kowicie prawdziwych zbi\u00f3rek charytatywnych. Warto zauwa\u017cy\u0107, \u017ce Boxdel zd\u0105\u017cyl usun\u0105\u0107 feralne wideo.<\/p>\n<div id=\"main-content\" class=\"wiki-content\">\n<div class=\"shortcode trial\"><h4><span>MIERZ DZIA\u0141ANIA NA Facebooku!<\/span><a title=\"Zobacz wi\u0119cej\" class=\"btn\" href=\"https:\/\/app.sotrender.com\/auth\/signup\/trial\/pl?utm_source=blog-cta-legacy\">Zobacz wi\u0119cej<\/a><\/h4><\/div>\n<\/div>\n<h2>Anga\u017cuj\u0105ca polityka w Facebook Trends<\/h2>\n<div id=\"attachment_28885\" style=\"width: 1362px\" class=\"wp-caption aligncenter\"><img loading=\"lazy\" decoding=\"async\" aria-describedby=\"caption-attachment-28885\" class=\"size-full wp-image-28885\" src=\"https:\/\/www.sotrender.com\/blog\/wp-content\/uploads\/2017\/07\/Najbardziej-anga\u017cuj\u0105ce-bran\u017ce-Facebook-Trends-czerwiec-2017.png\" alt=\"Najbardziej anga\u017cuj\u0105ce bran\u017ce - Facebook Trends czerwiec 2017\" width=\"1352\" height=\"542\" srcset=\"https:\/\/www.sotrender.com\/blog\/wp-content\/uploads\/2017\/07\/Najbardziej-anga\u017cuj\u0105ce-bran\u017ce-Facebook-Trends-czerwiec-2017.png 1352w, https:\/\/www.sotrender.com\/blog\/wp-content\/uploads\/2017\/07\/Najbardziej-anga\u017cuj\u0105ce-bran\u017ce-Facebook-Trends-czerwiec-2017-475x190.png 475w, https:\/\/www.sotrender.com\/blog\/wp-content\/uploads\/2017\/07\/Najbardziej-anga\u017cuj\u0105ce-bran\u017ce-Facebook-Trends-czerwiec-2017-768x308.png 768w, https:\/\/www.sotrender.com\/blog\/wp-content\/uploads\/2017\/07\/Najbardziej-anga\u017cuj\u0105ce-bran\u017ce-Facebook-Trends-czerwiec-2017-950x381.png 950w\" sizes=\"(max-width: 1352px) 100vw, 1352px\" \/><p id=\"caption-attachment-28885\" class=\"wp-caption-text\">Najbardziej anga\u017cuj\u0105ce bran\u017ce &#8211; Facebook Trends czerwiec 2017<\/p><\/div>\n<p>W czerwcu zauwa\u017cyli\u015bmy wi\u0119ksze ni\u017c zwykle zaanga\u017cowanie na stronach po\u015bwi\u0119conych polityce. <strong>Partie polityczne<\/strong> w zestawieniu bran\u017c pod wzgl\u0119dem zaanga\u017cowania awansowa\u0142y o sze\u015b\u0107 miejsc. Co ciekawe, najwi\u0119cej z najlepszych post\u00f3w w tej kategorii opublikowa\u0142a strona Kukiz \u201815, a\u017c 9 z 15 najbardziej anga\u017cuj\u0105cych tre\u015bci jest ich autorstwa. Natomiast wideo Platformy Obywatelskiej o domniemanych zwi\u0105zkach Antoniego Macierewicza z lud\u017ami z rosyjskiego p\u00f3\u0142\u015bwiatka by\u0142o najcz\u0119\u015bciej udost\u0119pnianym politycznym postem ubieg\u0142ego miesi\u0105ca.<\/p>\n<p><img decoding=\"async\" src=\"https:\/\/www.sotrender.com\/blog\/wp-content\/uploads\/2017\/07\/99b430c3-b02c-49e1-8fd6-365d51726b65_Najpopularniejsi20politycy20na20Facebooku20-20Facebook20Trends20czerwiec202017.png\" alt=\"Najpopularniejsi politycy na Facebooku - Facebook Trends czerwiec 2017.png\" \/><\/p>\n<p>Najpopularniejszym politykiem na Facebooku niezmiennie pozostaje Janusz Korwin-Mikke przed Zbigniewem Stonog\u0105 i Andrzejem Dud\u0105. Najlepiej swoje spo\u0142eczno\u015bci opr\u00f3cz prezesa Wolno\u015bci anga\u017cuj\u0105 prezydent S\u0142upska Robert Biedro\u0144 oraz dzia\u0142acze Kukiz \u201815 &#8211; szef stowarzyszenia Pawe\u0142 Kukiz, Marek Jakubiak i Stanis\u0142aw Tyszka.<\/p>\n<h2 style=\"text-align: center;\"><a href=\"http:\/\/www.sotrender.com\/trends\/facebook\/poland\/201706\">Zapraszamy do lektury najnowszego wydania raportu Facebook Trends!<\/a><\/h2>\n","protected":false},"excerpt":{"rendered":"<p>Najwi\u0119cej os\u00f3b w czerwcu ponownie zaanga\u017cowa\u0142a Wiedza Bezu\u017cyteczna, kt\u00f3ra znalaz\u0142a si\u0119 na czele zestawienia zar\u00f3wno pod wzgl\u0119dem liczby tzw. storytellers\u00f3w, jak i aktywnych u\u017cytkownik\u00f3w. Zaraz za ni\u0105 znalaz\u0142a si\u0119 inna strona z memami, Besty, kt\u00f3ra zaktywizowa\u0142a wi\u0119cej u\u017cytkownik\u00f3w ni\u017c sam Robert Lewandowski. Co jeszcze dzia\u0142o si\u0119 na Facebooku w czerwcu? Dowiecie si\u0119 tego z najnowszego [&hellip;]<\/p>\n","protected":false},"author":49,"featured_media":28881,"comment_status":"open","ping_status":"open","sticky":false,"template":"","format":"standard","meta":{"inline_featured_image":false,"footnotes":""},"categories":[1791,1797,2125],"tags":[2431,2433,2435,1589,1963,2307],"yoast_head":"<!-- This site is optimized with the Yoast SEO plugin v22.4 - https:\/\/yoast.com\/wordpress\/plugins\/seo\/ -->\n<title>Facebook Trends czerwiec 2017<\/title>\n<meta name=\"description\" content=\"Najnowsze wydanie raportu Facebook trends przygotowanego przez Sotrender! Dowiedz, co dzia\u0142o si\u0119 na Facebooku w czerwcu 2017!!\" \/>\n<meta name=\"robots\" content=\"index, follow, max-snippet:-1, max-image-preview:large, max-video-preview:-1\" \/>\n<link rel=\"canonical\" href=\"https:\/\/www.sotrender.com\/blog\/pl\/2017\/07\/facebook-trends-polska-czerwiec-2017\/\" \/>\n<meta property=\"og:locale\" content=\"pl_PL\" \/>\n<meta property=\"og:type\" content=\"article\" \/>\n<meta property=\"og:title\" content=\"Facebook Trends czerwiec 2017\" \/>\n<meta property=\"og:description\" content=\"Najnowsze wydanie raportu Facebook trends przygotowanego przez Sotrender! Dowiedz, co dzia\u0142o si\u0119 na Facebooku w czerwcu 2017!!\" \/>\n<meta property=\"og:url\" content=\"https:\/\/www.sotrender.com\/blog\/pl\/2017\/07\/facebook-trends-polska-czerwiec-2017\/\" \/>\n<meta property=\"og:site_name\" content=\"Sotrender Blog\" \/>\n<meta property=\"article:publisher\" content=\"https:\/\/www.facebook.com\/Sotrender\" \/>\n<meta property=\"article:published_time\" content=\"2017-07-19T11:45:06+00:00\" \/>\n<meta property=\"article:modified_time\" content=\"2017-07-20T16:39:46+00:00\" \/>\n<meta property=\"og:image\" content=\"https:\/\/www.sotrender.com\/blog\/wp-content\/uploads\/2017\/07\/Facebook-Trends-czerwiec-2017.jpg\" \/>\n\t<meta property=\"og:image:width\" content=\"1800\" \/>\n\t<meta property=\"og:image:height\" content=\"1224\" \/>\n\t<meta property=\"og:image:type\" content=\"image\/jpeg\" \/>\n<meta name=\"author\" content=\"Micha\u0142 Wieczorek\" \/>\n<meta name=\"twitter:card\" content=\"summary_large_image\" \/>\n<meta name=\"twitter:creator\" content=\"@http:\/\/twitter.com\/eveningo\" \/>\n<meta name=\"twitter:site\" content=\"@Sotrender\" \/>\n<meta name=\"twitter:label1\" content=\"Written by\" \/>\n\t<meta name=\"twitter:data1\" content=\"Micha\u0142 Wieczorek\" \/>\n\t<meta name=\"twitter:label2\" content=\"Est. reading time\" \/>\n\t<meta name=\"twitter:data2\" content=\"2 minutes\" \/>\n<script type=\"application\/ld+json\" class=\"yoast-schema-graph\">{\"@context\":\"https:\/\/schema.org\",\"@graph\":[{\"@type\":\"WebPage\",\"@id\":\"https:\/\/www.sotrender.com\/blog\/pl\/2017\/07\/facebook-trends-polska-czerwiec-2017\/\",\"url\":\"https:\/\/www.sotrender.com\/blog\/pl\/2017\/07\/facebook-trends-polska-czerwiec-2017\/\",\"name\":\"Facebook Trends czerwiec 2017\",\"isPartOf\":{\"@id\":\"https:\/\/www.sotrender.com\/blog\/#website\"},\"primaryImageOfPage\":{\"@id\":\"https:\/\/www.sotrender.com\/blog\/pl\/2017\/07\/facebook-trends-polska-czerwiec-2017\/#primaryimage\"},\"image\":{\"@id\":\"https:\/\/www.sotrender.com\/blog\/pl\/2017\/07\/facebook-trends-polska-czerwiec-2017\/#primaryimage\"},\"thumbnailUrl\":\"https:\/\/www.sotrender.com\/blog\/wp-content\/uploads\/2017\/07\/Facebook-Trends-czerwiec-2017.jpg\",\"datePublished\":\"2017-07-19T11:45:06+00:00\",\"dateModified\":\"2017-07-20T16:39:46+00:00\",\"author\":{\"@id\":\"https:\/\/www.sotrender.com\/blog\/#\/schema\/person\/48ed6f8ff39863778de8dd32f58467f5\"},\"description\":\"Najnowsze wydanie raportu Facebook trends przygotowanego przez Sotrender! Dowiedz, co dzia\u0142o si\u0119 na Facebooku w czerwcu 2017!!\",\"breadcrumb\":{\"@id\":\"https:\/\/www.sotrender.com\/blog\/pl\/2017\/07\/facebook-trends-polska-czerwiec-2017\/#breadcrumb\"},\"inLanguage\":\"pl-PL\",\"potentialAction\":[{\"@type\":\"ReadAction\",\"target\":[\"https:\/\/www.sotrender.com\/blog\/pl\/2017\/07\/facebook-trends-polska-czerwiec-2017\/\"]}]},{\"@type\":\"ImageObject\",\"inLanguage\":\"pl-PL\",\"@id\":\"https:\/\/www.sotrender.com\/blog\/pl\/2017\/07\/facebook-trends-polska-czerwiec-2017\/#primaryimage\",\"url\":\"https:\/\/www.sotrender.com\/blog\/wp-content\/uploads\/2017\/07\/Facebook-Trends-czerwiec-2017.jpg\",\"contentUrl\":\"https:\/\/www.sotrender.com\/blog\/wp-content\/uploads\/2017\/07\/Facebook-Trends-czerwiec-2017.jpg\",\"width\":1800,\"height\":1224},{\"@type\":\"BreadcrumbList\",\"@id\":\"https:\/\/www.sotrender.com\/blog\/pl\/2017\/07\/facebook-trends-polska-czerwiec-2017\/#breadcrumb\",\"itemListElement\":[{\"@type\":\"ListItem\",\"position\":1,\"name\":\"Home\",\"item\":\"https:\/\/www.sotrender.com\/blog\/\"},{\"@type\":\"ListItem\",\"position\":2,\"name\":\"Facebook Trends czerwiec 2017 &#8211; Polityka kontra puszcza\"}]},{\"@type\":\"WebSite\",\"@id\":\"https:\/\/www.sotrender.com\/blog\/#website\",\"url\":\"https:\/\/www.sotrender.com\/blog\/\",\"name\":\"Sotrender Blog\",\"description\":\"\",\"potentialAction\":[{\"@type\":\"SearchAction\",\"target\":{\"@type\":\"EntryPoint\",\"urlTemplate\":\"https:\/\/www.sotrender.com\/blog\/?s={search_term_string}\"},\"query-input\":\"required name=search_term_string\"}],\"inLanguage\":\"pl-PL\"},{\"@type\":\"Person\",\"@id\":\"https:\/\/www.sotrender.com\/blog\/#\/schema\/person\/48ed6f8ff39863778de8dd32f58467f5\",\"name\":\"Micha\u0142 Wieczorek\",\"image\":{\"@type\":\"ImageObject\",\"inLanguage\":\"pl-PL\",\"@id\":\"https:\/\/www.sotrender.com\/blog\/#\/schema\/person\/image\/\",\"url\":\"https:\/\/secure.gravatar.com\/avatar\/65ceb2020aa2338488b9c5f33c10137f?s=96&d=mm&r=g\",\"contentUrl\":\"https:\/\/secure.gravatar.com\/avatar\/65ceb2020aa2338488b9c5f33c10137f?s=96&d=mm&r=g\",\"caption\":\"Micha\u0142 Wieczorek\"},\"description\":\"Baltic linguist, marketer, and music journalist in his free time. A big fan of good food and even better music.\",\"sameAs\":[\"https:\/\/www.linkedin.com\/in\/michaldwieczorek\",\"https:\/\/twitter.com\/http:\/\/twitter.com\/eveningo\"],\"url\":\"https:\/\/www.sotrender.com\/blog\/pl\/author\/micha_wieczorek\/\"}]}<\/script>\n<!-- \/ Yoast SEO plugin. -->","yoast_head_json":{"title":"Facebook Trends czerwiec 2017","description":"Najnowsze wydanie raportu Facebook trends przygotowanego przez Sotrender! Dowiedz, co dzia\u0142o si\u0119 na Facebooku w czerwcu 2017!!","robots":{"index":"index","follow":"follow","max-snippet":"max-snippet:-1","max-image-preview":"max-image-preview:large","max-video-preview":"max-video-preview:-1"},"canonical":"https:\/\/www.sotrender.com\/blog\/pl\/2017\/07\/facebook-trends-polska-czerwiec-2017\/","og_locale":"pl_PL","og_type":"article","og_title":"Facebook Trends czerwiec 2017","og_description":"Najnowsze wydanie raportu Facebook trends przygotowanego przez Sotrender! Dowiedz, co dzia\u0142o si\u0119 na Facebooku w czerwcu 2017!!","og_url":"https:\/\/www.sotrender.com\/blog\/pl\/2017\/07\/facebook-trends-polska-czerwiec-2017\/","og_site_name":"Sotrender Blog","article_publisher":"https:\/\/www.facebook.com\/Sotrender","article_published_time":"2017-07-19T11:45:06+00:00","article_modified_time":"2017-07-20T16:39:46+00:00","og_image":[{"width":1800,"height":1224,"url":"https:\/\/www.sotrender.com\/blog\/wp-content\/uploads\/2017\/07\/Facebook-Trends-czerwiec-2017.jpg","type":"image\/jpeg"}],"author":"Micha\u0142 Wieczorek","twitter_card":"summary_large_image","twitter_creator":"@http:\/\/twitter.com\/eveningo","twitter_site":"@Sotrender","twitter_misc":{"Written by":"Micha\u0142 Wieczorek","Est. reading time":"2 minutes"},"schema":{"@context":"https:\/\/schema.org","@graph":[{"@type":"WebPage","@id":"https:\/\/www.sotrender.com\/blog\/pl\/2017\/07\/facebook-trends-polska-czerwiec-2017\/","url":"https:\/\/www.sotrender.com\/blog\/pl\/2017\/07\/facebook-trends-polska-czerwiec-2017\/","name":"Facebook Trends czerwiec 2017","isPartOf":{"@id":"https:\/\/www.sotrender.com\/blog\/#website"},"primaryImageOfPage":{"@id":"https:\/\/www.sotrender.com\/blog\/pl\/2017\/07\/facebook-trends-polska-czerwiec-2017\/#primaryimage"},"image":{"@id":"https:\/\/www.sotrender.com\/blog\/pl\/2017\/07\/facebook-trends-polska-czerwiec-2017\/#primaryimage"},"thumbnailUrl":"https:\/\/www.sotrender.com\/blog\/wp-content\/uploads\/2017\/07\/Facebook-Trends-czerwiec-2017.jpg","datePublished":"2017-07-19T11:45:06+00:00","dateModified":"2017-07-20T16:39:46+00:00","author":{"@id":"https:\/\/www.sotrender.com\/blog\/#\/schema\/person\/48ed6f8ff39863778de8dd32f58467f5"},"description":"Najnowsze wydanie raportu Facebook trends przygotowanego przez Sotrender! Dowiedz, co dzia\u0142o si\u0119 na Facebooku w czerwcu 2017!!","breadcrumb":{"@id":"https:\/\/www.sotrender.com\/blog\/pl\/2017\/07\/facebook-trends-polska-czerwiec-2017\/#breadcrumb"},"inLanguage":"pl-PL","potentialAction":[{"@type":"ReadAction","target":["https:\/\/www.sotrender.com\/blog\/pl\/2017\/07\/facebook-trends-polska-czerwiec-2017\/"]}]},{"@type":"ImageObject","inLanguage":"pl-PL","@id":"https:\/\/www.sotrender.com\/blog\/pl\/2017\/07\/facebook-trends-polska-czerwiec-2017\/#primaryimage","url":"https:\/\/www.sotrender.com\/blog\/wp-content\/uploads\/2017\/07\/Facebook-Trends-czerwiec-2017.jpg","contentUrl":"https:\/\/www.sotrender.com\/blog\/wp-content\/uploads\/2017\/07\/Facebook-Trends-czerwiec-2017.jpg","width":1800,"height":1224},{"@type":"BreadcrumbList","@id":"https:\/\/www.sotrender.com\/blog\/pl\/2017\/07\/facebook-trends-polska-czerwiec-2017\/#breadcrumb","itemListElement":[{"@type":"ListItem","position":1,"name":"Home","item":"https:\/\/www.sotrender.com\/blog\/"},{"@type":"ListItem","position":2,"name":"Facebook Trends czerwiec 2017 &#8211; Polityka kontra puszcza"}]},{"@type":"WebSite","@id":"https:\/\/www.sotrender.com\/blog\/#website","url":"https:\/\/www.sotrender.com\/blog\/","name":"Sotrender Blog","description":"","potentialAction":[{"@type":"SearchAction","target":{"@type":"EntryPoint","urlTemplate":"https:\/\/www.sotrender.com\/blog\/?s={search_term_string}"},"query-input":"required name=search_term_string"}],"inLanguage":"pl-PL"},{"@type":"Person","@id":"https:\/\/www.sotrender.com\/blog\/#\/schema\/person\/48ed6f8ff39863778de8dd32f58467f5","name":"Micha\u0142 Wieczorek","image":{"@type":"ImageObject","inLanguage":"pl-PL","@id":"https:\/\/www.sotrender.com\/blog\/#\/schema\/person\/image\/","url":"https:\/\/secure.gravatar.com\/avatar\/65ceb2020aa2338488b9c5f33c10137f?s=96&d=mm&r=g","contentUrl":"https:\/\/secure.gravatar.com\/avatar\/65ceb2020aa2338488b9c5f33c10137f?s=96&d=mm&r=g","caption":"Micha\u0142 Wieczorek"},"description":"Baltic linguist, marketer, and music journalist in his free time. A big fan of good food and even better music.","sameAs":["https:\/\/www.linkedin.com\/in\/michaldwieczorek","https:\/\/twitter.com\/http:\/\/twitter.com\/eveningo"],"url":"https:\/\/www.sotrender.com\/blog\/pl\/author\/micha_wieczorek\/"}]}},"_links":{"self":[{"href":"https:\/\/www.sotrender.com\/blog\/pl\/wp-json\/wp\/v2\/posts\/28865"}],"collection":[{"href":"https:\/\/www.sotrender.com\/blog\/pl\/wp-json\/wp\/v2\/posts"}],"about":[{"href":"https:\/\/www.sotrender.com\/blog\/pl\/wp-json\/wp\/v2\/types\/post"}],"author":[{"embeddable":true,"href":"https:\/\/www.sotrender.com\/blog\/pl\/wp-json\/wp\/v2\/users\/49"}],"replies":[{"embeddable":true,"href":"https:\/\/www.sotrender.com\/blog\/pl\/wp-json\/wp\/v2\/comments?post=28865"}],"version-history":[{"count":20,"href":"https:\/\/www.sotrender.com\/blog\/pl\/wp-json\/wp\/v2\/posts\/28865\/revisions"}],"predecessor-version":[{"id":28941,"href":"https:\/\/www.sotrender.com\/blog\/pl\/wp-json\/wp\/v2\/posts\/28865\/revisions\/28941"}],"wp:featuredmedia":[{"embeddable":true,"href":"https:\/\/www.sotrender.com\/blog\/pl\/wp-json\/wp\/v2\/media\/28881"}],"wp:attachment":[{"href":"https:\/\/www.sotrender.com\/blog\/pl\/wp-json\/wp\/v2\/media?parent=28865"}],"wp:term":[{"taxonomy":"category","embeddable":true,"href":"https:\/\/www.sotrender.com\/blog\/pl\/wp-json\/wp\/v2\/categories?post=28865"},{"taxonomy":"post_tag","embeddable":true,"href":"https:\/\/www.sotrender.com\/blog\/pl\/wp-json\/wp\/v2\/tags?post=28865"}],"curies":[{"name":"wp","href":"https:\/\/api.w.org\/{rel}","templated":true}]}}