{"id":28765,"date":"2017-07-13T14:00:00","date_gmt":"2017-07-13T12:00:00","guid":{"rendered":"https:\/\/www.sotrender.com\/blog\/?p=28765\/"},"modified":"2017-07-13T15:44:32","modified_gmt":"2017-07-13T13:44:32","slug":"instagram-trends-czerwiec-2017-bo-liczy-sie-zaangazowanie","status":"publish","type":"post","link":"https:\/\/www.sotrender.com\/blog\/pl\/2017\/07\/instagram-trends-czerwiec-2017-bo-liczy-sie-zaangazowanie\/","title":{"rendered":"Instagram Trends czerwiec 2017 &#8211; bo liczy si\u0119 zaanga\u017cowanie"},"content":{"rendered":"<p>Przyj\u0119\u0142o si\u0119, \u017ce wakacje to czas odpoczynku. W ubieg\u0142ym miesi\u0105cu wi\u0119kszo\u015b\u0107 z nas my\u015blami by\u0142a ju\u017c pewnie gdzie indziej, dlatego w czerwcowym wydaniu Instagram Trends tak\u017ce my damy Wam odpocz\u0105\u0107 od temat\u00f3w, kt\u00f3re zazwyczaj dominuj\u0105 na Instagramie (nie b\u0119dzie ani s\u0142owa o Robercie Lewandowskim i jego ma\u0142\u017conce!). Skupimy si\u0119 na zaanga\u017cowaniu i podejrzymy, co znane marki robi\u0142y, \u017ceby osi\u0105gn\u0105\u0107 sukces w tym obszarze.<\/p>\n<p>Zapraszamy do lektury raportu <strong><a href=\"https:\/\/www.sotrender.com\/trends\/instagram\/poland\/201706\" target=\"_blank\">Instagram Trends Polska czerwiec 2017<\/a><\/strong>\u00a0przygotowanego jak zawsze przez <a href=\"http:\/\/www.sotrender.com\/pl\" target=\"_blank\">Sotrender<\/a>!<\/p>\n<p><!--more--><\/p>\n<h2>Photo, please<\/h2>\n<p>Kategori\u0105, kt\u00f3ra wyj\u0105tkowo mocno anga\u017cowa\u0142a swoich obserwator\u00f3w w czerwcu by\u0142a <span style=\"font-weight: bold;\">fotografia<\/span>. Nic dziwnego &#8211; czerwiec to nie tylko czas \u015blub\u00f3w, sesji plenerowych, ale tak\u017ce pocz\u0105tek wspomnianego ju\u017c okresu wakacyjno-urlopowego, kiedy wyj\u0105tkowo t\u0119skno nam do palm, pla\u017c, piasku i s\u0142o\u0144ca czy bardziej aktywnych form wypoczynku. I nawet je\u015bli do urlopu nam daleko to zazwyczaj ch\u0119tnie ogl\u0105damy zdj\u0119cia z my\u015bl\u0105 <em>te\u017c bym tak chcia\u0142\/a\u2026<\/em><\/p>\n<div id=\"attachment_28829\" style=\"width: 822px\" class=\"wp-caption aligncenter\"><img loading=\"lazy\" decoding=\"async\" aria-describedby=\"caption-attachment-28829\" class=\"size-full wp-image-28829\" src=\"https:\/\/www.sotrender.com\/blog\/wp-content\/uploads\/2017\/07\/fotografia-instagram-2017-czerwiec.png\" alt=\"fotografia, instagram, czerwiec 2017\" width=\"812\" height=\"687\" srcset=\"https:\/\/www.sotrender.com\/blog\/wp-content\/uploads\/2017\/07\/fotografia-instagram-2017-czerwiec.png 812w, https:\/\/www.sotrender.com\/blog\/wp-content\/uploads\/2017\/07\/fotografia-instagram-2017-czerwiec-475x402.png 475w, https:\/\/www.sotrender.com\/blog\/wp-content\/uploads\/2017\/07\/fotografia-instagram-2017-czerwiec-768x650.png 768w\" sizes=\"(max-width: 812px) 100vw, 812px\" \/><p id=\"caption-attachment-28829\" class=\"wp-caption-text\">Instagram Trends Polska Czerwiec 2017: Fotografia | Zaanga\u017cowanie<\/p><\/div>\n<p>Kt\u00f3rzy fotografowie odnotowali najwi\u0119ksze wzrosty? <a href=\"https:\/\/www.instagram.com\/mariuszpalczynski\/\" target=\"_blank\">Mariusz Pa\u0142czy\u0144ski<\/a>\u00a0(fotografia sportowa i eventy)\u00a0<a href=\"https:\/\/www.instagram.com\/bartpogoda\/\" target=\"_blank\">Bartpogoda<\/a>\u00a0oraz\u00a0<a href=\"https:\/\/www.instagram.com\/kjtsitko\/\" target=\"_blank\">Kajetan Sitko<\/a>\u00a0(fotografia podr\u00f3\u017cnicza). Na pierwszym miejscu w zestawieniu znalaz\u0142 si\u0119 profil <a href=\"https:\/\/www.instagram.com\/polandphotos\/\" target=\"_blank\">PolandPhotos<\/a>\u00a0(kt\u00f3ry jak si\u0119 okazuje jest na sprzeda\u017c), prezentuj\u0105cy r\u00f3\u017cne zak\u0105tki naszego kraju. Do\u015b\u0107 du\u017cym zainteresowaniem cieszy\u0142y si\u0119 r\u00f3wnie\u017c profile marek zwi\u0105zanych z fotografi\u0105 i sprz\u0119tem fotograficznym, np. Instax Poland, Nikon Polska czy Canon Polska, kt\u00f3re odnotowa\u0142y wzrosty o kilka pozycji.<\/p>\n<p>Lubujemy si\u0119 jednak ogl\u0105daniem nie tylko profesjonalnej fotografii, ale r\u00f3wnie\u017c bardziej amatorskich zdj\u0119\u0107 z ciekawych destynacji. Relacja <a href=\"https:\/\/www.instagram.com\/kingarusin\/\" target=\"_blank\">Kingi Rusin<\/a> z podr\u00f3\u017cy do dalekiej Polinezji Francuskiej zapewni\u0142a jej wzrost a\u017c o 30 oczek w g\u00f3r\u0119, je\u015bli chodzi o zaanga\u017cowanie w kategorii <a href=\"https:\/\/www.sotrender.com\/trends\/instagram\/poland\/201706\/osoby\" target=\"_blank\">Osoby<\/a>.<\/p>\n<div style=\"width: 993px\" class=\"wp-caption aligncenter\"><img loading=\"lazy\" decoding=\"async\" src=\"https:\/\/www.sotrender.com\/blog\/wp-content\/uploads\/2017\/07\/a521359e-7d05-42f3-a6b7-fb74a879e66e_pasted20image200.png\" alt=\"Kinga Rusin, Instagram\" width=\"983\" height=\"309\" \/><p class=\"wp-caption-text\"><a href=\"https:\/\/www.instagram.com\/kingarusin\/\">www.instagram.com\/kingarusin<\/a><\/p><\/div>\n<h2>Pot\u0119ga influencer\u00f3w<\/h2>\n<div id=\"attachment_28803\" style=\"width: 823px\" class=\"wp-caption aligncenter\"><img loading=\"lazy\" decoding=\"async\" aria-describedby=\"caption-attachment-28803\" class=\"size-full wp-image-28803\" src=\"https:\/\/www.sotrender.com\/blog\/wp-content\/uploads\/2017\/07\/instagram-polska-czerwiec-2016-moda-zaanga\u017cowanie.png\" alt=\"moda, Instagram, marki modowe\" width=\"813\" height=\"738\" srcset=\"https:\/\/www.sotrender.com\/blog\/wp-content\/uploads\/2017\/07\/instagram-polska-czerwiec-2016-moda-zaanga\u017cowanie.png 813w, https:\/\/www.sotrender.com\/blog\/wp-content\/uploads\/2017\/07\/instagram-polska-czerwiec-2016-moda-zaanga\u017cowanie-475x431.png 475w, https:\/\/www.sotrender.com\/blog\/wp-content\/uploads\/2017\/07\/instagram-polska-czerwiec-2016-moda-zaanga\u017cowanie-768x697.png 768w\" sizes=\"(max-width: 813px) 100vw, 813px\" \/><p id=\"caption-attachment-28803\" class=\"wp-caption-text\">Instagram Trends Polska Czerwiec 2017: Moda | Zaanga\u017cowanie<\/p><\/div>\n<p>Marki coraz cz\u0119\u015bciej nie tylko dostrzegaj\u0105 <strong>potencja\u0142 w influencerach<\/strong>, ale tak\u017ce nawi\u0105zuj\u0105 z nimi wsp\u00f3\u0142prace. Tak te\u017c si\u0119 sta\u0142o w przypadku marki <a href=\"https:\/\/www.instagram.com\/adidas_pl\/\">Adidas<\/a>, kt\u00f3ra zaprosi\u0142a niedawno do wsp\u00f3\u0142pracy przy swoich eventach znan\u0105 blogerk\u0119 modow\u0105 <a href=\"https:\/\/www.instagram.com\/jemerced\/\" target=\"_blank\">Jessic\u0119 Mercedes Kirschner<\/a>. Formu\u0142a wsp\u00f3\u0142pracy odbiega\u0142a jednak nieco od standard\u00f3w, do jakich przywykli\u015bmy, poniewa\u017c Jemerced zosta\u0142a dyrektor kreatywn\u0105 <a href=\"http:\/\/www.treningi.heretocreate.pl\/intro.php\" target=\"_blank\">trening\u00f3w Adidas Women #HereToCreate<\/a>. Nie tylko sygnuje wi\u0119c eventy swoim nazwiskiem, jest na nich obecna, ale tak\u017ce ma na nie realny wp\u0142yw i entuzjastycznie <a href=\"https:\/\/www.instagram.com\/p\/BUrsxejBe9k\/?taken-by=jemerced\" target=\"_blank\">promuje je na swoich kana\u0142ach social media<\/a>.<\/p>\n<p>Dzi\u0119ki temu oficjalny profil Adidasa anga\u017cowa\u0142 swoje fanki bardziej ni\u017c w poprzednim miesi\u0105cu, a najlepsze posty w czerwcu dotyczy\u0142y w\u0142a\u015bnie event\u00f3w <a href=\"https:\/\/www.instagram.com\/explore\/tags\/heretocreate\/\" target=\"_blank\">#HereToCreate<\/a>.<\/p>\n<div id=\"attachment_28809\" style=\"width: 960px\" class=\"wp-caption aligncenter\"><img loading=\"lazy\" decoding=\"async\" aria-describedby=\"caption-attachment-28809\" class=\"size-large wp-image-28809\" src=\"https:\/\/www.sotrender.com\/blog\/wp-content\/uploads\/2017\/07\/adidas-950x485.png\" alt=\"adidas, sport, heretocreate, event\" width=\"950\" height=\"485\" srcset=\"https:\/\/www.sotrender.com\/blog\/wp-content\/uploads\/2017\/07\/adidas-950x485.png 950w, https:\/\/www.sotrender.com\/blog\/wp-content\/uploads\/2017\/07\/adidas-475x242.png 475w, https:\/\/www.sotrender.com\/blog\/wp-content\/uploads\/2017\/07\/adidas-768x392.png 768w, https:\/\/www.sotrender.com\/blog\/wp-content\/uploads\/2017\/07\/adidas.png 1336w\" sizes=\"(max-width: 950px) 100vw, 950px\" \/><p id=\"caption-attachment-28809\" class=\"wp-caption-text\">Oficjalne konto Adidas Poland na Instagramie &#8211; najlepsze posty w czerwcu<\/p><\/div>\n<h2>Cia\u0142o gotowe na pla\u017c\u0119<\/h2>\n<p>Nie, nie m\u00f3wimy o wizytach na si\u0142owni i efektach trening\u00f3w, cho\u0107 pozostajemy w temacie wakacyjnym. Mowa o mini <strong>akcji spo\u0142ecznej<\/strong> zorganizowanej w czerwcu przez <a href=\"https:\/\/www.instagram.com\/wysokieobcasy.pl\/\" target=\"_blank\">Wysokie Obcasy<\/a>, kt\u00f3ra by\u0142a \u015bwietnym sposobem nie tylko na wi\u0119ksze anga\u017cowanie fan\u00f3w w publikowane tre\u015bci, ale te\u017c na silniejsze uto\u017csamianie si\u0119 z ni\u0105.<\/p>\n<p>O co w niej chodzi\u0142o? O akceptacj\u0119 swojego cia\u0142a takim jakie jest, nie za\u015b usilne poprawianie go (cz\u0119sto nawet dla ludzi, kt\u00f3rych w og\u00f3le nie znamy!).<\/p>\n<div style=\"width: 927px\" class=\"wp-caption aligncenter\"><img loading=\"lazy\" decoding=\"async\" src=\"https:\/\/www.sotrender.com\/blog\/wp-content\/uploads\/2017\/07\/8b51380b-ce26-476e-a5d2-274d1a3a7b74_pasted20image200.png\" alt=\"wysokie obcasy, gotowe na pla\u017c\u0119, akcja spo\u0142eczna\" width=\"917\" height=\"595\" \/><p class=\"wp-caption-text\">Wysokie Obcasy &#8211; oficjalne konto na Instagramie<\/p><\/div>\n<p>Podczas gdy inne posty magazynu zbiera\u0142y \u015brednio po kilkaset polubie\u0144 na Instagramie, posty w ramach akcji &#8211; \u015brednio oko\u0142o 2000 (najlepszy ponad 4000), tak wi\u0119c dobre kilka razy wi\u0119cej. To przyczyni\u0142o si\u0119 z pewno\u015bci\u0105 do awansu Wysokich Obcas\u00f3w o 8\u00a0miejsc i ostateczne uplasowanie si\u0119 na 17 pozycji w kategorii <a href=\"https:\/\/www.sotrender.com\/trends\/instagram\/poland\/201706\/media\/media_tradycyjne\" target=\"_blank\">Media tradycyjne\/ zaanga\u017cowanie<\/a>.<\/p>\n<div id=\"attachment_28817\" style=\"width: 960px\" class=\"wp-caption aligncenter\"><img loading=\"lazy\" decoding=\"async\" aria-describedby=\"caption-attachment-28817\" class=\"size-large wp-image-28817\" src=\"https:\/\/www.sotrender.com\/blog\/wp-content\/uploads\/2017\/07\/wysokie-obcasy-950x408.png\" alt=\"wysokie obcasy, instagram\" width=\"950\" height=\"408\" srcset=\"https:\/\/www.sotrender.com\/blog\/wp-content\/uploads\/2017\/07\/wysokie-obcasy-950x408.png 950w, https:\/\/www.sotrender.com\/blog\/wp-content\/uploads\/2017\/07\/wysokie-obcasy-475x204.png 475w, https:\/\/www.sotrender.com\/blog\/wp-content\/uploads\/2017\/07\/wysokie-obcasy-768x330.png 768w, https:\/\/www.sotrender.com\/blog\/wp-content\/uploads\/2017\/07\/wysokie-obcasy.png 1303w\" sizes=\"(max-width: 950px) 100vw, 950px\" \/><p id=\"caption-attachment-28817\" class=\"wp-caption-text\">Wysokie Obcasy &#8211; najlepsze posty w czerwcu<\/p><\/div>\n<p><strong>Co jeszcze wydarzy\u0142o si\u0119 w czerwcu na polskim Instagramie? Koniecznie sprawd\u017acie najnowszy raport<\/strong> <a href=\"https:\/\/www.sotrender.com\/trends\/instagram\/poland\/201706\" target=\"_blank\">Instagram Trends czerwiec 2017<\/a>!<\/p>\n<h2>Zg\u0142o\u015b profil do Instagram Trends!<\/h2>\n<p>Ca\u0142y czas dodajemy nowe kategorie i profile do naszego raportu. Je\u015bli Waszym zdaniem jakie\u015b profile powinny si\u0119 r\u00f3wnie\u017c w nim znale\u017a\u0107, napiszcie na adres <a href=\"mailto:trends@sotrender.com\">trends@sotrender.com<\/a>.<\/p>\n<div class=\"shortcode trial\"><h4><span>Mierz, optymalizuj, raportuj!<\/span><a title=\"Zobacz wi\u0119cej\" class=\"btn\" href=\"https:\/\/app.sotrender.com\/auth\/signup\/trial\/pl?utm_source=blog-cta-legacy\">Zobacz wi\u0119cej<\/a><\/h4><\/div>\n","protected":false},"excerpt":{"rendered":"<p>Przyj\u0119\u0142o si\u0119, \u017ce wakacje to czas odpoczynku. W ubieg\u0142ym miesi\u0105cu wi\u0119kszo\u015b\u0107 z nas my\u015blami by\u0142a ju\u017c pewnie gdzie indziej, dlatego w czerwcowym wydaniu Instagram Trends tak\u017ce my damy Wam odpocz\u0105\u0107 od temat\u00f3w, kt\u00f3re zazwyczaj dominuj\u0105 na Instagramie (nie b\u0119dzie ani s\u0142owa o Robercie Lewandowskim i jego ma\u0142\u017conce!). Skupimy si\u0119 na zaanga\u017cowaniu i podejrzymy, co znane [&hellip;]<\/p>\n","protected":false},"author":89,"featured_media":28847,"comment_status":"open","ping_status":"open","sticky":false,"template":"","format":"standard","meta":{"inline_featured_image":false,"footnotes":""},"categories":[1791,1803,2125],"tags":[615,675,2073,2429],"yoast_head":"<!-- This site is optimized with the Yoast SEO plugin v22.4 - https:\/\/yoast.com\/wordpress\/plugins\/seo\/ -->\n<title>Instagram Trends Polska czerwiec 2017 - bo liczy si\u0119 zaanga\u017cownie<\/title>\n<meta name=\"description\" content=\"Wakacje to czas odpoczynku, dlatego w czerwcowym wydaniu Instagram Trends tak\u017ce damy Wam odpocz\u0105\u0107 od temat\u00f3w, kt\u00f3re zazwyczaj dominuj\u0105 na Instagramie .\" \/>\n<meta name=\"robots\" content=\"index, follow, max-snippet:-1, max-image-preview:large, max-video-preview:-1\" \/>\n<link rel=\"canonical\" href=\"https:\/\/www.sotrender.com\/blog\/pl\/2017\/07\/instagram-trends-czerwiec-2017-bo-liczy-sie-zaangazowanie\/\" \/>\n<meta property=\"og:locale\" content=\"pl_PL\" \/>\n<meta property=\"og:type\" content=\"article\" \/>\n<meta property=\"og:title\" content=\"Instagram Trends Polska czerwiec 2017 - bo liczy si\u0119 zaanga\u017cownie\" \/>\n<meta property=\"og:description\" content=\"Wakacje to czas odpoczynku, dlatego w czerwcowym wydaniu Instagram Trends tak\u017ce damy Wam odpocz\u0105\u0107 od temat\u00f3w, kt\u00f3re zazwyczaj dominuj\u0105 na Instagramie .\" \/>\n<meta property=\"og:url\" content=\"https:\/\/www.sotrender.com\/blog\/pl\/2017\/07\/instagram-trends-czerwiec-2017-bo-liczy-sie-zaangazowanie\/\" \/>\n<meta property=\"og:site_name\" content=\"Sotrender Blog\" \/>\n<meta property=\"article:publisher\" content=\"https:\/\/www.facebook.com\/Sotrender\" \/>\n<meta property=\"article:published_time\" content=\"2017-07-13T12:00:00+00:00\" \/>\n<meta property=\"article:modified_time\" content=\"2017-07-13T13:44:32+00:00\" \/>\n<meta property=\"og:image\" content=\"https:\/\/www.sotrender.com\/blog\/wp-content\/uploads\/2017\/07\/color-2261009_1280.jpg\" \/>\n\t<meta property=\"og:image:width\" content=\"1100\" \/>\n\t<meta property=\"og:image:height\" content=\"655\" \/>\n\t<meta property=\"og:image:type\" content=\"image\/jpeg\" \/>\n<meta name=\"author\" content=\"Klaudia \u017by\u0142ka\" \/>\n<meta name=\"twitter:card\" content=\"summary_large_image\" \/>\n<meta name=\"twitter:creator\" content=\"@Sotrender\" \/>\n<meta name=\"twitter:site\" content=\"@Sotrender\" \/>\n<meta name=\"twitter:label1\" content=\"Written by\" \/>\n\t<meta name=\"twitter:data1\" content=\"Klaudia \u017by\u0142ka\" \/>\n\t<meta name=\"twitter:label2\" content=\"Est. reading time\" \/>\n\t<meta name=\"twitter:data2\" content=\"4 minutes\" \/>\n<script type=\"application\/ld+json\" class=\"yoast-schema-graph\">{\"@context\":\"https:\/\/schema.org\",\"@graph\":[{\"@type\":\"WebPage\",\"@id\":\"https:\/\/www.sotrender.com\/blog\/pl\/2017\/07\/instagram-trends-czerwiec-2017-bo-liczy-sie-zaangazowanie\/\",\"url\":\"https:\/\/www.sotrender.com\/blog\/pl\/2017\/07\/instagram-trends-czerwiec-2017-bo-liczy-sie-zaangazowanie\/\",\"name\":\"Instagram Trends Polska czerwiec 2017 - bo liczy si\u0119 zaanga\u017cownie\",\"isPartOf\":{\"@id\":\"https:\/\/www.sotrender.com\/blog\/#website\"},\"primaryImageOfPage\":{\"@id\":\"https:\/\/www.sotrender.com\/blog\/pl\/2017\/07\/instagram-trends-czerwiec-2017-bo-liczy-sie-zaangazowanie\/#primaryimage\"},\"image\":{\"@id\":\"https:\/\/www.sotrender.com\/blog\/pl\/2017\/07\/instagram-trends-czerwiec-2017-bo-liczy-sie-zaangazowanie\/#primaryimage\"},\"thumbnailUrl\":\"https:\/\/www.sotrender.com\/blog\/wp-content\/uploads\/2017\/07\/color-2261009_1280.jpg\",\"datePublished\":\"2017-07-13T12:00:00+00:00\",\"dateModified\":\"2017-07-13T13:44:32+00:00\",\"author\":{\"@id\":\"https:\/\/www.sotrender.com\/blog\/#\/schema\/person\/038ac5e276c5d102d8cbb9c36cd43416\"},\"description\":\"Wakacje to czas odpoczynku, dlatego w czerwcowym wydaniu Instagram Trends tak\u017ce damy Wam odpocz\u0105\u0107 od temat\u00f3w, kt\u00f3re zazwyczaj dominuj\u0105 na Instagramie .\",\"breadcrumb\":{\"@id\":\"https:\/\/www.sotrender.com\/blog\/pl\/2017\/07\/instagram-trends-czerwiec-2017-bo-liczy-sie-zaangazowanie\/#breadcrumb\"},\"inLanguage\":\"pl-PL\",\"potentialAction\":[{\"@type\":\"ReadAction\",\"target\":[\"https:\/\/www.sotrender.com\/blog\/pl\/2017\/07\/instagram-trends-czerwiec-2017-bo-liczy-sie-zaangazowanie\/\"]}]},{\"@type\":\"ImageObject\",\"inLanguage\":\"pl-PL\",\"@id\":\"https:\/\/www.sotrender.com\/blog\/pl\/2017\/07\/instagram-trends-czerwiec-2017-bo-liczy-sie-zaangazowanie\/#primaryimage\",\"url\":\"https:\/\/www.sotrender.com\/blog\/wp-content\/uploads\/2017\/07\/color-2261009_1280.jpg\",\"contentUrl\":\"https:\/\/www.sotrender.com\/blog\/wp-content\/uploads\/2017\/07\/color-2261009_1280.jpg\",\"width\":1100,\"height\":655},{\"@type\":\"BreadcrumbList\",\"@id\":\"https:\/\/www.sotrender.com\/blog\/pl\/2017\/07\/instagram-trends-czerwiec-2017-bo-liczy-sie-zaangazowanie\/#breadcrumb\",\"itemListElement\":[{\"@type\":\"ListItem\",\"position\":1,\"name\":\"Home\",\"item\":\"https:\/\/www.sotrender.com\/blog\/\"},{\"@type\":\"ListItem\",\"position\":2,\"name\":\"Instagram Trends czerwiec 2017 &#8211; bo liczy si\u0119 zaanga\u017cowanie\"}]},{\"@type\":\"WebSite\",\"@id\":\"https:\/\/www.sotrender.com\/blog\/#website\",\"url\":\"https:\/\/www.sotrender.com\/blog\/\",\"name\":\"Sotrender Blog\",\"description\":\"\",\"potentialAction\":[{\"@type\":\"SearchAction\",\"target\":{\"@type\":\"EntryPoint\",\"urlTemplate\":\"https:\/\/www.sotrender.com\/blog\/?s={search_term_string}\"},\"query-input\":\"required name=search_term_string\"}],\"inLanguage\":\"pl-PL\"},{\"@type\":\"Person\",\"@id\":\"https:\/\/www.sotrender.com\/blog\/#\/schema\/person\/038ac5e276c5d102d8cbb9c36cd43416\",\"name\":\"Klaudia \u017by\u0142ka\",\"image\":{\"@type\":\"ImageObject\",\"inLanguage\":\"pl-PL\",\"@id\":\"https:\/\/www.sotrender.com\/blog\/#\/schema\/person\/image\/\",\"url\":\"https:\/\/secure.gravatar.com\/avatar\/f55d5d49ce3c448e1ffde0ab078d84cd?s=96&d=mm&r=g\",\"contentUrl\":\"https:\/\/secure.gravatar.com\/avatar\/f55d5d49ce3c448e1ffde0ab078d84cd?s=96&d=mm&r=g\",\"caption\":\"Klaudia \u017by\u0142ka\"},\"description\":\"Instagram, dogs, books and food lover. Former student at Warsaw University and Malm\u00f6 University. Improving her marketing skills every day. Proud owner of DIMAQ certificate\",\"sameAs\":[\"https:\/\/www.linkedin.com\/in\/klaudia-\u017cy\u0142ka-17527779\"],\"url\":\"https:\/\/www.sotrender.com\/blog\/pl\/author\/klaudia_yka\/\"}]}<\/script>\n<!-- \/ Yoast SEO plugin. -->","yoast_head_json":{"title":"Instagram Trends Polska czerwiec 2017 - bo liczy si\u0119 zaanga\u017cownie","description":"Wakacje to czas odpoczynku, dlatego w czerwcowym wydaniu Instagram Trends tak\u017ce damy Wam odpocz\u0105\u0107 od temat\u00f3w, kt\u00f3re zazwyczaj dominuj\u0105 na Instagramie .","robots":{"index":"index","follow":"follow","max-snippet":"max-snippet:-1","max-image-preview":"max-image-preview:large","max-video-preview":"max-video-preview:-1"},"canonical":"https:\/\/www.sotrender.com\/blog\/pl\/2017\/07\/instagram-trends-czerwiec-2017-bo-liczy-sie-zaangazowanie\/","og_locale":"pl_PL","og_type":"article","og_title":"Instagram Trends Polska czerwiec 2017 - bo liczy si\u0119 zaanga\u017cownie","og_description":"Wakacje to czas odpoczynku, dlatego w czerwcowym wydaniu Instagram Trends tak\u017ce damy Wam odpocz\u0105\u0107 od temat\u00f3w, kt\u00f3re zazwyczaj dominuj\u0105 na Instagramie .","og_url":"https:\/\/www.sotrender.com\/blog\/pl\/2017\/07\/instagram-trends-czerwiec-2017-bo-liczy-sie-zaangazowanie\/","og_site_name":"Sotrender Blog","article_publisher":"https:\/\/www.facebook.com\/Sotrender","article_published_time":"2017-07-13T12:00:00+00:00","article_modified_time":"2017-07-13T13:44:32+00:00","og_image":[{"width":1100,"height":655,"url":"https:\/\/www.sotrender.com\/blog\/wp-content\/uploads\/2017\/07\/color-2261009_1280.jpg","type":"image\/jpeg"}],"author":"Klaudia \u017by\u0142ka","twitter_card":"summary_large_image","twitter_creator":"@Sotrender","twitter_site":"@Sotrender","twitter_misc":{"Written by":"Klaudia \u017by\u0142ka","Est. reading time":"4 minutes"},"schema":{"@context":"https:\/\/schema.org","@graph":[{"@type":"WebPage","@id":"https:\/\/www.sotrender.com\/blog\/pl\/2017\/07\/instagram-trends-czerwiec-2017-bo-liczy-sie-zaangazowanie\/","url":"https:\/\/www.sotrender.com\/blog\/pl\/2017\/07\/instagram-trends-czerwiec-2017-bo-liczy-sie-zaangazowanie\/","name":"Instagram Trends Polska czerwiec 2017 - bo liczy si\u0119 zaanga\u017cownie","isPartOf":{"@id":"https:\/\/www.sotrender.com\/blog\/#website"},"primaryImageOfPage":{"@id":"https:\/\/www.sotrender.com\/blog\/pl\/2017\/07\/instagram-trends-czerwiec-2017-bo-liczy-sie-zaangazowanie\/#primaryimage"},"image":{"@id":"https:\/\/www.sotrender.com\/blog\/pl\/2017\/07\/instagram-trends-czerwiec-2017-bo-liczy-sie-zaangazowanie\/#primaryimage"},"thumbnailUrl":"https:\/\/www.sotrender.com\/blog\/wp-content\/uploads\/2017\/07\/color-2261009_1280.jpg","datePublished":"2017-07-13T12:00:00+00:00","dateModified":"2017-07-13T13:44:32+00:00","author":{"@id":"https:\/\/www.sotrender.com\/blog\/#\/schema\/person\/038ac5e276c5d102d8cbb9c36cd43416"},"description":"Wakacje to czas odpoczynku, dlatego w czerwcowym wydaniu Instagram Trends tak\u017ce damy Wam odpocz\u0105\u0107 od temat\u00f3w, kt\u00f3re zazwyczaj dominuj\u0105 na Instagramie .","breadcrumb":{"@id":"https:\/\/www.sotrender.com\/blog\/pl\/2017\/07\/instagram-trends-czerwiec-2017-bo-liczy-sie-zaangazowanie\/#breadcrumb"},"inLanguage":"pl-PL","potentialAction":[{"@type":"ReadAction","target":["https:\/\/www.sotrender.com\/blog\/pl\/2017\/07\/instagram-trends-czerwiec-2017-bo-liczy-sie-zaangazowanie\/"]}]},{"@type":"ImageObject","inLanguage":"pl-PL","@id":"https:\/\/www.sotrender.com\/blog\/pl\/2017\/07\/instagram-trends-czerwiec-2017-bo-liczy-sie-zaangazowanie\/#primaryimage","url":"https:\/\/www.sotrender.com\/blog\/wp-content\/uploads\/2017\/07\/color-2261009_1280.jpg","contentUrl":"https:\/\/www.sotrender.com\/blog\/wp-content\/uploads\/2017\/07\/color-2261009_1280.jpg","width":1100,"height":655},{"@type":"BreadcrumbList","@id":"https:\/\/www.sotrender.com\/blog\/pl\/2017\/07\/instagram-trends-czerwiec-2017-bo-liczy-sie-zaangazowanie\/#breadcrumb","itemListElement":[{"@type":"ListItem","position":1,"name":"Home","item":"https:\/\/www.sotrender.com\/blog\/"},{"@type":"ListItem","position":2,"name":"Instagram Trends czerwiec 2017 &#8211; bo liczy si\u0119 zaanga\u017cowanie"}]},{"@type":"WebSite","@id":"https:\/\/www.sotrender.com\/blog\/#website","url":"https:\/\/www.sotrender.com\/blog\/","name":"Sotrender Blog","description":"","potentialAction":[{"@type":"SearchAction","target":{"@type":"EntryPoint","urlTemplate":"https:\/\/www.sotrender.com\/blog\/?s={search_term_string}"},"query-input":"required name=search_term_string"}],"inLanguage":"pl-PL"},{"@type":"Person","@id":"https:\/\/www.sotrender.com\/blog\/#\/schema\/person\/038ac5e276c5d102d8cbb9c36cd43416","name":"Klaudia \u017by\u0142ka","image":{"@type":"ImageObject","inLanguage":"pl-PL","@id":"https:\/\/www.sotrender.com\/blog\/#\/schema\/person\/image\/","url":"https:\/\/secure.gravatar.com\/avatar\/f55d5d49ce3c448e1ffde0ab078d84cd?s=96&d=mm&r=g","contentUrl":"https:\/\/secure.gravatar.com\/avatar\/f55d5d49ce3c448e1ffde0ab078d84cd?s=96&d=mm&r=g","caption":"Klaudia \u017by\u0142ka"},"description":"Instagram, dogs, books and food lover. Former student at Warsaw University and Malm\u00f6 University. Improving her marketing skills every day. Proud owner of DIMAQ certificate","sameAs":["https:\/\/www.linkedin.com\/in\/klaudia-\u017cy\u0142ka-17527779"],"url":"https:\/\/www.sotrender.com\/blog\/pl\/author\/klaudia_yka\/"}]}},"_links":{"self":[{"href":"https:\/\/www.sotrender.com\/blog\/pl\/wp-json\/wp\/v2\/posts\/28765"}],"collection":[{"href":"https:\/\/www.sotrender.com\/blog\/pl\/wp-json\/wp\/v2\/posts"}],"about":[{"href":"https:\/\/www.sotrender.com\/blog\/pl\/wp-json\/wp\/v2\/types\/post"}],"author":[{"embeddable":true,"href":"https:\/\/www.sotrender.com\/blog\/pl\/wp-json\/wp\/v2\/users\/89"}],"replies":[{"embeddable":true,"href":"https:\/\/www.sotrender.com\/blog\/pl\/wp-json\/wp\/v2\/comments?post=28765"}],"version-history":[{"count":33,"href":"https:\/\/www.sotrender.com\/blog\/pl\/wp-json\/wp\/v2\/posts\/28765\/revisions"}],"predecessor-version":[{"id":28863,"href":"https:\/\/www.sotrender.com\/blog\/pl\/wp-json\/wp\/v2\/posts\/28765\/revisions\/28863"}],"wp:featuredmedia":[{"embeddable":true,"href":"https:\/\/www.sotrender.com\/blog\/pl\/wp-json\/wp\/v2\/media\/28847"}],"wp:attachment":[{"href":"https:\/\/www.sotrender.com\/blog\/pl\/wp-json\/wp\/v2\/media?parent=28765"}],"wp:term":[{"taxonomy":"category","embeddable":true,"href":"https:\/\/www.sotrender.com\/blog\/pl\/wp-json\/wp\/v2\/categories?post=28765"},{"taxonomy":"post_tag","embeddable":true,"href":"https:\/\/www.sotrender.com\/blog\/pl\/wp-json\/wp\/v2\/tags?post=28765"}],"curies":[{"name":"wp","href":"https:\/\/api.w.org\/{rel}","templated":true}]}}