{"id":28593,"date":"2017-07-07T11:39:09","date_gmt":"2017-07-07T09:39:09","guid":{"rendered":"https:\/\/www.sotrender.com\/blog\/?p=28593\/"},"modified":"2017-07-09T17:27:52","modified_gmt":"2017-07-09T15:27:52","slug":"twitter-trends-czerwiec-2017","status":"publish","type":"post","link":"https:\/\/www.sotrender.com\/blog\/pl\/2017\/07\/twitter-trends-czerwiec-2017\/","title":{"rendered":"Twitter Trends czerwiec 2017"},"content":{"rendered":"<p>O ile maj na Twitterze zdominowa\u0142 Robert Lewandowski, czerwiec to ju\u017c powr\u00f3t do twitterowej normy. Bie\u017c\u0105ca polityka jest tym, co polski Twitter kocha najbardziej, a\u017c 10 z 15 najlepszych tweet\u00f3w miesi\u0105ca dotyczy\u0142o w\u0142a\u015bnie tej sfery \u017cycia publicznego. Czerwcow\u0105 dominacj\u0119 polityki wida\u0107 tak\u017ce w najcz\u0119\u015bciej u\u017cywanych hashtagach miesi\u0105ca.<!--more--><\/p>\n<p>Co jeszcze dzia\u0142o si\u0119 na Twitterze w czerwcu? Zapraszamy do <a href=\"https:\/\/www.sotrender.com\/trends\/twitter\/poland\/201706\">lektury najnowszego wydania raportu Twitter Trends<\/a> przygotowanego przez <a href=\"https:\/\/www.sotrender.com\/trends\/twitter\/poland\/201706\">Sotrender<\/a>!<\/p>\n<h2>CD PROJEKT RED ofiar\u0105 szanta\u017cu<\/h2>\n<p>&nbsp;<\/p>\n<blockquote class=\"twitter-tweet\" data-lang=\"en\">\n<p dir=\"ltr\" lang=\"und\"><a href=\"https:\/\/t.co\/eP2OatjZZW\">pic.twitter.com\/eP2OatjZZW<\/a><\/p>\n<p>\u2014 CD PROJEKT RED (@CDPROJEKTRED) <a href=\"https:\/\/twitter.com\/CDPROJEKTRED\/status\/872840969795899394\">June 8, 2017<\/a><\/p><\/blockquote>\n<p><script async src=\"\/\/platform.twitter.com\/widgets.js\" charset=\"utf-8\"><\/script><br \/>\nNajbardziej interaktywny tweet miesi\u0105ca opublikowa\u0142 <strong>CD PROJEKT RED<\/strong>, tw\u00f3rcy komputerowej adaptacji Wied\u017amina. Jednak tym razem nie tweetowali o Geralcie z Rivii, a o swoim nadchodz\u0105cym projekcie, wyczekiwanej adaptacji Cyberpunk 2077. Polski deweloper gier pad\u0142 ofiar\u0105 szanta\u017cu po kradzie\u017cy plik\u00f3w koncepcyjnych w\u0142a\u015bnie do Cyberpunka 2077, o czym poinformowali na swoim Twiterze, zaznaczajac, \u017ce skradzione pliki nie odzwierciedlaj\u0105 obecnego stanu prac nad gr\u0105. Premiera wyczekiwanej produkcji CD PROJEKT RED nie jest jeszcze znana.<\/p>\n<h2>Dzie\u0144 dziecka w Twitter Trends<\/h2>\n<div id=\"attachment_28609\" style=\"width: 974px\" class=\"wp-caption aligncenter\"><img loading=\"lazy\" decoding=\"async\" aria-describedby=\"caption-attachment-28609\" class=\"size-full wp-image-28609\" src=\"https:\/\/www.sotrender.com\/blog\/wp-content\/uploads\/2017\/07\/Najlepsze-tweety-w-kategorii-osoby.png\" alt=\"Najlepsze tweety w kategorii osoby\" width=\"964\" height=\"468\" srcset=\"https:\/\/www.sotrender.com\/blog\/wp-content\/uploads\/2017\/07\/Najlepsze-tweety-w-kategorii-osoby.png 964w, https:\/\/www.sotrender.com\/blog\/wp-content\/uploads\/2017\/07\/Najlepsze-tweety-w-kategorii-osoby-475x231.png 475w, https:\/\/www.sotrender.com\/blog\/wp-content\/uploads\/2017\/07\/Najlepsze-tweety-w-kategorii-osoby-768x373.png 768w, https:\/\/www.sotrender.com\/blog\/wp-content\/uploads\/2017\/07\/Najlepsze-tweety-w-kategorii-osoby-950x461.png 950w\" sizes=\"(max-width: 964px) 100vw, 964px\" \/><p id=\"caption-attachment-28609\" class=\"wp-caption-text\">Najlepsze tweety w kategorii osoby &#8211; Twitter Trends czerwiec 2017<\/p><\/div>\n<p>Kto z\u0142o\u017cy\u0142 najlepsze \u017cyczenia na Dzie\u0144 Dziecka? Wed\u0142ug twitterowicz\u00f3w by\u0142 to <strong>Maciej Or\u0142o\u015b<\/strong>, kt\u00f3ry \u017cyczy\u0142 wszystkim dzieciakom (tym mniejszym i tym wi\u0119kszym) bilet\u00f3w na koncerty swoich ukochanych wykonawc\u00f3w. A \u017ce sk\u0105din\u0105d wiadomo, \u017ce Maciej Or\u0142o\u015b mocno kibicuje polskim Directionersom, czyli fanom One Direction, mo\u017cemy si\u0119 spodziewa\u0107, kogo mia\u0142 na my\u015bli ;). Warto doda\u0107, \u017ce drugi pod wzgl\u0119dem popularno\u015bci tweet dziennikarza to r\u00f3wnie\u017c \u017cyczenia. Tym razem \u017cyczy\u0142 udanych wakacji dla wszystkich Directioners\u00f3w.<\/p>\n<h2>Politycy w Twitter Trends<\/h2>\n<div id=\"attachment_28611\" style=\"width: 1004px\" class=\"wp-caption aligncenter\"><img loading=\"lazy\" decoding=\"async\" aria-describedby=\"caption-attachment-28611\" class=\"size-full wp-image-28611\" src=\"https:\/\/www.sotrender.com\/blog\/wp-content\/uploads\/2017\/07\/Najwi\u0119cej-aktywno\u015bci-w-kategorii-Politycy-Twitter-Trends-czerwiec-2017.png\" alt=\"Najwi\u0119cej aktywno\u015bci w kategorii Politycy - Twitter Trends czerwiec 2017\" width=\"994\" height=\"537\" srcset=\"https:\/\/www.sotrender.com\/blog\/wp-content\/uploads\/2017\/07\/Najwi\u0119cej-aktywno\u015bci-w-kategorii-Politycy-Twitter-Trends-czerwiec-2017.png 994w, https:\/\/www.sotrender.com\/blog\/wp-content\/uploads\/2017\/07\/Najwi\u0119cej-aktywno\u015bci-w-kategorii-Politycy-Twitter-Trends-czerwiec-2017-475x257.png 475w, https:\/\/www.sotrender.com\/blog\/wp-content\/uploads\/2017\/07\/Najwi\u0119cej-aktywno\u015bci-w-kategorii-Politycy-Twitter-Trends-czerwiec-2017-768x415.png 768w, https:\/\/www.sotrender.com\/blog\/wp-content\/uploads\/2017\/07\/Najwi\u0119cej-aktywno\u015bci-w-kategorii-Politycy-Twitter-Trends-czerwiec-2017-950x513.png 950w\" sizes=\"(max-width: 994px) 100vw, 994px\" \/><p id=\"caption-attachment-28611\" class=\"wp-caption-text\">Najwi\u0119cej aktywno\u015bci w kategorii <a href=\"https:\/\/www.sotrender.com\/trends\/twitter\/poland\/201706\/osoby\/politycy\">Politycy &#8211; Twitter Trends czerwiec 2017<\/a><\/p><\/div>\n<p>Czerwiec by\u0142 troch\u0119 gorszym miesi\u0105cem na Twitterze dla <strong>Andrzeja Dudy<\/strong>. Liczba wzmianek profilu prezydenta spad\u0142a o 23% (cho\u0107 nadal jest imponuj\u0105cy wynik &#8211; ponad 22 tysi\u0105ce wzmianek), w wyniku czego Andrzej Duda spad\u0142 w zestawieniu najcz\u0119\u015bciej wspominanych polityk\u00f3w na drugie miejsce. <a href=\"https:\/\/www.sotrender.com\/trends\/twitter\/poland\/201706\/osoby\/politycy#engagement\">Na szczycie podium<\/a> znalaz\u0142 si\u0119 profil pani premier, <strong>Beaty Szyd\u0142o<\/strong>, kt\u00f3ry twitterowicze wspominali 23 tysi\u0105ce razy, o 20% wi\u0119cej w por\u00f3wnaniu do maja. <a href=\"https:\/\/www.sotrender.com\/trends\/twitter\/poland\/201706\/osoby\/politycy#engagement2\">R\u00f3wnie\u017c w rankingu najbardziej aktywnych profili<\/a> Andrzej Duda\u00a0spad\u0142 z pierwszego miejsca. \u00a0Prezydenta wyprzedzi\u0142 pose\u0142 PiS <strong>Dominik Tarczy\u0144ski<\/strong>, kt\u00f3ry cz\u0119sto przedstawiany jest jako polityk, kt\u00f3ry doskonale rozumie natur\u0119 medi\u00f3w spo\u0142eczno\u015bciowych. Wida\u0107 to bardzo dobrze w statystykach jego profilu na Twitterze, to kolejny miesi\u0105c, gdy liczba wzmianek jego profilu wzros\u0142a o 70%. Warto zauwa\u017cy\u0107 tak\u017ce spory awans w rankingu <strong>Joanny Senyszyn<\/strong>, kt\u00f3ra pojawi\u0142a si\u0119 na 20. miejscu zestawienia.<\/p>\n<h2 style=\"text-align: center;\"><a href=\"https:\/\/www.sotrender.com\/trends\/twitter\/poland\/201706\/osoby\/\">Zapraszamy do lektury raportu Twitter Trends czerwiec 2017!<\/a><\/h2>\n","protected":false},"excerpt":{"rendered":"<p>O ile maj na Twitterze zdominowa\u0142 Robert Lewandowski, czerwiec to ju\u017c powr\u00f3t do twitterowej normy. Bie\u017c\u0105ca polityka jest tym, co polski Twitter kocha najbardziej, a\u017c 10 z 15 najlepszych tweet\u00f3w miesi\u0105ca dotyczy\u0142o w\u0142a\u015bnie tej sfery \u017cycia publicznego. Czerwcow\u0105 dominacj\u0119 polityki wida\u0107 tak\u017ce w najcz\u0119\u015bciej u\u017cywanych hashtagach miesi\u0105ca.<\/p>\n","protected":false},"author":49,"featured_media":26849,"comment_status":"open","ping_status":"open","sticky":false,"template":"","format":"standard","meta":{"inline_featured_image":false,"footnotes":""},"categories":[1791,1799,2125],"tags":[889,1393,1553,2021,2409,2411],"yoast_head":"<!-- This site is optimized with the Yoast SEO plugin v22.4 - https:\/\/yoast.com\/wordpress\/plugins\/seo\/ -->\n<title>Twitter Trends czerwiec 2017<\/title>\n<meta name=\"description\" content=\"Co dzia\u0142o si\u0119 na Twitterze w czerwcu? Kt\u00f3ry polityk zdetronizowa\u0142 Andrzeja Dud\u0119? Dowiecie si\u0119 tego z najnowszego wydania raport\u00f3w Twitter Trends!\" \/>\n<meta name=\"robots\" content=\"index, follow, max-snippet:-1, max-image-preview:large, max-video-preview:-1\" \/>\n<link rel=\"canonical\" href=\"https:\/\/www.sotrender.com\/blog\/pl\/2017\/07\/twitter-trends-czerwiec-2017\/\" \/>\n<meta property=\"og:locale\" content=\"pl_PL\" \/>\n<meta property=\"og:type\" content=\"article\" \/>\n<meta property=\"og:title\" content=\"Twitter Trends czerwiec 2017\" \/>\n<meta property=\"og:description\" content=\"Co dzia\u0142o si\u0119 na Twitterze w czerwcu? Kt\u00f3ry polityk zdetronizowa\u0142 Andrzeja Dud\u0119? Dowiecie si\u0119 tego z najnowszego wydania raport\u00f3w Twitter Trends!\" \/>\n<meta property=\"og:url\" content=\"https:\/\/www.sotrender.com\/blog\/pl\/2017\/07\/twitter-trends-czerwiec-2017\/\" \/>\n<meta property=\"og:site_name\" content=\"Sotrender Blog\" \/>\n<meta property=\"article:publisher\" content=\"https:\/\/www.facebook.com\/Sotrender\" \/>\n<meta property=\"article:published_time\" content=\"2017-07-07T09:39:09+00:00\" \/>\n<meta property=\"article:modified_time\" content=\"2017-07-09T15:27:52+00:00\" \/>\n<meta property=\"og:image\" content=\"https:\/\/www.sotrender.com\/blog\/wp-content\/uploads\/2017\/04\/0wCLcgWZRyR53Z4Oz..jpeg\" \/>\n\t<meta property=\"og:image:width\" content=\"800\" \/>\n\t<meta property=\"og:image:height\" content=\"533\" \/>\n\t<meta property=\"og:image:type\" content=\"image\/jpeg\" \/>\n<meta name=\"author\" content=\"Micha\u0142 Wieczorek\" \/>\n<meta name=\"twitter:card\" content=\"summary_large_image\" \/>\n<meta name=\"twitter:creator\" content=\"@http:\/\/twitter.com\/eveningo\" \/>\n<meta name=\"twitter:site\" content=\"@Sotrender\" \/>\n<meta name=\"twitter:label1\" content=\"Written by\" \/>\n\t<meta name=\"twitter:data1\" content=\"Micha\u0142 Wieczorek\" \/>\n\t<meta name=\"twitter:label2\" content=\"Est. reading time\" \/>\n\t<meta name=\"twitter:data2\" content=\"2 minutes\" \/>\n<script type=\"application\/ld+json\" class=\"yoast-schema-graph\">{\"@context\":\"https:\/\/schema.org\",\"@graph\":[{\"@type\":\"WebPage\",\"@id\":\"https:\/\/www.sotrender.com\/blog\/pl\/2017\/07\/twitter-trends-czerwiec-2017\/\",\"url\":\"https:\/\/www.sotrender.com\/blog\/pl\/2017\/07\/twitter-trends-czerwiec-2017\/\",\"name\":\"Twitter Trends czerwiec 2017\",\"isPartOf\":{\"@id\":\"https:\/\/www.sotrender.com\/blog\/#website\"},\"primaryImageOfPage\":{\"@id\":\"https:\/\/www.sotrender.com\/blog\/pl\/2017\/07\/twitter-trends-czerwiec-2017\/#primaryimage\"},\"image\":{\"@id\":\"https:\/\/www.sotrender.com\/blog\/pl\/2017\/07\/twitter-trends-czerwiec-2017\/#primaryimage\"},\"thumbnailUrl\":\"https:\/\/www.sotrender.com\/blog\/wp-content\/uploads\/2017\/04\/0wCLcgWZRyR53Z4Oz..jpeg\",\"datePublished\":\"2017-07-07T09:39:09+00:00\",\"dateModified\":\"2017-07-09T15:27:52+00:00\",\"author\":{\"@id\":\"https:\/\/www.sotrender.com\/blog\/#\/schema\/person\/48ed6f8ff39863778de8dd32f58467f5\"},\"description\":\"Co dzia\u0142o si\u0119 na Twitterze w czerwcu? Kt\u00f3ry polityk zdetronizowa\u0142 Andrzeja Dud\u0119? Dowiecie si\u0119 tego z najnowszego wydania raport\u00f3w Twitter Trends!\",\"breadcrumb\":{\"@id\":\"https:\/\/www.sotrender.com\/blog\/pl\/2017\/07\/twitter-trends-czerwiec-2017\/#breadcrumb\"},\"inLanguage\":\"pl-PL\",\"potentialAction\":[{\"@type\":\"ReadAction\",\"target\":[\"https:\/\/www.sotrender.com\/blog\/pl\/2017\/07\/twitter-trends-czerwiec-2017\/\"]}]},{\"@type\":\"ImageObject\",\"inLanguage\":\"pl-PL\",\"@id\":\"https:\/\/www.sotrender.com\/blog\/pl\/2017\/07\/twitter-trends-czerwiec-2017\/#primaryimage\",\"url\":\"https:\/\/www.sotrender.com\/blog\/wp-content\/uploads\/2017\/04\/0wCLcgWZRyR53Z4Oz..jpeg\",\"contentUrl\":\"https:\/\/www.sotrender.com\/blog\/wp-content\/uploads\/2017\/04\/0wCLcgWZRyR53Z4Oz..jpeg\",\"width\":800,\"height\":533},{\"@type\":\"BreadcrumbList\",\"@id\":\"https:\/\/www.sotrender.com\/blog\/pl\/2017\/07\/twitter-trends-czerwiec-2017\/#breadcrumb\",\"itemListElement\":[{\"@type\":\"ListItem\",\"position\":1,\"name\":\"Home\",\"item\":\"https:\/\/www.sotrender.com\/blog\/\"},{\"@type\":\"ListItem\",\"position\":2,\"name\":\"Twitter Trends czerwiec 2017\"}]},{\"@type\":\"WebSite\",\"@id\":\"https:\/\/www.sotrender.com\/blog\/#website\",\"url\":\"https:\/\/www.sotrender.com\/blog\/\",\"name\":\"Sotrender Blog\",\"description\":\"\",\"potentialAction\":[{\"@type\":\"SearchAction\",\"target\":{\"@type\":\"EntryPoint\",\"urlTemplate\":\"https:\/\/www.sotrender.com\/blog\/?s={search_term_string}\"},\"query-input\":\"required name=search_term_string\"}],\"inLanguage\":\"pl-PL\"},{\"@type\":\"Person\",\"@id\":\"https:\/\/www.sotrender.com\/blog\/#\/schema\/person\/48ed6f8ff39863778de8dd32f58467f5\",\"name\":\"Micha\u0142 Wieczorek\",\"image\":{\"@type\":\"ImageObject\",\"inLanguage\":\"pl-PL\",\"@id\":\"https:\/\/www.sotrender.com\/blog\/#\/schema\/person\/image\/\",\"url\":\"https:\/\/secure.gravatar.com\/avatar\/65ceb2020aa2338488b9c5f33c10137f?s=96&d=mm&r=g\",\"contentUrl\":\"https:\/\/secure.gravatar.com\/avatar\/65ceb2020aa2338488b9c5f33c10137f?s=96&d=mm&r=g\",\"caption\":\"Micha\u0142 Wieczorek\"},\"description\":\"Baltic linguist, marketer, and music journalist in his free time. A big fan of good food and even better music.\",\"sameAs\":[\"https:\/\/www.linkedin.com\/in\/michaldwieczorek\",\"https:\/\/twitter.com\/http:\/\/twitter.com\/eveningo\"],\"url\":\"https:\/\/www.sotrender.com\/blog\/pl\/author\/micha_wieczorek\/\"}]}<\/script>\n<!-- \/ Yoast SEO plugin. -->","yoast_head_json":{"title":"Twitter Trends czerwiec 2017","description":"Co dzia\u0142o si\u0119 na Twitterze w czerwcu? Kt\u00f3ry polityk zdetronizowa\u0142 Andrzeja Dud\u0119? Dowiecie si\u0119 tego z najnowszego wydania raport\u00f3w Twitter Trends!","robots":{"index":"index","follow":"follow","max-snippet":"max-snippet:-1","max-image-preview":"max-image-preview:large","max-video-preview":"max-video-preview:-1"},"canonical":"https:\/\/www.sotrender.com\/blog\/pl\/2017\/07\/twitter-trends-czerwiec-2017\/","og_locale":"pl_PL","og_type":"article","og_title":"Twitter Trends czerwiec 2017","og_description":"Co dzia\u0142o si\u0119 na Twitterze w czerwcu? Kt\u00f3ry polityk zdetronizowa\u0142 Andrzeja Dud\u0119? Dowiecie si\u0119 tego z najnowszego wydania raport\u00f3w Twitter Trends!","og_url":"https:\/\/www.sotrender.com\/blog\/pl\/2017\/07\/twitter-trends-czerwiec-2017\/","og_site_name":"Sotrender Blog","article_publisher":"https:\/\/www.facebook.com\/Sotrender","article_published_time":"2017-07-07T09:39:09+00:00","article_modified_time":"2017-07-09T15:27:52+00:00","og_image":[{"width":800,"height":533,"url":"https:\/\/www.sotrender.com\/blog\/wp-content\/uploads\/2017\/04\/0wCLcgWZRyR53Z4Oz..jpeg","type":"image\/jpeg"}],"author":"Micha\u0142 Wieczorek","twitter_card":"summary_large_image","twitter_creator":"@http:\/\/twitter.com\/eveningo","twitter_site":"@Sotrender","twitter_misc":{"Written by":"Micha\u0142 Wieczorek","Est. reading time":"2 minutes"},"schema":{"@context":"https:\/\/schema.org","@graph":[{"@type":"WebPage","@id":"https:\/\/www.sotrender.com\/blog\/pl\/2017\/07\/twitter-trends-czerwiec-2017\/","url":"https:\/\/www.sotrender.com\/blog\/pl\/2017\/07\/twitter-trends-czerwiec-2017\/","name":"Twitter Trends czerwiec 2017","isPartOf":{"@id":"https:\/\/www.sotrender.com\/blog\/#website"},"primaryImageOfPage":{"@id":"https:\/\/www.sotrender.com\/blog\/pl\/2017\/07\/twitter-trends-czerwiec-2017\/#primaryimage"},"image":{"@id":"https:\/\/www.sotrender.com\/blog\/pl\/2017\/07\/twitter-trends-czerwiec-2017\/#primaryimage"},"thumbnailUrl":"https:\/\/www.sotrender.com\/blog\/wp-content\/uploads\/2017\/04\/0wCLcgWZRyR53Z4Oz..jpeg","datePublished":"2017-07-07T09:39:09+00:00","dateModified":"2017-07-09T15:27:52+00:00","author":{"@id":"https:\/\/www.sotrender.com\/blog\/#\/schema\/person\/48ed6f8ff39863778de8dd32f58467f5"},"description":"Co dzia\u0142o si\u0119 na Twitterze w czerwcu? Kt\u00f3ry polityk zdetronizowa\u0142 Andrzeja Dud\u0119? Dowiecie si\u0119 tego z najnowszego wydania raport\u00f3w Twitter Trends!","breadcrumb":{"@id":"https:\/\/www.sotrender.com\/blog\/pl\/2017\/07\/twitter-trends-czerwiec-2017\/#breadcrumb"},"inLanguage":"pl-PL","potentialAction":[{"@type":"ReadAction","target":["https:\/\/www.sotrender.com\/blog\/pl\/2017\/07\/twitter-trends-czerwiec-2017\/"]}]},{"@type":"ImageObject","inLanguage":"pl-PL","@id":"https:\/\/www.sotrender.com\/blog\/pl\/2017\/07\/twitter-trends-czerwiec-2017\/#primaryimage","url":"https:\/\/www.sotrender.com\/blog\/wp-content\/uploads\/2017\/04\/0wCLcgWZRyR53Z4Oz..jpeg","contentUrl":"https:\/\/www.sotrender.com\/blog\/wp-content\/uploads\/2017\/04\/0wCLcgWZRyR53Z4Oz..jpeg","width":800,"height":533},{"@type":"BreadcrumbList","@id":"https:\/\/www.sotrender.com\/blog\/pl\/2017\/07\/twitter-trends-czerwiec-2017\/#breadcrumb","itemListElement":[{"@type":"ListItem","position":1,"name":"Home","item":"https:\/\/www.sotrender.com\/blog\/"},{"@type":"ListItem","position":2,"name":"Twitter Trends czerwiec 2017"}]},{"@type":"WebSite","@id":"https:\/\/www.sotrender.com\/blog\/#website","url":"https:\/\/www.sotrender.com\/blog\/","name":"Sotrender Blog","description":"","potentialAction":[{"@type":"SearchAction","target":{"@type":"EntryPoint","urlTemplate":"https:\/\/www.sotrender.com\/blog\/?s={search_term_string}"},"query-input":"required name=search_term_string"}],"inLanguage":"pl-PL"},{"@type":"Person","@id":"https:\/\/www.sotrender.com\/blog\/#\/schema\/person\/48ed6f8ff39863778de8dd32f58467f5","name":"Micha\u0142 Wieczorek","image":{"@type":"ImageObject","inLanguage":"pl-PL","@id":"https:\/\/www.sotrender.com\/blog\/#\/schema\/person\/image\/","url":"https:\/\/secure.gravatar.com\/avatar\/65ceb2020aa2338488b9c5f33c10137f?s=96&d=mm&r=g","contentUrl":"https:\/\/secure.gravatar.com\/avatar\/65ceb2020aa2338488b9c5f33c10137f?s=96&d=mm&r=g","caption":"Micha\u0142 Wieczorek"},"description":"Baltic linguist, marketer, and music journalist in his free time. A big fan of good food and even better music.","sameAs":["https:\/\/www.linkedin.com\/in\/michaldwieczorek","https:\/\/twitter.com\/http:\/\/twitter.com\/eveningo"],"url":"https:\/\/www.sotrender.com\/blog\/pl\/author\/micha_wieczorek\/"}]}},"_links":{"self":[{"href":"https:\/\/www.sotrender.com\/blog\/pl\/wp-json\/wp\/v2\/posts\/28593"}],"collection":[{"href":"https:\/\/www.sotrender.com\/blog\/pl\/wp-json\/wp\/v2\/posts"}],"about":[{"href":"https:\/\/www.sotrender.com\/blog\/pl\/wp-json\/wp\/v2\/types\/post"}],"author":[{"embeddable":true,"href":"https:\/\/www.sotrender.com\/blog\/pl\/wp-json\/wp\/v2\/users\/49"}],"replies":[{"embeddable":true,"href":"https:\/\/www.sotrender.com\/blog\/pl\/wp-json\/wp\/v2\/comments?post=28593"}],"version-history":[{"count":14,"href":"https:\/\/www.sotrender.com\/blog\/pl\/wp-json\/wp\/v2\/posts\/28593\/revisions"}],"predecessor-version":[{"id":28669,"href":"https:\/\/www.sotrender.com\/blog\/pl\/wp-json\/wp\/v2\/posts\/28593\/revisions\/28669"}],"wp:featuredmedia":[{"embeddable":true,"href":"https:\/\/www.sotrender.com\/blog\/pl\/wp-json\/wp\/v2\/media\/26849"}],"wp:attachment":[{"href":"https:\/\/www.sotrender.com\/blog\/pl\/wp-json\/wp\/v2\/media?parent=28593"}],"wp:term":[{"taxonomy":"category","embeddable":true,"href":"https:\/\/www.sotrender.com\/blog\/pl\/wp-json\/wp\/v2\/categories?post=28593"},{"taxonomy":"post_tag","embeddable":true,"href":"https:\/\/www.sotrender.com\/blog\/pl\/wp-json\/wp\/v2\/tags?post=28593"}],"curies":[{"name":"wp","href":"https:\/\/api.w.org\/{rel}","templated":true}]}}