{"id":27345,"date":"2017-05-11T13:28:00","date_gmt":"2017-05-11T11:28:00","guid":{"rendered":"https:\/\/www.sotrender.com\/blog\/?p=27345\/"},"modified":"2017-05-15T14:38:58","modified_gmt":"2017-05-15T12:38:58","slug":"social-media-convent-2017-na-twitterze-infografika","status":"publish","type":"post","link":"https:\/\/www.sotrender.com\/blog\/pl\/2017\/05\/social-media-convent-2017-na-twitterze-infografika\/","title":{"rendered":"Social Media Convent 2017 na Twitterze [INFOGRAFIKA]"},"content":{"rendered":"<p>W tym roku <a href=\"https:\/\/socialmediaconvent.pl\">Social Media Convent<\/a>, jedna z najwi\u0119kszych i najlepszych konferencji po\u015bwi\u0119conych social media w Polsce, odby\u0142a si\u0119 po raz pi\u0105ty. <a href=\"http:\/\/sotrender.com\/pl\">Sotrender<\/a> jak zawsze by\u0142 obecny w Gda\u0144sku &#8211; dowiedzieli\u015bmy si\u0119 ciekawych rzeczy, a Hubert Tworkowski opowiedzia\u0142 o tym, jak budowa\u0107 dobre relacje z klientami. Postanowili\u015bmy sprawdzi\u0107, jak wygl\u0105da\u0142a tegoroczna\u00a0edycja na Twitterze: kt\u00f3re prezentacje by\u0142y najszerzej komentowane, kto wys\u0142a\u0142 najlepsze tweety i ile razy w ci\u0105gu dw\u00f3ch dni trwania konferencji \u0107wierkano, u\u017cywaj\u0105c oficjalnego hashtaga konferencji #SMConvent. Wszystkie dane zwizualizowa\u0142 dla Was <a href=\"http:\/\/panwizualny.pl\">Pan Wizualny<\/a>.<!--more--><\/p>\n<h2 style=\"text-align: center;\">Zapoznajcie si\u0119 z infografik\u0105!<\/h2>\n<p><img loading=\"lazy\" decoding=\"async\" class=\"aligncenter size-full wp-image-27355\" src=\"https:\/\/www.sotrender.com\/blog\/wp-content\/uploads\/2017\/05\/social-media-convent-2017-infografika.png\" alt=\"\" width=\"900\" height=\"5000\" srcset=\"https:\/\/www.sotrender.com\/blog\/wp-content\/uploads\/2017\/05\/social-media-convent-2017-infografika.png 900w, https:\/\/www.sotrender.com\/blog\/wp-content\/uploads\/2017\/05\/social-media-convent-2017-infografika-475x2639.png 475w, https:\/\/www.sotrender.com\/blog\/wp-content\/uploads\/2017\/05\/social-media-convent-2017-infografika-768x4267.png 768w\" sizes=\"(max-width: 900px) 100vw, 900px\" \/><\/p>\n","protected":false},"excerpt":{"rendered":"<p>W tym roku Social Media Convent, jedna z najwi\u0119kszych i najlepszych konferencji po\u015bwi\u0119conych social media w Polsce, odby\u0142a si\u0119 po raz pi\u0105ty. Sotrender jak zawsze by\u0142 obecny w Gda\u0144sku &#8211; dowiedzieli\u015bmy si\u0119 ciekawych rzeczy, a Hubert Tworkowski opowiedzia\u0142 o tym, jak budowa\u0107 dobre relacje z klientami. Postanowili\u015bmy sprawdzi\u0107, jak wygl\u0105da\u0142a tegoroczna\u00a0edycja na Twitterze: kt\u00f3re prezentacje [&hellip;]<\/p>\n","protected":false},"author":49,"featured_media":27351,"comment_status":"open","ping_status":"open","sticky":false,"template":"","format":"standard","meta":{"inline_featured_image":false,"footnotes":""},"categories":[1793,1799,2275],"tags":[515,519,683,2327],"yoast_head":"<!-- This site is optimized with the Yoast SEO plugin v22.4 - https:\/\/yoast.com\/wordpress\/plugins\/seo\/ -->\n<title>Social Media Convent 2017 na Twitterze [INFOGRAFIKA]<\/title>\n<meta name=\"description\" content=\"Sprawdzili\u015bmy, jak wygl\u0105da\u0142a tegoroczna edycja jednej z najwi\u0119kszych konferencji social media w Polsce na Twitterze\" \/>\n<meta name=\"robots\" content=\"index, follow, max-snippet:-1, max-image-preview:large, max-video-preview:-1\" \/>\n<link rel=\"canonical\" href=\"https:\/\/www.sotrender.com\/blog\/pl\/2017\/05\/social-media-convent-2017-na-twitterze-infografika\/\" \/>\n<meta property=\"og:locale\" content=\"pl_PL\" \/>\n<meta property=\"og:type\" content=\"article\" \/>\n<meta property=\"og:title\" content=\"Social Media Convent 2017 na Twitterze [INFOGRAFIKA]\" \/>\n<meta property=\"og:description\" content=\"Sprawdzili\u015bmy, jak wygl\u0105da\u0142a tegoroczna edycja jednej z najwi\u0119kszych konferencji social media w Polsce na Twitterze\" \/>\n<meta property=\"og:url\" content=\"https:\/\/www.sotrender.com\/blog\/pl\/2017\/05\/social-media-convent-2017-na-twitterze-infografika\/\" \/>\n<meta property=\"og:site_name\" content=\"Sotrender Blog\" \/>\n<meta property=\"article:publisher\" content=\"https:\/\/www.facebook.com\/Sotrender\" \/>\n<meta property=\"article:published_time\" content=\"2017-05-11T11:28:00+00:00\" \/>\n<meta property=\"article:modified_time\" content=\"2017-05-15T12:38:58+00:00\" \/>\n<meta property=\"og:image\" content=\"https:\/\/www.sotrender.com\/blog\/wp-content\/uploads\/2017\/05\/miniaturkasmc.png\" \/>\n\t<meta property=\"og:image:width\" content=\"1200\" \/>\n\t<meta property=\"og:image:height\" content=\"600\" \/>\n\t<meta property=\"og:image:type\" content=\"image\/png\" \/>\n<meta name=\"author\" content=\"Micha\u0142 Wieczorek\" \/>\n<meta name=\"twitter:card\" content=\"summary_large_image\" \/>\n<meta name=\"twitter:creator\" content=\"@http:\/\/twitter.com\/eveningo\" \/>\n<meta name=\"twitter:site\" content=\"@Sotrender\" \/>\n<meta name=\"twitter:label1\" content=\"Written by\" \/>\n\t<meta name=\"twitter:data1\" content=\"Micha\u0142 Wieczorek\" \/>\n\t<meta name=\"twitter:label2\" content=\"Est. reading time\" \/>\n\t<meta name=\"twitter:data2\" content=\"1 minute\" \/>\n<script type=\"application\/ld+json\" class=\"yoast-schema-graph\">{\"@context\":\"https:\/\/schema.org\",\"@graph\":[{\"@type\":\"WebPage\",\"@id\":\"https:\/\/www.sotrender.com\/blog\/pl\/2017\/05\/social-media-convent-2017-na-twitterze-infografika\/\",\"url\":\"https:\/\/www.sotrender.com\/blog\/pl\/2017\/05\/social-media-convent-2017-na-twitterze-infografika\/\",\"name\":\"Social Media Convent 2017 na Twitterze [INFOGRAFIKA]\",\"isPartOf\":{\"@id\":\"https:\/\/www.sotrender.com\/blog\/#website\"},\"primaryImageOfPage\":{\"@id\":\"https:\/\/www.sotrender.com\/blog\/pl\/2017\/05\/social-media-convent-2017-na-twitterze-infografika\/#primaryimage\"},\"image\":{\"@id\":\"https:\/\/www.sotrender.com\/blog\/pl\/2017\/05\/social-media-convent-2017-na-twitterze-infografika\/#primaryimage\"},\"thumbnailUrl\":\"https:\/\/www.sotrender.com\/blog\/wp-content\/uploads\/2017\/05\/miniaturkasmc.png\",\"datePublished\":\"2017-05-11T11:28:00+00:00\",\"dateModified\":\"2017-05-15T12:38:58+00:00\",\"author\":{\"@id\":\"https:\/\/www.sotrender.com\/blog\/#\/schema\/person\/48ed6f8ff39863778de8dd32f58467f5\"},\"description\":\"Sprawdzili\u015bmy, jak wygl\u0105da\u0142a tegoroczna edycja jednej z najwi\u0119kszych konferencji social media w Polsce na Twitterze\",\"breadcrumb\":{\"@id\":\"https:\/\/www.sotrender.com\/blog\/pl\/2017\/05\/social-media-convent-2017-na-twitterze-infografika\/#breadcrumb\"},\"inLanguage\":\"pl-PL\",\"potentialAction\":[{\"@type\":\"ReadAction\",\"target\":[\"https:\/\/www.sotrender.com\/blog\/pl\/2017\/05\/social-media-convent-2017-na-twitterze-infografika\/\"]}]},{\"@type\":\"ImageObject\",\"inLanguage\":\"pl-PL\",\"@id\":\"https:\/\/www.sotrender.com\/blog\/pl\/2017\/05\/social-media-convent-2017-na-twitterze-infografika\/#primaryimage\",\"url\":\"https:\/\/www.sotrender.com\/blog\/wp-content\/uploads\/2017\/05\/miniaturkasmc.png\",\"contentUrl\":\"https:\/\/www.sotrender.com\/blog\/wp-content\/uploads\/2017\/05\/miniaturkasmc.png\",\"width\":1200,\"height\":600},{\"@type\":\"BreadcrumbList\",\"@id\":\"https:\/\/www.sotrender.com\/blog\/pl\/2017\/05\/social-media-convent-2017-na-twitterze-infografika\/#breadcrumb\",\"itemListElement\":[{\"@type\":\"ListItem\",\"position\":1,\"name\":\"Home\",\"item\":\"https:\/\/www.sotrender.com\/blog\/\"},{\"@type\":\"ListItem\",\"position\":2,\"name\":\"Social Media Convent 2017 na Twitterze [INFOGRAFIKA]\"}]},{\"@type\":\"WebSite\",\"@id\":\"https:\/\/www.sotrender.com\/blog\/#website\",\"url\":\"https:\/\/www.sotrender.com\/blog\/\",\"name\":\"Sotrender Blog\",\"description\":\"\",\"potentialAction\":[{\"@type\":\"SearchAction\",\"target\":{\"@type\":\"EntryPoint\",\"urlTemplate\":\"https:\/\/www.sotrender.com\/blog\/?s={search_term_string}\"},\"query-input\":\"required name=search_term_string\"}],\"inLanguage\":\"pl-PL\"},{\"@type\":\"Person\",\"@id\":\"https:\/\/www.sotrender.com\/blog\/#\/schema\/person\/48ed6f8ff39863778de8dd32f58467f5\",\"name\":\"Micha\u0142 Wieczorek\",\"image\":{\"@type\":\"ImageObject\",\"inLanguage\":\"pl-PL\",\"@id\":\"https:\/\/www.sotrender.com\/blog\/#\/schema\/person\/image\/\",\"url\":\"https:\/\/secure.gravatar.com\/avatar\/65ceb2020aa2338488b9c5f33c10137f?s=96&d=mm&r=g\",\"contentUrl\":\"https:\/\/secure.gravatar.com\/avatar\/65ceb2020aa2338488b9c5f33c10137f?s=96&d=mm&r=g\",\"caption\":\"Micha\u0142 Wieczorek\"},\"description\":\"Baltic linguist, marketer, and music journalist in his free time. A big fan of good food and even better music.\",\"sameAs\":[\"https:\/\/www.linkedin.com\/in\/michaldwieczorek\",\"https:\/\/twitter.com\/http:\/\/twitter.com\/eveningo\"],\"url\":\"https:\/\/www.sotrender.com\/blog\/pl\/author\/micha_wieczorek\/\"}]}<\/script>\n<!-- \/ Yoast SEO plugin. -->","yoast_head_json":{"title":"Social Media Convent 2017 na Twitterze [INFOGRAFIKA]","description":"Sprawdzili\u015bmy, jak wygl\u0105da\u0142a tegoroczna edycja jednej z najwi\u0119kszych konferencji social media w Polsce na Twitterze","robots":{"index":"index","follow":"follow","max-snippet":"max-snippet:-1","max-image-preview":"max-image-preview:large","max-video-preview":"max-video-preview:-1"},"canonical":"https:\/\/www.sotrender.com\/blog\/pl\/2017\/05\/social-media-convent-2017-na-twitterze-infografika\/","og_locale":"pl_PL","og_type":"article","og_title":"Social Media Convent 2017 na Twitterze [INFOGRAFIKA]","og_description":"Sprawdzili\u015bmy, jak wygl\u0105da\u0142a tegoroczna edycja jednej z najwi\u0119kszych konferencji social media w Polsce na Twitterze","og_url":"https:\/\/www.sotrender.com\/blog\/pl\/2017\/05\/social-media-convent-2017-na-twitterze-infografika\/","og_site_name":"Sotrender Blog","article_publisher":"https:\/\/www.facebook.com\/Sotrender","article_published_time":"2017-05-11T11:28:00+00:00","article_modified_time":"2017-05-15T12:38:58+00:00","og_image":[{"width":1200,"height":600,"url":"https:\/\/www.sotrender.com\/blog\/wp-content\/uploads\/2017\/05\/miniaturkasmc.png","type":"image\/png"}],"author":"Micha\u0142 Wieczorek","twitter_card":"summary_large_image","twitter_creator":"@http:\/\/twitter.com\/eveningo","twitter_site":"@Sotrender","twitter_misc":{"Written by":"Micha\u0142 Wieczorek","Est. reading time":"1 minute"},"schema":{"@context":"https:\/\/schema.org","@graph":[{"@type":"WebPage","@id":"https:\/\/www.sotrender.com\/blog\/pl\/2017\/05\/social-media-convent-2017-na-twitterze-infografika\/","url":"https:\/\/www.sotrender.com\/blog\/pl\/2017\/05\/social-media-convent-2017-na-twitterze-infografika\/","name":"Social Media Convent 2017 na Twitterze [INFOGRAFIKA]","isPartOf":{"@id":"https:\/\/www.sotrender.com\/blog\/#website"},"primaryImageOfPage":{"@id":"https:\/\/www.sotrender.com\/blog\/pl\/2017\/05\/social-media-convent-2017-na-twitterze-infografika\/#primaryimage"},"image":{"@id":"https:\/\/www.sotrender.com\/blog\/pl\/2017\/05\/social-media-convent-2017-na-twitterze-infografika\/#primaryimage"},"thumbnailUrl":"https:\/\/www.sotrender.com\/blog\/wp-content\/uploads\/2017\/05\/miniaturkasmc.png","datePublished":"2017-05-11T11:28:00+00:00","dateModified":"2017-05-15T12:38:58+00:00","author":{"@id":"https:\/\/www.sotrender.com\/blog\/#\/schema\/person\/48ed6f8ff39863778de8dd32f58467f5"},"description":"Sprawdzili\u015bmy, jak wygl\u0105da\u0142a tegoroczna edycja jednej z najwi\u0119kszych konferencji social media w Polsce na Twitterze","breadcrumb":{"@id":"https:\/\/www.sotrender.com\/blog\/pl\/2017\/05\/social-media-convent-2017-na-twitterze-infografika\/#breadcrumb"},"inLanguage":"pl-PL","potentialAction":[{"@type":"ReadAction","target":["https:\/\/www.sotrender.com\/blog\/pl\/2017\/05\/social-media-convent-2017-na-twitterze-infografika\/"]}]},{"@type":"ImageObject","inLanguage":"pl-PL","@id":"https:\/\/www.sotrender.com\/blog\/pl\/2017\/05\/social-media-convent-2017-na-twitterze-infografika\/#primaryimage","url":"https:\/\/www.sotrender.com\/blog\/wp-content\/uploads\/2017\/05\/miniaturkasmc.png","contentUrl":"https:\/\/www.sotrender.com\/blog\/wp-content\/uploads\/2017\/05\/miniaturkasmc.png","width":1200,"height":600},{"@type":"BreadcrumbList","@id":"https:\/\/www.sotrender.com\/blog\/pl\/2017\/05\/social-media-convent-2017-na-twitterze-infografika\/#breadcrumb","itemListElement":[{"@type":"ListItem","position":1,"name":"Home","item":"https:\/\/www.sotrender.com\/blog\/"},{"@type":"ListItem","position":2,"name":"Social Media Convent 2017 na Twitterze [INFOGRAFIKA]"}]},{"@type":"WebSite","@id":"https:\/\/www.sotrender.com\/blog\/#website","url":"https:\/\/www.sotrender.com\/blog\/","name":"Sotrender Blog","description":"","potentialAction":[{"@type":"SearchAction","target":{"@type":"EntryPoint","urlTemplate":"https:\/\/www.sotrender.com\/blog\/?s={search_term_string}"},"query-input":"required name=search_term_string"}],"inLanguage":"pl-PL"},{"@type":"Person","@id":"https:\/\/www.sotrender.com\/blog\/#\/schema\/person\/48ed6f8ff39863778de8dd32f58467f5","name":"Micha\u0142 Wieczorek","image":{"@type":"ImageObject","inLanguage":"pl-PL","@id":"https:\/\/www.sotrender.com\/blog\/#\/schema\/person\/image\/","url":"https:\/\/secure.gravatar.com\/avatar\/65ceb2020aa2338488b9c5f33c10137f?s=96&d=mm&r=g","contentUrl":"https:\/\/secure.gravatar.com\/avatar\/65ceb2020aa2338488b9c5f33c10137f?s=96&d=mm&r=g","caption":"Micha\u0142 Wieczorek"},"description":"Baltic linguist, marketer, and music journalist in his free time. A big fan of good food and even better music.","sameAs":["https:\/\/www.linkedin.com\/in\/michaldwieczorek","https:\/\/twitter.com\/http:\/\/twitter.com\/eveningo"],"url":"https:\/\/www.sotrender.com\/blog\/pl\/author\/micha_wieczorek\/"}]}},"_links":{"self":[{"href":"https:\/\/www.sotrender.com\/blog\/pl\/wp-json\/wp\/v2\/posts\/27345"}],"collection":[{"href":"https:\/\/www.sotrender.com\/blog\/pl\/wp-json\/wp\/v2\/posts"}],"about":[{"href":"https:\/\/www.sotrender.com\/blog\/pl\/wp-json\/wp\/v2\/types\/post"}],"author":[{"embeddable":true,"href":"https:\/\/www.sotrender.com\/blog\/pl\/wp-json\/wp\/v2\/users\/49"}],"replies":[{"embeddable":true,"href":"https:\/\/www.sotrender.com\/blog\/pl\/wp-json\/wp\/v2\/comments?post=27345"}],"version-history":[{"count":25,"href":"https:\/\/www.sotrender.com\/blog\/pl\/wp-json\/wp\/v2\/posts\/27345\/revisions"}],"predecessor-version":[{"id":27413,"href":"https:\/\/www.sotrender.com\/blog\/pl\/wp-json\/wp\/v2\/posts\/27345\/revisions\/27413"}],"wp:featuredmedia":[{"embeddable":true,"href":"https:\/\/www.sotrender.com\/blog\/pl\/wp-json\/wp\/v2\/media\/27351"}],"wp:attachment":[{"href":"https:\/\/www.sotrender.com\/blog\/pl\/wp-json\/wp\/v2\/media?parent=27345"}],"wp:term":[{"taxonomy":"category","embeddable":true,"href":"https:\/\/www.sotrender.com\/blog\/pl\/wp-json\/wp\/v2\/categories?post=27345"},{"taxonomy":"post_tag","embeddable":true,"href":"https:\/\/www.sotrender.com\/blog\/pl\/wp-json\/wp\/v2\/tags?post=27345"}],"curies":[{"name":"wp","href":"https:\/\/api.w.org\/{rel}","templated":true}]}}